{"id":50637,"date":"2024-04-16T09:45:22","date_gmt":"2024-04-16T12:45:22","guid":{"rendered":"https:\/\/jornalfatosenoticias.com.br\/?p=50637"},"modified":"2024-04-16T09:45:23","modified_gmt":"2024-04-16T12:45:23","slug":"vespa-brasileira-ganha-nome-em-homenagem-a-jackie-chan","status":"publish","type":"post","link":"https:\/\/jornalfatosenoticias.com.br\/index.php\/2024\/04\/16\/vespa-brasileira-ganha-nome-em-homenagem-a-jackie-chan\/","title":{"rendered":"Vespa brasileira ganha nome em homenagem a Jackie Chan"},"content":{"rendered":"\n<p><em><span class=\"has-inline-color has-black-color\">O inseto foi descoberto em 2020 por cientistas brasileiros, que nomearam a vespa Jackie Chan em homenagem ao ator, de quem s\u00e3o f\u00e3s<\/span><\/em><\/p>\n\n\n\n<p><span class=\"has-inline-color has-black-color\">Por <strong><a href=\"https:\/\/gizmodo.uol.com.br\/author\/barbara-giovani\/\">B\u00e1rbara Giovani<\/a><\/strong><\/span><\/p>\n\n\n\n<div class=\"wp-block-image\"><figure class=\"aligncenter size-large\"><img loading=\"lazy\" decoding=\"async\" width=\"1024\" height=\"111\" src=\"https:\/\/jornalfatosenoticias.com.br\/wp-content\/uploads\/2020\/02\/WhatsApp-Image-2022-09-23-at-12.09.18-1024x111.jpeg\" alt=\"\" class=\"wp-image-34527\" srcset=\"https:\/\/jornalfatosenoticias.com.br\/wp-content\/uploads\/2020\/02\/WhatsApp-Image-2022-09-23-at-12.09.18-1024x111.jpeg 1024w, https:\/\/jornalfatosenoticias.com.br\/wp-content\/uploads\/2020\/02\/WhatsApp-Image-2022-09-23-at-12.09.18-300x32.jpeg 300w, https:\/\/jornalfatosenoticias.com.br\/wp-content\/uploads\/2020\/02\/WhatsApp-Image-2022-09-23-at-12.09.18-768x83.jpeg 768w, https:\/\/jornalfatosenoticias.com.br\/wp-content\/uploads\/2020\/02\/WhatsApp-Image-2022-09-23-at-12.09.18.jpeg 1121w\" sizes=\"auto, (max-width: 1024px) 100vw, 1024px\" \/><\/figure><\/div>\n\n\n\n<p>N\u00e3o \u00e9 incomum que cientistas homenageiem celebridades ao batizar novas esp\u00e9cies de animais e plantas. H\u00e1, por exemplo, a cobra <a href=\"https:\/\/gizmodo.uol.com.br\/nova-cobra-batizada-com-nome-de-harrison-ford-veja-o-que-ele-achou\/\">Harrison Ford<\/a>, a\u00a0<a href=\"https:\/\/gizmodo.uol.com.br\/aranha-messi-saiba-mais-da-especie-argentina-que-homenageia-o-craque\/\">aranha Messi<\/a> e, agora, tamb\u00e9m h\u00e1 a vespa Jackie Chan \u2014 e pode aparecer no territ\u00f3rio brasileiro.<br>O inseto foi descrito em artigo cient\u00edfico publicado na revista <a href=\"https:\/\/www.mapress.com\/zt\/article\/view\/zootaxa.4719.1.1\"><em>Zootaxa<\/em><\/a>. No total, o estudo apresentou 15 novas esp\u00e9cies de vespas, resultado de uma pesquisa com cientistas brasileiros do Instituto Nacional de Pesquisas da Amaz\u00f4nia (<a href=\"https:\/\/www.gov.br\/inpa\/pt-br\">Inpa<\/a>) e da Universidade Federal do Rio de Janeiro (UFRJ). Tamb\u00e9m participou um pesquisador da Finl\u00e2ndia.<\/p>\n\n\n\n<div class=\"wp-block-image\"><figure class=\"aligncenter size-large\"><img decoding=\"async\" src=\"https:\/\/jornalfatosenoticias.com.br\/wp-content\/uploads\/2020\/02\/logo_esteio.jpg\" alt=\"\" class=\"wp-image-1214\"\/><\/figure><\/div>\n\n\n\n<p>Al\u00e9m da vespa Jackie Chan, o famoso artista marcial e ator de Hong Kong tamb\u00e9m inspirou a nomenclatura de outra esp\u00e9cie: o lagarto <em>Cnemaspis jackieii<\/em>. De acordo com o estudo, a estrela de Hollywood tamb\u00e9m foi inspira\u00e7\u00e3o pro nome da vespa porque o l\u00edder da pesquisa \u00e9 um grande f\u00e3 do ator.<\/p>\n\n\n\n<div class=\"wp-block-image\"><figure class=\"aligncenter size-large\"><img decoding=\"async\" src=\"https:\/\/jornalfatosenoticias.com.br\/wp-content\/uploads\/2020\/02\/barao-das-carnes-300x164-1.jpg\" alt=\"\" class=\"wp-image-34339\"\/><\/figure><\/div>\n\n\n\n<p>Uma das 26 esp\u00e9cies j\u00e1 descritas que pertencem ao g\u00eanero <em>Acrotaphus<\/em>, a\u00a0<a href=\"https:\/\/gizmodo.uol.com.br\/vespas-gigantes-asiaticas-primeira-vez-eua\/\">vespa<\/a>\u00a0Jackie Chan \u00e9 uma parasita de aranhas das fam\u00edlias\u00a0<em>Araneidae<\/em>\u00a0e\u00a0<em>Tetragnathidae<\/em>. Em geral, ela pode ser encontrada na regi\u00e3o amaz\u00f4nica, na Am\u00e9rica do Sul. Especialmente em partes de floresta do Brasil, Equador, Guiana Francesa, Nicar\u00e1gua e Peru.<\/p>\n\n\n\n<div class=\"wp-block-image\"><figure class=\"aligncenter size-large is-resized\"><img loading=\"lazy\" decoding=\"async\" src=\"https:\/\/jornalfatosenoticias.com.br\/wp-content\/uploads\/2024\/01\/consultoria-ambiental.jpg\" alt=\"\" class=\"wp-image-48314\" width=\"285\" height=\"258\" srcset=\"https:\/\/jornalfatosenoticias.com.br\/wp-content\/uploads\/2024\/01\/consultoria-ambiental.jpg 832w, https:\/\/jornalfatosenoticias.com.br\/wp-content\/uploads\/2024\/01\/consultoria-ambiental-300x272.jpg 300w, https:\/\/jornalfatosenoticias.com.br\/wp-content\/uploads\/2024\/01\/consultoria-ambiental-768x696.jpg 768w\" sizes=\"auto, (max-width: 285px) 100vw, 285px\" \/><\/figure><\/div>\n\n\n\n<p>As principais caracter\u00edsticas da <a href=\"https:\/\/gizmodo.uol.com.br\/vespas-em-slow-motion\/\">vespa<\/a> s\u00e3o sua cabe\u00e7a preta, o aparelho bucal de cor laranja e as asas amareladas. Em geral, os representantes machos do inseto medem entre 0,8 e nove mil\u00edmetros, enquanto as f\u00eameas t\u00eam aproximadamente de 13 a 16 mil\u00edmetros.<\/p>\n\n\n\n<div class=\"wp-block-image\"><figure class=\"aligncenter size-large\"><img loading=\"lazy\" decoding=\"async\" width=\"300\" height=\"250\" src=\"https:\/\/jornalfatosenoticias.com.br\/wp-content\/uploads\/2020\/02\/Banner-2.png\" alt=\"\" class=\"wp-image-43787\"\/><\/figure><\/div>\n\n\n\n<p>Em geral, as f\u00eameas possuem cerdas na cabe\u00e7a, enquanto os machos apresentam essas forma\u00e7\u00f5es no aparelho genital. Contudo, tanto machos quanto f\u00eameas t\u00eam ocelos nas laterais dos olhos. Essas estruturas s\u00e3o conhecidas como \u201colhos primitivos\u201d, pois possuem c\u00e9lulas sens\u00edveis \u00e0 luz, que se conectam ao nervo \u00f3ptico do animal.<\/p>\n\n\n\n<div class=\"wp-block-image\"><figure class=\"aligncenter size-large is-resized\"><img loading=\"lazy\" decoding=\"async\" src=\"https:\/\/jornalfatosenoticias.com.br\/wp-content\/uploads\/2023\/12\/pegoretti-logo-pdf-1024x389.jpg\" alt=\"\" class=\"wp-image-47536\" width=\"501\" height=\"190\" srcset=\"https:\/\/jornalfatosenoticias.com.br\/wp-content\/uploads\/2023\/12\/pegoretti-logo-pdf-1024x389.jpg 1024w, https:\/\/jornalfatosenoticias.com.br\/wp-content\/uploads\/2023\/12\/pegoretti-logo-pdf-300x114.jpg 300w, https:\/\/jornalfatosenoticias.com.br\/wp-content\/uploads\/2023\/12\/pegoretti-logo-pdf-768x291.jpg 768w, https:\/\/jornalfatosenoticias.com.br\/wp-content\/uploads\/2023\/12\/pegoretti-logo-pdf.jpg 1120w\" sizes=\"auto, (max-width: 501px) 100vw, 501px\" \/><\/figure><\/div>\n\n\n\n<h3 class=\"wp-block-heading\"><span class=\"has-inline-color has-black-color\">Veja algumas imagens da vespa Jackie Chan abaixo<\/span><\/h3>\n\n\n\n<div class=\"wp-block-image\"><figure class=\"aligncenter size-large\"><img loading=\"lazy\" decoding=\"async\" width=\"688\" height=\"745\" src=\"https:\/\/jornalfatosenoticias.com.br\/wp-content\/uploads\/2024\/04\/especie-vespa-jackie-chan.png\" alt=\"\" class=\"wp-image-50638\" srcset=\"https:\/\/jornalfatosenoticias.com.br\/wp-content\/uploads\/2024\/04\/especie-vespa-jackie-chan.png 688w, https:\/\/jornalfatosenoticias.com.br\/wp-content\/uploads\/2024\/04\/especie-vespa-jackie-chan-277x300.png 277w\" sizes=\"auto, (max-width: 688px) 100vw, 688px\" \/><figcaption><em><span class=\"has-inline-color has-black-color\">(Imagem: P\u00e1dua &amp; S\u00e4\u00e4ksj\u00e4rvi\/Reprodu\u00e7\u00e3o)<\/span><\/em><\/figcaption><\/figure><\/div>\n\n\n\n<p><em><span class=\"has-inline-color has-black-color\">(<strong>Fotos de capa:<\/strong> P\u00e1dua &amp; S\u00e4\u00e4ksj\u00e4rvi\/Reprodu\u00e7\u00e3o\/Wikimedia Commons\/Reprodu\u00e7\u00e3o)<\/span><\/em><\/p>\n\n\n\n<p><strong><em>Fonte: <a href=\"https:\/\/gizmodo.uol.com.br\/vespa-brasileira-ganha-nome-em-homenagem-a-jackie-chan\/\">Giz Brasil<\/a><\/em><\/strong><\/p>\n","protected":false},"excerpt":{"rendered":"<p>O inseto foi descoberto em 2020 por cientistas brasileiros, que nomearam a vespa Jackie Chan em homenagem ao ator, de quem s\u00e3o f\u00e3s Por B\u00e1rbara Giovani N\u00e3o \u00e9 incomum que cientistas homenageiem celebridades ao batizar novas esp\u00e9cies de animais e plantas. H\u00e1, por exemplo, a cobra Harrison Ford, a\u00a0aranha Messi e, agora, tamb\u00e9m h\u00e1 a [&hellip;]<\/p>\n","protected":false},"author":2,"featured_media":50639,"comment_status":"open","ping_status":"open","sticky":false,"template":"","format":"standard","meta":{"footnotes":""},"categories":[8],"tags":[524,60,23289,5167],"class_list":["post-50637","post","type-post","status-publish","format-standard","has-post-thumbnail","hentry","category-meio-ambiente","tag-especies","tag-insetos","tag-jackie-chan","tag-vespas"],"yoast_head":"<!-- This site is optimized with the Yoast SEO plugin v26.5 - https:\/\/yoast.com\/wordpress\/plugins\/seo\/ -->\n<title>Vespa brasileira ganha nome em homenagem a Jackie Chan - Jornal Fatos e Not\u00edcias<\/title>\n<meta name=\"robots\" content=\"index, follow, max-snippet:-1, max-image-preview:large, max-video-preview:-1\" \/>\n<link rel=\"canonical\" href=\"https:\/\/jornalfatosenoticias.com.br\/index.php\/2024\/04\/16\/vespa-brasileira-ganha-nome-em-homenagem-a-jackie-chan\/\" \/>\n<meta property=\"og:locale\" content=\"pt_BR\" \/>\n<meta property=\"og:type\" content=\"article\" \/>\n<meta property=\"og:title\" content=\"Vespa brasileira ganha nome em homenagem a Jackie Chan - Jornal Fatos e Not\u00edcias\" \/>\n<meta property=\"og:description\" content=\"O inseto foi descoberto em 2020 por cientistas brasileiros, que nomearam a vespa Jackie Chan em homenagem ao ator, de quem s\u00e3o f\u00e3s Por B\u00e1rbara Giovani N\u00e3o \u00e9 incomum que cientistas homenageiem celebridades ao batizar novas esp\u00e9cies de animais e plantas. H\u00e1, por exemplo, a cobra Harrison Ford, a\u00a0aranha Messi e, agora, tamb\u00e9m h\u00e1 a [&hellip;]\" \/>\n<meta property=\"og:url\" content=\"https:\/\/jornalfatosenoticias.com.br\/index.php\/2024\/04\/16\/vespa-brasileira-ganha-nome-em-homenagem-a-jackie-chan\/\" \/>\n<meta property=\"og:site_name\" content=\"Jornal Fatos e Not\u00edcias\" \/>\n<meta property=\"article:published_time\" content=\"2024-04-16T12:45:22+00:00\" \/>\n<meta property=\"article:modified_time\" content=\"2024-04-16T12:45:23+00:00\" \/>\n<meta property=\"og:image\" content=\"https:\/\/jornalfatosenoticias.com.br\/wp-content\/uploads\/2024\/04\/vespa-jackie-chan_CAPA.jpg\" \/>\n\t<meta property=\"og:image:width\" content=\"1000\" \/>\n\t<meta property=\"og:image:height\" content=\"393\" \/>\n\t<meta property=\"og:image:type\" content=\"image\/jpeg\" \/>\n<meta name=\"author\" content=\"Luzimara Fernandes\" \/>\n<meta name=\"twitter:card\" content=\"summary_large_image\" \/>\n<meta name=\"twitter:label1\" content=\"Escrito por\" \/>\n\t<meta name=\"twitter:data1\" content=\"Luzimara Fernandes\" \/>\n\t<meta name=\"twitter:label2\" content=\"Est. tempo de leitura\" \/>\n\t<meta name=\"twitter:data2\" content=\"2 minutos\" \/>\n<script type=\"application\/ld+json\" class=\"yoast-schema-graph\">{\"@context\":\"https:\/\/schema.org\",\"@graph\":[{\"@type\":\"Article\",\"@id\":\"https:\/\/jornalfatosenoticias.com.br\/index.php\/2024\/04\/16\/vespa-brasileira-ganha-nome-em-homenagem-a-jackie-chan\/#article\",\"isPartOf\":{\"@id\":\"https:\/\/jornalfatosenoticias.com.br\/index.php\/2024\/04\/16\/vespa-brasileira-ganha-nome-em-homenagem-a-jackie-chan\/\"},\"author\":{\"name\":\"Luzimara Fernandes\",\"@id\":\"https:\/\/jornalfatosenoticias.com.br\/#\/schema\/person\/d63837fa13ac8666eb9e74e0985d6f81\"},\"headline\":\"Vespa brasileira ganha nome em homenagem a Jackie Chan\",\"datePublished\":\"2024-04-16T12:45:22+00:00\",\"dateModified\":\"2024-04-16T12:45:23+00:00\",\"mainEntityOfPage\":{\"@id\":\"https:\/\/jornalfatosenoticias.com.br\/index.php\/2024\/04\/16\/vespa-brasileira-ganha-nome-em-homenagem-a-jackie-chan\/\"},\"wordCount\":384,\"commentCount\":0,\"publisher\":{\"@id\":\"https:\/\/jornalfatosenoticias.com.br\/#organization\"},\"image\":{\"@id\":\"https:\/\/jornalfatosenoticias.com.br\/index.php\/2024\/04\/16\/vespa-brasileira-ganha-nome-em-homenagem-a-jackie-chan\/#primaryimage\"},\"thumbnailUrl\":\"https:\/\/jornalfatosenoticias.com.br\/wp-content\/uploads\/2024\/04\/vespa-jackie-chan_CAPA.jpg\",\"keywords\":[\"esp\u00e9cies\",\"insetos\",\"Jackie Chan\",\"vespas\"],\"articleSection\":[\"Meio ambiente\"],\"inLanguage\":\"pt-BR\",\"potentialAction\":[{\"@type\":\"CommentAction\",\"name\":\"Comment\",\"target\":[\"https:\/\/jornalfatosenoticias.com.br\/index.php\/2024\/04\/16\/vespa-brasileira-ganha-nome-em-homenagem-a-jackie-chan\/#respond\"]}]},{\"@type\":\"WebPage\",\"@id\":\"https:\/\/jornalfatosenoticias.com.br\/index.php\/2024\/04\/16\/vespa-brasileira-ganha-nome-em-homenagem-a-jackie-chan\/\",\"url\":\"https:\/\/jornalfatosenoticias.com.br\/index.php\/2024\/04\/16\/vespa-brasileira-ganha-nome-em-homenagem-a-jackie-chan\/\",\"name\":\"Vespa brasileira ganha nome em homenagem a Jackie Chan - Jornal Fatos e Not\u00edcias\",\"isPartOf\":{\"@id\":\"https:\/\/jornalfatosenoticias.com.br\/#website\"},\"primaryImageOfPage\":{\"@id\":\"https:\/\/jornalfatosenoticias.com.br\/index.php\/2024\/04\/16\/vespa-brasileira-ganha-nome-em-homenagem-a-jackie-chan\/#primaryimage\"},\"image\":{\"@id\":\"https:\/\/jornalfatosenoticias.com.br\/index.php\/2024\/04\/16\/vespa-brasileira-ganha-nome-em-homenagem-a-jackie-chan\/#primaryimage\"},\"thumbnailUrl\":\"https:\/\/jornalfatosenoticias.com.br\/wp-content\/uploads\/2024\/04\/vespa-jackie-chan_CAPA.jpg\",\"datePublished\":\"2024-04-16T12:45:22+00:00\",\"dateModified\":\"2024-04-16T12:45:23+00:00\",\"breadcrumb\":{\"@id\":\"https:\/\/jornalfatosenoticias.com.br\/index.php\/2024\/04\/16\/vespa-brasileira-ganha-nome-em-homenagem-a-jackie-chan\/#breadcrumb\"},\"inLanguage\":\"pt-BR\",\"potentialAction\":[{\"@type\":\"ReadAction\",\"target\":[\"https:\/\/jornalfatosenoticias.com.br\/index.php\/2024\/04\/16\/vespa-brasileira-ganha-nome-em-homenagem-a-jackie-chan\/\"]}]},{\"@type\":\"ImageObject\",\"inLanguage\":\"pt-BR\",\"@id\":\"https:\/\/jornalfatosenoticias.com.br\/index.php\/2024\/04\/16\/vespa-brasileira-ganha-nome-em-homenagem-a-jackie-chan\/#primaryimage\",\"url\":\"https:\/\/jornalfatosenoticias.com.br\/wp-content\/uploads\/2024\/04\/vespa-jackie-chan_CAPA.jpg\",\"contentUrl\":\"https:\/\/jornalfatosenoticias.com.br\/wp-content\/uploads\/2024\/04\/vespa-jackie-chan_CAPA.jpg\",\"width\":1000,\"height\":393},{\"@type\":\"BreadcrumbList\",\"@id\":\"https:\/\/jornalfatosenoticias.com.br\/index.php\/2024\/04\/16\/vespa-brasileira-ganha-nome-em-homenagem-a-jackie-chan\/#breadcrumb\",\"itemListElement\":[{\"@type\":\"ListItem\",\"position\":1,\"name\":\"In\u00edcio\",\"item\":\"https:\/\/jornalfatosenoticias.com.br\/\"},{\"@type\":\"ListItem\",\"position\":2,\"name\":\"Vespa brasileira ganha nome em homenagem a Jackie Chan\"}]},{\"@type\":\"WebSite\",\"@id\":\"https:\/\/jornalfatosenoticias.com.br\/#website\",\"url\":\"https:\/\/jornalfatosenoticias.com.br\/\",\"name\":\"Jornal Fatos e Not\u00edcias\",\"description\":\"Not\u00edcias em geral\",\"publisher\":{\"@id\":\"https:\/\/jornalfatosenoticias.com.br\/#organization\"},\"potentialAction\":[{\"@type\":\"SearchAction\",\"target\":{\"@type\":\"EntryPoint\",\"urlTemplate\":\"https:\/\/jornalfatosenoticias.com.br\/?s={search_term_string}\"},\"query-input\":{\"@type\":\"PropertyValueSpecification\",\"valueRequired\":true,\"valueName\":\"search_term_string\"}}],\"inLanguage\":\"pt-BR\"},{\"@type\":\"Organization\",\"@id\":\"https:\/\/jornalfatosenoticias.com.br\/#organization\",\"name\":\"Jornal Fatos e Not\u00edcias\",\"url\":\"https:\/\/jornalfatosenoticias.com.br\/\",\"logo\":{\"@type\":\"ImageObject\",\"inLanguage\":\"pt-BR\",\"@id\":\"https:\/\/jornalfatosenoticias.com.br\/#\/schema\/logo\/image\/\",\"url\":\"https:\/\/jornalfatosenoticias.com.br\/wp-content\/uploads\/2020\/02\/logo120.png\",\"contentUrl\":\"https:\/\/jornalfatosenoticias.com.br\/wp-content\/uploads\/2020\/02\/logo120.png\",\"width\":1227,\"height\":120,\"caption\":\"Jornal Fatos e Not\u00edcias\"},\"image\":{\"@id\":\"https:\/\/jornalfatosenoticias.com.br\/#\/schema\/logo\/image\/\"}},{\"@type\":\"Person\",\"@id\":\"https:\/\/jornalfatosenoticias.com.br\/#\/schema\/person\/d63837fa13ac8666eb9e74e0985d6f81\",\"name\":\"Luzimara Fernandes\",\"image\":{\"@type\":\"ImageObject\",\"inLanguage\":\"pt-BR\",\"@id\":\"https:\/\/jornalfatosenoticias.com.br\/#\/schema\/person\/image\/\",\"url\":\"https:\/\/jornalfatosenoticias.com.br\/wp-content\/uploads\/2025\/05\/EU_portal.jpg\",\"contentUrl\":\"https:\/\/jornalfatosenoticias.com.br\/wp-content\/uploads\/2025\/05\/EU_portal.jpg\",\"caption\":\"Luzimara Fernandes\"},\"description\":\"Jornalista MTB 2358-ES\",\"sameAs\":[\"https:\/\/jornalfatosenoticias.com.br\"],\"url\":\"https:\/\/jornalfatosenoticias.com.br\/index.php\/author\/luzimara\/\"}]}<\/script>\n<!-- \/ Yoast SEO plugin. -->","yoast_head_json":{"title":"Vespa brasileira ganha nome em homenagem a Jackie Chan - Jornal Fatos e Not\u00edcias","robots":{"index":"index","follow":"follow","max-snippet":"max-snippet:-1","max-image-preview":"max-image-preview:large","max-video-preview":"max-video-preview:-1"},"canonical":"https:\/\/jornalfatosenoticias.com.br\/index.php\/2024\/04\/16\/vespa-brasileira-ganha-nome-em-homenagem-a-jackie-chan\/","og_locale":"pt_BR","og_type":"article","og_title":"Vespa brasileira ganha nome em homenagem a Jackie Chan - Jornal Fatos e Not\u00edcias","og_description":"O inseto foi descoberto em 2020 por cientistas brasileiros, que nomearam a vespa Jackie Chan em homenagem ao ator, de quem s\u00e3o f\u00e3s Por B\u00e1rbara Giovani N\u00e3o \u00e9 incomum que cientistas homenageiem celebridades ao batizar novas esp\u00e9cies de animais e plantas. H\u00e1, por exemplo, a cobra Harrison Ford, a\u00a0aranha Messi e, agora, tamb\u00e9m h\u00e1 a [&hellip;]","og_url":"https:\/\/jornalfatosenoticias.com.br\/index.php\/2024\/04\/16\/vespa-brasileira-ganha-nome-em-homenagem-a-jackie-chan\/","og_site_name":"Jornal Fatos e Not\u00edcias","article_published_time":"2024-04-16T12:45:22+00:00","article_modified_time":"2024-04-16T12:45:23+00:00","og_image":[{"width":1000,"height":393,"url":"https:\/\/jornalfatosenoticias.com.br\/wp-content\/uploads\/2024\/04\/vespa-jackie-chan_CAPA.jpg","type":"image\/jpeg"}],"author":"Luzimara Fernandes","twitter_card":"summary_large_image","twitter_misc":{"Escrito por":"Luzimara Fernandes","Est. tempo de leitura":"2 minutos"},"schema":{"@context":"https:\/\/schema.org","@graph":[{"@type":"Article","@id":"https:\/\/jornalfatosenoticias.com.br\/index.php\/2024\/04\/16\/vespa-brasileira-ganha-nome-em-homenagem-a-jackie-chan\/#article","isPartOf":{"@id":"https:\/\/jornalfatosenoticias.com.br\/index.php\/2024\/04\/16\/vespa-brasileira-ganha-nome-em-homenagem-a-jackie-chan\/"},"author":{"name":"Luzimara Fernandes","@id":"https:\/\/jornalfatosenoticias.com.br\/#\/schema\/person\/d63837fa13ac8666eb9e74e0985d6f81"},"headline":"Vespa brasileira ganha nome em homenagem a Jackie Chan","datePublished":"2024-04-16T12:45:22+00:00","dateModified":"2024-04-16T12:45:23+00:00","mainEntityOfPage":{"@id":"https:\/\/jornalfatosenoticias.com.br\/index.php\/2024\/04\/16\/vespa-brasileira-ganha-nome-em-homenagem-a-jackie-chan\/"},"wordCount":384,"commentCount":0,"publisher":{"@id":"https:\/\/jornalfatosenoticias.com.br\/#organization"},"image":{"@id":"https:\/\/jornalfatosenoticias.com.br\/index.php\/2024\/04\/16\/vespa-brasileira-ganha-nome-em-homenagem-a-jackie-chan\/#primaryimage"},"thumbnailUrl":"https:\/\/jornalfatosenoticias.com.br\/wp-content\/uploads\/2024\/04\/vespa-jackie-chan_CAPA.jpg","keywords":["esp\u00e9cies","insetos","Jackie Chan","vespas"],"articleSection":["Meio ambiente"],"inLanguage":"pt-BR","potentialAction":[{"@type":"CommentAction","name":"Comment","target":["https:\/\/jornalfatosenoticias.com.br\/index.php\/2024\/04\/16\/vespa-brasileira-ganha-nome-em-homenagem-a-jackie-chan\/#respond"]}]},{"@type":"WebPage","@id":"https:\/\/jornalfatosenoticias.com.br\/index.php\/2024\/04\/16\/vespa-brasileira-ganha-nome-em-homenagem-a-jackie-chan\/","url":"https:\/\/jornalfatosenoticias.com.br\/index.php\/2024\/04\/16\/vespa-brasileira-ganha-nome-em-homenagem-a-jackie-chan\/","name":"Vespa brasileira ganha nome em homenagem a Jackie Chan - Jornal Fatos e Not\u00edcias","isPartOf":{"@id":"https:\/\/jornalfatosenoticias.com.br\/#website"},"primaryImageOfPage":{"@id":"https:\/\/jornalfatosenoticias.com.br\/index.php\/2024\/04\/16\/vespa-brasileira-ganha-nome-em-homenagem-a-jackie-chan\/#primaryimage"},"image":{"@id":"https:\/\/jornalfatosenoticias.com.br\/index.php\/2024\/04\/16\/vespa-brasileira-ganha-nome-em-homenagem-a-jackie-chan\/#primaryimage"},"thumbnailUrl":"https:\/\/jornalfatosenoticias.com.br\/wp-content\/uploads\/2024\/04\/vespa-jackie-chan_CAPA.jpg","datePublished":"2024-04-16T12:45:22+00:00","dateModified":"2024-04-16T12:45:23+00:00","breadcrumb":{"@id":"https:\/\/jornalfatosenoticias.com.br\/index.php\/2024\/04\/16\/vespa-brasileira-ganha-nome-em-homenagem-a-jackie-chan\/#breadcrumb"},"inLanguage":"pt-BR","potentialAction":[{"@type":"ReadAction","target":["https:\/\/jornalfatosenoticias.com.br\/index.php\/2024\/04\/16\/vespa-brasileira-ganha-nome-em-homenagem-a-jackie-chan\/"]}]},{"@type":"ImageObject","inLanguage":"pt-BR","@id":"https:\/\/jornalfatosenoticias.com.br\/index.php\/2024\/04\/16\/vespa-brasileira-ganha-nome-em-homenagem-a-jackie-chan\/#primaryimage","url":"https:\/\/jornalfatosenoticias.com.br\/wp-content\/uploads\/2024\/04\/vespa-jackie-chan_CAPA.jpg","contentUrl":"https:\/\/jornalfatosenoticias.com.br\/wp-content\/uploads\/2024\/04\/vespa-jackie-chan_CAPA.jpg","width":1000,"height":393},{"@type":"BreadcrumbList","@id":"https:\/\/jornalfatosenoticias.com.br\/index.php\/2024\/04\/16\/vespa-brasileira-ganha-nome-em-homenagem-a-jackie-chan\/#breadcrumb","itemListElement":[{"@type":"ListItem","position":1,"name":"In\u00edcio","item":"https:\/\/jornalfatosenoticias.com.br\/"},{"@type":"ListItem","position":2,"name":"Vespa brasileira ganha nome em homenagem a Jackie Chan"}]},{"@type":"WebSite","@id":"https:\/\/jornalfatosenoticias.com.br\/#website","url":"https:\/\/jornalfatosenoticias.com.br\/","name":"Jornal Fatos e Not\u00edcias","description":"Not\u00edcias em geral","publisher":{"@id":"https:\/\/jornalfatosenoticias.com.br\/#organization"},"potentialAction":[{"@type":"SearchAction","target":{"@type":"EntryPoint","urlTemplate":"https:\/\/jornalfatosenoticias.com.br\/?s={search_term_string}"},"query-input":{"@type":"PropertyValueSpecification","valueRequired":true,"valueName":"search_term_string"}}],"inLanguage":"pt-BR"},{"@type":"Organization","@id":"https:\/\/jornalfatosenoticias.com.br\/#organization","name":"Jornal Fatos e Not\u00edcias","url":"https:\/\/jornalfatosenoticias.com.br\/","logo":{"@type":"ImageObject","inLanguage":"pt-BR","@id":"https:\/\/jornalfatosenoticias.com.br\/#\/schema\/logo\/image\/","url":"https:\/\/jornalfatosenoticias.com.br\/wp-content\/uploads\/2020\/02\/logo120.png","contentUrl":"https:\/\/jornalfatosenoticias.com.br\/wp-content\/uploads\/2020\/02\/logo120.png","width":1227,"height":120,"caption":"Jornal Fatos e Not\u00edcias"},"image":{"@id":"https:\/\/jornalfatosenoticias.com.br\/#\/schema\/logo\/image\/"}},{"@type":"Person","@id":"https:\/\/jornalfatosenoticias.com.br\/#\/schema\/person\/d63837fa13ac8666eb9e74e0985d6f81","name":"Luzimara Fernandes","image":{"@type":"ImageObject","inLanguage":"pt-BR","@id":"https:\/\/jornalfatosenoticias.com.br\/#\/schema\/person\/image\/","url":"https:\/\/jornalfatosenoticias.com.br\/wp-content\/uploads\/2025\/05\/EU_portal.jpg","contentUrl":"https:\/\/jornalfatosenoticias.com.br\/wp-content\/uploads\/2025\/05\/EU_portal.jpg","caption":"Luzimara Fernandes"},"description":"Jornalista MTB 2358-ES","sameAs":["https:\/\/jornalfatosenoticias.com.br"],"url":"https:\/\/jornalfatosenoticias.com.br\/index.php\/author\/luzimara\/"}]}},"cc_featured_image_caption":{"caption_text":"","source_text":"","source_url":""},"jetpack_featured_media_url":"https:\/\/jornalfatosenoticias.com.br\/wp-content\/uploads\/2024\/04\/vespa-jackie-chan_CAPA.jpg","_links":{"self":[{"href":"https:\/\/jornalfatosenoticias.com.br\/index.php\/wp-json\/wp\/v2\/posts\/50637","targetHints":{"allow":["GET"]}}],"collection":[{"href":"https:\/\/jornalfatosenoticias.com.br\/index.php\/wp-json\/wp\/v2\/posts"}],"about":[{"href":"https:\/\/jornalfatosenoticias.com.br\/index.php\/wp-json\/wp\/v2\/types\/post"}],"author":[{"embeddable":true,"href":"https:\/\/jornalfatosenoticias.com.br\/index.php\/wp-json\/wp\/v2\/users\/2"}],"replies":[{"embeddable":true,"href":"https:\/\/jornalfatosenoticias.com.br\/index.php\/wp-json\/wp\/v2\/comments?post=50637"}],"version-history":[{"count":0,"href":"https:\/\/jornalfatosenoticias.com.br\/index.php\/wp-json\/wp\/v2\/posts\/50637\/revisions"}],"wp:featuredmedia":[{"embeddable":true,"href":"https:\/\/jornalfatosenoticias.com.br\/index.php\/wp-json\/wp\/v2\/media\/50639"}],"wp:attachment":[{"href":"https:\/\/jornalfatosenoticias.com.br\/index.php\/wp-json\/wp\/v2\/media?parent=50637"}],"wp:term":[{"taxonomy":"category","embeddable":true,"href":"https:\/\/jornalfatosenoticias.com.br\/index.php\/wp-json\/wp\/v2\/categories?post=50637"},{"taxonomy":"post_tag","embeddable":true,"href":"https:\/\/jornalfatosenoticias.com.br\/index.php\/wp-json\/wp\/v2\/tags?post=50637"}],"curies":[{"name":"wp","href":"https:\/\/api.w.org\/{rel}","templated":true}]}}