{"id":50644,"date":"2024-04-16T10:08:13","date_gmt":"2024-04-16T13:08:13","guid":{"rendered":"https:\/\/jornalfatosenoticias.com.br\/?p=50644"},"modified":"2024-04-16T10:08:15","modified_gmt":"2024-04-16T13:08:15","slug":"crianca-pode-tomar-cafe-pediatra-revela","status":"publish","type":"post","link":"https:\/\/jornalfatosenoticias.com.br\/index.php\/2024\/04\/16\/crianca-pode-tomar-cafe-pediatra-revela\/","title":{"rendered":"Crian\u00e7a pode tomar caf\u00e9? Pediatra revela"},"content":{"rendered":"\n<p><em><span class=\"has-inline-color has-black-color\">Descubra se o consumo de caf\u00e9 \u00e9 liberado para os pequenos<\/span><\/em><\/p>\n\n\n\n<p><span class=\"has-inline-color has-black-color\">Por <strong>Juliany Rodrigues<\/strong><\/span><\/p>\n\n\n\n<div class=\"wp-block-image\"><figure class=\"aligncenter size-large\"><img loading=\"lazy\" decoding=\"async\" width=\"729\" height=\"90\" src=\"https:\/\/jornalfatosenoticias.com.br\/wp-content\/uploads\/2020\/02\/Logo_Mizu.png\" alt=\"\" class=\"wp-image-1441\" srcset=\"https:\/\/jornalfatosenoticias.com.br\/wp-content\/uploads\/2020\/02\/Logo_Mizu.png 729w, https:\/\/jornalfatosenoticias.com.br\/wp-content\/uploads\/2020\/02\/Logo_Mizu-300x37.png 300w\" sizes=\"auto, (max-width: 729px) 100vw, 729px\" \/><\/figure><\/div>\n\n\n\n<p>\u00c9 mais do que normal que as crian\u00e7as tenham curiosidade em experimentar o caf\u00e9, uma bebida que faz parte da rotina de muitos pais e m\u00e3es. Mas, afinal, qual seria o momento ideal para introduzi-lo \u00e0 alimenta\u00e7\u00e3o dos pequenos? A Academia Americana de Pediatria (AAP) afirma que o consumo do caf\u00e9 n\u00e3o \u00e9 indicado para menores de 12 anos. Segundo a Dr\u00aa Aline Magnino, diretora m\u00e9dica do Prontobaby, as crian\u00e7as reagem de forma diferente ao caf\u00e9 em compara\u00e7\u00e3o aos adultos, mesmo quando ingerem a mesma quantidade.<\/p>\n\n\n\n<blockquote class=\"wp-block-quote is-layout-flow wp-block-quote-is-layout-flow\"><p><span class=\"has-inline-color has-luminous-vivid-orange-color\">Em 2022, ocorreu o National Conferece &amp; Exhibition, da Academia Americana de Pediatria (AAP), onde o Prof. Mark R. Corkins, membro do comit\u00ea de nutri\u00e7\u00e3o da AAP assegurou que as crian\u00e7as n\u00e3o s\u00e3o pequenos adultos&#8221;, inicia a especialista. &#8220;Por serem menores em tamanho corporal, \u00e9 preciso de uma quantidade menor de cafe\u00edna para prejudicar a homeostase corp\u00f3rea. O excesso da subst\u00e2ncia pode causar aumento da frequ\u00eancia card\u00edaca e da press\u00e3o arterial, al\u00e9m de contribuir para o aparecimento do refluxo \u00e1cido, favorecer a ansiedade e dist\u00farbios do sono&#8221;, completa ela.<\/span><\/p><\/blockquote>\n\n\n\n<div class=\"wp-block-image\"><figure class=\"aligncenter size-large\"><img decoding=\"async\" src=\"https:\/\/jornalfatosenoticias.com.br\/wp-content\/uploads\/2020\/02\/logo_esteio.jpg\" alt=\"\" class=\"wp-image-1214\"\/><\/figure><\/div>\n\n\n\n<p>Em doses regulares, a cafe\u00edna pode trazer efeitos negativos \u00e0 sa\u00fade at\u00e9 mesmo de adolescentes. &#8220;Pode interferir no desenvolvimento neurocognitivo, influenciar o sistema cardiovascular, causar depend\u00eancia e intoxica\u00e7\u00e3o&#8221;, comenta a Dr\u00aa Aline.<\/p>\n\n\n\n<div class=\"wp-block-image\"><figure class=\"aligncenter size-large is-resized\"><img loading=\"lazy\" decoding=\"async\" src=\"https:\/\/jornalfatosenoticias.com.br\/wp-content\/uploads\/2023\/12\/pegoretti-logo-pdf-1024x389.jpg\" alt=\"\" class=\"wp-image-47536\" width=\"522\" height=\"198\" srcset=\"https:\/\/jornalfatosenoticias.com.br\/wp-content\/uploads\/2023\/12\/pegoretti-logo-pdf-1024x389.jpg 1024w, https:\/\/jornalfatosenoticias.com.br\/wp-content\/uploads\/2023\/12\/pegoretti-logo-pdf-300x114.jpg 300w, https:\/\/jornalfatosenoticias.com.br\/wp-content\/uploads\/2023\/12\/pegoretti-logo-pdf-768x291.jpg 768w, https:\/\/jornalfatosenoticias.com.br\/wp-content\/uploads\/2023\/12\/pegoretti-logo-pdf.jpg 1120w\" sizes=\"auto, (max-width: 522px) 100vw, 522px\" \/><\/figure><\/div>\n\n\n\n<p>Portanto, segundo a pediatra, o melhor \u00e9 que crian\u00e7as menores de 12 anos fiquem longe de caf\u00e9 e outros produtos com a subst\u00e2ncia, por exemplo, ch\u00e1 preto, ch\u00e1 branco, refrigerante do tipo cola e bebidas esportivas isot\u00f4nicas. &#8220;Em adolescentes entre 12 e 18 anos, a ingest\u00e3o deve ser limitada a menos de 100mg, por dia. Podemos exemplificar que uma x\u00edcara de ch\u00e1 pode ter at\u00e9 47mg de cafe\u00edna, enquanto um refrigerante cola diet possui cerca de 46mg&#8221;, revela.<\/p>\n\n\n\n<div class=\"wp-block-image\"><figure class=\"aligncenter size-large is-resized\"><img loading=\"lazy\" decoding=\"async\" src=\"https:\/\/jornalfatosenoticias.com.br\/wp-content\/uploads\/2023\/03\/nova-logo-Marquetti.jpg\" alt=\"\" class=\"wp-image-40207\" width=\"337\" height=\"226\" srcset=\"https:\/\/jornalfatosenoticias.com.br\/wp-content\/uploads\/2023\/03\/nova-logo-Marquetti.jpg 643w, https:\/\/jornalfatosenoticias.com.br\/wp-content\/uploads\/2023\/03\/nova-logo-Marquetti-300x202.jpg 300w\" sizes=\"auto, (max-width: 337px) 100vw, 337px\" \/><\/figure><\/div>\n\n\n\n<p><strong><span class=\"has-inline-color has-black-color\">E as vers\u00f5es descafeinadas?<br><\/span><\/strong>Para a Ag\u00eancia Nacional de Vigil\u00e2ncia Sanit\u00e1ria (Anvisa), o caf\u00e9 \u00e9 considerado descafeinado quando o teor de cafe\u00edna \u00e9 igual ou inferior a 0,1% e 0,3% para produtos sol\u00faveis. Nesse sentido, a Dra. Aline chama aten\u00e7\u00e3o para o fato de que essas vers\u00f5es n\u00e3o s\u00e3o totalmente isentas de cafe\u00edna e n\u00e3o devem ser consumidas de maneira regular ou exagerada.<\/p>\n\n\n\n<div class=\"wp-block-image\"><figure class=\"aligncenter size-large\"><img loading=\"lazy\" decoding=\"async\" width=\"300\" height=\"250\" src=\"https:\/\/jornalfatosenoticias.com.br\/wp-content\/uploads\/2022\/02\/FERRARI_MAQUINAS-E-FERRAMENTAS2.jpg\" alt=\"\" class=\"wp-image-27860\"\/><\/figure><\/div>\n\n\n\n<blockquote class=\"wp-block-quote is-layout-flow wp-block-quote-is-layout-flow\"><p><span class=\"has-inline-color has-luminous-vivid-orange-color\">Sabe-se atualmente que a cafe\u00edna antagoniza os receptores de adenosina e potencializa a neurotransmiss\u00e3o dopamin\u00e9rgica, comportando-se como estimulador do sistema nervoso central e perif\u00e9rico, e, assim, proporcionando a redu\u00e7\u00e3o do sono e da fadiga. Entretanto, o seu uso em per\u00edodos vespertinos e noturnos altera o sono, al\u00e9m de poder alongar a lat\u00eancia e diminuir a efic\u00e1cia e dura\u00e7\u00e3o do mesmo&#8221;, conclui.<\/span><\/p><\/blockquote>\n\n\n\n<div class=\"wp-block-image\"><figure class=\"aligncenter size-large\"><img decoding=\"async\" src=\"https:\/\/jornalfatosenoticias.com.br\/wp-content\/uploads\/2020\/02\/barao-das-carnes-300x164-1.jpg\" alt=\"\" class=\"wp-image-34339\"\/><\/figure><\/div>\n\n\n\n<p><strong><em>Fonte: <a href=\"https:\/\/www.terra.com.br\/vida-e-estilo\/saude\/crianca-pode-tomar-cafe-pediatra-revela,5b8209a3206cc1e2580418d0ceb15e9dl6dmkrpe.html\">Terra<\/a><\/em><\/strong><\/p>\n","protected":false},"excerpt":{"rendered":"<p>Descubra se o consumo de caf\u00e9 \u00e9 liberado para os pequenos Por Juliany Rodrigues \u00c9 mais do que normal que as crian\u00e7as tenham curiosidade em experimentar o caf\u00e9, uma bebida que faz parte da rotina de muitos pais e m\u00e3es. Mas, afinal, qual seria o momento ideal para introduzi-lo \u00e0 alimenta\u00e7\u00e3o dos pequenos? A Academia [&hellip;]<\/p>\n","protected":false},"author":2,"featured_media":50645,"comment_status":"open","ping_status":"open","sticky":false,"template":"","format":"standard","meta":{"footnotes":""},"categories":[42],"tags":[2319,23295,1317,23296,9023],"class_list":["post-50644","post","type-post","status-publish","format-standard","has-post-thumbnail","hentry","category-bem-estar","tag-cafe","tag-consumo-de-cafe","tag-crianca","tag-desenvolvimento-neurocognitivo","tag-pediatra"],"yoast_head":"<!-- This site is optimized with the Yoast SEO plugin v26.5 - https:\/\/yoast.com\/wordpress\/plugins\/seo\/ -->\n<title>Crian\u00e7a pode tomar caf\u00e9? Pediatra revela - Jornal Fatos e Not\u00edcias<\/title>\n<meta name=\"robots\" content=\"index, follow, max-snippet:-1, max-image-preview:large, max-video-preview:-1\" \/>\n<link rel=\"canonical\" href=\"https:\/\/jornalfatosenoticias.com.br\/index.php\/2024\/04\/16\/crianca-pode-tomar-cafe-pediatra-revela\/\" \/>\n<meta property=\"og:locale\" content=\"pt_BR\" \/>\n<meta property=\"og:type\" content=\"article\" \/>\n<meta property=\"og:title\" content=\"Crian\u00e7a pode tomar caf\u00e9? Pediatra revela - Jornal Fatos e Not\u00edcias\" \/>\n<meta property=\"og:description\" content=\"Descubra se o consumo de caf\u00e9 \u00e9 liberado para os pequenos Por Juliany Rodrigues \u00c9 mais do que normal que as crian\u00e7as tenham curiosidade em experimentar o caf\u00e9, uma bebida que faz parte da rotina de muitos pais e m\u00e3es. Mas, afinal, qual seria o momento ideal para introduzi-lo \u00e0 alimenta\u00e7\u00e3o dos pequenos? A Academia [&hellip;]\" \/>\n<meta property=\"og:url\" content=\"https:\/\/jornalfatosenoticias.com.br\/index.php\/2024\/04\/16\/crianca-pode-tomar-cafe-pediatra-revela\/\" \/>\n<meta property=\"og:site_name\" content=\"Jornal Fatos e Not\u00edcias\" \/>\n<meta property=\"article:published_time\" content=\"2024-04-16T13:08:13+00:00\" \/>\n<meta property=\"article:modified_time\" content=\"2024-04-16T13:08:15+00:00\" \/>\n<meta property=\"og:image\" content=\"https:\/\/jornalfatosenoticias.com.br\/wp-content\/uploads\/2024\/04\/crianca-pode-tomar-cafe_Freepik.jpg\" \/>\n\t<meta property=\"og:image:width\" content=\"774\" \/>\n\t<meta property=\"og:image:height\" content=\"516\" \/>\n\t<meta property=\"og:image:type\" content=\"image\/jpeg\" \/>\n<meta name=\"author\" content=\"Luzimara Fernandes\" \/>\n<meta name=\"twitter:card\" content=\"summary_large_image\" \/>\n<meta name=\"twitter:label1\" content=\"Escrito por\" \/>\n\t<meta name=\"twitter:data1\" content=\"Luzimara Fernandes\" \/>\n\t<meta name=\"twitter:label2\" content=\"Est. tempo de leitura\" \/>\n\t<meta name=\"twitter:data2\" content=\"2 minutos\" \/>\n<script type=\"application\/ld+json\" class=\"yoast-schema-graph\">{\"@context\":\"https:\/\/schema.org\",\"@graph\":[{\"@type\":\"Article\",\"@id\":\"https:\/\/jornalfatosenoticias.com.br\/index.php\/2024\/04\/16\/crianca-pode-tomar-cafe-pediatra-revela\/#article\",\"isPartOf\":{\"@id\":\"https:\/\/jornalfatosenoticias.com.br\/index.php\/2024\/04\/16\/crianca-pode-tomar-cafe-pediatra-revela\/\"},\"author\":{\"name\":\"Luzimara Fernandes\",\"@id\":\"https:\/\/jornalfatosenoticias.com.br\/#\/schema\/person\/d63837fa13ac8666eb9e74e0985d6f81\"},\"headline\":\"Crian\u00e7a pode tomar caf\u00e9? Pediatra revela\",\"datePublished\":\"2024-04-16T13:08:13+00:00\",\"dateModified\":\"2024-04-16T13:08:15+00:00\",\"mainEntityOfPage\":{\"@id\":\"https:\/\/jornalfatosenoticias.com.br\/index.php\/2024\/04\/16\/crianca-pode-tomar-cafe-pediatra-revela\/\"},\"wordCount\":467,\"commentCount\":0,\"publisher\":{\"@id\":\"https:\/\/jornalfatosenoticias.com.br\/#organization\"},\"image\":{\"@id\":\"https:\/\/jornalfatosenoticias.com.br\/index.php\/2024\/04\/16\/crianca-pode-tomar-cafe-pediatra-revela\/#primaryimage\"},\"thumbnailUrl\":\"https:\/\/jornalfatosenoticias.com.br\/wp-content\/uploads\/2024\/04\/crianca-pode-tomar-cafe_Freepik.jpg\",\"keywords\":[\"caf\u00e9\",\"consumo de caf\u00e9\",\"crian\u00e7a\",\"desenvolvimento neurocognitivo\",\"pediatra\"],\"articleSection\":[\"Bem-estar\"],\"inLanguage\":\"pt-BR\",\"potentialAction\":[{\"@type\":\"CommentAction\",\"name\":\"Comment\",\"target\":[\"https:\/\/jornalfatosenoticias.com.br\/index.php\/2024\/04\/16\/crianca-pode-tomar-cafe-pediatra-revela\/#respond\"]}]},{\"@type\":\"WebPage\",\"@id\":\"https:\/\/jornalfatosenoticias.com.br\/index.php\/2024\/04\/16\/crianca-pode-tomar-cafe-pediatra-revela\/\",\"url\":\"https:\/\/jornalfatosenoticias.com.br\/index.php\/2024\/04\/16\/crianca-pode-tomar-cafe-pediatra-revela\/\",\"name\":\"Crian\u00e7a pode tomar caf\u00e9? Pediatra revela - Jornal Fatos e Not\u00edcias\",\"isPartOf\":{\"@id\":\"https:\/\/jornalfatosenoticias.com.br\/#website\"},\"primaryImageOfPage\":{\"@id\":\"https:\/\/jornalfatosenoticias.com.br\/index.php\/2024\/04\/16\/crianca-pode-tomar-cafe-pediatra-revela\/#primaryimage\"},\"image\":{\"@id\":\"https:\/\/jornalfatosenoticias.com.br\/index.php\/2024\/04\/16\/crianca-pode-tomar-cafe-pediatra-revela\/#primaryimage\"},\"thumbnailUrl\":\"https:\/\/jornalfatosenoticias.com.br\/wp-content\/uploads\/2024\/04\/crianca-pode-tomar-cafe_Freepik.jpg\",\"datePublished\":\"2024-04-16T13:08:13+00:00\",\"dateModified\":\"2024-04-16T13:08:15+00:00\",\"breadcrumb\":{\"@id\":\"https:\/\/jornalfatosenoticias.com.br\/index.php\/2024\/04\/16\/crianca-pode-tomar-cafe-pediatra-revela\/#breadcrumb\"},\"inLanguage\":\"pt-BR\",\"potentialAction\":[{\"@type\":\"ReadAction\",\"target\":[\"https:\/\/jornalfatosenoticias.com.br\/index.php\/2024\/04\/16\/crianca-pode-tomar-cafe-pediatra-revela\/\"]}]},{\"@type\":\"ImageObject\",\"inLanguage\":\"pt-BR\",\"@id\":\"https:\/\/jornalfatosenoticias.com.br\/index.php\/2024\/04\/16\/crianca-pode-tomar-cafe-pediatra-revela\/#primaryimage\",\"url\":\"https:\/\/jornalfatosenoticias.com.br\/wp-content\/uploads\/2024\/04\/crianca-pode-tomar-cafe_Freepik.jpg\",\"contentUrl\":\"https:\/\/jornalfatosenoticias.com.br\/wp-content\/uploads\/2024\/04\/crianca-pode-tomar-cafe_Freepik.jpg\",\"width\":774,\"height\":516},{\"@type\":\"BreadcrumbList\",\"@id\":\"https:\/\/jornalfatosenoticias.com.br\/index.php\/2024\/04\/16\/crianca-pode-tomar-cafe-pediatra-revela\/#breadcrumb\",\"itemListElement\":[{\"@type\":\"ListItem\",\"position\":1,\"name\":\"In\u00edcio\",\"item\":\"https:\/\/jornalfatosenoticias.com.br\/\"},{\"@type\":\"ListItem\",\"position\":2,\"name\":\"Crian\u00e7a pode tomar caf\u00e9? Pediatra revela\"}]},{\"@type\":\"WebSite\",\"@id\":\"https:\/\/jornalfatosenoticias.com.br\/#website\",\"url\":\"https:\/\/jornalfatosenoticias.com.br\/\",\"name\":\"Jornal Fatos e Not\u00edcias\",\"description\":\"Not\u00edcias em geral\",\"publisher\":{\"@id\":\"https:\/\/jornalfatosenoticias.com.br\/#organization\"},\"potentialAction\":[{\"@type\":\"SearchAction\",\"target\":{\"@type\":\"EntryPoint\",\"urlTemplate\":\"https:\/\/jornalfatosenoticias.com.br\/?s={search_term_string}\"},\"query-input\":{\"@type\":\"PropertyValueSpecification\",\"valueRequired\":true,\"valueName\":\"search_term_string\"}}],\"inLanguage\":\"pt-BR\"},{\"@type\":\"Organization\",\"@id\":\"https:\/\/jornalfatosenoticias.com.br\/#organization\",\"name\":\"Jornal Fatos e Not\u00edcias\",\"url\":\"https:\/\/jornalfatosenoticias.com.br\/\",\"logo\":{\"@type\":\"ImageObject\",\"inLanguage\":\"pt-BR\",\"@id\":\"https:\/\/jornalfatosenoticias.com.br\/#\/schema\/logo\/image\/\",\"url\":\"https:\/\/jornalfatosenoticias.com.br\/wp-content\/uploads\/2020\/02\/logo120.png\",\"contentUrl\":\"https:\/\/jornalfatosenoticias.com.br\/wp-content\/uploads\/2020\/02\/logo120.png\",\"width\":1227,\"height\":120,\"caption\":\"Jornal Fatos e Not\u00edcias\"},\"image\":{\"@id\":\"https:\/\/jornalfatosenoticias.com.br\/#\/schema\/logo\/image\/\"}},{\"@type\":\"Person\",\"@id\":\"https:\/\/jornalfatosenoticias.com.br\/#\/schema\/person\/d63837fa13ac8666eb9e74e0985d6f81\",\"name\":\"Luzimara Fernandes\",\"image\":{\"@type\":\"ImageObject\",\"inLanguage\":\"pt-BR\",\"@id\":\"https:\/\/jornalfatosenoticias.com.br\/#\/schema\/person\/image\/\",\"url\":\"https:\/\/jornalfatosenoticias.com.br\/wp-content\/uploads\/2025\/05\/EU_portal.jpg\",\"contentUrl\":\"https:\/\/jornalfatosenoticias.com.br\/wp-content\/uploads\/2025\/05\/EU_portal.jpg\",\"caption\":\"Luzimara Fernandes\"},\"description\":\"Jornalista MTB 2358-ES\",\"sameAs\":[\"https:\/\/jornalfatosenoticias.com.br\"],\"url\":\"https:\/\/jornalfatosenoticias.com.br\/index.php\/author\/luzimara\/\"}]}<\/script>\n<!-- \/ Yoast SEO plugin. -->","yoast_head_json":{"title":"Crian\u00e7a pode tomar caf\u00e9? Pediatra revela - Jornal Fatos e Not\u00edcias","robots":{"index":"index","follow":"follow","max-snippet":"max-snippet:-1","max-image-preview":"max-image-preview:large","max-video-preview":"max-video-preview:-1"},"canonical":"https:\/\/jornalfatosenoticias.com.br\/index.php\/2024\/04\/16\/crianca-pode-tomar-cafe-pediatra-revela\/","og_locale":"pt_BR","og_type":"article","og_title":"Crian\u00e7a pode tomar caf\u00e9? Pediatra revela - Jornal Fatos e Not\u00edcias","og_description":"Descubra se o consumo de caf\u00e9 \u00e9 liberado para os pequenos Por Juliany Rodrigues \u00c9 mais do que normal que as crian\u00e7as tenham curiosidade em experimentar o caf\u00e9, uma bebida que faz parte da rotina de muitos pais e m\u00e3es. Mas, afinal, qual seria o momento ideal para introduzi-lo \u00e0 alimenta\u00e7\u00e3o dos pequenos? A Academia [&hellip;]","og_url":"https:\/\/jornalfatosenoticias.com.br\/index.php\/2024\/04\/16\/crianca-pode-tomar-cafe-pediatra-revela\/","og_site_name":"Jornal Fatos e Not\u00edcias","article_published_time":"2024-04-16T13:08:13+00:00","article_modified_time":"2024-04-16T13:08:15+00:00","og_image":[{"width":774,"height":516,"url":"https:\/\/jornalfatosenoticias.com.br\/wp-content\/uploads\/2024\/04\/crianca-pode-tomar-cafe_Freepik.jpg","type":"image\/jpeg"}],"author":"Luzimara Fernandes","twitter_card":"summary_large_image","twitter_misc":{"Escrito por":"Luzimara Fernandes","Est. tempo de leitura":"2 minutos"},"schema":{"@context":"https:\/\/schema.org","@graph":[{"@type":"Article","@id":"https:\/\/jornalfatosenoticias.com.br\/index.php\/2024\/04\/16\/crianca-pode-tomar-cafe-pediatra-revela\/#article","isPartOf":{"@id":"https:\/\/jornalfatosenoticias.com.br\/index.php\/2024\/04\/16\/crianca-pode-tomar-cafe-pediatra-revela\/"},"author":{"name":"Luzimara Fernandes","@id":"https:\/\/jornalfatosenoticias.com.br\/#\/schema\/person\/d63837fa13ac8666eb9e74e0985d6f81"},"headline":"Crian\u00e7a pode tomar caf\u00e9? Pediatra revela","datePublished":"2024-04-16T13:08:13+00:00","dateModified":"2024-04-16T13:08:15+00:00","mainEntityOfPage":{"@id":"https:\/\/jornalfatosenoticias.com.br\/index.php\/2024\/04\/16\/crianca-pode-tomar-cafe-pediatra-revela\/"},"wordCount":467,"commentCount":0,"publisher":{"@id":"https:\/\/jornalfatosenoticias.com.br\/#organization"},"image":{"@id":"https:\/\/jornalfatosenoticias.com.br\/index.php\/2024\/04\/16\/crianca-pode-tomar-cafe-pediatra-revela\/#primaryimage"},"thumbnailUrl":"https:\/\/jornalfatosenoticias.com.br\/wp-content\/uploads\/2024\/04\/crianca-pode-tomar-cafe_Freepik.jpg","keywords":["caf\u00e9","consumo de caf\u00e9","crian\u00e7a","desenvolvimento neurocognitivo","pediatra"],"articleSection":["Bem-estar"],"inLanguage":"pt-BR","potentialAction":[{"@type":"CommentAction","name":"Comment","target":["https:\/\/jornalfatosenoticias.com.br\/index.php\/2024\/04\/16\/crianca-pode-tomar-cafe-pediatra-revela\/#respond"]}]},{"@type":"WebPage","@id":"https:\/\/jornalfatosenoticias.com.br\/index.php\/2024\/04\/16\/crianca-pode-tomar-cafe-pediatra-revela\/","url":"https:\/\/jornalfatosenoticias.com.br\/index.php\/2024\/04\/16\/crianca-pode-tomar-cafe-pediatra-revela\/","name":"Crian\u00e7a pode tomar caf\u00e9? Pediatra revela - Jornal Fatos e Not\u00edcias","isPartOf":{"@id":"https:\/\/jornalfatosenoticias.com.br\/#website"},"primaryImageOfPage":{"@id":"https:\/\/jornalfatosenoticias.com.br\/index.php\/2024\/04\/16\/crianca-pode-tomar-cafe-pediatra-revela\/#primaryimage"},"image":{"@id":"https:\/\/jornalfatosenoticias.com.br\/index.php\/2024\/04\/16\/crianca-pode-tomar-cafe-pediatra-revela\/#primaryimage"},"thumbnailUrl":"https:\/\/jornalfatosenoticias.com.br\/wp-content\/uploads\/2024\/04\/crianca-pode-tomar-cafe_Freepik.jpg","datePublished":"2024-04-16T13:08:13+00:00","dateModified":"2024-04-16T13:08:15+00:00","breadcrumb":{"@id":"https:\/\/jornalfatosenoticias.com.br\/index.php\/2024\/04\/16\/crianca-pode-tomar-cafe-pediatra-revela\/#breadcrumb"},"inLanguage":"pt-BR","potentialAction":[{"@type":"ReadAction","target":["https:\/\/jornalfatosenoticias.com.br\/index.php\/2024\/04\/16\/crianca-pode-tomar-cafe-pediatra-revela\/"]}]},{"@type":"ImageObject","inLanguage":"pt-BR","@id":"https:\/\/jornalfatosenoticias.com.br\/index.php\/2024\/04\/16\/crianca-pode-tomar-cafe-pediatra-revela\/#primaryimage","url":"https:\/\/jornalfatosenoticias.com.br\/wp-content\/uploads\/2024\/04\/crianca-pode-tomar-cafe_Freepik.jpg","contentUrl":"https:\/\/jornalfatosenoticias.com.br\/wp-content\/uploads\/2024\/04\/crianca-pode-tomar-cafe_Freepik.jpg","width":774,"height":516},{"@type":"BreadcrumbList","@id":"https:\/\/jornalfatosenoticias.com.br\/index.php\/2024\/04\/16\/crianca-pode-tomar-cafe-pediatra-revela\/#breadcrumb","itemListElement":[{"@type":"ListItem","position":1,"name":"In\u00edcio","item":"https:\/\/jornalfatosenoticias.com.br\/"},{"@type":"ListItem","position":2,"name":"Crian\u00e7a pode tomar caf\u00e9? Pediatra revela"}]},{"@type":"WebSite","@id":"https:\/\/jornalfatosenoticias.com.br\/#website","url":"https:\/\/jornalfatosenoticias.com.br\/","name":"Jornal Fatos e Not\u00edcias","description":"Not\u00edcias em geral","publisher":{"@id":"https:\/\/jornalfatosenoticias.com.br\/#organization"},"potentialAction":[{"@type":"SearchAction","target":{"@type":"EntryPoint","urlTemplate":"https:\/\/jornalfatosenoticias.com.br\/?s={search_term_string}"},"query-input":{"@type":"PropertyValueSpecification","valueRequired":true,"valueName":"search_term_string"}}],"inLanguage":"pt-BR"},{"@type":"Organization","@id":"https:\/\/jornalfatosenoticias.com.br\/#organization","name":"Jornal Fatos e Not\u00edcias","url":"https:\/\/jornalfatosenoticias.com.br\/","logo":{"@type":"ImageObject","inLanguage":"pt-BR","@id":"https:\/\/jornalfatosenoticias.com.br\/#\/schema\/logo\/image\/","url":"https:\/\/jornalfatosenoticias.com.br\/wp-content\/uploads\/2020\/02\/logo120.png","contentUrl":"https:\/\/jornalfatosenoticias.com.br\/wp-content\/uploads\/2020\/02\/logo120.png","width":1227,"height":120,"caption":"Jornal Fatos e Not\u00edcias"},"image":{"@id":"https:\/\/jornalfatosenoticias.com.br\/#\/schema\/logo\/image\/"}},{"@type":"Person","@id":"https:\/\/jornalfatosenoticias.com.br\/#\/schema\/person\/d63837fa13ac8666eb9e74e0985d6f81","name":"Luzimara Fernandes","image":{"@type":"ImageObject","inLanguage":"pt-BR","@id":"https:\/\/jornalfatosenoticias.com.br\/#\/schema\/person\/image\/","url":"https:\/\/jornalfatosenoticias.com.br\/wp-content\/uploads\/2025\/05\/EU_portal.jpg","contentUrl":"https:\/\/jornalfatosenoticias.com.br\/wp-content\/uploads\/2025\/05\/EU_portal.jpg","caption":"Luzimara Fernandes"},"description":"Jornalista MTB 2358-ES","sameAs":["https:\/\/jornalfatosenoticias.com.br"],"url":"https:\/\/jornalfatosenoticias.com.br\/index.php\/author\/luzimara\/"}]}},"cc_featured_image_caption":{"caption_text":"(Foto: Freepik) ","source_text":"","source_url":""},"jetpack_featured_media_url":"https:\/\/jornalfatosenoticias.com.br\/wp-content\/uploads\/2024\/04\/crianca-pode-tomar-cafe_Freepik.jpg","_links":{"self":[{"href":"https:\/\/jornalfatosenoticias.com.br\/index.php\/wp-json\/wp\/v2\/posts\/50644","targetHints":{"allow":["GET"]}}],"collection":[{"href":"https:\/\/jornalfatosenoticias.com.br\/index.php\/wp-json\/wp\/v2\/posts"}],"about":[{"href":"https:\/\/jornalfatosenoticias.com.br\/index.php\/wp-json\/wp\/v2\/types\/post"}],"author":[{"embeddable":true,"href":"https:\/\/jornalfatosenoticias.com.br\/index.php\/wp-json\/wp\/v2\/users\/2"}],"replies":[{"embeddable":true,"href":"https:\/\/jornalfatosenoticias.com.br\/index.php\/wp-json\/wp\/v2\/comments?post=50644"}],"version-history":[{"count":0,"href":"https:\/\/jornalfatosenoticias.com.br\/index.php\/wp-json\/wp\/v2\/posts\/50644\/revisions"}],"wp:featuredmedia":[{"embeddable":true,"href":"https:\/\/jornalfatosenoticias.com.br\/index.php\/wp-json\/wp\/v2\/media\/50645"}],"wp:attachment":[{"href":"https:\/\/jornalfatosenoticias.com.br\/index.php\/wp-json\/wp\/v2\/media?parent=50644"}],"wp:term":[{"taxonomy":"category","embeddable":true,"href":"https:\/\/jornalfatosenoticias.com.br\/index.php\/wp-json\/wp\/v2\/categories?post=50644"},{"taxonomy":"post_tag","embeddable":true,"href":"https:\/\/jornalfatosenoticias.com.br\/index.php\/wp-json\/wp\/v2\/tags?post=50644"}],"curies":[{"name":"wp","href":"https:\/\/api.w.org\/{rel}","templated":true}]}}