{"id":50651,"date":"2024-04-16T10:35:25","date_gmt":"2024-04-16T13:35:25","guid":{"rendered":"https:\/\/jornalfatosenoticias.com.br\/?p=50651"},"modified":"2024-04-16T10:35:27","modified_gmt":"2024-04-16T13:35:27","slug":"casos-de-cancer-de-testiculo-aumentam-no-brasil-conheca-o-autoexame","status":"publish","type":"post","link":"https:\/\/jornalfatosenoticias.com.br\/index.php\/2024\/04\/16\/casos-de-cancer-de-testiculo-aumentam-no-brasil-conheca-o-autoexame\/","title":{"rendered":"Casos de c\u00e2ncer de test\u00edculo aumentam no Brasil; conhe\u00e7a o autoexame"},"content":{"rendered":"\n<p><em><span class=\"has-inline-color has-black-color\">O c\u00e2ncer de test\u00edculo foi respons\u00e1vel por mais de 3.700 mortes no Brasil entre 2012 e 2021, sendo 60% dos \u00f3bitos em homens de 20 a 39 anos<\/span><\/em><\/p>\n\n\n\n<p><span class=\"has-inline-color has-black-color\">Por <strong><a href=\"https:\/\/olhardigital.com.br\/author\/alessandro-lorenzo\/\">Alessandro Di Lorenzo<\/a><\/strong><\/span><\/p>\n\n\n\n<div class=\"wp-block-image\"><figure class=\"aligncenter size-large is-resized\"><img loading=\"lazy\" decoding=\"async\" src=\"https:\/\/jornalfatosenoticias.com.br\/wp-content\/uploads\/2020\/02\/banner_ferramentas-1024x100.jpg\" alt=\"\" class=\"wp-image-1258\" width=\"580\" height=\"56\" srcset=\"https:\/\/jornalfatosenoticias.com.br\/wp-content\/uploads\/2020\/02\/banner_ferramentas-1024x100.jpg 1024w, https:\/\/jornalfatosenoticias.com.br\/wp-content\/uploads\/2020\/02\/banner_ferramentas-300x29.jpg 300w, https:\/\/jornalfatosenoticias.com.br\/wp-content\/uploads\/2020\/02\/banner_ferramentas-768x75.jpg 768w, https:\/\/jornalfatosenoticias.com.br\/wp-content\/uploads\/2020\/02\/banner_ferramentas.jpg 1227w\" sizes=\"auto, (max-width: 580px) 100vw, 580px\" \/><\/figure><\/div>\n\n\n\n<p>Uma realidade preocupante. Segundo dados do Instituto Nacional de C\u00e2ncer (Inca), o <a href=\"https:\/\/olhardigital.com.br\/tag\/cancer-de-testiculo\/\">c\u00e2ncer\u00a0de test\u00edculo<\/a>\u00a0foi respons\u00e1vel por mais de 3.700 mortes no\u00a0<a href=\"https:\/\/olhardigital.com.br\/tag\/brasil\/\">Brasil<\/a>\u00a0entre 2012 e 2021. A maior parte dos diagn\u00f3sticos abrange homens entre 15 e 35 anos, enquanto 60% dos \u00f3bitos foram registrados na popula\u00e7\u00e3o entre 20 a 39 anos. Para aumentar a conscientiza\u00e7\u00e3o sobre a\u00a0<a href=\"https:\/\/olhardigital.com.br\/tag\/doenca\/\">doen\u00e7a<\/a>, a Sociedade Brasileira de Urologia (SBU) realiza a campanha Abril Lil\u00e1s.<br>Nos \u00faltimos anos, o Minist\u00e9rio da Sa\u00fade registrou mais de 25 mil orquiectomias, cirurgia para retirada do test\u00edculo. A grande diferen\u00e7a do c\u00e2ncer de test\u00edculo \u00e9 que ele est\u00e1 associado \u00e0 idade reprodutiva, sendo as pessoas mais jovens as principais afetadas.<\/p>\n\n\n\n<div class=\"wp-block-image\"><figure class=\"aligncenter size-large\"><img decoding=\"async\" src=\"https:\/\/jornalfatosenoticias.com.br\/wp-content\/uploads\/2020\/02\/logo_esteio.jpg\" alt=\"\" class=\"wp-image-1214\"\/><\/figure><\/div>\n\n\n\n<blockquote class=\"wp-block-quote is-layout-flow wp-block-quote-is-layout-flow\"><p><span class=\"has-inline-color has-luminous-vivid-orange-color\">O c\u00e2ncer de test\u00edculo \u00e9 uma neoplasia de c\u00e9lulas germinativas. Assim, quanto maior a produ\u00e7\u00e3o de espermatozoides, maiores as chances de desenvolver a doen\u00e7a. Por isso, afeta principalmente os indiv\u00edduos no in\u00edcio da puberdade, a partir dos 13 anos, at\u00e9 os 39, quando h\u00e1 um decl\u00ednio na fun\u00e7\u00e3o testicular&#8221;, explica Jo\u00e3o Paulo Fantin, m\u00e9dico do departamento de Uro-Oncologia da Sociedade Brasileira de Urologia (SBU) de S\u00e3o Paulo.<\/span><\/p><\/blockquote>\n\n\n\n<div class=\"wp-block-image\"><figure class=\"aligncenter size-large\"><img decoding=\"async\" src=\"https:\/\/jornalfatosenoticias.com.br\/wp-content\/uploads\/2020\/02\/barao-das-carnes-300x164-1.jpg\" alt=\"\" class=\"wp-image-34339\"\/><\/figure><\/div>\n\n\n\n<p>Pelo fato de o test\u00edculo ser um \u00f3rg\u00e3o externo e palp\u00e1vel, o autoexame se destaca como a principal forma de detec\u00e7\u00e3o precoce da doen\u00e7a. Isso \u00e9 fundamental especialmente pelo fato do c\u00e2ncer de test\u00edculo ter um potencial para dissemina\u00e7\u00e3o r\u00e1pida, aumentando a probabilidade de morte.<br>Segundo o m\u00e9dico, o diagn\u00f3stico precoce reduz significativamente o risco de met\u00e1stase, com taxas de sobreviv\u00eancia superiores a 90%. As informa\u00e7\u00f5es s\u00e3o do <a href=\"https:\/\/www.estadao.com.br\/saude\/cancer-de-testiculo-atinge-homens-jovens-e-tem-alto-potencial-de-se-espalhar-alerta-entidade-medica\/?\" target=\"_blank\" rel=\"noreferrer noopener\">Estad\u00e3o<\/a>.<\/p>\n\n\n\n<div class=\"wp-block-image\"><figure class=\"aligncenter size-large is-resized\"><img loading=\"lazy\" decoding=\"async\" src=\"https:\/\/jornalfatosenoticias.com.br\/wp-content\/uploads\/2023\/08\/BKR-1024x1021.jpg\" alt=\"\" class=\"wp-image-44494\" width=\"277\" height=\"276\" srcset=\"https:\/\/jornalfatosenoticias.com.br\/wp-content\/uploads\/2023\/08\/BKR-1024x1021.jpg 1024w, https:\/\/jornalfatosenoticias.com.br\/wp-content\/uploads\/2023\/08\/BKR-300x300.jpg 300w, https:\/\/jornalfatosenoticias.com.br\/wp-content\/uploads\/2023\/08\/BKR-150x150.jpg 150w, https:\/\/jornalfatosenoticias.com.br\/wp-content\/uploads\/2023\/08\/BKR-768x766.jpg 768w, https:\/\/jornalfatosenoticias.com.br\/wp-content\/uploads\/2023\/08\/BKR.jpg 1080w\" sizes=\"auto, (max-width: 277px) 100vw, 277px\" \/><\/figure><\/div>\n\n\n\n<h3 class=\"wp-block-heading\"><span class=\"has-inline-color has-black-color\">Existe tratamento<\/span><\/h3>\n\n\n\n<ol class=\"wp-block-list\"><li>Ao longo deste m\u00eas de abril, a Sociedade Brasileira de Urologia est\u00e1 realizando uma s\u00e9rie de a\u00e7\u00f5es para aumentar a conscientiza\u00e7\u00e3o sobre a doen\u00e7a.<\/li><li>Um dos pontos mais importantes \u00e9 o conhecimento sobre os sintomas deste tipo de tumor.<\/li><li>O surgimento de caro\u00e7os em um ou nos dois test\u00edculos \u00e9 um sinal de alerta.<\/li><li>Em alguns casos, tamb\u00e9m pode ocorrer altera\u00e7\u00e3o na cor dos test\u00edculos.<\/li><li>A doen\u00e7a, no entanto, pode ser confundida com uma inflama\u00e7\u00e3o no pr\u00f3prio test\u00edculo ou no epid\u00eddimo (estrutura com pequenos canais atr\u00e1s do test\u00edculo, onde ficam armazenados os espermatozoides at\u00e9 o seu amadurecimento), hidrocele (ac\u00famulo de l\u00edquido na bolsa escrotal) e varicocele (dilata\u00e7\u00e3o anormal das veias testiculares). Por isso \u00e9 essencial buscar a avalia\u00e7\u00e3o de um urologista ao notar algo diferente.<\/li><li>J\u00e1 quando h\u00e1 met\u00e1stase, os principais sintomas costumam estar associados com falta de ar ou tosse.<\/li><li>Outro ponto importante, segundo a Sociedade Brasileira de Urologia, \u00e9 que existe tratamento.<\/li><li>A orquiectomia \u00e9 uma cirurgia para remover o test\u00edculo afetado.<\/li><li>Posteriormente, exames de imagem, bi\u00f3psia e marcadores tumorais auxiliam na determina\u00e7\u00e3o do pr\u00f3ximo passo do tratamento, que pode envolver quimioterapia, cirurgia adicional ou apenas acompanhamento.<\/li><li>H\u00e1 risco de infertilidade ap\u00f3s estes procedimentos.<\/li><li>Por isso, \u00e9 recomendado que os pacientes considerem a preserva\u00e7\u00e3o de espermatozoides por meio de congelamento.<\/li><\/ol>\n\n\n\n<div class=\"wp-block-image\"><figure class=\"aligncenter size-large is-resized\"><img loading=\"lazy\" decoding=\"async\" src=\"https:\/\/jornalfatosenoticias.com.br\/wp-content\/uploads\/2023\/09\/vetorvix1024_1.jpg\" alt=\"\" class=\"wp-image-44868\" width=\"524\" height=\"139\" srcset=\"https:\/\/jornalfatosenoticias.com.br\/wp-content\/uploads\/2023\/09\/vetorvix1024_1.jpg 1024w, https:\/\/jornalfatosenoticias.com.br\/wp-content\/uploads\/2023\/09\/vetorvix1024_1-300x80.jpg 300w, https:\/\/jornalfatosenoticias.com.br\/wp-content\/uploads\/2023\/09\/vetorvix1024_1-768x205.jpg 768w\" sizes=\"auto, (max-width: 524px) 100vw, 524px\" \/><\/figure><\/div>\n\n\n\n<p><strong><em>Fonte: <a href=\"https:\/\/olhardigital.com.br\/2024\/04\/12\/medicina-e-saude\/casos-de-cancer-de-testiculo-aumentam-no-brasil-conheca-o-autoexame\/\">Olhar Digital<\/a><\/em><\/strong><\/p>\n","protected":false},"excerpt":{"rendered":"<p>O c\u00e2ncer de test\u00edculo foi respons\u00e1vel por mais de 3.700 mortes no Brasil entre 2012 e 2021, sendo 60% dos \u00f3bitos em homens de 20 a 39 anos Por Alessandro Di Lorenzo Uma realidade preocupante. Segundo dados do Instituto Nacional de C\u00e2ncer (Inca), o c\u00e2ncer\u00a0de test\u00edculo\u00a0foi respons\u00e1vel por mais de 3.700 mortes no\u00a0Brasil\u00a0entre 2012 e [&hellip;]<\/p>\n","protected":false},"author":2,"featured_media":50652,"comment_status":"open","ping_status":"open","sticky":false,"template":"","format":"standard","meta":{"footnotes":""},"categories":[11],"tags":[597,642,23298,394],"class_list":["post-50651","post","type-post","status-publish","format-standard","has-post-thumbnail","hentry","category-saude","tag-brasil","tag-cancer","tag-cancer-de-testiculo","tag-doenca"],"yoast_head":"<!-- This site is optimized with the Yoast SEO plugin v26.5 - https:\/\/yoast.com\/wordpress\/plugins\/seo\/ -->\n<title>Casos de c\u00e2ncer de test\u00edculo aumentam no Brasil; conhe\u00e7a o autoexame - Jornal Fatos e Not\u00edcias<\/title>\n<meta name=\"robots\" content=\"index, follow, max-snippet:-1, max-image-preview:large, max-video-preview:-1\" \/>\n<link rel=\"canonical\" href=\"https:\/\/jornalfatosenoticias.com.br\/index.php\/2024\/04\/16\/casos-de-cancer-de-testiculo-aumentam-no-brasil-conheca-o-autoexame\/\" \/>\n<meta property=\"og:locale\" content=\"pt_BR\" \/>\n<meta property=\"og:type\" content=\"article\" \/>\n<meta property=\"og:title\" content=\"Casos de c\u00e2ncer de test\u00edculo aumentam no Brasil; conhe\u00e7a o autoexame - Jornal Fatos e Not\u00edcias\" \/>\n<meta property=\"og:description\" content=\"O c\u00e2ncer de test\u00edculo foi respons\u00e1vel por mais de 3.700 mortes no Brasil entre 2012 e 2021, sendo 60% dos \u00f3bitos em homens de 20 a 39 anos Por Alessandro Di Lorenzo Uma realidade preocupante. Segundo dados do Instituto Nacional de C\u00e2ncer (Inca), o c\u00e2ncer\u00a0de test\u00edculo\u00a0foi respons\u00e1vel por mais de 3.700 mortes no\u00a0Brasil\u00a0entre 2012 e [&hellip;]\" \/>\n<meta property=\"og:url\" content=\"https:\/\/jornalfatosenoticias.com.br\/index.php\/2024\/04\/16\/casos-de-cancer-de-testiculo-aumentam-no-brasil-conheca-o-autoexame\/\" \/>\n<meta property=\"og:site_name\" content=\"Jornal Fatos e Not\u00edcias\" \/>\n<meta property=\"article:published_time\" content=\"2024-04-16T13:35:25+00:00\" \/>\n<meta property=\"article:modified_time\" content=\"2024-04-16T13:35:27+00:00\" \/>\n<meta property=\"og:image\" content=\"https:\/\/jornalfatosenoticias.com.br\/wp-content\/uploads\/2024\/04\/cancer-de-testiculo_istock.jpg\" \/>\n\t<meta property=\"og:image:width\" content=\"612\" \/>\n\t<meta property=\"og:image:height\" content=\"344\" \/>\n\t<meta property=\"og:image:type\" content=\"image\/jpeg\" \/>\n<meta name=\"author\" content=\"Luzimara Fernandes\" \/>\n<meta name=\"twitter:card\" content=\"summary_large_image\" \/>\n<meta name=\"twitter:label1\" content=\"Escrito por\" \/>\n\t<meta name=\"twitter:data1\" content=\"Luzimara Fernandes\" \/>\n\t<meta name=\"twitter:label2\" content=\"Est. tempo de leitura\" \/>\n\t<meta name=\"twitter:data2\" content=\"3 minutos\" \/>\n<script type=\"application\/ld+json\" class=\"yoast-schema-graph\">{\"@context\":\"https:\/\/schema.org\",\"@graph\":[{\"@type\":\"Article\",\"@id\":\"https:\/\/jornalfatosenoticias.com.br\/index.php\/2024\/04\/16\/casos-de-cancer-de-testiculo-aumentam-no-brasil-conheca-o-autoexame\/#article\",\"isPartOf\":{\"@id\":\"https:\/\/jornalfatosenoticias.com.br\/index.php\/2024\/04\/16\/casos-de-cancer-de-testiculo-aumentam-no-brasil-conheca-o-autoexame\/\"},\"author\":{\"name\":\"Luzimara Fernandes\",\"@id\":\"https:\/\/jornalfatosenoticias.com.br\/#\/schema\/person\/d63837fa13ac8666eb9e74e0985d6f81\"},\"headline\":\"Casos de c\u00e2ncer de test\u00edculo aumentam no Brasil; conhe\u00e7a o autoexame\",\"datePublished\":\"2024-04-16T13:35:25+00:00\",\"dateModified\":\"2024-04-16T13:35:27+00:00\",\"mainEntityOfPage\":{\"@id\":\"https:\/\/jornalfatosenoticias.com.br\/index.php\/2024\/04\/16\/casos-de-cancer-de-testiculo-aumentam-no-brasil-conheca-o-autoexame\/\"},\"wordCount\":557,\"commentCount\":0,\"publisher\":{\"@id\":\"https:\/\/jornalfatosenoticias.com.br\/#organization\"},\"image\":{\"@id\":\"https:\/\/jornalfatosenoticias.com.br\/index.php\/2024\/04\/16\/casos-de-cancer-de-testiculo-aumentam-no-brasil-conheca-o-autoexame\/#primaryimage\"},\"thumbnailUrl\":\"https:\/\/jornalfatosenoticias.com.br\/wp-content\/uploads\/2024\/04\/cancer-de-testiculo_istock.jpg\",\"keywords\":[\"Brasil\",\"c\u00e2ncer\",\"c\u00e2ncer de test\u00edculo\",\"doen\u00e7a\"],\"articleSection\":[\"Sa\u00fade\"],\"inLanguage\":\"pt-BR\",\"potentialAction\":[{\"@type\":\"CommentAction\",\"name\":\"Comment\",\"target\":[\"https:\/\/jornalfatosenoticias.com.br\/index.php\/2024\/04\/16\/casos-de-cancer-de-testiculo-aumentam-no-brasil-conheca-o-autoexame\/#respond\"]}]},{\"@type\":\"WebPage\",\"@id\":\"https:\/\/jornalfatosenoticias.com.br\/index.php\/2024\/04\/16\/casos-de-cancer-de-testiculo-aumentam-no-brasil-conheca-o-autoexame\/\",\"url\":\"https:\/\/jornalfatosenoticias.com.br\/index.php\/2024\/04\/16\/casos-de-cancer-de-testiculo-aumentam-no-brasil-conheca-o-autoexame\/\",\"name\":\"Casos de c\u00e2ncer de test\u00edculo aumentam no Brasil; conhe\u00e7a o autoexame - Jornal Fatos e Not\u00edcias\",\"isPartOf\":{\"@id\":\"https:\/\/jornalfatosenoticias.com.br\/#website\"},\"primaryImageOfPage\":{\"@id\":\"https:\/\/jornalfatosenoticias.com.br\/index.php\/2024\/04\/16\/casos-de-cancer-de-testiculo-aumentam-no-brasil-conheca-o-autoexame\/#primaryimage\"},\"image\":{\"@id\":\"https:\/\/jornalfatosenoticias.com.br\/index.php\/2024\/04\/16\/casos-de-cancer-de-testiculo-aumentam-no-brasil-conheca-o-autoexame\/#primaryimage\"},\"thumbnailUrl\":\"https:\/\/jornalfatosenoticias.com.br\/wp-content\/uploads\/2024\/04\/cancer-de-testiculo_istock.jpg\",\"datePublished\":\"2024-04-16T13:35:25+00:00\",\"dateModified\":\"2024-04-16T13:35:27+00:00\",\"breadcrumb\":{\"@id\":\"https:\/\/jornalfatosenoticias.com.br\/index.php\/2024\/04\/16\/casos-de-cancer-de-testiculo-aumentam-no-brasil-conheca-o-autoexame\/#breadcrumb\"},\"inLanguage\":\"pt-BR\",\"potentialAction\":[{\"@type\":\"ReadAction\",\"target\":[\"https:\/\/jornalfatosenoticias.com.br\/index.php\/2024\/04\/16\/casos-de-cancer-de-testiculo-aumentam-no-brasil-conheca-o-autoexame\/\"]}]},{\"@type\":\"ImageObject\",\"inLanguage\":\"pt-BR\",\"@id\":\"https:\/\/jornalfatosenoticias.com.br\/index.php\/2024\/04\/16\/casos-de-cancer-de-testiculo-aumentam-no-brasil-conheca-o-autoexame\/#primaryimage\",\"url\":\"https:\/\/jornalfatosenoticias.com.br\/wp-content\/uploads\/2024\/04\/cancer-de-testiculo_istock.jpg\",\"contentUrl\":\"https:\/\/jornalfatosenoticias.com.br\/wp-content\/uploads\/2024\/04\/cancer-de-testiculo_istock.jpg\",\"width\":612,\"height\":344,\"caption\":\"Testicular cancer, medical 3D illustration showing malignant tumor in the testis and close-up view of testicular cancer cell\"},{\"@type\":\"BreadcrumbList\",\"@id\":\"https:\/\/jornalfatosenoticias.com.br\/index.php\/2024\/04\/16\/casos-de-cancer-de-testiculo-aumentam-no-brasil-conheca-o-autoexame\/#breadcrumb\",\"itemListElement\":[{\"@type\":\"ListItem\",\"position\":1,\"name\":\"In\u00edcio\",\"item\":\"https:\/\/jornalfatosenoticias.com.br\/\"},{\"@type\":\"ListItem\",\"position\":2,\"name\":\"Casos de c\u00e2ncer de test\u00edculo aumentam no Brasil; conhe\u00e7a o autoexame\"}]},{\"@type\":\"WebSite\",\"@id\":\"https:\/\/jornalfatosenoticias.com.br\/#website\",\"url\":\"https:\/\/jornalfatosenoticias.com.br\/\",\"name\":\"Jornal Fatos e Not\u00edcias\",\"description\":\"Not\u00edcias em geral\",\"publisher\":{\"@id\":\"https:\/\/jornalfatosenoticias.com.br\/#organization\"},\"potentialAction\":[{\"@type\":\"SearchAction\",\"target\":{\"@type\":\"EntryPoint\",\"urlTemplate\":\"https:\/\/jornalfatosenoticias.com.br\/?s={search_term_string}\"},\"query-input\":{\"@type\":\"PropertyValueSpecification\",\"valueRequired\":true,\"valueName\":\"search_term_string\"}}],\"inLanguage\":\"pt-BR\"},{\"@type\":\"Organization\",\"@id\":\"https:\/\/jornalfatosenoticias.com.br\/#organization\",\"name\":\"Jornal Fatos e Not\u00edcias\",\"url\":\"https:\/\/jornalfatosenoticias.com.br\/\",\"logo\":{\"@type\":\"ImageObject\",\"inLanguage\":\"pt-BR\",\"@id\":\"https:\/\/jornalfatosenoticias.com.br\/#\/schema\/logo\/image\/\",\"url\":\"https:\/\/jornalfatosenoticias.com.br\/wp-content\/uploads\/2020\/02\/logo120.png\",\"contentUrl\":\"https:\/\/jornalfatosenoticias.com.br\/wp-content\/uploads\/2020\/02\/logo120.png\",\"width\":1227,\"height\":120,\"caption\":\"Jornal Fatos e Not\u00edcias\"},\"image\":{\"@id\":\"https:\/\/jornalfatosenoticias.com.br\/#\/schema\/logo\/image\/\"}},{\"@type\":\"Person\",\"@id\":\"https:\/\/jornalfatosenoticias.com.br\/#\/schema\/person\/d63837fa13ac8666eb9e74e0985d6f81\",\"name\":\"Luzimara Fernandes\",\"image\":{\"@type\":\"ImageObject\",\"inLanguage\":\"pt-BR\",\"@id\":\"https:\/\/jornalfatosenoticias.com.br\/#\/schema\/person\/image\/\",\"url\":\"https:\/\/jornalfatosenoticias.com.br\/wp-content\/uploads\/2025\/05\/EU_portal.jpg\",\"contentUrl\":\"https:\/\/jornalfatosenoticias.com.br\/wp-content\/uploads\/2025\/05\/EU_portal.jpg\",\"caption\":\"Luzimara Fernandes\"},\"description\":\"Jornalista MTB 2358-ES\",\"sameAs\":[\"https:\/\/jornalfatosenoticias.com.br\"],\"url\":\"https:\/\/jornalfatosenoticias.com.br\/index.php\/author\/luzimara\/\"}]}<\/script>\n<!-- \/ Yoast SEO plugin. -->","yoast_head_json":{"title":"Casos de c\u00e2ncer de test\u00edculo aumentam no Brasil; conhe\u00e7a o autoexame - Jornal Fatos e Not\u00edcias","robots":{"index":"index","follow":"follow","max-snippet":"max-snippet:-1","max-image-preview":"max-image-preview:large","max-video-preview":"max-video-preview:-1"},"canonical":"https:\/\/jornalfatosenoticias.com.br\/index.php\/2024\/04\/16\/casos-de-cancer-de-testiculo-aumentam-no-brasil-conheca-o-autoexame\/","og_locale":"pt_BR","og_type":"article","og_title":"Casos de c\u00e2ncer de test\u00edculo aumentam no Brasil; conhe\u00e7a o autoexame - Jornal Fatos e Not\u00edcias","og_description":"O c\u00e2ncer de test\u00edculo foi respons\u00e1vel por mais de 3.700 mortes no Brasil entre 2012 e 2021, sendo 60% dos \u00f3bitos em homens de 20 a 39 anos Por Alessandro Di Lorenzo Uma realidade preocupante. Segundo dados do Instituto Nacional de C\u00e2ncer (Inca), o c\u00e2ncer\u00a0de test\u00edculo\u00a0foi respons\u00e1vel por mais de 3.700 mortes no\u00a0Brasil\u00a0entre 2012 e [&hellip;]","og_url":"https:\/\/jornalfatosenoticias.com.br\/index.php\/2024\/04\/16\/casos-de-cancer-de-testiculo-aumentam-no-brasil-conheca-o-autoexame\/","og_site_name":"Jornal Fatos e Not\u00edcias","article_published_time":"2024-04-16T13:35:25+00:00","article_modified_time":"2024-04-16T13:35:27+00:00","og_image":[{"width":612,"height":344,"url":"https:\/\/jornalfatosenoticias.com.br\/wp-content\/uploads\/2024\/04\/cancer-de-testiculo_istock.jpg","type":"image\/jpeg"}],"author":"Luzimara Fernandes","twitter_card":"summary_large_image","twitter_misc":{"Escrito por":"Luzimara Fernandes","Est. tempo de leitura":"3 minutos"},"schema":{"@context":"https:\/\/schema.org","@graph":[{"@type":"Article","@id":"https:\/\/jornalfatosenoticias.com.br\/index.php\/2024\/04\/16\/casos-de-cancer-de-testiculo-aumentam-no-brasil-conheca-o-autoexame\/#article","isPartOf":{"@id":"https:\/\/jornalfatosenoticias.com.br\/index.php\/2024\/04\/16\/casos-de-cancer-de-testiculo-aumentam-no-brasil-conheca-o-autoexame\/"},"author":{"name":"Luzimara Fernandes","@id":"https:\/\/jornalfatosenoticias.com.br\/#\/schema\/person\/d63837fa13ac8666eb9e74e0985d6f81"},"headline":"Casos de c\u00e2ncer de test\u00edculo aumentam no Brasil; conhe\u00e7a o autoexame","datePublished":"2024-04-16T13:35:25+00:00","dateModified":"2024-04-16T13:35:27+00:00","mainEntityOfPage":{"@id":"https:\/\/jornalfatosenoticias.com.br\/index.php\/2024\/04\/16\/casos-de-cancer-de-testiculo-aumentam-no-brasil-conheca-o-autoexame\/"},"wordCount":557,"commentCount":0,"publisher":{"@id":"https:\/\/jornalfatosenoticias.com.br\/#organization"},"image":{"@id":"https:\/\/jornalfatosenoticias.com.br\/index.php\/2024\/04\/16\/casos-de-cancer-de-testiculo-aumentam-no-brasil-conheca-o-autoexame\/#primaryimage"},"thumbnailUrl":"https:\/\/jornalfatosenoticias.com.br\/wp-content\/uploads\/2024\/04\/cancer-de-testiculo_istock.jpg","keywords":["Brasil","c\u00e2ncer","c\u00e2ncer de test\u00edculo","doen\u00e7a"],"articleSection":["Sa\u00fade"],"inLanguage":"pt-BR","potentialAction":[{"@type":"CommentAction","name":"Comment","target":["https:\/\/jornalfatosenoticias.com.br\/index.php\/2024\/04\/16\/casos-de-cancer-de-testiculo-aumentam-no-brasil-conheca-o-autoexame\/#respond"]}]},{"@type":"WebPage","@id":"https:\/\/jornalfatosenoticias.com.br\/index.php\/2024\/04\/16\/casos-de-cancer-de-testiculo-aumentam-no-brasil-conheca-o-autoexame\/","url":"https:\/\/jornalfatosenoticias.com.br\/index.php\/2024\/04\/16\/casos-de-cancer-de-testiculo-aumentam-no-brasil-conheca-o-autoexame\/","name":"Casos de c\u00e2ncer de test\u00edculo aumentam no Brasil; conhe\u00e7a o autoexame - Jornal Fatos e Not\u00edcias","isPartOf":{"@id":"https:\/\/jornalfatosenoticias.com.br\/#website"},"primaryImageOfPage":{"@id":"https:\/\/jornalfatosenoticias.com.br\/index.php\/2024\/04\/16\/casos-de-cancer-de-testiculo-aumentam-no-brasil-conheca-o-autoexame\/#primaryimage"},"image":{"@id":"https:\/\/jornalfatosenoticias.com.br\/index.php\/2024\/04\/16\/casos-de-cancer-de-testiculo-aumentam-no-brasil-conheca-o-autoexame\/#primaryimage"},"thumbnailUrl":"https:\/\/jornalfatosenoticias.com.br\/wp-content\/uploads\/2024\/04\/cancer-de-testiculo_istock.jpg","datePublished":"2024-04-16T13:35:25+00:00","dateModified":"2024-04-16T13:35:27+00:00","breadcrumb":{"@id":"https:\/\/jornalfatosenoticias.com.br\/index.php\/2024\/04\/16\/casos-de-cancer-de-testiculo-aumentam-no-brasil-conheca-o-autoexame\/#breadcrumb"},"inLanguage":"pt-BR","potentialAction":[{"@type":"ReadAction","target":["https:\/\/jornalfatosenoticias.com.br\/index.php\/2024\/04\/16\/casos-de-cancer-de-testiculo-aumentam-no-brasil-conheca-o-autoexame\/"]}]},{"@type":"ImageObject","inLanguage":"pt-BR","@id":"https:\/\/jornalfatosenoticias.com.br\/index.php\/2024\/04\/16\/casos-de-cancer-de-testiculo-aumentam-no-brasil-conheca-o-autoexame\/#primaryimage","url":"https:\/\/jornalfatosenoticias.com.br\/wp-content\/uploads\/2024\/04\/cancer-de-testiculo_istock.jpg","contentUrl":"https:\/\/jornalfatosenoticias.com.br\/wp-content\/uploads\/2024\/04\/cancer-de-testiculo_istock.jpg","width":612,"height":344,"caption":"Testicular cancer, medical 3D illustration showing malignant tumor in the testis and close-up view of testicular cancer cell"},{"@type":"BreadcrumbList","@id":"https:\/\/jornalfatosenoticias.com.br\/index.php\/2024\/04\/16\/casos-de-cancer-de-testiculo-aumentam-no-brasil-conheca-o-autoexame\/#breadcrumb","itemListElement":[{"@type":"ListItem","position":1,"name":"In\u00edcio","item":"https:\/\/jornalfatosenoticias.com.br\/"},{"@type":"ListItem","position":2,"name":"Casos de c\u00e2ncer de test\u00edculo aumentam no Brasil; conhe\u00e7a o autoexame"}]},{"@type":"WebSite","@id":"https:\/\/jornalfatosenoticias.com.br\/#website","url":"https:\/\/jornalfatosenoticias.com.br\/","name":"Jornal Fatos e Not\u00edcias","description":"Not\u00edcias em geral","publisher":{"@id":"https:\/\/jornalfatosenoticias.com.br\/#organization"},"potentialAction":[{"@type":"SearchAction","target":{"@type":"EntryPoint","urlTemplate":"https:\/\/jornalfatosenoticias.com.br\/?s={search_term_string}"},"query-input":{"@type":"PropertyValueSpecification","valueRequired":true,"valueName":"search_term_string"}}],"inLanguage":"pt-BR"},{"@type":"Organization","@id":"https:\/\/jornalfatosenoticias.com.br\/#organization","name":"Jornal Fatos e Not\u00edcias","url":"https:\/\/jornalfatosenoticias.com.br\/","logo":{"@type":"ImageObject","inLanguage":"pt-BR","@id":"https:\/\/jornalfatosenoticias.com.br\/#\/schema\/logo\/image\/","url":"https:\/\/jornalfatosenoticias.com.br\/wp-content\/uploads\/2020\/02\/logo120.png","contentUrl":"https:\/\/jornalfatosenoticias.com.br\/wp-content\/uploads\/2020\/02\/logo120.png","width":1227,"height":120,"caption":"Jornal Fatos e Not\u00edcias"},"image":{"@id":"https:\/\/jornalfatosenoticias.com.br\/#\/schema\/logo\/image\/"}},{"@type":"Person","@id":"https:\/\/jornalfatosenoticias.com.br\/#\/schema\/person\/d63837fa13ac8666eb9e74e0985d6f81","name":"Luzimara Fernandes","image":{"@type":"ImageObject","inLanguage":"pt-BR","@id":"https:\/\/jornalfatosenoticias.com.br\/#\/schema\/person\/image\/","url":"https:\/\/jornalfatosenoticias.com.br\/wp-content\/uploads\/2025\/05\/EU_portal.jpg","contentUrl":"https:\/\/jornalfatosenoticias.com.br\/wp-content\/uploads\/2025\/05\/EU_portal.jpg","caption":"Luzimara Fernandes"},"description":"Jornalista MTB 2358-ES","sameAs":["https:\/\/jornalfatosenoticias.com.br"],"url":"https:\/\/jornalfatosenoticias.com.br\/index.php\/author\/luzimara\/"}]}},"cc_featured_image_caption":{"caption_text":"(Foto: iStock) ","source_text":"","source_url":""},"jetpack_featured_media_url":"https:\/\/jornalfatosenoticias.com.br\/wp-content\/uploads\/2024\/04\/cancer-de-testiculo_istock.jpg","_links":{"self":[{"href":"https:\/\/jornalfatosenoticias.com.br\/index.php\/wp-json\/wp\/v2\/posts\/50651","targetHints":{"allow":["GET"]}}],"collection":[{"href":"https:\/\/jornalfatosenoticias.com.br\/index.php\/wp-json\/wp\/v2\/posts"}],"about":[{"href":"https:\/\/jornalfatosenoticias.com.br\/index.php\/wp-json\/wp\/v2\/types\/post"}],"author":[{"embeddable":true,"href":"https:\/\/jornalfatosenoticias.com.br\/index.php\/wp-json\/wp\/v2\/users\/2"}],"replies":[{"embeddable":true,"href":"https:\/\/jornalfatosenoticias.com.br\/index.php\/wp-json\/wp\/v2\/comments?post=50651"}],"version-history":[{"count":0,"href":"https:\/\/jornalfatosenoticias.com.br\/index.php\/wp-json\/wp\/v2\/posts\/50651\/revisions"}],"wp:featuredmedia":[{"embeddable":true,"href":"https:\/\/jornalfatosenoticias.com.br\/index.php\/wp-json\/wp\/v2\/media\/50652"}],"wp:attachment":[{"href":"https:\/\/jornalfatosenoticias.com.br\/index.php\/wp-json\/wp\/v2\/media?parent=50651"}],"wp:term":[{"taxonomy":"category","embeddable":true,"href":"https:\/\/jornalfatosenoticias.com.br\/index.php\/wp-json\/wp\/v2\/categories?post=50651"},{"taxonomy":"post_tag","embeddable":true,"href":"https:\/\/jornalfatosenoticias.com.br\/index.php\/wp-json\/wp\/v2\/tags?post=50651"}],"curies":[{"name":"wp","href":"https:\/\/api.w.org\/{rel}","templated":true}]}}