{"id":50660,"date":"2024-04-17T09:36:18","date_gmt":"2024-04-17T12:36:18","guid":{"rendered":"https:\/\/jornalfatosenoticias.com.br\/?p=50660"},"modified":"2024-04-17T09:36:19","modified_gmt":"2024-04-17T12:36:19","slug":"estao-abertas-as-inscricoes-para-a-23a-edicao-dos-jogos-estudantis-de-vitoria","status":"publish","type":"post","link":"https:\/\/jornalfatosenoticias.com.br\/index.php\/2024\/04\/17\/estao-abertas-as-inscricoes-para-a-23a-edicao-dos-jogos-estudantis-de-vitoria\/","title":{"rendered":"Est\u00e3o abertas as inscri\u00e7\u00f5es para a 23\u00aa edi\u00e7\u00e3o dos Jogos Estudantis de Vit\u00f3ria"},"content":{"rendered":"\n<p><span class=\"has-inline-color has-black-color\">Por <strong>Gislaine de Assis Santos<\/strong><\/span><\/p>\n\n\n\n<div class=\"wp-block-image\"><figure class=\"aligncenter size-large\"><img loading=\"lazy\" decoding=\"async\" width=\"1024\" height=\"111\" src=\"https:\/\/jornalfatosenoticias.com.br\/wp-content\/uploads\/2020\/02\/WhatsApp-Image-2022-09-23-at-12.09.18-1024x111.jpeg\" alt=\"\" class=\"wp-image-34527\" srcset=\"https:\/\/jornalfatosenoticias.com.br\/wp-content\/uploads\/2020\/02\/WhatsApp-Image-2022-09-23-at-12.09.18-1024x111.jpeg 1024w, https:\/\/jornalfatosenoticias.com.br\/wp-content\/uploads\/2020\/02\/WhatsApp-Image-2022-09-23-at-12.09.18-300x32.jpeg 300w, https:\/\/jornalfatosenoticias.com.br\/wp-content\/uploads\/2020\/02\/WhatsApp-Image-2022-09-23-at-12.09.18-768x83.jpeg 768w, https:\/\/jornalfatosenoticias.com.br\/wp-content\/uploads\/2020\/02\/WhatsApp-Image-2022-09-23-at-12.09.18.jpeg 1121w\" sizes=\"auto, (max-width: 1024px) 100vw, 1024px\" \/><\/figure><\/div>\n\n\n\n<p>Uma boa not\u00edcia para os estudantes que gostam de praticar esportes! Est\u00e3o abertas as inscri\u00e7\u00f5es para a 23\u00aa edi\u00e7\u00e3o dos Jogos Estudantis de Vit\u00f3ria (Joevi), competi\u00e7\u00e3o voltada a todas as escolas p\u00fablicas e particulares da capital capixaba. As unidades de ensino podem se inscrever enviando e-mail para <a href=\"mailto:ericklobaosouza@gmail.com\">ericklobaosouza@gmail.com<\/a>, at\u00e9 o dia 22 de abril. Este ano ser\u00e3o quatro modalidades em disputa com jogos que v\u00e3o contar com duas categorias: infantil, com estudantes at\u00e9 14 anos, e Juvenil, com estudantes at\u00e9 17 anos.<\/p>\n\n\n\n<div class=\"wp-block-image\"><figure class=\"aligncenter size-large is-resized\"><img loading=\"lazy\" decoding=\"async\" src=\"https:\/\/jornalfatosenoticias.com.br\/wp-content\/uploads\/2020\/02\/logo-Rapuzel-1024x571.jpg\" alt=\"\" class=\"wp-image-42808\" width=\"381\" height=\"212\" srcset=\"https:\/\/jornalfatosenoticias.com.br\/wp-content\/uploads\/2020\/02\/logo-Rapuzel-1024x571.jpg 1024w, https:\/\/jornalfatosenoticias.com.br\/wp-content\/uploads\/2020\/02\/logo-Rapuzel-300x167.jpg 300w, https:\/\/jornalfatosenoticias.com.br\/wp-content\/uploads\/2020\/02\/logo-Rapuzel-768x428.jpg 768w, https:\/\/jornalfatosenoticias.com.br\/wp-content\/uploads\/2020\/02\/logo-Rapuzel-1536x856.jpg 1536w, https:\/\/jornalfatosenoticias.com.br\/wp-content\/uploads\/2020\/02\/logo-Rapuzel.jpg 1600w\" sizes=\"auto, (max-width: 381px) 100vw, 381px\" \/><\/figure><\/div>\n\n\n\n<h3 class=\"wp-block-heading\"><span class=\"has-inline-color has-vivid-purple-color\"><span style=\"text-decoration: underline;\"><em>Confira as modalidades:<\/em><\/span><\/span><\/h3>\n\n\n\n<ol class=\"wp-block-list\"><li>Futsal Juvenil<\/li><li>Futsal Infantil<\/li><li>Basquete Infantil\/Juvenil<\/li><li>V\u00f4lei de Praia Infantil\/Juvenil masculino\/feminino<\/li><li>V\u00f4lei Juvenil<\/li><li>V\u00f4lei Infantil<\/li><li>Handebol Infantil\/Juvenil<\/li><\/ol>\n\n\n\n<div class=\"wp-block-image\"><figure class=\"aligncenter size-large is-resized\"><img loading=\"lazy\" decoding=\"async\" src=\"https:\/\/jornalfatosenoticias.com.br\/wp-content\/uploads\/2024\/01\/consultoria-ambiental.jpg\" alt=\"\" class=\"wp-image-48314\" width=\"343\" height=\"310\" srcset=\"https:\/\/jornalfatosenoticias.com.br\/wp-content\/uploads\/2024\/01\/consultoria-ambiental.jpg 832w, https:\/\/jornalfatosenoticias.com.br\/wp-content\/uploads\/2024\/01\/consultoria-ambiental-300x272.jpg 300w, https:\/\/jornalfatosenoticias.com.br\/wp-content\/uploads\/2024\/01\/consultoria-ambiental-768x696.jpg 768w\" sizes=\"auto, (max-width: 343px) 100vw, 343px\" \/><\/figure><\/div>\n\n\n\n<p><strong><span class=\"has-inline-color has-vivid-purple-color\">Inscri\u00e7\u00f5es<\/span><\/strong><br>Para inscrever as equipes, basta a dire\u00e7\u00e3o da escola encaminhar, pelo e-mail <a href=\"mailto:ericklobaosouza@gmail.com\">ericklobaosouza@gmail.com<\/a>, um of\u00edcio ao gabinete da Secretaria Municipal de Esportes e Lazer (Semesp) informando as modalidades e categorias que desejam participar. O documento precisa estar assinado pelo diretor da unidade de ensino e deve ser enviado at\u00e9 o dia 22 de abril.<\/p>\n\n\n\n<div class=\"wp-block-image\"><figure class=\"aligncenter size-large is-resized\"><img loading=\"lazy\" decoding=\"async\" src=\"https:\/\/jornalfatosenoticias.com.br\/wp-content\/uploads\/2022\/02\/Precisao-Contabilidade-1024x724.jpg\" alt=\"\" class=\"wp-image-28088\" width=\"369\" height=\"261\"\/><\/figure><\/div>\n\n\n\n<p><strong><span class=\"has-inline-color has-vivid-purple-color\">Oportunidade<br><\/span><\/strong>A competi\u00e7\u00e3o faz parte do calend\u00e1rio esportivo da capital e tamb\u00e9m \u00e9 encarada como uma vitrine para jovens promessas do esporte. Al\u00e9m da classifica\u00e7\u00e3o para os jogos estaduais, os Joevi tamb\u00e9m permitem \u00e0s escolas revelarem estudantes que se destacam em suas modalidades.<\/p>\n\n\n\n<div class=\"wp-block-image\"><figure class=\"aligncenter size-large is-resized\"><img loading=\"lazy\" decoding=\"async\" src=\"https:\/\/jornalfatosenoticias.com.br\/wp-content\/uploads\/2023\/09\/vetorvix1024_1.jpg\" alt=\"\" class=\"wp-image-44868\" width=\"535\" height=\"142\" srcset=\"https:\/\/jornalfatosenoticias.com.br\/wp-content\/uploads\/2023\/09\/vetorvix1024_1.jpg 1024w, https:\/\/jornalfatosenoticias.com.br\/wp-content\/uploads\/2023\/09\/vetorvix1024_1-300x80.jpg 300w, https:\/\/jornalfatosenoticias.com.br\/wp-content\/uploads\/2023\/09\/vetorvix1024_1-768x205.jpg 768w\" sizes=\"auto, (max-width: 535px) 100vw, 535px\" \/><\/figure><\/div>\n\n\n\n<p><strong><em>Fonte: <a href=\"https:\/\/www.vitoria.es.gov.br\/noticia\/estao-abertas-as-inscricoes-para-a-xxiiia-edicao-dos-jogos-estudantis-de-vitoria-50415\">PMV<\/a><\/em><\/strong><\/p>\n","protected":false},"excerpt":{"rendered":"<p>Por Gislaine de Assis Santos Uma boa not\u00edcia para os estudantes que gostam de praticar esportes! Est\u00e3o abertas as inscri\u00e7\u00f5es para a 23\u00aa edi\u00e7\u00e3o dos Jogos Estudantis de Vit\u00f3ria (Joevi), competi\u00e7\u00e3o voltada a todas as escolas p\u00fablicas e particulares da capital capixaba. As unidades de ensino podem se inscrever enviando e-mail para ericklobaosouza@gmail.com, at\u00e9 o [&hellip;]<\/p>\n","protected":false},"author":2,"featured_media":50661,"comment_status":"open","ping_status":"open","sticky":false,"template":"","format":"standard","meta":{"footnotes":""},"categories":[7,12],"tags":[13608,23302,23301],"class_list":["post-50660","post","type-post","status-publish","format-standard","has-post-thumbnail","hentry","category-educacao","category-esportes","tag-inscricoes-abertas","tag-joevi","tag-jogos-estudantis-de-vitoria"],"yoast_head":"<!-- This site is optimized with the Yoast SEO plugin v26.5 - https:\/\/yoast.com\/wordpress\/plugins\/seo\/ -->\n<title>Est\u00e3o abertas as inscri\u00e7\u00f5es para a 23\u00aa edi\u00e7\u00e3o dos Jogos Estudantis de Vit\u00f3ria - Jornal Fatos e Not\u00edcias<\/title>\n<meta name=\"robots\" content=\"index, follow, max-snippet:-1, max-image-preview:large, max-video-preview:-1\" \/>\n<link rel=\"canonical\" href=\"https:\/\/jornalfatosenoticias.com.br\/index.php\/2024\/04\/17\/estao-abertas-as-inscricoes-para-a-23a-edicao-dos-jogos-estudantis-de-vitoria\/\" \/>\n<meta property=\"og:locale\" content=\"pt_BR\" \/>\n<meta property=\"og:type\" content=\"article\" \/>\n<meta property=\"og:title\" content=\"Est\u00e3o abertas as inscri\u00e7\u00f5es para a 23\u00aa edi\u00e7\u00e3o dos Jogos Estudantis de Vit\u00f3ria - Jornal Fatos e Not\u00edcias\" \/>\n<meta property=\"og:description\" content=\"Por Gislaine de Assis Santos Uma boa not\u00edcia para os estudantes que gostam de praticar esportes! Est\u00e3o abertas as inscri\u00e7\u00f5es para a 23\u00aa edi\u00e7\u00e3o dos Jogos Estudantis de Vit\u00f3ria (Joevi), competi\u00e7\u00e3o voltada a todas as escolas p\u00fablicas e particulares da capital capixaba. As unidades de ensino podem se inscrever enviando e-mail para ericklobaosouza@gmail.com, at\u00e9 o [&hellip;]\" \/>\n<meta property=\"og:url\" content=\"https:\/\/jornalfatosenoticias.com.br\/index.php\/2024\/04\/17\/estao-abertas-as-inscricoes-para-a-23a-edicao-dos-jogos-estudantis-de-vitoria\/\" \/>\n<meta property=\"og:site_name\" content=\"Jornal Fatos e Not\u00edcias\" \/>\n<meta property=\"article:published_time\" content=\"2024-04-17T12:36:18+00:00\" \/>\n<meta property=\"article:modified_time\" content=\"2024-04-17T12:36:19+00:00\" \/>\n<meta property=\"og:image\" content=\"https:\/\/jornalfatosenoticias.com.br\/wp-content\/uploads\/2024\/04\/jogos-estudantis.jpg\" \/>\n\t<meta property=\"og:image:width\" content=\"740\" \/>\n\t<meta property=\"og:image:height\" content=\"740\" \/>\n\t<meta property=\"og:image:type\" content=\"image\/jpeg\" \/>\n<meta name=\"author\" content=\"Luzimara Fernandes\" \/>\n<meta name=\"twitter:card\" content=\"summary_large_image\" \/>\n<meta name=\"twitter:label1\" content=\"Escrito por\" \/>\n\t<meta name=\"twitter:data1\" content=\"Luzimara Fernandes\" \/>\n\t<meta name=\"twitter:label2\" content=\"Est. tempo de leitura\" \/>\n\t<meta name=\"twitter:data2\" content=\"1 minuto\" \/>\n<script type=\"application\/ld+json\" class=\"yoast-schema-graph\">{\"@context\":\"https:\/\/schema.org\",\"@graph\":[{\"@type\":\"Article\",\"@id\":\"https:\/\/jornalfatosenoticias.com.br\/index.php\/2024\/04\/17\/estao-abertas-as-inscricoes-para-a-23a-edicao-dos-jogos-estudantis-de-vitoria\/#article\",\"isPartOf\":{\"@id\":\"https:\/\/jornalfatosenoticias.com.br\/index.php\/2024\/04\/17\/estao-abertas-as-inscricoes-para-a-23a-edicao-dos-jogos-estudantis-de-vitoria\/\"},\"author\":{\"name\":\"Luzimara Fernandes\",\"@id\":\"https:\/\/jornalfatosenoticias.com.br\/#\/schema\/person\/d63837fa13ac8666eb9e74e0985d6f81\"},\"headline\":\"Est\u00e3o abertas as inscri\u00e7\u00f5es para a 23\u00aa edi\u00e7\u00e3o dos Jogos Estudantis de Vit\u00f3ria\",\"datePublished\":\"2024-04-17T12:36:18+00:00\",\"dateModified\":\"2024-04-17T12:36:19+00:00\",\"mainEntityOfPage\":{\"@id\":\"https:\/\/jornalfatosenoticias.com.br\/index.php\/2024\/04\/17\/estao-abertas-as-inscricoes-para-a-23a-edicao-dos-jogos-estudantis-de-vitoria\/\"},\"wordCount\":246,\"commentCount\":0,\"publisher\":{\"@id\":\"https:\/\/jornalfatosenoticias.com.br\/#organization\"},\"image\":{\"@id\":\"https:\/\/jornalfatosenoticias.com.br\/index.php\/2024\/04\/17\/estao-abertas-as-inscricoes-para-a-23a-edicao-dos-jogos-estudantis-de-vitoria\/#primaryimage\"},\"thumbnailUrl\":\"https:\/\/jornalfatosenoticias.com.br\/wp-content\/uploads\/2024\/04\/jogos-estudantis.jpg\",\"keywords\":[\"inscri\u00e7\u00f5es abertas\",\"Joevi\",\"Jogos Estudantis de Vit\u00f3ria\"],\"articleSection\":[\"Educa\u00e7\u00e3o\",\"Esportes\"],\"inLanguage\":\"pt-BR\",\"potentialAction\":[{\"@type\":\"CommentAction\",\"name\":\"Comment\",\"target\":[\"https:\/\/jornalfatosenoticias.com.br\/index.php\/2024\/04\/17\/estao-abertas-as-inscricoes-para-a-23a-edicao-dos-jogos-estudantis-de-vitoria\/#respond\"]}]},{\"@type\":\"WebPage\",\"@id\":\"https:\/\/jornalfatosenoticias.com.br\/index.php\/2024\/04\/17\/estao-abertas-as-inscricoes-para-a-23a-edicao-dos-jogos-estudantis-de-vitoria\/\",\"url\":\"https:\/\/jornalfatosenoticias.com.br\/index.php\/2024\/04\/17\/estao-abertas-as-inscricoes-para-a-23a-edicao-dos-jogos-estudantis-de-vitoria\/\",\"name\":\"Est\u00e3o abertas as inscri\u00e7\u00f5es para a 23\u00aa edi\u00e7\u00e3o dos Jogos Estudantis de Vit\u00f3ria - Jornal Fatos e Not\u00edcias\",\"isPartOf\":{\"@id\":\"https:\/\/jornalfatosenoticias.com.br\/#website\"},\"primaryImageOfPage\":{\"@id\":\"https:\/\/jornalfatosenoticias.com.br\/index.php\/2024\/04\/17\/estao-abertas-as-inscricoes-para-a-23a-edicao-dos-jogos-estudantis-de-vitoria\/#primaryimage\"},\"image\":{\"@id\":\"https:\/\/jornalfatosenoticias.com.br\/index.php\/2024\/04\/17\/estao-abertas-as-inscricoes-para-a-23a-edicao-dos-jogos-estudantis-de-vitoria\/#primaryimage\"},\"thumbnailUrl\":\"https:\/\/jornalfatosenoticias.com.br\/wp-content\/uploads\/2024\/04\/jogos-estudantis.jpg\",\"datePublished\":\"2024-04-17T12:36:18+00:00\",\"dateModified\":\"2024-04-17T12:36:19+00:00\",\"breadcrumb\":{\"@id\":\"https:\/\/jornalfatosenoticias.com.br\/index.php\/2024\/04\/17\/estao-abertas-as-inscricoes-para-a-23a-edicao-dos-jogos-estudantis-de-vitoria\/#breadcrumb\"},\"inLanguage\":\"pt-BR\",\"potentialAction\":[{\"@type\":\"ReadAction\",\"target\":[\"https:\/\/jornalfatosenoticias.com.br\/index.php\/2024\/04\/17\/estao-abertas-as-inscricoes-para-a-23a-edicao-dos-jogos-estudantis-de-vitoria\/\"]}]},{\"@type\":\"ImageObject\",\"inLanguage\":\"pt-BR\",\"@id\":\"https:\/\/jornalfatosenoticias.com.br\/index.php\/2024\/04\/17\/estao-abertas-as-inscricoes-para-a-23a-edicao-dos-jogos-estudantis-de-vitoria\/#primaryimage\",\"url\":\"https:\/\/jornalfatosenoticias.com.br\/wp-content\/uploads\/2024\/04\/jogos-estudantis.jpg\",\"contentUrl\":\"https:\/\/jornalfatosenoticias.com.br\/wp-content\/uploads\/2024\/04\/jogos-estudantis.jpg\",\"width\":740,\"height\":740},{\"@type\":\"BreadcrumbList\",\"@id\":\"https:\/\/jornalfatosenoticias.com.br\/index.php\/2024\/04\/17\/estao-abertas-as-inscricoes-para-a-23a-edicao-dos-jogos-estudantis-de-vitoria\/#breadcrumb\",\"itemListElement\":[{\"@type\":\"ListItem\",\"position\":1,\"name\":\"In\u00edcio\",\"item\":\"https:\/\/jornalfatosenoticias.com.br\/\"},{\"@type\":\"ListItem\",\"position\":2,\"name\":\"Est\u00e3o abertas as inscri\u00e7\u00f5es para a 23\u00aa edi\u00e7\u00e3o dos Jogos Estudantis de Vit\u00f3ria\"}]},{\"@type\":\"WebSite\",\"@id\":\"https:\/\/jornalfatosenoticias.com.br\/#website\",\"url\":\"https:\/\/jornalfatosenoticias.com.br\/\",\"name\":\"Jornal Fatos e Not\u00edcias\",\"description\":\"Not\u00edcias em geral\",\"publisher\":{\"@id\":\"https:\/\/jornalfatosenoticias.com.br\/#organization\"},\"potentialAction\":[{\"@type\":\"SearchAction\",\"target\":{\"@type\":\"EntryPoint\",\"urlTemplate\":\"https:\/\/jornalfatosenoticias.com.br\/?s={search_term_string}\"},\"query-input\":{\"@type\":\"PropertyValueSpecification\",\"valueRequired\":true,\"valueName\":\"search_term_string\"}}],\"inLanguage\":\"pt-BR\"},{\"@type\":\"Organization\",\"@id\":\"https:\/\/jornalfatosenoticias.com.br\/#organization\",\"name\":\"Jornal Fatos e Not\u00edcias\",\"url\":\"https:\/\/jornalfatosenoticias.com.br\/\",\"logo\":{\"@type\":\"ImageObject\",\"inLanguage\":\"pt-BR\",\"@id\":\"https:\/\/jornalfatosenoticias.com.br\/#\/schema\/logo\/image\/\",\"url\":\"https:\/\/jornalfatosenoticias.com.br\/wp-content\/uploads\/2020\/02\/logo120.png\",\"contentUrl\":\"https:\/\/jornalfatosenoticias.com.br\/wp-content\/uploads\/2020\/02\/logo120.png\",\"width\":1227,\"height\":120,\"caption\":\"Jornal Fatos e Not\u00edcias\"},\"image\":{\"@id\":\"https:\/\/jornalfatosenoticias.com.br\/#\/schema\/logo\/image\/\"}},{\"@type\":\"Person\",\"@id\":\"https:\/\/jornalfatosenoticias.com.br\/#\/schema\/person\/d63837fa13ac8666eb9e74e0985d6f81\",\"name\":\"Luzimara Fernandes\",\"image\":{\"@type\":\"ImageObject\",\"inLanguage\":\"pt-BR\",\"@id\":\"https:\/\/jornalfatosenoticias.com.br\/#\/schema\/person\/image\/\",\"url\":\"https:\/\/jornalfatosenoticias.com.br\/wp-content\/uploads\/2025\/05\/EU_portal.jpg\",\"contentUrl\":\"https:\/\/jornalfatosenoticias.com.br\/wp-content\/uploads\/2025\/05\/EU_portal.jpg\",\"caption\":\"Luzimara Fernandes\"},\"description\":\"Jornalista MTB 2358-ES\",\"sameAs\":[\"https:\/\/jornalfatosenoticias.com.br\"],\"url\":\"https:\/\/jornalfatosenoticias.com.br\/index.php\/author\/luzimara\/\"}]}<\/script>\n<!-- \/ Yoast SEO plugin. -->","yoast_head_json":{"title":"Est\u00e3o abertas as inscri\u00e7\u00f5es para a 23\u00aa edi\u00e7\u00e3o dos Jogos Estudantis de Vit\u00f3ria - Jornal Fatos e Not\u00edcias","robots":{"index":"index","follow":"follow","max-snippet":"max-snippet:-1","max-image-preview":"max-image-preview:large","max-video-preview":"max-video-preview:-1"},"canonical":"https:\/\/jornalfatosenoticias.com.br\/index.php\/2024\/04\/17\/estao-abertas-as-inscricoes-para-a-23a-edicao-dos-jogos-estudantis-de-vitoria\/","og_locale":"pt_BR","og_type":"article","og_title":"Est\u00e3o abertas as inscri\u00e7\u00f5es para a 23\u00aa edi\u00e7\u00e3o dos Jogos Estudantis de Vit\u00f3ria - Jornal Fatos e Not\u00edcias","og_description":"Por Gislaine de Assis Santos Uma boa not\u00edcia para os estudantes que gostam de praticar esportes! Est\u00e3o abertas as inscri\u00e7\u00f5es para a 23\u00aa edi\u00e7\u00e3o dos Jogos Estudantis de Vit\u00f3ria (Joevi), competi\u00e7\u00e3o voltada a todas as escolas p\u00fablicas e particulares da capital capixaba. As unidades de ensino podem se inscrever enviando e-mail para ericklobaosouza@gmail.com, at\u00e9 o [&hellip;]","og_url":"https:\/\/jornalfatosenoticias.com.br\/index.php\/2024\/04\/17\/estao-abertas-as-inscricoes-para-a-23a-edicao-dos-jogos-estudantis-de-vitoria\/","og_site_name":"Jornal Fatos e Not\u00edcias","article_published_time":"2024-04-17T12:36:18+00:00","article_modified_time":"2024-04-17T12:36:19+00:00","og_image":[{"width":740,"height":740,"url":"https:\/\/jornalfatosenoticias.com.br\/wp-content\/uploads\/2024\/04\/jogos-estudantis.jpg","type":"image\/jpeg"}],"author":"Luzimara Fernandes","twitter_card":"summary_large_image","twitter_misc":{"Escrito por":"Luzimara Fernandes","Est. tempo de leitura":"1 minuto"},"schema":{"@context":"https:\/\/schema.org","@graph":[{"@type":"Article","@id":"https:\/\/jornalfatosenoticias.com.br\/index.php\/2024\/04\/17\/estao-abertas-as-inscricoes-para-a-23a-edicao-dos-jogos-estudantis-de-vitoria\/#article","isPartOf":{"@id":"https:\/\/jornalfatosenoticias.com.br\/index.php\/2024\/04\/17\/estao-abertas-as-inscricoes-para-a-23a-edicao-dos-jogos-estudantis-de-vitoria\/"},"author":{"name":"Luzimara Fernandes","@id":"https:\/\/jornalfatosenoticias.com.br\/#\/schema\/person\/d63837fa13ac8666eb9e74e0985d6f81"},"headline":"Est\u00e3o abertas as inscri\u00e7\u00f5es para a 23\u00aa edi\u00e7\u00e3o dos Jogos Estudantis de Vit\u00f3ria","datePublished":"2024-04-17T12:36:18+00:00","dateModified":"2024-04-17T12:36:19+00:00","mainEntityOfPage":{"@id":"https:\/\/jornalfatosenoticias.com.br\/index.php\/2024\/04\/17\/estao-abertas-as-inscricoes-para-a-23a-edicao-dos-jogos-estudantis-de-vitoria\/"},"wordCount":246,"commentCount":0,"publisher":{"@id":"https:\/\/jornalfatosenoticias.com.br\/#organization"},"image":{"@id":"https:\/\/jornalfatosenoticias.com.br\/index.php\/2024\/04\/17\/estao-abertas-as-inscricoes-para-a-23a-edicao-dos-jogos-estudantis-de-vitoria\/#primaryimage"},"thumbnailUrl":"https:\/\/jornalfatosenoticias.com.br\/wp-content\/uploads\/2024\/04\/jogos-estudantis.jpg","keywords":["inscri\u00e7\u00f5es abertas","Joevi","Jogos Estudantis de Vit\u00f3ria"],"articleSection":["Educa\u00e7\u00e3o","Esportes"],"inLanguage":"pt-BR","potentialAction":[{"@type":"CommentAction","name":"Comment","target":["https:\/\/jornalfatosenoticias.com.br\/index.php\/2024\/04\/17\/estao-abertas-as-inscricoes-para-a-23a-edicao-dos-jogos-estudantis-de-vitoria\/#respond"]}]},{"@type":"WebPage","@id":"https:\/\/jornalfatosenoticias.com.br\/index.php\/2024\/04\/17\/estao-abertas-as-inscricoes-para-a-23a-edicao-dos-jogos-estudantis-de-vitoria\/","url":"https:\/\/jornalfatosenoticias.com.br\/index.php\/2024\/04\/17\/estao-abertas-as-inscricoes-para-a-23a-edicao-dos-jogos-estudantis-de-vitoria\/","name":"Est\u00e3o abertas as inscri\u00e7\u00f5es para a 23\u00aa edi\u00e7\u00e3o dos Jogos Estudantis de Vit\u00f3ria - Jornal Fatos e Not\u00edcias","isPartOf":{"@id":"https:\/\/jornalfatosenoticias.com.br\/#website"},"primaryImageOfPage":{"@id":"https:\/\/jornalfatosenoticias.com.br\/index.php\/2024\/04\/17\/estao-abertas-as-inscricoes-para-a-23a-edicao-dos-jogos-estudantis-de-vitoria\/#primaryimage"},"image":{"@id":"https:\/\/jornalfatosenoticias.com.br\/index.php\/2024\/04\/17\/estao-abertas-as-inscricoes-para-a-23a-edicao-dos-jogos-estudantis-de-vitoria\/#primaryimage"},"thumbnailUrl":"https:\/\/jornalfatosenoticias.com.br\/wp-content\/uploads\/2024\/04\/jogos-estudantis.jpg","datePublished":"2024-04-17T12:36:18+00:00","dateModified":"2024-04-17T12:36:19+00:00","breadcrumb":{"@id":"https:\/\/jornalfatosenoticias.com.br\/index.php\/2024\/04\/17\/estao-abertas-as-inscricoes-para-a-23a-edicao-dos-jogos-estudantis-de-vitoria\/#breadcrumb"},"inLanguage":"pt-BR","potentialAction":[{"@type":"ReadAction","target":["https:\/\/jornalfatosenoticias.com.br\/index.php\/2024\/04\/17\/estao-abertas-as-inscricoes-para-a-23a-edicao-dos-jogos-estudantis-de-vitoria\/"]}]},{"@type":"ImageObject","inLanguage":"pt-BR","@id":"https:\/\/jornalfatosenoticias.com.br\/index.php\/2024\/04\/17\/estao-abertas-as-inscricoes-para-a-23a-edicao-dos-jogos-estudantis-de-vitoria\/#primaryimage","url":"https:\/\/jornalfatosenoticias.com.br\/wp-content\/uploads\/2024\/04\/jogos-estudantis.jpg","contentUrl":"https:\/\/jornalfatosenoticias.com.br\/wp-content\/uploads\/2024\/04\/jogos-estudantis.jpg","width":740,"height":740},{"@type":"BreadcrumbList","@id":"https:\/\/jornalfatosenoticias.com.br\/index.php\/2024\/04\/17\/estao-abertas-as-inscricoes-para-a-23a-edicao-dos-jogos-estudantis-de-vitoria\/#breadcrumb","itemListElement":[{"@type":"ListItem","position":1,"name":"In\u00edcio","item":"https:\/\/jornalfatosenoticias.com.br\/"},{"@type":"ListItem","position":2,"name":"Est\u00e3o abertas as inscri\u00e7\u00f5es para a 23\u00aa edi\u00e7\u00e3o dos Jogos Estudantis de Vit\u00f3ria"}]},{"@type":"WebSite","@id":"https:\/\/jornalfatosenoticias.com.br\/#website","url":"https:\/\/jornalfatosenoticias.com.br\/","name":"Jornal Fatos e Not\u00edcias","description":"Not\u00edcias em geral","publisher":{"@id":"https:\/\/jornalfatosenoticias.com.br\/#organization"},"potentialAction":[{"@type":"SearchAction","target":{"@type":"EntryPoint","urlTemplate":"https:\/\/jornalfatosenoticias.com.br\/?s={search_term_string}"},"query-input":{"@type":"PropertyValueSpecification","valueRequired":true,"valueName":"search_term_string"}}],"inLanguage":"pt-BR"},{"@type":"Organization","@id":"https:\/\/jornalfatosenoticias.com.br\/#organization","name":"Jornal Fatos e Not\u00edcias","url":"https:\/\/jornalfatosenoticias.com.br\/","logo":{"@type":"ImageObject","inLanguage":"pt-BR","@id":"https:\/\/jornalfatosenoticias.com.br\/#\/schema\/logo\/image\/","url":"https:\/\/jornalfatosenoticias.com.br\/wp-content\/uploads\/2020\/02\/logo120.png","contentUrl":"https:\/\/jornalfatosenoticias.com.br\/wp-content\/uploads\/2020\/02\/logo120.png","width":1227,"height":120,"caption":"Jornal Fatos e Not\u00edcias"},"image":{"@id":"https:\/\/jornalfatosenoticias.com.br\/#\/schema\/logo\/image\/"}},{"@type":"Person","@id":"https:\/\/jornalfatosenoticias.com.br\/#\/schema\/person\/d63837fa13ac8666eb9e74e0985d6f81","name":"Luzimara Fernandes","image":{"@type":"ImageObject","inLanguage":"pt-BR","@id":"https:\/\/jornalfatosenoticias.com.br\/#\/schema\/person\/image\/","url":"https:\/\/jornalfatosenoticias.com.br\/wp-content\/uploads\/2025\/05\/EU_portal.jpg","contentUrl":"https:\/\/jornalfatosenoticias.com.br\/wp-content\/uploads\/2025\/05\/EU_portal.jpg","caption":"Luzimara Fernandes"},"description":"Jornalista MTB 2358-ES","sameAs":["https:\/\/jornalfatosenoticias.com.br"],"url":"https:\/\/jornalfatosenoticias.com.br\/index.php\/author\/luzimara\/"}]}},"cc_featured_image_caption":{"caption_text":"(Foto: Freepik) ","source_text":"","source_url":""},"jetpack_featured_media_url":"https:\/\/jornalfatosenoticias.com.br\/wp-content\/uploads\/2024\/04\/jogos-estudantis.jpg","_links":{"self":[{"href":"https:\/\/jornalfatosenoticias.com.br\/index.php\/wp-json\/wp\/v2\/posts\/50660","targetHints":{"allow":["GET"]}}],"collection":[{"href":"https:\/\/jornalfatosenoticias.com.br\/index.php\/wp-json\/wp\/v2\/posts"}],"about":[{"href":"https:\/\/jornalfatosenoticias.com.br\/index.php\/wp-json\/wp\/v2\/types\/post"}],"author":[{"embeddable":true,"href":"https:\/\/jornalfatosenoticias.com.br\/index.php\/wp-json\/wp\/v2\/users\/2"}],"replies":[{"embeddable":true,"href":"https:\/\/jornalfatosenoticias.com.br\/index.php\/wp-json\/wp\/v2\/comments?post=50660"}],"version-history":[{"count":0,"href":"https:\/\/jornalfatosenoticias.com.br\/index.php\/wp-json\/wp\/v2\/posts\/50660\/revisions"}],"wp:featuredmedia":[{"embeddable":true,"href":"https:\/\/jornalfatosenoticias.com.br\/index.php\/wp-json\/wp\/v2\/media\/50661"}],"wp:attachment":[{"href":"https:\/\/jornalfatosenoticias.com.br\/index.php\/wp-json\/wp\/v2\/media?parent=50660"}],"wp:term":[{"taxonomy":"category","embeddable":true,"href":"https:\/\/jornalfatosenoticias.com.br\/index.php\/wp-json\/wp\/v2\/categories?post=50660"},{"taxonomy":"post_tag","embeddable":true,"href":"https:\/\/jornalfatosenoticias.com.br\/index.php\/wp-json\/wp\/v2\/tags?post=50660"}],"curies":[{"name":"wp","href":"https:\/\/api.w.org\/{rel}","templated":true}]}}