{"id":50683,"date":"2024-04-17T10:50:01","date_gmt":"2024-04-17T13:50:01","guid":{"rendered":"https:\/\/jornalfatosenoticias.com.br\/?p=50683"},"modified":"2024-04-17T10:50:02","modified_gmt":"2024-04-17T13:50:02","slug":"nova-bateria-gera-energia-a-partir-da-mudanca-do-tempo","status":"publish","type":"post","link":"https:\/\/jornalfatosenoticias.com.br\/index.php\/2024\/04\/17\/nova-bateria-gera-energia-a-partir-da-mudanca-do-tempo\/","title":{"rendered":"Nova bateria gera energia a partir da mudan\u00e7a do tempo"},"content":{"rendered":"\n<p><em><span class=\"has-inline-color has-black-color\">Bateria quer fornecer energia confi\u00e1vel para locais remotos com acesso escasso<\/span><\/em><\/p>\n\n\n\n<p><span class=\"has-inline-color has-black-color\">Por <strong><a href=\"https:\/\/olhardigital.com.br\/author\/vitoria-gomez\/\">Vitoria Lopes Gomez<\/a><\/strong><\/span><\/p>\n\n\n\n<div class=\"wp-block-image\"><figure class=\"aligncenter size-large is-resized\"><img loading=\"lazy\" decoding=\"async\" src=\"https:\/\/jornalfatosenoticias.com.br\/wp-content\/uploads\/2023\/09\/vetorvix1024_1.jpg\" alt=\"\" class=\"wp-image-44868\" width=\"543\" height=\"144\" srcset=\"https:\/\/jornalfatosenoticias.com.br\/wp-content\/uploads\/2023\/09\/vetorvix1024_1.jpg 1024w, https:\/\/jornalfatosenoticias.com.br\/wp-content\/uploads\/2023\/09\/vetorvix1024_1-300x80.jpg 300w, https:\/\/jornalfatosenoticias.com.br\/wp-content\/uploads\/2023\/09\/vetorvix1024_1-768x205.jpg 768w\" sizes=\"auto, (max-width: 543px) 100vw, 543px\" \/><\/figure><\/div>\n\n\n\n<p>Se voc\u00ea precisa de uma fonte de <a href=\"https:\/\/olhardigital.com.br\/tag\/energia\/\">energia<\/a> para carregar um dispositivo eletr\u00f4nico ou simplesmente acessar a internet, j\u00e1 pode contar com op\u00e7\u00f5es de armazenamento de energia port\u00e1teis. Mas e se a <a href=\"https:\/\/olhardigital.com.br\/tag\/bateria\/\">bateria<\/a> deles acabar e voc\u00ea n\u00e3o conseguir recarreg\u00e1-los?<br>Pesquisadores da Faculdade de Engenharia da Universidade de Utah, nos Estados Unidos, criaram uma solu\u00e7\u00e3o: um novo tipo de bateria alimentada pela mudan\u00e7a na temperatura ambiente. Os pesquisadores criaram a solu\u00e7\u00e3o para ampliar o acesso a servi\u00e7os em locais em que as fontes el\u00e9tricas n\u00e3o s\u00e3o confi\u00e1veis ou s\u00e3o escassas, como em regi\u00f5es remotas. Trata-se de uma bateria com c\u00e9lula piroeletroqu\u00edmica (PEC). Roseanne Warren, uma das cientistas envolvidas, explicou como ela funciona. <\/p>\n\n\n\n<div class=\"wp-block-image\"><figure class=\"aligncenter size-large is-resized\"><img loading=\"lazy\" decoding=\"async\" src=\"https:\/\/jornalfatosenoticias.com.br\/wp-content\/uploads\/2023\/08\/ITH.jpeg\" alt=\"\" class=\"wp-image-44638\" width=\"347\" height=\"282\" srcset=\"https:\/\/jornalfatosenoticias.com.br\/wp-content\/uploads\/2023\/08\/ITH.jpeg 800w, https:\/\/jornalfatosenoticias.com.br\/wp-content\/uploads\/2023\/08\/ITH-300x244.jpeg 300w, https:\/\/jornalfatosenoticias.com.br\/wp-content\/uploads\/2023\/08\/ITH-768x624.jpeg 768w\" sizes=\"auto, (max-width: 347px) 100vw, 347px\" \/><\/figure><\/div>\n\n\n\n<blockquote class=\"wp-block-quote is-layout-flow wp-block-quote-is-layout-flow\"><p><span class=\"has-inline-color has-luminous-vivid-orange-color\">\u00c9 a nossa ideia de um dispositivo integrado que possa coletar energia t\u00e9rmica ambiente e convert\u00ea-la diretamente em energia eletroqu\u00edmica armazenada na forma de um supercapacitor ou bateria&#8221;, disse.<\/span><\/p><\/blockquote>\n\n\n\n<div class=\"wp-block-image\"><figure class=\"aligncenter size-large is-resized\"><img loading=\"lazy\" decoding=\"async\" src=\"https:\/\/jornalfatosenoticias.com.br\/wp-content\/uploads\/2023\/12\/pegoretti-logo-pdf-1024x389.jpg\" alt=\"\" class=\"wp-image-47536\" width=\"498\" height=\"189\" srcset=\"https:\/\/jornalfatosenoticias.com.br\/wp-content\/uploads\/2023\/12\/pegoretti-logo-pdf-1024x389.jpg 1024w, https:\/\/jornalfatosenoticias.com.br\/wp-content\/uploads\/2023\/12\/pegoretti-logo-pdf-300x114.jpg 300w, https:\/\/jornalfatosenoticias.com.br\/wp-content\/uploads\/2023\/12\/pegoretti-logo-pdf-768x291.jpg 768w, https:\/\/jornalfatosenoticias.com.br\/wp-content\/uploads\/2023\/12\/pegoretti-logo-pdf.jpg 1120w\" sizes=\"auto, (max-width: 498px) 100vw, 498px\" \/><\/figure><\/div>\n\n\n\n<p>A energia \u00e9 captada a partir da mudan\u00e7a da temperatura ambiente (seja aumento ou diminui\u00e7\u00e3o) e pode ser posicionada na superf\u00edcie, como dentro de carros ou avi\u00f5es, ou abaixo do solo em um ambiente agr\u00edcola, para aplica\u00e7\u00e3o nesse tipo de local.<\/p>\n\n\n\n<div class=\"wp-block-image\"><figure class=\"aligncenter size-large is-resized\"><img loading=\"lazy\" decoding=\"async\" src=\"https:\/\/jornalfatosenoticias.com.br\/wp-content\/uploads\/2023\/03\/logo-Panper_portal.jpg\" alt=\"\" class=\"wp-image-40208\" width=\"367\" height=\"254\" srcset=\"https:\/\/jornalfatosenoticias.com.br\/wp-content\/uploads\/2023\/03\/logo-Panper_portal.jpg 400w, https:\/\/jornalfatosenoticias.com.br\/wp-content\/uploads\/2023\/03\/logo-Panper_portal-300x208.jpg 300w\" sizes=\"auto, (max-width: 367px) 100vw, 367px\" \/><\/figure><\/div>\n\n\n\n<p>Ela explicou que a capta\u00e7\u00e3o de energia ainda \u00e9 baixa, mas sensores podem ajudar a distribu\u00ed-la. O PEC \u00e9 formado por um material comp\u00f3sito piroel\u00e9trico, que consiste em nanopart\u00edculas porosas de fluoreto de polivinilideno (PVDF) e titanato de b\u00e1rio.<\/p>\n\n\n\n<div class=\"wp-block-image\"><figure class=\"aligncenter size-large is-resized\"><img loading=\"lazy\" decoding=\"async\" src=\"https:\/\/jornalfatosenoticias.com.br\/wp-content\/uploads\/2023\/08\/BKR-1024x1021.jpg\" alt=\"\" class=\"wp-image-44494\" width=\"289\" height=\"288\" srcset=\"https:\/\/jornalfatosenoticias.com.br\/wp-content\/uploads\/2023\/08\/BKR-1024x1021.jpg 1024w, https:\/\/jornalfatosenoticias.com.br\/wp-content\/uploads\/2023\/08\/BKR-300x300.jpg 300w, https:\/\/jornalfatosenoticias.com.br\/wp-content\/uploads\/2023\/08\/BKR-150x150.jpg 150w, https:\/\/jornalfatosenoticias.com.br\/wp-content\/uploads\/2023\/08\/BKR-768x766.jpg 768w, https:\/\/jornalfatosenoticias.com.br\/wp-content\/uploads\/2023\/08\/BKR.jpg 1080w\" sizes=\"auto, (max-width: 289px) 100vw, 289px\" \/><\/figure><\/div>\n\n\n\n<p>Basicamente, as propriedades desse material mudam \u00e0 medida que ele \u00e9 aquecido ou resfriado (com a mudan\u00e7a de temperatura ambiente), o que diminui ou aumenta a polariza\u00e7\u00e3o. Essas mudan\u00e7as criam um campo el\u00e9trico na c\u00e9lula, que movimenta os \u00edons e fazem com que a bateria armazene energia.<\/p>\n\n\n\n<div class=\"wp-block-image\"><figure class=\"aligncenter size-large\"><img decoding=\"async\" src=\"https:\/\/jornalfatosenoticias.com.br\/wp-content\/uploads\/2020\/02\/barao-das-carnes-300x164-1.jpg\" alt=\"\" class=\"wp-image-34339\"\/><\/figure><\/div>\n\n\n\n<p><strong><em>Fonte: <a href=\"https:\/\/olhardigital.com.br\/2024\/04\/11\/ciencia-e-espaco\/nova-bateria-gera-energia-a-partir-da-mudanca-do-tempo-conheca\/\">Olhar Digital<\/a><\/em><\/strong><\/p>\n","protected":false},"excerpt":{"rendered":"<p>Bateria quer fornecer energia confi\u00e1vel para locais remotos com acesso escasso Por Vitoria Lopes Gomez Se voc\u00ea precisa de uma fonte de energia para carregar um dispositivo eletr\u00f4nico ou simplesmente acessar a internet, j\u00e1 pode contar com op\u00e7\u00f5es de armazenamento de energia port\u00e1teis. Mas e se a bateria deles acabar e voc\u00ea n\u00e3o conseguir recarreg\u00e1-los?Pesquisadores [&hellip;]<\/p>\n","protected":false},"author":2,"featured_media":50684,"comment_status":"open","ping_status":"open","sticky":false,"template":"","format":"standard","meta":{"footnotes":""},"categories":[3],"tags":[3599,2539,23311],"class_list":["post-50683","post","type-post","status-publish","format-standard","has-post-thumbnail","hentry","category-tecnologia","tag-bateria","tag-energia","tag-mudanca-do-tempo"],"yoast_head":"<!-- This site is optimized with the Yoast SEO plugin v26.5 - https:\/\/yoast.com\/wordpress\/plugins\/seo\/ -->\n<title>Nova bateria gera energia a partir da mudan\u00e7a do tempo - Jornal Fatos e Not\u00edcias<\/title>\n<meta name=\"robots\" content=\"index, follow, max-snippet:-1, max-image-preview:large, max-video-preview:-1\" \/>\n<link rel=\"canonical\" href=\"https:\/\/jornalfatosenoticias.com.br\/index.php\/2024\/04\/17\/nova-bateria-gera-energia-a-partir-da-mudanca-do-tempo\/\" \/>\n<meta property=\"og:locale\" content=\"pt_BR\" \/>\n<meta property=\"og:type\" content=\"article\" \/>\n<meta property=\"og:title\" content=\"Nova bateria gera energia a partir da mudan\u00e7a do tempo - Jornal Fatos e Not\u00edcias\" \/>\n<meta property=\"og:description\" content=\"Bateria quer fornecer energia confi\u00e1vel para locais remotos com acesso escasso Por Vitoria Lopes Gomez Se voc\u00ea precisa de uma fonte de energia para carregar um dispositivo eletr\u00f4nico ou simplesmente acessar a internet, j\u00e1 pode contar com op\u00e7\u00f5es de armazenamento de energia port\u00e1teis. Mas e se a bateria deles acabar e voc\u00ea n\u00e3o conseguir recarreg\u00e1-los?Pesquisadores [&hellip;]\" \/>\n<meta property=\"og:url\" content=\"https:\/\/jornalfatosenoticias.com.br\/index.php\/2024\/04\/17\/nova-bateria-gera-energia-a-partir-da-mudanca-do-tempo\/\" \/>\n<meta property=\"og:site_name\" content=\"Jornal Fatos e Not\u00edcias\" \/>\n<meta property=\"article:published_time\" content=\"2024-04-17T13:50:01+00:00\" \/>\n<meta property=\"article:modified_time\" content=\"2024-04-17T13:50:02+00:00\" \/>\n<meta property=\"og:image\" content=\"https:\/\/jornalfatosenoticias.com.br\/wp-content\/uploads\/2024\/04\/bateria-mudanca-do-tempo.jpg\" \/>\n\t<meta property=\"og:image:width\" content=\"1000\" \/>\n\t<meta property=\"og:image:height\" content=\"668\" \/>\n\t<meta property=\"og:image:type\" content=\"image\/jpeg\" \/>\n<meta name=\"author\" content=\"Luzimara Fernandes\" \/>\n<meta name=\"twitter:card\" content=\"summary_large_image\" \/>\n<meta name=\"twitter:label1\" content=\"Escrito por\" \/>\n\t<meta name=\"twitter:data1\" content=\"Luzimara Fernandes\" \/>\n\t<meta name=\"twitter:label2\" content=\"Est. tempo de leitura\" \/>\n\t<meta name=\"twitter:data2\" content=\"2 minutos\" \/>\n<script type=\"application\/ld+json\" class=\"yoast-schema-graph\">{\"@context\":\"https:\/\/schema.org\",\"@graph\":[{\"@type\":\"Article\",\"@id\":\"https:\/\/jornalfatosenoticias.com.br\/index.php\/2024\/04\/17\/nova-bateria-gera-energia-a-partir-da-mudanca-do-tempo\/#article\",\"isPartOf\":{\"@id\":\"https:\/\/jornalfatosenoticias.com.br\/index.php\/2024\/04\/17\/nova-bateria-gera-energia-a-partir-da-mudanca-do-tempo\/\"},\"author\":{\"name\":\"Luzimara Fernandes\",\"@id\":\"https:\/\/jornalfatosenoticias.com.br\/#\/schema\/person\/d63837fa13ac8666eb9e74e0985d6f81\"},\"headline\":\"Nova bateria gera energia a partir da mudan\u00e7a do tempo\",\"datePublished\":\"2024-04-17T13:50:01+00:00\",\"dateModified\":\"2024-04-17T13:50:02+00:00\",\"mainEntityOfPage\":{\"@id\":\"https:\/\/jornalfatosenoticias.com.br\/index.php\/2024\/04\/17\/nova-bateria-gera-energia-a-partir-da-mudanca-do-tempo\/\"},\"wordCount\":329,\"commentCount\":0,\"publisher\":{\"@id\":\"https:\/\/jornalfatosenoticias.com.br\/#organization\"},\"image\":{\"@id\":\"https:\/\/jornalfatosenoticias.com.br\/index.php\/2024\/04\/17\/nova-bateria-gera-energia-a-partir-da-mudanca-do-tempo\/#primaryimage\"},\"thumbnailUrl\":\"https:\/\/jornalfatosenoticias.com.br\/wp-content\/uploads\/2024\/04\/bateria-mudanca-do-tempo.jpg\",\"keywords\":[\"bateria\",\"energia\",\"mudan\u00e7a do tempo\"],\"articleSection\":[\"Tecnologia &amp; Inova\u00e7\u00e3o\"],\"inLanguage\":\"pt-BR\",\"potentialAction\":[{\"@type\":\"CommentAction\",\"name\":\"Comment\",\"target\":[\"https:\/\/jornalfatosenoticias.com.br\/index.php\/2024\/04\/17\/nova-bateria-gera-energia-a-partir-da-mudanca-do-tempo\/#respond\"]}]},{\"@type\":\"WebPage\",\"@id\":\"https:\/\/jornalfatosenoticias.com.br\/index.php\/2024\/04\/17\/nova-bateria-gera-energia-a-partir-da-mudanca-do-tempo\/\",\"url\":\"https:\/\/jornalfatosenoticias.com.br\/index.php\/2024\/04\/17\/nova-bateria-gera-energia-a-partir-da-mudanca-do-tempo\/\",\"name\":\"Nova bateria gera energia a partir da mudan\u00e7a do tempo - Jornal Fatos e Not\u00edcias\",\"isPartOf\":{\"@id\":\"https:\/\/jornalfatosenoticias.com.br\/#website\"},\"primaryImageOfPage\":{\"@id\":\"https:\/\/jornalfatosenoticias.com.br\/index.php\/2024\/04\/17\/nova-bateria-gera-energia-a-partir-da-mudanca-do-tempo\/#primaryimage\"},\"image\":{\"@id\":\"https:\/\/jornalfatosenoticias.com.br\/index.php\/2024\/04\/17\/nova-bateria-gera-energia-a-partir-da-mudanca-do-tempo\/#primaryimage\"},\"thumbnailUrl\":\"https:\/\/jornalfatosenoticias.com.br\/wp-content\/uploads\/2024\/04\/bateria-mudanca-do-tempo.jpg\",\"datePublished\":\"2024-04-17T13:50:01+00:00\",\"dateModified\":\"2024-04-17T13:50:02+00:00\",\"breadcrumb\":{\"@id\":\"https:\/\/jornalfatosenoticias.com.br\/index.php\/2024\/04\/17\/nova-bateria-gera-energia-a-partir-da-mudanca-do-tempo\/#breadcrumb\"},\"inLanguage\":\"pt-BR\",\"potentialAction\":[{\"@type\":\"ReadAction\",\"target\":[\"https:\/\/jornalfatosenoticias.com.br\/index.php\/2024\/04\/17\/nova-bateria-gera-energia-a-partir-da-mudanca-do-tempo\/\"]}]},{\"@type\":\"ImageObject\",\"inLanguage\":\"pt-BR\",\"@id\":\"https:\/\/jornalfatosenoticias.com.br\/index.php\/2024\/04\/17\/nova-bateria-gera-energia-a-partir-da-mudanca-do-tempo\/#primaryimage\",\"url\":\"https:\/\/jornalfatosenoticias.com.br\/wp-content\/uploads\/2024\/04\/bateria-mudanca-do-tempo.jpg\",\"contentUrl\":\"https:\/\/jornalfatosenoticias.com.br\/wp-content\/uploads\/2024\/04\/bateria-mudanca-do-tempo.jpg\",\"width\":1000,\"height\":668},{\"@type\":\"BreadcrumbList\",\"@id\":\"https:\/\/jornalfatosenoticias.com.br\/index.php\/2024\/04\/17\/nova-bateria-gera-energia-a-partir-da-mudanca-do-tempo\/#breadcrumb\",\"itemListElement\":[{\"@type\":\"ListItem\",\"position\":1,\"name\":\"In\u00edcio\",\"item\":\"https:\/\/jornalfatosenoticias.com.br\/\"},{\"@type\":\"ListItem\",\"position\":2,\"name\":\"Nova bateria gera energia a partir da mudan\u00e7a do tempo\"}]},{\"@type\":\"WebSite\",\"@id\":\"https:\/\/jornalfatosenoticias.com.br\/#website\",\"url\":\"https:\/\/jornalfatosenoticias.com.br\/\",\"name\":\"Jornal Fatos e Not\u00edcias\",\"description\":\"Not\u00edcias em geral\",\"publisher\":{\"@id\":\"https:\/\/jornalfatosenoticias.com.br\/#organization\"},\"potentialAction\":[{\"@type\":\"SearchAction\",\"target\":{\"@type\":\"EntryPoint\",\"urlTemplate\":\"https:\/\/jornalfatosenoticias.com.br\/?s={search_term_string}\"},\"query-input\":{\"@type\":\"PropertyValueSpecification\",\"valueRequired\":true,\"valueName\":\"search_term_string\"}}],\"inLanguage\":\"pt-BR\"},{\"@type\":\"Organization\",\"@id\":\"https:\/\/jornalfatosenoticias.com.br\/#organization\",\"name\":\"Jornal Fatos e Not\u00edcias\",\"url\":\"https:\/\/jornalfatosenoticias.com.br\/\",\"logo\":{\"@type\":\"ImageObject\",\"inLanguage\":\"pt-BR\",\"@id\":\"https:\/\/jornalfatosenoticias.com.br\/#\/schema\/logo\/image\/\",\"url\":\"https:\/\/jornalfatosenoticias.com.br\/wp-content\/uploads\/2020\/02\/logo120.png\",\"contentUrl\":\"https:\/\/jornalfatosenoticias.com.br\/wp-content\/uploads\/2020\/02\/logo120.png\",\"width\":1227,\"height\":120,\"caption\":\"Jornal Fatos e Not\u00edcias\"},\"image\":{\"@id\":\"https:\/\/jornalfatosenoticias.com.br\/#\/schema\/logo\/image\/\"}},{\"@type\":\"Person\",\"@id\":\"https:\/\/jornalfatosenoticias.com.br\/#\/schema\/person\/d63837fa13ac8666eb9e74e0985d6f81\",\"name\":\"Luzimara Fernandes\",\"image\":{\"@type\":\"ImageObject\",\"inLanguage\":\"pt-BR\",\"@id\":\"https:\/\/jornalfatosenoticias.com.br\/#\/schema\/person\/image\/\",\"url\":\"https:\/\/jornalfatosenoticias.com.br\/wp-content\/uploads\/2025\/05\/EU_portal.jpg\",\"contentUrl\":\"https:\/\/jornalfatosenoticias.com.br\/wp-content\/uploads\/2025\/05\/EU_portal.jpg\",\"caption\":\"Luzimara Fernandes\"},\"description\":\"Jornalista MTB 2358-ES\",\"sameAs\":[\"https:\/\/jornalfatosenoticias.com.br\"],\"url\":\"https:\/\/jornalfatosenoticias.com.br\/index.php\/author\/luzimara\/\"}]}<\/script>\n<!-- \/ Yoast SEO plugin. -->","yoast_head_json":{"title":"Nova bateria gera energia a partir da mudan\u00e7a do tempo - Jornal Fatos e Not\u00edcias","robots":{"index":"index","follow":"follow","max-snippet":"max-snippet:-1","max-image-preview":"max-image-preview:large","max-video-preview":"max-video-preview:-1"},"canonical":"https:\/\/jornalfatosenoticias.com.br\/index.php\/2024\/04\/17\/nova-bateria-gera-energia-a-partir-da-mudanca-do-tempo\/","og_locale":"pt_BR","og_type":"article","og_title":"Nova bateria gera energia a partir da mudan\u00e7a do tempo - Jornal Fatos e Not\u00edcias","og_description":"Bateria quer fornecer energia confi\u00e1vel para locais remotos com acesso escasso Por Vitoria Lopes Gomez Se voc\u00ea precisa de uma fonte de energia para carregar um dispositivo eletr\u00f4nico ou simplesmente acessar a internet, j\u00e1 pode contar com op\u00e7\u00f5es de armazenamento de energia port\u00e1teis. Mas e se a bateria deles acabar e voc\u00ea n\u00e3o conseguir recarreg\u00e1-los?Pesquisadores [&hellip;]","og_url":"https:\/\/jornalfatosenoticias.com.br\/index.php\/2024\/04\/17\/nova-bateria-gera-energia-a-partir-da-mudanca-do-tempo\/","og_site_name":"Jornal Fatos e Not\u00edcias","article_published_time":"2024-04-17T13:50:01+00:00","article_modified_time":"2024-04-17T13:50:02+00:00","og_image":[{"width":1000,"height":668,"url":"https:\/\/jornalfatosenoticias.com.br\/wp-content\/uploads\/2024\/04\/bateria-mudanca-do-tempo.jpg","type":"image\/jpeg"}],"author":"Luzimara Fernandes","twitter_card":"summary_large_image","twitter_misc":{"Escrito por":"Luzimara Fernandes","Est. tempo de leitura":"2 minutos"},"schema":{"@context":"https:\/\/schema.org","@graph":[{"@type":"Article","@id":"https:\/\/jornalfatosenoticias.com.br\/index.php\/2024\/04\/17\/nova-bateria-gera-energia-a-partir-da-mudanca-do-tempo\/#article","isPartOf":{"@id":"https:\/\/jornalfatosenoticias.com.br\/index.php\/2024\/04\/17\/nova-bateria-gera-energia-a-partir-da-mudanca-do-tempo\/"},"author":{"name":"Luzimara Fernandes","@id":"https:\/\/jornalfatosenoticias.com.br\/#\/schema\/person\/d63837fa13ac8666eb9e74e0985d6f81"},"headline":"Nova bateria gera energia a partir da mudan\u00e7a do tempo","datePublished":"2024-04-17T13:50:01+00:00","dateModified":"2024-04-17T13:50:02+00:00","mainEntityOfPage":{"@id":"https:\/\/jornalfatosenoticias.com.br\/index.php\/2024\/04\/17\/nova-bateria-gera-energia-a-partir-da-mudanca-do-tempo\/"},"wordCount":329,"commentCount":0,"publisher":{"@id":"https:\/\/jornalfatosenoticias.com.br\/#organization"},"image":{"@id":"https:\/\/jornalfatosenoticias.com.br\/index.php\/2024\/04\/17\/nova-bateria-gera-energia-a-partir-da-mudanca-do-tempo\/#primaryimage"},"thumbnailUrl":"https:\/\/jornalfatosenoticias.com.br\/wp-content\/uploads\/2024\/04\/bateria-mudanca-do-tempo.jpg","keywords":["bateria","energia","mudan\u00e7a do tempo"],"articleSection":["Tecnologia &amp; Inova\u00e7\u00e3o"],"inLanguage":"pt-BR","potentialAction":[{"@type":"CommentAction","name":"Comment","target":["https:\/\/jornalfatosenoticias.com.br\/index.php\/2024\/04\/17\/nova-bateria-gera-energia-a-partir-da-mudanca-do-tempo\/#respond"]}]},{"@type":"WebPage","@id":"https:\/\/jornalfatosenoticias.com.br\/index.php\/2024\/04\/17\/nova-bateria-gera-energia-a-partir-da-mudanca-do-tempo\/","url":"https:\/\/jornalfatosenoticias.com.br\/index.php\/2024\/04\/17\/nova-bateria-gera-energia-a-partir-da-mudanca-do-tempo\/","name":"Nova bateria gera energia a partir da mudan\u00e7a do tempo - Jornal Fatos e Not\u00edcias","isPartOf":{"@id":"https:\/\/jornalfatosenoticias.com.br\/#website"},"primaryImageOfPage":{"@id":"https:\/\/jornalfatosenoticias.com.br\/index.php\/2024\/04\/17\/nova-bateria-gera-energia-a-partir-da-mudanca-do-tempo\/#primaryimage"},"image":{"@id":"https:\/\/jornalfatosenoticias.com.br\/index.php\/2024\/04\/17\/nova-bateria-gera-energia-a-partir-da-mudanca-do-tempo\/#primaryimage"},"thumbnailUrl":"https:\/\/jornalfatosenoticias.com.br\/wp-content\/uploads\/2024\/04\/bateria-mudanca-do-tempo.jpg","datePublished":"2024-04-17T13:50:01+00:00","dateModified":"2024-04-17T13:50:02+00:00","breadcrumb":{"@id":"https:\/\/jornalfatosenoticias.com.br\/index.php\/2024\/04\/17\/nova-bateria-gera-energia-a-partir-da-mudanca-do-tempo\/#breadcrumb"},"inLanguage":"pt-BR","potentialAction":[{"@type":"ReadAction","target":["https:\/\/jornalfatosenoticias.com.br\/index.php\/2024\/04\/17\/nova-bateria-gera-energia-a-partir-da-mudanca-do-tempo\/"]}]},{"@type":"ImageObject","inLanguage":"pt-BR","@id":"https:\/\/jornalfatosenoticias.com.br\/index.php\/2024\/04\/17\/nova-bateria-gera-energia-a-partir-da-mudanca-do-tempo\/#primaryimage","url":"https:\/\/jornalfatosenoticias.com.br\/wp-content\/uploads\/2024\/04\/bateria-mudanca-do-tempo.jpg","contentUrl":"https:\/\/jornalfatosenoticias.com.br\/wp-content\/uploads\/2024\/04\/bateria-mudanca-do-tempo.jpg","width":1000,"height":668},{"@type":"BreadcrumbList","@id":"https:\/\/jornalfatosenoticias.com.br\/index.php\/2024\/04\/17\/nova-bateria-gera-energia-a-partir-da-mudanca-do-tempo\/#breadcrumb","itemListElement":[{"@type":"ListItem","position":1,"name":"In\u00edcio","item":"https:\/\/jornalfatosenoticias.com.br\/"},{"@type":"ListItem","position":2,"name":"Nova bateria gera energia a partir da mudan\u00e7a do tempo"}]},{"@type":"WebSite","@id":"https:\/\/jornalfatosenoticias.com.br\/#website","url":"https:\/\/jornalfatosenoticias.com.br\/","name":"Jornal Fatos e Not\u00edcias","description":"Not\u00edcias em geral","publisher":{"@id":"https:\/\/jornalfatosenoticias.com.br\/#organization"},"potentialAction":[{"@type":"SearchAction","target":{"@type":"EntryPoint","urlTemplate":"https:\/\/jornalfatosenoticias.com.br\/?s={search_term_string}"},"query-input":{"@type":"PropertyValueSpecification","valueRequired":true,"valueName":"search_term_string"}}],"inLanguage":"pt-BR"},{"@type":"Organization","@id":"https:\/\/jornalfatosenoticias.com.br\/#organization","name":"Jornal Fatos e Not\u00edcias","url":"https:\/\/jornalfatosenoticias.com.br\/","logo":{"@type":"ImageObject","inLanguage":"pt-BR","@id":"https:\/\/jornalfatosenoticias.com.br\/#\/schema\/logo\/image\/","url":"https:\/\/jornalfatosenoticias.com.br\/wp-content\/uploads\/2020\/02\/logo120.png","contentUrl":"https:\/\/jornalfatosenoticias.com.br\/wp-content\/uploads\/2020\/02\/logo120.png","width":1227,"height":120,"caption":"Jornal Fatos e Not\u00edcias"},"image":{"@id":"https:\/\/jornalfatosenoticias.com.br\/#\/schema\/logo\/image\/"}},{"@type":"Person","@id":"https:\/\/jornalfatosenoticias.com.br\/#\/schema\/person\/d63837fa13ac8666eb9e74e0985d6f81","name":"Luzimara Fernandes","image":{"@type":"ImageObject","inLanguage":"pt-BR","@id":"https:\/\/jornalfatosenoticias.com.br\/#\/schema\/person\/image\/","url":"https:\/\/jornalfatosenoticias.com.br\/wp-content\/uploads\/2025\/05\/EU_portal.jpg","contentUrl":"https:\/\/jornalfatosenoticias.com.br\/wp-content\/uploads\/2025\/05\/EU_portal.jpg","caption":"Luzimara Fernandes"},"description":"Jornalista MTB 2358-ES","sameAs":["https:\/\/jornalfatosenoticias.com.br"],"url":"https:\/\/jornalfatosenoticias.com.br\/index.php\/author\/luzimara\/"}]}},"cc_featured_image_caption":{"caption_text":"(Foto: Universidade de Utah\/Divulga\u00e7\u00e3o)","source_text":"","source_url":""},"jetpack_featured_media_url":"https:\/\/jornalfatosenoticias.com.br\/wp-content\/uploads\/2024\/04\/bateria-mudanca-do-tempo.jpg","_links":{"self":[{"href":"https:\/\/jornalfatosenoticias.com.br\/index.php\/wp-json\/wp\/v2\/posts\/50683","targetHints":{"allow":["GET"]}}],"collection":[{"href":"https:\/\/jornalfatosenoticias.com.br\/index.php\/wp-json\/wp\/v2\/posts"}],"about":[{"href":"https:\/\/jornalfatosenoticias.com.br\/index.php\/wp-json\/wp\/v2\/types\/post"}],"author":[{"embeddable":true,"href":"https:\/\/jornalfatosenoticias.com.br\/index.php\/wp-json\/wp\/v2\/users\/2"}],"replies":[{"embeddable":true,"href":"https:\/\/jornalfatosenoticias.com.br\/index.php\/wp-json\/wp\/v2\/comments?post=50683"}],"version-history":[{"count":0,"href":"https:\/\/jornalfatosenoticias.com.br\/index.php\/wp-json\/wp\/v2\/posts\/50683\/revisions"}],"wp:featuredmedia":[{"embeddable":true,"href":"https:\/\/jornalfatosenoticias.com.br\/index.php\/wp-json\/wp\/v2\/media\/50684"}],"wp:attachment":[{"href":"https:\/\/jornalfatosenoticias.com.br\/index.php\/wp-json\/wp\/v2\/media?parent=50683"}],"wp:term":[{"taxonomy":"category","embeddable":true,"href":"https:\/\/jornalfatosenoticias.com.br\/index.php\/wp-json\/wp\/v2\/categories?post=50683"},{"taxonomy":"post_tag","embeddable":true,"href":"https:\/\/jornalfatosenoticias.com.br\/index.php\/wp-json\/wp\/v2\/tags?post=50683"}],"curies":[{"name":"wp","href":"https:\/\/api.w.org\/{rel}","templated":true}]}}