{"id":50702,"date":"2024-04-18T16:03:05","date_gmt":"2024-04-18T19:03:05","guid":{"rendered":"https:\/\/jornalfatosenoticias.com.br\/?p=50702"},"modified":"2024-04-18T16:03:07","modified_gmt":"2024-04-18T19:03:07","slug":"em-tempo-de-luta-pelo-direito-de-ser-mulher-pelo-direito-de-ser-crianca-parte-v","status":"publish","type":"post","link":"https:\/\/jornalfatosenoticias.com.br\/index.php\/2024\/04\/18\/em-tempo-de-luta-pelo-direito-de-ser-mulher-pelo-direito-de-ser-crianca-parte-v\/","title":{"rendered":"Em tempo de luta pelo direito de Ser Mulher, pelo Direito de Ser Crian\u00e7a \u2014 Parte V"},"content":{"rendered":"\n<p><em><span class=\"has-inline-color has-black-color\">A guarda compartilhada \u00e9 um instituto que precisa ser muito bem estudado, muito bem pesquisado em sua sequ\u00eancia e suas consequ\u00eancias, principalmente com uma escuta especializada na observa\u00e7\u00e3o de benef\u00edcios e malef\u00edcios<\/span><\/em><\/p>\n\n\n\n<div class=\"wp-block-image\"><figure class=\"aligncenter size-large\"><img loading=\"lazy\" decoding=\"async\" width=\"1024\" height=\"111\" src=\"https:\/\/jornalfatosenoticias.com.br\/wp-content\/uploads\/2020\/02\/WhatsApp-Image-2022-09-23-at-12.09.18-1024x111.jpeg\" alt=\"\" class=\"wp-image-34527\" srcset=\"https:\/\/jornalfatosenoticias.com.br\/wp-content\/uploads\/2020\/02\/WhatsApp-Image-2022-09-23-at-12.09.18-1024x111.jpeg 1024w, https:\/\/jornalfatosenoticias.com.br\/wp-content\/uploads\/2020\/02\/WhatsApp-Image-2022-09-23-at-12.09.18-300x32.jpeg 300w, https:\/\/jornalfatosenoticias.com.br\/wp-content\/uploads\/2020\/02\/WhatsApp-Image-2022-09-23-at-12.09.18-768x83.jpeg 768w, https:\/\/jornalfatosenoticias.com.br\/wp-content\/uploads\/2020\/02\/WhatsApp-Image-2022-09-23-at-12.09.18.jpeg 1121w\" sizes=\"auto, (max-width: 1024px) 100vw, 1024px\" \/><\/figure><\/div>\n\n\n\n<p>J\u00e1 est\u00e1 sendo arrumada a cama com amarras para amarrar Mulheres e Crian\u00e7as no leito das perversidades. A caracter\u00edstica da ideologia vigente \u00e9 a manipula\u00e7\u00e3o, a dissimula\u00e7\u00e3o, a invers\u00e3o sem\u00e2ntica, para soterrar a realidade com fal\u00e1cias in\u00edquas, que s\u00e3o seguidas \u00e0 risca, como se Ci\u00eancia fossem.<br>A Lei 14.713\/2023, Lei que veio em socorro das Crian\u00e7as que s\u00e3o entregues a seus algozes, apontando duas Exce\u00e7\u00f5es para a aplica\u00e7\u00e3o compuls\u00f3ria da acachapante Guarda Compartilhada. Parece que ningu\u00e9m se deteve numa reflex\u00e3o que continue depois do jarg\u00e3o de divis\u00e3o das Crian\u00e7as em duas partes para contemplar os dois genitores, os adultos. n\u00e3o h\u00e1 nenhum acompanhamento, nenhum estudo que venha fundamentar a afirma\u00e7\u00e3o de que a guarda compartilhada \u00e9 ideal. Mas, ideal para quem? Algu\u00e9m j\u00e1 se interessou para perguntar e avaliar as Crian\u00e7as-caramujos, mochileiras precoces? Do ponto de vista te\u00f3rico do desenvolvimento infantil, essa duplicidade de casas, com cheiros distintos, com sabores alimentares diferentes, com m\u00e9todos disciplinares diferentes, com manifesta\u00e7\u00f5es de afeto diferentes, com madrasta e padrasto, com simulacros de irm\u00e3os, pessoas que n\u00e3o s\u00e3o da fam\u00edlia mas jogam um faz de conta para facilitar a vida dos adultos, enfim, n\u00e3o \u00e9 ben\u00e9fica. Tudo em dobro. Tende a dificultar a apreens\u00e3o, j\u00e1 dif\u00edcil, da realidade. Estamos tocando uma \u00e1rea de maior possibilidade de adoecimento ps\u00edquico, terreno das cis\u00f5es mentais, das psicoses.<\/p>\n\n\n\n<div class=\"wp-block-image\"><figure class=\"aligncenter size-large is-resized\"><img loading=\"lazy\" decoding=\"async\" src=\"https:\/\/jornalfatosenoticias.com.br\/wp-content\/uploads\/2020\/02\/CONTROL-CS.jpg\" alt=\"\" class=\"wp-image-44991\" width=\"341\" height=\"409\" srcset=\"https:\/\/jornalfatosenoticias.com.br\/wp-content\/uploads\/2020\/02\/CONTROL-CS.jpg 834w, https:\/\/jornalfatosenoticias.com.br\/wp-content\/uploads\/2020\/02\/CONTROL-CS-250x300.jpg 250w, https:\/\/jornalfatosenoticias.com.br\/wp-content\/uploads\/2020\/02\/CONTROL-CS-768x921.jpg 768w\" sizes=\"auto, (max-width: 341px) 100vw, 341px\" \/><\/figure><\/div>\n\n\n\n<p>N\u00e3o estou dizendo que toda guarda compartilhada seria psicotizante, mas que essa duplicidade de v\u00e1rios itens pesa no desenvolvimento saud\u00e1vel da Crian\u00e7a. E, se h\u00e1 algum tipo de fragilidade em qualquer das \u00e1reas em desenvolvimento, essa duplicidade cobrar\u00e1 em dobro o esfor\u00e7o da Crian\u00e7a pelo seu crescimento.<br>Tornar compuls\u00f3rio, obrigat\u00f3rio o regime de guarda compartilhada, agora pela proposta de Reforma do C\u00f3digo Civil ganhando nova alcunha, justificada por pormenores interpretativos com vistas \u00e0 \u201cmoderniza\u00e7\u00e3o\u201d, deixa o odor de um autoritarismo pela uniformiza\u00e7\u00e3o de todas as Crian\u00e7as. Ser\u00e1 que se inspiraram naquele ideal inalcan\u00e7\u00e1vel, ut\u00f3pico, de que todos somos iguais perante a lei? A guarda compartilhada \u00e9 um instituto que precisa ser muito bem estudado, muito bem pesquisado em sua sequ\u00eancia e suas consequ\u00eancias, principalmente com uma escuta especializada na observa\u00e7\u00e3o de benef\u00edcios e malef\u00edcios. Mas ningu\u00e9m sabe o depois. S\u00f3 reaparece em Feminic\u00eddios e filic\u00eddios nem contabilizados pela conex\u00e3o que pode ter havido. A Guarda Compartilhada \u00e9 excelente como ideia, mas de dif\u00edcil execu\u00e7\u00e3o. Se o casal se entendesse \u00e0s mil maravilhas, n\u00e3o se separaria\u2026<\/p>\n\n\n\n<div class=\"wp-block-image\"><figure class=\"aligncenter size-large\"><img loading=\"lazy\" decoding=\"async\" width=\"612\" height=\"433\" src=\"https:\/\/jornalfatosenoticias.com.br\/wp-content\/uploads\/2024\/04\/crianca-e-divorcio_istock.jpg\" alt=\"\" class=\"wp-image-50703\" srcset=\"https:\/\/jornalfatosenoticias.com.br\/wp-content\/uploads\/2024\/04\/crianca-e-divorcio_istock.jpg 612w, https:\/\/jornalfatosenoticias.com.br\/wp-content\/uploads\/2024\/04\/crianca-e-divorcio_istock-300x212.jpg 300w\" sizes=\"auto, (max-width: 612px) 100vw, 612px\" \/><figcaption><em><span class=\"has-inline-color has-black-color\">A Guarda Compartilhada \u00e9 excelente como ideia, mas de dif\u00edcil execu\u00e7\u00e3o. Se o casal se entendesse \u00e0s mil maravilhas, n\u00e3o se separaria (Foto: iStock)<\/span><\/em><\/figcaption><\/figure><\/div>\n\n\n\n<p>Eis que sou surpreendida pela tentativa proativa de formatar a lei 14.713\/2023. Essa lei que veio socorrer parte das Crian\u00e7as punidas com a obrigatoriedade de conviv\u00eancia com o genitor que praticava atos de viol\u00eancia f\u00edsica e de viol\u00eancia sexual, sendo desviada em seu prop\u00f3sito. Esta lei reza as duas exce\u00e7\u00f5es mais gritantes, mais evidentes da necessidade de afastamento do agressor\/predador. Uma campanha aberta para propor o que foi chamado de \u201cinterpreta\u00e7\u00e3o restritiva\u201d. Not\u00e1vel a acrobacia!<\/p>\n\n\n\n<div class=\"wp-block-image\"><figure class=\"aligncenter size-large is-resized\"><img loading=\"lazy\" decoding=\"async\" src=\"https:\/\/jornalfatosenoticias.com.br\/wp-content\/uploads\/2020\/02\/nova-logo-Marquetti.jpg\" alt=\"\" class=\"wp-image-22331\" width=\"319\" height=\"214\" srcset=\"https:\/\/jornalfatosenoticias.com.br\/wp-content\/uploads\/2020\/02\/nova-logo-Marquetti.jpg 643w, https:\/\/jornalfatosenoticias.com.br\/wp-content\/uploads\/2020\/02\/nova-logo-Marquetti-300x202.jpg 300w\" sizes=\"auto, (max-width: 319px) 100vw, 319px\" \/><\/figure><\/div>\n\n\n\n<p>A exclus\u00e3o da viol\u00eancia sexual, parece-me, diz alguma coisa. Os tapetes existem tamb\u00e9m para esconder algumas coisas. Talvez haja a cren\u00e7a de que vamos esquecer que essas Crian\u00e7as s\u00e3o alvo de atos lascivos incestuosos. Ent\u00e3o restou a viol\u00eancia f\u00edsica, a outra exce\u00e7\u00e3o. E a eloqu\u00eancia rasa veio para ajudar a levar a um pensamento que beira o imposs\u00edvel. Tamb\u00e9m a viol\u00eancia f\u00edsica contra a Crian\u00e7a foi exclu\u00edda nessa doutrina\u00e7\u00e3o da conviv\u00eancia a qualquer custo. Restou apenas a viol\u00eancia f\u00edsica contra a Mulher\/M\u00e3e.<\/p>\n\n\n\n<div class=\"wp-block-image\"><figure class=\"aligncenter size-large is-resized\"><img loading=\"lazy\" decoding=\"async\" src=\"https:\/\/jornalfatosenoticias.com.br\/wp-content\/uploads\/2023\/08\/ITH.jpeg\" alt=\"\" class=\"wp-image-44638\" width=\"339\" height=\"275\" srcset=\"https:\/\/jornalfatosenoticias.com.br\/wp-content\/uploads\/2023\/08\/ITH.jpeg 800w, https:\/\/jornalfatosenoticias.com.br\/wp-content\/uploads\/2023\/08\/ITH-300x244.jpeg 300w, https:\/\/jornalfatosenoticias.com.br\/wp-content\/uploads\/2023\/08\/ITH-768x624.jpeg 768w\" sizes=\"auto, (max-width: 339px) 100vw, 339px\" \/><\/figure><\/div>\n\n\n\n<p>A instru\u00e7\u00e3o de se fazer uma interpreta\u00e7\u00e3o que relativizasse a viol\u00eancia dom\u00e9stica trazia a hip\u00f3tese de que nem sempre a viol\u00eancia contra a m\u00e3e \u00e9 percebida pela Crian\u00e7a e que os adultos devem separar a Crian\u00e7a, ou Crian\u00e7as, do conflito. Como afirmar que nem sempre uma viol\u00eancia contra a m\u00e3e afeta a Crian\u00e7a? H\u00e1 que se ter em casa uma c\u00e2mara \u00e0 prova de som, e maquiagem cenogr\u00e1fica para esconder os hematomas, para que a Crian\u00e7a n\u00e3o escute e n\u00e3o veja as marcas da viol\u00eancia.<\/p>\n\n\n\n<div class=\"wp-block-image\"><figure class=\"aligncenter size-large\"><img decoding=\"async\" src=\"https:\/\/jornalfatosenoticias.com.br\/wp-content\/uploads\/2020\/02\/barao-das-carnes-300x164-1.jpg\" alt=\"\" class=\"wp-image-34339\"\/><\/figure><\/div>\n\n\n\n<p>Fica evidente aqui o prop\u00f3sito de pintar a Crian\u00e7a como uma t\u00e1bula rasa, sem percep\u00e7\u00e3o, sem capacidade de capta\u00e7\u00e3o de emo\u00e7\u00f5es, portadora de extenso e intenso alheamento. Uma Crian\u00e7a com uma debilidade de perceber o mundo a seu redor. E a proposta, me parece, de se manter essa Crian\u00e7a enganada, o antigo \u201colha o avi\u00e3ozinho\u201d, para enfiar as colheradas de legumes goela abaixo.<br>Como se faz para se medir se uma viol\u00eancia, mesmo que habitando o subsolo do tapete da fam\u00edlia, que hajam juras de que a Crian\u00e7a nunca viu nada, afeta ou n\u00e3o afeta uma Crian\u00e7a? Qual o instrumento de aferi\u00e7\u00e3o psicol\u00f3gica que ser\u00e1 usado para que se escreva num laudo que o genitor agressor pode e deve ter conviv\u00eancia com a Crian\u00e7a? Como j\u00e1 \u00e9 habitual, pelo olh\u00f4metro ou perguntando para o genitor?<\/p>\n\n\n\n<div class=\"wp-block-image\"><figure class=\"aligncenter size-large\"><img loading=\"lazy\" decoding=\"async\" width=\"612\" height=\"408\" src=\"https:\/\/jornalfatosenoticias.com.br\/wp-content\/uploads\/2024\/04\/crimes-contra-a-crianca_istock.jpg\" alt=\"\" class=\"wp-image-50704\" srcset=\"https:\/\/jornalfatosenoticias.com.br\/wp-content\/uploads\/2024\/04\/crimes-contra-a-crianca_istock.jpg 612w, https:\/\/jornalfatosenoticias.com.br\/wp-content\/uploads\/2024\/04\/crimes-contra-a-crianca_istock-300x200.jpg 300w\" sizes=\"auto, (max-width: 612px) 100vw, 612px\" \/><figcaption><em><span class=\"has-inline-color has-black-color\">(Foto: iStock)<\/span><\/em><\/figcaption><\/figure><\/div>\n\n\n\n<p>Fere nossos ouvidos certas falas professorais que enaltecem a ideologia da aliena\u00e7\u00e3o parental, em busca de um verniz de seriedade, e seu inventor, Gardner, divulgado como psiquiatra, que n\u00e3o era, e como ocupado com as Crian\u00e7as. Ele se ocupou de genitores acusados de pr\u00e1ticas sexuais incestuosas contra Crian\u00e7as. Percorrendo o que escreveu, n\u00e3o encontramos nenhum interesse pela Crian\u00e7a. Defendia a pedofilia como ben\u00e9fica para a Crian\u00e7a. Defendia a perman\u00eancia do genitor abusador em casa, e culpava a m\u00e3e pelos abusos cometidos pelo genitor. \u00c9 preciso ler o pr\u00f3prio para n\u00e3o cair em equ\u00edvocos grosseiros. Ressuscitar terminologia obsoleta, desprezada pela OMS, tem um prop\u00f3sito que se choca, frontalmente, com o Princ\u00edpio do Melhor Interesse da Crian\u00e7a.<\/p>\n\n\n\n<div class=\"wp-block-image\"><figure class=\"aligncenter size-large is-resized\"><img loading=\"lazy\" decoding=\"async\" src=\"https:\/\/jornalfatosenoticias.com.br\/wp-content\/uploads\/2024\/01\/consultoria-ambiental.jpg\" alt=\"\" class=\"wp-image-48314\" width=\"317\" height=\"286\" srcset=\"https:\/\/jornalfatosenoticias.com.br\/wp-content\/uploads\/2024\/01\/consultoria-ambiental.jpg 832w, https:\/\/jornalfatosenoticias.com.br\/wp-content\/uploads\/2024\/01\/consultoria-ambiental-300x272.jpg 300w, https:\/\/jornalfatosenoticias.com.br\/wp-content\/uploads\/2024\/01\/consultoria-ambiental-768x696.jpg 768w\" sizes=\"auto, (max-width: 317px) 100vw, 317px\" \/><\/figure><\/div>\n\n\n\n<p>E, ser\u00e1 que as pessoas acreditam mesmo que um agressor se torna um gentleman com a ex porque conseguiu a guarda compartilhada? Ele se cura, magicamente, da necessidade de sentir prazer pelo Poder aniquilador sobre um\/a vulner\u00e1vel? A sensa\u00e7\u00e3o triunfante pela pr\u00e1tica da opress\u00e3o \u00e9 seu gozo. Vai se contentar com regras e limites de respeito e gentileza com a pessoa que era a medalha de seu esporte favorito?<br>Quando come\u00e7aremos a estudar e pesquisar, cientificamente, esses comportamentos de perversidade contra vulner\u00e1veis?<\/p>\n","protected":false},"excerpt":{"rendered":"<p>A guarda compartilhada \u00e9 um instituto que precisa ser muito bem estudado, muito bem pesquisado em sua sequ\u00eancia e suas consequ\u00eancias, principalmente com uma escuta especializada na observa\u00e7\u00e3o de benef\u00edcios e malef\u00edcios J\u00e1 est\u00e1 sendo arrumada a cama com amarras para amarrar Mulheres e Crian\u00e7as no leito das perversidades. A caracter\u00edstica da ideologia vigente \u00e9 [&hellip;]<\/p>\n","protected":false},"author":8,"featured_media":50705,"comment_status":"open","ping_status":"open","sticky":false,"template":"","format":"standard","meta":{"footnotes":""},"categories":[2522],"tags":[1317,1007,23323,4808],"class_list":["post-50702","post","type-post","status-publish","format-standard","has-post-thumbnail","hentry","category-comportamento","tag-crianca","tag-divorcio","tag-ideologia-da-alienacao-parental","tag-violencia-sexual"],"yoast_head":"<!-- This site is optimized with the Yoast SEO plugin v26.5 - https:\/\/yoast.com\/wordpress\/plugins\/seo\/ -->\n<title>Em tempo de luta pelo direito de Ser Mulher, pelo Direito de Ser Crian\u00e7a \u2014 Parte V - Jornal Fatos e Not\u00edcias<\/title>\n<meta name=\"robots\" content=\"index, follow, max-snippet:-1, max-image-preview:large, max-video-preview:-1\" \/>\n<link rel=\"canonical\" href=\"https:\/\/jornalfatosenoticias.com.br\/index.php\/2024\/04\/18\/em-tempo-de-luta-pelo-direito-de-ser-mulher-pelo-direito-de-ser-crianca-parte-v\/\" \/>\n<meta property=\"og:locale\" content=\"pt_BR\" \/>\n<meta property=\"og:type\" content=\"article\" \/>\n<meta property=\"og:title\" content=\"Em tempo de luta pelo direito de Ser Mulher, pelo Direito de Ser Crian\u00e7a \u2014 Parte V - Jornal Fatos e Not\u00edcias\" \/>\n<meta property=\"og:description\" content=\"A guarda compartilhada \u00e9 um instituto que precisa ser muito bem estudado, muito bem pesquisado em sua sequ\u00eancia e suas consequ\u00eancias, principalmente com uma escuta especializada na observa\u00e7\u00e3o de benef\u00edcios e malef\u00edcios J\u00e1 est\u00e1 sendo arrumada a cama com amarras para amarrar Mulheres e Crian\u00e7as no leito das perversidades. A caracter\u00edstica da ideologia vigente \u00e9 [&hellip;]\" \/>\n<meta property=\"og:url\" content=\"https:\/\/jornalfatosenoticias.com.br\/index.php\/2024\/04\/18\/em-tempo-de-luta-pelo-direito-de-ser-mulher-pelo-direito-de-ser-crianca-parte-v\/\" \/>\n<meta property=\"og:site_name\" content=\"Jornal Fatos e Not\u00edcias\" \/>\n<meta property=\"article:published_time\" content=\"2024-04-18T19:03:05+00:00\" \/>\n<meta property=\"article:modified_time\" content=\"2024-04-18T19:03:07+00:00\" \/>\n<meta property=\"og:image\" content=\"https:\/\/jornalfatosenoticias.com.br\/wp-content\/uploads\/2024\/04\/abuso-infantil_istock.jpg\" \/>\n\t<meta property=\"og:image:width\" content=\"612\" \/>\n\t<meta property=\"og:image:height\" content=\"408\" \/>\n\t<meta property=\"og:image:type\" content=\"image\/jpeg\" \/>\n<meta name=\"author\" content=\"Ana Maria Iencarelli\" \/>\n<meta name=\"twitter:card\" content=\"summary_large_image\" \/>\n<meta name=\"twitter:label1\" content=\"Escrito por\" \/>\n\t<meta name=\"twitter:data1\" content=\"Ana Maria Iencarelli\" \/>\n\t<meta name=\"twitter:label2\" content=\"Est. tempo de leitura\" \/>\n\t<meta name=\"twitter:data2\" content=\"6 minutos\" \/>\n<script type=\"application\/ld+json\" class=\"yoast-schema-graph\">{\"@context\":\"https:\/\/schema.org\",\"@graph\":[{\"@type\":\"Article\",\"@id\":\"https:\/\/jornalfatosenoticias.com.br\/index.php\/2024\/04\/18\/em-tempo-de-luta-pelo-direito-de-ser-mulher-pelo-direito-de-ser-crianca-parte-v\/#article\",\"isPartOf\":{\"@id\":\"https:\/\/jornalfatosenoticias.com.br\/index.php\/2024\/04\/18\/em-tempo-de-luta-pelo-direito-de-ser-mulher-pelo-direito-de-ser-crianca-parte-v\/\"},\"author\":{\"name\":\"Ana Maria Iencarelli\",\"@id\":\"https:\/\/jornalfatosenoticias.com.br\/#\/schema\/person\/c33fcf5fb02d729d3fec92c6737a22d1\"},\"headline\":\"Em tempo de luta pelo direito de Ser Mulher, pelo Direito de Ser Crian\u00e7a \u2014 Parte V\",\"datePublished\":\"2024-04-18T19:03:05+00:00\",\"dateModified\":\"2024-04-18T19:03:07+00:00\",\"mainEntityOfPage\":{\"@id\":\"https:\/\/jornalfatosenoticias.com.br\/index.php\/2024\/04\/18\/em-tempo-de-luta-pelo-direito-de-ser-mulher-pelo-direito-de-ser-crianca-parte-v\/\"},\"wordCount\":1193,\"commentCount\":0,\"publisher\":{\"@id\":\"https:\/\/jornalfatosenoticias.com.br\/#organization\"},\"image\":{\"@id\":\"https:\/\/jornalfatosenoticias.com.br\/index.php\/2024\/04\/18\/em-tempo-de-luta-pelo-direito-de-ser-mulher-pelo-direito-de-ser-crianca-parte-v\/#primaryimage\"},\"thumbnailUrl\":\"https:\/\/jornalfatosenoticias.com.br\/wp-content\/uploads\/2024\/04\/abuso-infantil_istock.jpg\",\"keywords\":[\"crian\u00e7a\",\"div\u00f3rcio\",\"ideologia da aliena\u00e7\u00e3o parental\",\"Viol\u00eancia Sexual\"],\"articleSection\":[\"Comportamento &amp; Equil\u00edbrio\"],\"inLanguage\":\"pt-BR\",\"potentialAction\":[{\"@type\":\"CommentAction\",\"name\":\"Comment\",\"target\":[\"https:\/\/jornalfatosenoticias.com.br\/index.php\/2024\/04\/18\/em-tempo-de-luta-pelo-direito-de-ser-mulher-pelo-direito-de-ser-crianca-parte-v\/#respond\"]}]},{\"@type\":\"WebPage\",\"@id\":\"https:\/\/jornalfatosenoticias.com.br\/index.php\/2024\/04\/18\/em-tempo-de-luta-pelo-direito-de-ser-mulher-pelo-direito-de-ser-crianca-parte-v\/\",\"url\":\"https:\/\/jornalfatosenoticias.com.br\/index.php\/2024\/04\/18\/em-tempo-de-luta-pelo-direito-de-ser-mulher-pelo-direito-de-ser-crianca-parte-v\/\",\"name\":\"Em tempo de luta pelo direito de Ser Mulher, pelo Direito de Ser Crian\u00e7a \u2014 Parte V - Jornal Fatos e Not\u00edcias\",\"isPartOf\":{\"@id\":\"https:\/\/jornalfatosenoticias.com.br\/#website\"},\"primaryImageOfPage\":{\"@id\":\"https:\/\/jornalfatosenoticias.com.br\/index.php\/2024\/04\/18\/em-tempo-de-luta-pelo-direito-de-ser-mulher-pelo-direito-de-ser-crianca-parte-v\/#primaryimage\"},\"image\":{\"@id\":\"https:\/\/jornalfatosenoticias.com.br\/index.php\/2024\/04\/18\/em-tempo-de-luta-pelo-direito-de-ser-mulher-pelo-direito-de-ser-crianca-parte-v\/#primaryimage\"},\"thumbnailUrl\":\"https:\/\/jornalfatosenoticias.com.br\/wp-content\/uploads\/2024\/04\/abuso-infantil_istock.jpg\",\"datePublished\":\"2024-04-18T19:03:05+00:00\",\"dateModified\":\"2024-04-18T19:03:07+00:00\",\"breadcrumb\":{\"@id\":\"https:\/\/jornalfatosenoticias.com.br\/index.php\/2024\/04\/18\/em-tempo-de-luta-pelo-direito-de-ser-mulher-pelo-direito-de-ser-crianca-parte-v\/#breadcrumb\"},\"inLanguage\":\"pt-BR\",\"potentialAction\":[{\"@type\":\"ReadAction\",\"target\":[\"https:\/\/jornalfatosenoticias.com.br\/index.php\/2024\/04\/18\/em-tempo-de-luta-pelo-direito-de-ser-mulher-pelo-direito-de-ser-crianca-parte-v\/\"]}]},{\"@type\":\"ImageObject\",\"inLanguage\":\"pt-BR\",\"@id\":\"https:\/\/jornalfatosenoticias.com.br\/index.php\/2024\/04\/18\/em-tempo-de-luta-pelo-direito-de-ser-mulher-pelo-direito-de-ser-crianca-parte-v\/#primaryimage\",\"url\":\"https:\/\/jornalfatosenoticias.com.br\/wp-content\/uploads\/2024\/04\/abuso-infantil_istock.jpg\",\"contentUrl\":\"https:\/\/jornalfatosenoticias.com.br\/wp-content\/uploads\/2024\/04\/abuso-infantil_istock.jpg\",\"width\":612,\"height\":408,\"caption\":\"Upset little girl curled up on the bed next to her drawing rubbing her eyes with her fists as though crying, side vignette\"},{\"@type\":\"BreadcrumbList\",\"@id\":\"https:\/\/jornalfatosenoticias.com.br\/index.php\/2024\/04\/18\/em-tempo-de-luta-pelo-direito-de-ser-mulher-pelo-direito-de-ser-crianca-parte-v\/#breadcrumb\",\"itemListElement\":[{\"@type\":\"ListItem\",\"position\":1,\"name\":\"In\u00edcio\",\"item\":\"https:\/\/jornalfatosenoticias.com.br\/\"},{\"@type\":\"ListItem\",\"position\":2,\"name\":\"Em tempo de luta pelo direito de Ser Mulher, pelo Direito de Ser Crian\u00e7a \u2014 Parte V\"}]},{\"@type\":\"WebSite\",\"@id\":\"https:\/\/jornalfatosenoticias.com.br\/#website\",\"url\":\"https:\/\/jornalfatosenoticias.com.br\/\",\"name\":\"Jornal Fatos e Not\u00edcias\",\"description\":\"Not\u00edcias em geral\",\"publisher\":{\"@id\":\"https:\/\/jornalfatosenoticias.com.br\/#organization\"},\"potentialAction\":[{\"@type\":\"SearchAction\",\"target\":{\"@type\":\"EntryPoint\",\"urlTemplate\":\"https:\/\/jornalfatosenoticias.com.br\/?s={search_term_string}\"},\"query-input\":{\"@type\":\"PropertyValueSpecification\",\"valueRequired\":true,\"valueName\":\"search_term_string\"}}],\"inLanguage\":\"pt-BR\"},{\"@type\":\"Organization\",\"@id\":\"https:\/\/jornalfatosenoticias.com.br\/#organization\",\"name\":\"Jornal Fatos e Not\u00edcias\",\"url\":\"https:\/\/jornalfatosenoticias.com.br\/\",\"logo\":{\"@type\":\"ImageObject\",\"inLanguage\":\"pt-BR\",\"@id\":\"https:\/\/jornalfatosenoticias.com.br\/#\/schema\/logo\/image\/\",\"url\":\"https:\/\/jornalfatosenoticias.com.br\/wp-content\/uploads\/2020\/02\/logo120.png\",\"contentUrl\":\"https:\/\/jornalfatosenoticias.com.br\/wp-content\/uploads\/2020\/02\/logo120.png\",\"width\":1227,\"height\":120,\"caption\":\"Jornal Fatos e Not\u00edcias\"},\"image\":{\"@id\":\"https:\/\/jornalfatosenoticias.com.br\/#\/schema\/logo\/image\/\"}},{\"@type\":\"Person\",\"@id\":\"https:\/\/jornalfatosenoticias.com.br\/#\/schema\/person\/c33fcf5fb02d729d3fec92c6737a22d1\",\"name\":\"Ana Maria Iencarelli\",\"image\":{\"@type\":\"ImageObject\",\"inLanguage\":\"pt-BR\",\"@id\":\"https:\/\/jornalfatosenoticias.com.br\/#\/schema\/person\/image\/\",\"url\":\"https:\/\/jornalfatosenoticias.com.br\/wp-content\/uploads\/2020\/02\/Ana-Maria-Iencarelli-1-150x150.jpg\",\"contentUrl\":\"https:\/\/jornalfatosenoticias.com.br\/wp-content\/uploads\/2020\/02\/Ana-Maria-Iencarelli-1-150x150.jpg\",\"caption\":\"Ana Maria Iencarelli\"},\"description\":\"Psicanalista Cl\u00ednica, especializada no atendimento a Crian\u00e7as e Adolescentes. Presidente da ONG Vozes de Anjos.\",\"url\":\"https:\/\/jornalfatosenoticias.com.br\/index.php\/author\/anamaria\/\"}]}<\/script>\n<!-- \/ Yoast SEO plugin. -->","yoast_head_json":{"title":"Em tempo de luta pelo direito de Ser Mulher, pelo Direito de Ser Crian\u00e7a \u2014 Parte V - Jornal Fatos e Not\u00edcias","robots":{"index":"index","follow":"follow","max-snippet":"max-snippet:-1","max-image-preview":"max-image-preview:large","max-video-preview":"max-video-preview:-1"},"canonical":"https:\/\/jornalfatosenoticias.com.br\/index.php\/2024\/04\/18\/em-tempo-de-luta-pelo-direito-de-ser-mulher-pelo-direito-de-ser-crianca-parte-v\/","og_locale":"pt_BR","og_type":"article","og_title":"Em tempo de luta pelo direito de Ser Mulher, pelo Direito de Ser Crian\u00e7a \u2014 Parte V - Jornal Fatos e Not\u00edcias","og_description":"A guarda compartilhada \u00e9 um instituto que precisa ser muito bem estudado, muito bem pesquisado em sua sequ\u00eancia e suas consequ\u00eancias, principalmente com uma escuta especializada na observa\u00e7\u00e3o de benef\u00edcios e malef\u00edcios J\u00e1 est\u00e1 sendo arrumada a cama com amarras para amarrar Mulheres e Crian\u00e7as no leito das perversidades. A caracter\u00edstica da ideologia vigente \u00e9 [&hellip;]","og_url":"https:\/\/jornalfatosenoticias.com.br\/index.php\/2024\/04\/18\/em-tempo-de-luta-pelo-direito-de-ser-mulher-pelo-direito-de-ser-crianca-parte-v\/","og_site_name":"Jornal Fatos e Not\u00edcias","article_published_time":"2024-04-18T19:03:05+00:00","article_modified_time":"2024-04-18T19:03:07+00:00","og_image":[{"width":612,"height":408,"url":"https:\/\/jornalfatosenoticias.com.br\/wp-content\/uploads\/2024\/04\/abuso-infantil_istock.jpg","type":"image\/jpeg"}],"author":"Ana Maria Iencarelli","twitter_card":"summary_large_image","twitter_misc":{"Escrito por":"Ana Maria Iencarelli","Est. tempo de leitura":"6 minutos"},"schema":{"@context":"https:\/\/schema.org","@graph":[{"@type":"Article","@id":"https:\/\/jornalfatosenoticias.com.br\/index.php\/2024\/04\/18\/em-tempo-de-luta-pelo-direito-de-ser-mulher-pelo-direito-de-ser-crianca-parte-v\/#article","isPartOf":{"@id":"https:\/\/jornalfatosenoticias.com.br\/index.php\/2024\/04\/18\/em-tempo-de-luta-pelo-direito-de-ser-mulher-pelo-direito-de-ser-crianca-parte-v\/"},"author":{"name":"Ana Maria Iencarelli","@id":"https:\/\/jornalfatosenoticias.com.br\/#\/schema\/person\/c33fcf5fb02d729d3fec92c6737a22d1"},"headline":"Em tempo de luta pelo direito de Ser Mulher, pelo Direito de Ser Crian\u00e7a \u2014 Parte V","datePublished":"2024-04-18T19:03:05+00:00","dateModified":"2024-04-18T19:03:07+00:00","mainEntityOfPage":{"@id":"https:\/\/jornalfatosenoticias.com.br\/index.php\/2024\/04\/18\/em-tempo-de-luta-pelo-direito-de-ser-mulher-pelo-direito-de-ser-crianca-parte-v\/"},"wordCount":1193,"commentCount":0,"publisher":{"@id":"https:\/\/jornalfatosenoticias.com.br\/#organization"},"image":{"@id":"https:\/\/jornalfatosenoticias.com.br\/index.php\/2024\/04\/18\/em-tempo-de-luta-pelo-direito-de-ser-mulher-pelo-direito-de-ser-crianca-parte-v\/#primaryimage"},"thumbnailUrl":"https:\/\/jornalfatosenoticias.com.br\/wp-content\/uploads\/2024\/04\/abuso-infantil_istock.jpg","keywords":["crian\u00e7a","div\u00f3rcio","ideologia da aliena\u00e7\u00e3o parental","Viol\u00eancia Sexual"],"articleSection":["Comportamento &amp; Equil\u00edbrio"],"inLanguage":"pt-BR","potentialAction":[{"@type":"CommentAction","name":"Comment","target":["https:\/\/jornalfatosenoticias.com.br\/index.php\/2024\/04\/18\/em-tempo-de-luta-pelo-direito-de-ser-mulher-pelo-direito-de-ser-crianca-parte-v\/#respond"]}]},{"@type":"WebPage","@id":"https:\/\/jornalfatosenoticias.com.br\/index.php\/2024\/04\/18\/em-tempo-de-luta-pelo-direito-de-ser-mulher-pelo-direito-de-ser-crianca-parte-v\/","url":"https:\/\/jornalfatosenoticias.com.br\/index.php\/2024\/04\/18\/em-tempo-de-luta-pelo-direito-de-ser-mulher-pelo-direito-de-ser-crianca-parte-v\/","name":"Em tempo de luta pelo direito de Ser Mulher, pelo Direito de Ser Crian\u00e7a \u2014 Parte V - Jornal Fatos e Not\u00edcias","isPartOf":{"@id":"https:\/\/jornalfatosenoticias.com.br\/#website"},"primaryImageOfPage":{"@id":"https:\/\/jornalfatosenoticias.com.br\/index.php\/2024\/04\/18\/em-tempo-de-luta-pelo-direito-de-ser-mulher-pelo-direito-de-ser-crianca-parte-v\/#primaryimage"},"image":{"@id":"https:\/\/jornalfatosenoticias.com.br\/index.php\/2024\/04\/18\/em-tempo-de-luta-pelo-direito-de-ser-mulher-pelo-direito-de-ser-crianca-parte-v\/#primaryimage"},"thumbnailUrl":"https:\/\/jornalfatosenoticias.com.br\/wp-content\/uploads\/2024\/04\/abuso-infantil_istock.jpg","datePublished":"2024-04-18T19:03:05+00:00","dateModified":"2024-04-18T19:03:07+00:00","breadcrumb":{"@id":"https:\/\/jornalfatosenoticias.com.br\/index.php\/2024\/04\/18\/em-tempo-de-luta-pelo-direito-de-ser-mulher-pelo-direito-de-ser-crianca-parte-v\/#breadcrumb"},"inLanguage":"pt-BR","potentialAction":[{"@type":"ReadAction","target":["https:\/\/jornalfatosenoticias.com.br\/index.php\/2024\/04\/18\/em-tempo-de-luta-pelo-direito-de-ser-mulher-pelo-direito-de-ser-crianca-parte-v\/"]}]},{"@type":"ImageObject","inLanguage":"pt-BR","@id":"https:\/\/jornalfatosenoticias.com.br\/index.php\/2024\/04\/18\/em-tempo-de-luta-pelo-direito-de-ser-mulher-pelo-direito-de-ser-crianca-parte-v\/#primaryimage","url":"https:\/\/jornalfatosenoticias.com.br\/wp-content\/uploads\/2024\/04\/abuso-infantil_istock.jpg","contentUrl":"https:\/\/jornalfatosenoticias.com.br\/wp-content\/uploads\/2024\/04\/abuso-infantil_istock.jpg","width":612,"height":408,"caption":"Upset little girl curled up on the bed next to her drawing rubbing her eyes with her fists as though crying, side vignette"},{"@type":"BreadcrumbList","@id":"https:\/\/jornalfatosenoticias.com.br\/index.php\/2024\/04\/18\/em-tempo-de-luta-pelo-direito-de-ser-mulher-pelo-direito-de-ser-crianca-parte-v\/#breadcrumb","itemListElement":[{"@type":"ListItem","position":1,"name":"In\u00edcio","item":"https:\/\/jornalfatosenoticias.com.br\/"},{"@type":"ListItem","position":2,"name":"Em tempo de luta pelo direito de Ser Mulher, pelo Direito de Ser Crian\u00e7a \u2014 Parte V"}]},{"@type":"WebSite","@id":"https:\/\/jornalfatosenoticias.com.br\/#website","url":"https:\/\/jornalfatosenoticias.com.br\/","name":"Jornal Fatos e Not\u00edcias","description":"Not\u00edcias em geral","publisher":{"@id":"https:\/\/jornalfatosenoticias.com.br\/#organization"},"potentialAction":[{"@type":"SearchAction","target":{"@type":"EntryPoint","urlTemplate":"https:\/\/jornalfatosenoticias.com.br\/?s={search_term_string}"},"query-input":{"@type":"PropertyValueSpecification","valueRequired":true,"valueName":"search_term_string"}}],"inLanguage":"pt-BR"},{"@type":"Organization","@id":"https:\/\/jornalfatosenoticias.com.br\/#organization","name":"Jornal Fatos e Not\u00edcias","url":"https:\/\/jornalfatosenoticias.com.br\/","logo":{"@type":"ImageObject","inLanguage":"pt-BR","@id":"https:\/\/jornalfatosenoticias.com.br\/#\/schema\/logo\/image\/","url":"https:\/\/jornalfatosenoticias.com.br\/wp-content\/uploads\/2020\/02\/logo120.png","contentUrl":"https:\/\/jornalfatosenoticias.com.br\/wp-content\/uploads\/2020\/02\/logo120.png","width":1227,"height":120,"caption":"Jornal Fatos e Not\u00edcias"},"image":{"@id":"https:\/\/jornalfatosenoticias.com.br\/#\/schema\/logo\/image\/"}},{"@type":"Person","@id":"https:\/\/jornalfatosenoticias.com.br\/#\/schema\/person\/c33fcf5fb02d729d3fec92c6737a22d1","name":"Ana Maria Iencarelli","image":{"@type":"ImageObject","inLanguage":"pt-BR","@id":"https:\/\/jornalfatosenoticias.com.br\/#\/schema\/person\/image\/","url":"https:\/\/jornalfatosenoticias.com.br\/wp-content\/uploads\/2020\/02\/Ana-Maria-Iencarelli-1-150x150.jpg","contentUrl":"https:\/\/jornalfatosenoticias.com.br\/wp-content\/uploads\/2020\/02\/Ana-Maria-Iencarelli-1-150x150.jpg","caption":"Ana Maria Iencarelli"},"description":"Psicanalista Cl\u00ednica, especializada no atendimento a Crian\u00e7as e Adolescentes. Presidente da ONG Vozes de Anjos.","url":"https:\/\/jornalfatosenoticias.com.br\/index.php\/author\/anamaria\/"}]}},"cc_featured_image_caption":{"caption_text":"(Foto: iStock) ","source_text":"","source_url":""},"jetpack_featured_media_url":"https:\/\/jornalfatosenoticias.com.br\/wp-content\/uploads\/2024\/04\/abuso-infantil_istock.jpg","_links":{"self":[{"href":"https:\/\/jornalfatosenoticias.com.br\/index.php\/wp-json\/wp\/v2\/posts\/50702","targetHints":{"allow":["GET"]}}],"collection":[{"href":"https:\/\/jornalfatosenoticias.com.br\/index.php\/wp-json\/wp\/v2\/posts"}],"about":[{"href":"https:\/\/jornalfatosenoticias.com.br\/index.php\/wp-json\/wp\/v2\/types\/post"}],"author":[{"embeddable":true,"href":"https:\/\/jornalfatosenoticias.com.br\/index.php\/wp-json\/wp\/v2\/users\/8"}],"replies":[{"embeddable":true,"href":"https:\/\/jornalfatosenoticias.com.br\/index.php\/wp-json\/wp\/v2\/comments?post=50702"}],"version-history":[{"count":0,"href":"https:\/\/jornalfatosenoticias.com.br\/index.php\/wp-json\/wp\/v2\/posts\/50702\/revisions"}],"wp:featuredmedia":[{"embeddable":true,"href":"https:\/\/jornalfatosenoticias.com.br\/index.php\/wp-json\/wp\/v2\/media\/50705"}],"wp:attachment":[{"href":"https:\/\/jornalfatosenoticias.com.br\/index.php\/wp-json\/wp\/v2\/media?parent=50702"}],"wp:term":[{"taxonomy":"category","embeddable":true,"href":"https:\/\/jornalfatosenoticias.com.br\/index.php\/wp-json\/wp\/v2\/categories?post=50702"},{"taxonomy":"post_tag","embeddable":true,"href":"https:\/\/jornalfatosenoticias.com.br\/index.php\/wp-json\/wp\/v2\/tags?post=50702"}],"curies":[{"name":"wp","href":"https:\/\/api.w.org\/{rel}","templated":true}]}}