{"id":50713,"date":"2024-04-18T16:18:54","date_gmt":"2024-04-18T19:18:54","guid":{"rendered":"https:\/\/jornalfatosenoticias.com.br\/?p=50713"},"modified":"2024-04-18T16:18:56","modified_gmt":"2024-04-18T19:18:56","slug":"desigualdade-feminina-no-trabalho-diminui","status":"publish","type":"post","link":"https:\/\/jornalfatosenoticias.com.br\/index.php\/2024\/04\/18\/desigualdade-feminina-no-trabalho-diminui\/","title":{"rendered":"Desigualdade feminina no trabalho diminui"},"content":{"rendered":"\n<p><span class=\"has-inline-color has-black-color\">Por <strong>Assessoria de Comunica\u00e7\u00e3o<\/strong><\/span><\/p>\n\n\n\n<div class=\"wp-block-image\"><figure class=\"aligncenter size-large is-resized\"><img loading=\"lazy\" decoding=\"async\" src=\"https:\/\/jornalfatosenoticias.com.br\/wp-content\/uploads\/2023\/09\/vetorvix1024_1.jpg\" alt=\"\" class=\"wp-image-44868\" width=\"517\" height=\"137\" srcset=\"https:\/\/jornalfatosenoticias.com.br\/wp-content\/uploads\/2023\/09\/vetorvix1024_1.jpg 1024w, https:\/\/jornalfatosenoticias.com.br\/wp-content\/uploads\/2023\/09\/vetorvix1024_1-300x80.jpg 300w, https:\/\/jornalfatosenoticias.com.br\/wp-content\/uploads\/2023\/09\/vetorvix1024_1-768x205.jpg 768w\" sizes=\"auto, (max-width: 517px) 100vw, 517px\" \/><\/figure><\/div>\n\n\n\n<p>Nos \u00faltimos 10 anos, houve uma redu\u00e7\u00e3o na diferen\u00e7a entre sal\u00e1rios pagos \u00e0s mulheres e aos homens. O \u00edndice que mede a paridade salarial passou de 72 em 2013 para 78,7, em 2023. Os dados est\u00e3o no levantamento Mulheres no Mercado de Trabalho, realizado pela Confedera\u00e7\u00e3o Nacional da Ind\u00fastria (CNI) a partir de microdados da Pesquisa Nacional por Amostra de Domic\u00edlios Cont\u00ednua (PNADc) do Instituto Brasileiro de Geografia e Estat\u00edstica (IBGE). O estudo tamb\u00e9m revelou que a participa\u00e7\u00e3o feminina em cargos de lideran\u00e7a passou de 35,7% em 2013 para 39,1% em 2023. No ano passado, em junho, o governo federal sancionou uma lei que garante igualdade salarial entre homens e mulheres e estabelece medidas para tornar os sal\u00e1rios mais justos, segundo o site da Ag\u00eancia Brasil.<\/p>\n\n\n\n<div class=\"wp-block-image\"><figure class=\"aligncenter size-large\"><img loading=\"lazy\" decoding=\"async\" width=\"566\" height=\"850\" src=\"https:\/\/jornalfatosenoticias.com.br\/wp-content\/uploads\/2024\/04\/JOSEANA-SOUSA.jpg\" alt=\"\" class=\"wp-image-50714\" srcset=\"https:\/\/jornalfatosenoticias.com.br\/wp-content\/uploads\/2024\/04\/JOSEANA-SOUSA.jpg 566w, https:\/\/jornalfatosenoticias.com.br\/wp-content\/uploads\/2024\/04\/JOSEANA-SOUSA-200x300.jpg 200w\" sizes=\"auto, (max-width: 566px) 100vw, 566px\" \/><figcaption><em><span class=\"has-inline-color has-black-color\">Joseana Sousa (Foto: Divulga\u00e7\u00e3o)<\/span><\/em><\/figcaption><\/figure><\/div>\n\n\n\n<p>Para a psicanalista e neurocientista Joseana Sousa, a jornada feminina nunca foi f\u00e1cil. \u201cMuitas vezes, nos equilibramos em m\u00faltiplos pap\u00e9is \u2014 como profissionais, m\u00e3es, esposas \u2014 enquanto enfrentamos as press\u00f5es e demandas do dia a dia. \u00c9 uma rotina que testa nossa resili\u00eancia e determina\u00e7\u00e3o, mas tamb\u00e9m revela nossa incr\u00edvel capacidade de adapta\u00e7\u00e3o e perseveran\u00e7a\u201d, explica.<\/p>\n\n\n\n<div class=\"wp-block-image\"><figure class=\"aligncenter size-large is-resized\"><img loading=\"lazy\" decoding=\"async\" src=\"https:\/\/jornalfatosenoticias.com.br\/wp-content\/uploads\/2024\/01\/consultoria-ambiental.jpg\" alt=\"\" class=\"wp-image-48314\" width=\"305\" height=\"276\" srcset=\"https:\/\/jornalfatosenoticias.com.br\/wp-content\/uploads\/2024\/01\/consultoria-ambiental.jpg 832w, https:\/\/jornalfatosenoticias.com.br\/wp-content\/uploads\/2024\/01\/consultoria-ambiental-300x272.jpg 300w, https:\/\/jornalfatosenoticias.com.br\/wp-content\/uploads\/2024\/01\/consultoria-ambiental-768x696.jpg 768w\" sizes=\"auto, (max-width: 305px) 100vw, 305px\" \/><\/figure><\/div>\n\n\n\n<p>Para Joseana, \u201cas mulheres t\u00eam uma hist\u00f3ria \u00fanica, e um poder e potencial inigual\u00e1vel, e cada obst\u00e1culo que nos fortalece e aproxima, nos faz alcan\u00e7ar nossos objetivos\u201d, diz. Assim, a neurocientista encoraja as mulheres a nunca duvidarem do seu pr\u00f3prio valor, da sua pr\u00f3pria capacidade. <\/p>\n\n\n\n<div class=\"wp-block-image\"><figure class=\"aligncenter size-large is-resized\"><img loading=\"lazy\" decoding=\"async\" src=\"https:\/\/jornalfatosenoticias.com.br\/wp-content\/uploads\/2022\/02\/Precisao-Contabilidade-1024x724.jpg\" alt=\"\" class=\"wp-image-28088\" width=\"344\" height=\"243\"\/><\/figure><\/div>\n\n\n\n<blockquote class=\"wp-block-quote is-layout-flow wp-block-quote-is-layout-flow\"><p><span class=\"has-inline-color has-luminous-vivid-orange-color\">Acreditem em si mesmas, em seus sonhos, em seu potencial ilimitado, fiquem atentas a leis como estas \u2014 que s\u00e3o criadas para beneficiar n\u00f3s mulheres que estamos construindo tantos imp\u00e9rios ao lado da figura masculina, sem o devido reconhecimento \u2014 a serem cumpridas e conquiste a sua jornada mesmo com desafios\u201d, pontua.<\/span><\/p><\/blockquote>\n","protected":false},"excerpt":{"rendered":"<p>Por Assessoria de Comunica\u00e7\u00e3o Nos \u00faltimos 10 anos, houve uma redu\u00e7\u00e3o na diferen\u00e7a entre sal\u00e1rios pagos \u00e0s mulheres e aos homens. O \u00edndice que mede a paridade salarial passou de 72 em 2013 para 78,7, em 2023. Os dados est\u00e3o no levantamento Mulheres no Mercado de Trabalho, realizado pela Confedera\u00e7\u00e3o Nacional da Ind\u00fastria (CNI) a [&hellip;]<\/p>\n","protected":false},"author":3,"featured_media":50715,"comment_status":"open","ping_status":"open","sticky":false,"template":"","format":"standard","meta":{"footnotes":""},"categories":[9],"tags":[23327,23328,23329],"class_list":["post-50713","post","type-post","status-publish","format-standard","has-post-thumbnail","hentry","category-economia","tag-desigualdade-feminina-no-trabalho","tag-mulher-e-mercado-de-trabalho","tag-participacao-feminina-no-mercado-de-trabalho"],"yoast_head":"<!-- This site is optimized with the Yoast SEO plugin v26.5 - https:\/\/yoast.com\/wordpress\/plugins\/seo\/ -->\n<title>Desigualdade feminina no trabalho diminui - Jornal Fatos e Not\u00edcias<\/title>\n<meta name=\"robots\" content=\"index, follow, max-snippet:-1, max-image-preview:large, max-video-preview:-1\" \/>\n<link rel=\"canonical\" href=\"https:\/\/jornalfatosenoticias.com.br\/index.php\/2024\/04\/18\/desigualdade-feminina-no-trabalho-diminui\/\" \/>\n<meta property=\"og:locale\" content=\"pt_BR\" \/>\n<meta property=\"og:type\" content=\"article\" \/>\n<meta property=\"og:title\" content=\"Desigualdade feminina no trabalho diminui - Jornal Fatos e Not\u00edcias\" \/>\n<meta property=\"og:description\" content=\"Por Assessoria de Comunica\u00e7\u00e3o Nos \u00faltimos 10 anos, houve uma redu\u00e7\u00e3o na diferen\u00e7a entre sal\u00e1rios pagos \u00e0s mulheres e aos homens. O \u00edndice que mede a paridade salarial passou de 72 em 2013 para 78,7, em 2023. Os dados est\u00e3o no levantamento Mulheres no Mercado de Trabalho, realizado pela Confedera\u00e7\u00e3o Nacional da Ind\u00fastria (CNI) a [&hellip;]\" \/>\n<meta property=\"og:url\" content=\"https:\/\/jornalfatosenoticias.com.br\/index.php\/2024\/04\/18\/desigualdade-feminina-no-trabalho-diminui\/\" \/>\n<meta property=\"og:site_name\" content=\"Jornal Fatos e Not\u00edcias\" \/>\n<meta property=\"article:published_time\" content=\"2024-04-18T19:18:54+00:00\" \/>\n<meta property=\"article:modified_time\" content=\"2024-04-18T19:18:56+00:00\" \/>\n<meta property=\"og:image\" content=\"https:\/\/jornalfatosenoticias.com.br\/wp-content\/uploads\/2024\/04\/MULHER-E-MERCADO-DE-TRABALHO_PINTEREST.jpg\" \/>\n\t<meta property=\"og:image:width\" content=\"736\" \/>\n\t<meta property=\"og:image:height\" content=\"736\" \/>\n\t<meta property=\"og:image:type\" content=\"image\/jpeg\" \/>\n<meta name=\"author\" content=\"Haroldo Filho\" \/>\n<meta name=\"twitter:card\" content=\"summary_large_image\" \/>\n<meta name=\"twitter:label1\" content=\"Escrito por\" \/>\n\t<meta name=\"twitter:data1\" content=\"Haroldo Filho\" \/>\n\t<meta name=\"twitter:label2\" content=\"Est. tempo de leitura\" \/>\n\t<meta name=\"twitter:data2\" content=\"2 minutos\" \/>\n<script type=\"application\/ld+json\" class=\"yoast-schema-graph\">{\"@context\":\"https:\/\/schema.org\",\"@graph\":[{\"@type\":\"Article\",\"@id\":\"https:\/\/jornalfatosenoticias.com.br\/index.php\/2024\/04\/18\/desigualdade-feminina-no-trabalho-diminui\/#article\",\"isPartOf\":{\"@id\":\"https:\/\/jornalfatosenoticias.com.br\/index.php\/2024\/04\/18\/desigualdade-feminina-no-trabalho-diminui\/\"},\"author\":{\"name\":\"Haroldo Filho\",\"@id\":\"https:\/\/jornalfatosenoticias.com.br\/#\/schema\/person\/05c46cc25b42a5c27e004fb0fa6b4965\"},\"headline\":\"Desigualdade feminina no trabalho diminui\",\"datePublished\":\"2024-04-18T19:18:54+00:00\",\"dateModified\":\"2024-04-18T19:18:56+00:00\",\"mainEntityOfPage\":{\"@id\":\"https:\/\/jornalfatosenoticias.com.br\/index.php\/2024\/04\/18\/desigualdade-feminina-no-trabalho-diminui\/\"},\"wordCount\":315,\"commentCount\":0,\"publisher\":{\"@id\":\"https:\/\/jornalfatosenoticias.com.br\/#organization\"},\"image\":{\"@id\":\"https:\/\/jornalfatosenoticias.com.br\/index.php\/2024\/04\/18\/desigualdade-feminina-no-trabalho-diminui\/#primaryimage\"},\"thumbnailUrl\":\"https:\/\/jornalfatosenoticias.com.br\/wp-content\/uploads\/2024\/04\/MULHER-E-MERCADO-DE-TRABALHO_PINTEREST.jpg\",\"keywords\":[\"desigualdade feminina no trabalho\",\"mulher e mercado de trabalho\",\"participa\u00e7\u00e3o feminina no mercado de trabalho\"],\"articleSection\":[\"Economia\"],\"inLanguage\":\"pt-BR\",\"potentialAction\":[{\"@type\":\"CommentAction\",\"name\":\"Comment\",\"target\":[\"https:\/\/jornalfatosenoticias.com.br\/index.php\/2024\/04\/18\/desigualdade-feminina-no-trabalho-diminui\/#respond\"]}]},{\"@type\":\"WebPage\",\"@id\":\"https:\/\/jornalfatosenoticias.com.br\/index.php\/2024\/04\/18\/desigualdade-feminina-no-trabalho-diminui\/\",\"url\":\"https:\/\/jornalfatosenoticias.com.br\/index.php\/2024\/04\/18\/desigualdade-feminina-no-trabalho-diminui\/\",\"name\":\"Desigualdade feminina no trabalho diminui - Jornal Fatos e Not\u00edcias\",\"isPartOf\":{\"@id\":\"https:\/\/jornalfatosenoticias.com.br\/#website\"},\"primaryImageOfPage\":{\"@id\":\"https:\/\/jornalfatosenoticias.com.br\/index.php\/2024\/04\/18\/desigualdade-feminina-no-trabalho-diminui\/#primaryimage\"},\"image\":{\"@id\":\"https:\/\/jornalfatosenoticias.com.br\/index.php\/2024\/04\/18\/desigualdade-feminina-no-trabalho-diminui\/#primaryimage\"},\"thumbnailUrl\":\"https:\/\/jornalfatosenoticias.com.br\/wp-content\/uploads\/2024\/04\/MULHER-E-MERCADO-DE-TRABALHO_PINTEREST.jpg\",\"datePublished\":\"2024-04-18T19:18:54+00:00\",\"dateModified\":\"2024-04-18T19:18:56+00:00\",\"breadcrumb\":{\"@id\":\"https:\/\/jornalfatosenoticias.com.br\/index.php\/2024\/04\/18\/desigualdade-feminina-no-trabalho-diminui\/#breadcrumb\"},\"inLanguage\":\"pt-BR\",\"potentialAction\":[{\"@type\":\"ReadAction\",\"target\":[\"https:\/\/jornalfatosenoticias.com.br\/index.php\/2024\/04\/18\/desigualdade-feminina-no-trabalho-diminui\/\"]}]},{\"@type\":\"ImageObject\",\"inLanguage\":\"pt-BR\",\"@id\":\"https:\/\/jornalfatosenoticias.com.br\/index.php\/2024\/04\/18\/desigualdade-feminina-no-trabalho-diminui\/#primaryimage\",\"url\":\"https:\/\/jornalfatosenoticias.com.br\/wp-content\/uploads\/2024\/04\/MULHER-E-MERCADO-DE-TRABALHO_PINTEREST.jpg\",\"contentUrl\":\"https:\/\/jornalfatosenoticias.com.br\/wp-content\/uploads\/2024\/04\/MULHER-E-MERCADO-DE-TRABALHO_PINTEREST.jpg\",\"width\":736,\"height\":736},{\"@type\":\"BreadcrumbList\",\"@id\":\"https:\/\/jornalfatosenoticias.com.br\/index.php\/2024\/04\/18\/desigualdade-feminina-no-trabalho-diminui\/#breadcrumb\",\"itemListElement\":[{\"@type\":\"ListItem\",\"position\":1,\"name\":\"In\u00edcio\",\"item\":\"https:\/\/jornalfatosenoticias.com.br\/\"},{\"@type\":\"ListItem\",\"position\":2,\"name\":\"Desigualdade feminina no trabalho diminui\"}]},{\"@type\":\"WebSite\",\"@id\":\"https:\/\/jornalfatosenoticias.com.br\/#website\",\"url\":\"https:\/\/jornalfatosenoticias.com.br\/\",\"name\":\"Jornal Fatos e Not\u00edcias\",\"description\":\"Not\u00edcias em geral\",\"publisher\":{\"@id\":\"https:\/\/jornalfatosenoticias.com.br\/#organization\"},\"potentialAction\":[{\"@type\":\"SearchAction\",\"target\":{\"@type\":\"EntryPoint\",\"urlTemplate\":\"https:\/\/jornalfatosenoticias.com.br\/?s={search_term_string}\"},\"query-input\":{\"@type\":\"PropertyValueSpecification\",\"valueRequired\":true,\"valueName\":\"search_term_string\"}}],\"inLanguage\":\"pt-BR\"},{\"@type\":\"Organization\",\"@id\":\"https:\/\/jornalfatosenoticias.com.br\/#organization\",\"name\":\"Jornal Fatos e Not\u00edcias\",\"url\":\"https:\/\/jornalfatosenoticias.com.br\/\",\"logo\":{\"@type\":\"ImageObject\",\"inLanguage\":\"pt-BR\",\"@id\":\"https:\/\/jornalfatosenoticias.com.br\/#\/schema\/logo\/image\/\",\"url\":\"https:\/\/jornalfatosenoticias.com.br\/wp-content\/uploads\/2020\/02\/logo120.png\",\"contentUrl\":\"https:\/\/jornalfatosenoticias.com.br\/wp-content\/uploads\/2020\/02\/logo120.png\",\"width\":1227,\"height\":120,\"caption\":\"Jornal Fatos e Not\u00edcias\"},\"image\":{\"@id\":\"https:\/\/jornalfatosenoticias.com.br\/#\/schema\/logo\/image\/\"}},{\"@type\":\"Person\",\"@id\":\"https:\/\/jornalfatosenoticias.com.br\/#\/schema\/person\/05c46cc25b42a5c27e004fb0fa6b4965\",\"name\":\"Haroldo Filho\",\"image\":{\"@type\":\"ImageObject\",\"inLanguage\":\"pt-BR\",\"@id\":\"https:\/\/jornalfatosenoticias.com.br\/#\/schema\/person\/image\/\",\"url\":\"https:\/\/jornalfatosenoticias.com.br\/wp-content\/uploads\/2025\/08\/WhatsApp-Image-2025-08-18-at-15.30.28-150x150.jpeg\",\"contentUrl\":\"https:\/\/jornalfatosenoticias.com.br\/wp-content\/uploads\/2025\/08\/WhatsApp-Image-2025-08-18-at-15.30.28-150x150.jpeg\",\"caption\":\"Haroldo Filho\"},\"description\":\"Jornalista \u2013 DRT: 0003818\/ES Coordenador-geral da ONG Educar para Crescer\",\"url\":\"https:\/\/jornalfatosenoticias.com.br\/index.php\/author\/haroldo\/\"}]}<\/script>\n<!-- \/ Yoast SEO plugin. -->","yoast_head_json":{"title":"Desigualdade feminina no trabalho diminui - Jornal Fatos e Not\u00edcias","robots":{"index":"index","follow":"follow","max-snippet":"max-snippet:-1","max-image-preview":"max-image-preview:large","max-video-preview":"max-video-preview:-1"},"canonical":"https:\/\/jornalfatosenoticias.com.br\/index.php\/2024\/04\/18\/desigualdade-feminina-no-trabalho-diminui\/","og_locale":"pt_BR","og_type":"article","og_title":"Desigualdade feminina no trabalho diminui - Jornal Fatos e Not\u00edcias","og_description":"Por Assessoria de Comunica\u00e7\u00e3o Nos \u00faltimos 10 anos, houve uma redu\u00e7\u00e3o na diferen\u00e7a entre sal\u00e1rios pagos \u00e0s mulheres e aos homens. O \u00edndice que mede a paridade salarial passou de 72 em 2013 para 78,7, em 2023. Os dados est\u00e3o no levantamento Mulheres no Mercado de Trabalho, realizado pela Confedera\u00e7\u00e3o Nacional da Ind\u00fastria (CNI) a [&hellip;]","og_url":"https:\/\/jornalfatosenoticias.com.br\/index.php\/2024\/04\/18\/desigualdade-feminina-no-trabalho-diminui\/","og_site_name":"Jornal Fatos e Not\u00edcias","article_published_time":"2024-04-18T19:18:54+00:00","article_modified_time":"2024-04-18T19:18:56+00:00","og_image":[{"width":736,"height":736,"url":"https:\/\/jornalfatosenoticias.com.br\/wp-content\/uploads\/2024\/04\/MULHER-E-MERCADO-DE-TRABALHO_PINTEREST.jpg","type":"image\/jpeg"}],"author":"Haroldo Filho","twitter_card":"summary_large_image","twitter_misc":{"Escrito por":"Haroldo Filho","Est. tempo de leitura":"2 minutos"},"schema":{"@context":"https:\/\/schema.org","@graph":[{"@type":"Article","@id":"https:\/\/jornalfatosenoticias.com.br\/index.php\/2024\/04\/18\/desigualdade-feminina-no-trabalho-diminui\/#article","isPartOf":{"@id":"https:\/\/jornalfatosenoticias.com.br\/index.php\/2024\/04\/18\/desigualdade-feminina-no-trabalho-diminui\/"},"author":{"name":"Haroldo Filho","@id":"https:\/\/jornalfatosenoticias.com.br\/#\/schema\/person\/05c46cc25b42a5c27e004fb0fa6b4965"},"headline":"Desigualdade feminina no trabalho diminui","datePublished":"2024-04-18T19:18:54+00:00","dateModified":"2024-04-18T19:18:56+00:00","mainEntityOfPage":{"@id":"https:\/\/jornalfatosenoticias.com.br\/index.php\/2024\/04\/18\/desigualdade-feminina-no-trabalho-diminui\/"},"wordCount":315,"commentCount":0,"publisher":{"@id":"https:\/\/jornalfatosenoticias.com.br\/#organization"},"image":{"@id":"https:\/\/jornalfatosenoticias.com.br\/index.php\/2024\/04\/18\/desigualdade-feminina-no-trabalho-diminui\/#primaryimage"},"thumbnailUrl":"https:\/\/jornalfatosenoticias.com.br\/wp-content\/uploads\/2024\/04\/MULHER-E-MERCADO-DE-TRABALHO_PINTEREST.jpg","keywords":["desigualdade feminina no trabalho","mulher e mercado de trabalho","participa\u00e7\u00e3o feminina no mercado de trabalho"],"articleSection":["Economia"],"inLanguage":"pt-BR","potentialAction":[{"@type":"CommentAction","name":"Comment","target":["https:\/\/jornalfatosenoticias.com.br\/index.php\/2024\/04\/18\/desigualdade-feminina-no-trabalho-diminui\/#respond"]}]},{"@type":"WebPage","@id":"https:\/\/jornalfatosenoticias.com.br\/index.php\/2024\/04\/18\/desigualdade-feminina-no-trabalho-diminui\/","url":"https:\/\/jornalfatosenoticias.com.br\/index.php\/2024\/04\/18\/desigualdade-feminina-no-trabalho-diminui\/","name":"Desigualdade feminina no trabalho diminui - Jornal Fatos e Not\u00edcias","isPartOf":{"@id":"https:\/\/jornalfatosenoticias.com.br\/#website"},"primaryImageOfPage":{"@id":"https:\/\/jornalfatosenoticias.com.br\/index.php\/2024\/04\/18\/desigualdade-feminina-no-trabalho-diminui\/#primaryimage"},"image":{"@id":"https:\/\/jornalfatosenoticias.com.br\/index.php\/2024\/04\/18\/desigualdade-feminina-no-trabalho-diminui\/#primaryimage"},"thumbnailUrl":"https:\/\/jornalfatosenoticias.com.br\/wp-content\/uploads\/2024\/04\/MULHER-E-MERCADO-DE-TRABALHO_PINTEREST.jpg","datePublished":"2024-04-18T19:18:54+00:00","dateModified":"2024-04-18T19:18:56+00:00","breadcrumb":{"@id":"https:\/\/jornalfatosenoticias.com.br\/index.php\/2024\/04\/18\/desigualdade-feminina-no-trabalho-diminui\/#breadcrumb"},"inLanguage":"pt-BR","potentialAction":[{"@type":"ReadAction","target":["https:\/\/jornalfatosenoticias.com.br\/index.php\/2024\/04\/18\/desigualdade-feminina-no-trabalho-diminui\/"]}]},{"@type":"ImageObject","inLanguage":"pt-BR","@id":"https:\/\/jornalfatosenoticias.com.br\/index.php\/2024\/04\/18\/desigualdade-feminina-no-trabalho-diminui\/#primaryimage","url":"https:\/\/jornalfatosenoticias.com.br\/wp-content\/uploads\/2024\/04\/MULHER-E-MERCADO-DE-TRABALHO_PINTEREST.jpg","contentUrl":"https:\/\/jornalfatosenoticias.com.br\/wp-content\/uploads\/2024\/04\/MULHER-E-MERCADO-DE-TRABALHO_PINTEREST.jpg","width":736,"height":736},{"@type":"BreadcrumbList","@id":"https:\/\/jornalfatosenoticias.com.br\/index.php\/2024\/04\/18\/desigualdade-feminina-no-trabalho-diminui\/#breadcrumb","itemListElement":[{"@type":"ListItem","position":1,"name":"In\u00edcio","item":"https:\/\/jornalfatosenoticias.com.br\/"},{"@type":"ListItem","position":2,"name":"Desigualdade feminina no trabalho diminui"}]},{"@type":"WebSite","@id":"https:\/\/jornalfatosenoticias.com.br\/#website","url":"https:\/\/jornalfatosenoticias.com.br\/","name":"Jornal Fatos e Not\u00edcias","description":"Not\u00edcias em geral","publisher":{"@id":"https:\/\/jornalfatosenoticias.com.br\/#organization"},"potentialAction":[{"@type":"SearchAction","target":{"@type":"EntryPoint","urlTemplate":"https:\/\/jornalfatosenoticias.com.br\/?s={search_term_string}"},"query-input":{"@type":"PropertyValueSpecification","valueRequired":true,"valueName":"search_term_string"}}],"inLanguage":"pt-BR"},{"@type":"Organization","@id":"https:\/\/jornalfatosenoticias.com.br\/#organization","name":"Jornal Fatos e Not\u00edcias","url":"https:\/\/jornalfatosenoticias.com.br\/","logo":{"@type":"ImageObject","inLanguage":"pt-BR","@id":"https:\/\/jornalfatosenoticias.com.br\/#\/schema\/logo\/image\/","url":"https:\/\/jornalfatosenoticias.com.br\/wp-content\/uploads\/2020\/02\/logo120.png","contentUrl":"https:\/\/jornalfatosenoticias.com.br\/wp-content\/uploads\/2020\/02\/logo120.png","width":1227,"height":120,"caption":"Jornal Fatos e Not\u00edcias"},"image":{"@id":"https:\/\/jornalfatosenoticias.com.br\/#\/schema\/logo\/image\/"}},{"@type":"Person","@id":"https:\/\/jornalfatosenoticias.com.br\/#\/schema\/person\/05c46cc25b42a5c27e004fb0fa6b4965","name":"Haroldo Filho","image":{"@type":"ImageObject","inLanguage":"pt-BR","@id":"https:\/\/jornalfatosenoticias.com.br\/#\/schema\/person\/image\/","url":"https:\/\/jornalfatosenoticias.com.br\/wp-content\/uploads\/2025\/08\/WhatsApp-Image-2025-08-18-at-15.30.28-150x150.jpeg","contentUrl":"https:\/\/jornalfatosenoticias.com.br\/wp-content\/uploads\/2025\/08\/WhatsApp-Image-2025-08-18-at-15.30.28-150x150.jpeg","caption":"Haroldo Filho"},"description":"Jornalista \u2013 DRT: 0003818\/ES Coordenador-geral da ONG Educar para Crescer","url":"https:\/\/jornalfatosenoticias.com.br\/index.php\/author\/haroldo\/"}]}},"cc_featured_image_caption":{"caption_text":"(Foto: Pinterest)","source_text":"","source_url":""},"jetpack_featured_media_url":"https:\/\/jornalfatosenoticias.com.br\/wp-content\/uploads\/2024\/04\/MULHER-E-MERCADO-DE-TRABALHO_PINTEREST.jpg","_links":{"self":[{"href":"https:\/\/jornalfatosenoticias.com.br\/index.php\/wp-json\/wp\/v2\/posts\/50713","targetHints":{"allow":["GET"]}}],"collection":[{"href":"https:\/\/jornalfatosenoticias.com.br\/index.php\/wp-json\/wp\/v2\/posts"}],"about":[{"href":"https:\/\/jornalfatosenoticias.com.br\/index.php\/wp-json\/wp\/v2\/types\/post"}],"author":[{"embeddable":true,"href":"https:\/\/jornalfatosenoticias.com.br\/index.php\/wp-json\/wp\/v2\/users\/3"}],"replies":[{"embeddable":true,"href":"https:\/\/jornalfatosenoticias.com.br\/index.php\/wp-json\/wp\/v2\/comments?post=50713"}],"version-history":[{"count":0,"href":"https:\/\/jornalfatosenoticias.com.br\/index.php\/wp-json\/wp\/v2\/posts\/50713\/revisions"}],"wp:featuredmedia":[{"embeddable":true,"href":"https:\/\/jornalfatosenoticias.com.br\/index.php\/wp-json\/wp\/v2\/media\/50715"}],"wp:attachment":[{"href":"https:\/\/jornalfatosenoticias.com.br\/index.php\/wp-json\/wp\/v2\/media?parent=50713"}],"wp:term":[{"taxonomy":"category","embeddable":true,"href":"https:\/\/jornalfatosenoticias.com.br\/index.php\/wp-json\/wp\/v2\/categories?post=50713"},{"taxonomy":"post_tag","embeddable":true,"href":"https:\/\/jornalfatosenoticias.com.br\/index.php\/wp-json\/wp\/v2\/tags?post=50713"}],"curies":[{"name":"wp","href":"https:\/\/api.w.org\/{rel}","templated":true}]}}