{"id":50723,"date":"2024-04-18T17:04:46","date_gmt":"2024-04-18T20:04:46","guid":{"rendered":"https:\/\/jornalfatosenoticias.com.br\/?p=50723"},"modified":"2024-04-18T17:04:48","modified_gmt":"2024-04-18T20:04:48","slug":"a-semana-no-brasil-e-no-mundo-revista-britanica-the-economist-acusa-stf-e-alexandre-de-moraes-de-censura-e-autoritarismo-apos-embate-com-elon-musk","status":"publish","type":"post","link":"https:\/\/jornalfatosenoticias.com.br\/index.php\/2024\/04\/18\/a-semana-no-brasil-e-no-mundo-revista-britanica-the-economist-acusa-stf-e-alexandre-de-moraes-de-censura-e-autoritarismo-apos-embate-com-elon-musk\/","title":{"rendered":"A Semana no Brasil e no Mundo \u2014 Revista brit\u00e2nica The Economist acusa STF e Alexandre de Moraes de censura e autoritarismo ap\u00f3s embate com Elon Musk"},"content":{"rendered":"\n<div class=\"wp-block-image\"><figure class=\"aligncenter size-large\"><img loading=\"lazy\" decoding=\"async\" width=\"729\" height=\"90\" src=\"https:\/\/jornalfatosenoticias.com.br\/wp-content\/uploads\/2020\/02\/Logo_Mizu.png\" alt=\"\" class=\"wp-image-1441\" srcset=\"https:\/\/jornalfatosenoticias.com.br\/wp-content\/uploads\/2020\/02\/Logo_Mizu.png 729w, https:\/\/jornalfatosenoticias.com.br\/wp-content\/uploads\/2020\/02\/Logo_Mizu-300x37.png 300w\" sizes=\"auto, (max-width: 729px) 100vw, 729px\" \/><\/figure><\/div>\n\n\n\n<p>A prestigiada revista brit\u00e2nica The Economist criticou diretamente o ministro do Supremo Tribunal Federal (STF), Alexandre de Moraes, em rela\u00e7\u00e3o \u00e0 sua recente decis\u00e3o que envolve Elon Musk, propriet\u00e1rio do Twitter\/X. A publica\u00e7\u00e3o descreve o STF como um \u201cpoderoso\u201d \u00f3rg\u00e3o judicial.<br>Segundo a revista, o epis\u00f3dio come\u00e7ou quando Musk revelou que Moraes havia determinado a exclus\u00e3o de contas populares brasileiras no Twitter\/X, sob pena de multas significativas. \u201cAlexandre de Moraes abriu ent\u00e3o um inqu\u00e9rito contra Elon Musk por obstru\u00e7\u00e3o \u00e0 Justi\u00e7a\u201d, reporta a revista, ap\u00f3s Musk acusar o magistrado de exercer uma censura mais severa do que em qualquer outro pa\u00eds em que a plataforma atua, rotulando Moraes de \u201cditador\u201d, e clamando por seu impeachment e julgamento.<\/p>\n\n\n\n<div class=\"wp-block-image\"><figure class=\"aligncenter size-large is-resized\"><img loading=\"lazy\" decoding=\"async\" src=\"https:\/\/jornalfatosenoticias.com.br\/wp-content\/uploads\/2020\/02\/CONTROL-CS.jpg\" alt=\"\" class=\"wp-image-44991\" width=\"341\" height=\"408\" srcset=\"https:\/\/jornalfatosenoticias.com.br\/wp-content\/uploads\/2020\/02\/CONTROL-CS.jpg 834w, https:\/\/jornalfatosenoticias.com.br\/wp-content\/uploads\/2020\/02\/CONTROL-CS-250x300.jpg 250w, https:\/\/jornalfatosenoticias.com.br\/wp-content\/uploads\/2020\/02\/CONTROL-CS-768x921.jpg 768w\" sizes=\"auto, (max-width: 341px) 100vw, 341px\" \/><\/figure><\/div>\n\n\n\n<p>A mat\u00e9ria da The Economist aponta que a controv\u00e9rsia evidencia dois grandes temas: o poder substancial da Suprema Corte brasileira sobre os cidad\u00e3os do Pa\u00eds e o desafio de regular as redes sociais mantendo a liberdade de express\u00e3o, com o Brasil como um campo de batalha crucial neste debate. A publica\u00e7\u00e3o tamb\u00e9m recorda outra decis\u00e3o de Moraes que resultou na pris\u00e3o do deputado federal Daniel Silveira por ofensas verbais aos membros do tribunal, destacando a dificuldade de recorrer dessas decis\u00f5es.<\/p>\n\n\n\n<div class=\"wp-block-image\"><figure class=\"aligncenter size-large is-resized\"><img loading=\"lazy\" decoding=\"async\" src=\"https:\/\/jornalfatosenoticias.com.br\/wp-content\/uploads\/2022\/02\/Precisao-Contabilidade-1024x724.jpg\" alt=\"\" class=\"wp-image-28088\" width=\"373\" height=\"263\"\/><\/figure><\/div>\n\n\n\n<p>Ademais, foi mencionado que Moraes autorizou opera\u00e7\u00f5es de busca e apreens\u00e3o nas resid\u00eancias de oito empres\u00e1rios, al\u00e9m do congelamento de suas contas banc\u00e1rias e suspens\u00e3o de suas redes sociais. Em entrevista \u00e0 The Economist, o advogado criminalista Davi Tangerino criticou o que chamou de \u201cinqu\u00e9rito intermin\u00e1vel e sem \u00e2mbito definido\u201d, algo que, segundo ele, fere os princ\u00edpios do Estado de Direito. Por fim, a revista dialogou com o fil\u00f3sofo e professor da Universidade de S\u00e3o Paulo (USP), Pablo Ortellado, que ecoou as preocupa\u00e7\u00f5es levantadas. Ortellado ressaltou a falta de transpar\u00eancia nas a\u00e7\u00f5es de Moraes, destacando a incerteza sobre o n\u00famero de contas afetadas, os motivos e a dura\u00e7\u00e3o das suspens\u00f5es. <strong>(Fonte: Hora Bras\u00edlia)<\/strong><\/p>\n\n\n\n<div class=\"wp-block-image\"><figure class=\"aligncenter size-large is-resized\"><img loading=\"lazy\" decoding=\"async\" src=\"https:\/\/jornalfatosenoticias.com.br\/wp-content\/uploads\/2020\/02\/logo-Rapuzel-1024x571.jpg\" alt=\"\" class=\"wp-image-42808\" width=\"382\" height=\"213\" srcset=\"https:\/\/jornalfatosenoticias.com.br\/wp-content\/uploads\/2020\/02\/logo-Rapuzel-1024x571.jpg 1024w, https:\/\/jornalfatosenoticias.com.br\/wp-content\/uploads\/2020\/02\/logo-Rapuzel-300x167.jpg 300w, https:\/\/jornalfatosenoticias.com.br\/wp-content\/uploads\/2020\/02\/logo-Rapuzel-768x428.jpg 768w, https:\/\/jornalfatosenoticias.com.br\/wp-content\/uploads\/2020\/02\/logo-Rapuzel-1536x856.jpg 1536w, https:\/\/jornalfatosenoticias.com.br\/wp-content\/uploads\/2020\/02\/logo-Rapuzel.jpg 1600w\" sizes=\"auto, (max-width: 382px) 100vw, 382px\" \/><\/figure><\/div>\n\n\n\n<hr class=\"wp-block-separator\"\/>\n\n\n\n<h3 class=\"wp-block-heading\"><span class=\"has-inline-color has-black-color\">Lula corta mais de R$ 400 milh\u00f5es da Defesa, PF e Abin<\/span><\/h3>\n\n\n\n<div class=\"wp-block-image\"><figure class=\"aligncenter size-large\"><img loading=\"lazy\" decoding=\"async\" width=\"800\" height=\"450\" src=\"https:\/\/jornalfatosenoticias.com.br\/wp-content\/uploads\/2024\/04\/Lula-corta-milhoes-de-Defesa-Policia-Federal-e-Abin-e-gera-insatisfacao.jpg\" alt=\"\" class=\"wp-image-50729\" srcset=\"https:\/\/jornalfatosenoticias.com.br\/wp-content\/uploads\/2024\/04\/Lula-corta-milhoes-de-Defesa-Policia-Federal-e-Abin-e-gera-insatisfacao.jpg 800w, https:\/\/jornalfatosenoticias.com.br\/wp-content\/uploads\/2024\/04\/Lula-corta-milhoes-de-Defesa-Policia-Federal-e-Abin-e-gera-insatisfacao-300x169.jpg 300w, https:\/\/jornalfatosenoticias.com.br\/wp-content\/uploads\/2024\/04\/Lula-corta-milhoes-de-Defesa-Policia-Federal-e-Abin-e-gera-insatisfacao-768x432.jpg 768w\" sizes=\"auto, (max-width: 800px) 100vw, 800px\" \/><figcaption><em><span class=\"has-inline-color has-black-color\">(Foto: Ricardo Stuckert\/PR)<\/span><\/em><\/figcaption><\/figure><\/div>\n\n\n\n<p>O governo de Luiz In\u00e1cio Lula da Silva (PT), implementou cortes de mais de R$ 400 milh\u00f5es nos recursos destinados ao Minist\u00e9rio da Defesa, \u00e0 Pol\u00edcia Federal (PF) e \u00e0 Ag\u00eancia Brasileira de Intelig\u00eancia (Abin). As redu\u00e7\u00f5es est\u00e3o em conformidade com as disposi\u00e7\u00f5es do novo marco fiscal, aprovado pelo Congresso Nacional em 2023, e foram oficializadas por meio de uma portaria emitida pelo Minist\u00e9rio do Planejamento e Or\u00e7amento em 11 de abril. Em um comunicado, a PF solicitou uma suplementa\u00e7\u00e3o de verba no valor de R$ 527 milh\u00f5es. No documento, a corpora\u00e7\u00e3o alertou para o risco iminente de paralisa\u00e7\u00e3o de opera\u00e7\u00f5es e investiga\u00e7\u00f5es a partir de setembro, caso a recomposi\u00e7\u00e3o or\u00e7ament\u00e1ria n\u00e3o seja efetuada.<\/p>\n\n\n\n<div class=\"wp-block-image\"><figure class=\"aligncenter size-large\"><img decoding=\"async\" src=\"https:\/\/jornalfatosenoticias.com.br\/wp-content\/uploads\/2020\/02\/logo_esteio.jpg\" alt=\"\" class=\"wp-image-1214\"\/><\/figure><\/div>\n\n\n\n<p>A Abin, em comunicado, afirmou estar empenhada em obter uma recomposi\u00e7\u00e3o or\u00e7ament\u00e1ria que permita a plena restaura\u00e7\u00e3o de suas atividades. Al\u00e9m disso, ressaltou que as atividades de intelig\u00eancia desempenhadas pela ag\u00eancia est\u00e3o garantidas e ser\u00e3o mantidas.<\/p>\n\n\n\n<div class=\"wp-block-image\"><figure class=\"aligncenter size-large is-resized\"><img loading=\"lazy\" decoding=\"async\" src=\"https:\/\/jornalfatosenoticias.com.br\/wp-content\/uploads\/2023\/03\/logo-Panper_portal.jpg\" alt=\"\" class=\"wp-image-40208\" width=\"357\" height=\"247\" srcset=\"https:\/\/jornalfatosenoticias.com.br\/wp-content\/uploads\/2023\/03\/logo-Panper_portal.jpg 400w, https:\/\/jornalfatosenoticias.com.br\/wp-content\/uploads\/2023\/03\/logo-Panper_portal-300x208.jpg 300w\" sizes=\"auto, (max-width: 357px) 100vw, 357px\" \/><\/figure><\/div>\n\n\n\n<p>O corte de verbas no Minist\u00e9rio da Defesa assemelha-se ao ocorrido no Minist\u00e9rio dos Transportes, que tamb\u00e9m sofreu uma redu\u00e7\u00e3o de cerca de R$ 280 milh\u00f5es. J\u00e1 o maior impacto financeiro recaiu sobre o Minist\u00e9rio da Fazenda, sob a gest\u00e3o de Fernando Haddad, que teve uma diminui\u00e7\u00e3o de recursos da ordem de R$ 485 milh\u00f5es. <strong>(Fonte: Gazeta Brasil)<\/strong><\/p>\n\n\n\n<div class=\"wp-block-image\"><figure class=\"aligncenter size-large is-resized\"><img loading=\"lazy\" decoding=\"async\" src=\"https:\/\/jornalfatosenoticias.com.br\/wp-content\/uploads\/2023\/08\/ITH.jpeg\" alt=\"\" class=\"wp-image-44638\" width=\"332\" height=\"270\" srcset=\"https:\/\/jornalfatosenoticias.com.br\/wp-content\/uploads\/2023\/08\/ITH.jpeg 800w, https:\/\/jornalfatosenoticias.com.br\/wp-content\/uploads\/2023\/08\/ITH-300x244.jpeg 300w, https:\/\/jornalfatosenoticias.com.br\/wp-content\/uploads\/2023\/08\/ITH-768x624.jpeg 768w\" sizes=\"auto, (max-width: 332px) 100vw, 332px\" \/><\/figure><\/div>\n\n\n\n<hr class=\"wp-block-separator\"\/>\n\n\n\n<h3 class=\"wp-block-heading\"><span class=\"has-inline-color has-black-color\">Musk e Milei s\u00e3o descritos como \u201calmas g\u00eameas\u201d em suas vis\u00f5es sobre liberdade e mercado<\/span><\/h3>\n\n\n\n<div class=\"wp-block-image\"><figure class=\"aligncenter size-large\"><img loading=\"lazy\" decoding=\"async\" width=\"780\" height=\"470\" src=\"https:\/\/jornalfatosenoticias.com.br\/wp-content\/uploads\/2024\/04\/elon-musk-javier-milei.jpeg\" alt=\"\" class=\"wp-image-50728\" srcset=\"https:\/\/jornalfatosenoticias.com.br\/wp-content\/uploads\/2024\/04\/elon-musk-javier-milei.jpeg 780w, https:\/\/jornalfatosenoticias.com.br\/wp-content\/uploads\/2024\/04\/elon-musk-javier-milei-300x181.jpeg 300w, https:\/\/jornalfatosenoticias.com.br\/wp-content\/uploads\/2024\/04\/elon-musk-javier-milei-768x463.jpeg 768w\" sizes=\"auto, (max-width: 780px) 100vw, 780px\" \/><figcaption><em><span class=\"has-inline-color has-black-color\">(Foto: X\/Javier Milei)<\/span><\/em><\/figcaption><\/figure><\/div>\n\n\n\n<p>Na \u00faltima sexta-feira (12) o presidente da Argentina, Javier Milei, encontrou-se com o bilion\u00e1rio Elon Musk na f\u00e1brica da Tesla em Austin, Texas. Durante a reuni\u00e3o, que durou cerca de 80 minutos, discutiram quest\u00f5es que envolvem liberdade de mercado e express\u00e3o, com foco especial nos recentes conflitos de Musk com o ministro brasileiro, Alexandre de Moraes.<\/p>\n\n\n\n<div class=\"wp-block-image\"><figure class=\"aligncenter size-large is-resized\"><img loading=\"lazy\" decoding=\"async\" src=\"https:\/\/jornalfatosenoticias.com.br\/wp-content\/uploads\/2023\/12\/pegoretti-logo-pdf-1024x389.jpg\" alt=\"\" class=\"wp-image-47536\" width=\"504\" height=\"191\" srcset=\"https:\/\/jornalfatosenoticias.com.br\/wp-content\/uploads\/2023\/12\/pegoretti-logo-pdf-1024x389.jpg 1024w, https:\/\/jornalfatosenoticias.com.br\/wp-content\/uploads\/2023\/12\/pegoretti-logo-pdf-300x114.jpg 300w, https:\/\/jornalfatosenoticias.com.br\/wp-content\/uploads\/2023\/12\/pegoretti-logo-pdf-768x291.jpg 768w, https:\/\/jornalfatosenoticias.com.br\/wp-content\/uploads\/2023\/12\/pegoretti-logo-pdf.jpg 1120w\" sizes=\"auto, (max-width: 504px) 100vw, 504px\" \/><\/figure><\/div>\n\n\n\n<p>Segundo o embaixador argentino nos EUA, Gerardo Werthein, que conversou com o jornal Clar\u00edn, Milei ofereceu suporte a Musk em rela\u00e7\u00e3o aos desafios enfrentados no Brasil. \u201cJavier ofereceu ajuda no que Elon precisasse com seus funcion\u00e1rios no conflito que surgiu no Brasil\u201d, disse Werthein, referindo-se \u00e0s tens\u00f5es entre Musk e o Supremo Tribunal Federal, especialmente com o ministro Alexandre de Moraes.<\/p>\n\n\n\n<div class=\"wp-block-image\"><figure class=\"aligncenter size-large is-resized\"><img loading=\"lazy\" decoding=\"async\" src=\"https:\/\/jornalfatosenoticias.com.br\/wp-content\/uploads\/2023\/08\/BKR-1024x1021.jpg\" alt=\"\" class=\"wp-image-44494\" width=\"337\" height=\"336\" srcset=\"https:\/\/jornalfatosenoticias.com.br\/wp-content\/uploads\/2023\/08\/BKR-1024x1021.jpg 1024w, https:\/\/jornalfatosenoticias.com.br\/wp-content\/uploads\/2023\/08\/BKR-300x300.jpg 300w, https:\/\/jornalfatosenoticias.com.br\/wp-content\/uploads\/2023\/08\/BKR-150x150.jpg 150w, https:\/\/jornalfatosenoticias.com.br\/wp-content\/uploads\/2023\/08\/BKR-768x766.jpg 768w, https:\/\/jornalfatosenoticias.com.br\/wp-content\/uploads\/2023\/08\/BKR.jpg 1080w\" sizes=\"auto, (max-width: 337px) 100vw, 337px\" \/><\/figure><\/div>\n\n\n\n<p>O site Infobae informou que Musk compartilhou com Milei as press\u00f5es que a rede social X, antigo Twitter, vem sofrendo sob o governo de Luiz In\u00e1cio Lula da Silva. Milei, por sua vez, prop\u00f4s assist\u00eancia, inclusive sugerindo a possibilidade de transferir as opera\u00e7\u00f5es da plataforma no Brasil para a Argentina, embora os detalhes de como isso seria realizado n\u00e3o foram divulgados.<\/p>\n\n\n\n<div class=\"wp-block-image\"><figure class=\"aligncenter size-large\"><img decoding=\"async\" src=\"https:\/\/jornalfatosenoticias.com.br\/wp-content\/uploads\/2020\/02\/barao-das-carnes-300x164-1.jpg\" alt=\"\" class=\"wp-image-34339\"\/><\/figure><\/div>\n\n\n\n<p>A reuni\u00e3o tamb\u00e9m contou com a presen\u00e7a de Karina Milei, secret\u00e1ria-geral da Presid\u00eancia e irm\u00e3 de Milei, al\u00e9m do empres\u00e1rio e amigo da fam\u00edlia, Patricio Fuks. Werthein destacou a sinergia entre os dois l\u00edderes, descrevendo-os como \u201calmas g\u00eameas\u201d em suas vis\u00f5es sobre liberdade e mercado. \u201cEra como se duas almas g\u00eameas se encontrassem, concordavam em todos os pontos discutidos, mas cada um adicionava sua pr\u00f3pria perspectiva, o que os tornava pessoas diferentes em suas respectivas categorias\u201d.<\/p>\n\n\n\n<div class=\"wp-block-image\"><figure class=\"aligncenter size-large\"><img loading=\"lazy\" decoding=\"async\" width=\"300\" height=\"250\" src=\"https:\/\/jornalfatosenoticias.com.br\/wp-content\/uploads\/2022\/02\/FERRARI_MAQUINAS-E-FERRAMENTAS2.jpg\" alt=\"\" class=\"wp-image-27860\"\/><\/figure><\/div>\n\n\n\n<p>Al\u00e9m disso, Milei e Musk reiteraram a import\u00e2ncia de reduzir os obst\u00e1culos burocr\u00e1ticos que inibem investimentos. Musk, entusiasmado com a parceria e os di\u00e1logos, compartilhou em seu perfil na rede X uma imagem ao lado de Milei com a mensagem: \u201cEstamos caminhando para um futuro emocionante e inspirador!\u201d e ecoou um trecho do slogan do argentino, refor\u00e7ando o compromisso m\u00fatuo com a liberdade econ\u00f4mica e de express\u00e3o. <strong>(Fonte: Hora Bras\u00edlia)<\/strong><\/p>\n\n\n\n<div class=\"wp-block-image\"><figure class=\"aligncenter size-large is-resized\"><img loading=\"lazy\" decoding=\"async\" src=\"https:\/\/jornalfatosenoticias.com.br\/wp-content\/uploads\/2023\/03\/nova-logo-Marquetti.jpg\" alt=\"\" class=\"wp-image-40207\" width=\"329\" height=\"221\" srcset=\"https:\/\/jornalfatosenoticias.com.br\/wp-content\/uploads\/2023\/03\/nova-logo-Marquetti.jpg 643w, https:\/\/jornalfatosenoticias.com.br\/wp-content\/uploads\/2023\/03\/nova-logo-Marquetti-300x202.jpg 300w\" sizes=\"auto, (max-width: 329px) 100vw, 329px\" \/><\/figure><\/div>\n\n\n\n<hr class=\"wp-block-separator\"\/>\n\n\n\n<h3 class=\"wp-block-heading\"><span class=\"has-inline-color has-black-color\">Nova pesquisa preocupa governo federal; sondagem da Quaest mostra que avalia\u00e7\u00e3o tem sido mais negativa do que regular ou positiva nos estados<\/span><\/h3>\n\n\n\n<div class=\"wp-block-image\"><figure class=\"aligncenter size-large\"><img loading=\"lazy\" decoding=\"async\" width=\"1000\" height=\"661\" src=\"https:\/\/jornalfatosenoticias.com.br\/wp-content\/uploads\/2024\/04\/lula-ladeira-abaixo.jpg\" alt=\"\" class=\"wp-image-50726\" srcset=\"https:\/\/jornalfatosenoticias.com.br\/wp-content\/uploads\/2024\/04\/lula-ladeira-abaixo.jpg 1000w, https:\/\/jornalfatosenoticias.com.br\/wp-content\/uploads\/2024\/04\/lula-ladeira-abaixo-300x198.jpg 300w, https:\/\/jornalfatosenoticias.com.br\/wp-content\/uploads\/2024\/04\/lula-ladeira-abaixo-768x508.jpg 768w\" sizes=\"auto, (max-width: 1000px) 100vw, 1000px\" \/><figcaption><em><span class=\"has-inline-color has-black-color\">(Foto: Ricardo Stuckert\/PR)<\/span><\/em><\/figcaption><\/figure><\/div>\n\n\n\n<p>O governo de Luiz In\u00e1cio Lula da Silva (PT) n\u00e3o tem o que comemorar. Em meio a uma queda de popularidade, al\u00e9m de uma percep\u00e7\u00e3o ampla de regress\u00e3o na economia, um novo levantamento refor\u00e7a o entendimento de que o Planalto, apesar de ainda conseguir uns pontos significativos em alguns redutos pol\u00edticos, n\u00e3o est\u00e1 indo nada bem.<\/p>\n\n\n\n<div class=\"wp-block-image\"><figure class=\"aligncenter size-large is-resized\"><img loading=\"lazy\" decoding=\"async\" src=\"https:\/\/jornalfatosenoticias.com.br\/wp-content\/uploads\/2024\/01\/consultoria-ambiental.jpg\" alt=\"\" class=\"wp-image-48314\" width=\"306\" height=\"276\" srcset=\"https:\/\/jornalfatosenoticias.com.br\/wp-content\/uploads\/2024\/01\/consultoria-ambiental.jpg 832w, https:\/\/jornalfatosenoticias.com.br\/wp-content\/uploads\/2024\/01\/consultoria-ambiental-300x272.jpg 300w, https:\/\/jornalfatosenoticias.com.br\/wp-content\/uploads\/2024\/01\/consultoria-ambiental-768x696.jpg 768w\" sizes=\"auto, (max-width: 306px) 100vw, 306px\" \/><\/figure><\/div>\n\n\n\n<p>Divulgada na \u00faltima quinta-feira (11), a mais recente pesquisa Quaest mostra a aprova\u00e7\u00e3o e a avalia\u00e7\u00e3o do governo Lula (PT) nos estados de S\u00e3o Paulo, Minas Gerais, Paran\u00e1 e Goi\u00e1s. A pesquisa foi encomendada pela Genial Investimentos e ouviu eleitores com 16 anos ou mais entre os dias 4 e 7 de abril.<\/p>\n\n\n\n<div class=\"wp-block-image\"><figure class=\"aligncenter size-large\"><img loading=\"lazy\" decoding=\"async\" width=\"300\" height=\"250\" src=\"https:\/\/jornalfatosenoticias.com.br\/wp-content\/uploads\/2020\/02\/Banner-2.png\" alt=\"\" class=\"wp-image-43787\"\/><\/figure><\/div>\n\n\n\n<p>O que chama aten\u00e7\u00e3o \u00e9 o cen\u00e1rio no qual os entrevistados avaliam o governo como positivo, negativo e regular. No Paran\u00e1 e em Goi\u00e1s, Lula foi pior avaliado, tendo a gest\u00e3o considerada negativa por 41% e 40% dos entrevistados, respectivamente. Eis os n\u00fameros:<\/p>\n\n\n\n<div class=\"wp-block-image\"><figure class=\"aligncenter size-large is-resized\"><img loading=\"lazy\" decoding=\"async\" src=\"https:\/\/jornalfatosenoticias.com.br\/wp-content\/uploads\/2023\/09\/vetorvix1024_1.jpg\" alt=\"\" class=\"wp-image-44868\" width=\"513\" height=\"136\" srcset=\"https:\/\/jornalfatosenoticias.com.br\/wp-content\/uploads\/2023\/09\/vetorvix1024_1.jpg 1024w, https:\/\/jornalfatosenoticias.com.br\/wp-content\/uploads\/2023\/09\/vetorvix1024_1-300x80.jpg 300w, https:\/\/jornalfatosenoticias.com.br\/wp-content\/uploads\/2023\/09\/vetorvix1024_1-768x205.jpg 768w\" sizes=\"auto, (max-width: 513px) 100vw, 513px\" \/><\/figure><\/div>\n\n\n\n<p><strong><span class=\"has-inline-color has-black-color\">Avalia\u00e7\u00e3o do governo Lula em S\u00e3o Paulo<br><\/span><\/strong>\u2022 Positivo: 32%<br>\u2022 Regular: 29%<br>\u2022 Negativo: 37%<br>\u2022 N\u00e3o sabe\/N\u00e3o respondeu: 2%<\/p>\n\n\n\n<p><strong><span class=\"has-inline-color has-black-color\">Avalia\u00e7\u00e3o do governo Lula em Minas Gerais<br><\/span><\/strong>\u2022 Positivo: 34%<br>\u2022 Regular: 30%<br>\u2022 Negativo: 35%<br>\u2022 N\u00e3o sabe\/N\u00e3o respondeu: 1%<\/p>\n\n\n\n<div class=\"wp-block-image\"><figure class=\"aligncenter size-large is-resized\"><img loading=\"lazy\" decoding=\"async\" src=\"https:\/\/jornalfatosenoticias.com.br\/wp-content\/uploads\/2020\/02\/logo-Rapuzel-1024x571.jpg\" alt=\"\" class=\"wp-image-42808\" width=\"345\" height=\"192\" srcset=\"https:\/\/jornalfatosenoticias.com.br\/wp-content\/uploads\/2020\/02\/logo-Rapuzel-1024x571.jpg 1024w, https:\/\/jornalfatosenoticias.com.br\/wp-content\/uploads\/2020\/02\/logo-Rapuzel-300x167.jpg 300w, https:\/\/jornalfatosenoticias.com.br\/wp-content\/uploads\/2020\/02\/logo-Rapuzel-768x428.jpg 768w, https:\/\/jornalfatosenoticias.com.br\/wp-content\/uploads\/2020\/02\/logo-Rapuzel-1536x856.jpg 1536w, https:\/\/jornalfatosenoticias.com.br\/wp-content\/uploads\/2020\/02\/logo-Rapuzel.jpg 1600w\" sizes=\"auto, (max-width: 345px) 100vw, 345px\" \/><\/figure><\/div>\n\n\n\n<p><strong><span class=\"has-inline-color has-black-color\">Avalia\u00e7\u00e3o do governo Lula no Paran\u00e1<br><\/span><\/strong>\u2022 Positivo: 30%<br>\u2022 Regular: 27%<br>\u2022 Negativo: 41%<br>\u2022 N\u00e3o sabe\/N\u00e3o respondeu: 2%<\/p>\n\n\n\n<p><strong><span class=\"has-inline-color has-black-color\">Avalia\u00e7\u00e3o do governo Lula em Goi\u00e1s<br><\/span><\/strong>\u2022 Positivo: 32%<br>\u2022 Regular: 27%<br>\u2022 Negativo: 40%<br>\u2022 N\u00e3o sabe\/N\u00e3o respondeu: 1% <strong>(Fonte: Conex\u00e3o Pol\u00edtica)<\/strong><\/p>\n\n\n\n<div class=\"wp-block-image\"><figure class=\"aligncenter size-large is-resized\"><img loading=\"lazy\" decoding=\"async\" src=\"https:\/\/jornalfatosenoticias.com.br\/wp-content\/uploads\/2023\/03\/logo-Panper_portal.jpg\" alt=\"\" class=\"wp-image-40208\" width=\"351\" height=\"243\" srcset=\"https:\/\/jornalfatosenoticias.com.br\/wp-content\/uploads\/2023\/03\/logo-Panper_portal.jpg 400w, https:\/\/jornalfatosenoticias.com.br\/wp-content\/uploads\/2023\/03\/logo-Panper_portal-300x208.jpg 300w\" sizes=\"auto, (max-width: 351px) 100vw, 351px\" \/><\/figure><\/div>\n\n\n\n<hr class=\"wp-block-separator\"\/>\n\n\n\n<h3 class=\"wp-block-heading\"><span class=\"has-inline-color has-black-color\"><strong>Levantamento mostra avalia\u00e7\u00e3o popular na briga entre Musk X Moraes; veja os n\u00fameros<\/strong><\/span><\/h3>\n\n\n\n<div class=\"wp-block-image\"><figure class=\"aligncenter size-large\"><img loading=\"lazy\" decoding=\"async\" width=\"1000\" height=\"562\" src=\"https:\/\/jornalfatosenoticias.com.br\/wp-content\/uploads\/2024\/04\/elon-musk.jpg\" alt=\"\" class=\"wp-image-50727\" srcset=\"https:\/\/jornalfatosenoticias.com.br\/wp-content\/uploads\/2024\/04\/elon-musk.jpg 1000w, https:\/\/jornalfatosenoticias.com.br\/wp-content\/uploads\/2024\/04\/elon-musk-300x169.jpg 300w, https:\/\/jornalfatosenoticias.com.br\/wp-content\/uploads\/2024\/04\/elon-musk-768x432.jpg 768w\" sizes=\"auto, (max-width: 1000px) 100vw, 1000px\" \/><figcaption><em><span class=\"has-inline-color has-black-color\">(Foto: RCP\/Medea)<\/span><\/em><\/figcaption><\/figure><\/div>\n\n\n\n<p><span class=\"has-inline-color has-black-color\"><em>Dados apontam favoritismo de Elon Musk, enquanto magistrado e Corte enfrentam cr\u00edticas dos internautas<br><\/em>Por <strong>Raul Holderf Nascimento<\/strong><\/span><\/p>\n\n\n\n<p>Em meio ao confronto entre Elon Musk, propriet\u00e1rio do X (antigo Twitter), e o ministro Alexandre de Moraes, do Supremo Tribunal Federal (STF), as cr\u00edticas direcionadas \u00e0 Corte foram predominantes, conforme apontado por uma pesquisa realizada e divulgada pela Quaest.<\/p>\n\n\n\n<div class=\"wp-block-image\"><figure class=\"aligncenter size-large is-resized\"><img loading=\"lazy\" decoding=\"async\" src=\"https:\/\/jornalfatosenoticias.com.br\/wp-content\/uploads\/2023\/08\/ITH.jpeg\" alt=\"\" class=\"wp-image-44638\" width=\"336\" height=\"273\" srcset=\"https:\/\/jornalfatosenoticias.com.br\/wp-content\/uploads\/2023\/08\/ITH.jpeg 800w, https:\/\/jornalfatosenoticias.com.br\/wp-content\/uploads\/2023\/08\/ITH-300x244.jpeg 300w, https:\/\/jornalfatosenoticias.com.br\/wp-content\/uploads\/2023\/08\/ITH-768x624.jpeg 768w\" sizes=\"auto, (max-width: 336px) 100vw, 336px\" \/><\/figure><\/div>\n\n\n\n<p>De acordo com os dados coletados no per\u00edodo entre domingo e ter\u00e7a-feira da semana passada, as men\u00e7\u00f5es negativas em rela\u00e7\u00e3o ao STF nas redes sociais representaram cerca de 68% do total, enquanto 32% das men\u00e7\u00f5es foram cr\u00edticas a Musk. A pesquisa captou uma m\u00e9dia de 865 mil men\u00e7\u00f5es por dia, com um alcance amplo de 72 milh\u00f5es de usu\u00e1rios.<br>Al\u00e9m disso, fora do X, as cr\u00edticas a Alexandre de Moraes e ao STF tamb\u00e9m foram majorit\u00e1rias, representando 63% das men\u00e7\u00f5es. As falas contr\u00e1rias a Elon Musk ficaram em 37%.<strong> (Fonte: Conex\u00e3o Pol\u00edtica)<\/strong><\/p>\n\n\n\n<div class=\"wp-block-image\"><figure class=\"aligncenter size-large is-resized\"><img loading=\"lazy\" decoding=\"async\" src=\"https:\/\/jornalfatosenoticias.com.br\/wp-content\/uploads\/2020\/02\/CONTROL-CS.jpg\" alt=\"\" class=\"wp-image-44991\" width=\"306\" height=\"367\" srcset=\"https:\/\/jornalfatosenoticias.com.br\/wp-content\/uploads\/2020\/02\/CONTROL-CS.jpg 834w, https:\/\/jornalfatosenoticias.com.br\/wp-content\/uploads\/2020\/02\/CONTROL-CS-250x300.jpg 250w, https:\/\/jornalfatosenoticias.com.br\/wp-content\/uploads\/2020\/02\/CONTROL-CS-768x921.jpg 768w\" sizes=\"auto, (max-width: 306px) 100vw, 306px\" \/><\/figure><\/div>\n\n\n\n<hr class=\"wp-block-separator\"\/>\n\n\n\n<h3 class=\"wp-block-heading\"><span class=\"has-inline-color has-black-color\">Tarc\u00edsio e Caiado mandam recado para o MST<\/span><\/h3>\n\n\n\n<div class=\"wp-block-image\"><figure class=\"aligncenter size-large\"><img loading=\"lazy\" decoding=\"async\" width=\"1000\" height=\"562\" src=\"https:\/\/jornalfatosenoticias.com.br\/wp-content\/uploads\/2024\/04\/tarcisio-e-caiado.jpg\" alt=\"\" class=\"wp-image-50724\" srcset=\"https:\/\/jornalfatosenoticias.com.br\/wp-content\/uploads\/2024\/04\/tarcisio-e-caiado.jpg 1000w, https:\/\/jornalfatosenoticias.com.br\/wp-content\/uploads\/2024\/04\/tarcisio-e-caiado-300x169.jpg 300w, https:\/\/jornalfatosenoticias.com.br\/wp-content\/uploads\/2024\/04\/tarcisio-e-caiado-768x432.jpg 768w\" sizes=\"auto, (max-width: 1000px) 100vw, 1000px\" \/><figcaption><em><span class=\"has-inline-color has-black-color\">(Foto: CNN Brasil)<\/span><\/em><\/figcaption><\/figure><\/div>\n\n\n\n<p><em><span class=\"has-inline-color has-black-color\">Governadores prometeram n\u00e3o permitir invas\u00f5es de terra em seus estados<br><\/span><\/em><span class=\"has-inline-color has-black-color\">Por <strong>Marcos Rocha<\/strong><\/span><\/p>\n\n\n\n<p>Em meio a atos do \u201cAbril Vermelho\u201d, promovido pelo Movimento dos Trabalhadores Rurais Sem-Terra (MST), governadores alinhados \u00e0 direita e centro-direita decidiram se manifestar para reagir \u00e0s invas\u00f5es de terra promovidas pelo grupo em territ\u00f3rio nacional.<br>Em entrevista \u00e0 CNN Brasil, na \u00faltima segunda-feira (15), o governador de S\u00e3o Paulo, Tarc\u00edsio de Freitas (Republicanos), afirmou que n\u00e3o ir\u00e1 permitir a\u00e7\u00f5es desse tipo em solo paulista. <\/p>\n\n\n\n<div class=\"wp-block-image\"><figure class=\"aligncenter size-large\"><img decoding=\"async\" src=\"https:\/\/jornalfatosenoticias.com.br\/wp-content\/uploads\/2020\/02\/logo_esteio.jpg\" alt=\"\" class=\"wp-image-1214\"\/><\/figure><\/div>\n\n\n\n<blockquote class=\"wp-block-quote is-layout-flow wp-block-quote-is-layout-flow\"><p><span class=\"has-inline-color has-luminous-vivid-orange-color\">N\u00e3o vamos permitir invas\u00f5es em S\u00e3o Paulo e temos sido r\u00e1pidos nessas desmobiliza\u00e7\u00f5es\u201d, disse ele.<\/span><\/p><\/blockquote>\n\n\n\n<p>No mesmo sentido, o governador de Goi\u00e1s, Ronaldo Caiado (Uni\u00e3o Brasil), prometeu ao jornal O Globo refor\u00e7ar a prote\u00e7\u00e3o do estado contra atos do MST.<\/p>\n\n\n\n<div class=\"wp-block-image\"><figure class=\"aligncenter size-large is-resized\"><img loading=\"lazy\" decoding=\"async\" src=\"https:\/\/jornalfatosenoticias.com.br\/wp-content\/uploads\/2022\/02\/Precisao-Contabilidade-1024x724.jpg\" alt=\"\" class=\"wp-image-28088\" width=\"332\" height=\"235\"\/><\/figure><\/div>\n\n\n\n<blockquote class=\"wp-block-quote is-layout-flow wp-block-quote-is-layout-flow\"><p><span class=\"has-inline-color has-luminous-vivid-orange-color\">N\u00e3o vai ter invas\u00e3o. Estamos com for\u00e7a de seguran\u00e7a e intelig\u00eancia, vamos bloquear \u00f4nibus que est\u00e3o indo para invas\u00e3o\u201d, declarou.<\/span><\/p><\/blockquote>\n\n\n\n<div class=\"wp-block-image\"><figure class=\"aligncenter size-large is-resized\"><img loading=\"lazy\" decoding=\"async\" src=\"https:\/\/jornalfatosenoticias.com.br\/wp-content\/uploads\/2023\/12\/pegoretti-logo-pdf-1024x389.jpg\" alt=\"\" class=\"wp-image-47536\" width=\"485\" height=\"184\" srcset=\"https:\/\/jornalfatosenoticias.com.br\/wp-content\/uploads\/2023\/12\/pegoretti-logo-pdf-1024x389.jpg 1024w, https:\/\/jornalfatosenoticias.com.br\/wp-content\/uploads\/2023\/12\/pegoretti-logo-pdf-300x114.jpg 300w, https:\/\/jornalfatosenoticias.com.br\/wp-content\/uploads\/2023\/12\/pegoretti-logo-pdf-768x291.jpg 768w, https:\/\/jornalfatosenoticias.com.br\/wp-content\/uploads\/2023\/12\/pegoretti-logo-pdf.jpg 1120w\" sizes=\"auto, (max-width: 485px) 100vw, 485px\" \/><\/figure><\/div>\n\n\n\n<p>At\u00e9 a noite de segunda, o MST relatava 24 \u201cocupa\u00e7\u00f5es\u201d em diversos estados do Pa\u00eds, como Bahia, Pernambuco, Cear\u00e1, Distrito Federal, Rio de Janeiro, Goi\u00e1s, Sergipe, Paran\u00e1, S\u00e3o Paulo, Rio Grande do Norte e Par\u00e1. A onda de invas\u00f5es faz parte do \u201cAbril Vermelho\u201d, que ocorre anualmente no m\u00eas de anivers\u00e1rio do massacre de Eldorado dos Caraj\u00e1s, ocorrido em 1996. No per\u00edodo, o movimento tradicionalmente promove marchas e invas\u00f5es de terra.<strong> (Fonte: Conex\u00e3o Pol\u00edtica)<\/strong><\/p>\n\n\n\n<hr class=\"wp-block-separator\"\/>\n","protected":false},"excerpt":{"rendered":"<p>A prestigiada revista brit\u00e2nica The Economist criticou diretamente o ministro do Supremo Tribunal Federal (STF), Alexandre de Moraes, em rela\u00e7\u00e3o \u00e0 sua recente decis\u00e3o que envolve Elon Musk, propriet\u00e1rio do Twitter\/X. A publica\u00e7\u00e3o descreve o STF como um \u201cpoderoso\u201d \u00f3rg\u00e3o judicial.Segundo a revista, o epis\u00f3dio come\u00e7ou quando Musk revelou que Moraes havia determinado a exclus\u00e3o [&hellip;]<\/p>\n","protected":false},"author":3,"featured_media":50725,"comment_status":"open","ping_status":"open","sticky":false,"template":"","format":"standard","meta":{"footnotes":""},"categories":[10],"tags":[13889,23330,23331,1634,7580,17936,294],"class_list":["post-50723","post","type-post","status-publish","format-standard","has-post-thumbnail","hentry","category-politica","tag-alexandre-de-moraes","tag-censura-do-stf","tag-cortes-de-verbas-governo-federal","tag-elon-musk","tag-lula","tag-mst","tag-stf"],"yoast_head":"<!-- This site is optimized with the Yoast SEO plugin v26.5 - https:\/\/yoast.com\/wordpress\/plugins\/seo\/ -->\n<title>A Semana no Brasil e no Mundo \u2014 Revista brit\u00e2nica The Economist acusa STF e Alexandre de Moraes de censura e autoritarismo ap\u00f3s embate com Elon Musk - Jornal Fatos e Not\u00edcias<\/title>\n<meta name=\"robots\" content=\"index, follow, max-snippet:-1, max-image-preview:large, max-video-preview:-1\" \/>\n<link rel=\"canonical\" href=\"https:\/\/jornalfatosenoticias.com.br\/index.php\/2024\/04\/18\/a-semana-no-brasil-e-no-mundo-revista-britanica-the-economist-acusa-stf-e-alexandre-de-moraes-de-censura-e-autoritarismo-apos-embate-com-elon-musk\/\" \/>\n<meta property=\"og:locale\" content=\"pt_BR\" \/>\n<meta property=\"og:type\" content=\"article\" \/>\n<meta property=\"og:title\" content=\"A Semana no Brasil e no Mundo \u2014 Revista brit\u00e2nica The Economist acusa STF e Alexandre de Moraes de censura e autoritarismo ap\u00f3s embate com Elon Musk - Jornal Fatos e Not\u00edcias\" \/>\n<meta property=\"og:description\" content=\"A prestigiada revista brit\u00e2nica The Economist criticou diretamente o ministro do Supremo Tribunal Federal (STF), Alexandre de Moraes, em rela\u00e7\u00e3o \u00e0 sua recente decis\u00e3o que envolve Elon Musk, propriet\u00e1rio do Twitter\/X. A publica\u00e7\u00e3o descreve o STF como um \u201cpoderoso\u201d \u00f3rg\u00e3o judicial.Segundo a revista, o epis\u00f3dio come\u00e7ou quando Musk revelou que Moraes havia determinado a exclus\u00e3o [&hellip;]\" \/>\n<meta property=\"og:url\" content=\"https:\/\/jornalfatosenoticias.com.br\/index.php\/2024\/04\/18\/a-semana-no-brasil-e-no-mundo-revista-britanica-the-economist-acusa-stf-e-alexandre-de-moraes-de-censura-e-autoritarismo-apos-embate-com-elon-musk\/\" \/>\n<meta property=\"og:site_name\" content=\"Jornal Fatos e Not\u00edcias\" \/>\n<meta property=\"article:published_time\" content=\"2024-04-18T20:04:46+00:00\" \/>\n<meta property=\"article:modified_time\" content=\"2024-04-18T20:04:48+00:00\" \/>\n<meta property=\"og:image\" content=\"https:\/\/jornalfatosenoticias.com.br\/wp-content\/uploads\/2024\/04\/elon-musk-alexandre-de-moraes.jpg\" \/>\n\t<meta property=\"og:image:width\" content=\"780\" \/>\n\t<meta property=\"og:image:height\" content=\"470\" \/>\n\t<meta property=\"og:image:type\" content=\"image\/jpeg\" \/>\n<meta name=\"author\" content=\"Haroldo Filho\" \/>\n<meta name=\"twitter:card\" content=\"summary_large_image\" \/>\n<meta name=\"twitter:label1\" content=\"Escrito por\" \/>\n\t<meta name=\"twitter:data1\" content=\"Haroldo Filho\" \/>\n\t<meta name=\"twitter:label2\" content=\"Est. tempo de leitura\" \/>\n\t<meta name=\"twitter:data2\" content=\"8 minutos\" \/>\n<script type=\"application\/ld+json\" class=\"yoast-schema-graph\">{\"@context\":\"https:\/\/schema.org\",\"@graph\":[{\"@type\":\"Article\",\"@id\":\"https:\/\/jornalfatosenoticias.com.br\/index.php\/2024\/04\/18\/a-semana-no-brasil-e-no-mundo-revista-britanica-the-economist-acusa-stf-e-alexandre-de-moraes-de-censura-e-autoritarismo-apos-embate-com-elon-musk\/#article\",\"isPartOf\":{\"@id\":\"https:\/\/jornalfatosenoticias.com.br\/index.php\/2024\/04\/18\/a-semana-no-brasil-e-no-mundo-revista-britanica-the-economist-acusa-stf-e-alexandre-de-moraes-de-censura-e-autoritarismo-apos-embate-com-elon-musk\/\"},\"author\":{\"name\":\"Haroldo Filho\",\"@id\":\"https:\/\/jornalfatosenoticias.com.br\/#\/schema\/person\/05c46cc25b42a5c27e004fb0fa6b4965\"},\"headline\":\"A Semana no Brasil e no Mundo \u2014 Revista brit\u00e2nica The Economist acusa STF e Alexandre de Moraes de censura e autoritarismo ap\u00f3s embate com Elon Musk\",\"datePublished\":\"2024-04-18T20:04:46+00:00\",\"dateModified\":\"2024-04-18T20:04:48+00:00\",\"mainEntityOfPage\":{\"@id\":\"https:\/\/jornalfatosenoticias.com.br\/index.php\/2024\/04\/18\/a-semana-no-brasil-e-no-mundo-revista-britanica-the-economist-acusa-stf-e-alexandre-de-moraes-de-censura-e-autoritarismo-apos-embate-com-elon-musk\/\"},\"wordCount\":1717,\"commentCount\":0,\"publisher\":{\"@id\":\"https:\/\/jornalfatosenoticias.com.br\/#organization\"},\"image\":{\"@id\":\"https:\/\/jornalfatosenoticias.com.br\/index.php\/2024\/04\/18\/a-semana-no-brasil-e-no-mundo-revista-britanica-the-economist-acusa-stf-e-alexandre-de-moraes-de-censura-e-autoritarismo-apos-embate-com-elon-musk\/#primaryimage\"},\"thumbnailUrl\":\"https:\/\/jornalfatosenoticias.com.br\/wp-content\/uploads\/2024\/04\/elon-musk-alexandre-de-moraes.jpg\",\"keywords\":[\"Alexandre de Moraes\",\"censura do STF\",\"cortes de verbas governo federal\",\"Elon Musk\",\"Lula\",\"MST\",\"STF\"],\"articleSection\":[\"Pol\u00edtica\"],\"inLanguage\":\"pt-BR\",\"potentialAction\":[{\"@type\":\"CommentAction\",\"name\":\"Comment\",\"target\":[\"https:\/\/jornalfatosenoticias.com.br\/index.php\/2024\/04\/18\/a-semana-no-brasil-e-no-mundo-revista-britanica-the-economist-acusa-stf-e-alexandre-de-moraes-de-censura-e-autoritarismo-apos-embate-com-elon-musk\/#respond\"]}]},{\"@type\":\"WebPage\",\"@id\":\"https:\/\/jornalfatosenoticias.com.br\/index.php\/2024\/04\/18\/a-semana-no-brasil-e-no-mundo-revista-britanica-the-economist-acusa-stf-e-alexandre-de-moraes-de-censura-e-autoritarismo-apos-embate-com-elon-musk\/\",\"url\":\"https:\/\/jornalfatosenoticias.com.br\/index.php\/2024\/04\/18\/a-semana-no-brasil-e-no-mundo-revista-britanica-the-economist-acusa-stf-e-alexandre-de-moraes-de-censura-e-autoritarismo-apos-embate-com-elon-musk\/\",\"name\":\"A Semana no Brasil e no Mundo \u2014 Revista brit\u00e2nica The Economist acusa STF e Alexandre de Moraes de censura e autoritarismo ap\u00f3s embate com Elon Musk - Jornal Fatos e Not\u00edcias\",\"isPartOf\":{\"@id\":\"https:\/\/jornalfatosenoticias.com.br\/#website\"},\"primaryImageOfPage\":{\"@id\":\"https:\/\/jornalfatosenoticias.com.br\/index.php\/2024\/04\/18\/a-semana-no-brasil-e-no-mundo-revista-britanica-the-economist-acusa-stf-e-alexandre-de-moraes-de-censura-e-autoritarismo-apos-embate-com-elon-musk\/#primaryimage\"},\"image\":{\"@id\":\"https:\/\/jornalfatosenoticias.com.br\/index.php\/2024\/04\/18\/a-semana-no-brasil-e-no-mundo-revista-britanica-the-economist-acusa-stf-e-alexandre-de-moraes-de-censura-e-autoritarismo-apos-embate-com-elon-musk\/#primaryimage\"},\"thumbnailUrl\":\"https:\/\/jornalfatosenoticias.com.br\/wp-content\/uploads\/2024\/04\/elon-musk-alexandre-de-moraes.jpg\",\"datePublished\":\"2024-04-18T20:04:46+00:00\",\"dateModified\":\"2024-04-18T20:04:48+00:00\",\"breadcrumb\":{\"@id\":\"https:\/\/jornalfatosenoticias.com.br\/index.php\/2024\/04\/18\/a-semana-no-brasil-e-no-mundo-revista-britanica-the-economist-acusa-stf-e-alexandre-de-moraes-de-censura-e-autoritarismo-apos-embate-com-elon-musk\/#breadcrumb\"},\"inLanguage\":\"pt-BR\",\"potentialAction\":[{\"@type\":\"ReadAction\",\"target\":[\"https:\/\/jornalfatosenoticias.com.br\/index.php\/2024\/04\/18\/a-semana-no-brasil-e-no-mundo-revista-britanica-the-economist-acusa-stf-e-alexandre-de-moraes-de-censura-e-autoritarismo-apos-embate-com-elon-musk\/\"]}]},{\"@type\":\"ImageObject\",\"inLanguage\":\"pt-BR\",\"@id\":\"https:\/\/jornalfatosenoticias.com.br\/index.php\/2024\/04\/18\/a-semana-no-brasil-e-no-mundo-revista-britanica-the-economist-acusa-stf-e-alexandre-de-moraes-de-censura-e-autoritarismo-apos-embate-com-elon-musk\/#primaryimage\",\"url\":\"https:\/\/jornalfatosenoticias.com.br\/wp-content\/uploads\/2024\/04\/elon-musk-alexandre-de-moraes.jpg\",\"contentUrl\":\"https:\/\/jornalfatosenoticias.com.br\/wp-content\/uploads\/2024\/04\/elon-musk-alexandre-de-moraes.jpg\",\"width\":780,\"height\":470},{\"@type\":\"BreadcrumbList\",\"@id\":\"https:\/\/jornalfatosenoticias.com.br\/index.php\/2024\/04\/18\/a-semana-no-brasil-e-no-mundo-revista-britanica-the-economist-acusa-stf-e-alexandre-de-moraes-de-censura-e-autoritarismo-apos-embate-com-elon-musk\/#breadcrumb\",\"itemListElement\":[{\"@type\":\"ListItem\",\"position\":1,\"name\":\"In\u00edcio\",\"item\":\"https:\/\/jornalfatosenoticias.com.br\/\"},{\"@type\":\"ListItem\",\"position\":2,\"name\":\"A Semana no Brasil e no Mundo \u2014 Revista brit\u00e2nica The Economist acusa STF e Alexandre de Moraes de censura e autoritarismo ap\u00f3s embate com Elon Musk\"}]},{\"@type\":\"WebSite\",\"@id\":\"https:\/\/jornalfatosenoticias.com.br\/#website\",\"url\":\"https:\/\/jornalfatosenoticias.com.br\/\",\"name\":\"Jornal Fatos e Not\u00edcias\",\"description\":\"Not\u00edcias em geral\",\"publisher\":{\"@id\":\"https:\/\/jornalfatosenoticias.com.br\/#organization\"},\"potentialAction\":[{\"@type\":\"SearchAction\",\"target\":{\"@type\":\"EntryPoint\",\"urlTemplate\":\"https:\/\/jornalfatosenoticias.com.br\/?s={search_term_string}\"},\"query-input\":{\"@type\":\"PropertyValueSpecification\",\"valueRequired\":true,\"valueName\":\"search_term_string\"}}],\"inLanguage\":\"pt-BR\"},{\"@type\":\"Organization\",\"@id\":\"https:\/\/jornalfatosenoticias.com.br\/#organization\",\"name\":\"Jornal Fatos e Not\u00edcias\",\"url\":\"https:\/\/jornalfatosenoticias.com.br\/\",\"logo\":{\"@type\":\"ImageObject\",\"inLanguage\":\"pt-BR\",\"@id\":\"https:\/\/jornalfatosenoticias.com.br\/#\/schema\/logo\/image\/\",\"url\":\"https:\/\/jornalfatosenoticias.com.br\/wp-content\/uploads\/2020\/02\/logo120.png\",\"contentUrl\":\"https:\/\/jornalfatosenoticias.com.br\/wp-content\/uploads\/2020\/02\/logo120.png\",\"width\":1227,\"height\":120,\"caption\":\"Jornal Fatos e Not\u00edcias\"},\"image\":{\"@id\":\"https:\/\/jornalfatosenoticias.com.br\/#\/schema\/logo\/image\/\"}},{\"@type\":\"Person\",\"@id\":\"https:\/\/jornalfatosenoticias.com.br\/#\/schema\/person\/05c46cc25b42a5c27e004fb0fa6b4965\",\"name\":\"Haroldo Filho\",\"image\":{\"@type\":\"ImageObject\",\"inLanguage\":\"pt-BR\",\"@id\":\"https:\/\/jornalfatosenoticias.com.br\/#\/schema\/person\/image\/\",\"url\":\"https:\/\/jornalfatosenoticias.com.br\/wp-content\/uploads\/2025\/08\/WhatsApp-Image-2025-08-18-at-15.30.28-150x150.jpeg\",\"contentUrl\":\"https:\/\/jornalfatosenoticias.com.br\/wp-content\/uploads\/2025\/08\/WhatsApp-Image-2025-08-18-at-15.30.28-150x150.jpeg\",\"caption\":\"Haroldo Filho\"},\"description\":\"Jornalista \u2013 DRT: 0003818\/ES Coordenador-geral da ONG Educar para Crescer\",\"url\":\"https:\/\/jornalfatosenoticias.com.br\/index.php\/author\/haroldo\/\"}]}<\/script>\n<!-- \/ Yoast SEO plugin. -->","yoast_head_json":{"title":"A Semana no Brasil e no Mundo \u2014 Revista brit\u00e2nica The Economist acusa STF e Alexandre de Moraes de censura e autoritarismo ap\u00f3s embate com Elon Musk - Jornal Fatos e Not\u00edcias","robots":{"index":"index","follow":"follow","max-snippet":"max-snippet:-1","max-image-preview":"max-image-preview:large","max-video-preview":"max-video-preview:-1"},"canonical":"https:\/\/jornalfatosenoticias.com.br\/index.php\/2024\/04\/18\/a-semana-no-brasil-e-no-mundo-revista-britanica-the-economist-acusa-stf-e-alexandre-de-moraes-de-censura-e-autoritarismo-apos-embate-com-elon-musk\/","og_locale":"pt_BR","og_type":"article","og_title":"A Semana no Brasil e no Mundo \u2014 Revista brit\u00e2nica The Economist acusa STF e Alexandre de Moraes de censura e autoritarismo ap\u00f3s embate com Elon Musk - Jornal Fatos e Not\u00edcias","og_description":"A prestigiada revista brit\u00e2nica The Economist criticou diretamente o ministro do Supremo Tribunal Federal (STF), Alexandre de Moraes, em rela\u00e7\u00e3o \u00e0 sua recente decis\u00e3o que envolve Elon Musk, propriet\u00e1rio do Twitter\/X. A publica\u00e7\u00e3o descreve o STF como um \u201cpoderoso\u201d \u00f3rg\u00e3o judicial.Segundo a revista, o epis\u00f3dio come\u00e7ou quando Musk revelou que Moraes havia determinado a exclus\u00e3o [&hellip;]","og_url":"https:\/\/jornalfatosenoticias.com.br\/index.php\/2024\/04\/18\/a-semana-no-brasil-e-no-mundo-revista-britanica-the-economist-acusa-stf-e-alexandre-de-moraes-de-censura-e-autoritarismo-apos-embate-com-elon-musk\/","og_site_name":"Jornal Fatos e Not\u00edcias","article_published_time":"2024-04-18T20:04:46+00:00","article_modified_time":"2024-04-18T20:04:48+00:00","og_image":[{"width":780,"height":470,"url":"https:\/\/jornalfatosenoticias.com.br\/wp-content\/uploads\/2024\/04\/elon-musk-alexandre-de-moraes.jpg","type":"image\/jpeg"}],"author":"Haroldo Filho","twitter_card":"summary_large_image","twitter_misc":{"Escrito por":"Haroldo Filho","Est. tempo de leitura":"8 minutos"},"schema":{"@context":"https:\/\/schema.org","@graph":[{"@type":"Article","@id":"https:\/\/jornalfatosenoticias.com.br\/index.php\/2024\/04\/18\/a-semana-no-brasil-e-no-mundo-revista-britanica-the-economist-acusa-stf-e-alexandre-de-moraes-de-censura-e-autoritarismo-apos-embate-com-elon-musk\/#article","isPartOf":{"@id":"https:\/\/jornalfatosenoticias.com.br\/index.php\/2024\/04\/18\/a-semana-no-brasil-e-no-mundo-revista-britanica-the-economist-acusa-stf-e-alexandre-de-moraes-de-censura-e-autoritarismo-apos-embate-com-elon-musk\/"},"author":{"name":"Haroldo Filho","@id":"https:\/\/jornalfatosenoticias.com.br\/#\/schema\/person\/05c46cc25b42a5c27e004fb0fa6b4965"},"headline":"A Semana no Brasil e no Mundo \u2014 Revista brit\u00e2nica The Economist acusa STF e Alexandre de Moraes de censura e autoritarismo ap\u00f3s embate com Elon Musk","datePublished":"2024-04-18T20:04:46+00:00","dateModified":"2024-04-18T20:04:48+00:00","mainEntityOfPage":{"@id":"https:\/\/jornalfatosenoticias.com.br\/index.php\/2024\/04\/18\/a-semana-no-brasil-e-no-mundo-revista-britanica-the-economist-acusa-stf-e-alexandre-de-moraes-de-censura-e-autoritarismo-apos-embate-com-elon-musk\/"},"wordCount":1717,"commentCount":0,"publisher":{"@id":"https:\/\/jornalfatosenoticias.com.br\/#organization"},"image":{"@id":"https:\/\/jornalfatosenoticias.com.br\/index.php\/2024\/04\/18\/a-semana-no-brasil-e-no-mundo-revista-britanica-the-economist-acusa-stf-e-alexandre-de-moraes-de-censura-e-autoritarismo-apos-embate-com-elon-musk\/#primaryimage"},"thumbnailUrl":"https:\/\/jornalfatosenoticias.com.br\/wp-content\/uploads\/2024\/04\/elon-musk-alexandre-de-moraes.jpg","keywords":["Alexandre de Moraes","censura do STF","cortes de verbas governo federal","Elon Musk","Lula","MST","STF"],"articleSection":["Pol\u00edtica"],"inLanguage":"pt-BR","potentialAction":[{"@type":"CommentAction","name":"Comment","target":["https:\/\/jornalfatosenoticias.com.br\/index.php\/2024\/04\/18\/a-semana-no-brasil-e-no-mundo-revista-britanica-the-economist-acusa-stf-e-alexandre-de-moraes-de-censura-e-autoritarismo-apos-embate-com-elon-musk\/#respond"]}]},{"@type":"WebPage","@id":"https:\/\/jornalfatosenoticias.com.br\/index.php\/2024\/04\/18\/a-semana-no-brasil-e-no-mundo-revista-britanica-the-economist-acusa-stf-e-alexandre-de-moraes-de-censura-e-autoritarismo-apos-embate-com-elon-musk\/","url":"https:\/\/jornalfatosenoticias.com.br\/index.php\/2024\/04\/18\/a-semana-no-brasil-e-no-mundo-revista-britanica-the-economist-acusa-stf-e-alexandre-de-moraes-de-censura-e-autoritarismo-apos-embate-com-elon-musk\/","name":"A Semana no Brasil e no Mundo \u2014 Revista brit\u00e2nica The Economist acusa STF e Alexandre de Moraes de censura e autoritarismo ap\u00f3s embate com Elon Musk - Jornal Fatos e Not\u00edcias","isPartOf":{"@id":"https:\/\/jornalfatosenoticias.com.br\/#website"},"primaryImageOfPage":{"@id":"https:\/\/jornalfatosenoticias.com.br\/index.php\/2024\/04\/18\/a-semana-no-brasil-e-no-mundo-revista-britanica-the-economist-acusa-stf-e-alexandre-de-moraes-de-censura-e-autoritarismo-apos-embate-com-elon-musk\/#primaryimage"},"image":{"@id":"https:\/\/jornalfatosenoticias.com.br\/index.php\/2024\/04\/18\/a-semana-no-brasil-e-no-mundo-revista-britanica-the-economist-acusa-stf-e-alexandre-de-moraes-de-censura-e-autoritarismo-apos-embate-com-elon-musk\/#primaryimage"},"thumbnailUrl":"https:\/\/jornalfatosenoticias.com.br\/wp-content\/uploads\/2024\/04\/elon-musk-alexandre-de-moraes.jpg","datePublished":"2024-04-18T20:04:46+00:00","dateModified":"2024-04-18T20:04:48+00:00","breadcrumb":{"@id":"https:\/\/jornalfatosenoticias.com.br\/index.php\/2024\/04\/18\/a-semana-no-brasil-e-no-mundo-revista-britanica-the-economist-acusa-stf-e-alexandre-de-moraes-de-censura-e-autoritarismo-apos-embate-com-elon-musk\/#breadcrumb"},"inLanguage":"pt-BR","potentialAction":[{"@type":"ReadAction","target":["https:\/\/jornalfatosenoticias.com.br\/index.php\/2024\/04\/18\/a-semana-no-brasil-e-no-mundo-revista-britanica-the-economist-acusa-stf-e-alexandre-de-moraes-de-censura-e-autoritarismo-apos-embate-com-elon-musk\/"]}]},{"@type":"ImageObject","inLanguage":"pt-BR","@id":"https:\/\/jornalfatosenoticias.com.br\/index.php\/2024\/04\/18\/a-semana-no-brasil-e-no-mundo-revista-britanica-the-economist-acusa-stf-e-alexandre-de-moraes-de-censura-e-autoritarismo-apos-embate-com-elon-musk\/#primaryimage","url":"https:\/\/jornalfatosenoticias.com.br\/wp-content\/uploads\/2024\/04\/elon-musk-alexandre-de-moraes.jpg","contentUrl":"https:\/\/jornalfatosenoticias.com.br\/wp-content\/uploads\/2024\/04\/elon-musk-alexandre-de-moraes.jpg","width":780,"height":470},{"@type":"BreadcrumbList","@id":"https:\/\/jornalfatosenoticias.com.br\/index.php\/2024\/04\/18\/a-semana-no-brasil-e-no-mundo-revista-britanica-the-economist-acusa-stf-e-alexandre-de-moraes-de-censura-e-autoritarismo-apos-embate-com-elon-musk\/#breadcrumb","itemListElement":[{"@type":"ListItem","position":1,"name":"In\u00edcio","item":"https:\/\/jornalfatosenoticias.com.br\/"},{"@type":"ListItem","position":2,"name":"A Semana no Brasil e no Mundo \u2014 Revista brit\u00e2nica The Economist acusa STF e Alexandre de Moraes de censura e autoritarismo ap\u00f3s embate com Elon Musk"}]},{"@type":"WebSite","@id":"https:\/\/jornalfatosenoticias.com.br\/#website","url":"https:\/\/jornalfatosenoticias.com.br\/","name":"Jornal Fatos e Not\u00edcias","description":"Not\u00edcias em geral","publisher":{"@id":"https:\/\/jornalfatosenoticias.com.br\/#organization"},"potentialAction":[{"@type":"SearchAction","target":{"@type":"EntryPoint","urlTemplate":"https:\/\/jornalfatosenoticias.com.br\/?s={search_term_string}"},"query-input":{"@type":"PropertyValueSpecification","valueRequired":true,"valueName":"search_term_string"}}],"inLanguage":"pt-BR"},{"@type":"Organization","@id":"https:\/\/jornalfatosenoticias.com.br\/#organization","name":"Jornal Fatos e Not\u00edcias","url":"https:\/\/jornalfatosenoticias.com.br\/","logo":{"@type":"ImageObject","inLanguage":"pt-BR","@id":"https:\/\/jornalfatosenoticias.com.br\/#\/schema\/logo\/image\/","url":"https:\/\/jornalfatosenoticias.com.br\/wp-content\/uploads\/2020\/02\/logo120.png","contentUrl":"https:\/\/jornalfatosenoticias.com.br\/wp-content\/uploads\/2020\/02\/logo120.png","width":1227,"height":120,"caption":"Jornal Fatos e Not\u00edcias"},"image":{"@id":"https:\/\/jornalfatosenoticias.com.br\/#\/schema\/logo\/image\/"}},{"@type":"Person","@id":"https:\/\/jornalfatosenoticias.com.br\/#\/schema\/person\/05c46cc25b42a5c27e004fb0fa6b4965","name":"Haroldo Filho","image":{"@type":"ImageObject","inLanguage":"pt-BR","@id":"https:\/\/jornalfatosenoticias.com.br\/#\/schema\/person\/image\/","url":"https:\/\/jornalfatosenoticias.com.br\/wp-content\/uploads\/2025\/08\/WhatsApp-Image-2025-08-18-at-15.30.28-150x150.jpeg","contentUrl":"https:\/\/jornalfatosenoticias.com.br\/wp-content\/uploads\/2025\/08\/WhatsApp-Image-2025-08-18-at-15.30.28-150x150.jpeg","caption":"Haroldo Filho"},"description":"Jornalista \u2013 DRT: 0003818\/ES Coordenador-geral da ONG Educar para Crescer","url":"https:\/\/jornalfatosenoticias.com.br\/index.php\/author\/haroldo\/"}]}},"cc_featured_image_caption":{"caption_text":"(Foto: Reprodu\u00e7\u00e3o) \r\n","source_text":"","source_url":""},"jetpack_featured_media_url":"https:\/\/jornalfatosenoticias.com.br\/wp-content\/uploads\/2024\/04\/elon-musk-alexandre-de-moraes.jpg","_links":{"self":[{"href":"https:\/\/jornalfatosenoticias.com.br\/index.php\/wp-json\/wp\/v2\/posts\/50723","targetHints":{"allow":["GET"]}}],"collection":[{"href":"https:\/\/jornalfatosenoticias.com.br\/index.php\/wp-json\/wp\/v2\/posts"}],"about":[{"href":"https:\/\/jornalfatosenoticias.com.br\/index.php\/wp-json\/wp\/v2\/types\/post"}],"author":[{"embeddable":true,"href":"https:\/\/jornalfatosenoticias.com.br\/index.php\/wp-json\/wp\/v2\/users\/3"}],"replies":[{"embeddable":true,"href":"https:\/\/jornalfatosenoticias.com.br\/index.php\/wp-json\/wp\/v2\/comments?post=50723"}],"version-history":[{"count":0,"href":"https:\/\/jornalfatosenoticias.com.br\/index.php\/wp-json\/wp\/v2\/posts\/50723\/revisions"}],"wp:featuredmedia":[{"embeddable":true,"href":"https:\/\/jornalfatosenoticias.com.br\/index.php\/wp-json\/wp\/v2\/media\/50725"}],"wp:attachment":[{"href":"https:\/\/jornalfatosenoticias.com.br\/index.php\/wp-json\/wp\/v2\/media?parent=50723"}],"wp:term":[{"taxonomy":"category","embeddable":true,"href":"https:\/\/jornalfatosenoticias.com.br\/index.php\/wp-json\/wp\/v2\/categories?post=50723"},{"taxonomy":"post_tag","embeddable":true,"href":"https:\/\/jornalfatosenoticias.com.br\/index.php\/wp-json\/wp\/v2\/tags?post=50723"}],"curies":[{"name":"wp","href":"https:\/\/api.w.org\/{rel}","templated":true}]}}