{"id":50771,"date":"2024-04-23T11:14:21","date_gmt":"2024-04-23T14:14:21","guid":{"rendered":"https:\/\/jornalfatosenoticias.com.br\/?p=50771"},"modified":"2024-04-23T11:14:22","modified_gmt":"2024-04-23T14:14:22","slug":"alvo-de-protesto-em-2023-lula-nao-vai-a-portugal-para-50-anos-da-revolucao-dos-cravos","status":"publish","type":"post","link":"https:\/\/jornalfatosenoticias.com.br\/index.php\/2024\/04\/23\/alvo-de-protesto-em-2023-lula-nao-vai-a-portugal-para-50-anos-da-revolucao-dos-cravos\/","title":{"rendered":"Alvo de protesto em 2023, Lula n\u00e3o vai a Portugal para 50 anos da Revolu\u00e7\u00e3o dos Cravos"},"content":{"rendered":"\n<p><em><span class=\"has-inline-color has-black-color\">Luiz In\u00e1cio Lula da Silva (PT) e o ex-primeiro-ministro de Portugal, Ant\u00f3nio Costa<\/span><\/em><\/p>\n\n\n\n<p><span class=\"has-inline-color has-black-color\">Por <strong><a href=\"https:\/\/www.gazetadopovo.com.br\/autor\/carinne-souza\/\">Carinne Souza<\/a><\/strong><\/span><\/p>\n\n\n\n<div class=\"wp-block-image\"><figure class=\"aligncenter size-large is-resized\"><img loading=\"lazy\" decoding=\"async\" src=\"https:\/\/jornalfatosenoticias.com.br\/wp-content\/uploads\/2020\/02\/logo-Rapuzel-1024x571.jpg\" alt=\"\" class=\"wp-image-42808\" width=\"350\" height=\"195\" srcset=\"https:\/\/jornalfatosenoticias.com.br\/wp-content\/uploads\/2020\/02\/logo-Rapuzel-1024x571.jpg 1024w, https:\/\/jornalfatosenoticias.com.br\/wp-content\/uploads\/2020\/02\/logo-Rapuzel-300x167.jpg 300w, https:\/\/jornalfatosenoticias.com.br\/wp-content\/uploads\/2020\/02\/logo-Rapuzel-768x428.jpg 768w, https:\/\/jornalfatosenoticias.com.br\/wp-content\/uploads\/2020\/02\/logo-Rapuzel-1536x856.jpg 1536w, https:\/\/jornalfatosenoticias.com.br\/wp-content\/uploads\/2020\/02\/logo-Rapuzel.jpg 1600w\" sizes=\"auto, (max-width: 350px) 100vw, 350px\" \/><\/figure><\/div>\n\n\n\n<p>Luiz In\u00e1cio Lula da Silva (PT) n\u00e3o vai a Portugal para participar do evento que celebra os 50 anos da Revolu\u00e7\u00e3o dos Cravos, que marcou o fim da ditadura no pa\u00eds. A informa\u00e7\u00e3o foi confirmada \u00e0 Gazeta do Povo por membros do governo. O evento est\u00e1 marcado para a pr\u00f3xima quinta-feira (25).<br>N\u00e3o \u00e9 clara, por\u00e9m, a raz\u00e3o para a aus\u00eancia de Lula na cerim\u00f4nia. O petista foi um dos participantes do mesmo evento no ano passado. \u00c9 sabido, contudo, que o mandat\u00e1rio brasileiro n\u00e3o \u00e9 bem quisto por alas da direita portuguesa. No \u00faltimo ano, durante visita ao pa\u00eds para a mesma celebra\u00e7\u00e3o, em 25 de abril, o petista foi convidado para discursar no evento pelo governo de Marcelo Rebelo, presidente portugu\u00eas de esquerda, mas foi <a href=\"https:\/\/www.gazetadopovo.com.br\/mundo\/parlamento-portugal-lula-revolucao-dos-cravos-mudanca-de-data\/?ref=link-interno-materia\">&#8220;impedido&#8221; por parlamentares da oposi\u00e7\u00e3o.<\/a><\/p>\n\n\n\n<div class=\"wp-block-image\"><figure class=\"aligncenter size-large\"><img decoding=\"async\" src=\"https:\/\/jornalfatosenoticias.com.br\/wp-content\/uploads\/2020\/02\/logo_esteio.jpg\" alt=\"\" class=\"wp-image-1214\"\/><\/figure><\/div>\n\n\n\n<p>Ap\u00f3s o an\u00fancio de que Lula teria uma participa\u00e7\u00e3o ativa no evento daquele ano, membros da oposi\u00e7\u00e3o portuguesa pressionaram para que ele n\u00e3o discursasse na cerim\u00f4nia, amea\u00e7ando protestar caso o brasileiro subisse ao p\u00falpito. Devido \u00e0 pol\u00eamica e repercuss\u00e3o negativa causada entre os parlamentares, o petista foi convidado para participar de uma cerim\u00f4nia solene de &#8220;Boas-Vindas&#8221; no Parlamento Portugu\u00eas.<\/p>\n\n\n\n<div class=\"wp-block-image\"><figure class=\"aligncenter size-large is-resized\"><img loading=\"lazy\" decoding=\"async\" src=\"https:\/\/jornalfatosenoticias.com.br\/wp-content\/uploads\/2023\/08\/BKR-1024x1021.jpg\" alt=\"\" class=\"wp-image-44494\" width=\"332\" height=\"331\" srcset=\"https:\/\/jornalfatosenoticias.com.br\/wp-content\/uploads\/2023\/08\/BKR-1024x1021.jpg 1024w, https:\/\/jornalfatosenoticias.com.br\/wp-content\/uploads\/2023\/08\/BKR-300x300.jpg 300w, https:\/\/jornalfatosenoticias.com.br\/wp-content\/uploads\/2023\/08\/BKR-150x150.jpg 150w, https:\/\/jornalfatosenoticias.com.br\/wp-content\/uploads\/2023\/08\/BKR-768x766.jpg 768w, https:\/\/jornalfatosenoticias.com.br\/wp-content\/uploads\/2023\/08\/BKR.jpg 1080w\" sizes=\"auto, (max-width: 332px) 100vw, 332px\" \/><\/figure><\/div>\n\n\n\n<p>Entre os partidos que se movimentaram para impedir que Lula discursasse em 2023, est\u00e3o o Partido Social Democrata (PSD), o \u201cChega\u201d e a Iniciativa Liberal (IL). O PSD, atualmente, faz parte da coliga\u00e7\u00e3o que foi eleita para o Parlamento Portugu\u00eas pelos pr\u00f3ximos anos. O PSD e o Centro Social Democr\u00e1tico (CSD), formaram a Alian\u00e7a Democr\u00e1tica (AD), partido que venceu as elei\u00e7\u00f5es no pa\u00eds neste ano.<\/p>\n\n\n\n<div class=\"wp-block-image\"><figure class=\"aligncenter size-large is-resized\"><img loading=\"lazy\" decoding=\"async\" src=\"https:\/\/jornalfatosenoticias.com.br\/wp-content\/uploads\/2022\/02\/Precisao-Contabilidade-1024x724.jpg\" alt=\"\" class=\"wp-image-28088\" width=\"358\" height=\"253\"\/><\/figure><\/div>\n\n\n\n<p>O l\u00edder do Chega, Andr\u00e9 Ventura, foi um dos parlamentares que encabe\u00e7ou o movimento para impedir que Lula discursasse na celebra\u00e7\u00e3o portuguesa. Ainda neste ano, Ventura voltou a protagonizar cr\u00edticas ao mandat\u00e1rio brasileiro. Em campanha eleitoral no in\u00edcio do ano, o parlamentar declarou que n\u00e3o receberia Lula em Portugal se fosse eleito primeiro-ministro do pa\u00eds.<\/p>\n\n\n\n<div class=\"wp-block-image\"><figure class=\"aligncenter size-large is-resized\"><img loading=\"lazy\" decoding=\"async\" src=\"https:\/\/jornalfatosenoticias.com.br\/wp-content\/uploads\/2024\/01\/consultoria-ambiental.jpg\" alt=\"\" class=\"wp-image-48314\" width=\"333\" height=\"301\" srcset=\"https:\/\/jornalfatosenoticias.com.br\/wp-content\/uploads\/2024\/01\/consultoria-ambiental.jpg 832w, https:\/\/jornalfatosenoticias.com.br\/wp-content\/uploads\/2024\/01\/consultoria-ambiental-300x272.jpg 300w, https:\/\/jornalfatosenoticias.com.br\/wp-content\/uploads\/2024\/01\/consultoria-ambiental-768x696.jpg 768w\" sizes=\"auto, (max-width: 333px) 100vw, 333px\" \/><\/figure><\/div>\n\n\n\n<p>Apesar de n\u00e3o ter ganhado, o partido de Andr\u00e9 Ventura, o Chega, aumentou sua participa\u00e7\u00e3o no Parlamento Portugu\u00eas e conquistou 48 cadeiras com as elei\u00e7\u00f5es. O resultado evidenciou a for\u00e7a da direita em Portugal e aumentou a influ\u00eancia do partido no pa\u00eds.<\/p>\n\n\n\n<div class=\"wp-block-image\"><figure class=\"aligncenter size-large\"><img decoding=\"async\" src=\"https:\/\/jornalfatosenoticias.com.br\/wp-content\/uploads\/2020\/02\/barao-das-carnes-300x164-1.jpg\" alt=\"\" class=\"wp-image-34339\"\/><\/figure><\/div>\n\n\n\n<p><strong><em>Fonte: <a href=\"https:\/\/www.gazetadopovo.com.br\/republica\/apos-polemicas-lula-nao-vai-a-portugal-para-50-anos-da-revolucao-dos-cravos\/?ref=mais-comentadas\">Gazeta do Povo<\/a><\/em><\/strong><\/p>\n","protected":false},"excerpt":{"rendered":"<p>Luiz In\u00e1cio Lula da Silva (PT) e o ex-primeiro-ministro de Portugal, Ant\u00f3nio Costa Por Carinne Souza Luiz In\u00e1cio Lula da Silva (PT) n\u00e3o vai a Portugal para participar do evento que celebra os 50 anos da Revolu\u00e7\u00e3o dos Cravos, que marcou o fim da ditadura no pa\u00eds. A informa\u00e7\u00e3o foi confirmada \u00e0 Gazeta do Povo [&hellip;]<\/p>\n","protected":false},"author":2,"featured_media":50772,"comment_status":"open","ping_status":"open","sticky":false,"template":"","format":"standard","meta":{"footnotes":""},"categories":[10],"tags":[7580,640,6826,20129,13186],"class_list":["post-50771","post","type-post","status-publish","format-standard","has-post-thumbnail","hentry","category-politica","tag-lula","tag-portugal","tag-presidente","tag-psd","tag-pt"],"yoast_head":"<!-- This site is optimized with the Yoast SEO plugin v26.5 - https:\/\/yoast.com\/wordpress\/plugins\/seo\/ -->\n<title>Alvo de protesto em 2023, Lula n\u00e3o vai a Portugal para 50 anos da Revolu\u00e7\u00e3o dos Cravos - Jornal Fatos e Not\u00edcias<\/title>\n<meta name=\"robots\" content=\"index, follow, max-snippet:-1, max-image-preview:large, max-video-preview:-1\" \/>\n<link rel=\"canonical\" href=\"https:\/\/jornalfatosenoticias.com.br\/index.php\/2024\/04\/23\/alvo-de-protesto-em-2023-lula-nao-vai-a-portugal-para-50-anos-da-revolucao-dos-cravos\/\" \/>\n<meta property=\"og:locale\" content=\"pt_BR\" \/>\n<meta property=\"og:type\" content=\"article\" \/>\n<meta property=\"og:title\" content=\"Alvo de protesto em 2023, Lula n\u00e3o vai a Portugal para 50 anos da Revolu\u00e7\u00e3o dos Cravos - Jornal Fatos e Not\u00edcias\" \/>\n<meta property=\"og:description\" content=\"Luiz In\u00e1cio Lula da Silva (PT) e o ex-primeiro-ministro de Portugal, Ant\u00f3nio Costa Por Carinne Souza Luiz In\u00e1cio Lula da Silva (PT) n\u00e3o vai a Portugal para participar do evento que celebra os 50 anos da Revolu\u00e7\u00e3o dos Cravos, que marcou o fim da ditadura no pa\u00eds. A informa\u00e7\u00e3o foi confirmada \u00e0 Gazeta do Povo [&hellip;]\" \/>\n<meta property=\"og:url\" content=\"https:\/\/jornalfatosenoticias.com.br\/index.php\/2024\/04\/23\/alvo-de-protesto-em-2023-lula-nao-vai-a-portugal-para-50-anos-da-revolucao-dos-cravos\/\" \/>\n<meta property=\"og:site_name\" content=\"Jornal Fatos e Not\u00edcias\" \/>\n<meta property=\"article:published_time\" content=\"2024-04-23T14:14:21+00:00\" \/>\n<meta property=\"article:modified_time\" content=\"2024-04-23T14:14:22+00:00\" \/>\n<meta property=\"og:image\" content=\"https:\/\/jornalfatosenoticias.com.br\/wp-content\/uploads\/2024\/04\/lula_e_primeiro_ministro-PORTUGAL.jpeg\" \/>\n\t<meta property=\"og:image:width\" content=\"675\" \/>\n\t<meta property=\"og:image:height\" content=\"450\" \/>\n\t<meta property=\"og:image:type\" content=\"image\/jpeg\" \/>\n<meta name=\"author\" content=\"Luzimara Fernandes\" \/>\n<meta name=\"twitter:card\" content=\"summary_large_image\" \/>\n<meta name=\"twitter:label1\" content=\"Escrito por\" \/>\n\t<meta name=\"twitter:data1\" content=\"Luzimara Fernandes\" \/>\n\t<meta name=\"twitter:label2\" content=\"Est. tempo de leitura\" \/>\n\t<meta name=\"twitter:data2\" content=\"2 minutos\" \/>\n<script type=\"application\/ld+json\" class=\"yoast-schema-graph\">{\"@context\":\"https:\/\/schema.org\",\"@graph\":[{\"@type\":\"Article\",\"@id\":\"https:\/\/jornalfatosenoticias.com.br\/index.php\/2024\/04\/23\/alvo-de-protesto-em-2023-lula-nao-vai-a-portugal-para-50-anos-da-revolucao-dos-cravos\/#article\",\"isPartOf\":{\"@id\":\"https:\/\/jornalfatosenoticias.com.br\/index.php\/2024\/04\/23\/alvo-de-protesto-em-2023-lula-nao-vai-a-portugal-para-50-anos-da-revolucao-dos-cravos\/\"},\"author\":{\"name\":\"Luzimara Fernandes\",\"@id\":\"https:\/\/jornalfatosenoticias.com.br\/#\/schema\/person\/d63837fa13ac8666eb9e74e0985d6f81\"},\"headline\":\"Alvo de protesto em 2023, Lula n\u00e3o vai a Portugal para 50 anos da Revolu\u00e7\u00e3o dos Cravos\",\"datePublished\":\"2024-04-23T14:14:21+00:00\",\"dateModified\":\"2024-04-23T14:14:22+00:00\",\"mainEntityOfPage\":{\"@id\":\"https:\/\/jornalfatosenoticias.com.br\/index.php\/2024\/04\/23\/alvo-de-protesto-em-2023-lula-nao-vai-a-portugal-para-50-anos-da-revolucao-dos-cravos\/\"},\"wordCount\":435,\"commentCount\":0,\"publisher\":{\"@id\":\"https:\/\/jornalfatosenoticias.com.br\/#organization\"},\"image\":{\"@id\":\"https:\/\/jornalfatosenoticias.com.br\/index.php\/2024\/04\/23\/alvo-de-protesto-em-2023-lula-nao-vai-a-portugal-para-50-anos-da-revolucao-dos-cravos\/#primaryimage\"},\"thumbnailUrl\":\"https:\/\/jornalfatosenoticias.com.br\/wp-content\/uploads\/2024\/04\/lula_e_primeiro_ministro-PORTUGAL.jpeg\",\"keywords\":[\"Lula\",\"Portugal\",\"presidente\",\"PSD\",\"PT\"],\"articleSection\":[\"Pol\u00edtica\"],\"inLanguage\":\"pt-BR\",\"potentialAction\":[{\"@type\":\"CommentAction\",\"name\":\"Comment\",\"target\":[\"https:\/\/jornalfatosenoticias.com.br\/index.php\/2024\/04\/23\/alvo-de-protesto-em-2023-lula-nao-vai-a-portugal-para-50-anos-da-revolucao-dos-cravos\/#respond\"]}]},{\"@type\":\"WebPage\",\"@id\":\"https:\/\/jornalfatosenoticias.com.br\/index.php\/2024\/04\/23\/alvo-de-protesto-em-2023-lula-nao-vai-a-portugal-para-50-anos-da-revolucao-dos-cravos\/\",\"url\":\"https:\/\/jornalfatosenoticias.com.br\/index.php\/2024\/04\/23\/alvo-de-protesto-em-2023-lula-nao-vai-a-portugal-para-50-anos-da-revolucao-dos-cravos\/\",\"name\":\"Alvo de protesto em 2023, Lula n\u00e3o vai a Portugal para 50 anos da Revolu\u00e7\u00e3o dos Cravos - Jornal Fatos e Not\u00edcias\",\"isPartOf\":{\"@id\":\"https:\/\/jornalfatosenoticias.com.br\/#website\"},\"primaryImageOfPage\":{\"@id\":\"https:\/\/jornalfatosenoticias.com.br\/index.php\/2024\/04\/23\/alvo-de-protesto-em-2023-lula-nao-vai-a-portugal-para-50-anos-da-revolucao-dos-cravos\/#primaryimage\"},\"image\":{\"@id\":\"https:\/\/jornalfatosenoticias.com.br\/index.php\/2024\/04\/23\/alvo-de-protesto-em-2023-lula-nao-vai-a-portugal-para-50-anos-da-revolucao-dos-cravos\/#primaryimage\"},\"thumbnailUrl\":\"https:\/\/jornalfatosenoticias.com.br\/wp-content\/uploads\/2024\/04\/lula_e_primeiro_ministro-PORTUGAL.jpeg\",\"datePublished\":\"2024-04-23T14:14:21+00:00\",\"dateModified\":\"2024-04-23T14:14:22+00:00\",\"breadcrumb\":{\"@id\":\"https:\/\/jornalfatosenoticias.com.br\/index.php\/2024\/04\/23\/alvo-de-protesto-em-2023-lula-nao-vai-a-portugal-para-50-anos-da-revolucao-dos-cravos\/#breadcrumb\"},\"inLanguage\":\"pt-BR\",\"potentialAction\":[{\"@type\":\"ReadAction\",\"target\":[\"https:\/\/jornalfatosenoticias.com.br\/index.php\/2024\/04\/23\/alvo-de-protesto-em-2023-lula-nao-vai-a-portugal-para-50-anos-da-revolucao-dos-cravos\/\"]}]},{\"@type\":\"ImageObject\",\"inLanguage\":\"pt-BR\",\"@id\":\"https:\/\/jornalfatosenoticias.com.br\/index.php\/2024\/04\/23\/alvo-de-protesto-em-2023-lula-nao-vai-a-portugal-para-50-anos-da-revolucao-dos-cravos\/#primaryimage\",\"url\":\"https:\/\/jornalfatosenoticias.com.br\/wp-content\/uploads\/2024\/04\/lula_e_primeiro_ministro-PORTUGAL.jpeg\",\"contentUrl\":\"https:\/\/jornalfatosenoticias.com.br\/wp-content\/uploads\/2024\/04\/lula_e_primeiro_ministro-PORTUGAL.jpeg\",\"width\":675,\"height\":450},{\"@type\":\"BreadcrumbList\",\"@id\":\"https:\/\/jornalfatosenoticias.com.br\/index.php\/2024\/04\/23\/alvo-de-protesto-em-2023-lula-nao-vai-a-portugal-para-50-anos-da-revolucao-dos-cravos\/#breadcrumb\",\"itemListElement\":[{\"@type\":\"ListItem\",\"position\":1,\"name\":\"In\u00edcio\",\"item\":\"https:\/\/jornalfatosenoticias.com.br\/\"},{\"@type\":\"ListItem\",\"position\":2,\"name\":\"Alvo de protesto em 2023, Lula n\u00e3o vai a Portugal para 50 anos da Revolu\u00e7\u00e3o dos Cravos\"}]},{\"@type\":\"WebSite\",\"@id\":\"https:\/\/jornalfatosenoticias.com.br\/#website\",\"url\":\"https:\/\/jornalfatosenoticias.com.br\/\",\"name\":\"Jornal Fatos e Not\u00edcias\",\"description\":\"Not\u00edcias em geral\",\"publisher\":{\"@id\":\"https:\/\/jornalfatosenoticias.com.br\/#organization\"},\"potentialAction\":[{\"@type\":\"SearchAction\",\"target\":{\"@type\":\"EntryPoint\",\"urlTemplate\":\"https:\/\/jornalfatosenoticias.com.br\/?s={search_term_string}\"},\"query-input\":{\"@type\":\"PropertyValueSpecification\",\"valueRequired\":true,\"valueName\":\"search_term_string\"}}],\"inLanguage\":\"pt-BR\"},{\"@type\":\"Organization\",\"@id\":\"https:\/\/jornalfatosenoticias.com.br\/#organization\",\"name\":\"Jornal Fatos e Not\u00edcias\",\"url\":\"https:\/\/jornalfatosenoticias.com.br\/\",\"logo\":{\"@type\":\"ImageObject\",\"inLanguage\":\"pt-BR\",\"@id\":\"https:\/\/jornalfatosenoticias.com.br\/#\/schema\/logo\/image\/\",\"url\":\"https:\/\/jornalfatosenoticias.com.br\/wp-content\/uploads\/2020\/02\/logo120.png\",\"contentUrl\":\"https:\/\/jornalfatosenoticias.com.br\/wp-content\/uploads\/2020\/02\/logo120.png\",\"width\":1227,\"height\":120,\"caption\":\"Jornal Fatos e Not\u00edcias\"},\"image\":{\"@id\":\"https:\/\/jornalfatosenoticias.com.br\/#\/schema\/logo\/image\/\"}},{\"@type\":\"Person\",\"@id\":\"https:\/\/jornalfatosenoticias.com.br\/#\/schema\/person\/d63837fa13ac8666eb9e74e0985d6f81\",\"name\":\"Luzimara Fernandes\",\"image\":{\"@type\":\"ImageObject\",\"inLanguage\":\"pt-BR\",\"@id\":\"https:\/\/jornalfatosenoticias.com.br\/#\/schema\/person\/image\/\",\"url\":\"https:\/\/jornalfatosenoticias.com.br\/wp-content\/uploads\/2025\/05\/EU_portal.jpg\",\"contentUrl\":\"https:\/\/jornalfatosenoticias.com.br\/wp-content\/uploads\/2025\/05\/EU_portal.jpg\",\"caption\":\"Luzimara Fernandes\"},\"description\":\"Jornalista MTB 2358-ES\",\"sameAs\":[\"https:\/\/jornalfatosenoticias.com.br\"],\"url\":\"https:\/\/jornalfatosenoticias.com.br\/index.php\/author\/luzimara\/\"}]}<\/script>\n<!-- \/ Yoast SEO plugin. -->","yoast_head_json":{"title":"Alvo de protesto em 2023, Lula n\u00e3o vai a Portugal para 50 anos da Revolu\u00e7\u00e3o dos Cravos - Jornal Fatos e Not\u00edcias","robots":{"index":"index","follow":"follow","max-snippet":"max-snippet:-1","max-image-preview":"max-image-preview:large","max-video-preview":"max-video-preview:-1"},"canonical":"https:\/\/jornalfatosenoticias.com.br\/index.php\/2024\/04\/23\/alvo-de-protesto-em-2023-lula-nao-vai-a-portugal-para-50-anos-da-revolucao-dos-cravos\/","og_locale":"pt_BR","og_type":"article","og_title":"Alvo de protesto em 2023, Lula n\u00e3o vai a Portugal para 50 anos da Revolu\u00e7\u00e3o dos Cravos - Jornal Fatos e Not\u00edcias","og_description":"Luiz In\u00e1cio Lula da Silva (PT) e o ex-primeiro-ministro de Portugal, Ant\u00f3nio Costa Por Carinne Souza Luiz In\u00e1cio Lula da Silva (PT) n\u00e3o vai a Portugal para participar do evento que celebra os 50 anos da Revolu\u00e7\u00e3o dos Cravos, que marcou o fim da ditadura no pa\u00eds. A informa\u00e7\u00e3o foi confirmada \u00e0 Gazeta do Povo [&hellip;]","og_url":"https:\/\/jornalfatosenoticias.com.br\/index.php\/2024\/04\/23\/alvo-de-protesto-em-2023-lula-nao-vai-a-portugal-para-50-anos-da-revolucao-dos-cravos\/","og_site_name":"Jornal Fatos e Not\u00edcias","article_published_time":"2024-04-23T14:14:21+00:00","article_modified_time":"2024-04-23T14:14:22+00:00","og_image":[{"width":675,"height":450,"url":"https:\/\/jornalfatosenoticias.com.br\/wp-content\/uploads\/2024\/04\/lula_e_primeiro_ministro-PORTUGAL.jpeg","type":"image\/jpeg"}],"author":"Luzimara Fernandes","twitter_card":"summary_large_image","twitter_misc":{"Escrito por":"Luzimara Fernandes","Est. tempo de leitura":"2 minutos"},"schema":{"@context":"https:\/\/schema.org","@graph":[{"@type":"Article","@id":"https:\/\/jornalfatosenoticias.com.br\/index.php\/2024\/04\/23\/alvo-de-protesto-em-2023-lula-nao-vai-a-portugal-para-50-anos-da-revolucao-dos-cravos\/#article","isPartOf":{"@id":"https:\/\/jornalfatosenoticias.com.br\/index.php\/2024\/04\/23\/alvo-de-protesto-em-2023-lula-nao-vai-a-portugal-para-50-anos-da-revolucao-dos-cravos\/"},"author":{"name":"Luzimara Fernandes","@id":"https:\/\/jornalfatosenoticias.com.br\/#\/schema\/person\/d63837fa13ac8666eb9e74e0985d6f81"},"headline":"Alvo de protesto em 2023, Lula n\u00e3o vai a Portugal para 50 anos da Revolu\u00e7\u00e3o dos Cravos","datePublished":"2024-04-23T14:14:21+00:00","dateModified":"2024-04-23T14:14:22+00:00","mainEntityOfPage":{"@id":"https:\/\/jornalfatosenoticias.com.br\/index.php\/2024\/04\/23\/alvo-de-protesto-em-2023-lula-nao-vai-a-portugal-para-50-anos-da-revolucao-dos-cravos\/"},"wordCount":435,"commentCount":0,"publisher":{"@id":"https:\/\/jornalfatosenoticias.com.br\/#organization"},"image":{"@id":"https:\/\/jornalfatosenoticias.com.br\/index.php\/2024\/04\/23\/alvo-de-protesto-em-2023-lula-nao-vai-a-portugal-para-50-anos-da-revolucao-dos-cravos\/#primaryimage"},"thumbnailUrl":"https:\/\/jornalfatosenoticias.com.br\/wp-content\/uploads\/2024\/04\/lula_e_primeiro_ministro-PORTUGAL.jpeg","keywords":["Lula","Portugal","presidente","PSD","PT"],"articleSection":["Pol\u00edtica"],"inLanguage":"pt-BR","potentialAction":[{"@type":"CommentAction","name":"Comment","target":["https:\/\/jornalfatosenoticias.com.br\/index.php\/2024\/04\/23\/alvo-de-protesto-em-2023-lula-nao-vai-a-portugal-para-50-anos-da-revolucao-dos-cravos\/#respond"]}]},{"@type":"WebPage","@id":"https:\/\/jornalfatosenoticias.com.br\/index.php\/2024\/04\/23\/alvo-de-protesto-em-2023-lula-nao-vai-a-portugal-para-50-anos-da-revolucao-dos-cravos\/","url":"https:\/\/jornalfatosenoticias.com.br\/index.php\/2024\/04\/23\/alvo-de-protesto-em-2023-lula-nao-vai-a-portugal-para-50-anos-da-revolucao-dos-cravos\/","name":"Alvo de protesto em 2023, Lula n\u00e3o vai a Portugal para 50 anos da Revolu\u00e7\u00e3o dos Cravos - Jornal Fatos e Not\u00edcias","isPartOf":{"@id":"https:\/\/jornalfatosenoticias.com.br\/#website"},"primaryImageOfPage":{"@id":"https:\/\/jornalfatosenoticias.com.br\/index.php\/2024\/04\/23\/alvo-de-protesto-em-2023-lula-nao-vai-a-portugal-para-50-anos-da-revolucao-dos-cravos\/#primaryimage"},"image":{"@id":"https:\/\/jornalfatosenoticias.com.br\/index.php\/2024\/04\/23\/alvo-de-protesto-em-2023-lula-nao-vai-a-portugal-para-50-anos-da-revolucao-dos-cravos\/#primaryimage"},"thumbnailUrl":"https:\/\/jornalfatosenoticias.com.br\/wp-content\/uploads\/2024\/04\/lula_e_primeiro_ministro-PORTUGAL.jpeg","datePublished":"2024-04-23T14:14:21+00:00","dateModified":"2024-04-23T14:14:22+00:00","breadcrumb":{"@id":"https:\/\/jornalfatosenoticias.com.br\/index.php\/2024\/04\/23\/alvo-de-protesto-em-2023-lula-nao-vai-a-portugal-para-50-anos-da-revolucao-dos-cravos\/#breadcrumb"},"inLanguage":"pt-BR","potentialAction":[{"@type":"ReadAction","target":["https:\/\/jornalfatosenoticias.com.br\/index.php\/2024\/04\/23\/alvo-de-protesto-em-2023-lula-nao-vai-a-portugal-para-50-anos-da-revolucao-dos-cravos\/"]}]},{"@type":"ImageObject","inLanguage":"pt-BR","@id":"https:\/\/jornalfatosenoticias.com.br\/index.php\/2024\/04\/23\/alvo-de-protesto-em-2023-lula-nao-vai-a-portugal-para-50-anos-da-revolucao-dos-cravos\/#primaryimage","url":"https:\/\/jornalfatosenoticias.com.br\/wp-content\/uploads\/2024\/04\/lula_e_primeiro_ministro-PORTUGAL.jpeg","contentUrl":"https:\/\/jornalfatosenoticias.com.br\/wp-content\/uploads\/2024\/04\/lula_e_primeiro_ministro-PORTUGAL.jpeg","width":675,"height":450},{"@type":"BreadcrumbList","@id":"https:\/\/jornalfatosenoticias.com.br\/index.php\/2024\/04\/23\/alvo-de-protesto-em-2023-lula-nao-vai-a-portugal-para-50-anos-da-revolucao-dos-cravos\/#breadcrumb","itemListElement":[{"@type":"ListItem","position":1,"name":"In\u00edcio","item":"https:\/\/jornalfatosenoticias.com.br\/"},{"@type":"ListItem","position":2,"name":"Alvo de protesto em 2023, Lula n\u00e3o vai a Portugal para 50 anos da Revolu\u00e7\u00e3o dos Cravos"}]},{"@type":"WebSite","@id":"https:\/\/jornalfatosenoticias.com.br\/#website","url":"https:\/\/jornalfatosenoticias.com.br\/","name":"Jornal Fatos e Not\u00edcias","description":"Not\u00edcias em geral","publisher":{"@id":"https:\/\/jornalfatosenoticias.com.br\/#organization"},"potentialAction":[{"@type":"SearchAction","target":{"@type":"EntryPoint","urlTemplate":"https:\/\/jornalfatosenoticias.com.br\/?s={search_term_string}"},"query-input":{"@type":"PropertyValueSpecification","valueRequired":true,"valueName":"search_term_string"}}],"inLanguage":"pt-BR"},{"@type":"Organization","@id":"https:\/\/jornalfatosenoticias.com.br\/#organization","name":"Jornal Fatos e Not\u00edcias","url":"https:\/\/jornalfatosenoticias.com.br\/","logo":{"@type":"ImageObject","inLanguage":"pt-BR","@id":"https:\/\/jornalfatosenoticias.com.br\/#\/schema\/logo\/image\/","url":"https:\/\/jornalfatosenoticias.com.br\/wp-content\/uploads\/2020\/02\/logo120.png","contentUrl":"https:\/\/jornalfatosenoticias.com.br\/wp-content\/uploads\/2020\/02\/logo120.png","width":1227,"height":120,"caption":"Jornal Fatos e Not\u00edcias"},"image":{"@id":"https:\/\/jornalfatosenoticias.com.br\/#\/schema\/logo\/image\/"}},{"@type":"Person","@id":"https:\/\/jornalfatosenoticias.com.br\/#\/schema\/person\/d63837fa13ac8666eb9e74e0985d6f81","name":"Luzimara Fernandes","image":{"@type":"ImageObject","inLanguage":"pt-BR","@id":"https:\/\/jornalfatosenoticias.com.br\/#\/schema\/person\/image\/","url":"https:\/\/jornalfatosenoticias.com.br\/wp-content\/uploads\/2025\/05\/EU_portal.jpg","contentUrl":"https:\/\/jornalfatosenoticias.com.br\/wp-content\/uploads\/2025\/05\/EU_portal.jpg","caption":"Luzimara Fernandes"},"description":"Jornalista MTB 2358-ES","sameAs":["https:\/\/jornalfatosenoticias.com.br"],"url":"https:\/\/jornalfatosenoticias.com.br\/index.php\/author\/luzimara\/"}]}},"cc_featured_image_caption":{"caption_text":"(Foto: Ricardo Stuckert\/PR) ","source_text":"","source_url":""},"jetpack_featured_media_url":"https:\/\/jornalfatosenoticias.com.br\/wp-content\/uploads\/2024\/04\/lula_e_primeiro_ministro-PORTUGAL.jpeg","_links":{"self":[{"href":"https:\/\/jornalfatosenoticias.com.br\/index.php\/wp-json\/wp\/v2\/posts\/50771","targetHints":{"allow":["GET"]}}],"collection":[{"href":"https:\/\/jornalfatosenoticias.com.br\/index.php\/wp-json\/wp\/v2\/posts"}],"about":[{"href":"https:\/\/jornalfatosenoticias.com.br\/index.php\/wp-json\/wp\/v2\/types\/post"}],"author":[{"embeddable":true,"href":"https:\/\/jornalfatosenoticias.com.br\/index.php\/wp-json\/wp\/v2\/users\/2"}],"replies":[{"embeddable":true,"href":"https:\/\/jornalfatosenoticias.com.br\/index.php\/wp-json\/wp\/v2\/comments?post=50771"}],"version-history":[{"count":0,"href":"https:\/\/jornalfatosenoticias.com.br\/index.php\/wp-json\/wp\/v2\/posts\/50771\/revisions"}],"wp:featuredmedia":[{"embeddable":true,"href":"https:\/\/jornalfatosenoticias.com.br\/index.php\/wp-json\/wp\/v2\/media\/50772"}],"wp:attachment":[{"href":"https:\/\/jornalfatosenoticias.com.br\/index.php\/wp-json\/wp\/v2\/media?parent=50771"}],"wp:term":[{"taxonomy":"category","embeddable":true,"href":"https:\/\/jornalfatosenoticias.com.br\/index.php\/wp-json\/wp\/v2\/categories?post=50771"},{"taxonomy":"post_tag","embeddable":true,"href":"https:\/\/jornalfatosenoticias.com.br\/index.php\/wp-json\/wp\/v2\/tags?post=50771"}],"curies":[{"name":"wp","href":"https:\/\/api.w.org\/{rel}","templated":true}]}}