{"id":50818,"date":"2024-04-24T11:02:28","date_gmt":"2024-04-24T14:02:28","guid":{"rendered":"https:\/\/jornalfatosenoticias.com.br\/?p=50818"},"modified":"2024-04-24T11:02:30","modified_gmt":"2024-04-24T14:02:30","slug":"com-problemas-de-caixa-estados-sobem-icms-e-pressionam-ainda-mais-a-inflacao","status":"publish","type":"post","link":"https:\/\/jornalfatosenoticias.com.br\/index.php\/2024\/04\/24\/com-problemas-de-caixa-estados-sobem-icms-e-pressionam-ainda-mais-a-inflacao\/","title":{"rendered":"Com problemas de caixa, estados sobem ICMS e pressionam ainda mais a infla\u00e7\u00e3o"},"content":{"rendered":"\n<p><em><span class=\"has-inline-color has-black-color\">Aumentos do ICMS pressionam pre\u00e7os de alimentos<\/span><\/em><\/p>\n\n\n\n<p><span class=\"has-inline-color has-black-color\">Por <strong><a href=\"https:\/\/www.gazetadopovo.com.br\/autor\/vandre-kramer\/\" rel=\"sponsored nofollow\">Vandr\u00e9 Kramer<\/a><\/strong><\/span><\/p>\n\n\n\n<div class=\"wp-block-image\"><figure class=\"aligncenter size-large\"><img loading=\"lazy\" decoding=\"async\" width=\"729\" height=\"90\" src=\"https:\/\/jornalfatosenoticias.com.br\/wp-content\/uploads\/2020\/02\/Logo_Mizu.png\" alt=\"\" class=\"wp-image-1441\" srcset=\"https:\/\/jornalfatosenoticias.com.br\/wp-content\/uploads\/2020\/02\/Logo_Mizu.png 729w, https:\/\/jornalfatosenoticias.com.br\/wp-content\/uploads\/2020\/02\/Logo_Mizu-300x37.png 300w\" sizes=\"auto, (max-width: 729px) 100vw, 729px\" \/><\/figure><\/div>\n\n\n\n<p>Alimentos e bebidas est\u00e3o entre os itens que mais pressionaram a infla\u00e7\u00e3o no primeiro trimestre, de acordo com o Instituto Brasileiro de Geografia e Estat\u00edstica (IBGE). O grupo teve a segunda maior alta entre os pesquisados: 2,88%, pouco mais do que o dobro da infla\u00e7\u00e3o geral. A alta foi provocada por quest\u00f5es clim\u00e1ticas, como o El Ni\u00f1o, mas tamb\u00e9m por aumentos nos impostos estaduais.<br>V\u00e1rias unidades da federa\u00e7\u00e3o t\u00eam problemas de caixa. Em seu conjunto, os governos regionais (estados e munic\u00edpios) registraram d\u00e9ficit prim\u00e1rio de R$ 15,2 bilh\u00f5es em 12 meses at\u00e9 fevereiro, segundo o BC. Para tentar melhorar as contas, governadores recorreram a aumentos no ICMS, o principal tributo estadual. Um levantamento da Mix Fiscal, empresa especializada em monitoramento de tributos para o varejo, mostra que s\u00f3 neste ano 11 unidades da federa\u00e7\u00e3o elevaram as al\u00edquotas do imposto \u2014 BA, CE, DF, GO, MA, PB, PE, PR, RJ, RO e TO.<\/p>\n\n\n\n<div class=\"wp-block-image\"><figure class=\"aligncenter size-large is-resized\"><img loading=\"lazy\" decoding=\"async\" src=\"https:\/\/jornalfatosenoticias.com.br\/wp-content\/uploads\/2022\/02\/Precisao-Contabilidade-1024x724.jpg\" alt=\"\" class=\"wp-image-28088\" width=\"382\" height=\"270\"\/><\/figure><\/div>\n\n\n\n<blockquote class=\"wp-block-quote is-layout-flow wp-block-quote-is-layout-flow\"><p><span class=\"has-inline-color has-luminous-vivid-orange-color\">O aumento dos impostos for\u00e7a os supermercadistas a repassar os pre\u00e7os dos alimentos ao consumidor e, consequentemente, diminui o poder de compra das fam\u00edlias brasileiras\u201d, diz Fabr\u00edcio Tonegutti, diretor-executivo da Mix Fiscal e especialista em tributa\u00e7\u00e3o no varejo.<\/span><\/p><\/blockquote>\n\n\n\n<div class=\"wp-block-image\"><figure class=\"aligncenter size-large\"><img loading=\"lazy\" decoding=\"async\" width=\"300\" height=\"250\" src=\"https:\/\/jornalfatosenoticias.com.br\/wp-content\/uploads\/2022\/02\/FERRARI_MAQUINAS-E-FERRAMENTAS2.jpg\" alt=\"\" class=\"wp-image-27860\"\/><\/figure><\/div>\n\n\n\n<p>Quem sofre mais \u00e9 a popula\u00e7\u00e3o de baixa renda, que gasta proporcionalmente mais com alimentos. Levantamento do Instituto de Pesquisa Econ\u00f4mica Aplicada (Ipea) mostra que as fam\u00edlias com rendimento domiciliar de at\u00e9 R$ 3.158,99 (renda baixa e muito baixa) foram as mais prejudicadas.<\/p>\n\n\n\n<div class=\"wp-block-image\"><figure class=\"aligncenter size-large is-resized\"><img loading=\"lazy\" decoding=\"async\" src=\"https:\/\/jornalfatosenoticias.com.br\/wp-content\/uploads\/2020\/02\/CONTROL-CS.jpg\" alt=\"\" class=\"wp-image-44991\" width=\"339\" height=\"407\" srcset=\"https:\/\/jornalfatosenoticias.com.br\/wp-content\/uploads\/2020\/02\/CONTROL-CS.jpg 834w, https:\/\/jornalfatosenoticias.com.br\/wp-content\/uploads\/2020\/02\/CONTROL-CS-250x300.jpg 250w, https:\/\/jornalfatosenoticias.com.br\/wp-content\/uploads\/2020\/02\/CONTROL-CS-768x921.jpg 768w\" sizes=\"auto, (max-width: 339px) 100vw, 339px\" \/><\/figure><\/div>\n\n\n\n<p><strong><span class=\"has-inline-color has-black-color\">O impacto das mudan\u00e7as no ICMS sobre os pre\u00e7os<br><\/span><\/strong>Pernambuco \u00e9 um dos estados que est\u00e1 sentindo maiores impactos. A al\u00edquota b\u00e1sica do ICMS foi majorada em 2,5 pontos percentuais, passando de 18% para 20,5%. Somado ao adicional de 2% do Fundo de Combate \u00e0 Pobreza, a medida pode gerar um aumento de at\u00e9 10% nos pre\u00e7os de alguns alimentos nas g\u00f4ndolas. No primeiro trimestre, os pre\u00e7os dos alimentos e bebidas tiveram alta de 3,03% na regi\u00e3o metropolitana do Recife, de acordo com o IBGE.<br>O consumidor de Goi\u00e1s tamb\u00e9m deve sentir um aumento forte. A al\u00edquota geral do ICMS no estado foi elevada de 18% para 20% no in\u00edcio do m\u00eas. \u201cNa pr\u00e1tica, o consumidor vai acabar pagando 4% mais caro\u201d, destaca Tonegutti.<\/p>\n\n\n\n<div class=\"wp-block-image\"><figure class=\"aligncenter size-large is-resized\"><img loading=\"lazy\" decoding=\"async\" src=\"https:\/\/jornalfatosenoticias.com.br\/wp-content\/uploads\/2023\/03\/logo-Panper_portal.jpg\" alt=\"\" class=\"wp-image-40208\" width=\"367\" height=\"254\" srcset=\"https:\/\/jornalfatosenoticias.com.br\/wp-content\/uploads\/2023\/03\/logo-Panper_portal.jpg 400w, https:\/\/jornalfatosenoticias.com.br\/wp-content\/uploads\/2023\/03\/logo-Panper_portal-300x208.jpg 300w\" sizes=\"auto, (max-width: 367px) 100vw, 367px\" \/><\/figure><\/div>\n\n\n\n<p>O Rio de Janeiro tamb\u00e9m modificou recentemente a al\u00edquota geral do ICMS. Desde 20 de mar\u00e7o, os produtos que eram tributados em 18% mais 2% do Fundo Estadual de Combate \u00e0 Pobreza e \u00e0s Desigualdades Sociais (FECP) passam a ter uma al\u00edquota de 20% mais o adicional. Segundo Tonegutti, na pr\u00e1tica, o consumidor acabar\u00e1 sentindo um reajuste de cerca de 9% em alguns alimentos nas g\u00f4ndolas.<\/p>\n\n\n\n<div class=\"wp-block-image\"><figure class=\"aligncenter size-large\"><img loading=\"lazy\" decoding=\"async\" width=\"300\" height=\"250\" src=\"https:\/\/jornalfatosenoticias.com.br\/wp-content\/uploads\/2020\/02\/Banner-2.png\" alt=\"\" class=\"wp-image-43787\"\/><\/figure><\/div>\n\n\n\n<p>Outros estados est\u00e3o usando a estrat\u00e9gia de rever a concess\u00e3o de benef\u00edcios e regimes especiais para melhorar a situa\u00e7\u00e3o dos cofres p\u00fablicos. \u00c9 o caso do Rio Grande do Sul, onde hortifrutigranjeiros e ovos devem perder o tratamento diferenciado em maio. Tonegutti estima que os ovos podem ter um aumento de at\u00e9 30% no estado. \u201cVai haver uma maior incid\u00eancia em itens que s\u00e3o considerados essenciais. Isso, certamente, deve ocasionar uma mudan\u00e7a nos padr\u00f5es de consumo\u201d, diz.<\/p>\n\n\n\n<div class=\"wp-block-image\"><figure class=\"aligncenter size-large is-resized\"><img loading=\"lazy\" decoding=\"async\" src=\"https:\/\/jornalfatosenoticias.com.br\/wp-content\/uploads\/2023\/03\/nova-logo-Marquetti.jpg\" alt=\"\" class=\"wp-image-40207\" width=\"345\" height=\"232\" srcset=\"https:\/\/jornalfatosenoticias.com.br\/wp-content\/uploads\/2023\/03\/nova-logo-Marquetti.jpg 643w, https:\/\/jornalfatosenoticias.com.br\/wp-content\/uploads\/2023\/03\/nova-logo-Marquetti-300x202.jpg 300w\" sizes=\"auto, (max-width: 345px) 100vw, 345px\" \/><\/figure><\/div>\n\n\n\n<p>Em sentido oposto, dois estados reduziram al\u00edquotas recentemente, revertendo de forma total ou parcial altas anteriores. Em Sergipe, onde a al\u00edquota do ICMS havia subido de 18% para 22% em mar\u00e7o de 2023, o percentual caiu para 19% no come\u00e7o deste m\u00eas. No Rio Grande do Norte, a al\u00edquota passou de 18% para 20% em abril do ano passado, e voltou ao \u00edndice original na virada do ano.<\/p>\n\n\n\n<div class=\"wp-block-image\"><figure class=\"aligncenter size-large is-resized\"><img loading=\"lazy\" decoding=\"async\" src=\"https:\/\/jornalfatosenoticias.com.br\/wp-content\/uploads\/2023\/08\/BKR-1024x1021.jpg\" alt=\"\" class=\"wp-image-44494\" width=\"337\" height=\"336\" srcset=\"https:\/\/jornalfatosenoticias.com.br\/wp-content\/uploads\/2023\/08\/BKR-1024x1021.jpg 1024w, https:\/\/jornalfatosenoticias.com.br\/wp-content\/uploads\/2023\/08\/BKR-300x300.jpg 300w, https:\/\/jornalfatosenoticias.com.br\/wp-content\/uploads\/2023\/08\/BKR-150x150.jpg 150w, https:\/\/jornalfatosenoticias.com.br\/wp-content\/uploads\/2023\/08\/BKR-768x766.jpg 768w, https:\/\/jornalfatosenoticias.com.br\/wp-content\/uploads\/2023\/08\/BKR.jpg 1080w\" sizes=\"auto, (max-width: 337px) 100vw, 337px\" \/><\/figure><\/div>\n\n\n\n<p><strong><span class=\"has-inline-color has-black-color\">Estados elevam ICMS pelo terceiro ano seguido<br><\/span><\/strong>Este \u00e9 o terceiro ano consecutivo em que as unidades da federa\u00e7\u00e3o reveem as al\u00edquotas do ICMS. Em 2022, as discuss\u00f5es e a majora\u00e7\u00e3o foram impulsionadas pelas leis complementares (LCs) 192 e 194, que reduziram o imposto sobre os combust\u00edveis e energia, que est\u00e3o entre as principais fontes de arrecada\u00e7\u00e3o. Na ocasi\u00e3o, governadores e secret\u00e1rios da Fazenda alegaram que as receitas estaduais poderiam diminuir. Em resposta, 12 unidades da federa\u00e7\u00e3o elevaram as al\u00edquotas gerais do ICMS.<\/p>\n\n\n\n<div class=\"wp-block-image\"><figure class=\"aligncenter size-large\"><img decoding=\"async\" src=\"https:\/\/jornalfatosenoticias.com.br\/wp-content\/uploads\/2020\/02\/barao-das-carnes-300x164-1.jpg\" alt=\"\" class=\"wp-image-34339\"\/><\/figure><\/div>\n\n\n\n<p>No ano passado, a principal preocupa\u00e7\u00e3o era com a distribui\u00e7\u00e3o do novo Imposto de Bens e Servi\u00e7os (IBS), que substituir\u00e1 o ICMS estadual e o ISS municipal, em definitivo, a partir de 2033. A vota\u00e7\u00e3o da reforma tribut\u00e1ria na C\u00e2mara definiu que a distribui\u00e7\u00e3o dos recursos do IBS seria feita com base na propor\u00e7\u00e3o m\u00e9dia da arrecada\u00e7\u00e3o do ICMS entre 2024 e 2028 nas unidades da federa\u00e7\u00e3o.<\/p>\n\n\n\n<div class=\"wp-block-image\"><figure class=\"aligncenter size-large\"><img decoding=\"async\" src=\"https:\/\/jornalfatosenoticias.com.br\/wp-content\/uploads\/2020\/02\/logo_esteio.jpg\" alt=\"\" class=\"wp-image-1214\"\/><\/figure><\/div>\n\n\n\n<blockquote class=\"wp-block-quote is-layout-flow wp-block-quote-is-layout-flow\"><p><span class=\"has-inline-color has-luminous-vivid-orange-color\">Eles [as unidades da federa\u00e7\u00e3o] correram para aumentar sua fatia no bolo. Os estados estavam de olho no que os vizinhos faziam\u201d, diz Tonegutti.<\/span><\/p><\/blockquote>\n\n\n\n<div class=\"wp-block-image\"><figure class=\"aligncenter size-large is-resized\"><img loading=\"lazy\" decoding=\"async\" src=\"https:\/\/jornalfatosenoticias.com.br\/wp-content\/uploads\/2023\/09\/vetorvix1024_1.jpg\" alt=\"\" class=\"wp-image-44868\" width=\"591\" height=\"157\" srcset=\"https:\/\/jornalfatosenoticias.com.br\/wp-content\/uploads\/2023\/09\/vetorvix1024_1.jpg 1024w, https:\/\/jornalfatosenoticias.com.br\/wp-content\/uploads\/2023\/09\/vetorvix1024_1-300x80.jpg 300w, https:\/\/jornalfatosenoticias.com.br\/wp-content\/uploads\/2023\/09\/vetorvix1024_1-768x205.jpg 768w\" sizes=\"auto, (max-width: 591px) 100vw, 591px\" \/><\/figure><\/div>\n\n\n\n<p>Outra justificativa dos estados e do Distrito Federal, para rever as al\u00edquotas do ICMS em 2023 foi a necessidade de recompor os cofres p\u00fablicos.<\/p>\n\n\n\n<p><strong><em>Fonte: <a href=\"https:\/\/www.gazetadopovo.com.br\/economia\/icms-alta-estados-pressao-precos-alimentos\/\">Gazeta do Povo<\/a><\/em><\/strong><\/p>\n","protected":false},"excerpt":{"rendered":"<p>Aumentos do ICMS pressionam pre\u00e7os de alimentos Por Vandr\u00e9 Kramer Alimentos e bebidas est\u00e3o entre os itens que mais pressionaram a infla\u00e7\u00e3o no primeiro trimestre, de acordo com o Instituto Brasileiro de Geografia e Estat\u00edstica (IBGE). O grupo teve a segunda maior alta entre os pesquisados: 2,88%, pouco mais do que o dobro da infla\u00e7\u00e3o [&hellip;]<\/p>\n","protected":false},"author":2,"featured_media":50819,"comment_status":"open","ping_status":"open","sticky":false,"template":"","format":"standard","meta":{"footnotes":""},"categories":[9],"tags":[70,597,16252,1013,3537,8257,4182,1202,4046,8611,19463],"class_list":["post-50818","post","type-post","status-publish","format-standard","has-post-thumbnail","hentry","category-economia","tag-alimentos","tag-brasil","tag-combustiveis","tag-consumo","tag-governadores","tag-impostos","tag-inflacao","tag-pobreza","tag-reforma-tributaria","tag-tributacao","tag-varejo"],"yoast_head":"<!-- This site is optimized with the Yoast SEO plugin v26.5 - https:\/\/yoast.com\/wordpress\/plugins\/seo\/ -->\n<title>Com problemas de caixa, estados sobem ICMS e pressionam ainda mais a infla\u00e7\u00e3o - Jornal Fatos e Not\u00edcias<\/title>\n<meta name=\"robots\" content=\"index, follow, max-snippet:-1, max-image-preview:large, max-video-preview:-1\" \/>\n<link rel=\"canonical\" href=\"https:\/\/jornalfatosenoticias.com.br\/index.php\/2024\/04\/24\/com-problemas-de-caixa-estados-sobem-icms-e-pressionam-ainda-mais-a-inflacao\/\" \/>\n<meta property=\"og:locale\" content=\"pt_BR\" \/>\n<meta property=\"og:type\" content=\"article\" \/>\n<meta property=\"og:title\" content=\"Com problemas de caixa, estados sobem ICMS e pressionam ainda mais a infla\u00e7\u00e3o - Jornal Fatos e Not\u00edcias\" \/>\n<meta property=\"og:description\" content=\"Aumentos do ICMS pressionam pre\u00e7os de alimentos Por Vandr\u00e9 Kramer Alimentos e bebidas est\u00e3o entre os itens que mais pressionaram a infla\u00e7\u00e3o no primeiro trimestre, de acordo com o Instituto Brasileiro de Geografia e Estat\u00edstica (IBGE). O grupo teve a segunda maior alta entre os pesquisados: 2,88%, pouco mais do que o dobro da infla\u00e7\u00e3o [&hellip;]\" \/>\n<meta property=\"og:url\" content=\"https:\/\/jornalfatosenoticias.com.br\/index.php\/2024\/04\/24\/com-problemas-de-caixa-estados-sobem-icms-e-pressionam-ainda-mais-a-inflacao\/\" \/>\n<meta property=\"og:site_name\" content=\"Jornal Fatos e Not\u00edcias\" \/>\n<meta property=\"article:published_time\" content=\"2024-04-24T14:02:28+00:00\" \/>\n<meta property=\"article:modified_time\" content=\"2024-04-24T14:02:30+00:00\" \/>\n<meta property=\"og:image\" content=\"https:\/\/jornalfatosenoticias.com.br\/wp-content\/uploads\/2024\/04\/inflacao_gettyimages.jpg\" \/>\n\t<meta property=\"og:image:width\" content=\"612\" \/>\n\t<meta property=\"og:image:height\" content=\"408\" \/>\n\t<meta property=\"og:image:type\" content=\"image\/jpeg\" \/>\n<meta name=\"author\" content=\"Luzimara Fernandes\" \/>\n<meta name=\"twitter:card\" content=\"summary_large_image\" \/>\n<meta name=\"twitter:label1\" content=\"Escrito por\" \/>\n\t<meta name=\"twitter:data1\" content=\"Luzimara Fernandes\" \/>\n\t<meta name=\"twitter:label2\" content=\"Est. tempo de leitura\" \/>\n\t<meta name=\"twitter:data2\" content=\"4 minutos\" \/>\n<script type=\"application\/ld+json\" class=\"yoast-schema-graph\">{\"@context\":\"https:\/\/schema.org\",\"@graph\":[{\"@type\":\"Article\",\"@id\":\"https:\/\/jornalfatosenoticias.com.br\/index.php\/2024\/04\/24\/com-problemas-de-caixa-estados-sobem-icms-e-pressionam-ainda-mais-a-inflacao\/#article\",\"isPartOf\":{\"@id\":\"https:\/\/jornalfatosenoticias.com.br\/index.php\/2024\/04\/24\/com-problemas-de-caixa-estados-sobem-icms-e-pressionam-ainda-mais-a-inflacao\/\"},\"author\":{\"name\":\"Luzimara Fernandes\",\"@id\":\"https:\/\/jornalfatosenoticias.com.br\/#\/schema\/person\/d63837fa13ac8666eb9e74e0985d6f81\"},\"headline\":\"Com problemas de caixa, estados sobem ICMS e pressionam ainda mais a infla\u00e7\u00e3o\",\"datePublished\":\"2024-04-24T14:02:28+00:00\",\"dateModified\":\"2024-04-24T14:02:30+00:00\",\"mainEntityOfPage\":{\"@id\":\"https:\/\/jornalfatosenoticias.com.br\/index.php\/2024\/04\/24\/com-problemas-de-caixa-estados-sobem-icms-e-pressionam-ainda-mais-a-inflacao\/\"},\"wordCount\":840,\"commentCount\":0,\"publisher\":{\"@id\":\"https:\/\/jornalfatosenoticias.com.br\/#organization\"},\"image\":{\"@id\":\"https:\/\/jornalfatosenoticias.com.br\/index.php\/2024\/04\/24\/com-problemas-de-caixa-estados-sobem-icms-e-pressionam-ainda-mais-a-inflacao\/#primaryimage\"},\"thumbnailUrl\":\"https:\/\/jornalfatosenoticias.com.br\/wp-content\/uploads\/2024\/04\/inflacao_gettyimages.jpg\",\"keywords\":[\"alimentos\",\"Brasil\",\"Combust\u00edveis\",\"consumo\",\"governadores\",\"impostos\",\"infla\u00e7\u00e3o\",\"pobreza\",\"Reforma Tribut\u00e1ria\",\"tributa\u00e7\u00e3o\",\"varejo\"],\"articleSection\":[\"Economia\"],\"inLanguage\":\"pt-BR\",\"potentialAction\":[{\"@type\":\"CommentAction\",\"name\":\"Comment\",\"target\":[\"https:\/\/jornalfatosenoticias.com.br\/index.php\/2024\/04\/24\/com-problemas-de-caixa-estados-sobem-icms-e-pressionam-ainda-mais-a-inflacao\/#respond\"]}]},{\"@type\":\"WebPage\",\"@id\":\"https:\/\/jornalfatosenoticias.com.br\/index.php\/2024\/04\/24\/com-problemas-de-caixa-estados-sobem-icms-e-pressionam-ainda-mais-a-inflacao\/\",\"url\":\"https:\/\/jornalfatosenoticias.com.br\/index.php\/2024\/04\/24\/com-problemas-de-caixa-estados-sobem-icms-e-pressionam-ainda-mais-a-inflacao\/\",\"name\":\"Com problemas de caixa, estados sobem ICMS e pressionam ainda mais a infla\u00e7\u00e3o - Jornal Fatos e Not\u00edcias\",\"isPartOf\":{\"@id\":\"https:\/\/jornalfatosenoticias.com.br\/#website\"},\"primaryImageOfPage\":{\"@id\":\"https:\/\/jornalfatosenoticias.com.br\/index.php\/2024\/04\/24\/com-problemas-de-caixa-estados-sobem-icms-e-pressionam-ainda-mais-a-inflacao\/#primaryimage\"},\"image\":{\"@id\":\"https:\/\/jornalfatosenoticias.com.br\/index.php\/2024\/04\/24\/com-problemas-de-caixa-estados-sobem-icms-e-pressionam-ainda-mais-a-inflacao\/#primaryimage\"},\"thumbnailUrl\":\"https:\/\/jornalfatosenoticias.com.br\/wp-content\/uploads\/2024\/04\/inflacao_gettyimages.jpg\",\"datePublished\":\"2024-04-24T14:02:28+00:00\",\"dateModified\":\"2024-04-24T14:02:30+00:00\",\"breadcrumb\":{\"@id\":\"https:\/\/jornalfatosenoticias.com.br\/index.php\/2024\/04\/24\/com-problemas-de-caixa-estados-sobem-icms-e-pressionam-ainda-mais-a-inflacao\/#breadcrumb\"},\"inLanguage\":\"pt-BR\",\"potentialAction\":[{\"@type\":\"ReadAction\",\"target\":[\"https:\/\/jornalfatosenoticias.com.br\/index.php\/2024\/04\/24\/com-problemas-de-caixa-estados-sobem-icms-e-pressionam-ainda-mais-a-inflacao\/\"]}]},{\"@type\":\"ImageObject\",\"inLanguage\":\"pt-BR\",\"@id\":\"https:\/\/jornalfatosenoticias.com.br\/index.php\/2024\/04\/24\/com-problemas-de-caixa-estados-sobem-icms-e-pressionam-ainda-mais-a-inflacao\/#primaryimage\",\"url\":\"https:\/\/jornalfatosenoticias.com.br\/wp-content\/uploads\/2024\/04\/inflacao_gettyimages.jpg\",\"contentUrl\":\"https:\/\/jornalfatosenoticias.com.br\/wp-content\/uploads\/2024\/04\/inflacao_gettyimages.jpg\",\"width\":612,\"height\":408,\"caption\":\"30 August 2023, Lower Saxony, Hanover: ILLUSTRATION - A shopping cart filled with groceries is pushed through a supermarket (posed scene, long shutter speed shot). The Federal Statistical Office announces the inflation rate for August 2023 on August 30. Photo: Julian Stratenschulte\/dpa (Photo by Julian Stratenschulte\/picture alliance via Getty Images)\"},{\"@type\":\"BreadcrumbList\",\"@id\":\"https:\/\/jornalfatosenoticias.com.br\/index.php\/2024\/04\/24\/com-problemas-de-caixa-estados-sobem-icms-e-pressionam-ainda-mais-a-inflacao\/#breadcrumb\",\"itemListElement\":[{\"@type\":\"ListItem\",\"position\":1,\"name\":\"In\u00edcio\",\"item\":\"https:\/\/jornalfatosenoticias.com.br\/\"},{\"@type\":\"ListItem\",\"position\":2,\"name\":\"Com problemas de caixa, estados sobem ICMS e pressionam ainda mais a infla\u00e7\u00e3o\"}]},{\"@type\":\"WebSite\",\"@id\":\"https:\/\/jornalfatosenoticias.com.br\/#website\",\"url\":\"https:\/\/jornalfatosenoticias.com.br\/\",\"name\":\"Jornal Fatos e Not\u00edcias\",\"description\":\"Not\u00edcias em geral\",\"publisher\":{\"@id\":\"https:\/\/jornalfatosenoticias.com.br\/#organization\"},\"potentialAction\":[{\"@type\":\"SearchAction\",\"target\":{\"@type\":\"EntryPoint\",\"urlTemplate\":\"https:\/\/jornalfatosenoticias.com.br\/?s={search_term_string}\"},\"query-input\":{\"@type\":\"PropertyValueSpecification\",\"valueRequired\":true,\"valueName\":\"search_term_string\"}}],\"inLanguage\":\"pt-BR\"},{\"@type\":\"Organization\",\"@id\":\"https:\/\/jornalfatosenoticias.com.br\/#organization\",\"name\":\"Jornal Fatos e Not\u00edcias\",\"url\":\"https:\/\/jornalfatosenoticias.com.br\/\",\"logo\":{\"@type\":\"ImageObject\",\"inLanguage\":\"pt-BR\",\"@id\":\"https:\/\/jornalfatosenoticias.com.br\/#\/schema\/logo\/image\/\",\"url\":\"https:\/\/jornalfatosenoticias.com.br\/wp-content\/uploads\/2020\/02\/logo120.png\",\"contentUrl\":\"https:\/\/jornalfatosenoticias.com.br\/wp-content\/uploads\/2020\/02\/logo120.png\",\"width\":1227,\"height\":120,\"caption\":\"Jornal Fatos e Not\u00edcias\"},\"image\":{\"@id\":\"https:\/\/jornalfatosenoticias.com.br\/#\/schema\/logo\/image\/\"}},{\"@type\":\"Person\",\"@id\":\"https:\/\/jornalfatosenoticias.com.br\/#\/schema\/person\/d63837fa13ac8666eb9e74e0985d6f81\",\"name\":\"Luzimara Fernandes\",\"image\":{\"@type\":\"ImageObject\",\"inLanguage\":\"pt-BR\",\"@id\":\"https:\/\/jornalfatosenoticias.com.br\/#\/schema\/person\/image\/\",\"url\":\"https:\/\/jornalfatosenoticias.com.br\/wp-content\/uploads\/2025\/05\/EU_portal.jpg\",\"contentUrl\":\"https:\/\/jornalfatosenoticias.com.br\/wp-content\/uploads\/2025\/05\/EU_portal.jpg\",\"caption\":\"Luzimara Fernandes\"},\"description\":\"Jornalista MTB 2358-ES\",\"sameAs\":[\"https:\/\/jornalfatosenoticias.com.br\"],\"url\":\"https:\/\/jornalfatosenoticias.com.br\/index.php\/author\/luzimara\/\"}]}<\/script>\n<!-- \/ Yoast SEO plugin. -->","yoast_head_json":{"title":"Com problemas de caixa, estados sobem ICMS e pressionam ainda mais a infla\u00e7\u00e3o - Jornal Fatos e Not\u00edcias","robots":{"index":"index","follow":"follow","max-snippet":"max-snippet:-1","max-image-preview":"max-image-preview:large","max-video-preview":"max-video-preview:-1"},"canonical":"https:\/\/jornalfatosenoticias.com.br\/index.php\/2024\/04\/24\/com-problemas-de-caixa-estados-sobem-icms-e-pressionam-ainda-mais-a-inflacao\/","og_locale":"pt_BR","og_type":"article","og_title":"Com problemas de caixa, estados sobem ICMS e pressionam ainda mais a infla\u00e7\u00e3o - Jornal Fatos e Not\u00edcias","og_description":"Aumentos do ICMS pressionam pre\u00e7os de alimentos Por Vandr\u00e9 Kramer Alimentos e bebidas est\u00e3o entre os itens que mais pressionaram a infla\u00e7\u00e3o no primeiro trimestre, de acordo com o Instituto Brasileiro de Geografia e Estat\u00edstica (IBGE). O grupo teve a segunda maior alta entre os pesquisados: 2,88%, pouco mais do que o dobro da infla\u00e7\u00e3o [&hellip;]","og_url":"https:\/\/jornalfatosenoticias.com.br\/index.php\/2024\/04\/24\/com-problemas-de-caixa-estados-sobem-icms-e-pressionam-ainda-mais-a-inflacao\/","og_site_name":"Jornal Fatos e Not\u00edcias","article_published_time":"2024-04-24T14:02:28+00:00","article_modified_time":"2024-04-24T14:02:30+00:00","og_image":[{"width":612,"height":408,"url":"https:\/\/jornalfatosenoticias.com.br\/wp-content\/uploads\/2024\/04\/inflacao_gettyimages.jpg","type":"image\/jpeg"}],"author":"Luzimara Fernandes","twitter_card":"summary_large_image","twitter_misc":{"Escrito por":"Luzimara Fernandes","Est. tempo de leitura":"4 minutos"},"schema":{"@context":"https:\/\/schema.org","@graph":[{"@type":"Article","@id":"https:\/\/jornalfatosenoticias.com.br\/index.php\/2024\/04\/24\/com-problemas-de-caixa-estados-sobem-icms-e-pressionam-ainda-mais-a-inflacao\/#article","isPartOf":{"@id":"https:\/\/jornalfatosenoticias.com.br\/index.php\/2024\/04\/24\/com-problemas-de-caixa-estados-sobem-icms-e-pressionam-ainda-mais-a-inflacao\/"},"author":{"name":"Luzimara Fernandes","@id":"https:\/\/jornalfatosenoticias.com.br\/#\/schema\/person\/d63837fa13ac8666eb9e74e0985d6f81"},"headline":"Com problemas de caixa, estados sobem ICMS e pressionam ainda mais a infla\u00e7\u00e3o","datePublished":"2024-04-24T14:02:28+00:00","dateModified":"2024-04-24T14:02:30+00:00","mainEntityOfPage":{"@id":"https:\/\/jornalfatosenoticias.com.br\/index.php\/2024\/04\/24\/com-problemas-de-caixa-estados-sobem-icms-e-pressionam-ainda-mais-a-inflacao\/"},"wordCount":840,"commentCount":0,"publisher":{"@id":"https:\/\/jornalfatosenoticias.com.br\/#organization"},"image":{"@id":"https:\/\/jornalfatosenoticias.com.br\/index.php\/2024\/04\/24\/com-problemas-de-caixa-estados-sobem-icms-e-pressionam-ainda-mais-a-inflacao\/#primaryimage"},"thumbnailUrl":"https:\/\/jornalfatosenoticias.com.br\/wp-content\/uploads\/2024\/04\/inflacao_gettyimages.jpg","keywords":["alimentos","Brasil","Combust\u00edveis","consumo","governadores","impostos","infla\u00e7\u00e3o","pobreza","Reforma Tribut\u00e1ria","tributa\u00e7\u00e3o","varejo"],"articleSection":["Economia"],"inLanguage":"pt-BR","potentialAction":[{"@type":"CommentAction","name":"Comment","target":["https:\/\/jornalfatosenoticias.com.br\/index.php\/2024\/04\/24\/com-problemas-de-caixa-estados-sobem-icms-e-pressionam-ainda-mais-a-inflacao\/#respond"]}]},{"@type":"WebPage","@id":"https:\/\/jornalfatosenoticias.com.br\/index.php\/2024\/04\/24\/com-problemas-de-caixa-estados-sobem-icms-e-pressionam-ainda-mais-a-inflacao\/","url":"https:\/\/jornalfatosenoticias.com.br\/index.php\/2024\/04\/24\/com-problemas-de-caixa-estados-sobem-icms-e-pressionam-ainda-mais-a-inflacao\/","name":"Com problemas de caixa, estados sobem ICMS e pressionam ainda mais a infla\u00e7\u00e3o - Jornal Fatos e Not\u00edcias","isPartOf":{"@id":"https:\/\/jornalfatosenoticias.com.br\/#website"},"primaryImageOfPage":{"@id":"https:\/\/jornalfatosenoticias.com.br\/index.php\/2024\/04\/24\/com-problemas-de-caixa-estados-sobem-icms-e-pressionam-ainda-mais-a-inflacao\/#primaryimage"},"image":{"@id":"https:\/\/jornalfatosenoticias.com.br\/index.php\/2024\/04\/24\/com-problemas-de-caixa-estados-sobem-icms-e-pressionam-ainda-mais-a-inflacao\/#primaryimage"},"thumbnailUrl":"https:\/\/jornalfatosenoticias.com.br\/wp-content\/uploads\/2024\/04\/inflacao_gettyimages.jpg","datePublished":"2024-04-24T14:02:28+00:00","dateModified":"2024-04-24T14:02:30+00:00","breadcrumb":{"@id":"https:\/\/jornalfatosenoticias.com.br\/index.php\/2024\/04\/24\/com-problemas-de-caixa-estados-sobem-icms-e-pressionam-ainda-mais-a-inflacao\/#breadcrumb"},"inLanguage":"pt-BR","potentialAction":[{"@type":"ReadAction","target":["https:\/\/jornalfatosenoticias.com.br\/index.php\/2024\/04\/24\/com-problemas-de-caixa-estados-sobem-icms-e-pressionam-ainda-mais-a-inflacao\/"]}]},{"@type":"ImageObject","inLanguage":"pt-BR","@id":"https:\/\/jornalfatosenoticias.com.br\/index.php\/2024\/04\/24\/com-problemas-de-caixa-estados-sobem-icms-e-pressionam-ainda-mais-a-inflacao\/#primaryimage","url":"https:\/\/jornalfatosenoticias.com.br\/wp-content\/uploads\/2024\/04\/inflacao_gettyimages.jpg","contentUrl":"https:\/\/jornalfatosenoticias.com.br\/wp-content\/uploads\/2024\/04\/inflacao_gettyimages.jpg","width":612,"height":408,"caption":"30 August 2023, Lower Saxony, Hanover: ILLUSTRATION - A shopping cart filled with groceries is pushed through a supermarket (posed scene, long shutter speed shot). The Federal Statistical Office announces the inflation rate for August 2023 on August 30. Photo: Julian Stratenschulte\/dpa (Photo by Julian Stratenschulte\/picture alliance via Getty Images)"},{"@type":"BreadcrumbList","@id":"https:\/\/jornalfatosenoticias.com.br\/index.php\/2024\/04\/24\/com-problemas-de-caixa-estados-sobem-icms-e-pressionam-ainda-mais-a-inflacao\/#breadcrumb","itemListElement":[{"@type":"ListItem","position":1,"name":"In\u00edcio","item":"https:\/\/jornalfatosenoticias.com.br\/"},{"@type":"ListItem","position":2,"name":"Com problemas de caixa, estados sobem ICMS e pressionam ainda mais a infla\u00e7\u00e3o"}]},{"@type":"WebSite","@id":"https:\/\/jornalfatosenoticias.com.br\/#website","url":"https:\/\/jornalfatosenoticias.com.br\/","name":"Jornal Fatos e Not\u00edcias","description":"Not\u00edcias em geral","publisher":{"@id":"https:\/\/jornalfatosenoticias.com.br\/#organization"},"potentialAction":[{"@type":"SearchAction","target":{"@type":"EntryPoint","urlTemplate":"https:\/\/jornalfatosenoticias.com.br\/?s={search_term_string}"},"query-input":{"@type":"PropertyValueSpecification","valueRequired":true,"valueName":"search_term_string"}}],"inLanguage":"pt-BR"},{"@type":"Organization","@id":"https:\/\/jornalfatosenoticias.com.br\/#organization","name":"Jornal Fatos e Not\u00edcias","url":"https:\/\/jornalfatosenoticias.com.br\/","logo":{"@type":"ImageObject","inLanguage":"pt-BR","@id":"https:\/\/jornalfatosenoticias.com.br\/#\/schema\/logo\/image\/","url":"https:\/\/jornalfatosenoticias.com.br\/wp-content\/uploads\/2020\/02\/logo120.png","contentUrl":"https:\/\/jornalfatosenoticias.com.br\/wp-content\/uploads\/2020\/02\/logo120.png","width":1227,"height":120,"caption":"Jornal Fatos e Not\u00edcias"},"image":{"@id":"https:\/\/jornalfatosenoticias.com.br\/#\/schema\/logo\/image\/"}},{"@type":"Person","@id":"https:\/\/jornalfatosenoticias.com.br\/#\/schema\/person\/d63837fa13ac8666eb9e74e0985d6f81","name":"Luzimara Fernandes","image":{"@type":"ImageObject","inLanguage":"pt-BR","@id":"https:\/\/jornalfatosenoticias.com.br\/#\/schema\/person\/image\/","url":"https:\/\/jornalfatosenoticias.com.br\/wp-content\/uploads\/2025\/05\/EU_portal.jpg","contentUrl":"https:\/\/jornalfatosenoticias.com.br\/wp-content\/uploads\/2025\/05\/EU_portal.jpg","caption":"Luzimara Fernandes"},"description":"Jornalista MTB 2358-ES","sameAs":["https:\/\/jornalfatosenoticias.com.br"],"url":"https:\/\/jornalfatosenoticias.com.br\/index.php\/author\/luzimara\/"}]}},"cc_featured_image_caption":{"caption_text":"(Foto: Getty Images)","source_text":"","source_url":""},"jetpack_featured_media_url":"https:\/\/jornalfatosenoticias.com.br\/wp-content\/uploads\/2024\/04\/inflacao_gettyimages.jpg","_links":{"self":[{"href":"https:\/\/jornalfatosenoticias.com.br\/index.php\/wp-json\/wp\/v2\/posts\/50818","targetHints":{"allow":["GET"]}}],"collection":[{"href":"https:\/\/jornalfatosenoticias.com.br\/index.php\/wp-json\/wp\/v2\/posts"}],"about":[{"href":"https:\/\/jornalfatosenoticias.com.br\/index.php\/wp-json\/wp\/v2\/types\/post"}],"author":[{"embeddable":true,"href":"https:\/\/jornalfatosenoticias.com.br\/index.php\/wp-json\/wp\/v2\/users\/2"}],"replies":[{"embeddable":true,"href":"https:\/\/jornalfatosenoticias.com.br\/index.php\/wp-json\/wp\/v2\/comments?post=50818"}],"version-history":[{"count":0,"href":"https:\/\/jornalfatosenoticias.com.br\/index.php\/wp-json\/wp\/v2\/posts\/50818\/revisions"}],"wp:featuredmedia":[{"embeddable":true,"href":"https:\/\/jornalfatosenoticias.com.br\/index.php\/wp-json\/wp\/v2\/media\/50819"}],"wp:attachment":[{"href":"https:\/\/jornalfatosenoticias.com.br\/index.php\/wp-json\/wp\/v2\/media?parent=50818"}],"wp:term":[{"taxonomy":"category","embeddable":true,"href":"https:\/\/jornalfatosenoticias.com.br\/index.php\/wp-json\/wp\/v2\/categories?post=50818"},{"taxonomy":"post_tag","embeddable":true,"href":"https:\/\/jornalfatosenoticias.com.br\/index.php\/wp-json\/wp\/v2\/tags?post=50818"}],"curies":[{"name":"wp","href":"https:\/\/api.w.org\/{rel}","templated":true}]}}