{"id":50828,"date":"2024-04-25T13:02:18","date_gmt":"2024-04-25T16:02:18","guid":{"rendered":"https:\/\/jornalfatosenoticias.com.br\/?p=50828"},"modified":"2024-04-25T13:02:19","modified_gmt":"2024-04-25T16:02:19","slug":"somos-contra-o-aborto","status":"publish","type":"post","link":"https:\/\/jornalfatosenoticias.com.br\/index.php\/2024\/04\/25\/somos-contra-o-aborto\/","title":{"rendered":"Somos contra o aborto"},"content":{"rendered":"\n<p><span class=\"has-inline-color has-black-color\">Por <strong>Glauciane Teixeira e toda a equipe da CitizenGO<\/strong><\/span><\/p>\n\n\n\n<div class=\"wp-block-image\"><figure class=\"aligncenter size-large is-resized\"><img loading=\"lazy\" decoding=\"async\" src=\"https:\/\/jornalfatosenoticias.com.br\/wp-content\/uploads\/2023\/09\/vetorvix1024_1.jpg\" alt=\"\" class=\"wp-image-44868\" width=\"520\" height=\"138\" srcset=\"https:\/\/jornalfatosenoticias.com.br\/wp-content\/uploads\/2023\/09\/vetorvix1024_1.jpg 1024w, https:\/\/jornalfatosenoticias.com.br\/wp-content\/uploads\/2023\/09\/vetorvix1024_1-300x80.jpg 300w, https:\/\/jornalfatosenoticias.com.br\/wp-content\/uploads\/2023\/09\/vetorvix1024_1-768x205.jpg 768w\" sizes=\"auto, (max-width: 520px) 100vw, 520px\" \/><\/figure><\/div>\n\n\n\n<p><strong><span class=\"has-inline-color has-black-color\">Voc\u00ea sabia que beb\u00eas s\u00e3o mortos sob tortura no Brasil?<br><\/span><\/strong>For\u00e7as sinistras, como o partido de esquerda radical PSOL, est\u00e3o tentando derrubar uma resolu\u00e7\u00e3o que pro\u00edbe a assistolia fetal (morte no ventre materno induzida, ap\u00f3s 22 semanas) e isso vai contra a opini\u00e3o da maioria brasileira e a \u00e9tica m\u00e9dica.<br>Eles est\u00e3o usando os tribunais para descartar a resolu\u00e7\u00e3o do Conselho Federal de Medicina (CFM) e nossa miss\u00e3o \u00e9 apoiar o CFM e inspirar a C\u00e2mara dos deputados a defenderem o direito \u00e0 vida. N\u00e3o se trata apenas de uma lei ou resolu\u00e7\u00e3o. Trata-se de defender a vida, a \u00e9tica m\u00e9dica e a democracia. Trata-se de enviar uma mensagem de que valorizamos os nascituros.<br>E o que acontece se n\u00e3o agirmos? As portas se abrem para a legaliza\u00e7\u00e3o do aborto. Mas se nos unirmos, abriremos novos caminhos para promover leis que afirmem a vida. O Conselho Federal de Medicina (CFM) emitiu uma resolu\u00e7\u00e3o em abril para proteger vidas n\u00e3o nascidas, proibindo a assistolia fetal ap\u00f3s as 22 semanas.<\/p>\n\n\n\n<div class=\"wp-block-image\"><figure class=\"aligncenter size-large\"><img decoding=\"async\" src=\"https:\/\/jornalfatosenoticias.com.br\/wp-content\/uploads\/2020\/02\/logo_esteio.jpg\" alt=\"\" class=\"wp-image-1214\"\/><\/figure><\/div>\n\n\n\n<blockquote class=\"wp-block-quote is-layout-flow wp-block-quote-is-layout-flow\"><p><span class=\"has-inline-color has-luminous-vivid-orange-color\">\u00c9 vedada ao m\u00e9dico a realiza\u00e7\u00e3o do procedimento de assistolia fetal, ato m\u00e9dico que ocasiona o fetic\u00eddio, previamente aos procedimentos de interrup\u00e7\u00e3o da gravidez nos casos de aborto previsto em lei, ou seja, feto oriundo de estupro, quando houver probabilidade de sobrevida do feto em idade gestacional acima de 22 semanas\u201d.<\/span><\/p><\/blockquote>\n\n\n\n<div class=\"wp-block-image\"><figure class=\"aligncenter size-large is-resized\"><img loading=\"lazy\" decoding=\"async\" src=\"https:\/\/jornalfatosenoticias.com.br\/wp-content\/uploads\/2024\/01\/consultoria-ambiental.jpg\" alt=\"\" class=\"wp-image-48314\" width=\"346\" height=\"313\" srcset=\"https:\/\/jornalfatosenoticias.com.br\/wp-content\/uploads\/2024\/01\/consultoria-ambiental.jpg 832w, https:\/\/jornalfatosenoticias.com.br\/wp-content\/uploads\/2024\/01\/consultoria-ambiental-300x272.jpg 300w, https:\/\/jornalfatosenoticias.com.br\/wp-content\/uploads\/2024\/01\/consultoria-ambiental-768x696.jpg 768w\" sizes=\"auto, (max-width: 346px) 100vw, 346px\" \/><\/figure><\/div>\n\n\n\n<p>Isso mesmo! No entanto, como o partido radical de esquerda PSOL, querem derrubar a resolu\u00e7\u00e3o por meio do judici\u00e1rio. Esse movimento desconsidera a maioria dos brasileiros que valorizam a vida e s\u00e3o contra o aborto. O CFM sitiado precisa de nosso apoio, instando o Presidente do Senado, Rodrigo Pacheco, e o Presidente da C\u00e2mara, Arthur Lira, a defenderem o direito \u00e0 vida e manterem essa resolu\u00e7\u00e3o intacta, impedindo que o STF atue sobre um tema que n\u00e3o \u00e9 de sua compet\u00eancia.<\/p>\n\n\n\n<div class=\"wp-block-image\"><figure class=\"aligncenter size-large is-resized\"><img loading=\"lazy\" decoding=\"async\" src=\"https:\/\/jornalfatosenoticias.com.br\/wp-content\/uploads\/2023\/12\/pegoretti-logo-pdf-1024x389.jpg\" alt=\"\" class=\"wp-image-47536\" width=\"480\" height=\"182\" srcset=\"https:\/\/jornalfatosenoticias.com.br\/wp-content\/uploads\/2023\/12\/pegoretti-logo-pdf-1024x389.jpg 1024w, https:\/\/jornalfatosenoticias.com.br\/wp-content\/uploads\/2023\/12\/pegoretti-logo-pdf-300x114.jpg 300w, https:\/\/jornalfatosenoticias.com.br\/wp-content\/uploads\/2023\/12\/pegoretti-logo-pdf-768x291.jpg 768w, https:\/\/jornalfatosenoticias.com.br\/wp-content\/uploads\/2023\/12\/pegoretti-logo-pdf.jpg 1120w\" sizes=\"auto, (max-width: 480px) 100vw, 480px\" \/><\/figure><\/div>\n\n\n\n<h3 class=\"wp-block-heading\"><span class=\"has-inline-color has-black-color\">Por que isto \u00e9 urgente e precisamos agir agora?<\/span><\/h3>\n\n\n\n<p>\u2022 Para preservar o direito \u00e0 vida: O direito fundamental de todo ser humano, incluindo beb\u00eas n\u00e3o nascidos. Esse direito \u00e9 supremo e precisa de nossa prote\u00e7\u00e3o.<br>\u2022 \u00c9tica m\u00e9dica: A resolu\u00e7\u00e3o sobre assistolia \u00e9 baseada nos princ\u00edpios da \u00e9tica m\u00e9dica, priorizando o bem-estar e a vida dos pacientes. Como guardi\u00f5es da vida, os m\u00e9dicos n\u00e3o devem ser for\u00e7ados a se tornarem o contr\u00e1rio.<br>\u2022 Voz dos brasileiros: O cora\u00e7\u00e3o da democracia \u00e9 o pulsar do seu povo. H\u00e1 um forte sentimento contr\u00e1rio ao aborto entre os brasileiros, destacado por in\u00fameras pesquisas. A manuten\u00e7\u00e3o da resolu\u00e7\u00e3o do CFM est\u00e1 alinhada com seus valores.<br>\u2022 Cria\u00e7\u00e3o de precedente: Essa resolu\u00e7\u00e3o estabelece um par\u00e2metro para o futuro, mostrando nosso respeito pelas vidas n\u00e3o nascidas e enviando uma mensagem clara de que os direitos desses pequenos beb\u00eas valem a pena proteger.<br>\u2022 Ativismo Judicial: N\u00e3o vamos ignorar o que vivenciamos no Brasil. Aceitar o ativismo judicial \u00e9 minar a legitimidade democr\u00e1tica, pois os membros do judici\u00e1rio n\u00e3o s\u00e3o eleitos pelo povo.<\/p>\n\n\n\n<div class=\"wp-block-image\"><figure class=\"aligncenter size-large is-resized\"><img loading=\"lazy\" decoding=\"async\" src=\"https:\/\/jornalfatosenoticias.com.br\/wp-content\/uploads\/2023\/08\/ITH.jpeg\" alt=\"\" class=\"wp-image-44638\" width=\"382\" height=\"311\" srcset=\"https:\/\/jornalfatosenoticias.com.br\/wp-content\/uploads\/2023\/08\/ITH.jpeg 800w, https:\/\/jornalfatosenoticias.com.br\/wp-content\/uploads\/2023\/08\/ITH-300x244.jpeg 300w, https:\/\/jornalfatosenoticias.com.br\/wp-content\/uploads\/2023\/08\/ITH-768x624.jpeg 768w\" sizes=\"auto, (max-width: 382px) 100vw, 382px\" \/><\/figure><\/div>\n\n\n\n<p><strong><span class=\"has-inline-color has-black-color\">A tentativa de revogar a resolu\u00e7\u00e3o do CFM, por meio do judici\u00e1rio, reflete esse preocupante ativismo pol\u00edtico<br><\/span><\/strong>No congresso federal, nossos representantes, devem nos ouvir. N\u00f3s, o povo, j\u00e1 demonstramos nossa posi\u00e7\u00e3o pr\u00f3-vida antes, durante o processo ADPF 442 no Supremo Tribunal Federal. Se nos unirmos novamente, os corredores do Congresso ecoar\u00e3o nossas peti\u00e7\u00f5es, compelindo-os a agir.<br>Imaginem duas poss\u00edveis consequ\u00eancias. Se falharmos, as portas se abrir\u00e3o para a legaliza\u00e7\u00e3o do aborto, amea\u00e7ando vidas n\u00e3o nascidas e negligenciando os amplos desejos dos m\u00e9dicos e da sociedade brasileira.<\/p>\n\n\n\n<div class=\"wp-block-image\"><figure class=\"aligncenter size-large is-resized\"><img loading=\"lazy\" decoding=\"async\" src=\"https:\/\/jornalfatosenoticias.com.br\/wp-content\/uploads\/2023\/03\/nova-logo-Marquetti.jpg\" alt=\"\" class=\"wp-image-40207\" width=\"329\" height=\"221\" srcset=\"https:\/\/jornalfatosenoticias.com.br\/wp-content\/uploads\/2023\/03\/nova-logo-Marquetti.jpg 643w, https:\/\/jornalfatosenoticias.com.br\/wp-content\/uploads\/2023\/03\/nova-logo-Marquetti-300x202.jpg 300w\" sizes=\"auto, (max-width: 329px) 100vw, 329px\" \/><\/figure><\/div>\n\n\n\n<p><strong><span class=\"has-inline-color has-black-color\">Podemos suportar essa realidade?<br><\/span><\/strong>Mas se prevalecermos, reafirmamos o movimento pr\u00f3-vida no Brasil. Esse sucesso mostra a for\u00e7a de uma sociedade organizada, abrindo novos caminhos para promover leis que afirmam a vida no Congresso. Nossa voz coletiva realmente pode direcionar o curso de realidades fundamentais.<br>O rel\u00f3gio est\u00e1 correndo!<\/p>\n\n\n\n<div class=\"wp-block-image\"><figure class=\"aligncenter size-large\"><img decoding=\"async\" src=\"https:\/\/jornalfatosenoticias.com.br\/wp-content\/uploads\/2020\/02\/barao-das-carnes-300x164-1.jpg\" alt=\"\" class=\"wp-image-34339\"\/><\/figure><\/div>\n","protected":false},"excerpt":{"rendered":"<p>Por Glauciane Teixeira e toda a equipe da CitizenGO Voc\u00ea sabia que beb\u00eas s\u00e3o mortos sob tortura no Brasil?For\u00e7as sinistras, como o partido de esquerda radical PSOL, est\u00e3o tentando derrubar uma resolu\u00e7\u00e3o que pro\u00edbe a assistolia fetal (morte no ventre materno induzida, ap\u00f3s 22 semanas) e isso vai contra a opini\u00e3o da maioria brasileira e [&hellip;]<\/p>\n","protected":false},"author":3,"featured_media":50829,"comment_status":"open","ping_status":"open","sticky":false,"template":"","format":"standard","meta":{"footnotes":""},"categories":[5],"tags":[2353,23358,23360,23359],"class_list":["post-50828","post","type-post","status-publish","format-standard","has-post-thumbnail","hentry","category-geral","tag-aborto","tag-contra-o-aborto","tag-nascituros","tag-pro-vida"],"yoast_head":"<!-- This site is optimized with the Yoast SEO plugin v26.5 - https:\/\/yoast.com\/wordpress\/plugins\/seo\/ -->\n<title>Somos contra o aborto - Jornal Fatos e Not\u00edcias<\/title>\n<meta name=\"robots\" content=\"index, follow, max-snippet:-1, max-image-preview:large, max-video-preview:-1\" \/>\n<link rel=\"canonical\" href=\"https:\/\/jornalfatosenoticias.com.br\/index.php\/2024\/04\/25\/somos-contra-o-aborto\/\" \/>\n<meta property=\"og:locale\" content=\"pt_BR\" \/>\n<meta property=\"og:type\" content=\"article\" \/>\n<meta property=\"og:title\" content=\"Somos contra o aborto - Jornal Fatos e Not\u00edcias\" \/>\n<meta property=\"og:description\" content=\"Por Glauciane Teixeira e toda a equipe da CitizenGO Voc\u00ea sabia que beb\u00eas s\u00e3o mortos sob tortura no Brasil?For\u00e7as sinistras, como o partido de esquerda radical PSOL, est\u00e3o tentando derrubar uma resolu\u00e7\u00e3o que pro\u00edbe a assistolia fetal (morte no ventre materno induzida, ap\u00f3s 22 semanas) e isso vai contra a opini\u00e3o da maioria brasileira e [&hellip;]\" \/>\n<meta property=\"og:url\" content=\"https:\/\/jornalfatosenoticias.com.br\/index.php\/2024\/04\/25\/somos-contra-o-aborto\/\" \/>\n<meta property=\"og:site_name\" content=\"Jornal Fatos e Not\u00edcias\" \/>\n<meta property=\"article:published_time\" content=\"2024-04-25T16:02:18+00:00\" \/>\n<meta property=\"article:modified_time\" content=\"2024-04-25T16:02:19+00:00\" \/>\n<meta property=\"og:image\" content=\"https:\/\/jornalfatosenoticias.com.br\/wp-content\/uploads\/2024\/04\/aborto.jpg\" \/>\n\t<meta property=\"og:image:width\" content=\"1000\" \/>\n\t<meta property=\"og:image:height\" content=\"587\" \/>\n\t<meta property=\"og:image:type\" content=\"image\/jpeg\" \/>\n<meta name=\"author\" content=\"Haroldo Filho\" \/>\n<meta name=\"twitter:card\" content=\"summary_large_image\" \/>\n<meta name=\"twitter:label1\" content=\"Escrito por\" \/>\n\t<meta name=\"twitter:data1\" content=\"Haroldo Filho\" \/>\n\t<meta name=\"twitter:label2\" content=\"Est. tempo de leitura\" \/>\n\t<meta name=\"twitter:data2\" content=\"3 minutos\" \/>\n<script type=\"application\/ld+json\" class=\"yoast-schema-graph\">{\"@context\":\"https:\/\/schema.org\",\"@graph\":[{\"@type\":\"Article\",\"@id\":\"https:\/\/jornalfatosenoticias.com.br\/index.php\/2024\/04\/25\/somos-contra-o-aborto\/#article\",\"isPartOf\":{\"@id\":\"https:\/\/jornalfatosenoticias.com.br\/index.php\/2024\/04\/25\/somos-contra-o-aborto\/\"},\"author\":{\"name\":\"Haroldo Filho\",\"@id\":\"https:\/\/jornalfatosenoticias.com.br\/#\/schema\/person\/05c46cc25b42a5c27e004fb0fa6b4965\"},\"headline\":\"Somos contra o aborto\",\"datePublished\":\"2024-04-25T16:02:18+00:00\",\"dateModified\":\"2024-04-25T16:02:19+00:00\",\"mainEntityOfPage\":{\"@id\":\"https:\/\/jornalfatosenoticias.com.br\/index.php\/2024\/04\/25\/somos-contra-o-aborto\/\"},\"wordCount\":684,\"commentCount\":0,\"publisher\":{\"@id\":\"https:\/\/jornalfatosenoticias.com.br\/#organization\"},\"image\":{\"@id\":\"https:\/\/jornalfatosenoticias.com.br\/index.php\/2024\/04\/25\/somos-contra-o-aborto\/#primaryimage\"},\"thumbnailUrl\":\"https:\/\/jornalfatosenoticias.com.br\/wp-content\/uploads\/2024\/04\/aborto.jpg\",\"keywords\":[\"aborto\",\"contra o aborto\",\"nascituros\",\"pr\u00f3-vida\"],\"articleSection\":[\"Geral\"],\"inLanguage\":\"pt-BR\",\"potentialAction\":[{\"@type\":\"CommentAction\",\"name\":\"Comment\",\"target\":[\"https:\/\/jornalfatosenoticias.com.br\/index.php\/2024\/04\/25\/somos-contra-o-aborto\/#respond\"]}]},{\"@type\":\"WebPage\",\"@id\":\"https:\/\/jornalfatosenoticias.com.br\/index.php\/2024\/04\/25\/somos-contra-o-aborto\/\",\"url\":\"https:\/\/jornalfatosenoticias.com.br\/index.php\/2024\/04\/25\/somos-contra-o-aborto\/\",\"name\":\"Somos contra o aborto - Jornal Fatos e Not\u00edcias\",\"isPartOf\":{\"@id\":\"https:\/\/jornalfatosenoticias.com.br\/#website\"},\"primaryImageOfPage\":{\"@id\":\"https:\/\/jornalfatosenoticias.com.br\/index.php\/2024\/04\/25\/somos-contra-o-aborto\/#primaryimage\"},\"image\":{\"@id\":\"https:\/\/jornalfatosenoticias.com.br\/index.php\/2024\/04\/25\/somos-contra-o-aborto\/#primaryimage\"},\"thumbnailUrl\":\"https:\/\/jornalfatosenoticias.com.br\/wp-content\/uploads\/2024\/04\/aborto.jpg\",\"datePublished\":\"2024-04-25T16:02:18+00:00\",\"dateModified\":\"2024-04-25T16:02:19+00:00\",\"breadcrumb\":{\"@id\":\"https:\/\/jornalfatosenoticias.com.br\/index.php\/2024\/04\/25\/somos-contra-o-aborto\/#breadcrumb\"},\"inLanguage\":\"pt-BR\",\"potentialAction\":[{\"@type\":\"ReadAction\",\"target\":[\"https:\/\/jornalfatosenoticias.com.br\/index.php\/2024\/04\/25\/somos-contra-o-aborto\/\"]}]},{\"@type\":\"ImageObject\",\"inLanguage\":\"pt-BR\",\"@id\":\"https:\/\/jornalfatosenoticias.com.br\/index.php\/2024\/04\/25\/somos-contra-o-aborto\/#primaryimage\",\"url\":\"https:\/\/jornalfatosenoticias.com.br\/wp-content\/uploads\/2024\/04\/aborto.jpg\",\"contentUrl\":\"https:\/\/jornalfatosenoticias.com.br\/wp-content\/uploads\/2024\/04\/aborto.jpg\",\"width\":1000,\"height\":587},{\"@type\":\"BreadcrumbList\",\"@id\":\"https:\/\/jornalfatosenoticias.com.br\/index.php\/2024\/04\/25\/somos-contra-o-aborto\/#breadcrumb\",\"itemListElement\":[{\"@type\":\"ListItem\",\"position\":1,\"name\":\"In\u00edcio\",\"item\":\"https:\/\/jornalfatosenoticias.com.br\/\"},{\"@type\":\"ListItem\",\"position\":2,\"name\":\"Somos contra o aborto\"}]},{\"@type\":\"WebSite\",\"@id\":\"https:\/\/jornalfatosenoticias.com.br\/#website\",\"url\":\"https:\/\/jornalfatosenoticias.com.br\/\",\"name\":\"Jornal Fatos e Not\u00edcias\",\"description\":\"Not\u00edcias em geral\",\"publisher\":{\"@id\":\"https:\/\/jornalfatosenoticias.com.br\/#organization\"},\"potentialAction\":[{\"@type\":\"SearchAction\",\"target\":{\"@type\":\"EntryPoint\",\"urlTemplate\":\"https:\/\/jornalfatosenoticias.com.br\/?s={search_term_string}\"},\"query-input\":{\"@type\":\"PropertyValueSpecification\",\"valueRequired\":true,\"valueName\":\"search_term_string\"}}],\"inLanguage\":\"pt-BR\"},{\"@type\":\"Organization\",\"@id\":\"https:\/\/jornalfatosenoticias.com.br\/#organization\",\"name\":\"Jornal Fatos e Not\u00edcias\",\"url\":\"https:\/\/jornalfatosenoticias.com.br\/\",\"logo\":{\"@type\":\"ImageObject\",\"inLanguage\":\"pt-BR\",\"@id\":\"https:\/\/jornalfatosenoticias.com.br\/#\/schema\/logo\/image\/\",\"url\":\"https:\/\/jornalfatosenoticias.com.br\/wp-content\/uploads\/2020\/02\/logo120.png\",\"contentUrl\":\"https:\/\/jornalfatosenoticias.com.br\/wp-content\/uploads\/2020\/02\/logo120.png\",\"width\":1227,\"height\":120,\"caption\":\"Jornal Fatos e Not\u00edcias\"},\"image\":{\"@id\":\"https:\/\/jornalfatosenoticias.com.br\/#\/schema\/logo\/image\/\"}},{\"@type\":\"Person\",\"@id\":\"https:\/\/jornalfatosenoticias.com.br\/#\/schema\/person\/05c46cc25b42a5c27e004fb0fa6b4965\",\"name\":\"Haroldo Filho\",\"image\":{\"@type\":\"ImageObject\",\"inLanguage\":\"pt-BR\",\"@id\":\"https:\/\/jornalfatosenoticias.com.br\/#\/schema\/person\/image\/\",\"url\":\"https:\/\/jornalfatosenoticias.com.br\/wp-content\/uploads\/2025\/08\/WhatsApp-Image-2025-08-18-at-15.30.28-150x150.jpeg\",\"contentUrl\":\"https:\/\/jornalfatosenoticias.com.br\/wp-content\/uploads\/2025\/08\/WhatsApp-Image-2025-08-18-at-15.30.28-150x150.jpeg\",\"caption\":\"Haroldo Filho\"},\"description\":\"Jornalista \u2013 DRT: 0003818\/ES Coordenador-geral da ONG Educar para Crescer\",\"url\":\"https:\/\/jornalfatosenoticias.com.br\/index.php\/author\/haroldo\/\"}]}<\/script>\n<!-- \/ Yoast SEO plugin. -->","yoast_head_json":{"title":"Somos contra o aborto - Jornal Fatos e Not\u00edcias","robots":{"index":"index","follow":"follow","max-snippet":"max-snippet:-1","max-image-preview":"max-image-preview:large","max-video-preview":"max-video-preview:-1"},"canonical":"https:\/\/jornalfatosenoticias.com.br\/index.php\/2024\/04\/25\/somos-contra-o-aborto\/","og_locale":"pt_BR","og_type":"article","og_title":"Somos contra o aborto - Jornal Fatos e Not\u00edcias","og_description":"Por Glauciane Teixeira e toda a equipe da CitizenGO Voc\u00ea sabia que beb\u00eas s\u00e3o mortos sob tortura no Brasil?For\u00e7as sinistras, como o partido de esquerda radical PSOL, est\u00e3o tentando derrubar uma resolu\u00e7\u00e3o que pro\u00edbe a assistolia fetal (morte no ventre materno induzida, ap\u00f3s 22 semanas) e isso vai contra a opini\u00e3o da maioria brasileira e [&hellip;]","og_url":"https:\/\/jornalfatosenoticias.com.br\/index.php\/2024\/04\/25\/somos-contra-o-aborto\/","og_site_name":"Jornal Fatos e Not\u00edcias","article_published_time":"2024-04-25T16:02:18+00:00","article_modified_time":"2024-04-25T16:02:19+00:00","og_image":[{"width":1000,"height":587,"url":"https:\/\/jornalfatosenoticias.com.br\/wp-content\/uploads\/2024\/04\/aborto.jpg","type":"image\/jpeg"}],"author":"Haroldo Filho","twitter_card":"summary_large_image","twitter_misc":{"Escrito por":"Haroldo Filho","Est. tempo de leitura":"3 minutos"},"schema":{"@context":"https:\/\/schema.org","@graph":[{"@type":"Article","@id":"https:\/\/jornalfatosenoticias.com.br\/index.php\/2024\/04\/25\/somos-contra-o-aborto\/#article","isPartOf":{"@id":"https:\/\/jornalfatosenoticias.com.br\/index.php\/2024\/04\/25\/somos-contra-o-aborto\/"},"author":{"name":"Haroldo Filho","@id":"https:\/\/jornalfatosenoticias.com.br\/#\/schema\/person\/05c46cc25b42a5c27e004fb0fa6b4965"},"headline":"Somos contra o aborto","datePublished":"2024-04-25T16:02:18+00:00","dateModified":"2024-04-25T16:02:19+00:00","mainEntityOfPage":{"@id":"https:\/\/jornalfatosenoticias.com.br\/index.php\/2024\/04\/25\/somos-contra-o-aborto\/"},"wordCount":684,"commentCount":0,"publisher":{"@id":"https:\/\/jornalfatosenoticias.com.br\/#organization"},"image":{"@id":"https:\/\/jornalfatosenoticias.com.br\/index.php\/2024\/04\/25\/somos-contra-o-aborto\/#primaryimage"},"thumbnailUrl":"https:\/\/jornalfatosenoticias.com.br\/wp-content\/uploads\/2024\/04\/aborto.jpg","keywords":["aborto","contra o aborto","nascituros","pr\u00f3-vida"],"articleSection":["Geral"],"inLanguage":"pt-BR","potentialAction":[{"@type":"CommentAction","name":"Comment","target":["https:\/\/jornalfatosenoticias.com.br\/index.php\/2024\/04\/25\/somos-contra-o-aborto\/#respond"]}]},{"@type":"WebPage","@id":"https:\/\/jornalfatosenoticias.com.br\/index.php\/2024\/04\/25\/somos-contra-o-aborto\/","url":"https:\/\/jornalfatosenoticias.com.br\/index.php\/2024\/04\/25\/somos-contra-o-aborto\/","name":"Somos contra o aborto - Jornal Fatos e Not\u00edcias","isPartOf":{"@id":"https:\/\/jornalfatosenoticias.com.br\/#website"},"primaryImageOfPage":{"@id":"https:\/\/jornalfatosenoticias.com.br\/index.php\/2024\/04\/25\/somos-contra-o-aborto\/#primaryimage"},"image":{"@id":"https:\/\/jornalfatosenoticias.com.br\/index.php\/2024\/04\/25\/somos-contra-o-aborto\/#primaryimage"},"thumbnailUrl":"https:\/\/jornalfatosenoticias.com.br\/wp-content\/uploads\/2024\/04\/aborto.jpg","datePublished":"2024-04-25T16:02:18+00:00","dateModified":"2024-04-25T16:02:19+00:00","breadcrumb":{"@id":"https:\/\/jornalfatosenoticias.com.br\/index.php\/2024\/04\/25\/somos-contra-o-aborto\/#breadcrumb"},"inLanguage":"pt-BR","potentialAction":[{"@type":"ReadAction","target":["https:\/\/jornalfatosenoticias.com.br\/index.php\/2024\/04\/25\/somos-contra-o-aborto\/"]}]},{"@type":"ImageObject","inLanguage":"pt-BR","@id":"https:\/\/jornalfatosenoticias.com.br\/index.php\/2024\/04\/25\/somos-contra-o-aborto\/#primaryimage","url":"https:\/\/jornalfatosenoticias.com.br\/wp-content\/uploads\/2024\/04\/aborto.jpg","contentUrl":"https:\/\/jornalfatosenoticias.com.br\/wp-content\/uploads\/2024\/04\/aborto.jpg","width":1000,"height":587},{"@type":"BreadcrumbList","@id":"https:\/\/jornalfatosenoticias.com.br\/index.php\/2024\/04\/25\/somos-contra-o-aborto\/#breadcrumb","itemListElement":[{"@type":"ListItem","position":1,"name":"In\u00edcio","item":"https:\/\/jornalfatosenoticias.com.br\/"},{"@type":"ListItem","position":2,"name":"Somos contra o aborto"}]},{"@type":"WebSite","@id":"https:\/\/jornalfatosenoticias.com.br\/#website","url":"https:\/\/jornalfatosenoticias.com.br\/","name":"Jornal Fatos e Not\u00edcias","description":"Not\u00edcias em geral","publisher":{"@id":"https:\/\/jornalfatosenoticias.com.br\/#organization"},"potentialAction":[{"@type":"SearchAction","target":{"@type":"EntryPoint","urlTemplate":"https:\/\/jornalfatosenoticias.com.br\/?s={search_term_string}"},"query-input":{"@type":"PropertyValueSpecification","valueRequired":true,"valueName":"search_term_string"}}],"inLanguage":"pt-BR"},{"@type":"Organization","@id":"https:\/\/jornalfatosenoticias.com.br\/#organization","name":"Jornal Fatos e Not\u00edcias","url":"https:\/\/jornalfatosenoticias.com.br\/","logo":{"@type":"ImageObject","inLanguage":"pt-BR","@id":"https:\/\/jornalfatosenoticias.com.br\/#\/schema\/logo\/image\/","url":"https:\/\/jornalfatosenoticias.com.br\/wp-content\/uploads\/2020\/02\/logo120.png","contentUrl":"https:\/\/jornalfatosenoticias.com.br\/wp-content\/uploads\/2020\/02\/logo120.png","width":1227,"height":120,"caption":"Jornal Fatos e Not\u00edcias"},"image":{"@id":"https:\/\/jornalfatosenoticias.com.br\/#\/schema\/logo\/image\/"}},{"@type":"Person","@id":"https:\/\/jornalfatosenoticias.com.br\/#\/schema\/person\/05c46cc25b42a5c27e004fb0fa6b4965","name":"Haroldo Filho","image":{"@type":"ImageObject","inLanguage":"pt-BR","@id":"https:\/\/jornalfatosenoticias.com.br\/#\/schema\/person\/image\/","url":"https:\/\/jornalfatosenoticias.com.br\/wp-content\/uploads\/2025\/08\/WhatsApp-Image-2025-08-18-at-15.30.28-150x150.jpeg","contentUrl":"https:\/\/jornalfatosenoticias.com.br\/wp-content\/uploads\/2025\/08\/WhatsApp-Image-2025-08-18-at-15.30.28-150x150.jpeg","caption":"Haroldo Filho"},"description":"Jornalista \u2013 DRT: 0003818\/ES Coordenador-geral da ONG Educar para Crescer","url":"https:\/\/jornalfatosenoticias.com.br\/index.php\/author\/haroldo\/"}]}},"cc_featured_image_caption":{"caption_text":"(Foto: Reprodu\u00e7\u00e3o\/Live Action\/YouTube)","source_text":"","source_url":""},"jetpack_featured_media_url":"https:\/\/jornalfatosenoticias.com.br\/wp-content\/uploads\/2024\/04\/aborto.jpg","_links":{"self":[{"href":"https:\/\/jornalfatosenoticias.com.br\/index.php\/wp-json\/wp\/v2\/posts\/50828","targetHints":{"allow":["GET"]}}],"collection":[{"href":"https:\/\/jornalfatosenoticias.com.br\/index.php\/wp-json\/wp\/v2\/posts"}],"about":[{"href":"https:\/\/jornalfatosenoticias.com.br\/index.php\/wp-json\/wp\/v2\/types\/post"}],"author":[{"embeddable":true,"href":"https:\/\/jornalfatosenoticias.com.br\/index.php\/wp-json\/wp\/v2\/users\/3"}],"replies":[{"embeddable":true,"href":"https:\/\/jornalfatosenoticias.com.br\/index.php\/wp-json\/wp\/v2\/comments?post=50828"}],"version-history":[{"count":0,"href":"https:\/\/jornalfatosenoticias.com.br\/index.php\/wp-json\/wp\/v2\/posts\/50828\/revisions"}],"wp:featuredmedia":[{"embeddable":true,"href":"https:\/\/jornalfatosenoticias.com.br\/index.php\/wp-json\/wp\/v2\/media\/50829"}],"wp:attachment":[{"href":"https:\/\/jornalfatosenoticias.com.br\/index.php\/wp-json\/wp\/v2\/media?parent=50828"}],"wp:term":[{"taxonomy":"category","embeddable":true,"href":"https:\/\/jornalfatosenoticias.com.br\/index.php\/wp-json\/wp\/v2\/categories?post=50828"},{"taxonomy":"post_tag","embeddable":true,"href":"https:\/\/jornalfatosenoticias.com.br\/index.php\/wp-json\/wp\/v2\/tags?post=50828"}],"curies":[{"name":"wp","href":"https:\/\/api.w.org\/{rel}","templated":true}]}}