{"id":50842,"date":"2024-04-25T13:42:10","date_gmt":"2024-04-25T16:42:10","guid":{"rendered":"https:\/\/jornalfatosenoticias.com.br\/?p=50842"},"modified":"2024-04-25T13:42:11","modified_gmt":"2024-04-25T16:42:11","slug":"a-semana-no-brasil-e-no-mundo-agencias-proximas-ao-pt-vencem-megalicitacao-de-lula","status":"publish","type":"post","link":"https:\/\/jornalfatosenoticias.com.br\/index.php\/2024\/04\/25\/a-semana-no-brasil-e-no-mundo-agencias-proximas-ao-pt-vencem-megalicitacao-de-lula\/","title":{"rendered":"A Semana no Brasil e no Mundo \u2014 Ag\u00eancias pr\u00f3ximas ao PT vencem megalicita\u00e7\u00e3o de Lula"},"content":{"rendered":"\n<div class=\"wp-block-image\"><figure class=\"aligncenter size-large\"><img loading=\"lazy\" decoding=\"async\" width=\"729\" height=\"90\" src=\"https:\/\/jornalfatosenoticias.com.br\/wp-content\/uploads\/2020\/02\/Logo_Mizu.png\" alt=\"\" class=\"wp-image-1441\" srcset=\"https:\/\/jornalfatosenoticias.com.br\/wp-content\/uploads\/2020\/02\/Logo_Mizu.png 729w, https:\/\/jornalfatosenoticias.com.br\/wp-content\/uploads\/2020\/02\/Logo_Mizu-300x37.png 300w\" sizes=\"auto, (max-width: 729px) 100vw, 729px\" \/><\/figure><\/div>\n\n\n\n<p>Nesta quarta-feira (24) veio a p\u00fablico que as ag\u00eancias Moringa, BRMais, \u00c1rea Comunica\u00e7\u00e3o e Usina Digital foram as vencedoras da megalicita\u00e7\u00e3o de comunica\u00e7\u00e3o realizada pelo governo Lula, com o objetivo de impulsionar a popularidade do presidente. Curiosamente, o Antagonista j\u00e1 tinha conhecimento do resultado desde o dia anterior, levantando questionamentos sobre a transpar\u00eancia do processo.<br>O an\u00fancio precoce do resultado levanta suspeitas, uma vez que os autores das propostas vencedoras s\u00f3 deveriam ser revelados durante a sess\u00e3o p\u00fablica desta quarta-feira, j\u00e1 que o julgamento ocorre com as propostas anonimizadas. <em><span class=\"has-inline-color has-black-color\">Os 197 milh\u00f5es de reais destinados pelo Pal\u00e1cio do Planalto para \u201ccombater fake news\u201d ser\u00e3o divididos entre essas quatro ag\u00eancias pr\u00f3ximas ao governo Lula, <\/span><\/em>levantando ainda mais d\u00favidas sobre a lisura do processo. Elas competiram com outras 20 empresas, algumas delas com maior experi\u00eancia no setor p\u00fablico do que as vencedoras.<\/p>\n\n\n\n<div class=\"wp-block-image\"><figure class=\"aligncenter size-large is-resized\"><img loading=\"lazy\" decoding=\"async\" src=\"https:\/\/jornalfatosenoticias.com.br\/wp-content\/uploads\/2022\/02\/Precisao-Contabilidade-1024x724.jpg\" alt=\"\" class=\"wp-image-28088\" width=\"375\" height=\"265\"\/><\/figure><\/div>\n\n\n\n<p>O resultado anunciado nesta quarta-feira j\u00e1 tinha sido publicado horas antes, na ter\u00e7a-feira, em uma postagem enigm\u00e1tica no perfil de um dos autores da mat\u00e9ria, indicando as iniciais das ag\u00eancias vencedoras. As conex\u00f5es das ag\u00eancias vencedoras com figuras pol\u00edticas levantam preocupa\u00e7\u00f5es adicionais. A \u00c1rea Comunica\u00e7\u00e3o tem v\u00ednculos com Ot\u00e1vio Antunes, marqueteiro do ministro da Fazenda, Fernando Haddad, enquanto a Usina Digital \u00e9 associada a Sid\u00f4nio Palmeira, marqueteiro de Lula na \u00faltima campanha. A BR+ tem liga\u00e7\u00f5es com os deputados federais Lindbergh Farias e Gleisi Hoffmann, presidente nacional do PT. Por fim, a ag\u00eancia Moringa L2W3 \u00e9 associada a Paulo Pimenta, ministro da Secretaria de Comunica\u00e7\u00e3o Social (Secom) da Presid\u00eancia da Rep\u00fablica.<\/p>\n\n\n\n<div class=\"wp-block-image\"><figure class=\"aligncenter size-large\"><img decoding=\"async\" src=\"https:\/\/jornalfatosenoticias.com.br\/wp-content\/uploads\/2020\/02\/barao-das-carnes-300x164-1.jpg\" alt=\"\" class=\"wp-image-34339\"\/><\/figure><\/div>\n\n\n\n<p>O processo de licita\u00e7\u00e3o foi conclu\u00eddo em um tempo relativamente curto, com menos de dois meses, e baseou-se em crit\u00e9rios vagos de \u201cmelhor t\u00e9cnica\u201d, em vez do mais objetivo \u201cmelhor pre\u00e7o\u201d. O edital abrangeu uma s\u00e9rie de servi\u00e7os, desde o planejamento e implementa\u00e7\u00e3o de solu\u00e7\u00f5es de comunica\u00e7\u00e3o digital at\u00e9 o desenvolvimento de estrat\u00e9gias de comunica\u00e7\u00e3o e a\u00e7\u00f5es para combater fake news. Se o objetivo do contrato \u00e9 realmente combater a desinforma\u00e7\u00e3o, este in\u00edcio levanta s\u00e9rias d\u00favidas sobre sua efic\u00e1cia. <strong>(Fonte: Terra Brasil Not\u00edcias)<\/strong><\/p>\n\n\n\n<div class=\"wp-block-image\"><figure class=\"aligncenter size-large is-resized\"><img loading=\"lazy\" decoding=\"async\" src=\"https:\/\/jornalfatosenoticias.com.br\/wp-content\/uploads\/2020\/02\/logo-Rapuzel-1024x571.jpg\" alt=\"\" class=\"wp-image-42808\" width=\"390\" height=\"217\" srcset=\"https:\/\/jornalfatosenoticias.com.br\/wp-content\/uploads\/2020\/02\/logo-Rapuzel-1024x571.jpg 1024w, https:\/\/jornalfatosenoticias.com.br\/wp-content\/uploads\/2020\/02\/logo-Rapuzel-300x167.jpg 300w, https:\/\/jornalfatosenoticias.com.br\/wp-content\/uploads\/2020\/02\/logo-Rapuzel-768x428.jpg 768w, https:\/\/jornalfatosenoticias.com.br\/wp-content\/uploads\/2020\/02\/logo-Rapuzel-1536x856.jpg 1536w, https:\/\/jornalfatosenoticias.com.br\/wp-content\/uploads\/2020\/02\/logo-Rapuzel.jpg 1600w\" sizes=\"auto, (max-width: 390px) 100vw, 390px\" \/><\/figure><\/div>\n\n\n\n<hr class=\"wp-block-separator\"\/>\n\n\n\n<h3 class=\"wp-block-heading\"><span class=\"has-inline-color has-black-color\">Pedido de cassa\u00e7\u00e3o de Glauber Braga chega ao Conselho de \u00c9tica<\/span><\/h3>\n\n\n\n<div class=\"wp-block-image\"><figure class=\"aligncenter size-large\"><img loading=\"lazy\" decoding=\"async\" width=\"1000\" height=\"562\" src=\"https:\/\/jornalfatosenoticias.com.br\/wp-content\/uploads\/2024\/04\/glauber-braga.jpg\" alt=\"\" class=\"wp-image-50848\" srcset=\"https:\/\/jornalfatosenoticias.com.br\/wp-content\/uploads\/2024\/04\/glauber-braga.jpg 1000w, https:\/\/jornalfatosenoticias.com.br\/wp-content\/uploads\/2024\/04\/glauber-braga-300x169.jpg 300w, https:\/\/jornalfatosenoticias.com.br\/wp-content\/uploads\/2024\/04\/glauber-braga-768x432.jpg 768w\" sizes=\"auto, (max-width: 1000px) 100vw, 1000px\" \/><figcaption><em><span class=\"has-inline-color has-black-color\">(Foto: Zeca Ribeiro\/C\u00e2mara dos Deputados)<\/span><\/em><\/figcaption><\/figure><\/div>\n\n\n\n<p><span class=\"has-inline-color has-black-color\"><em>Esquerdista agrediu membro do MBL e se envolveu em confus\u00e3o com Kim Kataguiri<br><\/em>Por <strong>Marcos Rocha<\/strong><\/span><br>Na segunda-feira (22), Arthur Lira (PP-AL), presidente da C\u00e2mara, enviou ao Conselho de \u00c9tica um pedido de cassa\u00e7\u00e3o apresentado pelo Partido Novo contra o deputado federal Glauber Braga (PSOL-RJ).<br>O pedido de cassa\u00e7\u00e3o est\u00e1 relacionado a um epis\u00f3dio no qual o esquerdista agrediu, com direito a pontap\u00e9s, um membro do Movimento Brasil Livre (MBL), al\u00e9m de quase ter partido para cima do tamb\u00e9m deputado Kim Kataguiri (Uni\u00e3o-SP).<\/p>\n\n\n\n<div class=\"wp-block-image\"><figure class=\"aligncenter size-large\"><img loading=\"lazy\" decoding=\"async\" width=\"300\" height=\"250\" src=\"https:\/\/jornalfatosenoticias.com.br\/wp-content\/uploads\/2022\/02\/FERRARI_MAQUINAS-E-FERRAMENTAS2.jpg\" alt=\"\" class=\"wp-image-27860\"\/><\/figure><\/div>\n\n\n\n<p>Al\u00e9m da iniciativa do Novo, o Partido Liberal (PL), ao qual o ex-presidente Jair Bolsonaro \u00e9 filiado, tamb\u00e9m havia formalizado um pedido de cassa\u00e7\u00e3o contra Braga devido ao incidente, que da mesma forma tramitar\u00e1 no Conselho de \u00c9tica.<br>O deputado do PSOL j\u00e1 enfrenta uma outra acusa\u00e7\u00e3o de cassa\u00e7\u00e3o, essa tamb\u00e9m movida pelo PL, referente a um epis\u00f3dio em novembro do ano passado, no qual Braga teria empurrado e puxado de forma agressiva o deputado federal Ab\u00edlio Brunini (PL-MT), numa tentativa de expuls\u00e1-lo de uma comiss\u00e3o. <strong>(Fonte: Conex\u00e3o Pol\u00edtica)<\/strong><\/p>\n\n\n\n<div class=\"wp-block-image\"><figure class=\"aligncenter size-large is-resized\"><img loading=\"lazy\" decoding=\"async\" src=\"https:\/\/jornalfatosenoticias.com.br\/wp-content\/uploads\/2023\/03\/logo-Panper_portal.jpg\" alt=\"\" class=\"wp-image-40208\" width=\"362\" height=\"251\" srcset=\"https:\/\/jornalfatosenoticias.com.br\/wp-content\/uploads\/2023\/03\/logo-Panper_portal.jpg 400w, https:\/\/jornalfatosenoticias.com.br\/wp-content\/uploads\/2023\/03\/logo-Panper_portal-300x208.jpg 300w\" sizes=\"auto, (max-width: 362px) 100vw, 362px\" \/><\/figure><\/div>\n\n\n\n<hr class=\"wp-block-separator\"\/>\n\n\n\n<h3 class=\"wp-block-heading\"><span class=\"has-inline-color has-black-color\">Filho de l\u00edder do MST ganha cargo em gabinete de deputado do PT<\/span><\/h3>\n\n\n\n<div class=\"wp-block-image\"><figure class=\"aligncenter size-large\"><img loading=\"lazy\" decoding=\"async\" width=\"1000\" height=\"744\" src=\"https:\/\/jornalfatosenoticias.com.br\/wp-content\/uploads\/2024\/04\/filho-stedile.jpg\" alt=\"\" class=\"wp-image-50847\" srcset=\"https:\/\/jornalfatosenoticias.com.br\/wp-content\/uploads\/2024\/04\/filho-stedile.jpg 1000w, https:\/\/jornalfatosenoticias.com.br\/wp-content\/uploads\/2024\/04\/filho-stedile-300x223.jpg 300w, https:\/\/jornalfatosenoticias.com.br\/wp-content\/uploads\/2024\/04\/filho-stedile-768x571.jpg 768w\" sizes=\"auto, (max-width: 1000px) 100vw, 1000px\" \/><figcaption><em><span class=\"has-inline-color has-black-color\">(Foto: Reprodu\u00e7\u00e3o)<\/span><\/em><\/figcaption><\/figure><\/div>\n\n\n\n<p><em><span class=\"has-inline-color has-black-color\">Sal\u00e1rio mensal \u00e9 de aproximadamente R$ 5 mil<br><\/span><\/em><span class=\"has-inline-color has-black-color\">Por <strong>Raul Holderf Nascimento<\/strong><\/span><br>O filho do l\u00edder do Movimento dos Trabalhadores Rurais Sem-Terra (MST), Jo\u00e3o Pedro Stedile, foi nomeado para um cargo no gabinete do deputado federal Jo\u00e3o Daniel (PT-SE). Ele passar\u00e1 a ocupar a fun\u00e7\u00e3o de secret\u00e1rio parlamentar do congressista. A remunera\u00e7\u00e3o mensal de Rafael deve ser um pouco superior ao valor de R$ 5 mil.<\/p>\n\n\n\n<div class=\"wp-block-image\"><figure class=\"aligncenter size-large is-resized\"><img loading=\"lazy\" decoding=\"async\" src=\"https:\/\/jornalfatosenoticias.com.br\/wp-content\/uploads\/2023\/09\/vetorvix1024_1.jpg\" alt=\"\" class=\"wp-image-44868\" width=\"550\" height=\"146\" srcset=\"https:\/\/jornalfatosenoticias.com.br\/wp-content\/uploads\/2023\/09\/vetorvix1024_1.jpg 1024w, https:\/\/jornalfatosenoticias.com.br\/wp-content\/uploads\/2023\/09\/vetorvix1024_1-300x80.jpg 300w, https:\/\/jornalfatosenoticias.com.br\/wp-content\/uploads\/2023\/09\/vetorvix1024_1-768x205.jpg 768w\" sizes=\"auto, (max-width: 550px) 100vw, 550px\" \/><\/figure><\/div>\n\n\n\n<p>Nascido em S\u00e3o Paulo, Rafael \u00e9 publicit\u00e1rio por forma\u00e7\u00e3o e atua h\u00e1 mais de 10 anos como fot\u00f3grafo. Em nota divulgada \u00e0 imprensa, o deputado Jo\u00e3o Daniel alegou que, mesmo tendo \u201ctrabalhos ligados a quest\u00f5es pol\u00edticas\u201d, Rafael n\u00e3o possui filia\u00e7\u00e3o partid\u00e1ria nem \u00e9 militante do movimento social.<\/p>\n\n\n\n<blockquote class=\"wp-block-quote is-layout-flow wp-block-quote-is-layout-flow\"><p><span class=\"has-inline-color has-luminous-vivid-orange-color\">Rafael Stedile \u00e9 formado em publicidade e trabalha como fot\u00f3grafo aut\u00f4nomo h\u00e1 mais de 10 anos no mercado corporativo e contribui com movimentos sociais. Apesar de ter uma trajet\u00f3ria de trabalhos ligados a quest\u00f5es pol\u00edticas, n\u00e3o \u00e9 filiado a nenhum partido e n\u00e3o \u00e9 militante do MST. Cumprir\u00e1 uma tarefa t\u00e9cnica de Comunica\u00e7\u00e3o para o gabinete\u201d, diz a nota.<\/span><\/p><\/blockquote>\n\n\n\n<div class=\"wp-block-image\"><figure class=\"aligncenter size-large is-resized\"><img loading=\"lazy\" decoding=\"async\" src=\"https:\/\/jornalfatosenoticias.com.br\/wp-content\/uploads\/2023\/08\/ITH.jpeg\" alt=\"\" class=\"wp-image-44638\" width=\"327\" height=\"265\" srcset=\"https:\/\/jornalfatosenoticias.com.br\/wp-content\/uploads\/2023\/08\/ITH.jpeg 800w, https:\/\/jornalfatosenoticias.com.br\/wp-content\/uploads\/2023\/08\/ITH-300x244.jpeg 300w, https:\/\/jornalfatosenoticias.com.br\/wp-content\/uploads\/2023\/08\/ITH-768x624.jpeg 768w\" sizes=\"auto, (max-width: 327px) 100vw, 327px\" \/><\/figure><\/div>\n\n\n\n<p>A C\u00e2mara ainda realizou uma sess\u00e3o solene em homenagem aos 40 anos do MST. Estiveram presentes os ministros do Desenvolvimento Agr\u00e1rio, Paulo Teixeira, e dos Povos Ind\u00edgenas, S\u00f4nia Guajajara. <strong>(Fonte: Conex\u00e3o Pol\u00edtica)<\/strong><\/p>\n\n\n\n<hr class=\"wp-block-separator\"\/>\n\n\n\n<h3 class=\"wp-block-heading\"><span class=\"has-inline-color has-black-color\">Lira volta a criticar STF por usurpa\u00e7\u00e3o de compet\u00eancia do legislativo, em entrevista \u00e0 TV Globo<\/span><\/h3>\n\n\n\n<div class=\"wp-block-image\"><figure class=\"aligncenter size-large\"><img loading=\"lazy\" decoding=\"async\" width=\"640\" height=\"480\" src=\"https:\/\/jornalfatosenoticias.com.br\/wp-content\/uploads\/2024\/04\/arthur-lira.jpg\" alt=\"\" class=\"wp-image-50846\" srcset=\"https:\/\/jornalfatosenoticias.com.br\/wp-content\/uploads\/2024\/04\/arthur-lira.jpg 640w, https:\/\/jornalfatosenoticias.com.br\/wp-content\/uploads\/2024\/04\/arthur-lira-300x225.jpg 300w\" sizes=\"auto, (max-width: 640px) 100vw, 640px\" \/><figcaption><em><span class=\"has-inline-color has-black-color\">(Foto: C\u00e2mara dos Deputados)<\/span><\/em><\/figcaption><\/figure><\/div>\n\n\n\n<p>O presidente da C\u00e2mara dos Deputados, Arthur Lira (PP-AL), criticou o que considera serem os \u201cexcessos\u201d do Supremo Tribunal Federal (STF) em suas fun\u00e7\u00f5es judiciais, sugerindo que o \u00f3rg\u00e3o tem invadido a esfera legislativa. Em entrevista ao programa \u201cConversa com Bial\u201d da TV Globo, na ter\u00e7a-feira (23), Lira apontou preocupa\u00e7\u00f5es com a atua\u00e7\u00e3o da Corte.<\/p>\n\n\n\n<div class=\"wp-block-image\"><figure class=\"aligncenter size-large\"><img loading=\"lazy\" decoding=\"async\" width=\"300\" height=\"250\" src=\"https:\/\/jornalfatosenoticias.com.br\/wp-content\/uploads\/2020\/02\/Banner-2.png\" alt=\"\" class=\"wp-image-43787\"\/><\/figure><\/div>\n\n\n\n<p>\u201cO Judici\u00e1rio tem seus excessos, e eles est\u00e3o claros; e hoje est\u00e1 construindo uma converg\u00eancia que vai al\u00e9m das suas fun\u00e7\u00f5es e come\u00e7a a legislar, e o Congresso reage\u201d, destacou Lira, indicando uma tens\u00e3o entre os poderes. Ele enfatizou, por\u00e9m, que suas observa\u00e7\u00f5es n\u00e3o refletem diverg\u00eancias pessoais com os ministros do STF, mas sim uma quest\u00e3o institucional sobre a delimita\u00e7\u00e3o de poderes.<\/p>\n\n\n\n<div class=\"wp-block-image\"><figure class=\"aligncenter size-large is-resized\"><img loading=\"lazy\" decoding=\"async\" src=\"https:\/\/jornalfatosenoticias.com.br\/wp-content\/uploads\/2024\/01\/consultoria-ambiental.jpg\" alt=\"\" class=\"wp-image-48314\" width=\"321\" height=\"290\" srcset=\"https:\/\/jornalfatosenoticias.com.br\/wp-content\/uploads\/2024\/01\/consultoria-ambiental.jpg 832w, https:\/\/jornalfatosenoticias.com.br\/wp-content\/uploads\/2024\/01\/consultoria-ambiental-300x272.jpg 300w, https:\/\/jornalfatosenoticias.com.br\/wp-content\/uploads\/2024\/01\/consultoria-ambiental-768x696.jpg 768w\" sizes=\"auto, (max-width: 321px) 100vw, 321px\" \/><\/figure><\/div>\n\n\n\n<p>Lira tamb\u00e9m defendeu a necessidade de limitar o uso das A\u00e7\u00f5es Diretas de Inconstitucionalidade (ADI), argumentando que tais medidas deveriam ser restritas especialmente quando as propostas n\u00e3o conseguem aprova\u00e7\u00e3o no plen\u00e1rio do Congresso. \u201cA palavra final deve ser do legislativo\u201d, afirmou o presidente da C\u00e2mara, ressaltando a import\u00e2ncia da \u201cautoconten\u00e7\u00e3o dos poderes\u201d para o equil\u00edbrio democr\u00e1tico. <strong>(Fonte: Hora Bras\u00edlia)<\/strong><\/p>\n\n\n\n<div class=\"wp-block-image\"><figure class=\"aligncenter size-large is-resized\"><img loading=\"lazy\" decoding=\"async\" src=\"https:\/\/jornalfatosenoticias.com.br\/wp-content\/uploads\/2020\/02\/CONTROL-CS.jpg\" alt=\"\" class=\"wp-image-44991\" width=\"354\" height=\"424\" srcset=\"https:\/\/jornalfatosenoticias.com.br\/wp-content\/uploads\/2020\/02\/CONTROL-CS.jpg 834w, https:\/\/jornalfatosenoticias.com.br\/wp-content\/uploads\/2020\/02\/CONTROL-CS-250x300.jpg 250w, https:\/\/jornalfatosenoticias.com.br\/wp-content\/uploads\/2020\/02\/CONTROL-CS-768x921.jpg 768w\" sizes=\"auto, (max-width: 354px) 100vw, 354px\" \/><\/figure><\/div>\n\n\n\n<hr class=\"wp-block-separator\"\/>\n\n\n\n<h3 class=\"wp-block-heading\"><span class=\"has-inline-color has-black-color\">Gastos do Governo Lula com viagens ultrapassam R$ 277 milh\u00f5es em apenas tr\u00eas meses<\/span><\/h3>\n\n\n\n<div class=\"wp-block-image\"><figure class=\"aligncenter size-large\"><img loading=\"lazy\" decoding=\"async\" width=\"720\" height=\"440\" src=\"https:\/\/jornalfatosenoticias.com.br\/wp-content\/uploads\/2024\/04\/viagens-de-lula.jpg\" alt=\"\" class=\"wp-image-50845\" srcset=\"https:\/\/jornalfatosenoticias.com.br\/wp-content\/uploads\/2024\/04\/viagens-de-lula.jpg 720w, https:\/\/jornalfatosenoticias.com.br\/wp-content\/uploads\/2024\/04\/viagens-de-lula-300x183.jpg 300w\" sizes=\"auto, (max-width: 720px) 100vw, 720px\" \/><figcaption><em><span class=\"has-inline-color has-black-color\">(Foto: Flickr Planalto)<\/span><\/em><\/figcaption><\/figure><\/div>\n\n\n\n<p>Segundo dados do Portal da Transpar\u00eancia, nos primeiros 105 dias de 2024, o governo de Luiz In\u00e1cio Lula da Silva j\u00e1 registrou despesas surpreendentes com viagens, totalizando mais de <strong><span class=\"has-inline-color has-black-color\">R$ 277,4 milh\u00f5es<\/span><\/strong>. Este montante, pago pelos contribuintes, cobre passagens e di\u00e1rias de funcion\u00e1rios p\u00fablicos, incluindo comissionados, terceirizados e at\u00e9 convidados do governo. As despesas com passagens a\u00e9reas j\u00e1 somam mais de <strong><span class=\"has-inline-color has-black-color\">R$ 108,8 milh\u00f5es<\/span><\/strong> este ano, beneficiando as companhias a\u00e9reas. Al\u00e9m disso, as di\u00e1rias pagas para cobrir os custos adicionais dessas viagens alcan\u00e7aram a cifra de mais de <strong><span class=\"has-inline-color has-black-color\">R$ 166 milh\u00f5es<\/span><\/strong>.<\/p>\n\n\n\n<div class=\"wp-block-image\"><figure class=\"aligncenter size-large is-resized\"><img loading=\"lazy\" decoding=\"async\" src=\"https:\/\/jornalfatosenoticias.com.br\/wp-content\/uploads\/2023\/08\/BKR-1024x1021.jpg\" alt=\"\" class=\"wp-image-44494\" width=\"334\" height=\"333\" srcset=\"https:\/\/jornalfatosenoticias.com.br\/wp-content\/uploads\/2023\/08\/BKR-1024x1021.jpg 1024w, https:\/\/jornalfatosenoticias.com.br\/wp-content\/uploads\/2023\/08\/BKR-300x300.jpg 300w, https:\/\/jornalfatosenoticias.com.br\/wp-content\/uploads\/2023\/08\/BKR-150x150.jpg 150w, https:\/\/jornalfatosenoticias.com.br\/wp-content\/uploads\/2023\/08\/BKR-768x766.jpg 768w, https:\/\/jornalfatosenoticias.com.br\/wp-content\/uploads\/2023\/08\/BKR.jpg 1080w\" sizes=\"auto, (max-width: 334px) 100vw, 334px\" \/><\/figure><\/div>\n\n\n\n<p>Comparando com anos anteriores, os gastos atuais seguem uma tend\u00eancia de alta. No ano passado, as despesas com viagens do governo petista alcan\u00e7aram um recorde hist\u00f3rico, com quase <strong><span class=\"has-inline-color has-black-color\">R$ 2,3 bilh\u00f5es<\/span><\/strong> destinados a este fim. Importante destacar que essas cifras n\u00e3o incluem os custos de viagens de Lula, da Janja e dos ministros de Estado, que utilizam jatos da For\u00e7a A\u00e9rea Brasileira (FAB), com despesas mantidas em sigilo.<strong> (Fonte: Hora Bras\u00edlia)<\/strong><\/p>\n\n\n\n<div class=\"wp-block-image\"><figure class=\"aligncenter size-large is-resized\"><img loading=\"lazy\" decoding=\"async\" src=\"https:\/\/jornalfatosenoticias.com.br\/wp-content\/uploads\/2023\/12\/pegoretti-logo-pdf-1024x389.jpg\" alt=\"\" class=\"wp-image-47536\" width=\"517\" height=\"196\" srcset=\"https:\/\/jornalfatosenoticias.com.br\/wp-content\/uploads\/2023\/12\/pegoretti-logo-pdf-1024x389.jpg 1024w, https:\/\/jornalfatosenoticias.com.br\/wp-content\/uploads\/2023\/12\/pegoretti-logo-pdf-300x114.jpg 300w, https:\/\/jornalfatosenoticias.com.br\/wp-content\/uploads\/2023\/12\/pegoretti-logo-pdf-768x291.jpg 768w, https:\/\/jornalfatosenoticias.com.br\/wp-content\/uploads\/2023\/12\/pegoretti-logo-pdf.jpg 1120w\" sizes=\"auto, (max-width: 517px) 100vw, 517px\" \/><\/figure><\/div>\n\n\n\n<hr class=\"wp-block-separator\"\/>\n\n\n\n<h3 class=\"wp-block-heading\"><span class=\"has-inline-color has-black-color\">Elon Musk comenta sobre manifesta\u00e7\u00e3o pac\u00edfica em Copacabana (RJ)<\/span><\/h3>\n\n\n\n<div class=\"wp-block-image\"><figure class=\"aligncenter size-large\"><img loading=\"lazy\" decoding=\"async\" width=\"780\" height=\"470\" src=\"https:\/\/jornalfatosenoticias.com.br\/wp-content\/uploads\/2024\/04\/elon-musk.jpeg\" alt=\"\" class=\"wp-image-50844\" srcset=\"https:\/\/jornalfatosenoticias.com.br\/wp-content\/uploads\/2024\/04\/elon-musk.jpeg 780w, https:\/\/jornalfatosenoticias.com.br\/wp-content\/uploads\/2024\/04\/elon-musk-300x181.jpeg 300w, https:\/\/jornalfatosenoticias.com.br\/wp-content\/uploads\/2024\/04\/elon-musk-768x463.jpeg 768w\" sizes=\"auto, (max-width: 780px) 100vw, 780px\" \/><figcaption><em><span class=\"has-inline-color has-black-color\">(Foto: Redes Sociais)<\/span><\/em><\/figcaption><\/figure><\/div>\n\n\n\n<p>Elon Musk, CEO da Tesla e da empresa X, antes Twitter, foi o centro das aten\u00e7\u00f5es em Copacabana, apesar de sua aus\u00eancia f\u00edsica. Segundo o Estad\u00e3o, pol\u00edticos e manifestantes renderam-lhe homenagens calorosas. Em destaque, uma imagem de Musk ao lado de Bolsonaro circulou em uma postagem que ele mesmo respondeu, destacando-se a frase no cartaz: \u201co povo brasileiro agradece! Elon Musk\u201d.<\/p>\n\n\n\n<div class=\"wp-block-image\"><figure class=\"aligncenter size-large\"><img decoding=\"async\" src=\"https:\/\/jornalfatosenoticias.com.br\/wp-content\/uploads\/2020\/02\/logo_esteio.jpg\" alt=\"\" class=\"wp-image-1214\"\/><\/figure><\/div>\n\n\n\n<p>Durante o evento, o presidente Bolsonaro pediu ao p\u00fablico que aplaudisse Musk. Paralelamente, o deputado federal Gustavo Gayer (PL-GO), em um esfor\u00e7o para ser notado pelo empres\u00e1rio, proferiu um discurso em ingl\u00eas.<br>Em resposta a um coment\u00e1rio na mesma rede, Musk demonstrou seu carinho pelo Brasil. Ao interagir com um usu\u00e1rio que comentava sobre o reconhecimento de Bolsonaro pela multid\u00e3o carioca, Musk afirmou:<em> \u201cDesejo o melhor para o povo do Brasil\u201d<\/em>. <strong>(Fonte: Hora Bras\u00edlia)<\/strong><\/p>\n\n\n\n<div class=\"wp-block-image\"><figure class=\"aligncenter size-large is-resized\"><img loading=\"lazy\" decoding=\"async\" src=\"https:\/\/jornalfatosenoticias.com.br\/wp-content\/uploads\/2020\/02\/nova-logo-Marquetti.jpg\" alt=\"\" class=\"wp-image-22331\" width=\"365\" height=\"245\" srcset=\"https:\/\/jornalfatosenoticias.com.br\/wp-content\/uploads\/2020\/02\/nova-logo-Marquetti.jpg 643w, https:\/\/jornalfatosenoticias.com.br\/wp-content\/uploads\/2020\/02\/nova-logo-Marquetti-300x202.jpg 300w\" sizes=\"auto, (max-width: 365px) 100vw, 365px\" \/><\/figure><\/div>\n\n\n\n<hr class=\"wp-block-separator\"\/>\n\n\n\n<h3 class=\"wp-block-heading\"><span class=\"has-inline-color has-black-color\">Erros de Gleisi Hoffmann trazem desgastes ao Governo Lula e irrita c\u00fapula de ministros<\/span><\/h3>\n\n\n\n<div class=\"wp-block-image\"><figure class=\"aligncenter size-large\"><img loading=\"lazy\" decoding=\"async\" width=\"780\" height=\"470\" src=\"https:\/\/jornalfatosenoticias.com.br\/wp-content\/uploads\/2024\/04\/gleisi-hoffmann-lula.jpg\" alt=\"\" class=\"wp-image-50843\" srcset=\"https:\/\/jornalfatosenoticias.com.br\/wp-content\/uploads\/2024\/04\/gleisi-hoffmann-lula.jpg 780w, https:\/\/jornalfatosenoticias.com.br\/wp-content\/uploads\/2024\/04\/gleisi-hoffmann-lula-300x181.jpg 300w, https:\/\/jornalfatosenoticias.com.br\/wp-content\/uploads\/2024\/04\/gleisi-hoffmann-lula-768x463.jpg 768w\" sizes=\"auto, (max-width: 780px) 100vw, 780px\" \/><figcaption><em><span class=\"has-inline-color has-black-color\">(Foto: Ricardo Stuckert)<\/span><\/em><\/figcaption><\/figure><\/div>\n\n\n\n<p>Com uma queda consider\u00e1vel em sua popularidade, Lula vem ajustando sua agenda, intensificando viagens pelo Brasil e anunciando programas de grande apelo popular. Al\u00e9m disso, convocou um especialista em publicidade para aprimorar sua imagem, conforme publicado na Revista Veja. Entre os fatores que contribuem para a desaprova\u00e7\u00e3o do presidente, destacam-se a inatividade em \u00e1reas chave, falta de coes\u00e3o e muita desorganiza\u00e7\u00e3o, al\u00e9m de incont\u00e1veis conflitos pol\u00edticos dentro de seu governo.<\/p>\n\n\n\n<div class=\"wp-block-image\"><figure class=\"aligncenter size-large is-resized\"><img loading=\"lazy\" decoding=\"async\" src=\"https:\/\/jornalfatosenoticias.com.br\/wp-content\/uploads\/2020\/02\/logo-Rapuzel-1024x571.jpg\" alt=\"\" class=\"wp-image-42808\" width=\"418\" height=\"233\" srcset=\"https:\/\/jornalfatosenoticias.com.br\/wp-content\/uploads\/2020\/02\/logo-Rapuzel-1024x571.jpg 1024w, https:\/\/jornalfatosenoticias.com.br\/wp-content\/uploads\/2020\/02\/logo-Rapuzel-300x167.jpg 300w, https:\/\/jornalfatosenoticias.com.br\/wp-content\/uploads\/2020\/02\/logo-Rapuzel-768x428.jpg 768w, https:\/\/jornalfatosenoticias.com.br\/wp-content\/uploads\/2020\/02\/logo-Rapuzel-1536x856.jpg 1536w, https:\/\/jornalfatosenoticias.com.br\/wp-content\/uploads\/2020\/02\/logo-Rapuzel.jpg 1600w\" sizes=\"auto, (max-width: 418px) 100vw, 418px\" \/><\/figure><\/div>\n\n\n\n<p>No entanto, um desafio em especial tem se mostrado um empecilho para os esfor\u00e7os de marketing do governo: as pol\u00eamicas declara\u00e7\u00f5es de Gleisi Hoffmann, presidente do PT. Apesar das tentativas do Pal\u00e1cio do Planalto de distinguir as a\u00e7\u00f5es do governo das do partido, a linha entre ambos frequentemente se embra\u00e7a. Iniciativas partid\u00e1rias s\u00e3o muitas vezes vistas como posturas oficiais, aumentando as complica\u00e7\u00f5es para a imagem de Lula.<\/p>\n\n\n\n<div class=\"wp-block-image\"><figure class=\"aligncenter size-large is-resized\"><img loading=\"lazy\" decoding=\"async\" src=\"https:\/\/jornalfatosenoticias.com.br\/wp-content\/uploads\/2022\/02\/Precisao-Contabilidade-1024x724.jpg\" alt=\"\" class=\"wp-image-28088\" width=\"359\" height=\"254\"\/><\/figure><\/div>\n\n\n\n<p>Durante uma visita \u00e0 China, Gleisi liderou uma comitiva de 28 membros do PT e fez muitos elogios \u00e0 \u201cdemocracia\u201d chinesa, sugerindo que o modelo autorit\u00e1rio do pa\u00eds pudesse ser exemplo para outros. \u201cMuitas vezes, os pa\u00edses adotam sistemas que podem parecer ruins aos olhos de outros para se defender, para poder cuidar de seu povo, j\u00e1 que n\u00e3o encontram solidariedade\u201d, declarou ela, ignorando por completo as restri\u00e7\u00f5es \u00e0 liberdade de express\u00e3o e o regime de partido \u00fanico que marca a na\u00e7\u00e3o asi\u00e1tica h\u00e1 setenta anos.<\/p>\n\n\n\n<div class=\"wp-block-image\"><figure class=\"aligncenter size-large\"><img decoding=\"async\" src=\"https:\/\/jornalfatosenoticias.com.br\/wp-content\/uploads\/2020\/02\/barao-das-carnes-300x164-1.jpg\" alt=\"\" class=\"wp-image-34339\"\/><\/figure><\/div>\n\n\n\n<p>Al\u00e9m disso, Gleisi tem utilizado as redes sociais e o site do PT para defender aliados e criticar opositores, intensificando a polariza\u00e7\u00e3o. Uma das figuras frequentemente atacadas \u00e9 o presidente do Banco Central, Roberto Campos Neto. Gleisi acusa Campos Neto de beneficiar-se de suas posi\u00e7\u00f5es financeiras para tomar decis\u00f5es que influenciam a economia brasileira: \u201cCampos Neto tem um fundo exclusivo que \u00e9 afetado por decis\u00f5es do banco como a defini\u00e7\u00e3o dos juros. O presidente do BC, que usa essas aplica\u00e7\u00f5es, burla o Imposto de Renda e lucra com a alta do d\u00f3lar e da Selic, n\u00e3o pode decidir a pol\u00edtica de juros do Brasil\u201d, criticou. <strong>(Fonte: Hora Bras\u00edlia)<\/strong><\/p>\n\n\n\n<div class=\"wp-block-image\"><figure class=\"aligncenter size-large is-resized\"><img loading=\"lazy\" decoding=\"async\" src=\"https:\/\/jornalfatosenoticias.com.br\/wp-content\/uploads\/2023\/09\/vetorvix1024_1.jpg\" alt=\"\" class=\"wp-image-44868\" width=\"546\" height=\"145\" srcset=\"https:\/\/jornalfatosenoticias.com.br\/wp-content\/uploads\/2023\/09\/vetorvix1024_1.jpg 1024w, https:\/\/jornalfatosenoticias.com.br\/wp-content\/uploads\/2023\/09\/vetorvix1024_1-300x80.jpg 300w, https:\/\/jornalfatosenoticias.com.br\/wp-content\/uploads\/2023\/09\/vetorvix1024_1-768x205.jpg 768w\" sizes=\"auto, (max-width: 546px) 100vw, 546px\" \/><\/figure><\/div>\n\n\n\n<hr class=\"wp-block-separator\"\/>\n","protected":false},"excerpt":{"rendered":"<p>Nesta quarta-feira (24) veio a p\u00fablico que as ag\u00eancias Moringa, BRMais, \u00c1rea Comunica\u00e7\u00e3o e Usina Digital foram as vencedoras da megalicita\u00e7\u00e3o de comunica\u00e7\u00e3o realizada pelo governo Lula, com o objetivo de impulsionar a popularidade do presidente. Curiosamente, o Antagonista j\u00e1 tinha conhecimento do resultado desde o dia anterior, levantando questionamentos sobre a transpar\u00eancia do processo.O [&hellip;]<\/p>\n","protected":false},"author":3,"featured_media":50849,"comment_status":"open","ping_status":"open","sticky":false,"template":"","format":"standard","meta":{"footnotes":""},"categories":[10],"tags":[10543,982,11809,23364,23363,13869,20357,23365,17936,1900,13186,294],"class_list":["post-50842","post","type-post","status-publish","format-standard","has-post-thumbnail","hentry","category-politica","tag-arthur-lira","tag-camara-dos-deputados","tag-cassacao","tag-conselho-de-etica","tag-glauber-braga","tag-gleisi-hoffmann","tag-joao-pedro-stedile-2","tag-megalicitacao","tag-mst","tag-palacio-do-planalto","tag-pt","tag-stf"],"yoast_head":"<!-- This site is optimized with the Yoast SEO plugin v26.5 - https:\/\/yoast.com\/wordpress\/plugins\/seo\/ -->\n<title>A Semana no Brasil e no Mundo \u2014 Ag\u00eancias pr\u00f3ximas ao PT vencem megalicita\u00e7\u00e3o de Lula - Jornal Fatos e Not\u00edcias<\/title>\n<meta name=\"robots\" content=\"index, follow, max-snippet:-1, max-image-preview:large, max-video-preview:-1\" \/>\n<link rel=\"canonical\" href=\"https:\/\/jornalfatosenoticias.com.br\/index.php\/2024\/04\/25\/a-semana-no-brasil-e-no-mundo-agencias-proximas-ao-pt-vencem-megalicitacao-de-lula\/\" \/>\n<meta property=\"og:locale\" content=\"pt_BR\" \/>\n<meta property=\"og:type\" content=\"article\" \/>\n<meta property=\"og:title\" content=\"A Semana no Brasil e no Mundo \u2014 Ag\u00eancias pr\u00f3ximas ao PT vencem megalicita\u00e7\u00e3o de Lula - Jornal Fatos e Not\u00edcias\" \/>\n<meta property=\"og:description\" content=\"Nesta quarta-feira (24) veio a p\u00fablico que as ag\u00eancias Moringa, BRMais, \u00c1rea Comunica\u00e7\u00e3o e Usina Digital foram as vencedoras da megalicita\u00e7\u00e3o de comunica\u00e7\u00e3o realizada pelo governo Lula, com o objetivo de impulsionar a popularidade do presidente. Curiosamente, o Antagonista j\u00e1 tinha conhecimento do resultado desde o dia anterior, levantando questionamentos sobre a transpar\u00eancia do processo.O [&hellip;]\" \/>\n<meta property=\"og:url\" content=\"https:\/\/jornalfatosenoticias.com.br\/index.php\/2024\/04\/25\/a-semana-no-brasil-e-no-mundo-agencias-proximas-ao-pt-vencem-megalicitacao-de-lula\/\" \/>\n<meta property=\"og:site_name\" content=\"Jornal Fatos e Not\u00edcias\" \/>\n<meta property=\"article:published_time\" content=\"2024-04-25T16:42:10+00:00\" \/>\n<meta property=\"article:modified_time\" content=\"2024-04-25T16:42:11+00:00\" \/>\n<meta property=\"og:image\" content=\"https:\/\/jornalfatosenoticias.com.br\/wp-content\/uploads\/2024\/04\/megalicitacao-pt.jpg\" \/>\n\t<meta property=\"og:image:width\" content=\"750\" \/>\n\t<meta property=\"og:image:height\" content=\"375\" \/>\n\t<meta property=\"og:image:type\" content=\"image\/jpeg\" \/>\n<meta name=\"author\" content=\"Haroldo Filho\" \/>\n<meta name=\"twitter:card\" content=\"summary_large_image\" \/>\n<meta name=\"twitter:label1\" content=\"Escrito por\" \/>\n\t<meta name=\"twitter:data1\" content=\"Haroldo Filho\" \/>\n\t<meta name=\"twitter:label2\" content=\"Est. tempo de leitura\" \/>\n\t<meta name=\"twitter:data2\" content=\"9 minutos\" \/>\n<script type=\"application\/ld+json\" class=\"yoast-schema-graph\">{\"@context\":\"https:\/\/schema.org\",\"@graph\":[{\"@type\":\"Article\",\"@id\":\"https:\/\/jornalfatosenoticias.com.br\/index.php\/2024\/04\/25\/a-semana-no-brasil-e-no-mundo-agencias-proximas-ao-pt-vencem-megalicitacao-de-lula\/#article\",\"isPartOf\":{\"@id\":\"https:\/\/jornalfatosenoticias.com.br\/index.php\/2024\/04\/25\/a-semana-no-brasil-e-no-mundo-agencias-proximas-ao-pt-vencem-megalicitacao-de-lula\/\"},\"author\":{\"name\":\"Haroldo Filho\",\"@id\":\"https:\/\/jornalfatosenoticias.com.br\/#\/schema\/person\/05c46cc25b42a5c27e004fb0fa6b4965\"},\"headline\":\"A Semana no Brasil e no Mundo \u2014 Ag\u00eancias pr\u00f3ximas ao PT vencem megalicita\u00e7\u00e3o de Lula\",\"datePublished\":\"2024-04-25T16:42:10+00:00\",\"dateModified\":\"2024-04-25T16:42:11+00:00\",\"mainEntityOfPage\":{\"@id\":\"https:\/\/jornalfatosenoticias.com.br\/index.php\/2024\/04\/25\/a-semana-no-brasil-e-no-mundo-agencias-proximas-ao-pt-vencem-megalicitacao-de-lula\/\"},\"wordCount\":1815,\"commentCount\":0,\"publisher\":{\"@id\":\"https:\/\/jornalfatosenoticias.com.br\/#organization\"},\"image\":{\"@id\":\"https:\/\/jornalfatosenoticias.com.br\/index.php\/2024\/04\/25\/a-semana-no-brasil-e-no-mundo-agencias-proximas-ao-pt-vencem-megalicitacao-de-lula\/#primaryimage\"},\"thumbnailUrl\":\"https:\/\/jornalfatosenoticias.com.br\/wp-content\/uploads\/2024\/04\/megalicitacao-pt.jpg\",\"keywords\":[\"Arthur Lira\",\"C\u00e2mara dos Deputados\",\"cassa\u00e7\u00e3o\",\"Conselho de \u00c9tica\",\"Glauber Braga\",\"Gleisi Hoffmann\",\"Jo\u00e3o Pedro St\u00e9dile\",\"megalicita\u00e7\u00e3o\",\"MST\",\"Pal\u00e1cio do Planalto\",\"PT\",\"STF\"],\"articleSection\":[\"Pol\u00edtica\"],\"inLanguage\":\"pt-BR\",\"potentialAction\":[{\"@type\":\"CommentAction\",\"name\":\"Comment\",\"target\":[\"https:\/\/jornalfatosenoticias.com.br\/index.php\/2024\/04\/25\/a-semana-no-brasil-e-no-mundo-agencias-proximas-ao-pt-vencem-megalicitacao-de-lula\/#respond\"]}]},{\"@type\":\"WebPage\",\"@id\":\"https:\/\/jornalfatosenoticias.com.br\/index.php\/2024\/04\/25\/a-semana-no-brasil-e-no-mundo-agencias-proximas-ao-pt-vencem-megalicitacao-de-lula\/\",\"url\":\"https:\/\/jornalfatosenoticias.com.br\/index.php\/2024\/04\/25\/a-semana-no-brasil-e-no-mundo-agencias-proximas-ao-pt-vencem-megalicitacao-de-lula\/\",\"name\":\"A Semana no Brasil e no Mundo \u2014 Ag\u00eancias pr\u00f3ximas ao PT vencem megalicita\u00e7\u00e3o de Lula - Jornal Fatos e Not\u00edcias\",\"isPartOf\":{\"@id\":\"https:\/\/jornalfatosenoticias.com.br\/#website\"},\"primaryImageOfPage\":{\"@id\":\"https:\/\/jornalfatosenoticias.com.br\/index.php\/2024\/04\/25\/a-semana-no-brasil-e-no-mundo-agencias-proximas-ao-pt-vencem-megalicitacao-de-lula\/#primaryimage\"},\"image\":{\"@id\":\"https:\/\/jornalfatosenoticias.com.br\/index.php\/2024\/04\/25\/a-semana-no-brasil-e-no-mundo-agencias-proximas-ao-pt-vencem-megalicitacao-de-lula\/#primaryimage\"},\"thumbnailUrl\":\"https:\/\/jornalfatosenoticias.com.br\/wp-content\/uploads\/2024\/04\/megalicitacao-pt.jpg\",\"datePublished\":\"2024-04-25T16:42:10+00:00\",\"dateModified\":\"2024-04-25T16:42:11+00:00\",\"breadcrumb\":{\"@id\":\"https:\/\/jornalfatosenoticias.com.br\/index.php\/2024\/04\/25\/a-semana-no-brasil-e-no-mundo-agencias-proximas-ao-pt-vencem-megalicitacao-de-lula\/#breadcrumb\"},\"inLanguage\":\"pt-BR\",\"potentialAction\":[{\"@type\":\"ReadAction\",\"target\":[\"https:\/\/jornalfatosenoticias.com.br\/index.php\/2024\/04\/25\/a-semana-no-brasil-e-no-mundo-agencias-proximas-ao-pt-vencem-megalicitacao-de-lula\/\"]}]},{\"@type\":\"ImageObject\",\"inLanguage\":\"pt-BR\",\"@id\":\"https:\/\/jornalfatosenoticias.com.br\/index.php\/2024\/04\/25\/a-semana-no-brasil-e-no-mundo-agencias-proximas-ao-pt-vencem-megalicitacao-de-lula\/#primaryimage\",\"url\":\"https:\/\/jornalfatosenoticias.com.br\/wp-content\/uploads\/2024\/04\/megalicitacao-pt.jpg\",\"contentUrl\":\"https:\/\/jornalfatosenoticias.com.br\/wp-content\/uploads\/2024\/04\/megalicitacao-pt.jpg\",\"width\":750,\"height\":375},{\"@type\":\"BreadcrumbList\",\"@id\":\"https:\/\/jornalfatosenoticias.com.br\/index.php\/2024\/04\/25\/a-semana-no-brasil-e-no-mundo-agencias-proximas-ao-pt-vencem-megalicitacao-de-lula\/#breadcrumb\",\"itemListElement\":[{\"@type\":\"ListItem\",\"position\":1,\"name\":\"In\u00edcio\",\"item\":\"https:\/\/jornalfatosenoticias.com.br\/\"},{\"@type\":\"ListItem\",\"position\":2,\"name\":\"A Semana no Brasil e no Mundo \u2014 Ag\u00eancias pr\u00f3ximas ao PT vencem megalicita\u00e7\u00e3o de Lula\"}]},{\"@type\":\"WebSite\",\"@id\":\"https:\/\/jornalfatosenoticias.com.br\/#website\",\"url\":\"https:\/\/jornalfatosenoticias.com.br\/\",\"name\":\"Jornal Fatos e Not\u00edcias\",\"description\":\"Not\u00edcias em geral\",\"publisher\":{\"@id\":\"https:\/\/jornalfatosenoticias.com.br\/#organization\"},\"potentialAction\":[{\"@type\":\"SearchAction\",\"target\":{\"@type\":\"EntryPoint\",\"urlTemplate\":\"https:\/\/jornalfatosenoticias.com.br\/?s={search_term_string}\"},\"query-input\":{\"@type\":\"PropertyValueSpecification\",\"valueRequired\":true,\"valueName\":\"search_term_string\"}}],\"inLanguage\":\"pt-BR\"},{\"@type\":\"Organization\",\"@id\":\"https:\/\/jornalfatosenoticias.com.br\/#organization\",\"name\":\"Jornal Fatos e Not\u00edcias\",\"url\":\"https:\/\/jornalfatosenoticias.com.br\/\",\"logo\":{\"@type\":\"ImageObject\",\"inLanguage\":\"pt-BR\",\"@id\":\"https:\/\/jornalfatosenoticias.com.br\/#\/schema\/logo\/image\/\",\"url\":\"https:\/\/jornalfatosenoticias.com.br\/wp-content\/uploads\/2020\/02\/logo120.png\",\"contentUrl\":\"https:\/\/jornalfatosenoticias.com.br\/wp-content\/uploads\/2020\/02\/logo120.png\",\"width\":1227,\"height\":120,\"caption\":\"Jornal Fatos e Not\u00edcias\"},\"image\":{\"@id\":\"https:\/\/jornalfatosenoticias.com.br\/#\/schema\/logo\/image\/\"}},{\"@type\":\"Person\",\"@id\":\"https:\/\/jornalfatosenoticias.com.br\/#\/schema\/person\/05c46cc25b42a5c27e004fb0fa6b4965\",\"name\":\"Haroldo Filho\",\"image\":{\"@type\":\"ImageObject\",\"inLanguage\":\"pt-BR\",\"@id\":\"https:\/\/jornalfatosenoticias.com.br\/#\/schema\/person\/image\/\",\"url\":\"https:\/\/jornalfatosenoticias.com.br\/wp-content\/uploads\/2025\/08\/WhatsApp-Image-2025-08-18-at-15.30.28-150x150.jpeg\",\"contentUrl\":\"https:\/\/jornalfatosenoticias.com.br\/wp-content\/uploads\/2025\/08\/WhatsApp-Image-2025-08-18-at-15.30.28-150x150.jpeg\",\"caption\":\"Haroldo Filho\"},\"description\":\"Jornalista \u2013 DRT: 0003818\/ES Coordenador-geral da ONG Educar para Crescer\",\"url\":\"https:\/\/jornalfatosenoticias.com.br\/index.php\/author\/haroldo\/\"}]}<\/script>\n<!-- \/ Yoast SEO plugin. -->","yoast_head_json":{"title":"A Semana no Brasil e no Mundo \u2014 Ag\u00eancias pr\u00f3ximas ao PT vencem megalicita\u00e7\u00e3o de Lula - Jornal Fatos e Not\u00edcias","robots":{"index":"index","follow":"follow","max-snippet":"max-snippet:-1","max-image-preview":"max-image-preview:large","max-video-preview":"max-video-preview:-1"},"canonical":"https:\/\/jornalfatosenoticias.com.br\/index.php\/2024\/04\/25\/a-semana-no-brasil-e-no-mundo-agencias-proximas-ao-pt-vencem-megalicitacao-de-lula\/","og_locale":"pt_BR","og_type":"article","og_title":"A Semana no Brasil e no Mundo \u2014 Ag\u00eancias pr\u00f3ximas ao PT vencem megalicita\u00e7\u00e3o de Lula - Jornal Fatos e Not\u00edcias","og_description":"Nesta quarta-feira (24) veio a p\u00fablico que as ag\u00eancias Moringa, BRMais, \u00c1rea Comunica\u00e7\u00e3o e Usina Digital foram as vencedoras da megalicita\u00e7\u00e3o de comunica\u00e7\u00e3o realizada pelo governo Lula, com o objetivo de impulsionar a popularidade do presidente. Curiosamente, o Antagonista j\u00e1 tinha conhecimento do resultado desde o dia anterior, levantando questionamentos sobre a transpar\u00eancia do processo.O [&hellip;]","og_url":"https:\/\/jornalfatosenoticias.com.br\/index.php\/2024\/04\/25\/a-semana-no-brasil-e-no-mundo-agencias-proximas-ao-pt-vencem-megalicitacao-de-lula\/","og_site_name":"Jornal Fatos e Not\u00edcias","article_published_time":"2024-04-25T16:42:10+00:00","article_modified_time":"2024-04-25T16:42:11+00:00","og_image":[{"width":750,"height":375,"url":"https:\/\/jornalfatosenoticias.com.br\/wp-content\/uploads\/2024\/04\/megalicitacao-pt.jpg","type":"image\/jpeg"}],"author":"Haroldo Filho","twitter_card":"summary_large_image","twitter_misc":{"Escrito por":"Haroldo Filho","Est. tempo de leitura":"9 minutos"},"schema":{"@context":"https:\/\/schema.org","@graph":[{"@type":"Article","@id":"https:\/\/jornalfatosenoticias.com.br\/index.php\/2024\/04\/25\/a-semana-no-brasil-e-no-mundo-agencias-proximas-ao-pt-vencem-megalicitacao-de-lula\/#article","isPartOf":{"@id":"https:\/\/jornalfatosenoticias.com.br\/index.php\/2024\/04\/25\/a-semana-no-brasil-e-no-mundo-agencias-proximas-ao-pt-vencem-megalicitacao-de-lula\/"},"author":{"name":"Haroldo Filho","@id":"https:\/\/jornalfatosenoticias.com.br\/#\/schema\/person\/05c46cc25b42a5c27e004fb0fa6b4965"},"headline":"A Semana no Brasil e no Mundo \u2014 Ag\u00eancias pr\u00f3ximas ao PT vencem megalicita\u00e7\u00e3o de Lula","datePublished":"2024-04-25T16:42:10+00:00","dateModified":"2024-04-25T16:42:11+00:00","mainEntityOfPage":{"@id":"https:\/\/jornalfatosenoticias.com.br\/index.php\/2024\/04\/25\/a-semana-no-brasil-e-no-mundo-agencias-proximas-ao-pt-vencem-megalicitacao-de-lula\/"},"wordCount":1815,"commentCount":0,"publisher":{"@id":"https:\/\/jornalfatosenoticias.com.br\/#organization"},"image":{"@id":"https:\/\/jornalfatosenoticias.com.br\/index.php\/2024\/04\/25\/a-semana-no-brasil-e-no-mundo-agencias-proximas-ao-pt-vencem-megalicitacao-de-lula\/#primaryimage"},"thumbnailUrl":"https:\/\/jornalfatosenoticias.com.br\/wp-content\/uploads\/2024\/04\/megalicitacao-pt.jpg","keywords":["Arthur Lira","C\u00e2mara dos Deputados","cassa\u00e7\u00e3o","Conselho de \u00c9tica","Glauber Braga","Gleisi Hoffmann","Jo\u00e3o Pedro St\u00e9dile","megalicita\u00e7\u00e3o","MST","Pal\u00e1cio do Planalto","PT","STF"],"articleSection":["Pol\u00edtica"],"inLanguage":"pt-BR","potentialAction":[{"@type":"CommentAction","name":"Comment","target":["https:\/\/jornalfatosenoticias.com.br\/index.php\/2024\/04\/25\/a-semana-no-brasil-e-no-mundo-agencias-proximas-ao-pt-vencem-megalicitacao-de-lula\/#respond"]}]},{"@type":"WebPage","@id":"https:\/\/jornalfatosenoticias.com.br\/index.php\/2024\/04\/25\/a-semana-no-brasil-e-no-mundo-agencias-proximas-ao-pt-vencem-megalicitacao-de-lula\/","url":"https:\/\/jornalfatosenoticias.com.br\/index.php\/2024\/04\/25\/a-semana-no-brasil-e-no-mundo-agencias-proximas-ao-pt-vencem-megalicitacao-de-lula\/","name":"A Semana no Brasil e no Mundo \u2014 Ag\u00eancias pr\u00f3ximas ao PT vencem megalicita\u00e7\u00e3o de Lula - Jornal Fatos e Not\u00edcias","isPartOf":{"@id":"https:\/\/jornalfatosenoticias.com.br\/#website"},"primaryImageOfPage":{"@id":"https:\/\/jornalfatosenoticias.com.br\/index.php\/2024\/04\/25\/a-semana-no-brasil-e-no-mundo-agencias-proximas-ao-pt-vencem-megalicitacao-de-lula\/#primaryimage"},"image":{"@id":"https:\/\/jornalfatosenoticias.com.br\/index.php\/2024\/04\/25\/a-semana-no-brasil-e-no-mundo-agencias-proximas-ao-pt-vencem-megalicitacao-de-lula\/#primaryimage"},"thumbnailUrl":"https:\/\/jornalfatosenoticias.com.br\/wp-content\/uploads\/2024\/04\/megalicitacao-pt.jpg","datePublished":"2024-04-25T16:42:10+00:00","dateModified":"2024-04-25T16:42:11+00:00","breadcrumb":{"@id":"https:\/\/jornalfatosenoticias.com.br\/index.php\/2024\/04\/25\/a-semana-no-brasil-e-no-mundo-agencias-proximas-ao-pt-vencem-megalicitacao-de-lula\/#breadcrumb"},"inLanguage":"pt-BR","potentialAction":[{"@type":"ReadAction","target":["https:\/\/jornalfatosenoticias.com.br\/index.php\/2024\/04\/25\/a-semana-no-brasil-e-no-mundo-agencias-proximas-ao-pt-vencem-megalicitacao-de-lula\/"]}]},{"@type":"ImageObject","inLanguage":"pt-BR","@id":"https:\/\/jornalfatosenoticias.com.br\/index.php\/2024\/04\/25\/a-semana-no-brasil-e-no-mundo-agencias-proximas-ao-pt-vencem-megalicitacao-de-lula\/#primaryimage","url":"https:\/\/jornalfatosenoticias.com.br\/wp-content\/uploads\/2024\/04\/megalicitacao-pt.jpg","contentUrl":"https:\/\/jornalfatosenoticias.com.br\/wp-content\/uploads\/2024\/04\/megalicitacao-pt.jpg","width":750,"height":375},{"@type":"BreadcrumbList","@id":"https:\/\/jornalfatosenoticias.com.br\/index.php\/2024\/04\/25\/a-semana-no-brasil-e-no-mundo-agencias-proximas-ao-pt-vencem-megalicitacao-de-lula\/#breadcrumb","itemListElement":[{"@type":"ListItem","position":1,"name":"In\u00edcio","item":"https:\/\/jornalfatosenoticias.com.br\/"},{"@type":"ListItem","position":2,"name":"A Semana no Brasil e no Mundo \u2014 Ag\u00eancias pr\u00f3ximas ao PT vencem megalicita\u00e7\u00e3o de Lula"}]},{"@type":"WebSite","@id":"https:\/\/jornalfatosenoticias.com.br\/#website","url":"https:\/\/jornalfatosenoticias.com.br\/","name":"Jornal Fatos e Not\u00edcias","description":"Not\u00edcias em geral","publisher":{"@id":"https:\/\/jornalfatosenoticias.com.br\/#organization"},"potentialAction":[{"@type":"SearchAction","target":{"@type":"EntryPoint","urlTemplate":"https:\/\/jornalfatosenoticias.com.br\/?s={search_term_string}"},"query-input":{"@type":"PropertyValueSpecification","valueRequired":true,"valueName":"search_term_string"}}],"inLanguage":"pt-BR"},{"@type":"Organization","@id":"https:\/\/jornalfatosenoticias.com.br\/#organization","name":"Jornal Fatos e Not\u00edcias","url":"https:\/\/jornalfatosenoticias.com.br\/","logo":{"@type":"ImageObject","inLanguage":"pt-BR","@id":"https:\/\/jornalfatosenoticias.com.br\/#\/schema\/logo\/image\/","url":"https:\/\/jornalfatosenoticias.com.br\/wp-content\/uploads\/2020\/02\/logo120.png","contentUrl":"https:\/\/jornalfatosenoticias.com.br\/wp-content\/uploads\/2020\/02\/logo120.png","width":1227,"height":120,"caption":"Jornal Fatos e Not\u00edcias"},"image":{"@id":"https:\/\/jornalfatosenoticias.com.br\/#\/schema\/logo\/image\/"}},{"@type":"Person","@id":"https:\/\/jornalfatosenoticias.com.br\/#\/schema\/person\/05c46cc25b42a5c27e004fb0fa6b4965","name":"Haroldo Filho","image":{"@type":"ImageObject","inLanguage":"pt-BR","@id":"https:\/\/jornalfatosenoticias.com.br\/#\/schema\/person\/image\/","url":"https:\/\/jornalfatosenoticias.com.br\/wp-content\/uploads\/2025\/08\/WhatsApp-Image-2025-08-18-at-15.30.28-150x150.jpeg","contentUrl":"https:\/\/jornalfatosenoticias.com.br\/wp-content\/uploads\/2025\/08\/WhatsApp-Image-2025-08-18-at-15.30.28-150x150.jpeg","caption":"Haroldo Filho"},"description":"Jornalista \u2013 DRT: 0003818\/ES Coordenador-geral da ONG Educar para Crescer","url":"https:\/\/jornalfatosenoticias.com.br\/index.php\/author\/haroldo\/"}]}},"cc_featured_image_caption":{"caption_text":"(Foto: Ant\u00f4nio Cruz\/Ag\u00eancia Brasil)","source_text":"","source_url":""},"jetpack_featured_media_url":"https:\/\/jornalfatosenoticias.com.br\/wp-content\/uploads\/2024\/04\/megalicitacao-pt.jpg","_links":{"self":[{"href":"https:\/\/jornalfatosenoticias.com.br\/index.php\/wp-json\/wp\/v2\/posts\/50842","targetHints":{"allow":["GET"]}}],"collection":[{"href":"https:\/\/jornalfatosenoticias.com.br\/index.php\/wp-json\/wp\/v2\/posts"}],"about":[{"href":"https:\/\/jornalfatosenoticias.com.br\/index.php\/wp-json\/wp\/v2\/types\/post"}],"author":[{"embeddable":true,"href":"https:\/\/jornalfatosenoticias.com.br\/index.php\/wp-json\/wp\/v2\/users\/3"}],"replies":[{"embeddable":true,"href":"https:\/\/jornalfatosenoticias.com.br\/index.php\/wp-json\/wp\/v2\/comments?post=50842"}],"version-history":[{"count":0,"href":"https:\/\/jornalfatosenoticias.com.br\/index.php\/wp-json\/wp\/v2\/posts\/50842\/revisions"}],"wp:featuredmedia":[{"embeddable":true,"href":"https:\/\/jornalfatosenoticias.com.br\/index.php\/wp-json\/wp\/v2\/media\/50849"}],"wp:attachment":[{"href":"https:\/\/jornalfatosenoticias.com.br\/index.php\/wp-json\/wp\/v2\/media?parent=50842"}],"wp:term":[{"taxonomy":"category","embeddable":true,"href":"https:\/\/jornalfatosenoticias.com.br\/index.php\/wp-json\/wp\/v2\/categories?post=50842"},{"taxonomy":"post_tag","embeddable":true,"href":"https:\/\/jornalfatosenoticias.com.br\/index.php\/wp-json\/wp\/v2\/tags?post=50842"}],"curies":[{"name":"wp","href":"https:\/\/api.w.org\/{rel}","templated":true}]}}