{"id":5090,"date":"2020-05-29T15:27:54","date_gmt":"2020-05-29T18:27:54","guid":{"rendered":"https:\/\/jornalfatosenoticias.com.br\/?p=5090"},"modified":"2020-05-29T15:27:59","modified_gmt":"2020-05-29T18:27:59","slug":"inpe-da-apoio-tecnico-a-atualizacao-do-atlas-da-mata-atlantica","status":"publish","type":"post","link":"https:\/\/jornalfatosenoticias.com.br\/index.php\/2020\/05\/29\/inpe-da-apoio-tecnico-a-atualizacao-do-atlas-da-mata-atlantica\/","title":{"rendered":"Inpe d\u00e1 apoio t\u00e9cnico a atualiza\u00e7\u00e3o do Atlas da Mata Atl\u00e2ntica"},"content":{"rendered":"\n<p>Foram desmatados 14.502 hectares na Mata Atl\u00e2ntica entre 2018-2019. A boa not\u00edcia \u00e9 que Alagoas e Rio Grande do Norte conseguiram zerar desflorestamento e outros sete estados est\u00e3o pr\u00f3ximos de zero desmatamento.<br>Entre 2018-2019 foram desflorestados um total de 14.502 hectares, crescimento de 27,2% comparado com o per\u00edodo anterior 2017-2018, quando foram desmatados 11.399 hectares. As informa\u00e7\u00f5es atualizam o Atlas da Mata Atl\u00e2ntica, iniciativa da Funda\u00e7\u00e3o SOS Mata Atl\u00e2ntica e do Instituto Nacional de Pesquisas Espaciais (Inpe).<br>Mais uma vez o estado com maior desmatamento foi Minas Gerais, que teve uma perda de quase 5.000 hectares de floresta nativa. A Bahia ficou em segundo lugar, com 3.532 hectares, seguido pelo Paran\u00e1, com 2.767 hectares. Os tr\u00eas l\u00edderes do ranking tiveram aumento de desflorestamento de 47%, 78% e 35% respectivamente, ao comparar com o per\u00edodo anterior. J\u00e1 o quarto e quinto lugares da lista, Piau\u00ed e Santa Catarina, tiveram redu\u00e7\u00e3o do desflorestamento em rela\u00e7\u00e3o ao per\u00edodo 2017-1018 de 26% e 22%. Piau\u00ed somou 1.558 hectares desmatados e Santa Catarina 710 hectares. A Tabela 1 mostra os valores de desmatamento encontrados para cada um dos estados.<\/p>\n\n\n\n<figure class=\"wp-block-image size-large\"><img loading=\"lazy\" decoding=\"async\" width=\"1000\" height=\"708\" src=\"https:\/\/jornalfatosenoticias.com.br\/wp-content\/uploads\/2020\/05\/tabela_1_Claudio_SOSMA-1024x726-1.jpg\" alt=\"\" class=\"wp-image-5091\" srcset=\"https:\/\/jornalfatosenoticias.com.br\/wp-content\/uploads\/2020\/05\/tabela_1_Claudio_SOSMA-1024x726-1.jpg 1000w, https:\/\/jornalfatosenoticias.com.br\/wp-content\/uploads\/2020\/05\/tabela_1_Claudio_SOSMA-1024x726-1-300x212.jpg 300w, https:\/\/jornalfatosenoticias.com.br\/wp-content\/uploads\/2020\/05\/tabela_1_Claudio_SOSMA-1024x726-1-768x544.jpg 768w\" sizes=\"auto, (max-width: 1000px) 100vw, 1000px\" \/><\/figure>\n\n\n\n<p>Os estados de Alagoas, Cear\u00e1, Esp\u00edrito Santo, Goi\u00e1s, Para\u00edba, Pernambuco, Rio de Janeiro, Rio Grande do Norte e S\u00e3o Paulo, apresentaram valores muito baixos, chegando at\u00e9 a zerar o desmatamento como Alagoas e Rio Grande do Norte. A Figura 1 e a Tabela 2 mostram a evolu\u00e7\u00e3o dos desmatamento no bioma desde o in\u00edcio do projeto em 1985.<\/p>\n\n\n\n<figure class=\"wp-block-image size-large\"><img loading=\"lazy\" decoding=\"async\" width=\"1000\" height=\"1014\" src=\"https:\/\/jornalfatosenoticias.com.br\/wp-content\/uploads\/2020\/05\/tabela_2_figura_1_Claudio_SOSMA.jpg\" alt=\"\" class=\"wp-image-5092\" srcset=\"https:\/\/jornalfatosenoticias.com.br\/wp-content\/uploads\/2020\/05\/tabela_2_figura_1_Claudio_SOSMA.jpg 1000w, https:\/\/jornalfatosenoticias.com.br\/wp-content\/uploads\/2020\/05\/tabela_2_figura_1_Claudio_SOSMA-296x300.jpg 296w, https:\/\/jornalfatosenoticias.com.br\/wp-content\/uploads\/2020\/05\/tabela_2_figura_1_Claudio_SOSMA-768x779.jpg 768w\" sizes=\"auto, (max-width: 1000px) 100vw, 1000px\" \/><\/figure>\n\n\n\n<h4 class=\"wp-block-heading\">Sobre o Atlas da Mata Atl\u00e2ntica<\/h4>\n\n\n\n<p>O Atlas da Mata Atl\u00e2ntica \u00e9 uma iniciativa da Funda\u00e7\u00e3o SOS Mata Atl\u00e2ntica e do Instituto Nacional de Pesquisas Espaciais (Inpe), que monitora o bioma desde 1985, disponibilizando dados da s\u00e9rie hist\u00f3rica do desmatamento no bioma Mata Atl\u00e2ntica.<br>O estudo fundamenta-se na identifica\u00e7\u00e3o de remanescentes florestais em est\u00e1gios prim\u00e1rio, m\u00e9dio e avan\u00e7ado de regenera\u00e7\u00e3o com ao menos tr\u00eas hectares de \u00e1rea cont\u00ednua bem preservada, que s\u00e3o essenciais \u00e0 conserva\u00e7\u00e3o da biodiversidade no longo prazo. Sendo assim, florestas nativas menores de tr\u00eas hectares, \u00e1reas muito alteradas, ou em regenera\u00e7\u00e3o, e pequenas manchas, especialmente no espa\u00e7o urbano, n\u00e3o s\u00e3o contabilizadas. Esta \u00e1rea m\u00ednima de tr\u00eas hectares tamb\u00e9m justifica-se pela necessidade de manter a compatibilidade com os dados hist\u00f3ricos que permitem a compara\u00e7\u00e3o e monitoramento das altera\u00e7\u00f5es dos fragmentos florestais ao longo do tempo.<\/p>\n\n\n\n<figure class=\"wp-block-image size-large\"><img loading=\"lazy\" decoding=\"async\" width=\"1000\" height=\"666\" src=\"https:\/\/jornalfatosenoticias.com.br\/wp-content\/uploads\/2020\/05\/lucasPontes_floresta.jpg\" alt=\"\" class=\"wp-image-5093\" srcset=\"https:\/\/jornalfatosenoticias.com.br\/wp-content\/uploads\/2020\/05\/lucasPontes_floresta.jpg 1000w, https:\/\/jornalfatosenoticias.com.br\/wp-content\/uploads\/2020\/05\/lucasPontes_floresta-300x200.jpg 300w, https:\/\/jornalfatosenoticias.com.br\/wp-content\/uploads\/2020\/05\/lucasPontes_floresta-768x511.jpg 768w\" sizes=\"auto, (max-width: 1000px) 100vw, 1000px\" \/><figcaption><em>O estado com maior desmatamento foi Minas Gerais, seguido da Bahia e do Paran\u00e1 (Foto: Lucas Pontes)<\/em><\/figcaption><\/figure>\n\n\n\n<p><em><strong>Fonte: <a href=\"http:\/\/www.obt.inpe.br\/OBT\/noticias-obt-inpe\/inpe-da-apoio-tecnico-a-atualizacao-do-atlas-da-mata-atlantica\">Inpe<\/a><\/strong><\/em><\/p>\n","protected":false},"excerpt":{"rendered":"<p>Foram desmatados 14.502 hectares na Mata Atl\u00e2ntica entre 2018-2019. A boa not\u00edcia \u00e9 que Alagoas e Rio Grande do Norte conseguiram zerar desflorestamento e outros sete estados est\u00e3o pr\u00f3ximos de zero desmatamento.Entre 2018-2019 foram desflorestados um total de 14.502 hectares, crescimento de 27,2% comparado com o per\u00edodo anterior 2017-2018, quando foram desmatados 11.399 hectares. As [&hellip;]<\/p>\n","protected":false},"author":2,"featured_media":5094,"comment_status":"open","ping_status":"open","sticky":false,"template":"","format":"standard","meta":{"footnotes":""},"categories":[8],"tags":[3039,3040,1844,336,2964],"class_list":["post-5090","post","type-post","status-publish","format-standard","has-post-thumbnail","hentry","category-meio-ambiente","tag-atlas-inpe","tag-desflorestamento","tag-desmatamento","tag-perda-de-habitat","tag-sos-mata-atlantica"],"yoast_head":"<!-- This site is optimized with the Yoast SEO plugin v26.5 - https:\/\/yoast.com\/wordpress\/plugins\/seo\/ -->\n<title>Inpe d\u00e1 apoio t\u00e9cnico a atualiza\u00e7\u00e3o do Atlas da Mata Atl\u00e2ntica - Jornal Fatos e Not\u00edcias<\/title>\n<meta name=\"robots\" content=\"index, follow, max-snippet:-1, max-image-preview:large, max-video-preview:-1\" \/>\n<link rel=\"canonical\" href=\"https:\/\/jornalfatosenoticias.com.br\/index.php\/2020\/05\/29\/inpe-da-apoio-tecnico-a-atualizacao-do-atlas-da-mata-atlantica\/\" \/>\n<meta property=\"og:locale\" content=\"pt_BR\" \/>\n<meta property=\"og:type\" content=\"article\" \/>\n<meta property=\"og:title\" content=\"Inpe d\u00e1 apoio t\u00e9cnico a atualiza\u00e7\u00e3o do Atlas da Mata Atl\u00e2ntica - Jornal Fatos e Not\u00edcias\" \/>\n<meta property=\"og:description\" content=\"Foram desmatados 14.502 hectares na Mata Atl\u00e2ntica entre 2018-2019. A boa not\u00edcia \u00e9 que Alagoas e Rio Grande do Norte conseguiram zerar desflorestamento e outros sete estados est\u00e3o pr\u00f3ximos de zero desmatamento.Entre 2018-2019 foram desflorestados um total de 14.502 hectares, crescimento de 27,2% comparado com o per\u00edodo anterior 2017-2018, quando foram desmatados 11.399 hectares. As [&hellip;]\" \/>\n<meta property=\"og:url\" content=\"https:\/\/jornalfatosenoticias.com.br\/index.php\/2020\/05\/29\/inpe-da-apoio-tecnico-a-atualizacao-do-atlas-da-mata-atlantica\/\" \/>\n<meta property=\"og:site_name\" content=\"Jornal Fatos e Not\u00edcias\" \/>\n<meta property=\"article:published_time\" content=\"2020-05-29T18:27:54+00:00\" \/>\n<meta property=\"article:modified_time\" content=\"2020-05-29T18:27:59+00:00\" \/>\n<meta property=\"og:image\" content=\"https:\/\/jornalfatosenoticias.com.br\/wp-content\/uploads\/2020\/05\/mata-atlantica-1.jpg\" \/>\n\t<meta property=\"og:image:width\" content=\"1000\" \/>\n\t<meta property=\"og:image:height\" content=\"247\" \/>\n\t<meta property=\"og:image:type\" content=\"image\/jpeg\" \/>\n<meta name=\"author\" content=\"Luzimara Fernandes\" \/>\n<meta name=\"twitter:card\" content=\"summary_large_image\" \/>\n<meta name=\"twitter:label1\" content=\"Escrito por\" \/>\n\t<meta name=\"twitter:data1\" content=\"Luzimara Fernandes\" \/>\n\t<meta name=\"twitter:label2\" content=\"Est. tempo de leitura\" \/>\n\t<meta name=\"twitter:data2\" content=\"2 minutos\" \/>\n<script type=\"application\/ld+json\" class=\"yoast-schema-graph\">{\"@context\":\"https:\/\/schema.org\",\"@graph\":[{\"@type\":\"Article\",\"@id\":\"https:\/\/jornalfatosenoticias.com.br\/index.php\/2020\/05\/29\/inpe-da-apoio-tecnico-a-atualizacao-do-atlas-da-mata-atlantica\/#article\",\"isPartOf\":{\"@id\":\"https:\/\/jornalfatosenoticias.com.br\/index.php\/2020\/05\/29\/inpe-da-apoio-tecnico-a-atualizacao-do-atlas-da-mata-atlantica\/\"},\"author\":{\"name\":\"Luzimara Fernandes\",\"@id\":\"https:\/\/jornalfatosenoticias.com.br\/#\/schema\/person\/d63837fa13ac8666eb9e74e0985d6f81\"},\"headline\":\"Inpe d\u00e1 apoio t\u00e9cnico a atualiza\u00e7\u00e3o do Atlas da Mata Atl\u00e2ntica\",\"datePublished\":\"2020-05-29T18:27:54+00:00\",\"dateModified\":\"2020-05-29T18:27:59+00:00\",\"mainEntityOfPage\":{\"@id\":\"https:\/\/jornalfatosenoticias.com.br\/index.php\/2020\/05\/29\/inpe-da-apoio-tecnico-a-atualizacao-do-atlas-da-mata-atlantica\/\"},\"wordCount\":439,\"commentCount\":0,\"publisher\":{\"@id\":\"https:\/\/jornalfatosenoticias.com.br\/#organization\"},\"image\":{\"@id\":\"https:\/\/jornalfatosenoticias.com.br\/index.php\/2020\/05\/29\/inpe-da-apoio-tecnico-a-atualizacao-do-atlas-da-mata-atlantica\/#primaryimage\"},\"thumbnailUrl\":\"https:\/\/jornalfatosenoticias.com.br\/wp-content\/uploads\/2020\/05\/mata-atlantica-1.jpg\",\"keywords\":[\"Atlas Inpe\",\"desflorestamento\",\"desmatamento\",\"perda de habitat\",\"SOS Mata Atl\u00e2ntica\"],\"articleSection\":[\"Meio ambiente\"],\"inLanguage\":\"pt-BR\",\"potentialAction\":[{\"@type\":\"CommentAction\",\"name\":\"Comment\",\"target\":[\"https:\/\/jornalfatosenoticias.com.br\/index.php\/2020\/05\/29\/inpe-da-apoio-tecnico-a-atualizacao-do-atlas-da-mata-atlantica\/#respond\"]}]},{\"@type\":\"WebPage\",\"@id\":\"https:\/\/jornalfatosenoticias.com.br\/index.php\/2020\/05\/29\/inpe-da-apoio-tecnico-a-atualizacao-do-atlas-da-mata-atlantica\/\",\"url\":\"https:\/\/jornalfatosenoticias.com.br\/index.php\/2020\/05\/29\/inpe-da-apoio-tecnico-a-atualizacao-do-atlas-da-mata-atlantica\/\",\"name\":\"Inpe d\u00e1 apoio t\u00e9cnico a atualiza\u00e7\u00e3o do Atlas da Mata Atl\u00e2ntica - Jornal Fatos e Not\u00edcias\",\"isPartOf\":{\"@id\":\"https:\/\/jornalfatosenoticias.com.br\/#website\"},\"primaryImageOfPage\":{\"@id\":\"https:\/\/jornalfatosenoticias.com.br\/index.php\/2020\/05\/29\/inpe-da-apoio-tecnico-a-atualizacao-do-atlas-da-mata-atlantica\/#primaryimage\"},\"image\":{\"@id\":\"https:\/\/jornalfatosenoticias.com.br\/index.php\/2020\/05\/29\/inpe-da-apoio-tecnico-a-atualizacao-do-atlas-da-mata-atlantica\/#primaryimage\"},\"thumbnailUrl\":\"https:\/\/jornalfatosenoticias.com.br\/wp-content\/uploads\/2020\/05\/mata-atlantica-1.jpg\",\"datePublished\":\"2020-05-29T18:27:54+00:00\",\"dateModified\":\"2020-05-29T18:27:59+00:00\",\"breadcrumb\":{\"@id\":\"https:\/\/jornalfatosenoticias.com.br\/index.php\/2020\/05\/29\/inpe-da-apoio-tecnico-a-atualizacao-do-atlas-da-mata-atlantica\/#breadcrumb\"},\"inLanguage\":\"pt-BR\",\"potentialAction\":[{\"@type\":\"ReadAction\",\"target\":[\"https:\/\/jornalfatosenoticias.com.br\/index.php\/2020\/05\/29\/inpe-da-apoio-tecnico-a-atualizacao-do-atlas-da-mata-atlantica\/\"]}]},{\"@type\":\"ImageObject\",\"inLanguage\":\"pt-BR\",\"@id\":\"https:\/\/jornalfatosenoticias.com.br\/index.php\/2020\/05\/29\/inpe-da-apoio-tecnico-a-atualizacao-do-atlas-da-mata-atlantica\/#primaryimage\",\"url\":\"https:\/\/jornalfatosenoticias.com.br\/wp-content\/uploads\/2020\/05\/mata-atlantica-1.jpg\",\"contentUrl\":\"https:\/\/jornalfatosenoticias.com.br\/wp-content\/uploads\/2020\/05\/mata-atlantica-1.jpg\",\"width\":1000,\"height\":247},{\"@type\":\"BreadcrumbList\",\"@id\":\"https:\/\/jornalfatosenoticias.com.br\/index.php\/2020\/05\/29\/inpe-da-apoio-tecnico-a-atualizacao-do-atlas-da-mata-atlantica\/#breadcrumb\",\"itemListElement\":[{\"@type\":\"ListItem\",\"position\":1,\"name\":\"In\u00edcio\",\"item\":\"https:\/\/jornalfatosenoticias.com.br\/\"},{\"@type\":\"ListItem\",\"position\":2,\"name\":\"Inpe d\u00e1 apoio t\u00e9cnico a atualiza\u00e7\u00e3o do Atlas da Mata Atl\u00e2ntica\"}]},{\"@type\":\"WebSite\",\"@id\":\"https:\/\/jornalfatosenoticias.com.br\/#website\",\"url\":\"https:\/\/jornalfatosenoticias.com.br\/\",\"name\":\"Jornal Fatos e Not\u00edcias\",\"description\":\"Not\u00edcias em geral\",\"publisher\":{\"@id\":\"https:\/\/jornalfatosenoticias.com.br\/#organization\"},\"potentialAction\":[{\"@type\":\"SearchAction\",\"target\":{\"@type\":\"EntryPoint\",\"urlTemplate\":\"https:\/\/jornalfatosenoticias.com.br\/?s={search_term_string}\"},\"query-input\":{\"@type\":\"PropertyValueSpecification\",\"valueRequired\":true,\"valueName\":\"search_term_string\"}}],\"inLanguage\":\"pt-BR\"},{\"@type\":\"Organization\",\"@id\":\"https:\/\/jornalfatosenoticias.com.br\/#organization\",\"name\":\"Jornal Fatos e Not\u00edcias\",\"url\":\"https:\/\/jornalfatosenoticias.com.br\/\",\"logo\":{\"@type\":\"ImageObject\",\"inLanguage\":\"pt-BR\",\"@id\":\"https:\/\/jornalfatosenoticias.com.br\/#\/schema\/logo\/image\/\",\"url\":\"https:\/\/jornalfatosenoticias.com.br\/wp-content\/uploads\/2020\/02\/logo120.png\",\"contentUrl\":\"https:\/\/jornalfatosenoticias.com.br\/wp-content\/uploads\/2020\/02\/logo120.png\",\"width\":1227,\"height\":120,\"caption\":\"Jornal Fatos e Not\u00edcias\"},\"image\":{\"@id\":\"https:\/\/jornalfatosenoticias.com.br\/#\/schema\/logo\/image\/\"}},{\"@type\":\"Person\",\"@id\":\"https:\/\/jornalfatosenoticias.com.br\/#\/schema\/person\/d63837fa13ac8666eb9e74e0985d6f81\",\"name\":\"Luzimara Fernandes\",\"image\":{\"@type\":\"ImageObject\",\"inLanguage\":\"pt-BR\",\"@id\":\"https:\/\/jornalfatosenoticias.com.br\/#\/schema\/person\/image\/\",\"url\":\"https:\/\/jornalfatosenoticias.com.br\/wp-content\/uploads\/2025\/05\/EU_portal.jpg\",\"contentUrl\":\"https:\/\/jornalfatosenoticias.com.br\/wp-content\/uploads\/2025\/05\/EU_portal.jpg\",\"caption\":\"Luzimara Fernandes\"},\"description\":\"Jornalista MTB 2358-ES\",\"sameAs\":[\"https:\/\/jornalfatosenoticias.com.br\"],\"url\":\"https:\/\/jornalfatosenoticias.com.br\/index.php\/author\/luzimara\/\"}]}<\/script>\n<!-- \/ Yoast SEO plugin. -->","yoast_head_json":{"title":"Inpe d\u00e1 apoio t\u00e9cnico a atualiza\u00e7\u00e3o do Atlas da Mata Atl\u00e2ntica - Jornal Fatos e Not\u00edcias","robots":{"index":"index","follow":"follow","max-snippet":"max-snippet:-1","max-image-preview":"max-image-preview:large","max-video-preview":"max-video-preview:-1"},"canonical":"https:\/\/jornalfatosenoticias.com.br\/index.php\/2020\/05\/29\/inpe-da-apoio-tecnico-a-atualizacao-do-atlas-da-mata-atlantica\/","og_locale":"pt_BR","og_type":"article","og_title":"Inpe d\u00e1 apoio t\u00e9cnico a atualiza\u00e7\u00e3o do Atlas da Mata Atl\u00e2ntica - Jornal Fatos e Not\u00edcias","og_description":"Foram desmatados 14.502 hectares na Mata Atl\u00e2ntica entre 2018-2019. A boa not\u00edcia \u00e9 que Alagoas e Rio Grande do Norte conseguiram zerar desflorestamento e outros sete estados est\u00e3o pr\u00f3ximos de zero desmatamento.Entre 2018-2019 foram desflorestados um total de 14.502 hectares, crescimento de 27,2% comparado com o per\u00edodo anterior 2017-2018, quando foram desmatados 11.399 hectares. As [&hellip;]","og_url":"https:\/\/jornalfatosenoticias.com.br\/index.php\/2020\/05\/29\/inpe-da-apoio-tecnico-a-atualizacao-do-atlas-da-mata-atlantica\/","og_site_name":"Jornal Fatos e Not\u00edcias","article_published_time":"2020-05-29T18:27:54+00:00","article_modified_time":"2020-05-29T18:27:59+00:00","og_image":[{"width":1000,"height":247,"url":"https:\/\/jornalfatosenoticias.com.br\/wp-content\/uploads\/2020\/05\/mata-atlantica-1.jpg","type":"image\/jpeg"}],"author":"Luzimara Fernandes","twitter_card":"summary_large_image","twitter_misc":{"Escrito por":"Luzimara Fernandes","Est. tempo de leitura":"2 minutos"},"schema":{"@context":"https:\/\/schema.org","@graph":[{"@type":"Article","@id":"https:\/\/jornalfatosenoticias.com.br\/index.php\/2020\/05\/29\/inpe-da-apoio-tecnico-a-atualizacao-do-atlas-da-mata-atlantica\/#article","isPartOf":{"@id":"https:\/\/jornalfatosenoticias.com.br\/index.php\/2020\/05\/29\/inpe-da-apoio-tecnico-a-atualizacao-do-atlas-da-mata-atlantica\/"},"author":{"name":"Luzimara Fernandes","@id":"https:\/\/jornalfatosenoticias.com.br\/#\/schema\/person\/d63837fa13ac8666eb9e74e0985d6f81"},"headline":"Inpe d\u00e1 apoio t\u00e9cnico a atualiza\u00e7\u00e3o do Atlas da Mata Atl\u00e2ntica","datePublished":"2020-05-29T18:27:54+00:00","dateModified":"2020-05-29T18:27:59+00:00","mainEntityOfPage":{"@id":"https:\/\/jornalfatosenoticias.com.br\/index.php\/2020\/05\/29\/inpe-da-apoio-tecnico-a-atualizacao-do-atlas-da-mata-atlantica\/"},"wordCount":439,"commentCount":0,"publisher":{"@id":"https:\/\/jornalfatosenoticias.com.br\/#organization"},"image":{"@id":"https:\/\/jornalfatosenoticias.com.br\/index.php\/2020\/05\/29\/inpe-da-apoio-tecnico-a-atualizacao-do-atlas-da-mata-atlantica\/#primaryimage"},"thumbnailUrl":"https:\/\/jornalfatosenoticias.com.br\/wp-content\/uploads\/2020\/05\/mata-atlantica-1.jpg","keywords":["Atlas Inpe","desflorestamento","desmatamento","perda de habitat","SOS Mata Atl\u00e2ntica"],"articleSection":["Meio ambiente"],"inLanguage":"pt-BR","potentialAction":[{"@type":"CommentAction","name":"Comment","target":["https:\/\/jornalfatosenoticias.com.br\/index.php\/2020\/05\/29\/inpe-da-apoio-tecnico-a-atualizacao-do-atlas-da-mata-atlantica\/#respond"]}]},{"@type":"WebPage","@id":"https:\/\/jornalfatosenoticias.com.br\/index.php\/2020\/05\/29\/inpe-da-apoio-tecnico-a-atualizacao-do-atlas-da-mata-atlantica\/","url":"https:\/\/jornalfatosenoticias.com.br\/index.php\/2020\/05\/29\/inpe-da-apoio-tecnico-a-atualizacao-do-atlas-da-mata-atlantica\/","name":"Inpe d\u00e1 apoio t\u00e9cnico a atualiza\u00e7\u00e3o do Atlas da Mata Atl\u00e2ntica - Jornal Fatos e Not\u00edcias","isPartOf":{"@id":"https:\/\/jornalfatosenoticias.com.br\/#website"},"primaryImageOfPage":{"@id":"https:\/\/jornalfatosenoticias.com.br\/index.php\/2020\/05\/29\/inpe-da-apoio-tecnico-a-atualizacao-do-atlas-da-mata-atlantica\/#primaryimage"},"image":{"@id":"https:\/\/jornalfatosenoticias.com.br\/index.php\/2020\/05\/29\/inpe-da-apoio-tecnico-a-atualizacao-do-atlas-da-mata-atlantica\/#primaryimage"},"thumbnailUrl":"https:\/\/jornalfatosenoticias.com.br\/wp-content\/uploads\/2020\/05\/mata-atlantica-1.jpg","datePublished":"2020-05-29T18:27:54+00:00","dateModified":"2020-05-29T18:27:59+00:00","breadcrumb":{"@id":"https:\/\/jornalfatosenoticias.com.br\/index.php\/2020\/05\/29\/inpe-da-apoio-tecnico-a-atualizacao-do-atlas-da-mata-atlantica\/#breadcrumb"},"inLanguage":"pt-BR","potentialAction":[{"@type":"ReadAction","target":["https:\/\/jornalfatosenoticias.com.br\/index.php\/2020\/05\/29\/inpe-da-apoio-tecnico-a-atualizacao-do-atlas-da-mata-atlantica\/"]}]},{"@type":"ImageObject","inLanguage":"pt-BR","@id":"https:\/\/jornalfatosenoticias.com.br\/index.php\/2020\/05\/29\/inpe-da-apoio-tecnico-a-atualizacao-do-atlas-da-mata-atlantica\/#primaryimage","url":"https:\/\/jornalfatosenoticias.com.br\/wp-content\/uploads\/2020\/05\/mata-atlantica-1.jpg","contentUrl":"https:\/\/jornalfatosenoticias.com.br\/wp-content\/uploads\/2020\/05\/mata-atlantica-1.jpg","width":1000,"height":247},{"@type":"BreadcrumbList","@id":"https:\/\/jornalfatosenoticias.com.br\/index.php\/2020\/05\/29\/inpe-da-apoio-tecnico-a-atualizacao-do-atlas-da-mata-atlantica\/#breadcrumb","itemListElement":[{"@type":"ListItem","position":1,"name":"In\u00edcio","item":"https:\/\/jornalfatosenoticias.com.br\/"},{"@type":"ListItem","position":2,"name":"Inpe d\u00e1 apoio t\u00e9cnico a atualiza\u00e7\u00e3o do Atlas da Mata Atl\u00e2ntica"}]},{"@type":"WebSite","@id":"https:\/\/jornalfatosenoticias.com.br\/#website","url":"https:\/\/jornalfatosenoticias.com.br\/","name":"Jornal Fatos e Not\u00edcias","description":"Not\u00edcias em geral","publisher":{"@id":"https:\/\/jornalfatosenoticias.com.br\/#organization"},"potentialAction":[{"@type":"SearchAction","target":{"@type":"EntryPoint","urlTemplate":"https:\/\/jornalfatosenoticias.com.br\/?s={search_term_string}"},"query-input":{"@type":"PropertyValueSpecification","valueRequired":true,"valueName":"search_term_string"}}],"inLanguage":"pt-BR"},{"@type":"Organization","@id":"https:\/\/jornalfatosenoticias.com.br\/#organization","name":"Jornal Fatos e Not\u00edcias","url":"https:\/\/jornalfatosenoticias.com.br\/","logo":{"@type":"ImageObject","inLanguage":"pt-BR","@id":"https:\/\/jornalfatosenoticias.com.br\/#\/schema\/logo\/image\/","url":"https:\/\/jornalfatosenoticias.com.br\/wp-content\/uploads\/2020\/02\/logo120.png","contentUrl":"https:\/\/jornalfatosenoticias.com.br\/wp-content\/uploads\/2020\/02\/logo120.png","width":1227,"height":120,"caption":"Jornal Fatos e Not\u00edcias"},"image":{"@id":"https:\/\/jornalfatosenoticias.com.br\/#\/schema\/logo\/image\/"}},{"@type":"Person","@id":"https:\/\/jornalfatosenoticias.com.br\/#\/schema\/person\/d63837fa13ac8666eb9e74e0985d6f81","name":"Luzimara Fernandes","image":{"@type":"ImageObject","inLanguage":"pt-BR","@id":"https:\/\/jornalfatosenoticias.com.br\/#\/schema\/person\/image\/","url":"https:\/\/jornalfatosenoticias.com.br\/wp-content\/uploads\/2025\/05\/EU_portal.jpg","contentUrl":"https:\/\/jornalfatosenoticias.com.br\/wp-content\/uploads\/2025\/05\/EU_portal.jpg","caption":"Luzimara Fernandes"},"description":"Jornalista MTB 2358-ES","sameAs":["https:\/\/jornalfatosenoticias.com.br"],"url":"https:\/\/jornalfatosenoticias.com.br\/index.php\/author\/luzimara\/"}]}},"cc_featured_image_caption":{"caption_text":" (Foto: SOS Mata Atl\u00e2ntica)","source_text":"","source_url":""},"jetpack_featured_media_url":"https:\/\/jornalfatosenoticias.com.br\/wp-content\/uploads\/2020\/05\/mata-atlantica-1.jpg","_links":{"self":[{"href":"https:\/\/jornalfatosenoticias.com.br\/index.php\/wp-json\/wp\/v2\/posts\/5090","targetHints":{"allow":["GET"]}}],"collection":[{"href":"https:\/\/jornalfatosenoticias.com.br\/index.php\/wp-json\/wp\/v2\/posts"}],"about":[{"href":"https:\/\/jornalfatosenoticias.com.br\/index.php\/wp-json\/wp\/v2\/types\/post"}],"author":[{"embeddable":true,"href":"https:\/\/jornalfatosenoticias.com.br\/index.php\/wp-json\/wp\/v2\/users\/2"}],"replies":[{"embeddable":true,"href":"https:\/\/jornalfatosenoticias.com.br\/index.php\/wp-json\/wp\/v2\/comments?post=5090"}],"version-history":[{"count":0,"href":"https:\/\/jornalfatosenoticias.com.br\/index.php\/wp-json\/wp\/v2\/posts\/5090\/revisions"}],"wp:featuredmedia":[{"embeddable":true,"href":"https:\/\/jornalfatosenoticias.com.br\/index.php\/wp-json\/wp\/v2\/media\/5094"}],"wp:attachment":[{"href":"https:\/\/jornalfatosenoticias.com.br\/index.php\/wp-json\/wp\/v2\/media?parent=5090"}],"wp:term":[{"taxonomy":"category","embeddable":true,"href":"https:\/\/jornalfatosenoticias.com.br\/index.php\/wp-json\/wp\/v2\/categories?post=5090"},{"taxonomy":"post_tag","embeddable":true,"href":"https:\/\/jornalfatosenoticias.com.br\/index.php\/wp-json\/wp\/v2\/tags?post=5090"}],"curies":[{"name":"wp","href":"https:\/\/api.w.org\/{rel}","templated":true}]}}