{"id":5096,"date":"2020-06-01T10:45:10","date_gmt":"2020-06-01T13:45:10","guid":{"rendered":"https:\/\/jornalfatosenoticias.com.br\/?p=5096"},"modified":"2020-06-01T10:45:14","modified_gmt":"2020-06-01T13:45:14","slug":"vacinacao-e-prorrogada-para-publico-de-todas-as-fases-da-campanha","status":"publish","type":"post","link":"https:\/\/jornalfatosenoticias.com.br\/index.php\/2020\/06\/01\/vacinacao-e-prorrogada-para-publico-de-todas-as-fases-da-campanha\/","title":{"rendered":"Vacina\u00e7\u00e3o \u00e9 prorrogada para p\u00fablico de todas as fases da campanha"},"content":{"rendered":"\n<h6 class=\"wp-block-heading\"><em>Prazo agora vai at\u00e9 o dia 30 deste m\u00eas<\/em><\/h6>\n\n\n\n<p>Diante de um baixo \u00edndice de vacina\u00e7\u00e3o de grupos priorit\u00e1rios, a Campanha Nacional de Vacina\u00e7\u00e3o contra a Gripe teve seu prazo ampliado e agora vai at\u00e9 o dia 30 deste m\u00eas. Segundo o Minist\u00e9rio da Sa\u00fade, dos 77,7 milh\u00f5es de pessoas consideradas p\u00fablico priorit\u00e1rio, 63,53% receberam a vacina. Com a prorroga\u00e7\u00e3o, a expectativa \u00e9 vacinar mais 28,3 milh\u00f5es de pessoas.<br>A campanha teve tr\u00eas fases. Dividida em duas etapas, a terceira e \u00faltima fase, iniciada em 11 de maio, tinha previs\u00e3o de vacinar 90% do grupo considerado priorit\u00e1rio at\u00e9 o dia 5 de junho. Como o resultado ainda est\u00e1 aqu\u00e9m do esperado, o governo adotou a estrat\u00e9gia de prorrogar a data final para o dia 30.<br>Segundo o Minist\u00e9rio da Sa\u00fade, at\u00e9 o \u00faltimo fim de semana 25,7% de 36,1 milh\u00f5es de pessoas estimadas nesta terceira fase foram vacinadas. \u201cDesde o in\u00edcio da a\u00e7\u00e3o nacional, em 23 de mar\u00e7o, 50 milh\u00f5es de pessoas foram vacinadas, faltando ainda 28,3 milh\u00f5es que ainda n\u00e3o receberam a vacina\u201d, informou a pasta.<br>Nesta segunda etapa, a campanha tem como foco principal os professores de escolas p\u00fablicas e privadas e adultos de 55 a 59 anos. J\u00e1 a primeira etapa (da terceira fase da campanha) teve como p\u00fablico-alvo pessoas com defici\u00eancia; crian\u00e7as de seis meses a menores de seis anos; gestantes e m\u00e3es no p\u00f3s-parto at\u00e9 45 dias.<br>Em nota, o secret\u00e1rio substituto de Vigil\u00e2ncia em Sa\u00fade do Minist\u00e9rio da Sa\u00fade, Eduardo Mac\u00e1rio, disse que, al\u00e9m de ser importante para reduzir complica\u00e7\u00f5es e \u00f3bitos em decorr\u00eancia da gripe influenza, a prorroga\u00e7\u00e3o da campanha \u00e9 \u201cmais uma oportunidade para que os p\u00fablicos de todas as fases, que ainda n\u00e3o se vacinaram, possam procurar de forma organizada as unidades de sa\u00fade\u201d.<\/p>\n\n\n\n<p><em><strong>Fonte: <a href=\"https:\/\/agenciabrasil.ebc.com.br\/saude\/noticia\/2020-06\/vacinacao-e-prorrogada-para-publico-de-todas-fases-da-campanha\">Ag\u00eancia Brasil<\/a><\/strong><\/em><\/p>\n","protected":false},"excerpt":{"rendered":"<p>Prazo agora vai at\u00e9 o dia 30 deste m\u00eas Diante de um baixo \u00edndice de vacina\u00e7\u00e3o de grupos priorit\u00e1rios, a Campanha Nacional de Vacina\u00e7\u00e3o contra a Gripe teve seu prazo ampliado e agora vai at\u00e9 o dia 30 deste m\u00eas. Segundo o Minist\u00e9rio da Sa\u00fade, dos 77,7 milh\u00f5es de pessoas consideradas p\u00fablico priorit\u00e1rio, 63,53% receberam [&hellip;]<\/p>\n","protected":false},"author":2,"featured_media":5097,"comment_status":"open","ping_status":"open","sticky":false,"template":"","format":"standard","meta":{"footnotes":""},"categories":[11],"tags":[829,273,566,1540,847],"class_list":["post-5096","post","type-post","status-publish","format-standard","has-post-thumbnail","hentry","category-saude","tag-campanha","tag-covid-19","tag-gripe","tag-pandemia-coronavirus","tag-vacinacao"],"yoast_head":"<!-- This site is optimized with the Yoast SEO plugin v26.5 - https:\/\/yoast.com\/wordpress\/plugins\/seo\/ -->\n<title>Vacina\u00e7\u00e3o \u00e9 prorrogada para p\u00fablico de todas as fases da campanha - Jornal Fatos e Not\u00edcias<\/title>\n<meta name=\"robots\" content=\"index, follow, max-snippet:-1, max-image-preview:large, max-video-preview:-1\" \/>\n<link rel=\"canonical\" href=\"https:\/\/jornalfatosenoticias.com.br\/index.php\/2020\/06\/01\/vacinacao-e-prorrogada-para-publico-de-todas-as-fases-da-campanha\/\" \/>\n<meta property=\"og:locale\" content=\"pt_BR\" \/>\n<meta property=\"og:type\" content=\"article\" \/>\n<meta property=\"og:title\" content=\"Vacina\u00e7\u00e3o \u00e9 prorrogada para p\u00fablico de todas as fases da campanha - Jornal Fatos e Not\u00edcias\" \/>\n<meta property=\"og:description\" content=\"Prazo agora vai at\u00e9 o dia 30 deste m\u00eas Diante de um baixo \u00edndice de vacina\u00e7\u00e3o de grupos priorit\u00e1rios, a Campanha Nacional de Vacina\u00e7\u00e3o contra a Gripe teve seu prazo ampliado e agora vai at\u00e9 o dia 30 deste m\u00eas. Segundo o Minist\u00e9rio da Sa\u00fade, dos 77,7 milh\u00f5es de pessoas consideradas p\u00fablico priorit\u00e1rio, 63,53% receberam [&hellip;]\" \/>\n<meta property=\"og:url\" content=\"https:\/\/jornalfatosenoticias.com.br\/index.php\/2020\/06\/01\/vacinacao-e-prorrogada-para-publico-de-todas-as-fases-da-campanha\/\" \/>\n<meta property=\"og:site_name\" content=\"Jornal Fatos e Not\u00edcias\" \/>\n<meta property=\"article:published_time\" content=\"2020-06-01T13:45:10+00:00\" \/>\n<meta property=\"article:modified_time\" content=\"2020-06-01T13:45:14+00:00\" \/>\n<meta property=\"og:image\" content=\"https:\/\/jornalfatosenoticias.com.br\/wp-content\/uploads\/2020\/06\/vacina-gripe_prorrogada.jpg\" \/>\n\t<meta property=\"og:image:width\" content=\"1000\" \/>\n\t<meta property=\"og:image:height\" content=\"598\" \/>\n\t<meta property=\"og:image:type\" content=\"image\/jpeg\" \/>\n<meta name=\"author\" content=\"Luzimara Fernandes\" \/>\n<meta name=\"twitter:card\" content=\"summary_large_image\" \/>\n<meta name=\"twitter:label1\" content=\"Escrito por\" \/>\n\t<meta name=\"twitter:data1\" content=\"Luzimara Fernandes\" \/>\n\t<meta name=\"twitter:label2\" content=\"Est. tempo de leitura\" \/>\n\t<meta name=\"twitter:data2\" content=\"2 minutos\" \/>\n<script type=\"application\/ld+json\" class=\"yoast-schema-graph\">{\"@context\":\"https:\/\/schema.org\",\"@graph\":[{\"@type\":\"Article\",\"@id\":\"https:\/\/jornalfatosenoticias.com.br\/index.php\/2020\/06\/01\/vacinacao-e-prorrogada-para-publico-de-todas-as-fases-da-campanha\/#article\",\"isPartOf\":{\"@id\":\"https:\/\/jornalfatosenoticias.com.br\/index.php\/2020\/06\/01\/vacinacao-e-prorrogada-para-publico-de-todas-as-fases-da-campanha\/\"},\"author\":{\"name\":\"Luzimara Fernandes\",\"@id\":\"https:\/\/jornalfatosenoticias.com.br\/#\/schema\/person\/d63837fa13ac8666eb9e74e0985d6f81\"},\"headline\":\"Vacina\u00e7\u00e3o \u00e9 prorrogada para p\u00fablico de todas as fases da campanha\",\"datePublished\":\"2020-06-01T13:45:10+00:00\",\"dateModified\":\"2020-06-01T13:45:14+00:00\",\"mainEntityOfPage\":{\"@id\":\"https:\/\/jornalfatosenoticias.com.br\/index.php\/2020\/06\/01\/vacinacao-e-prorrogada-para-publico-de-todas-as-fases-da-campanha\/\"},\"wordCount\":335,\"commentCount\":0,\"publisher\":{\"@id\":\"https:\/\/jornalfatosenoticias.com.br\/#organization\"},\"image\":{\"@id\":\"https:\/\/jornalfatosenoticias.com.br\/index.php\/2020\/06\/01\/vacinacao-e-prorrogada-para-publico-de-todas-as-fases-da-campanha\/#primaryimage\"},\"thumbnailUrl\":\"https:\/\/jornalfatosenoticias.com.br\/wp-content\/uploads\/2020\/06\/vacina-gripe_prorrogada.jpg\",\"keywords\":[\"campanha\",\"covid-19\",\"gripe\",\"pandemia coronav\u00edrus\",\"vacina\u00e7\u00e3o\"],\"articleSection\":[\"Sa\u00fade\"],\"inLanguage\":\"pt-BR\",\"potentialAction\":[{\"@type\":\"CommentAction\",\"name\":\"Comment\",\"target\":[\"https:\/\/jornalfatosenoticias.com.br\/index.php\/2020\/06\/01\/vacinacao-e-prorrogada-para-publico-de-todas-as-fases-da-campanha\/#respond\"]}]},{\"@type\":\"WebPage\",\"@id\":\"https:\/\/jornalfatosenoticias.com.br\/index.php\/2020\/06\/01\/vacinacao-e-prorrogada-para-publico-de-todas-as-fases-da-campanha\/\",\"url\":\"https:\/\/jornalfatosenoticias.com.br\/index.php\/2020\/06\/01\/vacinacao-e-prorrogada-para-publico-de-todas-as-fases-da-campanha\/\",\"name\":\"Vacina\u00e7\u00e3o \u00e9 prorrogada para p\u00fablico de todas as fases da campanha - Jornal Fatos e Not\u00edcias\",\"isPartOf\":{\"@id\":\"https:\/\/jornalfatosenoticias.com.br\/#website\"},\"primaryImageOfPage\":{\"@id\":\"https:\/\/jornalfatosenoticias.com.br\/index.php\/2020\/06\/01\/vacinacao-e-prorrogada-para-publico-de-todas-as-fases-da-campanha\/#primaryimage\"},\"image\":{\"@id\":\"https:\/\/jornalfatosenoticias.com.br\/index.php\/2020\/06\/01\/vacinacao-e-prorrogada-para-publico-de-todas-as-fases-da-campanha\/#primaryimage\"},\"thumbnailUrl\":\"https:\/\/jornalfatosenoticias.com.br\/wp-content\/uploads\/2020\/06\/vacina-gripe_prorrogada.jpg\",\"datePublished\":\"2020-06-01T13:45:10+00:00\",\"dateModified\":\"2020-06-01T13:45:14+00:00\",\"breadcrumb\":{\"@id\":\"https:\/\/jornalfatosenoticias.com.br\/index.php\/2020\/06\/01\/vacinacao-e-prorrogada-para-publico-de-todas-as-fases-da-campanha\/#breadcrumb\"},\"inLanguage\":\"pt-BR\",\"potentialAction\":[{\"@type\":\"ReadAction\",\"target\":[\"https:\/\/jornalfatosenoticias.com.br\/index.php\/2020\/06\/01\/vacinacao-e-prorrogada-para-publico-de-todas-as-fases-da-campanha\/\"]}]},{\"@type\":\"ImageObject\",\"inLanguage\":\"pt-BR\",\"@id\":\"https:\/\/jornalfatosenoticias.com.br\/index.php\/2020\/06\/01\/vacinacao-e-prorrogada-para-publico-de-todas-as-fases-da-campanha\/#primaryimage\",\"url\":\"https:\/\/jornalfatosenoticias.com.br\/wp-content\/uploads\/2020\/06\/vacina-gripe_prorrogada.jpg\",\"contentUrl\":\"https:\/\/jornalfatosenoticias.com.br\/wp-content\/uploads\/2020\/06\/vacina-gripe_prorrogada.jpg\",\"width\":1000,\"height\":598,\"caption\":\"Lan\u00e7amento da Campanha Nacional de Vacina\u00e7\u00e3o contra a Gripe, durante cerim\u00f4nia em Porto Alegre.\"},{\"@type\":\"BreadcrumbList\",\"@id\":\"https:\/\/jornalfatosenoticias.com.br\/index.php\/2020\/06\/01\/vacinacao-e-prorrogada-para-publico-de-todas-as-fases-da-campanha\/#breadcrumb\",\"itemListElement\":[{\"@type\":\"ListItem\",\"position\":1,\"name\":\"In\u00edcio\",\"item\":\"https:\/\/jornalfatosenoticias.com.br\/\"},{\"@type\":\"ListItem\",\"position\":2,\"name\":\"Vacina\u00e7\u00e3o \u00e9 prorrogada para p\u00fablico de todas as fases da campanha\"}]},{\"@type\":\"WebSite\",\"@id\":\"https:\/\/jornalfatosenoticias.com.br\/#website\",\"url\":\"https:\/\/jornalfatosenoticias.com.br\/\",\"name\":\"Jornal Fatos e Not\u00edcias\",\"description\":\"Not\u00edcias em geral\",\"publisher\":{\"@id\":\"https:\/\/jornalfatosenoticias.com.br\/#organization\"},\"potentialAction\":[{\"@type\":\"SearchAction\",\"target\":{\"@type\":\"EntryPoint\",\"urlTemplate\":\"https:\/\/jornalfatosenoticias.com.br\/?s={search_term_string}\"},\"query-input\":{\"@type\":\"PropertyValueSpecification\",\"valueRequired\":true,\"valueName\":\"search_term_string\"}}],\"inLanguage\":\"pt-BR\"},{\"@type\":\"Organization\",\"@id\":\"https:\/\/jornalfatosenoticias.com.br\/#organization\",\"name\":\"Jornal Fatos e Not\u00edcias\",\"url\":\"https:\/\/jornalfatosenoticias.com.br\/\",\"logo\":{\"@type\":\"ImageObject\",\"inLanguage\":\"pt-BR\",\"@id\":\"https:\/\/jornalfatosenoticias.com.br\/#\/schema\/logo\/image\/\",\"url\":\"https:\/\/jornalfatosenoticias.com.br\/wp-content\/uploads\/2020\/02\/logo120.png\",\"contentUrl\":\"https:\/\/jornalfatosenoticias.com.br\/wp-content\/uploads\/2020\/02\/logo120.png\",\"width\":1227,\"height\":120,\"caption\":\"Jornal Fatos e Not\u00edcias\"},\"image\":{\"@id\":\"https:\/\/jornalfatosenoticias.com.br\/#\/schema\/logo\/image\/\"}},{\"@type\":\"Person\",\"@id\":\"https:\/\/jornalfatosenoticias.com.br\/#\/schema\/person\/d63837fa13ac8666eb9e74e0985d6f81\",\"name\":\"Luzimara Fernandes\",\"image\":{\"@type\":\"ImageObject\",\"inLanguage\":\"pt-BR\",\"@id\":\"https:\/\/jornalfatosenoticias.com.br\/#\/schema\/person\/image\/\",\"url\":\"https:\/\/jornalfatosenoticias.com.br\/wp-content\/uploads\/2025\/05\/EU_portal.jpg\",\"contentUrl\":\"https:\/\/jornalfatosenoticias.com.br\/wp-content\/uploads\/2025\/05\/EU_portal.jpg\",\"caption\":\"Luzimara Fernandes\"},\"description\":\"Jornalista MTB 2358-ES\",\"sameAs\":[\"https:\/\/jornalfatosenoticias.com.br\"],\"url\":\"https:\/\/jornalfatosenoticias.com.br\/index.php\/author\/luzimara\/\"}]}<\/script>\n<!-- \/ Yoast SEO plugin. -->","yoast_head_json":{"title":"Vacina\u00e7\u00e3o \u00e9 prorrogada para p\u00fablico de todas as fases da campanha - Jornal Fatos e Not\u00edcias","robots":{"index":"index","follow":"follow","max-snippet":"max-snippet:-1","max-image-preview":"max-image-preview:large","max-video-preview":"max-video-preview:-1"},"canonical":"https:\/\/jornalfatosenoticias.com.br\/index.php\/2020\/06\/01\/vacinacao-e-prorrogada-para-publico-de-todas-as-fases-da-campanha\/","og_locale":"pt_BR","og_type":"article","og_title":"Vacina\u00e7\u00e3o \u00e9 prorrogada para p\u00fablico de todas as fases da campanha - Jornal Fatos e Not\u00edcias","og_description":"Prazo agora vai at\u00e9 o dia 30 deste m\u00eas Diante de um baixo \u00edndice de vacina\u00e7\u00e3o de grupos priorit\u00e1rios, a Campanha Nacional de Vacina\u00e7\u00e3o contra a Gripe teve seu prazo ampliado e agora vai at\u00e9 o dia 30 deste m\u00eas. Segundo o Minist\u00e9rio da Sa\u00fade, dos 77,7 milh\u00f5es de pessoas consideradas p\u00fablico priorit\u00e1rio, 63,53% receberam [&hellip;]","og_url":"https:\/\/jornalfatosenoticias.com.br\/index.php\/2020\/06\/01\/vacinacao-e-prorrogada-para-publico-de-todas-as-fases-da-campanha\/","og_site_name":"Jornal Fatos e Not\u00edcias","article_published_time":"2020-06-01T13:45:10+00:00","article_modified_time":"2020-06-01T13:45:14+00:00","og_image":[{"width":1000,"height":598,"url":"https:\/\/jornalfatosenoticias.com.br\/wp-content\/uploads\/2020\/06\/vacina-gripe_prorrogada.jpg","type":"image\/jpeg"}],"author":"Luzimara Fernandes","twitter_card":"summary_large_image","twitter_misc":{"Escrito por":"Luzimara Fernandes","Est. tempo de leitura":"2 minutos"},"schema":{"@context":"https:\/\/schema.org","@graph":[{"@type":"Article","@id":"https:\/\/jornalfatosenoticias.com.br\/index.php\/2020\/06\/01\/vacinacao-e-prorrogada-para-publico-de-todas-as-fases-da-campanha\/#article","isPartOf":{"@id":"https:\/\/jornalfatosenoticias.com.br\/index.php\/2020\/06\/01\/vacinacao-e-prorrogada-para-publico-de-todas-as-fases-da-campanha\/"},"author":{"name":"Luzimara Fernandes","@id":"https:\/\/jornalfatosenoticias.com.br\/#\/schema\/person\/d63837fa13ac8666eb9e74e0985d6f81"},"headline":"Vacina\u00e7\u00e3o \u00e9 prorrogada para p\u00fablico de todas as fases da campanha","datePublished":"2020-06-01T13:45:10+00:00","dateModified":"2020-06-01T13:45:14+00:00","mainEntityOfPage":{"@id":"https:\/\/jornalfatosenoticias.com.br\/index.php\/2020\/06\/01\/vacinacao-e-prorrogada-para-publico-de-todas-as-fases-da-campanha\/"},"wordCount":335,"commentCount":0,"publisher":{"@id":"https:\/\/jornalfatosenoticias.com.br\/#organization"},"image":{"@id":"https:\/\/jornalfatosenoticias.com.br\/index.php\/2020\/06\/01\/vacinacao-e-prorrogada-para-publico-de-todas-as-fases-da-campanha\/#primaryimage"},"thumbnailUrl":"https:\/\/jornalfatosenoticias.com.br\/wp-content\/uploads\/2020\/06\/vacina-gripe_prorrogada.jpg","keywords":["campanha","covid-19","gripe","pandemia coronav\u00edrus","vacina\u00e7\u00e3o"],"articleSection":["Sa\u00fade"],"inLanguage":"pt-BR","potentialAction":[{"@type":"CommentAction","name":"Comment","target":["https:\/\/jornalfatosenoticias.com.br\/index.php\/2020\/06\/01\/vacinacao-e-prorrogada-para-publico-de-todas-as-fases-da-campanha\/#respond"]}]},{"@type":"WebPage","@id":"https:\/\/jornalfatosenoticias.com.br\/index.php\/2020\/06\/01\/vacinacao-e-prorrogada-para-publico-de-todas-as-fases-da-campanha\/","url":"https:\/\/jornalfatosenoticias.com.br\/index.php\/2020\/06\/01\/vacinacao-e-prorrogada-para-publico-de-todas-as-fases-da-campanha\/","name":"Vacina\u00e7\u00e3o \u00e9 prorrogada para p\u00fablico de todas as fases da campanha - Jornal Fatos e Not\u00edcias","isPartOf":{"@id":"https:\/\/jornalfatosenoticias.com.br\/#website"},"primaryImageOfPage":{"@id":"https:\/\/jornalfatosenoticias.com.br\/index.php\/2020\/06\/01\/vacinacao-e-prorrogada-para-publico-de-todas-as-fases-da-campanha\/#primaryimage"},"image":{"@id":"https:\/\/jornalfatosenoticias.com.br\/index.php\/2020\/06\/01\/vacinacao-e-prorrogada-para-publico-de-todas-as-fases-da-campanha\/#primaryimage"},"thumbnailUrl":"https:\/\/jornalfatosenoticias.com.br\/wp-content\/uploads\/2020\/06\/vacina-gripe_prorrogada.jpg","datePublished":"2020-06-01T13:45:10+00:00","dateModified":"2020-06-01T13:45:14+00:00","breadcrumb":{"@id":"https:\/\/jornalfatosenoticias.com.br\/index.php\/2020\/06\/01\/vacinacao-e-prorrogada-para-publico-de-todas-as-fases-da-campanha\/#breadcrumb"},"inLanguage":"pt-BR","potentialAction":[{"@type":"ReadAction","target":["https:\/\/jornalfatosenoticias.com.br\/index.php\/2020\/06\/01\/vacinacao-e-prorrogada-para-publico-de-todas-as-fases-da-campanha\/"]}]},{"@type":"ImageObject","inLanguage":"pt-BR","@id":"https:\/\/jornalfatosenoticias.com.br\/index.php\/2020\/06\/01\/vacinacao-e-prorrogada-para-publico-de-todas-as-fases-da-campanha\/#primaryimage","url":"https:\/\/jornalfatosenoticias.com.br\/wp-content\/uploads\/2020\/06\/vacina-gripe_prorrogada.jpg","contentUrl":"https:\/\/jornalfatosenoticias.com.br\/wp-content\/uploads\/2020\/06\/vacina-gripe_prorrogada.jpg","width":1000,"height":598,"caption":"Lan\u00e7amento da Campanha Nacional de Vacina\u00e7\u00e3o contra a Gripe, durante cerim\u00f4nia em Porto Alegre."},{"@type":"BreadcrumbList","@id":"https:\/\/jornalfatosenoticias.com.br\/index.php\/2020\/06\/01\/vacinacao-e-prorrogada-para-publico-de-todas-as-fases-da-campanha\/#breadcrumb","itemListElement":[{"@type":"ListItem","position":1,"name":"In\u00edcio","item":"https:\/\/jornalfatosenoticias.com.br\/"},{"@type":"ListItem","position":2,"name":"Vacina\u00e7\u00e3o \u00e9 prorrogada para p\u00fablico de todas as fases da campanha"}]},{"@type":"WebSite","@id":"https:\/\/jornalfatosenoticias.com.br\/#website","url":"https:\/\/jornalfatosenoticias.com.br\/","name":"Jornal Fatos e Not\u00edcias","description":"Not\u00edcias em geral","publisher":{"@id":"https:\/\/jornalfatosenoticias.com.br\/#organization"},"potentialAction":[{"@type":"SearchAction","target":{"@type":"EntryPoint","urlTemplate":"https:\/\/jornalfatosenoticias.com.br\/?s={search_term_string}"},"query-input":{"@type":"PropertyValueSpecification","valueRequired":true,"valueName":"search_term_string"}}],"inLanguage":"pt-BR"},{"@type":"Organization","@id":"https:\/\/jornalfatosenoticias.com.br\/#organization","name":"Jornal Fatos e Not\u00edcias","url":"https:\/\/jornalfatosenoticias.com.br\/","logo":{"@type":"ImageObject","inLanguage":"pt-BR","@id":"https:\/\/jornalfatosenoticias.com.br\/#\/schema\/logo\/image\/","url":"https:\/\/jornalfatosenoticias.com.br\/wp-content\/uploads\/2020\/02\/logo120.png","contentUrl":"https:\/\/jornalfatosenoticias.com.br\/wp-content\/uploads\/2020\/02\/logo120.png","width":1227,"height":120,"caption":"Jornal Fatos e Not\u00edcias"},"image":{"@id":"https:\/\/jornalfatosenoticias.com.br\/#\/schema\/logo\/image\/"}},{"@type":"Person","@id":"https:\/\/jornalfatosenoticias.com.br\/#\/schema\/person\/d63837fa13ac8666eb9e74e0985d6f81","name":"Luzimara Fernandes","image":{"@type":"ImageObject","inLanguage":"pt-BR","@id":"https:\/\/jornalfatosenoticias.com.br\/#\/schema\/person\/image\/","url":"https:\/\/jornalfatosenoticias.com.br\/wp-content\/uploads\/2025\/05\/EU_portal.jpg","contentUrl":"https:\/\/jornalfatosenoticias.com.br\/wp-content\/uploads\/2025\/05\/EU_portal.jpg","caption":"Luzimara Fernandes"},"description":"Jornalista MTB 2358-ES","sameAs":["https:\/\/jornalfatosenoticias.com.br"],"url":"https:\/\/jornalfatosenoticias.com.br\/index.php\/author\/luzimara\/"}]}},"cc_featured_image_caption":{"caption_text":"Campanha foi prorrogada","source_text":"","source_url":""},"jetpack_featured_media_url":"https:\/\/jornalfatosenoticias.com.br\/wp-content\/uploads\/2020\/06\/vacina-gripe_prorrogada.jpg","_links":{"self":[{"href":"https:\/\/jornalfatosenoticias.com.br\/index.php\/wp-json\/wp\/v2\/posts\/5096","targetHints":{"allow":["GET"]}}],"collection":[{"href":"https:\/\/jornalfatosenoticias.com.br\/index.php\/wp-json\/wp\/v2\/posts"}],"about":[{"href":"https:\/\/jornalfatosenoticias.com.br\/index.php\/wp-json\/wp\/v2\/types\/post"}],"author":[{"embeddable":true,"href":"https:\/\/jornalfatosenoticias.com.br\/index.php\/wp-json\/wp\/v2\/users\/2"}],"replies":[{"embeddable":true,"href":"https:\/\/jornalfatosenoticias.com.br\/index.php\/wp-json\/wp\/v2\/comments?post=5096"}],"version-history":[{"count":0,"href":"https:\/\/jornalfatosenoticias.com.br\/index.php\/wp-json\/wp\/v2\/posts\/5096\/revisions"}],"wp:featuredmedia":[{"embeddable":true,"href":"https:\/\/jornalfatosenoticias.com.br\/index.php\/wp-json\/wp\/v2\/media\/5097"}],"wp:attachment":[{"href":"https:\/\/jornalfatosenoticias.com.br\/index.php\/wp-json\/wp\/v2\/media?parent=5096"}],"wp:term":[{"taxonomy":"category","embeddable":true,"href":"https:\/\/jornalfatosenoticias.com.br\/index.php\/wp-json\/wp\/v2\/categories?post=5096"},{"taxonomy":"post_tag","embeddable":true,"href":"https:\/\/jornalfatosenoticias.com.br\/index.php\/wp-json\/wp\/v2\/tags?post=5096"}],"curies":[{"name":"wp","href":"https:\/\/api.w.org\/{rel}","templated":true}]}}