{"id":50963,"date":"2024-05-03T14:50:27","date_gmt":"2024-05-03T17:50:27","guid":{"rendered":"https:\/\/jornalfatosenoticias.com.br\/?p=50963"},"modified":"2024-05-03T14:50:28","modified_gmt":"2024-05-03T17:50:28","slug":"gestao-de-crise-empresarial","status":"publish","type":"post","link":"https:\/\/jornalfatosenoticias.com.br\/index.php\/2024\/05\/03\/gestao-de-crise-empresarial\/","title":{"rendered":"Gest\u00e3o de crise empresarial"},"content":{"rendered":"\n<p><em><span class=\"has-inline-color has-black-color\">Uma crise pode surgir de diversas formas, seja por fatores internos, como falhas operacionais, ou externos, como mudan\u00e7as no cen\u00e1rio econ\u00f4mico ou cat\u00e1strofes naturais<\/span><\/em><\/p>\n\n\n\n<p><span class=\"has-inline-color has-black-color\">Por\u00a0<strong>Milena Rohr<\/strong><\/span><\/p>\n\n\n\n<div class=\"wp-block-image\"><figure class=\"aligncenter size-large\"><img loading=\"lazy\" decoding=\"async\" width=\"1024\" height=\"100\" src=\"https:\/\/jornalfatosenoticias.com.br\/wp-content\/uploads\/2020\/02\/banner_ferramentas-1024x100.jpg\" alt=\"\" class=\"wp-image-1258\" srcset=\"https:\/\/jornalfatosenoticias.com.br\/wp-content\/uploads\/2020\/02\/banner_ferramentas-1024x100.jpg 1024w, https:\/\/jornalfatosenoticias.com.br\/wp-content\/uploads\/2020\/02\/banner_ferramentas-300x29.jpg 300w, https:\/\/jornalfatosenoticias.com.br\/wp-content\/uploads\/2020\/02\/banner_ferramentas-768x75.jpg 768w, https:\/\/jornalfatosenoticias.com.br\/wp-content\/uploads\/2020\/02\/banner_ferramentas.jpg 1227w\" sizes=\"auto, (max-width: 1024px) 100vw, 1024px\" \/><\/figure><\/div>\n\n\n\n<div class=\"wp-block-image is-style-rounded\"><figure class=\"alignleft size-large\"><img loading=\"lazy\" decoding=\"async\" width=\"120\" height=\"142\" src=\"https:\/\/jornalfatosenoticias.com.br\/wp-content\/uploads\/2024\/04\/Milena_Mohr-removebg-preview.png\" alt=\"\" class=\"wp-image-50607\"\/><\/figure><\/div>\n\n\n\n<p>A gest\u00e3o de crises nas empresas \u00e9 um campo que demanda aten\u00e7\u00e3o especial, dada a sua import\u00e2ncia para a sustentabilidade e continuidade dos neg\u00f3cios em momentos de adversidade. Uma crise pode surgir de diversas formas, seja por fatores internos, como falhas operacionais, ou externos, como mudan\u00e7as no cen\u00e1rio econ\u00f4mico ou cat\u00e1strofes naturais. Independentemente da sua origem, uma gest\u00e3o de crises eficaz \u00e9 vital para minimizar os danos e guiar a empresa de volta \u00e0 estabilidade.<br>Um dos primeiros passos na gest\u00e3o de crises \u00e9 a identifica\u00e7\u00e3o precoce de sinais de alerta, o que requer um sistema de monitoramento eficiente e uma cultura organizacional que valorize a transpar\u00eancia e a comunica\u00e7\u00e3o. Essa etapa inicial \u00e9 crucial para que medidas preventivas possam ser tomadas antes que a crise se agrave. Al\u00e9m disso, o desenvolvimento de um plano de gest\u00e3o de crises, que inclua cen\u00e1rios variados e estrat\u00e9gias de resposta, prepara a empresa para agir de maneira r\u00e1pida e coordenada.<\/p>\n\n\n\n<div class=\"wp-block-image\"><figure class=\"aligncenter size-large\"><img loading=\"lazy\" decoding=\"async\" width=\"300\" height=\"250\" src=\"https:\/\/jornalfatosenoticias.com.br\/wp-content\/uploads\/2020\/02\/Banner-2.png\" alt=\"\" class=\"wp-image-43787\"\/><\/figure><\/div>\n\n\n\n<p>A comunica\u00e7\u00e3o tamb\u00e9m desempenha um papel fundamental durante a crise. \u00c9 essencial que haja clareza, precis\u00e3o e rapidez nas mensagens transmitidas aos stakeholders, incluindo funcion\u00e1rios, clientes, fornecedores e a m\u00eddia. Uma comunica\u00e7\u00e3o efetiva pode n\u00e3o apenas reduzir o impacto negativo da crise, mas tamb\u00e9m construir uma imagem positiva da empresa, demonstrando seu compromisso com a transpar\u00eancia e responsabilidade.<\/p>\n\n\n\n<div class=\"wp-block-image\"><figure class=\"aligncenter size-large is-resized\"><img loading=\"lazy\" decoding=\"async\" src=\"https:\/\/jornalfatosenoticias.com.br\/wp-content\/uploads\/2020\/02\/CONTROL-CS.jpg\" alt=\"\" class=\"wp-image-44991\" width=\"323\" height=\"387\" srcset=\"https:\/\/jornalfatosenoticias.com.br\/wp-content\/uploads\/2020\/02\/CONTROL-CS.jpg 834w, https:\/\/jornalfatosenoticias.com.br\/wp-content\/uploads\/2020\/02\/CONTROL-CS-250x300.jpg 250w, https:\/\/jornalfatosenoticias.com.br\/wp-content\/uploads\/2020\/02\/CONTROL-CS-768x921.jpg 768w\" sizes=\"auto, (max-width: 323px) 100vw, 323px\" \/><\/figure><\/div>\n\n\n\n<p>A crise \u00e9 um terreno complexo que exige n\u00e3o apenas uma lideran\u00e7a forte e decis\u00f5es estrat\u00e9gicas acertadas, mas tamb\u00e9m uma rede de contatos s\u00f3lida e diversificada. O networking, neste contexto, assume uma import\u00e2ncia vital, funcionando como uma alavanca para a supera\u00e7\u00e3o de desafios e a busca por solu\u00e7\u00f5es inovadoras. A capacidade de se conectar com uma ampla gama de profissionais, desde especialistas em gest\u00e3o de crises at\u00e9 parceiros de neg\u00f3cios e clientes, pode ser decisiva para a resili\u00eancia e recupera\u00e7\u00e3o da empresa.<\/p>\n\n\n\n<div class=\"wp-block-image\"><figure class=\"aligncenter size-large is-resized\"><img loading=\"lazy\" decoding=\"async\" src=\"https:\/\/jornalfatosenoticias.com.br\/wp-content\/uploads\/2023\/08\/ITH.jpeg\" alt=\"\" class=\"wp-image-44638\" width=\"334\" height=\"271\" srcset=\"https:\/\/jornalfatosenoticias.com.br\/wp-content\/uploads\/2023\/08\/ITH.jpeg 800w, https:\/\/jornalfatosenoticias.com.br\/wp-content\/uploads\/2023\/08\/ITH-300x244.jpeg 300w, https:\/\/jornalfatosenoticias.com.br\/wp-content\/uploads\/2023\/08\/ITH-768x624.jpeg 768w\" sizes=\"auto, (max-width: 334px) 100vw, 334px\" \/><\/figure><\/div>\n\n\n\n<p>Vou dar um exemplo da import\u00e2ncia do networking para uma gest\u00e3o de crises, na pandemia sofremos muito, alguns mais e outros menos, com isso o emocional dos empres\u00e1rios ficou prejudicado. Conversei com a J\u00faliana Pr\u00e1do, diretora da Funda\u00e7\u00e3o Napoleon Hill no ES e diretora consultora do maior grupo de networking do mundo, o Business Network International (BNI). Nessa conversa, ela me disse que ao ver como os empres\u00e1rios e amigos membros do BNI estavam sofrendo o impacto da pandemia e com o desejo de ajud\u00e1-los, se alinhou com o Diretor Executivo Rodrigo Di Bernardi e fizeram uma sess\u00e3o online de gest\u00e3o de crises para esses empres\u00e1rios, com isso, conseguiram que v\u00e1rios neg\u00f3cios continuassem inovando e prosperando, essa \u00e9 a verdadeira alian\u00e7a, o <em>\u00aeGivers Gain<\/em>.<\/p>\n\n\n\n<div class=\"wp-block-image\"><figure class=\"aligncenter size-large is-resized\"><img loading=\"lazy\" decoding=\"async\" src=\"https:\/\/jornalfatosenoticias.com.br\/wp-content\/uploads\/2023\/08\/BKR-1024x1021.jpg\" alt=\"\" class=\"wp-image-44494\" width=\"307\" height=\"306\" srcset=\"https:\/\/jornalfatosenoticias.com.br\/wp-content\/uploads\/2023\/08\/BKR-1024x1021.jpg 1024w, https:\/\/jornalfatosenoticias.com.br\/wp-content\/uploads\/2023\/08\/BKR-300x300.jpg 300w, https:\/\/jornalfatosenoticias.com.br\/wp-content\/uploads\/2023\/08\/BKR-150x150.jpg 150w, https:\/\/jornalfatosenoticias.com.br\/wp-content\/uploads\/2023\/08\/BKR-768x766.jpg 768w, https:\/\/jornalfatosenoticias.com.br\/wp-content\/uploads\/2023\/08\/BKR.jpg 1080w\" sizes=\"auto, (max-width: 307px) 100vw, 307px\" \/><\/figure><\/div>\n\n\n\n<p>O networking n\u00e3o \u00e9 apenas uma ferramenta de crescimento em tempos de estabilidade; \u00e9 um recurso indispens\u00e1vel na gest\u00e3o de crise empresarial, oferecendo suporte, solu\u00e7\u00f5es e, acima de tudo, esperan\u00e7a para navegar com sucesso por \u00e1guas turbulentas.<\/p>\n\n\n\n<div class=\"wp-block-image\"><figure class=\"aligncenter size-large is-resized\"><img loading=\"lazy\" decoding=\"async\" src=\"https:\/\/jornalfatosenoticias.com.br\/wp-content\/uploads\/2020\/02\/logo-Rapuzel-1024x571.jpg\" alt=\"\" class=\"wp-image-42808\" width=\"352\" height=\"196\" srcset=\"https:\/\/jornalfatosenoticias.com.br\/wp-content\/uploads\/2020\/02\/logo-Rapuzel-1024x571.jpg 1024w, https:\/\/jornalfatosenoticias.com.br\/wp-content\/uploads\/2020\/02\/logo-Rapuzel-300x167.jpg 300w, https:\/\/jornalfatosenoticias.com.br\/wp-content\/uploads\/2020\/02\/logo-Rapuzel-768x428.jpg 768w, https:\/\/jornalfatosenoticias.com.br\/wp-content\/uploads\/2020\/02\/logo-Rapuzel-1536x856.jpg 1536w, https:\/\/jornalfatosenoticias.com.br\/wp-content\/uploads\/2020\/02\/logo-Rapuzel.jpg 1600w\" sizes=\"auto, (max-width: 352px) 100vw, 352px\" \/><\/figure><\/div>\n\n\n\n<p>Por fim, a resili\u00eancia e a capacidade de adapta\u00e7\u00e3o s\u00e3o qualidades fundamentais para a supera\u00e7\u00e3o de crises. As empresas que conseguem se adaptar rapidamente \u00e0s mudan\u00e7as do ambiente econ\u00f4mico, explorando novas oportunidades e ajustando seus modelos de neg\u00f3cio, s\u00e3o as que mais t\u00eam chances de n\u00e3o apenas sobreviver \u00e0 crise, mas sair dela fortalecidas. Investir em inova\u00e7\u00e3o, networking e diversifica\u00e7\u00e3o pode ser um diferencial competitivo importante nesse processo. Portanto, a gest\u00e3o de crise empresarial em \u00e9pocas de grande impacto econ\u00f4mico nacional \u00e9 um exerc\u00edcio constante de planejamento, adapta\u00e7\u00e3o e comunica\u00e7\u00e3o eficaz.<\/p>\n\n\n\n<div class=\"wp-block-image\"><figure class=\"aligncenter size-large is-resized\"><img loading=\"lazy\" decoding=\"async\" src=\"https:\/\/jornalfatosenoticias.com.br\/wp-content\/uploads\/2023\/12\/pegoretti-logo-pdf-1024x389.jpg\" alt=\"\" class=\"wp-image-47536\" width=\"551\" height=\"209\" srcset=\"https:\/\/jornalfatosenoticias.com.br\/wp-content\/uploads\/2023\/12\/pegoretti-logo-pdf-1024x389.jpg 1024w, https:\/\/jornalfatosenoticias.com.br\/wp-content\/uploads\/2023\/12\/pegoretti-logo-pdf-300x114.jpg 300w, https:\/\/jornalfatosenoticias.com.br\/wp-content\/uploads\/2023\/12\/pegoretti-logo-pdf-768x291.jpg 768w, https:\/\/jornalfatosenoticias.com.br\/wp-content\/uploads\/2023\/12\/pegoretti-logo-pdf.jpg 1120w\" sizes=\"auto, (max-width: 551px) 100vw, 551px\" \/><\/figure><\/div>\n\n\n\n<p><em><span class=\"has-inline-color has-black-color\"><strong>Milena Rohr<br><\/strong>Gestora Empresarial<\/span><\/em><\/p>\n","protected":false},"excerpt":{"rendered":"<p>Uma crise pode surgir de diversas formas, seja por fatores internos, como falhas operacionais, ou externos, como mudan\u00e7as no cen\u00e1rio econ\u00f4mico ou cat\u00e1strofes naturais Por\u00a0Milena Rohr A gest\u00e3o de crises nas empresas \u00e9 um campo que demanda aten\u00e7\u00e3o especial, dada a sua import\u00e2ncia para a sustentabilidade e continuidade dos neg\u00f3cios em momentos de adversidade. Uma [&hellip;]<\/p>\n","protected":false},"author":2,"featured_media":50964,"comment_status":"open","ping_status":"open","sticky":false,"template":"","format":"standard","meta":{"footnotes":""},"categories":[9],"tags":[23398,950,23396,826,23397],"class_list":["post-50963","post","type-post","status-publish","format-standard","has-post-thumbnail","hentry","category-economia","tag-cenario-economico","tag-crise","tag-crise-empresarial","tag-gestao","tag-gestao-de-crise"],"yoast_head":"<!-- This site is optimized with the Yoast SEO plugin v26.5 - https:\/\/yoast.com\/wordpress\/plugins\/seo\/ -->\n<title>Gest\u00e3o de crise empresarial - Jornal Fatos e Not\u00edcias<\/title>\n<meta name=\"robots\" content=\"index, follow, max-snippet:-1, max-image-preview:large, max-video-preview:-1\" \/>\n<link rel=\"canonical\" href=\"https:\/\/jornalfatosenoticias.com.br\/index.php\/2024\/05\/03\/gestao-de-crise-empresarial\/\" \/>\n<meta property=\"og:locale\" content=\"pt_BR\" \/>\n<meta property=\"og:type\" content=\"article\" \/>\n<meta property=\"og:title\" content=\"Gest\u00e3o de crise empresarial - Jornal Fatos e Not\u00edcias\" \/>\n<meta property=\"og:description\" content=\"Uma crise pode surgir de diversas formas, seja por fatores internos, como falhas operacionais, ou externos, como mudan\u00e7as no cen\u00e1rio econ\u00f4mico ou cat\u00e1strofes naturais Por\u00a0Milena Rohr A gest\u00e3o de crises nas empresas \u00e9 um campo que demanda aten\u00e7\u00e3o especial, dada a sua import\u00e2ncia para a sustentabilidade e continuidade dos neg\u00f3cios em momentos de adversidade. Uma [&hellip;]\" \/>\n<meta property=\"og:url\" content=\"https:\/\/jornalfatosenoticias.com.br\/index.php\/2024\/05\/03\/gestao-de-crise-empresarial\/\" \/>\n<meta property=\"og:site_name\" content=\"Jornal Fatos e Not\u00edcias\" \/>\n<meta property=\"article:published_time\" content=\"2024-05-03T17:50:27+00:00\" \/>\n<meta property=\"article:modified_time\" content=\"2024-05-03T17:50:28+00:00\" \/>\n<meta property=\"og:image\" content=\"https:\/\/jornalfatosenoticias.com.br\/wp-content\/uploads\/2024\/05\/gestao-de-crise_Freepik.jpg\" \/>\n\t<meta property=\"og:image:width\" content=\"995\" \/>\n\t<meta property=\"og:image:height\" content=\"504\" \/>\n\t<meta property=\"og:image:type\" content=\"image\/jpeg\" \/>\n<meta name=\"author\" content=\"Luzimara Fernandes\" \/>\n<meta name=\"twitter:card\" content=\"summary_large_image\" \/>\n<meta name=\"twitter:label1\" content=\"Escrito por\" \/>\n\t<meta name=\"twitter:data1\" content=\"Luzimara Fernandes\" \/>\n\t<meta name=\"twitter:label2\" content=\"Est. tempo de leitura\" \/>\n\t<meta name=\"twitter:data2\" content=\"3 minutos\" \/>\n<script type=\"application\/ld+json\" class=\"yoast-schema-graph\">{\"@context\":\"https:\/\/schema.org\",\"@graph\":[{\"@type\":\"Article\",\"@id\":\"https:\/\/jornalfatosenoticias.com.br\/index.php\/2024\/05\/03\/gestao-de-crise-empresarial\/#article\",\"isPartOf\":{\"@id\":\"https:\/\/jornalfatosenoticias.com.br\/index.php\/2024\/05\/03\/gestao-de-crise-empresarial\/\"},\"author\":{\"name\":\"Luzimara Fernandes\",\"@id\":\"https:\/\/jornalfatosenoticias.com.br\/#\/schema\/person\/d63837fa13ac8666eb9e74e0985d6f81\"},\"headline\":\"Gest\u00e3o de crise empresarial\",\"datePublished\":\"2024-05-03T17:50:27+00:00\",\"dateModified\":\"2024-05-03T17:50:28+00:00\",\"mainEntityOfPage\":{\"@id\":\"https:\/\/jornalfatosenoticias.com.br\/index.php\/2024\/05\/03\/gestao-de-crise-empresarial\/\"},\"wordCount\":653,\"commentCount\":0,\"publisher\":{\"@id\":\"https:\/\/jornalfatosenoticias.com.br\/#organization\"},\"image\":{\"@id\":\"https:\/\/jornalfatosenoticias.com.br\/index.php\/2024\/05\/03\/gestao-de-crise-empresarial\/#primaryimage\"},\"thumbnailUrl\":\"https:\/\/jornalfatosenoticias.com.br\/wp-content\/uploads\/2024\/05\/gestao-de-crise_Freepik.jpg\",\"keywords\":[\"cen\u00e1rio econ\u00f4mico\",\"crise\",\"crise empresarial\",\"gest\u00e3o\",\"gest\u00e3o de crise\"],\"articleSection\":[\"Economia\"],\"inLanguage\":\"pt-BR\",\"potentialAction\":[{\"@type\":\"CommentAction\",\"name\":\"Comment\",\"target\":[\"https:\/\/jornalfatosenoticias.com.br\/index.php\/2024\/05\/03\/gestao-de-crise-empresarial\/#respond\"]}]},{\"@type\":\"WebPage\",\"@id\":\"https:\/\/jornalfatosenoticias.com.br\/index.php\/2024\/05\/03\/gestao-de-crise-empresarial\/\",\"url\":\"https:\/\/jornalfatosenoticias.com.br\/index.php\/2024\/05\/03\/gestao-de-crise-empresarial\/\",\"name\":\"Gest\u00e3o de crise empresarial - Jornal Fatos e Not\u00edcias\",\"isPartOf\":{\"@id\":\"https:\/\/jornalfatosenoticias.com.br\/#website\"},\"primaryImageOfPage\":{\"@id\":\"https:\/\/jornalfatosenoticias.com.br\/index.php\/2024\/05\/03\/gestao-de-crise-empresarial\/#primaryimage\"},\"image\":{\"@id\":\"https:\/\/jornalfatosenoticias.com.br\/index.php\/2024\/05\/03\/gestao-de-crise-empresarial\/#primaryimage\"},\"thumbnailUrl\":\"https:\/\/jornalfatosenoticias.com.br\/wp-content\/uploads\/2024\/05\/gestao-de-crise_Freepik.jpg\",\"datePublished\":\"2024-05-03T17:50:27+00:00\",\"dateModified\":\"2024-05-03T17:50:28+00:00\",\"breadcrumb\":{\"@id\":\"https:\/\/jornalfatosenoticias.com.br\/index.php\/2024\/05\/03\/gestao-de-crise-empresarial\/#breadcrumb\"},\"inLanguage\":\"pt-BR\",\"potentialAction\":[{\"@type\":\"ReadAction\",\"target\":[\"https:\/\/jornalfatosenoticias.com.br\/index.php\/2024\/05\/03\/gestao-de-crise-empresarial\/\"]}]},{\"@type\":\"ImageObject\",\"inLanguage\":\"pt-BR\",\"@id\":\"https:\/\/jornalfatosenoticias.com.br\/index.php\/2024\/05\/03\/gestao-de-crise-empresarial\/#primaryimage\",\"url\":\"https:\/\/jornalfatosenoticias.com.br\/wp-content\/uploads\/2024\/05\/gestao-de-crise_Freepik.jpg\",\"contentUrl\":\"https:\/\/jornalfatosenoticias.com.br\/wp-content\/uploads\/2024\/05\/gestao-de-crise_Freepik.jpg\",\"width\":995,\"height\":504},{\"@type\":\"BreadcrumbList\",\"@id\":\"https:\/\/jornalfatosenoticias.com.br\/index.php\/2024\/05\/03\/gestao-de-crise-empresarial\/#breadcrumb\",\"itemListElement\":[{\"@type\":\"ListItem\",\"position\":1,\"name\":\"In\u00edcio\",\"item\":\"https:\/\/jornalfatosenoticias.com.br\/\"},{\"@type\":\"ListItem\",\"position\":2,\"name\":\"Gest\u00e3o de crise empresarial\"}]},{\"@type\":\"WebSite\",\"@id\":\"https:\/\/jornalfatosenoticias.com.br\/#website\",\"url\":\"https:\/\/jornalfatosenoticias.com.br\/\",\"name\":\"Jornal Fatos e Not\u00edcias\",\"description\":\"Not\u00edcias em geral\",\"publisher\":{\"@id\":\"https:\/\/jornalfatosenoticias.com.br\/#organization\"},\"potentialAction\":[{\"@type\":\"SearchAction\",\"target\":{\"@type\":\"EntryPoint\",\"urlTemplate\":\"https:\/\/jornalfatosenoticias.com.br\/?s={search_term_string}\"},\"query-input\":{\"@type\":\"PropertyValueSpecification\",\"valueRequired\":true,\"valueName\":\"search_term_string\"}}],\"inLanguage\":\"pt-BR\"},{\"@type\":\"Organization\",\"@id\":\"https:\/\/jornalfatosenoticias.com.br\/#organization\",\"name\":\"Jornal Fatos e Not\u00edcias\",\"url\":\"https:\/\/jornalfatosenoticias.com.br\/\",\"logo\":{\"@type\":\"ImageObject\",\"inLanguage\":\"pt-BR\",\"@id\":\"https:\/\/jornalfatosenoticias.com.br\/#\/schema\/logo\/image\/\",\"url\":\"https:\/\/jornalfatosenoticias.com.br\/wp-content\/uploads\/2020\/02\/logo120.png\",\"contentUrl\":\"https:\/\/jornalfatosenoticias.com.br\/wp-content\/uploads\/2020\/02\/logo120.png\",\"width\":1227,\"height\":120,\"caption\":\"Jornal Fatos e Not\u00edcias\"},\"image\":{\"@id\":\"https:\/\/jornalfatosenoticias.com.br\/#\/schema\/logo\/image\/\"}},{\"@type\":\"Person\",\"@id\":\"https:\/\/jornalfatosenoticias.com.br\/#\/schema\/person\/d63837fa13ac8666eb9e74e0985d6f81\",\"name\":\"Luzimara Fernandes\",\"image\":{\"@type\":\"ImageObject\",\"inLanguage\":\"pt-BR\",\"@id\":\"https:\/\/jornalfatosenoticias.com.br\/#\/schema\/person\/image\/\",\"url\":\"https:\/\/jornalfatosenoticias.com.br\/wp-content\/uploads\/2025\/05\/EU_portal.jpg\",\"contentUrl\":\"https:\/\/jornalfatosenoticias.com.br\/wp-content\/uploads\/2025\/05\/EU_portal.jpg\",\"caption\":\"Luzimara Fernandes\"},\"description\":\"Jornalista MTB 2358-ES\",\"sameAs\":[\"https:\/\/jornalfatosenoticias.com.br\"],\"url\":\"https:\/\/jornalfatosenoticias.com.br\/index.php\/author\/luzimara\/\"}]}<\/script>\n<!-- \/ Yoast SEO plugin. -->","yoast_head_json":{"title":"Gest\u00e3o de crise empresarial - Jornal Fatos e Not\u00edcias","robots":{"index":"index","follow":"follow","max-snippet":"max-snippet:-1","max-image-preview":"max-image-preview:large","max-video-preview":"max-video-preview:-1"},"canonical":"https:\/\/jornalfatosenoticias.com.br\/index.php\/2024\/05\/03\/gestao-de-crise-empresarial\/","og_locale":"pt_BR","og_type":"article","og_title":"Gest\u00e3o de crise empresarial - Jornal Fatos e Not\u00edcias","og_description":"Uma crise pode surgir de diversas formas, seja por fatores internos, como falhas operacionais, ou externos, como mudan\u00e7as no cen\u00e1rio econ\u00f4mico ou cat\u00e1strofes naturais Por\u00a0Milena Rohr A gest\u00e3o de crises nas empresas \u00e9 um campo que demanda aten\u00e7\u00e3o especial, dada a sua import\u00e2ncia para a sustentabilidade e continuidade dos neg\u00f3cios em momentos de adversidade. Uma [&hellip;]","og_url":"https:\/\/jornalfatosenoticias.com.br\/index.php\/2024\/05\/03\/gestao-de-crise-empresarial\/","og_site_name":"Jornal Fatos e Not\u00edcias","article_published_time":"2024-05-03T17:50:27+00:00","article_modified_time":"2024-05-03T17:50:28+00:00","og_image":[{"width":995,"height":504,"url":"https:\/\/jornalfatosenoticias.com.br\/wp-content\/uploads\/2024\/05\/gestao-de-crise_Freepik.jpg","type":"image\/jpeg"}],"author":"Luzimara Fernandes","twitter_card":"summary_large_image","twitter_misc":{"Escrito por":"Luzimara Fernandes","Est. tempo de leitura":"3 minutos"},"schema":{"@context":"https:\/\/schema.org","@graph":[{"@type":"Article","@id":"https:\/\/jornalfatosenoticias.com.br\/index.php\/2024\/05\/03\/gestao-de-crise-empresarial\/#article","isPartOf":{"@id":"https:\/\/jornalfatosenoticias.com.br\/index.php\/2024\/05\/03\/gestao-de-crise-empresarial\/"},"author":{"name":"Luzimara Fernandes","@id":"https:\/\/jornalfatosenoticias.com.br\/#\/schema\/person\/d63837fa13ac8666eb9e74e0985d6f81"},"headline":"Gest\u00e3o de crise empresarial","datePublished":"2024-05-03T17:50:27+00:00","dateModified":"2024-05-03T17:50:28+00:00","mainEntityOfPage":{"@id":"https:\/\/jornalfatosenoticias.com.br\/index.php\/2024\/05\/03\/gestao-de-crise-empresarial\/"},"wordCount":653,"commentCount":0,"publisher":{"@id":"https:\/\/jornalfatosenoticias.com.br\/#organization"},"image":{"@id":"https:\/\/jornalfatosenoticias.com.br\/index.php\/2024\/05\/03\/gestao-de-crise-empresarial\/#primaryimage"},"thumbnailUrl":"https:\/\/jornalfatosenoticias.com.br\/wp-content\/uploads\/2024\/05\/gestao-de-crise_Freepik.jpg","keywords":["cen\u00e1rio econ\u00f4mico","crise","crise empresarial","gest\u00e3o","gest\u00e3o de crise"],"articleSection":["Economia"],"inLanguage":"pt-BR","potentialAction":[{"@type":"CommentAction","name":"Comment","target":["https:\/\/jornalfatosenoticias.com.br\/index.php\/2024\/05\/03\/gestao-de-crise-empresarial\/#respond"]}]},{"@type":"WebPage","@id":"https:\/\/jornalfatosenoticias.com.br\/index.php\/2024\/05\/03\/gestao-de-crise-empresarial\/","url":"https:\/\/jornalfatosenoticias.com.br\/index.php\/2024\/05\/03\/gestao-de-crise-empresarial\/","name":"Gest\u00e3o de crise empresarial - Jornal Fatos e Not\u00edcias","isPartOf":{"@id":"https:\/\/jornalfatosenoticias.com.br\/#website"},"primaryImageOfPage":{"@id":"https:\/\/jornalfatosenoticias.com.br\/index.php\/2024\/05\/03\/gestao-de-crise-empresarial\/#primaryimage"},"image":{"@id":"https:\/\/jornalfatosenoticias.com.br\/index.php\/2024\/05\/03\/gestao-de-crise-empresarial\/#primaryimage"},"thumbnailUrl":"https:\/\/jornalfatosenoticias.com.br\/wp-content\/uploads\/2024\/05\/gestao-de-crise_Freepik.jpg","datePublished":"2024-05-03T17:50:27+00:00","dateModified":"2024-05-03T17:50:28+00:00","breadcrumb":{"@id":"https:\/\/jornalfatosenoticias.com.br\/index.php\/2024\/05\/03\/gestao-de-crise-empresarial\/#breadcrumb"},"inLanguage":"pt-BR","potentialAction":[{"@type":"ReadAction","target":["https:\/\/jornalfatosenoticias.com.br\/index.php\/2024\/05\/03\/gestao-de-crise-empresarial\/"]}]},{"@type":"ImageObject","inLanguage":"pt-BR","@id":"https:\/\/jornalfatosenoticias.com.br\/index.php\/2024\/05\/03\/gestao-de-crise-empresarial\/#primaryimage","url":"https:\/\/jornalfatosenoticias.com.br\/wp-content\/uploads\/2024\/05\/gestao-de-crise_Freepik.jpg","contentUrl":"https:\/\/jornalfatosenoticias.com.br\/wp-content\/uploads\/2024\/05\/gestao-de-crise_Freepik.jpg","width":995,"height":504},{"@type":"BreadcrumbList","@id":"https:\/\/jornalfatosenoticias.com.br\/index.php\/2024\/05\/03\/gestao-de-crise-empresarial\/#breadcrumb","itemListElement":[{"@type":"ListItem","position":1,"name":"In\u00edcio","item":"https:\/\/jornalfatosenoticias.com.br\/"},{"@type":"ListItem","position":2,"name":"Gest\u00e3o de crise empresarial"}]},{"@type":"WebSite","@id":"https:\/\/jornalfatosenoticias.com.br\/#website","url":"https:\/\/jornalfatosenoticias.com.br\/","name":"Jornal Fatos e Not\u00edcias","description":"Not\u00edcias em geral","publisher":{"@id":"https:\/\/jornalfatosenoticias.com.br\/#organization"},"potentialAction":[{"@type":"SearchAction","target":{"@type":"EntryPoint","urlTemplate":"https:\/\/jornalfatosenoticias.com.br\/?s={search_term_string}"},"query-input":{"@type":"PropertyValueSpecification","valueRequired":true,"valueName":"search_term_string"}}],"inLanguage":"pt-BR"},{"@type":"Organization","@id":"https:\/\/jornalfatosenoticias.com.br\/#organization","name":"Jornal Fatos e Not\u00edcias","url":"https:\/\/jornalfatosenoticias.com.br\/","logo":{"@type":"ImageObject","inLanguage":"pt-BR","@id":"https:\/\/jornalfatosenoticias.com.br\/#\/schema\/logo\/image\/","url":"https:\/\/jornalfatosenoticias.com.br\/wp-content\/uploads\/2020\/02\/logo120.png","contentUrl":"https:\/\/jornalfatosenoticias.com.br\/wp-content\/uploads\/2020\/02\/logo120.png","width":1227,"height":120,"caption":"Jornal Fatos e Not\u00edcias"},"image":{"@id":"https:\/\/jornalfatosenoticias.com.br\/#\/schema\/logo\/image\/"}},{"@type":"Person","@id":"https:\/\/jornalfatosenoticias.com.br\/#\/schema\/person\/d63837fa13ac8666eb9e74e0985d6f81","name":"Luzimara Fernandes","image":{"@type":"ImageObject","inLanguage":"pt-BR","@id":"https:\/\/jornalfatosenoticias.com.br\/#\/schema\/person\/image\/","url":"https:\/\/jornalfatosenoticias.com.br\/wp-content\/uploads\/2025\/05\/EU_portal.jpg","contentUrl":"https:\/\/jornalfatosenoticias.com.br\/wp-content\/uploads\/2025\/05\/EU_portal.jpg","caption":"Luzimara Fernandes"},"description":"Jornalista MTB 2358-ES","sameAs":["https:\/\/jornalfatosenoticias.com.br"],"url":"https:\/\/jornalfatosenoticias.com.br\/index.php\/author\/luzimara\/"}]}},"cc_featured_image_caption":{"caption_text":"(Foto: Freepik) ","source_text":"","source_url":""},"jetpack_featured_media_url":"https:\/\/jornalfatosenoticias.com.br\/wp-content\/uploads\/2024\/05\/gestao-de-crise_Freepik.jpg","_links":{"self":[{"href":"https:\/\/jornalfatosenoticias.com.br\/index.php\/wp-json\/wp\/v2\/posts\/50963","targetHints":{"allow":["GET"]}}],"collection":[{"href":"https:\/\/jornalfatosenoticias.com.br\/index.php\/wp-json\/wp\/v2\/posts"}],"about":[{"href":"https:\/\/jornalfatosenoticias.com.br\/index.php\/wp-json\/wp\/v2\/types\/post"}],"author":[{"embeddable":true,"href":"https:\/\/jornalfatosenoticias.com.br\/index.php\/wp-json\/wp\/v2\/users\/2"}],"replies":[{"embeddable":true,"href":"https:\/\/jornalfatosenoticias.com.br\/index.php\/wp-json\/wp\/v2\/comments?post=50963"}],"version-history":[{"count":0,"href":"https:\/\/jornalfatosenoticias.com.br\/index.php\/wp-json\/wp\/v2\/posts\/50963\/revisions"}],"wp:featuredmedia":[{"embeddable":true,"href":"https:\/\/jornalfatosenoticias.com.br\/index.php\/wp-json\/wp\/v2\/media\/50964"}],"wp:attachment":[{"href":"https:\/\/jornalfatosenoticias.com.br\/index.php\/wp-json\/wp\/v2\/media?parent=50963"}],"wp:term":[{"taxonomy":"category","embeddable":true,"href":"https:\/\/jornalfatosenoticias.com.br\/index.php\/wp-json\/wp\/v2\/categories?post=50963"},{"taxonomy":"post_tag","embeddable":true,"href":"https:\/\/jornalfatosenoticias.com.br\/index.php\/wp-json\/wp\/v2\/tags?post=50963"}],"curies":[{"name":"wp","href":"https:\/\/api.w.org\/{rel}","templated":true}]}}