{"id":50975,"date":"2024-05-03T15:34:13","date_gmt":"2024-05-03T18:34:13","guid":{"rendered":"https:\/\/jornalfatosenoticias.com.br\/?p=50975"},"modified":"2024-05-03T15:34:16","modified_gmt":"2024-05-03T18:34:16","slug":"a-semana-no-brasil-e-no-mundo-lula-comete-crime-eleitoral-explicito-em-ato-do-1o-de-maio","status":"publish","type":"post","link":"https:\/\/jornalfatosenoticias.com.br\/index.php\/2024\/05\/03\/a-semana-no-brasil-e-no-mundo-lula-comete-crime-eleitoral-explicito-em-ato-do-1o-de-maio\/","title":{"rendered":"A Semana no Brasil e no Mundo \u2014 Lula comete crime eleitoral expl\u00edcito em ato do 1\u00ba de maio"},"content":{"rendered":"\n<p><em><span class=\"has-inline-color has-black-color\">Petista ignorou legisla\u00e7\u00e3o eleitoral e pediu votos para Guilherme Boulos \u00e0 Prefeitura de SP<\/span><\/em><\/p>\n\n\n\n<div class=\"wp-block-image\"><figure class=\"aligncenter size-large\"><img loading=\"lazy\" decoding=\"async\" width=\"729\" height=\"90\" src=\"https:\/\/jornalfatosenoticias.com.br\/wp-content\/uploads\/2020\/02\/Logo_Mizu.png\" alt=\"\" class=\"wp-image-1441\" srcset=\"https:\/\/jornalfatosenoticias.com.br\/wp-content\/uploads\/2020\/02\/Logo_Mizu.png 729w, https:\/\/jornalfatosenoticias.com.br\/wp-content\/uploads\/2020\/02\/Logo_Mizu-300x37.png 300w\" sizes=\"auto, (max-width: 729px) 100vw, 729px\" \/><\/figure><\/div>\n\n\n\n<p>Luiz In\u00e1cio Lula da Silva (PT), cometeu crime eleitoral expl\u00edcito na quarta-feira, 1\u00ba de maio, na capital paulista, ao pedir votos para o deputado federal e pr\u00e9-candidato \u00e0 Prefeitura de S\u00e3o Paulo Guilherme Boulos (PSOL-SP). \u201cEsse jovem est\u00e1 disputando uma verdadeira guerra aqui em S\u00e3o Paulo\u201d, disse. \u201cEle est\u00e1 disputando com nosso advers\u00e1rio nacional, contra nosso advers\u00e1rio estadual e contra nosso advers\u00e1rio municipal\u201d.<br>Lula participou de ato das centrais sindicais para comemora\u00e7\u00e3o do 1\u00ba de maio e fez um pedido para a plateia que afronta a legisla\u00e7\u00e3o eleitoral. \u201cCada pessoa que votou no Lula em 1989, 1994, 1998, 2006, 2010, 2018 e 2022 tem que votar no Boulos para prefeito de S\u00e3o Paulo\u201d.<\/p>\n\n\n\n<figure class=\"wp-block-embed-twitter wp-block-embed is-type-rich is-provider-twitter\"><div class=\"wp-block-embed__wrapper\">\n<blockquote class=\"twitter-tweet\" data-width=\"550\" data-dnt=\"true\"><p lang=\"pt\" dir=\"ltr\">\ud83d\udea8URGENTE: LULA COMETEU CRIME ELEITORAL!<br><br>Lula pediu votos para Guilherme Boulos em um evento hoje. Tal a\u00e7\u00e3o configura campanha eleitoral antecipada, considerada como crime eleitoral. <a href=\"https:\/\/t.co\/RXEFRpn4YL\">pic.twitter.com\/RXEFRpn4YL<\/a><\/p>&mdash; Marco Ant\u00f4nio Costa (@realmacosta) <a href=\"https:\/\/twitter.com\/realmacosta\/status\/1785745990802194873?ref_src=twsrc%5Etfw\">May 1, 2024<\/a><\/blockquote><script async src=\"https:\/\/platform.twitter.com\/widgets.js\" charset=\"utf-8\"><\/script>\n<\/div><\/figure>\n\n\n\n<div class=\"wp-block-image\"><figure class=\"aligncenter size-large\"><img decoding=\"async\" src=\"https:\/\/jornalfatosenoticias.com.br\/wp-content\/uploads\/2020\/02\/logo_esteio.jpg\" alt=\"\" class=\"wp-image-1214\"\/><\/figure><\/div>\n\n\n\n<p><strong><span class=\"has-inline-color has-black-color\">Ramagem se absteve de discursar em Copacabana<br><\/span><\/strong>No ato promovido pela direita, no dia 21 do \u00faltimo m\u00eas, em Copacabana, Zona Sul do Rio de Janeiro, o pr\u00e9-candidato \u00e0 Prefeitura do Rio pelo PL, o deputado federal Alexandre Ramagem, esteve presente na manifesta\u00e7\u00e3o, mas foi orientado pelos correligion\u00e1rios a n\u00e3o discursar para n\u00e3o correr o risco de ser punido pela Corte Eleitoral. <strong>(Fonte: Pleno.News)<\/strong><\/p>\n\n\n\n<div class=\"wp-block-image\"><figure class=\"aligncenter size-large is-resized\"><img loading=\"lazy\" decoding=\"async\" src=\"https:\/\/jornalfatosenoticias.com.br\/wp-content\/uploads\/2023\/09\/vetorvix1024_1.jpg\" alt=\"\" class=\"wp-image-44868\" width=\"558\" height=\"148\" srcset=\"https:\/\/jornalfatosenoticias.com.br\/wp-content\/uploads\/2023\/09\/vetorvix1024_1.jpg 1024w, https:\/\/jornalfatosenoticias.com.br\/wp-content\/uploads\/2023\/09\/vetorvix1024_1-300x80.jpg 300w, https:\/\/jornalfatosenoticias.com.br\/wp-content\/uploads\/2023\/09\/vetorvix1024_1-768x205.jpg 768w\" sizes=\"auto, (max-width: 558px) 100vw, 558px\" \/><\/figure><\/div>\n\n\n\n<hr class=\"wp-block-separator\"\/>\n\n\n\n<h3 class=\"wp-block-heading\"><span class=\"has-inline-color has-black-color\">Uni\u00e3o deixou de repassar R$ 175 milh\u00f5es para emerg\u00eancias no RS<\/span><\/h3>\n\n\n\n<div class=\"wp-block-image\"><figure class=\"aligncenter size-large\"><img loading=\"lazy\" decoding=\"async\" width=\"795\" height=\"496\" src=\"https:\/\/jornalfatosenoticias.com.br\/wp-content\/uploads\/2024\/05\/chuvas-RS.jpg\" alt=\"\" class=\"wp-image-50982\" srcset=\"https:\/\/jornalfatosenoticias.com.br\/wp-content\/uploads\/2024\/05\/chuvas-RS.jpg 795w, https:\/\/jornalfatosenoticias.com.br\/wp-content\/uploads\/2024\/05\/chuvas-RS-300x187.jpg 300w, https:\/\/jornalfatosenoticias.com.br\/wp-content\/uploads\/2024\/05\/chuvas-RS-768x479.jpg 768w\" sizes=\"auto, (max-width: 795px) 100vw, 795px\" \/><figcaption><em><span class=\"has-inline-color has-black-color\">(Foto: Reprodu\u00e7\u00e3o\/Print de v\u00eddeo\/X)<\/span><\/em><\/figcaption><\/figure><\/div>\n\n\n\n<p><em><span class=\"has-inline-color has-black-color\">Governo havia prometido um total de R$ 500 milh\u00f5es, mas entregou R$ 325 milh\u00f5es<br><\/span><\/em>Oito meses ap\u00f3s se comprometer a repassar R$ 500 milh\u00f5es para a\u00e7\u00f5es emergenciais no Rio Grande do Sul, o Minist\u00e9rio da Integra\u00e7\u00e3o e do Desenvolvimento Regional ainda n\u00e3o entregou todo o valor prometido. At\u00e9 o momento, falta um ter\u00e7o das verbas, o que corresponde a R$ 175 milh\u00f5es.<br>De acordo com informa\u00e7\u00f5es da CNN, a pasta justificou que o montante s\u00f3 \u00e9 liberado caso a Prefeitura apresente projetos e documentos detalhando como o valor ser\u00e1 utilizado. <\/p>\n\n\n\n<div class=\"wp-block-image\"><figure class=\"aligncenter size-large is-resized\"><img loading=\"lazy\" decoding=\"async\" src=\"https:\/\/jornalfatosenoticias.com.br\/wp-content\/uploads\/2022\/02\/Precisao-Contabilidade-1024x724.jpg\" alt=\"\" class=\"wp-image-28088\" width=\"348\" height=\"246\"\/><\/figure><\/div>\n\n\n\n<blockquote class=\"wp-block-quote is-layout-flow wp-block-quote-is-layout-flow\"><p><span class=\"has-inline-color has-luminous-vivid-orange-color\">Ap\u00f3s esse processo, a equipe t\u00e9cnica da Defesa Civil Nacional avalia as metas e os valores solicitados. Com a aprova\u00e7\u00e3o, \u00e9 publicada uma portaria no Di\u00e1rio Oficial da Uni\u00e3o [DOU] com o valor a ser liberado\u201d, disse a pasta.<\/span><\/p><\/blockquote>\n\n\n\n<div class=\"wp-block-image\"><figure class=\"aligncenter size-large is-resized\"><img loading=\"lazy\" decoding=\"async\" src=\"https:\/\/jornalfatosenoticias.com.br\/wp-content\/uploads\/2020\/02\/CONTROL-CS.jpg\" alt=\"\" class=\"wp-image-44991\" width=\"361\" height=\"433\" srcset=\"https:\/\/jornalfatosenoticias.com.br\/wp-content\/uploads\/2020\/02\/CONTROL-CS.jpg 834w, https:\/\/jornalfatosenoticias.com.br\/wp-content\/uploads\/2020\/02\/CONTROL-CS-250x300.jpg 250w, https:\/\/jornalfatosenoticias.com.br\/wp-content\/uploads\/2020\/02\/CONTROL-CS-768x921.jpg 768w\" sizes=\"auto, (max-width: 361px) 100vw, 361px\" \/><\/figure><\/div>\n\n\n\n<p>A promessa foi feita ap\u00f3s um ciclone extratropical atingir o estado em setembro do \u00faltimo ano, deixando danos significativos. O valor repassado at\u00e9 o momento foi empregado na compra de itens de higiene, \u00e1gua, alimentos, colch\u00f5es, reformas de escolas, postos de sa\u00fade, farm\u00e1cia, e vias, al\u00e9m da constru\u00e7\u00e3o de casas.<\/p>\n\n\n\n<div class=\"wp-block-image\"><figure class=\"aligncenter size-large is-resized\"><img loading=\"lazy\" decoding=\"async\" src=\"https:\/\/jornalfatosenoticias.com.br\/wp-content\/uploads\/2023\/08\/BKR-1024x1021.jpg\" alt=\"\" class=\"wp-image-44494\" width=\"290\" height=\"289\" srcset=\"https:\/\/jornalfatosenoticias.com.br\/wp-content\/uploads\/2023\/08\/BKR-1024x1021.jpg 1024w, https:\/\/jornalfatosenoticias.com.br\/wp-content\/uploads\/2023\/08\/BKR-300x300.jpg 300w, https:\/\/jornalfatosenoticias.com.br\/wp-content\/uploads\/2023\/08\/BKR-150x150.jpg 150w, https:\/\/jornalfatosenoticias.com.br\/wp-content\/uploads\/2023\/08\/BKR-768x766.jpg 768w, https:\/\/jornalfatosenoticias.com.br\/wp-content\/uploads\/2023\/08\/BKR.jpg 1080w\" sizes=\"auto, (max-width: 290px) 100vw, 290px\" \/><\/figure><\/div>\n\n\n\n<p>O novo temporal que afeta o estado deixou, at\u00e9 o momento, 24 pessoas mortas. A Defesa Civil registrou 13 mortes enquanto o Corpo de Bombeiros e a Brigada Militar (BM) confirmaram outros 11 \u00f3bitos. O n\u00famero de desaparecidos, por sua vez, \u00e9 de 21 pessoas. Ao todo, 147 cidades registraram transtornos, como inunda\u00e7\u00f5es, quedas de barreiras e deslizamentos de terra. As \u00e1reas mais atingidas s\u00e3o as regi\u00f5es Central, dos Vales, Serra e Metropolitana de Porto Alegre. Conforme a Defesa Civil, 67,8 mil pessoas j\u00e1 foram atingidas pelos efeitos do mau tempo, sendo que 14,5 mil moradores tiveram que deixar suas casas. <strong>(Fonte: Pleno.News)<\/strong><\/p>\n\n\n\n<div class=\"wp-block-image\"><figure class=\"aligncenter size-large is-resized\"><img loading=\"lazy\" decoding=\"async\" src=\"https:\/\/jornalfatosenoticias.com.br\/wp-content\/uploads\/2023\/12\/pegoretti-logo-pdf-1024x389.jpg\" alt=\"\" class=\"wp-image-47536\" width=\"498\" height=\"189\" srcset=\"https:\/\/jornalfatosenoticias.com.br\/wp-content\/uploads\/2023\/12\/pegoretti-logo-pdf-1024x389.jpg 1024w, https:\/\/jornalfatosenoticias.com.br\/wp-content\/uploads\/2023\/12\/pegoretti-logo-pdf-300x114.jpg 300w, https:\/\/jornalfatosenoticias.com.br\/wp-content\/uploads\/2023\/12\/pegoretti-logo-pdf-768x291.jpg 768w, https:\/\/jornalfatosenoticias.com.br\/wp-content\/uploads\/2023\/12\/pegoretti-logo-pdf.jpg 1120w\" sizes=\"auto, (max-width: 498px) 100vw, 498px\" \/><\/figure><\/div>\n\n\n\n<hr class=\"wp-block-separator\"\/>\n\n\n\n<h3 class=\"wp-block-heading\"><span class=\"has-inline-color has-black-color\">\u2018Flopou\u2019: Lula se irrita e culpa seu ministro por fiasco no 1\u00ba de maio<\/span><\/h3>\n\n\n\n<div class=\"wp-block-image\"><figure class=\"aligncenter size-large\"><img loading=\"lazy\" decoding=\"async\" width=\"768\" height=\"434\" src=\"https:\/\/jornalfatosenoticias.com.br\/wp-content\/uploads\/2024\/05\/evento-de-Lula-esvaziado.jpg\" alt=\"\" class=\"wp-image-50981\" srcset=\"https:\/\/jornalfatosenoticias.com.br\/wp-content\/uploads\/2024\/05\/evento-de-Lula-esvaziado.jpg 768w, https:\/\/jornalfatosenoticias.com.br\/wp-content\/uploads\/2024\/05\/evento-de-Lula-esvaziado-300x170.jpg 300w\" sizes=\"auto, (max-width: 768px) 100vw, 768px\" \/><figcaption><em><span class=\"has-inline-color has-black-color\">(Foto: Reprodu\u00e7\u00e3o)<\/span><\/em><\/figcaption><\/figure><\/div>\n\n\n\n<p><em><span class=\"has-inline-color has-black-color\">Petista demonstra severa insatisfa\u00e7\u00e3o em mais um ato da esquerda com baixa ades\u00e3o<\/span><\/em><\/p>\n\n\n\n<p>Durante discurso no evento em comemora\u00e7\u00e3o ao Dia do Trabalhador, organizado pelas centrais sindicais em S\u00e3o Paulo, Luiz In\u00e1cio Lula da Silva (PT), mostrou clara irrita\u00e7\u00e3o com a baixa ades\u00e3o ao ato. Segundo o petista, a convoca\u00e7\u00e3o para o evento de 1\u00ba de maio, realizado no estacionamento do est\u00e1dio do Corinthians, em Itaquera, n\u00e3o foi feita como deveria, o que reduziu o p\u00fablico do evento.<\/p>\n\n\n\n<div class=\"wp-block-image\"><figure class=\"aligncenter size-large\"><img decoding=\"async\" src=\"https:\/\/jornalfatosenoticias.com.br\/wp-content\/uploads\/2020\/02\/barao-das-carnes-300x164-1.jpg\" alt=\"\" class=\"wp-image-34339\"\/><\/figure><\/div>\n\n\n\n<p>No palco, ao apresentar seus ministros, ele culpou M\u00e1rcio Macedo, titular da Secretaria-Geral da Presid\u00eancia, e tentou disfar\u00e7ar o problema de falar para um p\u00fablico bem reduzido. <em>\u201cEle [M\u00e1rcio Macedo] \u00e9 respons\u00e1vel pelo movimento social brasileiro. N\u00e3o pense que vai ficar assim. Voc\u00eas sabem que ontem [ter\u00e7a-feira (30)] eu conversei com ele sobre esse ato e eu disse para ele: \u201cOh, M\u00e1rcio, o ato est\u00e1 mal convocado. O ato est\u00e1 mal convocado. N\u00f3s n\u00e3o fizemos o esfor\u00e7o necess\u00e1rio para levar a quantidade de gente que era preciso levar\u201d. Mas, de qualquer forma, eu estou acostumado a falar com mil, com um milh\u00e3o [de pessoas], mas tamb\u00e9m, se for necess\u00e1rio, eu falo apenas com a senhora maravilhosa que est\u00e1 aqui na minha frente pra conversar com a gente\u201d, disse o petista.<\/em><\/p>\n\n\n\n<div class=\"wp-block-image\"><figure class=\"aligncenter size-large is-resized\"><img loading=\"lazy\" decoding=\"async\" src=\"https:\/\/jornalfatosenoticias.com.br\/wp-content\/uploads\/2023\/03\/nova-logo-Marquetti.jpg\" alt=\"\" class=\"wp-image-40207\" width=\"319\" height=\"214\" srcset=\"https:\/\/jornalfatosenoticias.com.br\/wp-content\/uploads\/2023\/03\/nova-logo-Marquetti.jpg 643w, https:\/\/jornalfatosenoticias.com.br\/wp-content\/uploads\/2023\/03\/nova-logo-Marquetti-300x202.jpg 300w\" sizes=\"auto, (max-width: 319px) 100vw, 319px\" \/><\/figure><\/div>\n\n\n\n<p>Antes da fala de Lula, outros dirigentes de centrais defenderam maior presen\u00e7a de grupos de esquerda nas ruas, em contraposi\u00e7\u00e3o aos atos de direita convocados por Jair Bolsonaro, ainda que sem cit\u00e1-lo. Nas redes, aliados do ex-presidente ironizaram a baixa participa\u00e7\u00e3o nos atos das centrais sindicais, mesmo com a presen\u00e7a de Lula.<br><\/p>\n\n\n\n<div class=\"wp-block-image\"><figure class=\"aligncenter size-large\"><img loading=\"lazy\" decoding=\"async\" width=\"585\" height=\"483\" src=\"https:\/\/jornalfatosenoticias.com.br\/wp-content\/uploads\/2024\/05\/Nikolas-sobre-ato-flopado-Lula.jpg\" alt=\"\" class=\"wp-image-50980\" srcset=\"https:\/\/jornalfatosenoticias.com.br\/wp-content\/uploads\/2024\/05\/Nikolas-sobre-ato-flopado-Lula.jpg 585w, https:\/\/jornalfatosenoticias.com.br\/wp-content\/uploads\/2024\/05\/Nikolas-sobre-ato-flopado-Lula-300x248.jpg 300w\" sizes=\"auto, (max-width: 585px) 100vw, 585px\" \/><\/figure><\/div>\n\n\n\n<figure class=\"wp-block-embed-twitter wp-block-embed is-type-rich is-provider-twitter\"><div class=\"wp-block-embed__wrapper\">\n<blockquote class=\"twitter-tweet\" data-width=\"550\" data-dnt=\"true\"><p lang=\"pt\" dir=\"ltr\">LULA bate mais um recorde <br>DE FIASCO ABSOLUTO <a href=\"https:\/\/t.co\/dDgWBOAuGw\">pic.twitter.com\/dDgWBOAuGw<\/a><\/p>&mdash; Gustavo Gayer (@GayerGus) <a href=\"https:\/\/twitter.com\/GayerGus\/status\/1785703465240387993?ref_src=twsrc%5Etfw\">May 1, 2024<\/a><\/blockquote><script async src=\"https:\/\/platform.twitter.com\/widgets.js\" charset=\"utf-8\"><\/script>\n<\/div><\/figure>\n\n\n\n<p>Al\u00e9m de Lula e Macedo, tamb\u00e9m estavam presentes o vice-presidente da Rep\u00fablica, Geraldo Alckmin (PSB), e os ministros Cida Gon\u00e7alves (Mulheres), Anielle Franco (Igualdade Racial), Luiz Marinho (Trabalho), Alexandre Padilha (Rela\u00e7\u00f5es Institucionais), Andr\u00e9 Fufuca (Esportes), Paulo Teixeira (Desenvolvimento Agr\u00e1rio), Silvio Almeida (Direitos Humanos) e Paulo Pimenta (Comunica\u00e7\u00f5es).<\/p>\n\n\n\n<div class=\"wp-block-image\"><figure class=\"aligncenter size-large\"><img loading=\"lazy\" decoding=\"async\" width=\"300\" height=\"250\" src=\"https:\/\/jornalfatosenoticias.com.br\/wp-content\/uploads\/2020\/02\/Banner-2.png\" alt=\"\" class=\"wp-image-43787\"\/><\/figure><\/div>\n\n\n\n<p>O deputado federal Guilherme Boulos (PSOL), pr\u00e9-candidato de Lula nas elei\u00e7\u00f5es em S\u00e3o Paulo tamb\u00e9m compareceu e discursou, o que poderia ser considerado crime eleitoral, j\u00e1 que o Tribunal Superior Eleitoral (TSE) pro\u00edbe a propaganda pol\u00edtica antecipada. <strong>(Fonte: Pleno.News)<\/strong><\/p>\n\n\n\n<div class=\"wp-block-image\"><figure class=\"aligncenter size-large is-resized\"><img loading=\"lazy\" decoding=\"async\" src=\"https:\/\/jornalfatosenoticias.com.br\/wp-content\/uploads\/2020\/02\/logo-Rapuzel-1024x571.jpg\" alt=\"\" class=\"wp-image-42808\" width=\"390\" height=\"217\" srcset=\"https:\/\/jornalfatosenoticias.com.br\/wp-content\/uploads\/2020\/02\/logo-Rapuzel-1024x571.jpg 1024w, https:\/\/jornalfatosenoticias.com.br\/wp-content\/uploads\/2020\/02\/logo-Rapuzel-300x167.jpg 300w, https:\/\/jornalfatosenoticias.com.br\/wp-content\/uploads\/2020\/02\/logo-Rapuzel-768x428.jpg 768w, https:\/\/jornalfatosenoticias.com.br\/wp-content\/uploads\/2020\/02\/logo-Rapuzel-1536x856.jpg 1536w, https:\/\/jornalfatosenoticias.com.br\/wp-content\/uploads\/2020\/02\/logo-Rapuzel.jpg 1600w\" sizes=\"auto, (max-width: 390px) 100vw, 390px\" \/><\/figure><\/div>\n\n\n\n<hr class=\"wp-block-separator\"\/>\n\n\n\n<h3 class=\"wp-block-heading\"><span class=\"has-inline-color has-black-color\">Argentina anuncia novo corte da taxa de juros<\/span><\/h3>\n\n\n\n<div class=\"wp-block-image\"><figure class=\"aligncenter size-large\"><img loading=\"lazy\" decoding=\"async\" width=\"1000\" height=\"479\" src=\"https:\/\/jornalfatosenoticias.com.br\/wp-content\/uploads\/2024\/05\/Milei.jpg\" alt=\"\" class=\"wp-image-50979\" srcset=\"https:\/\/jornalfatosenoticias.com.br\/wp-content\/uploads\/2024\/05\/Milei.jpg 1000w, https:\/\/jornalfatosenoticias.com.br\/wp-content\/uploads\/2024\/05\/Milei-300x144.jpg 300w, https:\/\/jornalfatosenoticias.com.br\/wp-content\/uploads\/2024\/05\/Milei-768x368.jpg 768w\" sizes=\"auto, (max-width: 1000px) 100vw, 1000px\" \/><figcaption><em><span class=\"has-inline-color has-black-color\">(Foto: Reuters)<\/span><\/em><\/figcaption><\/figure><\/div>\n\n\n\n<p>O Banco Central da Rep\u00fablica Argentina (BCRA) decidiu, nesta quinta-feira (2), reduzir sua taxa b\u00e1sica de juros, a dos Passes Passivos de um dia, de 60% a 50%. Em breve comunicado, o BC argumenta que a medida \u201cleva em conta o contexto financeiro e de liquidez e se fundamenta no r\u00e1pido ajuste de expectativas de infla\u00e7\u00e3o, na estabiliza\u00e7\u00e3o da \u00e2ncora fiscal, e no impacto monet\u00e1rio de contra\u00e7\u00e3o derivado da estacionalidade nos pagamentos externos do Tesouro do trimestre em curso\u201d.<\/p>\n\n\n\n<div class=\"wp-block-image\"><figure class=\"aligncenter size-large\"><img loading=\"lazy\" decoding=\"async\" width=\"300\" height=\"250\" src=\"https:\/\/jornalfatosenoticias.com.br\/wp-content\/uploads\/2022\/02\/FERRARI_MAQUINAS-E-FERRAMENTAS2.jpg\" alt=\"\" class=\"wp-image-27860\"\/><\/figure><\/div>\n\n\n\n<p>O BCRA tem adotado redu\u00e7\u00f5es seguidas na sua taxa b\u00e1sica, nas \u00faltimas semanas. Em 11 de abril, a taxa estava em 80%, quando foi cortada para 70%, sendo seguido adiante por outra redu\u00e7\u00e3o tamb\u00e9m de 10 pontos porcentuais, antes da realizada nesta quinta-feira. <strong>(Fonte: Terra Brasil Not\u00edcias)<\/strong><\/p>\n\n\n\n<div class=\"wp-block-image\"><figure class=\"aligncenter size-large is-resized\"><img loading=\"lazy\" decoding=\"async\" src=\"https:\/\/jornalfatosenoticias.com.br\/wp-content\/uploads\/2023\/09\/vetorvix1024_1.jpg\" alt=\"\" class=\"wp-image-44868\" width=\"546\" height=\"145\" srcset=\"https:\/\/jornalfatosenoticias.com.br\/wp-content\/uploads\/2023\/09\/vetorvix1024_1.jpg 1024w, https:\/\/jornalfatosenoticias.com.br\/wp-content\/uploads\/2023\/09\/vetorvix1024_1-300x80.jpg 300w, https:\/\/jornalfatosenoticias.com.br\/wp-content\/uploads\/2023\/09\/vetorvix1024_1-768x205.jpg 768w\" sizes=\"auto, (max-width: 546px) 100vw, 546px\" \/><\/figure><\/div>\n\n\n\n<hr class=\"wp-block-separator\"\/>\n\n\n\n<h3 class=\"wp-block-heading\"><span class=\"has-inline-color has-black-color\">Presidente da Col\u00f4mbia anuncia rompimento de rela\u00e7\u00f5es diplom\u00e1ticas com Israel<\/span><\/h3>\n\n\n\n<div class=\"wp-block-image\"><figure class=\"aligncenter size-large\"><img loading=\"lazy\" decoding=\"async\" width=\"750\" height=\"375\" src=\"https:\/\/jornalfatosenoticias.com.br\/wp-content\/uploads\/2024\/05\/Petros_Colombia.jpg\" alt=\"\" class=\"wp-image-50978\" srcset=\"https:\/\/jornalfatosenoticias.com.br\/wp-content\/uploads\/2024\/05\/Petros_Colombia.jpg 750w, https:\/\/jornalfatosenoticias.com.br\/wp-content\/uploads\/2024\/05\/Petros_Colombia-300x150.jpg 300w\" sizes=\"auto, (max-width: 750px) 100vw, 750px\" \/><figcaption><em><span class=\"has-inline-color has-black-color\">(Foto: Reuters)<\/span><\/em><\/figcaption><\/figure><\/div>\n\n\n\n<p>O presidente da Col\u00f4mbia, Gustavo Petro, anunciou em um ato neste 1\u00ba de maio o rompimento das rela\u00e7\u00f5es diplom\u00e1ticas com Israel. Petro declarou: \u201cO presidente da Rep\u00fablica informa que amanh\u00e3 ser\u00e3o rompidas as rela\u00e7\u00f5es diplom\u00e1ticas com o Estado de Israel, por ter um governo, por ter um presidente genocida\u201d, referindo-se provavelmente ao primeiro-ministro israelense Benjamin Netanyahu.<\/p>\n\n\n\n<div class=\"wp-block-image\"><figure class=\"aligncenter size-large is-resized\"><img loading=\"lazy\" decoding=\"async\" src=\"https:\/\/jornalfatosenoticias.com.br\/wp-content\/uploads\/2023\/03\/logo-Panper_portal.jpg\" alt=\"\" class=\"wp-image-40208\" width=\"357\" height=\"247\" srcset=\"https:\/\/jornalfatosenoticias.com.br\/wp-content\/uploads\/2023\/03\/logo-Panper_portal.jpg 400w, https:\/\/jornalfatosenoticias.com.br\/wp-content\/uploads\/2023\/03\/logo-Panper_portal-300x208.jpg 300w\" sizes=\"auto, (max-width: 357px) 100vw, 357px\" \/><\/figure><\/div>\n\n\n\n<p>Ele acrescentou: \u201cAcredito que hoje toda a humanidade nas ruas, aos milh\u00f5es, concorda conosco e n\u00f3s com eles. N\u00e3o pode ser, n\u00e3o pode voltar, n\u00e3o podem chegar os tempos do genoc\u00eddio, do exterm\u00ednio de um povo inteiro diante dos nossos olhos, diante da nossa passividade. Se a Palestina morrer, a humanidade morre, e n\u00e3o vamos deix\u00e1-la morrer\u201d.<\/p>\n\n\n\n<div class=\"wp-block-image\"><figure class=\"aligncenter size-large is-resized\"><img loading=\"lazy\" decoding=\"async\" src=\"https:\/\/jornalfatosenoticias.com.br\/wp-content\/uploads\/2024\/01\/consultoria-ambiental.jpg\" alt=\"\" class=\"wp-image-48314\" width=\"301\" height=\"272\" srcset=\"https:\/\/jornalfatosenoticias.com.br\/wp-content\/uploads\/2024\/01\/consultoria-ambiental.jpg 832w, https:\/\/jornalfatosenoticias.com.br\/wp-content\/uploads\/2024\/01\/consultoria-ambiental-300x272.jpg 300w, https:\/\/jornalfatosenoticias.com.br\/wp-content\/uploads\/2024\/01\/consultoria-ambiental-768x696.jpg 768w\" sizes=\"auto, (max-width: 301px) 100vw, 301px\" \/><\/figure><\/div>\n\n\n\n<p>Petro j\u00e1 fez declara\u00e7\u00f5es ainda mais fortes que as do presidente Lula, que afirmou em um evento na Eti\u00f3pia que \u201co que est\u00e1 acontecendo na Faixa de Gaza com o povo palestino n\u00e3o existiu em nenhum outro momento hist\u00f3rico. Ali\u00e1s, existiu. Quando Hitler resolveu matar os judeus\u201d.<\/p>\n\n\n\n<div class=\"wp-block-image\"><figure class=\"aligncenter size-large\"><img decoding=\"async\" src=\"https:\/\/jornalfatosenoticias.com.br\/wp-content\/uploads\/2020\/02\/barao-das-carnes-300x164-1.jpg\" alt=\"\" class=\"wp-image-34339\"\/><\/figure><\/div>\n\n\n\n<p>No ano passado, Petro proferiu uma sucess\u00e3o de frases desconexas e perigosas: \u201cAlgum dia, o Ex\u00e9rcito e o governo de Israel nos pedir\u00e3o perd\u00e3o pelo que fizeram seus homens em nossa terra desatando o genoc\u00eddio. Eu me abra\u00e7arei com eles e elas ou chorarei pelo homic\u00eddio de Auschwitz e de Gaza, e pelo Auschwitz colombiano (\u2026). Hitler ser\u00e1 derrotado pelo bem da humanidade, sua democracia, a paz e a liberdade do mundo (\u2026) J\u00e1 estive no campo de concentra\u00e7\u00e3o de Auschwitz e agora vejo isso copiado em Gaza\u201d.<\/p>\n\n\n\n<div class=\"wp-block-image\"><figure class=\"aligncenter size-large is-resized\"><img loading=\"lazy\" decoding=\"async\" src=\"https:\/\/jornalfatosenoticias.com.br\/wp-content\/uploads\/2023\/08\/ITH.jpeg\" alt=\"\" class=\"wp-image-44638\" width=\"311\" height=\"253\" srcset=\"https:\/\/jornalfatosenoticias.com.br\/wp-content\/uploads\/2023\/08\/ITH.jpeg 800w, https:\/\/jornalfatosenoticias.com.br\/wp-content\/uploads\/2023\/08\/ITH-300x244.jpeg 300w, https:\/\/jornalfatosenoticias.com.br\/wp-content\/uploads\/2023\/08\/ITH-768x624.jpeg 768w\" sizes=\"auto, (max-width: 311px) 100vw, 311px\" \/><\/figure><\/div>\n\n\n\n<p>Em fevereiro deste ano, Petro anunciou que seu pa\u00eds suspenderia a compra de armas de Israel por causa do \u201cgenoc\u00eddio que faz lembrar o Holocausto\u201d. A rea\u00e7\u00e3o israelense veio do ministro de Rela\u00e7\u00f5es Exteriores israelense, Israel Katz, que afirmou no Twitter: <\/p>\n\n\n\n<div class=\"wp-block-image\"><figure class=\"aligncenter size-large\"><img decoding=\"async\" src=\"https:\/\/jornalfatosenoticias.com.br\/wp-content\/uploads\/2020\/02\/logo_esteio.jpg\" alt=\"\" class=\"wp-image-1214\"\/><\/figure><\/div>\n\n\n\n<blockquote class=\"wp-block-quote is-layout-flow wp-block-quote-is-layout-flow\"><p><span class=\"has-inline-color has-luminous-vivid-orange-color\">O presidente da Col\u00f4mbia prometeu recompensar os assassinos e violadores do Hamas \u2014 e hoje cumpriu a sua promessa. A hist\u00f3ria lembrar\u00e1 que Gustavo Petro decidiu ficar do lado dos monstros mais desprez\u00edveis conhecidos pela humanidade, que queimaram beb\u00eas, assassinaram crian\u00e7as, estupraram mulheres e sequestraram civis inocentes. As rela\u00e7\u00f5es entre Israel e a Col\u00f4mbia sempre foram calorosas \u2014 e nenhum presidente antissemita e cheio de \u00f3dio pode mudar isso. O Estado de Israel continuar\u00e1 a proteger os seus cidad\u00e3os destemidamente e sem medo\u201d.<\/span><\/p><\/blockquote>\n\n\n\n<div class=\"wp-block-image\"><figure class=\"aligncenter size-large is-resized\"><img loading=\"lazy\" decoding=\"async\" src=\"https:\/\/jornalfatosenoticias.com.br\/wp-content\/uploads\/2023\/08\/BKR-1024x1021.jpg\" alt=\"\" class=\"wp-image-44494\" width=\"321\" height=\"320\" srcset=\"https:\/\/jornalfatosenoticias.com.br\/wp-content\/uploads\/2023\/08\/BKR-1024x1021.jpg 1024w, https:\/\/jornalfatosenoticias.com.br\/wp-content\/uploads\/2023\/08\/BKR-300x300.jpg 300w, https:\/\/jornalfatosenoticias.com.br\/wp-content\/uploads\/2023\/08\/BKR-150x150.jpg 150w, https:\/\/jornalfatosenoticias.com.br\/wp-content\/uploads\/2023\/08\/BKR-768x766.jpg 768w, https:\/\/jornalfatosenoticias.com.br\/wp-content\/uploads\/2023\/08\/BKR.jpg 1080w\" sizes=\"auto, (max-width: 321px) 100vw, 321px\" \/><\/figure><\/div>\n\n\n\n<p>Ao romper rela\u00e7\u00f5es com Israel, Petro segue o exemplo do falecido ditador venezuelano Hugo Ch\u00e1vez e do boliviano Evo Morales, que em 2009 cortaram os la\u00e7os diplom\u00e1ticos com Israel ap\u00f3s conflitos na Faixa de Gaza. Ch\u00e1vez, que morreu em 2013, afirmava que o Estado de Israel era \u201cgenocida, terrorista e assassino\u201d. Tamb\u00e9m dizia que a ag\u00eancia de intelig\u00eancia Mossad tinha um plano para mat\u00e1-lo. <strong>(Fonte: Terra Brasil Not\u00edcias)<\/strong><\/p>\n\n\n\n<div class=\"wp-block-image\"><figure class=\"aligncenter size-large is-resized\"><img loading=\"lazy\" decoding=\"async\" src=\"https:\/\/jornalfatosenoticias.com.br\/wp-content\/uploads\/2023\/03\/nova-logo-Marquetti.jpg\" alt=\"\" class=\"wp-image-40207\" width=\"320\" height=\"215\" srcset=\"https:\/\/jornalfatosenoticias.com.br\/wp-content\/uploads\/2023\/03\/nova-logo-Marquetti.jpg 643w, https:\/\/jornalfatosenoticias.com.br\/wp-content\/uploads\/2023\/03\/nova-logo-Marquetti-300x202.jpg 300w\" sizes=\"auto, (max-width: 320px) 100vw, 320px\" \/><\/figure><\/div>\n\n\n\n<hr class=\"wp-block-separator\"\/>\n\n\n\n<h3 class=\"wp-block-heading\"><span class=\"has-inline-color has-black-color\">Ag\u00eancia classifica Brasil com \u201csolidez fiscal fraca\u201d e economia sens\u00edvel a choques<\/span><\/h3>\n\n\n\n<div class=\"wp-block-image\"><figure class=\"aligncenter size-large\"><img loading=\"lazy\" decoding=\"async\" width=\"612\" height=\"397\" src=\"https:\/\/jornalfatosenoticias.com.br\/wp-content\/uploads\/2024\/05\/risco-Brasil_istock.jpg\" alt=\"\" class=\"wp-image-50977\" srcset=\"https:\/\/jornalfatosenoticias.com.br\/wp-content\/uploads\/2024\/05\/risco-Brasil_istock.jpg 612w, https:\/\/jornalfatosenoticias.com.br\/wp-content\/uploads\/2024\/05\/risco-Brasil_istock-300x195.jpg 300w\" sizes=\"auto, (max-width: 612px) 100vw, 612px\" \/><figcaption><em><span class=\"has-inline-color has-black-color\">(Foto: iStock)<\/span><\/em><\/figcaption><\/figure><\/div>\n\n\n\n<p>A ag\u00eancia de classifica\u00e7\u00e3o de riscos Moody\u2019s destacou, na quarta-feira (1\u00ba), que a economia brasileira apresenta uma \u201csolidez fiscal fraca\u201d e \u00e9 \u201csens\u00edvel\u201d devido ao alto endividamento do pa\u00eds e \u00e0 capacidade limitada de pagamento das d\u00edvidas. O comunicado tamb\u00e9m apontou que o peso da d\u00edvida deve aumentar at\u00e9 2024-25 antes de come\u00e7ar a se estabilizar nos anos seguintes. O atual \u00edndice do Brasil \u00e9 Ba2, o que indica um risco maior para investidores estrangeiros. O grau de investimento brasileiro permanece o mesmo desde 2016.<\/p>\n\n\n\n<div class=\"wp-block-image\"><figure class=\"aligncenter size-large is-resized\"><img loading=\"lazy\" decoding=\"async\" src=\"https:\/\/jornalfatosenoticias.com.br\/wp-content\/uploads\/2024\/01\/consultoria-ambiental.jpg\" alt=\"\" class=\"wp-image-48314\" width=\"338\" height=\"305\" srcset=\"https:\/\/jornalfatosenoticias.com.br\/wp-content\/uploads\/2024\/01\/consultoria-ambiental.jpg 832w, https:\/\/jornalfatosenoticias.com.br\/wp-content\/uploads\/2024\/01\/consultoria-ambiental-300x272.jpg 300w, https:\/\/jornalfatosenoticias.com.br\/wp-content\/uploads\/2024\/01\/consultoria-ambiental-768x696.jpg 768w\" sizes=\"auto, (max-width: 338px) 100vw, 338px\" \/><\/figure><\/div>\n\n\n\n<p>A classifica\u00e7\u00e3o Ba2 reflete a solidez fiscal relativamente fraca do Brasil, considerando a rigidez dos gastos, o alto endividamento e a capacidade limitada de pagamento da d\u00edvida, que permanece sens\u00edvel a choques econ\u00f4micos ou financeiros. Essa nota \u00e9 usada por investidores para avaliar a seguran\u00e7a de aplica\u00e7\u00f5es financeiras em pa\u00edses. Quando a nota \u00e9 baixa, indica maior risco, o que pode resultar em juros mais altos.<\/p>\n\n\n\n<div class=\"wp-block-image\"><figure class=\"aligncenter size-large\"><img loading=\"lazy\" decoding=\"async\" width=\"300\" height=\"250\" src=\"https:\/\/jornalfatosenoticias.com.br\/wp-content\/uploads\/2020\/02\/Banner-2.png\" alt=\"\" class=\"wp-image-43787\"\/><\/figure><\/div>\n\n\n\n<p>Apesar de manter a nota brasileira em Ba2, a Moody\u2019s alterou a perspectiva de \u201cest\u00e1vel\u201d para \u201cpositiva\u201d. Segundo o Tesouro Nacional, essa \u00e9 a primeira mudan\u00e7a da Moody\u2019s desde 2018, quando a perspectiva passou de negativa para est\u00e1vel.<\/p>\n\n\n\n<div class=\"wp-block-image\"><figure class=\"aligncenter size-large is-resized\"><img loading=\"lazy\" decoding=\"async\" src=\"https:\/\/jornalfatosenoticias.com.br\/wp-content\/uploads\/2023\/12\/pegoretti-logo-pdf-1024x389.jpg\" alt=\"\" class=\"wp-image-47536\" width=\"527\" height=\"200\" srcset=\"https:\/\/jornalfatosenoticias.com.br\/wp-content\/uploads\/2023\/12\/pegoretti-logo-pdf-1024x389.jpg 1024w, https:\/\/jornalfatosenoticias.com.br\/wp-content\/uploads\/2023\/12\/pegoretti-logo-pdf-300x114.jpg 300w, https:\/\/jornalfatosenoticias.com.br\/wp-content\/uploads\/2023\/12\/pegoretti-logo-pdf-768x291.jpg 768w, https:\/\/jornalfatosenoticias.com.br\/wp-content\/uploads\/2023\/12\/pegoretti-logo-pdf.jpg 1120w\" sizes=\"auto, (max-width: 527px) 100vw, 527px\" \/><\/figure><\/div>\n\n\n\n<p>Essa mudan\u00e7a refor\u00e7a a melhoria na trajet\u00f3ria da nota de cr\u00e9dito verificada desde 2023, com a eleva\u00e7\u00e3o do rating pela Standard &amp; Poor\u2019s e pela Fitch. Essas tr\u00eas institui\u00e7\u00f5es s\u00e3o as ag\u00eancias de risco mais conceituadas do mercado. O grau de investimento atesta que os pa\u00edses n\u00e3o correm risco de dar calote na d\u00edvida p\u00fablica. Abaixo dessa categoria est\u00e1 o grau especulativo, com maior probabilidade de inadimpl\u00eancia \u00e0 medida que a nota diminui. <\/p>\n\n\n\n<div class=\"wp-block-image\"><figure class=\"aligncenter size-large\"><img loading=\"lazy\" decoding=\"async\" width=\"300\" height=\"250\" src=\"https:\/\/jornalfatosenoticias.com.br\/wp-content\/uploads\/2022\/02\/FERRARI_MAQUINAS-E-FERRAMENTAS2.jpg\" alt=\"\" class=\"wp-image-27860\"\/><\/figure><\/div>\n\n\n\n<p>As notas de cr\u00e9dito tamb\u00e9m servem como refer\u00eancia para os juros dos t\u00edtulos p\u00fablicos, representando o custo para o governo obter empr\u00e9stimos dos investidores. Nas redes sociais, o ministro da Fazenda, Fernando Haddad, afirmou que a revis\u00e3o da Moody\u2019s reconhece a melhora nas perspectivas econ\u00f4micas do Brasil. Ao manter o rating Ba2, a Moody\u00b4s indica riscos diante do n\u00edvel elevado de endividamento do Brasil. A ag\u00eancia destacou a import\u00e2ncia da manuten\u00e7\u00e3o da credibilidade do novo marco fiscal para a \u201credu\u00e7\u00e3o das incertezas a respeito da trajet\u00f3ria fiscal\u201d. <strong>(Foto: Terra Brasil Not\u00edcias)<\/strong><\/p>\n\n\n\n<div class=\"wp-block-image\"><figure class=\"aligncenter size-large is-resized\"><img loading=\"lazy\" decoding=\"async\" src=\"https:\/\/jornalfatosenoticias.com.br\/wp-content\/uploads\/2020\/02\/logo-Rapuzel-1024x571.jpg\" alt=\"\" class=\"wp-image-42808\" width=\"400\" height=\"223\" srcset=\"https:\/\/jornalfatosenoticias.com.br\/wp-content\/uploads\/2020\/02\/logo-Rapuzel-1024x571.jpg 1024w, https:\/\/jornalfatosenoticias.com.br\/wp-content\/uploads\/2020\/02\/logo-Rapuzel-300x167.jpg 300w, https:\/\/jornalfatosenoticias.com.br\/wp-content\/uploads\/2020\/02\/logo-Rapuzel-768x428.jpg 768w, https:\/\/jornalfatosenoticias.com.br\/wp-content\/uploads\/2020\/02\/logo-Rapuzel-1536x856.jpg 1536w, https:\/\/jornalfatosenoticias.com.br\/wp-content\/uploads\/2020\/02\/logo-Rapuzel.jpg 1600w\" sizes=\"auto, (max-width: 400px) 100vw, 400px\" \/><\/figure><\/div>\n\n\n\n<hr class=\"wp-block-separator\"\/>\n\n\n\n<h3 class=\"wp-block-heading\"><span class=\"has-inline-color has-black-color\">Lula autoriza libera\u00e7\u00e3o de uma fortuna em emendas para o Congresso<\/span><\/h3>\n\n\n\n<div class=\"wp-block-image\"><figure class=\"aligncenter size-large\"><img loading=\"lazy\" decoding=\"async\" width=\"750\" height=\"375\" src=\"https:\/\/jornalfatosenoticias.com.br\/wp-content\/uploads\/2024\/05\/Lula-verba-Congresso.jpg\" alt=\"\" class=\"wp-image-50976\" srcset=\"https:\/\/jornalfatosenoticias.com.br\/wp-content\/uploads\/2024\/05\/Lula-verba-Congresso.jpg 750w, https:\/\/jornalfatosenoticias.com.br\/wp-content\/uploads\/2024\/05\/Lula-verba-Congresso-300x150.jpg 300w\" sizes=\"auto, (max-width: 750px) 100vw, 750px\" \/><figcaption><em><span class=\"has-inline-color has-black-color\">(Foto: Fabio Rodrigues-Pozzebom\/Ag\u00eancia Brasil)<\/span><\/em><\/figcaption><\/figure><\/div>\n\n\n\n<p>O governo de Luiz In\u00e1cio Lula da Silva acelerou a libera\u00e7\u00e3o de emendas parlamentares como uma estrat\u00e9gia para contornar a crise na rela\u00e7\u00e3o com o Congresso Nacional. O Minist\u00e9rio da Sa\u00fade, liderado por N\u00edsia Trindade, foi novamente escolhido para promover o envio de recursos aos redutos eleitorais dos congressistas.<\/p>\n\n\n\n<div class=\"wp-block-image\"><figure class=\"aligncenter size-large is-resized\"><img loading=\"lazy\" decoding=\"async\" src=\"https:\/\/jornalfatosenoticias.com.br\/wp-content\/uploads\/2022\/02\/Precisao-Contabilidade-1024x724.jpg\" alt=\"\" class=\"wp-image-28088\" width=\"348\" height=\"246\"\/><\/figure><\/div>\n\n\n\n<p>De acordo com informa\u00e7\u00f5es do jornal O Globo, 92% dos 8,5 bilh\u00f5es de reais em emendas individuais empenhadas pelo governo at\u00e9 o in\u00edcio da semana sa\u00edram da pasta da Sa\u00fade. Esse montante, que ser\u00e1 utilizado para abastecer o caixa de prefeituras aliadas em ano eleitoral, representa 34% dos 25 bilh\u00f5es de reais em emendas previstas para 2024. Em 2020, no ano da \u00faltima disputa municipal, cerca de 7,8 bilh\u00f5es de reais em emendas foram liberados pelo governo federal at\u00e9 30 de abril. Esse valor correspondia a 22% do total.<\/p>\n\n\n\n<div class=\"wp-block-image\"><figure class=\"aligncenter size-large is-resized\"><img loading=\"lazy\" decoding=\"async\" src=\"https:\/\/jornalfatosenoticias.com.br\/wp-content\/uploads\/2023\/03\/logo-Panper_portal.jpg\" alt=\"\" class=\"wp-image-40208\" width=\"344\" height=\"238\" srcset=\"https:\/\/jornalfatosenoticias.com.br\/wp-content\/uploads\/2023\/03\/logo-Panper_portal.jpg 400w, https:\/\/jornalfatosenoticias.com.br\/wp-content\/uploads\/2023\/03\/logo-Panper_portal-300x208.jpg 300w\" sizes=\"auto, (max-width: 344px) 100vw, 344px\" \/><\/figure><\/div>\n\n\n\n<p>Al\u00e9m do Minist\u00e9rio da Sa\u00fade, outros minist\u00e9rios tamb\u00e9m est\u00e3o envolvidos na libera\u00e7\u00e3o de emendas parlamentares em 2024. O Minist\u00e9rio do Desenvolvimento e Assist\u00eancia Social \u00e9 o segundo que mais liberou recursos. Dos 657 milh\u00f5es de reais reservados, 313 milh\u00f5es de reais, o equivalente a 47%, j\u00e1 foram empenhados. Na sequ\u00eancia, aparecem os minist\u00e9rios do Esporte, da Agricultura e da Justi\u00e7a, com 68 milh\u00f5es, 58 milh\u00f5es e 47 milh\u00f5es de reais, respectivamente.<\/p>\n\n\n\n<div class=\"wp-block-image\"><figure class=\"aligncenter size-large is-resized\"><img loading=\"lazy\" decoding=\"async\" src=\"https:\/\/jornalfatosenoticias.com.br\/wp-content\/uploads\/2023\/08\/BKR-1024x1021.jpg\" alt=\"\" class=\"wp-image-44494\" width=\"312\" height=\"311\" srcset=\"https:\/\/jornalfatosenoticias.com.br\/wp-content\/uploads\/2023\/08\/BKR-1024x1021.jpg 1024w, https:\/\/jornalfatosenoticias.com.br\/wp-content\/uploads\/2023\/08\/BKR-300x300.jpg 300w, https:\/\/jornalfatosenoticias.com.br\/wp-content\/uploads\/2023\/08\/BKR-150x150.jpg 150w, https:\/\/jornalfatosenoticias.com.br\/wp-content\/uploads\/2023\/08\/BKR-768x766.jpg 768w, https:\/\/jornalfatosenoticias.com.br\/wp-content\/uploads\/2023\/08\/BKR.jpg 1080w\" sizes=\"auto, (max-width: 312px) 100vw, 312px\" \/><\/figure><\/div>\n\n\n\n<p>Curiosamente, a Secretaria de Rela\u00e7\u00f5es Institucionais, respons\u00e1vel pela articula\u00e7\u00e3o pol\u00edtica do governo com o Congresso, afirmou que o valor de emendas parlamentares liberado em 2024 foi ainda maior, chegando a 14 bilh\u00f5es de reais. No entanto, esse n\u00famero n\u00e3o consta nos sistemas oficiais de controle do Or\u00e7amento. Segundo a secretaria, os recursos s\u00f3 s\u00e3o empenhados pelos minist\u00e9rios ap\u00f3s an\u00e1lise t\u00e9cnica do pedido, caso a demanda esteja de acordo. <strong>(Foto: Terra Brasil Not\u00edcias)<\/strong><\/p>\n\n\n\n<div class=\"wp-block-image\"><figure class=\"aligncenter size-large\"><img decoding=\"async\" src=\"https:\/\/jornalfatosenoticias.com.br\/wp-content\/uploads\/2020\/02\/logo_esteio.jpg\" alt=\"\" class=\"wp-image-1214\"\/><\/figure><\/div>\n\n\n\n<hr class=\"wp-block-separator\"\/>\n","protected":false},"excerpt":{"rendered":"<p>Petista ignorou legisla\u00e7\u00e3o eleitoral e pediu votos para Guilherme Boulos \u00e0 Prefeitura de SP Luiz In\u00e1cio Lula da Silva (PT), cometeu crime eleitoral expl\u00edcito na quarta-feira, 1\u00ba de maio, na capital paulista, ao pedir votos para o deputado federal e pr\u00e9-candidato \u00e0 Prefeitura de S\u00e3o Paulo Guilherme Boulos (PSOL-SP). \u201cEsse jovem est\u00e1 disputando uma verdadeira [&hellip;]<\/p>\n","protected":false},"author":3,"featured_media":50983,"comment_status":"open","ping_status":"open","sticky":false,"template":"","format":"standard","meta":{"footnotes":""},"categories":[10],"tags":[8797,5995,23403,23404,6597,13549,23405,20664,18616,7580],"class_list":["post-50975","post","type-post","status-publish","format-standard","has-post-thumbnail","hentry","category-politica","tag-1o-de-maio","tag-argentina","tag-centrais-sindicais","tag-chuvas-no-rs","tag-colombia","tag-crime-eleitoral","tag-economia-brasileira","tag-gustavo-petro","tag-javier-milei","tag-lula"],"yoast_head":"<!-- This site is optimized with the Yoast SEO plugin v26.5 - https:\/\/yoast.com\/wordpress\/plugins\/seo\/ -->\n<title>A Semana no Brasil e no Mundo \u2014 Lula comete crime eleitoral expl\u00edcito em ato do 1\u00ba de maio - Jornal Fatos e Not\u00edcias<\/title>\n<meta name=\"robots\" content=\"index, follow, max-snippet:-1, max-image-preview:large, max-video-preview:-1\" \/>\n<link rel=\"canonical\" href=\"https:\/\/jornalfatosenoticias.com.br\/index.php\/2024\/05\/03\/a-semana-no-brasil-e-no-mundo-lula-comete-crime-eleitoral-explicito-em-ato-do-1o-de-maio\/\" \/>\n<meta property=\"og:locale\" content=\"pt_BR\" \/>\n<meta property=\"og:type\" content=\"article\" \/>\n<meta property=\"og:title\" content=\"A Semana no Brasil e no Mundo \u2014 Lula comete crime eleitoral expl\u00edcito em ato do 1\u00ba de maio - Jornal Fatos e Not\u00edcias\" \/>\n<meta property=\"og:description\" content=\"Petista ignorou legisla\u00e7\u00e3o eleitoral e pediu votos para Guilherme Boulos \u00e0 Prefeitura de SP Luiz In\u00e1cio Lula da Silva (PT), cometeu crime eleitoral expl\u00edcito na quarta-feira, 1\u00ba de maio, na capital paulista, ao pedir votos para o deputado federal e pr\u00e9-candidato \u00e0 Prefeitura de S\u00e3o Paulo Guilherme Boulos (PSOL-SP). \u201cEsse jovem est\u00e1 disputando uma verdadeira [&hellip;]\" \/>\n<meta property=\"og:url\" content=\"https:\/\/jornalfatosenoticias.com.br\/index.php\/2024\/05\/03\/a-semana-no-brasil-e-no-mundo-lula-comete-crime-eleitoral-explicito-em-ato-do-1o-de-maio\/\" \/>\n<meta property=\"og:site_name\" content=\"Jornal Fatos e Not\u00edcias\" \/>\n<meta property=\"article:published_time\" content=\"2024-05-03T18:34:13+00:00\" \/>\n<meta property=\"article:modified_time\" content=\"2024-05-03T18:34:16+00:00\" \/>\n<meta property=\"og:image\" content=\"https:\/\/jornalfatosenoticias.com.br\/wp-content\/uploads\/2024\/05\/lula-comete-crime-eleitoral.jpg\" \/>\n\t<meta property=\"og:image:width\" content=\"768\" \/>\n\t<meta property=\"og:image:height\" content=\"469\" \/>\n\t<meta property=\"og:image:type\" content=\"image\/jpeg\" \/>\n<meta name=\"author\" content=\"Haroldo Filho\" \/>\n<meta name=\"twitter:card\" content=\"summary_large_image\" \/>\n<meta name=\"twitter:label1\" content=\"Escrito por\" \/>\n\t<meta name=\"twitter:data1\" content=\"Haroldo Filho\" \/>\n\t<meta name=\"twitter:label2\" content=\"Est. tempo de leitura\" \/>\n\t<meta name=\"twitter:data2\" content=\"12 minutos\" \/>\n<script type=\"application\/ld+json\" class=\"yoast-schema-graph\">{\"@context\":\"https:\/\/schema.org\",\"@graph\":[{\"@type\":\"Article\",\"@id\":\"https:\/\/jornalfatosenoticias.com.br\/index.php\/2024\/05\/03\/a-semana-no-brasil-e-no-mundo-lula-comete-crime-eleitoral-explicito-em-ato-do-1o-de-maio\/#article\",\"isPartOf\":{\"@id\":\"https:\/\/jornalfatosenoticias.com.br\/index.php\/2024\/05\/03\/a-semana-no-brasil-e-no-mundo-lula-comete-crime-eleitoral-explicito-em-ato-do-1o-de-maio\/\"},\"author\":{\"name\":\"Haroldo Filho\",\"@id\":\"https:\/\/jornalfatosenoticias.com.br\/#\/schema\/person\/05c46cc25b42a5c27e004fb0fa6b4965\"},\"headline\":\"A Semana no Brasil e no Mundo \u2014 Lula comete crime eleitoral expl\u00edcito em ato do 1\u00ba de maio\",\"datePublished\":\"2024-05-03T18:34:13+00:00\",\"dateModified\":\"2024-05-03T18:34:16+00:00\",\"mainEntityOfPage\":{\"@id\":\"https:\/\/jornalfatosenoticias.com.br\/index.php\/2024\/05\/03\/a-semana-no-brasil-e-no-mundo-lula-comete-crime-eleitoral-explicito-em-ato-do-1o-de-maio\/\"},\"wordCount\":2389,\"commentCount\":0,\"publisher\":{\"@id\":\"https:\/\/jornalfatosenoticias.com.br\/#organization\"},\"image\":{\"@id\":\"https:\/\/jornalfatosenoticias.com.br\/index.php\/2024\/05\/03\/a-semana-no-brasil-e-no-mundo-lula-comete-crime-eleitoral-explicito-em-ato-do-1o-de-maio\/#primaryimage\"},\"thumbnailUrl\":\"https:\/\/jornalfatosenoticias.com.br\/wp-content\/uploads\/2024\/05\/lula-comete-crime-eleitoral.jpg\",\"keywords\":[\"1\u00ba de maio\",\"Argentina\",\"centrais sindicais\",\"chuvas no RS\",\"Col\u00f4mbia\",\"crime eleitoral\",\"economia brasileira\",\"Gustavo Petro\",\"Javier Milei\",\"Lula\"],\"articleSection\":[\"Pol\u00edtica\"],\"inLanguage\":\"pt-BR\",\"potentialAction\":[{\"@type\":\"CommentAction\",\"name\":\"Comment\",\"target\":[\"https:\/\/jornalfatosenoticias.com.br\/index.php\/2024\/05\/03\/a-semana-no-brasil-e-no-mundo-lula-comete-crime-eleitoral-explicito-em-ato-do-1o-de-maio\/#respond\"]}]},{\"@type\":\"WebPage\",\"@id\":\"https:\/\/jornalfatosenoticias.com.br\/index.php\/2024\/05\/03\/a-semana-no-brasil-e-no-mundo-lula-comete-crime-eleitoral-explicito-em-ato-do-1o-de-maio\/\",\"url\":\"https:\/\/jornalfatosenoticias.com.br\/index.php\/2024\/05\/03\/a-semana-no-brasil-e-no-mundo-lula-comete-crime-eleitoral-explicito-em-ato-do-1o-de-maio\/\",\"name\":\"A Semana no Brasil e no Mundo \u2014 Lula comete crime eleitoral expl\u00edcito em ato do 1\u00ba de maio - Jornal Fatos e Not\u00edcias\",\"isPartOf\":{\"@id\":\"https:\/\/jornalfatosenoticias.com.br\/#website\"},\"primaryImageOfPage\":{\"@id\":\"https:\/\/jornalfatosenoticias.com.br\/index.php\/2024\/05\/03\/a-semana-no-brasil-e-no-mundo-lula-comete-crime-eleitoral-explicito-em-ato-do-1o-de-maio\/#primaryimage\"},\"image\":{\"@id\":\"https:\/\/jornalfatosenoticias.com.br\/index.php\/2024\/05\/03\/a-semana-no-brasil-e-no-mundo-lula-comete-crime-eleitoral-explicito-em-ato-do-1o-de-maio\/#primaryimage\"},\"thumbnailUrl\":\"https:\/\/jornalfatosenoticias.com.br\/wp-content\/uploads\/2024\/05\/lula-comete-crime-eleitoral.jpg\",\"datePublished\":\"2024-05-03T18:34:13+00:00\",\"dateModified\":\"2024-05-03T18:34:16+00:00\",\"breadcrumb\":{\"@id\":\"https:\/\/jornalfatosenoticias.com.br\/index.php\/2024\/05\/03\/a-semana-no-brasil-e-no-mundo-lula-comete-crime-eleitoral-explicito-em-ato-do-1o-de-maio\/#breadcrumb\"},\"inLanguage\":\"pt-BR\",\"potentialAction\":[{\"@type\":\"ReadAction\",\"target\":[\"https:\/\/jornalfatosenoticias.com.br\/index.php\/2024\/05\/03\/a-semana-no-brasil-e-no-mundo-lula-comete-crime-eleitoral-explicito-em-ato-do-1o-de-maio\/\"]}]},{\"@type\":\"ImageObject\",\"inLanguage\":\"pt-BR\",\"@id\":\"https:\/\/jornalfatosenoticias.com.br\/index.php\/2024\/05\/03\/a-semana-no-brasil-e-no-mundo-lula-comete-crime-eleitoral-explicito-em-ato-do-1o-de-maio\/#primaryimage\",\"url\":\"https:\/\/jornalfatosenoticias.com.br\/wp-content\/uploads\/2024\/05\/lula-comete-crime-eleitoral.jpg\",\"contentUrl\":\"https:\/\/jornalfatosenoticias.com.br\/wp-content\/uploads\/2024\/05\/lula-comete-crime-eleitoral.jpg\",\"width\":768,\"height\":469},{\"@type\":\"BreadcrumbList\",\"@id\":\"https:\/\/jornalfatosenoticias.com.br\/index.php\/2024\/05\/03\/a-semana-no-brasil-e-no-mundo-lula-comete-crime-eleitoral-explicito-em-ato-do-1o-de-maio\/#breadcrumb\",\"itemListElement\":[{\"@type\":\"ListItem\",\"position\":1,\"name\":\"In\u00edcio\",\"item\":\"https:\/\/jornalfatosenoticias.com.br\/\"},{\"@type\":\"ListItem\",\"position\":2,\"name\":\"A Semana no Brasil e no Mundo \u2014 Lula comete crime eleitoral expl\u00edcito em ato do 1\u00ba de maio\"}]},{\"@type\":\"WebSite\",\"@id\":\"https:\/\/jornalfatosenoticias.com.br\/#website\",\"url\":\"https:\/\/jornalfatosenoticias.com.br\/\",\"name\":\"Jornal Fatos e Not\u00edcias\",\"description\":\"Not\u00edcias em geral\",\"publisher\":{\"@id\":\"https:\/\/jornalfatosenoticias.com.br\/#organization\"},\"potentialAction\":[{\"@type\":\"SearchAction\",\"target\":{\"@type\":\"EntryPoint\",\"urlTemplate\":\"https:\/\/jornalfatosenoticias.com.br\/?s={search_term_string}\"},\"query-input\":{\"@type\":\"PropertyValueSpecification\",\"valueRequired\":true,\"valueName\":\"search_term_string\"}}],\"inLanguage\":\"pt-BR\"},{\"@type\":\"Organization\",\"@id\":\"https:\/\/jornalfatosenoticias.com.br\/#organization\",\"name\":\"Jornal Fatos e Not\u00edcias\",\"url\":\"https:\/\/jornalfatosenoticias.com.br\/\",\"logo\":{\"@type\":\"ImageObject\",\"inLanguage\":\"pt-BR\",\"@id\":\"https:\/\/jornalfatosenoticias.com.br\/#\/schema\/logo\/image\/\",\"url\":\"https:\/\/jornalfatosenoticias.com.br\/wp-content\/uploads\/2020\/02\/logo120.png\",\"contentUrl\":\"https:\/\/jornalfatosenoticias.com.br\/wp-content\/uploads\/2020\/02\/logo120.png\",\"width\":1227,\"height\":120,\"caption\":\"Jornal Fatos e Not\u00edcias\"},\"image\":{\"@id\":\"https:\/\/jornalfatosenoticias.com.br\/#\/schema\/logo\/image\/\"}},{\"@type\":\"Person\",\"@id\":\"https:\/\/jornalfatosenoticias.com.br\/#\/schema\/person\/05c46cc25b42a5c27e004fb0fa6b4965\",\"name\":\"Haroldo Filho\",\"image\":{\"@type\":\"ImageObject\",\"inLanguage\":\"pt-BR\",\"@id\":\"https:\/\/jornalfatosenoticias.com.br\/#\/schema\/person\/image\/\",\"url\":\"https:\/\/jornalfatosenoticias.com.br\/wp-content\/uploads\/2025\/08\/WhatsApp-Image-2025-08-18-at-15.30.28-150x150.jpeg\",\"contentUrl\":\"https:\/\/jornalfatosenoticias.com.br\/wp-content\/uploads\/2025\/08\/WhatsApp-Image-2025-08-18-at-15.30.28-150x150.jpeg\",\"caption\":\"Haroldo Filho\"},\"description\":\"Jornalista \u2013 DRT: 0003818\/ES Coordenador-geral da ONG Educar para Crescer\",\"url\":\"https:\/\/jornalfatosenoticias.com.br\/index.php\/author\/haroldo\/\"}]}<\/script>\n<!-- \/ Yoast SEO plugin. -->","yoast_head_json":{"title":"A Semana no Brasil e no Mundo \u2014 Lula comete crime eleitoral expl\u00edcito em ato do 1\u00ba de maio - Jornal Fatos e Not\u00edcias","robots":{"index":"index","follow":"follow","max-snippet":"max-snippet:-1","max-image-preview":"max-image-preview:large","max-video-preview":"max-video-preview:-1"},"canonical":"https:\/\/jornalfatosenoticias.com.br\/index.php\/2024\/05\/03\/a-semana-no-brasil-e-no-mundo-lula-comete-crime-eleitoral-explicito-em-ato-do-1o-de-maio\/","og_locale":"pt_BR","og_type":"article","og_title":"A Semana no Brasil e no Mundo \u2014 Lula comete crime eleitoral expl\u00edcito em ato do 1\u00ba de maio - Jornal Fatos e Not\u00edcias","og_description":"Petista ignorou legisla\u00e7\u00e3o eleitoral e pediu votos para Guilherme Boulos \u00e0 Prefeitura de SP Luiz In\u00e1cio Lula da Silva (PT), cometeu crime eleitoral expl\u00edcito na quarta-feira, 1\u00ba de maio, na capital paulista, ao pedir votos para o deputado federal e pr\u00e9-candidato \u00e0 Prefeitura de S\u00e3o Paulo Guilherme Boulos (PSOL-SP). \u201cEsse jovem est\u00e1 disputando uma verdadeira [&hellip;]","og_url":"https:\/\/jornalfatosenoticias.com.br\/index.php\/2024\/05\/03\/a-semana-no-brasil-e-no-mundo-lula-comete-crime-eleitoral-explicito-em-ato-do-1o-de-maio\/","og_site_name":"Jornal Fatos e Not\u00edcias","article_published_time":"2024-05-03T18:34:13+00:00","article_modified_time":"2024-05-03T18:34:16+00:00","og_image":[{"width":768,"height":469,"url":"https:\/\/jornalfatosenoticias.com.br\/wp-content\/uploads\/2024\/05\/lula-comete-crime-eleitoral.jpg","type":"image\/jpeg"}],"author":"Haroldo Filho","twitter_card":"summary_large_image","twitter_misc":{"Escrito por":"Haroldo Filho","Est. tempo de leitura":"12 minutos"},"schema":{"@context":"https:\/\/schema.org","@graph":[{"@type":"Article","@id":"https:\/\/jornalfatosenoticias.com.br\/index.php\/2024\/05\/03\/a-semana-no-brasil-e-no-mundo-lula-comete-crime-eleitoral-explicito-em-ato-do-1o-de-maio\/#article","isPartOf":{"@id":"https:\/\/jornalfatosenoticias.com.br\/index.php\/2024\/05\/03\/a-semana-no-brasil-e-no-mundo-lula-comete-crime-eleitoral-explicito-em-ato-do-1o-de-maio\/"},"author":{"name":"Haroldo Filho","@id":"https:\/\/jornalfatosenoticias.com.br\/#\/schema\/person\/05c46cc25b42a5c27e004fb0fa6b4965"},"headline":"A Semana no Brasil e no Mundo \u2014 Lula comete crime eleitoral expl\u00edcito em ato do 1\u00ba de maio","datePublished":"2024-05-03T18:34:13+00:00","dateModified":"2024-05-03T18:34:16+00:00","mainEntityOfPage":{"@id":"https:\/\/jornalfatosenoticias.com.br\/index.php\/2024\/05\/03\/a-semana-no-brasil-e-no-mundo-lula-comete-crime-eleitoral-explicito-em-ato-do-1o-de-maio\/"},"wordCount":2389,"commentCount":0,"publisher":{"@id":"https:\/\/jornalfatosenoticias.com.br\/#organization"},"image":{"@id":"https:\/\/jornalfatosenoticias.com.br\/index.php\/2024\/05\/03\/a-semana-no-brasil-e-no-mundo-lula-comete-crime-eleitoral-explicito-em-ato-do-1o-de-maio\/#primaryimage"},"thumbnailUrl":"https:\/\/jornalfatosenoticias.com.br\/wp-content\/uploads\/2024\/05\/lula-comete-crime-eleitoral.jpg","keywords":["1\u00ba de maio","Argentina","centrais sindicais","chuvas no RS","Col\u00f4mbia","crime eleitoral","economia brasileira","Gustavo Petro","Javier Milei","Lula"],"articleSection":["Pol\u00edtica"],"inLanguage":"pt-BR","potentialAction":[{"@type":"CommentAction","name":"Comment","target":["https:\/\/jornalfatosenoticias.com.br\/index.php\/2024\/05\/03\/a-semana-no-brasil-e-no-mundo-lula-comete-crime-eleitoral-explicito-em-ato-do-1o-de-maio\/#respond"]}]},{"@type":"WebPage","@id":"https:\/\/jornalfatosenoticias.com.br\/index.php\/2024\/05\/03\/a-semana-no-brasil-e-no-mundo-lula-comete-crime-eleitoral-explicito-em-ato-do-1o-de-maio\/","url":"https:\/\/jornalfatosenoticias.com.br\/index.php\/2024\/05\/03\/a-semana-no-brasil-e-no-mundo-lula-comete-crime-eleitoral-explicito-em-ato-do-1o-de-maio\/","name":"A Semana no Brasil e no Mundo \u2014 Lula comete crime eleitoral expl\u00edcito em ato do 1\u00ba de maio - Jornal Fatos e Not\u00edcias","isPartOf":{"@id":"https:\/\/jornalfatosenoticias.com.br\/#website"},"primaryImageOfPage":{"@id":"https:\/\/jornalfatosenoticias.com.br\/index.php\/2024\/05\/03\/a-semana-no-brasil-e-no-mundo-lula-comete-crime-eleitoral-explicito-em-ato-do-1o-de-maio\/#primaryimage"},"image":{"@id":"https:\/\/jornalfatosenoticias.com.br\/index.php\/2024\/05\/03\/a-semana-no-brasil-e-no-mundo-lula-comete-crime-eleitoral-explicito-em-ato-do-1o-de-maio\/#primaryimage"},"thumbnailUrl":"https:\/\/jornalfatosenoticias.com.br\/wp-content\/uploads\/2024\/05\/lula-comete-crime-eleitoral.jpg","datePublished":"2024-05-03T18:34:13+00:00","dateModified":"2024-05-03T18:34:16+00:00","breadcrumb":{"@id":"https:\/\/jornalfatosenoticias.com.br\/index.php\/2024\/05\/03\/a-semana-no-brasil-e-no-mundo-lula-comete-crime-eleitoral-explicito-em-ato-do-1o-de-maio\/#breadcrumb"},"inLanguage":"pt-BR","potentialAction":[{"@type":"ReadAction","target":["https:\/\/jornalfatosenoticias.com.br\/index.php\/2024\/05\/03\/a-semana-no-brasil-e-no-mundo-lula-comete-crime-eleitoral-explicito-em-ato-do-1o-de-maio\/"]}]},{"@type":"ImageObject","inLanguage":"pt-BR","@id":"https:\/\/jornalfatosenoticias.com.br\/index.php\/2024\/05\/03\/a-semana-no-brasil-e-no-mundo-lula-comete-crime-eleitoral-explicito-em-ato-do-1o-de-maio\/#primaryimage","url":"https:\/\/jornalfatosenoticias.com.br\/wp-content\/uploads\/2024\/05\/lula-comete-crime-eleitoral.jpg","contentUrl":"https:\/\/jornalfatosenoticias.com.br\/wp-content\/uploads\/2024\/05\/lula-comete-crime-eleitoral.jpg","width":768,"height":469},{"@type":"BreadcrumbList","@id":"https:\/\/jornalfatosenoticias.com.br\/index.php\/2024\/05\/03\/a-semana-no-brasil-e-no-mundo-lula-comete-crime-eleitoral-explicito-em-ato-do-1o-de-maio\/#breadcrumb","itemListElement":[{"@type":"ListItem","position":1,"name":"In\u00edcio","item":"https:\/\/jornalfatosenoticias.com.br\/"},{"@type":"ListItem","position":2,"name":"A Semana no Brasil e no Mundo \u2014 Lula comete crime eleitoral expl\u00edcito em ato do 1\u00ba de maio"}]},{"@type":"WebSite","@id":"https:\/\/jornalfatosenoticias.com.br\/#website","url":"https:\/\/jornalfatosenoticias.com.br\/","name":"Jornal Fatos e Not\u00edcias","description":"Not\u00edcias em geral","publisher":{"@id":"https:\/\/jornalfatosenoticias.com.br\/#organization"},"potentialAction":[{"@type":"SearchAction","target":{"@type":"EntryPoint","urlTemplate":"https:\/\/jornalfatosenoticias.com.br\/?s={search_term_string}"},"query-input":{"@type":"PropertyValueSpecification","valueRequired":true,"valueName":"search_term_string"}}],"inLanguage":"pt-BR"},{"@type":"Organization","@id":"https:\/\/jornalfatosenoticias.com.br\/#organization","name":"Jornal Fatos e Not\u00edcias","url":"https:\/\/jornalfatosenoticias.com.br\/","logo":{"@type":"ImageObject","inLanguage":"pt-BR","@id":"https:\/\/jornalfatosenoticias.com.br\/#\/schema\/logo\/image\/","url":"https:\/\/jornalfatosenoticias.com.br\/wp-content\/uploads\/2020\/02\/logo120.png","contentUrl":"https:\/\/jornalfatosenoticias.com.br\/wp-content\/uploads\/2020\/02\/logo120.png","width":1227,"height":120,"caption":"Jornal Fatos e Not\u00edcias"},"image":{"@id":"https:\/\/jornalfatosenoticias.com.br\/#\/schema\/logo\/image\/"}},{"@type":"Person","@id":"https:\/\/jornalfatosenoticias.com.br\/#\/schema\/person\/05c46cc25b42a5c27e004fb0fa6b4965","name":"Haroldo Filho","image":{"@type":"ImageObject","inLanguage":"pt-BR","@id":"https:\/\/jornalfatosenoticias.com.br\/#\/schema\/person\/image\/","url":"https:\/\/jornalfatosenoticias.com.br\/wp-content\/uploads\/2025\/08\/WhatsApp-Image-2025-08-18-at-15.30.28-150x150.jpeg","contentUrl":"https:\/\/jornalfatosenoticias.com.br\/wp-content\/uploads\/2025\/08\/WhatsApp-Image-2025-08-18-at-15.30.28-150x150.jpeg","caption":"Haroldo Filho"},"description":"Jornalista \u2013 DRT: 0003818\/ES Coordenador-geral da ONG Educar para Crescer","url":"https:\/\/jornalfatosenoticias.com.br\/index.php\/author\/haroldo\/"}]}},"cc_featured_image_caption":{"caption_text":"(Foto: Ricardo Stuckert\/PR)","source_text":"","source_url":""},"jetpack_featured_media_url":"https:\/\/jornalfatosenoticias.com.br\/wp-content\/uploads\/2024\/05\/lula-comete-crime-eleitoral.jpg","_links":{"self":[{"href":"https:\/\/jornalfatosenoticias.com.br\/index.php\/wp-json\/wp\/v2\/posts\/50975","targetHints":{"allow":["GET"]}}],"collection":[{"href":"https:\/\/jornalfatosenoticias.com.br\/index.php\/wp-json\/wp\/v2\/posts"}],"about":[{"href":"https:\/\/jornalfatosenoticias.com.br\/index.php\/wp-json\/wp\/v2\/types\/post"}],"author":[{"embeddable":true,"href":"https:\/\/jornalfatosenoticias.com.br\/index.php\/wp-json\/wp\/v2\/users\/3"}],"replies":[{"embeddable":true,"href":"https:\/\/jornalfatosenoticias.com.br\/index.php\/wp-json\/wp\/v2\/comments?post=50975"}],"version-history":[{"count":0,"href":"https:\/\/jornalfatosenoticias.com.br\/index.php\/wp-json\/wp\/v2\/posts\/50975\/revisions"}],"wp:featuredmedia":[{"embeddable":true,"href":"https:\/\/jornalfatosenoticias.com.br\/index.php\/wp-json\/wp\/v2\/media\/50983"}],"wp:attachment":[{"href":"https:\/\/jornalfatosenoticias.com.br\/index.php\/wp-json\/wp\/v2\/media?parent=50975"}],"wp:term":[{"taxonomy":"category","embeddable":true,"href":"https:\/\/jornalfatosenoticias.com.br\/index.php\/wp-json\/wp\/v2\/categories?post=50975"},{"taxonomy":"post_tag","embeddable":true,"href":"https:\/\/jornalfatosenoticias.com.br\/index.php\/wp-json\/wp\/v2\/tags?post=50975"}],"curies":[{"name":"wp","href":"https:\/\/api.w.org\/{rel}","templated":true}]}}