{"id":50987,"date":"2024-05-06T11:26:39","date_gmt":"2024-05-06T14:26:39","guid":{"rendered":"https:\/\/jornalfatosenoticias.com.br\/?p=50987"},"modified":"2024-05-06T11:26:41","modified_gmt":"2024-05-06T14:26:41","slug":"rarissimo-veado-albino-e-registrado-por-biologo-brasileiro","status":"publish","type":"post","link":"https:\/\/jornalfatosenoticias.com.br\/index.php\/2024\/05\/06\/rarissimo-veado-albino-e-registrado-por-biologo-brasileiro\/","title":{"rendered":"Rar\u00edssimo veado albino \u00e9 registrado por bi\u00f3logo brasileiro"},"content":{"rendered":"\n<p><em><span class=\"has-inline-color has-black-color\">Animais albinos, como este veado-campestre, s\u00e3o raros. Eles s\u00e3o assim devido a uma muta\u00e7\u00e3o gen\u00e9tica que impede a produ\u00e7\u00e3o de melanina<\/span><\/em><\/p>\n\n\n\n<p><span class=\"has-inline-color has-black-color\">Por <strong><a href=\"https:\/\/gizmodo.uol.com.br\/author\/gabriel-andrade\/\">Gabriel Andrade<\/a><\/strong><\/span><\/p>\n\n\n\n<div class=\"wp-block-image\"><figure class=\"aligncenter size-large\"><img loading=\"lazy\" decoding=\"async\" width=\"729\" height=\"90\" src=\"https:\/\/jornalfatosenoticias.com.br\/wp-content\/uploads\/2020\/02\/Logo_Mizu.png\" alt=\"\" class=\"wp-image-1441\" srcset=\"https:\/\/jornalfatosenoticias.com.br\/wp-content\/uploads\/2020\/02\/Logo_Mizu.png 729w, https:\/\/jornalfatosenoticias.com.br\/wp-content\/uploads\/2020\/02\/Logo_Mizu-300x37.png 300w\" sizes=\"auto, (max-width: 729px) 100vw, 729px\" \/><\/figure><\/div>\n\n\n\n<p>Encontrar animais impressionantes \u00e9 comum para quem trabalha no <a href=\"https:\/\/gizmodo.uol.com.br\/estados-se-unem-para-enfrentar-desmatamento-no-pantanal\/\">Pantanal<\/a>. Mas, mesmo assim, a natureza conseguiu surpreender o bi\u00f3logo e guia Bruno Sartori Reis, que se deparou com um veado-campeiro albino. Ele estava em seu local de trabalho em Caiman, no Pantanal do Mato Grosso do Sul, quando se deparou com o animal extremamente raro. <\/p>\n\n\n\n<blockquote class=\"wp-block-quote is-layout-flow wp-block-quote-is-layout-flow\"><p><span class=\"has-inline-color has-luminous-vivid-orange-color\">Meu cora\u00e7\u00e3o quase parou quando olhei pro campo e finalmente vi com meus pr\u00f3prios olhos essa entidade da natureza, uma f\u00eamea de veado campeiro albina\u201d, disse. \u201cTive que controlar a emo\u00e7\u00e3o pra conseguir me aproximar e fazer alguns registros deste momento\u201d, completou em uma <a href=\"https:\/\/www.instagram.com\/p\/C5gSy3RucnP\/?img_index=1\" target=\"_blank\" rel=\"noreferrer noopener\">publica\u00e7\u00e3o nas suas redes sociais<\/a>.<\/span><\/p><\/blockquote>\n\n\n\n<div class=\"wp-block-image\"><figure class=\"aligncenter size-large is-resized\"><img loading=\"lazy\" decoding=\"async\" src=\"https:\/\/jornalfatosenoticias.com.br\/wp-content\/uploads\/2024\/01\/consultoria-ambiental.jpg\" alt=\"\" class=\"wp-image-48314\" width=\"327\" height=\"296\" srcset=\"https:\/\/jornalfatosenoticias.com.br\/wp-content\/uploads\/2024\/01\/consultoria-ambiental.jpg 832w, https:\/\/jornalfatosenoticias.com.br\/wp-content\/uploads\/2024\/01\/consultoria-ambiental-300x272.jpg 300w, https:\/\/jornalfatosenoticias.com.br\/wp-content\/uploads\/2024\/01\/consultoria-ambiental-768x696.jpg 768w\" sizes=\"auto, (max-width: 327px) 100vw, 327px\" \/><\/figure><\/div>\n\n\n\n<p>Com sua c\u00e2mera, Bruno conseguiu fazer registros do animal raro. Animais albinos s\u00e3o raros e podem acontecer em qualquer esp\u00e9cie devido a uma muta\u00e7\u00e3o gen\u00e9tica que impede a produ\u00e7\u00e3o de melanina \u2014 o pigmento que d\u00e1 cor \u00e0 pele. No caso dos animais silvestres, a condi\u00e7\u00e3o acaba os colocando em situa\u00e7\u00e3o de grande vulnerabilidade, visto que a cor branca impede que eles se camuflem na mata para despistar e fugir de predadores.<\/p>\n\n\n\n<div class=\"wp-block-image\"><figure class=\"aligncenter size-large\"><img loading=\"lazy\" decoding=\"async\" width=\"1000\" height=\"650\" src=\"https:\/\/jornalfatosenoticias.com.br\/wp-content\/uploads\/2024\/05\/veado-albino2.jpg\" alt=\"\" class=\"wp-image-50989\" srcset=\"https:\/\/jornalfatosenoticias.com.br\/wp-content\/uploads\/2024\/05\/veado-albino2.jpg 1000w, https:\/\/jornalfatosenoticias.com.br\/wp-content\/uploads\/2024\/05\/veado-albino2-300x195.jpg 300w, https:\/\/jornalfatosenoticias.com.br\/wp-content\/uploads\/2024\/05\/veado-albino2-768x499.jpg 768w\" sizes=\"auto, (max-width: 1000px) 100vw, 1000px\" \/><figcaption><em><span class=\"has-inline-color has-black-color\">(Foto: Reprodu\u00e7\u00e3o)<\/span><\/em><\/figcaption><\/figure><\/div>\n\n\n\n<p>N\u00e3o \u00e9 a primeira vez que um <a href=\"https:\/\/gizmodo.uol.com.br\/cientistas-buscam-regeneracao-ossea-com-celulas-tronco-de-chifre-de-veado\/\">veado<\/a>-campeiro albino \u00e9 visto por visitantes da Caiman, em Miranda (MS). Em outubro do ano passado, o bi\u00f3logo Gustavo Figueir\u00f4a filmou um filhote albino. \u201cO veado campeiro \u00e9 uma esp\u00e9cie que n\u00e3o \u00e9 comum de ser vista fora do Brasil, apesar da esp\u00e9cie ocorrer em v\u00e1rios biomas, ela \u00e9 amea\u00e7ada em v\u00e1rios biomas, mas no Pantanal a gente consegue ver com uma certa facilidade em alguns lugares n\u00e9! Por\u00e9m, um veado albino \u00e9 rar\u00edssimo!\u201d, declarou o bi\u00f3logo em entrevista \u00e0 TV.<\/p>\n\n\n\n<div class=\"wp-block-image\"><figure class=\"aligncenter size-large is-resized\"><img loading=\"lazy\" decoding=\"async\" src=\"https:\/\/jornalfatosenoticias.com.br\/wp-content\/uploads\/2023\/12\/pegoretti-logo-pdf-1024x389.jpg\" alt=\"\" class=\"wp-image-47536\" width=\"469\" height=\"178\" srcset=\"https:\/\/jornalfatosenoticias.com.br\/wp-content\/uploads\/2023\/12\/pegoretti-logo-pdf-1024x389.jpg 1024w, https:\/\/jornalfatosenoticias.com.br\/wp-content\/uploads\/2023\/12\/pegoretti-logo-pdf-300x114.jpg 300w, https:\/\/jornalfatosenoticias.com.br\/wp-content\/uploads\/2023\/12\/pegoretti-logo-pdf-768x291.jpg 768w, https:\/\/jornalfatosenoticias.com.br\/wp-content\/uploads\/2023\/12\/pegoretti-logo-pdf.jpg 1120w\" sizes=\"auto, (max-width: 469px) 100vw, 469px\" \/><\/figure><\/div>\n\n\n\n<p>Ainda segundo o especialista, as cores dos animais s\u00e3o parte de estrat\u00e9gias de sobreviv\u00eancia na natureza, como a camuflagem, por exemplo, o que pode dificultar a sobreviv\u00eancia de albinos. <\/p>\n\n\n\n<blockquote class=\"wp-block-quote is-layout-flow wp-block-quote-is-layout-flow\"><p><span class=\"has-inline-color has-luminous-vivid-orange-color\">Encontrar um animal albino j\u00e1 \u00e9 muito raro, e um animal que ele n\u00e3o \u00e9 t\u00e3o filhotinho assim, j\u00e1 \u00e9 meio crescidinho. Ent\u00e3o, d\u00e1 pra ver que ele j\u00e1 passou alguns meses sobrevivendo mesmo com essa condi\u00e7\u00e3o de albinismo\u201d, afirma. <\/span><\/p><\/blockquote>\n\n\n\n<h2 class=\"wp-block-heading\"><span class=\"has-inline-color has-vivid-green-cyan-color\">Veja o v\u00eddeo:<\/span><\/h2>\n\n\n\n<figure class=\"wp-block-embed-youtube wp-block-embed is-type-video is-provider-youtube wp-embed-aspect-16-9 wp-has-aspect-ratio\"><div class=\"wp-block-embed__wrapper\">\n<iframe loading=\"lazy\" title=\"Rar\u00edssimo veado-campeiro albino \u00e9 visto no Pantanal\" width=\"660\" height=\"371\" src=\"https:\/\/www.youtube.com\/embed\/Bh9HTOIck48?feature=oembed\" frameborder=\"0\" allow=\"accelerometer; autoplay; clipboard-write; encrypted-media; gyroscope; picture-in-picture; web-share\" referrerpolicy=\"strict-origin-when-cross-origin\" allowfullscreen><\/iframe>\n<\/div><\/figure>\n\n\n\n<p><strong><span class=\"has-inline-color has-vivid-green-cyan-color\">Sobre o veado-campeiro<br><\/span><\/strong>O veado-campeiro (<em>Ozotoceros bezoarticus<\/em>) foi descrito pela ci\u00eancia em 1758, quando suas popula\u00e7\u00f5es alcan\u00e7avam parcela muito maior nos territ\u00f3rios brasileiro e sul-americano. Sua distribui\u00e7\u00e3o faz parte dos relatos pioneiros de expedi\u00e7\u00f5es de <a href=\"https:\/\/gizmodo.uol.com.br\/naturalista-ingles-disponibiliza-arquivo-raro-com-sons-da-natureza-ouca\/\">naturalistas<\/a> e de esp\u00e9cimes depositados em museus.<\/p>\n\n\n\n<div class=\"wp-block-image\"><figure class=\"aligncenter size-large is-resized\"><img loading=\"lazy\" decoding=\"async\" src=\"https:\/\/jornalfatosenoticias.com.br\/wp-content\/uploads\/2023\/08\/BKR-1024x1021.jpg\" alt=\"\" class=\"wp-image-44494\" width=\"277\" height=\"276\" srcset=\"https:\/\/jornalfatosenoticias.com.br\/wp-content\/uploads\/2023\/08\/BKR-1024x1021.jpg 1024w, https:\/\/jornalfatosenoticias.com.br\/wp-content\/uploads\/2023\/08\/BKR-300x300.jpg 300w, https:\/\/jornalfatosenoticias.com.br\/wp-content\/uploads\/2023\/08\/BKR-150x150.jpg 150w, https:\/\/jornalfatosenoticias.com.br\/wp-content\/uploads\/2023\/08\/BKR-768x766.jpg 768w, https:\/\/jornalfatosenoticias.com.br\/wp-content\/uploads\/2023\/08\/BKR.jpg 1080w\" sizes=\"auto, (max-width: 277px) 100vw, 277px\" \/><\/figure><\/div>\n\n\n\n<p>Originalmente, ocorria em cerrados e outros ambientes abertos do Brasil, da Bol\u00edvia, do Paraguai, do Uruguai e da Argentina. Atualmente, suas popula\u00e7\u00f5es est\u00e3o restritas a por\u00e7\u00f5es de sua distribui\u00e7\u00e3o original, reduzidas e isoladas geograficamente. Alguns autores citam uma diminui\u00e7\u00e3o de 98% na sua \u00e1rea de distribui\u00e7\u00e3o, afirma um relat\u00f3rio da ONG WWF.<\/p>\n\n\n\n<div class=\"wp-block-image\"><figure class=\"aligncenter size-large is-resized\"><img loading=\"lazy\" decoding=\"async\" src=\"https:\/\/jornalfatosenoticias.com.br\/wp-content\/uploads\/2020\/02\/logo-Rapuzel-1024x571.jpg\" alt=\"\" class=\"wp-image-42808\" width=\"399\" height=\"222\" srcset=\"https:\/\/jornalfatosenoticias.com.br\/wp-content\/uploads\/2020\/02\/logo-Rapuzel-1024x571.jpg 1024w, https:\/\/jornalfatosenoticias.com.br\/wp-content\/uploads\/2020\/02\/logo-Rapuzel-300x167.jpg 300w, https:\/\/jornalfatosenoticias.com.br\/wp-content\/uploads\/2020\/02\/logo-Rapuzel-768x428.jpg 768w, https:\/\/jornalfatosenoticias.com.br\/wp-content\/uploads\/2020\/02\/logo-Rapuzel-1536x856.jpg 1536w, https:\/\/jornalfatosenoticias.com.br\/wp-content\/uploads\/2020\/02\/logo-Rapuzel.jpg 1600w\" sizes=\"auto, (max-width: 399px) 100vw, 399px\" \/><\/figure><\/div>\n\n\n\n<p><strong><em>Fonte: <a href=\"https:\/\/gizmodo.uol.com.br\/rarissimo-veado-albino-e-registrado-por-biologo-brasileiro\/\">Giz Brasil<\/a><\/em><\/strong><\/p>\n","protected":false},"excerpt":{"rendered":"<p>Animais albinos, como este veado-campestre, s\u00e3o raros. Eles s\u00e3o assim devido a uma muta\u00e7\u00e3o gen\u00e9tica que impede a produ\u00e7\u00e3o de melanina Por Gabriel Andrade Encontrar animais impressionantes \u00e9 comum para quem trabalha no Pantanal. Mas, mesmo assim, a natureza conseguiu surpreender o bi\u00f3logo e guia Bruno Sartori Reis, que se deparou com um veado-campeiro albino. [&hellip;]<\/p>\n","protected":false},"author":2,"featured_media":50990,"comment_status":"open","ping_status":"open","sticky":false,"template":"","format":"standard","meta":{"footnotes":""},"categories":[8],"tags":[5794,1264,4374,778,9908],"class_list":["post-50987","post","type-post","status-publish","format-standard","has-post-thumbnail","hentry","category-meio-ambiente","tag-albinismo","tag-animais","tag-mato-grosso-do-sul","tag-pantanal","tag-veado"],"yoast_head":"<!-- This site is optimized with the Yoast SEO plugin v26.5 - https:\/\/yoast.com\/wordpress\/plugins\/seo\/ -->\n<title>Rar\u00edssimo veado albino \u00e9 registrado por bi\u00f3logo brasileiro - Jornal Fatos e Not\u00edcias<\/title>\n<meta name=\"robots\" content=\"index, follow, max-snippet:-1, max-image-preview:large, max-video-preview:-1\" \/>\n<link rel=\"canonical\" href=\"https:\/\/jornalfatosenoticias.com.br\/index.php\/2024\/05\/06\/rarissimo-veado-albino-e-registrado-por-biologo-brasileiro\/\" \/>\n<meta property=\"og:locale\" content=\"pt_BR\" \/>\n<meta property=\"og:type\" content=\"article\" \/>\n<meta property=\"og:title\" content=\"Rar\u00edssimo veado albino \u00e9 registrado por bi\u00f3logo brasileiro - Jornal Fatos e Not\u00edcias\" \/>\n<meta property=\"og:description\" content=\"Animais albinos, como este veado-campestre, s\u00e3o raros. Eles s\u00e3o assim devido a uma muta\u00e7\u00e3o gen\u00e9tica que impede a produ\u00e7\u00e3o de melanina Por Gabriel Andrade Encontrar animais impressionantes \u00e9 comum para quem trabalha no Pantanal. Mas, mesmo assim, a natureza conseguiu surpreender o bi\u00f3logo e guia Bruno Sartori Reis, que se deparou com um veado-campeiro albino. [&hellip;]\" \/>\n<meta property=\"og:url\" content=\"https:\/\/jornalfatosenoticias.com.br\/index.php\/2024\/05\/06\/rarissimo-veado-albino-e-registrado-por-biologo-brasileiro\/\" \/>\n<meta property=\"og:site_name\" content=\"Jornal Fatos e Not\u00edcias\" \/>\n<meta property=\"article:published_time\" content=\"2024-05-06T14:26:39+00:00\" \/>\n<meta property=\"article:modified_time\" content=\"2024-05-06T14:26:41+00:00\" \/>\n<meta property=\"og:image\" content=\"https:\/\/jornalfatosenoticias.com.br\/wp-content\/uploads\/2024\/05\/veado-albino.jpg\" \/>\n\t<meta property=\"og:image:width\" content=\"768\" \/>\n\t<meta property=\"og:image:height\" content=\"500\" \/>\n\t<meta property=\"og:image:type\" content=\"image\/jpeg\" \/>\n<meta name=\"author\" content=\"Luzimara Fernandes\" \/>\n<meta name=\"twitter:card\" content=\"summary_large_image\" \/>\n<meta name=\"twitter:label1\" content=\"Escrito por\" \/>\n\t<meta name=\"twitter:data1\" content=\"Luzimara Fernandes\" \/>\n\t<meta name=\"twitter:label2\" content=\"Est. tempo de leitura\" \/>\n\t<meta name=\"twitter:data2\" content=\"3 minutos\" \/>\n<script type=\"application\/ld+json\" class=\"yoast-schema-graph\">{\"@context\":\"https:\/\/schema.org\",\"@graph\":[{\"@type\":\"Article\",\"@id\":\"https:\/\/jornalfatosenoticias.com.br\/index.php\/2024\/05\/06\/rarissimo-veado-albino-e-registrado-por-biologo-brasileiro\/#article\",\"isPartOf\":{\"@id\":\"https:\/\/jornalfatosenoticias.com.br\/index.php\/2024\/05\/06\/rarissimo-veado-albino-e-registrado-por-biologo-brasileiro\/\"},\"author\":{\"name\":\"Luzimara Fernandes\",\"@id\":\"https:\/\/jornalfatosenoticias.com.br\/#\/schema\/person\/d63837fa13ac8666eb9e74e0985d6f81\"},\"headline\":\"Rar\u00edssimo veado albino \u00e9 registrado por bi\u00f3logo brasileiro\",\"datePublished\":\"2024-05-06T14:26:39+00:00\",\"dateModified\":\"2024-05-06T14:26:41+00:00\",\"mainEntityOfPage\":{\"@id\":\"https:\/\/jornalfatosenoticias.com.br\/index.php\/2024\/05\/06\/rarissimo-veado-albino-e-registrado-por-biologo-brasileiro\/\"},\"wordCount\":539,\"commentCount\":0,\"publisher\":{\"@id\":\"https:\/\/jornalfatosenoticias.com.br\/#organization\"},\"image\":{\"@id\":\"https:\/\/jornalfatosenoticias.com.br\/index.php\/2024\/05\/06\/rarissimo-veado-albino-e-registrado-por-biologo-brasileiro\/#primaryimage\"},\"thumbnailUrl\":\"https:\/\/jornalfatosenoticias.com.br\/wp-content\/uploads\/2024\/05\/veado-albino.jpg\",\"keywords\":[\"albinismo\",\"animais\",\"Mato Grosso do Sul\",\"Pantanal\",\"veado\"],\"articleSection\":[\"Meio ambiente\"],\"inLanguage\":\"pt-BR\",\"potentialAction\":[{\"@type\":\"CommentAction\",\"name\":\"Comment\",\"target\":[\"https:\/\/jornalfatosenoticias.com.br\/index.php\/2024\/05\/06\/rarissimo-veado-albino-e-registrado-por-biologo-brasileiro\/#respond\"]}]},{\"@type\":\"WebPage\",\"@id\":\"https:\/\/jornalfatosenoticias.com.br\/index.php\/2024\/05\/06\/rarissimo-veado-albino-e-registrado-por-biologo-brasileiro\/\",\"url\":\"https:\/\/jornalfatosenoticias.com.br\/index.php\/2024\/05\/06\/rarissimo-veado-albino-e-registrado-por-biologo-brasileiro\/\",\"name\":\"Rar\u00edssimo veado albino \u00e9 registrado por bi\u00f3logo brasileiro - Jornal Fatos e Not\u00edcias\",\"isPartOf\":{\"@id\":\"https:\/\/jornalfatosenoticias.com.br\/#website\"},\"primaryImageOfPage\":{\"@id\":\"https:\/\/jornalfatosenoticias.com.br\/index.php\/2024\/05\/06\/rarissimo-veado-albino-e-registrado-por-biologo-brasileiro\/#primaryimage\"},\"image\":{\"@id\":\"https:\/\/jornalfatosenoticias.com.br\/index.php\/2024\/05\/06\/rarissimo-veado-albino-e-registrado-por-biologo-brasileiro\/#primaryimage\"},\"thumbnailUrl\":\"https:\/\/jornalfatosenoticias.com.br\/wp-content\/uploads\/2024\/05\/veado-albino.jpg\",\"datePublished\":\"2024-05-06T14:26:39+00:00\",\"dateModified\":\"2024-05-06T14:26:41+00:00\",\"breadcrumb\":{\"@id\":\"https:\/\/jornalfatosenoticias.com.br\/index.php\/2024\/05\/06\/rarissimo-veado-albino-e-registrado-por-biologo-brasileiro\/#breadcrumb\"},\"inLanguage\":\"pt-BR\",\"potentialAction\":[{\"@type\":\"ReadAction\",\"target\":[\"https:\/\/jornalfatosenoticias.com.br\/index.php\/2024\/05\/06\/rarissimo-veado-albino-e-registrado-por-biologo-brasileiro\/\"]}]},{\"@type\":\"ImageObject\",\"inLanguage\":\"pt-BR\",\"@id\":\"https:\/\/jornalfatosenoticias.com.br\/index.php\/2024\/05\/06\/rarissimo-veado-albino-e-registrado-por-biologo-brasileiro\/#primaryimage\",\"url\":\"https:\/\/jornalfatosenoticias.com.br\/wp-content\/uploads\/2024\/05\/veado-albino.jpg\",\"contentUrl\":\"https:\/\/jornalfatosenoticias.com.br\/wp-content\/uploads\/2024\/05\/veado-albino.jpg\",\"width\":768,\"height\":500},{\"@type\":\"BreadcrumbList\",\"@id\":\"https:\/\/jornalfatosenoticias.com.br\/index.php\/2024\/05\/06\/rarissimo-veado-albino-e-registrado-por-biologo-brasileiro\/#breadcrumb\",\"itemListElement\":[{\"@type\":\"ListItem\",\"position\":1,\"name\":\"In\u00edcio\",\"item\":\"https:\/\/jornalfatosenoticias.com.br\/\"},{\"@type\":\"ListItem\",\"position\":2,\"name\":\"Rar\u00edssimo veado albino \u00e9 registrado por bi\u00f3logo brasileiro\"}]},{\"@type\":\"WebSite\",\"@id\":\"https:\/\/jornalfatosenoticias.com.br\/#website\",\"url\":\"https:\/\/jornalfatosenoticias.com.br\/\",\"name\":\"Jornal Fatos e Not\u00edcias\",\"description\":\"Not\u00edcias em geral\",\"publisher\":{\"@id\":\"https:\/\/jornalfatosenoticias.com.br\/#organization\"},\"potentialAction\":[{\"@type\":\"SearchAction\",\"target\":{\"@type\":\"EntryPoint\",\"urlTemplate\":\"https:\/\/jornalfatosenoticias.com.br\/?s={search_term_string}\"},\"query-input\":{\"@type\":\"PropertyValueSpecification\",\"valueRequired\":true,\"valueName\":\"search_term_string\"}}],\"inLanguage\":\"pt-BR\"},{\"@type\":\"Organization\",\"@id\":\"https:\/\/jornalfatosenoticias.com.br\/#organization\",\"name\":\"Jornal Fatos e Not\u00edcias\",\"url\":\"https:\/\/jornalfatosenoticias.com.br\/\",\"logo\":{\"@type\":\"ImageObject\",\"inLanguage\":\"pt-BR\",\"@id\":\"https:\/\/jornalfatosenoticias.com.br\/#\/schema\/logo\/image\/\",\"url\":\"https:\/\/jornalfatosenoticias.com.br\/wp-content\/uploads\/2020\/02\/logo120.png\",\"contentUrl\":\"https:\/\/jornalfatosenoticias.com.br\/wp-content\/uploads\/2020\/02\/logo120.png\",\"width\":1227,\"height\":120,\"caption\":\"Jornal Fatos e Not\u00edcias\"},\"image\":{\"@id\":\"https:\/\/jornalfatosenoticias.com.br\/#\/schema\/logo\/image\/\"}},{\"@type\":\"Person\",\"@id\":\"https:\/\/jornalfatosenoticias.com.br\/#\/schema\/person\/d63837fa13ac8666eb9e74e0985d6f81\",\"name\":\"Luzimara Fernandes\",\"image\":{\"@type\":\"ImageObject\",\"inLanguage\":\"pt-BR\",\"@id\":\"https:\/\/jornalfatosenoticias.com.br\/#\/schema\/person\/image\/\",\"url\":\"https:\/\/jornalfatosenoticias.com.br\/wp-content\/uploads\/2025\/05\/EU_portal.jpg\",\"contentUrl\":\"https:\/\/jornalfatosenoticias.com.br\/wp-content\/uploads\/2025\/05\/EU_portal.jpg\",\"caption\":\"Luzimara Fernandes\"},\"description\":\"Jornalista MTB 2358-ES\",\"sameAs\":[\"https:\/\/jornalfatosenoticias.com.br\"],\"url\":\"https:\/\/jornalfatosenoticias.com.br\/index.php\/author\/luzimara\/\"}]}<\/script>\n<!-- \/ Yoast SEO plugin. -->","yoast_head_json":{"title":"Rar\u00edssimo veado albino \u00e9 registrado por bi\u00f3logo brasileiro - Jornal Fatos e Not\u00edcias","robots":{"index":"index","follow":"follow","max-snippet":"max-snippet:-1","max-image-preview":"max-image-preview:large","max-video-preview":"max-video-preview:-1"},"canonical":"https:\/\/jornalfatosenoticias.com.br\/index.php\/2024\/05\/06\/rarissimo-veado-albino-e-registrado-por-biologo-brasileiro\/","og_locale":"pt_BR","og_type":"article","og_title":"Rar\u00edssimo veado albino \u00e9 registrado por bi\u00f3logo brasileiro - Jornal Fatos e Not\u00edcias","og_description":"Animais albinos, como este veado-campestre, s\u00e3o raros. Eles s\u00e3o assim devido a uma muta\u00e7\u00e3o gen\u00e9tica que impede a produ\u00e7\u00e3o de melanina Por Gabriel Andrade Encontrar animais impressionantes \u00e9 comum para quem trabalha no Pantanal. Mas, mesmo assim, a natureza conseguiu surpreender o bi\u00f3logo e guia Bruno Sartori Reis, que se deparou com um veado-campeiro albino. [&hellip;]","og_url":"https:\/\/jornalfatosenoticias.com.br\/index.php\/2024\/05\/06\/rarissimo-veado-albino-e-registrado-por-biologo-brasileiro\/","og_site_name":"Jornal Fatos e Not\u00edcias","article_published_time":"2024-05-06T14:26:39+00:00","article_modified_time":"2024-05-06T14:26:41+00:00","og_image":[{"width":768,"height":500,"url":"https:\/\/jornalfatosenoticias.com.br\/wp-content\/uploads\/2024\/05\/veado-albino.jpg","type":"image\/jpeg"}],"author":"Luzimara Fernandes","twitter_card":"summary_large_image","twitter_misc":{"Escrito por":"Luzimara Fernandes","Est. tempo de leitura":"3 minutos"},"schema":{"@context":"https:\/\/schema.org","@graph":[{"@type":"Article","@id":"https:\/\/jornalfatosenoticias.com.br\/index.php\/2024\/05\/06\/rarissimo-veado-albino-e-registrado-por-biologo-brasileiro\/#article","isPartOf":{"@id":"https:\/\/jornalfatosenoticias.com.br\/index.php\/2024\/05\/06\/rarissimo-veado-albino-e-registrado-por-biologo-brasileiro\/"},"author":{"name":"Luzimara Fernandes","@id":"https:\/\/jornalfatosenoticias.com.br\/#\/schema\/person\/d63837fa13ac8666eb9e74e0985d6f81"},"headline":"Rar\u00edssimo veado albino \u00e9 registrado por bi\u00f3logo brasileiro","datePublished":"2024-05-06T14:26:39+00:00","dateModified":"2024-05-06T14:26:41+00:00","mainEntityOfPage":{"@id":"https:\/\/jornalfatosenoticias.com.br\/index.php\/2024\/05\/06\/rarissimo-veado-albino-e-registrado-por-biologo-brasileiro\/"},"wordCount":539,"commentCount":0,"publisher":{"@id":"https:\/\/jornalfatosenoticias.com.br\/#organization"},"image":{"@id":"https:\/\/jornalfatosenoticias.com.br\/index.php\/2024\/05\/06\/rarissimo-veado-albino-e-registrado-por-biologo-brasileiro\/#primaryimage"},"thumbnailUrl":"https:\/\/jornalfatosenoticias.com.br\/wp-content\/uploads\/2024\/05\/veado-albino.jpg","keywords":["albinismo","animais","Mato Grosso do Sul","Pantanal","veado"],"articleSection":["Meio ambiente"],"inLanguage":"pt-BR","potentialAction":[{"@type":"CommentAction","name":"Comment","target":["https:\/\/jornalfatosenoticias.com.br\/index.php\/2024\/05\/06\/rarissimo-veado-albino-e-registrado-por-biologo-brasileiro\/#respond"]}]},{"@type":"WebPage","@id":"https:\/\/jornalfatosenoticias.com.br\/index.php\/2024\/05\/06\/rarissimo-veado-albino-e-registrado-por-biologo-brasileiro\/","url":"https:\/\/jornalfatosenoticias.com.br\/index.php\/2024\/05\/06\/rarissimo-veado-albino-e-registrado-por-biologo-brasileiro\/","name":"Rar\u00edssimo veado albino \u00e9 registrado por bi\u00f3logo brasileiro - Jornal Fatos e Not\u00edcias","isPartOf":{"@id":"https:\/\/jornalfatosenoticias.com.br\/#website"},"primaryImageOfPage":{"@id":"https:\/\/jornalfatosenoticias.com.br\/index.php\/2024\/05\/06\/rarissimo-veado-albino-e-registrado-por-biologo-brasileiro\/#primaryimage"},"image":{"@id":"https:\/\/jornalfatosenoticias.com.br\/index.php\/2024\/05\/06\/rarissimo-veado-albino-e-registrado-por-biologo-brasileiro\/#primaryimage"},"thumbnailUrl":"https:\/\/jornalfatosenoticias.com.br\/wp-content\/uploads\/2024\/05\/veado-albino.jpg","datePublished":"2024-05-06T14:26:39+00:00","dateModified":"2024-05-06T14:26:41+00:00","breadcrumb":{"@id":"https:\/\/jornalfatosenoticias.com.br\/index.php\/2024\/05\/06\/rarissimo-veado-albino-e-registrado-por-biologo-brasileiro\/#breadcrumb"},"inLanguage":"pt-BR","potentialAction":[{"@type":"ReadAction","target":["https:\/\/jornalfatosenoticias.com.br\/index.php\/2024\/05\/06\/rarissimo-veado-albino-e-registrado-por-biologo-brasileiro\/"]}]},{"@type":"ImageObject","inLanguage":"pt-BR","@id":"https:\/\/jornalfatosenoticias.com.br\/index.php\/2024\/05\/06\/rarissimo-veado-albino-e-registrado-por-biologo-brasileiro\/#primaryimage","url":"https:\/\/jornalfatosenoticias.com.br\/wp-content\/uploads\/2024\/05\/veado-albino.jpg","contentUrl":"https:\/\/jornalfatosenoticias.com.br\/wp-content\/uploads\/2024\/05\/veado-albino.jpg","width":768,"height":500},{"@type":"BreadcrumbList","@id":"https:\/\/jornalfatosenoticias.com.br\/index.php\/2024\/05\/06\/rarissimo-veado-albino-e-registrado-por-biologo-brasileiro\/#breadcrumb","itemListElement":[{"@type":"ListItem","position":1,"name":"In\u00edcio","item":"https:\/\/jornalfatosenoticias.com.br\/"},{"@type":"ListItem","position":2,"name":"Rar\u00edssimo veado albino \u00e9 registrado por bi\u00f3logo brasileiro"}]},{"@type":"WebSite","@id":"https:\/\/jornalfatosenoticias.com.br\/#website","url":"https:\/\/jornalfatosenoticias.com.br\/","name":"Jornal Fatos e Not\u00edcias","description":"Not\u00edcias em geral","publisher":{"@id":"https:\/\/jornalfatosenoticias.com.br\/#organization"},"potentialAction":[{"@type":"SearchAction","target":{"@type":"EntryPoint","urlTemplate":"https:\/\/jornalfatosenoticias.com.br\/?s={search_term_string}"},"query-input":{"@type":"PropertyValueSpecification","valueRequired":true,"valueName":"search_term_string"}}],"inLanguage":"pt-BR"},{"@type":"Organization","@id":"https:\/\/jornalfatosenoticias.com.br\/#organization","name":"Jornal Fatos e Not\u00edcias","url":"https:\/\/jornalfatosenoticias.com.br\/","logo":{"@type":"ImageObject","inLanguage":"pt-BR","@id":"https:\/\/jornalfatosenoticias.com.br\/#\/schema\/logo\/image\/","url":"https:\/\/jornalfatosenoticias.com.br\/wp-content\/uploads\/2020\/02\/logo120.png","contentUrl":"https:\/\/jornalfatosenoticias.com.br\/wp-content\/uploads\/2020\/02\/logo120.png","width":1227,"height":120,"caption":"Jornal Fatos e Not\u00edcias"},"image":{"@id":"https:\/\/jornalfatosenoticias.com.br\/#\/schema\/logo\/image\/"}},{"@type":"Person","@id":"https:\/\/jornalfatosenoticias.com.br\/#\/schema\/person\/d63837fa13ac8666eb9e74e0985d6f81","name":"Luzimara Fernandes","image":{"@type":"ImageObject","inLanguage":"pt-BR","@id":"https:\/\/jornalfatosenoticias.com.br\/#\/schema\/person\/image\/","url":"https:\/\/jornalfatosenoticias.com.br\/wp-content\/uploads\/2025\/05\/EU_portal.jpg","contentUrl":"https:\/\/jornalfatosenoticias.com.br\/wp-content\/uploads\/2025\/05\/EU_portal.jpg","caption":"Luzimara Fernandes"},"description":"Jornalista MTB 2358-ES","sameAs":["https:\/\/jornalfatosenoticias.com.br"],"url":"https:\/\/jornalfatosenoticias.com.br\/index.php\/author\/luzimara\/"}]}},"cc_featured_image_caption":{"caption_text":"(Foto: Reprodu\u00e7\u00e3o) ","source_text":"","source_url":""},"jetpack_featured_media_url":"https:\/\/jornalfatosenoticias.com.br\/wp-content\/uploads\/2024\/05\/veado-albino.jpg","_links":{"self":[{"href":"https:\/\/jornalfatosenoticias.com.br\/index.php\/wp-json\/wp\/v2\/posts\/50987","targetHints":{"allow":["GET"]}}],"collection":[{"href":"https:\/\/jornalfatosenoticias.com.br\/index.php\/wp-json\/wp\/v2\/posts"}],"about":[{"href":"https:\/\/jornalfatosenoticias.com.br\/index.php\/wp-json\/wp\/v2\/types\/post"}],"author":[{"embeddable":true,"href":"https:\/\/jornalfatosenoticias.com.br\/index.php\/wp-json\/wp\/v2\/users\/2"}],"replies":[{"embeddable":true,"href":"https:\/\/jornalfatosenoticias.com.br\/index.php\/wp-json\/wp\/v2\/comments?post=50987"}],"version-history":[{"count":0,"href":"https:\/\/jornalfatosenoticias.com.br\/index.php\/wp-json\/wp\/v2\/posts\/50987\/revisions"}],"wp:featuredmedia":[{"embeddable":true,"href":"https:\/\/jornalfatosenoticias.com.br\/index.php\/wp-json\/wp\/v2\/media\/50990"}],"wp:attachment":[{"href":"https:\/\/jornalfatosenoticias.com.br\/index.php\/wp-json\/wp\/v2\/media?parent=50987"}],"wp:term":[{"taxonomy":"category","embeddable":true,"href":"https:\/\/jornalfatosenoticias.com.br\/index.php\/wp-json\/wp\/v2\/categories?post=50987"},{"taxonomy":"post_tag","embeddable":true,"href":"https:\/\/jornalfatosenoticias.com.br\/index.php\/wp-json\/wp\/v2\/tags?post=50987"}],"curies":[{"name":"wp","href":"https:\/\/api.w.org\/{rel}","templated":true}]}}