{"id":50995,"date":"2024-05-06T11:43:52","date_gmt":"2024-05-06T14:43:52","guid":{"rendered":"https:\/\/jornalfatosenoticias.com.br\/?p=50995"},"modified":"2024-05-06T11:43:53","modified_gmt":"2024-05-06T14:43:53","slug":"galinhas-tambem-se-emocionam-e-ficam-com-rosto-vermelho","status":"publish","type":"post","link":"https:\/\/jornalfatosenoticias.com.br\/index.php\/2024\/05\/06\/galinhas-tambem-se-emocionam-e-ficam-com-rosto-vermelho\/","title":{"rendered":"Galinhas tamb\u00e9m se emocionam e ficam com rosto vermelho"},"content":{"rendered":"\n<p><em><span class=\"has-inline-color has-black-color\">Novo estudo sugere que galinhas ficam com rosto vermelho quando t\u00eam certas emo\u00e7\u00f5es; o sinal tamb\u00e9m pode ser indicador do bem-estar da ave<\/span><\/em><\/p>\n\n\n\n<p><span class=\"has-inline-color has-black-color\">Por <strong><a href=\"https:\/\/gizmodo.uol.com.br\/author\/barbara-giovani\/\">B\u00e1rbara Giovani<\/a><\/strong><\/span><\/p>\n\n\n\n<div class=\"wp-block-image\"><figure class=\"aligncenter size-large\"><img loading=\"lazy\" decoding=\"async\" width=\"1024\" height=\"111\" src=\"https:\/\/jornalfatosenoticias.com.br\/wp-content\/uploads\/2020\/02\/WhatsApp-Image-2022-09-23-at-12.09.18-1024x111.jpeg\" alt=\"\" class=\"wp-image-34527\" srcset=\"https:\/\/jornalfatosenoticias.com.br\/wp-content\/uploads\/2020\/02\/WhatsApp-Image-2022-09-23-at-12.09.18-1024x111.jpeg 1024w, https:\/\/jornalfatosenoticias.com.br\/wp-content\/uploads\/2020\/02\/WhatsApp-Image-2022-09-23-at-12.09.18-300x32.jpeg 300w, https:\/\/jornalfatosenoticias.com.br\/wp-content\/uploads\/2020\/02\/WhatsApp-Image-2022-09-23-at-12.09.18-768x83.jpeg 768w, https:\/\/jornalfatosenoticias.com.br\/wp-content\/uploads\/2020\/02\/WhatsApp-Image-2022-09-23-at-12.09.18.jpeg 1121w\" sizes=\"auto, (max-width: 1024px) 100vw, 1024px\" \/><\/figure><\/div>\n\n\n\n<p>Bochechas coradas n\u00e3o s\u00e3o exclusividade humana. De acordo com novo estudo publicado na revista <a href=\"https:\/\/www.sciencedirect.com\/science\/article\/pii\/S0168159124001163?via%3Dihub\" target=\"_blank\" rel=\"noreferrer noopener\"><em>Applied Animal Behaviour Science<\/em><\/a>, as galinhas tamb\u00e9m ficam com rosto vermelho a depender de suas emo\u00e7\u00f5es.<br>Para o estudo, os cientistas focaram nas <a href=\"https:\/\/gizmodo.uol.com.br\/saiba-quando-onde-e-como-as-galinhas-foram-domesticadas-segundo-novo-estudo\/\">galinhas dom\u00e9sticas<\/a>, em espec\u00edfico naquela conhecida como galinha Sussex. Ao todo, eles observaram seis representantes da esp\u00e9cie que tinham de tr\u00eas a quatro meses de idade.<br>Durante o per\u00edodo de tr\u00eas semanas de observa\u00e7\u00e3o, elas viveram em um bosque no Vale do Loire, na Fran\u00e7a. Por meio de grava\u00e7\u00f5es em v\u00eddeo, os pesquisadores acompanharam suas rea\u00e7\u00f5es em situa\u00e7\u00f5es diversas, como sua captura e tamb\u00e9m a distribui\u00e7\u00e3o de alimentos.<\/p>\n\n\n\n<div class=\"wp-block-image\"><figure class=\"aligncenter size-large is-resized\"><img loading=\"lazy\" decoding=\"async\" src=\"https:\/\/jornalfatosenoticias.com.br\/wp-content\/uploads\/2024\/01\/consultoria-ambiental.jpg\" alt=\"\" class=\"wp-image-48314\" width=\"332\" height=\"300\" srcset=\"https:\/\/jornalfatosenoticias.com.br\/wp-content\/uploads\/2024\/01\/consultoria-ambiental.jpg 832w, https:\/\/jornalfatosenoticias.com.br\/wp-content\/uploads\/2024\/01\/consultoria-ambiental-300x272.jpg 300w, https:\/\/jornalfatosenoticias.com.br\/wp-content\/uploads\/2024\/01\/consultoria-ambiental-768x696.jpg 768w\" sizes=\"auto, (max-width: 332px) 100vw, 332px\" \/><\/figure><\/div>\n\n\n\n<p>Ent\u00e3o, os cientistas selecionaram 18 mil fotos dessas grava\u00e7\u00f5es e, com aux\u00edlio de um software de imagens, medicaram os n\u00edveis de vermelhid\u00e3o na pele do rosto das <a href=\"https:\/\/gizmodo.uol.com.br\/descoberta-a-epoca-da-1a-criacao-de-galinhas-para-producao-de-ovos\/\">galinhas<\/a>. De acordo com os resultados, as aves ficam com rosto vermelho em graus que variam de acordo com seu estado emocional. Embora tenham ficado coradas quando estavam de frente com alimentos apetitosos, esse n\u00e3o foi o \u00e1pice da vermelhid\u00e3o.<\/p>\n\n\n\n<div class=\"wp-block-image\"><figure class=\"aligncenter size-large is-resized\"><img loading=\"lazy\" decoding=\"async\" src=\"https:\/\/jornalfatosenoticias.com.br\/wp-content\/uploads\/2020\/02\/logo-Rapuzel-1024x571.jpg\" alt=\"\" class=\"wp-image-42808\" width=\"363\" height=\"202\" srcset=\"https:\/\/jornalfatosenoticias.com.br\/wp-content\/uploads\/2020\/02\/logo-Rapuzel-1024x571.jpg 1024w, https:\/\/jornalfatosenoticias.com.br\/wp-content\/uploads\/2020\/02\/logo-Rapuzel-300x167.jpg 300w, https:\/\/jornalfatosenoticias.com.br\/wp-content\/uploads\/2020\/02\/logo-Rapuzel-768x428.jpg 768w, https:\/\/jornalfatosenoticias.com.br\/wp-content\/uploads\/2020\/02\/logo-Rapuzel-1536x856.jpg 1536w, https:\/\/jornalfatosenoticias.com.br\/wp-content\/uploads\/2020\/02\/logo-Rapuzel.jpg 1600w\" sizes=\"auto, (max-width: 363px) 100vw, 363px\" \/><\/figure><\/div>\n\n\n\n<p>Em geral, o rubor se mostrou mais forte durante as experi\u00eancias negativas, como a captura. Em contraste, quando estavam em repouso, a pele delas aparecia muito mais clara em cor. Frente aos resultados da primeira pesquisa, os cientistas buscaram compreender se essas <a href=\"https:\/\/gizmodo.uol.com.br\/empresas-aderem-a-ia-sem-base-cientifica-para-monitorar-emocoes-de-funcionarios\/\">altera\u00e7\u00f5es emocionais<\/a> que causam a vermelhid\u00e3o no rosto t\u00eam rela\u00e7\u00e3o com o contato das galinhas com humanos.<\/p>\n\n\n\n<div class=\"wp-block-image\"><figure class=\"aligncenter size-large\"><img loading=\"lazy\" decoding=\"async\" width=\"300\" height=\"250\" src=\"https:\/\/jornalfatosenoticias.com.br\/wp-content\/uploads\/2020\/02\/Banner-2.png\" alt=\"\" class=\"wp-image-43787\"\/><\/figure><\/div>\n\n\n\n<p>Para analisar esse fator, eles colocaram um grupo de 26 dessas aves na presen\u00e7a de uma pessoa, chamada experimentador. Antes disso, metade das galinhas haviam sido preparadas para o encontro, em um contato gradual com o humano durante um per\u00edodo de cinco semanas.<\/p>\n\n\n\n<div class=\"wp-block-image\"><figure class=\"aligncenter size-large\"><img decoding=\"async\" src=\"https:\/\/jornalfatosenoticias.com.br\/wp-content\/uploads\/2020\/02\/barao-das-carnes-300x164-1.jpg\" alt=\"\" class=\"wp-image-34339\"\/><\/figure><\/div>\n\n\n\n<p>Por fim, os pesquisadores notaram que as galinhas que passaram pela prepara\u00e7\u00e3o mantiveram uma cor de pele mais clara quando o experimentador se aproximava, o que indicava um estado mais calmo. J\u00e1 o outro grupo de <a href=\"https:\/\/gizmodo.uol.com.br\/cientistas-querem-criar-galinhas-mutantes-para-frear-gripe-aviaria\/\">galinhas<\/a> ficaram com o rosto vermelho. Para os cientistas, isso pode ser um indicador de bem-estar animal, que alerta para situa\u00e7\u00f5es em que elas est\u00e3o sob estresse.<\/p>\n\n\n\n<div class=\"wp-block-image\"><figure class=\"aligncenter size-large is-resized\"><img loading=\"lazy\" decoding=\"async\" src=\"https:\/\/jornalfatosenoticias.com.br\/wp-content\/uploads\/2023\/12\/pegoretti-logo-pdf-1024x389.jpg\" alt=\"\" class=\"wp-image-47536\" width=\"501\" height=\"190\" srcset=\"https:\/\/jornalfatosenoticias.com.br\/wp-content\/uploads\/2023\/12\/pegoretti-logo-pdf-1024x389.jpg 1024w, https:\/\/jornalfatosenoticias.com.br\/wp-content\/uploads\/2023\/12\/pegoretti-logo-pdf-300x114.jpg 300w, https:\/\/jornalfatosenoticias.com.br\/wp-content\/uploads\/2023\/12\/pegoretti-logo-pdf-768x291.jpg 768w, https:\/\/jornalfatosenoticias.com.br\/wp-content\/uploads\/2023\/12\/pegoretti-logo-pdf.jpg 1120w\" sizes=\"auto, (max-width: 501px) 100vw, 501px\" \/><\/figure><\/div>\n\n\n\n<p><strong><em>Fonte: <a href=\"https:\/\/gizmodo.uol.com.br\/galinhas-tambem-se-emocionam-e-ficam-com-rosto-vermelho\/\">Giz Brasil<\/a><\/em><\/strong><\/p>\n","protected":false},"excerpt":{"rendered":"<p>Novo estudo sugere que galinhas ficam com rosto vermelho quando t\u00eam certas emo\u00e7\u00f5es; o sinal tamb\u00e9m pode ser indicador do bem-estar da ave Por B\u00e1rbara Giovani Bochechas coradas n\u00e3o s\u00e3o exclusividade humana. De acordo com novo estudo publicado na revista Applied Animal Behaviour Science, as galinhas tamb\u00e9m ficam com rosto vermelho a depender de suas [&hellip;]<\/p>\n","protected":false},"author":2,"featured_media":50996,"comment_status":"open","ping_status":"open","sticky":false,"template":"","format":"standard","meta":{"footnotes":""},"categories":[5],"tags":[3433,6284,5096,6005],"class_list":["post-50995","post","type-post","status-publish","format-standard","has-post-thumbnail","hentry","category-geral","tag-comportamento-animal","tag-curiosidade","tag-emocoes","tag-galinhas"],"yoast_head":"<!-- This site is optimized with the Yoast SEO plugin v26.5 - https:\/\/yoast.com\/wordpress\/plugins\/seo\/ -->\n<title>Galinhas tamb\u00e9m se emocionam e ficam com rosto vermelho - Jornal Fatos e Not\u00edcias<\/title>\n<meta name=\"robots\" content=\"index, follow, max-snippet:-1, max-image-preview:large, max-video-preview:-1\" \/>\n<link rel=\"canonical\" href=\"https:\/\/jornalfatosenoticias.com.br\/index.php\/2024\/05\/06\/galinhas-tambem-se-emocionam-e-ficam-com-rosto-vermelho\/\" \/>\n<meta property=\"og:locale\" content=\"pt_BR\" \/>\n<meta property=\"og:type\" content=\"article\" \/>\n<meta property=\"og:title\" content=\"Galinhas tamb\u00e9m se emocionam e ficam com rosto vermelho - Jornal Fatos e Not\u00edcias\" \/>\n<meta property=\"og:description\" content=\"Novo estudo sugere que galinhas ficam com rosto vermelho quando t\u00eam certas emo\u00e7\u00f5es; o sinal tamb\u00e9m pode ser indicador do bem-estar da ave Por B\u00e1rbara Giovani Bochechas coradas n\u00e3o s\u00e3o exclusividade humana. De acordo com novo estudo publicado na revista Applied Animal Behaviour Science, as galinhas tamb\u00e9m ficam com rosto vermelho a depender de suas [&hellip;]\" \/>\n<meta property=\"og:url\" content=\"https:\/\/jornalfatosenoticias.com.br\/index.php\/2024\/05\/06\/galinhas-tambem-se-emocionam-e-ficam-com-rosto-vermelho\/\" \/>\n<meta property=\"og:site_name\" content=\"Jornal Fatos e Not\u00edcias\" \/>\n<meta property=\"article:published_time\" content=\"2024-05-06T14:43:52+00:00\" \/>\n<meta property=\"article:modified_time\" content=\"2024-05-06T14:43:53+00:00\" \/>\n<meta property=\"og:image\" content=\"https:\/\/jornalfatosenoticias.com.br\/wp-content\/uploads\/2024\/05\/galinhas-coradas-curiosidade_istock.jpg\" \/>\n\t<meta property=\"og:image:width\" content=\"612\" \/>\n\t<meta property=\"og:image:height\" content=\"410\" \/>\n\t<meta property=\"og:image:type\" content=\"image\/jpeg\" \/>\n<meta name=\"author\" content=\"Luzimara Fernandes\" \/>\n<meta name=\"twitter:card\" content=\"summary_large_image\" \/>\n<meta name=\"twitter:label1\" content=\"Escrito por\" \/>\n\t<meta name=\"twitter:data1\" content=\"Luzimara Fernandes\" \/>\n\t<meta name=\"twitter:label2\" content=\"Est. tempo de leitura\" \/>\n\t<meta name=\"twitter:data2\" content=\"2 minutos\" \/>\n<script type=\"application\/ld+json\" class=\"yoast-schema-graph\">{\"@context\":\"https:\/\/schema.org\",\"@graph\":[{\"@type\":\"Article\",\"@id\":\"https:\/\/jornalfatosenoticias.com.br\/index.php\/2024\/05\/06\/galinhas-tambem-se-emocionam-e-ficam-com-rosto-vermelho\/#article\",\"isPartOf\":{\"@id\":\"https:\/\/jornalfatosenoticias.com.br\/index.php\/2024\/05\/06\/galinhas-tambem-se-emocionam-e-ficam-com-rosto-vermelho\/\"},\"author\":{\"name\":\"Luzimara Fernandes\",\"@id\":\"https:\/\/jornalfatosenoticias.com.br\/#\/schema\/person\/d63837fa13ac8666eb9e74e0985d6f81\"},\"headline\":\"Galinhas tamb\u00e9m se emocionam e ficam com rosto vermelho\",\"datePublished\":\"2024-05-06T14:43:52+00:00\",\"dateModified\":\"2024-05-06T14:43:53+00:00\",\"mainEntityOfPage\":{\"@id\":\"https:\/\/jornalfatosenoticias.com.br\/index.php\/2024\/05\/06\/galinhas-tambem-se-emocionam-e-ficam-com-rosto-vermelho\/\"},\"wordCount\":413,\"commentCount\":0,\"publisher\":{\"@id\":\"https:\/\/jornalfatosenoticias.com.br\/#organization\"},\"image\":{\"@id\":\"https:\/\/jornalfatosenoticias.com.br\/index.php\/2024\/05\/06\/galinhas-tambem-se-emocionam-e-ficam-com-rosto-vermelho\/#primaryimage\"},\"thumbnailUrl\":\"https:\/\/jornalfatosenoticias.com.br\/wp-content\/uploads\/2024\/05\/galinhas-coradas-curiosidade_istock.jpg\",\"keywords\":[\"comportamento animal\",\"curiosidade\",\"emo\u00e7\u00f5es\",\"galinhas\"],\"articleSection\":[\"Geral\"],\"inLanguage\":\"pt-BR\",\"potentialAction\":[{\"@type\":\"CommentAction\",\"name\":\"Comment\",\"target\":[\"https:\/\/jornalfatosenoticias.com.br\/index.php\/2024\/05\/06\/galinhas-tambem-se-emocionam-e-ficam-com-rosto-vermelho\/#respond\"]}]},{\"@type\":\"WebPage\",\"@id\":\"https:\/\/jornalfatosenoticias.com.br\/index.php\/2024\/05\/06\/galinhas-tambem-se-emocionam-e-ficam-com-rosto-vermelho\/\",\"url\":\"https:\/\/jornalfatosenoticias.com.br\/index.php\/2024\/05\/06\/galinhas-tambem-se-emocionam-e-ficam-com-rosto-vermelho\/\",\"name\":\"Galinhas tamb\u00e9m se emocionam e ficam com rosto vermelho - Jornal Fatos e Not\u00edcias\",\"isPartOf\":{\"@id\":\"https:\/\/jornalfatosenoticias.com.br\/#website\"},\"primaryImageOfPage\":{\"@id\":\"https:\/\/jornalfatosenoticias.com.br\/index.php\/2024\/05\/06\/galinhas-tambem-se-emocionam-e-ficam-com-rosto-vermelho\/#primaryimage\"},\"image\":{\"@id\":\"https:\/\/jornalfatosenoticias.com.br\/index.php\/2024\/05\/06\/galinhas-tambem-se-emocionam-e-ficam-com-rosto-vermelho\/#primaryimage\"},\"thumbnailUrl\":\"https:\/\/jornalfatosenoticias.com.br\/wp-content\/uploads\/2024\/05\/galinhas-coradas-curiosidade_istock.jpg\",\"datePublished\":\"2024-05-06T14:43:52+00:00\",\"dateModified\":\"2024-05-06T14:43:53+00:00\",\"breadcrumb\":{\"@id\":\"https:\/\/jornalfatosenoticias.com.br\/index.php\/2024\/05\/06\/galinhas-tambem-se-emocionam-e-ficam-com-rosto-vermelho\/#breadcrumb\"},\"inLanguage\":\"pt-BR\",\"potentialAction\":[{\"@type\":\"ReadAction\",\"target\":[\"https:\/\/jornalfatosenoticias.com.br\/index.php\/2024\/05\/06\/galinhas-tambem-se-emocionam-e-ficam-com-rosto-vermelho\/\"]}]},{\"@type\":\"ImageObject\",\"inLanguage\":\"pt-BR\",\"@id\":\"https:\/\/jornalfatosenoticias.com.br\/index.php\/2024\/05\/06\/galinhas-tambem-se-emocionam-e-ficam-com-rosto-vermelho\/#primaryimage\",\"url\":\"https:\/\/jornalfatosenoticias.com.br\/wp-content\/uploads\/2024\/05\/galinhas-coradas-curiosidade_istock.jpg\",\"contentUrl\":\"https:\/\/jornalfatosenoticias.com.br\/wp-content\/uploads\/2024\/05\/galinhas-coradas-curiosidade_istock.jpg\",\"width\":612,\"height\":410,\"caption\":\"Two Barred Rock Chickens - close-up\"},{\"@type\":\"BreadcrumbList\",\"@id\":\"https:\/\/jornalfatosenoticias.com.br\/index.php\/2024\/05\/06\/galinhas-tambem-se-emocionam-e-ficam-com-rosto-vermelho\/#breadcrumb\",\"itemListElement\":[{\"@type\":\"ListItem\",\"position\":1,\"name\":\"In\u00edcio\",\"item\":\"https:\/\/jornalfatosenoticias.com.br\/\"},{\"@type\":\"ListItem\",\"position\":2,\"name\":\"Galinhas tamb\u00e9m se emocionam e ficam com rosto vermelho\"}]},{\"@type\":\"WebSite\",\"@id\":\"https:\/\/jornalfatosenoticias.com.br\/#website\",\"url\":\"https:\/\/jornalfatosenoticias.com.br\/\",\"name\":\"Jornal Fatos e Not\u00edcias\",\"description\":\"Not\u00edcias em geral\",\"publisher\":{\"@id\":\"https:\/\/jornalfatosenoticias.com.br\/#organization\"},\"potentialAction\":[{\"@type\":\"SearchAction\",\"target\":{\"@type\":\"EntryPoint\",\"urlTemplate\":\"https:\/\/jornalfatosenoticias.com.br\/?s={search_term_string}\"},\"query-input\":{\"@type\":\"PropertyValueSpecification\",\"valueRequired\":true,\"valueName\":\"search_term_string\"}}],\"inLanguage\":\"pt-BR\"},{\"@type\":\"Organization\",\"@id\":\"https:\/\/jornalfatosenoticias.com.br\/#organization\",\"name\":\"Jornal Fatos e Not\u00edcias\",\"url\":\"https:\/\/jornalfatosenoticias.com.br\/\",\"logo\":{\"@type\":\"ImageObject\",\"inLanguage\":\"pt-BR\",\"@id\":\"https:\/\/jornalfatosenoticias.com.br\/#\/schema\/logo\/image\/\",\"url\":\"https:\/\/jornalfatosenoticias.com.br\/wp-content\/uploads\/2020\/02\/logo120.png\",\"contentUrl\":\"https:\/\/jornalfatosenoticias.com.br\/wp-content\/uploads\/2020\/02\/logo120.png\",\"width\":1227,\"height\":120,\"caption\":\"Jornal Fatos e Not\u00edcias\"},\"image\":{\"@id\":\"https:\/\/jornalfatosenoticias.com.br\/#\/schema\/logo\/image\/\"}},{\"@type\":\"Person\",\"@id\":\"https:\/\/jornalfatosenoticias.com.br\/#\/schema\/person\/d63837fa13ac8666eb9e74e0985d6f81\",\"name\":\"Luzimara Fernandes\",\"image\":{\"@type\":\"ImageObject\",\"inLanguage\":\"pt-BR\",\"@id\":\"https:\/\/jornalfatosenoticias.com.br\/#\/schema\/person\/image\/\",\"url\":\"https:\/\/jornalfatosenoticias.com.br\/wp-content\/uploads\/2025\/05\/EU_portal.jpg\",\"contentUrl\":\"https:\/\/jornalfatosenoticias.com.br\/wp-content\/uploads\/2025\/05\/EU_portal.jpg\",\"caption\":\"Luzimara Fernandes\"},\"description\":\"Jornalista MTB 2358-ES\",\"sameAs\":[\"https:\/\/jornalfatosenoticias.com.br\"],\"url\":\"https:\/\/jornalfatosenoticias.com.br\/index.php\/author\/luzimara\/\"}]}<\/script>\n<!-- \/ Yoast SEO plugin. -->","yoast_head_json":{"title":"Galinhas tamb\u00e9m se emocionam e ficam com rosto vermelho - Jornal Fatos e Not\u00edcias","robots":{"index":"index","follow":"follow","max-snippet":"max-snippet:-1","max-image-preview":"max-image-preview:large","max-video-preview":"max-video-preview:-1"},"canonical":"https:\/\/jornalfatosenoticias.com.br\/index.php\/2024\/05\/06\/galinhas-tambem-se-emocionam-e-ficam-com-rosto-vermelho\/","og_locale":"pt_BR","og_type":"article","og_title":"Galinhas tamb\u00e9m se emocionam e ficam com rosto vermelho - Jornal Fatos e Not\u00edcias","og_description":"Novo estudo sugere que galinhas ficam com rosto vermelho quando t\u00eam certas emo\u00e7\u00f5es; o sinal tamb\u00e9m pode ser indicador do bem-estar da ave Por B\u00e1rbara Giovani Bochechas coradas n\u00e3o s\u00e3o exclusividade humana. De acordo com novo estudo publicado na revista Applied Animal Behaviour Science, as galinhas tamb\u00e9m ficam com rosto vermelho a depender de suas [&hellip;]","og_url":"https:\/\/jornalfatosenoticias.com.br\/index.php\/2024\/05\/06\/galinhas-tambem-se-emocionam-e-ficam-com-rosto-vermelho\/","og_site_name":"Jornal Fatos e Not\u00edcias","article_published_time":"2024-05-06T14:43:52+00:00","article_modified_time":"2024-05-06T14:43:53+00:00","og_image":[{"width":612,"height":410,"url":"https:\/\/jornalfatosenoticias.com.br\/wp-content\/uploads\/2024\/05\/galinhas-coradas-curiosidade_istock.jpg","type":"image\/jpeg"}],"author":"Luzimara Fernandes","twitter_card":"summary_large_image","twitter_misc":{"Escrito por":"Luzimara Fernandes","Est. tempo de leitura":"2 minutos"},"schema":{"@context":"https:\/\/schema.org","@graph":[{"@type":"Article","@id":"https:\/\/jornalfatosenoticias.com.br\/index.php\/2024\/05\/06\/galinhas-tambem-se-emocionam-e-ficam-com-rosto-vermelho\/#article","isPartOf":{"@id":"https:\/\/jornalfatosenoticias.com.br\/index.php\/2024\/05\/06\/galinhas-tambem-se-emocionam-e-ficam-com-rosto-vermelho\/"},"author":{"name":"Luzimara Fernandes","@id":"https:\/\/jornalfatosenoticias.com.br\/#\/schema\/person\/d63837fa13ac8666eb9e74e0985d6f81"},"headline":"Galinhas tamb\u00e9m se emocionam e ficam com rosto vermelho","datePublished":"2024-05-06T14:43:52+00:00","dateModified":"2024-05-06T14:43:53+00:00","mainEntityOfPage":{"@id":"https:\/\/jornalfatosenoticias.com.br\/index.php\/2024\/05\/06\/galinhas-tambem-se-emocionam-e-ficam-com-rosto-vermelho\/"},"wordCount":413,"commentCount":0,"publisher":{"@id":"https:\/\/jornalfatosenoticias.com.br\/#organization"},"image":{"@id":"https:\/\/jornalfatosenoticias.com.br\/index.php\/2024\/05\/06\/galinhas-tambem-se-emocionam-e-ficam-com-rosto-vermelho\/#primaryimage"},"thumbnailUrl":"https:\/\/jornalfatosenoticias.com.br\/wp-content\/uploads\/2024\/05\/galinhas-coradas-curiosidade_istock.jpg","keywords":["comportamento animal","curiosidade","emo\u00e7\u00f5es","galinhas"],"articleSection":["Geral"],"inLanguage":"pt-BR","potentialAction":[{"@type":"CommentAction","name":"Comment","target":["https:\/\/jornalfatosenoticias.com.br\/index.php\/2024\/05\/06\/galinhas-tambem-se-emocionam-e-ficam-com-rosto-vermelho\/#respond"]}]},{"@type":"WebPage","@id":"https:\/\/jornalfatosenoticias.com.br\/index.php\/2024\/05\/06\/galinhas-tambem-se-emocionam-e-ficam-com-rosto-vermelho\/","url":"https:\/\/jornalfatosenoticias.com.br\/index.php\/2024\/05\/06\/galinhas-tambem-se-emocionam-e-ficam-com-rosto-vermelho\/","name":"Galinhas tamb\u00e9m se emocionam e ficam com rosto vermelho - Jornal Fatos e Not\u00edcias","isPartOf":{"@id":"https:\/\/jornalfatosenoticias.com.br\/#website"},"primaryImageOfPage":{"@id":"https:\/\/jornalfatosenoticias.com.br\/index.php\/2024\/05\/06\/galinhas-tambem-se-emocionam-e-ficam-com-rosto-vermelho\/#primaryimage"},"image":{"@id":"https:\/\/jornalfatosenoticias.com.br\/index.php\/2024\/05\/06\/galinhas-tambem-se-emocionam-e-ficam-com-rosto-vermelho\/#primaryimage"},"thumbnailUrl":"https:\/\/jornalfatosenoticias.com.br\/wp-content\/uploads\/2024\/05\/galinhas-coradas-curiosidade_istock.jpg","datePublished":"2024-05-06T14:43:52+00:00","dateModified":"2024-05-06T14:43:53+00:00","breadcrumb":{"@id":"https:\/\/jornalfatosenoticias.com.br\/index.php\/2024\/05\/06\/galinhas-tambem-se-emocionam-e-ficam-com-rosto-vermelho\/#breadcrumb"},"inLanguage":"pt-BR","potentialAction":[{"@type":"ReadAction","target":["https:\/\/jornalfatosenoticias.com.br\/index.php\/2024\/05\/06\/galinhas-tambem-se-emocionam-e-ficam-com-rosto-vermelho\/"]}]},{"@type":"ImageObject","inLanguage":"pt-BR","@id":"https:\/\/jornalfatosenoticias.com.br\/index.php\/2024\/05\/06\/galinhas-tambem-se-emocionam-e-ficam-com-rosto-vermelho\/#primaryimage","url":"https:\/\/jornalfatosenoticias.com.br\/wp-content\/uploads\/2024\/05\/galinhas-coradas-curiosidade_istock.jpg","contentUrl":"https:\/\/jornalfatosenoticias.com.br\/wp-content\/uploads\/2024\/05\/galinhas-coradas-curiosidade_istock.jpg","width":612,"height":410,"caption":"Two Barred Rock Chickens - close-up"},{"@type":"BreadcrumbList","@id":"https:\/\/jornalfatosenoticias.com.br\/index.php\/2024\/05\/06\/galinhas-tambem-se-emocionam-e-ficam-com-rosto-vermelho\/#breadcrumb","itemListElement":[{"@type":"ListItem","position":1,"name":"In\u00edcio","item":"https:\/\/jornalfatosenoticias.com.br\/"},{"@type":"ListItem","position":2,"name":"Galinhas tamb\u00e9m se emocionam e ficam com rosto vermelho"}]},{"@type":"WebSite","@id":"https:\/\/jornalfatosenoticias.com.br\/#website","url":"https:\/\/jornalfatosenoticias.com.br\/","name":"Jornal Fatos e Not\u00edcias","description":"Not\u00edcias em geral","publisher":{"@id":"https:\/\/jornalfatosenoticias.com.br\/#organization"},"potentialAction":[{"@type":"SearchAction","target":{"@type":"EntryPoint","urlTemplate":"https:\/\/jornalfatosenoticias.com.br\/?s={search_term_string}"},"query-input":{"@type":"PropertyValueSpecification","valueRequired":true,"valueName":"search_term_string"}}],"inLanguage":"pt-BR"},{"@type":"Organization","@id":"https:\/\/jornalfatosenoticias.com.br\/#organization","name":"Jornal Fatos e Not\u00edcias","url":"https:\/\/jornalfatosenoticias.com.br\/","logo":{"@type":"ImageObject","inLanguage":"pt-BR","@id":"https:\/\/jornalfatosenoticias.com.br\/#\/schema\/logo\/image\/","url":"https:\/\/jornalfatosenoticias.com.br\/wp-content\/uploads\/2020\/02\/logo120.png","contentUrl":"https:\/\/jornalfatosenoticias.com.br\/wp-content\/uploads\/2020\/02\/logo120.png","width":1227,"height":120,"caption":"Jornal Fatos e Not\u00edcias"},"image":{"@id":"https:\/\/jornalfatosenoticias.com.br\/#\/schema\/logo\/image\/"}},{"@type":"Person","@id":"https:\/\/jornalfatosenoticias.com.br\/#\/schema\/person\/d63837fa13ac8666eb9e74e0985d6f81","name":"Luzimara Fernandes","image":{"@type":"ImageObject","inLanguage":"pt-BR","@id":"https:\/\/jornalfatosenoticias.com.br\/#\/schema\/person\/image\/","url":"https:\/\/jornalfatosenoticias.com.br\/wp-content\/uploads\/2025\/05\/EU_portal.jpg","contentUrl":"https:\/\/jornalfatosenoticias.com.br\/wp-content\/uploads\/2025\/05\/EU_portal.jpg","caption":"Luzimara Fernandes"},"description":"Jornalista MTB 2358-ES","sameAs":["https:\/\/jornalfatosenoticias.com.br"],"url":"https:\/\/jornalfatosenoticias.com.br\/index.php\/author\/luzimara\/"}]}},"cc_featured_image_caption":{"caption_text":"(Foto: iStock) ","source_text":"","source_url":""},"jetpack_featured_media_url":"https:\/\/jornalfatosenoticias.com.br\/wp-content\/uploads\/2024\/05\/galinhas-coradas-curiosidade_istock.jpg","_links":{"self":[{"href":"https:\/\/jornalfatosenoticias.com.br\/index.php\/wp-json\/wp\/v2\/posts\/50995","targetHints":{"allow":["GET"]}}],"collection":[{"href":"https:\/\/jornalfatosenoticias.com.br\/index.php\/wp-json\/wp\/v2\/posts"}],"about":[{"href":"https:\/\/jornalfatosenoticias.com.br\/index.php\/wp-json\/wp\/v2\/types\/post"}],"author":[{"embeddable":true,"href":"https:\/\/jornalfatosenoticias.com.br\/index.php\/wp-json\/wp\/v2\/users\/2"}],"replies":[{"embeddable":true,"href":"https:\/\/jornalfatosenoticias.com.br\/index.php\/wp-json\/wp\/v2\/comments?post=50995"}],"version-history":[{"count":0,"href":"https:\/\/jornalfatosenoticias.com.br\/index.php\/wp-json\/wp\/v2\/posts\/50995\/revisions"}],"wp:featuredmedia":[{"embeddable":true,"href":"https:\/\/jornalfatosenoticias.com.br\/index.php\/wp-json\/wp\/v2\/media\/50996"}],"wp:attachment":[{"href":"https:\/\/jornalfatosenoticias.com.br\/index.php\/wp-json\/wp\/v2\/media?parent=50995"}],"wp:term":[{"taxonomy":"category","embeddable":true,"href":"https:\/\/jornalfatosenoticias.com.br\/index.php\/wp-json\/wp\/v2\/categories?post=50995"},{"taxonomy":"post_tag","embeddable":true,"href":"https:\/\/jornalfatosenoticias.com.br\/index.php\/wp-json\/wp\/v2\/tags?post=50995"}],"curies":[{"name":"wp","href":"https:\/\/api.w.org\/{rel}","templated":true}]}}