{"id":51001,"date":"2024-05-06T11:58:14","date_gmt":"2024-05-06T14:58:14","guid":{"rendered":"https:\/\/jornalfatosenoticias.com.br\/?p=51001"},"modified":"2024-05-06T11:58:16","modified_gmt":"2024-05-06T14:58:16","slug":"obras-perdidas-dos-irmaos-grimm-sao-descobertas-na-polonia","status":"publish","type":"post","link":"https:\/\/jornalfatosenoticias.com.br\/index.php\/2024\/05\/06\/obras-perdidas-dos-irmaos-grimm-sao-descobertas-na-polonia\/","title":{"rendered":"Obras perdidas dos Irm\u00e3os Grimm s\u00e3o descobertas na Pol\u00f4nia"},"content":{"rendered":"\n<p><em><span class=\"has-inline-color has-black-color\">At\u00e9 recentemente, pensava-se que muitas obras dos lend\u00e1rios Irm\u00e3os Grimm teriam se perdido ap\u00f3s a Segunda Guerra Mundial<\/span><\/em><\/p>\n\n\n\n<p><span class=\"has-inline-color has-black-color\">Por <strong><a href=\"https:\/\/aventurasnahistoria.uol.com.br\/autor\/eric-moreira\/\">\u00c9ric Moreira<\/a><\/strong><\/span><\/p>\n\n\n\n<div class=\"wp-block-image\"><figure class=\"aligncenter size-large\"><img loading=\"lazy\" decoding=\"async\" width=\"729\" height=\"90\" src=\"https:\/\/jornalfatosenoticias.com.br\/wp-content\/uploads\/2020\/02\/Logo_Mizu.png\" alt=\"\" class=\"wp-image-1441\" srcset=\"https:\/\/jornalfatosenoticias.com.br\/wp-content\/uploads\/2020\/02\/Logo_Mizu.png 729w, https:\/\/jornalfatosenoticias.com.br\/wp-content\/uploads\/2020\/02\/Logo_Mizu-300x37.png 300w\" sizes=\"auto, (max-width: 729px) 100vw, 729px\" \/><\/figure><\/div>\n\n\n\n<p>Hoje, s\u00e3o eternizadas em nossa mem\u00f3ria hist\u00f3rias infantis como &#8216;Jo\u00e3o e Maria&#8217;, &#8216;O Pr\u00edncipe Sapo&#8217;, &#8216;Chapeuzinho Vermelho&#8217;, &#8216;Rapunzel&#8217;, &#8216;Bela Adormecida&#8217;, &#8216;Cinderela&#8217; e &#8216;<a href=\"https:\/\/aventurasnahistoria.uol.com.br\/noticias\/almanaque\/branca-de-neve-veja-diferencas-entre-a-animacao-e-a-versao-dos-irmaos-grimm.phtml\">Branca de Neve<\/a>&#8216;, muito gra\u00e7as \u00e0s emblem\u00e1ticas anima\u00e7\u00f5es da Disney, desde a primeira metade do s\u00e9culo passado. Por\u00e9m, a quem realmente devemos a autoria dessas hist\u00f3rias, s\u00e3o os irm\u00e3os alem\u00e3es <strong>Jacob<\/strong> e <strong>Wilhelm Grimm.<\/strong><br>Mesmo que suas hist\u00f3rias fossem t\u00e3o consagradas, um evento hist\u00f3rico levou todo mundo a acreditar que muitas de suas obras tinham se perdido para sempre: a <a href=\"https:\/\/aventurasnahistoria.uol.com.br\/tags\/segunda-guerra-mundial\">Segunda Guerra Mundial<\/a>, que destruiu v\u00e1rios museus e bibliotecas por v\u00e1rias \u00e1reas da Europa. Por\u00e9m, recentemente v\u00e1rios volumes originais dos\u00a0<mark>Irm\u00e3os Grimm<\/mark> foram descobertos na cole\u00e7\u00e3o da Biblioteca da Universidade Adam Mickiewicz, localizada em Poznan, Pol\u00f4nia.<\/p>\n\n\n\n<div class=\"wp-block-image\"><figure class=\"aligncenter size-large is-resized\"><img loading=\"lazy\" decoding=\"async\" src=\"https:\/\/jornalfatosenoticias.com.br\/wp-content\/uploads\/2023\/08\/BKR-1024x1021.jpg\" alt=\"\" class=\"wp-image-44494\" width=\"305\" height=\"304\" srcset=\"https:\/\/jornalfatosenoticias.com.br\/wp-content\/uploads\/2023\/08\/BKR-1024x1021.jpg 1024w, https:\/\/jornalfatosenoticias.com.br\/wp-content\/uploads\/2023\/08\/BKR-300x300.jpg 300w, https:\/\/jornalfatosenoticias.com.br\/wp-content\/uploads\/2023\/08\/BKR-150x150.jpg 150w, https:\/\/jornalfatosenoticias.com.br\/wp-content\/uploads\/2023\/08\/BKR-768x766.jpg 768w, https:\/\/jornalfatosenoticias.com.br\/wp-content\/uploads\/2023\/08\/BKR.jpg 1080w\" sizes=\"auto, (max-width: 305px) 100vw, 305px\" \/><\/figure><\/div>\n\n\n\n<p>Conforme repercutido pela Heritage Daily, de fato, muitas obras dos Grimm foram <mark>perdidas com a guerra<\/mark>, o que torna surpreendente o achado recente de 27 volumes originais da obra. Especula-se que os livros chegaram ao local no per\u00edodo logo ap\u00f3s o in\u00edcio da guerra, com o movimento das cole\u00e7\u00f5es da biblioteca.<\/p>\n\n\n\n<div class=\"wp-block-image\"><figure class=\"aligncenter size-large\"><img loading=\"lazy\" decoding=\"async\" width=\"1000\" height=\"562\" src=\"https:\/\/jornalfatosenoticias.com.br\/wp-content\/uploads\/2024\/05\/Obra-Irmaos-Grimm.jpg\" alt=\"\" class=\"wp-image-51003\" srcset=\"https:\/\/jornalfatosenoticias.com.br\/wp-content\/uploads\/2024\/05\/Obra-Irmaos-Grimm.jpg 1000w, https:\/\/jornalfatosenoticias.com.br\/wp-content\/uploads\/2024\/05\/Obra-Irmaos-Grimm-300x169.jpg 300w, https:\/\/jornalfatosenoticias.com.br\/wp-content\/uploads\/2024\/05\/Obra-Irmaos-Grimm-768x432.jpg 768w\" sizes=\"auto, (max-width: 1000px) 100vw, 1000px\" \/><figcaption><em><span class=\"has-inline-color has-black-color\"> Obra dos Irm\u00e3os Grimm recuperada recentemente na Pol\u00f4nia(Foto: Divulga\u00e7\u00e3o\/Biblioteca da Universidade Adam Mickiewicz)<\/span><\/em><\/figcaption><\/figure><\/div>\n\n\n\n<p>Estas obras consistem basicamente em gravuras e edi\u00e7\u00f5es valiosas sobre os Irm\u00e3os Grimm, servindo como fontes valiosas para <mark>compreender os m\u00e9todos de pesquisa utilizados pela dupla<\/mark>. Isso sem mencionar que os irm\u00e3os fornecem com meticulosidade o material fonte nas v\u00e1rias notas de rodap\u00e9 e \u00edndices das publica\u00e7\u00f5es, incluindo o material fonte escrito e sublinhados em anota\u00e7\u00f5es manuscritas.<\/p>\n\n\n\n<div class=\"wp-block-image\"><figure class=\"aligncenter size-large\"><img decoding=\"async\" src=\"https:\/\/jornalfatosenoticias.com.br\/wp-content\/uploads\/2020\/02\/logo_esteio.jpg\" alt=\"\" class=\"wp-image-1214\"\/><\/figure><\/div>\n\n\n\n<blockquote class=\"wp-block-quote is-layout-flow wp-block-quote-is-layout-flow\"><p><span class=\"has-inline-color has-luminous-vivid-orange-color\">H\u00e1 muito se pensava que os volumes encontrados na Biblioteca da Universidade haviam sido perdidos durante a Segunda Guerra Mundial. T\u00eam um valor significativo na sua contribui\u00e7\u00e3o para o desenvolvimento da <mark>investiga\u00e7\u00e3o moderna sobre a produ\u00e7\u00e3o liter\u00e1ria e cient\u00edfica dos Irm\u00e3os<\/mark>&#8220;, afirmam os pesquisadores respons\u00e1veis pela descoberta em\u00a0<a href=\"https:\/\/naukawpolsce.pl\/aktualnosci\/news,101748,odnalezione-w-poznaniu-ksiazki-z-biblioteki-braci-grimm-daja-wglad-w-ich\">comunicado do Minist\u00e9rio da Ci\u00eancia e Ensino Superior da Pol\u00f4nia<\/a>.<\/span><\/p><\/blockquote>\n\n\n\n<div class=\"wp-block-image\"><figure class=\"aligncenter size-large is-resized\"><img loading=\"lazy\" decoding=\"async\" src=\"https:\/\/jornalfatosenoticias.com.br\/wp-content\/uploads\/2023\/03\/nova-logo-Marquetti.jpg\" alt=\"\" class=\"wp-image-40207\" width=\"329\" height=\"221\" srcset=\"https:\/\/jornalfatosenoticias.com.br\/wp-content\/uploads\/2023\/03\/nova-logo-Marquetti.jpg 643w, https:\/\/jornalfatosenoticias.com.br\/wp-content\/uploads\/2023\/03\/nova-logo-Marquetti-300x202.jpg 300w\" sizes=\"auto, (max-width: 329px) 100vw, 329px\" \/><\/figure><\/div>\n\n\n\n<p>&#8220;O pr\u00f3prio fato de terem sido encontrados permite-nos acreditar que as cole\u00e7\u00f5es de livros da Biblioteca [da Universidade Adam Mickiewicz] podem conter outros volumes que pertenciam \u00e0 cole\u00e7\u00e3o privada de livros de <strong>Jacob<\/strong> e <strong>Wilhelm Grimm<\/strong>&#8220;, acrescentam.<\/p>\n\n\n\n<div class=\"wp-block-image\"><figure class=\"aligncenter size-large is-resized\"><img loading=\"lazy\" decoding=\"async\" src=\"https:\/\/jornalfatosenoticias.com.br\/wp-content\/uploads\/2022\/02\/Precisao-Contabilidade-1024x724.jpg\" alt=\"\" class=\"wp-image-28088\" width=\"341\" height=\"241\"\/><\/figure><\/div>\n\n\n\n<p><strong><span class=\"has-inline-color has-black-color\">Legado dos Grimm<br><\/span><\/strong>Mais conhecidos como &#8216;<a href=\"https:\/\/aventurasnahistoria.uol.com.br\/noticias\/almanaque\/5-obras-menos-famosas-dos-irmaos-grimm.phtml\">Irm\u00e3os Grimm<\/a>&#8216;, a dupla ficou bastante popular por contar uma s\u00e9rie de lendas, novelas e hist\u00f3rias folcl\u00f3ricas da Europa, a princ\u00edpio sequer destinadas ao p\u00fablico infantil (de forma que, na maioria dos casos, os finais podem ser at\u00e9 mesmo perturbadores).<\/p>\n\n\n\n<div class=\"wp-block-image\"><figure class=\"aligncenter size-large is-resized\"><img loading=\"lazy\" decoding=\"async\" src=\"https:\/\/jornalfatosenoticias.com.br\/wp-content\/uploads\/2024\/01\/consultoria-ambiental.jpg\" alt=\"\" class=\"wp-image-48314\" width=\"294\" height=\"266\" srcset=\"https:\/\/jornalfatosenoticias.com.br\/wp-content\/uploads\/2024\/01\/consultoria-ambiental.jpg 832w, https:\/\/jornalfatosenoticias.com.br\/wp-content\/uploads\/2024\/01\/consultoria-ambiental-300x272.jpg 300w, https:\/\/jornalfatosenoticias.com.br\/wp-content\/uploads\/2024\/01\/consultoria-ambiental-768x696.jpg 768w\" sizes=\"auto, (max-width: 294px) 100vw, 294px\" \/><\/figure><\/div>\n\n\n\n<p><strong><em>Fonte: <a href=\"https:\/\/aventurasnahistoria.uol.com.br\/noticias\/historia-hoje\/obras-perdidas-dos-irmaos-grimm-sao-descobertas-na-polonia.phtml\">Aventuras na Hist\u00f3ria<\/a><\/em><\/strong><\/p>\n","protected":false},"excerpt":{"rendered":"<p>At\u00e9 recentemente, pensava-se que muitas obras dos lend\u00e1rios Irm\u00e3os Grimm teriam se perdido ap\u00f3s a Segunda Guerra Mundial Por \u00c9ric Moreira Hoje, s\u00e3o eternizadas em nossa mem\u00f3ria hist\u00f3rias infantis como &#8216;Jo\u00e3o e Maria&#8217;, &#8216;O Pr\u00edncipe Sapo&#8217;, &#8216;Chapeuzinho Vermelho&#8217;, &#8216;Rapunzel&#8217;, &#8216;Bela Adormecida&#8217;, &#8216;Cinderela&#8217; e &#8216;Branca de Neve&#8216;, muito gra\u00e7as \u00e0s emblem\u00e1ticas anima\u00e7\u00f5es da Disney, desde a [&hellip;]<\/p>\n","protected":false},"author":2,"featured_media":51002,"comment_status":"open","ping_status":"open","sticky":false,"template":"","format":"standard","meta":{"footnotes":""},"categories":[4],"tags":[4012,15363,1666,249,914,322,23407,415],"class_list":["post-51001","post","type-post","status-publish","format-standard","has-post-thumbnail","hentry","category-cultura","tag-biblioteca","tag-contos-de-fadas","tag-descoberta","tag-historia","tag-literatura","tag-mundo","tag-obras-irmaos-grimm","tag-polonia"],"yoast_head":"<!-- This site is optimized with the Yoast SEO plugin v26.5 - https:\/\/yoast.com\/wordpress\/plugins\/seo\/ -->\n<title>Obras perdidas dos Irm\u00e3os Grimm s\u00e3o descobertas na Pol\u00f4nia - Jornal Fatos e Not\u00edcias<\/title>\n<meta name=\"robots\" content=\"index, follow, max-snippet:-1, max-image-preview:large, max-video-preview:-1\" \/>\n<link rel=\"canonical\" href=\"https:\/\/jornalfatosenoticias.com.br\/index.php\/2024\/05\/06\/obras-perdidas-dos-irmaos-grimm-sao-descobertas-na-polonia\/\" \/>\n<meta property=\"og:locale\" content=\"pt_BR\" \/>\n<meta property=\"og:type\" content=\"article\" \/>\n<meta property=\"og:title\" content=\"Obras perdidas dos Irm\u00e3os Grimm s\u00e3o descobertas na Pol\u00f4nia - Jornal Fatos e Not\u00edcias\" \/>\n<meta property=\"og:description\" content=\"At\u00e9 recentemente, pensava-se que muitas obras dos lend\u00e1rios Irm\u00e3os Grimm teriam se perdido ap\u00f3s a Segunda Guerra Mundial Por \u00c9ric Moreira Hoje, s\u00e3o eternizadas em nossa mem\u00f3ria hist\u00f3rias infantis como &#8216;Jo\u00e3o e Maria&#8217;, &#8216;O Pr\u00edncipe Sapo&#8217;, &#8216;Chapeuzinho Vermelho&#8217;, &#8216;Rapunzel&#8217;, &#8216;Bela Adormecida&#8217;, &#8216;Cinderela&#8217; e &#8216;Branca de Neve&#8216;, muito gra\u00e7as \u00e0s emblem\u00e1ticas anima\u00e7\u00f5es da Disney, desde a [&hellip;]\" \/>\n<meta property=\"og:url\" content=\"https:\/\/jornalfatosenoticias.com.br\/index.php\/2024\/05\/06\/obras-perdidas-dos-irmaos-grimm-sao-descobertas-na-polonia\/\" \/>\n<meta property=\"og:site_name\" content=\"Jornal Fatos e Not\u00edcias\" \/>\n<meta property=\"article:published_time\" content=\"2024-05-06T14:58:14+00:00\" \/>\n<meta property=\"article:modified_time\" content=\"2024-05-06T14:58:16+00:00\" \/>\n<meta property=\"og:image\" content=\"https:\/\/jornalfatosenoticias.com.br\/wp-content\/uploads\/2024\/05\/Obra-Irmaos-Grimm_gettyimages.jpg\" \/>\n\t<meta property=\"og:image:width\" content=\"612\" \/>\n\t<meta property=\"og:image:height\" content=\"408\" \/>\n\t<meta property=\"og:image:type\" content=\"image\/jpeg\" \/>\n<meta name=\"author\" content=\"Luzimara Fernandes\" \/>\n<meta name=\"twitter:card\" content=\"summary_large_image\" \/>\n<meta name=\"twitter:label1\" content=\"Escrito por\" \/>\n\t<meta name=\"twitter:data1\" content=\"Luzimara Fernandes\" \/>\n\t<meta name=\"twitter:label2\" content=\"Est. tempo de leitura\" \/>\n\t<meta name=\"twitter:data2\" content=\"2 minutos\" \/>\n<script type=\"application\/ld+json\" class=\"yoast-schema-graph\">{\"@context\":\"https:\/\/schema.org\",\"@graph\":[{\"@type\":\"Article\",\"@id\":\"https:\/\/jornalfatosenoticias.com.br\/index.php\/2024\/05\/06\/obras-perdidas-dos-irmaos-grimm-sao-descobertas-na-polonia\/#article\",\"isPartOf\":{\"@id\":\"https:\/\/jornalfatosenoticias.com.br\/index.php\/2024\/05\/06\/obras-perdidas-dos-irmaos-grimm-sao-descobertas-na-polonia\/\"},\"author\":{\"name\":\"Luzimara Fernandes\",\"@id\":\"https:\/\/jornalfatosenoticias.com.br\/#\/schema\/person\/d63837fa13ac8666eb9e74e0985d6f81\"},\"headline\":\"Obras perdidas dos Irm\u00e3os Grimm s\u00e3o descobertas na Pol\u00f4nia\",\"datePublished\":\"2024-05-06T14:58:14+00:00\",\"dateModified\":\"2024-05-06T14:58:16+00:00\",\"mainEntityOfPage\":{\"@id\":\"https:\/\/jornalfatosenoticias.com.br\/index.php\/2024\/05\/06\/obras-perdidas-dos-irmaos-grimm-sao-descobertas-na-polonia\/\"},\"wordCount\":479,\"commentCount\":0,\"publisher\":{\"@id\":\"https:\/\/jornalfatosenoticias.com.br\/#organization\"},\"image\":{\"@id\":\"https:\/\/jornalfatosenoticias.com.br\/index.php\/2024\/05\/06\/obras-perdidas-dos-irmaos-grimm-sao-descobertas-na-polonia\/#primaryimage\"},\"thumbnailUrl\":\"https:\/\/jornalfatosenoticias.com.br\/wp-content\/uploads\/2024\/05\/Obra-Irmaos-Grimm_gettyimages.jpg\",\"keywords\":[\"biblioteca\",\"contos de fadas\",\"descoberta\",\"hist\u00f3ria\",\"literatura\",\"mundo\",\"obras Irm\u00e3os Grimm\",\"Pol\u00f4nia\"],\"articleSection\":[\"Cultura\"],\"inLanguage\":\"pt-BR\",\"potentialAction\":[{\"@type\":\"CommentAction\",\"name\":\"Comment\",\"target\":[\"https:\/\/jornalfatosenoticias.com.br\/index.php\/2024\/05\/06\/obras-perdidas-dos-irmaos-grimm-sao-descobertas-na-polonia\/#respond\"]}]},{\"@type\":\"WebPage\",\"@id\":\"https:\/\/jornalfatosenoticias.com.br\/index.php\/2024\/05\/06\/obras-perdidas-dos-irmaos-grimm-sao-descobertas-na-polonia\/\",\"url\":\"https:\/\/jornalfatosenoticias.com.br\/index.php\/2024\/05\/06\/obras-perdidas-dos-irmaos-grimm-sao-descobertas-na-polonia\/\",\"name\":\"Obras perdidas dos Irm\u00e3os Grimm s\u00e3o descobertas na Pol\u00f4nia - Jornal Fatos e Not\u00edcias\",\"isPartOf\":{\"@id\":\"https:\/\/jornalfatosenoticias.com.br\/#website\"},\"primaryImageOfPage\":{\"@id\":\"https:\/\/jornalfatosenoticias.com.br\/index.php\/2024\/05\/06\/obras-perdidas-dos-irmaos-grimm-sao-descobertas-na-polonia\/#primaryimage\"},\"image\":{\"@id\":\"https:\/\/jornalfatosenoticias.com.br\/index.php\/2024\/05\/06\/obras-perdidas-dos-irmaos-grimm-sao-descobertas-na-polonia\/#primaryimage\"},\"thumbnailUrl\":\"https:\/\/jornalfatosenoticias.com.br\/wp-content\/uploads\/2024\/05\/Obra-Irmaos-Grimm_gettyimages.jpg\",\"datePublished\":\"2024-05-06T14:58:14+00:00\",\"dateModified\":\"2024-05-06T14:58:16+00:00\",\"breadcrumb\":{\"@id\":\"https:\/\/jornalfatosenoticias.com.br\/index.php\/2024\/05\/06\/obras-perdidas-dos-irmaos-grimm-sao-descobertas-na-polonia\/#breadcrumb\"},\"inLanguage\":\"pt-BR\",\"potentialAction\":[{\"@type\":\"ReadAction\",\"target\":[\"https:\/\/jornalfatosenoticias.com.br\/index.php\/2024\/05\/06\/obras-perdidas-dos-irmaos-grimm-sao-descobertas-na-polonia\/\"]}]},{\"@type\":\"ImageObject\",\"inLanguage\":\"pt-BR\",\"@id\":\"https:\/\/jornalfatosenoticias.com.br\/index.php\/2024\/05\/06\/obras-perdidas-dos-irmaos-grimm-sao-descobertas-na-polonia\/#primaryimage\",\"url\":\"https:\/\/jornalfatosenoticias.com.br\/wp-content\/uploads\/2024\/05\/Obra-Irmaos-Grimm_gettyimages.jpg\",\"contentUrl\":\"https:\/\/jornalfatosenoticias.com.br\/wp-content\/uploads\/2024\/05\/Obra-Irmaos-Grimm_gettyimages.jpg\",\"width\":612,\"height\":408},{\"@type\":\"BreadcrumbList\",\"@id\":\"https:\/\/jornalfatosenoticias.com.br\/index.php\/2024\/05\/06\/obras-perdidas-dos-irmaos-grimm-sao-descobertas-na-polonia\/#breadcrumb\",\"itemListElement\":[{\"@type\":\"ListItem\",\"position\":1,\"name\":\"In\u00edcio\",\"item\":\"https:\/\/jornalfatosenoticias.com.br\/\"},{\"@type\":\"ListItem\",\"position\":2,\"name\":\"Obras perdidas dos Irm\u00e3os Grimm s\u00e3o descobertas na Pol\u00f4nia\"}]},{\"@type\":\"WebSite\",\"@id\":\"https:\/\/jornalfatosenoticias.com.br\/#website\",\"url\":\"https:\/\/jornalfatosenoticias.com.br\/\",\"name\":\"Jornal Fatos e Not\u00edcias\",\"description\":\"Not\u00edcias em geral\",\"publisher\":{\"@id\":\"https:\/\/jornalfatosenoticias.com.br\/#organization\"},\"potentialAction\":[{\"@type\":\"SearchAction\",\"target\":{\"@type\":\"EntryPoint\",\"urlTemplate\":\"https:\/\/jornalfatosenoticias.com.br\/?s={search_term_string}\"},\"query-input\":{\"@type\":\"PropertyValueSpecification\",\"valueRequired\":true,\"valueName\":\"search_term_string\"}}],\"inLanguage\":\"pt-BR\"},{\"@type\":\"Organization\",\"@id\":\"https:\/\/jornalfatosenoticias.com.br\/#organization\",\"name\":\"Jornal Fatos e Not\u00edcias\",\"url\":\"https:\/\/jornalfatosenoticias.com.br\/\",\"logo\":{\"@type\":\"ImageObject\",\"inLanguage\":\"pt-BR\",\"@id\":\"https:\/\/jornalfatosenoticias.com.br\/#\/schema\/logo\/image\/\",\"url\":\"https:\/\/jornalfatosenoticias.com.br\/wp-content\/uploads\/2020\/02\/logo120.png\",\"contentUrl\":\"https:\/\/jornalfatosenoticias.com.br\/wp-content\/uploads\/2020\/02\/logo120.png\",\"width\":1227,\"height\":120,\"caption\":\"Jornal Fatos e Not\u00edcias\"},\"image\":{\"@id\":\"https:\/\/jornalfatosenoticias.com.br\/#\/schema\/logo\/image\/\"}},{\"@type\":\"Person\",\"@id\":\"https:\/\/jornalfatosenoticias.com.br\/#\/schema\/person\/d63837fa13ac8666eb9e74e0985d6f81\",\"name\":\"Luzimara Fernandes\",\"image\":{\"@type\":\"ImageObject\",\"inLanguage\":\"pt-BR\",\"@id\":\"https:\/\/jornalfatosenoticias.com.br\/#\/schema\/person\/image\/\",\"url\":\"https:\/\/jornalfatosenoticias.com.br\/wp-content\/uploads\/2025\/05\/EU_portal.jpg\",\"contentUrl\":\"https:\/\/jornalfatosenoticias.com.br\/wp-content\/uploads\/2025\/05\/EU_portal.jpg\",\"caption\":\"Luzimara Fernandes\"},\"description\":\"Jornalista MTB 2358-ES\",\"sameAs\":[\"https:\/\/jornalfatosenoticias.com.br\"],\"url\":\"https:\/\/jornalfatosenoticias.com.br\/index.php\/author\/luzimara\/\"}]}<\/script>\n<!-- \/ Yoast SEO plugin. -->","yoast_head_json":{"title":"Obras perdidas dos Irm\u00e3os Grimm s\u00e3o descobertas na Pol\u00f4nia - Jornal Fatos e Not\u00edcias","robots":{"index":"index","follow":"follow","max-snippet":"max-snippet:-1","max-image-preview":"max-image-preview:large","max-video-preview":"max-video-preview:-1"},"canonical":"https:\/\/jornalfatosenoticias.com.br\/index.php\/2024\/05\/06\/obras-perdidas-dos-irmaos-grimm-sao-descobertas-na-polonia\/","og_locale":"pt_BR","og_type":"article","og_title":"Obras perdidas dos Irm\u00e3os Grimm s\u00e3o descobertas na Pol\u00f4nia - Jornal Fatos e Not\u00edcias","og_description":"At\u00e9 recentemente, pensava-se que muitas obras dos lend\u00e1rios Irm\u00e3os Grimm teriam se perdido ap\u00f3s a Segunda Guerra Mundial Por \u00c9ric Moreira Hoje, s\u00e3o eternizadas em nossa mem\u00f3ria hist\u00f3rias infantis como &#8216;Jo\u00e3o e Maria&#8217;, &#8216;O Pr\u00edncipe Sapo&#8217;, &#8216;Chapeuzinho Vermelho&#8217;, &#8216;Rapunzel&#8217;, &#8216;Bela Adormecida&#8217;, &#8216;Cinderela&#8217; e &#8216;Branca de Neve&#8216;, muito gra\u00e7as \u00e0s emblem\u00e1ticas anima\u00e7\u00f5es da Disney, desde a [&hellip;]","og_url":"https:\/\/jornalfatosenoticias.com.br\/index.php\/2024\/05\/06\/obras-perdidas-dos-irmaos-grimm-sao-descobertas-na-polonia\/","og_site_name":"Jornal Fatos e Not\u00edcias","article_published_time":"2024-05-06T14:58:14+00:00","article_modified_time":"2024-05-06T14:58:16+00:00","og_image":[{"width":612,"height":408,"url":"https:\/\/jornalfatosenoticias.com.br\/wp-content\/uploads\/2024\/05\/Obra-Irmaos-Grimm_gettyimages.jpg","type":"image\/jpeg"}],"author":"Luzimara Fernandes","twitter_card":"summary_large_image","twitter_misc":{"Escrito por":"Luzimara Fernandes","Est. tempo de leitura":"2 minutos"},"schema":{"@context":"https:\/\/schema.org","@graph":[{"@type":"Article","@id":"https:\/\/jornalfatosenoticias.com.br\/index.php\/2024\/05\/06\/obras-perdidas-dos-irmaos-grimm-sao-descobertas-na-polonia\/#article","isPartOf":{"@id":"https:\/\/jornalfatosenoticias.com.br\/index.php\/2024\/05\/06\/obras-perdidas-dos-irmaos-grimm-sao-descobertas-na-polonia\/"},"author":{"name":"Luzimara Fernandes","@id":"https:\/\/jornalfatosenoticias.com.br\/#\/schema\/person\/d63837fa13ac8666eb9e74e0985d6f81"},"headline":"Obras perdidas dos Irm\u00e3os Grimm s\u00e3o descobertas na Pol\u00f4nia","datePublished":"2024-05-06T14:58:14+00:00","dateModified":"2024-05-06T14:58:16+00:00","mainEntityOfPage":{"@id":"https:\/\/jornalfatosenoticias.com.br\/index.php\/2024\/05\/06\/obras-perdidas-dos-irmaos-grimm-sao-descobertas-na-polonia\/"},"wordCount":479,"commentCount":0,"publisher":{"@id":"https:\/\/jornalfatosenoticias.com.br\/#organization"},"image":{"@id":"https:\/\/jornalfatosenoticias.com.br\/index.php\/2024\/05\/06\/obras-perdidas-dos-irmaos-grimm-sao-descobertas-na-polonia\/#primaryimage"},"thumbnailUrl":"https:\/\/jornalfatosenoticias.com.br\/wp-content\/uploads\/2024\/05\/Obra-Irmaos-Grimm_gettyimages.jpg","keywords":["biblioteca","contos de fadas","descoberta","hist\u00f3ria","literatura","mundo","obras Irm\u00e3os Grimm","Pol\u00f4nia"],"articleSection":["Cultura"],"inLanguage":"pt-BR","potentialAction":[{"@type":"CommentAction","name":"Comment","target":["https:\/\/jornalfatosenoticias.com.br\/index.php\/2024\/05\/06\/obras-perdidas-dos-irmaos-grimm-sao-descobertas-na-polonia\/#respond"]}]},{"@type":"WebPage","@id":"https:\/\/jornalfatosenoticias.com.br\/index.php\/2024\/05\/06\/obras-perdidas-dos-irmaos-grimm-sao-descobertas-na-polonia\/","url":"https:\/\/jornalfatosenoticias.com.br\/index.php\/2024\/05\/06\/obras-perdidas-dos-irmaos-grimm-sao-descobertas-na-polonia\/","name":"Obras perdidas dos Irm\u00e3os Grimm s\u00e3o descobertas na Pol\u00f4nia - Jornal Fatos e Not\u00edcias","isPartOf":{"@id":"https:\/\/jornalfatosenoticias.com.br\/#website"},"primaryImageOfPage":{"@id":"https:\/\/jornalfatosenoticias.com.br\/index.php\/2024\/05\/06\/obras-perdidas-dos-irmaos-grimm-sao-descobertas-na-polonia\/#primaryimage"},"image":{"@id":"https:\/\/jornalfatosenoticias.com.br\/index.php\/2024\/05\/06\/obras-perdidas-dos-irmaos-grimm-sao-descobertas-na-polonia\/#primaryimage"},"thumbnailUrl":"https:\/\/jornalfatosenoticias.com.br\/wp-content\/uploads\/2024\/05\/Obra-Irmaos-Grimm_gettyimages.jpg","datePublished":"2024-05-06T14:58:14+00:00","dateModified":"2024-05-06T14:58:16+00:00","breadcrumb":{"@id":"https:\/\/jornalfatosenoticias.com.br\/index.php\/2024\/05\/06\/obras-perdidas-dos-irmaos-grimm-sao-descobertas-na-polonia\/#breadcrumb"},"inLanguage":"pt-BR","potentialAction":[{"@type":"ReadAction","target":["https:\/\/jornalfatosenoticias.com.br\/index.php\/2024\/05\/06\/obras-perdidas-dos-irmaos-grimm-sao-descobertas-na-polonia\/"]}]},{"@type":"ImageObject","inLanguage":"pt-BR","@id":"https:\/\/jornalfatosenoticias.com.br\/index.php\/2024\/05\/06\/obras-perdidas-dos-irmaos-grimm-sao-descobertas-na-polonia\/#primaryimage","url":"https:\/\/jornalfatosenoticias.com.br\/wp-content\/uploads\/2024\/05\/Obra-Irmaos-Grimm_gettyimages.jpg","contentUrl":"https:\/\/jornalfatosenoticias.com.br\/wp-content\/uploads\/2024\/05\/Obra-Irmaos-Grimm_gettyimages.jpg","width":612,"height":408},{"@type":"BreadcrumbList","@id":"https:\/\/jornalfatosenoticias.com.br\/index.php\/2024\/05\/06\/obras-perdidas-dos-irmaos-grimm-sao-descobertas-na-polonia\/#breadcrumb","itemListElement":[{"@type":"ListItem","position":1,"name":"In\u00edcio","item":"https:\/\/jornalfatosenoticias.com.br\/"},{"@type":"ListItem","position":2,"name":"Obras perdidas dos Irm\u00e3os Grimm s\u00e3o descobertas na Pol\u00f4nia"}]},{"@type":"WebSite","@id":"https:\/\/jornalfatosenoticias.com.br\/#website","url":"https:\/\/jornalfatosenoticias.com.br\/","name":"Jornal Fatos e Not\u00edcias","description":"Not\u00edcias em geral","publisher":{"@id":"https:\/\/jornalfatosenoticias.com.br\/#organization"},"potentialAction":[{"@type":"SearchAction","target":{"@type":"EntryPoint","urlTemplate":"https:\/\/jornalfatosenoticias.com.br\/?s={search_term_string}"},"query-input":{"@type":"PropertyValueSpecification","valueRequired":true,"valueName":"search_term_string"}}],"inLanguage":"pt-BR"},{"@type":"Organization","@id":"https:\/\/jornalfatosenoticias.com.br\/#organization","name":"Jornal Fatos e Not\u00edcias","url":"https:\/\/jornalfatosenoticias.com.br\/","logo":{"@type":"ImageObject","inLanguage":"pt-BR","@id":"https:\/\/jornalfatosenoticias.com.br\/#\/schema\/logo\/image\/","url":"https:\/\/jornalfatosenoticias.com.br\/wp-content\/uploads\/2020\/02\/logo120.png","contentUrl":"https:\/\/jornalfatosenoticias.com.br\/wp-content\/uploads\/2020\/02\/logo120.png","width":1227,"height":120,"caption":"Jornal Fatos e Not\u00edcias"},"image":{"@id":"https:\/\/jornalfatosenoticias.com.br\/#\/schema\/logo\/image\/"}},{"@type":"Person","@id":"https:\/\/jornalfatosenoticias.com.br\/#\/schema\/person\/d63837fa13ac8666eb9e74e0985d6f81","name":"Luzimara Fernandes","image":{"@type":"ImageObject","inLanguage":"pt-BR","@id":"https:\/\/jornalfatosenoticias.com.br\/#\/schema\/person\/image\/","url":"https:\/\/jornalfatosenoticias.com.br\/wp-content\/uploads\/2025\/05\/EU_portal.jpg","contentUrl":"https:\/\/jornalfatosenoticias.com.br\/wp-content\/uploads\/2025\/05\/EU_portal.jpg","caption":"Luzimara Fernandes"},"description":"Jornalista MTB 2358-ES","sameAs":["https:\/\/jornalfatosenoticias.com.br"],"url":"https:\/\/jornalfatosenoticias.com.br\/index.php\/author\/luzimara\/"}]}},"cc_featured_image_caption":{"caption_text":"Irm\u00e3os Grimm (Foto: Getty Images) ","source_text":"","source_url":""},"jetpack_featured_media_url":"https:\/\/jornalfatosenoticias.com.br\/wp-content\/uploads\/2024\/05\/Obra-Irmaos-Grimm_gettyimages.jpg","_links":{"self":[{"href":"https:\/\/jornalfatosenoticias.com.br\/index.php\/wp-json\/wp\/v2\/posts\/51001","targetHints":{"allow":["GET"]}}],"collection":[{"href":"https:\/\/jornalfatosenoticias.com.br\/index.php\/wp-json\/wp\/v2\/posts"}],"about":[{"href":"https:\/\/jornalfatosenoticias.com.br\/index.php\/wp-json\/wp\/v2\/types\/post"}],"author":[{"embeddable":true,"href":"https:\/\/jornalfatosenoticias.com.br\/index.php\/wp-json\/wp\/v2\/users\/2"}],"replies":[{"embeddable":true,"href":"https:\/\/jornalfatosenoticias.com.br\/index.php\/wp-json\/wp\/v2\/comments?post=51001"}],"version-history":[{"count":0,"href":"https:\/\/jornalfatosenoticias.com.br\/index.php\/wp-json\/wp\/v2\/posts\/51001\/revisions"}],"wp:featuredmedia":[{"embeddable":true,"href":"https:\/\/jornalfatosenoticias.com.br\/index.php\/wp-json\/wp\/v2\/media\/51002"}],"wp:attachment":[{"href":"https:\/\/jornalfatosenoticias.com.br\/index.php\/wp-json\/wp\/v2\/media?parent=51001"}],"wp:term":[{"taxonomy":"category","embeddable":true,"href":"https:\/\/jornalfatosenoticias.com.br\/index.php\/wp-json\/wp\/v2\/categories?post=51001"},{"taxonomy":"post_tag","embeddable":true,"href":"https:\/\/jornalfatosenoticias.com.br\/index.php\/wp-json\/wp\/v2\/tags?post=51001"}],"curies":[{"name":"wp","href":"https:\/\/api.w.org\/{rel}","templated":true}]}}