{"id":51020,"date":"2024-05-06T12:59:14","date_gmt":"2024-05-06T15:59:14","guid":{"rendered":"https:\/\/jornalfatosenoticias.com.br\/?p=51020"},"modified":"2024-05-06T12:59:15","modified_gmt":"2024-05-06T15:59:15","slug":"tragedia-no-rio-grande-do-sul-chega-ao-10o-dia-com-dezenas-de-mortes-e-milhares-de-desabrigados","status":"publish","type":"post","link":"https:\/\/jornalfatosenoticias.com.br\/index.php\/2024\/05\/06\/tragedia-no-rio-grande-do-sul-chega-ao-10o-dia-com-dezenas-de-mortes-e-milhares-de-desabrigados\/","title":{"rendered":"Trag\u00e9dia no Rio Grande do Sul chega ao 10\u00ba dia com dezenas de mortes e milhares de desabrigados"},"content":{"rendered":"\n<p><em><span class=\"has-inline-color has-black-color\">Imagens da regi\u00e3o de Canoas<\/span><\/em><\/p>\n\n\n\n<p><span class=\"has-inline-color has-black-color\">Por <strong><a href=\"https:\/\/www.gazetadopovo.com.br\/autor\/roberta-ribeiro\/\">Roberta Ribeiro<\/a><\/strong><\/span><\/p>\n\n\n\n<div class=\"wp-block-image\"><figure class=\"aligncenter size-large\"><img loading=\"lazy\" decoding=\"async\" width=\"729\" height=\"90\" src=\"https:\/\/jornalfatosenoticias.com.br\/wp-content\/uploads\/2020\/02\/Logo_Mizu.png\" alt=\"\" class=\"wp-image-1441\" srcset=\"https:\/\/jornalfatosenoticias.com.br\/wp-content\/uploads\/2020\/02\/Logo_Mizu.png 729w, https:\/\/jornalfatosenoticias.com.br\/wp-content\/uploads\/2020\/02\/Logo_Mizu-300x37.png 300w\" sizes=\"auto, (max-width: 729px) 100vw, 729px\" \/><\/figure><\/div>\n\n\n\n<p>As fortes chuvas no Rio Grande do Sul, que come\u00e7aram em 27 de abril, j\u00e1 causaram 83 mortes e deixaram 121.957 desalojados de acordo com atualiza\u00e7\u00f5es da Defesa Civil do estado na manh\u00e3 desta segunda-feira (6). Al\u00e9m da capital, Porto Alegre, as \u00e1reas mais afetadas no estado s\u00e3o os vales dos rios Taquari, Ca\u00ed, Pardo, Jacu\u00ed, Sinos e Gravata\u00ed. No domingo (5), o governador do estado, Eduardo Leite (PSDB), publicou um decreto declarando calamidade p\u00fablica em 336 dos 497 munic\u00edpios do Rio Grande do Sul, sendo que 345 cidades foram afetadas pelas chuvas.<br>A Defesa Civil do estado contabilizou 111 desaparecidos e 276 feridos \u2014 quatro \u00f3bitos ainda est\u00e3o em investiga\u00e7\u00e3o. Ao todo, 850.422 mil pessoas foram afetadas pelas chuvas, sendo que 19.368 est\u00e3o em abrigos. Em todo o estado, 854 mil pessoas est\u00e3o sem abastecimento de \u00e1gua, 424 mil sem luz. Estima-se que o abastecimento de g\u00e1s de cozinha esteja comprometido em 30% do estado.<\/p>\n\n\n\n<div class=\"wp-block-image\"><figure class=\"aligncenter size-large is-resized\"><img loading=\"lazy\" decoding=\"async\" src=\"https:\/\/jornalfatosenoticias.com.br\/wp-content\/uploads\/2023\/08\/ITH.jpeg\" alt=\"\" class=\"wp-image-44638\" width=\"404\" height=\"328\" srcset=\"https:\/\/jornalfatosenoticias.com.br\/wp-content\/uploads\/2023\/08\/ITH.jpeg 800w, https:\/\/jornalfatosenoticias.com.br\/wp-content\/uploads\/2023\/08\/ITH-300x244.jpeg 300w, https:\/\/jornalfatosenoticias.com.br\/wp-content\/uploads\/2023\/08\/ITH-768x624.jpeg 768w\" sizes=\"auto, (max-width: 404px) 100vw, 404px\" \/><\/figure><\/div>\n\n\n\n<p>O abastecimento de combust\u00edveis n\u00e3o ser\u00e1 afetado na capital, de acordo com o Sindicato Intermunicipal do Com\u00e9rcio Varejista de Combust\u00edveis e Lubrificantes do Estado (Sulpreto), mas cidades como S\u00e3o Leopoldo e Eldorado do Sul tiveram o abastecimento prejudicado, em raz\u00e3o da interdi\u00e7\u00e3o de estradas, 157 foram bloqueadas. O governo do estado criou um link atualizado em tempo real para ver a situa\u00e7\u00e3o dos bloqueios nas rodovias.<\/p>\n\n\n\n<div class=\"wp-block-image\"><figure class=\"aligncenter size-large is-resized\"><img loading=\"lazy\" decoding=\"async\" src=\"https:\/\/jornalfatosenoticias.com.br\/wp-content\/uploads\/2022\/02\/Precisao-Contabilidade-1024x724.jpg\" alt=\"\" class=\"wp-image-28088\" width=\"382\" height=\"270\"\/><\/figure><\/div>\n\n\n\n<p>Ag\u00eancia Nacional do Petr\u00f3leo, G\u00e1s Natural e Biocombust\u00edveis (ANP) afirmou que os bloqueios nas estradas e ferrovias do Estado, impedem a regularidade do abastecimento de biocombust\u00edveis. A fim de assegurar o fornecimento de combust\u00edveis com o controle da qualidade adequada, a ag\u00eancia autorizou a flexibiliza\u00e7\u00e3o da mistura de biodiesel no diesel e de etanol na gasolina.<\/p>\n\n\n\n<div class=\"wp-block-image\"><figure class=\"aligncenter size-large\"><img decoding=\"async\" src=\"https:\/\/jornalfatosenoticias.com.br\/wp-content\/uploads\/2020\/02\/barao-das-carnes-300x164-1.jpg\" alt=\"\" class=\"wp-image-34339\"\/><\/figure><\/div>\n\n\n\n<p><a href=\"https:\/\/twitter.com\/governo_rs\/status\/1787225414189842629\"><strong>Em v\u00eddeo no X<\/strong><\/a>, o subcomandante da Brigada Militar do estado, coronel Douglas Soares, afirmou que seus homens est\u00e3o nas ruas para ajudar a resgatar as pessoas e que, portanto, n\u00e3o est\u00e3o fazendo inspe\u00e7\u00e3o e fiscaliza\u00e7\u00e3o de lanchas e ve\u00edculos que estejam fazendo salvamentos. Eles tamb\u00e9m est\u00e3o com tropas de choque em a\u00e7\u00e3o nos munic\u00edpios mais afetados pelas chuvas para evitar a quebra da ordem, incluindo saques, roubos e brigas.<\/p>\n\n\n\n<div class=\"wp-block-image\"><figure class=\"aligncenter size-large is-resized\"><img loading=\"lazy\" decoding=\"async\" src=\"https:\/\/jornalfatosenoticias.com.br\/wp-content\/uploads\/2023\/08\/BKR-1024x1021.jpg\" alt=\"\" class=\"wp-image-44494\" width=\"337\" height=\"336\" srcset=\"https:\/\/jornalfatosenoticias.com.br\/wp-content\/uploads\/2023\/08\/BKR-1024x1021.jpg 1024w, https:\/\/jornalfatosenoticias.com.br\/wp-content\/uploads\/2023\/08\/BKR-300x300.jpg 300w, https:\/\/jornalfatosenoticias.com.br\/wp-content\/uploads\/2023\/08\/BKR-150x150.jpg 150w, https:\/\/jornalfatosenoticias.com.br\/wp-content\/uploads\/2023\/08\/BKR-768x766.jpg 768w, https:\/\/jornalfatosenoticias.com.br\/wp-content\/uploads\/2023\/08\/BKR.jpg 1080w\" sizes=\"auto, (max-width: 337px) 100vw, 337px\" \/><\/figure><\/div>\n\n\n\n<p>O vice-governador do estado, Gabriel Souza (MDB), tamb\u00e9m foi \u00e0s redes pedir para que a popula\u00e7\u00e3o n\u00e3o fa\u00e7a turismo de desastre, ou seja, que n\u00e3o se dirija \u00e0s cidades afetadas para ver o que ocorreu ou como est\u00e1 a situa\u00e7\u00e3o. Souza pede \u00e0s pessoas interessadas em ajudar e se voluntariar a acessarem a p\u00e1gina sosenchentes.rs.gov.br para aqueles que queiram auxiliar de forma organizada e segura.<\/p>\n\n\n\n<div class=\"wp-block-image\"><figure class=\"aligncenter size-large is-resized\"><img loading=\"lazy\" decoding=\"async\" src=\"https:\/\/jornalfatosenoticias.com.br\/wp-content\/uploads\/2023\/12\/pegoretti-logo-pdf-1024x389.jpg\" alt=\"\" class=\"wp-image-47536\" width=\"467\" height=\"177\" srcset=\"https:\/\/jornalfatosenoticias.com.br\/wp-content\/uploads\/2023\/12\/pegoretti-logo-pdf-1024x389.jpg 1024w, https:\/\/jornalfatosenoticias.com.br\/wp-content\/uploads\/2023\/12\/pegoretti-logo-pdf-300x114.jpg 300w, https:\/\/jornalfatosenoticias.com.br\/wp-content\/uploads\/2023\/12\/pegoretti-logo-pdf-768x291.jpg 768w, https:\/\/jornalfatosenoticias.com.br\/wp-content\/uploads\/2023\/12\/pegoretti-logo-pdf.jpg 1120w\" sizes=\"auto, (max-width: 467px) 100vw, 467px\" \/><\/figure><\/div>\n\n\n\n<p><strong><span class=\"has-inline-color has-black-color\">Governo estadual pede aux\u00edlio \u00e0 Uni\u00e3o para reconstru\u00e7\u00e3o de munic\u00edpios afetados pelas chuvas<br><\/span><\/strong>Em 1\u00ba de maio o governo estadual decretou estado de calamidade p\u00fablica e desde ent\u00e3o tem buscado aux\u00edlio do governo federal para lidar com a situa\u00e7\u00e3o. Eduardo Leite solicitou que seja suspenso o pagamento da parcela mensal da d\u00edvida do Estado com a Uni\u00e3o, R$ 3,5 bilh\u00f5es, pelo per\u00edodo que durar a reconstru\u00e7\u00e3o dos danos causados pelas chuvas. Se atendida a solicita\u00e7\u00e3o, os recursos ser\u00e3o destinados para restaurar a infraestrutura e para estimular a economia local.<\/p>\n\n\n\n<div class=\"wp-block-image\"><figure class=\"aligncenter size-large is-resized\"><img loading=\"lazy\" decoding=\"async\" src=\"https:\/\/jornalfatosenoticias.com.br\/wp-content\/uploads\/2023\/03\/logo-Panper_portal.jpg\" alt=\"\" class=\"wp-image-40208\" width=\"384\" height=\"266\" srcset=\"https:\/\/jornalfatosenoticias.com.br\/wp-content\/uploads\/2023\/03\/logo-Panper_portal.jpg 400w, https:\/\/jornalfatosenoticias.com.br\/wp-content\/uploads\/2023\/03\/logo-Panper_portal-300x208.jpg 300w\" sizes=\"auto, (max-width: 384px) 100vw, 384px\" \/><\/figure><\/div>\n\n\n\n<p>O governador ainda solicitou o envio de recursos ao estado e afirmou que ser\u00e1 preciso um \u201cPlano Marshall\u201d para reconstruir o Rio Grande do Sul \u2014 uma refer\u00eancia aos recursos enviados pelos Estados Unidos para a reconstru\u00e7\u00e3o de pa\u00edses europeus ap\u00f3s a 2\u00aa Guerra Mundial (1939-1945). Al\u00e9m disso, se destacam as diversas inciativas da sociedade civil para resgate de pessoas, doa\u00e7\u00f5es e distribui\u00e7\u00e3o de comida. Nas redes sociais, multiplicam-se as publica\u00e7\u00f5es mostrando resgates, prepara\u00e7\u00e3o de doa\u00e7\u00f5es e de alimentos para os desabrigados. Profissionais oferecem seus servi\u00e7os para atender as v\u00edtimas, incluindo psic\u00f3logos.<\/p>\n\n\n\n<div class=\"wp-block-image\"><figure class=\"aligncenter size-large\"><img loading=\"lazy\" decoding=\"async\" width=\"300\" height=\"250\" src=\"https:\/\/jornalfatosenoticias.com.br\/wp-content\/uploads\/2022\/02\/FERRARI_MAQUINAS-E-FERRAMENTAS2.jpg\" alt=\"\" class=\"wp-image-27860\"\/><\/figure><\/div>\n\n\n\n<p><strong><span class=\"has-inline-color has-black-color\">Chuva d\u00e1 tr\u00e9gua nesta segunda-feira, mas previs\u00e3o do tempo ainda preocupa<br><\/span><\/strong>A segunda-feira (6) deu uma tr\u00e9gua nas chuvas intensas que t\u00eam afetado o Rio Grande do Sul desde o dia 26 de abril causando alagamentos, transbordamentos de rios, deslizamentos, mortes e desalojamentos, entre outras perdas. A previs\u00e3o \u00e9 de que o tempo fique firme com sol nesta segunda e ter\u00e7a-feira na maior parte do estado, com exce\u00e7\u00e3o do sul e de pontos ao Oeste, onde h\u00e1 previs\u00e3o de chuvas, que novamente atingem todo o estado na quarta-feira. Na quinta h\u00e1 nova previs\u00e3o de sol, mas na sexta e s\u00e1bado h\u00e1 poss\u00edveis instabilidades em todo o Rio Grande do Sul.<\/p>\n\n\n\n<div class=\"wp-block-image\"><figure class=\"aligncenter size-large is-resized\"><img loading=\"lazy\" decoding=\"async\" src=\"https:\/\/jornalfatosenoticias.com.br\/wp-content\/uploads\/2023\/03\/nova-logo-Marquetti.jpg\" alt=\"\" class=\"wp-image-40207\" width=\"344\" height=\"231\" srcset=\"https:\/\/jornalfatosenoticias.com.br\/wp-content\/uploads\/2023\/03\/nova-logo-Marquetti.jpg 643w, https:\/\/jornalfatosenoticias.com.br\/wp-content\/uploads\/2023\/03\/nova-logo-Marquetti-300x202.jpg 300w\" sizes=\"auto, (max-width: 344px) 100vw, 344px\" \/><\/figure><\/div>\n\n\n\n<p>Nesta segunda-feira, o n\u00edvel do Gua\u00edba caiu 3cm, chegando a 5,27m, segundo informa\u00e7\u00f5es da Secretaria Estadual do Meio Ambiente e Infraestrutura (Sema) e da Ag\u00eancia Nacional de \u00c1guas. A cota, no entanto, ainda est\u00e1 muito acima do n\u00edvel de alerta, 2,5m e do n\u00edvel de alagamento, 3m. H\u00e1, ainda, alerta para inunda\u00e7\u00f5es no sul do estado, especialmente em Pelotas e Rio Grande, onde h\u00e1 preocupa\u00e7\u00e3o com o aumento do n\u00edvel da Lagoa dos Patos, que j\u00e1 estava 1,7m acima do n\u00edvel normal\u00a0no domingo.<\/p>\n\n\n\n<div class=\"wp-block-image\"><figure class=\"aligncenter size-large is-resized\"><img loading=\"lazy\" decoding=\"async\" src=\"https:\/\/jornalfatosenoticias.com.br\/wp-content\/uploads\/2020\/02\/CONTROL-CS.jpg\" alt=\"\" class=\"wp-image-44991\" width=\"396\" height=\"474\" srcset=\"https:\/\/jornalfatosenoticias.com.br\/wp-content\/uploads\/2020\/02\/CONTROL-CS.jpg 834w, https:\/\/jornalfatosenoticias.com.br\/wp-content\/uploads\/2020\/02\/CONTROL-CS-250x300.jpg 250w, https:\/\/jornalfatosenoticias.com.br\/wp-content\/uploads\/2020\/02\/CONTROL-CS-768x921.jpg 768w\" sizes=\"auto, (max-width: 396px) 100vw, 396px\" \/><\/figure><\/div>\n\n\n\n<p><strong><span class=\"has-inline-color has-black-color\">Entenda os eventos clim\u00e1ticos que causaram as fortes chuvas<br><\/span><\/strong>As precipita\u00e7\u00f5es que ocorreram em todo o estado foram classificadas como \u201cpersistentes e em volumes extraordin\u00e1rios\u201d. Para se ter uma ideia do volume, nos \u00faltimos dias choveu a m\u00e9dia esperada para os pr\u00f3ximos tr\u00eas meses ou 420mm. De acordo com a Defesa Civil do Rio Grande do Sul, as fortes chuvas foram causadas por um fluxo de umidade que desceu da regi\u00e3o norte do pa\u00eds. Somada a esse fator, uma frente fria que veio do oceano em dire\u00e7\u00e3o ao interior intensificou a precipita\u00e7\u00e3o na metade sul do estado. Os ventos decorrentes dos fen\u00f4menos passaram dos 80 km\/h.<\/p>\n\n\n\n<div class=\"wp-block-image\"><figure class=\"aligncenter size-large is-resized\"><img loading=\"lazy\" decoding=\"async\" src=\"https:\/\/jornalfatosenoticias.com.br\/wp-content\/uploads\/2023\/09\/vetorvix1024_1.jpg\" alt=\"\" class=\"wp-image-44868\" width=\"543\" height=\"144\" srcset=\"https:\/\/jornalfatosenoticias.com.br\/wp-content\/uploads\/2023\/09\/vetorvix1024_1.jpg 1024w, https:\/\/jornalfatosenoticias.com.br\/wp-content\/uploads\/2023\/09\/vetorvix1024_1-300x80.jpg 300w, https:\/\/jornalfatosenoticias.com.br\/wp-content\/uploads\/2023\/09\/vetorvix1024_1-768x205.jpg 768w\" sizes=\"auto, (max-width: 543px) 100vw, 543px\" \/><\/figure><\/div>\n\n\n\n<p>A intera\u00e7\u00e3o das duas frentes gerou uma zona de alta press\u00e3o, causando as fortes precipita\u00e7\u00f5es. As chuvas come\u00e7aram em 27 de abril, quando algumas cidades do Vale do Rio Pardo, como Santa Cruz do Sul, registraram estragos devido \u00e0 chuva de granizo.<\/p>\n\n\n\n<div class=\"wp-block-image\"><figure class=\"aligncenter size-large\"><img loading=\"lazy\" decoding=\"async\" width=\"300\" height=\"250\" src=\"https:\/\/jornalfatosenoticias.com.br\/wp-content\/uploads\/2020\/02\/Banner-2.png\" alt=\"\" class=\"wp-image-43787\"\/><\/figure><\/div>\n\n\n\n<p>Em Porto Alegre, houve temporal com mais de 1,2 mil raios. J\u00e1 no dia 28, 15 munic\u00edpios registraram o impacto das chuvas, e o Instituto Nacional de Meteorologia (Inmet) emitiu um alerta laranja de tempestade para toda a regi\u00e3o sul do estado. No dia seguinte, foi emitido alerta vermelho para toda a metade sul do estado.<\/p>\n\n\n\n<div class=\"wp-block-image\"><figure class=\"aligncenter size-large is-resized\"><img loading=\"lazy\" decoding=\"async\" src=\"https:\/\/jornalfatosenoticias.com.br\/wp-content\/uploads\/2020\/02\/logo-Rapuzel-1024x571.jpg\" alt=\"\" class=\"wp-image-42808\" width=\"381\" height=\"212\" srcset=\"https:\/\/jornalfatosenoticias.com.br\/wp-content\/uploads\/2020\/02\/logo-Rapuzel-1024x571.jpg 1024w, https:\/\/jornalfatosenoticias.com.br\/wp-content\/uploads\/2020\/02\/logo-Rapuzel-300x167.jpg 300w, https:\/\/jornalfatosenoticias.com.br\/wp-content\/uploads\/2020\/02\/logo-Rapuzel-768x428.jpg 768w, https:\/\/jornalfatosenoticias.com.br\/wp-content\/uploads\/2020\/02\/logo-Rapuzel-1536x856.jpg 1536w, https:\/\/jornalfatosenoticias.com.br\/wp-content\/uploads\/2020\/02\/logo-Rapuzel.jpg 1600w\" sizes=\"auto, (max-width: 381px) 100vw, 381px\" \/><\/figure><\/div>\n\n\n\n<p>Na ter\u00e7a, 30 de abril, ocorreram as primeiras oito mortes devido \u00e0s inunda\u00e7\u00f5es e temporais. Al\u00e9m disso, v\u00e1rias estradas tiveram seus trechos bloqueados: a BR-290, em Eldorado do Sul, teve uma parte do asfalto derrubada pelas \u00e1guas. Uma ponte desabou no munic\u00edpio de Santa Tereza. No dia 1\u00ba de maio, quando o governador declarou estado de calamidade p\u00fablica, os danos j\u00e1 atingiam diversas regi\u00f5es do Rio Grande do Sul. O n\u00famero de mortes chegou a 11 e houve registros de deslizamentos de terra e de outras pontes que ru\u00edram com a for\u00e7a das \u00e1guas. No fim do dia, a Defesa Civil emitiu um alerta para que os moradores do Vale do Taquari deixassem a regi\u00e3o.<\/p>\n\n\n\n<div class=\"wp-block-image\"><figure class=\"aligncenter size-large\"><img decoding=\"async\" src=\"https:\/\/jornalfatosenoticias.com.br\/wp-content\/uploads\/2020\/02\/logo_esteio.jpg\" alt=\"\" class=\"wp-image-1214\"\/><\/figure><\/div>\n\n\n\n<p>No dia seguinte, quinta-feira, o n\u00edvel do Rio Taquari alcan\u00e7ou 30 metros de altura, o maior n\u00edvel hist\u00f3rico. O Gua\u00edba, em Porto Alegre, ultrapassou a cota de inunda\u00e7\u00e3o, chegando a 3,63 metros. O n\u00famero de mortes subiu para 32 pessoas e houve rompimento parcial de uma barragem entre Cotipor\u00e3 e Bento Gon\u00e7alves, al\u00e9m da queda de pontes em outros munic\u00edpios do estado.<\/p>\n\n\n\n<div class=\"wp-block-image\"><figure class=\"aligncenter size-large is-resized\"><img loading=\"lazy\" decoding=\"async\" src=\"https:\/\/jornalfatosenoticias.com.br\/wp-content\/uploads\/2022\/02\/Precisao-Contabilidade-1024x724.jpg\" alt=\"\" class=\"wp-image-28088\" width=\"347\" height=\"245\"\/><\/figure><\/div>\n\n\n\n<p>A situa\u00e7\u00e3o de Porto Alegre se agravou em 3 de abril, quando o n\u00edvel do Gua\u00edba ultrapassou os 4,6m, chegando a 4,77 no fim do dia. As \u00e1guas atingiram a Rodovi\u00e1ria, ruas do Centro Hist\u00f3rico, os centros de treinamento de Internacional e Gr\u00eamio e outros pontos. O Aeroporto Internacional Salgado Filho foi fechado, com cancelamento de todos os voos saindo e chegando \u00e0 capital do estado.<br>Na data, a Defesa Civil emitiu alerta de evacua\u00e7\u00e3o de sete cidades devido ao rompimento parcial da barragem 14 de Julho, e alertou para o poss\u00edvel rompimento de quatro outras barragens. <\/p>\n\n\n\n<div class=\"wp-block-image\"><figure class=\"aligncenter size-large is-resized\"><img loading=\"lazy\" decoding=\"async\" src=\"https:\/\/jornalfatosenoticias.com.br\/wp-content\/uploads\/2024\/01\/consultoria-ambiental.jpg\" alt=\"\" class=\"wp-image-48314\" width=\"370\" height=\"335\" srcset=\"https:\/\/jornalfatosenoticias.com.br\/wp-content\/uploads\/2024\/01\/consultoria-ambiental.jpg 832w, https:\/\/jornalfatosenoticias.com.br\/wp-content\/uploads\/2024\/01\/consultoria-ambiental-300x272.jpg 300w, https:\/\/jornalfatosenoticias.com.br\/wp-content\/uploads\/2024\/01\/consultoria-ambiental-768x696.jpg 768w\" sizes=\"auto, (max-width: 370px) 100vw, 370px\" \/><\/figure><\/div>\n\n\n\n<p>No s\u00e1bado, 4 de maio, o n\u00famero de mortos chegou a 55, ultrapassando as perdas humanas ocorridas em 2023 no Vale do Taquari, que deixou 54 v\u00edtimas. O Gua\u00edba passou dos 5m em Porto Alegre. Uma parte da rodovia Castelo Branco, que liga a capital ao litoral ficou interditada, ap\u00f3s o asfalto romper em raz\u00e3o do fluxo de \u00e1gua que passa por uma comporta debaixo da pista.<\/p>\n\n\n\n<div class=\"wp-block-image\"><figure class=\"aligncenter size-large\"><img loading=\"lazy\" decoding=\"async\" width=\"729\" height=\"90\" src=\"https:\/\/jornalfatosenoticias.com.br\/wp-content\/uploads\/2020\/02\/Logo_Mizu.png\" alt=\"\" class=\"wp-image-1441\" srcset=\"https:\/\/jornalfatosenoticias.com.br\/wp-content\/uploads\/2020\/02\/Logo_Mizu.png 729w, https:\/\/jornalfatosenoticias.com.br\/wp-content\/uploads\/2020\/02\/Logo_Mizu-300x37.png 300w\" sizes=\"auto, (max-width: 729px) 100vw, 729px\" \/><\/figure><\/div>\n\n\n\n<p>O Gua\u00edba voltou a subir no domingo (5), alcan\u00e7ando 5,3 metros. A Defesa Civil do estado anunciou que o n\u00famero de mortos em raz\u00e3o das chuvas tinha subido para 66. As aulas foram suspensas em Porto Alegre at\u00e9 a pr\u00f3xima quarta-feira (8), mas em outras cidades do estado est\u00e3o suspensas por tempo indeterminado.<\/p>\n\n\n\n<div class=\"wp-block-image\"><figure class=\"aligncenter size-large is-resized\"><img loading=\"lazy\" decoding=\"async\" src=\"https:\/\/jornalfatosenoticias.com.br\/wp-content\/uploads\/2023\/08\/BKR-1024x1021.jpg\" alt=\"\" class=\"wp-image-44494\" width=\"326\" height=\"325\" srcset=\"https:\/\/jornalfatosenoticias.com.br\/wp-content\/uploads\/2023\/08\/BKR-1024x1021.jpg 1024w, https:\/\/jornalfatosenoticias.com.br\/wp-content\/uploads\/2023\/08\/BKR-300x300.jpg 300w, https:\/\/jornalfatosenoticias.com.br\/wp-content\/uploads\/2023\/08\/BKR-150x150.jpg 150w, https:\/\/jornalfatosenoticias.com.br\/wp-content\/uploads\/2023\/08\/BKR-768x766.jpg 768w, https:\/\/jornalfatosenoticias.com.br\/wp-content\/uploads\/2023\/08\/BKR.jpg 1080w\" sizes=\"auto, (max-width: 326px) 100vw, 326px\" \/><\/figure><\/div>\n\n\n\n<p><strong><span class=\"has-inline-color has-black-color\">&#8220;Tsunami&#8221; no Vale do Taquari<br><\/span><\/strong>No Vale do Taquari, as pessoas compararam o volume de \u00e1gua e a rapidez com que inundou as cidades da regi\u00e3o a um tsunami. O Rio das Antas, em Cotipor\u00e3, subiu drasticamente durante o dia 1\u00ba de maio, inundando at\u00e9 as c\u00e2meras de seguran\u00e7a. O volume de \u00e1gua desceu para o Rio Taquari e as cidades do Vale come\u00e7aram a ficar com ruas e pra\u00e7as inundadas no in\u00edcio da noite.<\/p>\n\n\n\n<div class=\"wp-block-image\"><figure class=\"aligncenter size-large\"><img decoding=\"async\" src=\"https:\/\/jornalfatosenoticias.com.br\/wp-content\/uploads\/2020\/02\/barao-das-carnes-300x164-1.jpg\" alt=\"\" class=\"wp-image-34339\"\/><\/figure><\/div>\n\n\n\n<p>Na manh\u00e3 do dia seguinte as cidades amanheceram completamente inundadas, com diversas fam\u00edlias tendo que subir nos telhados de suas casas para conseguirem ser resgatadas por helic\u00f3pteros da Pol\u00edcia Rodovi\u00e1ria Federal. A correnteza arrastou casas, com\u00e9rcios e pontes nas cidades da regi\u00e3o.<\/p>\n\n\n\n<div class=\"wp-block-image\"><figure class=\"aligncenter size-large is-resized\"><img loading=\"lazy\" decoding=\"async\" src=\"https:\/\/jornalfatosenoticias.com.br\/wp-content\/uploads\/2023\/08\/ITH.jpeg\" alt=\"\" class=\"wp-image-44638\" width=\"327\" height=\"265\" srcset=\"https:\/\/jornalfatosenoticias.com.br\/wp-content\/uploads\/2023\/08\/ITH.jpeg 800w, https:\/\/jornalfatosenoticias.com.br\/wp-content\/uploads\/2023\/08\/ITH-300x244.jpeg 300w, https:\/\/jornalfatosenoticias.com.br\/wp-content\/uploads\/2023\/08\/ITH-768x624.jpeg 768w\" sizes=\"auto, (max-width: 327px) 100vw, 327px\" \/><\/figure><\/div>\n\n\n\n<p><strong><span class=\"has-inline-color has-black-color\">Preju\u00edzos em milh\u00f5es para poder p\u00fablico e setor privado<br><\/span><\/strong>A Central de Abastecimento (Ceasa) do estado disse que n\u00e3o h\u00e1 risco de desabastecimento, mas alerta para um poss\u00edvel aumento dos pre\u00e7os. A Confedera\u00e7\u00e3o Nacional dos Munic\u00edpios (CNM) estima preju\u00edzos de cerca de R$ 71,4 milh\u00f5es para agricultura do estado.<\/p>\n\n\n\n<div class=\"wp-block-image\"><figure class=\"aligncenter size-large is-resized\"><img loading=\"lazy\" decoding=\"async\" src=\"https:\/\/jornalfatosenoticias.com.br\/wp-content\/uploads\/2022\/02\/Precisao-Contabilidade-1024x724.jpg\" alt=\"\" class=\"wp-image-28088\" width=\"361\" height=\"255\"\/><\/figure><\/div>\n\n\n\n<p>Ao todo, as perdas das cidades afetadas pelos temporais podem chegar a R$ 559,8 milh\u00f5es, de acordo com a CNM. O montante se refere apenas aos danos j\u00e1 levantados e disponibilizados por 19 munic\u00edpios dentre os 170 que registraram seus decretos no sistema de Defesa Civil nacional.<\/p>\n\n\n\n<p><strong><em>Fonte: <a href=\"https:\/\/www.gazetadopovo.com.br\/brasil\/tragedia-no-rio-grande-do-sul-chega-ao-10o-dia-com-dezenas-de-mortes-e-milhares-de-desabrigados\/\">Gazeta do Povo<\/a><\/em><\/strong><\/p>\n","protected":false},"excerpt":{"rendered":"<p>Imagens da regi\u00e3o de Canoas Por Roberta Ribeiro As fortes chuvas no Rio Grande do Sul, que come\u00e7aram em 27 de abril, j\u00e1 causaram 83 mortes e deixaram 121.957 desalojados de acordo com atualiza\u00e7\u00f5es da Defesa Civil do estado na manh\u00e3 desta segunda-feira (6). Al\u00e9m da capital, Porto Alegre, as \u00e1reas mais afetadas no estado [&hellip;]<\/p>\n","protected":false},"author":2,"featured_media":51021,"comment_status":"open","ping_status":"open","sticky":false,"template":"","format":"standard","meta":{"footnotes":""},"categories":[5],"tags":[1712,23415,23404,5829,4684,23416],"class_list":["post-51020","post","type-post","status-publish","format-standard","has-post-thumbnail","hentry","category-geral","tag-catastrofe","tag-chuvas-fortes","tag-chuvas-no-rs","tag-enchentes","tag-rio-grande-do-sul","tag-temporais"],"yoast_head":"<!-- This site is optimized with the Yoast SEO plugin v26.5 - https:\/\/yoast.com\/wordpress\/plugins\/seo\/ -->\n<title>Trag\u00e9dia no Rio Grande do Sul chega ao 10\u00ba dia com dezenas de mortes e milhares de desabrigados - Jornal Fatos e Not\u00edcias<\/title>\n<meta name=\"robots\" content=\"index, follow, max-snippet:-1, max-image-preview:large, max-video-preview:-1\" \/>\n<link rel=\"canonical\" href=\"https:\/\/jornalfatosenoticias.com.br\/index.php\/2024\/05\/06\/tragedia-no-rio-grande-do-sul-chega-ao-10o-dia-com-dezenas-de-mortes-e-milhares-de-desabrigados\/\" \/>\n<meta property=\"og:locale\" content=\"pt_BR\" \/>\n<meta property=\"og:type\" content=\"article\" \/>\n<meta property=\"og:title\" content=\"Trag\u00e9dia no Rio Grande do Sul chega ao 10\u00ba dia com dezenas de mortes e milhares de desabrigados - Jornal Fatos e Not\u00edcias\" \/>\n<meta property=\"og:description\" content=\"Imagens da regi\u00e3o de Canoas Por Roberta Ribeiro As fortes chuvas no Rio Grande do Sul, que come\u00e7aram em 27 de abril, j\u00e1 causaram 83 mortes e deixaram 121.957 desalojados de acordo com atualiza\u00e7\u00f5es da Defesa Civil do estado na manh\u00e3 desta segunda-feira (6). Al\u00e9m da capital, Porto Alegre, as \u00e1reas mais afetadas no estado [&hellip;]\" \/>\n<meta property=\"og:url\" content=\"https:\/\/jornalfatosenoticias.com.br\/index.php\/2024\/05\/06\/tragedia-no-rio-grande-do-sul-chega-ao-10o-dia-com-dezenas-de-mortes-e-milhares-de-desabrigados\/\" \/>\n<meta property=\"og:site_name\" content=\"Jornal Fatos e Not\u00edcias\" \/>\n<meta property=\"article:published_time\" content=\"2024-05-06T15:59:14+00:00\" \/>\n<meta property=\"article:modified_time\" content=\"2024-05-06T15:59:15+00:00\" \/>\n<meta property=\"og:image\" content=\"https:\/\/jornalfatosenoticias.com.br\/wp-content\/uploads\/2024\/05\/rio-grande-canoas.jpeg\" \/>\n\t<meta property=\"og:image:width\" content=\"960\" \/>\n\t<meta property=\"og:image:height\" content=\"540\" \/>\n\t<meta property=\"og:image:type\" content=\"image\/jpeg\" \/>\n<meta name=\"author\" content=\"Luzimara Fernandes\" \/>\n<meta name=\"twitter:card\" content=\"summary_large_image\" \/>\n<meta name=\"twitter:label1\" content=\"Escrito por\" \/>\n\t<meta name=\"twitter:data1\" content=\"Luzimara Fernandes\" \/>\n\t<meta name=\"twitter:label2\" content=\"Est. tempo de leitura\" \/>\n\t<meta name=\"twitter:data2\" content=\"9 minutos\" \/>\n<script type=\"application\/ld+json\" class=\"yoast-schema-graph\">{\"@context\":\"https:\/\/schema.org\",\"@graph\":[{\"@type\":\"Article\",\"@id\":\"https:\/\/jornalfatosenoticias.com.br\/index.php\/2024\/05\/06\/tragedia-no-rio-grande-do-sul-chega-ao-10o-dia-com-dezenas-de-mortes-e-milhares-de-desabrigados\/#article\",\"isPartOf\":{\"@id\":\"https:\/\/jornalfatosenoticias.com.br\/index.php\/2024\/05\/06\/tragedia-no-rio-grande-do-sul-chega-ao-10o-dia-com-dezenas-de-mortes-e-milhares-de-desabrigados\/\"},\"author\":{\"name\":\"Luzimara Fernandes\",\"@id\":\"https:\/\/jornalfatosenoticias.com.br\/#\/schema\/person\/d63837fa13ac8666eb9e74e0985d6f81\"},\"headline\":\"Trag\u00e9dia no Rio Grande do Sul chega ao 10\u00ba dia com dezenas de mortes e milhares de desabrigados\",\"datePublished\":\"2024-05-06T15:59:14+00:00\",\"dateModified\":\"2024-05-06T15:59:15+00:00\",\"mainEntityOfPage\":{\"@id\":\"https:\/\/jornalfatosenoticias.com.br\/index.php\/2024\/05\/06\/tragedia-no-rio-grande-do-sul-chega-ao-10o-dia-com-dezenas-de-mortes-e-milhares-de-desabrigados\/\"},\"wordCount\":1756,\"commentCount\":0,\"publisher\":{\"@id\":\"https:\/\/jornalfatosenoticias.com.br\/#organization\"},\"image\":{\"@id\":\"https:\/\/jornalfatosenoticias.com.br\/index.php\/2024\/05\/06\/tragedia-no-rio-grande-do-sul-chega-ao-10o-dia-com-dezenas-de-mortes-e-milhares-de-desabrigados\/#primaryimage\"},\"thumbnailUrl\":\"https:\/\/jornalfatosenoticias.com.br\/wp-content\/uploads\/2024\/05\/rio-grande-canoas.jpeg\",\"keywords\":[\"cat\u00e1strofe\",\"chuvas fortes\",\"chuvas no RS\",\"enchentes\",\"Rio Grande do Sul\",\"temporais\"],\"articleSection\":[\"Geral\"],\"inLanguage\":\"pt-BR\",\"potentialAction\":[{\"@type\":\"CommentAction\",\"name\":\"Comment\",\"target\":[\"https:\/\/jornalfatosenoticias.com.br\/index.php\/2024\/05\/06\/tragedia-no-rio-grande-do-sul-chega-ao-10o-dia-com-dezenas-de-mortes-e-milhares-de-desabrigados\/#respond\"]}]},{\"@type\":\"WebPage\",\"@id\":\"https:\/\/jornalfatosenoticias.com.br\/index.php\/2024\/05\/06\/tragedia-no-rio-grande-do-sul-chega-ao-10o-dia-com-dezenas-de-mortes-e-milhares-de-desabrigados\/\",\"url\":\"https:\/\/jornalfatosenoticias.com.br\/index.php\/2024\/05\/06\/tragedia-no-rio-grande-do-sul-chega-ao-10o-dia-com-dezenas-de-mortes-e-milhares-de-desabrigados\/\",\"name\":\"Trag\u00e9dia no Rio Grande do Sul chega ao 10\u00ba dia com dezenas de mortes e milhares de desabrigados - Jornal Fatos e Not\u00edcias\",\"isPartOf\":{\"@id\":\"https:\/\/jornalfatosenoticias.com.br\/#website\"},\"primaryImageOfPage\":{\"@id\":\"https:\/\/jornalfatosenoticias.com.br\/index.php\/2024\/05\/06\/tragedia-no-rio-grande-do-sul-chega-ao-10o-dia-com-dezenas-de-mortes-e-milhares-de-desabrigados\/#primaryimage\"},\"image\":{\"@id\":\"https:\/\/jornalfatosenoticias.com.br\/index.php\/2024\/05\/06\/tragedia-no-rio-grande-do-sul-chega-ao-10o-dia-com-dezenas-de-mortes-e-milhares-de-desabrigados\/#primaryimage\"},\"thumbnailUrl\":\"https:\/\/jornalfatosenoticias.com.br\/wp-content\/uploads\/2024\/05\/rio-grande-canoas.jpeg\",\"datePublished\":\"2024-05-06T15:59:14+00:00\",\"dateModified\":\"2024-05-06T15:59:15+00:00\",\"breadcrumb\":{\"@id\":\"https:\/\/jornalfatosenoticias.com.br\/index.php\/2024\/05\/06\/tragedia-no-rio-grande-do-sul-chega-ao-10o-dia-com-dezenas-de-mortes-e-milhares-de-desabrigados\/#breadcrumb\"},\"inLanguage\":\"pt-BR\",\"potentialAction\":[{\"@type\":\"ReadAction\",\"target\":[\"https:\/\/jornalfatosenoticias.com.br\/index.php\/2024\/05\/06\/tragedia-no-rio-grande-do-sul-chega-ao-10o-dia-com-dezenas-de-mortes-e-milhares-de-desabrigados\/\"]}]},{\"@type\":\"ImageObject\",\"inLanguage\":\"pt-BR\",\"@id\":\"https:\/\/jornalfatosenoticias.com.br\/index.php\/2024\/05\/06\/tragedia-no-rio-grande-do-sul-chega-ao-10o-dia-com-dezenas-de-mortes-e-milhares-de-desabrigados\/#primaryimage\",\"url\":\"https:\/\/jornalfatosenoticias.com.br\/wp-content\/uploads\/2024\/05\/rio-grande-canoas.jpeg\",\"contentUrl\":\"https:\/\/jornalfatosenoticias.com.br\/wp-content\/uploads\/2024\/05\/rio-grande-canoas.jpeg\",\"width\":960,\"height\":540},{\"@type\":\"BreadcrumbList\",\"@id\":\"https:\/\/jornalfatosenoticias.com.br\/index.php\/2024\/05\/06\/tragedia-no-rio-grande-do-sul-chega-ao-10o-dia-com-dezenas-de-mortes-e-milhares-de-desabrigados\/#breadcrumb\",\"itemListElement\":[{\"@type\":\"ListItem\",\"position\":1,\"name\":\"In\u00edcio\",\"item\":\"https:\/\/jornalfatosenoticias.com.br\/\"},{\"@type\":\"ListItem\",\"position\":2,\"name\":\"Trag\u00e9dia no Rio Grande do Sul chega ao 10\u00ba dia com dezenas de mortes e milhares de desabrigados\"}]},{\"@type\":\"WebSite\",\"@id\":\"https:\/\/jornalfatosenoticias.com.br\/#website\",\"url\":\"https:\/\/jornalfatosenoticias.com.br\/\",\"name\":\"Jornal Fatos e Not\u00edcias\",\"description\":\"Not\u00edcias em geral\",\"publisher\":{\"@id\":\"https:\/\/jornalfatosenoticias.com.br\/#organization\"},\"potentialAction\":[{\"@type\":\"SearchAction\",\"target\":{\"@type\":\"EntryPoint\",\"urlTemplate\":\"https:\/\/jornalfatosenoticias.com.br\/?s={search_term_string}\"},\"query-input\":{\"@type\":\"PropertyValueSpecification\",\"valueRequired\":true,\"valueName\":\"search_term_string\"}}],\"inLanguage\":\"pt-BR\"},{\"@type\":\"Organization\",\"@id\":\"https:\/\/jornalfatosenoticias.com.br\/#organization\",\"name\":\"Jornal Fatos e Not\u00edcias\",\"url\":\"https:\/\/jornalfatosenoticias.com.br\/\",\"logo\":{\"@type\":\"ImageObject\",\"inLanguage\":\"pt-BR\",\"@id\":\"https:\/\/jornalfatosenoticias.com.br\/#\/schema\/logo\/image\/\",\"url\":\"https:\/\/jornalfatosenoticias.com.br\/wp-content\/uploads\/2020\/02\/logo120.png\",\"contentUrl\":\"https:\/\/jornalfatosenoticias.com.br\/wp-content\/uploads\/2020\/02\/logo120.png\",\"width\":1227,\"height\":120,\"caption\":\"Jornal Fatos e Not\u00edcias\"},\"image\":{\"@id\":\"https:\/\/jornalfatosenoticias.com.br\/#\/schema\/logo\/image\/\"}},{\"@type\":\"Person\",\"@id\":\"https:\/\/jornalfatosenoticias.com.br\/#\/schema\/person\/d63837fa13ac8666eb9e74e0985d6f81\",\"name\":\"Luzimara Fernandes\",\"image\":{\"@type\":\"ImageObject\",\"inLanguage\":\"pt-BR\",\"@id\":\"https:\/\/jornalfatosenoticias.com.br\/#\/schema\/person\/image\/\",\"url\":\"https:\/\/jornalfatosenoticias.com.br\/wp-content\/uploads\/2025\/05\/EU_portal.jpg\",\"contentUrl\":\"https:\/\/jornalfatosenoticias.com.br\/wp-content\/uploads\/2025\/05\/EU_portal.jpg\",\"caption\":\"Luzimara Fernandes\"},\"description\":\"Jornalista MTB 2358-ES\",\"sameAs\":[\"https:\/\/jornalfatosenoticias.com.br\"],\"url\":\"https:\/\/jornalfatosenoticias.com.br\/index.php\/author\/luzimara\/\"}]}<\/script>\n<!-- \/ Yoast SEO plugin. -->","yoast_head_json":{"title":"Trag\u00e9dia no Rio Grande do Sul chega ao 10\u00ba dia com dezenas de mortes e milhares de desabrigados - Jornal Fatos e Not\u00edcias","robots":{"index":"index","follow":"follow","max-snippet":"max-snippet:-1","max-image-preview":"max-image-preview:large","max-video-preview":"max-video-preview:-1"},"canonical":"https:\/\/jornalfatosenoticias.com.br\/index.php\/2024\/05\/06\/tragedia-no-rio-grande-do-sul-chega-ao-10o-dia-com-dezenas-de-mortes-e-milhares-de-desabrigados\/","og_locale":"pt_BR","og_type":"article","og_title":"Trag\u00e9dia no Rio Grande do Sul chega ao 10\u00ba dia com dezenas de mortes e milhares de desabrigados - Jornal Fatos e Not\u00edcias","og_description":"Imagens da regi\u00e3o de Canoas Por Roberta Ribeiro As fortes chuvas no Rio Grande do Sul, que come\u00e7aram em 27 de abril, j\u00e1 causaram 83 mortes e deixaram 121.957 desalojados de acordo com atualiza\u00e7\u00f5es da Defesa Civil do estado na manh\u00e3 desta segunda-feira (6). Al\u00e9m da capital, Porto Alegre, as \u00e1reas mais afetadas no estado [&hellip;]","og_url":"https:\/\/jornalfatosenoticias.com.br\/index.php\/2024\/05\/06\/tragedia-no-rio-grande-do-sul-chega-ao-10o-dia-com-dezenas-de-mortes-e-milhares-de-desabrigados\/","og_site_name":"Jornal Fatos e Not\u00edcias","article_published_time":"2024-05-06T15:59:14+00:00","article_modified_time":"2024-05-06T15:59:15+00:00","og_image":[{"width":960,"height":540,"url":"https:\/\/jornalfatosenoticias.com.br\/wp-content\/uploads\/2024\/05\/rio-grande-canoas.jpeg","type":"image\/jpeg"}],"author":"Luzimara Fernandes","twitter_card":"summary_large_image","twitter_misc":{"Escrito por":"Luzimara Fernandes","Est. tempo de leitura":"9 minutos"},"schema":{"@context":"https:\/\/schema.org","@graph":[{"@type":"Article","@id":"https:\/\/jornalfatosenoticias.com.br\/index.php\/2024\/05\/06\/tragedia-no-rio-grande-do-sul-chega-ao-10o-dia-com-dezenas-de-mortes-e-milhares-de-desabrigados\/#article","isPartOf":{"@id":"https:\/\/jornalfatosenoticias.com.br\/index.php\/2024\/05\/06\/tragedia-no-rio-grande-do-sul-chega-ao-10o-dia-com-dezenas-de-mortes-e-milhares-de-desabrigados\/"},"author":{"name":"Luzimara Fernandes","@id":"https:\/\/jornalfatosenoticias.com.br\/#\/schema\/person\/d63837fa13ac8666eb9e74e0985d6f81"},"headline":"Trag\u00e9dia no Rio Grande do Sul chega ao 10\u00ba dia com dezenas de mortes e milhares de desabrigados","datePublished":"2024-05-06T15:59:14+00:00","dateModified":"2024-05-06T15:59:15+00:00","mainEntityOfPage":{"@id":"https:\/\/jornalfatosenoticias.com.br\/index.php\/2024\/05\/06\/tragedia-no-rio-grande-do-sul-chega-ao-10o-dia-com-dezenas-de-mortes-e-milhares-de-desabrigados\/"},"wordCount":1756,"commentCount":0,"publisher":{"@id":"https:\/\/jornalfatosenoticias.com.br\/#organization"},"image":{"@id":"https:\/\/jornalfatosenoticias.com.br\/index.php\/2024\/05\/06\/tragedia-no-rio-grande-do-sul-chega-ao-10o-dia-com-dezenas-de-mortes-e-milhares-de-desabrigados\/#primaryimage"},"thumbnailUrl":"https:\/\/jornalfatosenoticias.com.br\/wp-content\/uploads\/2024\/05\/rio-grande-canoas.jpeg","keywords":["cat\u00e1strofe","chuvas fortes","chuvas no RS","enchentes","Rio Grande do Sul","temporais"],"articleSection":["Geral"],"inLanguage":"pt-BR","potentialAction":[{"@type":"CommentAction","name":"Comment","target":["https:\/\/jornalfatosenoticias.com.br\/index.php\/2024\/05\/06\/tragedia-no-rio-grande-do-sul-chega-ao-10o-dia-com-dezenas-de-mortes-e-milhares-de-desabrigados\/#respond"]}]},{"@type":"WebPage","@id":"https:\/\/jornalfatosenoticias.com.br\/index.php\/2024\/05\/06\/tragedia-no-rio-grande-do-sul-chega-ao-10o-dia-com-dezenas-de-mortes-e-milhares-de-desabrigados\/","url":"https:\/\/jornalfatosenoticias.com.br\/index.php\/2024\/05\/06\/tragedia-no-rio-grande-do-sul-chega-ao-10o-dia-com-dezenas-de-mortes-e-milhares-de-desabrigados\/","name":"Trag\u00e9dia no Rio Grande do Sul chega ao 10\u00ba dia com dezenas de mortes e milhares de desabrigados - Jornal Fatos e Not\u00edcias","isPartOf":{"@id":"https:\/\/jornalfatosenoticias.com.br\/#website"},"primaryImageOfPage":{"@id":"https:\/\/jornalfatosenoticias.com.br\/index.php\/2024\/05\/06\/tragedia-no-rio-grande-do-sul-chega-ao-10o-dia-com-dezenas-de-mortes-e-milhares-de-desabrigados\/#primaryimage"},"image":{"@id":"https:\/\/jornalfatosenoticias.com.br\/index.php\/2024\/05\/06\/tragedia-no-rio-grande-do-sul-chega-ao-10o-dia-com-dezenas-de-mortes-e-milhares-de-desabrigados\/#primaryimage"},"thumbnailUrl":"https:\/\/jornalfatosenoticias.com.br\/wp-content\/uploads\/2024\/05\/rio-grande-canoas.jpeg","datePublished":"2024-05-06T15:59:14+00:00","dateModified":"2024-05-06T15:59:15+00:00","breadcrumb":{"@id":"https:\/\/jornalfatosenoticias.com.br\/index.php\/2024\/05\/06\/tragedia-no-rio-grande-do-sul-chega-ao-10o-dia-com-dezenas-de-mortes-e-milhares-de-desabrigados\/#breadcrumb"},"inLanguage":"pt-BR","potentialAction":[{"@type":"ReadAction","target":["https:\/\/jornalfatosenoticias.com.br\/index.php\/2024\/05\/06\/tragedia-no-rio-grande-do-sul-chega-ao-10o-dia-com-dezenas-de-mortes-e-milhares-de-desabrigados\/"]}]},{"@type":"ImageObject","inLanguage":"pt-BR","@id":"https:\/\/jornalfatosenoticias.com.br\/index.php\/2024\/05\/06\/tragedia-no-rio-grande-do-sul-chega-ao-10o-dia-com-dezenas-de-mortes-e-milhares-de-desabrigados\/#primaryimage","url":"https:\/\/jornalfatosenoticias.com.br\/wp-content\/uploads\/2024\/05\/rio-grande-canoas.jpeg","contentUrl":"https:\/\/jornalfatosenoticias.com.br\/wp-content\/uploads\/2024\/05\/rio-grande-canoas.jpeg","width":960,"height":540},{"@type":"BreadcrumbList","@id":"https:\/\/jornalfatosenoticias.com.br\/index.php\/2024\/05\/06\/tragedia-no-rio-grande-do-sul-chega-ao-10o-dia-com-dezenas-de-mortes-e-milhares-de-desabrigados\/#breadcrumb","itemListElement":[{"@type":"ListItem","position":1,"name":"In\u00edcio","item":"https:\/\/jornalfatosenoticias.com.br\/"},{"@type":"ListItem","position":2,"name":"Trag\u00e9dia no Rio Grande do Sul chega ao 10\u00ba dia com dezenas de mortes e milhares de desabrigados"}]},{"@type":"WebSite","@id":"https:\/\/jornalfatosenoticias.com.br\/#website","url":"https:\/\/jornalfatosenoticias.com.br\/","name":"Jornal Fatos e Not\u00edcias","description":"Not\u00edcias em geral","publisher":{"@id":"https:\/\/jornalfatosenoticias.com.br\/#organization"},"potentialAction":[{"@type":"SearchAction","target":{"@type":"EntryPoint","urlTemplate":"https:\/\/jornalfatosenoticias.com.br\/?s={search_term_string}"},"query-input":{"@type":"PropertyValueSpecification","valueRequired":true,"valueName":"search_term_string"}}],"inLanguage":"pt-BR"},{"@type":"Organization","@id":"https:\/\/jornalfatosenoticias.com.br\/#organization","name":"Jornal Fatos e Not\u00edcias","url":"https:\/\/jornalfatosenoticias.com.br\/","logo":{"@type":"ImageObject","inLanguage":"pt-BR","@id":"https:\/\/jornalfatosenoticias.com.br\/#\/schema\/logo\/image\/","url":"https:\/\/jornalfatosenoticias.com.br\/wp-content\/uploads\/2020\/02\/logo120.png","contentUrl":"https:\/\/jornalfatosenoticias.com.br\/wp-content\/uploads\/2020\/02\/logo120.png","width":1227,"height":120,"caption":"Jornal Fatos e Not\u00edcias"},"image":{"@id":"https:\/\/jornalfatosenoticias.com.br\/#\/schema\/logo\/image\/"}},{"@type":"Person","@id":"https:\/\/jornalfatosenoticias.com.br\/#\/schema\/person\/d63837fa13ac8666eb9e74e0985d6f81","name":"Luzimara Fernandes","image":{"@type":"ImageObject","inLanguage":"pt-BR","@id":"https:\/\/jornalfatosenoticias.com.br\/#\/schema\/person\/image\/","url":"https:\/\/jornalfatosenoticias.com.br\/wp-content\/uploads\/2025\/05\/EU_portal.jpg","contentUrl":"https:\/\/jornalfatosenoticias.com.br\/wp-content\/uploads\/2025\/05\/EU_portal.jpg","caption":"Luzimara Fernandes"},"description":"Jornalista MTB 2358-ES","sameAs":["https:\/\/jornalfatosenoticias.com.br"],"url":"https:\/\/jornalfatosenoticias.com.br\/index.php\/author\/luzimara\/"}]}},"cc_featured_image_caption":{"caption_text":"(Foto: Ricardo Stuckert\/PR)","source_text":"","source_url":""},"jetpack_featured_media_url":"https:\/\/jornalfatosenoticias.com.br\/wp-content\/uploads\/2024\/05\/rio-grande-canoas.jpeg","_links":{"self":[{"href":"https:\/\/jornalfatosenoticias.com.br\/index.php\/wp-json\/wp\/v2\/posts\/51020","targetHints":{"allow":["GET"]}}],"collection":[{"href":"https:\/\/jornalfatosenoticias.com.br\/index.php\/wp-json\/wp\/v2\/posts"}],"about":[{"href":"https:\/\/jornalfatosenoticias.com.br\/index.php\/wp-json\/wp\/v2\/types\/post"}],"author":[{"embeddable":true,"href":"https:\/\/jornalfatosenoticias.com.br\/index.php\/wp-json\/wp\/v2\/users\/2"}],"replies":[{"embeddable":true,"href":"https:\/\/jornalfatosenoticias.com.br\/index.php\/wp-json\/wp\/v2\/comments?post=51020"}],"version-history":[{"count":0,"href":"https:\/\/jornalfatosenoticias.com.br\/index.php\/wp-json\/wp\/v2\/posts\/51020\/revisions"}],"wp:featuredmedia":[{"embeddable":true,"href":"https:\/\/jornalfatosenoticias.com.br\/index.php\/wp-json\/wp\/v2\/media\/51021"}],"wp:attachment":[{"href":"https:\/\/jornalfatosenoticias.com.br\/index.php\/wp-json\/wp\/v2\/media?parent=51020"}],"wp:term":[{"taxonomy":"category","embeddable":true,"href":"https:\/\/jornalfatosenoticias.com.br\/index.php\/wp-json\/wp\/v2\/categories?post=51020"},{"taxonomy":"post_tag","embeddable":true,"href":"https:\/\/jornalfatosenoticias.com.br\/index.php\/wp-json\/wp\/v2\/tags?post=51020"}],"curies":[{"name":"wp","href":"https:\/\/api.w.org\/{rel}","templated":true}]}}