{"id":51023,"date":"2024-05-06T13:11:55","date_gmt":"2024-05-06T16:11:55","guid":{"rendered":"https:\/\/jornalfatosenoticias.com.br\/?p=51023"},"modified":"2024-05-06T13:13:15","modified_gmt":"2024-05-06T16:13:15","slug":"economista-apoiador-de-lula-diz-que-ha-clara-deterioracao-das-contas-publicas","status":"publish","type":"post","link":"https:\/\/jornalfatosenoticias.com.br\/index.php\/2024\/05\/06\/economista-apoiador-de-lula-diz-que-ha-clara-deterioracao-das-contas-publicas\/","title":{"rendered":"Economista, apoiador de Lula, diz que h\u00e1 \u201cclara deteriora\u00e7\u00e3o das contas p\u00fablicas\u201d"},"content":{"rendered":"\n<p><em><span class=\"has-inline-color has-black-color\">Arm\u00ednio Fraga, ex-presidente do Banco Central, diz que houve clara deteriora\u00e7\u00e3o das contas p\u00fablicas na gest\u00e3o de Lula 3<\/span><\/em><\/p>\n\n\n\n<p><span class=\"has-inline-color has-black-color\">Por <strong><a href=\"https:\/\/www.gazetadopovo.com.br\/autor\/ana-carolina-curvello\/\">Ana Carolina Curvello<\/a><\/strong><\/span><\/p>\n\n\n\n<div class=\"wp-block-image\"><figure class=\"aligncenter size-large\"><img loading=\"lazy\" decoding=\"async\" width=\"729\" height=\"90\" src=\"https:\/\/jornalfatosenoticias.com.br\/wp-content\/uploads\/2020\/02\/Logo_Mizu.png\" alt=\"\" class=\"wp-image-1441\" srcset=\"https:\/\/jornalfatosenoticias.com.br\/wp-content\/uploads\/2020\/02\/Logo_Mizu.png 729w, https:\/\/jornalfatosenoticias.com.br\/wp-content\/uploads\/2020\/02\/Logo_Mizu-300x37.png 300w\" sizes=\"auto, (max-width: 729px) 100vw, 729px\" \/><\/figure><\/div>\n\n\n\n<p>O economista Arm\u00ednio Fraga, ex-presidente do Banco Central, que apoiou Luiz In\u00e1cio Lula da Silva na \u00faltima elei\u00e7\u00e3o, estranhou os dados da ag\u00eancia de classifica\u00e7\u00e3o de risco Moody\u00b4s&nbsp;que melhorou a perspectiva da nota de cr\u00e9dito do governo brasileiro.<br>Para Fraga, o Brasil deveria ter sido rebaixado, assim como v\u00e1rios outros pa\u00edses do mundo, como os Estados Unidos, que t\u00eam se descuidado no controle das contas p\u00fablicas. Ele afirmou que o pa\u00eds apresenta &#8220;uma deteriora\u00e7\u00e3o expl\u00edcita, mas j\u00e1 muito bem percebida, no campo das finan\u00e7as p\u00fablicas&#8221;.<\/p>\n\n\n\n<div class=\"wp-block-image\"><figure class=\"aligncenter size-large is-resized\"><img loading=\"lazy\" decoding=\"async\" src=\"https:\/\/jornalfatosenoticias.com.br\/wp-content\/uploads\/2022\/02\/Precisao-Contabilidade-1024x724.jpg\" alt=\"\" class=\"wp-image-28088\" width=\"378\" height=\"267\"\/><\/figure><\/div>\n\n\n\n<blockquote class=\"wp-block-quote is-layout-flow wp-block-quote-is-layout-flow\"><p><span class=\"has-inline-color has-luminous-vivid-orange-color\">Fiquei surpreso com a decis\u00e3o da Moody\u2019s de dar\u00a0upgrade\u00a0ao Brasil. Essa classifica\u00e7\u00e3o tem a ver com a capacidade de o Pa\u00eds honrar seus compromissos externos. Mas, fora isso, acho que o Brasil deveria ter sido rebaixado. Temos uma deteriora\u00e7\u00e3o expl\u00edcita, mas j\u00e1 muito bem percebida, no campo das finan\u00e7as p\u00fablicas\u201d, afirmou em entrevista ao Estad\u00e3o, publicada nesta segunda (6).<\/span><\/p><\/blockquote>\n\n\n\n<div class=\"wp-block-image\"><figure class=\"aligncenter size-large is-resized\"><img loading=\"lazy\" decoding=\"async\" src=\"https:\/\/jornalfatosenoticias.com.br\/wp-content\/uploads\/2024\/01\/consultoria-ambiental.jpg\" alt=\"\" class=\"wp-image-48314\" width=\"322\" height=\"291\" srcset=\"https:\/\/jornalfatosenoticias.com.br\/wp-content\/uploads\/2024\/01\/consultoria-ambiental.jpg 832w, https:\/\/jornalfatosenoticias.com.br\/wp-content\/uploads\/2024\/01\/consultoria-ambiental-300x272.jpg 300w, https:\/\/jornalfatosenoticias.com.br\/wp-content\/uploads\/2024\/01\/consultoria-ambiental-768x696.jpg 768w\" sizes=\"auto, (max-width: 322px) 100vw, 322px\" \/><\/figure><\/div>\n\n\n\n<p>A atual nota do pa\u00eds indica um risco maior para investimentos estrangeiros. Com a mudan\u00e7a na perspectiva, a ag\u00eancia sinaliza que pode elevar o rating no futuro. A Moody&#8217;s enfatizou a import\u00e2ncia da manuten\u00e7\u00e3o da credibilidade do arcabou\u00e7o fiscal para a &#8220;redu\u00e7\u00e3o das incertezas a respeito da trajet\u00f3ria fiscal&#8221;.<\/p>\n\n\n\n<div class=\"wp-block-image\"><figure class=\"aligncenter size-large is-resized\"><img loading=\"lazy\" decoding=\"async\" src=\"https:\/\/jornalfatosenoticias.com.br\/wp-content\/uploads\/2023\/03\/nova-logo-Marquetti.jpg\" alt=\"\" class=\"wp-image-40207\" width=\"350\" height=\"235\" srcset=\"https:\/\/jornalfatosenoticias.com.br\/wp-content\/uploads\/2023\/03\/nova-logo-Marquetti.jpg 643w, https:\/\/jornalfatosenoticias.com.br\/wp-content\/uploads\/2023\/03\/nova-logo-Marquetti-300x202.jpg 300w\" sizes=\"auto, (max-width: 350px) 100vw, 350px\" \/><\/figure><\/div>\n\n\n\n<p> A ag\u00eancia apontou que a classifica\u00e7\u00e3o Ba2 est\u00e1 &#8220;baseada na for\u00e7a fiscal ainda relativamente fraca do Brasil, dado o n\u00edvel elevado de endividamento do pa\u00eds e sua fraca capacidade de pagamento da d\u00edvida, que permanece sens\u00edvel a choques econ\u00f4micos ou financeiros&#8221;.<\/p>\n\n\n\n<div class=\"wp-block-image\"><figure class=\"aligncenter size-large is-resized\"><img loading=\"lazy\" decoding=\"async\" src=\"https:\/\/jornalfatosenoticias.com.br\/wp-content\/uploads\/2023\/12\/pegoretti-logo-pdf-1024x389.jpg\" alt=\"\" class=\"wp-image-47536\" width=\"480\" height=\"182\" srcset=\"https:\/\/jornalfatosenoticias.com.br\/wp-content\/uploads\/2023\/12\/pegoretti-logo-pdf-1024x389.jpg 1024w, https:\/\/jornalfatosenoticias.com.br\/wp-content\/uploads\/2023\/12\/pegoretti-logo-pdf-300x114.jpg 300w, https:\/\/jornalfatosenoticias.com.br\/wp-content\/uploads\/2023\/12\/pegoretti-logo-pdf-768x291.jpg 768w, https:\/\/jornalfatosenoticias.com.br\/wp-content\/uploads\/2023\/12\/pegoretti-logo-pdf.jpg 1120w\" sizes=\"auto, (max-width: 480px) 100vw, 480px\" \/><\/figure><\/div>\n\n\n\n<p>Outra cr\u00edtica feita pelo economista foi em rela\u00e7\u00e3o ao arcabou\u00e7o apresentado pelo ministro da Fazenda, Fernando Haddad. Segundo ele, a medida &#8220;n\u00e3o est\u00e1 dando certo&#8221; e ainda apontou que o Brasil tem apresentado uma &#8220;dificuldade escancarada&#8221; na \u00e1rea fiscal.<\/p>\n\n\n\n<div class=\"wp-block-image\"><figure class=\"aligncenter size-large is-resized\"><img loading=\"lazy\" decoding=\"async\" src=\"https:\/\/jornalfatosenoticias.com.br\/wp-content\/uploads\/2020\/02\/CONTROL-CS.jpg\" alt=\"\" class=\"wp-image-44991\" width=\"323\" height=\"388\" srcset=\"https:\/\/jornalfatosenoticias.com.br\/wp-content\/uploads\/2020\/02\/CONTROL-CS.jpg 834w, https:\/\/jornalfatosenoticias.com.br\/wp-content\/uploads\/2020\/02\/CONTROL-CS-250x300.jpg 250w, https:\/\/jornalfatosenoticias.com.br\/wp-content\/uploads\/2020\/02\/CONTROL-CS-768x921.jpg 768w\" sizes=\"auto, (max-width: 323px) 100vw, 323px\" \/><\/figure><\/div>\n\n\n\n<blockquote class=\"wp-block-quote is-layout-flow wp-block-quote-is-layout-flow\"><p><span class=\"has-inline-color has-luminous-vivid-orange-color\">N\u00e3o tem sido uma trajet\u00f3ria de progresso. N\u00e3o foi at\u00e9 agora. Fui um dos primeiros a apoiar publicamente o arcabou\u00e7o que o ministro Fernando Haddad apresentou, essencialmente porque o que ele fez foi um movimento em dire\u00e7\u00e3o contr\u00e1ria ao que o presidente da Rep\u00fablica vinha defendendo. Foi admir\u00e1vel. Mas n\u00e3o est\u00e1 dando certo&#8221;, declarou Fraga. E ainda acrescentou: &#8220;O Brasil n\u00e3o \u00e9 a Venezuela nem a Argentina, mas n\u00e3o h\u00e1 nada que sinalize que vamos entrar em um processo de crescimento mais acelerado e sustent\u00e1vel&#8221;.<\/span><\/p><\/blockquote>\n\n\n\n<div class=\"wp-block-image\"><figure class=\"aligncenter size-large is-resized\"><img loading=\"lazy\" decoding=\"async\" src=\"https:\/\/jornalfatosenoticias.com.br\/wp-content\/uploads\/2023\/09\/vetorvix1024_1.jpg\" alt=\"\" class=\"wp-image-44868\" width=\"513\" height=\"136\" srcset=\"https:\/\/jornalfatosenoticias.com.br\/wp-content\/uploads\/2023\/09\/vetorvix1024_1.jpg 1024w, https:\/\/jornalfatosenoticias.com.br\/wp-content\/uploads\/2023\/09\/vetorvix1024_1-300x80.jpg 300w, https:\/\/jornalfatosenoticias.com.br\/wp-content\/uploads\/2023\/09\/vetorvix1024_1-768x205.jpg 768w\" sizes=\"auto, (max-width: 513px) 100vw, 513px\" \/><\/figure><\/div>\n\n\n\n<p>J\u00e1 sobre a flexibiliza\u00e7\u00e3o do arcabou\u00e7o para conter as despesas, como sal\u00e1rio m\u00ednimo e pisos da sa\u00fade e educa\u00e7\u00e3o, o economista avalia que a situa\u00e7\u00e3o representa &#8220;um problema enorme de falta de prioridade do gasto p\u00fablico&#8221;. <\/p>\n\n\n\n<div class=\"wp-block-image\"><figure class=\"aligncenter size-large\"><img decoding=\"async\" src=\"https:\/\/jornalfatosenoticias.com.br\/wp-content\/uploads\/2020\/02\/logo_esteio.jpg\" alt=\"\" class=\"wp-image-1214\"\/><\/figure><\/div>\n\n\n\n<blockquote class=\"wp-block-quote is-layout-flow wp-block-quote-is-layout-flow\"><p><span class=\"has-inline-color has-luminous-vivid-orange-color\">\u00c9 um quadro fr\u00e1gil. Em algum momento vai ter de ser repensado, mas temo que n\u00e3o aconte\u00e7a durante o atual governo. E temo que isso possa l\u00e1 na frente gerar uma frustra\u00e7\u00e3o econ\u00f4mica e uma revers\u00e3o pol\u00edtica&#8221;, disse. <\/span><\/p><\/blockquote>\n\n\n\n<div class=\"wp-block-image\"><figure class=\"aligncenter size-large\"><img loading=\"lazy\" decoding=\"async\" width=\"300\" height=\"250\" src=\"https:\/\/jornalfatosenoticias.com.br\/wp-content\/uploads\/2022\/02\/FERRARI_MAQUINAS-E-FERRAMENTAS2.jpg\" alt=\"\" class=\"wp-image-27860\"\/><\/figure><\/div>\n\n\n\n<p>O economista tamb\u00e9m ressaltou que a piora das contas p\u00fablicas talvez possa levar a uma revers\u00e3o n\u00e3o s\u00f3 econ\u00f4mica, mas tamb\u00e9m pol\u00edtica, mais \u00e0 frente. <\/p>\n\n\n\n<blockquote class=\"wp-block-quote is-layout-flow wp-block-quote-is-layout-flow\"><p><span class=\"has-inline-color has-luminous-vivid-orange-color\">Se for uma revers\u00e3o\u00a0(pol\u00edtica)\u00a0moderada, tudo bem. Sair da centro-esquerda para a centro-direita. Mas se for um governo que caminha mais para a esquerda e produza uma rea\u00e7\u00e3o para a extrema-direita, a\u00ed seria uma desgra\u00e7a\u201d, declarou.<\/span><\/p><\/blockquote>\n\n\n\n<p><em><span class=\"has-inline-color has-black-color\">(<strong>Foto de capa:<\/strong> World Economic Forum\/Flickr\/CC\/Reprodu\u00e7\u00e3o)<\/span><\/em><\/p>\n\n\n\n<div class=\"wp-block-image\"><figure class=\"aligncenter size-large\"><img loading=\"lazy\" decoding=\"async\" width=\"300\" height=\"250\" src=\"https:\/\/jornalfatosenoticias.com.br\/wp-content\/uploads\/2020\/02\/Banner-2.png\" alt=\"\" class=\"wp-image-43787\"\/><\/figure><\/div>\n\n\n\n<p><strong><em>Fonte: <a href=\"https:\/\/www.gazetadopovo.com.br\/economia\/economista-apoiador-de-lula-diz-que-ha-clara-deterioracao-das-contas-publicas\/\">Gazeta do Povo<\/a><\/em><\/strong><\/p>\n","protected":false},"excerpt":{"rendered":"<p>Arm\u00ednio Fraga, ex-presidente do Banco Central, diz que houve clara deteriora\u00e7\u00e3o das contas p\u00fablicas na gest\u00e3o de Lula 3 Por Ana Carolina Curvello O economista Arm\u00ednio Fraga, ex-presidente do Banco Central, que apoiou Luiz In\u00e1cio Lula da Silva na \u00faltima elei\u00e7\u00e3o, estranhou os dados da ag\u00eancia de classifica\u00e7\u00e3o de risco Moody\u00b4s&nbsp;que melhorou a perspectiva da [&hellip;]<\/p>\n","protected":false},"author":2,"featured_media":51024,"comment_status":"open","ping_status":"open","sticky":false,"template":"","format":"standard","meta":{"footnotes":""},"categories":[9],"tags":[],"class_list":["post-51023","post","type-post","status-publish","format-standard","has-post-thumbnail","hentry","category-economia"],"yoast_head":"<!-- This site is optimized with the Yoast SEO plugin v26.5 - https:\/\/yoast.com\/wordpress\/plugins\/seo\/ -->\n<title>Economista, apoiador de Lula, diz que h\u00e1 \u201cclara deteriora\u00e7\u00e3o das contas p\u00fablicas\u201d - Jornal Fatos e Not\u00edcias<\/title>\n<meta name=\"robots\" content=\"index, follow, max-snippet:-1, max-image-preview:large, max-video-preview:-1\" \/>\n<link rel=\"canonical\" href=\"https:\/\/jornalfatosenoticias.com.br\/index.php\/2024\/05\/06\/economista-apoiador-de-lula-diz-que-ha-clara-deterioracao-das-contas-publicas\/\" \/>\n<meta property=\"og:locale\" content=\"pt_BR\" \/>\n<meta property=\"og:type\" content=\"article\" \/>\n<meta property=\"og:title\" content=\"Economista, apoiador de Lula, diz que h\u00e1 \u201cclara deteriora\u00e7\u00e3o das contas p\u00fablicas\u201d - Jornal Fatos e Not\u00edcias\" \/>\n<meta property=\"og:description\" content=\"Arm\u00ednio Fraga, ex-presidente do Banco Central, diz que houve clara deteriora\u00e7\u00e3o das contas p\u00fablicas na gest\u00e3o de Lula 3 Por Ana Carolina Curvello O economista Arm\u00ednio Fraga, ex-presidente do Banco Central, que apoiou Luiz In\u00e1cio Lula da Silva na \u00faltima elei\u00e7\u00e3o, estranhou os dados da ag\u00eancia de classifica\u00e7\u00e3o de risco Moody\u00b4s&nbsp;que melhorou a perspectiva da [&hellip;]\" \/>\n<meta property=\"og:url\" content=\"https:\/\/jornalfatosenoticias.com.br\/index.php\/2024\/05\/06\/economista-apoiador-de-lula-diz-que-ha-clara-deterioracao-das-contas-publicas\/\" \/>\n<meta property=\"og:site_name\" content=\"Jornal Fatos e Not\u00edcias\" \/>\n<meta property=\"article:published_time\" content=\"2024-05-06T16:11:55+00:00\" \/>\n<meta property=\"article:modified_time\" content=\"2024-05-06T16:13:15+00:00\" \/>\n<meta property=\"og:image\" content=\"https:\/\/jornalfatosenoticias.com.br\/wp-content\/uploads\/2024\/05\/Armi\u0301nio-Fraga-e-Lula.png\" \/>\n\t<meta property=\"og:image:width\" content=\"900\" \/>\n\t<meta property=\"og:image:height\" content=\"520\" \/>\n\t<meta property=\"og:image:type\" content=\"image\/png\" \/>\n<meta name=\"author\" content=\"Luzimara Fernandes\" \/>\n<meta name=\"twitter:card\" content=\"summary_large_image\" \/>\n<meta name=\"twitter:label1\" content=\"Escrito por\" \/>\n\t<meta name=\"twitter:data1\" content=\"Luzimara Fernandes\" \/>\n\t<meta name=\"twitter:label2\" content=\"Est. tempo de leitura\" \/>\n\t<meta name=\"twitter:data2\" content=\"3 minutos\" \/>\n<script type=\"application\/ld+json\" class=\"yoast-schema-graph\">{\"@context\":\"https:\/\/schema.org\",\"@graph\":[{\"@type\":\"Article\",\"@id\":\"https:\/\/jornalfatosenoticias.com.br\/index.php\/2024\/05\/06\/economista-apoiador-de-lula-diz-que-ha-clara-deterioracao-das-contas-publicas\/#article\",\"isPartOf\":{\"@id\":\"https:\/\/jornalfatosenoticias.com.br\/index.php\/2024\/05\/06\/economista-apoiador-de-lula-diz-que-ha-clara-deterioracao-das-contas-publicas\/\"},\"author\":{\"name\":\"Luzimara Fernandes\",\"@id\":\"https:\/\/jornalfatosenoticias.com.br\/#\/schema\/person\/d63837fa13ac8666eb9e74e0985d6f81\"},\"headline\":\"Economista, apoiador de Lula, diz que h\u00e1 \u201cclara deteriora\u00e7\u00e3o das contas p\u00fablicas\u201d\",\"datePublished\":\"2024-05-06T16:11:55+00:00\",\"dateModified\":\"2024-05-06T16:13:15+00:00\",\"mainEntityOfPage\":{\"@id\":\"https:\/\/jornalfatosenoticias.com.br\/index.php\/2024\/05\/06\/economista-apoiador-de-lula-diz-que-ha-clara-deterioracao-das-contas-publicas\/\"},\"wordCount\":631,\"commentCount\":0,\"publisher\":{\"@id\":\"https:\/\/jornalfatosenoticias.com.br\/#organization\"},\"image\":{\"@id\":\"https:\/\/jornalfatosenoticias.com.br\/index.php\/2024\/05\/06\/economista-apoiador-de-lula-diz-que-ha-clara-deterioracao-das-contas-publicas\/#primaryimage\"},\"thumbnailUrl\":\"https:\/\/jornalfatosenoticias.com.br\/wp-content\/uploads\/2024\/05\/Armi\u0301nio-Fraga-e-Lula.png\",\"articleSection\":[\"Economia\"],\"inLanguage\":\"pt-BR\",\"potentialAction\":[{\"@type\":\"CommentAction\",\"name\":\"Comment\",\"target\":[\"https:\/\/jornalfatosenoticias.com.br\/index.php\/2024\/05\/06\/economista-apoiador-de-lula-diz-que-ha-clara-deterioracao-das-contas-publicas\/#respond\"]}]},{\"@type\":\"WebPage\",\"@id\":\"https:\/\/jornalfatosenoticias.com.br\/index.php\/2024\/05\/06\/economista-apoiador-de-lula-diz-que-ha-clara-deterioracao-das-contas-publicas\/\",\"url\":\"https:\/\/jornalfatosenoticias.com.br\/index.php\/2024\/05\/06\/economista-apoiador-de-lula-diz-que-ha-clara-deterioracao-das-contas-publicas\/\",\"name\":\"Economista, apoiador de Lula, diz que h\u00e1 \u201cclara deteriora\u00e7\u00e3o das contas p\u00fablicas\u201d - Jornal Fatos e Not\u00edcias\",\"isPartOf\":{\"@id\":\"https:\/\/jornalfatosenoticias.com.br\/#website\"},\"primaryImageOfPage\":{\"@id\":\"https:\/\/jornalfatosenoticias.com.br\/index.php\/2024\/05\/06\/economista-apoiador-de-lula-diz-que-ha-clara-deterioracao-das-contas-publicas\/#primaryimage\"},\"image\":{\"@id\":\"https:\/\/jornalfatosenoticias.com.br\/index.php\/2024\/05\/06\/economista-apoiador-de-lula-diz-que-ha-clara-deterioracao-das-contas-publicas\/#primaryimage\"},\"thumbnailUrl\":\"https:\/\/jornalfatosenoticias.com.br\/wp-content\/uploads\/2024\/05\/Armi\u0301nio-Fraga-e-Lula.png\",\"datePublished\":\"2024-05-06T16:11:55+00:00\",\"dateModified\":\"2024-05-06T16:13:15+00:00\",\"breadcrumb\":{\"@id\":\"https:\/\/jornalfatosenoticias.com.br\/index.php\/2024\/05\/06\/economista-apoiador-de-lula-diz-que-ha-clara-deterioracao-das-contas-publicas\/#breadcrumb\"},\"inLanguage\":\"pt-BR\",\"potentialAction\":[{\"@type\":\"ReadAction\",\"target\":[\"https:\/\/jornalfatosenoticias.com.br\/index.php\/2024\/05\/06\/economista-apoiador-de-lula-diz-que-ha-clara-deterioracao-das-contas-publicas\/\"]}]},{\"@type\":\"ImageObject\",\"inLanguage\":\"pt-BR\",\"@id\":\"https:\/\/jornalfatosenoticias.com.br\/index.php\/2024\/05\/06\/economista-apoiador-de-lula-diz-que-ha-clara-deterioracao-das-contas-publicas\/#primaryimage\",\"url\":\"https:\/\/jornalfatosenoticias.com.br\/wp-content\/uploads\/2024\/05\/Armi\u0301nio-Fraga-e-Lula.png\",\"contentUrl\":\"https:\/\/jornalfatosenoticias.com.br\/wp-content\/uploads\/2024\/05\/Armi\u0301nio-Fraga-e-Lula.png\",\"width\":900,\"height\":520},{\"@type\":\"BreadcrumbList\",\"@id\":\"https:\/\/jornalfatosenoticias.com.br\/index.php\/2024\/05\/06\/economista-apoiador-de-lula-diz-que-ha-clara-deterioracao-das-contas-publicas\/#breadcrumb\",\"itemListElement\":[{\"@type\":\"ListItem\",\"position\":1,\"name\":\"In\u00edcio\",\"item\":\"https:\/\/jornalfatosenoticias.com.br\/\"},{\"@type\":\"ListItem\",\"position\":2,\"name\":\"Economista, apoiador de Lula, diz que h\u00e1 \u201cclara deteriora\u00e7\u00e3o das contas p\u00fablicas\u201d\"}]},{\"@type\":\"WebSite\",\"@id\":\"https:\/\/jornalfatosenoticias.com.br\/#website\",\"url\":\"https:\/\/jornalfatosenoticias.com.br\/\",\"name\":\"Jornal Fatos e Not\u00edcias\",\"description\":\"Not\u00edcias em geral\",\"publisher\":{\"@id\":\"https:\/\/jornalfatosenoticias.com.br\/#organization\"},\"potentialAction\":[{\"@type\":\"SearchAction\",\"target\":{\"@type\":\"EntryPoint\",\"urlTemplate\":\"https:\/\/jornalfatosenoticias.com.br\/?s={search_term_string}\"},\"query-input\":{\"@type\":\"PropertyValueSpecification\",\"valueRequired\":true,\"valueName\":\"search_term_string\"}}],\"inLanguage\":\"pt-BR\"},{\"@type\":\"Organization\",\"@id\":\"https:\/\/jornalfatosenoticias.com.br\/#organization\",\"name\":\"Jornal Fatos e Not\u00edcias\",\"url\":\"https:\/\/jornalfatosenoticias.com.br\/\",\"logo\":{\"@type\":\"ImageObject\",\"inLanguage\":\"pt-BR\",\"@id\":\"https:\/\/jornalfatosenoticias.com.br\/#\/schema\/logo\/image\/\",\"url\":\"https:\/\/jornalfatosenoticias.com.br\/wp-content\/uploads\/2020\/02\/logo120.png\",\"contentUrl\":\"https:\/\/jornalfatosenoticias.com.br\/wp-content\/uploads\/2020\/02\/logo120.png\",\"width\":1227,\"height\":120,\"caption\":\"Jornal Fatos e Not\u00edcias\"},\"image\":{\"@id\":\"https:\/\/jornalfatosenoticias.com.br\/#\/schema\/logo\/image\/\"}},{\"@type\":\"Person\",\"@id\":\"https:\/\/jornalfatosenoticias.com.br\/#\/schema\/person\/d63837fa13ac8666eb9e74e0985d6f81\",\"name\":\"Luzimara Fernandes\",\"image\":{\"@type\":\"ImageObject\",\"inLanguage\":\"pt-BR\",\"@id\":\"https:\/\/jornalfatosenoticias.com.br\/#\/schema\/person\/image\/\",\"url\":\"https:\/\/jornalfatosenoticias.com.br\/wp-content\/uploads\/2025\/05\/EU_portal.jpg\",\"contentUrl\":\"https:\/\/jornalfatosenoticias.com.br\/wp-content\/uploads\/2025\/05\/EU_portal.jpg\",\"caption\":\"Luzimara Fernandes\"},\"description\":\"Jornalista MTB 2358-ES\",\"sameAs\":[\"https:\/\/jornalfatosenoticias.com.br\"],\"url\":\"https:\/\/jornalfatosenoticias.com.br\/index.php\/author\/luzimara\/\"}]}<\/script>\n<!-- \/ Yoast SEO plugin. -->","yoast_head_json":{"title":"Economista, apoiador de Lula, diz que h\u00e1 \u201cclara deteriora\u00e7\u00e3o das contas p\u00fablicas\u201d - Jornal Fatos e Not\u00edcias","robots":{"index":"index","follow":"follow","max-snippet":"max-snippet:-1","max-image-preview":"max-image-preview:large","max-video-preview":"max-video-preview:-1"},"canonical":"https:\/\/jornalfatosenoticias.com.br\/index.php\/2024\/05\/06\/economista-apoiador-de-lula-diz-que-ha-clara-deterioracao-das-contas-publicas\/","og_locale":"pt_BR","og_type":"article","og_title":"Economista, apoiador de Lula, diz que h\u00e1 \u201cclara deteriora\u00e7\u00e3o das contas p\u00fablicas\u201d - Jornal Fatos e Not\u00edcias","og_description":"Arm\u00ednio Fraga, ex-presidente do Banco Central, diz que houve clara deteriora\u00e7\u00e3o das contas p\u00fablicas na gest\u00e3o de Lula 3 Por Ana Carolina Curvello O economista Arm\u00ednio Fraga, ex-presidente do Banco Central, que apoiou Luiz In\u00e1cio Lula da Silva na \u00faltima elei\u00e7\u00e3o, estranhou os dados da ag\u00eancia de classifica\u00e7\u00e3o de risco Moody\u00b4s&nbsp;que melhorou a perspectiva da [&hellip;]","og_url":"https:\/\/jornalfatosenoticias.com.br\/index.php\/2024\/05\/06\/economista-apoiador-de-lula-diz-que-ha-clara-deterioracao-das-contas-publicas\/","og_site_name":"Jornal Fatos e Not\u00edcias","article_published_time":"2024-05-06T16:11:55+00:00","article_modified_time":"2024-05-06T16:13:15+00:00","og_image":[{"width":900,"height":520,"url":"https:\/\/jornalfatosenoticias.com.br\/wp-content\/uploads\/2024\/05\/Armi\u0301nio-Fraga-e-Lula.png","type":"image\/png"}],"author":"Luzimara Fernandes","twitter_card":"summary_large_image","twitter_misc":{"Escrito por":"Luzimara Fernandes","Est. tempo de leitura":"3 minutos"},"schema":{"@context":"https:\/\/schema.org","@graph":[{"@type":"Article","@id":"https:\/\/jornalfatosenoticias.com.br\/index.php\/2024\/05\/06\/economista-apoiador-de-lula-diz-que-ha-clara-deterioracao-das-contas-publicas\/#article","isPartOf":{"@id":"https:\/\/jornalfatosenoticias.com.br\/index.php\/2024\/05\/06\/economista-apoiador-de-lula-diz-que-ha-clara-deterioracao-das-contas-publicas\/"},"author":{"name":"Luzimara Fernandes","@id":"https:\/\/jornalfatosenoticias.com.br\/#\/schema\/person\/d63837fa13ac8666eb9e74e0985d6f81"},"headline":"Economista, apoiador de Lula, diz que h\u00e1 \u201cclara deteriora\u00e7\u00e3o das contas p\u00fablicas\u201d","datePublished":"2024-05-06T16:11:55+00:00","dateModified":"2024-05-06T16:13:15+00:00","mainEntityOfPage":{"@id":"https:\/\/jornalfatosenoticias.com.br\/index.php\/2024\/05\/06\/economista-apoiador-de-lula-diz-que-ha-clara-deterioracao-das-contas-publicas\/"},"wordCount":631,"commentCount":0,"publisher":{"@id":"https:\/\/jornalfatosenoticias.com.br\/#organization"},"image":{"@id":"https:\/\/jornalfatosenoticias.com.br\/index.php\/2024\/05\/06\/economista-apoiador-de-lula-diz-que-ha-clara-deterioracao-das-contas-publicas\/#primaryimage"},"thumbnailUrl":"https:\/\/jornalfatosenoticias.com.br\/wp-content\/uploads\/2024\/05\/Armi\u0301nio-Fraga-e-Lula.png","articleSection":["Economia"],"inLanguage":"pt-BR","potentialAction":[{"@type":"CommentAction","name":"Comment","target":["https:\/\/jornalfatosenoticias.com.br\/index.php\/2024\/05\/06\/economista-apoiador-de-lula-diz-que-ha-clara-deterioracao-das-contas-publicas\/#respond"]}]},{"@type":"WebPage","@id":"https:\/\/jornalfatosenoticias.com.br\/index.php\/2024\/05\/06\/economista-apoiador-de-lula-diz-que-ha-clara-deterioracao-das-contas-publicas\/","url":"https:\/\/jornalfatosenoticias.com.br\/index.php\/2024\/05\/06\/economista-apoiador-de-lula-diz-que-ha-clara-deterioracao-das-contas-publicas\/","name":"Economista, apoiador de Lula, diz que h\u00e1 \u201cclara deteriora\u00e7\u00e3o das contas p\u00fablicas\u201d - Jornal Fatos e Not\u00edcias","isPartOf":{"@id":"https:\/\/jornalfatosenoticias.com.br\/#website"},"primaryImageOfPage":{"@id":"https:\/\/jornalfatosenoticias.com.br\/index.php\/2024\/05\/06\/economista-apoiador-de-lula-diz-que-ha-clara-deterioracao-das-contas-publicas\/#primaryimage"},"image":{"@id":"https:\/\/jornalfatosenoticias.com.br\/index.php\/2024\/05\/06\/economista-apoiador-de-lula-diz-que-ha-clara-deterioracao-das-contas-publicas\/#primaryimage"},"thumbnailUrl":"https:\/\/jornalfatosenoticias.com.br\/wp-content\/uploads\/2024\/05\/Armi\u0301nio-Fraga-e-Lula.png","datePublished":"2024-05-06T16:11:55+00:00","dateModified":"2024-05-06T16:13:15+00:00","breadcrumb":{"@id":"https:\/\/jornalfatosenoticias.com.br\/index.php\/2024\/05\/06\/economista-apoiador-de-lula-diz-que-ha-clara-deterioracao-das-contas-publicas\/#breadcrumb"},"inLanguage":"pt-BR","potentialAction":[{"@type":"ReadAction","target":["https:\/\/jornalfatosenoticias.com.br\/index.php\/2024\/05\/06\/economista-apoiador-de-lula-diz-que-ha-clara-deterioracao-das-contas-publicas\/"]}]},{"@type":"ImageObject","inLanguage":"pt-BR","@id":"https:\/\/jornalfatosenoticias.com.br\/index.php\/2024\/05\/06\/economista-apoiador-de-lula-diz-que-ha-clara-deterioracao-das-contas-publicas\/#primaryimage","url":"https:\/\/jornalfatosenoticias.com.br\/wp-content\/uploads\/2024\/05\/Armi\u0301nio-Fraga-e-Lula.png","contentUrl":"https:\/\/jornalfatosenoticias.com.br\/wp-content\/uploads\/2024\/05\/Armi\u0301nio-Fraga-e-Lula.png","width":900,"height":520},{"@type":"BreadcrumbList","@id":"https:\/\/jornalfatosenoticias.com.br\/index.php\/2024\/05\/06\/economista-apoiador-de-lula-diz-que-ha-clara-deterioracao-das-contas-publicas\/#breadcrumb","itemListElement":[{"@type":"ListItem","position":1,"name":"In\u00edcio","item":"https:\/\/jornalfatosenoticias.com.br\/"},{"@type":"ListItem","position":2,"name":"Economista, apoiador de Lula, diz que h\u00e1 \u201cclara deteriora\u00e7\u00e3o das contas p\u00fablicas\u201d"}]},{"@type":"WebSite","@id":"https:\/\/jornalfatosenoticias.com.br\/#website","url":"https:\/\/jornalfatosenoticias.com.br\/","name":"Jornal Fatos e Not\u00edcias","description":"Not\u00edcias em geral","publisher":{"@id":"https:\/\/jornalfatosenoticias.com.br\/#organization"},"potentialAction":[{"@type":"SearchAction","target":{"@type":"EntryPoint","urlTemplate":"https:\/\/jornalfatosenoticias.com.br\/?s={search_term_string}"},"query-input":{"@type":"PropertyValueSpecification","valueRequired":true,"valueName":"search_term_string"}}],"inLanguage":"pt-BR"},{"@type":"Organization","@id":"https:\/\/jornalfatosenoticias.com.br\/#organization","name":"Jornal Fatos e Not\u00edcias","url":"https:\/\/jornalfatosenoticias.com.br\/","logo":{"@type":"ImageObject","inLanguage":"pt-BR","@id":"https:\/\/jornalfatosenoticias.com.br\/#\/schema\/logo\/image\/","url":"https:\/\/jornalfatosenoticias.com.br\/wp-content\/uploads\/2020\/02\/logo120.png","contentUrl":"https:\/\/jornalfatosenoticias.com.br\/wp-content\/uploads\/2020\/02\/logo120.png","width":1227,"height":120,"caption":"Jornal Fatos e Not\u00edcias"},"image":{"@id":"https:\/\/jornalfatosenoticias.com.br\/#\/schema\/logo\/image\/"}},{"@type":"Person","@id":"https:\/\/jornalfatosenoticias.com.br\/#\/schema\/person\/d63837fa13ac8666eb9e74e0985d6f81","name":"Luzimara Fernandes","image":{"@type":"ImageObject","inLanguage":"pt-BR","@id":"https:\/\/jornalfatosenoticias.com.br\/#\/schema\/person\/image\/","url":"https:\/\/jornalfatosenoticias.com.br\/wp-content\/uploads\/2025\/05\/EU_portal.jpg","contentUrl":"https:\/\/jornalfatosenoticias.com.br\/wp-content\/uploads\/2025\/05\/EU_portal.jpg","caption":"Luzimara Fernandes"},"description":"Jornalista MTB 2358-ES","sameAs":["https:\/\/jornalfatosenoticias.com.br"],"url":"https:\/\/jornalfatosenoticias.com.br\/index.php\/author\/luzimara\/"}]}},"cc_featured_image_caption":{"caption_text":"","source_text":"","source_url":""},"jetpack_featured_media_url":"https:\/\/jornalfatosenoticias.com.br\/wp-content\/uploads\/2024\/05\/Armi\u0301nio-Fraga-e-Lula.png","_links":{"self":[{"href":"https:\/\/jornalfatosenoticias.com.br\/index.php\/wp-json\/wp\/v2\/posts\/51023","targetHints":{"allow":["GET"]}}],"collection":[{"href":"https:\/\/jornalfatosenoticias.com.br\/index.php\/wp-json\/wp\/v2\/posts"}],"about":[{"href":"https:\/\/jornalfatosenoticias.com.br\/index.php\/wp-json\/wp\/v2\/types\/post"}],"author":[{"embeddable":true,"href":"https:\/\/jornalfatosenoticias.com.br\/index.php\/wp-json\/wp\/v2\/users\/2"}],"replies":[{"embeddable":true,"href":"https:\/\/jornalfatosenoticias.com.br\/index.php\/wp-json\/wp\/v2\/comments?post=51023"}],"version-history":[{"count":0,"href":"https:\/\/jornalfatosenoticias.com.br\/index.php\/wp-json\/wp\/v2\/posts\/51023\/revisions"}],"wp:featuredmedia":[{"embeddable":true,"href":"https:\/\/jornalfatosenoticias.com.br\/index.php\/wp-json\/wp\/v2\/media\/51024"}],"wp:attachment":[{"href":"https:\/\/jornalfatosenoticias.com.br\/index.php\/wp-json\/wp\/v2\/media?parent=51023"}],"wp:term":[{"taxonomy":"category","embeddable":true,"href":"https:\/\/jornalfatosenoticias.com.br\/index.php\/wp-json\/wp\/v2\/categories?post=51023"},{"taxonomy":"post_tag","embeddable":true,"href":"https:\/\/jornalfatosenoticias.com.br\/index.php\/wp-json\/wp\/v2\/tags?post=51023"}],"curies":[{"name":"wp","href":"https:\/\/api.w.org\/{rel}","templated":true}]}}