{"id":51046,"date":"2024-05-07T09:35:30","date_gmt":"2024-05-07T12:35:30","guid":{"rendered":"https:\/\/jornalfatosenoticias.com.br\/?p=51046"},"modified":"2024-05-07T09:36:07","modified_gmt":"2024-05-07T12:36:07","slug":"birra-especialista-explica-como-passar-do-caos-a-calma","status":"publish","type":"post","link":"https:\/\/jornalfatosenoticias.com.br\/index.php\/2024\/05\/07\/birra-especialista-explica-como-passar-do-caos-a-calma\/","title":{"rendered":"Birra: especialista explica como passar do caos \u00e0 calma"},"content":{"rendered":"\n<p><em><span class=\"has-inline-color has-black-color\">E-book rec\u00e9m-lan\u00e7ado fala sobre a import\u00e2ncia de acolher a crian\u00e7a durante momentos de explos\u00f5es emocionais<\/span><\/em><\/p>\n\n\n\n<p><span class=\"has-inline-color has-black-color\">Por <strong><a href=\"https:\/\/cangurunews.com.br\/author\/veronica\/\">Ver\u00f4nica Fraidenraich<\/a><\/strong><\/span><\/p>\n\n\n\n<div class=\"wp-block-image\"><figure class=\"aligncenter size-large is-resized\"><img loading=\"lazy\" decoding=\"async\" src=\"https:\/\/jornalfatosenoticias.com.br\/wp-content\/uploads\/2020\/02\/logo-Rapuzel-1024x571.jpg\" alt=\"\" class=\"wp-image-42808\" width=\"321\" height=\"179\" srcset=\"https:\/\/jornalfatosenoticias.com.br\/wp-content\/uploads\/2020\/02\/logo-Rapuzel-1024x571.jpg 1024w, https:\/\/jornalfatosenoticias.com.br\/wp-content\/uploads\/2020\/02\/logo-Rapuzel-300x167.jpg 300w, https:\/\/jornalfatosenoticias.com.br\/wp-content\/uploads\/2020\/02\/logo-Rapuzel-768x428.jpg 768w, https:\/\/jornalfatosenoticias.com.br\/wp-content\/uploads\/2020\/02\/logo-Rapuzel-1536x856.jpg 1536w, https:\/\/jornalfatosenoticias.com.br\/wp-content\/uploads\/2020\/02\/logo-Rapuzel.jpg 1600w\" sizes=\"auto, (max-width: 321px) 100vw, 321px\" \/><\/figure><\/div>\n\n\n\n<p>Brigas no tr\u00e2nsito, discuss\u00f5es em redes sociais, desentendimentos entre casais\u2026 Diante de situa\u00e7\u00f5es como essas, \u00e9 comum surgirem comportamentos explosivos, palavras ofensivas e embates calorosos. Ainda que n\u00e3o pare\u00e7am, todas essas rea\u00e7\u00f5es podem ser <a href=\"https:\/\/cangurunews.com.br\/birras-criancas\/\">formas de birra<\/a>. \u201cA birra \u00e9 um comportamento que todo ser humano vai ter em qualquer idade, a diferen\u00e7a \u00e9 que o adulto tem o c\u00e9rebro maduro e a crian\u00e7a n\u00e3o\u201d, diz a neuropedagoga e educadora parental <a href=\"https:\/\/cangurunews.com.br\/crescer-num-lar-amoroso-se-torna-uma-prevencao-ao-trauma-diz-maya-eigenmann-em-segundo-livro\/\">Maya Eigenmann<\/a>. E \u00e9 justamente pelo fato da crian\u00e7a n\u00e3o ter maturidade cerebral que ela apresenta dificuldade em lidar com situa\u00e7\u00f5es como as de frustra\u00e7\u00e3o, medo ou raiva, acrescenta a especialista, que lan\u00e7ou o e-book <em>\u2018Como lidar com birras\u2019,<\/em> da Editora Astral Cultural. A obra \u00e9 a primeira da cole\u00e7\u00e3o \u201cIntelig\u00eancia emocional para pais e filhos\u201d, composta de sete livros que abordar\u00e3o temas desafiadores sobre a cria\u00e7\u00e3o dos filhos com base nos fundamentos da Educa\u00e7\u00e3o Positiva.<\/p>\n\n\n\n<div class=\"wp-block-image\"><figure class=\"aligncenter size-large\"><img loading=\"lazy\" decoding=\"async\" width=\"300\" height=\"250\" src=\"https:\/\/jornalfatosenoticias.com.br\/wp-content\/uploads\/2020\/02\/Banner-2.png\" alt=\"\" class=\"wp-image-43787\"\/><\/figure><\/div>\n\n\n\n<p><a href=\"https:\/\/www.instagram.com\/maya_eigenmann\/\">Maya<\/a> conta que a birra foi escolhida para este primeiro e-book por se tratar de uma dor universal, que, por\u00e9m, \u00e9 mal interpretada, prejudicando a crian\u00e7a. N\u00e3o \u00e0 toa, o assunto est\u00e1 presente em oito de cada dez perguntas que ela recebe de seus mais de 1,4 milh\u00e3o de seguidores nas redes sociais.<\/p>\n\n\n\n<div class=\"wp-block-image\"><figure class=\"aligncenter size-large\"><img decoding=\"async\" src=\"https:\/\/jornalfatosenoticias.com.br\/wp-content\/uploads\/2020\/02\/logo_esteio.jpg\" alt=\"\" class=\"wp-image-1214\"\/><\/figure><\/div>\n\n\n\n<blockquote class=\"wp-block-quote is-layout-flow wp-block-quote-is-layout-flow\"><p><span class=\"has-inline-color has-luminous-vivid-orange-color\">Rompantes emocionais n\u00e3o s\u00e3o maus comportamentos, s\u00e3o as formas com que as crian\u00e7as conseguem demonstrar o que sentem\u201d, destaca a neuropedagoga, tamb\u00e9m autora de <em>Pais feridos, filhos sobreviventes<\/em>, de 2023, e do best-seller <em>A raiva n\u00e3o educa. A calma educa, <\/em>de 2022. <\/span><\/p><\/blockquote>\n\n\n\n<div class=\"wp-block-image\"><figure class=\"aligncenter size-large is-resized\"><img loading=\"lazy\" decoding=\"async\" src=\"https:\/\/jornalfatosenoticias.com.br\/wp-content\/uploads\/2023\/03\/logo-Panper_portal.jpg\" alt=\"\" class=\"wp-image-40208\" width=\"318\" height=\"220\" srcset=\"https:\/\/jornalfatosenoticias.com.br\/wp-content\/uploads\/2023\/03\/logo-Panper_portal.jpg 400w, https:\/\/jornalfatosenoticias.com.br\/wp-content\/uploads\/2023\/03\/logo-Panper_portal-300x208.jpg 300w\" sizes=\"auto, (max-width: 318px) 100vw, 318px\" \/><\/figure><\/div>\n\n\n\n<p>Ela relata que o c\u00f3rtex pr\u00e9-frontal, regi\u00e3o do c\u00e9rebro respons\u00e1vel pela regula\u00e7\u00e3o emocional, come\u00e7a a amadurecer a partir dos tr\u00eas a quatro anos de idade e s\u00f3 fica completamente maduro por volta dos 25 anos de idade.<\/p>\n\n\n\n<div class=\"wp-block-image\"><figure class=\"aligncenter size-large\"><img decoding=\"async\" src=\"https:\/\/jornalfatosenoticias.com.br\/wp-content\/uploads\/2020\/02\/barao-das-carnes-300x164-1.jpg\" alt=\"\" class=\"wp-image-34339\"\/><\/figure><\/div>\n\n\n\n<p>Quando a crian\u00e7a est\u00e1 tendo uma <a href=\"https:\/\/cangurunews.com.br\/como-lidar-com-as-emocoes-pedagoga-da-10-sugestoes-para-ajudar-as-criancas\/\">explos\u00e3o emocional<\/a>, portanto, ela est\u00e1 comunicando que precisa de ajuda e a principal tarefa do adulto \u00e9 criar um espa\u00e7o seguro para que ela possa expressar tudo o que sente. Segundo Maya, \u00e9 preciso deixar que a crian\u00e7a ponha para fora toda a sua frustra\u00e7\u00e3o e, para tanto, \u00e9 fundamental que o <a href=\"https:\/\/cangurunews.com.br\/assuma-o-controle-de-suas-emocoes\/\">adulto encontre primeiro a sua calma<\/a> de modo a poder passar isso ao filho. A seguir, veja trechos da entrevista que a autora deu \u00e0 <strong>Canguru News.<\/strong><\/p>\n\n\n\n<div class=\"wp-block-image\"><figure class=\"aligncenter size-large\"><img loading=\"lazy\" decoding=\"async\" width=\"696\" height=\"464\" src=\"https:\/\/jornalfatosenoticias.com.br\/wp-content\/uploads\/2024\/05\/Maya-Eigenmann_Credito-Divulgacao-birras.jpg\" alt=\"\" class=\"wp-image-51047\" srcset=\"https:\/\/jornalfatosenoticias.com.br\/wp-content\/uploads\/2024\/05\/Maya-Eigenmann_Credito-Divulgacao-birras.jpg 696w, https:\/\/jornalfatosenoticias.com.br\/wp-content\/uploads\/2024\/05\/Maya-Eigenmann_Credito-Divulgacao-birras-300x200.jpg 300w\" sizes=\"auto, (max-width: 696px) 100vw, 696px\" \/><figcaption><em><span class=\"has-inline-color has-black-color\">Antes de acalmar a crian\u00e7a, o adulto precisa se acalmar, diz Maya (Foto: Divulga\u00e7\u00e3o)<\/span><\/em><\/figcaption><\/figure><\/div>\n\n\n\n<p><strong><span class=\"has-inline-color has-black-color\">O que \u00e9 a birra?<br><\/span><\/strong>A birra \u00e9 uma desregula\u00e7\u00e3o neurol\u00f3gica que se deve a alguns fatores. Entre eles, a imaturidade do c\u00e9rebro da crian\u00e7a, que est\u00e1 em forma\u00e7\u00e3o e \u00e9 impactado pela qualidade das rela\u00e7\u00f5es que a crian\u00e7a possui com seus adultos cuidadores prim\u00e1rios e a seguran\u00e7a que sente nessas rela\u00e7\u00f5es. \u00c9 natural que a crian\u00e7a tenha mais explos\u00f5es emocionais e desregula\u00e7\u00f5es neurol\u00f3gicas do que adultos, porque eles j\u00e1 t\u00eam formas para se regular e a crian\u00e7a ainda n\u00e3o aprendeu. Mas tamb\u00e9m ocorre de a crian\u00e7a se desregular com muita frequ\u00eancia por n\u00e3o haver uma seguran\u00e7a emocional, previsibilidade, proximidade, prote\u00e7\u00e3o emocional ou nutri\u00e7\u00e3o emocional suficientes para ela. Ent\u00e3o, quando uma crian\u00e7a se sente muito insegura na rela\u00e7\u00e3o com os adultos cuidadores, a tend\u00eancia \u00e9 que ela tenha mais explos\u00f5es, que tamb\u00e9m s\u00e3o mais longas, mais intensas e mais frequentes.<\/p>\n\n\n\n<div class=\"wp-block-image\"><figure class=\"aligncenter size-large\"><img loading=\"lazy\" decoding=\"async\" width=\"300\" height=\"250\" src=\"https:\/\/jornalfatosenoticias.com.br\/wp-content\/uploads\/2022\/02\/FERRARI_MAQUINAS-E-FERRAMENTAS2.jpg\" alt=\"\" class=\"wp-image-27860\"\/><\/figure><\/div>\n\n\n\n<p><strong><span class=\"has-inline-color has-black-color\">Podemos dizer ent\u00e3o que a birra resulta de uma situa\u00e7\u00e3o de insatisfa\u00e7\u00e3o ou desconforto da crian\u00e7a?<br><\/span><\/strong>O fato de a crian\u00e7a estar chorando ou gritando, por exemplo, \u00e9 uma consequ\u00eancia de como ela \u00e9 tratada no dia a dia. Ent\u00e3o, ao inv\u00e9s de problematizar esse momento, temos que dar um passo para tr\u00e1s e entender primeiro como estamos contribuindo para que as birras sejam t\u00e3o intensas assim. N\u00e3o se deve focar apenas na birra, mas em toda a constru\u00e7\u00e3o que a antecede. Temos que refletir sobre como estamos alimentando emocionalmente a crian\u00e7a e como estamos presentes para ela. Esse deve ser o foco. Quanto mais insegura for a rela\u00e7\u00e3o, mais intensas ser\u00e3o as birras. Quando em um lugar p\u00fablico, os adultos podem levar a crian\u00e7a para um local mais reservado, para que possam se concentrar nela e n\u00e3o sentir o peso do julgamento das outras pessoas.<\/p>\n\n\n\n<div class=\"wp-block-image\"><figure class=\"aligncenter size-large is-resized\"><img loading=\"lazy\" decoding=\"async\" src=\"https:\/\/jornalfatosenoticias.com.br\/wp-content\/uploads\/2022\/02\/Precisao-Contabilidade-1024x724.jpg\" alt=\"\" class=\"wp-image-28088\" width=\"376\" height=\"266\"\/><\/figure><\/div>\n\n\n\n<p><strong><span class=\"has-inline-color has-black-color\">H\u00e1 quem critique a pr\u00e1tica de deixar a crian\u00e7a extravasar. Qual a import\u00e2ncia de fazer isso?<br><\/span><\/strong>As pessoas que criticam est\u00e3o embasadas em cren\u00e7as populares. N\u00e3o temos que usar a cr\u00edtica do adulto como refer\u00eancia e, sim, o que a ci\u00eancia da psicologia e dos estudos de trauma trazem. Quando engolimos sentimentos, literalmente adoecemos. As pessoas acham que isso significa deixar a crian\u00e7a fazer o que ela quer, e n\u00e3o \u00e9 isso. Apenas optamos em n\u00e3o sermos autorit\u00e1rios e opressores. Criamos um espa\u00e7o seguro para a crian\u00e7a colocar para fora o que est\u00e1 sentindo e, depois que ela se regula, mostramos os caminhos para comportamentos mais regulados. Ent\u00e3o, precisamos entender que n\u00e3o extravasar adoece ao inv\u00e9s de ficar debatendo se deixa ou n\u00e3o extravasar. Isso n\u00e3o est\u00e1 aberto \u00e0 discuss\u00e3o, porque a ci\u00eancia \u00e9 muito clara em rela\u00e7\u00e3o a isso. N\u00f3s precisamos extravasar, n\u00e3o s\u00f3 as crian\u00e7as, mas os adultos tamb\u00e9m precisam colocar para fora. O que temos que fazer agora \u00e9 conversar sobre como conduzir esse momento com as crian\u00e7as.<\/p>\n\n\n\n<div class=\"wp-block-image\"><figure class=\"aligncenter size-large is-resized\"><img loading=\"lazy\" decoding=\"async\" src=\"https:\/\/jornalfatosenoticias.com.br\/wp-content\/uploads\/2024\/01\/consultoria-ambiental.jpg\" alt=\"\" class=\"wp-image-48314\" width=\"293\" height=\"265\" srcset=\"https:\/\/jornalfatosenoticias.com.br\/wp-content\/uploads\/2024\/01\/consultoria-ambiental.jpg 832w, https:\/\/jornalfatosenoticias.com.br\/wp-content\/uploads\/2024\/01\/consultoria-ambiental-300x272.jpg 300w, https:\/\/jornalfatosenoticias.com.br\/wp-content\/uploads\/2024\/01\/consultoria-ambiental-768x696.jpg 768w\" sizes=\"auto, (max-width: 293px) 100vw, 293px\" \/><\/figure><\/div>\n\n\n\n<p><strong><span class=\"has-inline-color has-black-color\">Muitos pais comentam ter dificuldade de lidar com as birras dessa forma. \u00c9 de fato algo dif\u00edcil de p\u00f4r em pr\u00e1tica, n\u00e3o?<br><\/span><\/strong>Pode ser desafiador, n\u00e3o por causa da crian\u00e7a, mas pela forma como fomos criados e pelas expectativas adultistas que existem na sociedade. Taxar como dif\u00edcil \u00e9 natural. O que n\u00e3o podemos fazer \u00e9 responsabilizar a crian\u00e7a por considerarmos dif\u00edcil. N\u00e3o \u00e9 por conta dela. \u00c9 desafiador porque n\u00e3o fomos preparados de forma saud\u00e1vel. Fomos reprimidos e, por isso, reprimimos tamb\u00e9m.<\/p>\n\n\n\n<div class=\"wp-block-image\"><figure class=\"aligncenter size-large is-resized\"><img loading=\"lazy\" decoding=\"async\" src=\"https:\/\/jornalfatosenoticias.com.br\/wp-content\/uploads\/2023\/08\/BKR-1024x1021.jpg\" alt=\"\" class=\"wp-image-44494\" width=\"308\" height=\"307\" srcset=\"https:\/\/jornalfatosenoticias.com.br\/wp-content\/uploads\/2023\/08\/BKR-1024x1021.jpg 1024w, https:\/\/jornalfatosenoticias.com.br\/wp-content\/uploads\/2023\/08\/BKR-300x300.jpg 300w, https:\/\/jornalfatosenoticias.com.br\/wp-content\/uploads\/2023\/08\/BKR-150x150.jpg 150w, https:\/\/jornalfatosenoticias.com.br\/wp-content\/uploads\/2023\/08\/BKR-768x766.jpg 768w, https:\/\/jornalfatosenoticias.com.br\/wp-content\/uploads\/2023\/08\/BKR.jpg 1080w\" sizes=\"auto, (max-width: 308px) 100vw, 308px\" \/><\/figure><\/div>\n\n\n\n<p><span class=\"has-inline-color has-black-color\"><strong>Por que, mesmo tendo o c\u00e9rebro maduro, os adultos tamb\u00e9m fazem birra e t\u00eam dificuldade em lidar com as suas emo\u00e7\u00f5es?<br><\/strong><\/span>Os adultos t\u00eam essa dificuldade porque tampouco foram acolhidos na inf\u00e2ncia. Caso contr\u00e1rio, n\u00e3o iriam se escandalizar com as rea\u00e7\u00f5es das crian\u00e7as, porque teriam tido a liberdade de serem crian\u00e7as e teriam sido aceitos na integridade. Mas como isso n\u00e3o ocorreu, eles estranham quando a crian\u00e7a age naturalmente, porque a birra \u00e9 um comportamento natural. E eles estranham porque s\u00e3o oprimidos, ent\u00e3o, mesmo se desejam fazer diferente, ter\u00e3o uma certa dificuldade, justamente, pela falta de acolhimento que viveram. \u00c9 um processo e precisamos dar um passo de cada vez.<\/p>\n\n\n\n<div class=\"wp-block-image\"><figure class=\"aligncenter size-large is-resized\"><img loading=\"lazy\" decoding=\"async\" src=\"https:\/\/jornalfatosenoticias.com.br\/wp-content\/uploads\/2023\/09\/vetorvix1024_1.jpg\" alt=\"\" class=\"wp-image-44868\" width=\"520\" height=\"138\" srcset=\"https:\/\/jornalfatosenoticias.com.br\/wp-content\/uploads\/2023\/09\/vetorvix1024_1.jpg 1024w, https:\/\/jornalfatosenoticias.com.br\/wp-content\/uploads\/2023\/09\/vetorvix1024_1-300x80.jpg 300w, https:\/\/jornalfatosenoticias.com.br\/wp-content\/uploads\/2023\/09\/vetorvix1024_1-768x205.jpg 768w\" sizes=\"auto, (max-width: 520px) 100vw, 520px\" \/><\/figure><\/div>\n\n\n\n<p><strong><em>Fonte: <a href=\"https:\/\/cangurunews.com.br\/birra-como-passar-do-caos-a-calma\/\">Canguru News<\/a><\/em><\/strong><\/p>\n","protected":false},"excerpt":{"rendered":"<p>E-book rec\u00e9m-lan\u00e7ado fala sobre a import\u00e2ncia de acolher a crian\u00e7a durante momentos de explos\u00f5es emocionais Por Ver\u00f4nica Fraidenraich Brigas no tr\u00e2nsito, discuss\u00f5es em redes sociais, desentendimentos entre casais\u2026 Diante de situa\u00e7\u00f5es como essas, \u00e9 comum surgirem comportamentos explosivos, palavras ofensivas e embates calorosos. Ainda que n\u00e3o pare\u00e7am, todas essas rea\u00e7\u00f5es podem ser formas de birra. [&hellip;]<\/p>\n","protected":false},"author":2,"featured_media":51048,"comment_status":"open","ping_status":"open","sticky":false,"template":"","format":"standard","meta":{"footnotes":""},"categories":[2522],"tags":[6795,23427,8189,1779,1317,23426],"class_list":["post-51046","post","type-post","status-publish","format-standard","has-post-thumbnail","hentry","category-comportamento","tag-birra","tag-calma","tag-caos","tag-comportamento-infantil","tag-crianca","tag-explosoes-emocionais"],"yoast_head":"<!-- This site is optimized with the Yoast SEO plugin v26.5 - https:\/\/yoast.com\/wordpress\/plugins\/seo\/ -->\n<title>Birra: especialista explica como passar do caos \u00e0 calma - Jornal Fatos e Not\u00edcias<\/title>\n<meta name=\"robots\" content=\"index, follow, max-snippet:-1, max-image-preview:large, max-video-preview:-1\" \/>\n<link rel=\"canonical\" href=\"https:\/\/jornalfatosenoticias.com.br\/index.php\/2024\/05\/07\/birra-especialista-explica-como-passar-do-caos-a-calma\/\" \/>\n<meta property=\"og:locale\" content=\"pt_BR\" \/>\n<meta property=\"og:type\" content=\"article\" \/>\n<meta property=\"og:title\" content=\"Birra: especialista explica como passar do caos \u00e0 calma - Jornal Fatos e Not\u00edcias\" \/>\n<meta property=\"og:description\" content=\"E-book rec\u00e9m-lan\u00e7ado fala sobre a import\u00e2ncia de acolher a crian\u00e7a durante momentos de explos\u00f5es emocionais Por Ver\u00f4nica Fraidenraich Brigas no tr\u00e2nsito, discuss\u00f5es em redes sociais, desentendimentos entre casais\u2026 Diante de situa\u00e7\u00f5es como essas, \u00e9 comum surgirem comportamentos explosivos, palavras ofensivas e embates calorosos. Ainda que n\u00e3o pare\u00e7am, todas essas rea\u00e7\u00f5es podem ser formas de birra. [&hellip;]\" \/>\n<meta property=\"og:url\" content=\"https:\/\/jornalfatosenoticias.com.br\/index.php\/2024\/05\/07\/birra-especialista-explica-como-passar-do-caos-a-calma\/\" \/>\n<meta property=\"og:site_name\" content=\"Jornal Fatos e Not\u00edcias\" \/>\n<meta property=\"article:published_time\" content=\"2024-05-07T12:35:30+00:00\" \/>\n<meta property=\"article:modified_time\" content=\"2024-05-07T12:36:07+00:00\" \/>\n<meta property=\"og:image\" content=\"https:\/\/jornalfatosenoticias.com.br\/wp-content\/uploads\/2024\/05\/birra_freepik.jpg\" \/>\n\t<meta property=\"og:image:width\" content=\"740\" \/>\n\t<meta property=\"og:image:height\" content=\"493\" \/>\n\t<meta property=\"og:image:type\" content=\"image\/jpeg\" \/>\n<meta name=\"author\" content=\"Luzimara Fernandes\" \/>\n<meta name=\"twitter:card\" content=\"summary_large_image\" \/>\n<meta name=\"twitter:label1\" content=\"Escrito por\" \/>\n\t<meta name=\"twitter:data1\" content=\"Luzimara Fernandes\" \/>\n\t<meta name=\"twitter:label2\" content=\"Est. tempo de leitura\" \/>\n\t<meta name=\"twitter:data2\" content=\"6 minutos\" \/>\n<script type=\"application\/ld+json\" class=\"yoast-schema-graph\">{\"@context\":\"https:\/\/schema.org\",\"@graph\":[{\"@type\":\"Article\",\"@id\":\"https:\/\/jornalfatosenoticias.com.br\/index.php\/2024\/05\/07\/birra-especialista-explica-como-passar-do-caos-a-calma\/#article\",\"isPartOf\":{\"@id\":\"https:\/\/jornalfatosenoticias.com.br\/index.php\/2024\/05\/07\/birra-especialista-explica-como-passar-do-caos-a-calma\/\"},\"author\":{\"name\":\"Luzimara Fernandes\",\"@id\":\"https:\/\/jornalfatosenoticias.com.br\/#\/schema\/person\/d63837fa13ac8666eb9e74e0985d6f81\"},\"headline\":\"Birra: especialista explica como passar do caos \u00e0 calma\",\"datePublished\":\"2024-05-07T12:35:30+00:00\",\"dateModified\":\"2024-05-07T12:36:07+00:00\",\"mainEntityOfPage\":{\"@id\":\"https:\/\/jornalfatosenoticias.com.br\/index.php\/2024\/05\/07\/birra-especialista-explica-como-passar-do-caos-a-calma\/\"},\"wordCount\":1181,\"commentCount\":0,\"publisher\":{\"@id\":\"https:\/\/jornalfatosenoticias.com.br\/#organization\"},\"image\":{\"@id\":\"https:\/\/jornalfatosenoticias.com.br\/index.php\/2024\/05\/07\/birra-especialista-explica-como-passar-do-caos-a-calma\/#primaryimage\"},\"thumbnailUrl\":\"https:\/\/jornalfatosenoticias.com.br\/wp-content\/uploads\/2024\/05\/birra_freepik.jpg\",\"keywords\":[\"birra\",\"calma\",\"caos\",\"comportamento infantil\",\"crian\u00e7a\",\"explos\u00f5es emocionais\"],\"articleSection\":[\"Comportamento &amp; Equil\u00edbrio\"],\"inLanguage\":\"pt-BR\",\"potentialAction\":[{\"@type\":\"CommentAction\",\"name\":\"Comment\",\"target\":[\"https:\/\/jornalfatosenoticias.com.br\/index.php\/2024\/05\/07\/birra-especialista-explica-como-passar-do-caos-a-calma\/#respond\"]}]},{\"@type\":\"WebPage\",\"@id\":\"https:\/\/jornalfatosenoticias.com.br\/index.php\/2024\/05\/07\/birra-especialista-explica-como-passar-do-caos-a-calma\/\",\"url\":\"https:\/\/jornalfatosenoticias.com.br\/index.php\/2024\/05\/07\/birra-especialista-explica-como-passar-do-caos-a-calma\/\",\"name\":\"Birra: especialista explica como passar do caos \u00e0 calma - Jornal Fatos e Not\u00edcias\",\"isPartOf\":{\"@id\":\"https:\/\/jornalfatosenoticias.com.br\/#website\"},\"primaryImageOfPage\":{\"@id\":\"https:\/\/jornalfatosenoticias.com.br\/index.php\/2024\/05\/07\/birra-especialista-explica-como-passar-do-caos-a-calma\/#primaryimage\"},\"image\":{\"@id\":\"https:\/\/jornalfatosenoticias.com.br\/index.php\/2024\/05\/07\/birra-especialista-explica-como-passar-do-caos-a-calma\/#primaryimage\"},\"thumbnailUrl\":\"https:\/\/jornalfatosenoticias.com.br\/wp-content\/uploads\/2024\/05\/birra_freepik.jpg\",\"datePublished\":\"2024-05-07T12:35:30+00:00\",\"dateModified\":\"2024-05-07T12:36:07+00:00\",\"breadcrumb\":{\"@id\":\"https:\/\/jornalfatosenoticias.com.br\/index.php\/2024\/05\/07\/birra-especialista-explica-como-passar-do-caos-a-calma\/#breadcrumb\"},\"inLanguage\":\"pt-BR\",\"potentialAction\":[{\"@type\":\"ReadAction\",\"target\":[\"https:\/\/jornalfatosenoticias.com.br\/index.php\/2024\/05\/07\/birra-especialista-explica-como-passar-do-caos-a-calma\/\"]}]},{\"@type\":\"ImageObject\",\"inLanguage\":\"pt-BR\",\"@id\":\"https:\/\/jornalfatosenoticias.com.br\/index.php\/2024\/05\/07\/birra-especialista-explica-como-passar-do-caos-a-calma\/#primaryimage\",\"url\":\"https:\/\/jornalfatosenoticias.com.br\/wp-content\/uploads\/2024\/05\/birra_freepik.jpg\",\"contentUrl\":\"https:\/\/jornalfatosenoticias.com.br\/wp-content\/uploads\/2024\/05\/birra_freepik.jpg\",\"width\":740,\"height\":493},{\"@type\":\"BreadcrumbList\",\"@id\":\"https:\/\/jornalfatosenoticias.com.br\/index.php\/2024\/05\/07\/birra-especialista-explica-como-passar-do-caos-a-calma\/#breadcrumb\",\"itemListElement\":[{\"@type\":\"ListItem\",\"position\":1,\"name\":\"In\u00edcio\",\"item\":\"https:\/\/jornalfatosenoticias.com.br\/\"},{\"@type\":\"ListItem\",\"position\":2,\"name\":\"Birra: especialista explica como passar do caos \u00e0 calma\"}]},{\"@type\":\"WebSite\",\"@id\":\"https:\/\/jornalfatosenoticias.com.br\/#website\",\"url\":\"https:\/\/jornalfatosenoticias.com.br\/\",\"name\":\"Jornal Fatos e Not\u00edcias\",\"description\":\"Not\u00edcias em geral\",\"publisher\":{\"@id\":\"https:\/\/jornalfatosenoticias.com.br\/#organization\"},\"potentialAction\":[{\"@type\":\"SearchAction\",\"target\":{\"@type\":\"EntryPoint\",\"urlTemplate\":\"https:\/\/jornalfatosenoticias.com.br\/?s={search_term_string}\"},\"query-input\":{\"@type\":\"PropertyValueSpecification\",\"valueRequired\":true,\"valueName\":\"search_term_string\"}}],\"inLanguage\":\"pt-BR\"},{\"@type\":\"Organization\",\"@id\":\"https:\/\/jornalfatosenoticias.com.br\/#organization\",\"name\":\"Jornal Fatos e Not\u00edcias\",\"url\":\"https:\/\/jornalfatosenoticias.com.br\/\",\"logo\":{\"@type\":\"ImageObject\",\"inLanguage\":\"pt-BR\",\"@id\":\"https:\/\/jornalfatosenoticias.com.br\/#\/schema\/logo\/image\/\",\"url\":\"https:\/\/jornalfatosenoticias.com.br\/wp-content\/uploads\/2020\/02\/logo120.png\",\"contentUrl\":\"https:\/\/jornalfatosenoticias.com.br\/wp-content\/uploads\/2020\/02\/logo120.png\",\"width\":1227,\"height\":120,\"caption\":\"Jornal Fatos e Not\u00edcias\"},\"image\":{\"@id\":\"https:\/\/jornalfatosenoticias.com.br\/#\/schema\/logo\/image\/\"}},{\"@type\":\"Person\",\"@id\":\"https:\/\/jornalfatosenoticias.com.br\/#\/schema\/person\/d63837fa13ac8666eb9e74e0985d6f81\",\"name\":\"Luzimara Fernandes\",\"image\":{\"@type\":\"ImageObject\",\"inLanguage\":\"pt-BR\",\"@id\":\"https:\/\/jornalfatosenoticias.com.br\/#\/schema\/person\/image\/\",\"url\":\"https:\/\/jornalfatosenoticias.com.br\/wp-content\/uploads\/2025\/05\/EU_portal.jpg\",\"contentUrl\":\"https:\/\/jornalfatosenoticias.com.br\/wp-content\/uploads\/2025\/05\/EU_portal.jpg\",\"caption\":\"Luzimara Fernandes\"},\"description\":\"Jornalista MTB 2358-ES\",\"sameAs\":[\"https:\/\/jornalfatosenoticias.com.br\"],\"url\":\"https:\/\/jornalfatosenoticias.com.br\/index.php\/author\/luzimara\/\"}]}<\/script>\n<!-- \/ Yoast SEO plugin. -->","yoast_head_json":{"title":"Birra: especialista explica como passar do caos \u00e0 calma - Jornal Fatos e Not\u00edcias","robots":{"index":"index","follow":"follow","max-snippet":"max-snippet:-1","max-image-preview":"max-image-preview:large","max-video-preview":"max-video-preview:-1"},"canonical":"https:\/\/jornalfatosenoticias.com.br\/index.php\/2024\/05\/07\/birra-especialista-explica-como-passar-do-caos-a-calma\/","og_locale":"pt_BR","og_type":"article","og_title":"Birra: especialista explica como passar do caos \u00e0 calma - Jornal Fatos e Not\u00edcias","og_description":"E-book rec\u00e9m-lan\u00e7ado fala sobre a import\u00e2ncia de acolher a crian\u00e7a durante momentos de explos\u00f5es emocionais Por Ver\u00f4nica Fraidenraich Brigas no tr\u00e2nsito, discuss\u00f5es em redes sociais, desentendimentos entre casais\u2026 Diante de situa\u00e7\u00f5es como essas, \u00e9 comum surgirem comportamentos explosivos, palavras ofensivas e embates calorosos. Ainda que n\u00e3o pare\u00e7am, todas essas rea\u00e7\u00f5es podem ser formas de birra. [&hellip;]","og_url":"https:\/\/jornalfatosenoticias.com.br\/index.php\/2024\/05\/07\/birra-especialista-explica-como-passar-do-caos-a-calma\/","og_site_name":"Jornal Fatos e Not\u00edcias","article_published_time":"2024-05-07T12:35:30+00:00","article_modified_time":"2024-05-07T12:36:07+00:00","og_image":[{"width":740,"height":493,"url":"https:\/\/jornalfatosenoticias.com.br\/wp-content\/uploads\/2024\/05\/birra_freepik.jpg","type":"image\/jpeg"}],"author":"Luzimara Fernandes","twitter_card":"summary_large_image","twitter_misc":{"Escrito por":"Luzimara Fernandes","Est. tempo de leitura":"6 minutos"},"schema":{"@context":"https:\/\/schema.org","@graph":[{"@type":"Article","@id":"https:\/\/jornalfatosenoticias.com.br\/index.php\/2024\/05\/07\/birra-especialista-explica-como-passar-do-caos-a-calma\/#article","isPartOf":{"@id":"https:\/\/jornalfatosenoticias.com.br\/index.php\/2024\/05\/07\/birra-especialista-explica-como-passar-do-caos-a-calma\/"},"author":{"name":"Luzimara Fernandes","@id":"https:\/\/jornalfatosenoticias.com.br\/#\/schema\/person\/d63837fa13ac8666eb9e74e0985d6f81"},"headline":"Birra: especialista explica como passar do caos \u00e0 calma","datePublished":"2024-05-07T12:35:30+00:00","dateModified":"2024-05-07T12:36:07+00:00","mainEntityOfPage":{"@id":"https:\/\/jornalfatosenoticias.com.br\/index.php\/2024\/05\/07\/birra-especialista-explica-como-passar-do-caos-a-calma\/"},"wordCount":1181,"commentCount":0,"publisher":{"@id":"https:\/\/jornalfatosenoticias.com.br\/#organization"},"image":{"@id":"https:\/\/jornalfatosenoticias.com.br\/index.php\/2024\/05\/07\/birra-especialista-explica-como-passar-do-caos-a-calma\/#primaryimage"},"thumbnailUrl":"https:\/\/jornalfatosenoticias.com.br\/wp-content\/uploads\/2024\/05\/birra_freepik.jpg","keywords":["birra","calma","caos","comportamento infantil","crian\u00e7a","explos\u00f5es emocionais"],"articleSection":["Comportamento &amp; Equil\u00edbrio"],"inLanguage":"pt-BR","potentialAction":[{"@type":"CommentAction","name":"Comment","target":["https:\/\/jornalfatosenoticias.com.br\/index.php\/2024\/05\/07\/birra-especialista-explica-como-passar-do-caos-a-calma\/#respond"]}]},{"@type":"WebPage","@id":"https:\/\/jornalfatosenoticias.com.br\/index.php\/2024\/05\/07\/birra-especialista-explica-como-passar-do-caos-a-calma\/","url":"https:\/\/jornalfatosenoticias.com.br\/index.php\/2024\/05\/07\/birra-especialista-explica-como-passar-do-caos-a-calma\/","name":"Birra: especialista explica como passar do caos \u00e0 calma - Jornal Fatos e Not\u00edcias","isPartOf":{"@id":"https:\/\/jornalfatosenoticias.com.br\/#website"},"primaryImageOfPage":{"@id":"https:\/\/jornalfatosenoticias.com.br\/index.php\/2024\/05\/07\/birra-especialista-explica-como-passar-do-caos-a-calma\/#primaryimage"},"image":{"@id":"https:\/\/jornalfatosenoticias.com.br\/index.php\/2024\/05\/07\/birra-especialista-explica-como-passar-do-caos-a-calma\/#primaryimage"},"thumbnailUrl":"https:\/\/jornalfatosenoticias.com.br\/wp-content\/uploads\/2024\/05\/birra_freepik.jpg","datePublished":"2024-05-07T12:35:30+00:00","dateModified":"2024-05-07T12:36:07+00:00","breadcrumb":{"@id":"https:\/\/jornalfatosenoticias.com.br\/index.php\/2024\/05\/07\/birra-especialista-explica-como-passar-do-caos-a-calma\/#breadcrumb"},"inLanguage":"pt-BR","potentialAction":[{"@type":"ReadAction","target":["https:\/\/jornalfatosenoticias.com.br\/index.php\/2024\/05\/07\/birra-especialista-explica-como-passar-do-caos-a-calma\/"]}]},{"@type":"ImageObject","inLanguage":"pt-BR","@id":"https:\/\/jornalfatosenoticias.com.br\/index.php\/2024\/05\/07\/birra-especialista-explica-como-passar-do-caos-a-calma\/#primaryimage","url":"https:\/\/jornalfatosenoticias.com.br\/wp-content\/uploads\/2024\/05\/birra_freepik.jpg","contentUrl":"https:\/\/jornalfatosenoticias.com.br\/wp-content\/uploads\/2024\/05\/birra_freepik.jpg","width":740,"height":493},{"@type":"BreadcrumbList","@id":"https:\/\/jornalfatosenoticias.com.br\/index.php\/2024\/05\/07\/birra-especialista-explica-como-passar-do-caos-a-calma\/#breadcrumb","itemListElement":[{"@type":"ListItem","position":1,"name":"In\u00edcio","item":"https:\/\/jornalfatosenoticias.com.br\/"},{"@type":"ListItem","position":2,"name":"Birra: especialista explica como passar do caos \u00e0 calma"}]},{"@type":"WebSite","@id":"https:\/\/jornalfatosenoticias.com.br\/#website","url":"https:\/\/jornalfatosenoticias.com.br\/","name":"Jornal Fatos e Not\u00edcias","description":"Not\u00edcias em geral","publisher":{"@id":"https:\/\/jornalfatosenoticias.com.br\/#organization"},"potentialAction":[{"@type":"SearchAction","target":{"@type":"EntryPoint","urlTemplate":"https:\/\/jornalfatosenoticias.com.br\/?s={search_term_string}"},"query-input":{"@type":"PropertyValueSpecification","valueRequired":true,"valueName":"search_term_string"}}],"inLanguage":"pt-BR"},{"@type":"Organization","@id":"https:\/\/jornalfatosenoticias.com.br\/#organization","name":"Jornal Fatos e Not\u00edcias","url":"https:\/\/jornalfatosenoticias.com.br\/","logo":{"@type":"ImageObject","inLanguage":"pt-BR","@id":"https:\/\/jornalfatosenoticias.com.br\/#\/schema\/logo\/image\/","url":"https:\/\/jornalfatosenoticias.com.br\/wp-content\/uploads\/2020\/02\/logo120.png","contentUrl":"https:\/\/jornalfatosenoticias.com.br\/wp-content\/uploads\/2020\/02\/logo120.png","width":1227,"height":120,"caption":"Jornal Fatos e Not\u00edcias"},"image":{"@id":"https:\/\/jornalfatosenoticias.com.br\/#\/schema\/logo\/image\/"}},{"@type":"Person","@id":"https:\/\/jornalfatosenoticias.com.br\/#\/schema\/person\/d63837fa13ac8666eb9e74e0985d6f81","name":"Luzimara Fernandes","image":{"@type":"ImageObject","inLanguage":"pt-BR","@id":"https:\/\/jornalfatosenoticias.com.br\/#\/schema\/person\/image\/","url":"https:\/\/jornalfatosenoticias.com.br\/wp-content\/uploads\/2025\/05\/EU_portal.jpg","contentUrl":"https:\/\/jornalfatosenoticias.com.br\/wp-content\/uploads\/2025\/05\/EU_portal.jpg","caption":"Luzimara Fernandes"},"description":"Jornalista MTB 2358-ES","sameAs":["https:\/\/jornalfatosenoticias.com.br"],"url":"https:\/\/jornalfatosenoticias.com.br\/index.php\/author\/luzimara\/"}]}},"cc_featured_image_caption":{"caption_text":"(Foto: Freepik) ","source_text":"","source_url":""},"jetpack_featured_media_url":"https:\/\/jornalfatosenoticias.com.br\/wp-content\/uploads\/2024\/05\/birra_freepik.jpg","_links":{"self":[{"href":"https:\/\/jornalfatosenoticias.com.br\/index.php\/wp-json\/wp\/v2\/posts\/51046","targetHints":{"allow":["GET"]}}],"collection":[{"href":"https:\/\/jornalfatosenoticias.com.br\/index.php\/wp-json\/wp\/v2\/posts"}],"about":[{"href":"https:\/\/jornalfatosenoticias.com.br\/index.php\/wp-json\/wp\/v2\/types\/post"}],"author":[{"embeddable":true,"href":"https:\/\/jornalfatosenoticias.com.br\/index.php\/wp-json\/wp\/v2\/users\/2"}],"replies":[{"embeddable":true,"href":"https:\/\/jornalfatosenoticias.com.br\/index.php\/wp-json\/wp\/v2\/comments?post=51046"}],"version-history":[{"count":0,"href":"https:\/\/jornalfatosenoticias.com.br\/index.php\/wp-json\/wp\/v2\/posts\/51046\/revisions"}],"wp:featuredmedia":[{"embeddable":true,"href":"https:\/\/jornalfatosenoticias.com.br\/index.php\/wp-json\/wp\/v2\/media\/51048"}],"wp:attachment":[{"href":"https:\/\/jornalfatosenoticias.com.br\/index.php\/wp-json\/wp\/v2\/media?parent=51046"}],"wp:term":[{"taxonomy":"category","embeddable":true,"href":"https:\/\/jornalfatosenoticias.com.br\/index.php\/wp-json\/wp\/v2\/categories?post=51046"},{"taxonomy":"post_tag","embeddable":true,"href":"https:\/\/jornalfatosenoticias.com.br\/index.php\/wp-json\/wp\/v2\/tags?post=51046"}],"curies":[{"name":"wp","href":"https:\/\/api.w.org\/{rel}","templated":true}]}}