{"id":51051,"date":"2024-05-07T09:47:46","date_gmt":"2024-05-07T12:47:46","guid":{"rendered":"https:\/\/jornalfatosenoticias.com.br\/?p=51051"},"modified":"2024-05-09T12:21:10","modified_gmt":"2024-05-09T15:21:10","slug":"cidade-conectada-a-retomada-turistica-e-residencial-de-jacaraipe","status":"publish","type":"post","link":"https:\/\/jornalfatosenoticias.com.br\/index.php\/2024\/05\/07\/cidade-conectada-a-retomada-turistica-e-residencial-de-jacaraipe\/","title":{"rendered":"Conex\u00e3o Cidade \u2014 A retomada tur\u00edstica (e residencial) de Jacara\u00edpe"},"content":{"rendered":"\n<p><span class=\"has-inline-color has-black-color\">Por <strong><a href=\"https:\/\/jornalfatosenoticias.com.br\/index.php\/2024\/04\/15\/coluna-conexao-cidade\/\">Wylson Zon Filho<\/a><\/strong><\/span><\/p>\n\n\n\n<div class=\"wp-block-image\"><figure class=\"aligncenter size-large\"><img loading=\"lazy\" decoding=\"async\" width=\"729\" height=\"90\" src=\"https:\/\/jornalfatosenoticias.com.br\/wp-content\/uploads\/2020\/02\/Logo_Mizu.png\" alt=\"\" class=\"wp-image-1441\" srcset=\"https:\/\/jornalfatosenoticias.com.br\/wp-content\/uploads\/2020\/02\/Logo_Mizu.png 729w, https:\/\/jornalfatosenoticias.com.br\/wp-content\/uploads\/2020\/02\/Logo_Mizu-300x37.png 300w\" sizes=\"auto, (max-width: 729px) 100vw, 729px\" \/><\/figure><\/div>\n\n\n\n<div class=\"wp-block-image is-style-rounded\"><figure class=\"alignleft size-large\"><img loading=\"lazy\" decoding=\"async\" width=\"120\" height=\"108\" src=\"https:\/\/jornalfatosenoticias.com.br\/wp-content\/uploads\/2024\/04\/WYLSON_ZON-removebg-preview.png\" alt=\"\" class=\"wp-image-50611\"\/><\/figure><\/div>\n\n\n\n<p>A est\u00e2ncia de Jacara\u00edpe n\u00e3o passava de uma pequena vila pesqueira at\u00e9 meados da d\u00e9cada de 60. Na d\u00e9cada de 70 e 80, quando fal\u00e1vamos em destino tur\u00edstico e f\u00e9rias de ver\u00e3o no ES, t\u00ednhamos como lembran\u00e7a as praias de Jacara\u00edpe e os bailes de Carnaval no Clube Riviera, dividindo com Guarapari a aten\u00e7\u00e3o de turistas de Minas Gerais e interior do estado.<br>O balne\u00e1rio se projetou nacionalmente na d\u00e9cada de 90 ao revelar seu potencial para sediar importantes etapas de campeonatos de surfe e bodyboarding, revelando talentos nestas modalidades esportivas, mas seu crescimento segue com uma ocupa\u00e7\u00e3o desordenada, em parte, pelo aumento do potencial econ\u00f4mico do munic\u00edpio da Serra e a exist\u00eancia de grandes \u00e1reas desocupadas.<\/p>\n\n\n\n<div class=\"wp-block-image\"><figure class=\"aligncenter size-large\"><img loading=\"lazy\" decoding=\"async\" width=\"300\" height=\"250\" src=\"https:\/\/jornalfatosenoticias.com.br\/wp-content\/uploads\/2020\/02\/Banner-2.png\" alt=\"\" class=\"wp-image-43787\"\/><\/figure><\/div>\n\n\n\n<p>No s\u00e9culo 21, Jacara\u00edpe teve recuperado parte da estrutura de seu litoral, possuindo uma orla organizada e limpa, passando a atrair a chegada de empreendimentos residenciais e comerciais, ampliando assim a demanda e oferta de servi\u00e7os mais qualificados.<\/p>\n\n\n\n<div class=\"wp-block-image\"><figure class=\"aligncenter size-large is-resized\"><img loading=\"lazy\" decoding=\"async\" src=\"https:\/\/jornalfatosenoticias.com.br\/wp-content\/uploads\/2023\/03\/logo-Panper_portal.jpg\" alt=\"\" class=\"wp-image-40208\" width=\"326\" height=\"226\" srcset=\"https:\/\/jornalfatosenoticias.com.br\/wp-content\/uploads\/2023\/03\/logo-Panper_portal.jpg 400w, https:\/\/jornalfatosenoticias.com.br\/wp-content\/uploads\/2023\/03\/logo-Panper_portal-300x208.jpg 300w\" sizes=\"auto, (max-width: 326px) 100vw, 326px\" \/><\/figure><\/div>\n\n\n\n<p>Hoje, Jacara\u00edpe \u00e9 reconhecida pelo mercado imobili\u00e1rio como uma regi\u00e3o na Serra com grande potencial de atra\u00e7\u00e3o de empreendimentos residenciais para atender um p\u00fablico de m\u00e9dio\/alto padr\u00e3o, que busca uma regi\u00e3o de praias com infraestrutura urbana adequada.<\/p>\n\n\n\n<div class=\"wp-block-image\"><figure class=\"aligncenter size-large is-resized\"><img loading=\"lazy\" decoding=\"async\" src=\"https:\/\/jornalfatosenoticias.com.br\/wp-content\/uploads\/2023\/03\/nova-logo-Marquetti.jpg\" alt=\"\" class=\"wp-image-40207\" width=\"303\" height=\"203\" srcset=\"https:\/\/jornalfatosenoticias.com.br\/wp-content\/uploads\/2023\/03\/nova-logo-Marquetti.jpg 643w, https:\/\/jornalfatosenoticias.com.br\/wp-content\/uploads\/2023\/03\/nova-logo-Marquetti-300x202.jpg 300w\" sizes=\"auto, (max-width: 303px) 100vw, 303px\" \/><\/figure><\/div>\n\n\n\n<p>O cen\u00e1rio de Jacara\u00edpe, dominado por suas praias de \u00e1guas cristalinas, convida tanto surfistas em busca das ondas perfeitas quanto fam\u00edlias procurando um ref\u00fagio tranquilo \u00e0 beira-mar. Investimentos em infraestrutura tur\u00edstica se faz necess\u00e1rio, como a revitaliza\u00e7\u00e3o de \u00e1reas de lazer, melhorias nas acomoda\u00e7\u00f5es, bares e restaurantes qualificados, al\u00e9m da implementa\u00e7\u00e3o de sinaliza\u00e7\u00f5es tur\u00edsticas e informativas, podem tornar a visita ao balne\u00e1rio ainda mais agrad\u00e1vel e acess\u00edvel.<\/p>\n\n\n\n<div class=\"wp-block-image\"><figure class=\"aligncenter size-large is-resized\"><img loading=\"lazy\" decoding=\"async\" src=\"https:\/\/jornalfatosenoticias.com.br\/wp-content\/uploads\/2020\/02\/CONTROL-CS.jpg\" alt=\"\" class=\"wp-image-44991\" width=\"303\" height=\"364\" srcset=\"https:\/\/jornalfatosenoticias.com.br\/wp-content\/uploads\/2020\/02\/CONTROL-CS.jpg 834w, https:\/\/jornalfatosenoticias.com.br\/wp-content\/uploads\/2020\/02\/CONTROL-CS-250x300.jpg 250w, https:\/\/jornalfatosenoticias.com.br\/wp-content\/uploads\/2020\/02\/CONTROL-CS-768x921.jpg 768w\" sizes=\"auto, (max-width: 303px) 100vw, 303px\" \/><\/figure><\/div>\n\n\n\n<p>A comunidade e o com\u00e9rcio local est\u00e3o ansiando por uma retomada e pronta para compartilhar a autenticidade e a hospitalidade capixaba, com a chegada de um n\u00famero crescente de visitantes de todo o Brasil e at\u00e9 do exterior, fazendo de cada estadia uma experi\u00eancia \u00fanica.<\/p>\n\n\n\n<div class=\"wp-block-image\"><figure class=\"aligncenter size-large\"><img loading=\"lazy\" decoding=\"async\" width=\"300\" height=\"250\" src=\"https:\/\/jornalfatosenoticias.com.br\/wp-content\/uploads\/2022\/02\/FERRARI_MAQUINAS-E-FERRAMENTAS2.jpg\" alt=\"\" class=\"wp-image-27860\"\/><\/figure><\/div>\n\n\n\n<p>A retomada tur\u00edstica deve vir acompanhada de iniciativas locais que visam n\u00e3o apenas impulsionar a economia, mas promover uma das joias escondidas do Esp\u00edrito Santo, tornando o Balne\u00e1rio de Jacara\u00edpe um destino desejado nos programas de viagens daqueles que buscam lugares com encantos naturais e uma atmosfera acolhedora, assegurando assim, um crescimento urbano e imobili\u00e1rio qualificado com sustentabilidade ambiental.<\/p>\n\n\n\n<div class=\"wp-block-image\"><figure class=\"aligncenter size-large\"><img decoding=\"async\" src=\"https:\/\/jornalfatosenoticias.com.br\/wp-content\/uploads\/2020\/02\/logo_esteio.jpg\" alt=\"\" class=\"wp-image-1214\"\/><\/figure><\/div>\n\n\n\n<p>O balne\u00e1rio tamb\u00e9m se destaca pela sua gastronomia, com restaurantes que oferecem pratos t\u00edpicos da culin\u00e1ria capixaba. Mas, acima de tudo, o que realmente define Jacara\u00edpe \u00e9 a sua gente, comunidade acolhedora que recebe a todos de bra\u00e7os abertos, perpetuando a do\u00e7ura e a for\u00e7a que caracterizam este belo balne\u00e1rio.<\/p>\n\n\n\n<div class=\"wp-block-image\"><figure class=\"aligncenter size-large is-resized\"><img loading=\"lazy\" decoding=\"async\" src=\"https:\/\/jornalfatosenoticias.com.br\/wp-content\/uploads\/2023\/09\/vetorvix1024_1.jpg\" alt=\"\" class=\"wp-image-44868\" width=\"558\" height=\"148\" srcset=\"https:\/\/jornalfatosenoticias.com.br\/wp-content\/uploads\/2023\/09\/vetorvix1024_1.jpg 1024w, https:\/\/jornalfatosenoticias.com.br\/wp-content\/uploads\/2023\/09\/vetorvix1024_1-300x80.jpg 300w, https:\/\/jornalfatosenoticias.com.br\/wp-content\/uploads\/2023\/09\/vetorvix1024_1-768x205.jpg 768w\" sizes=\"auto, (max-width: 558px) 100vw, 558px\" \/><\/figure><\/div>\n\n\n\n<p><em><span class=\"has-inline-color has-black-color\"><strong>Wylson Zon Filho<br><\/strong>Desenvolvedor Imobili\u00e1rio, Rotariano e corredor praticante<\/span><\/em><\/p>\n","protected":false},"excerpt":{"rendered":"<p>Por Wylson Zon Filho A est\u00e2ncia de Jacara\u00edpe n\u00e3o passava de uma pequena vila pesqueira at\u00e9 meados da d\u00e9cada de 60. Na d\u00e9cada de 70 e 80, quando fal\u00e1vamos em destino tur\u00edstico e f\u00e9rias de ver\u00e3o no ES, t\u00ednhamos como lembran\u00e7a as praias de Jacara\u00edpe e os bailes de Carnaval no Clube Riviera, dividindo com [&hellip;]<\/p>\n","protected":false},"author":2,"featured_media":51052,"comment_status":"open","ping_status":"open","sticky":false,"template":"","format":"standard","meta":{"footnotes":""},"categories":[744,746],"tags":[23430,22686,23429,2988,23428],"class_list":["post-51051","post","type-post","status-publish","format-standard","has-post-thumbnail","hentry","category-arq-urbanismo","category-turismo","tag-balneario-de-jacaraipe","tag-cidade-conectada","tag-empreendimentos-residenciais","tag-jacaraipe","tag-retomada-turistica"],"yoast_head":"<!-- This site is optimized with the Yoast SEO plugin v26.5 - https:\/\/yoast.com\/wordpress\/plugins\/seo\/ -->\n<title>Conex\u00e3o Cidade \u2014 A retomada tur\u00edstica (e residencial) de Jacara\u00edpe - Jornal Fatos e Not\u00edcias<\/title>\n<meta name=\"robots\" content=\"index, follow, max-snippet:-1, max-image-preview:large, max-video-preview:-1\" \/>\n<link rel=\"canonical\" href=\"https:\/\/jornalfatosenoticias.com.br\/index.php\/2024\/05\/07\/cidade-conectada-a-retomada-turistica-e-residencial-de-jacaraipe\/\" \/>\n<meta property=\"og:locale\" content=\"pt_BR\" \/>\n<meta property=\"og:type\" content=\"article\" \/>\n<meta property=\"og:title\" content=\"Conex\u00e3o Cidade \u2014 A retomada tur\u00edstica (e residencial) de Jacara\u00edpe - Jornal Fatos e Not\u00edcias\" \/>\n<meta property=\"og:description\" content=\"Por Wylson Zon Filho A est\u00e2ncia de Jacara\u00edpe n\u00e3o passava de uma pequena vila pesqueira at\u00e9 meados da d\u00e9cada de 60. Na d\u00e9cada de 70 e 80, quando fal\u00e1vamos em destino tur\u00edstico e f\u00e9rias de ver\u00e3o no ES, t\u00ednhamos como lembran\u00e7a as praias de Jacara\u00edpe e os bailes de Carnaval no Clube Riviera, dividindo com [&hellip;]\" \/>\n<meta property=\"og:url\" content=\"https:\/\/jornalfatosenoticias.com.br\/index.php\/2024\/05\/07\/cidade-conectada-a-retomada-turistica-e-residencial-de-jacaraipe\/\" \/>\n<meta property=\"og:site_name\" content=\"Jornal Fatos e Not\u00edcias\" \/>\n<meta property=\"article:published_time\" content=\"2024-05-07T12:47:46+00:00\" \/>\n<meta property=\"article:modified_time\" content=\"2024-05-09T15:21:10+00:00\" \/>\n<meta property=\"og:image\" content=\"https:\/\/jornalfatosenoticias.com.br\/wp-content\/uploads\/2024\/05\/foto-Jacaraipe.jpeg\" \/>\n\t<meta property=\"og:image:width\" content=\"1000\" \/>\n\t<meta property=\"og:image:height\" content=\"750\" \/>\n\t<meta property=\"og:image:type\" content=\"image\/jpeg\" \/>\n<meta name=\"author\" content=\"Luzimara Fernandes\" \/>\n<meta name=\"twitter:card\" content=\"summary_large_image\" \/>\n<meta name=\"twitter:label1\" content=\"Escrito por\" \/>\n\t<meta name=\"twitter:data1\" content=\"Luzimara Fernandes\" \/>\n\t<meta name=\"twitter:label2\" content=\"Est. tempo de leitura\" \/>\n\t<meta name=\"twitter:data2\" content=\"2 minutos\" \/>\n<script type=\"application\/ld+json\" class=\"yoast-schema-graph\">{\"@context\":\"https:\/\/schema.org\",\"@graph\":[{\"@type\":\"Article\",\"@id\":\"https:\/\/jornalfatosenoticias.com.br\/index.php\/2024\/05\/07\/cidade-conectada-a-retomada-turistica-e-residencial-de-jacaraipe\/#article\",\"isPartOf\":{\"@id\":\"https:\/\/jornalfatosenoticias.com.br\/index.php\/2024\/05\/07\/cidade-conectada-a-retomada-turistica-e-residencial-de-jacaraipe\/\"},\"author\":{\"name\":\"Luzimara Fernandes\",\"@id\":\"https:\/\/jornalfatosenoticias.com.br\/#\/schema\/person\/d63837fa13ac8666eb9e74e0985d6f81\"},\"headline\":\"Conex\u00e3o Cidade \u2014 A retomada tur\u00edstica (e residencial) de Jacara\u00edpe\",\"datePublished\":\"2024-05-07T12:47:46+00:00\",\"dateModified\":\"2024-05-09T15:21:10+00:00\",\"mainEntityOfPage\":{\"@id\":\"https:\/\/jornalfatosenoticias.com.br\/index.php\/2024\/05\/07\/cidade-conectada-a-retomada-turistica-e-residencial-de-jacaraipe\/\"},\"wordCount\":496,\"commentCount\":0,\"publisher\":{\"@id\":\"https:\/\/jornalfatosenoticias.com.br\/#organization\"},\"image\":{\"@id\":\"https:\/\/jornalfatosenoticias.com.br\/index.php\/2024\/05\/07\/cidade-conectada-a-retomada-turistica-e-residencial-de-jacaraipe\/#primaryimage\"},\"thumbnailUrl\":\"https:\/\/jornalfatosenoticias.com.br\/wp-content\/uploads\/2024\/05\/foto-Jacaraipe.jpeg\",\"keywords\":[\"Balne\u00e1rio de Jacara\u00edpe\",\"cidade conectada\",\"empreendimentos residenciais\",\"Jacara\u00edpe\",\"retomada tur\u00edstica\"],\"articleSection\":[\"Arq &amp; Urb\",\"Turismo\"],\"inLanguage\":\"pt-BR\",\"potentialAction\":[{\"@type\":\"CommentAction\",\"name\":\"Comment\",\"target\":[\"https:\/\/jornalfatosenoticias.com.br\/index.php\/2024\/05\/07\/cidade-conectada-a-retomada-turistica-e-residencial-de-jacaraipe\/#respond\"]}]},{\"@type\":\"WebPage\",\"@id\":\"https:\/\/jornalfatosenoticias.com.br\/index.php\/2024\/05\/07\/cidade-conectada-a-retomada-turistica-e-residencial-de-jacaraipe\/\",\"url\":\"https:\/\/jornalfatosenoticias.com.br\/index.php\/2024\/05\/07\/cidade-conectada-a-retomada-turistica-e-residencial-de-jacaraipe\/\",\"name\":\"Conex\u00e3o Cidade \u2014 A retomada tur\u00edstica (e residencial) de Jacara\u00edpe - Jornal Fatos e Not\u00edcias\",\"isPartOf\":{\"@id\":\"https:\/\/jornalfatosenoticias.com.br\/#website\"},\"primaryImageOfPage\":{\"@id\":\"https:\/\/jornalfatosenoticias.com.br\/index.php\/2024\/05\/07\/cidade-conectada-a-retomada-turistica-e-residencial-de-jacaraipe\/#primaryimage\"},\"image\":{\"@id\":\"https:\/\/jornalfatosenoticias.com.br\/index.php\/2024\/05\/07\/cidade-conectada-a-retomada-turistica-e-residencial-de-jacaraipe\/#primaryimage\"},\"thumbnailUrl\":\"https:\/\/jornalfatosenoticias.com.br\/wp-content\/uploads\/2024\/05\/foto-Jacaraipe.jpeg\",\"datePublished\":\"2024-05-07T12:47:46+00:00\",\"dateModified\":\"2024-05-09T15:21:10+00:00\",\"breadcrumb\":{\"@id\":\"https:\/\/jornalfatosenoticias.com.br\/index.php\/2024\/05\/07\/cidade-conectada-a-retomada-turistica-e-residencial-de-jacaraipe\/#breadcrumb\"},\"inLanguage\":\"pt-BR\",\"potentialAction\":[{\"@type\":\"ReadAction\",\"target\":[\"https:\/\/jornalfatosenoticias.com.br\/index.php\/2024\/05\/07\/cidade-conectada-a-retomada-turistica-e-residencial-de-jacaraipe\/\"]}]},{\"@type\":\"ImageObject\",\"inLanguage\":\"pt-BR\",\"@id\":\"https:\/\/jornalfatosenoticias.com.br\/index.php\/2024\/05\/07\/cidade-conectada-a-retomada-turistica-e-residencial-de-jacaraipe\/#primaryimage\",\"url\":\"https:\/\/jornalfatosenoticias.com.br\/wp-content\/uploads\/2024\/05\/foto-Jacaraipe.jpeg\",\"contentUrl\":\"https:\/\/jornalfatosenoticias.com.br\/wp-content\/uploads\/2024\/05\/foto-Jacaraipe.jpeg\",\"width\":1000,\"height\":750},{\"@type\":\"BreadcrumbList\",\"@id\":\"https:\/\/jornalfatosenoticias.com.br\/index.php\/2024\/05\/07\/cidade-conectada-a-retomada-turistica-e-residencial-de-jacaraipe\/#breadcrumb\",\"itemListElement\":[{\"@type\":\"ListItem\",\"position\":1,\"name\":\"In\u00edcio\",\"item\":\"https:\/\/jornalfatosenoticias.com.br\/\"},{\"@type\":\"ListItem\",\"position\":2,\"name\":\"Conex\u00e3o Cidade \u2014 A retomada tur\u00edstica (e residencial) de Jacara\u00edpe\"}]},{\"@type\":\"WebSite\",\"@id\":\"https:\/\/jornalfatosenoticias.com.br\/#website\",\"url\":\"https:\/\/jornalfatosenoticias.com.br\/\",\"name\":\"Jornal Fatos e Not\u00edcias\",\"description\":\"Not\u00edcias em geral\",\"publisher\":{\"@id\":\"https:\/\/jornalfatosenoticias.com.br\/#organization\"},\"potentialAction\":[{\"@type\":\"SearchAction\",\"target\":{\"@type\":\"EntryPoint\",\"urlTemplate\":\"https:\/\/jornalfatosenoticias.com.br\/?s={search_term_string}\"},\"query-input\":{\"@type\":\"PropertyValueSpecification\",\"valueRequired\":true,\"valueName\":\"search_term_string\"}}],\"inLanguage\":\"pt-BR\"},{\"@type\":\"Organization\",\"@id\":\"https:\/\/jornalfatosenoticias.com.br\/#organization\",\"name\":\"Jornal Fatos e Not\u00edcias\",\"url\":\"https:\/\/jornalfatosenoticias.com.br\/\",\"logo\":{\"@type\":\"ImageObject\",\"inLanguage\":\"pt-BR\",\"@id\":\"https:\/\/jornalfatosenoticias.com.br\/#\/schema\/logo\/image\/\",\"url\":\"https:\/\/jornalfatosenoticias.com.br\/wp-content\/uploads\/2020\/02\/logo120.png\",\"contentUrl\":\"https:\/\/jornalfatosenoticias.com.br\/wp-content\/uploads\/2020\/02\/logo120.png\",\"width\":1227,\"height\":120,\"caption\":\"Jornal Fatos e Not\u00edcias\"},\"image\":{\"@id\":\"https:\/\/jornalfatosenoticias.com.br\/#\/schema\/logo\/image\/\"}},{\"@type\":\"Person\",\"@id\":\"https:\/\/jornalfatosenoticias.com.br\/#\/schema\/person\/d63837fa13ac8666eb9e74e0985d6f81\",\"name\":\"Luzimara Fernandes\",\"image\":{\"@type\":\"ImageObject\",\"inLanguage\":\"pt-BR\",\"@id\":\"https:\/\/jornalfatosenoticias.com.br\/#\/schema\/person\/image\/\",\"url\":\"https:\/\/jornalfatosenoticias.com.br\/wp-content\/uploads\/2025\/05\/EU_portal.jpg\",\"contentUrl\":\"https:\/\/jornalfatosenoticias.com.br\/wp-content\/uploads\/2025\/05\/EU_portal.jpg\",\"caption\":\"Luzimara Fernandes\"},\"description\":\"Jornalista MTB 2358-ES\",\"sameAs\":[\"https:\/\/jornalfatosenoticias.com.br\"],\"url\":\"https:\/\/jornalfatosenoticias.com.br\/index.php\/author\/luzimara\/\"}]}<\/script>\n<!-- \/ Yoast SEO plugin. -->","yoast_head_json":{"title":"Conex\u00e3o Cidade \u2014 A retomada tur\u00edstica (e residencial) de Jacara\u00edpe - Jornal Fatos e Not\u00edcias","robots":{"index":"index","follow":"follow","max-snippet":"max-snippet:-1","max-image-preview":"max-image-preview:large","max-video-preview":"max-video-preview:-1"},"canonical":"https:\/\/jornalfatosenoticias.com.br\/index.php\/2024\/05\/07\/cidade-conectada-a-retomada-turistica-e-residencial-de-jacaraipe\/","og_locale":"pt_BR","og_type":"article","og_title":"Conex\u00e3o Cidade \u2014 A retomada tur\u00edstica (e residencial) de Jacara\u00edpe - Jornal Fatos e Not\u00edcias","og_description":"Por Wylson Zon Filho A est\u00e2ncia de Jacara\u00edpe n\u00e3o passava de uma pequena vila pesqueira at\u00e9 meados da d\u00e9cada de 60. Na d\u00e9cada de 70 e 80, quando fal\u00e1vamos em destino tur\u00edstico e f\u00e9rias de ver\u00e3o no ES, t\u00ednhamos como lembran\u00e7a as praias de Jacara\u00edpe e os bailes de Carnaval no Clube Riviera, dividindo com [&hellip;]","og_url":"https:\/\/jornalfatosenoticias.com.br\/index.php\/2024\/05\/07\/cidade-conectada-a-retomada-turistica-e-residencial-de-jacaraipe\/","og_site_name":"Jornal Fatos e Not\u00edcias","article_published_time":"2024-05-07T12:47:46+00:00","article_modified_time":"2024-05-09T15:21:10+00:00","og_image":[{"width":1000,"height":750,"url":"https:\/\/jornalfatosenoticias.com.br\/wp-content\/uploads\/2024\/05\/foto-Jacaraipe.jpeg","type":"image\/jpeg"}],"author":"Luzimara Fernandes","twitter_card":"summary_large_image","twitter_misc":{"Escrito por":"Luzimara Fernandes","Est. tempo de leitura":"2 minutos"},"schema":{"@context":"https:\/\/schema.org","@graph":[{"@type":"Article","@id":"https:\/\/jornalfatosenoticias.com.br\/index.php\/2024\/05\/07\/cidade-conectada-a-retomada-turistica-e-residencial-de-jacaraipe\/#article","isPartOf":{"@id":"https:\/\/jornalfatosenoticias.com.br\/index.php\/2024\/05\/07\/cidade-conectada-a-retomada-turistica-e-residencial-de-jacaraipe\/"},"author":{"name":"Luzimara Fernandes","@id":"https:\/\/jornalfatosenoticias.com.br\/#\/schema\/person\/d63837fa13ac8666eb9e74e0985d6f81"},"headline":"Conex\u00e3o Cidade \u2014 A retomada tur\u00edstica (e residencial) de Jacara\u00edpe","datePublished":"2024-05-07T12:47:46+00:00","dateModified":"2024-05-09T15:21:10+00:00","mainEntityOfPage":{"@id":"https:\/\/jornalfatosenoticias.com.br\/index.php\/2024\/05\/07\/cidade-conectada-a-retomada-turistica-e-residencial-de-jacaraipe\/"},"wordCount":496,"commentCount":0,"publisher":{"@id":"https:\/\/jornalfatosenoticias.com.br\/#organization"},"image":{"@id":"https:\/\/jornalfatosenoticias.com.br\/index.php\/2024\/05\/07\/cidade-conectada-a-retomada-turistica-e-residencial-de-jacaraipe\/#primaryimage"},"thumbnailUrl":"https:\/\/jornalfatosenoticias.com.br\/wp-content\/uploads\/2024\/05\/foto-Jacaraipe.jpeg","keywords":["Balne\u00e1rio de Jacara\u00edpe","cidade conectada","empreendimentos residenciais","Jacara\u00edpe","retomada tur\u00edstica"],"articleSection":["Arq &amp; Urb","Turismo"],"inLanguage":"pt-BR","potentialAction":[{"@type":"CommentAction","name":"Comment","target":["https:\/\/jornalfatosenoticias.com.br\/index.php\/2024\/05\/07\/cidade-conectada-a-retomada-turistica-e-residencial-de-jacaraipe\/#respond"]}]},{"@type":"WebPage","@id":"https:\/\/jornalfatosenoticias.com.br\/index.php\/2024\/05\/07\/cidade-conectada-a-retomada-turistica-e-residencial-de-jacaraipe\/","url":"https:\/\/jornalfatosenoticias.com.br\/index.php\/2024\/05\/07\/cidade-conectada-a-retomada-turistica-e-residencial-de-jacaraipe\/","name":"Conex\u00e3o Cidade \u2014 A retomada tur\u00edstica (e residencial) de Jacara\u00edpe - Jornal Fatos e Not\u00edcias","isPartOf":{"@id":"https:\/\/jornalfatosenoticias.com.br\/#website"},"primaryImageOfPage":{"@id":"https:\/\/jornalfatosenoticias.com.br\/index.php\/2024\/05\/07\/cidade-conectada-a-retomada-turistica-e-residencial-de-jacaraipe\/#primaryimage"},"image":{"@id":"https:\/\/jornalfatosenoticias.com.br\/index.php\/2024\/05\/07\/cidade-conectada-a-retomada-turistica-e-residencial-de-jacaraipe\/#primaryimage"},"thumbnailUrl":"https:\/\/jornalfatosenoticias.com.br\/wp-content\/uploads\/2024\/05\/foto-Jacaraipe.jpeg","datePublished":"2024-05-07T12:47:46+00:00","dateModified":"2024-05-09T15:21:10+00:00","breadcrumb":{"@id":"https:\/\/jornalfatosenoticias.com.br\/index.php\/2024\/05\/07\/cidade-conectada-a-retomada-turistica-e-residencial-de-jacaraipe\/#breadcrumb"},"inLanguage":"pt-BR","potentialAction":[{"@type":"ReadAction","target":["https:\/\/jornalfatosenoticias.com.br\/index.php\/2024\/05\/07\/cidade-conectada-a-retomada-turistica-e-residencial-de-jacaraipe\/"]}]},{"@type":"ImageObject","inLanguage":"pt-BR","@id":"https:\/\/jornalfatosenoticias.com.br\/index.php\/2024\/05\/07\/cidade-conectada-a-retomada-turistica-e-residencial-de-jacaraipe\/#primaryimage","url":"https:\/\/jornalfatosenoticias.com.br\/wp-content\/uploads\/2024\/05\/foto-Jacaraipe.jpeg","contentUrl":"https:\/\/jornalfatosenoticias.com.br\/wp-content\/uploads\/2024\/05\/foto-Jacaraipe.jpeg","width":1000,"height":750},{"@type":"BreadcrumbList","@id":"https:\/\/jornalfatosenoticias.com.br\/index.php\/2024\/05\/07\/cidade-conectada-a-retomada-turistica-e-residencial-de-jacaraipe\/#breadcrumb","itemListElement":[{"@type":"ListItem","position":1,"name":"In\u00edcio","item":"https:\/\/jornalfatosenoticias.com.br\/"},{"@type":"ListItem","position":2,"name":"Conex\u00e3o Cidade \u2014 A retomada tur\u00edstica (e residencial) de Jacara\u00edpe"}]},{"@type":"WebSite","@id":"https:\/\/jornalfatosenoticias.com.br\/#website","url":"https:\/\/jornalfatosenoticias.com.br\/","name":"Jornal Fatos e Not\u00edcias","description":"Not\u00edcias em geral","publisher":{"@id":"https:\/\/jornalfatosenoticias.com.br\/#organization"},"potentialAction":[{"@type":"SearchAction","target":{"@type":"EntryPoint","urlTemplate":"https:\/\/jornalfatosenoticias.com.br\/?s={search_term_string}"},"query-input":{"@type":"PropertyValueSpecification","valueRequired":true,"valueName":"search_term_string"}}],"inLanguage":"pt-BR"},{"@type":"Organization","@id":"https:\/\/jornalfatosenoticias.com.br\/#organization","name":"Jornal Fatos e Not\u00edcias","url":"https:\/\/jornalfatosenoticias.com.br\/","logo":{"@type":"ImageObject","inLanguage":"pt-BR","@id":"https:\/\/jornalfatosenoticias.com.br\/#\/schema\/logo\/image\/","url":"https:\/\/jornalfatosenoticias.com.br\/wp-content\/uploads\/2020\/02\/logo120.png","contentUrl":"https:\/\/jornalfatosenoticias.com.br\/wp-content\/uploads\/2020\/02\/logo120.png","width":1227,"height":120,"caption":"Jornal Fatos e Not\u00edcias"},"image":{"@id":"https:\/\/jornalfatosenoticias.com.br\/#\/schema\/logo\/image\/"}},{"@type":"Person","@id":"https:\/\/jornalfatosenoticias.com.br\/#\/schema\/person\/d63837fa13ac8666eb9e74e0985d6f81","name":"Luzimara Fernandes","image":{"@type":"ImageObject","inLanguage":"pt-BR","@id":"https:\/\/jornalfatosenoticias.com.br\/#\/schema\/person\/image\/","url":"https:\/\/jornalfatosenoticias.com.br\/wp-content\/uploads\/2025\/05\/EU_portal.jpg","contentUrl":"https:\/\/jornalfatosenoticias.com.br\/wp-content\/uploads\/2025\/05\/EU_portal.jpg","caption":"Luzimara Fernandes"},"description":"Jornalista MTB 2358-ES","sameAs":["https:\/\/jornalfatosenoticias.com.br"],"url":"https:\/\/jornalfatosenoticias.com.br\/index.php\/author\/luzimara\/"}]}},"cc_featured_image_caption":{"caption_text":"(Foto: Reprodu\u00e7\u00e3o)","source_text":"","source_url":""},"jetpack_featured_media_url":"https:\/\/jornalfatosenoticias.com.br\/wp-content\/uploads\/2024\/05\/foto-Jacaraipe.jpeg","_links":{"self":[{"href":"https:\/\/jornalfatosenoticias.com.br\/index.php\/wp-json\/wp\/v2\/posts\/51051","targetHints":{"allow":["GET"]}}],"collection":[{"href":"https:\/\/jornalfatosenoticias.com.br\/index.php\/wp-json\/wp\/v2\/posts"}],"about":[{"href":"https:\/\/jornalfatosenoticias.com.br\/index.php\/wp-json\/wp\/v2\/types\/post"}],"author":[{"embeddable":true,"href":"https:\/\/jornalfatosenoticias.com.br\/index.php\/wp-json\/wp\/v2\/users\/2"}],"replies":[{"embeddable":true,"href":"https:\/\/jornalfatosenoticias.com.br\/index.php\/wp-json\/wp\/v2\/comments?post=51051"}],"version-history":[{"count":0,"href":"https:\/\/jornalfatosenoticias.com.br\/index.php\/wp-json\/wp\/v2\/posts\/51051\/revisions"}],"wp:featuredmedia":[{"embeddable":true,"href":"https:\/\/jornalfatosenoticias.com.br\/index.php\/wp-json\/wp\/v2\/media\/51052"}],"wp:attachment":[{"href":"https:\/\/jornalfatosenoticias.com.br\/index.php\/wp-json\/wp\/v2\/media?parent=51051"}],"wp:term":[{"taxonomy":"category","embeddable":true,"href":"https:\/\/jornalfatosenoticias.com.br\/index.php\/wp-json\/wp\/v2\/categories?post=51051"},{"taxonomy":"post_tag","embeddable":true,"href":"https:\/\/jornalfatosenoticias.com.br\/index.php\/wp-json\/wp\/v2\/tags?post=51051"}],"curies":[{"name":"wp","href":"https:\/\/api.w.org\/{rel}","templated":true}]}}