{"id":51057,"date":"2024-05-07T10:05:44","date_gmt":"2024-05-07T13:05:44","guid":{"rendered":"https:\/\/jornalfatosenoticias.com.br\/?p=51057"},"modified":"2024-05-07T10:05:45","modified_gmt":"2024-05-07T13:05:45","slug":"borboleta-amazonica-surgiu-do-cruzamento-entre-duas-especies","status":"publish","type":"post","link":"https:\/\/jornalfatosenoticias.com.br\/index.php\/2024\/05\/07\/borboleta-amazonica-surgiu-do-cruzamento-entre-duas-especies\/","title":{"rendered":"Borboleta amaz\u00f4nica surgiu do cruzamento entre duas esp\u00e9cies"},"content":{"rendered":"\n<p><em><span class=\"has-inline-color has-black-color\">Heliconius elevatus, h\u00edbrida entre H. pardalinus e H. melpomene, tem mais genes da primeira, mas herdou da segunda a colora\u00e7\u00e3o capaz de espantar predadores<\/span><\/em><\/p>\n\n\n\n<p><span class=\"has-inline-color has-black-color\">Por <strong>Laura Segovia Tercic\/<a href=\"https:\/\/gizmodo.uol.com.br\/author\/revista-pesquisa-fapesp\/\">Revista Pesquisa Fapesp<\/a><\/strong><\/span><\/p>\n\n\n\n<div class=\"wp-block-image\"><figure class=\"aligncenter size-large is-resized\"><img loading=\"lazy\" decoding=\"async\" src=\"https:\/\/jornalfatosenoticias.com.br\/wp-content\/uploads\/2023\/09\/vetorvix1024_1.jpg\" alt=\"\" class=\"wp-image-44868\" width=\"524\" height=\"139\" srcset=\"https:\/\/jornalfatosenoticias.com.br\/wp-content\/uploads\/2023\/09\/vetorvix1024_1.jpg 1024w, https:\/\/jornalfatosenoticias.com.br\/wp-content\/uploads\/2023\/09\/vetorvix1024_1-300x80.jpg 300w, https:\/\/jornalfatosenoticias.com.br\/wp-content\/uploads\/2023\/09\/vetorvix1024_1-768x205.jpg 768w\" sizes=\"auto, (max-width: 524px) 100vw, 524px\" \/><\/figure><\/div>\n\n\n\n<p>Um grupo de pesquisadores de v\u00e1rios pa\u00edses revelou que a borboleta <em>Heliconius elevatus, <\/em>da Amaz\u00f4nia, \u00e9 uma esp\u00e9cie de origem h\u00edbrida. O achado, publicado m\u00eas passado na revista <em>Nature<\/em>, d\u00e1 raz\u00e3o a uma antiga desconfian\u00e7a sobre algumas esp\u00e9cies de borboletas terem surgido da mistura entre outras.<br>A esp\u00e9cie, descrita em 1901 pelo naturalista alem\u00e3o Emil N\u00f6ldner, \u00e9 fruto do cruzamento entre outras duas do mesmo g\u00eanero, <em>H. pardalinus<\/em> e<em> H. melpomene<\/em>. A hibridiza\u00e7\u00e3o aconteceu h\u00e1 cerca de 180 mil anos, segundo as an\u00e1lises gen\u00e9ticas. As tr\u00eas esp\u00e9cies est\u00e3o espalhadas por toda a extens\u00e3o da floresta amaz\u00f4nica.<br>O cruzamento entre esp\u00e9cies evolutivamente pr\u00f3ximas costuma ocorrer na natureza, mas raramente origina descendentes f\u00e9rteis que permanecem por v\u00e1rias gera\u00e7\u00f5es. A tend\u00eancia \u00e9 que a composi\u00e7\u00e3o gen\u00e9tica da potencial nova esp\u00e9cie seja dilu\u00edda nas gera\u00e7\u00f5es seguintes, por cruzarem de volta com uma ou com ambas as popula\u00e7\u00f5es dos pais. <\/p>\n\n\n\n<div class=\"wp-block-image\"><figure class=\"aligncenter size-large\"><img loading=\"lazy\" decoding=\"async\" width=\"300\" height=\"250\" src=\"https:\/\/jornalfatosenoticias.com.br\/wp-content\/uploads\/2022\/02\/FERRARI_MAQUINAS-E-FERRAMENTAS2.jpg\" alt=\"\" class=\"wp-image-27860\"\/><\/figure><\/div>\n\n\n\n<blockquote class=\"wp-block-quote is-layout-flow wp-block-quote-is-layout-flow\"><p><span class=\"has-inline-color has-luminous-vivid-orange-color\">Ao fim, acabam n\u00e3o restando indiv\u00edduos diferentes o suficiente para serem reconhecidos como outra esp\u00e9cie\u201d, comenta o bi\u00f3logo Andr\u00e9 Freitas, curador da cole\u00e7\u00e3o de invertebrados do Museu de Diversidade Biol\u00f3gica da Universidade Estadual de Campinas (Unicamp), um dos autores do estudo.<\/span><\/p><\/blockquote>\n\n\n\n<div class=\"wp-block-image\"><figure class=\"aligncenter size-large is-resized\"><img loading=\"lazy\" decoding=\"async\" src=\"https:\/\/jornalfatosenoticias.com.br\/wp-content\/uploads\/2024\/01\/consultoria-ambiental.jpg\" alt=\"\" class=\"wp-image-48314\" width=\"303\" height=\"274\" srcset=\"https:\/\/jornalfatosenoticias.com.br\/wp-content\/uploads\/2024\/01\/consultoria-ambiental.jpg 832w, https:\/\/jornalfatosenoticias.com.br\/wp-content\/uploads\/2024\/01\/consultoria-ambiental-300x272.jpg 300w, https:\/\/jornalfatosenoticias.com.br\/wp-content\/uploads\/2024\/01\/consultoria-ambiental-768x696.jpg 768w\" sizes=\"auto, (max-width: 303px) 100vw, 303px\" \/><\/figure><\/div>\n\n\n\n<p>Isso n\u00e3o ocorreu com <em>H. elevatus<\/em>, que mant\u00e9m sua exist\u00eancia como esp\u00e9cie h\u00e1 mil\u00eanios. Ainda assim, as borboletas atuais t\u00eam uma contribui\u00e7\u00e3o muito desigual das duas esp\u00e9cies originais: 99% do material gen\u00e9tico \u00e9 id\u00eantico ao de <em>H. pardalinus,<\/em> e apenas 1% ao de <em>H. melpomene<\/em>.<\/p>\n\n\n\n<div class=\"wp-block-image\"><figure class=\"aligncenter size-large is-resized\"><img loading=\"lazy\" decoding=\"async\" src=\"https:\/\/jornalfatosenoticias.com.br\/wp-content\/uploads\/2020\/02\/nova-logo-Marquetti.jpg\" alt=\"\" class=\"wp-image-22331\" width=\"337\" height=\"226\" srcset=\"https:\/\/jornalfatosenoticias.com.br\/wp-content\/uploads\/2020\/02\/nova-logo-Marquetti.jpg 643w, https:\/\/jornalfatosenoticias.com.br\/wp-content\/uploads\/2020\/02\/nova-logo-Marquetti-300x202.jpg 300w\" sizes=\"auto, (max-width: 337px) 100vw, 337px\" \/><\/figure><\/div>\n\n\n\n<p>Mas essa pequena propor\u00e7\u00e3o tem impacto na apar\u00eancia. Os pesquisadores, liderados por dois evolucionistas da Universidade Harvard, nos Estados Unidos \u2014 o brit\u00e2nico Neil Rosser e o portugu\u00eas Fernando Seixas \u2014 descobriram que esses genes herdados de <em>H. melpomene<\/em> s\u00e3o justamente os respons\u00e1veis por conferir o desenho e cores nas asas de <em>H. elevatus<\/em>, cuja semelhan\u00e7a com o padr\u00e3o da esp\u00e9cie parental \u00e9 suficiente para afastar aves predadoras. <\/p>\n\n\n\n<div class=\"wp-block-image\"><figure class=\"aligncenter size-large\"><img decoding=\"async\" src=\"https:\/\/jornalfatosenoticias.com.br\/wp-content\/uploads\/2020\/02\/logo_esteio.jpg\" alt=\"\" class=\"wp-image-1214\"\/><\/figure><\/div>\n\n\n\n<blockquote class=\"wp-block-quote is-layout-flow wp-block-quote-is-layout-flow\"><p><span class=\"has-inline-color has-luminous-vivid-orange-color\">Apesar de as tr\u00eas esp\u00e9cies serem t\u00f3xicas e terem sabor desagrad\u00e1vel para as aves, uma mistura muito grande nos padr\u00f5es visuais das asas poderia fazer com que os predadores n\u00e3o reconhecessem o que aprenderam em experi\u00eancias anteriores\u201d, explica Freitas. \u201cSer mais parecida com uma esp\u00e9cie que j\u00e1 existe \u00e9 melhor do que ter um padr\u00e3o todo novo\u201d.<\/span><\/p><\/blockquote>\n\n\n\n<div class=\"wp-block-image\"><figure class=\"aligncenter size-large is-resized\"><img loading=\"lazy\" decoding=\"async\" src=\"https:\/\/jornalfatosenoticias.com.br\/wp-content\/uploads\/2024\/05\/borboletas-hibridas_montagem2.jpg\" alt=\"\" class=\"wp-image-51058\" width=\"580\" height=\"136\" srcset=\"https:\/\/jornalfatosenoticias.com.br\/wp-content\/uploads\/2024\/05\/borboletas-hibridas_montagem2.jpg 1000w, https:\/\/jornalfatosenoticias.com.br\/wp-content\/uploads\/2024\/05\/borboletas-hibridas_montagem2-300x71.jpg 300w, https:\/\/jornalfatosenoticias.com.br\/wp-content\/uploads\/2024\/05\/borboletas-hibridas_montagem2-768x181.jpg 768w\" sizes=\"auto, (max-width: 580px) 100vw, 580px\" \/><figcaption><em><span class=\"has-inline-color has-black-color\">A h\u00edbrida e as originais: H. melpomene, H. elevatus e H. pardalinus (da esq. para a dir.) (Foto: Wikimedia Commons)<\/span><\/em><\/figcaption><\/figure><\/div>\n\n\n\n<p>Enquanto a pequena quantidade de genes de <em>H. melpomene<\/em> sobreviveu na esp\u00e9cie nova por obra da sele\u00e7\u00e3o natural, 99% do genoma veio de <em>H. pardalinus<\/em>. Al\u00e9m das an\u00e1lises gen\u00e9ticas, o grupo levou em conta o comportamento, o formato do entorno das asas e a intera\u00e7\u00e3o com as plantas das quais as lagartas se alimentam, para distinguir as esp\u00e9cies. A hip\u00f3tese da hibridiza\u00e7\u00e3o, apenas agora sustentada pela gen\u00e9tica, n\u00e3o \u00e9 nova. <\/p>\n\n\n\n<div class=\"wp-block-image\"><figure class=\"aligncenter size-large\"><img loading=\"lazy\" decoding=\"async\" width=\"300\" height=\"250\" src=\"https:\/\/jornalfatosenoticias.com.br\/wp-content\/uploads\/2020\/02\/Banner-2.png\" alt=\"\" class=\"wp-image-43787\"\/><\/figure><\/div>\n\n\n\n<blockquote class=\"wp-block-quote is-layout-flow wp-block-quote-is-layout-flow\"><p><span class=\"has-inline-color has-luminous-vivid-orange-color\">Nesse grupo de borboletas \u00e9 bem f\u00e1cil observar os desenhos nas asas, ent\u00e3o muitos desconfiavam de hibridiza\u00e7\u00e3o na compara\u00e7\u00e3o s\u00f3 com o olhar, apesar de n\u00e3o terem acesso \u00e0s tecnologias que temos hoje\u201d, conta Freitas. <\/span><\/p><\/blockquote>\n\n\n\n<div class=\"wp-block-image\"><figure class=\"aligncenter size-large is-resized\"><img loading=\"lazy\" decoding=\"async\" src=\"https:\/\/jornalfatosenoticias.com.br\/wp-content\/uploads\/2023\/03\/logo-Panper_portal.jpg\" alt=\"\" class=\"wp-image-40208\" width=\"342\" height=\"237\" srcset=\"https:\/\/jornalfatosenoticias.com.br\/wp-content\/uploads\/2023\/03\/logo-Panper_portal.jpg 400w, https:\/\/jornalfatosenoticias.com.br\/wp-content\/uploads\/2023\/03\/logo-Panper_portal-300x208.jpg 300w\" sizes=\"auto, (max-width: 342px) 100vw, 342px\" \/><\/figure><\/div>\n\n\n\n<p>Segundo o bi\u00f3logo, a sobreposi\u00e7\u00e3o de cores e padr\u00f5es levou o naturalista norte-americano Keith Brown, professor aposentado da Unicamp, a desconfiar nos anos 1970 que esse tipo de especia\u00e7\u00e3o poderia explicar a origem de esp\u00e9cies como <em>H. elevatus<\/em>, al\u00e9m de outras do mesmo g\u00eanero, como <em>H. heurippa<\/em> e <em>H. hermathena<\/em>. Mas n\u00e3o era poss\u00edvel provar. Outras suspeitas de hibridiza\u00e7\u00e3o em esp\u00e9cies de <em>Heliconius<\/em> se seguiram.<\/p>\n\n\n\n<div class=\"wp-block-image\"><figure class=\"aligncenter size-large is-resized\"><img loading=\"lazy\" decoding=\"async\" src=\"https:\/\/jornalfatosenoticias.com.br\/wp-content\/uploads\/2020\/02\/CONTROL-CS.jpg\" alt=\"\" class=\"wp-image-44991\" width=\"324\" height=\"388\" srcset=\"https:\/\/jornalfatosenoticias.com.br\/wp-content\/uploads\/2020\/02\/CONTROL-CS.jpg 834w, https:\/\/jornalfatosenoticias.com.br\/wp-content\/uploads\/2020\/02\/CONTROL-CS-250x300.jpg 250w, https:\/\/jornalfatosenoticias.com.br\/wp-content\/uploads\/2020\/02\/CONTROL-CS-768x921.jpg 768w\" sizes=\"auto, (max-width: 324px) 100vw, 324px\" \/><\/figure><\/div>\n\n\n\n<p>O estudo publicado agora \u00e9 parte de um projeto maior que busca compreender m\u00faltiplos aspectos de borboletas do g\u00eanero <em>Heliconius<\/em>, incluindo distribui\u00e7\u00e3o gen\u00e9tica e biogeogr\u00e1fica. Os dados vieram de uma expedi\u00e7\u00e3o \u00e0 Amaz\u00f4nia que percorreu cerca de 900 quil\u00f4metros na dire\u00e7\u00e3o sul-norte, indo de Manaus a Boa Vista, ao longo da rodovia que corta a floresta ligando as duas capitais. Os tr\u00eas meses de coleta de esp\u00e9cimes e informa\u00e7\u00f5es continuam a render resultados e artigos sobre essas esp\u00e9cies.<\/p>\n\n\n\n<div class=\"wp-block-image\"><figure class=\"aligncenter size-large is-resized\"><img loading=\"lazy\" decoding=\"async\" src=\"https:\/\/jornalfatosenoticias.com.br\/wp-content\/uploads\/2023\/12\/pegoretti-logo-pdf-1024x389.jpg\" alt=\"\" class=\"wp-image-47536\" width=\"448\" height=\"170\" srcset=\"https:\/\/jornalfatosenoticias.com.br\/wp-content\/uploads\/2023\/12\/pegoretti-logo-pdf-1024x389.jpg 1024w, https:\/\/jornalfatosenoticias.com.br\/wp-content\/uploads\/2023\/12\/pegoretti-logo-pdf-300x114.jpg 300w, https:\/\/jornalfatosenoticias.com.br\/wp-content\/uploads\/2023\/12\/pegoretti-logo-pdf-768x291.jpg 768w, https:\/\/jornalfatosenoticias.com.br\/wp-content\/uploads\/2023\/12\/pegoretti-logo-pdf.jpg 1120w\" sizes=\"auto, (max-width: 448px) 100vw, 448px\" \/><\/figure><\/div>\n\n\n\n<p><strong><span class=\"has-inline-color has-black-color\">Artigo cient\u00edfico<br><\/span><\/strong>ROSSER, N.\u00a0<em>et al<\/em>.\u00a0<a href=\"https:\/\/www.nature.com\/articles\/s41586-024-07263-w\" target=\"_blank\" rel=\"noreferrer noopener\">Hybrid speciation driven by multilocus introgression of ecological traits<\/a>.\u00a0<strong>Nature<\/strong>. v. 628, p. 811-7. 17 abr. 2024.<\/p>\n\n\n\n<p><strong><em>Fonte: <a href=\"https:\/\/gizmodo.uol.com.br\/borboleta-amazonica-surgiu-do-cruzamento-entre-duas-especies\/\">Giz Brasil<\/a><\/em><\/strong><\/p>\n","protected":false},"excerpt":{"rendered":"<p>Heliconius elevatus, h\u00edbrida entre H. pardalinus e H. melpomene, tem mais genes da primeira, mas herdou da segunda a colora\u00e7\u00e3o capaz de espantar predadores Por Laura Segovia Tercic\/Revista Pesquisa Fapesp Um grupo de pesquisadores de v\u00e1rios pa\u00edses revelou que a borboleta Heliconius elevatus, da Amaz\u00f4nia, \u00e9 uma esp\u00e9cie de origem h\u00edbrida. O achado, publicado m\u00eas [&hellip;]<\/p>\n","protected":false},"author":2,"featured_media":51059,"comment_status":"open","ping_status":"open","sticky":false,"template":"","format":"standard","meta":{"footnotes":""},"categories":[8],"tags":[123,334,3290,1117,113,3204,23432,2015],"class_list":["post-51057","post","type-post","status-publish","format-standard","has-post-thumbnail","hentry","category-meio-ambiente","tag-amazonia","tag-biodiversidade","tag-borboletas","tag-evolucao","tag-fapesp","tag-genetica","tag-hibridos","tag-zoologia"],"yoast_head":"<!-- This site is optimized with the Yoast SEO plugin v26.5 - https:\/\/yoast.com\/wordpress\/plugins\/seo\/ -->\n<title>Borboleta amaz\u00f4nica surgiu do cruzamento entre duas esp\u00e9cies - Jornal Fatos e Not\u00edcias<\/title>\n<meta name=\"robots\" content=\"index, follow, max-snippet:-1, max-image-preview:large, max-video-preview:-1\" \/>\n<link rel=\"canonical\" href=\"https:\/\/jornalfatosenoticias.com.br\/index.php\/2024\/05\/07\/borboleta-amazonica-surgiu-do-cruzamento-entre-duas-especies\/\" \/>\n<meta property=\"og:locale\" content=\"pt_BR\" \/>\n<meta property=\"og:type\" content=\"article\" \/>\n<meta property=\"og:title\" content=\"Borboleta amaz\u00f4nica surgiu do cruzamento entre duas esp\u00e9cies - Jornal Fatos e Not\u00edcias\" \/>\n<meta property=\"og:description\" content=\"Heliconius elevatus, h\u00edbrida entre H. pardalinus e H. melpomene, tem mais genes da primeira, mas herdou da segunda a colora\u00e7\u00e3o capaz de espantar predadores Por Laura Segovia Tercic\/Revista Pesquisa Fapesp Um grupo de pesquisadores de v\u00e1rios pa\u00edses revelou que a borboleta Heliconius elevatus, da Amaz\u00f4nia, \u00e9 uma esp\u00e9cie de origem h\u00edbrida. O achado, publicado m\u00eas [&hellip;]\" \/>\n<meta property=\"og:url\" content=\"https:\/\/jornalfatosenoticias.com.br\/index.php\/2024\/05\/07\/borboleta-amazonica-surgiu-do-cruzamento-entre-duas-especies\/\" \/>\n<meta property=\"og:site_name\" content=\"Jornal Fatos e Not\u00edcias\" \/>\n<meta property=\"article:published_time\" content=\"2024-05-07T13:05:44+00:00\" \/>\n<meta property=\"article:modified_time\" content=\"2024-05-07T13:05:45+00:00\" \/>\n<meta property=\"og:image\" content=\"https:\/\/jornalfatosenoticias.com.br\/wp-content\/uploads\/2024\/05\/borboleta-hibrida-Heliconius-elevatus.jpg\" \/>\n\t<meta property=\"og:image:width\" content=\"1000\" \/>\n\t<meta property=\"og:image:height\" content=\"544\" \/>\n\t<meta property=\"og:image:type\" content=\"image\/jpeg\" \/>\n<meta name=\"author\" content=\"Luzimara Fernandes\" \/>\n<meta name=\"twitter:card\" content=\"summary_large_image\" \/>\n<meta name=\"twitter:label1\" content=\"Escrito por\" \/>\n\t<meta name=\"twitter:data1\" content=\"Luzimara Fernandes\" \/>\n\t<meta name=\"twitter:label2\" content=\"Est. tempo de leitura\" \/>\n\t<meta name=\"twitter:data2\" content=\"4 minutos\" \/>\n<script type=\"application\/ld+json\" class=\"yoast-schema-graph\">{\"@context\":\"https:\/\/schema.org\",\"@graph\":[{\"@type\":\"Article\",\"@id\":\"https:\/\/jornalfatosenoticias.com.br\/index.php\/2024\/05\/07\/borboleta-amazonica-surgiu-do-cruzamento-entre-duas-especies\/#article\",\"isPartOf\":{\"@id\":\"https:\/\/jornalfatosenoticias.com.br\/index.php\/2024\/05\/07\/borboleta-amazonica-surgiu-do-cruzamento-entre-duas-especies\/\"},\"author\":{\"name\":\"Luzimara Fernandes\",\"@id\":\"https:\/\/jornalfatosenoticias.com.br\/#\/schema\/person\/d63837fa13ac8666eb9e74e0985d6f81\"},\"headline\":\"Borboleta amaz\u00f4nica surgiu do cruzamento entre duas esp\u00e9cies\",\"datePublished\":\"2024-05-07T13:05:44+00:00\",\"dateModified\":\"2024-05-07T13:05:45+00:00\",\"mainEntityOfPage\":{\"@id\":\"https:\/\/jornalfatosenoticias.com.br\/index.php\/2024\/05\/07\/borboleta-amazonica-surgiu-do-cruzamento-entre-duas-especies\/\"},\"wordCount\":780,\"commentCount\":0,\"publisher\":{\"@id\":\"https:\/\/jornalfatosenoticias.com.br\/#organization\"},\"image\":{\"@id\":\"https:\/\/jornalfatosenoticias.com.br\/index.php\/2024\/05\/07\/borboleta-amazonica-surgiu-do-cruzamento-entre-duas-especies\/#primaryimage\"},\"thumbnailUrl\":\"https:\/\/jornalfatosenoticias.com.br\/wp-content\/uploads\/2024\/05\/borboleta-hibrida-Heliconius-elevatus.jpg\",\"keywords\":[\"amaz\u00f4nia\",\"biodiversidade\",\"borboletas\",\"evolu\u00e7\u00e3o\",\"fapesp\",\"gen\u00e9tica\",\"h\u00edbridos\",\"zoologia\"],\"articleSection\":[\"Meio ambiente\"],\"inLanguage\":\"pt-BR\",\"potentialAction\":[{\"@type\":\"CommentAction\",\"name\":\"Comment\",\"target\":[\"https:\/\/jornalfatosenoticias.com.br\/index.php\/2024\/05\/07\/borboleta-amazonica-surgiu-do-cruzamento-entre-duas-especies\/#respond\"]}]},{\"@type\":\"WebPage\",\"@id\":\"https:\/\/jornalfatosenoticias.com.br\/index.php\/2024\/05\/07\/borboleta-amazonica-surgiu-do-cruzamento-entre-duas-especies\/\",\"url\":\"https:\/\/jornalfatosenoticias.com.br\/index.php\/2024\/05\/07\/borboleta-amazonica-surgiu-do-cruzamento-entre-duas-especies\/\",\"name\":\"Borboleta amaz\u00f4nica surgiu do cruzamento entre duas esp\u00e9cies - Jornal Fatos e Not\u00edcias\",\"isPartOf\":{\"@id\":\"https:\/\/jornalfatosenoticias.com.br\/#website\"},\"primaryImageOfPage\":{\"@id\":\"https:\/\/jornalfatosenoticias.com.br\/index.php\/2024\/05\/07\/borboleta-amazonica-surgiu-do-cruzamento-entre-duas-especies\/#primaryimage\"},\"image\":{\"@id\":\"https:\/\/jornalfatosenoticias.com.br\/index.php\/2024\/05\/07\/borboleta-amazonica-surgiu-do-cruzamento-entre-duas-especies\/#primaryimage\"},\"thumbnailUrl\":\"https:\/\/jornalfatosenoticias.com.br\/wp-content\/uploads\/2024\/05\/borboleta-hibrida-Heliconius-elevatus.jpg\",\"datePublished\":\"2024-05-07T13:05:44+00:00\",\"dateModified\":\"2024-05-07T13:05:45+00:00\",\"breadcrumb\":{\"@id\":\"https:\/\/jornalfatosenoticias.com.br\/index.php\/2024\/05\/07\/borboleta-amazonica-surgiu-do-cruzamento-entre-duas-especies\/#breadcrumb\"},\"inLanguage\":\"pt-BR\",\"potentialAction\":[{\"@type\":\"ReadAction\",\"target\":[\"https:\/\/jornalfatosenoticias.com.br\/index.php\/2024\/05\/07\/borboleta-amazonica-surgiu-do-cruzamento-entre-duas-especies\/\"]}]},{\"@type\":\"ImageObject\",\"inLanguage\":\"pt-BR\",\"@id\":\"https:\/\/jornalfatosenoticias.com.br\/index.php\/2024\/05\/07\/borboleta-amazonica-surgiu-do-cruzamento-entre-duas-especies\/#primaryimage\",\"url\":\"https:\/\/jornalfatosenoticias.com.br\/wp-content\/uploads\/2024\/05\/borboleta-hibrida-Heliconius-elevatus.jpg\",\"contentUrl\":\"https:\/\/jornalfatosenoticias.com.br\/wp-content\/uploads\/2024\/05\/borboleta-hibrida-Heliconius-elevatus.jpg\",\"width\":1000,\"height\":544},{\"@type\":\"BreadcrumbList\",\"@id\":\"https:\/\/jornalfatosenoticias.com.br\/index.php\/2024\/05\/07\/borboleta-amazonica-surgiu-do-cruzamento-entre-duas-especies\/#breadcrumb\",\"itemListElement\":[{\"@type\":\"ListItem\",\"position\":1,\"name\":\"In\u00edcio\",\"item\":\"https:\/\/jornalfatosenoticias.com.br\/\"},{\"@type\":\"ListItem\",\"position\":2,\"name\":\"Borboleta amaz\u00f4nica surgiu do cruzamento entre duas esp\u00e9cies\"}]},{\"@type\":\"WebSite\",\"@id\":\"https:\/\/jornalfatosenoticias.com.br\/#website\",\"url\":\"https:\/\/jornalfatosenoticias.com.br\/\",\"name\":\"Jornal Fatos e Not\u00edcias\",\"description\":\"Not\u00edcias em geral\",\"publisher\":{\"@id\":\"https:\/\/jornalfatosenoticias.com.br\/#organization\"},\"potentialAction\":[{\"@type\":\"SearchAction\",\"target\":{\"@type\":\"EntryPoint\",\"urlTemplate\":\"https:\/\/jornalfatosenoticias.com.br\/?s={search_term_string}\"},\"query-input\":{\"@type\":\"PropertyValueSpecification\",\"valueRequired\":true,\"valueName\":\"search_term_string\"}}],\"inLanguage\":\"pt-BR\"},{\"@type\":\"Organization\",\"@id\":\"https:\/\/jornalfatosenoticias.com.br\/#organization\",\"name\":\"Jornal Fatos e Not\u00edcias\",\"url\":\"https:\/\/jornalfatosenoticias.com.br\/\",\"logo\":{\"@type\":\"ImageObject\",\"inLanguage\":\"pt-BR\",\"@id\":\"https:\/\/jornalfatosenoticias.com.br\/#\/schema\/logo\/image\/\",\"url\":\"https:\/\/jornalfatosenoticias.com.br\/wp-content\/uploads\/2020\/02\/logo120.png\",\"contentUrl\":\"https:\/\/jornalfatosenoticias.com.br\/wp-content\/uploads\/2020\/02\/logo120.png\",\"width\":1227,\"height\":120,\"caption\":\"Jornal Fatos e Not\u00edcias\"},\"image\":{\"@id\":\"https:\/\/jornalfatosenoticias.com.br\/#\/schema\/logo\/image\/\"}},{\"@type\":\"Person\",\"@id\":\"https:\/\/jornalfatosenoticias.com.br\/#\/schema\/person\/d63837fa13ac8666eb9e74e0985d6f81\",\"name\":\"Luzimara Fernandes\",\"image\":{\"@type\":\"ImageObject\",\"inLanguage\":\"pt-BR\",\"@id\":\"https:\/\/jornalfatosenoticias.com.br\/#\/schema\/person\/image\/\",\"url\":\"https:\/\/jornalfatosenoticias.com.br\/wp-content\/uploads\/2025\/05\/EU_portal.jpg\",\"contentUrl\":\"https:\/\/jornalfatosenoticias.com.br\/wp-content\/uploads\/2025\/05\/EU_portal.jpg\",\"caption\":\"Luzimara Fernandes\"},\"description\":\"Jornalista MTB 2358-ES\",\"sameAs\":[\"https:\/\/jornalfatosenoticias.com.br\"],\"url\":\"https:\/\/jornalfatosenoticias.com.br\/index.php\/author\/luzimara\/\"}]}<\/script>\n<!-- \/ Yoast SEO plugin. -->","yoast_head_json":{"title":"Borboleta amaz\u00f4nica surgiu do cruzamento entre duas esp\u00e9cies - Jornal Fatos e Not\u00edcias","robots":{"index":"index","follow":"follow","max-snippet":"max-snippet:-1","max-image-preview":"max-image-preview:large","max-video-preview":"max-video-preview:-1"},"canonical":"https:\/\/jornalfatosenoticias.com.br\/index.php\/2024\/05\/07\/borboleta-amazonica-surgiu-do-cruzamento-entre-duas-especies\/","og_locale":"pt_BR","og_type":"article","og_title":"Borboleta amaz\u00f4nica surgiu do cruzamento entre duas esp\u00e9cies - Jornal Fatos e Not\u00edcias","og_description":"Heliconius elevatus, h\u00edbrida entre H. pardalinus e H. melpomene, tem mais genes da primeira, mas herdou da segunda a colora\u00e7\u00e3o capaz de espantar predadores Por Laura Segovia Tercic\/Revista Pesquisa Fapesp Um grupo de pesquisadores de v\u00e1rios pa\u00edses revelou que a borboleta Heliconius elevatus, da Amaz\u00f4nia, \u00e9 uma esp\u00e9cie de origem h\u00edbrida. O achado, publicado m\u00eas [&hellip;]","og_url":"https:\/\/jornalfatosenoticias.com.br\/index.php\/2024\/05\/07\/borboleta-amazonica-surgiu-do-cruzamento-entre-duas-especies\/","og_site_name":"Jornal Fatos e Not\u00edcias","article_published_time":"2024-05-07T13:05:44+00:00","article_modified_time":"2024-05-07T13:05:45+00:00","og_image":[{"width":1000,"height":544,"url":"https:\/\/jornalfatosenoticias.com.br\/wp-content\/uploads\/2024\/05\/borboleta-hibrida-Heliconius-elevatus.jpg","type":"image\/jpeg"}],"author":"Luzimara Fernandes","twitter_card":"summary_large_image","twitter_misc":{"Escrito por":"Luzimara Fernandes","Est. tempo de leitura":"4 minutos"},"schema":{"@context":"https:\/\/schema.org","@graph":[{"@type":"Article","@id":"https:\/\/jornalfatosenoticias.com.br\/index.php\/2024\/05\/07\/borboleta-amazonica-surgiu-do-cruzamento-entre-duas-especies\/#article","isPartOf":{"@id":"https:\/\/jornalfatosenoticias.com.br\/index.php\/2024\/05\/07\/borboleta-amazonica-surgiu-do-cruzamento-entre-duas-especies\/"},"author":{"name":"Luzimara Fernandes","@id":"https:\/\/jornalfatosenoticias.com.br\/#\/schema\/person\/d63837fa13ac8666eb9e74e0985d6f81"},"headline":"Borboleta amaz\u00f4nica surgiu do cruzamento entre duas esp\u00e9cies","datePublished":"2024-05-07T13:05:44+00:00","dateModified":"2024-05-07T13:05:45+00:00","mainEntityOfPage":{"@id":"https:\/\/jornalfatosenoticias.com.br\/index.php\/2024\/05\/07\/borboleta-amazonica-surgiu-do-cruzamento-entre-duas-especies\/"},"wordCount":780,"commentCount":0,"publisher":{"@id":"https:\/\/jornalfatosenoticias.com.br\/#organization"},"image":{"@id":"https:\/\/jornalfatosenoticias.com.br\/index.php\/2024\/05\/07\/borboleta-amazonica-surgiu-do-cruzamento-entre-duas-especies\/#primaryimage"},"thumbnailUrl":"https:\/\/jornalfatosenoticias.com.br\/wp-content\/uploads\/2024\/05\/borboleta-hibrida-Heliconius-elevatus.jpg","keywords":["amaz\u00f4nia","biodiversidade","borboletas","evolu\u00e7\u00e3o","fapesp","gen\u00e9tica","h\u00edbridos","zoologia"],"articleSection":["Meio ambiente"],"inLanguage":"pt-BR","potentialAction":[{"@type":"CommentAction","name":"Comment","target":["https:\/\/jornalfatosenoticias.com.br\/index.php\/2024\/05\/07\/borboleta-amazonica-surgiu-do-cruzamento-entre-duas-especies\/#respond"]}]},{"@type":"WebPage","@id":"https:\/\/jornalfatosenoticias.com.br\/index.php\/2024\/05\/07\/borboleta-amazonica-surgiu-do-cruzamento-entre-duas-especies\/","url":"https:\/\/jornalfatosenoticias.com.br\/index.php\/2024\/05\/07\/borboleta-amazonica-surgiu-do-cruzamento-entre-duas-especies\/","name":"Borboleta amaz\u00f4nica surgiu do cruzamento entre duas esp\u00e9cies - Jornal Fatos e Not\u00edcias","isPartOf":{"@id":"https:\/\/jornalfatosenoticias.com.br\/#website"},"primaryImageOfPage":{"@id":"https:\/\/jornalfatosenoticias.com.br\/index.php\/2024\/05\/07\/borboleta-amazonica-surgiu-do-cruzamento-entre-duas-especies\/#primaryimage"},"image":{"@id":"https:\/\/jornalfatosenoticias.com.br\/index.php\/2024\/05\/07\/borboleta-amazonica-surgiu-do-cruzamento-entre-duas-especies\/#primaryimage"},"thumbnailUrl":"https:\/\/jornalfatosenoticias.com.br\/wp-content\/uploads\/2024\/05\/borboleta-hibrida-Heliconius-elevatus.jpg","datePublished":"2024-05-07T13:05:44+00:00","dateModified":"2024-05-07T13:05:45+00:00","breadcrumb":{"@id":"https:\/\/jornalfatosenoticias.com.br\/index.php\/2024\/05\/07\/borboleta-amazonica-surgiu-do-cruzamento-entre-duas-especies\/#breadcrumb"},"inLanguage":"pt-BR","potentialAction":[{"@type":"ReadAction","target":["https:\/\/jornalfatosenoticias.com.br\/index.php\/2024\/05\/07\/borboleta-amazonica-surgiu-do-cruzamento-entre-duas-especies\/"]}]},{"@type":"ImageObject","inLanguage":"pt-BR","@id":"https:\/\/jornalfatosenoticias.com.br\/index.php\/2024\/05\/07\/borboleta-amazonica-surgiu-do-cruzamento-entre-duas-especies\/#primaryimage","url":"https:\/\/jornalfatosenoticias.com.br\/wp-content\/uploads\/2024\/05\/borboleta-hibrida-Heliconius-elevatus.jpg","contentUrl":"https:\/\/jornalfatosenoticias.com.br\/wp-content\/uploads\/2024\/05\/borboleta-hibrida-Heliconius-elevatus.jpg","width":1000,"height":544},{"@type":"BreadcrumbList","@id":"https:\/\/jornalfatosenoticias.com.br\/index.php\/2024\/05\/07\/borboleta-amazonica-surgiu-do-cruzamento-entre-duas-especies\/#breadcrumb","itemListElement":[{"@type":"ListItem","position":1,"name":"In\u00edcio","item":"https:\/\/jornalfatosenoticias.com.br\/"},{"@type":"ListItem","position":2,"name":"Borboleta amaz\u00f4nica surgiu do cruzamento entre duas esp\u00e9cies"}]},{"@type":"WebSite","@id":"https:\/\/jornalfatosenoticias.com.br\/#website","url":"https:\/\/jornalfatosenoticias.com.br\/","name":"Jornal Fatos e Not\u00edcias","description":"Not\u00edcias em geral","publisher":{"@id":"https:\/\/jornalfatosenoticias.com.br\/#organization"},"potentialAction":[{"@type":"SearchAction","target":{"@type":"EntryPoint","urlTemplate":"https:\/\/jornalfatosenoticias.com.br\/?s={search_term_string}"},"query-input":{"@type":"PropertyValueSpecification","valueRequired":true,"valueName":"search_term_string"}}],"inLanguage":"pt-BR"},{"@type":"Organization","@id":"https:\/\/jornalfatosenoticias.com.br\/#organization","name":"Jornal Fatos e Not\u00edcias","url":"https:\/\/jornalfatosenoticias.com.br\/","logo":{"@type":"ImageObject","inLanguage":"pt-BR","@id":"https:\/\/jornalfatosenoticias.com.br\/#\/schema\/logo\/image\/","url":"https:\/\/jornalfatosenoticias.com.br\/wp-content\/uploads\/2020\/02\/logo120.png","contentUrl":"https:\/\/jornalfatosenoticias.com.br\/wp-content\/uploads\/2020\/02\/logo120.png","width":1227,"height":120,"caption":"Jornal Fatos e Not\u00edcias"},"image":{"@id":"https:\/\/jornalfatosenoticias.com.br\/#\/schema\/logo\/image\/"}},{"@type":"Person","@id":"https:\/\/jornalfatosenoticias.com.br\/#\/schema\/person\/d63837fa13ac8666eb9e74e0985d6f81","name":"Luzimara Fernandes","image":{"@type":"ImageObject","inLanguage":"pt-BR","@id":"https:\/\/jornalfatosenoticias.com.br\/#\/schema\/person\/image\/","url":"https:\/\/jornalfatosenoticias.com.br\/wp-content\/uploads\/2025\/05\/EU_portal.jpg","contentUrl":"https:\/\/jornalfatosenoticias.com.br\/wp-content\/uploads\/2025\/05\/EU_portal.jpg","caption":"Luzimara Fernandes"},"description":"Jornalista MTB 2358-ES","sameAs":["https:\/\/jornalfatosenoticias.com.br"],"url":"https:\/\/jornalfatosenoticias.com.br\/index.php\/author\/luzimara\/"}]}},"cc_featured_image_caption":{"caption_text":"(Foto: Revista Pesquisa Fapesp) ","source_text":"","source_url":""},"jetpack_featured_media_url":"https:\/\/jornalfatosenoticias.com.br\/wp-content\/uploads\/2024\/05\/borboleta-hibrida-Heliconius-elevatus.jpg","_links":{"self":[{"href":"https:\/\/jornalfatosenoticias.com.br\/index.php\/wp-json\/wp\/v2\/posts\/51057","targetHints":{"allow":["GET"]}}],"collection":[{"href":"https:\/\/jornalfatosenoticias.com.br\/index.php\/wp-json\/wp\/v2\/posts"}],"about":[{"href":"https:\/\/jornalfatosenoticias.com.br\/index.php\/wp-json\/wp\/v2\/types\/post"}],"author":[{"embeddable":true,"href":"https:\/\/jornalfatosenoticias.com.br\/index.php\/wp-json\/wp\/v2\/users\/2"}],"replies":[{"embeddable":true,"href":"https:\/\/jornalfatosenoticias.com.br\/index.php\/wp-json\/wp\/v2\/comments?post=51057"}],"version-history":[{"count":0,"href":"https:\/\/jornalfatosenoticias.com.br\/index.php\/wp-json\/wp\/v2\/posts\/51057\/revisions"}],"wp:featuredmedia":[{"embeddable":true,"href":"https:\/\/jornalfatosenoticias.com.br\/index.php\/wp-json\/wp\/v2\/media\/51059"}],"wp:attachment":[{"href":"https:\/\/jornalfatosenoticias.com.br\/index.php\/wp-json\/wp\/v2\/media?parent=51057"}],"wp:term":[{"taxonomy":"category","embeddable":true,"href":"https:\/\/jornalfatosenoticias.com.br\/index.php\/wp-json\/wp\/v2\/categories?post=51057"},{"taxonomy":"post_tag","embeddable":true,"href":"https:\/\/jornalfatosenoticias.com.br\/index.php\/wp-json\/wp\/v2\/tags?post=51057"}],"curies":[{"name":"wp","href":"https:\/\/api.w.org\/{rel}","templated":true}]}}