{"id":51091,"date":"2024-05-08T10:48:54","date_gmt":"2024-05-08T13:48:54","guid":{"rendered":"https:\/\/jornalfatosenoticias.com.br\/?p=51091"},"modified":"2024-05-08T10:48:55","modified_gmt":"2024-05-08T13:48:55","slug":"brasileiro-gabarita-prova-de-raciocinio-logico-em-olimpiada-internacional-de-matematica","status":"publish","type":"post","link":"https:\/\/jornalfatosenoticias.com.br\/index.php\/2024\/05\/08\/brasileiro-gabarita-prova-de-raciocinio-logico-em-olimpiada-internacional-de-matematica\/","title":{"rendered":"Brasileiro gabarita prova de racioc\u00ednio l\u00f3gico em Olimp\u00edada Internacional de Matem\u00e1tica"},"content":{"rendered":"\n<p><em><span class=\"has-inline-color has-black-color\">O mineiro de 13 anos, apaixonado por exatas, voltou da Olimp\u00edada Internacional Matem\u00e1tica com medalha e trof\u00e9u<\/span><\/em><\/p>\n\n\n\n<p><span class=\"has-inline-color has-black-color\">Por <strong>Karen Bel\u00e9m<\/strong><\/span><\/p>\n\n\n\n<div class=\"wp-block-image\"><figure class=\"aligncenter size-large\"><img loading=\"lazy\" decoding=\"async\" width=\"729\" height=\"90\" src=\"https:\/\/jornalfatosenoticias.com.br\/wp-content\/uploads\/2020\/02\/Logo_Mizu.png\" alt=\"\" class=\"wp-image-1441\" srcset=\"https:\/\/jornalfatosenoticias.com.br\/wp-content\/uploads\/2020\/02\/Logo_Mizu.png 729w, https:\/\/jornalfatosenoticias.com.br\/wp-content\/uploads\/2020\/02\/Logo_Mizu-300x37.png 300w\" sizes=\"auto, (max-width: 729px) 100vw, 729px\" \/><\/figure><\/div>\n\n\n\n<p>Com apenas 13 anos, o brasileiro Emanuel Lopes ganhou um trof\u00e9u por acertar todas as quest\u00f5es de racioc\u00ednio l\u00f3gico na Olimp\u00edada Internacional de Matem\u00e1tica, realizada na Tail\u00e2ndia, e ainda saiu com uma medalha de prata na premia\u00e7\u00e3o geral. Natural de Minas Gerais, o estudante do Col\u00e9gio Militar de Juiz de Fora participou da primeira olimp\u00edada em 2021. De l\u00e1 pra c\u00e1, j\u00e1 foram mais de 10 competi\u00e7\u00f5es, entre nacionais e internacionais.<br>Emanuel ficou radiante com o resultado, e n\u00e3o \u00e9 pra menos! \u201cO abra\u00e7o e choro incontrol\u00e1vel da minha m\u00e3e orgulhosa de mim, fez todos os fins de semana e feriados estudando valerem a pena\u201d, escreveu o aluno em post nas redes sociais.<\/p>\n\n\n\n<div class=\"wp-block-image\"><figure class=\"aligncenter size-large is-resized\"><img loading=\"lazy\" decoding=\"async\" src=\"https:\/\/jornalfatosenoticias.com.br\/wp-content\/uploads\/2022\/02\/Precisao-Contabilidade-1024x724.jpg\" alt=\"\" class=\"wp-image-28088\" width=\"379\" height=\"268\"\/><\/figure><\/div>\n\n\n\n<p>O amor pela matem\u00e1tica foi um legado passado de gera\u00e7\u00e3o em gera\u00e7\u00e3o na fam\u00edlia deste garoto. O av\u00f4 era professor da mat\u00e9ria e o pai, Thiago Citrangulo, tamb\u00e9m \u00e9 outro apaixonado pelo assunto. Ele procurou incentivar o filho desde pequeno na \u00e1rea das exatas. \u201cMe sinto muito orgulhoso vendo o desenvolvimento dele, ele colhendo os primeiros frutos do seu esfor\u00e7o\u201d, disse Thiago.<\/p>\n\n\n\n<div class=\"wp-block-image\"><figure class=\"aligncenter size-large is-resized\"><img loading=\"lazy\" decoding=\"async\" src=\"https:\/\/jornalfatosenoticias.com.br\/wp-content\/uploads\/2020\/02\/CONTROL-CS.jpg\" alt=\"\" class=\"wp-image-44991\" width=\"337\" height=\"404\" srcset=\"https:\/\/jornalfatosenoticias.com.br\/wp-content\/uploads\/2020\/02\/CONTROL-CS.jpg 834w, https:\/\/jornalfatosenoticias.com.br\/wp-content\/uploads\/2020\/02\/CONTROL-CS-250x300.jpg 250w, https:\/\/jornalfatosenoticias.com.br\/wp-content\/uploads\/2020\/02\/CONTROL-CS-768x921.jpg 768w\" sizes=\"auto, (max-width: 337px) 100vw, 337px\" \/><\/figure><\/div>\n\n\n\n<p>Para chegar onde chegou, Emanuel teve uma rotina de muita dedica\u00e7\u00e3o, mas sem muito segredo. Ele se prepara de duas formas. Al\u00e9m de estudar com cursos on-line, tamb\u00e9m refaz provas de outras olimp\u00edadas. \u201cMesmo crian\u00e7a, ele abdica de muita coisa para poder estudar, se dedicar. Ent\u00e3o \u00e9 um pre\u00e7o que toda a fam\u00edlia paga, mas que vale muito a pena\u201d, completou o pai.<\/p>\n\n\n\n<div class=\"wp-block-image\"><figure class=\"aligncenter size-large\"><img loading=\"lazy\" decoding=\"async\" width=\"300\" height=\"250\" src=\"https:\/\/jornalfatosenoticias.com.br\/wp-content\/uploads\/2020\/02\/Banner-2.png\" alt=\"\" class=\"wp-image-43787\"\/><\/figure><\/div>\n\n\n\n<p>As aventuras de Emanuel est\u00e3o apenas come\u00e7ando. Agora, ele tem outro desafio: foi convocado para a 5\u00aa Olimp\u00edada Copernicus de Matem\u00e1tica, que acontecer\u00e1 em Nova Iorque no pr\u00f3ximo m\u00eas de junho. Essa competi\u00e7\u00e3o \u00e9 uma homenagem ao famoso matem\u00e1tico, f\u00edsico e astr\u00f4nomo polon\u00eas Nicolau Cop\u00e9rnico. Os pais j\u00e1 est\u00e3o correndo atr\u00e1s de toda a documenta\u00e7\u00e3o necess\u00e1ria, mas o estudante ainda precisa arrecadar recursos para custear a viagem. Segundo a fam\u00edlia, os gastos estimados devem girar em torno de R$ 35 mil, e incluem despesas com hospedagem, alimenta\u00e7\u00e3o, passagens a\u00e9reas e taxas de inscri\u00e7\u00e3o.<\/p>\n\n\n\n<div class=\"wp-block-image\"><figure class=\"aligncenter size-large is-resized\"><img loading=\"lazy\" decoding=\"async\" src=\"https:\/\/jornalfatosenoticias.com.br\/wp-content\/uploads\/2023\/09\/vetorvix1024_1.jpg\" alt=\"\" class=\"wp-image-44868\" width=\"494\" height=\"131\" srcset=\"https:\/\/jornalfatosenoticias.com.br\/wp-content\/uploads\/2023\/09\/vetorvix1024_1.jpg 1024w, https:\/\/jornalfatosenoticias.com.br\/wp-content\/uploads\/2023\/09\/vetorvix1024_1-300x80.jpg 300w, https:\/\/jornalfatosenoticias.com.br\/wp-content\/uploads\/2023\/09\/vetorvix1024_1-768x205.jpg 768w\" sizes=\"auto, (max-width: 494px) 100vw, 494px\" \/><\/figure><\/div>\n\n\n\n<p><strong><em>Fonte: <a href=\"https:\/\/www.sonoticiaboa.com.br\/2024\/05\/07\/brasileiro-de-13-anos-gabarita-prova-de-raciocinio-logico-em-olimpiada-internacional-de-matematica\">S\u00f3 Not\u00edcia Boa<\/a><\/em><\/strong><\/p>\n","protected":false},"excerpt":{"rendered":"<p>O mineiro de 13 anos, apaixonado por exatas, voltou da Olimp\u00edada Internacional Matem\u00e1tica com medalha e trof\u00e9u Por Karen Bel\u00e9m Com apenas 13 anos, o brasileiro Emanuel Lopes ganhou um trof\u00e9u por acertar todas as quest\u00f5es de racioc\u00ednio l\u00f3gico na Olimp\u00edada Internacional de Matem\u00e1tica, realizada na Tail\u00e2ndia, e ainda saiu com uma medalha de prata [&hellip;]<\/p>\n","protected":false},"author":2,"featured_media":51092,"comment_status":"open","ping_status":"open","sticky":false,"template":"","format":"standard","meta":{"footnotes":""},"categories":[7],"tags":[23439,15957,10283,5168,7662],"class_list":["post-51091","post","type-post","status-publish","format-standard","has-post-thumbnail","hentry","category-educacao","tag-colegio-militar","tag-estudante-brasileiro","tag-medalha","tag-olimpiada-internacional-de-matematica","tag-trofeu"],"yoast_head":"<!-- This site is optimized with the Yoast SEO plugin v26.5 - https:\/\/yoast.com\/wordpress\/plugins\/seo\/ -->\n<title>Brasileiro gabarita prova de racioc\u00ednio l\u00f3gico em Olimp\u00edada Internacional de Matem\u00e1tica - Jornal Fatos e Not\u00edcias<\/title>\n<meta name=\"robots\" content=\"index, follow, max-snippet:-1, max-image-preview:large, max-video-preview:-1\" \/>\n<link rel=\"canonical\" href=\"https:\/\/jornalfatosenoticias.com.br\/index.php\/2024\/05\/08\/brasileiro-gabarita-prova-de-raciocinio-logico-em-olimpiada-internacional-de-matematica\/\" \/>\n<meta property=\"og:locale\" content=\"pt_BR\" \/>\n<meta property=\"og:type\" content=\"article\" \/>\n<meta property=\"og:title\" content=\"Brasileiro gabarita prova de racioc\u00ednio l\u00f3gico em Olimp\u00edada Internacional de Matem\u00e1tica - Jornal Fatos e Not\u00edcias\" \/>\n<meta property=\"og:description\" content=\"O mineiro de 13 anos, apaixonado por exatas, voltou da Olimp\u00edada Internacional Matem\u00e1tica com medalha e trof\u00e9u Por Karen Bel\u00e9m Com apenas 13 anos, o brasileiro Emanuel Lopes ganhou um trof\u00e9u por acertar todas as quest\u00f5es de racioc\u00ednio l\u00f3gico na Olimp\u00edada Internacional de Matem\u00e1tica, realizada na Tail\u00e2ndia, e ainda saiu com uma medalha de prata [&hellip;]\" \/>\n<meta property=\"og:url\" content=\"https:\/\/jornalfatosenoticias.com.br\/index.php\/2024\/05\/08\/brasileiro-gabarita-prova-de-raciocinio-logico-em-olimpiada-internacional-de-matematica\/\" \/>\n<meta property=\"og:site_name\" content=\"Jornal Fatos e Not\u00edcias\" \/>\n<meta property=\"article:published_time\" content=\"2024-05-08T13:48:54+00:00\" \/>\n<meta property=\"article:modified_time\" content=\"2024-05-08T13:48:55+00:00\" \/>\n<meta property=\"og:image\" content=\"https:\/\/jornalfatosenoticias.com.br\/wp-content\/uploads\/2024\/05\/brasileiro_olimpiada_internacional_matematica_capa.jpeg\" \/>\n\t<meta property=\"og:image:width\" content=\"830\" \/>\n\t<meta property=\"og:image:height\" content=\"577\" \/>\n\t<meta property=\"og:image:type\" content=\"image\/jpeg\" \/>\n<meta name=\"author\" content=\"Luzimara Fernandes\" \/>\n<meta name=\"twitter:card\" content=\"summary_large_image\" \/>\n<meta name=\"twitter:label1\" content=\"Escrito por\" \/>\n\t<meta name=\"twitter:data1\" content=\"Luzimara Fernandes\" \/>\n\t<meta name=\"twitter:label2\" content=\"Est. tempo de leitura\" \/>\n\t<meta name=\"twitter:data2\" content=\"2 minutos\" \/>\n<script type=\"application\/ld+json\" class=\"yoast-schema-graph\">{\"@context\":\"https:\/\/schema.org\",\"@graph\":[{\"@type\":\"Article\",\"@id\":\"https:\/\/jornalfatosenoticias.com.br\/index.php\/2024\/05\/08\/brasileiro-gabarita-prova-de-raciocinio-logico-em-olimpiada-internacional-de-matematica\/#article\",\"isPartOf\":{\"@id\":\"https:\/\/jornalfatosenoticias.com.br\/index.php\/2024\/05\/08\/brasileiro-gabarita-prova-de-raciocinio-logico-em-olimpiada-internacional-de-matematica\/\"},\"author\":{\"name\":\"Luzimara Fernandes\",\"@id\":\"https:\/\/jornalfatosenoticias.com.br\/#\/schema\/person\/d63837fa13ac8666eb9e74e0985d6f81\"},\"headline\":\"Brasileiro gabarita prova de racioc\u00ednio l\u00f3gico em Olimp\u00edada Internacional de Matem\u00e1tica\",\"datePublished\":\"2024-05-08T13:48:54+00:00\",\"dateModified\":\"2024-05-08T13:48:55+00:00\",\"mainEntityOfPage\":{\"@id\":\"https:\/\/jornalfatosenoticias.com.br\/index.php\/2024\/05\/08\/brasileiro-gabarita-prova-de-raciocinio-logico-em-olimpiada-internacional-de-matematica\/\"},\"wordCount\":415,\"commentCount\":0,\"publisher\":{\"@id\":\"https:\/\/jornalfatosenoticias.com.br\/#organization\"},\"image\":{\"@id\":\"https:\/\/jornalfatosenoticias.com.br\/index.php\/2024\/05\/08\/brasileiro-gabarita-prova-de-raciocinio-logico-em-olimpiada-internacional-de-matematica\/#primaryimage\"},\"thumbnailUrl\":\"https:\/\/jornalfatosenoticias.com.br\/wp-content\/uploads\/2024\/05\/brasileiro_olimpiada_internacional_matematica_capa.jpeg\",\"keywords\":[\"Col\u00e9gio Militar\",\"estudante brasileiro\",\"medalha\",\"Olimp\u00edada Internacional de Matem\u00e1tica\",\"trof\u00e9u\"],\"articleSection\":[\"Educa\u00e7\u00e3o\"],\"inLanguage\":\"pt-BR\",\"potentialAction\":[{\"@type\":\"CommentAction\",\"name\":\"Comment\",\"target\":[\"https:\/\/jornalfatosenoticias.com.br\/index.php\/2024\/05\/08\/brasileiro-gabarita-prova-de-raciocinio-logico-em-olimpiada-internacional-de-matematica\/#respond\"]}]},{\"@type\":\"WebPage\",\"@id\":\"https:\/\/jornalfatosenoticias.com.br\/index.php\/2024\/05\/08\/brasileiro-gabarita-prova-de-raciocinio-logico-em-olimpiada-internacional-de-matematica\/\",\"url\":\"https:\/\/jornalfatosenoticias.com.br\/index.php\/2024\/05\/08\/brasileiro-gabarita-prova-de-raciocinio-logico-em-olimpiada-internacional-de-matematica\/\",\"name\":\"Brasileiro gabarita prova de racioc\u00ednio l\u00f3gico em Olimp\u00edada Internacional de Matem\u00e1tica - Jornal Fatos e Not\u00edcias\",\"isPartOf\":{\"@id\":\"https:\/\/jornalfatosenoticias.com.br\/#website\"},\"primaryImageOfPage\":{\"@id\":\"https:\/\/jornalfatosenoticias.com.br\/index.php\/2024\/05\/08\/brasileiro-gabarita-prova-de-raciocinio-logico-em-olimpiada-internacional-de-matematica\/#primaryimage\"},\"image\":{\"@id\":\"https:\/\/jornalfatosenoticias.com.br\/index.php\/2024\/05\/08\/brasileiro-gabarita-prova-de-raciocinio-logico-em-olimpiada-internacional-de-matematica\/#primaryimage\"},\"thumbnailUrl\":\"https:\/\/jornalfatosenoticias.com.br\/wp-content\/uploads\/2024\/05\/brasileiro_olimpiada_internacional_matematica_capa.jpeg\",\"datePublished\":\"2024-05-08T13:48:54+00:00\",\"dateModified\":\"2024-05-08T13:48:55+00:00\",\"breadcrumb\":{\"@id\":\"https:\/\/jornalfatosenoticias.com.br\/index.php\/2024\/05\/08\/brasileiro-gabarita-prova-de-raciocinio-logico-em-olimpiada-internacional-de-matematica\/#breadcrumb\"},\"inLanguage\":\"pt-BR\",\"potentialAction\":[{\"@type\":\"ReadAction\",\"target\":[\"https:\/\/jornalfatosenoticias.com.br\/index.php\/2024\/05\/08\/brasileiro-gabarita-prova-de-raciocinio-logico-em-olimpiada-internacional-de-matematica\/\"]}]},{\"@type\":\"ImageObject\",\"inLanguage\":\"pt-BR\",\"@id\":\"https:\/\/jornalfatosenoticias.com.br\/index.php\/2024\/05\/08\/brasileiro-gabarita-prova-de-raciocinio-logico-em-olimpiada-internacional-de-matematica\/#primaryimage\",\"url\":\"https:\/\/jornalfatosenoticias.com.br\/wp-content\/uploads\/2024\/05\/brasileiro_olimpiada_internacional_matematica_capa.jpeg\",\"contentUrl\":\"https:\/\/jornalfatosenoticias.com.br\/wp-content\/uploads\/2024\/05\/brasileiro_olimpiada_internacional_matematica_capa.jpeg\",\"width\":830,\"height\":577},{\"@type\":\"BreadcrumbList\",\"@id\":\"https:\/\/jornalfatosenoticias.com.br\/index.php\/2024\/05\/08\/brasileiro-gabarita-prova-de-raciocinio-logico-em-olimpiada-internacional-de-matematica\/#breadcrumb\",\"itemListElement\":[{\"@type\":\"ListItem\",\"position\":1,\"name\":\"In\u00edcio\",\"item\":\"https:\/\/jornalfatosenoticias.com.br\/\"},{\"@type\":\"ListItem\",\"position\":2,\"name\":\"Brasileiro gabarita prova de racioc\u00ednio l\u00f3gico em Olimp\u00edada Internacional de Matem\u00e1tica\"}]},{\"@type\":\"WebSite\",\"@id\":\"https:\/\/jornalfatosenoticias.com.br\/#website\",\"url\":\"https:\/\/jornalfatosenoticias.com.br\/\",\"name\":\"Jornal Fatos e Not\u00edcias\",\"description\":\"Not\u00edcias em geral\",\"publisher\":{\"@id\":\"https:\/\/jornalfatosenoticias.com.br\/#organization\"},\"potentialAction\":[{\"@type\":\"SearchAction\",\"target\":{\"@type\":\"EntryPoint\",\"urlTemplate\":\"https:\/\/jornalfatosenoticias.com.br\/?s={search_term_string}\"},\"query-input\":{\"@type\":\"PropertyValueSpecification\",\"valueRequired\":true,\"valueName\":\"search_term_string\"}}],\"inLanguage\":\"pt-BR\"},{\"@type\":\"Organization\",\"@id\":\"https:\/\/jornalfatosenoticias.com.br\/#organization\",\"name\":\"Jornal Fatos e Not\u00edcias\",\"url\":\"https:\/\/jornalfatosenoticias.com.br\/\",\"logo\":{\"@type\":\"ImageObject\",\"inLanguage\":\"pt-BR\",\"@id\":\"https:\/\/jornalfatosenoticias.com.br\/#\/schema\/logo\/image\/\",\"url\":\"https:\/\/jornalfatosenoticias.com.br\/wp-content\/uploads\/2020\/02\/logo120.png\",\"contentUrl\":\"https:\/\/jornalfatosenoticias.com.br\/wp-content\/uploads\/2020\/02\/logo120.png\",\"width\":1227,\"height\":120,\"caption\":\"Jornal Fatos e Not\u00edcias\"},\"image\":{\"@id\":\"https:\/\/jornalfatosenoticias.com.br\/#\/schema\/logo\/image\/\"}},{\"@type\":\"Person\",\"@id\":\"https:\/\/jornalfatosenoticias.com.br\/#\/schema\/person\/d63837fa13ac8666eb9e74e0985d6f81\",\"name\":\"Luzimara Fernandes\",\"image\":{\"@type\":\"ImageObject\",\"inLanguage\":\"pt-BR\",\"@id\":\"https:\/\/jornalfatosenoticias.com.br\/#\/schema\/person\/image\/\",\"url\":\"https:\/\/jornalfatosenoticias.com.br\/wp-content\/uploads\/2025\/05\/EU_portal.jpg\",\"contentUrl\":\"https:\/\/jornalfatosenoticias.com.br\/wp-content\/uploads\/2025\/05\/EU_portal.jpg\",\"caption\":\"Luzimara Fernandes\"},\"description\":\"Jornalista MTB 2358-ES\",\"sameAs\":[\"https:\/\/jornalfatosenoticias.com.br\"],\"url\":\"https:\/\/jornalfatosenoticias.com.br\/index.php\/author\/luzimara\/\"}]}<\/script>\n<!-- \/ Yoast SEO plugin. -->","yoast_head_json":{"title":"Brasileiro gabarita prova de racioc\u00ednio l\u00f3gico em Olimp\u00edada Internacional de Matem\u00e1tica - Jornal Fatos e Not\u00edcias","robots":{"index":"index","follow":"follow","max-snippet":"max-snippet:-1","max-image-preview":"max-image-preview:large","max-video-preview":"max-video-preview:-1"},"canonical":"https:\/\/jornalfatosenoticias.com.br\/index.php\/2024\/05\/08\/brasileiro-gabarita-prova-de-raciocinio-logico-em-olimpiada-internacional-de-matematica\/","og_locale":"pt_BR","og_type":"article","og_title":"Brasileiro gabarita prova de racioc\u00ednio l\u00f3gico em Olimp\u00edada Internacional de Matem\u00e1tica - Jornal Fatos e Not\u00edcias","og_description":"O mineiro de 13 anos, apaixonado por exatas, voltou da Olimp\u00edada Internacional Matem\u00e1tica com medalha e trof\u00e9u Por Karen Bel\u00e9m Com apenas 13 anos, o brasileiro Emanuel Lopes ganhou um trof\u00e9u por acertar todas as quest\u00f5es de racioc\u00ednio l\u00f3gico na Olimp\u00edada Internacional de Matem\u00e1tica, realizada na Tail\u00e2ndia, e ainda saiu com uma medalha de prata [&hellip;]","og_url":"https:\/\/jornalfatosenoticias.com.br\/index.php\/2024\/05\/08\/brasileiro-gabarita-prova-de-raciocinio-logico-em-olimpiada-internacional-de-matematica\/","og_site_name":"Jornal Fatos e Not\u00edcias","article_published_time":"2024-05-08T13:48:54+00:00","article_modified_time":"2024-05-08T13:48:55+00:00","og_image":[{"width":830,"height":577,"url":"https:\/\/jornalfatosenoticias.com.br\/wp-content\/uploads\/2024\/05\/brasileiro_olimpiada_internacional_matematica_capa.jpeg","type":"image\/jpeg"}],"author":"Luzimara Fernandes","twitter_card":"summary_large_image","twitter_misc":{"Escrito por":"Luzimara Fernandes","Est. tempo de leitura":"2 minutos"},"schema":{"@context":"https:\/\/schema.org","@graph":[{"@type":"Article","@id":"https:\/\/jornalfatosenoticias.com.br\/index.php\/2024\/05\/08\/brasileiro-gabarita-prova-de-raciocinio-logico-em-olimpiada-internacional-de-matematica\/#article","isPartOf":{"@id":"https:\/\/jornalfatosenoticias.com.br\/index.php\/2024\/05\/08\/brasileiro-gabarita-prova-de-raciocinio-logico-em-olimpiada-internacional-de-matematica\/"},"author":{"name":"Luzimara Fernandes","@id":"https:\/\/jornalfatosenoticias.com.br\/#\/schema\/person\/d63837fa13ac8666eb9e74e0985d6f81"},"headline":"Brasileiro gabarita prova de racioc\u00ednio l\u00f3gico em Olimp\u00edada Internacional de Matem\u00e1tica","datePublished":"2024-05-08T13:48:54+00:00","dateModified":"2024-05-08T13:48:55+00:00","mainEntityOfPage":{"@id":"https:\/\/jornalfatosenoticias.com.br\/index.php\/2024\/05\/08\/brasileiro-gabarita-prova-de-raciocinio-logico-em-olimpiada-internacional-de-matematica\/"},"wordCount":415,"commentCount":0,"publisher":{"@id":"https:\/\/jornalfatosenoticias.com.br\/#organization"},"image":{"@id":"https:\/\/jornalfatosenoticias.com.br\/index.php\/2024\/05\/08\/brasileiro-gabarita-prova-de-raciocinio-logico-em-olimpiada-internacional-de-matematica\/#primaryimage"},"thumbnailUrl":"https:\/\/jornalfatosenoticias.com.br\/wp-content\/uploads\/2024\/05\/brasileiro_olimpiada_internacional_matematica_capa.jpeg","keywords":["Col\u00e9gio Militar","estudante brasileiro","medalha","Olimp\u00edada Internacional de Matem\u00e1tica","trof\u00e9u"],"articleSection":["Educa\u00e7\u00e3o"],"inLanguage":"pt-BR","potentialAction":[{"@type":"CommentAction","name":"Comment","target":["https:\/\/jornalfatosenoticias.com.br\/index.php\/2024\/05\/08\/brasileiro-gabarita-prova-de-raciocinio-logico-em-olimpiada-internacional-de-matematica\/#respond"]}]},{"@type":"WebPage","@id":"https:\/\/jornalfatosenoticias.com.br\/index.php\/2024\/05\/08\/brasileiro-gabarita-prova-de-raciocinio-logico-em-olimpiada-internacional-de-matematica\/","url":"https:\/\/jornalfatosenoticias.com.br\/index.php\/2024\/05\/08\/brasileiro-gabarita-prova-de-raciocinio-logico-em-olimpiada-internacional-de-matematica\/","name":"Brasileiro gabarita prova de racioc\u00ednio l\u00f3gico em Olimp\u00edada Internacional de Matem\u00e1tica - Jornal Fatos e Not\u00edcias","isPartOf":{"@id":"https:\/\/jornalfatosenoticias.com.br\/#website"},"primaryImageOfPage":{"@id":"https:\/\/jornalfatosenoticias.com.br\/index.php\/2024\/05\/08\/brasileiro-gabarita-prova-de-raciocinio-logico-em-olimpiada-internacional-de-matematica\/#primaryimage"},"image":{"@id":"https:\/\/jornalfatosenoticias.com.br\/index.php\/2024\/05\/08\/brasileiro-gabarita-prova-de-raciocinio-logico-em-olimpiada-internacional-de-matematica\/#primaryimage"},"thumbnailUrl":"https:\/\/jornalfatosenoticias.com.br\/wp-content\/uploads\/2024\/05\/brasileiro_olimpiada_internacional_matematica_capa.jpeg","datePublished":"2024-05-08T13:48:54+00:00","dateModified":"2024-05-08T13:48:55+00:00","breadcrumb":{"@id":"https:\/\/jornalfatosenoticias.com.br\/index.php\/2024\/05\/08\/brasileiro-gabarita-prova-de-raciocinio-logico-em-olimpiada-internacional-de-matematica\/#breadcrumb"},"inLanguage":"pt-BR","potentialAction":[{"@type":"ReadAction","target":["https:\/\/jornalfatosenoticias.com.br\/index.php\/2024\/05\/08\/brasileiro-gabarita-prova-de-raciocinio-logico-em-olimpiada-internacional-de-matematica\/"]}]},{"@type":"ImageObject","inLanguage":"pt-BR","@id":"https:\/\/jornalfatosenoticias.com.br\/index.php\/2024\/05\/08\/brasileiro-gabarita-prova-de-raciocinio-logico-em-olimpiada-internacional-de-matematica\/#primaryimage","url":"https:\/\/jornalfatosenoticias.com.br\/wp-content\/uploads\/2024\/05\/brasileiro_olimpiada_internacional_matematica_capa.jpeg","contentUrl":"https:\/\/jornalfatosenoticias.com.br\/wp-content\/uploads\/2024\/05\/brasileiro_olimpiada_internacional_matematica_capa.jpeg","width":830,"height":577},{"@type":"BreadcrumbList","@id":"https:\/\/jornalfatosenoticias.com.br\/index.php\/2024\/05\/08\/brasileiro-gabarita-prova-de-raciocinio-logico-em-olimpiada-internacional-de-matematica\/#breadcrumb","itemListElement":[{"@type":"ListItem","position":1,"name":"In\u00edcio","item":"https:\/\/jornalfatosenoticias.com.br\/"},{"@type":"ListItem","position":2,"name":"Brasileiro gabarita prova de racioc\u00ednio l\u00f3gico em Olimp\u00edada Internacional de Matem\u00e1tica"}]},{"@type":"WebSite","@id":"https:\/\/jornalfatosenoticias.com.br\/#website","url":"https:\/\/jornalfatosenoticias.com.br\/","name":"Jornal Fatos e Not\u00edcias","description":"Not\u00edcias em geral","publisher":{"@id":"https:\/\/jornalfatosenoticias.com.br\/#organization"},"potentialAction":[{"@type":"SearchAction","target":{"@type":"EntryPoint","urlTemplate":"https:\/\/jornalfatosenoticias.com.br\/?s={search_term_string}"},"query-input":{"@type":"PropertyValueSpecification","valueRequired":true,"valueName":"search_term_string"}}],"inLanguage":"pt-BR"},{"@type":"Organization","@id":"https:\/\/jornalfatosenoticias.com.br\/#organization","name":"Jornal Fatos e Not\u00edcias","url":"https:\/\/jornalfatosenoticias.com.br\/","logo":{"@type":"ImageObject","inLanguage":"pt-BR","@id":"https:\/\/jornalfatosenoticias.com.br\/#\/schema\/logo\/image\/","url":"https:\/\/jornalfatosenoticias.com.br\/wp-content\/uploads\/2020\/02\/logo120.png","contentUrl":"https:\/\/jornalfatosenoticias.com.br\/wp-content\/uploads\/2020\/02\/logo120.png","width":1227,"height":120,"caption":"Jornal Fatos e Not\u00edcias"},"image":{"@id":"https:\/\/jornalfatosenoticias.com.br\/#\/schema\/logo\/image\/"}},{"@type":"Person","@id":"https:\/\/jornalfatosenoticias.com.br\/#\/schema\/person\/d63837fa13ac8666eb9e74e0985d6f81","name":"Luzimara Fernandes","image":{"@type":"ImageObject","inLanguage":"pt-BR","@id":"https:\/\/jornalfatosenoticias.com.br\/#\/schema\/person\/image\/","url":"https:\/\/jornalfatosenoticias.com.br\/wp-content\/uploads\/2025\/05\/EU_portal.jpg","contentUrl":"https:\/\/jornalfatosenoticias.com.br\/wp-content\/uploads\/2025\/05\/EU_portal.jpg","caption":"Luzimara Fernandes"},"description":"Jornalista MTB 2358-ES","sameAs":["https:\/\/jornalfatosenoticias.com.br"],"url":"https:\/\/jornalfatosenoticias.com.br\/index.php\/author\/luzimara\/"}]}},"cc_featured_image_caption":{"caption_text":"(Foto: Reprodu\u00e7\u00e3o) \r\n","source_text":"","source_url":""},"jetpack_featured_media_url":"https:\/\/jornalfatosenoticias.com.br\/wp-content\/uploads\/2024\/05\/brasileiro_olimpiada_internacional_matematica_capa.jpeg","_links":{"self":[{"href":"https:\/\/jornalfatosenoticias.com.br\/index.php\/wp-json\/wp\/v2\/posts\/51091","targetHints":{"allow":["GET"]}}],"collection":[{"href":"https:\/\/jornalfatosenoticias.com.br\/index.php\/wp-json\/wp\/v2\/posts"}],"about":[{"href":"https:\/\/jornalfatosenoticias.com.br\/index.php\/wp-json\/wp\/v2\/types\/post"}],"author":[{"embeddable":true,"href":"https:\/\/jornalfatosenoticias.com.br\/index.php\/wp-json\/wp\/v2\/users\/2"}],"replies":[{"embeddable":true,"href":"https:\/\/jornalfatosenoticias.com.br\/index.php\/wp-json\/wp\/v2\/comments?post=51091"}],"version-history":[{"count":0,"href":"https:\/\/jornalfatosenoticias.com.br\/index.php\/wp-json\/wp\/v2\/posts\/51091\/revisions"}],"wp:featuredmedia":[{"embeddable":true,"href":"https:\/\/jornalfatosenoticias.com.br\/index.php\/wp-json\/wp\/v2\/media\/51092"}],"wp:attachment":[{"href":"https:\/\/jornalfatosenoticias.com.br\/index.php\/wp-json\/wp\/v2\/media?parent=51091"}],"wp:term":[{"taxonomy":"category","embeddable":true,"href":"https:\/\/jornalfatosenoticias.com.br\/index.php\/wp-json\/wp\/v2\/categories?post=51091"},{"taxonomy":"post_tag","embeddable":true,"href":"https:\/\/jornalfatosenoticias.com.br\/index.php\/wp-json\/wp\/v2\/tags?post=51091"}],"curies":[{"name":"wp","href":"https:\/\/api.w.org\/{rel}","templated":true}]}}