{"id":5110,"date":"2020-06-01T13:07:02","date_gmt":"2020-06-01T16:07:02","guid":{"rendered":"https:\/\/jornalfatosenoticias.com.br\/?p=5110"},"modified":"2020-06-01T13:07:08","modified_gmt":"2020-06-01T16:07:08","slug":"maior-aviao-eletrico-do-mundo-faz-seu-primeiro-voo-teste-assista","status":"publish","type":"post","link":"https:\/\/jornalfatosenoticias.com.br\/index.php\/2020\/06\/01\/maior-aviao-eletrico-do-mundo-faz-seu-primeiro-voo-teste-assista\/","title":{"rendered":"Maior avi\u00e3o el\u00e9trico do mundo faz seu primeiro voo teste; assista"},"content":{"rendered":"\n<h6 class=\"wp-block-heading\"><em>Modelo \u00e9 uma adapta\u00e7\u00e3o do Cessna Grand Caravan 208 e pode carregar nove passageiros<\/em><\/h6>\n\n\n\n<p>Os carros el\u00e9tricos t\u00eam ganhado cada vez mais espa\u00e7o na frota das cidades. Agora, ao que tudo indica, a avia\u00e7\u00e3o est\u00e1 seguindo o mesmo caminho. Na \u00faltima semana, o maior avi\u00e3o el\u00e9trico do mundo fez seu primeiro voo teste. O Cessna Grand Caravan 208 adaptado ficou no ar por meia hora em sua estreia.<br>O modelo el\u00e9trico pode transportar at\u00e9 nove passageiros al\u00e9m do piloto. Apesar do teste bem-sucedido, o projeto ainda tem uma s\u00e9rie de desafios pela frente. Al\u00e9m dos obst\u00e1culos regulat\u00f3rios, avi\u00f5es maiores tamb\u00e9m exigem baterias mais potentes do que as atualmente dispon\u00edveis.<br>&#8220;Escolhemos o \u00edon de l\u00edtio porque, neste momento, \u00e9 a tecnologia mais comprovada para fornecer a energia e a seguran\u00e7a necess\u00e1rias para pilotar a aeronave&#8221;, explicou Roei Ganzarski, CEO da Magnix, empresa por tr\u00e1s do projeto.<\/p>\n\n\n\n<figure class=\"wp-block-embed-youtube wp-block-embed is-type-video is-provider-youtube wp-embed-aspect-16-9 wp-has-aspect-ratio\"><div class=\"wp-block-embed__wrapper\">\n<iframe loading=\"lazy\" title=\"See the world&#039;s largest all-electric plane take off for the first time\" width=\"660\" height=\"371\" src=\"https:\/\/www.youtube.com\/embed\/Ug7bJxO8jSI?feature=oembed\" frameborder=\"0\" allow=\"accelerometer; autoplay; clipboard-write; encrypted-media; gyroscope; picture-in-picture; web-share\" referrerpolicy=\"strict-origin-when-cross-origin\" allowfullscreen><\/iframe>\n<\/div><\/figure>\n\n\n\n<p>Por\u00e9m, assim que a tecnologia avan\u00e7ar, Ganzarski acredita que, al\u00e9m de cortar uma grande fonte de emiss\u00f5es de carbono, as aeronaves el\u00e9tricas podem significar uma consequente redu\u00e7\u00e3o dos pre\u00e7os das viagens a\u00e9reas. Os motores el\u00e9tricos s\u00e3o mais simples do ponto de vista mec\u00e2nico em compara\u00e7\u00e3o com os motores de avi\u00e3o tradicionais. Com uma queda significativa de 80% no custo de manuten\u00e7\u00e3o, o empres\u00e1rio espera que isso se traduza a passagens mais baratas.<br>Apesar de ainda ter um longo caminho pela frente, o voo inaugural pode ser um primeiro passo para uma ind\u00fastria a\u00e9rea mais limpa e barata.<\/p>\n\n\n\n<p><em><strong>Fonte: <a href=\"https:\/\/olhardigital.com.br\/noticia\/maior-aviao-eletrico-do-mundo-faz-seu-primeiro-voo-teste-assista\/101522\">Olhar Digital<\/a><\/strong><\/em><\/p>\n","protected":false},"excerpt":{"rendered":"<p>Modelo \u00e9 uma adapta\u00e7\u00e3o do Cessna Grand Caravan 208 e pode carregar nove passageiros Os carros el\u00e9tricos t\u00eam ganhado cada vez mais espa\u00e7o na frota das cidades. Agora, ao que tudo indica, a avia\u00e7\u00e3o est\u00e1 seguindo o mesmo caminho. Na \u00faltima semana, o maior avi\u00e3o el\u00e9trico do mundo fez seu primeiro voo teste. O Cessna [&hellip;]<\/p>\n","protected":false},"author":2,"featured_media":5111,"comment_status":"open","ping_status":"open","sticky":false,"template":"","format":"standard","meta":{"footnotes":""},"categories":[3],"tags":[3048,2752,3049,3050],"class_list":["post-5110","post","type-post","status-publish","format-standard","has-post-thumbnail","hentry","category-tecnologia","tag-aviacao","tag-aviao","tag-aviao-eletrico","tag-veiculo-eletrico"],"yoast_head":"<!-- This site is optimized with the Yoast SEO plugin v26.5 - https:\/\/yoast.com\/wordpress\/plugins\/seo\/ -->\n<title>Maior avi\u00e3o el\u00e9trico do mundo faz seu primeiro voo teste; assista - Jornal Fatos e Not\u00edcias<\/title>\n<meta name=\"robots\" content=\"index, follow, max-snippet:-1, max-image-preview:large, max-video-preview:-1\" \/>\n<link rel=\"canonical\" href=\"https:\/\/jornalfatosenoticias.com.br\/index.php\/2020\/06\/01\/maior-aviao-eletrico-do-mundo-faz-seu-primeiro-voo-teste-assista\/\" \/>\n<meta property=\"og:locale\" content=\"pt_BR\" \/>\n<meta property=\"og:type\" content=\"article\" \/>\n<meta property=\"og:title\" content=\"Maior avi\u00e3o el\u00e9trico do mundo faz seu primeiro voo teste; assista - Jornal Fatos e Not\u00edcias\" \/>\n<meta property=\"og:description\" content=\"Modelo \u00e9 uma adapta\u00e7\u00e3o do Cessna Grand Caravan 208 e pode carregar nove passageiros Os carros el\u00e9tricos t\u00eam ganhado cada vez mais espa\u00e7o na frota das cidades. Agora, ao que tudo indica, a avia\u00e7\u00e3o est\u00e1 seguindo o mesmo caminho. Na \u00faltima semana, o maior avi\u00e3o el\u00e9trico do mundo fez seu primeiro voo teste. O Cessna [&hellip;]\" \/>\n<meta property=\"og:url\" content=\"https:\/\/jornalfatosenoticias.com.br\/index.php\/2020\/06\/01\/maior-aviao-eletrico-do-mundo-faz-seu-primeiro-voo-teste-assista\/\" \/>\n<meta property=\"og:site_name\" content=\"Jornal Fatos e Not\u00edcias\" \/>\n<meta property=\"article:published_time\" content=\"2020-06-01T16:07:02+00:00\" \/>\n<meta property=\"article:modified_time\" content=\"2020-06-01T16:07:08+00:00\" \/>\n<meta property=\"og:image\" content=\"https:\/\/jornalfatosenoticias.com.br\/wp-content\/uploads\/2020\/06\/maior_aviao_eletrico_do_mundo_faz_primeiro_voo_teste.jpg\" \/>\n\t<meta property=\"og:image:width\" content=\"1000\" \/>\n\t<meta property=\"og:image:height\" content=\"562\" \/>\n\t<meta property=\"og:image:type\" content=\"image\/jpeg\" \/>\n<meta name=\"author\" content=\"Luzimara Fernandes\" \/>\n<meta name=\"twitter:card\" content=\"summary_large_image\" \/>\n<meta name=\"twitter:label1\" content=\"Escrito por\" \/>\n\t<meta name=\"twitter:data1\" content=\"Luzimara Fernandes\" \/>\n\t<meta name=\"twitter:label2\" content=\"Est. tempo de leitura\" \/>\n\t<meta name=\"twitter:data2\" content=\"1 minuto\" \/>\n<script type=\"application\/ld+json\" class=\"yoast-schema-graph\">{\"@context\":\"https:\/\/schema.org\",\"@graph\":[{\"@type\":\"Article\",\"@id\":\"https:\/\/jornalfatosenoticias.com.br\/index.php\/2020\/06\/01\/maior-aviao-eletrico-do-mundo-faz-seu-primeiro-voo-teste-assista\/#article\",\"isPartOf\":{\"@id\":\"https:\/\/jornalfatosenoticias.com.br\/index.php\/2020\/06\/01\/maior-aviao-eletrico-do-mundo-faz-seu-primeiro-voo-teste-assista\/\"},\"author\":{\"name\":\"Luzimara Fernandes\",\"@id\":\"https:\/\/jornalfatosenoticias.com.br\/#\/schema\/person\/d63837fa13ac8666eb9e74e0985d6f81\"},\"headline\":\"Maior avi\u00e3o el\u00e9trico do mundo faz seu primeiro voo teste; assista\",\"datePublished\":\"2020-06-01T16:07:02+00:00\",\"dateModified\":\"2020-06-01T16:07:08+00:00\",\"mainEntityOfPage\":{\"@id\":\"https:\/\/jornalfatosenoticias.com.br\/index.php\/2020\/06\/01\/maior-aviao-eletrico-do-mundo-faz-seu-primeiro-voo-teste-assista\/\"},\"wordCount\":303,\"commentCount\":0,\"publisher\":{\"@id\":\"https:\/\/jornalfatosenoticias.com.br\/#organization\"},\"image\":{\"@id\":\"https:\/\/jornalfatosenoticias.com.br\/index.php\/2020\/06\/01\/maior-aviao-eletrico-do-mundo-faz-seu-primeiro-voo-teste-assista\/#primaryimage\"},\"thumbnailUrl\":\"https:\/\/jornalfatosenoticias.com.br\/wp-content\/uploads\/2020\/06\/maior_aviao_eletrico_do_mundo_faz_primeiro_voo_teste.jpg\",\"keywords\":[\"avia\u00e7\u00e3o\",\"avi\u00e3o\",\"avi\u00e3o el\u00e9trico\",\"ve\u00edculo el\u00e9trico\"],\"articleSection\":[\"Tecnologia &amp; Inova\u00e7\u00e3o\"],\"inLanguage\":\"pt-BR\",\"potentialAction\":[{\"@type\":\"CommentAction\",\"name\":\"Comment\",\"target\":[\"https:\/\/jornalfatosenoticias.com.br\/index.php\/2020\/06\/01\/maior-aviao-eletrico-do-mundo-faz-seu-primeiro-voo-teste-assista\/#respond\"]}]},{\"@type\":\"WebPage\",\"@id\":\"https:\/\/jornalfatosenoticias.com.br\/index.php\/2020\/06\/01\/maior-aviao-eletrico-do-mundo-faz-seu-primeiro-voo-teste-assista\/\",\"url\":\"https:\/\/jornalfatosenoticias.com.br\/index.php\/2020\/06\/01\/maior-aviao-eletrico-do-mundo-faz-seu-primeiro-voo-teste-assista\/\",\"name\":\"Maior avi\u00e3o el\u00e9trico do mundo faz seu primeiro voo teste; assista - Jornal Fatos e Not\u00edcias\",\"isPartOf\":{\"@id\":\"https:\/\/jornalfatosenoticias.com.br\/#website\"},\"primaryImageOfPage\":{\"@id\":\"https:\/\/jornalfatosenoticias.com.br\/index.php\/2020\/06\/01\/maior-aviao-eletrico-do-mundo-faz-seu-primeiro-voo-teste-assista\/#primaryimage\"},\"image\":{\"@id\":\"https:\/\/jornalfatosenoticias.com.br\/index.php\/2020\/06\/01\/maior-aviao-eletrico-do-mundo-faz-seu-primeiro-voo-teste-assista\/#primaryimage\"},\"thumbnailUrl\":\"https:\/\/jornalfatosenoticias.com.br\/wp-content\/uploads\/2020\/06\/maior_aviao_eletrico_do_mundo_faz_primeiro_voo_teste.jpg\",\"datePublished\":\"2020-06-01T16:07:02+00:00\",\"dateModified\":\"2020-06-01T16:07:08+00:00\",\"breadcrumb\":{\"@id\":\"https:\/\/jornalfatosenoticias.com.br\/index.php\/2020\/06\/01\/maior-aviao-eletrico-do-mundo-faz-seu-primeiro-voo-teste-assista\/#breadcrumb\"},\"inLanguage\":\"pt-BR\",\"potentialAction\":[{\"@type\":\"ReadAction\",\"target\":[\"https:\/\/jornalfatosenoticias.com.br\/index.php\/2020\/06\/01\/maior-aviao-eletrico-do-mundo-faz-seu-primeiro-voo-teste-assista\/\"]}]},{\"@type\":\"ImageObject\",\"inLanguage\":\"pt-BR\",\"@id\":\"https:\/\/jornalfatosenoticias.com.br\/index.php\/2020\/06\/01\/maior-aviao-eletrico-do-mundo-faz-seu-primeiro-voo-teste-assista\/#primaryimage\",\"url\":\"https:\/\/jornalfatosenoticias.com.br\/wp-content\/uploads\/2020\/06\/maior_aviao_eletrico_do_mundo_faz_primeiro_voo_teste.jpg\",\"contentUrl\":\"https:\/\/jornalfatosenoticias.com.br\/wp-content\/uploads\/2020\/06\/maior_aviao_eletrico_do_mundo_faz_primeiro_voo_teste.jpg\",\"width\":1000,\"height\":562},{\"@type\":\"BreadcrumbList\",\"@id\":\"https:\/\/jornalfatosenoticias.com.br\/index.php\/2020\/06\/01\/maior-aviao-eletrico-do-mundo-faz-seu-primeiro-voo-teste-assista\/#breadcrumb\",\"itemListElement\":[{\"@type\":\"ListItem\",\"position\":1,\"name\":\"In\u00edcio\",\"item\":\"https:\/\/jornalfatosenoticias.com.br\/\"},{\"@type\":\"ListItem\",\"position\":2,\"name\":\"Maior avi\u00e3o el\u00e9trico do mundo faz seu primeiro voo teste; assista\"}]},{\"@type\":\"WebSite\",\"@id\":\"https:\/\/jornalfatosenoticias.com.br\/#website\",\"url\":\"https:\/\/jornalfatosenoticias.com.br\/\",\"name\":\"Jornal Fatos e Not\u00edcias\",\"description\":\"Not\u00edcias em geral\",\"publisher\":{\"@id\":\"https:\/\/jornalfatosenoticias.com.br\/#organization\"},\"potentialAction\":[{\"@type\":\"SearchAction\",\"target\":{\"@type\":\"EntryPoint\",\"urlTemplate\":\"https:\/\/jornalfatosenoticias.com.br\/?s={search_term_string}\"},\"query-input\":{\"@type\":\"PropertyValueSpecification\",\"valueRequired\":true,\"valueName\":\"search_term_string\"}}],\"inLanguage\":\"pt-BR\"},{\"@type\":\"Organization\",\"@id\":\"https:\/\/jornalfatosenoticias.com.br\/#organization\",\"name\":\"Jornal Fatos e Not\u00edcias\",\"url\":\"https:\/\/jornalfatosenoticias.com.br\/\",\"logo\":{\"@type\":\"ImageObject\",\"inLanguage\":\"pt-BR\",\"@id\":\"https:\/\/jornalfatosenoticias.com.br\/#\/schema\/logo\/image\/\",\"url\":\"https:\/\/jornalfatosenoticias.com.br\/wp-content\/uploads\/2020\/02\/logo120.png\",\"contentUrl\":\"https:\/\/jornalfatosenoticias.com.br\/wp-content\/uploads\/2020\/02\/logo120.png\",\"width\":1227,\"height\":120,\"caption\":\"Jornal Fatos e Not\u00edcias\"},\"image\":{\"@id\":\"https:\/\/jornalfatosenoticias.com.br\/#\/schema\/logo\/image\/\"}},{\"@type\":\"Person\",\"@id\":\"https:\/\/jornalfatosenoticias.com.br\/#\/schema\/person\/d63837fa13ac8666eb9e74e0985d6f81\",\"name\":\"Luzimara Fernandes\",\"image\":{\"@type\":\"ImageObject\",\"inLanguage\":\"pt-BR\",\"@id\":\"https:\/\/jornalfatosenoticias.com.br\/#\/schema\/person\/image\/\",\"url\":\"https:\/\/jornalfatosenoticias.com.br\/wp-content\/uploads\/2025\/05\/EU_portal.jpg\",\"contentUrl\":\"https:\/\/jornalfatosenoticias.com.br\/wp-content\/uploads\/2025\/05\/EU_portal.jpg\",\"caption\":\"Luzimara Fernandes\"},\"description\":\"Jornalista MTB 2358-ES\",\"sameAs\":[\"https:\/\/jornalfatosenoticias.com.br\"],\"url\":\"https:\/\/jornalfatosenoticias.com.br\/index.php\/author\/luzimara\/\"}]}<\/script>\n<!-- \/ Yoast SEO plugin. -->","yoast_head_json":{"title":"Maior avi\u00e3o el\u00e9trico do mundo faz seu primeiro voo teste; assista - Jornal Fatos e Not\u00edcias","robots":{"index":"index","follow":"follow","max-snippet":"max-snippet:-1","max-image-preview":"max-image-preview:large","max-video-preview":"max-video-preview:-1"},"canonical":"https:\/\/jornalfatosenoticias.com.br\/index.php\/2020\/06\/01\/maior-aviao-eletrico-do-mundo-faz-seu-primeiro-voo-teste-assista\/","og_locale":"pt_BR","og_type":"article","og_title":"Maior avi\u00e3o el\u00e9trico do mundo faz seu primeiro voo teste; assista - Jornal Fatos e Not\u00edcias","og_description":"Modelo \u00e9 uma adapta\u00e7\u00e3o do Cessna Grand Caravan 208 e pode carregar nove passageiros Os carros el\u00e9tricos t\u00eam ganhado cada vez mais espa\u00e7o na frota das cidades. Agora, ao que tudo indica, a avia\u00e7\u00e3o est\u00e1 seguindo o mesmo caminho. Na \u00faltima semana, o maior avi\u00e3o el\u00e9trico do mundo fez seu primeiro voo teste. O Cessna [&hellip;]","og_url":"https:\/\/jornalfatosenoticias.com.br\/index.php\/2020\/06\/01\/maior-aviao-eletrico-do-mundo-faz-seu-primeiro-voo-teste-assista\/","og_site_name":"Jornal Fatos e Not\u00edcias","article_published_time":"2020-06-01T16:07:02+00:00","article_modified_time":"2020-06-01T16:07:08+00:00","og_image":[{"width":1000,"height":562,"url":"https:\/\/jornalfatosenoticias.com.br\/wp-content\/uploads\/2020\/06\/maior_aviao_eletrico_do_mundo_faz_primeiro_voo_teste.jpg","type":"image\/jpeg"}],"author":"Luzimara Fernandes","twitter_card":"summary_large_image","twitter_misc":{"Escrito por":"Luzimara Fernandes","Est. tempo de leitura":"1 minuto"},"schema":{"@context":"https:\/\/schema.org","@graph":[{"@type":"Article","@id":"https:\/\/jornalfatosenoticias.com.br\/index.php\/2020\/06\/01\/maior-aviao-eletrico-do-mundo-faz-seu-primeiro-voo-teste-assista\/#article","isPartOf":{"@id":"https:\/\/jornalfatosenoticias.com.br\/index.php\/2020\/06\/01\/maior-aviao-eletrico-do-mundo-faz-seu-primeiro-voo-teste-assista\/"},"author":{"name":"Luzimara Fernandes","@id":"https:\/\/jornalfatosenoticias.com.br\/#\/schema\/person\/d63837fa13ac8666eb9e74e0985d6f81"},"headline":"Maior avi\u00e3o el\u00e9trico do mundo faz seu primeiro voo teste; assista","datePublished":"2020-06-01T16:07:02+00:00","dateModified":"2020-06-01T16:07:08+00:00","mainEntityOfPage":{"@id":"https:\/\/jornalfatosenoticias.com.br\/index.php\/2020\/06\/01\/maior-aviao-eletrico-do-mundo-faz-seu-primeiro-voo-teste-assista\/"},"wordCount":303,"commentCount":0,"publisher":{"@id":"https:\/\/jornalfatosenoticias.com.br\/#organization"},"image":{"@id":"https:\/\/jornalfatosenoticias.com.br\/index.php\/2020\/06\/01\/maior-aviao-eletrico-do-mundo-faz-seu-primeiro-voo-teste-assista\/#primaryimage"},"thumbnailUrl":"https:\/\/jornalfatosenoticias.com.br\/wp-content\/uploads\/2020\/06\/maior_aviao_eletrico_do_mundo_faz_primeiro_voo_teste.jpg","keywords":["avia\u00e7\u00e3o","avi\u00e3o","avi\u00e3o el\u00e9trico","ve\u00edculo el\u00e9trico"],"articleSection":["Tecnologia &amp; Inova\u00e7\u00e3o"],"inLanguage":"pt-BR","potentialAction":[{"@type":"CommentAction","name":"Comment","target":["https:\/\/jornalfatosenoticias.com.br\/index.php\/2020\/06\/01\/maior-aviao-eletrico-do-mundo-faz-seu-primeiro-voo-teste-assista\/#respond"]}]},{"@type":"WebPage","@id":"https:\/\/jornalfatosenoticias.com.br\/index.php\/2020\/06\/01\/maior-aviao-eletrico-do-mundo-faz-seu-primeiro-voo-teste-assista\/","url":"https:\/\/jornalfatosenoticias.com.br\/index.php\/2020\/06\/01\/maior-aviao-eletrico-do-mundo-faz-seu-primeiro-voo-teste-assista\/","name":"Maior avi\u00e3o el\u00e9trico do mundo faz seu primeiro voo teste; assista - Jornal Fatos e Not\u00edcias","isPartOf":{"@id":"https:\/\/jornalfatosenoticias.com.br\/#website"},"primaryImageOfPage":{"@id":"https:\/\/jornalfatosenoticias.com.br\/index.php\/2020\/06\/01\/maior-aviao-eletrico-do-mundo-faz-seu-primeiro-voo-teste-assista\/#primaryimage"},"image":{"@id":"https:\/\/jornalfatosenoticias.com.br\/index.php\/2020\/06\/01\/maior-aviao-eletrico-do-mundo-faz-seu-primeiro-voo-teste-assista\/#primaryimage"},"thumbnailUrl":"https:\/\/jornalfatosenoticias.com.br\/wp-content\/uploads\/2020\/06\/maior_aviao_eletrico_do_mundo_faz_primeiro_voo_teste.jpg","datePublished":"2020-06-01T16:07:02+00:00","dateModified":"2020-06-01T16:07:08+00:00","breadcrumb":{"@id":"https:\/\/jornalfatosenoticias.com.br\/index.php\/2020\/06\/01\/maior-aviao-eletrico-do-mundo-faz-seu-primeiro-voo-teste-assista\/#breadcrumb"},"inLanguage":"pt-BR","potentialAction":[{"@type":"ReadAction","target":["https:\/\/jornalfatosenoticias.com.br\/index.php\/2020\/06\/01\/maior-aviao-eletrico-do-mundo-faz-seu-primeiro-voo-teste-assista\/"]}]},{"@type":"ImageObject","inLanguage":"pt-BR","@id":"https:\/\/jornalfatosenoticias.com.br\/index.php\/2020\/06\/01\/maior-aviao-eletrico-do-mundo-faz-seu-primeiro-voo-teste-assista\/#primaryimage","url":"https:\/\/jornalfatosenoticias.com.br\/wp-content\/uploads\/2020\/06\/maior_aviao_eletrico_do_mundo_faz_primeiro_voo_teste.jpg","contentUrl":"https:\/\/jornalfatosenoticias.com.br\/wp-content\/uploads\/2020\/06\/maior_aviao_eletrico_do_mundo_faz_primeiro_voo_teste.jpg","width":1000,"height":562},{"@type":"BreadcrumbList","@id":"https:\/\/jornalfatosenoticias.com.br\/index.php\/2020\/06\/01\/maior-aviao-eletrico-do-mundo-faz-seu-primeiro-voo-teste-assista\/#breadcrumb","itemListElement":[{"@type":"ListItem","position":1,"name":"In\u00edcio","item":"https:\/\/jornalfatosenoticias.com.br\/"},{"@type":"ListItem","position":2,"name":"Maior avi\u00e3o el\u00e9trico do mundo faz seu primeiro voo teste; assista"}]},{"@type":"WebSite","@id":"https:\/\/jornalfatosenoticias.com.br\/#website","url":"https:\/\/jornalfatosenoticias.com.br\/","name":"Jornal Fatos e Not\u00edcias","description":"Not\u00edcias em geral","publisher":{"@id":"https:\/\/jornalfatosenoticias.com.br\/#organization"},"potentialAction":[{"@type":"SearchAction","target":{"@type":"EntryPoint","urlTemplate":"https:\/\/jornalfatosenoticias.com.br\/?s={search_term_string}"},"query-input":{"@type":"PropertyValueSpecification","valueRequired":true,"valueName":"search_term_string"}}],"inLanguage":"pt-BR"},{"@type":"Organization","@id":"https:\/\/jornalfatosenoticias.com.br\/#organization","name":"Jornal Fatos e Not\u00edcias","url":"https:\/\/jornalfatosenoticias.com.br\/","logo":{"@type":"ImageObject","inLanguage":"pt-BR","@id":"https:\/\/jornalfatosenoticias.com.br\/#\/schema\/logo\/image\/","url":"https:\/\/jornalfatosenoticias.com.br\/wp-content\/uploads\/2020\/02\/logo120.png","contentUrl":"https:\/\/jornalfatosenoticias.com.br\/wp-content\/uploads\/2020\/02\/logo120.png","width":1227,"height":120,"caption":"Jornal Fatos e Not\u00edcias"},"image":{"@id":"https:\/\/jornalfatosenoticias.com.br\/#\/schema\/logo\/image\/"}},{"@type":"Person","@id":"https:\/\/jornalfatosenoticias.com.br\/#\/schema\/person\/d63837fa13ac8666eb9e74e0985d6f81","name":"Luzimara Fernandes","image":{"@type":"ImageObject","inLanguage":"pt-BR","@id":"https:\/\/jornalfatosenoticias.com.br\/#\/schema\/person\/image\/","url":"https:\/\/jornalfatosenoticias.com.br\/wp-content\/uploads\/2025\/05\/EU_portal.jpg","contentUrl":"https:\/\/jornalfatosenoticias.com.br\/wp-content\/uploads\/2025\/05\/EU_portal.jpg","caption":"Luzimara Fernandes"},"description":"Jornalista MTB 2358-ES","sameAs":["https:\/\/jornalfatosenoticias.com.br"],"url":"https:\/\/jornalfatosenoticias.com.br\/index.php\/author\/luzimara\/"}]}},"cc_featured_image_caption":{"caption_text":"Maior avi\u00e3o el\u00e9trico (Foto: Aerotec)","source_text":"","source_url":""},"jetpack_featured_media_url":"https:\/\/jornalfatosenoticias.com.br\/wp-content\/uploads\/2020\/06\/maior_aviao_eletrico_do_mundo_faz_primeiro_voo_teste.jpg","_links":{"self":[{"href":"https:\/\/jornalfatosenoticias.com.br\/index.php\/wp-json\/wp\/v2\/posts\/5110","targetHints":{"allow":["GET"]}}],"collection":[{"href":"https:\/\/jornalfatosenoticias.com.br\/index.php\/wp-json\/wp\/v2\/posts"}],"about":[{"href":"https:\/\/jornalfatosenoticias.com.br\/index.php\/wp-json\/wp\/v2\/types\/post"}],"author":[{"embeddable":true,"href":"https:\/\/jornalfatosenoticias.com.br\/index.php\/wp-json\/wp\/v2\/users\/2"}],"replies":[{"embeddable":true,"href":"https:\/\/jornalfatosenoticias.com.br\/index.php\/wp-json\/wp\/v2\/comments?post=5110"}],"version-history":[{"count":0,"href":"https:\/\/jornalfatosenoticias.com.br\/index.php\/wp-json\/wp\/v2\/posts\/5110\/revisions"}],"wp:featuredmedia":[{"embeddable":true,"href":"https:\/\/jornalfatosenoticias.com.br\/index.php\/wp-json\/wp\/v2\/media\/5111"}],"wp:attachment":[{"href":"https:\/\/jornalfatosenoticias.com.br\/index.php\/wp-json\/wp\/v2\/media?parent=5110"}],"wp:term":[{"taxonomy":"category","embeddable":true,"href":"https:\/\/jornalfatosenoticias.com.br\/index.php\/wp-json\/wp\/v2\/categories?post=5110"},{"taxonomy":"post_tag","embeddable":true,"href":"https:\/\/jornalfatosenoticias.com.br\/index.php\/wp-json\/wp\/v2\/tags?post=5110"}],"curies":[{"name":"wp","href":"https:\/\/api.w.org\/{rel}","templated":true}]}}