{"id":51121,"date":"2024-05-09T15:54:40","date_gmt":"2024-05-09T18:54:40","guid":{"rendered":"https:\/\/jornalfatosenoticias.com.br\/?p=51121"},"modified":"2024-05-09T15:54:43","modified_gmt":"2024-05-09T18:54:43","slug":"os-desafios-da-educacao-inclusiva-no-brasil-parte-i","status":"publish","type":"post","link":"https:\/\/jornalfatosenoticias.com.br\/index.php\/2024\/05\/09\/os-desafios-da-educacao-inclusiva-no-brasil-parte-i\/","title":{"rendered":"Os desafios da Educa\u00e7\u00e3o Inclusiva no Brasil \u2014 Parte I"},"content":{"rendered":"\n<div class=\"wp-block-image\"><figure class=\"aligncenter size-large\"><img loading=\"lazy\" decoding=\"async\" width=\"729\" height=\"90\" src=\"https:\/\/jornalfatosenoticias.com.br\/wp-content\/uploads\/2020\/02\/Logo_Mizu.png\" alt=\"\" class=\"wp-image-1441\" srcset=\"https:\/\/jornalfatosenoticias.com.br\/wp-content\/uploads\/2020\/02\/Logo_Mizu.png 729w, https:\/\/jornalfatosenoticias.com.br\/wp-content\/uploads\/2020\/02\/Logo_Mizu-300x37.png 300w\" sizes=\"auto, (max-width: 729px) 100vw, 729px\" \/><\/figure><\/div>\n\n\n\n<p>A educa\u00e7\u00e3o inclusiva no Brasil: Nas ultimas d\u00e9cadas a educa\u00e7\u00e3o inclusiva dentro do ensino regular vem ganhando espa\u00e7o no Brasil, principalmente no ambiente escolar onde se concentra a grande diversidade de g\u00eaneros e pessoas, cada uma com suas caracter\u00edsticas pr\u00f3prias que devemos acolher, aceitar e respeitar as diferen\u00e7as. Nessa perspectiva, a educa\u00e7\u00e3o inclusiva \u00e9 indispens\u00e1vel, pois temos observado grandes e significativos avan\u00e7os no que se diz a respeito \u00e0 diversidade humana e \u00e0 garantia dos direitos, nos quais devem ser respeitados e assegurados na lei a cada indiv\u00edduo, independente da classe social, etnia, cor ou religi\u00e3o.<br>A inclus\u00e3o dos alunos com necessidades especiais na sala de aula regular traz muitos benef\u00edcios para o desenvolvimento da crian\u00e7a, pois al\u00e9m de permitir socializa\u00e7\u00e3o entre diversos p\u00fablicos, potencializa suas habilidades e resgata o que chamamos de \u201cvalores sociais fundamentais\u201d combinando a igualdade de direitos e oportunidades.<\/p>\n\n\n\n<div class=\"wp-block-image\"><figure class=\"aligncenter size-large\"><img loading=\"lazy\" decoding=\"async\" width=\"300\" height=\"250\" src=\"https:\/\/jornalfatosenoticias.com.br\/wp-content\/uploads\/2020\/02\/Banner-2.png\" alt=\"\" class=\"wp-image-43787\"\/><\/figure><\/div>\n\n\n\n<p>O direito \u00e0 educa\u00e7\u00e3o nos dias atuais \u00e9 assegurado pela Constitui\u00e7\u00e3o Federal (1998) e documentos que regem a educa\u00e7\u00e3o brasileira como a Lei de Diretrizes e Bases da Educa\u00e7\u00e3o (LDB), por\u00e9m antigamente n\u00e3o era um direito de todos, pois as pessoas de classe social inferior ou portadoras de alguma necessidade especial eram exclu\u00eddas, principalmente, do ambiente escolar. Conforme o art. 58 da Lei de Diretrizes e Bases da Educa\u00e7\u00e3o Nacional (LDBEN), os sistemas de ensino dever\u00e3o garantir aos alunos com defici\u00eancia curr\u00edculos, m\u00e9todos, t\u00e9cnicas, recursos educativos e organiza\u00e7\u00e3o educacional espec\u00edfica de modo a atender as suas particularidades.<\/p>\n\n\n\n<div class=\"wp-block-image\"><figure class=\"aligncenter size-large is-resized\"><img loading=\"lazy\" decoding=\"async\" src=\"https:\/\/jornalfatosenoticias.com.br\/wp-content\/uploads\/2023\/03\/logo-Panper_portal.jpg\" alt=\"\" class=\"wp-image-40208\" width=\"368\" height=\"255\" srcset=\"https:\/\/jornalfatosenoticias.com.br\/wp-content\/uploads\/2023\/03\/logo-Panper_portal.jpg 400w, https:\/\/jornalfatosenoticias.com.br\/wp-content\/uploads\/2023\/03\/logo-Panper_portal-300x208.jpg 300w\" sizes=\"auto, (max-width: 368px) 100vw, 368px\" \/><\/figure><\/div>\n\n\n\n<p>A educa\u00e7\u00e3o inclusiva no Brasil vem caminhando com o objetivo de implementar uma inclus\u00e3o adequada visando a promover a acessibilidade, mas, tamb\u00e9m, mudan\u00e7as de mentalidade e a\u00e7\u00f5es efetivas em favor dos alunos com defici\u00eancia. Se faz necess\u00e1rio potencializar as pol\u00edticas p\u00fablicas educacionais revisando e aprimorando para que se alcance uma verdadeira educa\u00e7\u00e3o inclusiva e acess\u00edvel a todos. <\/p>\n\n\n\n<div class=\"wp-block-image\"><figure class=\"aligncenter size-large is-resized\"><img loading=\"lazy\" decoding=\"async\" src=\"https:\/\/jornalfatosenoticias.com.br\/wp-content\/uploads\/2023\/08\/BKR-1024x1021.jpg\" alt=\"\" class=\"wp-image-44494\" width=\"307\" height=\"306\" srcset=\"https:\/\/jornalfatosenoticias.com.br\/wp-content\/uploads\/2023\/08\/BKR-1024x1021.jpg 1024w, https:\/\/jornalfatosenoticias.com.br\/wp-content\/uploads\/2023\/08\/BKR-300x300.jpg 300w, https:\/\/jornalfatosenoticias.com.br\/wp-content\/uploads\/2023\/08\/BKR-150x150.jpg 150w, https:\/\/jornalfatosenoticias.com.br\/wp-content\/uploads\/2023\/08\/BKR-768x766.jpg 768w, https:\/\/jornalfatosenoticias.com.br\/wp-content\/uploads\/2023\/08\/BKR.jpg 1080w\" sizes=\"auto, (max-width: 307px) 100vw, 307px\" \/><\/figure><\/div>\n\n\n\n<p><span class=\"has-inline-color has-black-color\"><strong>A educa\u00e7\u00e3o inclusiva se pauta em cinco pilares:<\/strong><br><\/span><strong><span class=\"has-inline-color has-black-color\">\u2022<\/span><\/strong> Toda pessoa tem o direito de acesso \u00e0 educa\u00e7\u00e3o;<br><strong><span class=\"has-inline-color has-black-color\">\u2022<\/span><\/strong> Toda pessoa aprende;<br><strong><span class=\"has-inline-color has-black-color\">\u2022<\/span><\/strong> O processo de aprendizagem de cada pessoa \u00e9 singular;<br><strong><span class=\"has-inline-color has-black-color\">\u2022<\/span><\/strong> O conv\u00edvio no ambiente escolar comum beneficia a todos;<br><strong><span class=\"has-inline-color has-black-color\">\u2022<\/span><\/strong> A educa\u00e7\u00e3o inclusiva diz respeito a todos.<\/p>\n\n\n\n<div class=\"wp-block-image\"><figure class=\"aligncenter size-large is-resized\"><img loading=\"lazy\" decoding=\"async\" src=\"https:\/\/jornalfatosenoticias.com.br\/wp-content\/uploads\/2020\/02\/logo-Rapuzel-1024x571.jpg\" alt=\"\" class=\"wp-image-42808\" width=\"384\" height=\"214\" srcset=\"https:\/\/jornalfatosenoticias.com.br\/wp-content\/uploads\/2020\/02\/logo-Rapuzel-1024x571.jpg 1024w, https:\/\/jornalfatosenoticias.com.br\/wp-content\/uploads\/2020\/02\/logo-Rapuzel-300x167.jpg 300w, https:\/\/jornalfatosenoticias.com.br\/wp-content\/uploads\/2020\/02\/logo-Rapuzel-768x428.jpg 768w, https:\/\/jornalfatosenoticias.com.br\/wp-content\/uploads\/2020\/02\/logo-Rapuzel-1536x856.jpg 1536w, https:\/\/jornalfatosenoticias.com.br\/wp-content\/uploads\/2020\/02\/logo-Rapuzel.jpg 1600w\" sizes=\"auto, (max-width: 384px) 100vw, 384px\" \/><\/figure><\/div>\n\n\n\n<p>Os desafios da educa\u00e7\u00e3o inclusiva: O maior deles ainda \u00e9 a falta de preparo e capacita\u00e7\u00e3o dos professores para lidarem com os alunos com defici\u00eancia. A falta de acessibilidade f\u00edsica, como rampas, banheiros adaptados e salas de aula adequadas, s\u00e3o desafios a serem enfrentados pela comunidade escolar dificultando o acesso e a participa\u00e7\u00e3o de alunos com mobilidade reduzida.<\/p>\n\n\n\n<div class=\"wp-block-image\"><figure class=\"aligncenter size-large is-resized\"><img loading=\"lazy\" decoding=\"async\" src=\"https:\/\/jornalfatosenoticias.com.br\/wp-content\/uploads\/2023\/08\/ITH.jpeg\" alt=\"\" class=\"wp-image-44638\" width=\"299\" height=\"243\" srcset=\"https:\/\/jornalfatosenoticias.com.br\/wp-content\/uploads\/2023\/08\/ITH.jpeg 800w, https:\/\/jornalfatosenoticias.com.br\/wp-content\/uploads\/2023\/08\/ITH-300x244.jpeg 300w, https:\/\/jornalfatosenoticias.com.br\/wp-content\/uploads\/2023\/08\/ITH-768x624.jpeg 768w\" sizes=\"auto, (max-width: 299px) 100vw, 299px\" \/><\/figure><\/div>\n\n\n\n<p>O censo escolar nos informa que, apenas 15% de todas as escolas brasileiras, p\u00fablicas ou privadas, possuem salas totalmente acess\u00edveis e banheiros adaptados para pessoas com dificuldades de locomo\u00e7\u00e3o. Apenas 4% delas t\u00eam elevador. A presen\u00e7a de rampas \u00e9 mais comum, mas ainda assim s\u00f3 a metade das escolas possui. O censo escolar verificou tamb\u00e9m se as escolas tinham corrim\u00e3o, banheiros adaptados, pisos t\u00e1teis, portas com v\u00e3o livre (m\u00ednimo de 80cm), sinaliza\u00e7\u00e3o t\u00e1til, sinaliza\u00e7\u00e3o visual e sinais sonoros. E o resultado foi preocupante. Em 2023, apenas 201 escolas do Pa\u00eds \u2014 o que corresponde a 0,1% dos estabelecimentos de ensino \u2014 possu\u00edam todos esses itens. A grande maioria ainda n\u00e3o est\u00e1 preparada para acolher pessoas com defici\u00eancia (PcDs).<\/p>\n\n\n\n<div class=\"wp-block-image\"><figure class=\"aligncenter size-large is-resized\"><img loading=\"lazy\" decoding=\"async\" src=\"https:\/\/jornalfatosenoticias.com.br\/wp-content\/uploads\/2023\/09\/vetorvix1024_1.jpg\" alt=\"\" class=\"wp-image-44868\" width=\"516\" height=\"137\" srcset=\"https:\/\/jornalfatosenoticias.com.br\/wp-content\/uploads\/2023\/09\/vetorvix1024_1.jpg 1024w, https:\/\/jornalfatosenoticias.com.br\/wp-content\/uploads\/2023\/09\/vetorvix1024_1-300x80.jpg 300w, https:\/\/jornalfatosenoticias.com.br\/wp-content\/uploads\/2023\/09\/vetorvix1024_1-768x205.jpg 768w\" sizes=\"auto, (max-width: 516px) 100vw, 516px\" \/><\/figure><\/div>\n\n\n\n<p>A inclus\u00e3o vai al\u00e9m da acessibilidade f\u00edsica. Envolve mudan\u00e7a de mentalidade e de atitudes do poder p\u00fablico e de toda a sociedade, incluindo a comunidade escolar. Muitos educadores evidenciam que \u00e9 fundamental criar um ambiente verdadeiramente inclusivo para que todos possam ter oportunidades iguais de aprendizado e participa\u00e7\u00e3o. \u00c9 necess\u00e1rio um compromisso coletivo para superar obst\u00e1culos e garantir que cada crian\u00e7a tenha acesso a uma educa\u00e7\u00e3o de qualidade, adaptada \u00e0s suas necessidades individuais.<\/p>\n\n\n\n<div class=\"wp-block-image\"><figure class=\"aligncenter size-large\"><img loading=\"lazy\" decoding=\"async\" width=\"300\" height=\"250\" src=\"https:\/\/jornalfatosenoticias.com.br\/wp-content\/uploads\/2022\/02\/FERRARI_MAQUINAS-E-FERRAMENTAS2.jpg\" alt=\"\" class=\"wp-image-27860\"\/><\/figure><\/div>\n\n\n\n<p>Portanto, a inclus\u00e3o implica numa mudan\u00e7a educacional, de forma a atender a diversidade de cada Aluno. O processo de inclus\u00e3o dos alunos com defici\u00eancia no ensino regular \u00e9 poss\u00edvel e vi\u00e1vel, desde que aqueles que est\u00e3o diretamente inseridos no processo, se humanizem e se comprometam com o seu trabalho. A educa\u00e7\u00e3o inclusiva no Brasil precisa ser bem compreendida para superar as dificuldades vivenciadas na pr\u00e1tica. A falta de informa\u00e7\u00e3o \u00e9 um dos maiores obst\u00e1culos para sua efetiva\u00e7\u00e3o.<\/p>\n\n\n\n<div class=\"wp-block-image\"><figure class=\"aligncenter size-large is-resized\"><img loading=\"lazy\" decoding=\"async\" src=\"https:\/\/jornalfatosenoticias.com.br\/wp-content\/uploads\/2020\/02\/CONTROL-CS.jpg\" alt=\"\" class=\"wp-image-44991\" width=\"302\" height=\"362\" srcset=\"https:\/\/jornalfatosenoticias.com.br\/wp-content\/uploads\/2020\/02\/CONTROL-CS.jpg 834w, https:\/\/jornalfatosenoticias.com.br\/wp-content\/uploads\/2020\/02\/CONTROL-CS-250x300.jpg 250w, https:\/\/jornalfatosenoticias.com.br\/wp-content\/uploads\/2020\/02\/CONTROL-CS-768x921.jpg 768w\" sizes=\"auto, (max-width: 302px) 100vw, 302px\" \/><\/figure><\/div>\n\n\n\n<p>Na perspectiva inclusiva vale insistir em reaparecer, fomentando espa\u00e7os para inven\u00e7\u00f5es cotidianas, movimentos e discuss\u00f5es que busquem inibir atitudes segregativas. De modo que esta pol\u00edtica possa fazer valer um princ\u00edpio inclusivo, comprometido com o la\u00e7o social e a \u00e9tica cotidiana, elementos essenciais e com a fun\u00e7\u00e3o educativa que modifiquem a situa\u00e7\u00e3o da estigmatiza\u00e7\u00e3o social.<\/p>\n","protected":false},"excerpt":{"rendered":"<p>A educa\u00e7\u00e3o inclusiva no Brasil: Nas ultimas d\u00e9cadas a educa\u00e7\u00e3o inclusiva dentro do ensino regular vem ganhando espa\u00e7o no Brasil, principalmente no ambiente escolar onde se concentra a grande diversidade de g\u00eaneros e pessoas, cada uma com suas caracter\u00edsticas pr\u00f3prias que devemos acolher, aceitar e respeitar as diferen\u00e7as. Nessa perspectiva, a educa\u00e7\u00e3o inclusiva \u00e9 indispens\u00e1vel, [&hellip;]<\/p>\n","protected":false},"author":35,"featured_media":51122,"comment_status":"open","ping_status":"open","sticky":false,"template":"","format":"standard","meta":{"footnotes":""},"categories":[7],"tags":[597,7737,1754,9180,852,1336],"class_list":["post-51121","post","type-post","status-publish","format-standard","has-post-thumbnail","hentry","category-educacao","tag-brasil","tag-censo-escolar","tag-deficiencia","tag-educacao-inclusiva","tag-estudantes","tag-inclusao"],"yoast_head":"<!-- This site is optimized with the Yoast SEO plugin v26.5 - https:\/\/yoast.com\/wordpress\/plugins\/seo\/ -->\n<title>Os desafios da Educa\u00e7\u00e3o Inclusiva no Brasil \u2014 Parte I - Jornal Fatos e Not\u00edcias<\/title>\n<meta name=\"robots\" content=\"index, follow, max-snippet:-1, max-image-preview:large, max-video-preview:-1\" \/>\n<link rel=\"canonical\" href=\"https:\/\/jornalfatosenoticias.com.br\/index.php\/2024\/05\/09\/os-desafios-da-educacao-inclusiva-no-brasil-parte-i\/\" \/>\n<meta property=\"og:locale\" content=\"pt_BR\" \/>\n<meta property=\"og:type\" content=\"article\" \/>\n<meta property=\"og:title\" content=\"Os desafios da Educa\u00e7\u00e3o Inclusiva no Brasil \u2014 Parte I - Jornal Fatos e Not\u00edcias\" \/>\n<meta property=\"og:description\" content=\"A educa\u00e7\u00e3o inclusiva no Brasil: Nas ultimas d\u00e9cadas a educa\u00e7\u00e3o inclusiva dentro do ensino regular vem ganhando espa\u00e7o no Brasil, principalmente no ambiente escolar onde se concentra a grande diversidade de g\u00eaneros e pessoas, cada uma com suas caracter\u00edsticas pr\u00f3prias que devemos acolher, aceitar e respeitar as diferen\u00e7as. Nessa perspectiva, a educa\u00e7\u00e3o inclusiva \u00e9 indispens\u00e1vel, [&hellip;]\" \/>\n<meta property=\"og:url\" content=\"https:\/\/jornalfatosenoticias.com.br\/index.php\/2024\/05\/09\/os-desafios-da-educacao-inclusiva-no-brasil-parte-i\/\" \/>\n<meta property=\"og:site_name\" content=\"Jornal Fatos e Not\u00edcias\" \/>\n<meta property=\"article:published_time\" content=\"2024-05-09T18:54:40+00:00\" \/>\n<meta property=\"article:modified_time\" content=\"2024-05-09T18:54:43+00:00\" \/>\n<meta property=\"og:image\" content=\"https:\/\/jornalfatosenoticias.com.br\/wp-content\/uploads\/2024\/05\/educacao-inclusiva_Unsplash.jpg\" \/>\n\t<meta property=\"og:image:width\" content=\"940\" \/>\n\t<meta property=\"og:image:height\" content=\"788\" \/>\n\t<meta property=\"og:image:type\" content=\"image\/jpeg\" \/>\n<meta name=\"author\" content=\"L\u00e9ia Flauzina\" \/>\n<meta name=\"twitter:card\" content=\"summary_large_image\" \/>\n<meta name=\"twitter:label1\" content=\"Escrito por\" \/>\n\t<meta name=\"twitter:data1\" content=\"L\u00e9ia Flauzina\" \/>\n\t<meta name=\"twitter:label2\" content=\"Est. tempo de leitura\" \/>\n\t<meta name=\"twitter:data2\" content=\"4 minutos\" \/>\n<script type=\"application\/ld+json\" class=\"yoast-schema-graph\">{\"@context\":\"https:\/\/schema.org\",\"@graph\":[{\"@type\":\"Article\",\"@id\":\"https:\/\/jornalfatosenoticias.com.br\/index.php\/2024\/05\/09\/os-desafios-da-educacao-inclusiva-no-brasil-parte-i\/#article\",\"isPartOf\":{\"@id\":\"https:\/\/jornalfatosenoticias.com.br\/index.php\/2024\/05\/09\/os-desafios-da-educacao-inclusiva-no-brasil-parte-i\/\"},\"author\":{\"name\":\"L\u00e9ia Flauzina\",\"@id\":\"https:\/\/jornalfatosenoticias.com.br\/#\/schema\/person\/4a992c9d5e2ea219b74162b89d96b273\"},\"headline\":\"Os desafios da Educa\u00e7\u00e3o Inclusiva no Brasil \u2014 Parte I\",\"datePublished\":\"2024-05-09T18:54:40+00:00\",\"dateModified\":\"2024-05-09T18:54:43+00:00\",\"mainEntityOfPage\":{\"@id\":\"https:\/\/jornalfatosenoticias.com.br\/index.php\/2024\/05\/09\/os-desafios-da-educacao-inclusiva-no-brasil-parte-i\/\"},\"wordCount\":813,\"commentCount\":0,\"publisher\":{\"@id\":\"https:\/\/jornalfatosenoticias.com.br\/#organization\"},\"image\":{\"@id\":\"https:\/\/jornalfatosenoticias.com.br\/index.php\/2024\/05\/09\/os-desafios-da-educacao-inclusiva-no-brasil-parte-i\/#primaryimage\"},\"thumbnailUrl\":\"https:\/\/jornalfatosenoticias.com.br\/wp-content\/uploads\/2024\/05\/educacao-inclusiva_Unsplash.jpg\",\"keywords\":[\"Brasil\",\"Censo Escolar\",\"defici\u00eancia\",\"educa\u00e7\u00e3o inclusiva\",\"estudantes\",\"inclus\u00e3o\"],\"articleSection\":[\"Educa\u00e7\u00e3o\"],\"inLanguage\":\"pt-BR\",\"potentialAction\":[{\"@type\":\"CommentAction\",\"name\":\"Comment\",\"target\":[\"https:\/\/jornalfatosenoticias.com.br\/index.php\/2024\/05\/09\/os-desafios-da-educacao-inclusiva-no-brasil-parte-i\/#respond\"]}]},{\"@type\":\"WebPage\",\"@id\":\"https:\/\/jornalfatosenoticias.com.br\/index.php\/2024\/05\/09\/os-desafios-da-educacao-inclusiva-no-brasil-parte-i\/\",\"url\":\"https:\/\/jornalfatosenoticias.com.br\/index.php\/2024\/05\/09\/os-desafios-da-educacao-inclusiva-no-brasil-parte-i\/\",\"name\":\"Os desafios da Educa\u00e7\u00e3o Inclusiva no Brasil \u2014 Parte I - Jornal Fatos e Not\u00edcias\",\"isPartOf\":{\"@id\":\"https:\/\/jornalfatosenoticias.com.br\/#website\"},\"primaryImageOfPage\":{\"@id\":\"https:\/\/jornalfatosenoticias.com.br\/index.php\/2024\/05\/09\/os-desafios-da-educacao-inclusiva-no-brasil-parte-i\/#primaryimage\"},\"image\":{\"@id\":\"https:\/\/jornalfatosenoticias.com.br\/index.php\/2024\/05\/09\/os-desafios-da-educacao-inclusiva-no-brasil-parte-i\/#primaryimage\"},\"thumbnailUrl\":\"https:\/\/jornalfatosenoticias.com.br\/wp-content\/uploads\/2024\/05\/educacao-inclusiva_Unsplash.jpg\",\"datePublished\":\"2024-05-09T18:54:40+00:00\",\"dateModified\":\"2024-05-09T18:54:43+00:00\",\"breadcrumb\":{\"@id\":\"https:\/\/jornalfatosenoticias.com.br\/index.php\/2024\/05\/09\/os-desafios-da-educacao-inclusiva-no-brasil-parte-i\/#breadcrumb\"},\"inLanguage\":\"pt-BR\",\"potentialAction\":[{\"@type\":\"ReadAction\",\"target\":[\"https:\/\/jornalfatosenoticias.com.br\/index.php\/2024\/05\/09\/os-desafios-da-educacao-inclusiva-no-brasil-parte-i\/\"]}]},{\"@type\":\"ImageObject\",\"inLanguage\":\"pt-BR\",\"@id\":\"https:\/\/jornalfatosenoticias.com.br\/index.php\/2024\/05\/09\/os-desafios-da-educacao-inclusiva-no-brasil-parte-i\/#primaryimage\",\"url\":\"https:\/\/jornalfatosenoticias.com.br\/wp-content\/uploads\/2024\/05\/educacao-inclusiva_Unsplash.jpg\",\"contentUrl\":\"https:\/\/jornalfatosenoticias.com.br\/wp-content\/uploads\/2024\/05\/educacao-inclusiva_Unsplash.jpg\",\"width\":940,\"height\":788},{\"@type\":\"BreadcrumbList\",\"@id\":\"https:\/\/jornalfatosenoticias.com.br\/index.php\/2024\/05\/09\/os-desafios-da-educacao-inclusiva-no-brasil-parte-i\/#breadcrumb\",\"itemListElement\":[{\"@type\":\"ListItem\",\"position\":1,\"name\":\"In\u00edcio\",\"item\":\"https:\/\/jornalfatosenoticias.com.br\/\"},{\"@type\":\"ListItem\",\"position\":2,\"name\":\"Os desafios da Educa\u00e7\u00e3o Inclusiva no Brasil \u2014 Parte I\"}]},{\"@type\":\"WebSite\",\"@id\":\"https:\/\/jornalfatosenoticias.com.br\/#website\",\"url\":\"https:\/\/jornalfatosenoticias.com.br\/\",\"name\":\"Jornal Fatos e Not\u00edcias\",\"description\":\"Not\u00edcias em geral\",\"publisher\":{\"@id\":\"https:\/\/jornalfatosenoticias.com.br\/#organization\"},\"potentialAction\":[{\"@type\":\"SearchAction\",\"target\":{\"@type\":\"EntryPoint\",\"urlTemplate\":\"https:\/\/jornalfatosenoticias.com.br\/?s={search_term_string}\"},\"query-input\":{\"@type\":\"PropertyValueSpecification\",\"valueRequired\":true,\"valueName\":\"search_term_string\"}}],\"inLanguage\":\"pt-BR\"},{\"@type\":\"Organization\",\"@id\":\"https:\/\/jornalfatosenoticias.com.br\/#organization\",\"name\":\"Jornal Fatos e Not\u00edcias\",\"url\":\"https:\/\/jornalfatosenoticias.com.br\/\",\"logo\":{\"@type\":\"ImageObject\",\"inLanguage\":\"pt-BR\",\"@id\":\"https:\/\/jornalfatosenoticias.com.br\/#\/schema\/logo\/image\/\",\"url\":\"https:\/\/jornalfatosenoticias.com.br\/wp-content\/uploads\/2020\/02\/logo120.png\",\"contentUrl\":\"https:\/\/jornalfatosenoticias.com.br\/wp-content\/uploads\/2020\/02\/logo120.png\",\"width\":1227,\"height\":120,\"caption\":\"Jornal Fatos e Not\u00edcias\"},\"image\":{\"@id\":\"https:\/\/jornalfatosenoticias.com.br\/#\/schema\/logo\/image\/\"}},{\"@type\":\"Person\",\"@id\":\"https:\/\/jornalfatosenoticias.com.br\/#\/schema\/person\/4a992c9d5e2ea219b74162b89d96b273\",\"name\":\"L\u00e9ia Flauzina\",\"image\":{\"@type\":\"ImageObject\",\"inLanguage\":\"pt-BR\",\"@id\":\"https:\/\/jornalfatosenoticias.com.br\/#\/schema\/person\/image\/\",\"url\":\"https:\/\/jornalfatosenoticias.com.br\/wp-content\/uploads\/2024\/02\/Leia_Flauzina-removebg-preview-150x150.png\",\"contentUrl\":\"https:\/\/jornalfatosenoticias.com.br\/wp-content\/uploads\/2024\/02\/Leia_Flauzina-removebg-preview-150x150.png\",\"caption\":\"L\u00e9ia Flauzina\"},\"description\":\"Psicopedagoga, Neuropsicopedagoga, Especialista em Autismo, Neuroci\u00eancia, Aprendizagem e Mestre em Educa\u00e7\u00e3o, Escritora, Palestrante e Neuroterapeuta\",\"url\":\"https:\/\/jornalfatosenoticias.com.br\/index.php\/author\/leia-flauzina\/\"}]}<\/script>\n<!-- \/ Yoast SEO plugin. -->","yoast_head_json":{"title":"Os desafios da Educa\u00e7\u00e3o Inclusiva no Brasil \u2014 Parte I - Jornal Fatos e Not\u00edcias","robots":{"index":"index","follow":"follow","max-snippet":"max-snippet:-1","max-image-preview":"max-image-preview:large","max-video-preview":"max-video-preview:-1"},"canonical":"https:\/\/jornalfatosenoticias.com.br\/index.php\/2024\/05\/09\/os-desafios-da-educacao-inclusiva-no-brasil-parte-i\/","og_locale":"pt_BR","og_type":"article","og_title":"Os desafios da Educa\u00e7\u00e3o Inclusiva no Brasil \u2014 Parte I - Jornal Fatos e Not\u00edcias","og_description":"A educa\u00e7\u00e3o inclusiva no Brasil: Nas ultimas d\u00e9cadas a educa\u00e7\u00e3o inclusiva dentro do ensino regular vem ganhando espa\u00e7o no Brasil, principalmente no ambiente escolar onde se concentra a grande diversidade de g\u00eaneros e pessoas, cada uma com suas caracter\u00edsticas pr\u00f3prias que devemos acolher, aceitar e respeitar as diferen\u00e7as. Nessa perspectiva, a educa\u00e7\u00e3o inclusiva \u00e9 indispens\u00e1vel, [&hellip;]","og_url":"https:\/\/jornalfatosenoticias.com.br\/index.php\/2024\/05\/09\/os-desafios-da-educacao-inclusiva-no-brasil-parte-i\/","og_site_name":"Jornal Fatos e Not\u00edcias","article_published_time":"2024-05-09T18:54:40+00:00","article_modified_time":"2024-05-09T18:54:43+00:00","og_image":[{"width":940,"height":788,"url":"https:\/\/jornalfatosenoticias.com.br\/wp-content\/uploads\/2024\/05\/educacao-inclusiva_Unsplash.jpg","type":"image\/jpeg"}],"author":"L\u00e9ia Flauzina","twitter_card":"summary_large_image","twitter_misc":{"Escrito por":"L\u00e9ia Flauzina","Est. tempo de leitura":"4 minutos"},"schema":{"@context":"https:\/\/schema.org","@graph":[{"@type":"Article","@id":"https:\/\/jornalfatosenoticias.com.br\/index.php\/2024\/05\/09\/os-desafios-da-educacao-inclusiva-no-brasil-parte-i\/#article","isPartOf":{"@id":"https:\/\/jornalfatosenoticias.com.br\/index.php\/2024\/05\/09\/os-desafios-da-educacao-inclusiva-no-brasil-parte-i\/"},"author":{"name":"L\u00e9ia Flauzina","@id":"https:\/\/jornalfatosenoticias.com.br\/#\/schema\/person\/4a992c9d5e2ea219b74162b89d96b273"},"headline":"Os desafios da Educa\u00e7\u00e3o Inclusiva no Brasil \u2014 Parte I","datePublished":"2024-05-09T18:54:40+00:00","dateModified":"2024-05-09T18:54:43+00:00","mainEntityOfPage":{"@id":"https:\/\/jornalfatosenoticias.com.br\/index.php\/2024\/05\/09\/os-desafios-da-educacao-inclusiva-no-brasil-parte-i\/"},"wordCount":813,"commentCount":0,"publisher":{"@id":"https:\/\/jornalfatosenoticias.com.br\/#organization"},"image":{"@id":"https:\/\/jornalfatosenoticias.com.br\/index.php\/2024\/05\/09\/os-desafios-da-educacao-inclusiva-no-brasil-parte-i\/#primaryimage"},"thumbnailUrl":"https:\/\/jornalfatosenoticias.com.br\/wp-content\/uploads\/2024\/05\/educacao-inclusiva_Unsplash.jpg","keywords":["Brasil","Censo Escolar","defici\u00eancia","educa\u00e7\u00e3o inclusiva","estudantes","inclus\u00e3o"],"articleSection":["Educa\u00e7\u00e3o"],"inLanguage":"pt-BR","potentialAction":[{"@type":"CommentAction","name":"Comment","target":["https:\/\/jornalfatosenoticias.com.br\/index.php\/2024\/05\/09\/os-desafios-da-educacao-inclusiva-no-brasil-parte-i\/#respond"]}]},{"@type":"WebPage","@id":"https:\/\/jornalfatosenoticias.com.br\/index.php\/2024\/05\/09\/os-desafios-da-educacao-inclusiva-no-brasil-parte-i\/","url":"https:\/\/jornalfatosenoticias.com.br\/index.php\/2024\/05\/09\/os-desafios-da-educacao-inclusiva-no-brasil-parte-i\/","name":"Os desafios da Educa\u00e7\u00e3o Inclusiva no Brasil \u2014 Parte I - Jornal Fatos e Not\u00edcias","isPartOf":{"@id":"https:\/\/jornalfatosenoticias.com.br\/#website"},"primaryImageOfPage":{"@id":"https:\/\/jornalfatosenoticias.com.br\/index.php\/2024\/05\/09\/os-desafios-da-educacao-inclusiva-no-brasil-parte-i\/#primaryimage"},"image":{"@id":"https:\/\/jornalfatosenoticias.com.br\/index.php\/2024\/05\/09\/os-desafios-da-educacao-inclusiva-no-brasil-parte-i\/#primaryimage"},"thumbnailUrl":"https:\/\/jornalfatosenoticias.com.br\/wp-content\/uploads\/2024\/05\/educacao-inclusiva_Unsplash.jpg","datePublished":"2024-05-09T18:54:40+00:00","dateModified":"2024-05-09T18:54:43+00:00","breadcrumb":{"@id":"https:\/\/jornalfatosenoticias.com.br\/index.php\/2024\/05\/09\/os-desafios-da-educacao-inclusiva-no-brasil-parte-i\/#breadcrumb"},"inLanguage":"pt-BR","potentialAction":[{"@type":"ReadAction","target":["https:\/\/jornalfatosenoticias.com.br\/index.php\/2024\/05\/09\/os-desafios-da-educacao-inclusiva-no-brasil-parte-i\/"]}]},{"@type":"ImageObject","inLanguage":"pt-BR","@id":"https:\/\/jornalfatosenoticias.com.br\/index.php\/2024\/05\/09\/os-desafios-da-educacao-inclusiva-no-brasil-parte-i\/#primaryimage","url":"https:\/\/jornalfatosenoticias.com.br\/wp-content\/uploads\/2024\/05\/educacao-inclusiva_Unsplash.jpg","contentUrl":"https:\/\/jornalfatosenoticias.com.br\/wp-content\/uploads\/2024\/05\/educacao-inclusiva_Unsplash.jpg","width":940,"height":788},{"@type":"BreadcrumbList","@id":"https:\/\/jornalfatosenoticias.com.br\/index.php\/2024\/05\/09\/os-desafios-da-educacao-inclusiva-no-brasil-parte-i\/#breadcrumb","itemListElement":[{"@type":"ListItem","position":1,"name":"In\u00edcio","item":"https:\/\/jornalfatosenoticias.com.br\/"},{"@type":"ListItem","position":2,"name":"Os desafios da Educa\u00e7\u00e3o Inclusiva no Brasil \u2014 Parte I"}]},{"@type":"WebSite","@id":"https:\/\/jornalfatosenoticias.com.br\/#website","url":"https:\/\/jornalfatosenoticias.com.br\/","name":"Jornal Fatos e Not\u00edcias","description":"Not\u00edcias em geral","publisher":{"@id":"https:\/\/jornalfatosenoticias.com.br\/#organization"},"potentialAction":[{"@type":"SearchAction","target":{"@type":"EntryPoint","urlTemplate":"https:\/\/jornalfatosenoticias.com.br\/?s={search_term_string}"},"query-input":{"@type":"PropertyValueSpecification","valueRequired":true,"valueName":"search_term_string"}}],"inLanguage":"pt-BR"},{"@type":"Organization","@id":"https:\/\/jornalfatosenoticias.com.br\/#organization","name":"Jornal Fatos e Not\u00edcias","url":"https:\/\/jornalfatosenoticias.com.br\/","logo":{"@type":"ImageObject","inLanguage":"pt-BR","@id":"https:\/\/jornalfatosenoticias.com.br\/#\/schema\/logo\/image\/","url":"https:\/\/jornalfatosenoticias.com.br\/wp-content\/uploads\/2020\/02\/logo120.png","contentUrl":"https:\/\/jornalfatosenoticias.com.br\/wp-content\/uploads\/2020\/02\/logo120.png","width":1227,"height":120,"caption":"Jornal Fatos e Not\u00edcias"},"image":{"@id":"https:\/\/jornalfatosenoticias.com.br\/#\/schema\/logo\/image\/"}},{"@type":"Person","@id":"https:\/\/jornalfatosenoticias.com.br\/#\/schema\/person\/4a992c9d5e2ea219b74162b89d96b273","name":"L\u00e9ia Flauzina","image":{"@type":"ImageObject","inLanguage":"pt-BR","@id":"https:\/\/jornalfatosenoticias.com.br\/#\/schema\/person\/image\/","url":"https:\/\/jornalfatosenoticias.com.br\/wp-content\/uploads\/2024\/02\/Leia_Flauzina-removebg-preview-150x150.png","contentUrl":"https:\/\/jornalfatosenoticias.com.br\/wp-content\/uploads\/2024\/02\/Leia_Flauzina-removebg-preview-150x150.png","caption":"L\u00e9ia Flauzina"},"description":"Psicopedagoga, Neuropsicopedagoga, Especialista em Autismo, Neuroci\u00eancia, Aprendizagem e Mestre em Educa\u00e7\u00e3o, Escritora, Palestrante e Neuroterapeuta","url":"https:\/\/jornalfatosenoticias.com.br\/index.php\/author\/leia-flauzina\/"}]}},"cc_featured_image_caption":{"caption_text":"(Foto: Unsplash) ","source_text":"","source_url":""},"jetpack_featured_media_url":"https:\/\/jornalfatosenoticias.com.br\/wp-content\/uploads\/2024\/05\/educacao-inclusiva_Unsplash.jpg","_links":{"self":[{"href":"https:\/\/jornalfatosenoticias.com.br\/index.php\/wp-json\/wp\/v2\/posts\/51121","targetHints":{"allow":["GET"]}}],"collection":[{"href":"https:\/\/jornalfatosenoticias.com.br\/index.php\/wp-json\/wp\/v2\/posts"}],"about":[{"href":"https:\/\/jornalfatosenoticias.com.br\/index.php\/wp-json\/wp\/v2\/types\/post"}],"author":[{"embeddable":true,"href":"https:\/\/jornalfatosenoticias.com.br\/index.php\/wp-json\/wp\/v2\/users\/35"}],"replies":[{"embeddable":true,"href":"https:\/\/jornalfatosenoticias.com.br\/index.php\/wp-json\/wp\/v2\/comments?post=51121"}],"version-history":[{"count":0,"href":"https:\/\/jornalfatosenoticias.com.br\/index.php\/wp-json\/wp\/v2\/posts\/51121\/revisions"}],"wp:featuredmedia":[{"embeddable":true,"href":"https:\/\/jornalfatosenoticias.com.br\/index.php\/wp-json\/wp\/v2\/media\/51122"}],"wp:attachment":[{"href":"https:\/\/jornalfatosenoticias.com.br\/index.php\/wp-json\/wp\/v2\/media?parent=51121"}],"wp:term":[{"taxonomy":"category","embeddable":true,"href":"https:\/\/jornalfatosenoticias.com.br\/index.php\/wp-json\/wp\/v2\/categories?post=51121"},{"taxonomy":"post_tag","embeddable":true,"href":"https:\/\/jornalfatosenoticias.com.br\/index.php\/wp-json\/wp\/v2\/tags?post=51121"}],"curies":[{"name":"wp","href":"https:\/\/api.w.org\/{rel}","templated":true}]}}