{"id":51128,"date":"2024-05-09T16:14:39","date_gmt":"2024-05-09T19:14:39","guid":{"rendered":"https:\/\/jornalfatosenoticias.com.br\/?p=51128"},"modified":"2024-08-19T13:49:23","modified_gmt":"2024-08-19T16:49:23","slug":"a-sanidade-no-empreendedorismo","status":"publish","type":"post","link":"https:\/\/jornalfatosenoticias.com.br\/index.php\/2024\/05\/09\/a-sanidade-no-empreendedorismo\/","title":{"rendered":"A sanidade no empreendedorismo"},"content":{"rendered":"\n<p><span class=\"has-inline-color has-black-color\">Por <strong>Milena Rohr<\/strong><\/span><\/p>\n\n\n\n<div class=\"wp-block-image\"><figure class=\"aligncenter size-large\"><img loading=\"lazy\" decoding=\"async\" width=\"729\" height=\"90\" src=\"https:\/\/jornalfatosenoticias.com.br\/wp-content\/uploads\/2020\/02\/Logo_Mizu.png\" alt=\"\" class=\"wp-image-1441\" srcset=\"https:\/\/jornalfatosenoticias.com.br\/wp-content\/uploads\/2020\/02\/Logo_Mizu.png 729w, https:\/\/jornalfatosenoticias.com.br\/wp-content\/uploads\/2020\/02\/Logo_Mizu-300x37.png 300w\" sizes=\"auto, (max-width: 729px) 100vw, 729px\" \/><\/figure><\/div>\n\n\n\n<div class=\"wp-block-image is-style-rounded\"><figure class=\"alignleft size-large\"><img loading=\"lazy\" decoding=\"async\" width=\"120\" height=\"142\" src=\"https:\/\/jornalfatosenoticias.com.br\/wp-content\/uploads\/2024\/04\/Milena_Mohr-removebg-preview.png\" alt=\"\" class=\"wp-image-50607\"\/><\/figure><\/div>\n\n\n\n<p>Para compreender profundamente o comportamento do empreendedor, \u00e9 preciso fazer uma an\u00e1lise sobre quest\u00f5es como: decis\u00e3o de empreender, desafios na jornada do empreendedor, fracassos, conquistas, sentimentos, pensamentos, emo\u00e7\u00f5es, habilidades, disciplina, capacita\u00e7\u00e3o, dentre outras. Passamos por muitos impactos emocionais decorrentes da COVID, isso \u00e9 um fato ineg\u00e1vel, mas a sa\u00fade mental sempre esteve presente no nosso dia a dia, em qualquer rela\u00e7\u00e3o, por isso, vamos come\u00e7ar por ela.<\/p>\n\n\n\n<div class=\"wp-block-image\"><figure class=\"aligncenter size-large is-resized\"><img loading=\"lazy\" decoding=\"async\" src=\"https:\/\/jornalfatosenoticias.com.br\/wp-content\/uploads\/2023\/08\/BKR-1024x1021.jpg\" alt=\"\" class=\"wp-image-44494\" width=\"295\" height=\"294\" srcset=\"https:\/\/jornalfatosenoticias.com.br\/wp-content\/uploads\/2023\/08\/BKR-1024x1021.jpg 1024w, https:\/\/jornalfatosenoticias.com.br\/wp-content\/uploads\/2023\/08\/BKR-300x300.jpg 300w, https:\/\/jornalfatosenoticias.com.br\/wp-content\/uploads\/2023\/08\/BKR-150x150.jpg 150w, https:\/\/jornalfatosenoticias.com.br\/wp-content\/uploads\/2023\/08\/BKR-768x766.jpg 768w, https:\/\/jornalfatosenoticias.com.br\/wp-content\/uploads\/2023\/08\/BKR.jpg 1080w\" sizes=\"auto, (max-width: 295px) 100vw, 295px\" \/><\/figure><\/div>\n\n\n\n<p><strong><span class=\"has-inline-color has-vivid-purple-color\">O que \u00e9 sa\u00fade mental?<br><\/span><\/strong>Quero deixar bem claro que o que vou dizer sobre sa\u00fade mental \u00e9 um entendimento da minha experi\u00eancia e caminhada na evolu\u00e7\u00e3o comportamental e \u00e9 preciso uma compreens\u00e3o especial, pois envolve muitos aspectos, como por exemplo, a sanidade e bem estar de qualquer pessoa.<\/p>\n\n\n\n<div class=\"wp-block-image\"><figure class=\"aligncenter size-large\"><img decoding=\"async\" src=\"https:\/\/jornalfatosenoticias.com.br\/wp-content\/uploads\/2020\/02\/barao-das-carnes-300x164-1.jpg\" alt=\"\" class=\"wp-image-34339\"\/><\/figure><\/div>\n\n\n\n<p>Numa tentativa de ir na dire\u00e7\u00e3o de uma defini\u00e7\u00e3o mais inclusiva, concordo com alguns estudiosos que prop\u00f5em que sa\u00fade mental \u00e9 um estado din\u00e2mico de equil\u00edbrio interno que permite aos indiv\u00edduos usar suas habilidades em harmonia com os valores universais da sociedade.<\/p>\n\n\n\n<div class=\"wp-block-image\"><figure class=\"aligncenter size-large\"><img decoding=\"async\" src=\"https:\/\/jornalfatosenoticias.com.br\/wp-content\/uploads\/2020\/02\/logo_esteio.jpg\" alt=\"\" class=\"wp-image-1214\"\/><\/figure><\/div>\n\n\n\n<p><strong>Mas como isso \u00e9 poss\u00edvel?<\/strong> \u00c9 um conjunto de fatores, como por exemplo: capacidade de reconhecer, expressar e modular as pr\u00f3prias emo\u00e7\u00f5es, bem como ter empatia pelos outros; flexibilidade e capacidade de lidar com eventos adversos na vida pessoal e profissional; e a rela\u00e7\u00e3o harmoniosa entre corpo e mente.<\/p>\n\n\n\n<div class=\"wp-block-image\"><figure class=\"aligncenter size-large is-resized\"><img loading=\"lazy\" decoding=\"async\" src=\"https:\/\/jornalfatosenoticias.com.br\/wp-content\/uploads\/2020\/02\/logo-Rapuzel-1024x571.jpg\" alt=\"\" class=\"wp-image-42808\" width=\"348\" height=\"194\" srcset=\"https:\/\/jornalfatosenoticias.com.br\/wp-content\/uploads\/2020\/02\/logo-Rapuzel-1024x571.jpg 1024w, https:\/\/jornalfatosenoticias.com.br\/wp-content\/uploads\/2020\/02\/logo-Rapuzel-300x167.jpg 300w, https:\/\/jornalfatosenoticias.com.br\/wp-content\/uploads\/2020\/02\/logo-Rapuzel-768x428.jpg 768w, https:\/\/jornalfatosenoticias.com.br\/wp-content\/uploads\/2020\/02\/logo-Rapuzel-1536x856.jpg 1536w, https:\/\/jornalfatosenoticias.com.br\/wp-content\/uploads\/2020\/02\/logo-Rapuzel.jpg 1600w\" sizes=\"auto, (max-width: 348px) 100vw, 348px\" \/><\/figure><\/div>\n\n\n\n<p><strong><span class=\"has-inline-color has-vivid-purple-color\">Existe uma rela\u00e7\u00e3o de fato entre a sa\u00fade mental e o empreendedorismo?<br><\/span><\/strong>Confesso que esse tema n\u00e3o foi pensado por mim, estava conversando com uma grande amiga <strong><a href=\"https:\/\/jornalfatosenoticias.com.br\/index.php\/2024\/04\/25\/serrafologia-empresarial-a-importancia-de-definir-metas-claras-para-o-sucesso-empresarial\/\">J\u00faliana Pr\u00e1do<\/a><\/strong>, que \u00e9 Diretora da Funda\u00e7\u00e3o Napoleon Hill no ES e a sugest\u00e3o foi dela. Juliana \u00e9 uma grande conhecedora do comportamento humano e lideran\u00e7a de alta performance, com isso, posso dizer a voc\u00eas que a preocupa\u00e7\u00e3o sobre sofrimento psicol\u00f3gico dos empreendedores, ou, at\u00e9 mesmo, sobre se haveria ou n\u00e3o uma rela\u00e7\u00e3o entre os desafios do empreendedorismo e a sa\u00fade mental de quem empreende \u00e9 escasso. Muitos n\u00e3o se atentam a essa nuance da vida que tem tanta import\u00e2ncia.<\/p>\n\n\n\n<div class=\"wp-block-image\"><figure class=\"aligncenter size-large is-resized\"><img loading=\"lazy\" decoding=\"async\" src=\"https:\/\/jornalfatosenoticias.com.br\/wp-content\/uploads\/2023\/03\/nova-logo-Marquetti.jpg\" alt=\"\" class=\"wp-image-40207\" width=\"291\" height=\"195\" srcset=\"https:\/\/jornalfatosenoticias.com.br\/wp-content\/uploads\/2023\/03\/nova-logo-Marquetti.jpg 643w, https:\/\/jornalfatosenoticias.com.br\/wp-content\/uploads\/2023\/03\/nova-logo-Marquetti-300x202.jpg 300w\" sizes=\"auto, (max-width: 291px) 100vw, 291px\" \/><\/figure><\/div>\n\n\n\n<p>Sabe por qu\u00ea? Confundem desgaste mental com um cansa\u00e7o pela rotina e, com isso, aumentam consideravelmente os n\u00edveis de sofrimento psicol\u00f3gico e na grande maioria relacionados a sua capacidade de gerar resultados.<\/p>\n\n\n\n<div class=\"wp-block-image\"><figure class=\"aligncenter size-large is-resized\"><img loading=\"lazy\" decoding=\"async\" src=\"https:\/\/jornalfatosenoticias.com.br\/wp-content\/uploads\/2023\/12\/pegoretti-logo-pdf-1024x389.jpg\" alt=\"\" class=\"wp-image-47536\" width=\"390\" height=\"148\" srcset=\"https:\/\/jornalfatosenoticias.com.br\/wp-content\/uploads\/2023\/12\/pegoretti-logo-pdf-1024x389.jpg 1024w, https:\/\/jornalfatosenoticias.com.br\/wp-content\/uploads\/2023\/12\/pegoretti-logo-pdf-300x114.jpg 300w, https:\/\/jornalfatosenoticias.com.br\/wp-content\/uploads\/2023\/12\/pegoretti-logo-pdf-768x291.jpg 768w, https:\/\/jornalfatosenoticias.com.br\/wp-content\/uploads\/2023\/12\/pegoretti-logo-pdf.jpg 1120w\" sizes=\"auto, (max-width: 390px) 100vw, 390px\" \/><\/figure><\/div>\n\n\n\n<p><strong><span class=\"has-inline-color has-vivid-purple-color\">Ent\u00e3o os super-her\u00f3is e super-hero\u00ednas do empreendedorismo tamb\u00e9m sofrem?<br><\/span><\/strong>\u00c9 um fato que os empreendedores s\u00e3o pessoas mais resilientes, mais persistentes e at\u00e9 mais realizadoras. E ainda, isso trouxe a ideia (meu ponto de vista, bem equivocada) de que pessoas com tais caracter\u00edsticas pudessem estar mais preparadas para enfrentar situa\u00e7\u00f5es de grande estresse.<br>Vou colocar dois pontos em evid\u00eancia, que no meu ponto de vista, s\u00e3o de extrema import\u00e2ncia ser abordado nesse artigo.<\/p>\n\n\n\n<div class=\"wp-block-image\"><figure class=\"aligncenter size-large is-resized\"><img loading=\"lazy\" decoding=\"async\" src=\"https:\/\/jornalfatosenoticias.com.br\/wp-content\/uploads\/2023\/03\/logo-Panper_portal.jpg\" alt=\"\" class=\"wp-image-40208\" width=\"355\" height=\"246\" srcset=\"https:\/\/jornalfatosenoticias.com.br\/wp-content\/uploads\/2023\/03\/logo-Panper_portal.jpg 400w, https:\/\/jornalfatosenoticias.com.br\/wp-content\/uploads\/2023\/03\/logo-Panper_portal-300x208.jpg 300w\" sizes=\"auto, (max-width: 355px) 100vw, 355px\" \/><\/figure><\/div>\n\n\n\n<p>Rela\u00e7\u00e3o entre queda financeira e sofrimento psicol\u00f3gico: o maior impacto \u00e9 a queda do rendimento familiar. Retirando os fortes danos da pandemia podemos pensar que os empreendedores podem passar por instabilidades financeiras diversas vezes ao longo de sua jornada e esse \u00c9 um fator de grande estresse presente em seu cotidiano. Coloquei como primeiro e mais importante, porque pessoalmente, passei por ele e afirmo a voc\u00eas, \u00e9 o ponto que devemos ter o maior cuidado, simplesmente porque \u00e9 no desespero que as coisas pioram e uma ajuda emocional \u00e9 fundamental para superar esse grande desafio.<\/p>\n\n\n\n<div class=\"wp-block-image\"><figure class=\"aligncenter size-large is-resized\"><img loading=\"lazy\" decoding=\"async\" src=\"https:\/\/jornalfatosenoticias.com.br\/wp-content\/uploads\/2024\/01\/consultoria-ambiental.jpg\" alt=\"\" class=\"wp-image-48314\" width=\"320\" height=\"289\" srcset=\"https:\/\/jornalfatosenoticias.com.br\/wp-content\/uploads\/2024\/01\/consultoria-ambiental.jpg 832w, https:\/\/jornalfatosenoticias.com.br\/wp-content\/uploads\/2024\/01\/consultoria-ambiental-300x272.jpg 300w, https:\/\/jornalfatosenoticias.com.br\/wp-content\/uploads\/2024\/01\/consultoria-ambiental-768x696.jpg 768w\" sizes=\"auto, (max-width: 320px) 100vw, 320px\" \/><\/figure><\/div>\n\n\n\n<p>Rela\u00e7\u00e3o entre incerteza e sofrimento psicol\u00f3gico: e por fim, quanto mais incerto \u00e9 o ambiente para o empreendedor, mais severos s\u00e3o os n\u00edveis de estresse, ansiedade e depress\u00e3o. Novamente, o empreendedor passa boa parte de seu tempo imerso em ambientes de incertezas e isso pode ser mais um estressor presente em seu dia a dia. E mesmo com todos os desafios \u00e9 poss\u00edvel empreender de forma mais saud\u00e1vel!<\/p>\n\n\n\n<div class=\"wp-block-image\"><figure class=\"aligncenter size-large\"><img decoding=\"async\" src=\"https:\/\/jornalfatosenoticias.com.br\/wp-content\/uploads\/2020\/02\/logo_esteio.jpg\" alt=\"\" class=\"wp-image-1214\"\/><\/figure><\/div>\n\n\n\n<p>De acordo com uma pesquisa publicada pelo IBGE, apenas 22,9% das empresas fundadas em 2009 continuavam operantes em 2019. Agora vou deixar a voc\u00eas uma reflex\u00e3o com a informa\u00e7\u00e3o que eu acabei de passar aqui, por que n\u00f3s brasileiros continuamos empreendendo? Simplesmente porque acreditamos fielmente que vamos deixar nossa marca no mundo, que somos capazes de mudar e inovar, o sentimento de conquista \u00e9 muito prazeroso e, para finalizar, porque acreditamos que existe algo melhor no horizonte, s\u00f3 precisamos ter garra para chegar l\u00e1.<\/p>\n\n\n\n<div class=\"wp-block-image\"><figure class=\"aligncenter size-large is-resized\"><img loading=\"lazy\" decoding=\"async\" src=\"https:\/\/jornalfatosenoticias.com.br\/wp-content\/uploads\/2020\/02\/CONTROL-CS.jpg\" alt=\"\" class=\"wp-image-44991\" width=\"314\" height=\"376\" srcset=\"https:\/\/jornalfatosenoticias.com.br\/wp-content\/uploads\/2020\/02\/CONTROL-CS.jpg 834w, https:\/\/jornalfatosenoticias.com.br\/wp-content\/uploads\/2020\/02\/CONTROL-CS-250x300.jpg 250w, https:\/\/jornalfatosenoticias.com.br\/wp-content\/uploads\/2020\/02\/CONTROL-CS-768x921.jpg 768w\" sizes=\"auto, (max-width: 314px) 100vw, 314px\" \/><\/figure><\/div>\n\n\n\n<p>Para encerrar, quero dizer que podemos e devemos buscar formas de empreender que sejam mais saud\u00e1veis. Isso vai de encontro com in\u00fameras pautas relevantes sendo discutidas ao redor do mundo, como a constru\u00e7\u00e3o de um olhar mais humano sobre o trabalho, sobre sa\u00fade de forma mais ampla, entre outros. Precisamos refletir sobre a possibilidade de que os her\u00f3is (nada superpoderosos) do empreendedorismo tamb\u00e9m possam estar enfrentando desafios estressores e sofrimento psicol\u00f3gico.<\/p>\n\n\n\n<div class=\"wp-block-image\"><figure class=\"aligncenter size-large is-resized\"><img loading=\"lazy\" decoding=\"async\" src=\"https:\/\/jornalfatosenoticias.com.br\/wp-content\/uploads\/2022\/02\/Precisao-Contabilidade-1024x724.jpg\" alt=\"\" class=\"wp-image-28088\" width=\"355\" height=\"251\"\/><\/figure><\/div>\n\n\n\n<p>Al\u00e9m disso, \u00e9 preciso falar mais sobre a tem\u00e1tica e buscar formas de discutir abertamente, abrindo espa\u00e7os seguros para que os empreendedores sintam que podem falar sobre seus sofrimentos e buscarem ajuda quando isso for necess\u00e1rio. Ou mesmo, que possam investir em a\u00e7\u00f5es de preven\u00e7\u00e3o, realizando seus projetos e sonhos, a partir de jornadas saud\u00e1veis e equilibradas. Isso \u00e9 real, isso \u00e9 poss\u00edvel e isso \u00e9 necess\u00e1rio tamb\u00e9m no mundo do empreendedorismo.<\/p>\n\n\n\n<div class=\"wp-block-image\"><figure class=\"aligncenter size-large is-resized\"><img loading=\"lazy\" decoding=\"async\" src=\"https:\/\/jornalfatosenoticias.com.br\/wp-content\/uploads\/2023\/09\/vetorvix1024_1.jpg\" alt=\"\" class=\"wp-image-44868\" width=\"535\" height=\"142\" srcset=\"https:\/\/jornalfatosenoticias.com.br\/wp-content\/uploads\/2023\/09\/vetorvix1024_1.jpg 1024w, https:\/\/jornalfatosenoticias.com.br\/wp-content\/uploads\/2023\/09\/vetorvix1024_1-300x80.jpg 300w, https:\/\/jornalfatosenoticias.com.br\/wp-content\/uploads\/2023\/09\/vetorvix1024_1-768x205.jpg 768w\" sizes=\"auto, (max-width: 535px) 100vw, 535px\" \/><\/figure><\/div>\n\n\n\n<p>N\u00e3o disse que \u00e9 f\u00e1cil, mas disse que \u00e9 poss\u00edvel, n\u00e3o ando plenamente sem nenhum abalo, mas entendo que meu caminho \u00e9 meu e de mais ningu\u00e9m, isso me ajuda a direcionar minhas decis\u00f5es confiando no meu discernimento e na minha capacidade. Para os que desistem no caminho ou para aqueles que querem come\u00e7ar, vou compartilhar um ponto de maior relev\u00e2ncia, invista em voc\u00ea, estude sobre o comportamento humano e lideran\u00e7a, seja o maior conhecedor de como voc\u00ea funciona, isso n\u00e3o s\u00f3 vai garantir um equil\u00edbrio como resultados acima da m\u00e9dia.<\/p>\n\n\n\n<div class=\"wp-block-image\"><figure class=\"aligncenter size-large\"><img loading=\"lazy\" decoding=\"async\" width=\"300\" height=\"250\" src=\"https:\/\/jornalfatosenoticias.com.br\/wp-content\/uploads\/2020\/02\/Banner-2.png\" alt=\"\" class=\"wp-image-43787\"\/><\/figure><\/div>\n\n\n\n<p><span class=\"has-inline-color has-black-color\"><strong>Milena Rohr<br><\/strong><\/span><em><span class=\"has-inline-color has-black-color\">Gestora Empresarial<\/span><\/em><\/p>\n","protected":false},"excerpt":{"rendered":"<p>Por Milena Rohr Para compreender profundamente o comportamento do empreendedor, \u00e9 preciso fazer uma an\u00e1lise sobre quest\u00f5es como: decis\u00e3o de empreender, desafios na jornada do empreendedor, fracassos, conquistas, sentimentos, pensamentos, emo\u00e7\u00f5es, habilidades, disciplina, capacita\u00e7\u00e3o, dentre outras. Passamos por muitos impactos emocionais decorrentes da COVID, isso \u00e9 um fato ineg\u00e1vel, mas a sa\u00fade mental sempre esteve [&hellip;]<\/p>\n","protected":false},"author":2,"featured_media":51129,"comment_status":"open","ping_status":"open","sticky":false,"template":"","format":"standard","meta":{"footnotes":""},"categories":[9],"tags":[4360,23452,4361,23451],"class_list":["post-51128","post","type-post","status-publish","format-standard","has-post-thumbnail","hentry","category-economia","tag-empreendedorismo","tag-equilibrio-nos-negocios","tag-negocios","tag-sanidade"],"yoast_head":"<!-- This site is optimized with the Yoast SEO plugin v26.5 - https:\/\/yoast.com\/wordpress\/plugins\/seo\/ -->\n<title>A sanidade no empreendedorismo - Jornal Fatos e Not\u00edcias<\/title>\n<meta name=\"robots\" content=\"index, follow, max-snippet:-1, max-image-preview:large, max-video-preview:-1\" \/>\n<link rel=\"canonical\" href=\"https:\/\/jornalfatosenoticias.com.br\/index.php\/2024\/05\/09\/a-sanidade-no-empreendedorismo\/\" \/>\n<meta property=\"og:locale\" content=\"pt_BR\" \/>\n<meta property=\"og:type\" content=\"article\" \/>\n<meta property=\"og:title\" content=\"A sanidade no empreendedorismo - Jornal Fatos e Not\u00edcias\" \/>\n<meta property=\"og:description\" content=\"Por Milena Rohr Para compreender profundamente o comportamento do empreendedor, \u00e9 preciso fazer uma an\u00e1lise sobre quest\u00f5es como: decis\u00e3o de empreender, desafios na jornada do empreendedor, fracassos, conquistas, sentimentos, pensamentos, emo\u00e7\u00f5es, habilidades, disciplina, capacita\u00e7\u00e3o, dentre outras. Passamos por muitos impactos emocionais decorrentes da COVID, isso \u00e9 um fato ineg\u00e1vel, mas a sa\u00fade mental sempre esteve [&hellip;]\" \/>\n<meta property=\"og:url\" content=\"https:\/\/jornalfatosenoticias.com.br\/index.php\/2024\/05\/09\/a-sanidade-no-empreendedorismo\/\" \/>\n<meta property=\"og:site_name\" content=\"Jornal Fatos e Not\u00edcias\" \/>\n<meta property=\"article:published_time\" content=\"2024-05-09T19:14:39+00:00\" \/>\n<meta property=\"article:modified_time\" content=\"2024-08-19T16:49:23+00:00\" \/>\n<meta property=\"og:image\" content=\"https:\/\/jornalfatosenoticias.com.br\/wp-content\/uploads\/2024\/05\/A-sanidade-no-empreendedorismo_Pinterest.jpg\" \/>\n\t<meta property=\"og:image:width\" content=\"564\" \/>\n\t<meta property=\"og:image:height\" content=\"376\" \/>\n\t<meta property=\"og:image:type\" content=\"image\/jpeg\" \/>\n<meta name=\"author\" content=\"Luzimara Fernandes\" \/>\n<meta name=\"twitter:card\" content=\"summary_large_image\" \/>\n<meta name=\"twitter:label1\" content=\"Escrito por\" \/>\n\t<meta name=\"twitter:data1\" content=\"Luzimara Fernandes\" \/>\n\t<meta name=\"twitter:label2\" content=\"Est. tempo de leitura\" \/>\n\t<meta name=\"twitter:data2\" content=\"5 minutos\" \/>\n<script type=\"application\/ld+json\" class=\"yoast-schema-graph\">{\"@context\":\"https:\/\/schema.org\",\"@graph\":[{\"@type\":\"Article\",\"@id\":\"https:\/\/jornalfatosenoticias.com.br\/index.php\/2024\/05\/09\/a-sanidade-no-empreendedorismo\/#article\",\"isPartOf\":{\"@id\":\"https:\/\/jornalfatosenoticias.com.br\/index.php\/2024\/05\/09\/a-sanidade-no-empreendedorismo\/\"},\"author\":{\"name\":\"Luzimara Fernandes\",\"@id\":\"https:\/\/jornalfatosenoticias.com.br\/#\/schema\/person\/d63837fa13ac8666eb9e74e0985d6f81\"},\"headline\":\"A sanidade no empreendedorismo\",\"datePublished\":\"2024-05-09T19:14:39+00:00\",\"dateModified\":\"2024-08-19T16:49:23+00:00\",\"mainEntityOfPage\":{\"@id\":\"https:\/\/jornalfatosenoticias.com.br\/index.php\/2024\/05\/09\/a-sanidade-no-empreendedorismo\/\"},\"wordCount\":978,\"commentCount\":0,\"publisher\":{\"@id\":\"https:\/\/jornalfatosenoticias.com.br\/#organization\"},\"image\":{\"@id\":\"https:\/\/jornalfatosenoticias.com.br\/index.php\/2024\/05\/09\/a-sanidade-no-empreendedorismo\/#primaryimage\"},\"thumbnailUrl\":\"https:\/\/jornalfatosenoticias.com.br\/wp-content\/uploads\/2024\/05\/A-sanidade-no-empreendedorismo_Pinterest.jpg\",\"keywords\":[\"empreendedorismo\",\"equil\u00edbrio nos neg\u00f3cios\",\"neg\u00f3cios\",\"sanidade\"],\"articleSection\":[\"Economia\"],\"inLanguage\":\"pt-BR\",\"potentialAction\":[{\"@type\":\"CommentAction\",\"name\":\"Comment\",\"target\":[\"https:\/\/jornalfatosenoticias.com.br\/index.php\/2024\/05\/09\/a-sanidade-no-empreendedorismo\/#respond\"]}]},{\"@type\":\"WebPage\",\"@id\":\"https:\/\/jornalfatosenoticias.com.br\/index.php\/2024\/05\/09\/a-sanidade-no-empreendedorismo\/\",\"url\":\"https:\/\/jornalfatosenoticias.com.br\/index.php\/2024\/05\/09\/a-sanidade-no-empreendedorismo\/\",\"name\":\"A sanidade no empreendedorismo - Jornal Fatos e Not\u00edcias\",\"isPartOf\":{\"@id\":\"https:\/\/jornalfatosenoticias.com.br\/#website\"},\"primaryImageOfPage\":{\"@id\":\"https:\/\/jornalfatosenoticias.com.br\/index.php\/2024\/05\/09\/a-sanidade-no-empreendedorismo\/#primaryimage\"},\"image\":{\"@id\":\"https:\/\/jornalfatosenoticias.com.br\/index.php\/2024\/05\/09\/a-sanidade-no-empreendedorismo\/#primaryimage\"},\"thumbnailUrl\":\"https:\/\/jornalfatosenoticias.com.br\/wp-content\/uploads\/2024\/05\/A-sanidade-no-empreendedorismo_Pinterest.jpg\",\"datePublished\":\"2024-05-09T19:14:39+00:00\",\"dateModified\":\"2024-08-19T16:49:23+00:00\",\"breadcrumb\":{\"@id\":\"https:\/\/jornalfatosenoticias.com.br\/index.php\/2024\/05\/09\/a-sanidade-no-empreendedorismo\/#breadcrumb\"},\"inLanguage\":\"pt-BR\",\"potentialAction\":[{\"@type\":\"ReadAction\",\"target\":[\"https:\/\/jornalfatosenoticias.com.br\/index.php\/2024\/05\/09\/a-sanidade-no-empreendedorismo\/\"]}]},{\"@type\":\"ImageObject\",\"inLanguage\":\"pt-BR\",\"@id\":\"https:\/\/jornalfatosenoticias.com.br\/index.php\/2024\/05\/09\/a-sanidade-no-empreendedorismo\/#primaryimage\",\"url\":\"https:\/\/jornalfatosenoticias.com.br\/wp-content\/uploads\/2024\/05\/A-sanidade-no-empreendedorismo_Pinterest.jpg\",\"contentUrl\":\"https:\/\/jornalfatosenoticias.com.br\/wp-content\/uploads\/2024\/05\/A-sanidade-no-empreendedorismo_Pinterest.jpg\",\"width\":564,\"height\":376},{\"@type\":\"BreadcrumbList\",\"@id\":\"https:\/\/jornalfatosenoticias.com.br\/index.php\/2024\/05\/09\/a-sanidade-no-empreendedorismo\/#breadcrumb\",\"itemListElement\":[{\"@type\":\"ListItem\",\"position\":1,\"name\":\"In\u00edcio\",\"item\":\"https:\/\/jornalfatosenoticias.com.br\/\"},{\"@type\":\"ListItem\",\"position\":2,\"name\":\"A sanidade no empreendedorismo\"}]},{\"@type\":\"WebSite\",\"@id\":\"https:\/\/jornalfatosenoticias.com.br\/#website\",\"url\":\"https:\/\/jornalfatosenoticias.com.br\/\",\"name\":\"Jornal Fatos e Not\u00edcias\",\"description\":\"Not\u00edcias em geral\",\"publisher\":{\"@id\":\"https:\/\/jornalfatosenoticias.com.br\/#organization\"},\"potentialAction\":[{\"@type\":\"SearchAction\",\"target\":{\"@type\":\"EntryPoint\",\"urlTemplate\":\"https:\/\/jornalfatosenoticias.com.br\/?s={search_term_string}\"},\"query-input\":{\"@type\":\"PropertyValueSpecification\",\"valueRequired\":true,\"valueName\":\"search_term_string\"}}],\"inLanguage\":\"pt-BR\"},{\"@type\":\"Organization\",\"@id\":\"https:\/\/jornalfatosenoticias.com.br\/#organization\",\"name\":\"Jornal Fatos e Not\u00edcias\",\"url\":\"https:\/\/jornalfatosenoticias.com.br\/\",\"logo\":{\"@type\":\"ImageObject\",\"inLanguage\":\"pt-BR\",\"@id\":\"https:\/\/jornalfatosenoticias.com.br\/#\/schema\/logo\/image\/\",\"url\":\"https:\/\/jornalfatosenoticias.com.br\/wp-content\/uploads\/2020\/02\/logo120.png\",\"contentUrl\":\"https:\/\/jornalfatosenoticias.com.br\/wp-content\/uploads\/2020\/02\/logo120.png\",\"width\":1227,\"height\":120,\"caption\":\"Jornal Fatos e Not\u00edcias\"},\"image\":{\"@id\":\"https:\/\/jornalfatosenoticias.com.br\/#\/schema\/logo\/image\/\"}},{\"@type\":\"Person\",\"@id\":\"https:\/\/jornalfatosenoticias.com.br\/#\/schema\/person\/d63837fa13ac8666eb9e74e0985d6f81\",\"name\":\"Luzimara Fernandes\",\"image\":{\"@type\":\"ImageObject\",\"inLanguage\":\"pt-BR\",\"@id\":\"https:\/\/jornalfatosenoticias.com.br\/#\/schema\/person\/image\/\",\"url\":\"https:\/\/jornalfatosenoticias.com.br\/wp-content\/uploads\/2025\/05\/EU_portal.jpg\",\"contentUrl\":\"https:\/\/jornalfatosenoticias.com.br\/wp-content\/uploads\/2025\/05\/EU_portal.jpg\",\"caption\":\"Luzimara Fernandes\"},\"description\":\"Jornalista MTB 2358-ES\",\"sameAs\":[\"https:\/\/jornalfatosenoticias.com.br\"],\"url\":\"https:\/\/jornalfatosenoticias.com.br\/index.php\/author\/luzimara\/\"}]}<\/script>\n<!-- \/ Yoast SEO plugin. -->","yoast_head_json":{"title":"A sanidade no empreendedorismo - Jornal Fatos e Not\u00edcias","robots":{"index":"index","follow":"follow","max-snippet":"max-snippet:-1","max-image-preview":"max-image-preview:large","max-video-preview":"max-video-preview:-1"},"canonical":"https:\/\/jornalfatosenoticias.com.br\/index.php\/2024\/05\/09\/a-sanidade-no-empreendedorismo\/","og_locale":"pt_BR","og_type":"article","og_title":"A sanidade no empreendedorismo - Jornal Fatos e Not\u00edcias","og_description":"Por Milena Rohr Para compreender profundamente o comportamento do empreendedor, \u00e9 preciso fazer uma an\u00e1lise sobre quest\u00f5es como: decis\u00e3o de empreender, desafios na jornada do empreendedor, fracassos, conquistas, sentimentos, pensamentos, emo\u00e7\u00f5es, habilidades, disciplina, capacita\u00e7\u00e3o, dentre outras. Passamos por muitos impactos emocionais decorrentes da COVID, isso \u00e9 um fato ineg\u00e1vel, mas a sa\u00fade mental sempre esteve [&hellip;]","og_url":"https:\/\/jornalfatosenoticias.com.br\/index.php\/2024\/05\/09\/a-sanidade-no-empreendedorismo\/","og_site_name":"Jornal Fatos e Not\u00edcias","article_published_time":"2024-05-09T19:14:39+00:00","article_modified_time":"2024-08-19T16:49:23+00:00","og_image":[{"width":564,"height":376,"url":"https:\/\/jornalfatosenoticias.com.br\/wp-content\/uploads\/2024\/05\/A-sanidade-no-empreendedorismo_Pinterest.jpg","type":"image\/jpeg"}],"author":"Luzimara Fernandes","twitter_card":"summary_large_image","twitter_misc":{"Escrito por":"Luzimara Fernandes","Est. tempo de leitura":"5 minutos"},"schema":{"@context":"https:\/\/schema.org","@graph":[{"@type":"Article","@id":"https:\/\/jornalfatosenoticias.com.br\/index.php\/2024\/05\/09\/a-sanidade-no-empreendedorismo\/#article","isPartOf":{"@id":"https:\/\/jornalfatosenoticias.com.br\/index.php\/2024\/05\/09\/a-sanidade-no-empreendedorismo\/"},"author":{"name":"Luzimara Fernandes","@id":"https:\/\/jornalfatosenoticias.com.br\/#\/schema\/person\/d63837fa13ac8666eb9e74e0985d6f81"},"headline":"A sanidade no empreendedorismo","datePublished":"2024-05-09T19:14:39+00:00","dateModified":"2024-08-19T16:49:23+00:00","mainEntityOfPage":{"@id":"https:\/\/jornalfatosenoticias.com.br\/index.php\/2024\/05\/09\/a-sanidade-no-empreendedorismo\/"},"wordCount":978,"commentCount":0,"publisher":{"@id":"https:\/\/jornalfatosenoticias.com.br\/#organization"},"image":{"@id":"https:\/\/jornalfatosenoticias.com.br\/index.php\/2024\/05\/09\/a-sanidade-no-empreendedorismo\/#primaryimage"},"thumbnailUrl":"https:\/\/jornalfatosenoticias.com.br\/wp-content\/uploads\/2024\/05\/A-sanidade-no-empreendedorismo_Pinterest.jpg","keywords":["empreendedorismo","equil\u00edbrio nos neg\u00f3cios","neg\u00f3cios","sanidade"],"articleSection":["Economia"],"inLanguage":"pt-BR","potentialAction":[{"@type":"CommentAction","name":"Comment","target":["https:\/\/jornalfatosenoticias.com.br\/index.php\/2024\/05\/09\/a-sanidade-no-empreendedorismo\/#respond"]}]},{"@type":"WebPage","@id":"https:\/\/jornalfatosenoticias.com.br\/index.php\/2024\/05\/09\/a-sanidade-no-empreendedorismo\/","url":"https:\/\/jornalfatosenoticias.com.br\/index.php\/2024\/05\/09\/a-sanidade-no-empreendedorismo\/","name":"A sanidade no empreendedorismo - Jornal Fatos e Not\u00edcias","isPartOf":{"@id":"https:\/\/jornalfatosenoticias.com.br\/#website"},"primaryImageOfPage":{"@id":"https:\/\/jornalfatosenoticias.com.br\/index.php\/2024\/05\/09\/a-sanidade-no-empreendedorismo\/#primaryimage"},"image":{"@id":"https:\/\/jornalfatosenoticias.com.br\/index.php\/2024\/05\/09\/a-sanidade-no-empreendedorismo\/#primaryimage"},"thumbnailUrl":"https:\/\/jornalfatosenoticias.com.br\/wp-content\/uploads\/2024\/05\/A-sanidade-no-empreendedorismo_Pinterest.jpg","datePublished":"2024-05-09T19:14:39+00:00","dateModified":"2024-08-19T16:49:23+00:00","breadcrumb":{"@id":"https:\/\/jornalfatosenoticias.com.br\/index.php\/2024\/05\/09\/a-sanidade-no-empreendedorismo\/#breadcrumb"},"inLanguage":"pt-BR","potentialAction":[{"@type":"ReadAction","target":["https:\/\/jornalfatosenoticias.com.br\/index.php\/2024\/05\/09\/a-sanidade-no-empreendedorismo\/"]}]},{"@type":"ImageObject","inLanguage":"pt-BR","@id":"https:\/\/jornalfatosenoticias.com.br\/index.php\/2024\/05\/09\/a-sanidade-no-empreendedorismo\/#primaryimage","url":"https:\/\/jornalfatosenoticias.com.br\/wp-content\/uploads\/2024\/05\/A-sanidade-no-empreendedorismo_Pinterest.jpg","contentUrl":"https:\/\/jornalfatosenoticias.com.br\/wp-content\/uploads\/2024\/05\/A-sanidade-no-empreendedorismo_Pinterest.jpg","width":564,"height":376},{"@type":"BreadcrumbList","@id":"https:\/\/jornalfatosenoticias.com.br\/index.php\/2024\/05\/09\/a-sanidade-no-empreendedorismo\/#breadcrumb","itemListElement":[{"@type":"ListItem","position":1,"name":"In\u00edcio","item":"https:\/\/jornalfatosenoticias.com.br\/"},{"@type":"ListItem","position":2,"name":"A sanidade no empreendedorismo"}]},{"@type":"WebSite","@id":"https:\/\/jornalfatosenoticias.com.br\/#website","url":"https:\/\/jornalfatosenoticias.com.br\/","name":"Jornal Fatos e Not\u00edcias","description":"Not\u00edcias em geral","publisher":{"@id":"https:\/\/jornalfatosenoticias.com.br\/#organization"},"potentialAction":[{"@type":"SearchAction","target":{"@type":"EntryPoint","urlTemplate":"https:\/\/jornalfatosenoticias.com.br\/?s={search_term_string}"},"query-input":{"@type":"PropertyValueSpecification","valueRequired":true,"valueName":"search_term_string"}}],"inLanguage":"pt-BR"},{"@type":"Organization","@id":"https:\/\/jornalfatosenoticias.com.br\/#organization","name":"Jornal Fatos e Not\u00edcias","url":"https:\/\/jornalfatosenoticias.com.br\/","logo":{"@type":"ImageObject","inLanguage":"pt-BR","@id":"https:\/\/jornalfatosenoticias.com.br\/#\/schema\/logo\/image\/","url":"https:\/\/jornalfatosenoticias.com.br\/wp-content\/uploads\/2020\/02\/logo120.png","contentUrl":"https:\/\/jornalfatosenoticias.com.br\/wp-content\/uploads\/2020\/02\/logo120.png","width":1227,"height":120,"caption":"Jornal Fatos e Not\u00edcias"},"image":{"@id":"https:\/\/jornalfatosenoticias.com.br\/#\/schema\/logo\/image\/"}},{"@type":"Person","@id":"https:\/\/jornalfatosenoticias.com.br\/#\/schema\/person\/d63837fa13ac8666eb9e74e0985d6f81","name":"Luzimara Fernandes","image":{"@type":"ImageObject","inLanguage":"pt-BR","@id":"https:\/\/jornalfatosenoticias.com.br\/#\/schema\/person\/image\/","url":"https:\/\/jornalfatosenoticias.com.br\/wp-content\/uploads\/2025\/05\/EU_portal.jpg","contentUrl":"https:\/\/jornalfatosenoticias.com.br\/wp-content\/uploads\/2025\/05\/EU_portal.jpg","caption":"Luzimara Fernandes"},"description":"Jornalista MTB 2358-ES","sameAs":["https:\/\/jornalfatosenoticias.com.br"],"url":"https:\/\/jornalfatosenoticias.com.br\/index.php\/author\/luzimara\/"}]}},"cc_featured_image_caption":{"caption_text":"(Foto: Pinterest) ","source_text":"","source_url":""},"jetpack_featured_media_url":"https:\/\/jornalfatosenoticias.com.br\/wp-content\/uploads\/2024\/05\/A-sanidade-no-empreendedorismo_Pinterest.jpg","_links":{"self":[{"href":"https:\/\/jornalfatosenoticias.com.br\/index.php\/wp-json\/wp\/v2\/posts\/51128","targetHints":{"allow":["GET"]}}],"collection":[{"href":"https:\/\/jornalfatosenoticias.com.br\/index.php\/wp-json\/wp\/v2\/posts"}],"about":[{"href":"https:\/\/jornalfatosenoticias.com.br\/index.php\/wp-json\/wp\/v2\/types\/post"}],"author":[{"embeddable":true,"href":"https:\/\/jornalfatosenoticias.com.br\/index.php\/wp-json\/wp\/v2\/users\/2"}],"replies":[{"embeddable":true,"href":"https:\/\/jornalfatosenoticias.com.br\/index.php\/wp-json\/wp\/v2\/comments?post=51128"}],"version-history":[{"count":0,"href":"https:\/\/jornalfatosenoticias.com.br\/index.php\/wp-json\/wp\/v2\/posts\/51128\/revisions"}],"wp:featuredmedia":[{"embeddable":true,"href":"https:\/\/jornalfatosenoticias.com.br\/index.php\/wp-json\/wp\/v2\/media\/51129"}],"wp:attachment":[{"href":"https:\/\/jornalfatosenoticias.com.br\/index.php\/wp-json\/wp\/v2\/media?parent=51128"}],"wp:term":[{"taxonomy":"category","embeddable":true,"href":"https:\/\/jornalfatosenoticias.com.br\/index.php\/wp-json\/wp\/v2\/categories?post=51128"},{"taxonomy":"post_tag","embeddable":true,"href":"https:\/\/jornalfatosenoticias.com.br\/index.php\/wp-json\/wp\/v2\/tags?post=51128"}],"curies":[{"name":"wp","href":"https:\/\/api.w.org\/{rel}","templated":true}]}}