{"id":51158,"date":"2024-05-10T09:59:38","date_gmt":"2024-05-10T12:59:38","guid":{"rendered":"https:\/\/jornalfatosenoticias.com.br\/?p=51158"},"modified":"2024-05-10T09:59:39","modified_gmt":"2024-05-10T12:59:39","slug":"lego-braille-bricks-chega-as-escolas-de-vitoria","status":"publish","type":"post","link":"https:\/\/jornalfatosenoticias.com.br\/index.php\/2024\/05\/10\/lego-braille-bricks-chega-as-escolas-de-vitoria\/","title":{"rendered":"Lego Braille Bricks chega \u00e0s escolas de Vit\u00f3ria"},"content":{"rendered":"\n<p><span class=\"has-inline-color has-black-color\">Por <strong>Lu\u00eds Oliveira<\/strong><\/span><\/p>\n\n\n\n<div class=\"wp-block-image\"><figure class=\"aligncenter size-large\"><img loading=\"lazy\" decoding=\"async\" width=\"729\" height=\"90\" src=\"https:\/\/jornalfatosenoticias.com.br\/wp-content\/uploads\/2020\/02\/Logo_Mizu.png\" alt=\"\" class=\"wp-image-1441\" srcset=\"https:\/\/jornalfatosenoticias.com.br\/wp-content\/uploads\/2020\/02\/Logo_Mizu.png 729w, https:\/\/jornalfatosenoticias.com.br\/wp-content\/uploads\/2020\/02\/Logo_Mizu-300x37.png 300w\" sizes=\"auto, (max-width: 729px) 100vw, 729px\" \/><\/figure><\/div>\n\n\n\n<p>A inclus\u00e3o de crian\u00e7as com defici\u00eancia visual nas escolas municipais de Vit\u00f3ria ganha for\u00e7a com um acordo de coopera\u00e7\u00e3o estabelecido entre a Secretaria de Educa\u00e7\u00e3o de Vit\u00f3ria (Seme) e a Funda\u00e7\u00e3o Dorina Nowill, uma organiza\u00e7\u00e3o de car\u00e1ter filantr\u00f3pico dedicada \u00e0 inclus\u00e3o social de pessoas com defici\u00eancia visual por mais de sete d\u00e9cadas. O acordo beneficia 35 Centros Municipais de Educa\u00e7\u00e3o Infantil (Cmeis) e 51 Escolas Municipais de Ensino Fundamental (Emefs) na capital.<br>O destaque desse acordo inovador \u00e9 a realiza\u00e7\u00e3o de um treinamento abrangente para educadores e profissionais da rede municipal de ensino e a entrega, por parte da Funda\u00e7\u00e3o Dorina Nowill, de Kits Lego Braille Bricks e livros da Turma da M\u00f4nica Brincando pelo Brasil, que conta com a personagem Dorinha, uma jovem cega inspirada na pr\u00f3pria Dorina Nowill.<\/p>\n\n\n\n<div class=\"wp-block-image\"><figure class=\"aligncenter size-large\"><img loading=\"lazy\" decoding=\"async\" width=\"300\" height=\"250\" src=\"https:\/\/jornalfatosenoticias.com.br\/wp-content\/uploads\/2020\/02\/Banner-2.png\" alt=\"\" class=\"wp-image-43787\"\/><\/figure><\/div>\n\n\n\n<p>A rede de ensino de Vit\u00f3ria atende atualmente a 77 estudantes com defici\u00eancia visual, que est\u00e3o matriculados em Cmeis e Emefs da cidade. Dentre esses estudantes, 15 apresentam baixa vis\u00e3o severa, enquanto onze s\u00e3o cegos. Os kits Lego Baille Bricks proporcionar\u00e3o um benef\u00edcio direto a esses estudantes, abrindo novas oportunidades de aprendizado e desenvolvimento.<\/p>\n\n\n\n<div class=\"wp-block-image\"><figure class=\"aligncenter size-large is-resized\"><img loading=\"lazy\" decoding=\"async\" src=\"https:\/\/jornalfatosenoticias.com.br\/wp-content\/uploads\/2023\/08\/ITH.jpeg\" alt=\"\" class=\"wp-image-44638\" width=\"282\" height=\"229\" srcset=\"https:\/\/jornalfatosenoticias.com.br\/wp-content\/uploads\/2023\/08\/ITH.jpeg 800w, https:\/\/jornalfatosenoticias.com.br\/wp-content\/uploads\/2023\/08\/ITH-300x244.jpeg 300w, https:\/\/jornalfatosenoticias.com.br\/wp-content\/uploads\/2023\/08\/ITH-768x624.jpeg 768w\" sizes=\"auto, (max-width: 282px) 100vw, 282px\" \/><\/figure><\/div>\n\n\n\n<p>Mas a proposta vai al\u00e9m. Outros estudantes com defici\u00eancia visual, bem como aqueles que n\u00e3o possuem essa defici\u00eancia, tamb\u00e9m se beneficiar\u00e3o do recurso. Os kits Lego Braille Bricks s\u00e3o pedag\u00f3gicos e inclusivos, com pe\u00e7as que incorporam o Braille e a tinta, permitindo uma intera\u00e7\u00e3o rica e diversificada.<\/p>\n\n\n\n<div class=\"wp-block-image\"><figure class=\"aligncenter size-large is-resized\"><img loading=\"lazy\" decoding=\"async\" src=\"https:\/\/jornalfatosenoticias.com.br\/wp-content\/uploads\/2020\/02\/CONTROL-CS.jpg\" alt=\"\" class=\"wp-image-44991\" width=\"305\" height=\"365\" srcset=\"https:\/\/jornalfatosenoticias.com.br\/wp-content\/uploads\/2020\/02\/CONTROL-CS.jpg 834w, https:\/\/jornalfatosenoticias.com.br\/wp-content\/uploads\/2020\/02\/CONTROL-CS-250x300.jpg 250w, https:\/\/jornalfatosenoticias.com.br\/wp-content\/uploads\/2020\/02\/CONTROL-CS-768x921.jpg 768w\" sizes=\"auto, (max-width: 305px) 100vw, 305px\" \/><\/figure><\/div>\n\n\n\n<p>Al\u00e9m disso, os livros da Turma da M\u00f4nica Brincando Pelo Brasil, escritos em Braille e em tinta, oferecer\u00e3o um valioso recurso educacional \u00e0s crian\u00e7as dos Cmeis. Essas crian\u00e7as, que tamb\u00e9m receber\u00e3o os Kits Lego Braille Bricks (apenas a faixa et\u00e1ria de quatro anos, que \u00e9 a idade inicial indicada para interagir com esse recurso), poder\u00e3o explorar e aprender com essas ferramentas, contribuindo para um ambiente educacional mais inclusivo e acess\u00edvel.<\/p>\n\n\n\n<div class=\"wp-block-image\"><figure class=\"aligncenter size-large is-resized\"><img loading=\"lazy\" decoding=\"async\" src=\"https:\/\/jornalfatosenoticias.com.br\/wp-content\/uploads\/2022\/02\/Precisao-Contabilidade-1024x724.jpg\" alt=\"\" class=\"wp-image-28088\" width=\"317\" height=\"224\"\/><\/figure><\/div>\n\n\n\n<p>\u00c9 not\u00e1vel que a parceria entre a Secretaria Municipal de Educa\u00e7\u00e3o e o legado de Dorina Nowill representa um avan\u00e7o significativo na busca pela igualdade de oportunidades educacionais em Vit\u00f3ria, abrindo portas para uma educa\u00e7\u00e3o ainda mais inclusiva para todos os estudantes da cidade. Os kits Lego Braille Bricks j\u00e1 est\u00e3o \u00e0 disposi\u00e7\u00e3o das unidades de ensino desde 2023, permitindo que elas incorporassem o material em suas atividades.<\/p>\n\n\n\n<div class=\"wp-block-image\"><figure class=\"aligncenter size-large is-resized\"><img loading=\"lazy\" decoding=\"async\" src=\"https:\/\/jornalfatosenoticias.com.br\/wp-content\/uploads\/2023\/08\/BKR-1024x1021.jpg\" alt=\"\" class=\"wp-image-44494\" width=\"278\" height=\"277\" srcset=\"https:\/\/jornalfatosenoticias.com.br\/wp-content\/uploads\/2023\/08\/BKR-1024x1021.jpg 1024w, https:\/\/jornalfatosenoticias.com.br\/wp-content\/uploads\/2023\/08\/BKR-300x300.jpg 300w, https:\/\/jornalfatosenoticias.com.br\/wp-content\/uploads\/2023\/08\/BKR-150x150.jpg 150w, https:\/\/jornalfatosenoticias.com.br\/wp-content\/uploads\/2023\/08\/BKR-768x766.jpg 768w, https:\/\/jornalfatosenoticias.com.br\/wp-content\/uploads\/2023\/08\/BKR.jpg 1080w\" sizes=\"auto, (max-width: 278px) 100vw, 278px\" \/><\/figure><\/div>\n\n\n\n<blockquote class=\"wp-block-quote is-layout-flow wp-block-quote-is-layout-flow\"><p><span class=\"has-inline-color has-luminous-vivid-orange-color\">Estamos comprometidos em promover uma educa\u00e7\u00e3o verdadeiramente inclusiva em Vit\u00f3ria. A parceria entre a Seme e a Funda\u00e7\u00e3o Dorina Nowill \u00e9 um passo importante nessa dire\u00e7\u00e3o. Com o acordo de coopera\u00e7\u00e3o, estamos n\u00e3o apenas facilitando o acesso \u00e0 educa\u00e7\u00e3o para crian\u00e7as com defici\u00eancia visual, mas tamb\u00e9m enriquecendo o ambiente educacional para todos os nossos estudantes. Essa iniciativa reflete nosso compromisso em garantir que cada crian\u00e7a tenha igualdade de oportunidades e acesso a recursos de qualidade. Juntos, estamos construindo uma educa\u00e7\u00e3o mais inclusiva e equitativa para todas as crian\u00e7as de Vit\u00f3ria&#8221;, disse a secret\u00e1ria de Educa\u00e7\u00e3o, Juliana Rohsner.<\/span><\/p><\/blockquote>\n\n\n\n<div class=\"wp-block-image\"><figure class=\"aligncenter size-large\"><img loading=\"lazy\" decoding=\"async\" width=\"300\" height=\"250\" src=\"https:\/\/jornalfatosenoticias.com.br\/wp-content\/uploads\/2022\/02\/FERRARI_MAQUINAS-E-FERRAMENTAS2.jpg\" alt=\"\" class=\"wp-image-27860\"\/><\/figure><\/div>\n\n\n\n<p><strong><span class=\"has-inline-color has-vivid-purple-color\">Sobre o Lego Braille<br><\/span><\/strong>O Lego Braille Bricks \u00e9 uma iniciativa inovadora e inclusiva que est\u00e1 revolucionando a forma como crian\u00e7as e estudantes cegos aprendem e se divertem. Desenvolvida pela Funda\u00e7\u00e3o Lego em parceria com a Funda\u00e7\u00e3o Dorina Nowill, essa ferramenta pedag\u00f3gica representa um marco importante na promo\u00e7\u00e3o da educa\u00e7\u00e3o inclusiva em Vit\u00f3ria.<\/p>\n\n\n\n<div class=\"wp-block-image\"><figure class=\"aligncenter size-large is-resized\"><img loading=\"lazy\" decoding=\"async\" src=\"https:\/\/jornalfatosenoticias.com.br\/wp-content\/uploads\/2023\/03\/nova-logo-Marquetti.jpg\" alt=\"\" class=\"wp-image-40207\" width=\"291\" height=\"195\" srcset=\"https:\/\/jornalfatosenoticias.com.br\/wp-content\/uploads\/2023\/03\/nova-logo-Marquetti.jpg 643w, https:\/\/jornalfatosenoticias.com.br\/wp-content\/uploads\/2023\/03\/nova-logo-Marquetti-300x202.jpg 300w\" sizes=\"auto, (max-width: 291px) 100vw, 291px\" \/><\/figure><\/div>\n\n\n\n<p>Essa iniciativa tem o potencial de transformar o aprendizado do Braille em uma experi\u00eancia positiva desde os primeiros anos escolares. Al\u00e9m disso, o uso do Lego Braille Bricks ajuda a superar as barreiras que as crian\u00e7as cegas enfrentam ao aprender a ler e escrever em braille, capacitando-as para um futuro mais independente.<\/p>\n\n\n\n<div class=\"wp-block-image\"><figure class=\"aligncenter size-large is-resized\"><img loading=\"lazy\" decoding=\"async\" src=\"https:\/\/jornalfatosenoticias.com.br\/wp-content\/uploads\/2023\/09\/vetorvix1024_1.jpg\" alt=\"\" class=\"wp-image-44868\" width=\"535\" height=\"142\" srcset=\"https:\/\/jornalfatosenoticias.com.br\/wp-content\/uploads\/2023\/09\/vetorvix1024_1.jpg 1024w, https:\/\/jornalfatosenoticias.com.br\/wp-content\/uploads\/2023\/09\/vetorvix1024_1-300x80.jpg 300w, https:\/\/jornalfatosenoticias.com.br\/wp-content\/uploads\/2023\/09\/vetorvix1024_1-768x205.jpg 768w\" sizes=\"auto, (max-width: 535px) 100vw, 535px\" \/><\/figure><\/div>\n\n\n\n<p>Essa colabora\u00e7\u00e3o entre organiza\u00e7\u00f5es voltadas para a inclus\u00e3o de pessoas com defici\u00eancia e institui\u00e7\u00f5es educacionais demonstra como a coopera\u00e7\u00e3o pode resultar em solu\u00e7\u00f5es inovadoras e acess\u00edveis para a educa\u00e7\u00e3o de crian\u00e7as cegas.<\/p>\n\n\n\n<div class=\"wp-block-image\"><figure class=\"aligncenter size-large is-resized\"><img loading=\"lazy\" decoding=\"async\" src=\"https:\/\/jornalfatosenoticias.com.br\/wp-content\/uploads\/2020\/02\/logo-Rapuzel-1024x571.jpg\" alt=\"\" class=\"wp-image-42808\" width=\"320\" height=\"178\" srcset=\"https:\/\/jornalfatosenoticias.com.br\/wp-content\/uploads\/2020\/02\/logo-Rapuzel-1024x571.jpg 1024w, https:\/\/jornalfatosenoticias.com.br\/wp-content\/uploads\/2020\/02\/logo-Rapuzel-300x167.jpg 300w, https:\/\/jornalfatosenoticias.com.br\/wp-content\/uploads\/2020\/02\/logo-Rapuzel-768x428.jpg 768w, https:\/\/jornalfatosenoticias.com.br\/wp-content\/uploads\/2020\/02\/logo-Rapuzel-1536x856.jpg 1536w, https:\/\/jornalfatosenoticias.com.br\/wp-content\/uploads\/2020\/02\/logo-Rapuzel.jpg 1600w\" sizes=\"auto, (max-width: 320px) 100vw, 320px\" \/><\/figure><\/div>\n\n\n\n<p>O acordo de coopera\u00e7\u00e3o entre a Funda\u00e7\u00e3o Dorina Nowill e a Secretaria de Educa\u00e7\u00e3o de Vit\u00f3ria, que traz o Lego Braille Bricks para as escolas, representa um passo significativo em dire\u00e7\u00e3o \u00e0 inclus\u00e3o e \u00e0 educa\u00e7\u00e3o acess\u00edvel para crian\u00e7as cegas. Esses brinquedos n\u00e3o apenas ensinam o Braille, mas tamb\u00e9m oferecem oportunidades de aprendizado envolventes e divertidas, preparando as crian\u00e7as para um futuro mais brilhante e independente.<\/p>\n\n\n\n<div class=\"wp-block-image\"><figure class=\"aligncenter size-large is-resized\"><img loading=\"lazy\" decoding=\"async\" src=\"https:\/\/jornalfatosenoticias.com.br\/wp-content\/uploads\/2023\/12\/pegoretti-logo-pdf-1024x389.jpg\" alt=\"\" class=\"wp-image-47536\" width=\"511\" height=\"194\" srcset=\"https:\/\/jornalfatosenoticias.com.br\/wp-content\/uploads\/2023\/12\/pegoretti-logo-pdf-1024x389.jpg 1024w, https:\/\/jornalfatosenoticias.com.br\/wp-content\/uploads\/2023\/12\/pegoretti-logo-pdf-300x114.jpg 300w, https:\/\/jornalfatosenoticias.com.br\/wp-content\/uploads\/2023\/12\/pegoretti-logo-pdf-768x291.jpg 768w, https:\/\/jornalfatosenoticias.com.br\/wp-content\/uploads\/2023\/12\/pegoretti-logo-pdf.jpg 1120w\" sizes=\"auto, (max-width: 511px) 100vw, 511px\" \/><\/figure><\/div>\n\n\n\n<p><strong><em>Fonte: <a href=\"https:\/\/www.vitoria.es.gov.br\/noticia\/inovacao-e-inclusao-lego-braille-bricks-chega-as-escolas-de-vitoria-50631\">PMV<\/a><\/em><\/strong><\/p>\n","protected":false},"excerpt":{"rendered":"<p>Por Lu\u00eds Oliveira A inclus\u00e3o de crian\u00e7as com defici\u00eancia visual nas escolas municipais de Vit\u00f3ria ganha for\u00e7a com um acordo de coopera\u00e7\u00e3o estabelecido entre a Secretaria de Educa\u00e7\u00e3o de Vit\u00f3ria (Seme) e a Funda\u00e7\u00e3o Dorina Nowill, uma organiza\u00e7\u00e3o de car\u00e1ter filantr\u00f3pico dedicada \u00e0 inclus\u00e3o social de pessoas com defici\u00eancia visual por mais de sete d\u00e9cadas. [&hellip;]<\/p>\n","protected":false},"author":2,"featured_media":51159,"comment_status":"open","ping_status":"open","sticky":false,"template":"","format":"standard","meta":{"footnotes":""},"categories":[7],"tags":[13172,6730,23458,1336,23459,3961],"class_list":["post-51158","post","type-post","status-publish","format-standard","has-post-thumbnail","hentry","category-educacao","tag-braille","tag-deficiencia-visual","tag-dorina-nowill","tag-inclusao","tag-kits-lego-braille-bricks","tag-lego"],"yoast_head":"<!-- This site is optimized with the Yoast SEO plugin v26.5 - https:\/\/yoast.com\/wordpress\/plugins\/seo\/ -->\n<title>Lego Braille Bricks chega \u00e0s escolas de Vit\u00f3ria - Jornal Fatos e Not\u00edcias<\/title>\n<meta name=\"robots\" content=\"index, follow, max-snippet:-1, max-image-preview:large, max-video-preview:-1\" \/>\n<link rel=\"canonical\" href=\"https:\/\/jornalfatosenoticias.com.br\/index.php\/2024\/05\/10\/lego-braille-bricks-chega-as-escolas-de-vitoria\/\" \/>\n<meta property=\"og:locale\" content=\"pt_BR\" \/>\n<meta property=\"og:type\" content=\"article\" \/>\n<meta property=\"og:title\" content=\"Lego Braille Bricks chega \u00e0s escolas de Vit\u00f3ria - Jornal Fatos e Not\u00edcias\" \/>\n<meta property=\"og:description\" content=\"Por Lu\u00eds Oliveira A inclus\u00e3o de crian\u00e7as com defici\u00eancia visual nas escolas municipais de Vit\u00f3ria ganha for\u00e7a com um acordo de coopera\u00e7\u00e3o estabelecido entre a Secretaria de Educa\u00e7\u00e3o de Vit\u00f3ria (Seme) e a Funda\u00e7\u00e3o Dorina Nowill, uma organiza\u00e7\u00e3o de car\u00e1ter filantr\u00f3pico dedicada \u00e0 inclus\u00e3o social de pessoas com defici\u00eancia visual por mais de sete d\u00e9cadas. [&hellip;]\" \/>\n<meta property=\"og:url\" content=\"https:\/\/jornalfatosenoticias.com.br\/index.php\/2024\/05\/10\/lego-braille-bricks-chega-as-escolas-de-vitoria\/\" \/>\n<meta property=\"og:site_name\" content=\"Jornal Fatos e Not\u00edcias\" \/>\n<meta property=\"article:published_time\" content=\"2024-05-10T12:59:38+00:00\" \/>\n<meta property=\"article:modified_time\" content=\"2024-05-10T12:59:39+00:00\" \/>\n<meta property=\"og:image\" content=\"https:\/\/jornalfatosenoticias.com.br\/wp-content\/uploads\/2024\/05\/Lego-Braille.jpg\" \/>\n\t<meta property=\"og:image:width\" content=\"940\" \/>\n\t<meta property=\"og:image:height\" content=\"340\" \/>\n\t<meta property=\"og:image:type\" content=\"image\/jpeg\" \/>\n<meta name=\"author\" content=\"Luzimara Fernandes\" \/>\n<meta name=\"twitter:card\" content=\"summary_large_image\" \/>\n<meta name=\"twitter:label1\" content=\"Escrito por\" \/>\n\t<meta name=\"twitter:data1\" content=\"Luzimara Fernandes\" \/>\n\t<meta name=\"twitter:label2\" content=\"Est. tempo de leitura\" \/>\n\t<meta name=\"twitter:data2\" content=\"4 minutos\" \/>\n<script type=\"application\/ld+json\" class=\"yoast-schema-graph\">{\"@context\":\"https:\/\/schema.org\",\"@graph\":[{\"@type\":\"Article\",\"@id\":\"https:\/\/jornalfatosenoticias.com.br\/index.php\/2024\/05\/10\/lego-braille-bricks-chega-as-escolas-de-vitoria\/#article\",\"isPartOf\":{\"@id\":\"https:\/\/jornalfatosenoticias.com.br\/index.php\/2024\/05\/10\/lego-braille-bricks-chega-as-escolas-de-vitoria\/\"},\"author\":{\"name\":\"Luzimara Fernandes\",\"@id\":\"https:\/\/jornalfatosenoticias.com.br\/#\/schema\/person\/d63837fa13ac8666eb9e74e0985d6f81\"},\"headline\":\"Lego Braille Bricks chega \u00e0s escolas de Vit\u00f3ria\",\"datePublished\":\"2024-05-10T12:59:38+00:00\",\"dateModified\":\"2024-05-10T12:59:39+00:00\",\"mainEntityOfPage\":{\"@id\":\"https:\/\/jornalfatosenoticias.com.br\/index.php\/2024\/05\/10\/lego-braille-bricks-chega-as-escolas-de-vitoria\/\"},\"wordCount\":771,\"commentCount\":0,\"publisher\":{\"@id\":\"https:\/\/jornalfatosenoticias.com.br\/#organization\"},\"image\":{\"@id\":\"https:\/\/jornalfatosenoticias.com.br\/index.php\/2024\/05\/10\/lego-braille-bricks-chega-as-escolas-de-vitoria\/#primaryimage\"},\"thumbnailUrl\":\"https:\/\/jornalfatosenoticias.com.br\/wp-content\/uploads\/2024\/05\/Lego-Braille.jpg\",\"keywords\":[\"braille\",\"defici\u00eancia visual\",\"Dorina Nowill\",\"inclus\u00e3o\",\"Kits Lego Braille Bricks\",\"Lego\"],\"articleSection\":[\"Educa\u00e7\u00e3o\"],\"inLanguage\":\"pt-BR\",\"potentialAction\":[{\"@type\":\"CommentAction\",\"name\":\"Comment\",\"target\":[\"https:\/\/jornalfatosenoticias.com.br\/index.php\/2024\/05\/10\/lego-braille-bricks-chega-as-escolas-de-vitoria\/#respond\"]}]},{\"@type\":\"WebPage\",\"@id\":\"https:\/\/jornalfatosenoticias.com.br\/index.php\/2024\/05\/10\/lego-braille-bricks-chega-as-escolas-de-vitoria\/\",\"url\":\"https:\/\/jornalfatosenoticias.com.br\/index.php\/2024\/05\/10\/lego-braille-bricks-chega-as-escolas-de-vitoria\/\",\"name\":\"Lego Braille Bricks chega \u00e0s escolas de Vit\u00f3ria - Jornal Fatos e Not\u00edcias\",\"isPartOf\":{\"@id\":\"https:\/\/jornalfatosenoticias.com.br\/#website\"},\"primaryImageOfPage\":{\"@id\":\"https:\/\/jornalfatosenoticias.com.br\/index.php\/2024\/05\/10\/lego-braille-bricks-chega-as-escolas-de-vitoria\/#primaryimage\"},\"image\":{\"@id\":\"https:\/\/jornalfatosenoticias.com.br\/index.php\/2024\/05\/10\/lego-braille-bricks-chega-as-escolas-de-vitoria\/#primaryimage\"},\"thumbnailUrl\":\"https:\/\/jornalfatosenoticias.com.br\/wp-content\/uploads\/2024\/05\/Lego-Braille.jpg\",\"datePublished\":\"2024-05-10T12:59:38+00:00\",\"dateModified\":\"2024-05-10T12:59:39+00:00\",\"breadcrumb\":{\"@id\":\"https:\/\/jornalfatosenoticias.com.br\/index.php\/2024\/05\/10\/lego-braille-bricks-chega-as-escolas-de-vitoria\/#breadcrumb\"},\"inLanguage\":\"pt-BR\",\"potentialAction\":[{\"@type\":\"ReadAction\",\"target\":[\"https:\/\/jornalfatosenoticias.com.br\/index.php\/2024\/05\/10\/lego-braille-bricks-chega-as-escolas-de-vitoria\/\"]}]},{\"@type\":\"ImageObject\",\"inLanguage\":\"pt-BR\",\"@id\":\"https:\/\/jornalfatosenoticias.com.br\/index.php\/2024\/05\/10\/lego-braille-bricks-chega-as-escolas-de-vitoria\/#primaryimage\",\"url\":\"https:\/\/jornalfatosenoticias.com.br\/wp-content\/uploads\/2024\/05\/Lego-Braille.jpg\",\"contentUrl\":\"https:\/\/jornalfatosenoticias.com.br\/wp-content\/uploads\/2024\/05\/Lego-Braille.jpg\",\"width\":940,\"height\":340,\"caption\":\"Inova\u00e7\u00e3o e inclus\u00e3o: Lego Braille Bricks chega \u00e0s escolas de Vit\u00f3ria\"},{\"@type\":\"BreadcrumbList\",\"@id\":\"https:\/\/jornalfatosenoticias.com.br\/index.php\/2024\/05\/10\/lego-braille-bricks-chega-as-escolas-de-vitoria\/#breadcrumb\",\"itemListElement\":[{\"@type\":\"ListItem\",\"position\":1,\"name\":\"In\u00edcio\",\"item\":\"https:\/\/jornalfatosenoticias.com.br\/\"},{\"@type\":\"ListItem\",\"position\":2,\"name\":\"Lego Braille Bricks chega \u00e0s escolas de Vit\u00f3ria\"}]},{\"@type\":\"WebSite\",\"@id\":\"https:\/\/jornalfatosenoticias.com.br\/#website\",\"url\":\"https:\/\/jornalfatosenoticias.com.br\/\",\"name\":\"Jornal Fatos e Not\u00edcias\",\"description\":\"Not\u00edcias em geral\",\"publisher\":{\"@id\":\"https:\/\/jornalfatosenoticias.com.br\/#organization\"},\"potentialAction\":[{\"@type\":\"SearchAction\",\"target\":{\"@type\":\"EntryPoint\",\"urlTemplate\":\"https:\/\/jornalfatosenoticias.com.br\/?s={search_term_string}\"},\"query-input\":{\"@type\":\"PropertyValueSpecification\",\"valueRequired\":true,\"valueName\":\"search_term_string\"}}],\"inLanguage\":\"pt-BR\"},{\"@type\":\"Organization\",\"@id\":\"https:\/\/jornalfatosenoticias.com.br\/#organization\",\"name\":\"Jornal Fatos e Not\u00edcias\",\"url\":\"https:\/\/jornalfatosenoticias.com.br\/\",\"logo\":{\"@type\":\"ImageObject\",\"inLanguage\":\"pt-BR\",\"@id\":\"https:\/\/jornalfatosenoticias.com.br\/#\/schema\/logo\/image\/\",\"url\":\"https:\/\/jornalfatosenoticias.com.br\/wp-content\/uploads\/2020\/02\/logo120.png\",\"contentUrl\":\"https:\/\/jornalfatosenoticias.com.br\/wp-content\/uploads\/2020\/02\/logo120.png\",\"width\":1227,\"height\":120,\"caption\":\"Jornal Fatos e Not\u00edcias\"},\"image\":{\"@id\":\"https:\/\/jornalfatosenoticias.com.br\/#\/schema\/logo\/image\/\"}},{\"@type\":\"Person\",\"@id\":\"https:\/\/jornalfatosenoticias.com.br\/#\/schema\/person\/d63837fa13ac8666eb9e74e0985d6f81\",\"name\":\"Luzimara Fernandes\",\"image\":{\"@type\":\"ImageObject\",\"inLanguage\":\"pt-BR\",\"@id\":\"https:\/\/jornalfatosenoticias.com.br\/#\/schema\/person\/image\/\",\"url\":\"https:\/\/jornalfatosenoticias.com.br\/wp-content\/uploads\/2025\/05\/EU_portal.jpg\",\"contentUrl\":\"https:\/\/jornalfatosenoticias.com.br\/wp-content\/uploads\/2025\/05\/EU_portal.jpg\",\"caption\":\"Luzimara Fernandes\"},\"description\":\"Jornalista MTB 2358-ES\",\"sameAs\":[\"https:\/\/jornalfatosenoticias.com.br\"],\"url\":\"https:\/\/jornalfatosenoticias.com.br\/index.php\/author\/luzimara\/\"}]}<\/script>\n<!-- \/ Yoast SEO plugin. -->","yoast_head_json":{"title":"Lego Braille Bricks chega \u00e0s escolas de Vit\u00f3ria - Jornal Fatos e Not\u00edcias","robots":{"index":"index","follow":"follow","max-snippet":"max-snippet:-1","max-image-preview":"max-image-preview:large","max-video-preview":"max-video-preview:-1"},"canonical":"https:\/\/jornalfatosenoticias.com.br\/index.php\/2024\/05\/10\/lego-braille-bricks-chega-as-escolas-de-vitoria\/","og_locale":"pt_BR","og_type":"article","og_title":"Lego Braille Bricks chega \u00e0s escolas de Vit\u00f3ria - Jornal Fatos e Not\u00edcias","og_description":"Por Lu\u00eds Oliveira A inclus\u00e3o de crian\u00e7as com defici\u00eancia visual nas escolas municipais de Vit\u00f3ria ganha for\u00e7a com um acordo de coopera\u00e7\u00e3o estabelecido entre a Secretaria de Educa\u00e7\u00e3o de Vit\u00f3ria (Seme) e a Funda\u00e7\u00e3o Dorina Nowill, uma organiza\u00e7\u00e3o de car\u00e1ter filantr\u00f3pico dedicada \u00e0 inclus\u00e3o social de pessoas com defici\u00eancia visual por mais de sete d\u00e9cadas. [&hellip;]","og_url":"https:\/\/jornalfatosenoticias.com.br\/index.php\/2024\/05\/10\/lego-braille-bricks-chega-as-escolas-de-vitoria\/","og_site_name":"Jornal Fatos e Not\u00edcias","article_published_time":"2024-05-10T12:59:38+00:00","article_modified_time":"2024-05-10T12:59:39+00:00","og_image":[{"width":940,"height":340,"url":"https:\/\/jornalfatosenoticias.com.br\/wp-content\/uploads\/2024\/05\/Lego-Braille.jpg","type":"image\/jpeg"}],"author":"Luzimara Fernandes","twitter_card":"summary_large_image","twitter_misc":{"Escrito por":"Luzimara Fernandes","Est. tempo de leitura":"4 minutos"},"schema":{"@context":"https:\/\/schema.org","@graph":[{"@type":"Article","@id":"https:\/\/jornalfatosenoticias.com.br\/index.php\/2024\/05\/10\/lego-braille-bricks-chega-as-escolas-de-vitoria\/#article","isPartOf":{"@id":"https:\/\/jornalfatosenoticias.com.br\/index.php\/2024\/05\/10\/lego-braille-bricks-chega-as-escolas-de-vitoria\/"},"author":{"name":"Luzimara Fernandes","@id":"https:\/\/jornalfatosenoticias.com.br\/#\/schema\/person\/d63837fa13ac8666eb9e74e0985d6f81"},"headline":"Lego Braille Bricks chega \u00e0s escolas de Vit\u00f3ria","datePublished":"2024-05-10T12:59:38+00:00","dateModified":"2024-05-10T12:59:39+00:00","mainEntityOfPage":{"@id":"https:\/\/jornalfatosenoticias.com.br\/index.php\/2024\/05\/10\/lego-braille-bricks-chega-as-escolas-de-vitoria\/"},"wordCount":771,"commentCount":0,"publisher":{"@id":"https:\/\/jornalfatosenoticias.com.br\/#organization"},"image":{"@id":"https:\/\/jornalfatosenoticias.com.br\/index.php\/2024\/05\/10\/lego-braille-bricks-chega-as-escolas-de-vitoria\/#primaryimage"},"thumbnailUrl":"https:\/\/jornalfatosenoticias.com.br\/wp-content\/uploads\/2024\/05\/Lego-Braille.jpg","keywords":["braille","defici\u00eancia visual","Dorina Nowill","inclus\u00e3o","Kits Lego Braille Bricks","Lego"],"articleSection":["Educa\u00e7\u00e3o"],"inLanguage":"pt-BR","potentialAction":[{"@type":"CommentAction","name":"Comment","target":["https:\/\/jornalfatosenoticias.com.br\/index.php\/2024\/05\/10\/lego-braille-bricks-chega-as-escolas-de-vitoria\/#respond"]}]},{"@type":"WebPage","@id":"https:\/\/jornalfatosenoticias.com.br\/index.php\/2024\/05\/10\/lego-braille-bricks-chega-as-escolas-de-vitoria\/","url":"https:\/\/jornalfatosenoticias.com.br\/index.php\/2024\/05\/10\/lego-braille-bricks-chega-as-escolas-de-vitoria\/","name":"Lego Braille Bricks chega \u00e0s escolas de Vit\u00f3ria - Jornal Fatos e Not\u00edcias","isPartOf":{"@id":"https:\/\/jornalfatosenoticias.com.br\/#website"},"primaryImageOfPage":{"@id":"https:\/\/jornalfatosenoticias.com.br\/index.php\/2024\/05\/10\/lego-braille-bricks-chega-as-escolas-de-vitoria\/#primaryimage"},"image":{"@id":"https:\/\/jornalfatosenoticias.com.br\/index.php\/2024\/05\/10\/lego-braille-bricks-chega-as-escolas-de-vitoria\/#primaryimage"},"thumbnailUrl":"https:\/\/jornalfatosenoticias.com.br\/wp-content\/uploads\/2024\/05\/Lego-Braille.jpg","datePublished":"2024-05-10T12:59:38+00:00","dateModified":"2024-05-10T12:59:39+00:00","breadcrumb":{"@id":"https:\/\/jornalfatosenoticias.com.br\/index.php\/2024\/05\/10\/lego-braille-bricks-chega-as-escolas-de-vitoria\/#breadcrumb"},"inLanguage":"pt-BR","potentialAction":[{"@type":"ReadAction","target":["https:\/\/jornalfatosenoticias.com.br\/index.php\/2024\/05\/10\/lego-braille-bricks-chega-as-escolas-de-vitoria\/"]}]},{"@type":"ImageObject","inLanguage":"pt-BR","@id":"https:\/\/jornalfatosenoticias.com.br\/index.php\/2024\/05\/10\/lego-braille-bricks-chega-as-escolas-de-vitoria\/#primaryimage","url":"https:\/\/jornalfatosenoticias.com.br\/wp-content\/uploads\/2024\/05\/Lego-Braille.jpg","contentUrl":"https:\/\/jornalfatosenoticias.com.br\/wp-content\/uploads\/2024\/05\/Lego-Braille.jpg","width":940,"height":340,"caption":"Inova\u00e7\u00e3o e inclus\u00e3o: Lego Braille Bricks chega \u00e0s escolas de Vit\u00f3ria"},{"@type":"BreadcrumbList","@id":"https:\/\/jornalfatosenoticias.com.br\/index.php\/2024\/05\/10\/lego-braille-bricks-chega-as-escolas-de-vitoria\/#breadcrumb","itemListElement":[{"@type":"ListItem","position":1,"name":"In\u00edcio","item":"https:\/\/jornalfatosenoticias.com.br\/"},{"@type":"ListItem","position":2,"name":"Lego Braille Bricks chega \u00e0s escolas de Vit\u00f3ria"}]},{"@type":"WebSite","@id":"https:\/\/jornalfatosenoticias.com.br\/#website","url":"https:\/\/jornalfatosenoticias.com.br\/","name":"Jornal Fatos e Not\u00edcias","description":"Not\u00edcias em geral","publisher":{"@id":"https:\/\/jornalfatosenoticias.com.br\/#organization"},"potentialAction":[{"@type":"SearchAction","target":{"@type":"EntryPoint","urlTemplate":"https:\/\/jornalfatosenoticias.com.br\/?s={search_term_string}"},"query-input":{"@type":"PropertyValueSpecification","valueRequired":true,"valueName":"search_term_string"}}],"inLanguage":"pt-BR"},{"@type":"Organization","@id":"https:\/\/jornalfatosenoticias.com.br\/#organization","name":"Jornal Fatos e Not\u00edcias","url":"https:\/\/jornalfatosenoticias.com.br\/","logo":{"@type":"ImageObject","inLanguage":"pt-BR","@id":"https:\/\/jornalfatosenoticias.com.br\/#\/schema\/logo\/image\/","url":"https:\/\/jornalfatosenoticias.com.br\/wp-content\/uploads\/2020\/02\/logo120.png","contentUrl":"https:\/\/jornalfatosenoticias.com.br\/wp-content\/uploads\/2020\/02\/logo120.png","width":1227,"height":120,"caption":"Jornal Fatos e Not\u00edcias"},"image":{"@id":"https:\/\/jornalfatosenoticias.com.br\/#\/schema\/logo\/image\/"}},{"@type":"Person","@id":"https:\/\/jornalfatosenoticias.com.br\/#\/schema\/person\/d63837fa13ac8666eb9e74e0985d6f81","name":"Luzimara Fernandes","image":{"@type":"ImageObject","inLanguage":"pt-BR","@id":"https:\/\/jornalfatosenoticias.com.br\/#\/schema\/person\/image\/","url":"https:\/\/jornalfatosenoticias.com.br\/wp-content\/uploads\/2025\/05\/EU_portal.jpg","contentUrl":"https:\/\/jornalfatosenoticias.com.br\/wp-content\/uploads\/2025\/05\/EU_portal.jpg","caption":"Luzimara Fernandes"},"description":"Jornalista MTB 2358-ES","sameAs":["https:\/\/jornalfatosenoticias.com.br"],"url":"https:\/\/jornalfatosenoticias.com.br\/index.php\/author\/luzimara\/"}]}},"cc_featured_image_caption":{"caption_text":"(Foto: Divulga\u00e7\u00e3o\/PMV) ","source_text":"","source_url":""},"jetpack_featured_media_url":"https:\/\/jornalfatosenoticias.com.br\/wp-content\/uploads\/2024\/05\/Lego-Braille.jpg","_links":{"self":[{"href":"https:\/\/jornalfatosenoticias.com.br\/index.php\/wp-json\/wp\/v2\/posts\/51158","targetHints":{"allow":["GET"]}}],"collection":[{"href":"https:\/\/jornalfatosenoticias.com.br\/index.php\/wp-json\/wp\/v2\/posts"}],"about":[{"href":"https:\/\/jornalfatosenoticias.com.br\/index.php\/wp-json\/wp\/v2\/types\/post"}],"author":[{"embeddable":true,"href":"https:\/\/jornalfatosenoticias.com.br\/index.php\/wp-json\/wp\/v2\/users\/2"}],"replies":[{"embeddable":true,"href":"https:\/\/jornalfatosenoticias.com.br\/index.php\/wp-json\/wp\/v2\/comments?post=51158"}],"version-history":[{"count":0,"href":"https:\/\/jornalfatosenoticias.com.br\/index.php\/wp-json\/wp\/v2\/posts\/51158\/revisions"}],"wp:featuredmedia":[{"embeddable":true,"href":"https:\/\/jornalfatosenoticias.com.br\/index.php\/wp-json\/wp\/v2\/media\/51159"}],"wp:attachment":[{"href":"https:\/\/jornalfatosenoticias.com.br\/index.php\/wp-json\/wp\/v2\/media?parent=51158"}],"wp:term":[{"taxonomy":"category","embeddable":true,"href":"https:\/\/jornalfatosenoticias.com.br\/index.php\/wp-json\/wp\/v2\/categories?post=51158"},{"taxonomy":"post_tag","embeddable":true,"href":"https:\/\/jornalfatosenoticias.com.br\/index.php\/wp-json\/wp\/v2\/tags?post=51158"}],"curies":[{"name":"wp","href":"https:\/\/api.w.org\/{rel}","templated":true}]}}