{"id":51161,"date":"2024-05-10T10:06:24","date_gmt":"2024-05-10T13:06:24","guid":{"rendered":"https:\/\/jornalfatosenoticias.com.br\/?p=51161"},"modified":"2024-05-10T10:06:26","modified_gmt":"2024-05-10T13:06:26","slug":"salmao-extinto-tinha-presas-como-as-de-um-javali","status":"publish","type":"post","link":"https:\/\/jornalfatosenoticias.com.br\/index.php\/2024\/05\/10\/salmao-extinto-tinha-presas-como-as-de-um-javali\/","title":{"rendered":"Salm\u00e3o extinto tinha presas como as de um javali"},"content":{"rendered":"\n<p><em><span class=\"has-inline-color has-black-color\">Novo estudo mostra que as presas do salm\u00e3o gigante s\u00e3o voltadas para um lado distinto do que se pensava antes; cientistas querem mudan\u00e7a de nome<\/span><\/em><\/p>\n\n\n\n<p><span class=\"has-inline-color has-black-color\">Por <strong><a href=\"https:\/\/gizmodo.uol.com.br\/author\/barbara-giovani\/\">B\u00e1rbara Giovani<\/a><\/strong><\/span><\/p>\n\n\n\n<div class=\"wp-block-image\"><figure class=\"aligncenter size-large\"><img loading=\"lazy\" decoding=\"async\" width=\"729\" height=\"90\" src=\"https:\/\/jornalfatosenoticias.com.br\/wp-content\/uploads\/2020\/02\/Logo_Mizu.png\" alt=\"\" class=\"wp-image-1441\" srcset=\"https:\/\/jornalfatosenoticias.com.br\/wp-content\/uploads\/2020\/02\/Logo_Mizu.png 729w, https:\/\/jornalfatosenoticias.com.br\/wp-content\/uploads\/2020\/02\/Logo_Mizu-300x37.png 300w\" sizes=\"auto, (max-width: 729px) 100vw, 729px\" \/><\/figure><\/div>\n\n\n\n<p>Conhecido popularmente como salm\u00e3o-dente-de-sabre e cientificamente como <em>Oncorhynchus rastrosus<\/em>, essa esp\u00e9cie de\u00a0<a href=\"https:\/\/gizmodo.uol.com.br\/peixe-lua-encontrado-em-portugal-e-o-mais-pesado-do-mundo\/\">peixe<\/a> foi a maior da fam\u00edlia de salm\u00f5es j\u00e1 registrada. Agora, um estudo recentemente publicado mudou o conhecimento que se tinha sobre a esp\u00e9cie. De acordo com a pesquisa, descrita em artigo da revista <a href=\"https:\/\/www.nature.com\/articles\/d41586-024-01146-w\"><em>Plos ONE<\/em><\/a>, o salm\u00e3o gigante tinha dentes voltados para os lados, n\u00e3o para baixo.<br>Apesar de viver no Oceano Pac\u00edfico, em particular na \u00e1rea noroeste dessas \u00e1guas, entre 12 e cinco milh\u00f5es de anos atr\u00e1s, o salm\u00e3o gigante foi descrito pela primeira vez na d\u00e9cada de 1970. Na \u00e9poca, estimativas apontavam que ele poderia pesar mais de 400 kg. Atualmente, o que se sabe \u00e9 que ele pode chegar a 2,7 metros de comprimento. Al\u00e9m disso, h\u00e1 uma caracter\u00edstica que tamb\u00e9m o tornou popular, al\u00e9m do tamanho: seus dentes.<\/p>\n\n\n\n<div class=\"wp-block-image\"><figure class=\"aligncenter size-large is-resized\"><img loading=\"lazy\" decoding=\"async\" src=\"https:\/\/jornalfatosenoticias.com.br\/wp-content\/uploads\/2023\/08\/ITH.jpeg\" alt=\"\" class=\"wp-image-44638\" width=\"298\" height=\"242\" srcset=\"https:\/\/jornalfatosenoticias.com.br\/wp-content\/uploads\/2023\/08\/ITH.jpeg 800w, https:\/\/jornalfatosenoticias.com.br\/wp-content\/uploads\/2023\/08\/ITH-300x244.jpeg 300w, https:\/\/jornalfatosenoticias.com.br\/wp-content\/uploads\/2023\/08\/ITH-768x624.jpeg 768w\" sizes=\"auto, (max-width: 298px) 100vw, 298px\" \/><\/figure><\/div>\n\n\n\n<p>O salm\u00e3o gigante tem dois dentes que se projetam para fora na parte anterior da cabe\u00e7a. Por isso, ganhou o apelido de salm\u00e3o-dente-de-sabre. At\u00e9 agora, pesquisadores acreditavam que esses dentes apontavam para baixo, como presas costumam se posicionar em animais. No entanto, o <a href=\"https:\/\/gizmodo.uol.com.br\/primeiro-salmao-impresso-em-3d-do-mundo-esta-chegando-ao-mercado\/\">salm\u00e3o<\/a> gigante n\u00e3o ca\u00e7ava animais. Ele sobrevivia filtrando a \u00e1gua para se alimentar de pl\u00e2ncton.<\/p>\n\n\n\n<div class=\"wp-block-image\"><figure class=\"aligncenter size-large is-resized\"><img loading=\"lazy\" decoding=\"async\" src=\"https:\/\/jornalfatosenoticias.com.br\/wp-content\/uploads\/2020\/02\/CONTROL-CS.jpg\" alt=\"\" class=\"wp-image-44991\" width=\"339\" height=\"406\" srcset=\"https:\/\/jornalfatosenoticias.com.br\/wp-content\/uploads\/2020\/02\/CONTROL-CS.jpg 834w, https:\/\/jornalfatosenoticias.com.br\/wp-content\/uploads\/2020\/02\/CONTROL-CS-250x300.jpg 250w, https:\/\/jornalfatosenoticias.com.br\/wp-content\/uploads\/2020\/02\/CONTROL-CS-768x921.jpg 768w\" sizes=\"auto, (max-width: 339px) 100vw, 339px\" \/><\/figure><\/div>\n\n\n\n<p>Por muito tempo, os f\u00f3sseis dos dentes foram encontrados separados dos da cabe\u00e7a, o que fez com que os cientistas continuassem a acreditar na primeira teoria. Contudo, no estudo mais recente, pesquisadores americanos descobriram que o aparato n\u00e3o era exatamente como se imaginava. Na verdade, os dentes apontavam para os lados, n\u00e3o para baixo. Dessa forma, os autores da pesquisa defendem que o salm\u00e3o gigante seja nomeado como salm\u00e3o dente de espinho, em vez de salm\u00e3o-dente-de-sabre.<\/p>\n\n\n\n<div class=\"wp-block-image\"><figure class=\"aligncenter size-large\"><img decoding=\"async\" src=\"https:\/\/jornalfatosenoticias.com.br\/wp-content\/uploads\/2020\/02\/logo_esteio.jpg\" alt=\"\" class=\"wp-image-1214\"\/><\/figure><\/div>\n\n\n\n<blockquote class=\"wp-block-quote is-layout-flow wp-block-quote-is-layout-flow\"><p><span class=\"has-inline-color has-luminous-vivid-orange-color\">Esses enormes espinhos na ponta do focinho teriam sido \u00fateis para se defender contra predadores, competir contra outros salm\u00f5es e, por fim, construir os ninhos onde incubam seus ovos\u201d, afirmou Kerin Claeson, autora do novo estudo, em comunicado.<\/span><\/p><\/blockquote>\n\n\n\n<div class=\"wp-block-image\"><figure class=\"aligncenter size-large\"><img loading=\"lazy\" decoding=\"async\" width=\"300\" height=\"250\" src=\"https:\/\/jornalfatosenoticias.com.br\/wp-content\/uploads\/2022\/02\/FERRARI_MAQUINAS-E-FERRAMENTAS2.jpg\" alt=\"\" class=\"wp-image-27860\"\/><\/figure><\/div>\n\n\n\n<p><strong><em>Fonte: <a href=\"https:\/\/gizmodo.uol.com.br\/peixe-gigante-salmao-extinto-tinha-presas-como-as-de-um-javali\/\">Giz Brasil<\/a><\/em><\/strong><\/p>\n","protected":false},"excerpt":{"rendered":"<p>Novo estudo mostra que as presas do salm\u00e3o gigante s\u00e3o voltadas para um lado distinto do que se pensava antes; cientistas querem mudan\u00e7a de nome Por B\u00e1rbara Giovani Conhecido popularmente como salm\u00e3o-dente-de-sabre e cientificamente como Oncorhynchus rastrosus, essa esp\u00e9cie de\u00a0peixe foi a maior da fam\u00edlia de salm\u00f5es j\u00e1 registrada. Agora, um estudo recentemente publicado mudou [&hellip;]<\/p>\n","protected":false},"author":2,"featured_media":51162,"comment_status":"open","ping_status":"open","sticky":false,"template":"","format":"standard","meta":{"footnotes":""},"categories":[9808],"tags":[11665,1614,222,7810],"class_list":["post-51161","post","type-post","status-publish","format-standard","has-post-thumbnail","hentry","category-paleo-arqueologia","tag-animais-bizarros","tag-fosseis","tag-peixes","tag-salmao"],"yoast_head":"<!-- This site is optimized with the Yoast SEO plugin v26.5 - https:\/\/yoast.com\/wordpress\/plugins\/seo\/ -->\n<title>Salm\u00e3o extinto tinha presas como as de um javali - Jornal Fatos e Not\u00edcias<\/title>\n<meta name=\"robots\" content=\"index, follow, max-snippet:-1, max-image-preview:large, max-video-preview:-1\" \/>\n<link rel=\"canonical\" href=\"https:\/\/jornalfatosenoticias.com.br\/index.php\/2024\/05\/10\/salmao-extinto-tinha-presas-como-as-de-um-javali\/\" \/>\n<meta property=\"og:locale\" content=\"pt_BR\" \/>\n<meta property=\"og:type\" content=\"article\" \/>\n<meta property=\"og:title\" content=\"Salm\u00e3o extinto tinha presas como as de um javali - Jornal Fatos e Not\u00edcias\" \/>\n<meta property=\"og:description\" content=\"Novo estudo mostra que as presas do salm\u00e3o gigante s\u00e3o voltadas para um lado distinto do que se pensava antes; cientistas querem mudan\u00e7a de nome Por B\u00e1rbara Giovani Conhecido popularmente como salm\u00e3o-dente-de-sabre e cientificamente como Oncorhynchus rastrosus, essa esp\u00e9cie de\u00a0peixe foi a maior da fam\u00edlia de salm\u00f5es j\u00e1 registrada. Agora, um estudo recentemente publicado mudou [&hellip;]\" \/>\n<meta property=\"og:url\" content=\"https:\/\/jornalfatosenoticias.com.br\/index.php\/2024\/05\/10\/salmao-extinto-tinha-presas-como-as-de-um-javali\/\" \/>\n<meta property=\"og:site_name\" content=\"Jornal Fatos e Not\u00edcias\" \/>\n<meta property=\"article:published_time\" content=\"2024-05-10T13:06:24+00:00\" \/>\n<meta property=\"article:modified_time\" content=\"2024-05-10T13:06:26+00:00\" \/>\n<meta property=\"og:image\" content=\"https:\/\/jornalfatosenoticias.com.br\/wp-content\/uploads\/2024\/05\/salmao-gigante-dente.jpeg\" \/>\n\t<meta property=\"og:image:width\" content=\"600\" \/>\n\t<meta property=\"og:image:height\" content=\"465\" \/>\n\t<meta property=\"og:image:type\" content=\"image\/jpeg\" \/>\n<meta name=\"author\" content=\"Luzimara Fernandes\" \/>\n<meta name=\"twitter:card\" content=\"summary_large_image\" \/>\n<meta name=\"twitter:label1\" content=\"Escrito por\" \/>\n\t<meta name=\"twitter:data1\" content=\"Luzimara Fernandes\" \/>\n\t<meta name=\"twitter:label2\" content=\"Est. tempo de leitura\" \/>\n\t<meta name=\"twitter:data2\" content=\"2 minutos\" \/>\n<script type=\"application\/ld+json\" class=\"yoast-schema-graph\">{\"@context\":\"https:\/\/schema.org\",\"@graph\":[{\"@type\":\"Article\",\"@id\":\"https:\/\/jornalfatosenoticias.com.br\/index.php\/2024\/05\/10\/salmao-extinto-tinha-presas-como-as-de-um-javali\/#article\",\"isPartOf\":{\"@id\":\"https:\/\/jornalfatosenoticias.com.br\/index.php\/2024\/05\/10\/salmao-extinto-tinha-presas-como-as-de-um-javali\/\"},\"author\":{\"name\":\"Luzimara Fernandes\",\"@id\":\"https:\/\/jornalfatosenoticias.com.br\/#\/schema\/person\/d63837fa13ac8666eb9e74e0985d6f81\"},\"headline\":\"Salm\u00e3o extinto tinha presas como as de um javali\",\"datePublished\":\"2024-05-10T13:06:24+00:00\",\"dateModified\":\"2024-05-10T13:06:26+00:00\",\"mainEntityOfPage\":{\"@id\":\"https:\/\/jornalfatosenoticias.com.br\/index.php\/2024\/05\/10\/salmao-extinto-tinha-presas-como-as-de-um-javali\/\"},\"wordCount\":378,\"commentCount\":0,\"publisher\":{\"@id\":\"https:\/\/jornalfatosenoticias.com.br\/#organization\"},\"image\":{\"@id\":\"https:\/\/jornalfatosenoticias.com.br\/index.php\/2024\/05\/10\/salmao-extinto-tinha-presas-como-as-de-um-javali\/#primaryimage\"},\"thumbnailUrl\":\"https:\/\/jornalfatosenoticias.com.br\/wp-content\/uploads\/2024\/05\/salmao-gigante-dente.jpeg\",\"keywords\":[\"animais bizarros\",\"f\u00f3sseis\",\"peixes\",\"salm\u00e3o\"],\"articleSection\":[\"Paleo &amp; Arqueologia\"],\"inLanguage\":\"pt-BR\",\"potentialAction\":[{\"@type\":\"CommentAction\",\"name\":\"Comment\",\"target\":[\"https:\/\/jornalfatosenoticias.com.br\/index.php\/2024\/05\/10\/salmao-extinto-tinha-presas-como-as-de-um-javali\/#respond\"]}]},{\"@type\":\"WebPage\",\"@id\":\"https:\/\/jornalfatosenoticias.com.br\/index.php\/2024\/05\/10\/salmao-extinto-tinha-presas-como-as-de-um-javali\/\",\"url\":\"https:\/\/jornalfatosenoticias.com.br\/index.php\/2024\/05\/10\/salmao-extinto-tinha-presas-como-as-de-um-javali\/\",\"name\":\"Salm\u00e3o extinto tinha presas como as de um javali - Jornal Fatos e Not\u00edcias\",\"isPartOf\":{\"@id\":\"https:\/\/jornalfatosenoticias.com.br\/#website\"},\"primaryImageOfPage\":{\"@id\":\"https:\/\/jornalfatosenoticias.com.br\/index.php\/2024\/05\/10\/salmao-extinto-tinha-presas-como-as-de-um-javali\/#primaryimage\"},\"image\":{\"@id\":\"https:\/\/jornalfatosenoticias.com.br\/index.php\/2024\/05\/10\/salmao-extinto-tinha-presas-como-as-de-um-javali\/#primaryimage\"},\"thumbnailUrl\":\"https:\/\/jornalfatosenoticias.com.br\/wp-content\/uploads\/2024\/05\/salmao-gigante-dente.jpeg\",\"datePublished\":\"2024-05-10T13:06:24+00:00\",\"dateModified\":\"2024-05-10T13:06:26+00:00\",\"breadcrumb\":{\"@id\":\"https:\/\/jornalfatosenoticias.com.br\/index.php\/2024\/05\/10\/salmao-extinto-tinha-presas-como-as-de-um-javali\/#breadcrumb\"},\"inLanguage\":\"pt-BR\",\"potentialAction\":[{\"@type\":\"ReadAction\",\"target\":[\"https:\/\/jornalfatosenoticias.com.br\/index.php\/2024\/05\/10\/salmao-extinto-tinha-presas-como-as-de-um-javali\/\"]}]},{\"@type\":\"ImageObject\",\"inLanguage\":\"pt-BR\",\"@id\":\"https:\/\/jornalfatosenoticias.com.br\/index.php\/2024\/05\/10\/salmao-extinto-tinha-presas-como-as-de-um-javali\/#primaryimage\",\"url\":\"https:\/\/jornalfatosenoticias.com.br\/wp-content\/uploads\/2024\/05\/salmao-gigante-dente.jpeg\",\"contentUrl\":\"https:\/\/jornalfatosenoticias.com.br\/wp-content\/uploads\/2024\/05\/salmao-gigante-dente.jpeg\",\"width\":600,\"height\":465},{\"@type\":\"BreadcrumbList\",\"@id\":\"https:\/\/jornalfatosenoticias.com.br\/index.php\/2024\/05\/10\/salmao-extinto-tinha-presas-como-as-de-um-javali\/#breadcrumb\",\"itemListElement\":[{\"@type\":\"ListItem\",\"position\":1,\"name\":\"In\u00edcio\",\"item\":\"https:\/\/jornalfatosenoticias.com.br\/\"},{\"@type\":\"ListItem\",\"position\":2,\"name\":\"Salm\u00e3o extinto tinha presas como as de um javali\"}]},{\"@type\":\"WebSite\",\"@id\":\"https:\/\/jornalfatosenoticias.com.br\/#website\",\"url\":\"https:\/\/jornalfatosenoticias.com.br\/\",\"name\":\"Jornal Fatos e Not\u00edcias\",\"description\":\"Not\u00edcias em geral\",\"publisher\":{\"@id\":\"https:\/\/jornalfatosenoticias.com.br\/#organization\"},\"potentialAction\":[{\"@type\":\"SearchAction\",\"target\":{\"@type\":\"EntryPoint\",\"urlTemplate\":\"https:\/\/jornalfatosenoticias.com.br\/?s={search_term_string}\"},\"query-input\":{\"@type\":\"PropertyValueSpecification\",\"valueRequired\":true,\"valueName\":\"search_term_string\"}}],\"inLanguage\":\"pt-BR\"},{\"@type\":\"Organization\",\"@id\":\"https:\/\/jornalfatosenoticias.com.br\/#organization\",\"name\":\"Jornal Fatos e Not\u00edcias\",\"url\":\"https:\/\/jornalfatosenoticias.com.br\/\",\"logo\":{\"@type\":\"ImageObject\",\"inLanguage\":\"pt-BR\",\"@id\":\"https:\/\/jornalfatosenoticias.com.br\/#\/schema\/logo\/image\/\",\"url\":\"https:\/\/jornalfatosenoticias.com.br\/wp-content\/uploads\/2020\/02\/logo120.png\",\"contentUrl\":\"https:\/\/jornalfatosenoticias.com.br\/wp-content\/uploads\/2020\/02\/logo120.png\",\"width\":1227,\"height\":120,\"caption\":\"Jornal Fatos e Not\u00edcias\"},\"image\":{\"@id\":\"https:\/\/jornalfatosenoticias.com.br\/#\/schema\/logo\/image\/\"}},{\"@type\":\"Person\",\"@id\":\"https:\/\/jornalfatosenoticias.com.br\/#\/schema\/person\/d63837fa13ac8666eb9e74e0985d6f81\",\"name\":\"Luzimara Fernandes\",\"image\":{\"@type\":\"ImageObject\",\"inLanguage\":\"pt-BR\",\"@id\":\"https:\/\/jornalfatosenoticias.com.br\/#\/schema\/person\/image\/\",\"url\":\"https:\/\/jornalfatosenoticias.com.br\/wp-content\/uploads\/2025\/05\/EU_portal.jpg\",\"contentUrl\":\"https:\/\/jornalfatosenoticias.com.br\/wp-content\/uploads\/2025\/05\/EU_portal.jpg\",\"caption\":\"Luzimara Fernandes\"},\"description\":\"Jornalista MTB 2358-ES\",\"sameAs\":[\"https:\/\/jornalfatosenoticias.com.br\"],\"url\":\"https:\/\/jornalfatosenoticias.com.br\/index.php\/author\/luzimara\/\"}]}<\/script>\n<!-- \/ Yoast SEO plugin. -->","yoast_head_json":{"title":"Salm\u00e3o extinto tinha presas como as de um javali - Jornal Fatos e Not\u00edcias","robots":{"index":"index","follow":"follow","max-snippet":"max-snippet:-1","max-image-preview":"max-image-preview:large","max-video-preview":"max-video-preview:-1"},"canonical":"https:\/\/jornalfatosenoticias.com.br\/index.php\/2024\/05\/10\/salmao-extinto-tinha-presas-como-as-de-um-javali\/","og_locale":"pt_BR","og_type":"article","og_title":"Salm\u00e3o extinto tinha presas como as de um javali - Jornal Fatos e Not\u00edcias","og_description":"Novo estudo mostra que as presas do salm\u00e3o gigante s\u00e3o voltadas para um lado distinto do que se pensava antes; cientistas querem mudan\u00e7a de nome Por B\u00e1rbara Giovani Conhecido popularmente como salm\u00e3o-dente-de-sabre e cientificamente como Oncorhynchus rastrosus, essa esp\u00e9cie de\u00a0peixe foi a maior da fam\u00edlia de salm\u00f5es j\u00e1 registrada. Agora, um estudo recentemente publicado mudou [&hellip;]","og_url":"https:\/\/jornalfatosenoticias.com.br\/index.php\/2024\/05\/10\/salmao-extinto-tinha-presas-como-as-de-um-javali\/","og_site_name":"Jornal Fatos e Not\u00edcias","article_published_time":"2024-05-10T13:06:24+00:00","article_modified_time":"2024-05-10T13:06:26+00:00","og_image":[{"width":600,"height":465,"url":"https:\/\/jornalfatosenoticias.com.br\/wp-content\/uploads\/2024\/05\/salmao-gigante-dente.jpeg","type":"image\/jpeg"}],"author":"Luzimara Fernandes","twitter_card":"summary_large_image","twitter_misc":{"Escrito por":"Luzimara Fernandes","Est. tempo de leitura":"2 minutos"},"schema":{"@context":"https:\/\/schema.org","@graph":[{"@type":"Article","@id":"https:\/\/jornalfatosenoticias.com.br\/index.php\/2024\/05\/10\/salmao-extinto-tinha-presas-como-as-de-um-javali\/#article","isPartOf":{"@id":"https:\/\/jornalfatosenoticias.com.br\/index.php\/2024\/05\/10\/salmao-extinto-tinha-presas-como-as-de-um-javali\/"},"author":{"name":"Luzimara Fernandes","@id":"https:\/\/jornalfatosenoticias.com.br\/#\/schema\/person\/d63837fa13ac8666eb9e74e0985d6f81"},"headline":"Salm\u00e3o extinto tinha presas como as de um javali","datePublished":"2024-05-10T13:06:24+00:00","dateModified":"2024-05-10T13:06:26+00:00","mainEntityOfPage":{"@id":"https:\/\/jornalfatosenoticias.com.br\/index.php\/2024\/05\/10\/salmao-extinto-tinha-presas-como-as-de-um-javali\/"},"wordCount":378,"commentCount":0,"publisher":{"@id":"https:\/\/jornalfatosenoticias.com.br\/#organization"},"image":{"@id":"https:\/\/jornalfatosenoticias.com.br\/index.php\/2024\/05\/10\/salmao-extinto-tinha-presas-como-as-de-um-javali\/#primaryimage"},"thumbnailUrl":"https:\/\/jornalfatosenoticias.com.br\/wp-content\/uploads\/2024\/05\/salmao-gigante-dente.jpeg","keywords":["animais bizarros","f\u00f3sseis","peixes","salm\u00e3o"],"articleSection":["Paleo &amp; Arqueologia"],"inLanguage":"pt-BR","potentialAction":[{"@type":"CommentAction","name":"Comment","target":["https:\/\/jornalfatosenoticias.com.br\/index.php\/2024\/05\/10\/salmao-extinto-tinha-presas-como-as-de-um-javali\/#respond"]}]},{"@type":"WebPage","@id":"https:\/\/jornalfatosenoticias.com.br\/index.php\/2024\/05\/10\/salmao-extinto-tinha-presas-como-as-de-um-javali\/","url":"https:\/\/jornalfatosenoticias.com.br\/index.php\/2024\/05\/10\/salmao-extinto-tinha-presas-como-as-de-um-javali\/","name":"Salm\u00e3o extinto tinha presas como as de um javali - Jornal Fatos e Not\u00edcias","isPartOf":{"@id":"https:\/\/jornalfatosenoticias.com.br\/#website"},"primaryImageOfPage":{"@id":"https:\/\/jornalfatosenoticias.com.br\/index.php\/2024\/05\/10\/salmao-extinto-tinha-presas-como-as-de-um-javali\/#primaryimage"},"image":{"@id":"https:\/\/jornalfatosenoticias.com.br\/index.php\/2024\/05\/10\/salmao-extinto-tinha-presas-como-as-de-um-javali\/#primaryimage"},"thumbnailUrl":"https:\/\/jornalfatosenoticias.com.br\/wp-content\/uploads\/2024\/05\/salmao-gigante-dente.jpeg","datePublished":"2024-05-10T13:06:24+00:00","dateModified":"2024-05-10T13:06:26+00:00","breadcrumb":{"@id":"https:\/\/jornalfatosenoticias.com.br\/index.php\/2024\/05\/10\/salmao-extinto-tinha-presas-como-as-de-um-javali\/#breadcrumb"},"inLanguage":"pt-BR","potentialAction":[{"@type":"ReadAction","target":["https:\/\/jornalfatosenoticias.com.br\/index.php\/2024\/05\/10\/salmao-extinto-tinha-presas-como-as-de-um-javali\/"]}]},{"@type":"ImageObject","inLanguage":"pt-BR","@id":"https:\/\/jornalfatosenoticias.com.br\/index.php\/2024\/05\/10\/salmao-extinto-tinha-presas-como-as-de-um-javali\/#primaryimage","url":"https:\/\/jornalfatosenoticias.com.br\/wp-content\/uploads\/2024\/05\/salmao-gigante-dente.jpeg","contentUrl":"https:\/\/jornalfatosenoticias.com.br\/wp-content\/uploads\/2024\/05\/salmao-gigante-dente.jpeg","width":600,"height":465},{"@type":"BreadcrumbList","@id":"https:\/\/jornalfatosenoticias.com.br\/index.php\/2024\/05\/10\/salmao-extinto-tinha-presas-como-as-de-um-javali\/#breadcrumb","itemListElement":[{"@type":"ListItem","position":1,"name":"In\u00edcio","item":"https:\/\/jornalfatosenoticias.com.br\/"},{"@type":"ListItem","position":2,"name":"Salm\u00e3o extinto tinha presas como as de um javali"}]},{"@type":"WebSite","@id":"https:\/\/jornalfatosenoticias.com.br\/#website","url":"https:\/\/jornalfatosenoticias.com.br\/","name":"Jornal Fatos e Not\u00edcias","description":"Not\u00edcias em geral","publisher":{"@id":"https:\/\/jornalfatosenoticias.com.br\/#organization"},"potentialAction":[{"@type":"SearchAction","target":{"@type":"EntryPoint","urlTemplate":"https:\/\/jornalfatosenoticias.com.br\/?s={search_term_string}"},"query-input":{"@type":"PropertyValueSpecification","valueRequired":true,"valueName":"search_term_string"}}],"inLanguage":"pt-BR"},{"@type":"Organization","@id":"https:\/\/jornalfatosenoticias.com.br\/#organization","name":"Jornal Fatos e Not\u00edcias","url":"https:\/\/jornalfatosenoticias.com.br\/","logo":{"@type":"ImageObject","inLanguage":"pt-BR","@id":"https:\/\/jornalfatosenoticias.com.br\/#\/schema\/logo\/image\/","url":"https:\/\/jornalfatosenoticias.com.br\/wp-content\/uploads\/2020\/02\/logo120.png","contentUrl":"https:\/\/jornalfatosenoticias.com.br\/wp-content\/uploads\/2020\/02\/logo120.png","width":1227,"height":120,"caption":"Jornal Fatos e Not\u00edcias"},"image":{"@id":"https:\/\/jornalfatosenoticias.com.br\/#\/schema\/logo\/image\/"}},{"@type":"Person","@id":"https:\/\/jornalfatosenoticias.com.br\/#\/schema\/person\/d63837fa13ac8666eb9e74e0985d6f81","name":"Luzimara Fernandes","image":{"@type":"ImageObject","inLanguage":"pt-BR","@id":"https:\/\/jornalfatosenoticias.com.br\/#\/schema\/person\/image\/","url":"https:\/\/jornalfatosenoticias.com.br\/wp-content\/uploads\/2025\/05\/EU_portal.jpg","contentUrl":"https:\/\/jornalfatosenoticias.com.br\/wp-content\/uploads\/2025\/05\/EU_portal.jpg","caption":"Luzimara Fernandes"},"description":"Jornalista MTB 2358-ES","sameAs":["https:\/\/jornalfatosenoticias.com.br"],"url":"https:\/\/jornalfatosenoticias.com.br\/index.php\/author\/luzimara\/"}]}},"cc_featured_image_caption":{"caption_text":"(Foto: Wikimedia Commons)","source_text":"","source_url":""},"jetpack_featured_media_url":"https:\/\/jornalfatosenoticias.com.br\/wp-content\/uploads\/2024\/05\/salmao-gigante-dente.jpeg","_links":{"self":[{"href":"https:\/\/jornalfatosenoticias.com.br\/index.php\/wp-json\/wp\/v2\/posts\/51161","targetHints":{"allow":["GET"]}}],"collection":[{"href":"https:\/\/jornalfatosenoticias.com.br\/index.php\/wp-json\/wp\/v2\/posts"}],"about":[{"href":"https:\/\/jornalfatosenoticias.com.br\/index.php\/wp-json\/wp\/v2\/types\/post"}],"author":[{"embeddable":true,"href":"https:\/\/jornalfatosenoticias.com.br\/index.php\/wp-json\/wp\/v2\/users\/2"}],"replies":[{"embeddable":true,"href":"https:\/\/jornalfatosenoticias.com.br\/index.php\/wp-json\/wp\/v2\/comments?post=51161"}],"version-history":[{"count":0,"href":"https:\/\/jornalfatosenoticias.com.br\/index.php\/wp-json\/wp\/v2\/posts\/51161\/revisions"}],"wp:featuredmedia":[{"embeddable":true,"href":"https:\/\/jornalfatosenoticias.com.br\/index.php\/wp-json\/wp\/v2\/media\/51162"}],"wp:attachment":[{"href":"https:\/\/jornalfatosenoticias.com.br\/index.php\/wp-json\/wp\/v2\/media?parent=51161"}],"wp:term":[{"taxonomy":"category","embeddable":true,"href":"https:\/\/jornalfatosenoticias.com.br\/index.php\/wp-json\/wp\/v2\/categories?post=51161"},{"taxonomy":"post_tag","embeddable":true,"href":"https:\/\/jornalfatosenoticias.com.br\/index.php\/wp-json\/wp\/v2\/tags?post=51161"}],"curies":[{"name":"wp","href":"https:\/\/api.w.org\/{rel}","templated":true}]}}