{"id":51164,"date":"2024-05-10T10:16:53","date_gmt":"2024-05-10T13:16:53","guid":{"rendered":"https:\/\/jornalfatosenoticias.com.br\/?p=51164"},"modified":"2024-05-10T10:16:55","modified_gmt":"2024-05-10T13:16:55","slug":"startup-quer-estocar-vento-com-bateria-gigante-de-ar-comprimido","status":"publish","type":"post","link":"https:\/\/jornalfatosenoticias.com.br\/index.php\/2024\/05\/10\/startup-quer-estocar-vento-com-bateria-gigante-de-ar-comprimido\/","title":{"rendered":"Startup quer \u201cestocar vento\u201d com bateria gigante de ar comprimido"},"content":{"rendered":"\n<p><em><span class=\"has-inline-color has-black-color\">Cada instala\u00e7\u00e3o ter\u00e1 uma sa\u00edda de 500 MW e ser\u00e1 capaz de armazenar 4 GWh de energia. Cada GW equivale ao consumo de 500 mil casas<\/span><\/em><\/p>\n\n\n\n<p><span class=\"has-inline-color has-black-color\">Por <strong><a href=\"https:\/\/gizmodo.uol.com.br\/author\/gabriel-andrade\/\">Gabriel Andrade<\/a><\/strong><\/span><\/p>\n\n\n\n<div class=\"wp-block-image\"><figure class=\"aligncenter size-large is-resized\"><img loading=\"lazy\" decoding=\"async\" src=\"https:\/\/jornalfatosenoticias.com.br\/wp-content\/uploads\/2023\/09\/vetorvix1024_1.jpg\" alt=\"\" class=\"wp-image-44868\" width=\"531\" height=\"141\" srcset=\"https:\/\/jornalfatosenoticias.com.br\/wp-content\/uploads\/2023\/09\/vetorvix1024_1.jpg 1024w, https:\/\/jornalfatosenoticias.com.br\/wp-content\/uploads\/2023\/09\/vetorvix1024_1-300x80.jpg 300w, https:\/\/jornalfatosenoticias.com.br\/wp-content\/uploads\/2023\/09\/vetorvix1024_1-768x205.jpg 768w\" sizes=\"auto, (max-width: 531px) 100vw, 531px\" \/><\/figure><\/div>\n\n\n\n<p>Com o avan\u00e7o das energias renov\u00e1veis, a necessidade de solu\u00e7\u00f5es de armazenamento de energia s\u00e3o cada vez mais urgentes. Pensando nisso, a startup Hydrostor, do Canad\u00e1, est\u00e1 desenvolvendo uma bateria de ar comprimido, que promete \u201c<a href=\"https:\/\/gizmodo.uol.com.br\/polemica-de-dilma-se-torna-real-e-empresas-buscam-maneiras-de-estocar-vento\/\">estocar vento<\/a>\u201d e ser uma alternativa sustent\u00e1vel para o armazenamento de energia.<br>A Hydrostor desenvolveu um sistema chamado A-CAES (Advanced Compressed Air Energy Storage), que utiliza eletricidade excedente da rede ou de fontes renov\u00e1veis para alimentar um compressor de ar. Assim, o ar comprimido \u00e9 armazenado em grandes tanques subterr\u00e2neos at\u00e9 que a energia seja necess\u00e1ria, momento em que \u00e9 liberado atrav\u00e9s de uma turbina para gerar eletricidade.<\/p>\n\n\n\n<div class=\"wp-block-image\"><figure class=\"aligncenter size-large\"><img loading=\"lazy\" decoding=\"async\" width=\"300\" height=\"250\" src=\"https:\/\/jornalfatosenoticias.com.br\/wp-content\/uploads\/2022\/02\/FERRARI_MAQUINAS-E-FERRAMENTAS2.jpg\" alt=\"\" class=\"wp-image-27860\"\/><\/figure><\/div>\n\n\n\n<blockquote class=\"wp-block-quote is-layout-flow wp-block-quote-is-layout-flow\"><p><span class=\"has-inline-color has-luminous-vivid-orange-color\">\u00c9 um sistema muito simples que utiliza apenas um buraco na rocha [mais] ar e \u00e1gua\u201d, disse \u00e0 <em>Wired<\/em> Curtis VanWalleghem, CEO e cofundador da <a href=\"https:\/\/hydrostor.ca\/technology\/\" target=\"_blank\" rel=\"noreferrer noopener\">Hydrostor<\/a>. \u201cE ent\u00e3o os equipamentos s\u00e3o todos da ind\u00fastria de petr\u00f3leo e g\u00e1s, ent\u00e3o voc\u00ea n\u00e3o precisa de nova fabrica\u00e7\u00e3o nem nada\u201d. <\/span><\/p><\/blockquote>\n\n\n\n<div class=\"wp-block-image\"><figure class=\"aligncenter size-large is-resized\"><img loading=\"lazy\" decoding=\"async\" src=\"https:\/\/jornalfatosenoticias.com.br\/wp-content\/uploads\/2023\/08\/ITH.jpeg\" alt=\"\" class=\"wp-image-44638\" width=\"302\" height=\"245\" srcset=\"https:\/\/jornalfatosenoticias.com.br\/wp-content\/uploads\/2023\/08\/ITH.jpeg 800w, https:\/\/jornalfatosenoticias.com.br\/wp-content\/uploads\/2023\/08\/ITH-300x244.jpeg 300w, https:\/\/jornalfatosenoticias.com.br\/wp-content\/uploads\/2023\/08\/ITH-768x624.jpeg 768w\" sizes=\"auto, (max-width: 302px) 100vw, 302px\" \/><\/figure><\/div>\n\n\n\n<p><strong><span class=\"has-inline-color has-black-color\">Diferencial da tecnologia que \u201cestoca vento\u201d<br><\/span><\/strong>Um dos aspectos mais inovadores do sistema A-CAES \u00e9 a captura e armazenamento do calor gerado durante a compress\u00e3o do ar. Esse calor \u00e9 posteriormente utilizado para <a href=\"https:\/\/gizmodo.uol.com.br\/os-impactos-ambientais-nao-falados-da-energia-eolica\/\">reaquecer o ar<\/a> antes de ser liberado para a turbina, aumentando a efici\u00eancia do sistema.<\/p>\n\n\n\n<div class=\"wp-block-image\"><figure class=\"aligncenter size-large is-resized\"><img loading=\"lazy\" decoding=\"async\" src=\"https:\/\/jornalfatosenoticias.com.br\/wp-content\/uploads\/2020\/02\/CONTROL-CS.jpg\" alt=\"\" class=\"wp-image-44991\" width=\"271\" height=\"324\" srcset=\"https:\/\/jornalfatosenoticias.com.br\/wp-content\/uploads\/2020\/02\/CONTROL-CS.jpg 834w, https:\/\/jornalfatosenoticias.com.br\/wp-content\/uploads\/2020\/02\/CONTROL-CS-250x300.jpg 250w, https:\/\/jornalfatosenoticias.com.br\/wp-content\/uploads\/2020\/02\/CONTROL-CS-768x921.jpg 768w\" sizes=\"auto, (max-width: 271px) 100vw, 271px\" \/><\/figure><\/div>\n\n\n\n<p>A principal diferen\u00e7a \u00e9 que os <a href=\"https:\/\/gizmodo.uol.com.br\/polemica-de-dilma-se-torna-real-e-empresas-buscam-maneiras-de-estocar-vento\/\">sistemas de armazenamento de ar comprimido<\/a> tradicionais oferecem efici\u00eancias entre 40-52%. J\u00e1 o sistema da Hydrostor registra efici\u00eancias pr\u00f3ximas a 60%. A Hydrostor planeja construir instala\u00e7\u00f5es de armazenamento de energia em Rosamond, Calif\u00f3rnia (EUA). Elas ser\u00e3o as maiores do mundo em termos de armazenamento de energia n\u00e3o hidr\u00e1ulica.<\/p>\n\n\n\n<div class=\"wp-block-image\"><figure class=\"aligncenter size-large is-resized\"><img loading=\"lazy\" decoding=\"async\" src=\"https:\/\/jornalfatosenoticias.com.br\/wp-content\/uploads\/2023\/08\/BKR-1024x1021.jpg\" alt=\"\" class=\"wp-image-44494\" width=\"276\" height=\"275\" srcset=\"https:\/\/jornalfatosenoticias.com.br\/wp-content\/uploads\/2023\/08\/BKR-1024x1021.jpg 1024w, https:\/\/jornalfatosenoticias.com.br\/wp-content\/uploads\/2023\/08\/BKR-300x300.jpg 300w, https:\/\/jornalfatosenoticias.com.br\/wp-content\/uploads\/2023\/08\/BKR-150x150.jpg 150w, https:\/\/jornalfatosenoticias.com.br\/wp-content\/uploads\/2023\/08\/BKR-768x766.jpg 768w, https:\/\/jornalfatosenoticias.com.br\/wp-content\/uploads\/2023\/08\/BKR.jpg 1080w\" sizes=\"auto, (max-width: 276px) 100vw, 276px\" \/><\/figure><\/div>\n\n\n\n<p>Cada instala\u00e7\u00e3o ter\u00e1 uma sa\u00edda de 500 MW e ser\u00e1 capaz de armazenar 4 GWh de energia. Cada GW equivale a, aproximadamente, o consumo de 500 mil casas. De acordo com a empresa, o sistema A-CAES da Hydrostor tamb\u00e9m se destaca por sua capacidade de manter a press\u00e3o constante durante a opera\u00e7\u00e3o. Isso gra\u00e7as ao uso de um reservat\u00f3rio fechado.<\/p>\n\n\n\n<div class=\"wp-block-image\"><figure class=\"aligncenter size-large is-resized\"><img loading=\"lazy\" decoding=\"async\" src=\"https:\/\/jornalfatosenoticias.com.br\/wp-content\/uploads\/2023\/03\/logo-Panper_portal.jpg\" alt=\"\" class=\"wp-image-40208\" width=\"349\" height=\"242\" srcset=\"https:\/\/jornalfatosenoticias.com.br\/wp-content\/uploads\/2023\/03\/logo-Panper_portal.jpg 400w, https:\/\/jornalfatosenoticias.com.br\/wp-content\/uploads\/2023\/03\/logo-Panper_portal-300x208.jpg 300w\" sizes=\"auto, (max-width: 349px) 100vw, 349px\" \/><\/figure><\/div>\n\n\n\n<p>Isso contrasta com a necessidade de locais espec\u00edficos e uma quantidade impressionante de concreto para construir uma planta de hidroel\u00e9trica bombeada. Al\u00e9m disso, evita as emiss\u00f5es de gases de efeito estufa associadas \u00e0 vegeta\u00e7\u00e3o em decomposi\u00e7\u00e3o presa nas barragens.<\/p>\n\n\n\n<div class=\"wp-block-image\"><figure class=\"aligncenter size-large is-resized\"><img loading=\"lazy\" decoding=\"async\" src=\"https:\/\/jornalfatosenoticias.com.br\/wp-content\/uploads\/2024\/01\/consultoria-ambiental.jpg\" alt=\"\" class=\"wp-image-48314\" width=\"280\" height=\"253\" srcset=\"https:\/\/jornalfatosenoticias.com.br\/wp-content\/uploads\/2024\/01\/consultoria-ambiental.jpg 832w, https:\/\/jornalfatosenoticias.com.br\/wp-content\/uploads\/2024\/01\/consultoria-ambiental-300x272.jpg 300w, https:\/\/jornalfatosenoticias.com.br\/wp-content\/uploads\/2024\/01\/consultoria-ambiental-768x696.jpg 768w\" sizes=\"auto, (max-width: 280px) 100vw, 280px\" \/><\/figure><\/div>\n\n\n\n<h3 class=\"wp-block-heading\"><span class=\"has-inline-color has-black-color\">Veja o v\u00eddeo de apresenta\u00e7\u00e3o:<\/span><\/h3>\n\n\n\n<figure class=\"wp-block-embed-youtube aligncenter wp-block-embed is-type-video is-provider-youtube wp-embed-aspect-16-9 wp-has-aspect-ratio\"><div class=\"wp-block-embed__wrapper\">\n<iframe loading=\"lazy\" title=\"Hydrostor is powering renewable energy progress\" width=\"660\" height=\"371\" src=\"https:\/\/www.youtube.com\/embed\/1q7Hy-Wx1uk?feature=oembed\" frameborder=\"0\" allow=\"accelerometer; autoplay; clipboard-write; encrypted-media; gyroscope; picture-in-picture; web-share\" referrerpolicy=\"strict-origin-when-cross-origin\" allowfullscreen><\/iframe>\n<\/div><\/figure>\n\n\n\n<p><strong><em>Fonte: <a href=\"https:\/\/gizmodo.uol.com.br\/startup-quer-estocar-vento-com-bateria-gigante-de-ar-comprimido\/\">Giz Brasil<\/a><\/em><\/strong><\/p>\n","protected":false},"excerpt":{"rendered":"<p>Cada instala\u00e7\u00e3o ter\u00e1 uma sa\u00edda de 500 MW e ser\u00e1 capaz de armazenar 4 GWh de energia. Cada GW equivale ao consumo de 500 mil casas Por Gabriel Andrade Com o avan\u00e7o das energias renov\u00e1veis, a necessidade de solu\u00e7\u00f5es de armazenamento de energia s\u00e3o cada vez mais urgentes. Pensando nisso, a startup Hydrostor, do Canad\u00e1, [&hellip;]<\/p>\n","protected":false},"author":2,"featured_media":51165,"comment_status":"open","ping_status":"open","sticky":false,"template":"","format":"standard","meta":{"footnotes":""},"categories":[3],"tags":[2539,1912,2938,734],"class_list":["post-51164","post","type-post","status-publish","format-standard","has-post-thumbnail","hentry","category-tecnologia","tag-energia","tag-energia-eolica","tag-energia-renovavel","tag-sustentabilidade"],"yoast_head":"<!-- This site is optimized with the Yoast SEO plugin v26.5 - https:\/\/yoast.com\/wordpress\/plugins\/seo\/ -->\n<title>Startup quer \u201cestocar vento\u201d com bateria gigante de ar comprimido - Jornal Fatos e Not\u00edcias<\/title>\n<meta name=\"robots\" content=\"index, follow, max-snippet:-1, max-image-preview:large, max-video-preview:-1\" \/>\n<link rel=\"canonical\" href=\"https:\/\/jornalfatosenoticias.com.br\/index.php\/2024\/05\/10\/startup-quer-estocar-vento-com-bateria-gigante-de-ar-comprimido\/\" \/>\n<meta property=\"og:locale\" content=\"pt_BR\" \/>\n<meta property=\"og:type\" content=\"article\" \/>\n<meta property=\"og:title\" content=\"Startup quer \u201cestocar vento\u201d com bateria gigante de ar comprimido - Jornal Fatos e Not\u00edcias\" \/>\n<meta property=\"og:description\" content=\"Cada instala\u00e7\u00e3o ter\u00e1 uma sa\u00edda de 500 MW e ser\u00e1 capaz de armazenar 4 GWh de energia. Cada GW equivale ao consumo de 500 mil casas Por Gabriel Andrade Com o avan\u00e7o das energias renov\u00e1veis, a necessidade de solu\u00e7\u00f5es de armazenamento de energia s\u00e3o cada vez mais urgentes. Pensando nisso, a startup Hydrostor, do Canad\u00e1, [&hellip;]\" \/>\n<meta property=\"og:url\" content=\"https:\/\/jornalfatosenoticias.com.br\/index.php\/2024\/05\/10\/startup-quer-estocar-vento-com-bateria-gigante-de-ar-comprimido\/\" \/>\n<meta property=\"og:site_name\" content=\"Jornal Fatos e Not\u00edcias\" \/>\n<meta property=\"article:published_time\" content=\"2024-05-10T13:16:53+00:00\" \/>\n<meta property=\"article:modified_time\" content=\"2024-05-10T13:16:55+00:00\" \/>\n<meta property=\"og:image\" content=\"https:\/\/jornalfatosenoticias.com.br\/wp-content\/uploads\/2024\/05\/energia-vento-estocado.jpg\" \/>\n\t<meta property=\"og:image:width\" content=\"1000\" \/>\n\t<meta property=\"og:image:height\" content=\"666\" \/>\n\t<meta property=\"og:image:type\" content=\"image\/jpeg\" \/>\n<meta name=\"author\" content=\"Luzimara Fernandes\" \/>\n<meta name=\"twitter:card\" content=\"summary_large_image\" \/>\n<meta name=\"twitter:label1\" content=\"Escrito por\" \/>\n\t<meta name=\"twitter:data1\" content=\"Luzimara Fernandes\" \/>\n\t<meta name=\"twitter:label2\" content=\"Est. tempo de leitura\" \/>\n\t<meta name=\"twitter:data2\" content=\"2 minutos\" \/>\n<script type=\"application\/ld+json\" class=\"yoast-schema-graph\">{\"@context\":\"https:\/\/schema.org\",\"@graph\":[{\"@type\":\"Article\",\"@id\":\"https:\/\/jornalfatosenoticias.com.br\/index.php\/2024\/05\/10\/startup-quer-estocar-vento-com-bateria-gigante-de-ar-comprimido\/#article\",\"isPartOf\":{\"@id\":\"https:\/\/jornalfatosenoticias.com.br\/index.php\/2024\/05\/10\/startup-quer-estocar-vento-com-bateria-gigante-de-ar-comprimido\/\"},\"author\":{\"name\":\"Luzimara Fernandes\",\"@id\":\"https:\/\/jornalfatosenoticias.com.br\/#\/schema\/person\/d63837fa13ac8666eb9e74e0985d6f81\"},\"headline\":\"Startup quer \u201cestocar vento\u201d com bateria gigante de ar comprimido\",\"datePublished\":\"2024-05-10T13:16:53+00:00\",\"dateModified\":\"2024-05-10T13:16:55+00:00\",\"mainEntityOfPage\":{\"@id\":\"https:\/\/jornalfatosenoticias.com.br\/index.php\/2024\/05\/10\/startup-quer-estocar-vento-com-bateria-gigante-de-ar-comprimido\/\"},\"wordCount\":459,\"commentCount\":0,\"publisher\":{\"@id\":\"https:\/\/jornalfatosenoticias.com.br\/#organization\"},\"image\":{\"@id\":\"https:\/\/jornalfatosenoticias.com.br\/index.php\/2024\/05\/10\/startup-quer-estocar-vento-com-bateria-gigante-de-ar-comprimido\/#primaryimage\"},\"thumbnailUrl\":\"https:\/\/jornalfatosenoticias.com.br\/wp-content\/uploads\/2024\/05\/energia-vento-estocado.jpg\",\"keywords\":[\"energia\",\"energia e\u00f3lica\",\"energia renov\u00e1vel\",\"sustentabilidade\"],\"articleSection\":[\"Tecnologia &amp; Inova\u00e7\u00e3o\"],\"inLanguage\":\"pt-BR\",\"potentialAction\":[{\"@type\":\"CommentAction\",\"name\":\"Comment\",\"target\":[\"https:\/\/jornalfatosenoticias.com.br\/index.php\/2024\/05\/10\/startup-quer-estocar-vento-com-bateria-gigante-de-ar-comprimido\/#respond\"]}]},{\"@type\":\"WebPage\",\"@id\":\"https:\/\/jornalfatosenoticias.com.br\/index.php\/2024\/05\/10\/startup-quer-estocar-vento-com-bateria-gigante-de-ar-comprimido\/\",\"url\":\"https:\/\/jornalfatosenoticias.com.br\/index.php\/2024\/05\/10\/startup-quer-estocar-vento-com-bateria-gigante-de-ar-comprimido\/\",\"name\":\"Startup quer \u201cestocar vento\u201d com bateria gigante de ar comprimido - Jornal Fatos e Not\u00edcias\",\"isPartOf\":{\"@id\":\"https:\/\/jornalfatosenoticias.com.br\/#website\"},\"primaryImageOfPage\":{\"@id\":\"https:\/\/jornalfatosenoticias.com.br\/index.php\/2024\/05\/10\/startup-quer-estocar-vento-com-bateria-gigante-de-ar-comprimido\/#primaryimage\"},\"image\":{\"@id\":\"https:\/\/jornalfatosenoticias.com.br\/index.php\/2024\/05\/10\/startup-quer-estocar-vento-com-bateria-gigante-de-ar-comprimido\/#primaryimage\"},\"thumbnailUrl\":\"https:\/\/jornalfatosenoticias.com.br\/wp-content\/uploads\/2024\/05\/energia-vento-estocado.jpg\",\"datePublished\":\"2024-05-10T13:16:53+00:00\",\"dateModified\":\"2024-05-10T13:16:55+00:00\",\"breadcrumb\":{\"@id\":\"https:\/\/jornalfatosenoticias.com.br\/index.php\/2024\/05\/10\/startup-quer-estocar-vento-com-bateria-gigante-de-ar-comprimido\/#breadcrumb\"},\"inLanguage\":\"pt-BR\",\"potentialAction\":[{\"@type\":\"ReadAction\",\"target\":[\"https:\/\/jornalfatosenoticias.com.br\/index.php\/2024\/05\/10\/startup-quer-estocar-vento-com-bateria-gigante-de-ar-comprimido\/\"]}]},{\"@type\":\"ImageObject\",\"inLanguage\":\"pt-BR\",\"@id\":\"https:\/\/jornalfatosenoticias.com.br\/index.php\/2024\/05\/10\/startup-quer-estocar-vento-com-bateria-gigante-de-ar-comprimido\/#primaryimage\",\"url\":\"https:\/\/jornalfatosenoticias.com.br\/wp-content\/uploads\/2024\/05\/energia-vento-estocado.jpg\",\"contentUrl\":\"https:\/\/jornalfatosenoticias.com.br\/wp-content\/uploads\/2024\/05\/energia-vento-estocado.jpg\",\"width\":1000,\"height\":666},{\"@type\":\"BreadcrumbList\",\"@id\":\"https:\/\/jornalfatosenoticias.com.br\/index.php\/2024\/05\/10\/startup-quer-estocar-vento-com-bateria-gigante-de-ar-comprimido\/#breadcrumb\",\"itemListElement\":[{\"@type\":\"ListItem\",\"position\":1,\"name\":\"In\u00edcio\",\"item\":\"https:\/\/jornalfatosenoticias.com.br\/\"},{\"@type\":\"ListItem\",\"position\":2,\"name\":\"Startup quer \u201cestocar vento\u201d com bateria gigante de ar comprimido\"}]},{\"@type\":\"WebSite\",\"@id\":\"https:\/\/jornalfatosenoticias.com.br\/#website\",\"url\":\"https:\/\/jornalfatosenoticias.com.br\/\",\"name\":\"Jornal Fatos e Not\u00edcias\",\"description\":\"Not\u00edcias em geral\",\"publisher\":{\"@id\":\"https:\/\/jornalfatosenoticias.com.br\/#organization\"},\"potentialAction\":[{\"@type\":\"SearchAction\",\"target\":{\"@type\":\"EntryPoint\",\"urlTemplate\":\"https:\/\/jornalfatosenoticias.com.br\/?s={search_term_string}\"},\"query-input\":{\"@type\":\"PropertyValueSpecification\",\"valueRequired\":true,\"valueName\":\"search_term_string\"}}],\"inLanguage\":\"pt-BR\"},{\"@type\":\"Organization\",\"@id\":\"https:\/\/jornalfatosenoticias.com.br\/#organization\",\"name\":\"Jornal Fatos e Not\u00edcias\",\"url\":\"https:\/\/jornalfatosenoticias.com.br\/\",\"logo\":{\"@type\":\"ImageObject\",\"inLanguage\":\"pt-BR\",\"@id\":\"https:\/\/jornalfatosenoticias.com.br\/#\/schema\/logo\/image\/\",\"url\":\"https:\/\/jornalfatosenoticias.com.br\/wp-content\/uploads\/2020\/02\/logo120.png\",\"contentUrl\":\"https:\/\/jornalfatosenoticias.com.br\/wp-content\/uploads\/2020\/02\/logo120.png\",\"width\":1227,\"height\":120,\"caption\":\"Jornal Fatos e Not\u00edcias\"},\"image\":{\"@id\":\"https:\/\/jornalfatosenoticias.com.br\/#\/schema\/logo\/image\/\"}},{\"@type\":\"Person\",\"@id\":\"https:\/\/jornalfatosenoticias.com.br\/#\/schema\/person\/d63837fa13ac8666eb9e74e0985d6f81\",\"name\":\"Luzimara Fernandes\",\"image\":{\"@type\":\"ImageObject\",\"inLanguage\":\"pt-BR\",\"@id\":\"https:\/\/jornalfatosenoticias.com.br\/#\/schema\/person\/image\/\",\"url\":\"https:\/\/jornalfatosenoticias.com.br\/wp-content\/uploads\/2025\/05\/EU_portal.jpg\",\"contentUrl\":\"https:\/\/jornalfatosenoticias.com.br\/wp-content\/uploads\/2025\/05\/EU_portal.jpg\",\"caption\":\"Luzimara Fernandes\"},\"description\":\"Jornalista MTB 2358-ES\",\"sameAs\":[\"https:\/\/jornalfatosenoticias.com.br\"],\"url\":\"https:\/\/jornalfatosenoticias.com.br\/index.php\/author\/luzimara\/\"}]}<\/script>\n<!-- \/ Yoast SEO plugin. -->","yoast_head_json":{"title":"Startup quer \u201cestocar vento\u201d com bateria gigante de ar comprimido - Jornal Fatos e Not\u00edcias","robots":{"index":"index","follow":"follow","max-snippet":"max-snippet:-1","max-image-preview":"max-image-preview:large","max-video-preview":"max-video-preview:-1"},"canonical":"https:\/\/jornalfatosenoticias.com.br\/index.php\/2024\/05\/10\/startup-quer-estocar-vento-com-bateria-gigante-de-ar-comprimido\/","og_locale":"pt_BR","og_type":"article","og_title":"Startup quer \u201cestocar vento\u201d com bateria gigante de ar comprimido - Jornal Fatos e Not\u00edcias","og_description":"Cada instala\u00e7\u00e3o ter\u00e1 uma sa\u00edda de 500 MW e ser\u00e1 capaz de armazenar 4 GWh de energia. Cada GW equivale ao consumo de 500 mil casas Por Gabriel Andrade Com o avan\u00e7o das energias renov\u00e1veis, a necessidade de solu\u00e7\u00f5es de armazenamento de energia s\u00e3o cada vez mais urgentes. Pensando nisso, a startup Hydrostor, do Canad\u00e1, [&hellip;]","og_url":"https:\/\/jornalfatosenoticias.com.br\/index.php\/2024\/05\/10\/startup-quer-estocar-vento-com-bateria-gigante-de-ar-comprimido\/","og_site_name":"Jornal Fatos e Not\u00edcias","article_published_time":"2024-05-10T13:16:53+00:00","article_modified_time":"2024-05-10T13:16:55+00:00","og_image":[{"width":1000,"height":666,"url":"https:\/\/jornalfatosenoticias.com.br\/wp-content\/uploads\/2024\/05\/energia-vento-estocado.jpg","type":"image\/jpeg"}],"author":"Luzimara Fernandes","twitter_card":"summary_large_image","twitter_misc":{"Escrito por":"Luzimara Fernandes","Est. tempo de leitura":"2 minutos"},"schema":{"@context":"https:\/\/schema.org","@graph":[{"@type":"Article","@id":"https:\/\/jornalfatosenoticias.com.br\/index.php\/2024\/05\/10\/startup-quer-estocar-vento-com-bateria-gigante-de-ar-comprimido\/#article","isPartOf":{"@id":"https:\/\/jornalfatosenoticias.com.br\/index.php\/2024\/05\/10\/startup-quer-estocar-vento-com-bateria-gigante-de-ar-comprimido\/"},"author":{"name":"Luzimara Fernandes","@id":"https:\/\/jornalfatosenoticias.com.br\/#\/schema\/person\/d63837fa13ac8666eb9e74e0985d6f81"},"headline":"Startup quer \u201cestocar vento\u201d com bateria gigante de ar comprimido","datePublished":"2024-05-10T13:16:53+00:00","dateModified":"2024-05-10T13:16:55+00:00","mainEntityOfPage":{"@id":"https:\/\/jornalfatosenoticias.com.br\/index.php\/2024\/05\/10\/startup-quer-estocar-vento-com-bateria-gigante-de-ar-comprimido\/"},"wordCount":459,"commentCount":0,"publisher":{"@id":"https:\/\/jornalfatosenoticias.com.br\/#organization"},"image":{"@id":"https:\/\/jornalfatosenoticias.com.br\/index.php\/2024\/05\/10\/startup-quer-estocar-vento-com-bateria-gigante-de-ar-comprimido\/#primaryimage"},"thumbnailUrl":"https:\/\/jornalfatosenoticias.com.br\/wp-content\/uploads\/2024\/05\/energia-vento-estocado.jpg","keywords":["energia","energia e\u00f3lica","energia renov\u00e1vel","sustentabilidade"],"articleSection":["Tecnologia &amp; Inova\u00e7\u00e3o"],"inLanguage":"pt-BR","potentialAction":[{"@type":"CommentAction","name":"Comment","target":["https:\/\/jornalfatosenoticias.com.br\/index.php\/2024\/05\/10\/startup-quer-estocar-vento-com-bateria-gigante-de-ar-comprimido\/#respond"]}]},{"@type":"WebPage","@id":"https:\/\/jornalfatosenoticias.com.br\/index.php\/2024\/05\/10\/startup-quer-estocar-vento-com-bateria-gigante-de-ar-comprimido\/","url":"https:\/\/jornalfatosenoticias.com.br\/index.php\/2024\/05\/10\/startup-quer-estocar-vento-com-bateria-gigante-de-ar-comprimido\/","name":"Startup quer \u201cestocar vento\u201d com bateria gigante de ar comprimido - Jornal Fatos e Not\u00edcias","isPartOf":{"@id":"https:\/\/jornalfatosenoticias.com.br\/#website"},"primaryImageOfPage":{"@id":"https:\/\/jornalfatosenoticias.com.br\/index.php\/2024\/05\/10\/startup-quer-estocar-vento-com-bateria-gigante-de-ar-comprimido\/#primaryimage"},"image":{"@id":"https:\/\/jornalfatosenoticias.com.br\/index.php\/2024\/05\/10\/startup-quer-estocar-vento-com-bateria-gigante-de-ar-comprimido\/#primaryimage"},"thumbnailUrl":"https:\/\/jornalfatosenoticias.com.br\/wp-content\/uploads\/2024\/05\/energia-vento-estocado.jpg","datePublished":"2024-05-10T13:16:53+00:00","dateModified":"2024-05-10T13:16:55+00:00","breadcrumb":{"@id":"https:\/\/jornalfatosenoticias.com.br\/index.php\/2024\/05\/10\/startup-quer-estocar-vento-com-bateria-gigante-de-ar-comprimido\/#breadcrumb"},"inLanguage":"pt-BR","potentialAction":[{"@type":"ReadAction","target":["https:\/\/jornalfatosenoticias.com.br\/index.php\/2024\/05\/10\/startup-quer-estocar-vento-com-bateria-gigante-de-ar-comprimido\/"]}]},{"@type":"ImageObject","inLanguage":"pt-BR","@id":"https:\/\/jornalfatosenoticias.com.br\/index.php\/2024\/05\/10\/startup-quer-estocar-vento-com-bateria-gigante-de-ar-comprimido\/#primaryimage","url":"https:\/\/jornalfatosenoticias.com.br\/wp-content\/uploads\/2024\/05\/energia-vento-estocado.jpg","contentUrl":"https:\/\/jornalfatosenoticias.com.br\/wp-content\/uploads\/2024\/05\/energia-vento-estocado.jpg","width":1000,"height":666},{"@type":"BreadcrumbList","@id":"https:\/\/jornalfatosenoticias.com.br\/index.php\/2024\/05\/10\/startup-quer-estocar-vento-com-bateria-gigante-de-ar-comprimido\/#breadcrumb","itemListElement":[{"@type":"ListItem","position":1,"name":"In\u00edcio","item":"https:\/\/jornalfatosenoticias.com.br\/"},{"@type":"ListItem","position":2,"name":"Startup quer \u201cestocar vento\u201d com bateria gigante de ar comprimido"}]},{"@type":"WebSite","@id":"https:\/\/jornalfatosenoticias.com.br\/#website","url":"https:\/\/jornalfatosenoticias.com.br\/","name":"Jornal Fatos e Not\u00edcias","description":"Not\u00edcias em geral","publisher":{"@id":"https:\/\/jornalfatosenoticias.com.br\/#organization"},"potentialAction":[{"@type":"SearchAction","target":{"@type":"EntryPoint","urlTemplate":"https:\/\/jornalfatosenoticias.com.br\/?s={search_term_string}"},"query-input":{"@type":"PropertyValueSpecification","valueRequired":true,"valueName":"search_term_string"}}],"inLanguage":"pt-BR"},{"@type":"Organization","@id":"https:\/\/jornalfatosenoticias.com.br\/#organization","name":"Jornal Fatos e Not\u00edcias","url":"https:\/\/jornalfatosenoticias.com.br\/","logo":{"@type":"ImageObject","inLanguage":"pt-BR","@id":"https:\/\/jornalfatosenoticias.com.br\/#\/schema\/logo\/image\/","url":"https:\/\/jornalfatosenoticias.com.br\/wp-content\/uploads\/2020\/02\/logo120.png","contentUrl":"https:\/\/jornalfatosenoticias.com.br\/wp-content\/uploads\/2020\/02\/logo120.png","width":1227,"height":120,"caption":"Jornal Fatos e Not\u00edcias"},"image":{"@id":"https:\/\/jornalfatosenoticias.com.br\/#\/schema\/logo\/image\/"}},{"@type":"Person","@id":"https:\/\/jornalfatosenoticias.com.br\/#\/schema\/person\/d63837fa13ac8666eb9e74e0985d6f81","name":"Luzimara Fernandes","image":{"@type":"ImageObject","inLanguage":"pt-BR","@id":"https:\/\/jornalfatosenoticias.com.br\/#\/schema\/person\/image\/","url":"https:\/\/jornalfatosenoticias.com.br\/wp-content\/uploads\/2025\/05\/EU_portal.jpg","contentUrl":"https:\/\/jornalfatosenoticias.com.br\/wp-content\/uploads\/2025\/05\/EU_portal.jpg","caption":"Luzimara Fernandes"},"description":"Jornalista MTB 2358-ES","sameAs":["https:\/\/jornalfatosenoticias.com.br"],"url":"https:\/\/jornalfatosenoticias.com.br\/index.php\/author\/luzimara\/"}]}},"cc_featured_image_caption":{"caption_text":"(Foto: Hydrostor\/Reprodu\u00e7\u00e3o) ","source_text":"","source_url":""},"jetpack_featured_media_url":"https:\/\/jornalfatosenoticias.com.br\/wp-content\/uploads\/2024\/05\/energia-vento-estocado.jpg","_links":{"self":[{"href":"https:\/\/jornalfatosenoticias.com.br\/index.php\/wp-json\/wp\/v2\/posts\/51164","targetHints":{"allow":["GET"]}}],"collection":[{"href":"https:\/\/jornalfatosenoticias.com.br\/index.php\/wp-json\/wp\/v2\/posts"}],"about":[{"href":"https:\/\/jornalfatosenoticias.com.br\/index.php\/wp-json\/wp\/v2\/types\/post"}],"author":[{"embeddable":true,"href":"https:\/\/jornalfatosenoticias.com.br\/index.php\/wp-json\/wp\/v2\/users\/2"}],"replies":[{"embeddable":true,"href":"https:\/\/jornalfatosenoticias.com.br\/index.php\/wp-json\/wp\/v2\/comments?post=51164"}],"version-history":[{"count":0,"href":"https:\/\/jornalfatosenoticias.com.br\/index.php\/wp-json\/wp\/v2\/posts\/51164\/revisions"}],"wp:featuredmedia":[{"embeddable":true,"href":"https:\/\/jornalfatosenoticias.com.br\/index.php\/wp-json\/wp\/v2\/media\/51165"}],"wp:attachment":[{"href":"https:\/\/jornalfatosenoticias.com.br\/index.php\/wp-json\/wp\/v2\/media?parent=51164"}],"wp:term":[{"taxonomy":"category","embeddable":true,"href":"https:\/\/jornalfatosenoticias.com.br\/index.php\/wp-json\/wp\/v2\/categories?post=51164"},{"taxonomy":"post_tag","embeddable":true,"href":"https:\/\/jornalfatosenoticias.com.br\/index.php\/wp-json\/wp\/v2\/tags?post=51164"}],"curies":[{"name":"wp","href":"https:\/\/api.w.org\/{rel}","templated":true}]}}