{"id":51225,"date":"2024-05-13T15:46:51","date_gmt":"2024-05-13T18:46:51","guid":{"rendered":"https:\/\/jornalfatosenoticias.com.br\/?p=51225"},"modified":"2024-05-13T15:46:52","modified_gmt":"2024-05-13T18:46:52","slug":"55-dos-brasileiros-acham-que-lula-nao-merece-ser-reeleito-em-2026-diz-pesquisa","status":"publish","type":"post","link":"https:\/\/jornalfatosenoticias.com.br\/index.php\/2024\/05\/13\/55-dos-brasileiros-acham-que-lula-nao-merece-ser-reeleito-em-2026-diz-pesquisa\/","title":{"rendered":"55% dos brasileiros acham que Lula n\u00e3o merece ser reeleito em 2026, diz pesquisa"},"content":{"rendered":"\n<p><span class=\"has-inline-color has-black-color\">Por <strong><a href=\"https:\/\/www.gazetadopovo.com.br\/autor\/diogenes-freire-feitosa\/\">Di\u00f3genes Freire Feitosa<\/a><\/strong><\/span><\/p>\n\n\n\n<div class=\"wp-block-image\"><figure class=\"aligncenter size-large is-resized\"><img loading=\"lazy\" decoding=\"async\" src=\"https:\/\/jornalfatosenoticias.com.br\/wp-content\/uploads\/2023\/09\/vetorvix1024_1.jpg\" alt=\"\" class=\"wp-image-44868\" width=\"531\" height=\"141\" srcset=\"https:\/\/jornalfatosenoticias.com.br\/wp-content\/uploads\/2023\/09\/vetorvix1024_1.jpg 1024w, https:\/\/jornalfatosenoticias.com.br\/wp-content\/uploads\/2023\/09\/vetorvix1024_1-300x80.jpg 300w, https:\/\/jornalfatosenoticias.com.br\/wp-content\/uploads\/2023\/09\/vetorvix1024_1-768x205.jpg 768w\" sizes=\"auto, (max-width: 531px) 100vw, 531px\" \/><\/figure><\/div>\n\n\n\n<p>Divulgada nesta segunda-feira (13), a primeira pesquisa da Genial\/Quaest sobre as elei\u00e7\u00f5es de 2026 mostra que 55% dos brasileiros acham que Lula (PT) n\u00e3o merece ser reeleito. Para 42%, Lula merece uma nova chance. Apesar do resultado, o petista lidera o ranking de inten\u00e7\u00f5es de voto com 47% da prefer\u00eancia.<br>Em segundo lugar na prefer\u00eancia de voto aparece o nome do ex-presidente Jair Bolsonaro (PL) com 39%. Outros 54% dos entrevistados disseram que n\u00e3o votariam no ex-presidente. Atualmente, Bolsonaro est\u00e1 ineleg\u00edvel por determina\u00e7\u00e3o do Tribunal Superior Eleitoral (TSE).<\/p>\n\n\n\n<div class=\"wp-block-image\"><figure class=\"aligncenter size-large\"><img loading=\"lazy\" decoding=\"async\" width=\"300\" height=\"250\" src=\"https:\/\/jornalfatosenoticias.com.br\/wp-content\/uploads\/2022\/02\/FERRARI_MAQUINAS-E-FERRAMENTAS2.jpg\" alt=\"\" class=\"wp-image-27860\"\/><\/figure><\/div>\n\n\n\n<p>Al\u00e9m de Lula, outros nomes do PT apareceram no levantamento. O atual ministro da Fazenda, Fernando Haddad, aparece com 32% das inten\u00e7\u00f5es de voto, empatado tecnicamente com a ex-primeira-dama, Michelle Bolsonaro (PL), que registrou 33% das inten\u00e7\u00f5es de voto.<\/p>\n\n\n\n<div class=\"wp-block-image\"><figure class=\"aligncenter size-large is-resized\"><img loading=\"lazy\" decoding=\"async\" src=\"https:\/\/jornalfatosenoticias.com.br\/wp-content\/uploads\/2023\/03\/logo-Panper_portal.jpg\" alt=\"\" class=\"wp-image-40208\" width=\"315\" height=\"218\" srcset=\"https:\/\/jornalfatosenoticias.com.br\/wp-content\/uploads\/2023\/03\/logo-Panper_portal.jpg 400w, https:\/\/jornalfatosenoticias.com.br\/wp-content\/uploads\/2023\/03\/logo-Panper_portal-300x208.jpg 300w\" sizes=\"auto, (max-width: 315px) 100vw, 315px\" \/><\/figure><\/div>\n\n\n\n<p>A presidente do PT, a deputada Gleisi Hoffmann (PR), aparece com 10% das inten\u00e7\u00f5es de voto. Outros 34% disseram que n\u00e3o votariam na petista e 53% disseram que n\u00e3o conhecem a parlamentar. Os governadores Tarc\u00edsio de Freitas (S\u00e3o Paulo), Ratinho J\u00fanior (Paran\u00e1), Romeu Zema (Minas Gerais) e Ronaldo Caiado (Goi\u00e1s) aparecem, respectivamente, com as seguintes inten\u00e7\u00f5es de votos: 28%, 21%,16% e 12%.<\/p>\n\n\n\n<div class=\"wp-block-image\"><figure class=\"aligncenter size-large is-resized\"><img loading=\"lazy\" decoding=\"async\" src=\"https:\/\/jornalfatosenoticias.com.br\/wp-content\/uploads\/2020\/02\/CONTROL-CS.jpg\" alt=\"\" class=\"wp-image-44991\" width=\"314\" height=\"376\" srcset=\"https:\/\/jornalfatosenoticias.com.br\/wp-content\/uploads\/2020\/02\/CONTROL-CS.jpg 834w, https:\/\/jornalfatosenoticias.com.br\/wp-content\/uploads\/2020\/02\/CONTROL-CS-250x300.jpg 250w, https:\/\/jornalfatosenoticias.com.br\/wp-content\/uploads\/2020\/02\/CONTROL-CS-768x921.jpg 768w\" sizes=\"auto, (max-width: 314px) 100vw, 314px\" \/><\/figure><\/div>\n\n\n\n<p>Em um cen\u00e1rio em que o ex-presidente Bolsonaro continue ineleg\u00edvel, a ex-primeira-dama, Michelle Bolsonaro, leva vantagem sobre o governador de S\u00e3o Paulo, que \u00e9 visto como poss\u00edvel substituto de Bolsonaro. Para 28% dos entrevistados, Michelle se sairia melhor enfrentando Lula, enquanto 24% apontaram prefer\u00eancia por Tarc\u00edsio.<\/p>\n\n\n\n<div class=\"wp-block-image\"><figure class=\"aligncenter size-large is-resized\"><img loading=\"lazy\" decoding=\"async\" src=\"https:\/\/jornalfatosenoticias.com.br\/wp-content\/uploads\/2023\/08\/ITH.jpeg\" alt=\"\" class=\"wp-image-44638\" width=\"328\" height=\"266\" srcset=\"https:\/\/jornalfatosenoticias.com.br\/wp-content\/uploads\/2023\/08\/ITH.jpeg 800w, https:\/\/jornalfatosenoticias.com.br\/wp-content\/uploads\/2023\/08\/ITH-300x244.jpeg 300w, https:\/\/jornalfatosenoticias.com.br\/wp-content\/uploads\/2023\/08\/ITH-768x624.jpeg 768w\" sizes=\"auto, (max-width: 328px) 100vw, 328px\" \/><\/figure><\/div>\n\n\n\n<p>Entre os eleitores que votaram em Bolsonaro em 2022, esse \u00edndice sobe para 41% a favor de Michelle e 33% a favor de Tarc\u00edsio. Os pesquisadores ouviram presencialmente 2045 pessoas, com 16 anos de idade ou mais, entre os dias 2 e 6 de maio. O n\u00edvel de confian\u00e7a \u00e9 de 95% e a margem de erro \u00e9 de 2,2 pontos percentuais para mais ou para menos.<\/p>\n\n\n\n<div class=\"wp-block-image\"><figure class=\"aligncenter size-large is-resized\"><img loading=\"lazy\" decoding=\"async\" src=\"https:\/\/jornalfatosenoticias.com.br\/wp-content\/uploads\/2023\/03\/nova-logo-Marquetti.jpg\" alt=\"\" class=\"wp-image-40207\" width=\"300\" height=\"201\" srcset=\"https:\/\/jornalfatosenoticias.com.br\/wp-content\/uploads\/2023\/03\/nova-logo-Marquetti.jpg 643w, https:\/\/jornalfatosenoticias.com.br\/wp-content\/uploads\/2023\/03\/nova-logo-Marquetti-300x202.jpg 300w\" sizes=\"auto, (max-width: 300px) 100vw, 300px\" \/><\/figure><\/div>\n\n\n\n<p><strong><em>Fonte: <a href=\"https:\/\/www.gazetadopovo.com.br\/republica\/55-dos-brasileiros-acham-que-lula-nao-merece-ser-reeleito-em-2026-diz-pesquisa\/\">Gazeta do Povo<\/a><\/em><\/strong><\/p>\n","protected":false},"excerpt":{"rendered":"<p>Por Di\u00f3genes Freire Feitosa Divulgada nesta segunda-feira (13), a primeira pesquisa da Genial\/Quaest sobre as elei\u00e7\u00f5es de 2026 mostra que 55% dos brasileiros acham que Lula (PT) n\u00e3o merece ser reeleito. Para 42%, Lula merece uma nova chance. Apesar do resultado, o petista lidera o ranking de inten\u00e7\u00f5es de voto com 47% da prefer\u00eancia.Em segundo [&hellip;]<\/p>\n","protected":false},"author":2,"featured_media":51226,"comment_status":"open","ping_status":"open","sticky":false,"template":"","format":"standard","meta":{"footnotes":""},"categories":[10],"tags":[239,1039,19047,18155,13869,3537,1795,19251,6826,13186,16335,20264,305,19192,1514],"class_list":["post-51225","post","type-post","status-publish","format-standard","has-post-thumbnail","hentry","category-politica","tag-bolsonaro","tag-eleicoes","tag-eleicoes-2026","tag-fernando-haddad","tag-gleisi-hoffmann","tag-governadores","tag-jair-bolsonaro","tag-michelle-bolsonaro","tag-presidente","tag-pt","tag-romeu-zema","tag-ronaldo-caiado","tag-sao-paulo","tag-tarcisio-de-freitas","tag-tse"],"yoast_head":"<!-- This site is optimized with the Yoast SEO plugin v26.5 - https:\/\/yoast.com\/wordpress\/plugins\/seo\/ -->\n<title>55% dos brasileiros acham que Lula n\u00e3o merece ser reeleito em 2026, diz pesquisa - Jornal Fatos e Not\u00edcias<\/title>\n<meta name=\"robots\" content=\"index, follow, max-snippet:-1, max-image-preview:large, max-video-preview:-1\" \/>\n<link rel=\"canonical\" href=\"https:\/\/jornalfatosenoticias.com.br\/index.php\/2024\/05\/13\/55-dos-brasileiros-acham-que-lula-nao-merece-ser-reeleito-em-2026-diz-pesquisa\/\" \/>\n<meta property=\"og:locale\" content=\"pt_BR\" \/>\n<meta property=\"og:type\" content=\"article\" \/>\n<meta property=\"og:title\" content=\"55% dos brasileiros acham que Lula n\u00e3o merece ser reeleito em 2026, diz pesquisa - Jornal Fatos e Not\u00edcias\" \/>\n<meta property=\"og:description\" content=\"Por Di\u00f3genes Freire Feitosa Divulgada nesta segunda-feira (13), a primeira pesquisa da Genial\/Quaest sobre as elei\u00e7\u00f5es de 2026 mostra que 55% dos brasileiros acham que Lula (PT) n\u00e3o merece ser reeleito. Para 42%, Lula merece uma nova chance. Apesar do resultado, o petista lidera o ranking de inten\u00e7\u00f5es de voto com 47% da prefer\u00eancia.Em segundo [&hellip;]\" \/>\n<meta property=\"og:url\" content=\"https:\/\/jornalfatosenoticias.com.br\/index.php\/2024\/05\/13\/55-dos-brasileiros-acham-que-lula-nao-merece-ser-reeleito-em-2026-diz-pesquisa\/\" \/>\n<meta property=\"og:site_name\" content=\"Jornal Fatos e Not\u00edcias\" \/>\n<meta property=\"article:published_time\" content=\"2024-05-13T18:46:51+00:00\" \/>\n<meta property=\"article:modified_time\" content=\"2024-05-13T18:46:52+00:00\" \/>\n<meta property=\"og:image\" content=\"https:\/\/jornalfatosenoticias.com.br\/wp-content\/uploads\/2024\/05\/lulamolusco_gettyimages.jpg\" \/>\n\t<meta property=\"og:image:width\" content=\"612\" \/>\n\t<meta property=\"og:image:height\" content=\"407\" \/>\n\t<meta property=\"og:image:type\" content=\"image\/jpeg\" \/>\n<meta name=\"author\" content=\"Luzimara Fernandes\" \/>\n<meta name=\"twitter:card\" content=\"summary_large_image\" \/>\n<meta name=\"twitter:label1\" content=\"Escrito por\" \/>\n\t<meta name=\"twitter:data1\" content=\"Luzimara Fernandes\" \/>\n\t<meta name=\"twitter:label2\" content=\"Est. tempo de leitura\" \/>\n\t<meta name=\"twitter:data2\" content=\"2 minutos\" \/>\n<script type=\"application\/ld+json\" class=\"yoast-schema-graph\">{\"@context\":\"https:\/\/schema.org\",\"@graph\":[{\"@type\":\"Article\",\"@id\":\"https:\/\/jornalfatosenoticias.com.br\/index.php\/2024\/05\/13\/55-dos-brasileiros-acham-que-lula-nao-merece-ser-reeleito-em-2026-diz-pesquisa\/#article\",\"isPartOf\":{\"@id\":\"https:\/\/jornalfatosenoticias.com.br\/index.php\/2024\/05\/13\/55-dos-brasileiros-acham-que-lula-nao-merece-ser-reeleito-em-2026-diz-pesquisa\/\"},\"author\":{\"name\":\"Luzimara Fernandes\",\"@id\":\"https:\/\/jornalfatosenoticias.com.br\/#\/schema\/person\/d63837fa13ac8666eb9e74e0985d6f81\"},\"headline\":\"55% dos brasileiros acham que Lula n\u00e3o merece ser reeleito em 2026, diz pesquisa\",\"datePublished\":\"2024-05-13T18:46:51+00:00\",\"dateModified\":\"2024-05-13T18:46:52+00:00\",\"mainEntityOfPage\":{\"@id\":\"https:\/\/jornalfatosenoticias.com.br\/index.php\/2024\/05\/13\/55-dos-brasileiros-acham-que-lula-nao-merece-ser-reeleito-em-2026-diz-pesquisa\/\"},\"wordCount\":324,\"commentCount\":0,\"publisher\":{\"@id\":\"https:\/\/jornalfatosenoticias.com.br\/#organization\"},\"image\":{\"@id\":\"https:\/\/jornalfatosenoticias.com.br\/index.php\/2024\/05\/13\/55-dos-brasileiros-acham-que-lula-nao-merece-ser-reeleito-em-2026-diz-pesquisa\/#primaryimage\"},\"thumbnailUrl\":\"https:\/\/jornalfatosenoticias.com.br\/wp-content\/uploads\/2024\/05\/lulamolusco_gettyimages.jpg\",\"keywords\":[\"Bolsonaro\",\"elei\u00e7\u00f5es\",\"Elei\u00e7\u00f5es 2026\",\"Fernando Haddad\",\"Gleisi Hoffmann\",\"governadores\",\"Jair Bolsonaro\",\"Michelle Bolsonaro\",\"presidente\",\"PT\",\"Romeu Zema\",\"Ronaldo Caiado\",\"S\u00e3o Paulo\",\"Tarc\u00edsio de Freitas\",\"TSE\"],\"articleSection\":[\"Pol\u00edtica\"],\"inLanguage\":\"pt-BR\",\"potentialAction\":[{\"@type\":\"CommentAction\",\"name\":\"Comment\",\"target\":[\"https:\/\/jornalfatosenoticias.com.br\/index.php\/2024\/05\/13\/55-dos-brasileiros-acham-que-lula-nao-merece-ser-reeleito-em-2026-diz-pesquisa\/#respond\"]}]},{\"@type\":\"WebPage\",\"@id\":\"https:\/\/jornalfatosenoticias.com.br\/index.php\/2024\/05\/13\/55-dos-brasileiros-acham-que-lula-nao-merece-ser-reeleito-em-2026-diz-pesquisa\/\",\"url\":\"https:\/\/jornalfatosenoticias.com.br\/index.php\/2024\/05\/13\/55-dos-brasileiros-acham-que-lula-nao-merece-ser-reeleito-em-2026-diz-pesquisa\/\",\"name\":\"55% dos brasileiros acham que Lula n\u00e3o merece ser reeleito em 2026, diz pesquisa - Jornal Fatos e Not\u00edcias\",\"isPartOf\":{\"@id\":\"https:\/\/jornalfatosenoticias.com.br\/#website\"},\"primaryImageOfPage\":{\"@id\":\"https:\/\/jornalfatosenoticias.com.br\/index.php\/2024\/05\/13\/55-dos-brasileiros-acham-que-lula-nao-merece-ser-reeleito-em-2026-diz-pesquisa\/#primaryimage\"},\"image\":{\"@id\":\"https:\/\/jornalfatosenoticias.com.br\/index.php\/2024\/05\/13\/55-dos-brasileiros-acham-que-lula-nao-merece-ser-reeleito-em-2026-diz-pesquisa\/#primaryimage\"},\"thumbnailUrl\":\"https:\/\/jornalfatosenoticias.com.br\/wp-content\/uploads\/2024\/05\/lulamolusco_gettyimages.jpg\",\"datePublished\":\"2024-05-13T18:46:51+00:00\",\"dateModified\":\"2024-05-13T18:46:52+00:00\",\"breadcrumb\":{\"@id\":\"https:\/\/jornalfatosenoticias.com.br\/index.php\/2024\/05\/13\/55-dos-brasileiros-acham-que-lula-nao-merece-ser-reeleito-em-2026-diz-pesquisa\/#breadcrumb\"},\"inLanguage\":\"pt-BR\",\"potentialAction\":[{\"@type\":\"ReadAction\",\"target\":[\"https:\/\/jornalfatosenoticias.com.br\/index.php\/2024\/05\/13\/55-dos-brasileiros-acham-que-lula-nao-merece-ser-reeleito-em-2026-diz-pesquisa\/\"]}]},{\"@type\":\"ImageObject\",\"inLanguage\":\"pt-BR\",\"@id\":\"https:\/\/jornalfatosenoticias.com.br\/index.php\/2024\/05\/13\/55-dos-brasileiros-acham-que-lula-nao-merece-ser-reeleito-em-2026-diz-pesquisa\/#primaryimage\",\"url\":\"https:\/\/jornalfatosenoticias.com.br\/wp-content\/uploads\/2024\/05\/lulamolusco_gettyimages.jpg\",\"contentUrl\":\"https:\/\/jornalfatosenoticias.com.br\/wp-content\/uploads\/2024\/05\/lulamolusco_gettyimages.jpg\",\"width\":612,\"height\":407,\"caption\":\"Brazil's President Luis Inacio Lula da Silva is participating in his official visit to Bogota, Colombia, on April 17, 2024. (Photo by Sebastian Barros\/NurPhoto via Getty Images)\"},{\"@type\":\"BreadcrumbList\",\"@id\":\"https:\/\/jornalfatosenoticias.com.br\/index.php\/2024\/05\/13\/55-dos-brasileiros-acham-que-lula-nao-merece-ser-reeleito-em-2026-diz-pesquisa\/#breadcrumb\",\"itemListElement\":[{\"@type\":\"ListItem\",\"position\":1,\"name\":\"In\u00edcio\",\"item\":\"https:\/\/jornalfatosenoticias.com.br\/\"},{\"@type\":\"ListItem\",\"position\":2,\"name\":\"55% dos brasileiros acham que Lula n\u00e3o merece ser reeleito em 2026, diz pesquisa\"}]},{\"@type\":\"WebSite\",\"@id\":\"https:\/\/jornalfatosenoticias.com.br\/#website\",\"url\":\"https:\/\/jornalfatosenoticias.com.br\/\",\"name\":\"Jornal Fatos e Not\u00edcias\",\"description\":\"Not\u00edcias em geral\",\"publisher\":{\"@id\":\"https:\/\/jornalfatosenoticias.com.br\/#organization\"},\"potentialAction\":[{\"@type\":\"SearchAction\",\"target\":{\"@type\":\"EntryPoint\",\"urlTemplate\":\"https:\/\/jornalfatosenoticias.com.br\/?s={search_term_string}\"},\"query-input\":{\"@type\":\"PropertyValueSpecification\",\"valueRequired\":true,\"valueName\":\"search_term_string\"}}],\"inLanguage\":\"pt-BR\"},{\"@type\":\"Organization\",\"@id\":\"https:\/\/jornalfatosenoticias.com.br\/#organization\",\"name\":\"Jornal Fatos e Not\u00edcias\",\"url\":\"https:\/\/jornalfatosenoticias.com.br\/\",\"logo\":{\"@type\":\"ImageObject\",\"inLanguage\":\"pt-BR\",\"@id\":\"https:\/\/jornalfatosenoticias.com.br\/#\/schema\/logo\/image\/\",\"url\":\"https:\/\/jornalfatosenoticias.com.br\/wp-content\/uploads\/2020\/02\/logo120.png\",\"contentUrl\":\"https:\/\/jornalfatosenoticias.com.br\/wp-content\/uploads\/2020\/02\/logo120.png\",\"width\":1227,\"height\":120,\"caption\":\"Jornal Fatos e Not\u00edcias\"},\"image\":{\"@id\":\"https:\/\/jornalfatosenoticias.com.br\/#\/schema\/logo\/image\/\"}},{\"@type\":\"Person\",\"@id\":\"https:\/\/jornalfatosenoticias.com.br\/#\/schema\/person\/d63837fa13ac8666eb9e74e0985d6f81\",\"name\":\"Luzimara Fernandes\",\"image\":{\"@type\":\"ImageObject\",\"inLanguage\":\"pt-BR\",\"@id\":\"https:\/\/jornalfatosenoticias.com.br\/#\/schema\/person\/image\/\",\"url\":\"https:\/\/jornalfatosenoticias.com.br\/wp-content\/uploads\/2025\/05\/EU_portal.jpg\",\"contentUrl\":\"https:\/\/jornalfatosenoticias.com.br\/wp-content\/uploads\/2025\/05\/EU_portal.jpg\",\"caption\":\"Luzimara Fernandes\"},\"description\":\"Jornalista MTB 2358-ES\",\"sameAs\":[\"https:\/\/jornalfatosenoticias.com.br\"],\"url\":\"https:\/\/jornalfatosenoticias.com.br\/index.php\/author\/luzimara\/\"}]}<\/script>\n<!-- \/ Yoast SEO plugin. -->","yoast_head_json":{"title":"55% dos brasileiros acham que Lula n\u00e3o merece ser reeleito em 2026, diz pesquisa - Jornal Fatos e Not\u00edcias","robots":{"index":"index","follow":"follow","max-snippet":"max-snippet:-1","max-image-preview":"max-image-preview:large","max-video-preview":"max-video-preview:-1"},"canonical":"https:\/\/jornalfatosenoticias.com.br\/index.php\/2024\/05\/13\/55-dos-brasileiros-acham-que-lula-nao-merece-ser-reeleito-em-2026-diz-pesquisa\/","og_locale":"pt_BR","og_type":"article","og_title":"55% dos brasileiros acham que Lula n\u00e3o merece ser reeleito em 2026, diz pesquisa - Jornal Fatos e Not\u00edcias","og_description":"Por Di\u00f3genes Freire Feitosa Divulgada nesta segunda-feira (13), a primeira pesquisa da Genial\/Quaest sobre as elei\u00e7\u00f5es de 2026 mostra que 55% dos brasileiros acham que Lula (PT) n\u00e3o merece ser reeleito. Para 42%, Lula merece uma nova chance. Apesar do resultado, o petista lidera o ranking de inten\u00e7\u00f5es de voto com 47% da prefer\u00eancia.Em segundo [&hellip;]","og_url":"https:\/\/jornalfatosenoticias.com.br\/index.php\/2024\/05\/13\/55-dos-brasileiros-acham-que-lula-nao-merece-ser-reeleito-em-2026-diz-pesquisa\/","og_site_name":"Jornal Fatos e Not\u00edcias","article_published_time":"2024-05-13T18:46:51+00:00","article_modified_time":"2024-05-13T18:46:52+00:00","og_image":[{"width":612,"height":407,"url":"https:\/\/jornalfatosenoticias.com.br\/wp-content\/uploads\/2024\/05\/lulamolusco_gettyimages.jpg","type":"image\/jpeg"}],"author":"Luzimara Fernandes","twitter_card":"summary_large_image","twitter_misc":{"Escrito por":"Luzimara Fernandes","Est. tempo de leitura":"2 minutos"},"schema":{"@context":"https:\/\/schema.org","@graph":[{"@type":"Article","@id":"https:\/\/jornalfatosenoticias.com.br\/index.php\/2024\/05\/13\/55-dos-brasileiros-acham-que-lula-nao-merece-ser-reeleito-em-2026-diz-pesquisa\/#article","isPartOf":{"@id":"https:\/\/jornalfatosenoticias.com.br\/index.php\/2024\/05\/13\/55-dos-brasileiros-acham-que-lula-nao-merece-ser-reeleito-em-2026-diz-pesquisa\/"},"author":{"name":"Luzimara Fernandes","@id":"https:\/\/jornalfatosenoticias.com.br\/#\/schema\/person\/d63837fa13ac8666eb9e74e0985d6f81"},"headline":"55% dos brasileiros acham que Lula n\u00e3o merece ser reeleito em 2026, diz pesquisa","datePublished":"2024-05-13T18:46:51+00:00","dateModified":"2024-05-13T18:46:52+00:00","mainEntityOfPage":{"@id":"https:\/\/jornalfatosenoticias.com.br\/index.php\/2024\/05\/13\/55-dos-brasileiros-acham-que-lula-nao-merece-ser-reeleito-em-2026-diz-pesquisa\/"},"wordCount":324,"commentCount":0,"publisher":{"@id":"https:\/\/jornalfatosenoticias.com.br\/#organization"},"image":{"@id":"https:\/\/jornalfatosenoticias.com.br\/index.php\/2024\/05\/13\/55-dos-brasileiros-acham-que-lula-nao-merece-ser-reeleito-em-2026-diz-pesquisa\/#primaryimage"},"thumbnailUrl":"https:\/\/jornalfatosenoticias.com.br\/wp-content\/uploads\/2024\/05\/lulamolusco_gettyimages.jpg","keywords":["Bolsonaro","elei\u00e7\u00f5es","Elei\u00e7\u00f5es 2026","Fernando Haddad","Gleisi Hoffmann","governadores","Jair Bolsonaro","Michelle Bolsonaro","presidente","PT","Romeu Zema","Ronaldo Caiado","S\u00e3o Paulo","Tarc\u00edsio de Freitas","TSE"],"articleSection":["Pol\u00edtica"],"inLanguage":"pt-BR","potentialAction":[{"@type":"CommentAction","name":"Comment","target":["https:\/\/jornalfatosenoticias.com.br\/index.php\/2024\/05\/13\/55-dos-brasileiros-acham-que-lula-nao-merece-ser-reeleito-em-2026-diz-pesquisa\/#respond"]}]},{"@type":"WebPage","@id":"https:\/\/jornalfatosenoticias.com.br\/index.php\/2024\/05\/13\/55-dos-brasileiros-acham-que-lula-nao-merece-ser-reeleito-em-2026-diz-pesquisa\/","url":"https:\/\/jornalfatosenoticias.com.br\/index.php\/2024\/05\/13\/55-dos-brasileiros-acham-que-lula-nao-merece-ser-reeleito-em-2026-diz-pesquisa\/","name":"55% dos brasileiros acham que Lula n\u00e3o merece ser reeleito em 2026, diz pesquisa - Jornal Fatos e Not\u00edcias","isPartOf":{"@id":"https:\/\/jornalfatosenoticias.com.br\/#website"},"primaryImageOfPage":{"@id":"https:\/\/jornalfatosenoticias.com.br\/index.php\/2024\/05\/13\/55-dos-brasileiros-acham-que-lula-nao-merece-ser-reeleito-em-2026-diz-pesquisa\/#primaryimage"},"image":{"@id":"https:\/\/jornalfatosenoticias.com.br\/index.php\/2024\/05\/13\/55-dos-brasileiros-acham-que-lula-nao-merece-ser-reeleito-em-2026-diz-pesquisa\/#primaryimage"},"thumbnailUrl":"https:\/\/jornalfatosenoticias.com.br\/wp-content\/uploads\/2024\/05\/lulamolusco_gettyimages.jpg","datePublished":"2024-05-13T18:46:51+00:00","dateModified":"2024-05-13T18:46:52+00:00","breadcrumb":{"@id":"https:\/\/jornalfatosenoticias.com.br\/index.php\/2024\/05\/13\/55-dos-brasileiros-acham-que-lula-nao-merece-ser-reeleito-em-2026-diz-pesquisa\/#breadcrumb"},"inLanguage":"pt-BR","potentialAction":[{"@type":"ReadAction","target":["https:\/\/jornalfatosenoticias.com.br\/index.php\/2024\/05\/13\/55-dos-brasileiros-acham-que-lula-nao-merece-ser-reeleito-em-2026-diz-pesquisa\/"]}]},{"@type":"ImageObject","inLanguage":"pt-BR","@id":"https:\/\/jornalfatosenoticias.com.br\/index.php\/2024\/05\/13\/55-dos-brasileiros-acham-que-lula-nao-merece-ser-reeleito-em-2026-diz-pesquisa\/#primaryimage","url":"https:\/\/jornalfatosenoticias.com.br\/wp-content\/uploads\/2024\/05\/lulamolusco_gettyimages.jpg","contentUrl":"https:\/\/jornalfatosenoticias.com.br\/wp-content\/uploads\/2024\/05\/lulamolusco_gettyimages.jpg","width":612,"height":407,"caption":"Brazil's President Luis Inacio Lula da Silva is participating in his official visit to Bogota, Colombia, on April 17, 2024. (Photo by Sebastian Barros\/NurPhoto via Getty Images)"},{"@type":"BreadcrumbList","@id":"https:\/\/jornalfatosenoticias.com.br\/index.php\/2024\/05\/13\/55-dos-brasileiros-acham-que-lula-nao-merece-ser-reeleito-em-2026-diz-pesquisa\/#breadcrumb","itemListElement":[{"@type":"ListItem","position":1,"name":"In\u00edcio","item":"https:\/\/jornalfatosenoticias.com.br\/"},{"@type":"ListItem","position":2,"name":"55% dos brasileiros acham que Lula n\u00e3o merece ser reeleito em 2026, diz pesquisa"}]},{"@type":"WebSite","@id":"https:\/\/jornalfatosenoticias.com.br\/#website","url":"https:\/\/jornalfatosenoticias.com.br\/","name":"Jornal Fatos e Not\u00edcias","description":"Not\u00edcias em geral","publisher":{"@id":"https:\/\/jornalfatosenoticias.com.br\/#organization"},"potentialAction":[{"@type":"SearchAction","target":{"@type":"EntryPoint","urlTemplate":"https:\/\/jornalfatosenoticias.com.br\/?s={search_term_string}"},"query-input":{"@type":"PropertyValueSpecification","valueRequired":true,"valueName":"search_term_string"}}],"inLanguage":"pt-BR"},{"@type":"Organization","@id":"https:\/\/jornalfatosenoticias.com.br\/#organization","name":"Jornal Fatos e Not\u00edcias","url":"https:\/\/jornalfatosenoticias.com.br\/","logo":{"@type":"ImageObject","inLanguage":"pt-BR","@id":"https:\/\/jornalfatosenoticias.com.br\/#\/schema\/logo\/image\/","url":"https:\/\/jornalfatosenoticias.com.br\/wp-content\/uploads\/2020\/02\/logo120.png","contentUrl":"https:\/\/jornalfatosenoticias.com.br\/wp-content\/uploads\/2020\/02\/logo120.png","width":1227,"height":120,"caption":"Jornal Fatos e Not\u00edcias"},"image":{"@id":"https:\/\/jornalfatosenoticias.com.br\/#\/schema\/logo\/image\/"}},{"@type":"Person","@id":"https:\/\/jornalfatosenoticias.com.br\/#\/schema\/person\/d63837fa13ac8666eb9e74e0985d6f81","name":"Luzimara Fernandes","image":{"@type":"ImageObject","inLanguage":"pt-BR","@id":"https:\/\/jornalfatosenoticias.com.br\/#\/schema\/person\/image\/","url":"https:\/\/jornalfatosenoticias.com.br\/wp-content\/uploads\/2025\/05\/EU_portal.jpg","contentUrl":"https:\/\/jornalfatosenoticias.com.br\/wp-content\/uploads\/2025\/05\/EU_portal.jpg","caption":"Luzimara Fernandes"},"description":"Jornalista MTB 2358-ES","sameAs":["https:\/\/jornalfatosenoticias.com.br"],"url":"https:\/\/jornalfatosenoticias.com.br\/index.php\/author\/luzimara\/"}]}},"cc_featured_image_caption":{"caption_text":"(Foto: Getty Images) ","source_text":"","source_url":""},"jetpack_featured_media_url":"https:\/\/jornalfatosenoticias.com.br\/wp-content\/uploads\/2024\/05\/lulamolusco_gettyimages.jpg","_links":{"self":[{"href":"https:\/\/jornalfatosenoticias.com.br\/index.php\/wp-json\/wp\/v2\/posts\/51225","targetHints":{"allow":["GET"]}}],"collection":[{"href":"https:\/\/jornalfatosenoticias.com.br\/index.php\/wp-json\/wp\/v2\/posts"}],"about":[{"href":"https:\/\/jornalfatosenoticias.com.br\/index.php\/wp-json\/wp\/v2\/types\/post"}],"author":[{"embeddable":true,"href":"https:\/\/jornalfatosenoticias.com.br\/index.php\/wp-json\/wp\/v2\/users\/2"}],"replies":[{"embeddable":true,"href":"https:\/\/jornalfatosenoticias.com.br\/index.php\/wp-json\/wp\/v2\/comments?post=51225"}],"version-history":[{"count":0,"href":"https:\/\/jornalfatosenoticias.com.br\/index.php\/wp-json\/wp\/v2\/posts\/51225\/revisions"}],"wp:featuredmedia":[{"embeddable":true,"href":"https:\/\/jornalfatosenoticias.com.br\/index.php\/wp-json\/wp\/v2\/media\/51226"}],"wp:attachment":[{"href":"https:\/\/jornalfatosenoticias.com.br\/index.php\/wp-json\/wp\/v2\/media?parent=51225"}],"wp:term":[{"taxonomy":"category","embeddable":true,"href":"https:\/\/jornalfatosenoticias.com.br\/index.php\/wp-json\/wp\/v2\/categories?post=51225"},{"taxonomy":"post_tag","embeddable":true,"href":"https:\/\/jornalfatosenoticias.com.br\/index.php\/wp-json\/wp\/v2\/tags?post=51225"}],"curies":[{"name":"wp","href":"https:\/\/api.w.org\/{rel}","templated":true}]}}