{"id":51246,"date":"2024-05-14T11:26:33","date_gmt":"2024-05-14T14:26:33","guid":{"rendered":"https:\/\/jornalfatosenoticias.com.br\/?p=51246"},"modified":"2024-05-14T11:26:35","modified_gmt":"2024-05-14T14:26:35","slug":"centro-de-conservacao-para-a-ararinha-azul-e-inaugurado-em-sp","status":"publish","type":"post","link":"https:\/\/jornalfatosenoticias.com.br\/index.php\/2024\/05\/14\/centro-de-conservacao-para-a-ararinha-azul-e-inaugurado-em-sp\/","title":{"rendered":"Centro de Conserva\u00e7\u00e3o para a ararinha-azul \u00e9 inaugurado em SP"},"content":{"rendered":"\n<p><em><span class=\"has-inline-color has-black-color\">Esp\u00e9cie rara ganha programa de reprodu\u00e7\u00e3o que visa sua reintrodu\u00e7\u00e3o na natureza<\/span><\/em><\/p>\n\n\n\n<div class=\"wp-block-image\"><figure class=\"aligncenter size-large\"><img loading=\"lazy\" decoding=\"async\" width=\"1024\" height=\"111\" src=\"https:\/\/jornalfatosenoticias.com.br\/wp-content\/uploads\/2020\/02\/WhatsApp-Image-2022-09-23-at-12.09.18-1024x111.jpeg\" alt=\"\" class=\"wp-image-34527\" srcset=\"https:\/\/jornalfatosenoticias.com.br\/wp-content\/uploads\/2020\/02\/WhatsApp-Image-2022-09-23-at-12.09.18-1024x111.jpeg 1024w, https:\/\/jornalfatosenoticias.com.br\/wp-content\/uploads\/2020\/02\/WhatsApp-Image-2022-09-23-at-12.09.18-300x32.jpeg 300w, https:\/\/jornalfatosenoticias.com.br\/wp-content\/uploads\/2020\/02\/WhatsApp-Image-2022-09-23-at-12.09.18-768x83.jpeg 768w, https:\/\/jornalfatosenoticias.com.br\/wp-content\/uploads\/2020\/02\/WhatsApp-Image-2022-09-23-at-12.09.18.jpeg 1121w\" sizes=\"auto, (max-width: 1024px) 100vw, 1024px\" \/><\/figure><\/div>\n\n\n\n<p>O Zool\u00f3gico de S\u00e3o Paulo, localizado na \u00c1gua Funda, acaba de inaugurar o Centro de Conserva\u00e7\u00e3o ararinha-azul. A institui\u00e7\u00e3o foi escolhida para abrigar 27 animais desta esp\u00e9cie, uma das mais raras do mundo. Segundo explica a bi\u00f3loga respons\u00e1vel pelo setor de aves no Zoo, Fernanda Vaz Guida, o Centro Nacional de Pesquisa e Conserva\u00e7\u00e3o de Aves Silvestres (Cemave), do ICMBio, procurou a institui\u00e7\u00e3o em busca de um abrigo tempor\u00e1rio para alguns indiv\u00edduos. <\/p>\n\n\n\n<blockquote class=\"wp-block-quote is-layout-flow wp-block-quote-is-layout-flow\"><p><span class=\"has-inline-color has-luminous-vivid-orange-color\">Foi ent\u00e3o que tomamos a decis\u00e3o de n\u00e3o s\u00f3 atender este pedido de abrigo, mas criar um centro para manuten\u00e7\u00e3o e reprodu\u00e7\u00e3o da esp\u00e9cie para trabalhar com elas a longo prazo\u201d, conta.<\/span><\/p><\/blockquote>\n\n\n\n<div class=\"wp-block-image\"><figure class=\"aligncenter size-large\"><img loading=\"lazy\" decoding=\"async\" width=\"300\" height=\"250\" src=\"https:\/\/jornalfatosenoticias.com.br\/wp-content\/uploads\/2020\/02\/Banner-2.png\" alt=\"\" class=\"wp-image-43787\"\/><\/figure><\/div>\n\n\n\n<p>Durante a cerim\u00f4nia de inaugura\u00e7\u00e3o do novo espa\u00e7o, o diretor do ICMBio, Marcelo Marcelino, agradeceu ao acolhimento, rapidez e efici\u00eancia do zool\u00f3gico de S\u00e3o Paulo ao atender o pedido. <\/p>\n\n\n\n<div class=\"wp-block-image\"><figure class=\"aligncenter size-large\"><img decoding=\"async\" src=\"https:\/\/jornalfatosenoticias.com.br\/wp-content\/uploads\/2020\/02\/logo_esteio.jpg\" alt=\"\" class=\"wp-image-1214\"\/><\/figure><\/div>\n\n\n\n<blockquote class=\"wp-block-quote is-layout-flow wp-block-quote-is-layout-flow\"><p><span class=\"has-inline-color has-luminous-vivid-orange-color\">Fizemos contato com o Zoo SP e j\u00e1 tomaram a decis\u00e3o desta grande iniciativa de criar o centro de conserva\u00e7\u00e3o\u201d, diz.<\/span><\/p><\/blockquote>\n\n\n\n<div class=\"wp-block-image\"><figure class=\"aligncenter size-large is-resized\"><img loading=\"lazy\" decoding=\"async\" src=\"https:\/\/jornalfatosenoticias.com.br\/wp-content\/uploads\/2023\/03\/nova-logo-Marquetti.jpg\" alt=\"\" class=\"wp-image-40207\" width=\"332\" height=\"223\" srcset=\"https:\/\/jornalfatosenoticias.com.br\/wp-content\/uploads\/2023\/03\/nova-logo-Marquetti.jpg 643w, https:\/\/jornalfatosenoticias.com.br\/wp-content\/uploads\/2023\/03\/nova-logo-Marquetti-300x202.jpg 300w\" sizes=\"auto, (max-width: 332px) 100vw, 332px\" \/><\/figure><\/div>\n\n\n\n<p>O novo espa\u00e7o em SP, constru\u00eddo exclusivamente para as ararinhas, possui 900 metros quadrados e conta com salas de incuba\u00e7\u00e3o de ovos, \u201cmaternidade\u201d com controle de temperatura e ilumina\u00e7\u00e3o, sala para atendimento veterin\u00e1rio, al\u00e9m de cozinha e escrit\u00f3rio. O local ainda possui ambientes para as aves com espa\u00e7os cobertos e ao livre com capacidade para abrigar at\u00e9 44 ararinhas.<\/p>\n\n\n\n<div class=\"wp-block-image\"><figure class=\"aligncenter size-large\"><img decoding=\"async\" src=\"https:\/\/jornalfatosenoticias.com.br\/wp-content\/uploads\/2020\/02\/barao-das-carnes-300x164-1.jpg\" alt=\"\" class=\"wp-image-34339\"\/><\/figure><\/div>\n\n\n\n<p>O objetivo do centro \u00e9 oferecer os mais altos padr\u00f5es de cuidado para os animais existentes e fomentar sua reprodu\u00e7\u00e3o para, futuramente, possibilitar o retorno de indiv\u00edduos para a natureza. O grupo do zool\u00f3gico \u00e9 composto por seis casais, dos quais um \u00e9 rec\u00e9m-formado. Os outros 15, s\u00e3o jovens e ainda v\u00e3o alcan\u00e7ar a maturidade sexual.<\/p>\n\n\n\n<div class=\"wp-block-image\"><figure class=\"aligncenter size-large is-resized\"><img loading=\"lazy\" decoding=\"async\" src=\"https:\/\/jornalfatosenoticias.com.br\/wp-content\/uploads\/2022\/02\/Precisao-Contabilidade-1024x724.jpg\" alt=\"\" class=\"wp-image-28088\" width=\"389\" height=\"275\"\/><\/figure><\/div>\n\n\n\n<p><strong><span class=\"has-inline-color has-vivid-green-cyan-color\">Import\u00e2ncia da ararinha-azul<br><\/span><\/strong>A ararinha-azul inspirou o personagem \u201cBlue\u201d na famosa anima\u00e7\u00e3o intitulada \u201cRio\u201d. O filme conta a hist\u00f3ria de uma ave capturada do Brasil e traficada para os Estados Unidos, uma situa\u00e7\u00e3o que realmente representa uma realidade, uma vez que o Brasil \u00e9 um dos maiores mercados para o <a href=\"https:\/\/ciclovivo.com.br\/planeta\/meio-ambiente\/brasil-maiores-mercados-trafico-de-animais\/\" target=\"_blank\" rel=\"noreferrer noopener\">tr\u00e1fico de animais<\/a> no mundo.<\/p>\n\n\n\n<div class=\"wp-block-image\"><figure class=\"aligncenter size-large is-resized\"><img loading=\"lazy\" decoding=\"async\" src=\"https:\/\/jornalfatosenoticias.com.br\/wp-content\/uploads\/2020\/02\/logo-Rapuzel-1024x571.jpg\" alt=\"\" class=\"wp-image-42808\" width=\"344\" height=\"192\" srcset=\"https:\/\/jornalfatosenoticias.com.br\/wp-content\/uploads\/2020\/02\/logo-Rapuzel-1024x571.jpg 1024w, https:\/\/jornalfatosenoticias.com.br\/wp-content\/uploads\/2020\/02\/logo-Rapuzel-300x167.jpg 300w, https:\/\/jornalfatosenoticias.com.br\/wp-content\/uploads\/2020\/02\/logo-Rapuzel-768x428.jpg 768w, https:\/\/jornalfatosenoticias.com.br\/wp-content\/uploads\/2020\/02\/logo-Rapuzel-1536x856.jpg 1536w, https:\/\/jornalfatosenoticias.com.br\/wp-content\/uploads\/2020\/02\/logo-Rapuzel.jpg 1600w\" sizes=\"auto, (max-width: 344px) 100vw, 344px\" \/><\/figure><\/div>\n\n\n\n<p>Atualmente, a ararinha-azul \u00e9 considerada \u201cExtinta na natureza\u201d de acordo com a Lista Vermelha Global de Esp\u00e9cies Amea\u00e7adas da Uni\u00e3o Internacional para a Conserva\u00e7\u00e3o da Natureza \u2014 UICN e categorizada como \u201cCriticamente em Perigo de Extin\u00e7\u00e3o\u201d (CR) na Lista Brasileira Oficial de Esp\u00e9cies Amea\u00e7adas de <a href=\"https:\/\/ciclovivo.com.br\/planeta\/meio-ambiente\/mais-de-22-das-especies-migratorias-do-mundo-correm-risco-de-extincao\/\" target=\"_blank\" rel=\"noreferrer noopener\">Extin\u00e7\u00e3o<\/a>.<\/p>\n\n\n\n<div class=\"wp-block-image\"><figure class=\"aligncenter size-large is-resized\"><img loading=\"lazy\" decoding=\"async\" src=\"https:\/\/jornalfatosenoticias.com.br\/wp-content\/uploads\/2023\/12\/pegoretti-logo-pdf-1024x389.jpg\" alt=\"\" class=\"wp-image-47536\" width=\"535\" height=\"203\" srcset=\"https:\/\/jornalfatosenoticias.com.br\/wp-content\/uploads\/2023\/12\/pegoretti-logo-pdf-1024x389.jpg 1024w, https:\/\/jornalfatosenoticias.com.br\/wp-content\/uploads\/2023\/12\/pegoretti-logo-pdf-300x114.jpg 300w, https:\/\/jornalfatosenoticias.com.br\/wp-content\/uploads\/2023\/12\/pegoretti-logo-pdf-768x291.jpg 768w, https:\/\/jornalfatosenoticias.com.br\/wp-content\/uploads\/2023\/12\/pegoretti-logo-pdf.jpg 1120w\" sizes=\"auto, (max-width: 535px) 100vw, 535px\" \/><\/figure><\/div>\n\n\n\n<p>Em todo o globo, a popula\u00e7\u00e3o atual de ararinhas-azuis mantidas sob cuidados humanos conta com aproximadamente 330 indiv\u00edduos dos quais 85 est\u00e3o em institui\u00e7\u00f5es no Brasil. Com nome cient\u00edfico <em>Cyanopsitta spixi<\/em>, a ave \u00e9 nativa e end\u00eamica da regi\u00e3o de Curu\u00e7\u00e1, na Bahia, cujo bioma \u00e9 a <a href=\"https:\/\/ciclovivo.com.br\/planeta\/meio-ambiente\/depois-de-22-anos-ararinha-azul-volta-aos-ceus-da-caatinga\/\" target=\"_blank\" rel=\"noreferrer noopener\">Caatinga<\/a> \u2014 este ali\u00e1s \u00e9 um dos pontos falhos do filme Rio que mostra a Mata Atl\u00e2ntica como habitat natural da esp\u00e9cie. <strong>O Centro de Conserva\u00e7\u00e3o para Ararinha-Azul em SP n\u00e3o est\u00e1 aberto \u00e0 visita\u00e7\u00e3o p\u00fablica.<\/strong><\/p>\n\n\n\n<div class=\"wp-block-image\"><figure class=\"aligncenter size-large\"><img loading=\"lazy\" decoding=\"async\" width=\"300\" height=\"250\" src=\"https:\/\/jornalfatosenoticias.com.br\/wp-content\/uploads\/2022\/02\/FERRARI_MAQUINAS-E-FERRAMENTAS2.jpg\" alt=\"\" class=\"wp-image-27860\"\/><\/figure><\/div>\n\n\n\n<p><strong><em>Fonte: <a href=\"https:\/\/ciclovivo.com.br\/planeta\/meio-ambiente\/centro-de-conservacao-para-a-ararinha-azul-e-inaugurado-em-sp\/\">CicloVivo<\/a><\/em><\/strong><\/p>\n","protected":false},"excerpt":{"rendered":"<p>Esp\u00e9cie rara ganha programa de reprodu\u00e7\u00e3o que visa sua reintrodu\u00e7\u00e3o na natureza O Zool\u00f3gico de S\u00e3o Paulo, localizado na \u00c1gua Funda, acaba de inaugurar o Centro de Conserva\u00e7\u00e3o ararinha-azul. A institui\u00e7\u00e3o foi escolhida para abrigar 27 animais desta esp\u00e9cie, uma das mais raras do mundo. Segundo explica a bi\u00f3loga respons\u00e1vel pelo setor de aves no [&hellip;]<\/p>\n","protected":false},"author":2,"featured_media":51247,"comment_status":"open","ping_status":"open","sticky":false,"template":"","format":"standard","meta":{"footnotes":""},"categories":[8],"tags":[314,17514,305,19186],"class_list":["post-51246","post","type-post","status-publish","format-standard","has-post-thumbnail","hentry","category-meio-ambiente","tag-ararinha-azul","tag-conservacao-animal","tag-sao-paulo","tag-zoologico-de-sao-paulo"],"yoast_head":"<!-- This site is optimized with the Yoast SEO plugin v26.5 - https:\/\/yoast.com\/wordpress\/plugins\/seo\/ -->\n<title>Centro de Conserva\u00e7\u00e3o para a ararinha-azul \u00e9 inaugurado em SP - Jornal Fatos e Not\u00edcias<\/title>\n<meta name=\"robots\" content=\"index, follow, max-snippet:-1, max-image-preview:large, max-video-preview:-1\" \/>\n<link rel=\"canonical\" href=\"https:\/\/jornalfatosenoticias.com.br\/index.php\/2024\/05\/14\/centro-de-conservacao-para-a-ararinha-azul-e-inaugurado-em-sp\/\" \/>\n<meta property=\"og:locale\" content=\"pt_BR\" \/>\n<meta property=\"og:type\" content=\"article\" \/>\n<meta property=\"og:title\" content=\"Centro de Conserva\u00e7\u00e3o para a ararinha-azul \u00e9 inaugurado em SP - Jornal Fatos e Not\u00edcias\" \/>\n<meta property=\"og:description\" content=\"Esp\u00e9cie rara ganha programa de reprodu\u00e7\u00e3o que visa sua reintrodu\u00e7\u00e3o na natureza O Zool\u00f3gico de S\u00e3o Paulo, localizado na \u00c1gua Funda, acaba de inaugurar o Centro de Conserva\u00e7\u00e3o ararinha-azul. A institui\u00e7\u00e3o foi escolhida para abrigar 27 animais desta esp\u00e9cie, uma das mais raras do mundo. Segundo explica a bi\u00f3loga respons\u00e1vel pelo setor de aves no [&hellip;]\" \/>\n<meta property=\"og:url\" content=\"https:\/\/jornalfatosenoticias.com.br\/index.php\/2024\/05\/14\/centro-de-conservacao-para-a-ararinha-azul-e-inaugurado-em-sp\/\" \/>\n<meta property=\"og:site_name\" content=\"Jornal Fatos e Not\u00edcias\" \/>\n<meta property=\"article:published_time\" content=\"2024-05-14T14:26:33+00:00\" \/>\n<meta property=\"article:modified_time\" content=\"2024-05-14T14:26:35+00:00\" \/>\n<meta property=\"og:image\" content=\"https:\/\/jornalfatosenoticias.com.br\/wp-content\/uploads\/2024\/05\/araras-azuis_istock.jpg\" \/>\n\t<meta property=\"og:image:width\" content=\"612\" \/>\n\t<meta property=\"og:image:height\" content=\"361\" \/>\n\t<meta property=\"og:image:type\" content=\"image\/jpeg\" \/>\n<meta name=\"author\" content=\"Luzimara Fernandes\" \/>\n<meta name=\"twitter:card\" content=\"summary_large_image\" \/>\n<meta name=\"twitter:label1\" content=\"Escrito por\" \/>\n\t<meta name=\"twitter:data1\" content=\"Luzimara Fernandes\" \/>\n\t<meta name=\"twitter:label2\" content=\"Est. tempo de leitura\" \/>\n\t<meta name=\"twitter:data2\" content=\"3 minutos\" \/>\n<script type=\"application\/ld+json\" class=\"yoast-schema-graph\">{\"@context\":\"https:\/\/schema.org\",\"@graph\":[{\"@type\":\"Article\",\"@id\":\"https:\/\/jornalfatosenoticias.com.br\/index.php\/2024\/05\/14\/centro-de-conservacao-para-a-ararinha-azul-e-inaugurado-em-sp\/#article\",\"isPartOf\":{\"@id\":\"https:\/\/jornalfatosenoticias.com.br\/index.php\/2024\/05\/14\/centro-de-conservacao-para-a-ararinha-azul-e-inaugurado-em-sp\/\"},\"author\":{\"name\":\"Luzimara Fernandes\",\"@id\":\"https:\/\/jornalfatosenoticias.com.br\/#\/schema\/person\/d63837fa13ac8666eb9e74e0985d6f81\"},\"headline\":\"Centro de Conserva\u00e7\u00e3o para a ararinha-azul \u00e9 inaugurado em SP\",\"datePublished\":\"2024-05-14T14:26:33+00:00\",\"dateModified\":\"2024-05-14T14:26:35+00:00\",\"mainEntityOfPage\":{\"@id\":\"https:\/\/jornalfatosenoticias.com.br\/index.php\/2024\/05\/14\/centro-de-conservacao-para-a-ararinha-azul-e-inaugurado-em-sp\/\"},\"wordCount\":531,\"commentCount\":0,\"publisher\":{\"@id\":\"https:\/\/jornalfatosenoticias.com.br\/#organization\"},\"image\":{\"@id\":\"https:\/\/jornalfatosenoticias.com.br\/index.php\/2024\/05\/14\/centro-de-conservacao-para-a-ararinha-azul-e-inaugurado-em-sp\/#primaryimage\"},\"thumbnailUrl\":\"https:\/\/jornalfatosenoticias.com.br\/wp-content\/uploads\/2024\/05\/araras-azuis_istock.jpg\",\"keywords\":[\"ararinha-azul\",\"conserva\u00e7\u00e3o animal\",\"S\u00e3o Paulo\",\"Zool\u00f3gico de S\u00e3o Paulo\"],\"articleSection\":[\"Meio ambiente\"],\"inLanguage\":\"pt-BR\",\"potentialAction\":[{\"@type\":\"CommentAction\",\"name\":\"Comment\",\"target\":[\"https:\/\/jornalfatosenoticias.com.br\/index.php\/2024\/05\/14\/centro-de-conservacao-para-a-ararinha-azul-e-inaugurado-em-sp\/#respond\"]}]},{\"@type\":\"WebPage\",\"@id\":\"https:\/\/jornalfatosenoticias.com.br\/index.php\/2024\/05\/14\/centro-de-conservacao-para-a-ararinha-azul-e-inaugurado-em-sp\/\",\"url\":\"https:\/\/jornalfatosenoticias.com.br\/index.php\/2024\/05\/14\/centro-de-conservacao-para-a-ararinha-azul-e-inaugurado-em-sp\/\",\"name\":\"Centro de Conserva\u00e7\u00e3o para a ararinha-azul \u00e9 inaugurado em SP - Jornal Fatos e Not\u00edcias\",\"isPartOf\":{\"@id\":\"https:\/\/jornalfatosenoticias.com.br\/#website\"},\"primaryImageOfPage\":{\"@id\":\"https:\/\/jornalfatosenoticias.com.br\/index.php\/2024\/05\/14\/centro-de-conservacao-para-a-ararinha-azul-e-inaugurado-em-sp\/#primaryimage\"},\"image\":{\"@id\":\"https:\/\/jornalfatosenoticias.com.br\/index.php\/2024\/05\/14\/centro-de-conservacao-para-a-ararinha-azul-e-inaugurado-em-sp\/#primaryimage\"},\"thumbnailUrl\":\"https:\/\/jornalfatosenoticias.com.br\/wp-content\/uploads\/2024\/05\/araras-azuis_istock.jpg\",\"datePublished\":\"2024-05-14T14:26:33+00:00\",\"dateModified\":\"2024-05-14T14:26:35+00:00\",\"breadcrumb\":{\"@id\":\"https:\/\/jornalfatosenoticias.com.br\/index.php\/2024\/05\/14\/centro-de-conservacao-para-a-ararinha-azul-e-inaugurado-em-sp\/#breadcrumb\"},\"inLanguage\":\"pt-BR\",\"potentialAction\":[{\"@type\":\"ReadAction\",\"target\":[\"https:\/\/jornalfatosenoticias.com.br\/index.php\/2024\/05\/14\/centro-de-conservacao-para-a-ararinha-azul-e-inaugurado-em-sp\/\"]}]},{\"@type\":\"ImageObject\",\"inLanguage\":\"pt-BR\",\"@id\":\"https:\/\/jornalfatosenoticias.com.br\/index.php\/2024\/05\/14\/centro-de-conservacao-para-a-ararinha-azul-e-inaugurado-em-sp\/#primaryimage\",\"url\":\"https:\/\/jornalfatosenoticias.com.br\/wp-content\/uploads\/2024\/05\/araras-azuis_istock.jpg\",\"contentUrl\":\"https:\/\/jornalfatosenoticias.com.br\/wp-content\/uploads\/2024\/05\/araras-azuis_istock.jpg\",\"width\":612,\"height\":361,\"caption\":\"Close-up shot of Hyacinth Macaws\"},{\"@type\":\"BreadcrumbList\",\"@id\":\"https:\/\/jornalfatosenoticias.com.br\/index.php\/2024\/05\/14\/centro-de-conservacao-para-a-ararinha-azul-e-inaugurado-em-sp\/#breadcrumb\",\"itemListElement\":[{\"@type\":\"ListItem\",\"position\":1,\"name\":\"In\u00edcio\",\"item\":\"https:\/\/jornalfatosenoticias.com.br\/\"},{\"@type\":\"ListItem\",\"position\":2,\"name\":\"Centro de Conserva\u00e7\u00e3o para a ararinha-azul \u00e9 inaugurado em SP\"}]},{\"@type\":\"WebSite\",\"@id\":\"https:\/\/jornalfatosenoticias.com.br\/#website\",\"url\":\"https:\/\/jornalfatosenoticias.com.br\/\",\"name\":\"Jornal Fatos e Not\u00edcias\",\"description\":\"Not\u00edcias em geral\",\"publisher\":{\"@id\":\"https:\/\/jornalfatosenoticias.com.br\/#organization\"},\"potentialAction\":[{\"@type\":\"SearchAction\",\"target\":{\"@type\":\"EntryPoint\",\"urlTemplate\":\"https:\/\/jornalfatosenoticias.com.br\/?s={search_term_string}\"},\"query-input\":{\"@type\":\"PropertyValueSpecification\",\"valueRequired\":true,\"valueName\":\"search_term_string\"}}],\"inLanguage\":\"pt-BR\"},{\"@type\":\"Organization\",\"@id\":\"https:\/\/jornalfatosenoticias.com.br\/#organization\",\"name\":\"Jornal Fatos e Not\u00edcias\",\"url\":\"https:\/\/jornalfatosenoticias.com.br\/\",\"logo\":{\"@type\":\"ImageObject\",\"inLanguage\":\"pt-BR\",\"@id\":\"https:\/\/jornalfatosenoticias.com.br\/#\/schema\/logo\/image\/\",\"url\":\"https:\/\/jornalfatosenoticias.com.br\/wp-content\/uploads\/2020\/02\/logo120.png\",\"contentUrl\":\"https:\/\/jornalfatosenoticias.com.br\/wp-content\/uploads\/2020\/02\/logo120.png\",\"width\":1227,\"height\":120,\"caption\":\"Jornal Fatos e Not\u00edcias\"},\"image\":{\"@id\":\"https:\/\/jornalfatosenoticias.com.br\/#\/schema\/logo\/image\/\"}},{\"@type\":\"Person\",\"@id\":\"https:\/\/jornalfatosenoticias.com.br\/#\/schema\/person\/d63837fa13ac8666eb9e74e0985d6f81\",\"name\":\"Luzimara Fernandes\",\"image\":{\"@type\":\"ImageObject\",\"inLanguage\":\"pt-BR\",\"@id\":\"https:\/\/jornalfatosenoticias.com.br\/#\/schema\/person\/image\/\",\"url\":\"https:\/\/jornalfatosenoticias.com.br\/wp-content\/uploads\/2025\/05\/EU_portal.jpg\",\"contentUrl\":\"https:\/\/jornalfatosenoticias.com.br\/wp-content\/uploads\/2025\/05\/EU_portal.jpg\",\"caption\":\"Luzimara Fernandes\"},\"description\":\"Jornalista MTB 2358-ES\",\"sameAs\":[\"https:\/\/jornalfatosenoticias.com.br\"],\"url\":\"https:\/\/jornalfatosenoticias.com.br\/index.php\/author\/luzimara\/\"}]}<\/script>\n<!-- \/ Yoast SEO plugin. -->","yoast_head_json":{"title":"Centro de Conserva\u00e7\u00e3o para a ararinha-azul \u00e9 inaugurado em SP - Jornal Fatos e Not\u00edcias","robots":{"index":"index","follow":"follow","max-snippet":"max-snippet:-1","max-image-preview":"max-image-preview:large","max-video-preview":"max-video-preview:-1"},"canonical":"https:\/\/jornalfatosenoticias.com.br\/index.php\/2024\/05\/14\/centro-de-conservacao-para-a-ararinha-azul-e-inaugurado-em-sp\/","og_locale":"pt_BR","og_type":"article","og_title":"Centro de Conserva\u00e7\u00e3o para a ararinha-azul \u00e9 inaugurado em SP - Jornal Fatos e Not\u00edcias","og_description":"Esp\u00e9cie rara ganha programa de reprodu\u00e7\u00e3o que visa sua reintrodu\u00e7\u00e3o na natureza O Zool\u00f3gico de S\u00e3o Paulo, localizado na \u00c1gua Funda, acaba de inaugurar o Centro de Conserva\u00e7\u00e3o ararinha-azul. A institui\u00e7\u00e3o foi escolhida para abrigar 27 animais desta esp\u00e9cie, uma das mais raras do mundo. Segundo explica a bi\u00f3loga respons\u00e1vel pelo setor de aves no [&hellip;]","og_url":"https:\/\/jornalfatosenoticias.com.br\/index.php\/2024\/05\/14\/centro-de-conservacao-para-a-ararinha-azul-e-inaugurado-em-sp\/","og_site_name":"Jornal Fatos e Not\u00edcias","article_published_time":"2024-05-14T14:26:33+00:00","article_modified_time":"2024-05-14T14:26:35+00:00","og_image":[{"width":612,"height":361,"url":"https:\/\/jornalfatosenoticias.com.br\/wp-content\/uploads\/2024\/05\/araras-azuis_istock.jpg","type":"image\/jpeg"}],"author":"Luzimara Fernandes","twitter_card":"summary_large_image","twitter_misc":{"Escrito por":"Luzimara Fernandes","Est. tempo de leitura":"3 minutos"},"schema":{"@context":"https:\/\/schema.org","@graph":[{"@type":"Article","@id":"https:\/\/jornalfatosenoticias.com.br\/index.php\/2024\/05\/14\/centro-de-conservacao-para-a-ararinha-azul-e-inaugurado-em-sp\/#article","isPartOf":{"@id":"https:\/\/jornalfatosenoticias.com.br\/index.php\/2024\/05\/14\/centro-de-conservacao-para-a-ararinha-azul-e-inaugurado-em-sp\/"},"author":{"name":"Luzimara Fernandes","@id":"https:\/\/jornalfatosenoticias.com.br\/#\/schema\/person\/d63837fa13ac8666eb9e74e0985d6f81"},"headline":"Centro de Conserva\u00e7\u00e3o para a ararinha-azul \u00e9 inaugurado em SP","datePublished":"2024-05-14T14:26:33+00:00","dateModified":"2024-05-14T14:26:35+00:00","mainEntityOfPage":{"@id":"https:\/\/jornalfatosenoticias.com.br\/index.php\/2024\/05\/14\/centro-de-conservacao-para-a-ararinha-azul-e-inaugurado-em-sp\/"},"wordCount":531,"commentCount":0,"publisher":{"@id":"https:\/\/jornalfatosenoticias.com.br\/#organization"},"image":{"@id":"https:\/\/jornalfatosenoticias.com.br\/index.php\/2024\/05\/14\/centro-de-conservacao-para-a-ararinha-azul-e-inaugurado-em-sp\/#primaryimage"},"thumbnailUrl":"https:\/\/jornalfatosenoticias.com.br\/wp-content\/uploads\/2024\/05\/araras-azuis_istock.jpg","keywords":["ararinha-azul","conserva\u00e7\u00e3o animal","S\u00e3o Paulo","Zool\u00f3gico de S\u00e3o Paulo"],"articleSection":["Meio ambiente"],"inLanguage":"pt-BR","potentialAction":[{"@type":"CommentAction","name":"Comment","target":["https:\/\/jornalfatosenoticias.com.br\/index.php\/2024\/05\/14\/centro-de-conservacao-para-a-ararinha-azul-e-inaugurado-em-sp\/#respond"]}]},{"@type":"WebPage","@id":"https:\/\/jornalfatosenoticias.com.br\/index.php\/2024\/05\/14\/centro-de-conservacao-para-a-ararinha-azul-e-inaugurado-em-sp\/","url":"https:\/\/jornalfatosenoticias.com.br\/index.php\/2024\/05\/14\/centro-de-conservacao-para-a-ararinha-azul-e-inaugurado-em-sp\/","name":"Centro de Conserva\u00e7\u00e3o para a ararinha-azul \u00e9 inaugurado em SP - Jornal Fatos e Not\u00edcias","isPartOf":{"@id":"https:\/\/jornalfatosenoticias.com.br\/#website"},"primaryImageOfPage":{"@id":"https:\/\/jornalfatosenoticias.com.br\/index.php\/2024\/05\/14\/centro-de-conservacao-para-a-ararinha-azul-e-inaugurado-em-sp\/#primaryimage"},"image":{"@id":"https:\/\/jornalfatosenoticias.com.br\/index.php\/2024\/05\/14\/centro-de-conservacao-para-a-ararinha-azul-e-inaugurado-em-sp\/#primaryimage"},"thumbnailUrl":"https:\/\/jornalfatosenoticias.com.br\/wp-content\/uploads\/2024\/05\/araras-azuis_istock.jpg","datePublished":"2024-05-14T14:26:33+00:00","dateModified":"2024-05-14T14:26:35+00:00","breadcrumb":{"@id":"https:\/\/jornalfatosenoticias.com.br\/index.php\/2024\/05\/14\/centro-de-conservacao-para-a-ararinha-azul-e-inaugurado-em-sp\/#breadcrumb"},"inLanguage":"pt-BR","potentialAction":[{"@type":"ReadAction","target":["https:\/\/jornalfatosenoticias.com.br\/index.php\/2024\/05\/14\/centro-de-conservacao-para-a-ararinha-azul-e-inaugurado-em-sp\/"]}]},{"@type":"ImageObject","inLanguage":"pt-BR","@id":"https:\/\/jornalfatosenoticias.com.br\/index.php\/2024\/05\/14\/centro-de-conservacao-para-a-ararinha-azul-e-inaugurado-em-sp\/#primaryimage","url":"https:\/\/jornalfatosenoticias.com.br\/wp-content\/uploads\/2024\/05\/araras-azuis_istock.jpg","contentUrl":"https:\/\/jornalfatosenoticias.com.br\/wp-content\/uploads\/2024\/05\/araras-azuis_istock.jpg","width":612,"height":361,"caption":"Close-up shot of Hyacinth Macaws"},{"@type":"BreadcrumbList","@id":"https:\/\/jornalfatosenoticias.com.br\/index.php\/2024\/05\/14\/centro-de-conservacao-para-a-ararinha-azul-e-inaugurado-em-sp\/#breadcrumb","itemListElement":[{"@type":"ListItem","position":1,"name":"In\u00edcio","item":"https:\/\/jornalfatosenoticias.com.br\/"},{"@type":"ListItem","position":2,"name":"Centro de Conserva\u00e7\u00e3o para a ararinha-azul \u00e9 inaugurado em SP"}]},{"@type":"WebSite","@id":"https:\/\/jornalfatosenoticias.com.br\/#website","url":"https:\/\/jornalfatosenoticias.com.br\/","name":"Jornal Fatos e Not\u00edcias","description":"Not\u00edcias em geral","publisher":{"@id":"https:\/\/jornalfatosenoticias.com.br\/#organization"},"potentialAction":[{"@type":"SearchAction","target":{"@type":"EntryPoint","urlTemplate":"https:\/\/jornalfatosenoticias.com.br\/?s={search_term_string}"},"query-input":{"@type":"PropertyValueSpecification","valueRequired":true,"valueName":"search_term_string"}}],"inLanguage":"pt-BR"},{"@type":"Organization","@id":"https:\/\/jornalfatosenoticias.com.br\/#organization","name":"Jornal Fatos e Not\u00edcias","url":"https:\/\/jornalfatosenoticias.com.br\/","logo":{"@type":"ImageObject","inLanguage":"pt-BR","@id":"https:\/\/jornalfatosenoticias.com.br\/#\/schema\/logo\/image\/","url":"https:\/\/jornalfatosenoticias.com.br\/wp-content\/uploads\/2020\/02\/logo120.png","contentUrl":"https:\/\/jornalfatosenoticias.com.br\/wp-content\/uploads\/2020\/02\/logo120.png","width":1227,"height":120,"caption":"Jornal Fatos e Not\u00edcias"},"image":{"@id":"https:\/\/jornalfatosenoticias.com.br\/#\/schema\/logo\/image\/"}},{"@type":"Person","@id":"https:\/\/jornalfatosenoticias.com.br\/#\/schema\/person\/d63837fa13ac8666eb9e74e0985d6f81","name":"Luzimara Fernandes","image":{"@type":"ImageObject","inLanguage":"pt-BR","@id":"https:\/\/jornalfatosenoticias.com.br\/#\/schema\/person\/image\/","url":"https:\/\/jornalfatosenoticias.com.br\/wp-content\/uploads\/2025\/05\/EU_portal.jpg","contentUrl":"https:\/\/jornalfatosenoticias.com.br\/wp-content\/uploads\/2025\/05\/EU_portal.jpg","caption":"Luzimara Fernandes"},"description":"Jornalista MTB 2358-ES","sameAs":["https:\/\/jornalfatosenoticias.com.br"],"url":"https:\/\/jornalfatosenoticias.com.br\/index.php\/author\/luzimara\/"}]}},"cc_featured_image_caption":{"caption_text":"(Foto: iStock) ","source_text":"","source_url":""},"jetpack_featured_media_url":"https:\/\/jornalfatosenoticias.com.br\/wp-content\/uploads\/2024\/05\/araras-azuis_istock.jpg","_links":{"self":[{"href":"https:\/\/jornalfatosenoticias.com.br\/index.php\/wp-json\/wp\/v2\/posts\/51246","targetHints":{"allow":["GET"]}}],"collection":[{"href":"https:\/\/jornalfatosenoticias.com.br\/index.php\/wp-json\/wp\/v2\/posts"}],"about":[{"href":"https:\/\/jornalfatosenoticias.com.br\/index.php\/wp-json\/wp\/v2\/types\/post"}],"author":[{"embeddable":true,"href":"https:\/\/jornalfatosenoticias.com.br\/index.php\/wp-json\/wp\/v2\/users\/2"}],"replies":[{"embeddable":true,"href":"https:\/\/jornalfatosenoticias.com.br\/index.php\/wp-json\/wp\/v2\/comments?post=51246"}],"version-history":[{"count":0,"href":"https:\/\/jornalfatosenoticias.com.br\/index.php\/wp-json\/wp\/v2\/posts\/51246\/revisions"}],"wp:featuredmedia":[{"embeddable":true,"href":"https:\/\/jornalfatosenoticias.com.br\/index.php\/wp-json\/wp\/v2\/media\/51247"}],"wp:attachment":[{"href":"https:\/\/jornalfatosenoticias.com.br\/index.php\/wp-json\/wp\/v2\/media?parent=51246"}],"wp:term":[{"taxonomy":"category","embeddable":true,"href":"https:\/\/jornalfatosenoticias.com.br\/index.php\/wp-json\/wp\/v2\/categories?post=51246"},{"taxonomy":"post_tag","embeddable":true,"href":"https:\/\/jornalfatosenoticias.com.br\/index.php\/wp-json\/wp\/v2\/tags?post=51246"}],"curies":[{"name":"wp","href":"https:\/\/api.w.org\/{rel}","templated":true}]}}