{"id":51256,"date":"2024-05-15T10:50:28","date_gmt":"2024-05-15T13:50:28","guid":{"rendered":"https:\/\/jornalfatosenoticias.com.br\/?p=51256"},"modified":"2024-05-15T10:50:30","modified_gmt":"2024-05-15T13:50:30","slug":"acao-cultural-leva-piquenique-literario-para-escolas-da-rede-municipal","status":"publish","type":"post","link":"https:\/\/jornalfatosenoticias.com.br\/index.php\/2024\/05\/15\/acao-cultural-leva-piquenique-literario-para-escolas-da-rede-municipal\/","title":{"rendered":"A\u00e7\u00e3o cultural leva piquenique liter\u00e1rio para escolas da rede municipal"},"content":{"rendered":"\n<p><span class=\"has-inline-color has-black-color\">Por <strong>Pedro Vargas<\/strong><\/span><\/p>\n\n\n\n<div class=\"wp-block-image\"><figure class=\"aligncenter size-large\"><img loading=\"lazy\" decoding=\"async\" width=\"1024\" height=\"100\" src=\"https:\/\/jornalfatosenoticias.com.br\/wp-content\/uploads\/2022\/05\/NOVA-LOGO-CESCONETTO-1024x100.jpg\" alt=\"\" class=\"wp-image-30792\" srcset=\"https:\/\/jornalfatosenoticias.com.br\/wp-content\/uploads\/2022\/05\/NOVA-LOGO-CESCONETTO-1024x100.jpg 1024w, https:\/\/jornalfatosenoticias.com.br\/wp-content\/uploads\/2022\/05\/NOVA-LOGO-CESCONETTO-300x29.jpg 300w, https:\/\/jornalfatosenoticias.com.br\/wp-content\/uploads\/2022\/05\/NOVA-LOGO-CESCONETTO-768x75.jpg 768w, https:\/\/jornalfatosenoticias.com.br\/wp-content\/uploads\/2022\/05\/NOVA-LOGO-CESCONETTO.jpg 1280w\" sizes=\"auto, (max-width: 1024px) 100vw, 1024px\" \/><\/figure><\/div>\n\n\n\n<p>Uma a\u00e7\u00e3o cultural tem levado um piquenique diferente para o interior das escolas da rede municipal de ensino de Vit\u00f3ria. No lugar dos tradicionais quitutes, s\u00e3o os livros, ao inv\u00e9s de lanchar, os alunos degustam hist\u00f3rias, debatem e ganham conhecimento. Trata-se do projeto &#8220;Piquenique Liter\u00e1rio \u2014 A leitura em primeiro lugar&#8221;, desenvolvido pelos contadores de hist\u00f3ria F\u00e1bio Perere e Claudia Viuvanegra.<br>A a\u00e7\u00e3o que tem patroc\u00ednio da Lei Rubem Braga, da Secretaria Municipal de Cultura de Vit\u00f3ria (Semc), teve in\u00edcio no \u00faltimo dia 3 e vai at\u00e9 o pr\u00f3ximo dia 22 de junho. Durante duas horas, sob um tapete de retalhos costurado por Claudia, s\u00e3o expostos livros (aproximadamente 150 exemplares) que t\u00eam entre si f\u00e1bulas, contos, lendas e hist\u00f3rias em quadrinhos, e ali os estudantes participam de uma conta\u00e7\u00e3o de hist\u00f3rias seguida de intera\u00e7\u00e3o com as obras.<\/p>\n\n\n\n<div class=\"wp-block-image\"><figure class=\"aligncenter size-large is-resized\"><img loading=\"lazy\" decoding=\"async\" src=\"https:\/\/jornalfatosenoticias.com.br\/wp-content\/uploads\/2023\/03\/nova-logo-Marquetti.jpg\" alt=\"\" class=\"wp-image-40207\" width=\"366\" height=\"246\" srcset=\"https:\/\/jornalfatosenoticias.com.br\/wp-content\/uploads\/2023\/03\/nova-logo-Marquetti.jpg 643w, https:\/\/jornalfatosenoticias.com.br\/wp-content\/uploads\/2023\/03\/nova-logo-Marquetti-300x202.jpg 300w\" sizes=\"auto, (max-width: 366px) 100vw, 366px\" \/><\/figure><\/div>\n\n\n\n<p>&#8220;Nosso projeto faz a diferen\u00e7a porque \u00e9 permeado por leituras, media\u00e7\u00e3o de leituras, hist\u00f3rias e narrativas que buscam a constru\u00e7\u00e3o de conhecimentos, o despertar da cidadania e a socializa\u00e7\u00e3o dos participantes&#8221;, declara Claudia.<\/p>\n\n\n\n<div class=\"wp-block-image\"><figure class=\"aligncenter size-large\"><img loading=\"lazy\" decoding=\"async\" width=\"700\" height=\"452\" src=\"https:\/\/jornalfatosenoticias.com.br\/wp-content\/uploads\/2024\/05\/piquenique-literario2.jpg\" alt=\"\" class=\"wp-image-51257\" srcset=\"https:\/\/jornalfatosenoticias.com.br\/wp-content\/uploads\/2024\/05\/piquenique-literario2.jpg 700w, https:\/\/jornalfatosenoticias.com.br\/wp-content\/uploads\/2024\/05\/piquenique-literario2-300x194.jpg 300w\" sizes=\"auto, (max-width: 700px) 100vw, 700px\" \/><figcaption><em><span class=\"has-inline-color has-black-color\">O &#8220;Piquenique&#8221; \u00e9 uma a\u00e7\u00e3o cultural que contribui para a forma\u00e7\u00e3o de leitores (Foto: Divulga\u00e7\u00e3o\/PMV)<\/span><\/em><\/figcaption><\/figure><\/div>\n\n\n\n<p>&#8220;O Piquenique \u00e9 uma a\u00e7\u00e3o cultural que contribui para a forma\u00e7\u00e3o de leitores. Nosso objetivo \u00e9 que os jovens se tornem aptos e capazes de fazer uso da leitura nos mais variados contextos de compreens\u00e3o e produ\u00e7\u00e3o de diferentes g\u00eaneros textuais&#8221;, completa F\u00e1bio.<\/p>\n\n\n\n<div class=\"wp-block-image\"><figure class=\"aligncenter size-large is-resized\"><img loading=\"lazy\" decoding=\"async\" src=\"https:\/\/jornalfatosenoticias.com.br\/wp-content\/uploads\/2022\/02\/Precisao-Contabilidade-1024x724.jpg\" alt=\"\" class=\"wp-image-28088\" width=\"351\" height=\"248\"\/><\/figure><\/div>\n\n\n\n<p>O projeto, que j\u00e1 esteve no Centro Municipal de Educa\u00e7\u00e3o Infantil (Cmei) Ernestina Pessoa, chega \u00e0 Escola Municipal de Ensino Fundamental (Emef) Francisco Lacerda de Aguiar Escola Municipal de Ensino Fundamental (Emef) Francisco Lacerda de Aguiar nos pr\u00f3ximos dias 20, 21 e 29 de maio, e \u00e0 Biblioteca P\u00fablica do Esp\u00edrito Santo nos dias 18, 20 e 22 de junho.<\/p>\n\n\n\n<div class=\"wp-block-image\"><figure class=\"aligncenter size-large is-resized\"><img loading=\"lazy\" decoding=\"async\" src=\"https:\/\/jornalfatosenoticias.com.br\/wp-content\/uploads\/2020\/02\/logo-Rapuzel-1024x571.jpg\" alt=\"\" class=\"wp-image-42808\" width=\"363\" height=\"202\" srcset=\"https:\/\/jornalfatosenoticias.com.br\/wp-content\/uploads\/2020\/02\/logo-Rapuzel-1024x571.jpg 1024w, https:\/\/jornalfatosenoticias.com.br\/wp-content\/uploads\/2020\/02\/logo-Rapuzel-300x167.jpg 300w, https:\/\/jornalfatosenoticias.com.br\/wp-content\/uploads\/2020\/02\/logo-Rapuzel-768x428.jpg 768w, https:\/\/jornalfatosenoticias.com.br\/wp-content\/uploads\/2020\/02\/logo-Rapuzel-1536x856.jpg 1536w, https:\/\/jornalfatosenoticias.com.br\/wp-content\/uploads\/2020\/02\/logo-Rapuzel.jpg 1600w\" sizes=\"auto, (max-width: 363px) 100vw, 363px\" \/><\/figure><\/div>\n\n\n\n<p><strong><em>Fonte: <a href=\"https:\/\/vitoria.es.gov.br\/noticia\/acao-cultural-leva-piquenique-literario-para-escolas-da-rede-municipal-50661\">PVM<\/a><\/em><\/strong><\/p>\n","protected":false},"excerpt":{"rendered":"<p>Por Pedro Vargas Uma a\u00e7\u00e3o cultural tem levado um piquenique diferente para o interior das escolas da rede municipal de ensino de Vit\u00f3ria. No lugar dos tradicionais quitutes, s\u00e3o os livros, ao inv\u00e9s de lanchar, os alunos degustam hist\u00f3rias, debatem e ganham conhecimento. Trata-se do projeto &#8220;Piquenique Liter\u00e1rio \u2014 A leitura em primeiro lugar&#8221;, desenvolvido [&hellip;]<\/p>\n","protected":false},"author":2,"featured_media":51258,"comment_status":"open","ping_status":"open","sticky":false,"template":"","format":"standard","meta":{"footnotes":""},"categories":[7],"tags":[23489,1665,23490,23492,23493,3890,23491],"class_list":["post-51256","post","type-post","status-publish","format-standard","has-post-thumbnail","hentry","category-educacao","tag-acao-cultural","tag-contos","tag-escolas-da-rede-municipal","tag-fabulas","tag-historias-em-quadrinhos","tag-lendas","tag-piquenique-literario"],"yoast_head":"<!-- This site is optimized with the Yoast SEO plugin v26.5 - https:\/\/yoast.com\/wordpress\/plugins\/seo\/ -->\n<title>A\u00e7\u00e3o cultural leva piquenique liter\u00e1rio para escolas da rede municipal - Jornal Fatos e Not\u00edcias<\/title>\n<meta name=\"robots\" content=\"index, follow, max-snippet:-1, max-image-preview:large, max-video-preview:-1\" \/>\n<link rel=\"canonical\" href=\"https:\/\/jornalfatosenoticias.com.br\/index.php\/2024\/05\/15\/acao-cultural-leva-piquenique-literario-para-escolas-da-rede-municipal\/\" \/>\n<meta property=\"og:locale\" content=\"pt_BR\" \/>\n<meta property=\"og:type\" content=\"article\" \/>\n<meta property=\"og:title\" content=\"A\u00e7\u00e3o cultural leva piquenique liter\u00e1rio para escolas da rede municipal - Jornal Fatos e Not\u00edcias\" \/>\n<meta property=\"og:description\" content=\"Por Pedro Vargas Uma a\u00e7\u00e3o cultural tem levado um piquenique diferente para o interior das escolas da rede municipal de ensino de Vit\u00f3ria. No lugar dos tradicionais quitutes, s\u00e3o os livros, ao inv\u00e9s de lanchar, os alunos degustam hist\u00f3rias, debatem e ganham conhecimento. Trata-se do projeto &#8220;Piquenique Liter\u00e1rio \u2014 A leitura em primeiro lugar&#8221;, desenvolvido [&hellip;]\" \/>\n<meta property=\"og:url\" content=\"https:\/\/jornalfatosenoticias.com.br\/index.php\/2024\/05\/15\/acao-cultural-leva-piquenique-literario-para-escolas-da-rede-municipal\/\" \/>\n<meta property=\"og:site_name\" content=\"Jornal Fatos e Not\u00edcias\" \/>\n<meta property=\"article:published_time\" content=\"2024-05-15T13:50:28+00:00\" \/>\n<meta property=\"article:modified_time\" content=\"2024-05-15T13:50:30+00:00\" \/>\n<meta property=\"og:image\" content=\"https:\/\/jornalfatosenoticias.com.br\/wp-content\/uploads\/2024\/05\/piquenique-literario.jpg\" \/>\n\t<meta property=\"og:image:width\" content=\"700\" \/>\n\t<meta property=\"og:image:height\" content=\"463\" \/>\n\t<meta property=\"og:image:type\" content=\"image\/jpeg\" \/>\n<meta name=\"author\" content=\"Luzimara Fernandes\" \/>\n<meta name=\"twitter:card\" content=\"summary_large_image\" \/>\n<meta name=\"twitter:label1\" content=\"Escrito por\" \/>\n\t<meta name=\"twitter:data1\" content=\"Luzimara Fernandes\" \/>\n\t<meta name=\"twitter:label2\" content=\"Est. tempo de leitura\" \/>\n\t<meta name=\"twitter:data2\" content=\"2 minutos\" \/>\n<script type=\"application\/ld+json\" class=\"yoast-schema-graph\">{\"@context\":\"https:\/\/schema.org\",\"@graph\":[{\"@type\":\"Article\",\"@id\":\"https:\/\/jornalfatosenoticias.com.br\/index.php\/2024\/05\/15\/acao-cultural-leva-piquenique-literario-para-escolas-da-rede-municipal\/#article\",\"isPartOf\":{\"@id\":\"https:\/\/jornalfatosenoticias.com.br\/index.php\/2024\/05\/15\/acao-cultural-leva-piquenique-literario-para-escolas-da-rede-municipal\/\"},\"author\":{\"name\":\"Luzimara Fernandes\",\"@id\":\"https:\/\/jornalfatosenoticias.com.br\/#\/schema\/person\/d63837fa13ac8666eb9e74e0985d6f81\"},\"headline\":\"A\u00e7\u00e3o cultural leva piquenique liter\u00e1rio para escolas da rede municipal\",\"datePublished\":\"2024-05-15T13:50:28+00:00\",\"dateModified\":\"2024-05-15T13:50:30+00:00\",\"mainEntityOfPage\":{\"@id\":\"https:\/\/jornalfatosenoticias.com.br\/index.php\/2024\/05\/15\/acao-cultural-leva-piquenique-literario-para-escolas-da-rede-municipal\/\"},\"wordCount\":328,\"commentCount\":0,\"publisher\":{\"@id\":\"https:\/\/jornalfatosenoticias.com.br\/#organization\"},\"image\":{\"@id\":\"https:\/\/jornalfatosenoticias.com.br\/index.php\/2024\/05\/15\/acao-cultural-leva-piquenique-literario-para-escolas-da-rede-municipal\/#primaryimage\"},\"thumbnailUrl\":\"https:\/\/jornalfatosenoticias.com.br\/wp-content\/uploads\/2024\/05\/piquenique-literario.jpg\",\"keywords\":[\"a\u00e7\u00e3o cultural\",\"contos\",\"escolas da rede municipal\",\"f\u00e1bulas\",\"hist\u00f3rias em quadrinhos\",\"lendas\",\"piquenique liter\u00e1rio\"],\"articleSection\":[\"Educa\u00e7\u00e3o\"],\"inLanguage\":\"pt-BR\",\"potentialAction\":[{\"@type\":\"CommentAction\",\"name\":\"Comment\",\"target\":[\"https:\/\/jornalfatosenoticias.com.br\/index.php\/2024\/05\/15\/acao-cultural-leva-piquenique-literario-para-escolas-da-rede-municipal\/#respond\"]}]},{\"@type\":\"WebPage\",\"@id\":\"https:\/\/jornalfatosenoticias.com.br\/index.php\/2024\/05\/15\/acao-cultural-leva-piquenique-literario-para-escolas-da-rede-municipal\/\",\"url\":\"https:\/\/jornalfatosenoticias.com.br\/index.php\/2024\/05\/15\/acao-cultural-leva-piquenique-literario-para-escolas-da-rede-municipal\/\",\"name\":\"A\u00e7\u00e3o cultural leva piquenique liter\u00e1rio para escolas da rede municipal - Jornal Fatos e Not\u00edcias\",\"isPartOf\":{\"@id\":\"https:\/\/jornalfatosenoticias.com.br\/#website\"},\"primaryImageOfPage\":{\"@id\":\"https:\/\/jornalfatosenoticias.com.br\/index.php\/2024\/05\/15\/acao-cultural-leva-piquenique-literario-para-escolas-da-rede-municipal\/#primaryimage\"},\"image\":{\"@id\":\"https:\/\/jornalfatosenoticias.com.br\/index.php\/2024\/05\/15\/acao-cultural-leva-piquenique-literario-para-escolas-da-rede-municipal\/#primaryimage\"},\"thumbnailUrl\":\"https:\/\/jornalfatosenoticias.com.br\/wp-content\/uploads\/2024\/05\/piquenique-literario.jpg\",\"datePublished\":\"2024-05-15T13:50:28+00:00\",\"dateModified\":\"2024-05-15T13:50:30+00:00\",\"breadcrumb\":{\"@id\":\"https:\/\/jornalfatosenoticias.com.br\/index.php\/2024\/05\/15\/acao-cultural-leva-piquenique-literario-para-escolas-da-rede-municipal\/#breadcrumb\"},\"inLanguage\":\"pt-BR\",\"potentialAction\":[{\"@type\":\"ReadAction\",\"target\":[\"https:\/\/jornalfatosenoticias.com.br\/index.php\/2024\/05\/15\/acao-cultural-leva-piquenique-literario-para-escolas-da-rede-municipal\/\"]}]},{\"@type\":\"ImageObject\",\"inLanguage\":\"pt-BR\",\"@id\":\"https:\/\/jornalfatosenoticias.com.br\/index.php\/2024\/05\/15\/acao-cultural-leva-piquenique-literario-para-escolas-da-rede-municipal\/#primaryimage\",\"url\":\"https:\/\/jornalfatosenoticias.com.br\/wp-content\/uploads\/2024\/05\/piquenique-literario.jpg\",\"contentUrl\":\"https:\/\/jornalfatosenoticias.com.br\/wp-content\/uploads\/2024\/05\/piquenique-literario.jpg\",\"width\":700,\"height\":463,\"caption\":\"A\u00e7\u00e3o recebe patroc\u00ednio da Lei Rubem Braga da Cultura de Vit\u00f3ria.\"},{\"@type\":\"BreadcrumbList\",\"@id\":\"https:\/\/jornalfatosenoticias.com.br\/index.php\/2024\/05\/15\/acao-cultural-leva-piquenique-literario-para-escolas-da-rede-municipal\/#breadcrumb\",\"itemListElement\":[{\"@type\":\"ListItem\",\"position\":1,\"name\":\"In\u00edcio\",\"item\":\"https:\/\/jornalfatosenoticias.com.br\/\"},{\"@type\":\"ListItem\",\"position\":2,\"name\":\"A\u00e7\u00e3o cultural leva piquenique liter\u00e1rio para escolas da rede municipal\"}]},{\"@type\":\"WebSite\",\"@id\":\"https:\/\/jornalfatosenoticias.com.br\/#website\",\"url\":\"https:\/\/jornalfatosenoticias.com.br\/\",\"name\":\"Jornal Fatos e Not\u00edcias\",\"description\":\"Not\u00edcias em geral\",\"publisher\":{\"@id\":\"https:\/\/jornalfatosenoticias.com.br\/#organization\"},\"potentialAction\":[{\"@type\":\"SearchAction\",\"target\":{\"@type\":\"EntryPoint\",\"urlTemplate\":\"https:\/\/jornalfatosenoticias.com.br\/?s={search_term_string}\"},\"query-input\":{\"@type\":\"PropertyValueSpecification\",\"valueRequired\":true,\"valueName\":\"search_term_string\"}}],\"inLanguage\":\"pt-BR\"},{\"@type\":\"Organization\",\"@id\":\"https:\/\/jornalfatosenoticias.com.br\/#organization\",\"name\":\"Jornal Fatos e Not\u00edcias\",\"url\":\"https:\/\/jornalfatosenoticias.com.br\/\",\"logo\":{\"@type\":\"ImageObject\",\"inLanguage\":\"pt-BR\",\"@id\":\"https:\/\/jornalfatosenoticias.com.br\/#\/schema\/logo\/image\/\",\"url\":\"https:\/\/jornalfatosenoticias.com.br\/wp-content\/uploads\/2020\/02\/logo120.png\",\"contentUrl\":\"https:\/\/jornalfatosenoticias.com.br\/wp-content\/uploads\/2020\/02\/logo120.png\",\"width\":1227,\"height\":120,\"caption\":\"Jornal Fatos e Not\u00edcias\"},\"image\":{\"@id\":\"https:\/\/jornalfatosenoticias.com.br\/#\/schema\/logo\/image\/\"}},{\"@type\":\"Person\",\"@id\":\"https:\/\/jornalfatosenoticias.com.br\/#\/schema\/person\/d63837fa13ac8666eb9e74e0985d6f81\",\"name\":\"Luzimara Fernandes\",\"image\":{\"@type\":\"ImageObject\",\"inLanguage\":\"pt-BR\",\"@id\":\"https:\/\/jornalfatosenoticias.com.br\/#\/schema\/person\/image\/\",\"url\":\"https:\/\/jornalfatosenoticias.com.br\/wp-content\/uploads\/2025\/05\/EU_portal.jpg\",\"contentUrl\":\"https:\/\/jornalfatosenoticias.com.br\/wp-content\/uploads\/2025\/05\/EU_portal.jpg\",\"caption\":\"Luzimara Fernandes\"},\"description\":\"Jornalista MTB 2358-ES\",\"sameAs\":[\"https:\/\/jornalfatosenoticias.com.br\"],\"url\":\"https:\/\/jornalfatosenoticias.com.br\/index.php\/author\/luzimara\/\"}]}<\/script>\n<!-- \/ Yoast SEO plugin. -->","yoast_head_json":{"title":"A\u00e7\u00e3o cultural leva piquenique liter\u00e1rio para escolas da rede municipal - Jornal Fatos e Not\u00edcias","robots":{"index":"index","follow":"follow","max-snippet":"max-snippet:-1","max-image-preview":"max-image-preview:large","max-video-preview":"max-video-preview:-1"},"canonical":"https:\/\/jornalfatosenoticias.com.br\/index.php\/2024\/05\/15\/acao-cultural-leva-piquenique-literario-para-escolas-da-rede-municipal\/","og_locale":"pt_BR","og_type":"article","og_title":"A\u00e7\u00e3o cultural leva piquenique liter\u00e1rio para escolas da rede municipal - Jornal Fatos e Not\u00edcias","og_description":"Por Pedro Vargas Uma a\u00e7\u00e3o cultural tem levado um piquenique diferente para o interior das escolas da rede municipal de ensino de Vit\u00f3ria. No lugar dos tradicionais quitutes, s\u00e3o os livros, ao inv\u00e9s de lanchar, os alunos degustam hist\u00f3rias, debatem e ganham conhecimento. Trata-se do projeto &#8220;Piquenique Liter\u00e1rio \u2014 A leitura em primeiro lugar&#8221;, desenvolvido [&hellip;]","og_url":"https:\/\/jornalfatosenoticias.com.br\/index.php\/2024\/05\/15\/acao-cultural-leva-piquenique-literario-para-escolas-da-rede-municipal\/","og_site_name":"Jornal Fatos e Not\u00edcias","article_published_time":"2024-05-15T13:50:28+00:00","article_modified_time":"2024-05-15T13:50:30+00:00","og_image":[{"width":700,"height":463,"url":"https:\/\/jornalfatosenoticias.com.br\/wp-content\/uploads\/2024\/05\/piquenique-literario.jpg","type":"image\/jpeg"}],"author":"Luzimara Fernandes","twitter_card":"summary_large_image","twitter_misc":{"Escrito por":"Luzimara Fernandes","Est. tempo de leitura":"2 minutos"},"schema":{"@context":"https:\/\/schema.org","@graph":[{"@type":"Article","@id":"https:\/\/jornalfatosenoticias.com.br\/index.php\/2024\/05\/15\/acao-cultural-leva-piquenique-literario-para-escolas-da-rede-municipal\/#article","isPartOf":{"@id":"https:\/\/jornalfatosenoticias.com.br\/index.php\/2024\/05\/15\/acao-cultural-leva-piquenique-literario-para-escolas-da-rede-municipal\/"},"author":{"name":"Luzimara Fernandes","@id":"https:\/\/jornalfatosenoticias.com.br\/#\/schema\/person\/d63837fa13ac8666eb9e74e0985d6f81"},"headline":"A\u00e7\u00e3o cultural leva piquenique liter\u00e1rio para escolas da rede municipal","datePublished":"2024-05-15T13:50:28+00:00","dateModified":"2024-05-15T13:50:30+00:00","mainEntityOfPage":{"@id":"https:\/\/jornalfatosenoticias.com.br\/index.php\/2024\/05\/15\/acao-cultural-leva-piquenique-literario-para-escolas-da-rede-municipal\/"},"wordCount":328,"commentCount":0,"publisher":{"@id":"https:\/\/jornalfatosenoticias.com.br\/#organization"},"image":{"@id":"https:\/\/jornalfatosenoticias.com.br\/index.php\/2024\/05\/15\/acao-cultural-leva-piquenique-literario-para-escolas-da-rede-municipal\/#primaryimage"},"thumbnailUrl":"https:\/\/jornalfatosenoticias.com.br\/wp-content\/uploads\/2024\/05\/piquenique-literario.jpg","keywords":["a\u00e7\u00e3o cultural","contos","escolas da rede municipal","f\u00e1bulas","hist\u00f3rias em quadrinhos","lendas","piquenique liter\u00e1rio"],"articleSection":["Educa\u00e7\u00e3o"],"inLanguage":"pt-BR","potentialAction":[{"@type":"CommentAction","name":"Comment","target":["https:\/\/jornalfatosenoticias.com.br\/index.php\/2024\/05\/15\/acao-cultural-leva-piquenique-literario-para-escolas-da-rede-municipal\/#respond"]}]},{"@type":"WebPage","@id":"https:\/\/jornalfatosenoticias.com.br\/index.php\/2024\/05\/15\/acao-cultural-leva-piquenique-literario-para-escolas-da-rede-municipal\/","url":"https:\/\/jornalfatosenoticias.com.br\/index.php\/2024\/05\/15\/acao-cultural-leva-piquenique-literario-para-escolas-da-rede-municipal\/","name":"A\u00e7\u00e3o cultural leva piquenique liter\u00e1rio para escolas da rede municipal - Jornal Fatos e Not\u00edcias","isPartOf":{"@id":"https:\/\/jornalfatosenoticias.com.br\/#website"},"primaryImageOfPage":{"@id":"https:\/\/jornalfatosenoticias.com.br\/index.php\/2024\/05\/15\/acao-cultural-leva-piquenique-literario-para-escolas-da-rede-municipal\/#primaryimage"},"image":{"@id":"https:\/\/jornalfatosenoticias.com.br\/index.php\/2024\/05\/15\/acao-cultural-leva-piquenique-literario-para-escolas-da-rede-municipal\/#primaryimage"},"thumbnailUrl":"https:\/\/jornalfatosenoticias.com.br\/wp-content\/uploads\/2024\/05\/piquenique-literario.jpg","datePublished":"2024-05-15T13:50:28+00:00","dateModified":"2024-05-15T13:50:30+00:00","breadcrumb":{"@id":"https:\/\/jornalfatosenoticias.com.br\/index.php\/2024\/05\/15\/acao-cultural-leva-piquenique-literario-para-escolas-da-rede-municipal\/#breadcrumb"},"inLanguage":"pt-BR","potentialAction":[{"@type":"ReadAction","target":["https:\/\/jornalfatosenoticias.com.br\/index.php\/2024\/05\/15\/acao-cultural-leva-piquenique-literario-para-escolas-da-rede-municipal\/"]}]},{"@type":"ImageObject","inLanguage":"pt-BR","@id":"https:\/\/jornalfatosenoticias.com.br\/index.php\/2024\/05\/15\/acao-cultural-leva-piquenique-literario-para-escolas-da-rede-municipal\/#primaryimage","url":"https:\/\/jornalfatosenoticias.com.br\/wp-content\/uploads\/2024\/05\/piquenique-literario.jpg","contentUrl":"https:\/\/jornalfatosenoticias.com.br\/wp-content\/uploads\/2024\/05\/piquenique-literario.jpg","width":700,"height":463,"caption":"A\u00e7\u00e3o recebe patroc\u00ednio da Lei Rubem Braga da Cultura de Vit\u00f3ria."},{"@type":"BreadcrumbList","@id":"https:\/\/jornalfatosenoticias.com.br\/index.php\/2024\/05\/15\/acao-cultural-leva-piquenique-literario-para-escolas-da-rede-municipal\/#breadcrumb","itemListElement":[{"@type":"ListItem","position":1,"name":"In\u00edcio","item":"https:\/\/jornalfatosenoticias.com.br\/"},{"@type":"ListItem","position":2,"name":"A\u00e7\u00e3o cultural leva piquenique liter\u00e1rio para escolas da rede municipal"}]},{"@type":"WebSite","@id":"https:\/\/jornalfatosenoticias.com.br\/#website","url":"https:\/\/jornalfatosenoticias.com.br\/","name":"Jornal Fatos e Not\u00edcias","description":"Not\u00edcias em geral","publisher":{"@id":"https:\/\/jornalfatosenoticias.com.br\/#organization"},"potentialAction":[{"@type":"SearchAction","target":{"@type":"EntryPoint","urlTemplate":"https:\/\/jornalfatosenoticias.com.br\/?s={search_term_string}"},"query-input":{"@type":"PropertyValueSpecification","valueRequired":true,"valueName":"search_term_string"}}],"inLanguage":"pt-BR"},{"@type":"Organization","@id":"https:\/\/jornalfatosenoticias.com.br\/#organization","name":"Jornal Fatos e Not\u00edcias","url":"https:\/\/jornalfatosenoticias.com.br\/","logo":{"@type":"ImageObject","inLanguage":"pt-BR","@id":"https:\/\/jornalfatosenoticias.com.br\/#\/schema\/logo\/image\/","url":"https:\/\/jornalfatosenoticias.com.br\/wp-content\/uploads\/2020\/02\/logo120.png","contentUrl":"https:\/\/jornalfatosenoticias.com.br\/wp-content\/uploads\/2020\/02\/logo120.png","width":1227,"height":120,"caption":"Jornal Fatos e Not\u00edcias"},"image":{"@id":"https:\/\/jornalfatosenoticias.com.br\/#\/schema\/logo\/image\/"}},{"@type":"Person","@id":"https:\/\/jornalfatosenoticias.com.br\/#\/schema\/person\/d63837fa13ac8666eb9e74e0985d6f81","name":"Luzimara Fernandes","image":{"@type":"ImageObject","inLanguage":"pt-BR","@id":"https:\/\/jornalfatosenoticias.com.br\/#\/schema\/person\/image\/","url":"https:\/\/jornalfatosenoticias.com.br\/wp-content\/uploads\/2025\/05\/EU_portal.jpg","contentUrl":"https:\/\/jornalfatosenoticias.com.br\/wp-content\/uploads\/2025\/05\/EU_portal.jpg","caption":"Luzimara Fernandes"},"description":"Jornalista MTB 2358-ES","sameAs":["https:\/\/jornalfatosenoticias.com.br"],"url":"https:\/\/jornalfatosenoticias.com.br\/index.php\/author\/luzimara\/"}]}},"cc_featured_image_caption":{"caption_text":"(Foto: Divulga\u00e7\u00e3o\/PMV) ","source_text":"","source_url":""},"jetpack_featured_media_url":"https:\/\/jornalfatosenoticias.com.br\/wp-content\/uploads\/2024\/05\/piquenique-literario.jpg","_links":{"self":[{"href":"https:\/\/jornalfatosenoticias.com.br\/index.php\/wp-json\/wp\/v2\/posts\/51256","targetHints":{"allow":["GET"]}}],"collection":[{"href":"https:\/\/jornalfatosenoticias.com.br\/index.php\/wp-json\/wp\/v2\/posts"}],"about":[{"href":"https:\/\/jornalfatosenoticias.com.br\/index.php\/wp-json\/wp\/v2\/types\/post"}],"author":[{"embeddable":true,"href":"https:\/\/jornalfatosenoticias.com.br\/index.php\/wp-json\/wp\/v2\/users\/2"}],"replies":[{"embeddable":true,"href":"https:\/\/jornalfatosenoticias.com.br\/index.php\/wp-json\/wp\/v2\/comments?post=51256"}],"version-history":[{"count":0,"href":"https:\/\/jornalfatosenoticias.com.br\/index.php\/wp-json\/wp\/v2\/posts\/51256\/revisions"}],"wp:featuredmedia":[{"embeddable":true,"href":"https:\/\/jornalfatosenoticias.com.br\/index.php\/wp-json\/wp\/v2\/media\/51258"}],"wp:attachment":[{"href":"https:\/\/jornalfatosenoticias.com.br\/index.php\/wp-json\/wp\/v2\/media?parent=51256"}],"wp:term":[{"taxonomy":"category","embeddable":true,"href":"https:\/\/jornalfatosenoticias.com.br\/index.php\/wp-json\/wp\/v2\/categories?post=51256"},{"taxonomy":"post_tag","embeddable":true,"href":"https:\/\/jornalfatosenoticias.com.br\/index.php\/wp-json\/wp\/v2\/tags?post=51256"}],"curies":[{"name":"wp","href":"https:\/\/api.w.org\/{rel}","templated":true}]}}