{"id":51313,"date":"2024-05-16T15:51:39","date_gmt":"2024-05-16T18:51:39","guid":{"rendered":"https:\/\/jornalfatosenoticias.com.br\/?p=51313"},"modified":"2024-05-16T15:51:41","modified_gmt":"2024-05-16T18:51:41","slug":"a-semana-no-brasil-e-no-mundo-tse-multa-lula-e-coligacao-por-propaganda-irregular-contra-jair-bolsonaro","status":"publish","type":"post","link":"https:\/\/jornalfatosenoticias.com.br\/index.php\/2024\/05\/16\/a-semana-no-brasil-e-no-mundo-tse-multa-lula-e-coligacao-por-propaganda-irregular-contra-jair-bolsonaro\/","title":{"rendered":"A Semana no Brasil e no Mundo \u2014 TSE multa Lula e coliga\u00e7\u00e3o por propaganda irregular contra Jair Bolsonaro"},"content":{"rendered":"\n<div class=\"wp-block-image\"><figure class=\"aligncenter size-large\"><img loading=\"lazy\" decoding=\"async\" width=\"729\" height=\"90\" src=\"https:\/\/jornalfatosenoticias.com.br\/wp-content\/uploads\/2020\/02\/Logo_Mizu.png\" alt=\"\" class=\"wp-image-1441\" srcset=\"https:\/\/jornalfatosenoticias.com.br\/wp-content\/uploads\/2020\/02\/Logo_Mizu.png 729w, https:\/\/jornalfatosenoticias.com.br\/wp-content\/uploads\/2020\/02\/Logo_Mizu-300x37.png 300w\" sizes=\"auto, (max-width: 729px) 100vw, 729px\" \/><\/figure><\/div>\n\n\n\n<p>O Tribunal Superior Eleitoral (TSE) imp\u00f4s, por unanimidade, multas de R$ 10 mil a Luiz In\u00e1cio Lula da Silva e \u00e0 Coliga\u00e7\u00e3o Brasil da Esperan\u00e7a devido ao impulsionamento de propaganda eleitoral negativa e irregular dirigida ao ex-presidente Jair Bolsonaro, candidato \u00e0 reelei\u00e7\u00e3o em 2022. A decis\u00e3o responde a uma representa\u00e7\u00e3o da Coliga\u00e7\u00e3o Pelo Bem do Brasil, liderada por Bolsonaro.<br>O ex-presidente Bolsonaro contestou a dissemina\u00e7\u00e3o de um v\u00eddeo na p\u00e1gina oficial de Lula no Facebook, alegando que o material continha \u201cdesinforma\u00e7\u00e3o e ofensas\u201d, al\u00e9m de estar \u201cgravemente manipulado e distorcido\u201d, configurando um uso estrat\u00e9gico de <em>fake news<\/em> para desqualificar sua imagem. O v\u00eddeo em quest\u00e3o inclu\u00eda trechos de pronunciamentos de Bolsonaro de uma <em>live<\/em> em 2021, onde ele simulou dificuldades respirat\u00f3rias para discutir a import\u00e2ncia de buscar atendimento m\u00e9dico precoce durante a pandemia da covid-19. Este posicionamento divergia das orienta\u00e7\u00f5es do ent\u00e3o ministro da Sa\u00fade, Luiz Mandetta, que recomendava a busca por assist\u00eancia apenas em casos de agravamento dos sintomas.<\/p>\n\n\n\n<div class=\"wp-block-image\"><figure class=\"aligncenter size-large is-resized\"><img loading=\"lazy\" decoding=\"async\" src=\"https:\/\/jornalfatosenoticias.com.br\/wp-content\/uploads\/2023\/08\/BKR-1024x1021.jpg\" alt=\"\" class=\"wp-image-44494\" width=\"334\" height=\"333\" srcset=\"https:\/\/jornalfatosenoticias.com.br\/wp-content\/uploads\/2023\/08\/BKR-1024x1021.jpg 1024w, https:\/\/jornalfatosenoticias.com.br\/wp-content\/uploads\/2023\/08\/BKR-300x300.jpg 300w, https:\/\/jornalfatosenoticias.com.br\/wp-content\/uploads\/2023\/08\/BKR-150x150.jpg 150w, https:\/\/jornalfatosenoticias.com.br\/wp-content\/uploads\/2023\/08\/BKR-768x766.jpg 768w, https:\/\/jornalfatosenoticias.com.br\/wp-content\/uploads\/2023\/08\/BKR.jpg 1080w\" sizes=\"auto, (max-width: 334px) 100vw, 334px\" \/><\/figure><\/div>\n\n\n\n<p>Al\u00e9m dos excertos da live, o v\u00eddeo impulsionado tamb\u00e9m mostrava cr\u00edticas de entrevistados a Bolsonaro, intercaladas \u00e0s falas do ex-presidente, ampliando o tom negativo da propaganda. Os ministros do TSE destacaram que o v\u00eddeo estava irregular n\u00e3o apenas pelo conte\u00fado, mas tamb\u00e9m por n\u00e3o incluir o CNPJ ou CPF do respons\u00e1vel pelo impulsionamento, al\u00e9m de omitir a frase \u201cPropaganda eleitoral\u201d, requisito obrigat\u00f3rio segundo a legisla\u00e7\u00e3o eleitoral. <strong>(Fonte: Hora Bras\u00edlia)<\/strong><\/p>\n\n\n\n<div class=\"wp-block-image\"><figure class=\"aligncenter size-large is-resized\"><img loading=\"lazy\" decoding=\"async\" src=\"https:\/\/jornalfatosenoticias.com.br\/wp-content\/uploads\/2023\/09\/vetorvix1024_1.jpg\" alt=\"\" class=\"wp-image-44868\" width=\"535\" height=\"142\" srcset=\"https:\/\/jornalfatosenoticias.com.br\/wp-content\/uploads\/2023\/09\/vetorvix1024_1.jpg 1024w, https:\/\/jornalfatosenoticias.com.br\/wp-content\/uploads\/2023\/09\/vetorvix1024_1-300x80.jpg 300w, https:\/\/jornalfatosenoticias.com.br\/wp-content\/uploads\/2023\/09\/vetorvix1024_1-768x205.jpg 768w\" sizes=\"auto, (max-width: 535px) 100vw, 535px\" \/><\/figure><\/div>\n\n\n\n<hr class=\"wp-block-separator\"\/>\n\n\n\n<h3 class=\"wp-block-heading\"><span class=\"has-inline-color has-black-color\">PGR ser\u00e1 acionada por Nikolas Ferreira para convocar ministro sobre den\u00fancia de \u201cmil\u00edcia digital comandada por Janja\u201d<\/span><\/h3>\n\n\n\n<div class=\"wp-block-image\"><figure class=\"aligncenter size-large\"><img loading=\"lazy\" decoding=\"async\" width=\"750\" height=\"375\" src=\"https:\/\/jornalfatosenoticias.com.br\/wp-content\/uploads\/2024\/05\/Nikolas-canja.jpg\" alt=\"\" class=\"wp-image-51322\" srcset=\"https:\/\/jornalfatosenoticias.com.br\/wp-content\/uploads\/2024\/05\/Nikolas-canja.jpg 750w, https:\/\/jornalfatosenoticias.com.br\/wp-content\/uploads\/2024\/05\/Nikolas-canja-300x150.jpg 300w\" sizes=\"auto, (max-width: 750px) 100vw, 750px\" \/><figcaption><em><span class=\"has-inline-color has-black-color\">(Foto: Reprodu\u00e7\u00e3o internet)<\/span><\/em><\/figcaption><\/figure><\/div>\n\n\n\n<p>O deputado federal Nikolas Ferreira (PL) anunciou que acionar\u00e1 a Procuradoria-Geral da Rep\u00fablica (PGR) para investigar a suposta \u201cmil\u00edcia digital\u201d comandada por Janja. Al\u00e9m disso, ele convocar\u00e1 o ministro-chefe da Secretaria de Comunica\u00e7\u00e3o Social, Paulo Pimenta, para comparecer \u00e0 Comiss\u00e3o de Comunica\u00e7\u00e3o da C\u00e2mara.<\/p>\n\n\n\n<div class=\"wp-block-image\"><figure class=\"aligncenter size-large\"><img decoding=\"async\" src=\"https:\/\/jornalfatosenoticias.com.br\/wp-content\/uploads\/2020\/02\/barao-das-carnes-300x164-1.jpg\" alt=\"\" class=\"wp-image-34339\"\/><\/figure><\/div>\n\n\n\n<p>A den\u00fancia foi feita pela pesquisadora da Universidade de S\u00e3o Paulo (USP), Michele Prado, que alega que Janja criou uma \u201cmil\u00edcia digital\u201d ainda mais \u201cnociva\u201d do que o suposto \u201cgabinete do \u00f3dio\u201d do governo anterior. Segundo Michele, a primeira-dama estaria manipulando a opini\u00e3o p\u00fablica conforme seus interesses.<br>Nikolas Ferreira refor\u00e7ou a gravidade das acusa\u00e7\u00f5es e afirmou que continuar\u00e1 atuando para investigar esses fatos. <\/p>\n\n\n\n<div class=\"wp-block-image\"><figure class=\"aligncenter size-large is-resized\"><img loading=\"lazy\" decoding=\"async\" src=\"https:\/\/jornalfatosenoticias.com.br\/wp-content\/uploads\/2020\/02\/logo_esteio.jpg\" alt=\"\" class=\"wp-image-1214\" width=\"330\" height=\"275\"\/><\/figure><\/div>\n\n\n\n<p>A den\u00fancia surgiu ap\u00f3s uma troca de mensagens no Twitter\/X entre Michele e o ministro Paulo Pimenta, que mencionou o aumento de \u201cfake news\u201d no Rio Grande do Sul durante as enchentes. Michele, que fazia parte de um grupo de pesquisa, contestou a informa\u00e7\u00e3o divulgada por uma jornalista da GloboNews e foi posteriormente desligada da equipe. <strong>(Fonte: Terra Brasil Not\u00edcias)<\/strong><\/p>\n\n\n\n<figure class=\"wp-block-embed-twitter wp-block-embed is-type-rich is-provider-twitter\"><div class=\"wp-block-embed__wrapper\">\n<blockquote class=\"twitter-tweet\" data-width=\"550\" data-dnt=\"true\"><p lang=\"pt\" dir=\"ltr\">Sobre a den\u00fancia da Michele Prado acerca da Mil\u00edcia digital do Governo e da Janja, fui informado por ela que o convite n\u00e3o ser\u00e1 aceito. Contudo, continuaremos atuando para averiguar estas condutas que s\u00e3o consideradas Grav\u00edssimas. Al\u00e9m do convite da Sra. Michele Prado que ser\u00e1\u2026<\/p>&mdash; Nikolas Ferreira (@nikolas_dm) <a href=\"https:\/\/twitter.com\/nikolas_dm\/status\/1790406094885400757?ref_src=twsrc%5Etfw\">May 14, 2024<\/a><\/blockquote><script async src=\"https:\/\/platform.twitter.com\/widgets.js\" charset=\"utf-8\"><\/script>\n<\/div><\/figure>\n\n\n\n<figure class=\"wp-block-embed-twitter wp-block-embed is-type-rich is-provider-twitter\"><div class=\"wp-block-embed__wrapper\">\n<blockquote class=\"twitter-tweet\" data-width=\"550\" data-dnt=\"true\"><p lang=\"pt\" dir=\"ltr\">Entrarei com um requerimento na comiss\u00e3o de comunica\u00e7\u00e3o, para convidar a Jornalista Michele Prado, para prestar esclarecimentos sobre suas alega\u00e7\u00f5es de<br><br>&#8211; mil\u00edcia digital criada pela 1\u00aa dama<br>&#8211; \u2060gabinete do \u00f3dio <br>&#8211; \u2060manipula\u00e7\u00e3o da opini\u00e3o p\u00fablica realizada por meios de\u2026 <a href=\"https:\/\/t.co\/nc2eLYuJZE\">pic.twitter.com\/nc2eLYuJZE<\/a><\/p>&mdash; Nikolas Ferreira (@nikolas_dm) <a href=\"https:\/\/twitter.com\/nikolas_dm\/status\/1790355531644764658?ref_src=twsrc%5Etfw\">May 14, 2024<\/a><\/blockquote><script async src=\"https:\/\/platform.twitter.com\/widgets.js\" charset=\"utf-8\"><\/script>\n<\/div><\/figure>\n\n\n\n<div class=\"wp-block-image\"><figure class=\"aligncenter size-large is-resized\"><img loading=\"lazy\" decoding=\"async\" src=\"https:\/\/jornalfatosenoticias.com.br\/wp-content\/uploads\/2020\/02\/logo-Rapuzel-1024x571.jpg\" alt=\"\" class=\"wp-image-42808\" width=\"365\" height=\"203\" srcset=\"https:\/\/jornalfatosenoticias.com.br\/wp-content\/uploads\/2020\/02\/logo-Rapuzel-1024x571.jpg 1024w, https:\/\/jornalfatosenoticias.com.br\/wp-content\/uploads\/2020\/02\/logo-Rapuzel-300x167.jpg 300w, https:\/\/jornalfatosenoticias.com.br\/wp-content\/uploads\/2020\/02\/logo-Rapuzel-768x428.jpg 768w, https:\/\/jornalfatosenoticias.com.br\/wp-content\/uploads\/2020\/02\/logo-Rapuzel-1536x856.jpg 1536w, https:\/\/jornalfatosenoticias.com.br\/wp-content\/uploads\/2020\/02\/logo-Rapuzel.jpg 1600w\" sizes=\"auto, (max-width: 365px) 100vw, 365px\" \/><\/figure><\/div>\n\n\n\n<hr class=\"wp-block-separator\"\/>\n\n\n\n<h3 class=\"wp-block-heading\"><span class=\"has-inline-color has-black-color\">Lula convida, mas Lira e Pacheco recusam ida ao Rio Grande do Sul<\/span><\/h3>\n\n\n\n<div class=\"wp-block-image\"><figure class=\"aligncenter size-large\"><img loading=\"lazy\" decoding=\"async\" width=\"768\" height=\"470\" src=\"https:\/\/jornalfatosenoticias.com.br\/wp-content\/uploads\/2024\/05\/Lira-e-Pacheco.jpg\" alt=\"\" class=\"wp-image-51321\" srcset=\"https:\/\/jornalfatosenoticias.com.br\/wp-content\/uploads\/2024\/05\/Lira-e-Pacheco.jpg 768w, https:\/\/jornalfatosenoticias.com.br\/wp-content\/uploads\/2024\/05\/Lira-e-Pacheco-300x184.jpg 300w\" sizes=\"auto, (max-width: 768px) 100vw, 768px\" \/><figcaption><em><span class=\"has-inline-color has-black-color\">(Foto: Marcelo Camargo\/Ag\u00eancia Brasil)<\/span><\/em><\/figcaption><\/figure><\/div>\n\n\n\n<p><span class=\"has-inline-color has-black-color\">Por <strong>Leiliane Lopes<\/strong><br><\/span>Nesta quarta-feira (15), Luiz In\u00e1cio Lula da Silva (PT) voltou ao Rio Grande do Sul com uma comitiva, mas sem a presen\u00e7a dos l\u00edderes do Congresso Nacional e sem o presidente do Tribunal de Contas da Uni\u00e3o (TCU) que recusaram o convite. As informa\u00e7\u00f5es s\u00e3o da CNN Brasil.<\/p>\n\n\n\n<div class=\"wp-block-image\"><figure class=\"aligncenter size-large is-resized\"><img loading=\"lazy\" decoding=\"async\" src=\"https:\/\/jornalfatosenoticias.com.br\/wp-content\/uploads\/2023\/03\/nova-logo-Marquetti.jpg\" alt=\"\" class=\"wp-image-40207\" width=\"356\" height=\"239\" srcset=\"https:\/\/jornalfatosenoticias.com.br\/wp-content\/uploads\/2023\/03\/nova-logo-Marquetti.jpg 643w, https:\/\/jornalfatosenoticias.com.br\/wp-content\/uploads\/2023\/03\/nova-logo-Marquetti-300x202.jpg 300w\" sizes=\"auto, (max-width: 356px) 100vw, 356px\" \/><\/figure><\/div>\n\n\n\n<p>Na justificativa, o presidente da C\u00e2mara dos Deputados, Arthur Lira (PP-AL), o presidente do Senado Federal, Rodrigo Pacheco (PSD-MG), e o presidente do TCU, Bruno Dantas, disseram que j\u00e1 tinham compromissos nas sess\u00f5es plen\u00e1rias agendadas e n\u00e3o poderiam viajar. Pacheco ficar\u00e1 em Bras\u00edlia para conduzir a vota\u00e7\u00e3o do projeto de lei que renegocia a d\u00edvida do Rio Grande do Sul com a Uni\u00e3o. Aprovado na C\u00e2mara na ter\u00e7a-feira (14), o texto ser\u00e1 apreciado pelos senadores ainda nesta quarta.<\/p>\n\n\n\n<div class=\"wp-block-image\"><figure class=\"aligncenter size-large is-resized\"><img loading=\"lazy\" decoding=\"async\" src=\"https:\/\/jornalfatosenoticias.com.br\/wp-content\/uploads\/2023\/08\/ITH.jpeg\" alt=\"\" class=\"wp-image-44638\" width=\"320\" height=\"260\" srcset=\"https:\/\/jornalfatosenoticias.com.br\/wp-content\/uploads\/2023\/08\/ITH.jpeg 800w, https:\/\/jornalfatosenoticias.com.br\/wp-content\/uploads\/2023\/08\/ITH-300x244.jpeg 300w, https:\/\/jornalfatosenoticias.com.br\/wp-content\/uploads\/2023\/08\/ITH-768x624.jpeg 768w\" sizes=\"auto, (max-width: 320px) 100vw, 320px\" \/><\/figure><\/div>\n\n\n\n<p>A comitiva de Lula para o estado ga\u00facho \u00e9 composta por 18 pessoas, al\u00e9m do petista e sua mulher, Janja da Silva, outras autoridades como ministros, os comandantes das For\u00e7as Armadas, o diretor da Pol\u00edcia Federal e o presidente da Conab tamb\u00e9m est\u00e3o presentes. O ministro Lu\u00eds Roberto Barroso, presidente do Supremo Tribunal Federal (STF), tamb\u00e9m est\u00e1 na comitiva. Ele foi representando o Poder Judici\u00e1rio. Desta forma, apenas o Poder Legislativo n\u00e3o est\u00e1 representado na terceira visita de Lula ao Rio Grande do Sul desde o come\u00e7o das enchentes. <strong>(Fonte: Pleno.News)<\/strong><\/p>\n\n\n\n<div class=\"wp-block-image\"><figure class=\"aligncenter size-large is-resized\"><img loading=\"lazy\" decoding=\"async\" src=\"https:\/\/jornalfatosenoticias.com.br\/wp-content\/uploads\/2022\/02\/Precisao-Contabilidade-1024x724.jpg\" alt=\"\" class=\"wp-image-28088\" width=\"369\" height=\"261\"\/><\/figure><\/div>\n\n\n\n<hr class=\"wp-block-separator\"\/>\n\n\n\n<h3 class=\"wp-block-heading\"><span class=\"has-inline-color has-black-color\">Ex-pesquisadora da USP acusa Daniela Lima e Janja<\/span><\/h3>\n\n\n\n<div class=\"wp-block-image\"><figure class=\"aligncenter size-large\"><img loading=\"lazy\" decoding=\"async\" width=\"768\" height=\"432\" src=\"https:\/\/jornalfatosenoticias.com.br\/wp-content\/uploads\/2024\/05\/Pesquisadora-da-USP-acusa-Daniela-Lima-e-Janja.jpg\" alt=\"\" class=\"wp-image-51318\" srcset=\"https:\/\/jornalfatosenoticias.com.br\/wp-content\/uploads\/2024\/05\/Pesquisadora-da-USP-acusa-Daniela-Lima-e-Janja.jpg 768w, https:\/\/jornalfatosenoticias.com.br\/wp-content\/uploads\/2024\/05\/Pesquisadora-da-USP-acusa-Daniela-Lima-e-Janja-300x169.jpg 300w\" sizes=\"auto, (max-width: 768px) 100vw, 768px\" \/><figcaption><em><span class=\"has-inline-color has-black-color\">(Fotos: Arquivo Pessoal\/Reprodu\u00e7\u00e3o GloboNews\/Claudio Kbene\/PR)<\/span><\/em><\/figcaption><\/figure><\/div>\n\n\n\n<p><span class=\"has-inline-color has-black-color\">Por <strong>Thamirys Andrade<br><\/strong><\/span>As den\u00fancias feitas pela ex-pesquisadora da USP, Michele Prado, contra a jornalista Daniela Lima e a primeira-dama Janja da Silva viraram pauta de an\u00e1lise na C\u00e2mara dos Deputados. O Pleno.News explica a escalada desse caso, que abrange demiss\u00e3o, cyberbullyng, suposta mil\u00edcia digital e at\u00e9 mesmo a interven\u00e7\u00e3o do deputado federal Nikolas Ferreira (PL-MF).<\/p>\n\n\n\n<div class=\"wp-block-image\"><figure class=\"aligncenter size-large is-resized\"><img loading=\"lazy\" decoding=\"async\" src=\"https:\/\/jornalfatosenoticias.com.br\/wp-content\/uploads\/2020\/02\/CONTROL-CS.jpg\" alt=\"\" class=\"wp-image-44991\" width=\"330\" height=\"395\" srcset=\"https:\/\/jornalfatosenoticias.com.br\/wp-content\/uploads\/2020\/02\/CONTROL-CS.jpg 834w, https:\/\/jornalfatosenoticias.com.br\/wp-content\/uploads\/2020\/02\/CONTROL-CS-250x300.jpg 250w, https:\/\/jornalfatosenoticias.com.br\/wp-content\/uploads\/2020\/02\/CONTROL-CS-768x921.jpg 768w\" sizes=\"auto, (max-width: 330px) 100vw, 330px\" \/><\/figure><\/div>\n\n\n\n<p>Tudo come\u00e7ou na \u00faltima sexta (10), quando Prado, at\u00e9 ent\u00e3o pesquisadora no Monitor do Debate Pol\u00edtico do Meio Digital da USP, corrigiu declara\u00e7\u00f5es feitas pela apresentadora Daniela Lima, da Globo News. Na ocasi\u00e3o, Daniela havia dito que uma pesquisa feita pelo grupo da USP mostrou que 31% das publica\u00e7\u00f5es feitas entre 10h e 14h do dia 10 de maio no X com as palavras chave \u201cRio Grande do Sul\u201d e \u201cTrag\u00e9dia\u201d eram antigoverno e desinformativas.<\/p>\n\n\n\n<div class=\"wp-block-image\"><figure class=\"aligncenter size-large\"><img loading=\"lazy\" decoding=\"async\" width=\"510\" height=\"823\" src=\"https:\/\/jornalfatosenoticias.com.br\/wp-content\/uploads\/2024\/05\/Pesquisadora-da-USP-acusa-Daniela-Lima-e-Janja2.jpg\" alt=\"\" class=\"wp-image-51319\" srcset=\"https:\/\/jornalfatosenoticias.com.br\/wp-content\/uploads\/2024\/05\/Pesquisadora-da-USP-acusa-Daniela-Lima-e-Janja2.jpg 510w, https:\/\/jornalfatosenoticias.com.br\/wp-content\/uploads\/2024\/05\/Pesquisadora-da-USP-acusa-Daniela-Lima-e-Janja2-186x300.jpg 186w\" sizes=\"auto, (max-width: 510px) 100vw, 510px\" \/><\/figure><\/div>\n\n\n\n<p>Em publica\u00e7\u00e3o no X, Michele, que participou da pesquisa, disse que a fala da jornalista estava incorreta. Isso porque o estudo, na verdade, indica apenas que 31% das publica\u00e7\u00f5es sobre o RS eram cr\u00edticas ao governo e as institui\u00e7\u00f5es, sem analisar quais delas eram desinformativas, opinativas ou factuais. Ou seja, n\u00e3o foi analisado o percentual de quantas dessas postagem foram enquadradas por ag\u00eancias de checagem.<\/p>\n\n\n\n<div class=\"wp-block-image\"><figure class=\"aligncenter size-large is-resized\"><img loading=\"lazy\" decoding=\"async\" src=\"https:\/\/jornalfatosenoticias.com.br\/wp-content\/uploads\/2023\/03\/logo-Panper_portal.jpg\" alt=\"\" class=\"wp-image-40208\" width=\"354\" height=\"245\" srcset=\"https:\/\/jornalfatosenoticias.com.br\/wp-content\/uploads\/2023\/03\/logo-Panper_portal.jpg 400w, https:\/\/jornalfatosenoticias.com.br\/wp-content\/uploads\/2023\/03\/logo-Panper_portal-300x208.jpg 300w\" sizes=\"auto, (max-width: 354px) 100vw, 354px\" \/><\/figure><\/div>\n\n\n\n<p>Ap\u00f3s a corre\u00e7\u00e3o, Prado relata ter sido insultada via WhatsApp por Daniela Lima. Ela conta ter sofrido ass\u00e9dio moral e que acabou sendo demitida da USP, supostamente por esse motivo. Na entidade, ela pesquisava sobre preven\u00e7\u00e3o\/combate aos extremismos pol\u00edticos. A pesquisadora disse ainda estar sofrendo cyberbullying, o qual chamou de janjismo e movimento cultista. Ela afirma que a primeira-dama, Janja da Silva, teria criado uma \u201cmil\u00edcia digital\u201d que estaria manipulando a opini\u00e3o p\u00fablica, em uma esp\u00e9cie de \u201cgabinete do \u00f3dio\u201d.<\/p>\n\n\n\n<div class=\"wp-block-image\"><figure class=\"aligncenter size-large\"><img loading=\"lazy\" decoding=\"async\" width=\"957\" height=\"858\" src=\"https:\/\/jornalfatosenoticias.com.br\/wp-content\/uploads\/2024\/05\/Pesquisadora-da-USP-acusa-Daniela-Lima-e-Janja3.jpg\" alt=\"\" class=\"wp-image-51320\" srcset=\"https:\/\/jornalfatosenoticias.com.br\/wp-content\/uploads\/2024\/05\/Pesquisadora-da-USP-acusa-Daniela-Lima-e-Janja3.jpg 957w, https:\/\/jornalfatosenoticias.com.br\/wp-content\/uploads\/2024\/05\/Pesquisadora-da-USP-acusa-Daniela-Lima-e-Janja3-300x269.jpg 300w, https:\/\/jornalfatosenoticias.com.br\/wp-content\/uploads\/2024\/05\/Pesquisadora-da-USP-acusa-Daniela-Lima-e-Janja3-768x689.jpg 768w\" sizes=\"auto, (max-width: 957px) 100vw, 957px\" \/><\/figure><\/div>\n\n\n\n<p>O caso ganhou repercuss\u00e3o, e o deputado federal Nikolas Ferreira convidou a pesquisadora a prestar esclarecimentos sobre as afirma\u00e7\u00f5es que fez, sob a justificativa de que \u00e9 importante trazer luz sobre tais den\u00fancias. Inicialmente, Michelle recusou o convite, mas posteriormente decidiu aceitar. Ela afirma que falar\u00e1 baseada na verdade dos fatos e se defender\u00e1 da campanha de cyberbulling feita contra ela. O parlamentar informou que o requerimento para ouvir a pesquisadora ser\u00e1 votado na reuni\u00e3o da pr\u00f3xima quarta-feira (22). <strong>(Fonte: Pleno.News)<\/strong><\/p>\n\n\n\n<div class=\"wp-block-image\"><figure class=\"aligncenter size-large\"><img loading=\"lazy\" decoding=\"async\" width=\"300\" height=\"250\" src=\"https:\/\/jornalfatosenoticias.com.br\/wp-content\/uploads\/2020\/02\/Banner-2.png\" alt=\"\" class=\"wp-image-43787\"\/><\/figure><\/div>\n\n\n\n<hr class=\"wp-block-separator\"\/>\n\n\n\n<h3 class=\"wp-block-heading\"><span class=\"has-inline-color has-black-color\">Desastrosa: Turn\u00ea de Ivete Sangalo \u00e9 cancelada por falta de p\u00fablico<\/span><\/h3>\n\n\n\n<div class=\"wp-block-image\"><figure class=\"aligncenter size-large\"><img loading=\"lazy\" decoding=\"async\" width=\"612\" height=\"408\" src=\"https:\/\/jornalfatosenoticias.com.br\/wp-content\/uploads\/2024\/05\/IVETE-SANGALO_FRACASSO_gettyimages.jpg\" alt=\"\" class=\"wp-image-51317\" srcset=\"https:\/\/jornalfatosenoticias.com.br\/wp-content\/uploads\/2024\/05\/IVETE-SANGALO_FRACASSO_gettyimages.jpg 612w, https:\/\/jornalfatosenoticias.com.br\/wp-content\/uploads\/2024\/05\/IVETE-SANGALO_FRACASSO_gettyimages-300x200.jpg 300w\" sizes=\"auto, (max-width: 612px) 100vw, 612px\" \/><figcaption><em><span class=\"has-inline-color has-black-color\">(Foto: Getty Images)<\/span><\/em><\/figcaption><\/figure><\/div>\n\n\n\n<p>A aguardada turn\u00ea \u201cA Festa\u201d de Ivete Sangalo, planejada para celebrar seus trinta anos de carreira em v\u00e1rias cidades do Pa\u00eds, foi cancelada nesta quarta-feira (15), conforme anunciado nas redes sociais. O comunicado da produ\u00e7\u00e3o da cantora explicou que, devido \u00e0 impossibilidade da produtora respons\u00e1vel garantir as condi\u00e7\u00f5es necess\u00e1rias para as apresenta\u00e7\u00f5es ocorrerem com a excel\u00eancia e seguran\u00e7a prometidas, a decis\u00e3o foi tomada em conjunto com Ivete Sangalo e seu escrit\u00f3rio.<\/p>\n\n\n\n<div class=\"wp-block-image\"><figure class=\"aligncenter size-large\"><img loading=\"lazy\" decoding=\"async\" width=\"300\" height=\"250\" src=\"https:\/\/jornalfatosenoticias.com.br\/wp-content\/uploads\/2022\/02\/FERRARI_MAQUINAS-E-FERRAMENTAS2.jpg\" alt=\"\" class=\"wp-image-27860\"\/><\/figure><\/div>\n\n\n\n<p>Embora o comunicado tenha apresentado argumentos gen\u00e9ricos, fontes envolvidas na produ\u00e7\u00e3o revelaram \u00e0 coluna GENTE que a cantora estava extremamente insatisfeita com a baixa venda de ingressos em todas as cidades, desde o in\u00edcio da turn\u00ea. As vendas dos ingressos para o show no Maracan\u00e3, no Rio de Janeiro, n\u00e3o atingiram as expectativas da produ\u00e7\u00e3o, levando \u00e0 distribui\u00e7\u00e3o gratuita de ingressos em um shopping da zona norte para garantir que o est\u00e1dio estivesse cheio durante a grava\u00e7\u00e3o para a TV Globo.<\/p>\n\n\n\n<div class=\"wp-block-image\"><figure class=\"aligncenter size-large is-resized\"><img loading=\"lazy\" decoding=\"async\" src=\"https:\/\/jornalfatosenoticias.com.br\/wp-content\/uploads\/2023\/08\/BKR-1024x1021.jpg\" alt=\"\" class=\"wp-image-44494\" width=\"316\" height=\"315\" srcset=\"https:\/\/jornalfatosenoticias.com.br\/wp-content\/uploads\/2023\/08\/BKR-1024x1021.jpg 1024w, https:\/\/jornalfatosenoticias.com.br\/wp-content\/uploads\/2023\/08\/BKR-300x300.jpg 300w, https:\/\/jornalfatosenoticias.com.br\/wp-content\/uploads\/2023\/08\/BKR-150x150.jpg 150w, https:\/\/jornalfatosenoticias.com.br\/wp-content\/uploads\/2023\/08\/BKR-768x766.jpg 768w, https:\/\/jornalfatosenoticias.com.br\/wp-content\/uploads\/2023\/08\/BKR.jpg 1080w\" sizes=\"auto, (max-width: 316px) 100vw, 316px\" \/><\/figure><\/div>\n\n\n\n<p>Nos \u00faltimos dias, os ingressos para o show em Natal (RN) estavam sendo vendidos a pre\u00e7os reduzidos, refletindo a dificuldade em atrair p\u00fablico para os shows. Com a falta de um novo trabalho impactante e a forte concorr\u00eancia, especialmente com eventos como o Rock in Rio e a turn\u00ea de Bruno Mars, a turn\u00ea de Ivete Sangalo perdeu o \u00edmpeto, n\u00e3o conseguindo gerar o entusiasmo esperado. <strong>(Fonte: Terra Brasil Not\u00edcias)<\/strong><\/p>\n\n\n\n<div class=\"wp-block-image\"><figure class=\"aligncenter size-large is-resized\"><img loading=\"lazy\" decoding=\"async\" src=\"https:\/\/jornalfatosenoticias.com.br\/wp-content\/uploads\/2023\/09\/vetorvix1024_1.jpg\" alt=\"\" class=\"wp-image-44868\" width=\"554\" height=\"147\" srcset=\"https:\/\/jornalfatosenoticias.com.br\/wp-content\/uploads\/2023\/09\/vetorvix1024_1.jpg 1024w, https:\/\/jornalfatosenoticias.com.br\/wp-content\/uploads\/2023\/09\/vetorvix1024_1-300x80.jpg 300w, https:\/\/jornalfatosenoticias.com.br\/wp-content\/uploads\/2023\/09\/vetorvix1024_1-768x205.jpg 768w\" sizes=\"auto, (max-width: 554px) 100vw, 554px\" \/><\/figure><\/div>\n\n\n\n<hr class=\"wp-block-separator\"\/>\n\n\n\n<h3 class=\"wp-block-heading\"><span class=\"has-inline-color has-black-color\">\u201cDemon\u00edaca, mau-car\u00e1ter e mentirosa\u201d: deputado federal detona a Globo durante Comiss\u00e3o de Seguran\u00e7a<\/span><\/h3>\n\n\n\n<div class=\"wp-block-image\"><figure class=\"aligncenter size-large\"><img loading=\"lazy\" decoding=\"async\" width=\"750\" height=\"375\" src=\"https:\/\/jornalfatosenoticias.com.br\/wp-content\/uploads\/2024\/05\/gilvan.jpg\" alt=\"\" class=\"wp-image-51314\" srcset=\"https:\/\/jornalfatosenoticias.com.br\/wp-content\/uploads\/2024\/05\/gilvan.jpg 750w, https:\/\/jornalfatosenoticias.com.br\/wp-content\/uploads\/2024\/05\/gilvan-300x150.jpg 300w\" sizes=\"auto, (max-width: 750px) 100vw, 750px\" \/><figcaption><em><span class=\"has-inline-color has-black-color\">(Foto: Reprodu\u00e7\u00e3o\/Wikimedia)<\/span><\/em><\/figcaption><\/figure><\/div>\n\n\n\n<p>Durante a sess\u00e3o da Comiss\u00e3o de Seguran\u00e7a P\u00fablica e Combate ao Crime Organizado nesta ter\u00e7a-feira (14), o deputado federal Gilvan da Federal (PL-ES) fez uma s\u00e9rie de cr\u00edticas \u00e0 atua\u00e7\u00e3o da Rede Globo. Ele tamb\u00e9m dirigiu suas cr\u00edticas a Luiz In\u00e1cio Lula da Silva (PT) e ao ministro da Secretaria de Comunica\u00e7\u00e3o Social (Secom), Paulo Pimenta.<\/p>\n\n\n\n<div class=\"wp-block-image\"><figure class=\"aligncenter size-large is-resized\"><img loading=\"lazy\" decoding=\"async\" src=\"https:\/\/jornalfatosenoticias.com.br\/wp-content\/uploads\/2020\/02\/logo_esteio.jpg\" alt=\"\" class=\"wp-image-1214\" width=\"348\" height=\"290\"\/><\/figure><\/div>\n\n\n\n<p>O parlamentar expressou sua opini\u00e3o sobre a emissora, afirmando: \u201cO que a Globo vem fazendo\u2026 Eu sempre soube que a Globo era ruim, mas est\u00e1 sendo demon\u00edaca. Uma emissora ser assim, de um jornalismo sujo, mau-car\u00e1ter e mentiroso. Quem \u00e9 a Rede Globo para falar de fake news\u201d.<\/p>\n\n\n\n<div class=\"wp-block-image\"><figure class=\"aligncenter size-large is-resized\"><img loading=\"lazy\" decoding=\"async\" src=\"https:\/\/jornalfatosenoticias.com.br\/wp-content\/uploads\/2023\/03\/nova-logo-Marquetti.jpg\" alt=\"\" class=\"wp-image-40207\" width=\"312\" height=\"209\" srcset=\"https:\/\/jornalfatosenoticias.com.br\/wp-content\/uploads\/2023\/03\/nova-logo-Marquetti.jpg 643w, https:\/\/jornalfatosenoticias.com.br\/wp-content\/uploads\/2023\/03\/nova-logo-Marquetti-300x202.jpg 300w\" sizes=\"auto, (max-width: 312px) 100vw, 312px\" \/><\/figure><\/div>\n\n\n\n<p>Al\u00e9m de abordar a Globo, Gilvan da Federal criticou o \u201cdesgoverno do PT\u201d por n\u00e3o priorizar a trag\u00e9dia no Rio Grande do Sul e, em vez disso, perseguir quem busca falar a verdade com o aux\u00edlio da Pol\u00edcia Federal. Ele tamb\u00e9m questionou a atua\u00e7\u00e3o das For\u00e7as Armadas no estado, considerando-a insuficiente em rela\u00e7\u00e3o aos recursos dispon\u00edveis.<\/p>\n\n\n\n<div class=\"wp-block-image\"><figure class=\"aligncenter size-large is-resized\"><img loading=\"lazy\" decoding=\"async\" src=\"https:\/\/jornalfatosenoticias.com.br\/wp-content\/uploads\/2023\/03\/logo-Panper_portal.jpg\" alt=\"\" class=\"wp-image-40208\" width=\"360\" height=\"249\" srcset=\"https:\/\/jornalfatosenoticias.com.br\/wp-content\/uploads\/2023\/03\/logo-Panper_portal.jpg 400w, https:\/\/jornalfatosenoticias.com.br\/wp-content\/uploads\/2023\/03\/logo-Panper_portal-300x208.jpg 300w\" sizes=\"auto, (max-width: 360px) 100vw, 360px\" \/><\/figure><\/div>\n\n\n\n<p>O deputado ainda desafiou o ministro Paulo Pimenta, chamando-o de \u201ccanalha covarde\u201d e afirmando que n\u00e3o tem medo. Ele refor\u00e7ou sua posi\u00e7\u00e3o de que a atua\u00e7\u00e3o no Rio Grande do Sul deve ser focada no bem-estar da popula\u00e7\u00e3o, destacando o trabalho de volunt\u00e1rios e a import\u00e2ncia de salvar vidas. Em contraposi\u00e7\u00e3o \u00e0s declara\u00e7\u00f5es do chefe da Secom, Gilvan da Federal enfatizou que \u00e9 o povo, civil ajudando civil, que est\u00e1 na linha de frente do resgate e assist\u00eancia aos afetados pela trag\u00e9dia. <strong>(Fonte: Terra Brasil Not\u00edcias)<\/strong><\/p>\n\n\n\n<div class=\"wp-block-image\"><figure class=\"aligncenter size-large is-resized\"><img loading=\"lazy\" decoding=\"async\" src=\"https:\/\/jornalfatosenoticias.com.br\/wp-content\/uploads\/2023\/12\/pegoretti-logo-pdf-1024x389.jpg\" alt=\"\" class=\"wp-image-47536\" width=\"480\" height=\"182\" srcset=\"https:\/\/jornalfatosenoticias.com.br\/wp-content\/uploads\/2023\/12\/pegoretti-logo-pdf-1024x389.jpg 1024w, https:\/\/jornalfatosenoticias.com.br\/wp-content\/uploads\/2023\/12\/pegoretti-logo-pdf-300x114.jpg 300w, https:\/\/jornalfatosenoticias.com.br\/wp-content\/uploads\/2023\/12\/pegoretti-logo-pdf-768x291.jpg 768w, https:\/\/jornalfatosenoticias.com.br\/wp-content\/uploads\/2023\/12\/pegoretti-logo-pdf.jpg 1120w\" sizes=\"auto, (max-width: 480px) 100vw, 480px\" \/><\/figure><\/div>\n\n\n\n<hr class=\"wp-block-separator\"\/>\n","protected":false},"excerpt":{"rendered":"<p>O Tribunal Superior Eleitoral (TSE) imp\u00f4s, por unanimidade, multas de R$ 10 mil a Luiz In\u00e1cio Lula da Silva e \u00e0 Coliga\u00e7\u00e3o Brasil da Esperan\u00e7a devido ao impulsionamento de propaganda eleitoral negativa e irregular dirigida ao ex-presidente Jair Bolsonaro, candidato \u00e0 reelei\u00e7\u00e3o em 2022. A decis\u00e3o responde a uma representa\u00e7\u00e3o da Coliga\u00e7\u00e3o Pelo Bem do [&hellip;]<\/p>\n","protected":false},"author":3,"featured_media":51323,"comment_status":"open","ping_status":"open","sticky":false,"template":"","format":"standard","meta":{"footnotes":""},"categories":[10],"tags":[239,1712,732,7580,18995,6448,4684,1514],"class_list":["post-51313","post","type-post","status-publish","format-standard","has-post-thumbnail","hentry","category-politica","tag-bolsonaro","tag-catastrofe","tag-fake-news","tag-lula","tag-nikolas-ferreira","tag-rede-globo","tag-rio-grande-do-sul","tag-tse"],"yoast_head":"<!-- This site is optimized with the Yoast SEO plugin v26.5 - https:\/\/yoast.com\/wordpress\/plugins\/seo\/ -->\n<title>A Semana no Brasil e no Mundo \u2014 TSE multa Lula e coliga\u00e7\u00e3o por propaganda irregular contra Jair Bolsonaro - Jornal Fatos e Not\u00edcias<\/title>\n<meta name=\"robots\" content=\"index, follow, max-snippet:-1, max-image-preview:large, max-video-preview:-1\" \/>\n<link rel=\"canonical\" href=\"https:\/\/jornalfatosenoticias.com.br\/index.php\/2024\/05\/16\/a-semana-no-brasil-e-no-mundo-tse-multa-lula-e-coligacao-por-propaganda-irregular-contra-jair-bolsonaro\/\" \/>\n<meta property=\"og:locale\" content=\"pt_BR\" \/>\n<meta property=\"og:type\" content=\"article\" \/>\n<meta property=\"og:title\" content=\"A Semana no Brasil e no Mundo \u2014 TSE multa Lula e coliga\u00e7\u00e3o por propaganda irregular contra Jair Bolsonaro - Jornal Fatos e Not\u00edcias\" \/>\n<meta property=\"og:description\" content=\"O Tribunal Superior Eleitoral (TSE) imp\u00f4s, por unanimidade, multas de R$ 10 mil a Luiz In\u00e1cio Lula da Silva e \u00e0 Coliga\u00e7\u00e3o Brasil da Esperan\u00e7a devido ao impulsionamento de propaganda eleitoral negativa e irregular dirigida ao ex-presidente Jair Bolsonaro, candidato \u00e0 reelei\u00e7\u00e3o em 2022. A decis\u00e3o responde a uma representa\u00e7\u00e3o da Coliga\u00e7\u00e3o Pelo Bem do [&hellip;]\" \/>\n<meta property=\"og:url\" content=\"https:\/\/jornalfatosenoticias.com.br\/index.php\/2024\/05\/16\/a-semana-no-brasil-e-no-mundo-tse-multa-lula-e-coligacao-por-propaganda-irregular-contra-jair-bolsonaro\/\" \/>\n<meta property=\"og:site_name\" content=\"Jornal Fatos e Not\u00edcias\" \/>\n<meta property=\"article:published_time\" content=\"2024-05-16T18:51:39+00:00\" \/>\n<meta property=\"article:modified_time\" content=\"2024-05-16T18:51:41+00:00\" \/>\n<meta property=\"og:image\" content=\"https:\/\/jornalfatosenoticias.com.br\/wp-content\/uploads\/2024\/05\/TSE-multa-Lula_gettyimages.jpg\" \/>\n\t<meta property=\"og:image:width\" content=\"612\" \/>\n\t<meta property=\"og:image:height\" content=\"408\" \/>\n\t<meta property=\"og:image:type\" content=\"image\/jpeg\" \/>\n<meta name=\"author\" content=\"Haroldo Filho\" \/>\n<meta name=\"twitter:card\" content=\"summary_large_image\" \/>\n<meta name=\"twitter:label1\" content=\"Escrito por\" \/>\n\t<meta name=\"twitter:data1\" content=\"Haroldo Filho\" \/>\n\t<meta name=\"twitter:label2\" content=\"Est. tempo de leitura\" \/>\n\t<meta name=\"twitter:data2\" content=\"9 minutos\" \/>\n<script type=\"application\/ld+json\" class=\"yoast-schema-graph\">{\"@context\":\"https:\/\/schema.org\",\"@graph\":[{\"@type\":\"Article\",\"@id\":\"https:\/\/jornalfatosenoticias.com.br\/index.php\/2024\/05\/16\/a-semana-no-brasil-e-no-mundo-tse-multa-lula-e-coligacao-por-propaganda-irregular-contra-jair-bolsonaro\/#article\",\"isPartOf\":{\"@id\":\"https:\/\/jornalfatosenoticias.com.br\/index.php\/2024\/05\/16\/a-semana-no-brasil-e-no-mundo-tse-multa-lula-e-coligacao-por-propaganda-irregular-contra-jair-bolsonaro\/\"},\"author\":{\"name\":\"Haroldo Filho\",\"@id\":\"https:\/\/jornalfatosenoticias.com.br\/#\/schema\/person\/05c46cc25b42a5c27e004fb0fa6b4965\"},\"headline\":\"A Semana no Brasil e no Mundo \u2014 TSE multa Lula e coliga\u00e7\u00e3o por propaganda irregular contra Jair Bolsonaro\",\"datePublished\":\"2024-05-16T18:51:39+00:00\",\"dateModified\":\"2024-05-16T18:51:41+00:00\",\"mainEntityOfPage\":{\"@id\":\"https:\/\/jornalfatosenoticias.com.br\/index.php\/2024\/05\/16\/a-semana-no-brasil-e-no-mundo-tse-multa-lula-e-coligacao-por-propaganda-irregular-contra-jair-bolsonaro\/\"},\"wordCount\":1786,\"commentCount\":0,\"publisher\":{\"@id\":\"https:\/\/jornalfatosenoticias.com.br\/#organization\"},\"image\":{\"@id\":\"https:\/\/jornalfatosenoticias.com.br\/index.php\/2024\/05\/16\/a-semana-no-brasil-e-no-mundo-tse-multa-lula-e-coligacao-por-propaganda-irregular-contra-jair-bolsonaro\/#primaryimage\"},\"thumbnailUrl\":\"https:\/\/jornalfatosenoticias.com.br\/wp-content\/uploads\/2024\/05\/TSE-multa-Lula_gettyimages.jpg\",\"keywords\":[\"Bolsonaro\",\"cat\u00e1strofe\",\"fake news\",\"Lula\",\"Nikolas Ferreira\",\"Rede Globo\",\"Rio Grande do Sul\",\"TSE\"],\"articleSection\":[\"Pol\u00edtica\"],\"inLanguage\":\"pt-BR\",\"potentialAction\":[{\"@type\":\"CommentAction\",\"name\":\"Comment\",\"target\":[\"https:\/\/jornalfatosenoticias.com.br\/index.php\/2024\/05\/16\/a-semana-no-brasil-e-no-mundo-tse-multa-lula-e-coligacao-por-propaganda-irregular-contra-jair-bolsonaro\/#respond\"]}]},{\"@type\":\"WebPage\",\"@id\":\"https:\/\/jornalfatosenoticias.com.br\/index.php\/2024\/05\/16\/a-semana-no-brasil-e-no-mundo-tse-multa-lula-e-coligacao-por-propaganda-irregular-contra-jair-bolsonaro\/\",\"url\":\"https:\/\/jornalfatosenoticias.com.br\/index.php\/2024\/05\/16\/a-semana-no-brasil-e-no-mundo-tse-multa-lula-e-coligacao-por-propaganda-irregular-contra-jair-bolsonaro\/\",\"name\":\"A Semana no Brasil e no Mundo \u2014 TSE multa Lula e coliga\u00e7\u00e3o por propaganda irregular contra Jair Bolsonaro - Jornal Fatos e Not\u00edcias\",\"isPartOf\":{\"@id\":\"https:\/\/jornalfatosenoticias.com.br\/#website\"},\"primaryImageOfPage\":{\"@id\":\"https:\/\/jornalfatosenoticias.com.br\/index.php\/2024\/05\/16\/a-semana-no-brasil-e-no-mundo-tse-multa-lula-e-coligacao-por-propaganda-irregular-contra-jair-bolsonaro\/#primaryimage\"},\"image\":{\"@id\":\"https:\/\/jornalfatosenoticias.com.br\/index.php\/2024\/05\/16\/a-semana-no-brasil-e-no-mundo-tse-multa-lula-e-coligacao-por-propaganda-irregular-contra-jair-bolsonaro\/#primaryimage\"},\"thumbnailUrl\":\"https:\/\/jornalfatosenoticias.com.br\/wp-content\/uploads\/2024\/05\/TSE-multa-Lula_gettyimages.jpg\",\"datePublished\":\"2024-05-16T18:51:39+00:00\",\"dateModified\":\"2024-05-16T18:51:41+00:00\",\"breadcrumb\":{\"@id\":\"https:\/\/jornalfatosenoticias.com.br\/index.php\/2024\/05\/16\/a-semana-no-brasil-e-no-mundo-tse-multa-lula-e-coligacao-por-propaganda-irregular-contra-jair-bolsonaro\/#breadcrumb\"},\"inLanguage\":\"pt-BR\",\"potentialAction\":[{\"@type\":\"ReadAction\",\"target\":[\"https:\/\/jornalfatosenoticias.com.br\/index.php\/2024\/05\/16\/a-semana-no-brasil-e-no-mundo-tse-multa-lula-e-coligacao-por-propaganda-irregular-contra-jair-bolsonaro\/\"]}]},{\"@type\":\"ImageObject\",\"inLanguage\":\"pt-BR\",\"@id\":\"https:\/\/jornalfatosenoticias.com.br\/index.php\/2024\/05\/16\/a-semana-no-brasil-e-no-mundo-tse-multa-lula-e-coligacao-por-propaganda-irregular-contra-jair-bolsonaro\/#primaryimage\",\"url\":\"https:\/\/jornalfatosenoticias.com.br\/wp-content\/uploads\/2024\/05\/TSE-multa-Lula_gettyimages.jpg\",\"contentUrl\":\"https:\/\/jornalfatosenoticias.com.br\/wp-content\/uploads\/2024\/05\/TSE-multa-Lula_gettyimages.jpg\",\"width\":612,\"height\":408,\"caption\":\"Brazilian President Luiz Inacio Lula da Silva speaks during the announcement of support measures for the storm-ravaged state of Rio Grande do Sul at the Planalto Palace in Brasilia on May 9, 2024. Teams raced against the clock Thursday to deliver aid to flood-stricken communities in southern Brazil before the arrival of new storms forecast to batter the region again. Some 400 municipalities have been affected by the worst natural calamity ever to hit the state of Rio Grande do Sul, with at least 107 people dead and hundreds injured. (Photo by EVARISTO SA \/ AFP) (Photo by EVARISTO SA\/AFP via Getty Images)\"},{\"@type\":\"BreadcrumbList\",\"@id\":\"https:\/\/jornalfatosenoticias.com.br\/index.php\/2024\/05\/16\/a-semana-no-brasil-e-no-mundo-tse-multa-lula-e-coligacao-por-propaganda-irregular-contra-jair-bolsonaro\/#breadcrumb\",\"itemListElement\":[{\"@type\":\"ListItem\",\"position\":1,\"name\":\"In\u00edcio\",\"item\":\"https:\/\/jornalfatosenoticias.com.br\/\"},{\"@type\":\"ListItem\",\"position\":2,\"name\":\"A Semana no Brasil e no Mundo \u2014 TSE multa Lula e coliga\u00e7\u00e3o por propaganda irregular contra Jair Bolsonaro\"}]},{\"@type\":\"WebSite\",\"@id\":\"https:\/\/jornalfatosenoticias.com.br\/#website\",\"url\":\"https:\/\/jornalfatosenoticias.com.br\/\",\"name\":\"Jornal Fatos e Not\u00edcias\",\"description\":\"Not\u00edcias em geral\",\"publisher\":{\"@id\":\"https:\/\/jornalfatosenoticias.com.br\/#organization\"},\"potentialAction\":[{\"@type\":\"SearchAction\",\"target\":{\"@type\":\"EntryPoint\",\"urlTemplate\":\"https:\/\/jornalfatosenoticias.com.br\/?s={search_term_string}\"},\"query-input\":{\"@type\":\"PropertyValueSpecification\",\"valueRequired\":true,\"valueName\":\"search_term_string\"}}],\"inLanguage\":\"pt-BR\"},{\"@type\":\"Organization\",\"@id\":\"https:\/\/jornalfatosenoticias.com.br\/#organization\",\"name\":\"Jornal Fatos e Not\u00edcias\",\"url\":\"https:\/\/jornalfatosenoticias.com.br\/\",\"logo\":{\"@type\":\"ImageObject\",\"inLanguage\":\"pt-BR\",\"@id\":\"https:\/\/jornalfatosenoticias.com.br\/#\/schema\/logo\/image\/\",\"url\":\"https:\/\/jornalfatosenoticias.com.br\/wp-content\/uploads\/2020\/02\/logo120.png\",\"contentUrl\":\"https:\/\/jornalfatosenoticias.com.br\/wp-content\/uploads\/2020\/02\/logo120.png\",\"width\":1227,\"height\":120,\"caption\":\"Jornal Fatos e Not\u00edcias\"},\"image\":{\"@id\":\"https:\/\/jornalfatosenoticias.com.br\/#\/schema\/logo\/image\/\"}},{\"@type\":\"Person\",\"@id\":\"https:\/\/jornalfatosenoticias.com.br\/#\/schema\/person\/05c46cc25b42a5c27e004fb0fa6b4965\",\"name\":\"Haroldo Filho\",\"image\":{\"@type\":\"ImageObject\",\"inLanguage\":\"pt-BR\",\"@id\":\"https:\/\/jornalfatosenoticias.com.br\/#\/schema\/person\/image\/\",\"url\":\"https:\/\/jornalfatosenoticias.com.br\/wp-content\/uploads\/2025\/08\/WhatsApp-Image-2025-08-18-at-15.30.28-150x150.jpeg\",\"contentUrl\":\"https:\/\/jornalfatosenoticias.com.br\/wp-content\/uploads\/2025\/08\/WhatsApp-Image-2025-08-18-at-15.30.28-150x150.jpeg\",\"caption\":\"Haroldo Filho\"},\"description\":\"Jornalista \u2013 DRT: 0003818\/ES Coordenador-geral da ONG Educar para Crescer\",\"url\":\"https:\/\/jornalfatosenoticias.com.br\/index.php\/author\/haroldo\/\"}]}<\/script>\n<!-- \/ Yoast SEO plugin. -->","yoast_head_json":{"title":"A Semana no Brasil e no Mundo \u2014 TSE multa Lula e coliga\u00e7\u00e3o por propaganda irregular contra Jair Bolsonaro - Jornal Fatos e Not\u00edcias","robots":{"index":"index","follow":"follow","max-snippet":"max-snippet:-1","max-image-preview":"max-image-preview:large","max-video-preview":"max-video-preview:-1"},"canonical":"https:\/\/jornalfatosenoticias.com.br\/index.php\/2024\/05\/16\/a-semana-no-brasil-e-no-mundo-tse-multa-lula-e-coligacao-por-propaganda-irregular-contra-jair-bolsonaro\/","og_locale":"pt_BR","og_type":"article","og_title":"A Semana no Brasil e no Mundo \u2014 TSE multa Lula e coliga\u00e7\u00e3o por propaganda irregular contra Jair Bolsonaro - Jornal Fatos e Not\u00edcias","og_description":"O Tribunal Superior Eleitoral (TSE) imp\u00f4s, por unanimidade, multas de R$ 10 mil a Luiz In\u00e1cio Lula da Silva e \u00e0 Coliga\u00e7\u00e3o Brasil da Esperan\u00e7a devido ao impulsionamento de propaganda eleitoral negativa e irregular dirigida ao ex-presidente Jair Bolsonaro, candidato \u00e0 reelei\u00e7\u00e3o em 2022. A decis\u00e3o responde a uma representa\u00e7\u00e3o da Coliga\u00e7\u00e3o Pelo Bem do [&hellip;]","og_url":"https:\/\/jornalfatosenoticias.com.br\/index.php\/2024\/05\/16\/a-semana-no-brasil-e-no-mundo-tse-multa-lula-e-coligacao-por-propaganda-irregular-contra-jair-bolsonaro\/","og_site_name":"Jornal Fatos e Not\u00edcias","article_published_time":"2024-05-16T18:51:39+00:00","article_modified_time":"2024-05-16T18:51:41+00:00","og_image":[{"width":612,"height":408,"url":"https:\/\/jornalfatosenoticias.com.br\/wp-content\/uploads\/2024\/05\/TSE-multa-Lula_gettyimages.jpg","type":"image\/jpeg"}],"author":"Haroldo Filho","twitter_card":"summary_large_image","twitter_misc":{"Escrito por":"Haroldo Filho","Est. tempo de leitura":"9 minutos"},"schema":{"@context":"https:\/\/schema.org","@graph":[{"@type":"Article","@id":"https:\/\/jornalfatosenoticias.com.br\/index.php\/2024\/05\/16\/a-semana-no-brasil-e-no-mundo-tse-multa-lula-e-coligacao-por-propaganda-irregular-contra-jair-bolsonaro\/#article","isPartOf":{"@id":"https:\/\/jornalfatosenoticias.com.br\/index.php\/2024\/05\/16\/a-semana-no-brasil-e-no-mundo-tse-multa-lula-e-coligacao-por-propaganda-irregular-contra-jair-bolsonaro\/"},"author":{"name":"Haroldo Filho","@id":"https:\/\/jornalfatosenoticias.com.br\/#\/schema\/person\/05c46cc25b42a5c27e004fb0fa6b4965"},"headline":"A Semana no Brasil e no Mundo \u2014 TSE multa Lula e coliga\u00e7\u00e3o por propaganda irregular contra Jair Bolsonaro","datePublished":"2024-05-16T18:51:39+00:00","dateModified":"2024-05-16T18:51:41+00:00","mainEntityOfPage":{"@id":"https:\/\/jornalfatosenoticias.com.br\/index.php\/2024\/05\/16\/a-semana-no-brasil-e-no-mundo-tse-multa-lula-e-coligacao-por-propaganda-irregular-contra-jair-bolsonaro\/"},"wordCount":1786,"commentCount":0,"publisher":{"@id":"https:\/\/jornalfatosenoticias.com.br\/#organization"},"image":{"@id":"https:\/\/jornalfatosenoticias.com.br\/index.php\/2024\/05\/16\/a-semana-no-brasil-e-no-mundo-tse-multa-lula-e-coligacao-por-propaganda-irregular-contra-jair-bolsonaro\/#primaryimage"},"thumbnailUrl":"https:\/\/jornalfatosenoticias.com.br\/wp-content\/uploads\/2024\/05\/TSE-multa-Lula_gettyimages.jpg","keywords":["Bolsonaro","cat\u00e1strofe","fake news","Lula","Nikolas Ferreira","Rede Globo","Rio Grande do Sul","TSE"],"articleSection":["Pol\u00edtica"],"inLanguage":"pt-BR","potentialAction":[{"@type":"CommentAction","name":"Comment","target":["https:\/\/jornalfatosenoticias.com.br\/index.php\/2024\/05\/16\/a-semana-no-brasil-e-no-mundo-tse-multa-lula-e-coligacao-por-propaganda-irregular-contra-jair-bolsonaro\/#respond"]}]},{"@type":"WebPage","@id":"https:\/\/jornalfatosenoticias.com.br\/index.php\/2024\/05\/16\/a-semana-no-brasil-e-no-mundo-tse-multa-lula-e-coligacao-por-propaganda-irregular-contra-jair-bolsonaro\/","url":"https:\/\/jornalfatosenoticias.com.br\/index.php\/2024\/05\/16\/a-semana-no-brasil-e-no-mundo-tse-multa-lula-e-coligacao-por-propaganda-irregular-contra-jair-bolsonaro\/","name":"A Semana no Brasil e no Mundo \u2014 TSE multa Lula e coliga\u00e7\u00e3o por propaganda irregular contra Jair Bolsonaro - Jornal Fatos e Not\u00edcias","isPartOf":{"@id":"https:\/\/jornalfatosenoticias.com.br\/#website"},"primaryImageOfPage":{"@id":"https:\/\/jornalfatosenoticias.com.br\/index.php\/2024\/05\/16\/a-semana-no-brasil-e-no-mundo-tse-multa-lula-e-coligacao-por-propaganda-irregular-contra-jair-bolsonaro\/#primaryimage"},"image":{"@id":"https:\/\/jornalfatosenoticias.com.br\/index.php\/2024\/05\/16\/a-semana-no-brasil-e-no-mundo-tse-multa-lula-e-coligacao-por-propaganda-irregular-contra-jair-bolsonaro\/#primaryimage"},"thumbnailUrl":"https:\/\/jornalfatosenoticias.com.br\/wp-content\/uploads\/2024\/05\/TSE-multa-Lula_gettyimages.jpg","datePublished":"2024-05-16T18:51:39+00:00","dateModified":"2024-05-16T18:51:41+00:00","breadcrumb":{"@id":"https:\/\/jornalfatosenoticias.com.br\/index.php\/2024\/05\/16\/a-semana-no-brasil-e-no-mundo-tse-multa-lula-e-coligacao-por-propaganda-irregular-contra-jair-bolsonaro\/#breadcrumb"},"inLanguage":"pt-BR","potentialAction":[{"@type":"ReadAction","target":["https:\/\/jornalfatosenoticias.com.br\/index.php\/2024\/05\/16\/a-semana-no-brasil-e-no-mundo-tse-multa-lula-e-coligacao-por-propaganda-irregular-contra-jair-bolsonaro\/"]}]},{"@type":"ImageObject","inLanguage":"pt-BR","@id":"https:\/\/jornalfatosenoticias.com.br\/index.php\/2024\/05\/16\/a-semana-no-brasil-e-no-mundo-tse-multa-lula-e-coligacao-por-propaganda-irregular-contra-jair-bolsonaro\/#primaryimage","url":"https:\/\/jornalfatosenoticias.com.br\/wp-content\/uploads\/2024\/05\/TSE-multa-Lula_gettyimages.jpg","contentUrl":"https:\/\/jornalfatosenoticias.com.br\/wp-content\/uploads\/2024\/05\/TSE-multa-Lula_gettyimages.jpg","width":612,"height":408,"caption":"Brazilian President Luiz Inacio Lula da Silva speaks during the announcement of support measures for the storm-ravaged state of Rio Grande do Sul at the Planalto Palace in Brasilia on May 9, 2024. Teams raced against the clock Thursday to deliver aid to flood-stricken communities in southern Brazil before the arrival of new storms forecast to batter the region again. Some 400 municipalities have been affected by the worst natural calamity ever to hit the state of Rio Grande do Sul, with at least 107 people dead and hundreds injured. (Photo by EVARISTO SA \/ AFP) (Photo by EVARISTO SA\/AFP via Getty Images)"},{"@type":"BreadcrumbList","@id":"https:\/\/jornalfatosenoticias.com.br\/index.php\/2024\/05\/16\/a-semana-no-brasil-e-no-mundo-tse-multa-lula-e-coligacao-por-propaganda-irregular-contra-jair-bolsonaro\/#breadcrumb","itemListElement":[{"@type":"ListItem","position":1,"name":"In\u00edcio","item":"https:\/\/jornalfatosenoticias.com.br\/"},{"@type":"ListItem","position":2,"name":"A Semana no Brasil e no Mundo \u2014 TSE multa Lula e coliga\u00e7\u00e3o por propaganda irregular contra Jair Bolsonaro"}]},{"@type":"WebSite","@id":"https:\/\/jornalfatosenoticias.com.br\/#website","url":"https:\/\/jornalfatosenoticias.com.br\/","name":"Jornal Fatos e Not\u00edcias","description":"Not\u00edcias em geral","publisher":{"@id":"https:\/\/jornalfatosenoticias.com.br\/#organization"},"potentialAction":[{"@type":"SearchAction","target":{"@type":"EntryPoint","urlTemplate":"https:\/\/jornalfatosenoticias.com.br\/?s={search_term_string}"},"query-input":{"@type":"PropertyValueSpecification","valueRequired":true,"valueName":"search_term_string"}}],"inLanguage":"pt-BR"},{"@type":"Organization","@id":"https:\/\/jornalfatosenoticias.com.br\/#organization","name":"Jornal Fatos e Not\u00edcias","url":"https:\/\/jornalfatosenoticias.com.br\/","logo":{"@type":"ImageObject","inLanguage":"pt-BR","@id":"https:\/\/jornalfatosenoticias.com.br\/#\/schema\/logo\/image\/","url":"https:\/\/jornalfatosenoticias.com.br\/wp-content\/uploads\/2020\/02\/logo120.png","contentUrl":"https:\/\/jornalfatosenoticias.com.br\/wp-content\/uploads\/2020\/02\/logo120.png","width":1227,"height":120,"caption":"Jornal Fatos e Not\u00edcias"},"image":{"@id":"https:\/\/jornalfatosenoticias.com.br\/#\/schema\/logo\/image\/"}},{"@type":"Person","@id":"https:\/\/jornalfatosenoticias.com.br\/#\/schema\/person\/05c46cc25b42a5c27e004fb0fa6b4965","name":"Haroldo Filho","image":{"@type":"ImageObject","inLanguage":"pt-BR","@id":"https:\/\/jornalfatosenoticias.com.br\/#\/schema\/person\/image\/","url":"https:\/\/jornalfatosenoticias.com.br\/wp-content\/uploads\/2025\/08\/WhatsApp-Image-2025-08-18-at-15.30.28-150x150.jpeg","contentUrl":"https:\/\/jornalfatosenoticias.com.br\/wp-content\/uploads\/2025\/08\/WhatsApp-Image-2025-08-18-at-15.30.28-150x150.jpeg","caption":"Haroldo Filho"},"description":"Jornalista \u2013 DRT: 0003818\/ES Coordenador-geral da ONG Educar para Crescer","url":"https:\/\/jornalfatosenoticias.com.br\/index.php\/author\/haroldo\/"}]}},"cc_featured_image_caption":{"caption_text":"(Foto: Getty Images) ","source_text":"","source_url":""},"jetpack_featured_media_url":"https:\/\/jornalfatosenoticias.com.br\/wp-content\/uploads\/2024\/05\/TSE-multa-Lula_gettyimages.jpg","_links":{"self":[{"href":"https:\/\/jornalfatosenoticias.com.br\/index.php\/wp-json\/wp\/v2\/posts\/51313","targetHints":{"allow":["GET"]}}],"collection":[{"href":"https:\/\/jornalfatosenoticias.com.br\/index.php\/wp-json\/wp\/v2\/posts"}],"about":[{"href":"https:\/\/jornalfatosenoticias.com.br\/index.php\/wp-json\/wp\/v2\/types\/post"}],"author":[{"embeddable":true,"href":"https:\/\/jornalfatosenoticias.com.br\/index.php\/wp-json\/wp\/v2\/users\/3"}],"replies":[{"embeddable":true,"href":"https:\/\/jornalfatosenoticias.com.br\/index.php\/wp-json\/wp\/v2\/comments?post=51313"}],"version-history":[{"count":0,"href":"https:\/\/jornalfatosenoticias.com.br\/index.php\/wp-json\/wp\/v2\/posts\/51313\/revisions"}],"wp:featuredmedia":[{"embeddable":true,"href":"https:\/\/jornalfatosenoticias.com.br\/index.php\/wp-json\/wp\/v2\/media\/51323"}],"wp:attachment":[{"href":"https:\/\/jornalfatosenoticias.com.br\/index.php\/wp-json\/wp\/v2\/media?parent=51313"}],"wp:term":[{"taxonomy":"category","embeddable":true,"href":"https:\/\/jornalfatosenoticias.com.br\/index.php\/wp-json\/wp\/v2\/categories?post=51313"},{"taxonomy":"post_tag","embeddable":true,"href":"https:\/\/jornalfatosenoticias.com.br\/index.php\/wp-json\/wp\/v2\/tags?post=51313"}],"curies":[{"name":"wp","href":"https:\/\/api.w.org\/{rel}","templated":true}]}}