{"id":51325,"date":"2024-05-17T09:11:34","date_gmt":"2024-05-17T12:11:34","guid":{"rendered":"https:\/\/jornalfatosenoticias.com.br\/?p=51325"},"modified":"2024-05-17T09:11:36","modified_gmt":"2024-05-17T12:11:36","slug":"cancer-cerebral-e-combatido-com-sucesso-por-vacina-de-mrna","status":"publish","type":"post","link":"https:\/\/jornalfatosenoticias.com.br\/index.php\/2024\/05\/17\/cancer-cerebral-e-combatido-com-sucesso-por-vacina-de-mrna\/","title":{"rendered":"C\u00e2ncer cerebral \u00e9 combatido com sucesso por vacina de mRNA"},"content":{"rendered":"\n<p><em><span class=\"has-inline-color has-black-color\">Sistema foi muito eficaz durante a pandemia de covid-19<\/span><\/em><\/p>\n\n\n\n<p><span class=\"has-inline-color has-black-color\">Por <strong><a href=\"https:\/\/olhardigital.com.br\/author\/rodrigo-mozelli\/\">Rodrigo Mozelli<\/a><\/strong><\/span><\/p>\n\n\n\n<div class=\"wp-block-image\"><figure class=\"aligncenter size-large\"><img loading=\"lazy\" decoding=\"async\" width=\"729\" height=\"90\" src=\"https:\/\/jornalfatosenoticias.com.br\/wp-content\/uploads\/2020\/02\/Logo_Mizu.png\" alt=\"\" class=\"wp-image-1441\" srcset=\"https:\/\/jornalfatosenoticias.com.br\/wp-content\/uploads\/2020\/02\/Logo_Mizu.png 729w, https:\/\/jornalfatosenoticias.com.br\/wp-content\/uploads\/2020\/02\/Logo_Mizu-300x37.png 300w\" sizes=\"auto, (max-width: 729px) 100vw, 729px\" \/><\/figure><\/div>\n\n\n\n<p>O <strong><a href=\"https:\/\/olhardigital.com.br\/2024\/05\/02\/pro\/para-encerrar-processos-judiciais-johnson-e-johnson-aceita-pagar-ate-r-33-22-bilhoes\/\">c\u00e2ncer<\/a><\/strong> \u00e9 uma das piores doen\u00e7as que podem acometer o ser humano \u2014 Se n\u00e3o for a pior. Entre suas variantes mais mortais est\u00e1 o glioblastoma, conhecido como c\u00e2ncer no <strong><a href=\"https:\/\/olhardigital.com.br\/2024\/05\/07\/ciencia-e-espaco\/qual-especie-animal-tem-o-maior-cerebro\/\">c\u00e9rebro<\/a><\/strong>. Ele \u00e9 muito agressivo e possui poucas op\u00e7\u00f5es de tratamento. Mas isso pode estar prestes a mudar. Isso porque um pequeno ensaio cl\u00ednico realizado em humanos mostrou que uma vacina de <a href=\"https:\/\/olhardigital.com.br\/2023\/12\/21\/medicina-e-saude\/butantan-e-saude-firmam-acordo-para-construcao-de-fabricas-de-vacinas-de-mrna\/\"><strong>mRNA<\/strong><\/a>\u00a0foi capaz de mobilizar rapidamente o sistema imunol\u00f3gico para combate aos\u00a0<a href=\"https:\/\/olhardigital.com.br\/2024\/03\/21\/medicina-e-saude\/este-robo-remove-tumores-com-precisao-assustadora\/\"><strong>tumores<\/strong><\/a>, trazendo resultados que d\u00e3o esperan\u00e7as.<br>O glioblastoma \u00e9 a forma mais comum de c\u00e2ncer cerebral, com o tratamento mais comum hoje em dia envolvendo cirurgia para remo\u00e7\u00e3o do tumor, radioterapia e quimioterapia, mas ela costuma voltar quase sempre. Ap\u00f3s o diagn\u00f3stico, os pacientes vivem apenas um ano, sendo que somente cerca de 5% resiste a mais de cinco anos.<\/p>\n\n\n\n<div class=\"wp-block-image\"><figure class=\"aligncenter size-large\"><img decoding=\"async\" src=\"https:\/\/jornalfatosenoticias.com.br\/wp-content\/uploads\/2020\/02\/barao-das-carnes-300x164-1.jpg\" alt=\"\" class=\"wp-image-34339\"\/><\/figure><\/div>\n\n\n\n<p>O <em><a href=\"https:\/\/newatlas.com\/medical\/mrna-vaccine-brain-cancer-glioblastoma-human-trial\/\" target=\"_blank\" rel=\"noreferrer noopener\"><strong>New Atlas<\/strong><\/a><\/em>\u00a0traz que o estudo dessa vacina de mRNA vem de pesquisadores da Universidade da Fl\u00f3rida (EUA), publicado na\u00a0<em><a href=\"https:\/\/www.sciencedirect.com\/science\/article\/abs\/pii\/S0092867424003982\" target=\"_blank\" rel=\"noreferrer noopener\"><strong>Cell<\/strong><\/a><\/em>, e lembra que a tecnologia \u00e9 mais conhecida por sua efic\u00e1cia em imunizantes contra a covid-19. No caso do glioblastoma, quando testada em ratos, c\u00e3es e, agora, em humanos, ela demonstrou ser capaz de alertar, com rapidez, o sistema imunol\u00f3gico para a atacar este tipo de c\u00e2ncer cerebral mais eficazmente. <\/p>\n\n\n\n<div class=\"wp-block-image\"><figure class=\"aligncenter size-large is-resized\"><img loading=\"lazy\" decoding=\"async\" src=\"https:\/\/jornalfatosenoticias.com.br\/wp-content\/uploads\/2022\/02\/Precisao-Contabilidade-1024x724.jpg\" alt=\"\" class=\"wp-image-28088\" width=\"385\" height=\"272\"\/><\/figure><\/div>\n\n\n\n<blockquote class=\"wp-block-quote is-layout-flow wp-block-quote-is-layout-flow\"><p><span class=\"has-inline-color has-luminous-vivid-orange-color\">Em vez de injetarmos part\u00edculas \u00fanicas, estamos injetando aglomerados de part\u00edculas que se envolvem umas nas outras como cebolas, como um saco cheio de cebolas\u201d.<\/span><\/p><\/blockquote>\n\n\n\n<div class=\"wp-block-image\"><figure class=\"aligncenter size-large is-resized\"><img loading=\"lazy\" decoding=\"async\" src=\"https:\/\/jornalfatosenoticias.com.br\/wp-content\/uploads\/2023\/08\/ITH.jpeg\" alt=\"\" class=\"wp-image-44638\" width=\"309\" height=\"251\" srcset=\"https:\/\/jornalfatosenoticias.com.br\/wp-content\/uploads\/2023\/08\/ITH.jpeg 800w, https:\/\/jornalfatosenoticias.com.br\/wp-content\/uploads\/2023\/08\/ITH-300x244.jpeg 300w, https:\/\/jornalfatosenoticias.com.br\/wp-content\/uploads\/2023\/08\/ITH-768x624.jpeg 768w\" sizes=\"auto, (max-width: 309px) 100vw, 309px\" \/><\/figure><\/div>\n\n\n\n<blockquote class=\"wp-block-quote is-layout-flow wp-block-quote-is-layout-flow\"><p><span class=\"has-inline-color has-luminous-vivid-orange-color\">Em menos de 48 horas, pudemos ver esses tumores mudando do que chamamos de \u2018frio\u2019 \u2014 resfriado imunol\u00f3gico, muito poucas c\u00e9lulas imunol\u00f3gicas, resposta imunol\u00f3gica muito silenciada \u2014 para resposta imunol\u00f3gica \u2018quente\u2019 e muito ativa, dada a rapidez com que isso aconteceu, e o que isso nos disse \u00e9 que fomos capazes de ativar a parte inicial do sistema imunol\u00f3gico muito rapidamente contra esses tipos de c\u00e2ncer. Isso \u00e9 fundamental para desbloquear os efeitos posteriores da resposta imunol\u00f3gica\u201d, explica Elias Sayour, autor s\u00eanior do estudo.<\/span><\/p><\/blockquote>\n\n\n\n<figure class=\"wp-block-embed-youtube wp-block-embed is-type-video is-provider-youtube wp-embed-aspect-16-9 wp-has-aspect-ratio\"><div class=\"wp-block-embed__wrapper\">\n<iframe loading=\"lazy\" title=\"mRNA vaccine triggers fierce immune response to fight malignant brain tumor\" width=\"660\" height=\"371\" src=\"https:\/\/www.youtube.com\/embed\/mgEIofnZTe8?feature=oembed\" frameborder=\"0\" allow=\"accelerometer; autoplay; clipboard-write; encrypted-media; gyroscope; picture-in-picture; web-share\" referrerpolicy=\"strict-origin-when-cross-origin\" allowfullscreen><\/iframe>\n<\/div><\/figure>\n\n\n\n<p>O pequeno ensaio cl\u00ednico, aprovado pela FDA (esp\u00e9cie de Anvisa dos EUA), foi realizado para testes de seguran\u00e7a e viabilidade a partir de an\u00e1lises de quatro pacientes acometidos por glioblastoma. Ent\u00e3o, o RNA foi extra\u00eddo do tumor de cada paciente ap\u00f3s terem sido removidos cirurgicamente. A seguir, o mRNA foi amplificado e devolvido aos aglomerados de part\u00edculas, sendo, ent\u00e3o, injetado nos pacientes, desencadeando a reposta do positiva do sistema imunol\u00f3gico.<\/p>\n\n\n\n<div class=\"wp-block-image\"><figure class=\"aligncenter size-large\"><img loading=\"lazy\" decoding=\"async\" width=\"300\" height=\"250\" src=\"https:\/\/jornalfatosenoticias.com.br\/wp-content\/uploads\/2020\/02\/Banner-2.png\" alt=\"\" class=\"wp-image-43787\"\/><\/figure><\/div>\n\n\n\n<p>Contudo, os pesquisadores disseram ser cedo para avaliar com precis\u00e3o os efeitos cl\u00ednicos da descoberta. Fato \u00e9 que a doen\u00e7a demorou mais tempo para se manifestar novamente nos volunt\u00e1rios, al\u00e9m de sobreviverem mais tempo que a m\u00e9dia esperada. A pr\u00f3xima etapa ser\u00e1 um ensaio expandido da Fase 1, podendo ter at\u00e9 24 pacientes, de forma a determinar a dose ideal e segura para humanos, J\u00e1 a Fase 2 deve contar, como pacientes, 25 crian\u00e7as.<\/p>\n\n\n\n<div class=\"wp-block-image\"><figure class=\"aligncenter size-large is-resized\"><img loading=\"lazy\" decoding=\"async\" src=\"https:\/\/jornalfatosenoticias.com.br\/wp-content\/uploads\/2020\/02\/logo-Rapuzel-1024x571.jpg\" alt=\"\" class=\"wp-image-42808\" width=\"339\" height=\"189\" srcset=\"https:\/\/jornalfatosenoticias.com.br\/wp-content\/uploads\/2020\/02\/logo-Rapuzel-1024x571.jpg 1024w, https:\/\/jornalfatosenoticias.com.br\/wp-content\/uploads\/2020\/02\/logo-Rapuzel-300x167.jpg 300w, https:\/\/jornalfatosenoticias.com.br\/wp-content\/uploads\/2020\/02\/logo-Rapuzel-768x428.jpg 768w, https:\/\/jornalfatosenoticias.com.br\/wp-content\/uploads\/2020\/02\/logo-Rapuzel-1536x856.jpg 1536w, https:\/\/jornalfatosenoticias.com.br\/wp-content\/uploads\/2020\/02\/logo-Rapuzel.jpg 1600w\" sizes=\"auto, (max-width: 339px) 100vw, 339px\" \/><\/figure><\/div>\n\n\n\n<p><strong><em>Fonte: <a href=\"https:\/\/olhardigital.com.br\/2024\/05\/08\/medicina-e-saude\/cancer-cerebral-e-combatido-com-sucesso-por-vacina-de-mrna\/\">Olhar Digital<\/a><\/em><\/strong><\/p>\n","protected":false},"excerpt":{"rendered":"<p>Sistema foi muito eficaz durante a pandemia de covid-19 Por Rodrigo Mozelli O c\u00e2ncer \u00e9 uma das piores doen\u00e7as que podem acometer o ser humano \u2014 Se n\u00e3o for a pior. Entre suas variantes mais mortais est\u00e1 o glioblastoma, conhecido como c\u00e2ncer no c\u00e9rebro. Ele \u00e9 muito agressivo e possui poucas op\u00e7\u00f5es de tratamento. Mas [&hellip;]<\/p>\n","protected":false},"author":2,"featured_media":51326,"comment_status":"open","ping_status":"open","sticky":false,"template":"","format":"standard","meta":{"footnotes":""},"categories":[11],"tags":[642,9921,23506],"class_list":["post-51325","post","type-post","status-publish","format-standard","has-post-thumbnail","hentry","category-saude","tag-cancer","tag-cancer-cerebral","tag-mrna"],"yoast_head":"<!-- This site is optimized with the Yoast SEO plugin v26.5 - https:\/\/yoast.com\/wordpress\/plugins\/seo\/ -->\n<title>C\u00e2ncer cerebral \u00e9 combatido com sucesso por vacina de mRNA - Jornal Fatos e Not\u00edcias<\/title>\n<meta name=\"robots\" content=\"index, follow, max-snippet:-1, max-image-preview:large, max-video-preview:-1\" \/>\n<link rel=\"canonical\" href=\"https:\/\/jornalfatosenoticias.com.br\/index.php\/2024\/05\/17\/cancer-cerebral-e-combatido-com-sucesso-por-vacina-de-mrna\/\" \/>\n<meta property=\"og:locale\" content=\"pt_BR\" \/>\n<meta property=\"og:type\" content=\"article\" \/>\n<meta property=\"og:title\" content=\"C\u00e2ncer cerebral \u00e9 combatido com sucesso por vacina de mRNA - Jornal Fatos e Not\u00edcias\" \/>\n<meta property=\"og:description\" content=\"Sistema foi muito eficaz durante a pandemia de covid-19 Por Rodrigo Mozelli O c\u00e2ncer \u00e9 uma das piores doen\u00e7as que podem acometer o ser humano \u2014 Se n\u00e3o for a pior. Entre suas variantes mais mortais est\u00e1 o glioblastoma, conhecido como c\u00e2ncer no c\u00e9rebro. Ele \u00e9 muito agressivo e possui poucas op\u00e7\u00f5es de tratamento. Mas [&hellip;]\" \/>\n<meta property=\"og:url\" content=\"https:\/\/jornalfatosenoticias.com.br\/index.php\/2024\/05\/17\/cancer-cerebral-e-combatido-com-sucesso-por-vacina-de-mrna\/\" \/>\n<meta property=\"og:site_name\" content=\"Jornal Fatos e Not\u00edcias\" \/>\n<meta property=\"article:published_time\" content=\"2024-05-17T12:11:34+00:00\" \/>\n<meta property=\"article:modified_time\" content=\"2024-05-17T12:11:36+00:00\" \/>\n<meta property=\"og:image\" content=\"https:\/\/jornalfatosenoticias.com.br\/wp-content\/uploads\/2024\/05\/Cancer-cerebral_Freepik.jpg\" \/>\n\t<meta property=\"og:image:width\" content=\"740\" \/>\n\t<meta property=\"og:image:height\" content=\"555\" \/>\n\t<meta property=\"og:image:type\" content=\"image\/jpeg\" \/>\n<meta name=\"author\" content=\"Luzimara Fernandes\" \/>\n<meta name=\"twitter:card\" content=\"summary_large_image\" \/>\n<meta name=\"twitter:label1\" content=\"Escrito por\" \/>\n\t<meta name=\"twitter:data1\" content=\"Luzimara Fernandes\" \/>\n\t<meta name=\"twitter:label2\" content=\"Est. tempo de leitura\" \/>\n\t<meta name=\"twitter:data2\" content=\"3 minutos\" \/>\n<script type=\"application\/ld+json\" class=\"yoast-schema-graph\">{\"@context\":\"https:\/\/schema.org\",\"@graph\":[{\"@type\":\"Article\",\"@id\":\"https:\/\/jornalfatosenoticias.com.br\/index.php\/2024\/05\/17\/cancer-cerebral-e-combatido-com-sucesso-por-vacina-de-mrna\/#article\",\"isPartOf\":{\"@id\":\"https:\/\/jornalfatosenoticias.com.br\/index.php\/2024\/05\/17\/cancer-cerebral-e-combatido-com-sucesso-por-vacina-de-mrna\/\"},\"author\":{\"name\":\"Luzimara Fernandes\",\"@id\":\"https:\/\/jornalfatosenoticias.com.br\/#\/schema\/person\/d63837fa13ac8666eb9e74e0985d6f81\"},\"headline\":\"C\u00e2ncer cerebral \u00e9 combatido com sucesso por vacina de mRNA\",\"datePublished\":\"2024-05-17T12:11:34+00:00\",\"dateModified\":\"2024-05-17T12:11:36+00:00\",\"mainEntityOfPage\":{\"@id\":\"https:\/\/jornalfatosenoticias.com.br\/index.php\/2024\/05\/17\/cancer-cerebral-e-combatido-com-sucesso-por-vacina-de-mrna\/\"},\"wordCount\":546,\"commentCount\":0,\"publisher\":{\"@id\":\"https:\/\/jornalfatosenoticias.com.br\/#organization\"},\"image\":{\"@id\":\"https:\/\/jornalfatosenoticias.com.br\/index.php\/2024\/05\/17\/cancer-cerebral-e-combatido-com-sucesso-por-vacina-de-mrna\/#primaryimage\"},\"thumbnailUrl\":\"https:\/\/jornalfatosenoticias.com.br\/wp-content\/uploads\/2024\/05\/Cancer-cerebral_Freepik.jpg\",\"keywords\":[\"c\u00e2ncer\",\"c\u00e2ncer cerebral\",\"mRNA\"],\"articleSection\":[\"Sa\u00fade\"],\"inLanguage\":\"pt-BR\",\"potentialAction\":[{\"@type\":\"CommentAction\",\"name\":\"Comment\",\"target\":[\"https:\/\/jornalfatosenoticias.com.br\/index.php\/2024\/05\/17\/cancer-cerebral-e-combatido-com-sucesso-por-vacina-de-mrna\/#respond\"]}]},{\"@type\":\"WebPage\",\"@id\":\"https:\/\/jornalfatosenoticias.com.br\/index.php\/2024\/05\/17\/cancer-cerebral-e-combatido-com-sucesso-por-vacina-de-mrna\/\",\"url\":\"https:\/\/jornalfatosenoticias.com.br\/index.php\/2024\/05\/17\/cancer-cerebral-e-combatido-com-sucesso-por-vacina-de-mrna\/\",\"name\":\"C\u00e2ncer cerebral \u00e9 combatido com sucesso por vacina de mRNA - Jornal Fatos e Not\u00edcias\",\"isPartOf\":{\"@id\":\"https:\/\/jornalfatosenoticias.com.br\/#website\"},\"primaryImageOfPage\":{\"@id\":\"https:\/\/jornalfatosenoticias.com.br\/index.php\/2024\/05\/17\/cancer-cerebral-e-combatido-com-sucesso-por-vacina-de-mrna\/#primaryimage\"},\"image\":{\"@id\":\"https:\/\/jornalfatosenoticias.com.br\/index.php\/2024\/05\/17\/cancer-cerebral-e-combatido-com-sucesso-por-vacina-de-mrna\/#primaryimage\"},\"thumbnailUrl\":\"https:\/\/jornalfatosenoticias.com.br\/wp-content\/uploads\/2024\/05\/Cancer-cerebral_Freepik.jpg\",\"datePublished\":\"2024-05-17T12:11:34+00:00\",\"dateModified\":\"2024-05-17T12:11:36+00:00\",\"breadcrumb\":{\"@id\":\"https:\/\/jornalfatosenoticias.com.br\/index.php\/2024\/05\/17\/cancer-cerebral-e-combatido-com-sucesso-por-vacina-de-mrna\/#breadcrumb\"},\"inLanguage\":\"pt-BR\",\"potentialAction\":[{\"@type\":\"ReadAction\",\"target\":[\"https:\/\/jornalfatosenoticias.com.br\/index.php\/2024\/05\/17\/cancer-cerebral-e-combatido-com-sucesso-por-vacina-de-mrna\/\"]}]},{\"@type\":\"ImageObject\",\"inLanguage\":\"pt-BR\",\"@id\":\"https:\/\/jornalfatosenoticias.com.br\/index.php\/2024\/05\/17\/cancer-cerebral-e-combatido-com-sucesso-por-vacina-de-mrna\/#primaryimage\",\"url\":\"https:\/\/jornalfatosenoticias.com.br\/wp-content\/uploads\/2024\/05\/Cancer-cerebral_Freepik.jpg\",\"contentUrl\":\"https:\/\/jornalfatosenoticias.com.br\/wp-content\/uploads\/2024\/05\/Cancer-cerebral_Freepik.jpg\",\"width\":740,\"height\":555},{\"@type\":\"BreadcrumbList\",\"@id\":\"https:\/\/jornalfatosenoticias.com.br\/index.php\/2024\/05\/17\/cancer-cerebral-e-combatido-com-sucesso-por-vacina-de-mrna\/#breadcrumb\",\"itemListElement\":[{\"@type\":\"ListItem\",\"position\":1,\"name\":\"In\u00edcio\",\"item\":\"https:\/\/jornalfatosenoticias.com.br\/\"},{\"@type\":\"ListItem\",\"position\":2,\"name\":\"C\u00e2ncer cerebral \u00e9 combatido com sucesso por vacina de mRNA\"}]},{\"@type\":\"WebSite\",\"@id\":\"https:\/\/jornalfatosenoticias.com.br\/#website\",\"url\":\"https:\/\/jornalfatosenoticias.com.br\/\",\"name\":\"Jornal Fatos e Not\u00edcias\",\"description\":\"Not\u00edcias em geral\",\"publisher\":{\"@id\":\"https:\/\/jornalfatosenoticias.com.br\/#organization\"},\"potentialAction\":[{\"@type\":\"SearchAction\",\"target\":{\"@type\":\"EntryPoint\",\"urlTemplate\":\"https:\/\/jornalfatosenoticias.com.br\/?s={search_term_string}\"},\"query-input\":{\"@type\":\"PropertyValueSpecification\",\"valueRequired\":true,\"valueName\":\"search_term_string\"}}],\"inLanguage\":\"pt-BR\"},{\"@type\":\"Organization\",\"@id\":\"https:\/\/jornalfatosenoticias.com.br\/#organization\",\"name\":\"Jornal Fatos e Not\u00edcias\",\"url\":\"https:\/\/jornalfatosenoticias.com.br\/\",\"logo\":{\"@type\":\"ImageObject\",\"inLanguage\":\"pt-BR\",\"@id\":\"https:\/\/jornalfatosenoticias.com.br\/#\/schema\/logo\/image\/\",\"url\":\"https:\/\/jornalfatosenoticias.com.br\/wp-content\/uploads\/2020\/02\/logo120.png\",\"contentUrl\":\"https:\/\/jornalfatosenoticias.com.br\/wp-content\/uploads\/2020\/02\/logo120.png\",\"width\":1227,\"height\":120,\"caption\":\"Jornal Fatos e Not\u00edcias\"},\"image\":{\"@id\":\"https:\/\/jornalfatosenoticias.com.br\/#\/schema\/logo\/image\/\"}},{\"@type\":\"Person\",\"@id\":\"https:\/\/jornalfatosenoticias.com.br\/#\/schema\/person\/d63837fa13ac8666eb9e74e0985d6f81\",\"name\":\"Luzimara Fernandes\",\"image\":{\"@type\":\"ImageObject\",\"inLanguage\":\"pt-BR\",\"@id\":\"https:\/\/jornalfatosenoticias.com.br\/#\/schema\/person\/image\/\",\"url\":\"https:\/\/jornalfatosenoticias.com.br\/wp-content\/uploads\/2025\/05\/EU_portal.jpg\",\"contentUrl\":\"https:\/\/jornalfatosenoticias.com.br\/wp-content\/uploads\/2025\/05\/EU_portal.jpg\",\"caption\":\"Luzimara Fernandes\"},\"description\":\"Jornalista MTB 2358-ES\",\"sameAs\":[\"https:\/\/jornalfatosenoticias.com.br\"],\"url\":\"https:\/\/jornalfatosenoticias.com.br\/index.php\/author\/luzimara\/\"}]}<\/script>\n<!-- \/ Yoast SEO plugin. -->","yoast_head_json":{"title":"C\u00e2ncer cerebral \u00e9 combatido com sucesso por vacina de mRNA - Jornal Fatos e Not\u00edcias","robots":{"index":"index","follow":"follow","max-snippet":"max-snippet:-1","max-image-preview":"max-image-preview:large","max-video-preview":"max-video-preview:-1"},"canonical":"https:\/\/jornalfatosenoticias.com.br\/index.php\/2024\/05\/17\/cancer-cerebral-e-combatido-com-sucesso-por-vacina-de-mrna\/","og_locale":"pt_BR","og_type":"article","og_title":"C\u00e2ncer cerebral \u00e9 combatido com sucesso por vacina de mRNA - Jornal Fatos e Not\u00edcias","og_description":"Sistema foi muito eficaz durante a pandemia de covid-19 Por Rodrigo Mozelli O c\u00e2ncer \u00e9 uma das piores doen\u00e7as que podem acometer o ser humano \u2014 Se n\u00e3o for a pior. Entre suas variantes mais mortais est\u00e1 o glioblastoma, conhecido como c\u00e2ncer no c\u00e9rebro. Ele \u00e9 muito agressivo e possui poucas op\u00e7\u00f5es de tratamento. Mas [&hellip;]","og_url":"https:\/\/jornalfatosenoticias.com.br\/index.php\/2024\/05\/17\/cancer-cerebral-e-combatido-com-sucesso-por-vacina-de-mrna\/","og_site_name":"Jornal Fatos e Not\u00edcias","article_published_time":"2024-05-17T12:11:34+00:00","article_modified_time":"2024-05-17T12:11:36+00:00","og_image":[{"width":740,"height":555,"url":"https:\/\/jornalfatosenoticias.com.br\/wp-content\/uploads\/2024\/05\/Cancer-cerebral_Freepik.jpg","type":"image\/jpeg"}],"author":"Luzimara Fernandes","twitter_card":"summary_large_image","twitter_misc":{"Escrito por":"Luzimara Fernandes","Est. tempo de leitura":"3 minutos"},"schema":{"@context":"https:\/\/schema.org","@graph":[{"@type":"Article","@id":"https:\/\/jornalfatosenoticias.com.br\/index.php\/2024\/05\/17\/cancer-cerebral-e-combatido-com-sucesso-por-vacina-de-mrna\/#article","isPartOf":{"@id":"https:\/\/jornalfatosenoticias.com.br\/index.php\/2024\/05\/17\/cancer-cerebral-e-combatido-com-sucesso-por-vacina-de-mrna\/"},"author":{"name":"Luzimara Fernandes","@id":"https:\/\/jornalfatosenoticias.com.br\/#\/schema\/person\/d63837fa13ac8666eb9e74e0985d6f81"},"headline":"C\u00e2ncer cerebral \u00e9 combatido com sucesso por vacina de mRNA","datePublished":"2024-05-17T12:11:34+00:00","dateModified":"2024-05-17T12:11:36+00:00","mainEntityOfPage":{"@id":"https:\/\/jornalfatosenoticias.com.br\/index.php\/2024\/05\/17\/cancer-cerebral-e-combatido-com-sucesso-por-vacina-de-mrna\/"},"wordCount":546,"commentCount":0,"publisher":{"@id":"https:\/\/jornalfatosenoticias.com.br\/#organization"},"image":{"@id":"https:\/\/jornalfatosenoticias.com.br\/index.php\/2024\/05\/17\/cancer-cerebral-e-combatido-com-sucesso-por-vacina-de-mrna\/#primaryimage"},"thumbnailUrl":"https:\/\/jornalfatosenoticias.com.br\/wp-content\/uploads\/2024\/05\/Cancer-cerebral_Freepik.jpg","keywords":["c\u00e2ncer","c\u00e2ncer cerebral","mRNA"],"articleSection":["Sa\u00fade"],"inLanguage":"pt-BR","potentialAction":[{"@type":"CommentAction","name":"Comment","target":["https:\/\/jornalfatosenoticias.com.br\/index.php\/2024\/05\/17\/cancer-cerebral-e-combatido-com-sucesso-por-vacina-de-mrna\/#respond"]}]},{"@type":"WebPage","@id":"https:\/\/jornalfatosenoticias.com.br\/index.php\/2024\/05\/17\/cancer-cerebral-e-combatido-com-sucesso-por-vacina-de-mrna\/","url":"https:\/\/jornalfatosenoticias.com.br\/index.php\/2024\/05\/17\/cancer-cerebral-e-combatido-com-sucesso-por-vacina-de-mrna\/","name":"C\u00e2ncer cerebral \u00e9 combatido com sucesso por vacina de mRNA - Jornal Fatos e Not\u00edcias","isPartOf":{"@id":"https:\/\/jornalfatosenoticias.com.br\/#website"},"primaryImageOfPage":{"@id":"https:\/\/jornalfatosenoticias.com.br\/index.php\/2024\/05\/17\/cancer-cerebral-e-combatido-com-sucesso-por-vacina-de-mrna\/#primaryimage"},"image":{"@id":"https:\/\/jornalfatosenoticias.com.br\/index.php\/2024\/05\/17\/cancer-cerebral-e-combatido-com-sucesso-por-vacina-de-mrna\/#primaryimage"},"thumbnailUrl":"https:\/\/jornalfatosenoticias.com.br\/wp-content\/uploads\/2024\/05\/Cancer-cerebral_Freepik.jpg","datePublished":"2024-05-17T12:11:34+00:00","dateModified":"2024-05-17T12:11:36+00:00","breadcrumb":{"@id":"https:\/\/jornalfatosenoticias.com.br\/index.php\/2024\/05\/17\/cancer-cerebral-e-combatido-com-sucesso-por-vacina-de-mrna\/#breadcrumb"},"inLanguage":"pt-BR","potentialAction":[{"@type":"ReadAction","target":["https:\/\/jornalfatosenoticias.com.br\/index.php\/2024\/05\/17\/cancer-cerebral-e-combatido-com-sucesso-por-vacina-de-mrna\/"]}]},{"@type":"ImageObject","inLanguage":"pt-BR","@id":"https:\/\/jornalfatosenoticias.com.br\/index.php\/2024\/05\/17\/cancer-cerebral-e-combatido-com-sucesso-por-vacina-de-mrna\/#primaryimage","url":"https:\/\/jornalfatosenoticias.com.br\/wp-content\/uploads\/2024\/05\/Cancer-cerebral_Freepik.jpg","contentUrl":"https:\/\/jornalfatosenoticias.com.br\/wp-content\/uploads\/2024\/05\/Cancer-cerebral_Freepik.jpg","width":740,"height":555},{"@type":"BreadcrumbList","@id":"https:\/\/jornalfatosenoticias.com.br\/index.php\/2024\/05\/17\/cancer-cerebral-e-combatido-com-sucesso-por-vacina-de-mrna\/#breadcrumb","itemListElement":[{"@type":"ListItem","position":1,"name":"In\u00edcio","item":"https:\/\/jornalfatosenoticias.com.br\/"},{"@type":"ListItem","position":2,"name":"C\u00e2ncer cerebral \u00e9 combatido com sucesso por vacina de mRNA"}]},{"@type":"WebSite","@id":"https:\/\/jornalfatosenoticias.com.br\/#website","url":"https:\/\/jornalfatosenoticias.com.br\/","name":"Jornal Fatos e Not\u00edcias","description":"Not\u00edcias em geral","publisher":{"@id":"https:\/\/jornalfatosenoticias.com.br\/#organization"},"potentialAction":[{"@type":"SearchAction","target":{"@type":"EntryPoint","urlTemplate":"https:\/\/jornalfatosenoticias.com.br\/?s={search_term_string}"},"query-input":{"@type":"PropertyValueSpecification","valueRequired":true,"valueName":"search_term_string"}}],"inLanguage":"pt-BR"},{"@type":"Organization","@id":"https:\/\/jornalfatosenoticias.com.br\/#organization","name":"Jornal Fatos e Not\u00edcias","url":"https:\/\/jornalfatosenoticias.com.br\/","logo":{"@type":"ImageObject","inLanguage":"pt-BR","@id":"https:\/\/jornalfatosenoticias.com.br\/#\/schema\/logo\/image\/","url":"https:\/\/jornalfatosenoticias.com.br\/wp-content\/uploads\/2020\/02\/logo120.png","contentUrl":"https:\/\/jornalfatosenoticias.com.br\/wp-content\/uploads\/2020\/02\/logo120.png","width":1227,"height":120,"caption":"Jornal Fatos e Not\u00edcias"},"image":{"@id":"https:\/\/jornalfatosenoticias.com.br\/#\/schema\/logo\/image\/"}},{"@type":"Person","@id":"https:\/\/jornalfatosenoticias.com.br\/#\/schema\/person\/d63837fa13ac8666eb9e74e0985d6f81","name":"Luzimara Fernandes","image":{"@type":"ImageObject","inLanguage":"pt-BR","@id":"https:\/\/jornalfatosenoticias.com.br\/#\/schema\/person\/image\/","url":"https:\/\/jornalfatosenoticias.com.br\/wp-content\/uploads\/2025\/05\/EU_portal.jpg","contentUrl":"https:\/\/jornalfatosenoticias.com.br\/wp-content\/uploads\/2025\/05\/EU_portal.jpg","caption":"Luzimara Fernandes"},"description":"Jornalista MTB 2358-ES","sameAs":["https:\/\/jornalfatosenoticias.com.br"],"url":"https:\/\/jornalfatosenoticias.com.br\/index.php\/author\/luzimara\/"}]}},"cc_featured_image_caption":{"caption_text":"(Foto: Freepik) \r\n","source_text":"","source_url":""},"jetpack_featured_media_url":"https:\/\/jornalfatosenoticias.com.br\/wp-content\/uploads\/2024\/05\/Cancer-cerebral_Freepik.jpg","_links":{"self":[{"href":"https:\/\/jornalfatosenoticias.com.br\/index.php\/wp-json\/wp\/v2\/posts\/51325","targetHints":{"allow":["GET"]}}],"collection":[{"href":"https:\/\/jornalfatosenoticias.com.br\/index.php\/wp-json\/wp\/v2\/posts"}],"about":[{"href":"https:\/\/jornalfatosenoticias.com.br\/index.php\/wp-json\/wp\/v2\/types\/post"}],"author":[{"embeddable":true,"href":"https:\/\/jornalfatosenoticias.com.br\/index.php\/wp-json\/wp\/v2\/users\/2"}],"replies":[{"embeddable":true,"href":"https:\/\/jornalfatosenoticias.com.br\/index.php\/wp-json\/wp\/v2\/comments?post=51325"}],"version-history":[{"count":0,"href":"https:\/\/jornalfatosenoticias.com.br\/index.php\/wp-json\/wp\/v2\/posts\/51325\/revisions"}],"wp:featuredmedia":[{"embeddable":true,"href":"https:\/\/jornalfatosenoticias.com.br\/index.php\/wp-json\/wp\/v2\/media\/51326"}],"wp:attachment":[{"href":"https:\/\/jornalfatosenoticias.com.br\/index.php\/wp-json\/wp\/v2\/media?parent=51325"}],"wp:term":[{"taxonomy":"category","embeddable":true,"href":"https:\/\/jornalfatosenoticias.com.br\/index.php\/wp-json\/wp\/v2\/categories?post=51325"},{"taxonomy":"post_tag","embeddable":true,"href":"https:\/\/jornalfatosenoticias.com.br\/index.php\/wp-json\/wp\/v2\/tags?post=51325"}],"curies":[{"name":"wp","href":"https:\/\/api.w.org\/{rel}","templated":true}]}}