{"id":51329,"date":"2024-05-17T09:18:56","date_gmt":"2024-05-17T12:18:56","guid":{"rendered":"https:\/\/jornalfatosenoticias.com.br\/?p=51329"},"modified":"2024-05-17T09:18:57","modified_gmt":"2024-05-17T12:18:57","slug":"criancas-plantam-arvores-e-aprendem-sobre-sustentabilidade-em-vitoria","status":"publish","type":"post","link":"https:\/\/jornalfatosenoticias.com.br\/index.php\/2024\/05\/17\/criancas-plantam-arvores-e-aprendem-sobre-sustentabilidade-em-vitoria\/","title":{"rendered":"Crian\u00e7as plantam \u00e1rvores e aprendem sobre sustentabilidade em Vit\u00f3ria"},"content":{"rendered":"\n<p><span class=\"has-inline-color has-black-color\">Por <strong>Lu\u00eds Oliveira<\/strong><\/span><\/p>\n\n\n\n<div class=\"wp-block-image\"><figure class=\"aligncenter size-large is-resized\"><img loading=\"lazy\" decoding=\"async\" src=\"https:\/\/jornalfatosenoticias.com.br\/wp-content\/uploads\/2023\/09\/vetorvix1024_1.jpg\" alt=\"\" class=\"wp-image-44868\" width=\"509\" height=\"135\" srcset=\"https:\/\/jornalfatosenoticias.com.br\/wp-content\/uploads\/2023\/09\/vetorvix1024_1.jpg 1024w, https:\/\/jornalfatosenoticias.com.br\/wp-content\/uploads\/2023\/09\/vetorvix1024_1-300x80.jpg 300w, https:\/\/jornalfatosenoticias.com.br\/wp-content\/uploads\/2023\/09\/vetorvix1024_1-768x205.jpg 768w\" sizes=\"auto, (max-width: 509px) 100vw, 509px\" \/><\/figure><\/div>\n\n\n\n<p>No Centro Municipal de Educa\u00e7\u00e3o Infantil (Cmei) Gilda de Athayde Ramos, localizado em S\u00e3o Pedro, o projeto &#8220;Sustentabilidade no quintal&#8221; promoveu um cen\u00e1rio vivo de amor a natureza. Os pequenos e os profissionais da educa\u00e7\u00e3o se uniram em uma emocionante jornada de plantio de \u00e1rvores, refor\u00e7ando o compromisso da comunidade escolar com um futuro mais sustent\u00e1vel.<br>Desde o in\u00edcio do projeto, os sentimentos de entusiasmo e alegria envolveram cada passo, preparando as crian\u00e7as para um momento m\u00e1gico de conex\u00e3o com o meio ambiente. Elas foram incentivadas a participar ativamente de todo o processo, desde a abertura dos ber\u00e7\u00e1rios at\u00e9 a rega das \u00e1rvores, nutrindo cada planta com cuidado e carinho e explorando as diversas possibilidades.<\/p>\n\n\n\n<div class=\"wp-block-image\"><figure class=\"aligncenter size-large is-resized\"><img loading=\"lazy\" decoding=\"async\" src=\"https:\/\/jornalfatosenoticias.com.br\/wp-content\/uploads\/2020\/02\/CONTROL-CS.jpg\" alt=\"\" class=\"wp-image-44991\" width=\"326\" height=\"391\" srcset=\"https:\/\/jornalfatosenoticias.com.br\/wp-content\/uploads\/2020\/02\/CONTROL-CS.jpg 834w, https:\/\/jornalfatosenoticias.com.br\/wp-content\/uploads\/2020\/02\/CONTROL-CS-250x300.jpg 250w, https:\/\/jornalfatosenoticias.com.br\/wp-content\/uploads\/2020\/02\/CONTROL-CS-768x921.jpg 768w\" sizes=\"auto, (max-width: 326px) 100vw, 326px\" \/><\/figure><\/div>\n\n\n\n<p>Foram plantadas dez \u00e1rvores nativas da mata atl\u00e2ntica, n\u00e3o apenas como um gesto simb\u00f3lico, mas como um compromisso permanente com a preserva\u00e7\u00e3o do ecossistema. Essas \u00e1rvores, al\u00e9m de embelezar o ambiente, desempenham um papel vital na manuten\u00e7\u00e3o da biodiversidade local, mostrando \u00e0s crian\u00e7as a import\u00e2ncia de cada pequeno gesto na constru\u00e7\u00e3o de um futuro sustent\u00e1vel.<\/p>\n\n\n\n<div class=\"wp-block-image\"><figure class=\"aligncenter size-large\"><img loading=\"lazy\" decoding=\"async\" width=\"300\" height=\"250\" src=\"https:\/\/jornalfatosenoticias.com.br\/wp-content\/uploads\/2022\/02\/FERRARI_MAQUINAS-E-FERRAMENTAS2.jpg\" alt=\"\" class=\"wp-image-27860\"\/><\/figure><\/div>\n\n\n\n<p>&#8220;Estamos em processo de finaliza\u00e7\u00e3o da constru\u00e7\u00e3o do &#8216;quintal das inf\u00e2ncias&#8217;, que est\u00e1 sendo planejado como ambiente de viv\u00eancias significativas para brincadeiras, conta\u00e7\u00e3o de hist\u00f3rias, pr\u00e1ticas de movimentos, musicaliza\u00e7\u00e3o e experimenta\u00e7\u00f5es de plantio com o protagonismo das crian\u00e7as&#8221;, explicou a diretora do Cmei, Dars\u00f4nia Almeida.<br>Para a equipe pedag\u00f3gica, a viv\u00eancia com o plantio das \u00e1rvores significa uma experi\u00eancia \u00fanica para os pequenos. <\/p>\n\n\n\n<div class=\"wp-block-image\"><figure class=\"aligncenter size-large\"><img loading=\"lazy\" decoding=\"async\" width=\"300\" height=\"250\" src=\"https:\/\/jornalfatosenoticias.com.br\/wp-content\/uploads\/2020\/02\/Banner-2.png\" alt=\"\" class=\"wp-image-43787\"\/><\/figure><\/div>\n\n\n\n<blockquote class=\"wp-block-quote is-layout-flow wp-block-quote-is-layout-flow\"><p><span class=\"has-inline-color has-luminous-vivid-orange-color\">Plantar as \u00e1rvores e possibilitar \u00e0s crian\u00e7as acompanhar o desenvolvimento delas, se traduz em um ato de grande valor, na avalia\u00e7\u00e3o de toda a equipe, pois essa rela\u00e7\u00e3o de cuidado e afeto com o meio ambiente fica marcada na mem\u00f3ria afetiva das crian\u00e7as &#8220;, completou a diretora.<\/span><\/p><\/blockquote>\n\n\n\n<div class=\"wp-block-image\"><figure class=\"aligncenter size-large is-resized\"><img loading=\"lazy\" decoding=\"async\" src=\"https:\/\/jornalfatosenoticias.com.br\/wp-content\/uploads\/2023\/08\/BKR-1024x1021.jpg\" alt=\"\" class=\"wp-image-44494\" width=\"282\" height=\"281\" srcset=\"https:\/\/jornalfatosenoticias.com.br\/wp-content\/uploads\/2023\/08\/BKR-1024x1021.jpg 1024w, https:\/\/jornalfatosenoticias.com.br\/wp-content\/uploads\/2023\/08\/BKR-300x300.jpg 300w, https:\/\/jornalfatosenoticias.com.br\/wp-content\/uploads\/2023\/08\/BKR-150x150.jpg 150w, https:\/\/jornalfatosenoticias.com.br\/wp-content\/uploads\/2023\/08\/BKR-768x766.jpg 768w, https:\/\/jornalfatosenoticias.com.br\/wp-content\/uploads\/2023\/08\/BKR.jpg 1080w\" sizes=\"auto, (max-width: 282px) 100vw, 282px\" \/><\/figure><\/div>\n\n\n\n<p><strong><em>Fonte: <a href=\"https:\/\/vitoria.es.gov.br\/noticia\/educacao-criancas-plantam-arvores-e-aprendem-sobre-sustentabilidade-50689\">PVM<\/a><\/em><\/strong><\/p>\n","protected":false},"excerpt":{"rendered":"<p>Por Lu\u00eds Oliveira No Centro Municipal de Educa\u00e7\u00e3o Infantil (Cmei) Gilda de Athayde Ramos, localizado em S\u00e3o Pedro, o projeto &#8220;Sustentabilidade no quintal&#8221; promoveu um cen\u00e1rio vivo de amor a natureza. Os pequenos e os profissionais da educa\u00e7\u00e3o se uniram em uma emocionante jornada de plantio de \u00e1rvores, refor\u00e7ando o compromisso da comunidade escolar com [&hellip;]<\/p>\n","protected":false},"author":2,"featured_media":51330,"comment_status":"open","ping_status":"open","sticky":false,"template":"","format":"standard","meta":{"footnotes":""},"categories":[7],"tags":[23507,655,734],"class_list":["post-51329","post","type-post","status-publish","format-standard","has-post-thumbnail","hentry","category-educacao","tag-criancas-plantam-arvores","tag-natureza","tag-sustentabilidade"],"yoast_head":"<!-- This site is optimized with the Yoast SEO plugin v26.5 - https:\/\/yoast.com\/wordpress\/plugins\/seo\/ -->\n<title>Crian\u00e7as plantam \u00e1rvores e aprendem sobre sustentabilidade em Vit\u00f3ria - Jornal Fatos e Not\u00edcias<\/title>\n<meta name=\"robots\" content=\"index, follow, max-snippet:-1, max-image-preview:large, max-video-preview:-1\" \/>\n<link rel=\"canonical\" href=\"https:\/\/jornalfatosenoticias.com.br\/index.php\/2024\/05\/17\/criancas-plantam-arvores-e-aprendem-sobre-sustentabilidade-em-vitoria\/\" \/>\n<meta property=\"og:locale\" content=\"pt_BR\" \/>\n<meta property=\"og:type\" content=\"article\" \/>\n<meta property=\"og:title\" content=\"Crian\u00e7as plantam \u00e1rvores e aprendem sobre sustentabilidade em Vit\u00f3ria - Jornal Fatos e Not\u00edcias\" \/>\n<meta property=\"og:description\" content=\"Por Lu\u00eds Oliveira No Centro Municipal de Educa\u00e7\u00e3o Infantil (Cmei) Gilda de Athayde Ramos, localizado em S\u00e3o Pedro, o projeto &#8220;Sustentabilidade no quintal&#8221; promoveu um cen\u00e1rio vivo de amor a natureza. Os pequenos e os profissionais da educa\u00e7\u00e3o se uniram em uma emocionante jornada de plantio de \u00e1rvores, refor\u00e7ando o compromisso da comunidade escolar com [&hellip;]\" \/>\n<meta property=\"og:url\" content=\"https:\/\/jornalfatosenoticias.com.br\/index.php\/2024\/05\/17\/criancas-plantam-arvores-e-aprendem-sobre-sustentabilidade-em-vitoria\/\" \/>\n<meta property=\"og:site_name\" content=\"Jornal Fatos e Not\u00edcias\" \/>\n<meta property=\"article:published_time\" content=\"2024-05-17T12:18:56+00:00\" \/>\n<meta property=\"article:modified_time\" content=\"2024-05-17T12:18:57+00:00\" \/>\n<meta property=\"og:image\" content=\"https:\/\/jornalfatosenoticias.com.br\/wp-content\/uploads\/2024\/05\/criancas-plantam-arvores.jpg\" \/>\n\t<meta property=\"og:image:width\" content=\"700\" \/>\n\t<meta property=\"og:image:height\" content=\"525\" \/>\n\t<meta property=\"og:image:type\" content=\"image\/jpeg\" \/>\n<meta name=\"author\" content=\"Luzimara Fernandes\" \/>\n<meta name=\"twitter:card\" content=\"summary_large_image\" \/>\n<meta name=\"twitter:label1\" content=\"Escrito por\" \/>\n\t<meta name=\"twitter:data1\" content=\"Luzimara Fernandes\" \/>\n\t<meta name=\"twitter:label2\" content=\"Est. tempo de leitura\" \/>\n\t<meta name=\"twitter:data2\" content=\"2 minutos\" \/>\n<script type=\"application\/ld+json\" class=\"yoast-schema-graph\">{\"@context\":\"https:\/\/schema.org\",\"@graph\":[{\"@type\":\"Article\",\"@id\":\"https:\/\/jornalfatosenoticias.com.br\/index.php\/2024\/05\/17\/criancas-plantam-arvores-e-aprendem-sobre-sustentabilidade-em-vitoria\/#article\",\"isPartOf\":{\"@id\":\"https:\/\/jornalfatosenoticias.com.br\/index.php\/2024\/05\/17\/criancas-plantam-arvores-e-aprendem-sobre-sustentabilidade-em-vitoria\/\"},\"author\":{\"name\":\"Luzimara Fernandes\",\"@id\":\"https:\/\/jornalfatosenoticias.com.br\/#\/schema\/person\/d63837fa13ac8666eb9e74e0985d6f81\"},\"headline\":\"Crian\u00e7as plantam \u00e1rvores e aprendem sobre sustentabilidade em Vit\u00f3ria\",\"datePublished\":\"2024-05-17T12:18:56+00:00\",\"dateModified\":\"2024-05-17T12:18:57+00:00\",\"mainEntityOfPage\":{\"@id\":\"https:\/\/jornalfatosenoticias.com.br\/index.php\/2024\/05\/17\/criancas-plantam-arvores-e-aprendem-sobre-sustentabilidade-em-vitoria\/\"},\"wordCount\":336,\"commentCount\":0,\"publisher\":{\"@id\":\"https:\/\/jornalfatosenoticias.com.br\/#organization\"},\"image\":{\"@id\":\"https:\/\/jornalfatosenoticias.com.br\/index.php\/2024\/05\/17\/criancas-plantam-arvores-e-aprendem-sobre-sustentabilidade-em-vitoria\/#primaryimage\"},\"thumbnailUrl\":\"https:\/\/jornalfatosenoticias.com.br\/wp-content\/uploads\/2024\/05\/criancas-plantam-arvores.jpg\",\"keywords\":[\"crian\u00e7as plantam \u00e1rvores\",\"natureza\",\"sustentabilidade\"],\"articleSection\":[\"Educa\u00e7\u00e3o\"],\"inLanguage\":\"pt-BR\",\"potentialAction\":[{\"@type\":\"CommentAction\",\"name\":\"Comment\",\"target\":[\"https:\/\/jornalfatosenoticias.com.br\/index.php\/2024\/05\/17\/criancas-plantam-arvores-e-aprendem-sobre-sustentabilidade-em-vitoria\/#respond\"]}]},{\"@type\":\"WebPage\",\"@id\":\"https:\/\/jornalfatosenoticias.com.br\/index.php\/2024\/05\/17\/criancas-plantam-arvores-e-aprendem-sobre-sustentabilidade-em-vitoria\/\",\"url\":\"https:\/\/jornalfatosenoticias.com.br\/index.php\/2024\/05\/17\/criancas-plantam-arvores-e-aprendem-sobre-sustentabilidade-em-vitoria\/\",\"name\":\"Crian\u00e7as plantam \u00e1rvores e aprendem sobre sustentabilidade em Vit\u00f3ria - Jornal Fatos e Not\u00edcias\",\"isPartOf\":{\"@id\":\"https:\/\/jornalfatosenoticias.com.br\/#website\"},\"primaryImageOfPage\":{\"@id\":\"https:\/\/jornalfatosenoticias.com.br\/index.php\/2024\/05\/17\/criancas-plantam-arvores-e-aprendem-sobre-sustentabilidade-em-vitoria\/#primaryimage\"},\"image\":{\"@id\":\"https:\/\/jornalfatosenoticias.com.br\/index.php\/2024\/05\/17\/criancas-plantam-arvores-e-aprendem-sobre-sustentabilidade-em-vitoria\/#primaryimage\"},\"thumbnailUrl\":\"https:\/\/jornalfatosenoticias.com.br\/wp-content\/uploads\/2024\/05\/criancas-plantam-arvores.jpg\",\"datePublished\":\"2024-05-17T12:18:56+00:00\",\"dateModified\":\"2024-05-17T12:18:57+00:00\",\"breadcrumb\":{\"@id\":\"https:\/\/jornalfatosenoticias.com.br\/index.php\/2024\/05\/17\/criancas-plantam-arvores-e-aprendem-sobre-sustentabilidade-em-vitoria\/#breadcrumb\"},\"inLanguage\":\"pt-BR\",\"potentialAction\":[{\"@type\":\"ReadAction\",\"target\":[\"https:\/\/jornalfatosenoticias.com.br\/index.php\/2024\/05\/17\/criancas-plantam-arvores-e-aprendem-sobre-sustentabilidade-em-vitoria\/\"]}]},{\"@type\":\"ImageObject\",\"inLanguage\":\"pt-BR\",\"@id\":\"https:\/\/jornalfatosenoticias.com.br\/index.php\/2024\/05\/17\/criancas-plantam-arvores-e-aprendem-sobre-sustentabilidade-em-vitoria\/#primaryimage\",\"url\":\"https:\/\/jornalfatosenoticias.com.br\/wp-content\/uploads\/2024\/05\/criancas-plantam-arvores.jpg\",\"contentUrl\":\"https:\/\/jornalfatosenoticias.com.br\/wp-content\/uploads\/2024\/05\/criancas-plantam-arvores.jpg\",\"width\":700,\"height\":525,\"caption\":\"Crian\u00e7as do Cmei Gilda de Athayde Ramos se conectam com a natureza\"},{\"@type\":\"BreadcrumbList\",\"@id\":\"https:\/\/jornalfatosenoticias.com.br\/index.php\/2024\/05\/17\/criancas-plantam-arvores-e-aprendem-sobre-sustentabilidade-em-vitoria\/#breadcrumb\",\"itemListElement\":[{\"@type\":\"ListItem\",\"position\":1,\"name\":\"In\u00edcio\",\"item\":\"https:\/\/jornalfatosenoticias.com.br\/\"},{\"@type\":\"ListItem\",\"position\":2,\"name\":\"Crian\u00e7as plantam \u00e1rvores e aprendem sobre sustentabilidade em Vit\u00f3ria\"}]},{\"@type\":\"WebSite\",\"@id\":\"https:\/\/jornalfatosenoticias.com.br\/#website\",\"url\":\"https:\/\/jornalfatosenoticias.com.br\/\",\"name\":\"Jornal Fatos e Not\u00edcias\",\"description\":\"Not\u00edcias em geral\",\"publisher\":{\"@id\":\"https:\/\/jornalfatosenoticias.com.br\/#organization\"},\"potentialAction\":[{\"@type\":\"SearchAction\",\"target\":{\"@type\":\"EntryPoint\",\"urlTemplate\":\"https:\/\/jornalfatosenoticias.com.br\/?s={search_term_string}\"},\"query-input\":{\"@type\":\"PropertyValueSpecification\",\"valueRequired\":true,\"valueName\":\"search_term_string\"}}],\"inLanguage\":\"pt-BR\"},{\"@type\":\"Organization\",\"@id\":\"https:\/\/jornalfatosenoticias.com.br\/#organization\",\"name\":\"Jornal Fatos e Not\u00edcias\",\"url\":\"https:\/\/jornalfatosenoticias.com.br\/\",\"logo\":{\"@type\":\"ImageObject\",\"inLanguage\":\"pt-BR\",\"@id\":\"https:\/\/jornalfatosenoticias.com.br\/#\/schema\/logo\/image\/\",\"url\":\"https:\/\/jornalfatosenoticias.com.br\/wp-content\/uploads\/2020\/02\/logo120.png\",\"contentUrl\":\"https:\/\/jornalfatosenoticias.com.br\/wp-content\/uploads\/2020\/02\/logo120.png\",\"width\":1227,\"height\":120,\"caption\":\"Jornal Fatos e Not\u00edcias\"},\"image\":{\"@id\":\"https:\/\/jornalfatosenoticias.com.br\/#\/schema\/logo\/image\/\"}},{\"@type\":\"Person\",\"@id\":\"https:\/\/jornalfatosenoticias.com.br\/#\/schema\/person\/d63837fa13ac8666eb9e74e0985d6f81\",\"name\":\"Luzimara Fernandes\",\"image\":{\"@type\":\"ImageObject\",\"inLanguage\":\"pt-BR\",\"@id\":\"https:\/\/jornalfatosenoticias.com.br\/#\/schema\/person\/image\/\",\"url\":\"https:\/\/jornalfatosenoticias.com.br\/wp-content\/uploads\/2025\/05\/EU_portal.jpg\",\"contentUrl\":\"https:\/\/jornalfatosenoticias.com.br\/wp-content\/uploads\/2025\/05\/EU_portal.jpg\",\"caption\":\"Luzimara Fernandes\"},\"description\":\"Jornalista MTB 2358-ES\",\"sameAs\":[\"https:\/\/jornalfatosenoticias.com.br\"],\"url\":\"https:\/\/jornalfatosenoticias.com.br\/index.php\/author\/luzimara\/\"}]}<\/script>\n<!-- \/ Yoast SEO plugin. -->","yoast_head_json":{"title":"Crian\u00e7as plantam \u00e1rvores e aprendem sobre sustentabilidade em Vit\u00f3ria - Jornal Fatos e Not\u00edcias","robots":{"index":"index","follow":"follow","max-snippet":"max-snippet:-1","max-image-preview":"max-image-preview:large","max-video-preview":"max-video-preview:-1"},"canonical":"https:\/\/jornalfatosenoticias.com.br\/index.php\/2024\/05\/17\/criancas-plantam-arvores-e-aprendem-sobre-sustentabilidade-em-vitoria\/","og_locale":"pt_BR","og_type":"article","og_title":"Crian\u00e7as plantam \u00e1rvores e aprendem sobre sustentabilidade em Vit\u00f3ria - Jornal Fatos e Not\u00edcias","og_description":"Por Lu\u00eds Oliveira No Centro Municipal de Educa\u00e7\u00e3o Infantil (Cmei) Gilda de Athayde Ramos, localizado em S\u00e3o Pedro, o projeto &#8220;Sustentabilidade no quintal&#8221; promoveu um cen\u00e1rio vivo de amor a natureza. Os pequenos e os profissionais da educa\u00e7\u00e3o se uniram em uma emocionante jornada de plantio de \u00e1rvores, refor\u00e7ando o compromisso da comunidade escolar com [&hellip;]","og_url":"https:\/\/jornalfatosenoticias.com.br\/index.php\/2024\/05\/17\/criancas-plantam-arvores-e-aprendem-sobre-sustentabilidade-em-vitoria\/","og_site_name":"Jornal Fatos e Not\u00edcias","article_published_time":"2024-05-17T12:18:56+00:00","article_modified_time":"2024-05-17T12:18:57+00:00","og_image":[{"width":700,"height":525,"url":"https:\/\/jornalfatosenoticias.com.br\/wp-content\/uploads\/2024\/05\/criancas-plantam-arvores.jpg","type":"image\/jpeg"}],"author":"Luzimara Fernandes","twitter_card":"summary_large_image","twitter_misc":{"Escrito por":"Luzimara Fernandes","Est. tempo de leitura":"2 minutos"},"schema":{"@context":"https:\/\/schema.org","@graph":[{"@type":"Article","@id":"https:\/\/jornalfatosenoticias.com.br\/index.php\/2024\/05\/17\/criancas-plantam-arvores-e-aprendem-sobre-sustentabilidade-em-vitoria\/#article","isPartOf":{"@id":"https:\/\/jornalfatosenoticias.com.br\/index.php\/2024\/05\/17\/criancas-plantam-arvores-e-aprendem-sobre-sustentabilidade-em-vitoria\/"},"author":{"name":"Luzimara Fernandes","@id":"https:\/\/jornalfatosenoticias.com.br\/#\/schema\/person\/d63837fa13ac8666eb9e74e0985d6f81"},"headline":"Crian\u00e7as plantam \u00e1rvores e aprendem sobre sustentabilidade em Vit\u00f3ria","datePublished":"2024-05-17T12:18:56+00:00","dateModified":"2024-05-17T12:18:57+00:00","mainEntityOfPage":{"@id":"https:\/\/jornalfatosenoticias.com.br\/index.php\/2024\/05\/17\/criancas-plantam-arvores-e-aprendem-sobre-sustentabilidade-em-vitoria\/"},"wordCount":336,"commentCount":0,"publisher":{"@id":"https:\/\/jornalfatosenoticias.com.br\/#organization"},"image":{"@id":"https:\/\/jornalfatosenoticias.com.br\/index.php\/2024\/05\/17\/criancas-plantam-arvores-e-aprendem-sobre-sustentabilidade-em-vitoria\/#primaryimage"},"thumbnailUrl":"https:\/\/jornalfatosenoticias.com.br\/wp-content\/uploads\/2024\/05\/criancas-plantam-arvores.jpg","keywords":["crian\u00e7as plantam \u00e1rvores","natureza","sustentabilidade"],"articleSection":["Educa\u00e7\u00e3o"],"inLanguage":"pt-BR","potentialAction":[{"@type":"CommentAction","name":"Comment","target":["https:\/\/jornalfatosenoticias.com.br\/index.php\/2024\/05\/17\/criancas-plantam-arvores-e-aprendem-sobre-sustentabilidade-em-vitoria\/#respond"]}]},{"@type":"WebPage","@id":"https:\/\/jornalfatosenoticias.com.br\/index.php\/2024\/05\/17\/criancas-plantam-arvores-e-aprendem-sobre-sustentabilidade-em-vitoria\/","url":"https:\/\/jornalfatosenoticias.com.br\/index.php\/2024\/05\/17\/criancas-plantam-arvores-e-aprendem-sobre-sustentabilidade-em-vitoria\/","name":"Crian\u00e7as plantam \u00e1rvores e aprendem sobre sustentabilidade em Vit\u00f3ria - Jornal Fatos e Not\u00edcias","isPartOf":{"@id":"https:\/\/jornalfatosenoticias.com.br\/#website"},"primaryImageOfPage":{"@id":"https:\/\/jornalfatosenoticias.com.br\/index.php\/2024\/05\/17\/criancas-plantam-arvores-e-aprendem-sobre-sustentabilidade-em-vitoria\/#primaryimage"},"image":{"@id":"https:\/\/jornalfatosenoticias.com.br\/index.php\/2024\/05\/17\/criancas-plantam-arvores-e-aprendem-sobre-sustentabilidade-em-vitoria\/#primaryimage"},"thumbnailUrl":"https:\/\/jornalfatosenoticias.com.br\/wp-content\/uploads\/2024\/05\/criancas-plantam-arvores.jpg","datePublished":"2024-05-17T12:18:56+00:00","dateModified":"2024-05-17T12:18:57+00:00","breadcrumb":{"@id":"https:\/\/jornalfatosenoticias.com.br\/index.php\/2024\/05\/17\/criancas-plantam-arvores-e-aprendem-sobre-sustentabilidade-em-vitoria\/#breadcrumb"},"inLanguage":"pt-BR","potentialAction":[{"@type":"ReadAction","target":["https:\/\/jornalfatosenoticias.com.br\/index.php\/2024\/05\/17\/criancas-plantam-arvores-e-aprendem-sobre-sustentabilidade-em-vitoria\/"]}]},{"@type":"ImageObject","inLanguage":"pt-BR","@id":"https:\/\/jornalfatosenoticias.com.br\/index.php\/2024\/05\/17\/criancas-plantam-arvores-e-aprendem-sobre-sustentabilidade-em-vitoria\/#primaryimage","url":"https:\/\/jornalfatosenoticias.com.br\/wp-content\/uploads\/2024\/05\/criancas-plantam-arvores.jpg","contentUrl":"https:\/\/jornalfatosenoticias.com.br\/wp-content\/uploads\/2024\/05\/criancas-plantam-arvores.jpg","width":700,"height":525,"caption":"Crian\u00e7as do Cmei Gilda de Athayde Ramos se conectam com a natureza"},{"@type":"BreadcrumbList","@id":"https:\/\/jornalfatosenoticias.com.br\/index.php\/2024\/05\/17\/criancas-plantam-arvores-e-aprendem-sobre-sustentabilidade-em-vitoria\/#breadcrumb","itemListElement":[{"@type":"ListItem","position":1,"name":"In\u00edcio","item":"https:\/\/jornalfatosenoticias.com.br\/"},{"@type":"ListItem","position":2,"name":"Crian\u00e7as plantam \u00e1rvores e aprendem sobre sustentabilidade em Vit\u00f3ria"}]},{"@type":"WebSite","@id":"https:\/\/jornalfatosenoticias.com.br\/#website","url":"https:\/\/jornalfatosenoticias.com.br\/","name":"Jornal Fatos e Not\u00edcias","description":"Not\u00edcias em geral","publisher":{"@id":"https:\/\/jornalfatosenoticias.com.br\/#organization"},"potentialAction":[{"@type":"SearchAction","target":{"@type":"EntryPoint","urlTemplate":"https:\/\/jornalfatosenoticias.com.br\/?s={search_term_string}"},"query-input":{"@type":"PropertyValueSpecification","valueRequired":true,"valueName":"search_term_string"}}],"inLanguage":"pt-BR"},{"@type":"Organization","@id":"https:\/\/jornalfatosenoticias.com.br\/#organization","name":"Jornal Fatos e Not\u00edcias","url":"https:\/\/jornalfatosenoticias.com.br\/","logo":{"@type":"ImageObject","inLanguage":"pt-BR","@id":"https:\/\/jornalfatosenoticias.com.br\/#\/schema\/logo\/image\/","url":"https:\/\/jornalfatosenoticias.com.br\/wp-content\/uploads\/2020\/02\/logo120.png","contentUrl":"https:\/\/jornalfatosenoticias.com.br\/wp-content\/uploads\/2020\/02\/logo120.png","width":1227,"height":120,"caption":"Jornal Fatos e Not\u00edcias"},"image":{"@id":"https:\/\/jornalfatosenoticias.com.br\/#\/schema\/logo\/image\/"}},{"@type":"Person","@id":"https:\/\/jornalfatosenoticias.com.br\/#\/schema\/person\/d63837fa13ac8666eb9e74e0985d6f81","name":"Luzimara Fernandes","image":{"@type":"ImageObject","inLanguage":"pt-BR","@id":"https:\/\/jornalfatosenoticias.com.br\/#\/schema\/person\/image\/","url":"https:\/\/jornalfatosenoticias.com.br\/wp-content\/uploads\/2025\/05\/EU_portal.jpg","contentUrl":"https:\/\/jornalfatosenoticias.com.br\/wp-content\/uploads\/2025\/05\/EU_portal.jpg","caption":"Luzimara Fernandes"},"description":"Jornalista MTB 2358-ES","sameAs":["https:\/\/jornalfatosenoticias.com.br"],"url":"https:\/\/jornalfatosenoticias.com.br\/index.php\/author\/luzimara\/"}]}},"cc_featured_image_caption":{"caption_text":"(Foto: Divulga\u00e7\u00e3o\/PMV) ","source_text":"","source_url":""},"jetpack_featured_media_url":"https:\/\/jornalfatosenoticias.com.br\/wp-content\/uploads\/2024\/05\/criancas-plantam-arvores.jpg","_links":{"self":[{"href":"https:\/\/jornalfatosenoticias.com.br\/index.php\/wp-json\/wp\/v2\/posts\/51329","targetHints":{"allow":["GET"]}}],"collection":[{"href":"https:\/\/jornalfatosenoticias.com.br\/index.php\/wp-json\/wp\/v2\/posts"}],"about":[{"href":"https:\/\/jornalfatosenoticias.com.br\/index.php\/wp-json\/wp\/v2\/types\/post"}],"author":[{"embeddable":true,"href":"https:\/\/jornalfatosenoticias.com.br\/index.php\/wp-json\/wp\/v2\/users\/2"}],"replies":[{"embeddable":true,"href":"https:\/\/jornalfatosenoticias.com.br\/index.php\/wp-json\/wp\/v2\/comments?post=51329"}],"version-history":[{"count":0,"href":"https:\/\/jornalfatosenoticias.com.br\/index.php\/wp-json\/wp\/v2\/posts\/51329\/revisions"}],"wp:featuredmedia":[{"embeddable":true,"href":"https:\/\/jornalfatosenoticias.com.br\/index.php\/wp-json\/wp\/v2\/media\/51330"}],"wp:attachment":[{"href":"https:\/\/jornalfatosenoticias.com.br\/index.php\/wp-json\/wp\/v2\/media?parent=51329"}],"wp:term":[{"taxonomy":"category","embeddable":true,"href":"https:\/\/jornalfatosenoticias.com.br\/index.php\/wp-json\/wp\/v2\/categories?post=51329"},{"taxonomy":"post_tag","embeddable":true,"href":"https:\/\/jornalfatosenoticias.com.br\/index.php\/wp-json\/wp\/v2\/tags?post=51329"}],"curies":[{"name":"wp","href":"https:\/\/api.w.org\/{rel}","templated":true}]}}