{"id":51375,"date":"2024-05-20T09:52:38","date_gmt":"2024-05-20T12:52:38","guid":{"rendered":"https:\/\/jornalfatosenoticias.com.br\/?p=51375"},"modified":"2024-05-20T09:52:39","modified_gmt":"2024-05-20T12:52:39","slug":"transtornos-mentais-aumentam-em-criancas-que-usam-celulares-intensivamente","status":"publish","type":"post","link":"https:\/\/jornalfatosenoticias.com.br\/index.php\/2024\/05\/20\/transtornos-mentais-aumentam-em-criancas-que-usam-celulares-intensivamente\/","title":{"rendered":"Transtornos mentais aumentam em crian\u00e7as que usam celulares intensivamente"},"content":{"rendered":"\n<div class=\"wp-block-image\"><figure class=\"aligncenter size-large is-resized\"><img loading=\"lazy\" decoding=\"async\" src=\"https:\/\/jornalfatosenoticias.com.br\/wp-content\/uploads\/2023\/09\/vetorvix1024_1.jpg\" alt=\"\" class=\"wp-image-44868\" width=\"528\" height=\"140\" srcset=\"https:\/\/jornalfatosenoticias.com.br\/wp-content\/uploads\/2023\/09\/vetorvix1024_1.jpg 1024w, https:\/\/jornalfatosenoticias.com.br\/wp-content\/uploads\/2023\/09\/vetorvix1024_1-300x80.jpg 300w, https:\/\/jornalfatosenoticias.com.br\/wp-content\/uploads\/2023\/09\/vetorvix1024_1-768x205.jpg 768w\" sizes=\"auto, (max-width: 528px) 100vw, 528px\" \/><\/figure><\/div>\n\n\n\n<p>Crian\u00e7as e adolescentes do mundo todo podem estar enfrentando desafios em sua sa\u00fade mental. O livro \u201cA gera\u00e7\u00e3o ansiosa\u201d, do psic\u00f3logo social Jonathan Haidt, aborda o decl\u00ednio da sa\u00fade mental entre os jovens, especialmente ap\u00f3s a populariza\u00e7\u00e3o dos smartphones.<\/p>\n\n\n\n<blockquote class=\"wp-block-quote is-layout-flow wp-block-quote-is-layout-flow\"><p><span class=\"has-inline-color has-luminous-vivid-orange-color\">O que ocorreu \u00e9 o que eu chamo de \u2018grande reprograma\u00e7\u00e3o da inf\u00e2ncia\u2019. Em 2010, os adolescentes usavam telefones apenas para fazer liga\u00e7\u00f5es, se encontravam mais com outras crian\u00e7as e se divertiam mais. Mas, em 2015, tudo mudou. Eles substitu\u00edram os celulares comuns por smartphones com c\u00e2mera e internet, o que impactou sua vida social e desenvolvimento cognitivo\u201d, afirma Haidt.<\/span><\/p><\/blockquote>\n\n\n\n<div class=\"wp-block-image\"><figure class=\"aligncenter size-large\"><img loading=\"lazy\" decoding=\"async\" width=\"300\" height=\"250\" src=\"https:\/\/jornalfatosenoticias.com.br\/wp-content\/uploads\/2020\/02\/Banner-2.png\" alt=\"\" class=\"wp-image-43787\"\/><\/figure><\/div>\n\n\n\n<p>Haidt ainda aponta erros cometidos pelos adultos. \u201cEm primeiro lugar, mantivemos nossos filhos superprotegidos na vida real. Ao mesmo tempo, na vida on-line, os jovens ficaram desprotegidos, com riscos de contato com indiv\u00edduos mal-intencionados nas redes sociais\u201d, explica. <\/p>\n\n\n\n<div class=\"wp-block-image\"><figure class=\"aligncenter size-large\"><img decoding=\"async\" src=\"https:\/\/jornalfatosenoticias.com.br\/wp-content\/uploads\/2020\/02\/logo_esteio.jpg\" alt=\"\" class=\"wp-image-1214\"\/><\/figure><\/div>\n\n\n\n<blockquote class=\"wp-block-quote is-layout-flow wp-block-quote-is-layout-flow\"><p><span class=\"has-inline-color has-luminous-vivid-orange-color\">Quando os filhos s\u00e3o pequenos, muitos pais oferecem um telefone ou tablet para ter um pouco de sossego. Agora, vemos as consequ\u00eancias disso, com uma gera\u00e7\u00e3o mais ansiosa e deprimida, e um aumento nos casos de automutila\u00e7\u00e3o e suic\u00eddios\u201d, completa Haidt.<\/span><\/p><\/blockquote>\n\n\n\n<div class=\"wp-block-image\"><figure class=\"aligncenter size-large is-resized\"><img loading=\"lazy\" decoding=\"async\" src=\"https:\/\/jornalfatosenoticias.com.br\/wp-content\/uploads\/2020\/02\/logo-Rapuzel-1024x571.jpg\" alt=\"\" class=\"wp-image-42808\" width=\"341\" height=\"190\" srcset=\"https:\/\/jornalfatosenoticias.com.br\/wp-content\/uploads\/2020\/02\/logo-Rapuzel-1024x571.jpg 1024w, https:\/\/jornalfatosenoticias.com.br\/wp-content\/uploads\/2020\/02\/logo-Rapuzel-300x167.jpg 300w, https:\/\/jornalfatosenoticias.com.br\/wp-content\/uploads\/2020\/02\/logo-Rapuzel-768x428.jpg 768w, https:\/\/jornalfatosenoticias.com.br\/wp-content\/uploads\/2020\/02\/logo-Rapuzel-1536x856.jpg 1536w, https:\/\/jornalfatosenoticias.com.br\/wp-content\/uploads\/2020\/02\/logo-Rapuzel.jpg 1600w\" sizes=\"auto, (max-width: 341px) 100vw, 341px\" \/><\/figure><\/div>\n\n\n\n<p>Ele tamb\u00e9m observa que o uso excessivo de celulares pode prejudicar o desenvolvimento cognitivo. Haidt relata que muitos jovens, mesmo cientes da ansiedade causada pelas redes, t\u00eam dificuldade em interromper esse ciclo vicioso. <strong>Por isso, ele prop\u00f5e quatro a\u00e7\u00f5es urgentes:<\/strong><\/p>\n\n\n\n<div class=\"wp-block-image\"><figure class=\"aligncenter size-large\"><img loading=\"lazy\" decoding=\"async\" width=\"300\" height=\"250\" src=\"https:\/\/jornalfatosenoticias.com.br\/wp-content\/uploads\/2022\/02\/FERRARI_MAQUINAS-E-FERRAMENTAS2.jpg\" alt=\"\" class=\"wp-image-27860\"\/><\/figure><\/div>\n\n\n\n<ol class=\"wp-block-list\"><li>Evitar smartphones antes dos 14 anos,<\/li><li>N\u00e3o usar redes sociais antes dos 16 anos,<\/li><li>Manter as escolas como espa\u00e7os livres de celulares,<\/li><li>Substituir a depend\u00eancia de celulares por uma inf\u00e2ncia mais independente, com mais brincadeiras e riscos.<\/li><\/ol>\n\n\n\n<p>O pediatra Daniel Becker concorda com essas mudan\u00e7as: <\/p>\n\n\n\n<div class=\"wp-block-image\"><figure class=\"aligncenter size-large is-resized\"><img loading=\"lazy\" decoding=\"async\" src=\"https:\/\/jornalfatosenoticias.com.br\/wp-content\/uploads\/2022\/02\/Precisao-Contabilidade-1024x724.jpg\" alt=\"\" class=\"wp-image-28088\" width=\"330\" height=\"233\"\/><\/figure><\/div>\n\n\n\n<blockquote class=\"wp-block-quote is-layout-flow wp-block-quote-is-layout-flow\"><p><span class=\"has-inline-color has-luminous-vivid-orange-color\">Dados indicam um aumento de transtornos ps\u00edquicos e emocionais na inf\u00e2ncia e adolesc\u00eancia nos \u00faltimos anos. A reprograma\u00e7\u00e3o cerebral deve ocorrer na vida real, e n\u00e3o na tela de um dispositivo, onde as crian\u00e7as ficam passivamente expostas. \u00c9 necess\u00e1rio desproteger um pouco na vida real e aumentar a prote\u00e7\u00e3o e supervis\u00e3o na vida on-line,\u201d afirma Becker.<\/span><\/p><\/blockquote>\n\n\n\n<div class=\"wp-block-image\"><figure class=\"aligncenter size-large is-resized\"><img loading=\"lazy\" decoding=\"async\" src=\"https:\/\/jornalfatosenoticias.com.br\/wp-content\/uploads\/2023\/12\/pegoretti-logo-pdf-1024x389.jpg\" alt=\"\" class=\"wp-image-47536\" width=\"504\" height=\"191\" srcset=\"https:\/\/jornalfatosenoticias.com.br\/wp-content\/uploads\/2023\/12\/pegoretti-logo-pdf-1024x389.jpg 1024w, https:\/\/jornalfatosenoticias.com.br\/wp-content\/uploads\/2023\/12\/pegoretti-logo-pdf-300x114.jpg 300w, https:\/\/jornalfatosenoticias.com.br\/wp-content\/uploads\/2023\/12\/pegoretti-logo-pdf-768x291.jpg 768w, https:\/\/jornalfatosenoticias.com.br\/wp-content\/uploads\/2023\/12\/pegoretti-logo-pdf.jpg 1120w\" sizes=\"auto, (max-width: 504px) 100vw, 504px\" \/><\/figure><\/div>\n\n\n\n<p><strong><em>Fonte: <a href=\"https:\/\/gazetabrasil.com.br\/ultimas-noticias\/2024\/05\/19\/transtornos-mentais-aumentam-em-criancas-que-usam-celulares-intensivamente-em-escala-global\/\">Gazeta Brasil<\/a><\/em><\/strong><\/p>\n","protected":false},"excerpt":{"rendered":"<p>Crian\u00e7as e adolescentes do mundo todo podem estar enfrentando desafios em sua sa\u00fade mental. O livro \u201cA gera\u00e7\u00e3o ansiosa\u201d, do psic\u00f3logo social Jonathan Haidt, aborda o decl\u00ednio da sa\u00fade mental entre os jovens, especialmente ap\u00f3s a populariza\u00e7\u00e3o dos smartphones. O que ocorreu \u00e9 o que eu chamo de \u2018grande reprograma\u00e7\u00e3o da inf\u00e2ncia\u2019. Em 2010, os [&hellip;]<\/p>\n","protected":false},"author":2,"featured_media":51376,"comment_status":"open","ping_status":"open","sticky":false,"template":"","format":"standard","meta":{"footnotes":""},"categories":[2522],"tags":[2811,2209,670,23523],"class_list":["post-51375","post","type-post","status-publish","format-standard","has-post-thumbnail","hentry","category-comportamento","tag-adolescentes","tag-celular","tag-criancas","tag-uso-excessivo-de-celulares"],"yoast_head":"<!-- This site is optimized with the Yoast SEO plugin v26.5 - https:\/\/yoast.com\/wordpress\/plugins\/seo\/ -->\n<title>Transtornos mentais aumentam em crian\u00e7as que usam celulares intensivamente - Jornal Fatos e Not\u00edcias<\/title>\n<meta name=\"robots\" content=\"index, follow, max-snippet:-1, max-image-preview:large, max-video-preview:-1\" \/>\n<link rel=\"canonical\" href=\"https:\/\/jornalfatosenoticias.com.br\/index.php\/2024\/05\/20\/transtornos-mentais-aumentam-em-criancas-que-usam-celulares-intensivamente\/\" \/>\n<meta property=\"og:locale\" content=\"pt_BR\" \/>\n<meta property=\"og:type\" content=\"article\" \/>\n<meta property=\"og:title\" content=\"Transtornos mentais aumentam em crian\u00e7as que usam celulares intensivamente - Jornal Fatos e Not\u00edcias\" \/>\n<meta property=\"og:description\" content=\"Crian\u00e7as e adolescentes do mundo todo podem estar enfrentando desafios em sua sa\u00fade mental. O livro \u201cA gera\u00e7\u00e3o ansiosa\u201d, do psic\u00f3logo social Jonathan Haidt, aborda o decl\u00ednio da sa\u00fade mental entre os jovens, especialmente ap\u00f3s a populariza\u00e7\u00e3o dos smartphones. O que ocorreu \u00e9 o que eu chamo de \u2018grande reprograma\u00e7\u00e3o da inf\u00e2ncia\u2019. Em 2010, os [&hellip;]\" \/>\n<meta property=\"og:url\" content=\"https:\/\/jornalfatosenoticias.com.br\/index.php\/2024\/05\/20\/transtornos-mentais-aumentam-em-criancas-que-usam-celulares-intensivamente\/\" \/>\n<meta property=\"og:site_name\" content=\"Jornal Fatos e Not\u00edcias\" \/>\n<meta property=\"article:published_time\" content=\"2024-05-20T12:52:38+00:00\" \/>\n<meta property=\"article:modified_time\" content=\"2024-05-20T12:52:39+00:00\" \/>\n<meta property=\"og:image\" content=\"https:\/\/jornalfatosenoticias.com.br\/wp-content\/uploads\/2024\/05\/transtornos-mentais-aumentam-em-criancas-que-usam-celulares_istock.jpg\" \/>\n\t<meta property=\"og:image:width\" content=\"612\" \/>\n\t<meta property=\"og:image:height\" content=\"408\" \/>\n\t<meta property=\"og:image:type\" content=\"image\/jpeg\" \/>\n<meta name=\"author\" content=\"Luzimara Fernandes\" \/>\n<meta name=\"twitter:card\" content=\"summary_large_image\" \/>\n<meta name=\"twitter:label1\" content=\"Escrito por\" \/>\n\t<meta name=\"twitter:data1\" content=\"Luzimara Fernandes\" \/>\n\t<meta name=\"twitter:label2\" content=\"Est. tempo de leitura\" \/>\n\t<meta name=\"twitter:data2\" content=\"2 minutos\" \/>\n<script type=\"application\/ld+json\" class=\"yoast-schema-graph\">{\"@context\":\"https:\/\/schema.org\",\"@graph\":[{\"@type\":\"Article\",\"@id\":\"https:\/\/jornalfatosenoticias.com.br\/index.php\/2024\/05\/20\/transtornos-mentais-aumentam-em-criancas-que-usam-celulares-intensivamente\/#article\",\"isPartOf\":{\"@id\":\"https:\/\/jornalfatosenoticias.com.br\/index.php\/2024\/05\/20\/transtornos-mentais-aumentam-em-criancas-que-usam-celulares-intensivamente\/\"},\"author\":{\"name\":\"Luzimara Fernandes\",\"@id\":\"https:\/\/jornalfatosenoticias.com.br\/#\/schema\/person\/d63837fa13ac8666eb9e74e0985d6f81\"},\"headline\":\"Transtornos mentais aumentam em crian\u00e7as que usam celulares intensivamente\",\"datePublished\":\"2024-05-20T12:52:38+00:00\",\"dateModified\":\"2024-05-20T12:52:39+00:00\",\"mainEntityOfPage\":{\"@id\":\"https:\/\/jornalfatosenoticias.com.br\/index.php\/2024\/05\/20\/transtornos-mentais-aumentam-em-criancas-que-usam-celulares-intensivamente\/\"},\"wordCount\":364,\"commentCount\":0,\"publisher\":{\"@id\":\"https:\/\/jornalfatosenoticias.com.br\/#organization\"},\"image\":{\"@id\":\"https:\/\/jornalfatosenoticias.com.br\/index.php\/2024\/05\/20\/transtornos-mentais-aumentam-em-criancas-que-usam-celulares-intensivamente\/#primaryimage\"},\"thumbnailUrl\":\"https:\/\/jornalfatosenoticias.com.br\/wp-content\/uploads\/2024\/05\/transtornos-mentais-aumentam-em-criancas-que-usam-celulares_istock.jpg\",\"keywords\":[\"adolescentes\",\"celular\",\"crian\u00e7as\",\"uso excessivo de celulares\"],\"articleSection\":[\"Comportamento &amp; Equil\u00edbrio\"],\"inLanguage\":\"pt-BR\",\"potentialAction\":[{\"@type\":\"CommentAction\",\"name\":\"Comment\",\"target\":[\"https:\/\/jornalfatosenoticias.com.br\/index.php\/2024\/05\/20\/transtornos-mentais-aumentam-em-criancas-que-usam-celulares-intensivamente\/#respond\"]}]},{\"@type\":\"WebPage\",\"@id\":\"https:\/\/jornalfatosenoticias.com.br\/index.php\/2024\/05\/20\/transtornos-mentais-aumentam-em-criancas-que-usam-celulares-intensivamente\/\",\"url\":\"https:\/\/jornalfatosenoticias.com.br\/index.php\/2024\/05\/20\/transtornos-mentais-aumentam-em-criancas-que-usam-celulares-intensivamente\/\",\"name\":\"Transtornos mentais aumentam em crian\u00e7as que usam celulares intensivamente - Jornal Fatos e Not\u00edcias\",\"isPartOf\":{\"@id\":\"https:\/\/jornalfatosenoticias.com.br\/#website\"},\"primaryImageOfPage\":{\"@id\":\"https:\/\/jornalfatosenoticias.com.br\/index.php\/2024\/05\/20\/transtornos-mentais-aumentam-em-criancas-que-usam-celulares-intensivamente\/#primaryimage\"},\"image\":{\"@id\":\"https:\/\/jornalfatosenoticias.com.br\/index.php\/2024\/05\/20\/transtornos-mentais-aumentam-em-criancas-que-usam-celulares-intensivamente\/#primaryimage\"},\"thumbnailUrl\":\"https:\/\/jornalfatosenoticias.com.br\/wp-content\/uploads\/2024\/05\/transtornos-mentais-aumentam-em-criancas-que-usam-celulares_istock.jpg\",\"datePublished\":\"2024-05-20T12:52:38+00:00\",\"dateModified\":\"2024-05-20T12:52:39+00:00\",\"breadcrumb\":{\"@id\":\"https:\/\/jornalfatosenoticias.com.br\/index.php\/2024\/05\/20\/transtornos-mentais-aumentam-em-criancas-que-usam-celulares-intensivamente\/#breadcrumb\"},\"inLanguage\":\"pt-BR\",\"potentialAction\":[{\"@type\":\"ReadAction\",\"target\":[\"https:\/\/jornalfatosenoticias.com.br\/index.php\/2024\/05\/20\/transtornos-mentais-aumentam-em-criancas-que-usam-celulares-intensivamente\/\"]}]},{\"@type\":\"ImageObject\",\"inLanguage\":\"pt-BR\",\"@id\":\"https:\/\/jornalfatosenoticias.com.br\/index.php\/2024\/05\/20\/transtornos-mentais-aumentam-em-criancas-que-usam-celulares-intensivamente\/#primaryimage\",\"url\":\"https:\/\/jornalfatosenoticias.com.br\/wp-content\/uploads\/2024\/05\/transtornos-mentais-aumentam-em-criancas-que-usam-celulares_istock.jpg\",\"contentUrl\":\"https:\/\/jornalfatosenoticias.com.br\/wp-content\/uploads\/2024\/05\/transtornos-mentais-aumentam-em-criancas-que-usam-celulares_istock.jpg\",\"width\":612,\"height\":408,\"caption\":\"A Japanese boy who operates a smartphone\"},{\"@type\":\"BreadcrumbList\",\"@id\":\"https:\/\/jornalfatosenoticias.com.br\/index.php\/2024\/05\/20\/transtornos-mentais-aumentam-em-criancas-que-usam-celulares-intensivamente\/#breadcrumb\",\"itemListElement\":[{\"@type\":\"ListItem\",\"position\":1,\"name\":\"In\u00edcio\",\"item\":\"https:\/\/jornalfatosenoticias.com.br\/\"},{\"@type\":\"ListItem\",\"position\":2,\"name\":\"Transtornos mentais aumentam em crian\u00e7as que usam celulares intensivamente\"}]},{\"@type\":\"WebSite\",\"@id\":\"https:\/\/jornalfatosenoticias.com.br\/#website\",\"url\":\"https:\/\/jornalfatosenoticias.com.br\/\",\"name\":\"Jornal Fatos e Not\u00edcias\",\"description\":\"Not\u00edcias em geral\",\"publisher\":{\"@id\":\"https:\/\/jornalfatosenoticias.com.br\/#organization\"},\"potentialAction\":[{\"@type\":\"SearchAction\",\"target\":{\"@type\":\"EntryPoint\",\"urlTemplate\":\"https:\/\/jornalfatosenoticias.com.br\/?s={search_term_string}\"},\"query-input\":{\"@type\":\"PropertyValueSpecification\",\"valueRequired\":true,\"valueName\":\"search_term_string\"}}],\"inLanguage\":\"pt-BR\"},{\"@type\":\"Organization\",\"@id\":\"https:\/\/jornalfatosenoticias.com.br\/#organization\",\"name\":\"Jornal Fatos e Not\u00edcias\",\"url\":\"https:\/\/jornalfatosenoticias.com.br\/\",\"logo\":{\"@type\":\"ImageObject\",\"inLanguage\":\"pt-BR\",\"@id\":\"https:\/\/jornalfatosenoticias.com.br\/#\/schema\/logo\/image\/\",\"url\":\"https:\/\/jornalfatosenoticias.com.br\/wp-content\/uploads\/2020\/02\/logo120.png\",\"contentUrl\":\"https:\/\/jornalfatosenoticias.com.br\/wp-content\/uploads\/2020\/02\/logo120.png\",\"width\":1227,\"height\":120,\"caption\":\"Jornal Fatos e Not\u00edcias\"},\"image\":{\"@id\":\"https:\/\/jornalfatosenoticias.com.br\/#\/schema\/logo\/image\/\"}},{\"@type\":\"Person\",\"@id\":\"https:\/\/jornalfatosenoticias.com.br\/#\/schema\/person\/d63837fa13ac8666eb9e74e0985d6f81\",\"name\":\"Luzimara Fernandes\",\"image\":{\"@type\":\"ImageObject\",\"inLanguage\":\"pt-BR\",\"@id\":\"https:\/\/jornalfatosenoticias.com.br\/#\/schema\/person\/image\/\",\"url\":\"https:\/\/jornalfatosenoticias.com.br\/wp-content\/uploads\/2025\/05\/EU_portal.jpg\",\"contentUrl\":\"https:\/\/jornalfatosenoticias.com.br\/wp-content\/uploads\/2025\/05\/EU_portal.jpg\",\"caption\":\"Luzimara Fernandes\"},\"description\":\"Jornalista MTB 2358-ES\",\"sameAs\":[\"https:\/\/jornalfatosenoticias.com.br\"],\"url\":\"https:\/\/jornalfatosenoticias.com.br\/index.php\/author\/luzimara\/\"}]}<\/script>\n<!-- \/ Yoast SEO plugin. -->","yoast_head_json":{"title":"Transtornos mentais aumentam em crian\u00e7as que usam celulares intensivamente - Jornal Fatos e Not\u00edcias","robots":{"index":"index","follow":"follow","max-snippet":"max-snippet:-1","max-image-preview":"max-image-preview:large","max-video-preview":"max-video-preview:-1"},"canonical":"https:\/\/jornalfatosenoticias.com.br\/index.php\/2024\/05\/20\/transtornos-mentais-aumentam-em-criancas-que-usam-celulares-intensivamente\/","og_locale":"pt_BR","og_type":"article","og_title":"Transtornos mentais aumentam em crian\u00e7as que usam celulares intensivamente - Jornal Fatos e Not\u00edcias","og_description":"Crian\u00e7as e adolescentes do mundo todo podem estar enfrentando desafios em sua sa\u00fade mental. O livro \u201cA gera\u00e7\u00e3o ansiosa\u201d, do psic\u00f3logo social Jonathan Haidt, aborda o decl\u00ednio da sa\u00fade mental entre os jovens, especialmente ap\u00f3s a populariza\u00e7\u00e3o dos smartphones. O que ocorreu \u00e9 o que eu chamo de \u2018grande reprograma\u00e7\u00e3o da inf\u00e2ncia\u2019. Em 2010, os [&hellip;]","og_url":"https:\/\/jornalfatosenoticias.com.br\/index.php\/2024\/05\/20\/transtornos-mentais-aumentam-em-criancas-que-usam-celulares-intensivamente\/","og_site_name":"Jornal Fatos e Not\u00edcias","article_published_time":"2024-05-20T12:52:38+00:00","article_modified_time":"2024-05-20T12:52:39+00:00","og_image":[{"width":612,"height":408,"url":"https:\/\/jornalfatosenoticias.com.br\/wp-content\/uploads\/2024\/05\/transtornos-mentais-aumentam-em-criancas-que-usam-celulares_istock.jpg","type":"image\/jpeg"}],"author":"Luzimara Fernandes","twitter_card":"summary_large_image","twitter_misc":{"Escrito por":"Luzimara Fernandes","Est. tempo de leitura":"2 minutos"},"schema":{"@context":"https:\/\/schema.org","@graph":[{"@type":"Article","@id":"https:\/\/jornalfatosenoticias.com.br\/index.php\/2024\/05\/20\/transtornos-mentais-aumentam-em-criancas-que-usam-celulares-intensivamente\/#article","isPartOf":{"@id":"https:\/\/jornalfatosenoticias.com.br\/index.php\/2024\/05\/20\/transtornos-mentais-aumentam-em-criancas-que-usam-celulares-intensivamente\/"},"author":{"name":"Luzimara Fernandes","@id":"https:\/\/jornalfatosenoticias.com.br\/#\/schema\/person\/d63837fa13ac8666eb9e74e0985d6f81"},"headline":"Transtornos mentais aumentam em crian\u00e7as que usam celulares intensivamente","datePublished":"2024-05-20T12:52:38+00:00","dateModified":"2024-05-20T12:52:39+00:00","mainEntityOfPage":{"@id":"https:\/\/jornalfatosenoticias.com.br\/index.php\/2024\/05\/20\/transtornos-mentais-aumentam-em-criancas-que-usam-celulares-intensivamente\/"},"wordCount":364,"commentCount":0,"publisher":{"@id":"https:\/\/jornalfatosenoticias.com.br\/#organization"},"image":{"@id":"https:\/\/jornalfatosenoticias.com.br\/index.php\/2024\/05\/20\/transtornos-mentais-aumentam-em-criancas-que-usam-celulares-intensivamente\/#primaryimage"},"thumbnailUrl":"https:\/\/jornalfatosenoticias.com.br\/wp-content\/uploads\/2024\/05\/transtornos-mentais-aumentam-em-criancas-que-usam-celulares_istock.jpg","keywords":["adolescentes","celular","crian\u00e7as","uso excessivo de celulares"],"articleSection":["Comportamento &amp; Equil\u00edbrio"],"inLanguage":"pt-BR","potentialAction":[{"@type":"CommentAction","name":"Comment","target":["https:\/\/jornalfatosenoticias.com.br\/index.php\/2024\/05\/20\/transtornos-mentais-aumentam-em-criancas-que-usam-celulares-intensivamente\/#respond"]}]},{"@type":"WebPage","@id":"https:\/\/jornalfatosenoticias.com.br\/index.php\/2024\/05\/20\/transtornos-mentais-aumentam-em-criancas-que-usam-celulares-intensivamente\/","url":"https:\/\/jornalfatosenoticias.com.br\/index.php\/2024\/05\/20\/transtornos-mentais-aumentam-em-criancas-que-usam-celulares-intensivamente\/","name":"Transtornos mentais aumentam em crian\u00e7as que usam celulares intensivamente - Jornal Fatos e Not\u00edcias","isPartOf":{"@id":"https:\/\/jornalfatosenoticias.com.br\/#website"},"primaryImageOfPage":{"@id":"https:\/\/jornalfatosenoticias.com.br\/index.php\/2024\/05\/20\/transtornos-mentais-aumentam-em-criancas-que-usam-celulares-intensivamente\/#primaryimage"},"image":{"@id":"https:\/\/jornalfatosenoticias.com.br\/index.php\/2024\/05\/20\/transtornos-mentais-aumentam-em-criancas-que-usam-celulares-intensivamente\/#primaryimage"},"thumbnailUrl":"https:\/\/jornalfatosenoticias.com.br\/wp-content\/uploads\/2024\/05\/transtornos-mentais-aumentam-em-criancas-que-usam-celulares_istock.jpg","datePublished":"2024-05-20T12:52:38+00:00","dateModified":"2024-05-20T12:52:39+00:00","breadcrumb":{"@id":"https:\/\/jornalfatosenoticias.com.br\/index.php\/2024\/05\/20\/transtornos-mentais-aumentam-em-criancas-que-usam-celulares-intensivamente\/#breadcrumb"},"inLanguage":"pt-BR","potentialAction":[{"@type":"ReadAction","target":["https:\/\/jornalfatosenoticias.com.br\/index.php\/2024\/05\/20\/transtornos-mentais-aumentam-em-criancas-que-usam-celulares-intensivamente\/"]}]},{"@type":"ImageObject","inLanguage":"pt-BR","@id":"https:\/\/jornalfatosenoticias.com.br\/index.php\/2024\/05\/20\/transtornos-mentais-aumentam-em-criancas-que-usam-celulares-intensivamente\/#primaryimage","url":"https:\/\/jornalfatosenoticias.com.br\/wp-content\/uploads\/2024\/05\/transtornos-mentais-aumentam-em-criancas-que-usam-celulares_istock.jpg","contentUrl":"https:\/\/jornalfatosenoticias.com.br\/wp-content\/uploads\/2024\/05\/transtornos-mentais-aumentam-em-criancas-que-usam-celulares_istock.jpg","width":612,"height":408,"caption":"A Japanese boy who operates a smartphone"},{"@type":"BreadcrumbList","@id":"https:\/\/jornalfatosenoticias.com.br\/index.php\/2024\/05\/20\/transtornos-mentais-aumentam-em-criancas-que-usam-celulares-intensivamente\/#breadcrumb","itemListElement":[{"@type":"ListItem","position":1,"name":"In\u00edcio","item":"https:\/\/jornalfatosenoticias.com.br\/"},{"@type":"ListItem","position":2,"name":"Transtornos mentais aumentam em crian\u00e7as que usam celulares intensivamente"}]},{"@type":"WebSite","@id":"https:\/\/jornalfatosenoticias.com.br\/#website","url":"https:\/\/jornalfatosenoticias.com.br\/","name":"Jornal Fatos e Not\u00edcias","description":"Not\u00edcias em geral","publisher":{"@id":"https:\/\/jornalfatosenoticias.com.br\/#organization"},"potentialAction":[{"@type":"SearchAction","target":{"@type":"EntryPoint","urlTemplate":"https:\/\/jornalfatosenoticias.com.br\/?s={search_term_string}"},"query-input":{"@type":"PropertyValueSpecification","valueRequired":true,"valueName":"search_term_string"}}],"inLanguage":"pt-BR"},{"@type":"Organization","@id":"https:\/\/jornalfatosenoticias.com.br\/#organization","name":"Jornal Fatos e Not\u00edcias","url":"https:\/\/jornalfatosenoticias.com.br\/","logo":{"@type":"ImageObject","inLanguage":"pt-BR","@id":"https:\/\/jornalfatosenoticias.com.br\/#\/schema\/logo\/image\/","url":"https:\/\/jornalfatosenoticias.com.br\/wp-content\/uploads\/2020\/02\/logo120.png","contentUrl":"https:\/\/jornalfatosenoticias.com.br\/wp-content\/uploads\/2020\/02\/logo120.png","width":1227,"height":120,"caption":"Jornal Fatos e Not\u00edcias"},"image":{"@id":"https:\/\/jornalfatosenoticias.com.br\/#\/schema\/logo\/image\/"}},{"@type":"Person","@id":"https:\/\/jornalfatosenoticias.com.br\/#\/schema\/person\/d63837fa13ac8666eb9e74e0985d6f81","name":"Luzimara Fernandes","image":{"@type":"ImageObject","inLanguage":"pt-BR","@id":"https:\/\/jornalfatosenoticias.com.br\/#\/schema\/person\/image\/","url":"https:\/\/jornalfatosenoticias.com.br\/wp-content\/uploads\/2025\/05\/EU_portal.jpg","contentUrl":"https:\/\/jornalfatosenoticias.com.br\/wp-content\/uploads\/2025\/05\/EU_portal.jpg","caption":"Luzimara Fernandes"},"description":"Jornalista MTB 2358-ES","sameAs":["https:\/\/jornalfatosenoticias.com.br"],"url":"https:\/\/jornalfatosenoticias.com.br\/index.php\/author\/luzimara\/"}]}},"cc_featured_image_caption":{"caption_text":"(Foto: iStock) ","source_text":"","source_url":""},"jetpack_featured_media_url":"https:\/\/jornalfatosenoticias.com.br\/wp-content\/uploads\/2024\/05\/transtornos-mentais-aumentam-em-criancas-que-usam-celulares_istock.jpg","_links":{"self":[{"href":"https:\/\/jornalfatosenoticias.com.br\/index.php\/wp-json\/wp\/v2\/posts\/51375","targetHints":{"allow":["GET"]}}],"collection":[{"href":"https:\/\/jornalfatosenoticias.com.br\/index.php\/wp-json\/wp\/v2\/posts"}],"about":[{"href":"https:\/\/jornalfatosenoticias.com.br\/index.php\/wp-json\/wp\/v2\/types\/post"}],"author":[{"embeddable":true,"href":"https:\/\/jornalfatosenoticias.com.br\/index.php\/wp-json\/wp\/v2\/users\/2"}],"replies":[{"embeddable":true,"href":"https:\/\/jornalfatosenoticias.com.br\/index.php\/wp-json\/wp\/v2\/comments?post=51375"}],"version-history":[{"count":0,"href":"https:\/\/jornalfatosenoticias.com.br\/index.php\/wp-json\/wp\/v2\/posts\/51375\/revisions"}],"wp:featuredmedia":[{"embeddable":true,"href":"https:\/\/jornalfatosenoticias.com.br\/index.php\/wp-json\/wp\/v2\/media\/51376"}],"wp:attachment":[{"href":"https:\/\/jornalfatosenoticias.com.br\/index.php\/wp-json\/wp\/v2\/media?parent=51375"}],"wp:term":[{"taxonomy":"category","embeddable":true,"href":"https:\/\/jornalfatosenoticias.com.br\/index.php\/wp-json\/wp\/v2\/categories?post=51375"},{"taxonomy":"post_tag","embeddable":true,"href":"https:\/\/jornalfatosenoticias.com.br\/index.php\/wp-json\/wp\/v2\/tags?post=51375"}],"curies":[{"name":"wp","href":"https:\/\/api.w.org\/{rel}","templated":true}]}}