{"id":51388,"date":"2024-05-20T15:50:55","date_gmt":"2024-05-20T18:50:55","guid":{"rendered":"https:\/\/jornalfatosenoticias.com.br\/?p=51388"},"modified":"2024-08-19T13:48:47","modified_gmt":"2024-08-19T16:48:47","slug":"a-oratoria-na-resolucao-de-conflitos","status":"publish","type":"post","link":"https:\/\/jornalfatosenoticias.com.br\/index.php\/2024\/05\/20\/a-oratoria-na-resolucao-de-conflitos\/","title":{"rendered":"A orat\u00f3ria na resolu\u00e7\u00e3o de conflitos"},"content":{"rendered":"\n<p><span class=\"has-inline-color has-black-color\">Por\u00a0<strong>Milena Rohr<\/strong><\/span><\/p>\n\n\n\n<div class=\"wp-block-image\"><figure class=\"aligncenter size-large is-resized\"><img loading=\"lazy\" decoding=\"async\" src=\"https:\/\/jornalfatosenoticias.com.br\/wp-content\/uploads\/2023\/09\/vetorvix1024_1.jpg\" alt=\"\" class=\"wp-image-44868\" width=\"539\" height=\"143\" srcset=\"https:\/\/jornalfatosenoticias.com.br\/wp-content\/uploads\/2023\/09\/vetorvix1024_1.jpg 1024w, https:\/\/jornalfatosenoticias.com.br\/wp-content\/uploads\/2023\/09\/vetorvix1024_1-300x80.jpg 300w, https:\/\/jornalfatosenoticias.com.br\/wp-content\/uploads\/2023\/09\/vetorvix1024_1-768x205.jpg 768w\" sizes=\"auto, (max-width: 539px) 100vw, 539px\" \/><\/figure><\/div>\n\n\n\n<div class=\"wp-block-image is-style-rounded\"><figure class=\"alignleft size-large\"><img loading=\"lazy\" decoding=\"async\" width=\"120\" height=\"142\" src=\"https:\/\/jornalfatosenoticias.com.br\/wp-content\/uploads\/2024\/04\/Milena_Mohr-removebg-preview.png\" alt=\"\" class=\"wp-image-50607\"\/><\/figure><\/div>\n\n\n\n<p>A orat\u00f3ria desempenha um papel crucial na resolu\u00e7\u00e3o de conflitos, facilitando a comunica\u00e7\u00e3o eficaz e a compreens\u00e3o m\u00fatua entre as pessoas envolvidas. Habilidades de orat\u00f3ria, como a clareza na exposi\u00e7\u00e3o de ideias, a capacidade de ouvir ativamente e a utiliza\u00e7\u00e3o de um tom conciliador, ajudam a desarmar tens\u00f5es e promover um ambiente de di\u00e1logo construtivo. Atrav\u00e9s da express\u00e3o articulada e respeitosa de opini\u00f5es e sentimentos, os oradores podem identificar os pontos de diverg\u00eancia e buscar solu\u00e7\u00f5es colaborativas. A arte de argumentar com empatia e assertividade n\u00e3o s\u00f3 contribui para a resolu\u00e7\u00e3o imediata de conflitos, mas tamb\u00e9m fortalece relacionamentos interpessoais e institucionais, criando um fundamento para intera\u00e7\u00f5es futuras mais harmoniosas.<br>J\u00e1 a orat\u00f3ria na resolu\u00e7\u00e3o de conflitos \u00e9 uma habilidade essencial que envolve a arte de comunicar-se de forma clara, persuasiva e emp\u00e1tica para facilitar o entendimento e a coopera\u00e7\u00e3o entre as partes em desacordo. Conflitos s\u00e3o inerentes \u00e0s intera\u00e7\u00f5es humanas, ocorrendo em diversas esferas da vida, desde relacionamentos pessoais at\u00e9 ambientes profissionais e negocia\u00e7\u00f5es diplom\u00e1ticas. A efic\u00e1cia da orat\u00f3ria em tais situa\u00e7\u00f5es pode determinar se um conflito ser\u00e1 resolvido de maneira pac\u00edfica ou se escalar\u00e1 para maiores desentendimentos.<\/p>\n\n\n\n<div class=\"wp-block-image\"><figure class=\"aligncenter size-large is-resized\"><img loading=\"lazy\" decoding=\"async\" src=\"https:\/\/jornalfatosenoticias.com.br\/wp-content\/uploads\/2023\/08\/ITH.jpeg\" alt=\"\" class=\"wp-image-44638\" width=\"334\" height=\"271\" srcset=\"https:\/\/jornalfatosenoticias.com.br\/wp-content\/uploads\/2023\/08\/ITH.jpeg 800w, https:\/\/jornalfatosenoticias.com.br\/wp-content\/uploads\/2023\/08\/ITH-300x244.jpeg 300w, https:\/\/jornalfatosenoticias.com.br\/wp-content\/uploads\/2023\/08\/ITH-768x624.jpeg 768w\" sizes=\"auto, (max-width: 334px) 100vw, 334px\" \/><\/figure><\/div>\n\n\n\n<p><strong><span class=\"has-inline-color has-black-color\">Clareza e estrutura<br><\/span><\/strong>A clareza na orat\u00f3ria \u00e9 fundamental para a resolu\u00e7\u00e3o de conflitos. Um orador eficaz deve ser capaz de articular seus pontos de vista de maneira estruturada e compreens\u00edvel, evitando ambiguidades que possam gerar mal-entendidos. Isso envolve n\u00e3o s\u00f3 a escolha cuidadosa das palavras, mas tamb\u00e9m a constru\u00e7\u00e3o l\u00f3gica dos argumentos, assegurando que cada ponto seja explicado de forma sequencial e coesa. Quando as ideias s\u00e3o apresentadas de forma clara, as partes envolvidas podem entender melhor as preocupa\u00e7\u00f5es e as posi\u00e7\u00f5es umas das outras, criando um terreno comum para a resolu\u00e7\u00e3o do conflito.<\/p>\n\n\n\n<div class=\"wp-block-image\"><figure class=\"aligncenter size-large is-resized\"><img loading=\"lazy\" decoding=\"async\" src=\"https:\/\/jornalfatosenoticias.com.br\/wp-content\/uploads\/2020\/02\/logo-Rapuzel-1024x571.jpg\" alt=\"\" class=\"wp-image-42808\" width=\"368\" height=\"205\" srcset=\"https:\/\/jornalfatosenoticias.com.br\/wp-content\/uploads\/2020\/02\/logo-Rapuzel-1024x571.jpg 1024w, https:\/\/jornalfatosenoticias.com.br\/wp-content\/uploads\/2020\/02\/logo-Rapuzel-300x167.jpg 300w, https:\/\/jornalfatosenoticias.com.br\/wp-content\/uploads\/2020\/02\/logo-Rapuzel-768x428.jpg 768w, https:\/\/jornalfatosenoticias.com.br\/wp-content\/uploads\/2020\/02\/logo-Rapuzel-1536x856.jpg 1536w, https:\/\/jornalfatosenoticias.com.br\/wp-content\/uploads\/2020\/02\/logo-Rapuzel.jpg 1600w\" sizes=\"auto, (max-width: 368px) 100vw, 368px\" \/><\/figure><\/div>\n\n\n\n<p><strong><span class=\"has-inline-color has-black-color\">Escuta ativa e empatia<br><\/span><\/strong>A orat\u00f3ria eficaz n\u00e3o se resume apenas em falar bem, mas tamb\u00e9m em ouvir ativamente. A escuta ativa implica prestar aten\u00e7\u00e3o plena ao que o outro est\u00e1 dizendo, demonstrando interesse genu\u00edno e respeito pelas suas opini\u00f5es. Este processo permite que o orador capte nuances e sentimentos subjacentes, que s\u00e3o cruciais para entender as reais causas do conflito. A empatia, ou a capacidade de se colocar no lugar do outro, \u00e9 uma extens\u00e3o natural da escuta ativa. Ao demonstrar empatia, o orador reconhece e valida os sentimentos da outra parte, o que pode reduzir a hostilidade e abrir caminho para solu\u00e7\u00f5es mais colaborativas.<\/p>\n\n\n\n<div class=\"wp-block-image\"><figure class=\"aligncenter size-large is-resized\"><img loading=\"lazy\" decoding=\"async\" src=\"https:\/\/jornalfatosenoticias.com.br\/wp-content\/uploads\/2020\/02\/CONTROL-CS.jpg\" alt=\"\" class=\"wp-image-44991\" width=\"304\" height=\"364\" srcset=\"https:\/\/jornalfatosenoticias.com.br\/wp-content\/uploads\/2020\/02\/CONTROL-CS.jpg 834w, https:\/\/jornalfatosenoticias.com.br\/wp-content\/uploads\/2020\/02\/CONTROL-CS-250x300.jpg 250w, https:\/\/jornalfatosenoticias.com.br\/wp-content\/uploads\/2020\/02\/CONTROL-CS-768x921.jpg 768w\" sizes=\"auto, (max-width: 304px) 100vw, 304px\" \/><\/figure><\/div>\n\n\n\n<p><strong><span class=\"has-inline-color has-black-color\">Tom e linguagem corporal<br><\/span><\/strong>O tom de voz e a linguagem corporal s\u00e3o componentes vitais da orat\u00f3ria na resolu\u00e7\u00e3o de conflitos. Um tom calmo e equilibrado pode ajudar a desarmar situa\u00e7\u00f5es tensas, enquanto um tom agressivo pode intensificar o conflito. A linguagem corporal congruente com as palavras, como manter contato visual, gestos abertos e uma postura relaxada, refor\u00e7a a mensagem de que o orador est\u00e1 comprometido com uma resolu\u00e7\u00e3o pac\u00edfica e construtiva. Pequenos sinais de respeito e considera\u00e7\u00e3o, como acenos de cabe\u00e7a e sorrisos ocasionais, podem ajudar a criar um ambiente de di\u00e1logo mais positivo.<\/p>\n\n\n\n<div class=\"wp-block-image\"><figure class=\"aligncenter size-large\"><img decoding=\"async\" src=\"https:\/\/jornalfatosenoticias.com.br\/wp-content\/uploads\/2020\/02\/barao-das-carnes-300x164-1.jpg\" alt=\"\" class=\"wp-image-34339\"\/><\/figure><\/div>\n\n\n\n<p><strong><span class=\"has-inline-color has-black-color\">Assertividade e respeito<br><\/span><\/strong>A orat\u00f3ria assertiva \u00e9 essencial para expressar necessidades e preocupa\u00e7\u00f5es de forma clara e direta, sem ser agressivo ou passivo. Ser assertivo significa defender seus pr\u00f3prios direitos e pontos de vista ao mesmo tempo em que respeita os direitos e pontos de vista dos outros. Esta abordagem equilibrada \u00e9 crucial para a resolu\u00e7\u00e3o de conflitos, pois promove a honestidade e a transpar\u00eancia, permitindo que as partes expressem suas verdadeiras inten\u00e7\u00f5es e preocupa\u00e7\u00f5es sem medo de retalia\u00e7\u00e3o ou menosprezo.<\/p>\n\n\n\n<div class=\"wp-block-image\"><figure class=\"aligncenter size-large is-resized\"><img loading=\"lazy\" decoding=\"async\" src=\"https:\/\/jornalfatosenoticias.com.br\/wp-content\/uploads\/2023\/08\/BKR-1024x1021.jpg\" alt=\"\" class=\"wp-image-44494\" width=\"319\" height=\"318\" srcset=\"https:\/\/jornalfatosenoticias.com.br\/wp-content\/uploads\/2023\/08\/BKR-1024x1021.jpg 1024w, https:\/\/jornalfatosenoticias.com.br\/wp-content\/uploads\/2023\/08\/BKR-300x300.jpg 300w, https:\/\/jornalfatosenoticias.com.br\/wp-content\/uploads\/2023\/08\/BKR-150x150.jpg 150w, https:\/\/jornalfatosenoticias.com.br\/wp-content\/uploads\/2023\/08\/BKR-768x766.jpg 768w, https:\/\/jornalfatosenoticias.com.br\/wp-content\/uploads\/2023\/08\/BKR.jpg 1080w\" sizes=\"auto, (max-width: 319px) 100vw, 319px\" \/><\/figure><\/div>\n\n\n\n<p>Com isso, a orat\u00f3ria na resolu\u00e7\u00e3o de conflitos n\u00e3o \u00e9 apenas uma t\u00e9cnica de comunica\u00e7\u00e3o, mas uma ferramenta poderosa para promover a compreens\u00e3o m\u00fatua e a coopera\u00e7\u00e3o. Ao combinar clareza, escuta ativa, empatia, tom adequado e assertividade, os oradores podem transformar situa\u00e7\u00f5es de conflito em oportunidades de crescimento e fortalecimento das rela\u00e7\u00f5es. No mundo interconectado de hoje, onde os conflitos s\u00e3o inevit\u00e1veis, dominar a arte da orat\u00f3ria pode fazer a diferen\u00e7a entre o fracasso e o sucesso na busca por solu\u00e7\u00f5es pac\u00edficas e duradouras.<\/p>\n\n\n\n<div class=\"wp-block-image\"><figure class=\"aligncenter size-large is-resized\"><img loading=\"lazy\" decoding=\"async\" src=\"https:\/\/jornalfatosenoticias.com.br\/wp-content\/uploads\/2023\/12\/pegoretti-logo-pdf-1024x389.jpg\" alt=\"\" class=\"wp-image-47536\" width=\"522\" height=\"198\" srcset=\"https:\/\/jornalfatosenoticias.com.br\/wp-content\/uploads\/2023\/12\/pegoretti-logo-pdf-1024x389.jpg 1024w, https:\/\/jornalfatosenoticias.com.br\/wp-content\/uploads\/2023\/12\/pegoretti-logo-pdf-300x114.jpg 300w, https:\/\/jornalfatosenoticias.com.br\/wp-content\/uploads\/2023\/12\/pegoretti-logo-pdf-768x291.jpg 768w, https:\/\/jornalfatosenoticias.com.br\/wp-content\/uploads\/2023\/12\/pegoretti-logo-pdf.jpg 1120w\" sizes=\"auto, (max-width: 522px) 100vw, 522px\" \/><\/figure><\/div>\n\n\n\n<p><strong><span class=\"has-inline-color has-black-color\">Milena Rohr<br><\/span><\/strong><em><span class=\"has-inline-color has-black-color\">Gestora Empresarial<\/span><\/em><\/p>\n","protected":false},"excerpt":{"rendered":"<p>Por\u00a0Milena Rohr A orat\u00f3ria desempenha um papel crucial na resolu\u00e7\u00e3o de conflitos, facilitando a comunica\u00e7\u00e3o eficaz e a compreens\u00e3o m\u00fatua entre as pessoas envolvidas. Habilidades de orat\u00f3ria, como a clareza na exposi\u00e7\u00e3o de ideias, a capacidade de ouvir ativamente e a utiliza\u00e7\u00e3o de um tom conciliador, ajudam a desarmar tens\u00f5es e promover um ambiente de [&hellip;]<\/p>\n","protected":false},"author":2,"featured_media":51389,"comment_status":"open","ping_status":"open","sticky":false,"template":"","format":"standard","meta":{"footnotes":""},"categories":[2522],"tags":[23528,342,23529,23530],"class_list":["post-51388","post","type-post","status-publish","format-standard","has-post-thumbnail","hentry","category-comportamento","tag-assertividade","tag-empatia","tag-habilidades-de-oratoria","tag-oratoria"],"yoast_head":"<!-- This site is optimized with the Yoast SEO plugin v26.5 - https:\/\/yoast.com\/wordpress\/plugins\/seo\/ -->\n<title>A orat\u00f3ria na resolu\u00e7\u00e3o de conflitos - Jornal Fatos e Not\u00edcias<\/title>\n<meta name=\"robots\" content=\"index, follow, max-snippet:-1, max-image-preview:large, max-video-preview:-1\" \/>\n<link rel=\"canonical\" href=\"https:\/\/jornalfatosenoticias.com.br\/index.php\/2024\/05\/20\/a-oratoria-na-resolucao-de-conflitos\/\" \/>\n<meta property=\"og:locale\" content=\"pt_BR\" \/>\n<meta property=\"og:type\" content=\"article\" \/>\n<meta property=\"og:title\" content=\"A orat\u00f3ria na resolu\u00e7\u00e3o de conflitos - Jornal Fatos e Not\u00edcias\" \/>\n<meta property=\"og:description\" content=\"Por\u00a0Milena Rohr A orat\u00f3ria desempenha um papel crucial na resolu\u00e7\u00e3o de conflitos, facilitando a comunica\u00e7\u00e3o eficaz e a compreens\u00e3o m\u00fatua entre as pessoas envolvidas. Habilidades de orat\u00f3ria, como a clareza na exposi\u00e7\u00e3o de ideias, a capacidade de ouvir ativamente e a utiliza\u00e7\u00e3o de um tom conciliador, ajudam a desarmar tens\u00f5es e promover um ambiente de [&hellip;]\" \/>\n<meta property=\"og:url\" content=\"https:\/\/jornalfatosenoticias.com.br\/index.php\/2024\/05\/20\/a-oratoria-na-resolucao-de-conflitos\/\" \/>\n<meta property=\"og:site_name\" content=\"Jornal Fatos e Not\u00edcias\" \/>\n<meta property=\"article:published_time\" content=\"2024-05-20T18:50:55+00:00\" \/>\n<meta property=\"article:modified_time\" content=\"2024-08-19T16:48:47+00:00\" \/>\n<meta property=\"og:image\" content=\"https:\/\/jornalfatosenoticias.com.br\/wp-content\/uploads\/2024\/05\/oratoria_Pinterest.jpg\" \/>\n\t<meta property=\"og:image:width\" content=\"563\" \/>\n\t<meta property=\"og:image:height\" content=\"461\" \/>\n\t<meta property=\"og:image:type\" content=\"image\/jpeg\" \/>\n<meta name=\"author\" content=\"Luzimara Fernandes\" \/>\n<meta name=\"twitter:card\" content=\"summary_large_image\" \/>\n<meta name=\"twitter:label1\" content=\"Escrito por\" \/>\n\t<meta name=\"twitter:data1\" content=\"Luzimara Fernandes\" \/>\n\t<meta name=\"twitter:label2\" content=\"Est. tempo de leitura\" \/>\n\t<meta name=\"twitter:data2\" content=\"4 minutos\" \/>\n<script type=\"application\/ld+json\" class=\"yoast-schema-graph\">{\"@context\":\"https:\/\/schema.org\",\"@graph\":[{\"@type\":\"Article\",\"@id\":\"https:\/\/jornalfatosenoticias.com.br\/index.php\/2024\/05\/20\/a-oratoria-na-resolucao-de-conflitos\/#article\",\"isPartOf\":{\"@id\":\"https:\/\/jornalfatosenoticias.com.br\/index.php\/2024\/05\/20\/a-oratoria-na-resolucao-de-conflitos\/\"},\"author\":{\"name\":\"Luzimara Fernandes\",\"@id\":\"https:\/\/jornalfatosenoticias.com.br\/#\/schema\/person\/d63837fa13ac8666eb9e74e0985d6f81\"},\"headline\":\"A orat\u00f3ria na resolu\u00e7\u00e3o de conflitos\",\"datePublished\":\"2024-05-20T18:50:55+00:00\",\"dateModified\":\"2024-08-19T16:48:47+00:00\",\"mainEntityOfPage\":{\"@id\":\"https:\/\/jornalfatosenoticias.com.br\/index.php\/2024\/05\/20\/a-oratoria-na-resolucao-de-conflitos\/\"},\"wordCount\":743,\"commentCount\":0,\"publisher\":{\"@id\":\"https:\/\/jornalfatosenoticias.com.br\/#organization\"},\"image\":{\"@id\":\"https:\/\/jornalfatosenoticias.com.br\/index.php\/2024\/05\/20\/a-oratoria-na-resolucao-de-conflitos\/#primaryimage\"},\"thumbnailUrl\":\"https:\/\/jornalfatosenoticias.com.br\/wp-content\/uploads\/2024\/05\/oratoria_Pinterest.jpg\",\"keywords\":[\"assertividade\",\"empatia\",\"habilidades de orat\u00f3ria\",\"orat\u00f3ria\"],\"articleSection\":[\"Comportamento &amp; Equil\u00edbrio\"],\"inLanguage\":\"pt-BR\",\"potentialAction\":[{\"@type\":\"CommentAction\",\"name\":\"Comment\",\"target\":[\"https:\/\/jornalfatosenoticias.com.br\/index.php\/2024\/05\/20\/a-oratoria-na-resolucao-de-conflitos\/#respond\"]}]},{\"@type\":\"WebPage\",\"@id\":\"https:\/\/jornalfatosenoticias.com.br\/index.php\/2024\/05\/20\/a-oratoria-na-resolucao-de-conflitos\/\",\"url\":\"https:\/\/jornalfatosenoticias.com.br\/index.php\/2024\/05\/20\/a-oratoria-na-resolucao-de-conflitos\/\",\"name\":\"A orat\u00f3ria na resolu\u00e7\u00e3o de conflitos - Jornal Fatos e Not\u00edcias\",\"isPartOf\":{\"@id\":\"https:\/\/jornalfatosenoticias.com.br\/#website\"},\"primaryImageOfPage\":{\"@id\":\"https:\/\/jornalfatosenoticias.com.br\/index.php\/2024\/05\/20\/a-oratoria-na-resolucao-de-conflitos\/#primaryimage\"},\"image\":{\"@id\":\"https:\/\/jornalfatosenoticias.com.br\/index.php\/2024\/05\/20\/a-oratoria-na-resolucao-de-conflitos\/#primaryimage\"},\"thumbnailUrl\":\"https:\/\/jornalfatosenoticias.com.br\/wp-content\/uploads\/2024\/05\/oratoria_Pinterest.jpg\",\"datePublished\":\"2024-05-20T18:50:55+00:00\",\"dateModified\":\"2024-08-19T16:48:47+00:00\",\"breadcrumb\":{\"@id\":\"https:\/\/jornalfatosenoticias.com.br\/index.php\/2024\/05\/20\/a-oratoria-na-resolucao-de-conflitos\/#breadcrumb\"},\"inLanguage\":\"pt-BR\",\"potentialAction\":[{\"@type\":\"ReadAction\",\"target\":[\"https:\/\/jornalfatosenoticias.com.br\/index.php\/2024\/05\/20\/a-oratoria-na-resolucao-de-conflitos\/\"]}]},{\"@type\":\"ImageObject\",\"inLanguage\":\"pt-BR\",\"@id\":\"https:\/\/jornalfatosenoticias.com.br\/index.php\/2024\/05\/20\/a-oratoria-na-resolucao-de-conflitos\/#primaryimage\",\"url\":\"https:\/\/jornalfatosenoticias.com.br\/wp-content\/uploads\/2024\/05\/oratoria_Pinterest.jpg\",\"contentUrl\":\"https:\/\/jornalfatosenoticias.com.br\/wp-content\/uploads\/2024\/05\/oratoria_Pinterest.jpg\",\"width\":563,\"height\":461},{\"@type\":\"BreadcrumbList\",\"@id\":\"https:\/\/jornalfatosenoticias.com.br\/index.php\/2024\/05\/20\/a-oratoria-na-resolucao-de-conflitos\/#breadcrumb\",\"itemListElement\":[{\"@type\":\"ListItem\",\"position\":1,\"name\":\"In\u00edcio\",\"item\":\"https:\/\/jornalfatosenoticias.com.br\/\"},{\"@type\":\"ListItem\",\"position\":2,\"name\":\"A orat\u00f3ria na resolu\u00e7\u00e3o de conflitos\"}]},{\"@type\":\"WebSite\",\"@id\":\"https:\/\/jornalfatosenoticias.com.br\/#website\",\"url\":\"https:\/\/jornalfatosenoticias.com.br\/\",\"name\":\"Jornal Fatos e Not\u00edcias\",\"description\":\"Not\u00edcias em geral\",\"publisher\":{\"@id\":\"https:\/\/jornalfatosenoticias.com.br\/#organization\"},\"potentialAction\":[{\"@type\":\"SearchAction\",\"target\":{\"@type\":\"EntryPoint\",\"urlTemplate\":\"https:\/\/jornalfatosenoticias.com.br\/?s={search_term_string}\"},\"query-input\":{\"@type\":\"PropertyValueSpecification\",\"valueRequired\":true,\"valueName\":\"search_term_string\"}}],\"inLanguage\":\"pt-BR\"},{\"@type\":\"Organization\",\"@id\":\"https:\/\/jornalfatosenoticias.com.br\/#organization\",\"name\":\"Jornal Fatos e Not\u00edcias\",\"url\":\"https:\/\/jornalfatosenoticias.com.br\/\",\"logo\":{\"@type\":\"ImageObject\",\"inLanguage\":\"pt-BR\",\"@id\":\"https:\/\/jornalfatosenoticias.com.br\/#\/schema\/logo\/image\/\",\"url\":\"https:\/\/jornalfatosenoticias.com.br\/wp-content\/uploads\/2020\/02\/logo120.png\",\"contentUrl\":\"https:\/\/jornalfatosenoticias.com.br\/wp-content\/uploads\/2020\/02\/logo120.png\",\"width\":1227,\"height\":120,\"caption\":\"Jornal Fatos e Not\u00edcias\"},\"image\":{\"@id\":\"https:\/\/jornalfatosenoticias.com.br\/#\/schema\/logo\/image\/\"}},{\"@type\":\"Person\",\"@id\":\"https:\/\/jornalfatosenoticias.com.br\/#\/schema\/person\/d63837fa13ac8666eb9e74e0985d6f81\",\"name\":\"Luzimara Fernandes\",\"image\":{\"@type\":\"ImageObject\",\"inLanguage\":\"pt-BR\",\"@id\":\"https:\/\/jornalfatosenoticias.com.br\/#\/schema\/person\/image\/\",\"url\":\"https:\/\/jornalfatosenoticias.com.br\/wp-content\/uploads\/2025\/05\/EU_portal.jpg\",\"contentUrl\":\"https:\/\/jornalfatosenoticias.com.br\/wp-content\/uploads\/2025\/05\/EU_portal.jpg\",\"caption\":\"Luzimara Fernandes\"},\"description\":\"Jornalista MTB 2358-ES\",\"sameAs\":[\"https:\/\/jornalfatosenoticias.com.br\"],\"url\":\"https:\/\/jornalfatosenoticias.com.br\/index.php\/author\/luzimara\/\"}]}<\/script>\n<!-- \/ Yoast SEO plugin. -->","yoast_head_json":{"title":"A orat\u00f3ria na resolu\u00e7\u00e3o de conflitos - Jornal Fatos e Not\u00edcias","robots":{"index":"index","follow":"follow","max-snippet":"max-snippet:-1","max-image-preview":"max-image-preview:large","max-video-preview":"max-video-preview:-1"},"canonical":"https:\/\/jornalfatosenoticias.com.br\/index.php\/2024\/05\/20\/a-oratoria-na-resolucao-de-conflitos\/","og_locale":"pt_BR","og_type":"article","og_title":"A orat\u00f3ria na resolu\u00e7\u00e3o de conflitos - Jornal Fatos e Not\u00edcias","og_description":"Por\u00a0Milena Rohr A orat\u00f3ria desempenha um papel crucial na resolu\u00e7\u00e3o de conflitos, facilitando a comunica\u00e7\u00e3o eficaz e a compreens\u00e3o m\u00fatua entre as pessoas envolvidas. Habilidades de orat\u00f3ria, como a clareza na exposi\u00e7\u00e3o de ideias, a capacidade de ouvir ativamente e a utiliza\u00e7\u00e3o de um tom conciliador, ajudam a desarmar tens\u00f5es e promover um ambiente de [&hellip;]","og_url":"https:\/\/jornalfatosenoticias.com.br\/index.php\/2024\/05\/20\/a-oratoria-na-resolucao-de-conflitos\/","og_site_name":"Jornal Fatos e Not\u00edcias","article_published_time":"2024-05-20T18:50:55+00:00","article_modified_time":"2024-08-19T16:48:47+00:00","og_image":[{"width":563,"height":461,"url":"https:\/\/jornalfatosenoticias.com.br\/wp-content\/uploads\/2024\/05\/oratoria_Pinterest.jpg","type":"image\/jpeg"}],"author":"Luzimara Fernandes","twitter_card":"summary_large_image","twitter_misc":{"Escrito por":"Luzimara Fernandes","Est. tempo de leitura":"4 minutos"},"schema":{"@context":"https:\/\/schema.org","@graph":[{"@type":"Article","@id":"https:\/\/jornalfatosenoticias.com.br\/index.php\/2024\/05\/20\/a-oratoria-na-resolucao-de-conflitos\/#article","isPartOf":{"@id":"https:\/\/jornalfatosenoticias.com.br\/index.php\/2024\/05\/20\/a-oratoria-na-resolucao-de-conflitos\/"},"author":{"name":"Luzimara Fernandes","@id":"https:\/\/jornalfatosenoticias.com.br\/#\/schema\/person\/d63837fa13ac8666eb9e74e0985d6f81"},"headline":"A orat\u00f3ria na resolu\u00e7\u00e3o de conflitos","datePublished":"2024-05-20T18:50:55+00:00","dateModified":"2024-08-19T16:48:47+00:00","mainEntityOfPage":{"@id":"https:\/\/jornalfatosenoticias.com.br\/index.php\/2024\/05\/20\/a-oratoria-na-resolucao-de-conflitos\/"},"wordCount":743,"commentCount":0,"publisher":{"@id":"https:\/\/jornalfatosenoticias.com.br\/#organization"},"image":{"@id":"https:\/\/jornalfatosenoticias.com.br\/index.php\/2024\/05\/20\/a-oratoria-na-resolucao-de-conflitos\/#primaryimage"},"thumbnailUrl":"https:\/\/jornalfatosenoticias.com.br\/wp-content\/uploads\/2024\/05\/oratoria_Pinterest.jpg","keywords":["assertividade","empatia","habilidades de orat\u00f3ria","orat\u00f3ria"],"articleSection":["Comportamento &amp; Equil\u00edbrio"],"inLanguage":"pt-BR","potentialAction":[{"@type":"CommentAction","name":"Comment","target":["https:\/\/jornalfatosenoticias.com.br\/index.php\/2024\/05\/20\/a-oratoria-na-resolucao-de-conflitos\/#respond"]}]},{"@type":"WebPage","@id":"https:\/\/jornalfatosenoticias.com.br\/index.php\/2024\/05\/20\/a-oratoria-na-resolucao-de-conflitos\/","url":"https:\/\/jornalfatosenoticias.com.br\/index.php\/2024\/05\/20\/a-oratoria-na-resolucao-de-conflitos\/","name":"A orat\u00f3ria na resolu\u00e7\u00e3o de conflitos - Jornal Fatos e Not\u00edcias","isPartOf":{"@id":"https:\/\/jornalfatosenoticias.com.br\/#website"},"primaryImageOfPage":{"@id":"https:\/\/jornalfatosenoticias.com.br\/index.php\/2024\/05\/20\/a-oratoria-na-resolucao-de-conflitos\/#primaryimage"},"image":{"@id":"https:\/\/jornalfatosenoticias.com.br\/index.php\/2024\/05\/20\/a-oratoria-na-resolucao-de-conflitos\/#primaryimage"},"thumbnailUrl":"https:\/\/jornalfatosenoticias.com.br\/wp-content\/uploads\/2024\/05\/oratoria_Pinterest.jpg","datePublished":"2024-05-20T18:50:55+00:00","dateModified":"2024-08-19T16:48:47+00:00","breadcrumb":{"@id":"https:\/\/jornalfatosenoticias.com.br\/index.php\/2024\/05\/20\/a-oratoria-na-resolucao-de-conflitos\/#breadcrumb"},"inLanguage":"pt-BR","potentialAction":[{"@type":"ReadAction","target":["https:\/\/jornalfatosenoticias.com.br\/index.php\/2024\/05\/20\/a-oratoria-na-resolucao-de-conflitos\/"]}]},{"@type":"ImageObject","inLanguage":"pt-BR","@id":"https:\/\/jornalfatosenoticias.com.br\/index.php\/2024\/05\/20\/a-oratoria-na-resolucao-de-conflitos\/#primaryimage","url":"https:\/\/jornalfatosenoticias.com.br\/wp-content\/uploads\/2024\/05\/oratoria_Pinterest.jpg","contentUrl":"https:\/\/jornalfatosenoticias.com.br\/wp-content\/uploads\/2024\/05\/oratoria_Pinterest.jpg","width":563,"height":461},{"@type":"BreadcrumbList","@id":"https:\/\/jornalfatosenoticias.com.br\/index.php\/2024\/05\/20\/a-oratoria-na-resolucao-de-conflitos\/#breadcrumb","itemListElement":[{"@type":"ListItem","position":1,"name":"In\u00edcio","item":"https:\/\/jornalfatosenoticias.com.br\/"},{"@type":"ListItem","position":2,"name":"A orat\u00f3ria na resolu\u00e7\u00e3o de conflitos"}]},{"@type":"WebSite","@id":"https:\/\/jornalfatosenoticias.com.br\/#website","url":"https:\/\/jornalfatosenoticias.com.br\/","name":"Jornal Fatos e Not\u00edcias","description":"Not\u00edcias em geral","publisher":{"@id":"https:\/\/jornalfatosenoticias.com.br\/#organization"},"potentialAction":[{"@type":"SearchAction","target":{"@type":"EntryPoint","urlTemplate":"https:\/\/jornalfatosenoticias.com.br\/?s={search_term_string}"},"query-input":{"@type":"PropertyValueSpecification","valueRequired":true,"valueName":"search_term_string"}}],"inLanguage":"pt-BR"},{"@type":"Organization","@id":"https:\/\/jornalfatosenoticias.com.br\/#organization","name":"Jornal Fatos e Not\u00edcias","url":"https:\/\/jornalfatosenoticias.com.br\/","logo":{"@type":"ImageObject","inLanguage":"pt-BR","@id":"https:\/\/jornalfatosenoticias.com.br\/#\/schema\/logo\/image\/","url":"https:\/\/jornalfatosenoticias.com.br\/wp-content\/uploads\/2020\/02\/logo120.png","contentUrl":"https:\/\/jornalfatosenoticias.com.br\/wp-content\/uploads\/2020\/02\/logo120.png","width":1227,"height":120,"caption":"Jornal Fatos e Not\u00edcias"},"image":{"@id":"https:\/\/jornalfatosenoticias.com.br\/#\/schema\/logo\/image\/"}},{"@type":"Person","@id":"https:\/\/jornalfatosenoticias.com.br\/#\/schema\/person\/d63837fa13ac8666eb9e74e0985d6f81","name":"Luzimara Fernandes","image":{"@type":"ImageObject","inLanguage":"pt-BR","@id":"https:\/\/jornalfatosenoticias.com.br\/#\/schema\/person\/image\/","url":"https:\/\/jornalfatosenoticias.com.br\/wp-content\/uploads\/2025\/05\/EU_portal.jpg","contentUrl":"https:\/\/jornalfatosenoticias.com.br\/wp-content\/uploads\/2025\/05\/EU_portal.jpg","caption":"Luzimara Fernandes"},"description":"Jornalista MTB 2358-ES","sameAs":["https:\/\/jornalfatosenoticias.com.br"],"url":"https:\/\/jornalfatosenoticias.com.br\/index.php\/author\/luzimara\/"}]}},"cc_featured_image_caption":{"caption_text":"(Foto: Pinterest)","source_text":"","source_url":""},"jetpack_featured_media_url":"https:\/\/jornalfatosenoticias.com.br\/wp-content\/uploads\/2024\/05\/oratoria_Pinterest.jpg","_links":{"self":[{"href":"https:\/\/jornalfatosenoticias.com.br\/index.php\/wp-json\/wp\/v2\/posts\/51388","targetHints":{"allow":["GET"]}}],"collection":[{"href":"https:\/\/jornalfatosenoticias.com.br\/index.php\/wp-json\/wp\/v2\/posts"}],"about":[{"href":"https:\/\/jornalfatosenoticias.com.br\/index.php\/wp-json\/wp\/v2\/types\/post"}],"author":[{"embeddable":true,"href":"https:\/\/jornalfatosenoticias.com.br\/index.php\/wp-json\/wp\/v2\/users\/2"}],"replies":[{"embeddable":true,"href":"https:\/\/jornalfatosenoticias.com.br\/index.php\/wp-json\/wp\/v2\/comments?post=51388"}],"version-history":[{"count":0,"href":"https:\/\/jornalfatosenoticias.com.br\/index.php\/wp-json\/wp\/v2\/posts\/51388\/revisions"}],"wp:featuredmedia":[{"embeddable":true,"href":"https:\/\/jornalfatosenoticias.com.br\/index.php\/wp-json\/wp\/v2\/media\/51389"}],"wp:attachment":[{"href":"https:\/\/jornalfatosenoticias.com.br\/index.php\/wp-json\/wp\/v2\/media?parent=51388"}],"wp:term":[{"taxonomy":"category","embeddable":true,"href":"https:\/\/jornalfatosenoticias.com.br\/index.php\/wp-json\/wp\/v2\/categories?post=51388"},{"taxonomy":"post_tag","embeddable":true,"href":"https:\/\/jornalfatosenoticias.com.br\/index.php\/wp-json\/wp\/v2\/tags?post=51388"}],"curies":[{"name":"wp","href":"https:\/\/api.w.org\/{rel}","templated":true}]}}