{"id":51395,"date":"2024-05-20T16:33:37","date_gmt":"2024-05-20T19:33:37","guid":{"rendered":"https:\/\/jornalfatosenoticias.com.br\/?p=51395"},"modified":"2024-05-20T16:33:38","modified_gmt":"2024-05-20T19:33:38","slug":"boletim-focus-apresentou-um-cenario-devastador-para-economia-no-brasil-deterioracao-geral-da-economia","status":"publish","type":"post","link":"https:\/\/jornalfatosenoticias.com.br\/index.php\/2024\/05\/20\/boletim-focus-apresentou-um-cenario-devastador-para-economia-no-brasil-deterioracao-geral-da-economia\/","title":{"rendered":"Boletim Focus apresentou um cen\u00e1rio devastador para economia no Brasil: \u201cDeteriora\u00e7\u00e3o geral da economia\u201d"},"content":{"rendered":"\n<div class=\"wp-block-image\"><figure class=\"aligncenter size-large\"><img loading=\"lazy\" decoding=\"async\" width=\"1024\" height=\"111\" src=\"https:\/\/jornalfatosenoticias.com.br\/wp-content\/uploads\/2020\/02\/WhatsApp-Image-2022-09-23-at-12.09.18-1024x111.jpeg\" alt=\"\" class=\"wp-image-34527\" srcset=\"https:\/\/jornalfatosenoticias.com.br\/wp-content\/uploads\/2020\/02\/WhatsApp-Image-2022-09-23-at-12.09.18-1024x111.jpeg 1024w, https:\/\/jornalfatosenoticias.com.br\/wp-content\/uploads\/2020\/02\/WhatsApp-Image-2022-09-23-at-12.09.18-300x32.jpeg 300w, https:\/\/jornalfatosenoticias.com.br\/wp-content\/uploads\/2020\/02\/WhatsApp-Image-2022-09-23-at-12.09.18-768x83.jpeg 768w, https:\/\/jornalfatosenoticias.com.br\/wp-content\/uploads\/2020\/02\/WhatsApp-Image-2022-09-23-at-12.09.18.jpeg 1121w\" sizes=\"auto, (max-width: 1024px) 100vw, 1024px\" \/><\/figure><\/div>\n\n\n\n<p>De acordo com o \u00faltimo Relat\u00f3rio Focus divulgado pelo Banco Central (BC) nesta segunda-feira (20), os cerca de 150 analistas do mercado financeiro, consultados semanalmente, ajustaram suas proje\u00e7\u00f5es para os principais indicadores econ\u00f4micos do Pa\u00eds. Vejamos os principais pontos:<\/p>\n\n\n\n<ol class=\"wp-block-list\"><li><strong><span class=\"has-inline-color has-black-color\">Taxa Selic<\/span><\/strong><\/li><\/ol>\n\n\n\n<ul class=\"wp-block-list\"><li>A proje\u00e7\u00e3o para a taxa b\u00e1sica de juros, a Selic, em 2024, ficou em 10,00%. Atualmente, a taxa est\u00e1 em 10,50%, indicando uma redu\u00e7\u00e3o prevista de 0,50 ponto percentual at\u00e9 o final deste ano.<\/li><li>O mercado tamb\u00e9m elevou a previs\u00e3o da Selic para 2027, passando de 8,63% para 9,00% ao ano.<\/li><\/ul>\n\n\n\n<div class=\"wp-block-image\"><figure class=\"aligncenter size-large is-resized\"><img loading=\"lazy\" decoding=\"async\" src=\"https:\/\/jornalfatosenoticias.com.br\/wp-content\/uploads\/2022\/02\/Precisao-Contabilidade-1024x724.jpg\" alt=\"\" class=\"wp-image-28088\" width=\"372\" height=\"263\"\/><\/figure><\/div>\n\n\n\n<ol class=\"wp-block-list\" start=\"2\"><li><strong><span class=\"has-inline-color has-black-color\">Incertezas e Revers\u00e3o de Previs\u00f5es<\/span><\/strong><\/li><\/ol>\n\n\n\n<ul class=\"wp-block-list\"><li>O avan\u00e7o das incertezas na economia, tanto no cen\u00e1rio internacional quanto dom\u00e9stico, contribuiu para a mudan\u00e7a nas estimativas dos juros b\u00e1sicos.<\/li><li>No exterior, a perspectiva de redu\u00e7\u00e3o de juros nos Estados Unidos a curto prazo est\u00e1 cada vez mais distante.<\/li><li>Internamente, as d\u00favidas aumentaram ap\u00f3s a mudan\u00e7a da meta fiscal para os anos de 2025 e 2026, anunciada pelo governo Lula no m\u00eas passado.<\/li><li>O Comit\u00ea de Pol\u00edtica Monet\u00e1ria (Copom) do BC reduziu o ritmo de cortes dos juros no Brasil em sua \u00faltima reuni\u00e3o, aplicando um corte de apenas 0,25 ponto percentual.<\/li><\/ul>\n\n\n\n<div class=\"wp-block-image\"><figure class=\"aligncenter size-large\"><img loading=\"lazy\" decoding=\"async\" width=\"300\" height=\"250\" src=\"https:\/\/jornalfatosenoticias.com.br\/wp-content\/uploads\/2022\/02\/FERRARI_MAQUINAS-E-FERRAMENTAS2.jpg\" alt=\"\" class=\"wp-image-27860\"\/><\/figure><\/div>\n\n\n\n<ol class=\"wp-block-list\" start=\"3\"><li><strong><span class=\"has-inline-color has-black-color\">Infla\u00e7\u00e3o e D\u00f3lar<\/span><\/strong><\/li><\/ol>\n\n\n\n<ul class=\"wp-block-list\"><li>As previs\u00f5es para a infla\u00e7\u00e3o tamb\u00e9m subiram. O \u00cdndice de Pre\u00e7os ao Consumidor Amplo (IPCA) deve encerrar 2024 em 3,80%, comparado a 3,76% da semana anterior. Para 2025, a estimativa \u00e9 de 3,74%.<\/li><li>Quanto ao d\u00f3lar, os analistas ajustaram a previs\u00e3o para 2024, agora projetando que a moeda americana encerrar\u00e1 o ano em R$ 5,04, em vez dos R$ 5,00 previamente estimados.<\/li><\/ul>\n\n\n\n<div class=\"wp-block-image\"><figure class=\"aligncenter size-large is-resized\"><img loading=\"lazy\" decoding=\"async\" src=\"https:\/\/jornalfatosenoticias.com.br\/wp-content\/uploads\/2020\/02\/CONTROL-CS.jpg\" alt=\"\" class=\"wp-image-44991\" width=\"295\" height=\"353\" srcset=\"https:\/\/jornalfatosenoticias.com.br\/wp-content\/uploads\/2020\/02\/CONTROL-CS.jpg 834w, https:\/\/jornalfatosenoticias.com.br\/wp-content\/uploads\/2020\/02\/CONTROL-CS-250x300.jpg 250w, https:\/\/jornalfatosenoticias.com.br\/wp-content\/uploads\/2020\/02\/CONTROL-CS-768x921.jpg 768w\" sizes=\"auto, (max-width: 295px) 100vw, 295px\" \/><\/figure><\/div>\n\n\n\n<ol class=\"wp-block-list\" start=\"4\"><li><strong><span class=\"has-inline-color has-black-color\">Produto Interno Bruto (PIB)<\/span><\/strong><\/li><\/ol>\n\n\n\n<ul class=\"wp-block-list\"><li>A previs\u00e3o para o PIB em 2024 foi reduzida de 2,09% para 2,05% no \u00faltimo Relat\u00f3rio Focus.<\/li><li>Essa revers\u00e3o ocorre ap\u00f3s um per\u00edodo de crescimento cont\u00ednuo nas estimativas, que chegaram a 1,85% h\u00e1 pouco mais de um m\u00eas.<\/li><\/ul>\n\n\n\n<div class=\"wp-block-image\"><figure class=\"aligncenter size-large is-resized\"><img loading=\"lazy\" decoding=\"async\" src=\"https:\/\/jornalfatosenoticias.com.br\/wp-content\/uploads\/2023\/08\/ITH.jpeg\" alt=\"\" class=\"wp-image-44638\" width=\"319\" height=\"259\" srcset=\"https:\/\/jornalfatosenoticias.com.br\/wp-content\/uploads\/2023\/08\/ITH.jpeg 800w, https:\/\/jornalfatosenoticias.com.br\/wp-content\/uploads\/2023\/08\/ITH-300x244.jpeg 300w, https:\/\/jornalfatosenoticias.com.br\/wp-content\/uploads\/2023\/08\/ITH-768x624.jpeg 768w\" sizes=\"auto, (max-width: 319px) 100vw, 319px\" \/><\/figure><\/div>\n\n\n\n<ol class=\"wp-block-list\" start=\"5\"><li><strong><span class=\"has-inline-color has-black-color\">Relat\u00f3rio Focus<\/span><\/strong><\/li><\/ol>\n\n\n\n<ul class=\"wp-block-list\"><li>O Relat\u00f3rio Focus resume as expectativas de mercado coletadas at\u00e9 a sexta-feira anterior \u00e0 sua divulga\u00e7\u00e3o e, a partir desta semana, ser\u00e1 publicado \u00e0s segundas-feiras pelo Banco Central.<\/li><\/ul>\n\n\n\n<div class=\"wp-block-image\"><figure class=\"aligncenter size-large is-resized\"><img loading=\"lazy\" decoding=\"async\" src=\"https:\/\/jornalfatosenoticias.com.br\/wp-content\/uploads\/2023\/09\/vetorvix1024_1.jpg\" alt=\"\" class=\"wp-image-44868\" width=\"535\" height=\"142\" srcset=\"https:\/\/jornalfatosenoticias.com.br\/wp-content\/uploads\/2023\/09\/vetorvix1024_1.jpg 1024w, https:\/\/jornalfatosenoticias.com.br\/wp-content\/uploads\/2023\/09\/vetorvix1024_1-300x80.jpg 300w, https:\/\/jornalfatosenoticias.com.br\/wp-content\/uploads\/2023\/09\/vetorvix1024_1-768x205.jpg 768w\" sizes=\"auto, (max-width: 535px) 100vw, 535px\" \/><\/figure><\/div>\n\n\n\n<p><strong><em>Fonte: <a href=\"https:\/\/terrabrasilnoticias.com\/2024\/05\/urgente-boletim-focus-apresentou-um-cenario-devastador-para-economia-no-brasil-deteriorizacao-geral-da-economia\/\">Terra Brasil Not\u00edcias<\/a><\/em><\/strong><\/p>\n","protected":false},"excerpt":{"rendered":"<p>De acordo com o \u00faltimo Relat\u00f3rio Focus divulgado pelo Banco Central (BC) nesta segunda-feira (20), os cerca de 150 analistas do mercado financeiro, consultados semanalmente, ajustaram suas proje\u00e7\u00f5es para os principais indicadores econ\u00f4micos do Pa\u00eds. Vejamos os principais pontos: Taxa Selic A proje\u00e7\u00e3o para a taxa b\u00e1sica de juros, a Selic, em 2024, ficou em [&hellip;]<\/p>\n","protected":false},"author":2,"featured_media":51396,"comment_status":"open","ping_status":"open","sticky":false,"template":"","format":"standard","meta":{"footnotes":""},"categories":[9],"tags":[489,1167,23532,23533],"class_list":["post-51395","post","type-post","status-publish","format-standard","has-post-thumbnail","hentry","category-economia","tag-banco-central","tag-boletim-focus","tag-cenario-devastador-para-economia-no-brasil","tag-deterioracao-geral-da-economia"],"yoast_head":"<!-- This site is optimized with the Yoast SEO plugin v26.5 - https:\/\/yoast.com\/wordpress\/plugins\/seo\/ -->\n<title>Boletim Focus apresentou um cen\u00e1rio devastador para economia no Brasil: \u201cDeteriora\u00e7\u00e3o geral da economia\u201d - Jornal Fatos e Not\u00edcias<\/title>\n<meta name=\"robots\" content=\"index, follow, max-snippet:-1, max-image-preview:large, max-video-preview:-1\" \/>\n<link rel=\"canonical\" href=\"https:\/\/jornalfatosenoticias.com.br\/index.php\/2024\/05\/20\/boletim-focus-apresentou-um-cenario-devastador-para-economia-no-brasil-deterioracao-geral-da-economia\/\" \/>\n<meta property=\"og:locale\" content=\"pt_BR\" \/>\n<meta property=\"og:type\" content=\"article\" \/>\n<meta property=\"og:title\" content=\"Boletim Focus apresentou um cen\u00e1rio devastador para economia no Brasil: \u201cDeteriora\u00e7\u00e3o geral da economia\u201d - Jornal Fatos e Not\u00edcias\" \/>\n<meta property=\"og:description\" content=\"De acordo com o \u00faltimo Relat\u00f3rio Focus divulgado pelo Banco Central (BC) nesta segunda-feira (20), os cerca de 150 analistas do mercado financeiro, consultados semanalmente, ajustaram suas proje\u00e7\u00f5es para os principais indicadores econ\u00f4micos do Pa\u00eds. Vejamos os principais pontos: Taxa Selic A proje\u00e7\u00e3o para a taxa b\u00e1sica de juros, a Selic, em 2024, ficou em [&hellip;]\" \/>\n<meta property=\"og:url\" content=\"https:\/\/jornalfatosenoticias.com.br\/index.php\/2024\/05\/20\/boletim-focus-apresentou-um-cenario-devastador-para-economia-no-brasil-deterioracao-geral-da-economia\/\" \/>\n<meta property=\"og:site_name\" content=\"Jornal Fatos e Not\u00edcias\" \/>\n<meta property=\"article:published_time\" content=\"2024-05-20T19:33:37+00:00\" \/>\n<meta property=\"article:modified_time\" content=\"2024-05-20T19:33:38+00:00\" \/>\n<meta property=\"og:image\" content=\"https:\/\/jornalfatosenoticias.com.br\/wp-content\/uploads\/2024\/05\/lula-haddad_gettyimages.jpg\" \/>\n\t<meta property=\"og:image:width\" content=\"612\" \/>\n\t<meta property=\"og:image:height\" content=\"407\" \/>\n\t<meta property=\"og:image:type\" content=\"image\/jpeg\" \/>\n<meta name=\"author\" content=\"Luzimara Fernandes\" \/>\n<meta name=\"twitter:card\" content=\"summary_large_image\" \/>\n<meta name=\"twitter:label1\" content=\"Escrito por\" \/>\n\t<meta name=\"twitter:data1\" content=\"Luzimara Fernandes\" \/>\n\t<meta name=\"twitter:label2\" content=\"Est. tempo de leitura\" \/>\n\t<meta name=\"twitter:data2\" content=\"2 minutos\" \/>\n<script type=\"application\/ld+json\" class=\"yoast-schema-graph\">{\"@context\":\"https:\/\/schema.org\",\"@graph\":[{\"@type\":\"Article\",\"@id\":\"https:\/\/jornalfatosenoticias.com.br\/index.php\/2024\/05\/20\/boletim-focus-apresentou-um-cenario-devastador-para-economia-no-brasil-deterioracao-geral-da-economia\/#article\",\"isPartOf\":{\"@id\":\"https:\/\/jornalfatosenoticias.com.br\/index.php\/2024\/05\/20\/boletim-focus-apresentou-um-cenario-devastador-para-economia-no-brasil-deterioracao-geral-da-economia\/\"},\"author\":{\"name\":\"Luzimara Fernandes\",\"@id\":\"https:\/\/jornalfatosenoticias.com.br\/#\/schema\/person\/d63837fa13ac8666eb9e74e0985d6f81\"},\"headline\":\"Boletim Focus apresentou um cen\u00e1rio devastador para economia no Brasil: \u201cDeteriora\u00e7\u00e3o geral da economia\u201d\",\"datePublished\":\"2024-05-20T19:33:37+00:00\",\"dateModified\":\"2024-05-20T19:33:38+00:00\",\"mainEntityOfPage\":{\"@id\":\"https:\/\/jornalfatosenoticias.com.br\/index.php\/2024\/05\/20\/boletim-focus-apresentou-um-cenario-devastador-para-economia-no-brasil-deterioracao-geral-da-economia\/\"},\"wordCount\":364,\"commentCount\":0,\"publisher\":{\"@id\":\"https:\/\/jornalfatosenoticias.com.br\/#organization\"},\"image\":{\"@id\":\"https:\/\/jornalfatosenoticias.com.br\/index.php\/2024\/05\/20\/boletim-focus-apresentou-um-cenario-devastador-para-economia-no-brasil-deterioracao-geral-da-economia\/#primaryimage\"},\"thumbnailUrl\":\"https:\/\/jornalfatosenoticias.com.br\/wp-content\/uploads\/2024\/05\/lula-haddad_gettyimages.jpg\",\"keywords\":[\"Banco Central\",\"boletim Focus\",\"cen\u00e1rio devastador para economia no Brasil\",\"deteriora\u00e7\u00e3o geral da economia\"],\"articleSection\":[\"Economia\"],\"inLanguage\":\"pt-BR\",\"potentialAction\":[{\"@type\":\"CommentAction\",\"name\":\"Comment\",\"target\":[\"https:\/\/jornalfatosenoticias.com.br\/index.php\/2024\/05\/20\/boletim-focus-apresentou-um-cenario-devastador-para-economia-no-brasil-deterioracao-geral-da-economia\/#respond\"]}]},{\"@type\":\"WebPage\",\"@id\":\"https:\/\/jornalfatosenoticias.com.br\/index.php\/2024\/05\/20\/boletim-focus-apresentou-um-cenario-devastador-para-economia-no-brasil-deterioracao-geral-da-economia\/\",\"url\":\"https:\/\/jornalfatosenoticias.com.br\/index.php\/2024\/05\/20\/boletim-focus-apresentou-um-cenario-devastador-para-economia-no-brasil-deterioracao-geral-da-economia\/\",\"name\":\"Boletim Focus apresentou um cen\u00e1rio devastador para economia no Brasil: \u201cDeteriora\u00e7\u00e3o geral da economia\u201d - Jornal Fatos e Not\u00edcias\",\"isPartOf\":{\"@id\":\"https:\/\/jornalfatosenoticias.com.br\/#website\"},\"primaryImageOfPage\":{\"@id\":\"https:\/\/jornalfatosenoticias.com.br\/index.php\/2024\/05\/20\/boletim-focus-apresentou-um-cenario-devastador-para-economia-no-brasil-deterioracao-geral-da-economia\/#primaryimage\"},\"image\":{\"@id\":\"https:\/\/jornalfatosenoticias.com.br\/index.php\/2024\/05\/20\/boletim-focus-apresentou-um-cenario-devastador-para-economia-no-brasil-deterioracao-geral-da-economia\/#primaryimage\"},\"thumbnailUrl\":\"https:\/\/jornalfatosenoticias.com.br\/wp-content\/uploads\/2024\/05\/lula-haddad_gettyimages.jpg\",\"datePublished\":\"2024-05-20T19:33:37+00:00\",\"dateModified\":\"2024-05-20T19:33:38+00:00\",\"breadcrumb\":{\"@id\":\"https:\/\/jornalfatosenoticias.com.br\/index.php\/2024\/05\/20\/boletim-focus-apresentou-um-cenario-devastador-para-economia-no-brasil-deterioracao-geral-da-economia\/#breadcrumb\"},\"inLanguage\":\"pt-BR\",\"potentialAction\":[{\"@type\":\"ReadAction\",\"target\":[\"https:\/\/jornalfatosenoticias.com.br\/index.php\/2024\/05\/20\/boletim-focus-apresentou-um-cenario-devastador-para-economia-no-brasil-deterioracao-geral-da-economia\/\"]}]},{\"@type\":\"ImageObject\",\"inLanguage\":\"pt-BR\",\"@id\":\"https:\/\/jornalfatosenoticias.com.br\/index.php\/2024\/05\/20\/boletim-focus-apresentou-um-cenario-devastador-para-economia-no-brasil-deterioracao-geral-da-economia\/#primaryimage\",\"url\":\"https:\/\/jornalfatosenoticias.com.br\/wp-content\/uploads\/2024\/05\/lula-haddad_gettyimages.jpg\",\"contentUrl\":\"https:\/\/jornalfatosenoticias.com.br\/wp-content\/uploads\/2024\/05\/lula-haddad_gettyimages.jpg\",\"width\":612,\"height\":407,\"caption\":\"Luiz Inacio Lula da Silva, Brazil's president, left, and Fernando Haddad, Brazil's finance minister, at the Planalto Palace in Brasilia, Brazil, on Thursday, May 9, 2024. Haddad\u00a0rolled out a plan worth 50.9 billion reais ($9.9 billion) to help millions of people hit by devastating floods in the nation's south as investors keep a wary eye on spending. Photographer: Andressa Anholete\/Bloomberg via Getty Images\"},{\"@type\":\"BreadcrumbList\",\"@id\":\"https:\/\/jornalfatosenoticias.com.br\/index.php\/2024\/05\/20\/boletim-focus-apresentou-um-cenario-devastador-para-economia-no-brasil-deterioracao-geral-da-economia\/#breadcrumb\",\"itemListElement\":[{\"@type\":\"ListItem\",\"position\":1,\"name\":\"In\u00edcio\",\"item\":\"https:\/\/jornalfatosenoticias.com.br\/\"},{\"@type\":\"ListItem\",\"position\":2,\"name\":\"Boletim Focus apresentou um cen\u00e1rio devastador para economia no Brasil: \u201cDeteriora\u00e7\u00e3o geral da economia\u201d\"}]},{\"@type\":\"WebSite\",\"@id\":\"https:\/\/jornalfatosenoticias.com.br\/#website\",\"url\":\"https:\/\/jornalfatosenoticias.com.br\/\",\"name\":\"Jornal Fatos e Not\u00edcias\",\"description\":\"Not\u00edcias em geral\",\"publisher\":{\"@id\":\"https:\/\/jornalfatosenoticias.com.br\/#organization\"},\"potentialAction\":[{\"@type\":\"SearchAction\",\"target\":{\"@type\":\"EntryPoint\",\"urlTemplate\":\"https:\/\/jornalfatosenoticias.com.br\/?s={search_term_string}\"},\"query-input\":{\"@type\":\"PropertyValueSpecification\",\"valueRequired\":true,\"valueName\":\"search_term_string\"}}],\"inLanguage\":\"pt-BR\"},{\"@type\":\"Organization\",\"@id\":\"https:\/\/jornalfatosenoticias.com.br\/#organization\",\"name\":\"Jornal Fatos e Not\u00edcias\",\"url\":\"https:\/\/jornalfatosenoticias.com.br\/\",\"logo\":{\"@type\":\"ImageObject\",\"inLanguage\":\"pt-BR\",\"@id\":\"https:\/\/jornalfatosenoticias.com.br\/#\/schema\/logo\/image\/\",\"url\":\"https:\/\/jornalfatosenoticias.com.br\/wp-content\/uploads\/2020\/02\/logo120.png\",\"contentUrl\":\"https:\/\/jornalfatosenoticias.com.br\/wp-content\/uploads\/2020\/02\/logo120.png\",\"width\":1227,\"height\":120,\"caption\":\"Jornal Fatos e Not\u00edcias\"},\"image\":{\"@id\":\"https:\/\/jornalfatosenoticias.com.br\/#\/schema\/logo\/image\/\"}},{\"@type\":\"Person\",\"@id\":\"https:\/\/jornalfatosenoticias.com.br\/#\/schema\/person\/d63837fa13ac8666eb9e74e0985d6f81\",\"name\":\"Luzimara Fernandes\",\"image\":{\"@type\":\"ImageObject\",\"inLanguage\":\"pt-BR\",\"@id\":\"https:\/\/jornalfatosenoticias.com.br\/#\/schema\/person\/image\/\",\"url\":\"https:\/\/jornalfatosenoticias.com.br\/wp-content\/uploads\/2025\/05\/EU_portal.jpg\",\"contentUrl\":\"https:\/\/jornalfatosenoticias.com.br\/wp-content\/uploads\/2025\/05\/EU_portal.jpg\",\"caption\":\"Luzimara Fernandes\"},\"description\":\"Jornalista MTB 2358-ES\",\"sameAs\":[\"https:\/\/jornalfatosenoticias.com.br\"],\"url\":\"https:\/\/jornalfatosenoticias.com.br\/index.php\/author\/luzimara\/\"}]}<\/script>\n<!-- \/ Yoast SEO plugin. -->","yoast_head_json":{"title":"Boletim Focus apresentou um cen\u00e1rio devastador para economia no Brasil: \u201cDeteriora\u00e7\u00e3o geral da economia\u201d - Jornal Fatos e Not\u00edcias","robots":{"index":"index","follow":"follow","max-snippet":"max-snippet:-1","max-image-preview":"max-image-preview:large","max-video-preview":"max-video-preview:-1"},"canonical":"https:\/\/jornalfatosenoticias.com.br\/index.php\/2024\/05\/20\/boletim-focus-apresentou-um-cenario-devastador-para-economia-no-brasil-deterioracao-geral-da-economia\/","og_locale":"pt_BR","og_type":"article","og_title":"Boletim Focus apresentou um cen\u00e1rio devastador para economia no Brasil: \u201cDeteriora\u00e7\u00e3o geral da economia\u201d - Jornal Fatos e Not\u00edcias","og_description":"De acordo com o \u00faltimo Relat\u00f3rio Focus divulgado pelo Banco Central (BC) nesta segunda-feira (20), os cerca de 150 analistas do mercado financeiro, consultados semanalmente, ajustaram suas proje\u00e7\u00f5es para os principais indicadores econ\u00f4micos do Pa\u00eds. Vejamos os principais pontos: Taxa Selic A proje\u00e7\u00e3o para a taxa b\u00e1sica de juros, a Selic, em 2024, ficou em [&hellip;]","og_url":"https:\/\/jornalfatosenoticias.com.br\/index.php\/2024\/05\/20\/boletim-focus-apresentou-um-cenario-devastador-para-economia-no-brasil-deterioracao-geral-da-economia\/","og_site_name":"Jornal Fatos e Not\u00edcias","article_published_time":"2024-05-20T19:33:37+00:00","article_modified_time":"2024-05-20T19:33:38+00:00","og_image":[{"width":612,"height":407,"url":"https:\/\/jornalfatosenoticias.com.br\/wp-content\/uploads\/2024\/05\/lula-haddad_gettyimages.jpg","type":"image\/jpeg"}],"author":"Luzimara Fernandes","twitter_card":"summary_large_image","twitter_misc":{"Escrito por":"Luzimara Fernandes","Est. tempo de leitura":"2 minutos"},"schema":{"@context":"https:\/\/schema.org","@graph":[{"@type":"Article","@id":"https:\/\/jornalfatosenoticias.com.br\/index.php\/2024\/05\/20\/boletim-focus-apresentou-um-cenario-devastador-para-economia-no-brasil-deterioracao-geral-da-economia\/#article","isPartOf":{"@id":"https:\/\/jornalfatosenoticias.com.br\/index.php\/2024\/05\/20\/boletim-focus-apresentou-um-cenario-devastador-para-economia-no-brasil-deterioracao-geral-da-economia\/"},"author":{"name":"Luzimara Fernandes","@id":"https:\/\/jornalfatosenoticias.com.br\/#\/schema\/person\/d63837fa13ac8666eb9e74e0985d6f81"},"headline":"Boletim Focus apresentou um cen\u00e1rio devastador para economia no Brasil: \u201cDeteriora\u00e7\u00e3o geral da economia\u201d","datePublished":"2024-05-20T19:33:37+00:00","dateModified":"2024-05-20T19:33:38+00:00","mainEntityOfPage":{"@id":"https:\/\/jornalfatosenoticias.com.br\/index.php\/2024\/05\/20\/boletim-focus-apresentou-um-cenario-devastador-para-economia-no-brasil-deterioracao-geral-da-economia\/"},"wordCount":364,"commentCount":0,"publisher":{"@id":"https:\/\/jornalfatosenoticias.com.br\/#organization"},"image":{"@id":"https:\/\/jornalfatosenoticias.com.br\/index.php\/2024\/05\/20\/boletim-focus-apresentou-um-cenario-devastador-para-economia-no-brasil-deterioracao-geral-da-economia\/#primaryimage"},"thumbnailUrl":"https:\/\/jornalfatosenoticias.com.br\/wp-content\/uploads\/2024\/05\/lula-haddad_gettyimages.jpg","keywords":["Banco Central","boletim Focus","cen\u00e1rio devastador para economia no Brasil","deteriora\u00e7\u00e3o geral da economia"],"articleSection":["Economia"],"inLanguage":"pt-BR","potentialAction":[{"@type":"CommentAction","name":"Comment","target":["https:\/\/jornalfatosenoticias.com.br\/index.php\/2024\/05\/20\/boletim-focus-apresentou-um-cenario-devastador-para-economia-no-brasil-deterioracao-geral-da-economia\/#respond"]}]},{"@type":"WebPage","@id":"https:\/\/jornalfatosenoticias.com.br\/index.php\/2024\/05\/20\/boletim-focus-apresentou-um-cenario-devastador-para-economia-no-brasil-deterioracao-geral-da-economia\/","url":"https:\/\/jornalfatosenoticias.com.br\/index.php\/2024\/05\/20\/boletim-focus-apresentou-um-cenario-devastador-para-economia-no-brasil-deterioracao-geral-da-economia\/","name":"Boletim Focus apresentou um cen\u00e1rio devastador para economia no Brasil: \u201cDeteriora\u00e7\u00e3o geral da economia\u201d - Jornal Fatos e Not\u00edcias","isPartOf":{"@id":"https:\/\/jornalfatosenoticias.com.br\/#website"},"primaryImageOfPage":{"@id":"https:\/\/jornalfatosenoticias.com.br\/index.php\/2024\/05\/20\/boletim-focus-apresentou-um-cenario-devastador-para-economia-no-brasil-deterioracao-geral-da-economia\/#primaryimage"},"image":{"@id":"https:\/\/jornalfatosenoticias.com.br\/index.php\/2024\/05\/20\/boletim-focus-apresentou-um-cenario-devastador-para-economia-no-brasil-deterioracao-geral-da-economia\/#primaryimage"},"thumbnailUrl":"https:\/\/jornalfatosenoticias.com.br\/wp-content\/uploads\/2024\/05\/lula-haddad_gettyimages.jpg","datePublished":"2024-05-20T19:33:37+00:00","dateModified":"2024-05-20T19:33:38+00:00","breadcrumb":{"@id":"https:\/\/jornalfatosenoticias.com.br\/index.php\/2024\/05\/20\/boletim-focus-apresentou-um-cenario-devastador-para-economia-no-brasil-deterioracao-geral-da-economia\/#breadcrumb"},"inLanguage":"pt-BR","potentialAction":[{"@type":"ReadAction","target":["https:\/\/jornalfatosenoticias.com.br\/index.php\/2024\/05\/20\/boletim-focus-apresentou-um-cenario-devastador-para-economia-no-brasil-deterioracao-geral-da-economia\/"]}]},{"@type":"ImageObject","inLanguage":"pt-BR","@id":"https:\/\/jornalfatosenoticias.com.br\/index.php\/2024\/05\/20\/boletim-focus-apresentou-um-cenario-devastador-para-economia-no-brasil-deterioracao-geral-da-economia\/#primaryimage","url":"https:\/\/jornalfatosenoticias.com.br\/wp-content\/uploads\/2024\/05\/lula-haddad_gettyimages.jpg","contentUrl":"https:\/\/jornalfatosenoticias.com.br\/wp-content\/uploads\/2024\/05\/lula-haddad_gettyimages.jpg","width":612,"height":407,"caption":"Luiz Inacio Lula da Silva, Brazil's president, left, and Fernando Haddad, Brazil's finance minister, at the Planalto Palace in Brasilia, Brazil, on Thursday, May 9, 2024. Haddad\u00a0rolled out a plan worth 50.9 billion reais ($9.9 billion) to help millions of people hit by devastating floods in the nation's south as investors keep a wary eye on spending. Photographer: Andressa Anholete\/Bloomberg via Getty Images"},{"@type":"BreadcrumbList","@id":"https:\/\/jornalfatosenoticias.com.br\/index.php\/2024\/05\/20\/boletim-focus-apresentou-um-cenario-devastador-para-economia-no-brasil-deterioracao-geral-da-economia\/#breadcrumb","itemListElement":[{"@type":"ListItem","position":1,"name":"In\u00edcio","item":"https:\/\/jornalfatosenoticias.com.br\/"},{"@type":"ListItem","position":2,"name":"Boletim Focus apresentou um cen\u00e1rio devastador para economia no Brasil: \u201cDeteriora\u00e7\u00e3o geral da economia\u201d"}]},{"@type":"WebSite","@id":"https:\/\/jornalfatosenoticias.com.br\/#website","url":"https:\/\/jornalfatosenoticias.com.br\/","name":"Jornal Fatos e Not\u00edcias","description":"Not\u00edcias em geral","publisher":{"@id":"https:\/\/jornalfatosenoticias.com.br\/#organization"},"potentialAction":[{"@type":"SearchAction","target":{"@type":"EntryPoint","urlTemplate":"https:\/\/jornalfatosenoticias.com.br\/?s={search_term_string}"},"query-input":{"@type":"PropertyValueSpecification","valueRequired":true,"valueName":"search_term_string"}}],"inLanguage":"pt-BR"},{"@type":"Organization","@id":"https:\/\/jornalfatosenoticias.com.br\/#organization","name":"Jornal Fatos e Not\u00edcias","url":"https:\/\/jornalfatosenoticias.com.br\/","logo":{"@type":"ImageObject","inLanguage":"pt-BR","@id":"https:\/\/jornalfatosenoticias.com.br\/#\/schema\/logo\/image\/","url":"https:\/\/jornalfatosenoticias.com.br\/wp-content\/uploads\/2020\/02\/logo120.png","contentUrl":"https:\/\/jornalfatosenoticias.com.br\/wp-content\/uploads\/2020\/02\/logo120.png","width":1227,"height":120,"caption":"Jornal Fatos e Not\u00edcias"},"image":{"@id":"https:\/\/jornalfatosenoticias.com.br\/#\/schema\/logo\/image\/"}},{"@type":"Person","@id":"https:\/\/jornalfatosenoticias.com.br\/#\/schema\/person\/d63837fa13ac8666eb9e74e0985d6f81","name":"Luzimara Fernandes","image":{"@type":"ImageObject","inLanguage":"pt-BR","@id":"https:\/\/jornalfatosenoticias.com.br\/#\/schema\/person\/image\/","url":"https:\/\/jornalfatosenoticias.com.br\/wp-content\/uploads\/2025\/05\/EU_portal.jpg","contentUrl":"https:\/\/jornalfatosenoticias.com.br\/wp-content\/uploads\/2025\/05\/EU_portal.jpg","caption":"Luzimara Fernandes"},"description":"Jornalista MTB 2358-ES","sameAs":["https:\/\/jornalfatosenoticias.com.br"],"url":"https:\/\/jornalfatosenoticias.com.br\/index.php\/author\/luzimara\/"}]}},"cc_featured_image_caption":{"caption_text":"(Foto: Getty Images) ","source_text":"","source_url":""},"jetpack_featured_media_url":"https:\/\/jornalfatosenoticias.com.br\/wp-content\/uploads\/2024\/05\/lula-haddad_gettyimages.jpg","_links":{"self":[{"href":"https:\/\/jornalfatosenoticias.com.br\/index.php\/wp-json\/wp\/v2\/posts\/51395","targetHints":{"allow":["GET"]}}],"collection":[{"href":"https:\/\/jornalfatosenoticias.com.br\/index.php\/wp-json\/wp\/v2\/posts"}],"about":[{"href":"https:\/\/jornalfatosenoticias.com.br\/index.php\/wp-json\/wp\/v2\/types\/post"}],"author":[{"embeddable":true,"href":"https:\/\/jornalfatosenoticias.com.br\/index.php\/wp-json\/wp\/v2\/users\/2"}],"replies":[{"embeddable":true,"href":"https:\/\/jornalfatosenoticias.com.br\/index.php\/wp-json\/wp\/v2\/comments?post=51395"}],"version-history":[{"count":0,"href":"https:\/\/jornalfatosenoticias.com.br\/index.php\/wp-json\/wp\/v2\/posts\/51395\/revisions"}],"wp:featuredmedia":[{"embeddable":true,"href":"https:\/\/jornalfatosenoticias.com.br\/index.php\/wp-json\/wp\/v2\/media\/51396"}],"wp:attachment":[{"href":"https:\/\/jornalfatosenoticias.com.br\/index.php\/wp-json\/wp\/v2\/media?parent=51395"}],"wp:term":[{"taxonomy":"category","embeddable":true,"href":"https:\/\/jornalfatosenoticias.com.br\/index.php\/wp-json\/wp\/v2\/categories?post=51395"},{"taxonomy":"post_tag","embeddable":true,"href":"https:\/\/jornalfatosenoticias.com.br\/index.php\/wp-json\/wp\/v2\/tags?post=51395"}],"curies":[{"name":"wp","href":"https:\/\/api.w.org\/{rel}","templated":true}]}}