{"id":51401,"date":"2024-05-20T17:06:32","date_gmt":"2024-05-20T20:06:32","guid":{"rendered":"https:\/\/jornalfatosenoticias.com.br\/?p=51401"},"modified":"2024-05-20T17:06:33","modified_gmt":"2024-05-20T20:06:33","slug":"governo-lula-aproveita-situacao-do-rs-para-colocar-em-evidencia-ex-prefeito-gaucho-junto-de-paulo-pimenta","status":"publish","type":"post","link":"https:\/\/jornalfatosenoticias.com.br\/index.php\/2024\/05\/20\/governo-lula-aproveita-situacao-do-rs-para-colocar-em-evidencia-ex-prefeito-gaucho-junto-de-paulo-pimenta\/","title":{"rendered":"Governo Lula aproveita situa\u00e7\u00e3o do RS para colocar em evid\u00eancia ex-prefeito ga\u00facho junto de Paulo Pimenta"},"content":{"rendered":"\n<div class=\"wp-block-image\"><figure class=\"aligncenter size-large\"><img loading=\"lazy\" decoding=\"async\" width=\"729\" height=\"90\" src=\"https:\/\/jornalfatosenoticias.com.br\/wp-content\/uploads\/2020\/02\/Logo_Mizu.png\" alt=\"\" class=\"wp-image-1441\" srcset=\"https:\/\/jornalfatosenoticias.com.br\/wp-content\/uploads\/2020\/02\/Logo_Mizu.png 729w, https:\/\/jornalfatosenoticias.com.br\/wp-content\/uploads\/2020\/02\/Logo_Mizu-300x37.png 300w\" sizes=\"auto, (max-width: 729px) 100vw, 729px\" \/><\/figure><\/div>\n\n\n\n<p>O Minist\u00e9rio da Reconstru\u00e7\u00e3o do Rio Grande do Sul deu in\u00edcio, nesta segunda-feira (20), \u00e0 forma\u00e7\u00e3o de sua equipe, com a nomea\u00e7\u00e3o de Emanuel Hassen de Jesus para o cargo de secret\u00e1rio executivo, a segunda posi\u00e7\u00e3o mais relevante na pasta.<br>Emanuel Hassen, conhecido como \u201cManeco\u201d, atualmente ocupa o cargo de secret\u00e1rio de Comunica\u00e7\u00e3o Institucional no governo de Luiz In\u00e1cio Lula da Silva (PT), subordinado \u00e0 Secretaria de Comunica\u00e7\u00e3o Social de Paulo Pimenta, que est\u00e1 deixando o cargo para assumir o Minist\u00e9rio de Restrutura\u00e7\u00e3o.<\/p>\n\n\n\n<div class=\"wp-block-image\"><figure class=\"aligncenter size-large is-resized\"><img loading=\"lazy\" decoding=\"async\" src=\"https:\/\/jornalfatosenoticias.com.br\/wp-content\/uploads\/2020\/02\/CONTROL-CS.jpg\" alt=\"\" class=\"wp-image-44991\" width=\"294\" height=\"352\" srcset=\"https:\/\/jornalfatosenoticias.com.br\/wp-content\/uploads\/2020\/02\/CONTROL-CS.jpg 834w, https:\/\/jornalfatosenoticias.com.br\/wp-content\/uploads\/2020\/02\/CONTROL-CS-250x300.jpg 250w, https:\/\/jornalfatosenoticias.com.br\/wp-content\/uploads\/2020\/02\/CONTROL-CS-768x921.jpg 768w\" sizes=\"auto, (max-width: 294px) 100vw, 294px\" \/><\/figure><\/div>\n\n\n\n<p>Hassen \u00e9 advogado, natural do Rio Grande do Sul, e j\u00e1 foi prefeito de Taquari (RS) por dois mandatos, ambos pelo PT. Al\u00e9m do ministro e do secret\u00e1rio executivo, o novo minist\u00e9rio contar\u00e1 com diretorias. Os nomes dos diretores ainda est\u00e3o sendo definidos.<\/p>\n\n\n\n<div class=\"wp-block-image\"><figure class=\"aligncenter size-large is-resized\"><img loading=\"lazy\" decoding=\"async\" src=\"https:\/\/jornalfatosenoticias.com.br\/wp-content\/uploads\/2023\/08\/ITH.jpeg\" alt=\"\" class=\"wp-image-44638\" width=\"293\" height=\"238\" srcset=\"https:\/\/jornalfatosenoticias.com.br\/wp-content\/uploads\/2023\/08\/ITH.jpeg 800w, https:\/\/jornalfatosenoticias.com.br\/wp-content\/uploads\/2023\/08\/ITH-300x244.jpeg 300w, https:\/\/jornalfatosenoticias.com.br\/wp-content\/uploads\/2023\/08\/ITH-768x624.jpeg 768w\" sizes=\"auto, (max-width: 293px) 100vw, 293px\" \/><\/figure><\/div>\n\n\n\n<p>Segundo informa\u00e7\u00f5es da CNN, funcion\u00e1rios da Defesa Civil, cedidos pelo Minist\u00e9rio de Desenvolvimento Regional (MIDR), tamb\u00e9m far\u00e3o parte da equipe para fornecer informa\u00e7\u00f5es t\u00e9cnicas sobre constru\u00e7\u00e3o e reconstru\u00e7\u00e3o de resid\u00eancias. O n\u00famero de pessoal ainda n\u00e3o foi determinado, de acordo com o MIDR.<\/p>\n\n\n\n<div class=\"wp-block-image\"><figure class=\"aligncenter size-large is-resized\"><img loading=\"lazy\" decoding=\"async\" src=\"https:\/\/jornalfatosenoticias.com.br\/wp-content\/uploads\/2020\/02\/logo-Rapuzel-1024x571.jpg\" alt=\"\" class=\"wp-image-42808\" width=\"318\" height=\"177\" srcset=\"https:\/\/jornalfatosenoticias.com.br\/wp-content\/uploads\/2020\/02\/logo-Rapuzel-1024x571.jpg 1024w, https:\/\/jornalfatosenoticias.com.br\/wp-content\/uploads\/2020\/02\/logo-Rapuzel-300x167.jpg 300w, https:\/\/jornalfatosenoticias.com.br\/wp-content\/uploads\/2020\/02\/logo-Rapuzel-768x428.jpg 768w, https:\/\/jornalfatosenoticias.com.br\/wp-content\/uploads\/2020\/02\/logo-Rapuzel-1536x856.jpg 1536w, https:\/\/jornalfatosenoticias.com.br\/wp-content\/uploads\/2020\/02\/logo-Rapuzel.jpg 1600w\" sizes=\"auto, (max-width: 318px) 100vw, 318px\" \/><\/figure><\/div>\n\n\n\n<p>O governo federal planeja adquirir casas particulares em bom estado, dispon\u00edveis para venda no Rio Grande do Sul, al\u00e9m de utilizar unidades j\u00e1 previstas no programa Minha Casa, Minha Vida e im\u00f3veis que seriam leiloados por bancos p\u00fablicos, destinando-os \u00e0s fam\u00edlias desabrigadas.<\/p>\n\n\n\n<div class=\"wp-block-image\"><figure class=\"aligncenter size-large is-resized\"><img loading=\"lazy\" decoding=\"async\" src=\"https:\/\/jornalfatosenoticias.com.br\/wp-content\/uploads\/2020\/02\/logo_esteio.jpg\" alt=\"\" class=\"wp-image-1214\" width=\"330\" height=\"275\"\/><\/figure><\/div>\n\n\n\n<p>Emanuel Hassen, al\u00e9m de advogado e ga\u00facho, tamb\u00e9m foi presidente da Federa\u00e7\u00e3o das Associa\u00e7\u00f5es dos Munic\u00edpios do Rio Grande do Sul (Famurs) durante a pandemia. A prefeitura de Porto Alegre informou \u00e0 CNN que prop\u00f4s um programa de aluguel solid\u00e1rio ao governo federal e aguarda resposta. Esse programa visa remunerar temporariamente as fam\u00edlias de volunt\u00e1rios que est\u00e3o acolhendo os desabrigados.<\/p>\n\n\n\n<div class=\"wp-block-image\"><figure class=\"aligncenter size-large is-resized\"><img loading=\"lazy\" decoding=\"async\" src=\"https:\/\/jornalfatosenoticias.com.br\/wp-content\/uploads\/2023\/08\/BKR-1024x1021.jpg\" alt=\"\" class=\"wp-image-44494\" width=\"284\" height=\"283\" srcset=\"https:\/\/jornalfatosenoticias.com.br\/wp-content\/uploads\/2023\/08\/BKR-1024x1021.jpg 1024w, https:\/\/jornalfatosenoticias.com.br\/wp-content\/uploads\/2023\/08\/BKR-300x300.jpg 300w, https:\/\/jornalfatosenoticias.com.br\/wp-content\/uploads\/2023\/08\/BKR-150x150.jpg 150w, https:\/\/jornalfatosenoticias.com.br\/wp-content\/uploads\/2023\/08\/BKR-768x766.jpg 768w, https:\/\/jornalfatosenoticias.com.br\/wp-content\/uploads\/2023\/08\/BKR.jpg 1080w\" sizes=\"auto, (max-width: 284px) 100vw, 284px\" \/><\/figure><\/div>\n\n\n\n<p><strong><em>Fonte: <a href=\"https:\/\/terrabrasilnoticias.com\/2024\/05\/governo-lula-aproveita-situacao-do-rs-para-colocar-em-evidencia-ex-prefeito-gaucho-junto-de-paulo-pimenta\/\">Terra Brasil Not\u00edcias<\/a><\/em><\/strong><\/p>\n","protected":false},"excerpt":{"rendered":"<p>O Minist\u00e9rio da Reconstru\u00e7\u00e3o do Rio Grande do Sul deu in\u00edcio, nesta segunda-feira (20), \u00e0 forma\u00e7\u00e3o de sua equipe, com a nomea\u00e7\u00e3o de Emanuel Hassen de Jesus para o cargo de secret\u00e1rio executivo, a segunda posi\u00e7\u00e3o mais relevante na pasta.Emanuel Hassen, conhecido como \u201cManeco\u201d, atualmente ocupa o cargo de secret\u00e1rio de Comunica\u00e7\u00e3o Institucional no governo [&hellip;]<\/p>\n","protected":false},"author":2,"featured_media":51402,"comment_status":"open","ping_status":"open","sticky":false,"template":"","format":"standard","meta":{"footnotes":""},"categories":[10],"tags":[18157,20947,23536,23535],"class_list":["post-51401","post","type-post","status-publish","format-standard","has-post-thumbnail","hentry","category-politica","tag-desgoverno-lula","tag-desgoverno-pt","tag-governo-desastroso","tag-tragedia-rio-grande-do-sul"],"yoast_head":"<!-- This site is optimized with the Yoast SEO plugin v26.5 - https:\/\/yoast.com\/wordpress\/plugins\/seo\/ -->\n<title>Governo Lula aproveita situa\u00e7\u00e3o do RS para colocar em evid\u00eancia ex-prefeito ga\u00facho junto de Paulo Pimenta - Jornal Fatos e Not\u00edcias<\/title>\n<meta name=\"robots\" content=\"index, follow, max-snippet:-1, max-image-preview:large, max-video-preview:-1\" \/>\n<link rel=\"canonical\" href=\"https:\/\/jornalfatosenoticias.com.br\/index.php\/2024\/05\/20\/governo-lula-aproveita-situacao-do-rs-para-colocar-em-evidencia-ex-prefeito-gaucho-junto-de-paulo-pimenta\/\" \/>\n<meta property=\"og:locale\" content=\"pt_BR\" \/>\n<meta property=\"og:type\" content=\"article\" \/>\n<meta property=\"og:title\" content=\"Governo Lula aproveita situa\u00e7\u00e3o do RS para colocar em evid\u00eancia ex-prefeito ga\u00facho junto de Paulo Pimenta - Jornal Fatos e Not\u00edcias\" \/>\n<meta property=\"og:description\" content=\"O Minist\u00e9rio da Reconstru\u00e7\u00e3o do Rio Grande do Sul deu in\u00edcio, nesta segunda-feira (20), \u00e0 forma\u00e7\u00e3o de sua equipe, com a nomea\u00e7\u00e3o de Emanuel Hassen de Jesus para o cargo de secret\u00e1rio executivo, a segunda posi\u00e7\u00e3o mais relevante na pasta.Emanuel Hassen, conhecido como \u201cManeco\u201d, atualmente ocupa o cargo de secret\u00e1rio de Comunica\u00e7\u00e3o Institucional no governo [&hellip;]\" \/>\n<meta property=\"og:url\" content=\"https:\/\/jornalfatosenoticias.com.br\/index.php\/2024\/05\/20\/governo-lula-aproveita-situacao-do-rs-para-colocar-em-evidencia-ex-prefeito-gaucho-junto-de-paulo-pimenta\/\" \/>\n<meta property=\"og:site_name\" content=\"Jornal Fatos e Not\u00edcias\" \/>\n<meta property=\"article:published_time\" content=\"2024-05-20T20:06:32+00:00\" \/>\n<meta property=\"article:modified_time\" content=\"2024-05-20T20:06:33+00:00\" \/>\n<meta property=\"og:image\" content=\"https:\/\/jornalfatosenoticias.com.br\/wp-content\/uploads\/2024\/05\/desgoverno-lula.jpg\" \/>\n\t<meta property=\"og:image:width\" content=\"1000\" \/>\n\t<meta property=\"og:image:height\" content=\"556\" \/>\n\t<meta property=\"og:image:type\" content=\"image\/jpeg\" \/>\n<meta name=\"author\" content=\"Luzimara Fernandes\" \/>\n<meta name=\"twitter:card\" content=\"summary_large_image\" \/>\n<meta name=\"twitter:label1\" content=\"Escrito por\" \/>\n\t<meta name=\"twitter:data1\" content=\"Luzimara Fernandes\" \/>\n\t<meta name=\"twitter:label2\" content=\"Est. tempo de leitura\" \/>\n\t<meta name=\"twitter:data2\" content=\"2 minutos\" \/>\n<script type=\"application\/ld+json\" class=\"yoast-schema-graph\">{\"@context\":\"https:\/\/schema.org\",\"@graph\":[{\"@type\":\"Article\",\"@id\":\"https:\/\/jornalfatosenoticias.com.br\/index.php\/2024\/05\/20\/governo-lula-aproveita-situacao-do-rs-para-colocar-em-evidencia-ex-prefeito-gaucho-junto-de-paulo-pimenta\/#article\",\"isPartOf\":{\"@id\":\"https:\/\/jornalfatosenoticias.com.br\/index.php\/2024\/05\/20\/governo-lula-aproveita-situacao-do-rs-para-colocar-em-evidencia-ex-prefeito-gaucho-junto-de-paulo-pimenta\/\"},\"author\":{\"name\":\"Luzimara Fernandes\",\"@id\":\"https:\/\/jornalfatosenoticias.com.br\/#\/schema\/person\/d63837fa13ac8666eb9e74e0985d6f81\"},\"headline\":\"Governo Lula aproveita situa\u00e7\u00e3o do RS para colocar em evid\u00eancia ex-prefeito ga\u00facho junto de Paulo Pimenta\",\"datePublished\":\"2024-05-20T20:06:32+00:00\",\"dateModified\":\"2024-05-20T20:06:33+00:00\",\"mainEntityOfPage\":{\"@id\":\"https:\/\/jornalfatosenoticias.com.br\/index.php\/2024\/05\/20\/governo-lula-aproveita-situacao-do-rs-para-colocar-em-evidencia-ex-prefeito-gaucho-junto-de-paulo-pimenta\/\"},\"wordCount\":335,\"commentCount\":0,\"publisher\":{\"@id\":\"https:\/\/jornalfatosenoticias.com.br\/#organization\"},\"image\":{\"@id\":\"https:\/\/jornalfatosenoticias.com.br\/index.php\/2024\/05\/20\/governo-lula-aproveita-situacao-do-rs-para-colocar-em-evidencia-ex-prefeito-gaucho-junto-de-paulo-pimenta\/#primaryimage\"},\"thumbnailUrl\":\"https:\/\/jornalfatosenoticias.com.br\/wp-content\/uploads\/2024\/05\/desgoverno-lula.jpg\",\"keywords\":[\"desgoverno Lula\",\"desgoverno PT\",\"governo desastroso\",\"trag\u00e9dia Rio Grande do Sul\"],\"articleSection\":[\"Pol\u00edtica\"],\"inLanguage\":\"pt-BR\",\"potentialAction\":[{\"@type\":\"CommentAction\",\"name\":\"Comment\",\"target\":[\"https:\/\/jornalfatosenoticias.com.br\/index.php\/2024\/05\/20\/governo-lula-aproveita-situacao-do-rs-para-colocar-em-evidencia-ex-prefeito-gaucho-junto-de-paulo-pimenta\/#respond\"]}]},{\"@type\":\"WebPage\",\"@id\":\"https:\/\/jornalfatosenoticias.com.br\/index.php\/2024\/05\/20\/governo-lula-aproveita-situacao-do-rs-para-colocar-em-evidencia-ex-prefeito-gaucho-junto-de-paulo-pimenta\/\",\"url\":\"https:\/\/jornalfatosenoticias.com.br\/index.php\/2024\/05\/20\/governo-lula-aproveita-situacao-do-rs-para-colocar-em-evidencia-ex-prefeito-gaucho-junto-de-paulo-pimenta\/\",\"name\":\"Governo Lula aproveita situa\u00e7\u00e3o do RS para colocar em evid\u00eancia ex-prefeito ga\u00facho junto de Paulo Pimenta - Jornal Fatos e Not\u00edcias\",\"isPartOf\":{\"@id\":\"https:\/\/jornalfatosenoticias.com.br\/#website\"},\"primaryImageOfPage\":{\"@id\":\"https:\/\/jornalfatosenoticias.com.br\/index.php\/2024\/05\/20\/governo-lula-aproveita-situacao-do-rs-para-colocar-em-evidencia-ex-prefeito-gaucho-junto-de-paulo-pimenta\/#primaryimage\"},\"image\":{\"@id\":\"https:\/\/jornalfatosenoticias.com.br\/index.php\/2024\/05\/20\/governo-lula-aproveita-situacao-do-rs-para-colocar-em-evidencia-ex-prefeito-gaucho-junto-de-paulo-pimenta\/#primaryimage\"},\"thumbnailUrl\":\"https:\/\/jornalfatosenoticias.com.br\/wp-content\/uploads\/2024\/05\/desgoverno-lula.jpg\",\"datePublished\":\"2024-05-20T20:06:32+00:00\",\"dateModified\":\"2024-05-20T20:06:33+00:00\",\"breadcrumb\":{\"@id\":\"https:\/\/jornalfatosenoticias.com.br\/index.php\/2024\/05\/20\/governo-lula-aproveita-situacao-do-rs-para-colocar-em-evidencia-ex-prefeito-gaucho-junto-de-paulo-pimenta\/#breadcrumb\"},\"inLanguage\":\"pt-BR\",\"potentialAction\":[{\"@type\":\"ReadAction\",\"target\":[\"https:\/\/jornalfatosenoticias.com.br\/index.php\/2024\/05\/20\/governo-lula-aproveita-situacao-do-rs-para-colocar-em-evidencia-ex-prefeito-gaucho-junto-de-paulo-pimenta\/\"]}]},{\"@type\":\"ImageObject\",\"inLanguage\":\"pt-BR\",\"@id\":\"https:\/\/jornalfatosenoticias.com.br\/index.php\/2024\/05\/20\/governo-lula-aproveita-situacao-do-rs-para-colocar-em-evidencia-ex-prefeito-gaucho-junto-de-paulo-pimenta\/#primaryimage\",\"url\":\"https:\/\/jornalfatosenoticias.com.br\/wp-content\/uploads\/2024\/05\/desgoverno-lula.jpg\",\"contentUrl\":\"https:\/\/jornalfatosenoticias.com.br\/wp-content\/uploads\/2024\/05\/desgoverno-lula.jpg\",\"width\":1000,\"height\":556},{\"@type\":\"BreadcrumbList\",\"@id\":\"https:\/\/jornalfatosenoticias.com.br\/index.php\/2024\/05\/20\/governo-lula-aproveita-situacao-do-rs-para-colocar-em-evidencia-ex-prefeito-gaucho-junto-de-paulo-pimenta\/#breadcrumb\",\"itemListElement\":[{\"@type\":\"ListItem\",\"position\":1,\"name\":\"In\u00edcio\",\"item\":\"https:\/\/jornalfatosenoticias.com.br\/\"},{\"@type\":\"ListItem\",\"position\":2,\"name\":\"Governo Lula aproveita situa\u00e7\u00e3o do RS para colocar em evid\u00eancia ex-prefeito ga\u00facho junto de Paulo Pimenta\"}]},{\"@type\":\"WebSite\",\"@id\":\"https:\/\/jornalfatosenoticias.com.br\/#website\",\"url\":\"https:\/\/jornalfatosenoticias.com.br\/\",\"name\":\"Jornal Fatos e Not\u00edcias\",\"description\":\"Not\u00edcias em geral\",\"publisher\":{\"@id\":\"https:\/\/jornalfatosenoticias.com.br\/#organization\"},\"potentialAction\":[{\"@type\":\"SearchAction\",\"target\":{\"@type\":\"EntryPoint\",\"urlTemplate\":\"https:\/\/jornalfatosenoticias.com.br\/?s={search_term_string}\"},\"query-input\":{\"@type\":\"PropertyValueSpecification\",\"valueRequired\":true,\"valueName\":\"search_term_string\"}}],\"inLanguage\":\"pt-BR\"},{\"@type\":\"Organization\",\"@id\":\"https:\/\/jornalfatosenoticias.com.br\/#organization\",\"name\":\"Jornal Fatos e Not\u00edcias\",\"url\":\"https:\/\/jornalfatosenoticias.com.br\/\",\"logo\":{\"@type\":\"ImageObject\",\"inLanguage\":\"pt-BR\",\"@id\":\"https:\/\/jornalfatosenoticias.com.br\/#\/schema\/logo\/image\/\",\"url\":\"https:\/\/jornalfatosenoticias.com.br\/wp-content\/uploads\/2020\/02\/logo120.png\",\"contentUrl\":\"https:\/\/jornalfatosenoticias.com.br\/wp-content\/uploads\/2020\/02\/logo120.png\",\"width\":1227,\"height\":120,\"caption\":\"Jornal Fatos e Not\u00edcias\"},\"image\":{\"@id\":\"https:\/\/jornalfatosenoticias.com.br\/#\/schema\/logo\/image\/\"}},{\"@type\":\"Person\",\"@id\":\"https:\/\/jornalfatosenoticias.com.br\/#\/schema\/person\/d63837fa13ac8666eb9e74e0985d6f81\",\"name\":\"Luzimara Fernandes\",\"image\":{\"@type\":\"ImageObject\",\"inLanguage\":\"pt-BR\",\"@id\":\"https:\/\/jornalfatosenoticias.com.br\/#\/schema\/person\/image\/\",\"url\":\"https:\/\/jornalfatosenoticias.com.br\/wp-content\/uploads\/2025\/05\/EU_portal.jpg\",\"contentUrl\":\"https:\/\/jornalfatosenoticias.com.br\/wp-content\/uploads\/2025\/05\/EU_portal.jpg\",\"caption\":\"Luzimara Fernandes\"},\"description\":\"Jornalista MTB 2358-ES\",\"sameAs\":[\"https:\/\/jornalfatosenoticias.com.br\"],\"url\":\"https:\/\/jornalfatosenoticias.com.br\/index.php\/author\/luzimara\/\"}]}<\/script>\n<!-- \/ Yoast SEO plugin. -->","yoast_head_json":{"title":"Governo Lula aproveita situa\u00e7\u00e3o do RS para colocar em evid\u00eancia ex-prefeito ga\u00facho junto de Paulo Pimenta - Jornal Fatos e Not\u00edcias","robots":{"index":"index","follow":"follow","max-snippet":"max-snippet:-1","max-image-preview":"max-image-preview:large","max-video-preview":"max-video-preview:-1"},"canonical":"https:\/\/jornalfatosenoticias.com.br\/index.php\/2024\/05\/20\/governo-lula-aproveita-situacao-do-rs-para-colocar-em-evidencia-ex-prefeito-gaucho-junto-de-paulo-pimenta\/","og_locale":"pt_BR","og_type":"article","og_title":"Governo Lula aproveita situa\u00e7\u00e3o do RS para colocar em evid\u00eancia ex-prefeito ga\u00facho junto de Paulo Pimenta - Jornal Fatos e Not\u00edcias","og_description":"O Minist\u00e9rio da Reconstru\u00e7\u00e3o do Rio Grande do Sul deu in\u00edcio, nesta segunda-feira (20), \u00e0 forma\u00e7\u00e3o de sua equipe, com a nomea\u00e7\u00e3o de Emanuel Hassen de Jesus para o cargo de secret\u00e1rio executivo, a segunda posi\u00e7\u00e3o mais relevante na pasta.Emanuel Hassen, conhecido como \u201cManeco\u201d, atualmente ocupa o cargo de secret\u00e1rio de Comunica\u00e7\u00e3o Institucional no governo [&hellip;]","og_url":"https:\/\/jornalfatosenoticias.com.br\/index.php\/2024\/05\/20\/governo-lula-aproveita-situacao-do-rs-para-colocar-em-evidencia-ex-prefeito-gaucho-junto-de-paulo-pimenta\/","og_site_name":"Jornal Fatos e Not\u00edcias","article_published_time":"2024-05-20T20:06:32+00:00","article_modified_time":"2024-05-20T20:06:33+00:00","og_image":[{"width":1000,"height":556,"url":"https:\/\/jornalfatosenoticias.com.br\/wp-content\/uploads\/2024\/05\/desgoverno-lula.jpg","type":"image\/jpeg"}],"author":"Luzimara Fernandes","twitter_card":"summary_large_image","twitter_misc":{"Escrito por":"Luzimara Fernandes","Est. tempo de leitura":"2 minutos"},"schema":{"@context":"https:\/\/schema.org","@graph":[{"@type":"Article","@id":"https:\/\/jornalfatosenoticias.com.br\/index.php\/2024\/05\/20\/governo-lula-aproveita-situacao-do-rs-para-colocar-em-evidencia-ex-prefeito-gaucho-junto-de-paulo-pimenta\/#article","isPartOf":{"@id":"https:\/\/jornalfatosenoticias.com.br\/index.php\/2024\/05\/20\/governo-lula-aproveita-situacao-do-rs-para-colocar-em-evidencia-ex-prefeito-gaucho-junto-de-paulo-pimenta\/"},"author":{"name":"Luzimara Fernandes","@id":"https:\/\/jornalfatosenoticias.com.br\/#\/schema\/person\/d63837fa13ac8666eb9e74e0985d6f81"},"headline":"Governo Lula aproveita situa\u00e7\u00e3o do RS para colocar em evid\u00eancia ex-prefeito ga\u00facho junto de Paulo Pimenta","datePublished":"2024-05-20T20:06:32+00:00","dateModified":"2024-05-20T20:06:33+00:00","mainEntityOfPage":{"@id":"https:\/\/jornalfatosenoticias.com.br\/index.php\/2024\/05\/20\/governo-lula-aproveita-situacao-do-rs-para-colocar-em-evidencia-ex-prefeito-gaucho-junto-de-paulo-pimenta\/"},"wordCount":335,"commentCount":0,"publisher":{"@id":"https:\/\/jornalfatosenoticias.com.br\/#organization"},"image":{"@id":"https:\/\/jornalfatosenoticias.com.br\/index.php\/2024\/05\/20\/governo-lula-aproveita-situacao-do-rs-para-colocar-em-evidencia-ex-prefeito-gaucho-junto-de-paulo-pimenta\/#primaryimage"},"thumbnailUrl":"https:\/\/jornalfatosenoticias.com.br\/wp-content\/uploads\/2024\/05\/desgoverno-lula.jpg","keywords":["desgoverno Lula","desgoverno PT","governo desastroso","trag\u00e9dia Rio Grande do Sul"],"articleSection":["Pol\u00edtica"],"inLanguage":"pt-BR","potentialAction":[{"@type":"CommentAction","name":"Comment","target":["https:\/\/jornalfatosenoticias.com.br\/index.php\/2024\/05\/20\/governo-lula-aproveita-situacao-do-rs-para-colocar-em-evidencia-ex-prefeito-gaucho-junto-de-paulo-pimenta\/#respond"]}]},{"@type":"WebPage","@id":"https:\/\/jornalfatosenoticias.com.br\/index.php\/2024\/05\/20\/governo-lula-aproveita-situacao-do-rs-para-colocar-em-evidencia-ex-prefeito-gaucho-junto-de-paulo-pimenta\/","url":"https:\/\/jornalfatosenoticias.com.br\/index.php\/2024\/05\/20\/governo-lula-aproveita-situacao-do-rs-para-colocar-em-evidencia-ex-prefeito-gaucho-junto-de-paulo-pimenta\/","name":"Governo Lula aproveita situa\u00e7\u00e3o do RS para colocar em evid\u00eancia ex-prefeito ga\u00facho junto de Paulo Pimenta - Jornal Fatos e Not\u00edcias","isPartOf":{"@id":"https:\/\/jornalfatosenoticias.com.br\/#website"},"primaryImageOfPage":{"@id":"https:\/\/jornalfatosenoticias.com.br\/index.php\/2024\/05\/20\/governo-lula-aproveita-situacao-do-rs-para-colocar-em-evidencia-ex-prefeito-gaucho-junto-de-paulo-pimenta\/#primaryimage"},"image":{"@id":"https:\/\/jornalfatosenoticias.com.br\/index.php\/2024\/05\/20\/governo-lula-aproveita-situacao-do-rs-para-colocar-em-evidencia-ex-prefeito-gaucho-junto-de-paulo-pimenta\/#primaryimage"},"thumbnailUrl":"https:\/\/jornalfatosenoticias.com.br\/wp-content\/uploads\/2024\/05\/desgoverno-lula.jpg","datePublished":"2024-05-20T20:06:32+00:00","dateModified":"2024-05-20T20:06:33+00:00","breadcrumb":{"@id":"https:\/\/jornalfatosenoticias.com.br\/index.php\/2024\/05\/20\/governo-lula-aproveita-situacao-do-rs-para-colocar-em-evidencia-ex-prefeito-gaucho-junto-de-paulo-pimenta\/#breadcrumb"},"inLanguage":"pt-BR","potentialAction":[{"@type":"ReadAction","target":["https:\/\/jornalfatosenoticias.com.br\/index.php\/2024\/05\/20\/governo-lula-aproveita-situacao-do-rs-para-colocar-em-evidencia-ex-prefeito-gaucho-junto-de-paulo-pimenta\/"]}]},{"@type":"ImageObject","inLanguage":"pt-BR","@id":"https:\/\/jornalfatosenoticias.com.br\/index.php\/2024\/05\/20\/governo-lula-aproveita-situacao-do-rs-para-colocar-em-evidencia-ex-prefeito-gaucho-junto-de-paulo-pimenta\/#primaryimage","url":"https:\/\/jornalfatosenoticias.com.br\/wp-content\/uploads\/2024\/05\/desgoverno-lula.jpg","contentUrl":"https:\/\/jornalfatosenoticias.com.br\/wp-content\/uploads\/2024\/05\/desgoverno-lula.jpg","width":1000,"height":556},{"@type":"BreadcrumbList","@id":"https:\/\/jornalfatosenoticias.com.br\/index.php\/2024\/05\/20\/governo-lula-aproveita-situacao-do-rs-para-colocar-em-evidencia-ex-prefeito-gaucho-junto-de-paulo-pimenta\/#breadcrumb","itemListElement":[{"@type":"ListItem","position":1,"name":"In\u00edcio","item":"https:\/\/jornalfatosenoticias.com.br\/"},{"@type":"ListItem","position":2,"name":"Governo Lula aproveita situa\u00e7\u00e3o do RS para colocar em evid\u00eancia ex-prefeito ga\u00facho junto de Paulo Pimenta"}]},{"@type":"WebSite","@id":"https:\/\/jornalfatosenoticias.com.br\/#website","url":"https:\/\/jornalfatosenoticias.com.br\/","name":"Jornal Fatos e Not\u00edcias","description":"Not\u00edcias em geral","publisher":{"@id":"https:\/\/jornalfatosenoticias.com.br\/#organization"},"potentialAction":[{"@type":"SearchAction","target":{"@type":"EntryPoint","urlTemplate":"https:\/\/jornalfatosenoticias.com.br\/?s={search_term_string}"},"query-input":{"@type":"PropertyValueSpecification","valueRequired":true,"valueName":"search_term_string"}}],"inLanguage":"pt-BR"},{"@type":"Organization","@id":"https:\/\/jornalfatosenoticias.com.br\/#organization","name":"Jornal Fatos e Not\u00edcias","url":"https:\/\/jornalfatosenoticias.com.br\/","logo":{"@type":"ImageObject","inLanguage":"pt-BR","@id":"https:\/\/jornalfatosenoticias.com.br\/#\/schema\/logo\/image\/","url":"https:\/\/jornalfatosenoticias.com.br\/wp-content\/uploads\/2020\/02\/logo120.png","contentUrl":"https:\/\/jornalfatosenoticias.com.br\/wp-content\/uploads\/2020\/02\/logo120.png","width":1227,"height":120,"caption":"Jornal Fatos e Not\u00edcias"},"image":{"@id":"https:\/\/jornalfatosenoticias.com.br\/#\/schema\/logo\/image\/"}},{"@type":"Person","@id":"https:\/\/jornalfatosenoticias.com.br\/#\/schema\/person\/d63837fa13ac8666eb9e74e0985d6f81","name":"Luzimara Fernandes","image":{"@type":"ImageObject","inLanguage":"pt-BR","@id":"https:\/\/jornalfatosenoticias.com.br\/#\/schema\/person\/image\/","url":"https:\/\/jornalfatosenoticias.com.br\/wp-content\/uploads\/2025\/05\/EU_portal.jpg","contentUrl":"https:\/\/jornalfatosenoticias.com.br\/wp-content\/uploads\/2025\/05\/EU_portal.jpg","caption":"Luzimara Fernandes"},"description":"Jornalista MTB 2358-ES","sameAs":["https:\/\/jornalfatosenoticias.com.br"],"url":"https:\/\/jornalfatosenoticias.com.br\/index.php\/author\/luzimara\/"}]}},"cc_featured_image_caption":{"caption_text":"(Foto: Reprodu\u00e7\u00e3o\/CNN) ","source_text":"","source_url":""},"jetpack_featured_media_url":"https:\/\/jornalfatosenoticias.com.br\/wp-content\/uploads\/2024\/05\/desgoverno-lula.jpg","_links":{"self":[{"href":"https:\/\/jornalfatosenoticias.com.br\/index.php\/wp-json\/wp\/v2\/posts\/51401","targetHints":{"allow":["GET"]}}],"collection":[{"href":"https:\/\/jornalfatosenoticias.com.br\/index.php\/wp-json\/wp\/v2\/posts"}],"about":[{"href":"https:\/\/jornalfatosenoticias.com.br\/index.php\/wp-json\/wp\/v2\/types\/post"}],"author":[{"embeddable":true,"href":"https:\/\/jornalfatosenoticias.com.br\/index.php\/wp-json\/wp\/v2\/users\/2"}],"replies":[{"embeddable":true,"href":"https:\/\/jornalfatosenoticias.com.br\/index.php\/wp-json\/wp\/v2\/comments?post=51401"}],"version-history":[{"count":0,"href":"https:\/\/jornalfatosenoticias.com.br\/index.php\/wp-json\/wp\/v2\/posts\/51401\/revisions"}],"wp:featuredmedia":[{"embeddable":true,"href":"https:\/\/jornalfatosenoticias.com.br\/index.php\/wp-json\/wp\/v2\/media\/51402"}],"wp:attachment":[{"href":"https:\/\/jornalfatosenoticias.com.br\/index.php\/wp-json\/wp\/v2\/media?parent=51401"}],"wp:term":[{"taxonomy":"category","embeddable":true,"href":"https:\/\/jornalfatosenoticias.com.br\/index.php\/wp-json\/wp\/v2\/categories?post=51401"},{"taxonomy":"post_tag","embeddable":true,"href":"https:\/\/jornalfatosenoticias.com.br\/index.php\/wp-json\/wp\/v2\/tags?post=51401"}],"curies":[{"name":"wp","href":"https:\/\/api.w.org\/{rel}","templated":true}]}}