{"id":51455,"date":"2024-05-22T15:00:07","date_gmt":"2024-05-22T18:00:07","guid":{"rendered":"https:\/\/jornalfatosenoticias.com.br\/?p=51455"},"modified":"2024-05-22T15:00:08","modified_gmt":"2024-05-22T18:00:08","slug":"israel-convoca-embaixadores-da-irlanda-e-noruega-para-consultas-apos-reconhecimento-de-um-estado-palestino","status":"publish","type":"post","link":"https:\/\/jornalfatosenoticias.com.br\/index.php\/2024\/05\/22\/israel-convoca-embaixadores-da-irlanda-e-noruega-para-consultas-apos-reconhecimento-de-um-estado-palestino\/","title":{"rendered":"Israel convoca embaixadores da Irlanda e Noruega para consultas ap\u00f3s reconhecimento de um Estado palestino"},"content":{"rendered":"\n<p><em><span class=\"has-inline-color has-black-color\">Israel Katz, ministro das Rela\u00e7\u00f5es Exteriores de Israel, confirmou a decis\u00e3o do gabinete de Netanyahu<\/span><\/em><\/p>\n\n\n\n<p><span class=\"has-inline-color has-black-color\">Por <strong><a href=\"https:\/\/www.gazetadopovo.com.br\/autor\/isabella-de-paula\/\">Isabella de Paula<\/a><\/strong><\/span><\/p>\n\n\n\n<div class=\"wp-block-image\"><figure class=\"aligncenter size-large\"><img loading=\"lazy\" decoding=\"async\" width=\"1024\" height=\"111\" src=\"https:\/\/jornalfatosenoticias.com.br\/wp-content\/uploads\/2020\/02\/WhatsApp-Image-2022-09-23-at-12.09.18-1024x111.jpeg\" alt=\"\" class=\"wp-image-34527\" srcset=\"https:\/\/jornalfatosenoticias.com.br\/wp-content\/uploads\/2020\/02\/WhatsApp-Image-2022-09-23-at-12.09.18-1024x111.jpeg 1024w, https:\/\/jornalfatosenoticias.com.br\/wp-content\/uploads\/2020\/02\/WhatsApp-Image-2022-09-23-at-12.09.18-300x32.jpeg 300w, https:\/\/jornalfatosenoticias.com.br\/wp-content\/uploads\/2020\/02\/WhatsApp-Image-2022-09-23-at-12.09.18-768x83.jpeg 768w, https:\/\/jornalfatosenoticias.com.br\/wp-content\/uploads\/2020\/02\/WhatsApp-Image-2022-09-23-at-12.09.18.jpeg 1121w\" sizes=\"auto, (max-width: 1024px) 100vw, 1024px\" \/><\/figure><\/div>\n\n\n\n<p>O Minist\u00e9rio das Rela\u00e7\u00f5es Exteriores de Israel anunciou nesta quarta-feira (22) a retirada de seus embaixadores na Irlanda e na Noruega para consultas, como rea\u00e7\u00e3o ao reconhecimento dos dois pa\u00edses de um Estado palestino. A Espanha tamb\u00e9m confirmou o reconhecimento pelo seu conselho de ministros.<br>O primeiro-ministro noruegu\u00eas, Jonas Gahr Store, e o presidente espanhol, Pedro Sanchez, afirmaram que seus pa\u00edses oficializariam o reconhecimento em 28 de maio, em um movimento integrado ainda pela Irlanda, cujo l\u00edder, Simon Harris, disse que espera uma &#8220;onda&#8221; de apoio nesse sentido nas pr\u00f3ximas semanas.<\/p>\n\n\n\n<div class=\"wp-block-image\"><figure class=\"aligncenter size-large\"><img loading=\"lazy\" decoding=\"async\" width=\"300\" height=\"250\" src=\"https:\/\/jornalfatosenoticias.com.br\/wp-content\/uploads\/2022\/02\/FERRARI_MAQUINAS-E-FERRAMENTAS2.jpg\" alt=\"\" class=\"wp-image-27860\"\/><\/figure><\/div>\n\n\n\n<p>Para o chanceler israelense, Israel Katz, a decis\u00e3o tomada pelos pa\u00edses europeus\u00a0afeta o direito de Israel de se defender contra o Hamas, que realizou um massacre no territ\u00f3rio israelense e fez mais de 250 civis de ref\u00e9ns em Gaza.<\/p>\n\n\n\n<div class=\"wp-block-image\"><figure class=\"aligncenter size-large is-resized\"><img loading=\"lazy\" decoding=\"async\" src=\"https:\/\/jornalfatosenoticias.com.br\/wp-content\/uploads\/2022\/02\/Precisao-Contabilidade-1024x724.jpg\" alt=\"\" class=\"wp-image-28088\" width=\"362\" height=\"256\"\/><\/figure><\/div>\n\n\n\n<blockquote class=\"wp-block-quote is-layout-flow wp-block-quote-is-layout-flow\"><p><span class=\"has-inline-color has-luminous-vivid-orange-color\">Israel n\u00e3o ficar\u00e1 em sil\u00eancio. Estamos determinados a alcan\u00e7ar os nossos objetivos: restaurar a seguran\u00e7a dos nossos cidad\u00e3os, a remo\u00e7\u00e3o do Hamas e o regresso dos ref\u00e9ns\u201d, afirmou o ministro, que classificou a decis\u00e3o como uma &#8220;vit\u00f3ria para o terrorismo&#8221;.<\/span><\/p><\/blockquote>\n\n\n\n<p>Ao todo, 146 dos 193 estados-membro das Na\u00e7\u00f5es Unidas&nbsp;passaram a reconhecer um Estado palestino.<\/p>\n\n\n\n<div class=\"wp-block-image\"><figure class=\"aligncenter size-large is-resized\"><img loading=\"lazy\" decoding=\"async\" src=\"https:\/\/jornalfatosenoticias.com.br\/wp-content\/uploads\/2020\/02\/CONTROL-CS.jpg\" alt=\"\" class=\"wp-image-44991\" width=\"335\" height=\"401\" srcset=\"https:\/\/jornalfatosenoticias.com.br\/wp-content\/uploads\/2020\/02\/CONTROL-CS.jpg 834w, https:\/\/jornalfatosenoticias.com.br\/wp-content\/uploads\/2020\/02\/CONTROL-CS-250x300.jpg 250w, https:\/\/jornalfatosenoticias.com.br\/wp-content\/uploads\/2020\/02\/CONTROL-CS-768x921.jpg 768w\" sizes=\"auto, (max-width: 335px) 100vw, 335px\" \/><\/figure><\/div>\n\n\n\n<p><strong><span class=\"has-inline-color has-black-color\">Hamas e AP comemoram<br><\/span><\/strong>Logo ap\u00f3s o an\u00fancio dos tr\u00eas pa\u00edses, nesta quarta-feira, lideran\u00e7as do Hamas e da Autoridade Palestina (AP) se manifestaram, elogiando a decis\u00e3o e agradecendo o apoio. Um membro s\u00eanior do gabinete pol\u00edtico do Hamas, Bassem Naim, relacionou a decis\u00e3o dos pa\u00edses europeus \u00e0 \u201ccorajosa resist\u00eancia\u201d do povo palestino por estimular esse reconhecimento.<\/p>\n\n\n\n<div class=\"wp-block-image\"><figure class=\"aligncenter size-large is-resized\"><img loading=\"lazy\" decoding=\"async\" src=\"https:\/\/jornalfatosenoticias.com.br\/wp-content\/uploads\/2023\/08\/BKR-1024x1021.jpg\" alt=\"\" class=\"wp-image-44494\" width=\"325\" height=\"324\" srcset=\"https:\/\/jornalfatosenoticias.com.br\/wp-content\/uploads\/2023\/08\/BKR-1024x1021.jpg 1024w, https:\/\/jornalfatosenoticias.com.br\/wp-content\/uploads\/2023\/08\/BKR-300x300.jpg 300w, https:\/\/jornalfatosenoticias.com.br\/wp-content\/uploads\/2023\/08\/BKR-150x150.jpg 150w, https:\/\/jornalfatosenoticias.com.br\/wp-content\/uploads\/2023\/08\/BKR-768x766.jpg 768w, https:\/\/jornalfatosenoticias.com.br\/wp-content\/uploads\/2023\/08\/BKR.jpg 1080w\" sizes=\"auto, (max-width: 325px) 100vw, 325px\" \/><\/figure><\/div>\n\n\n\n<blockquote class=\"wp-block-quote is-layout-flow wp-block-quote-is-layout-flow\"><p><span class=\"has-inline-color has-luminous-vivid-orange-color\">Esses reconhecimentos sucessivos s\u00e3o o resultado direto desta corajosa resist\u00eancia e da lend\u00e1ria firmeza do povo palestina. Acreditamos que este ser\u00e1 um ponto de viragem na posi\u00e7\u00e3o internacional sobre a quest\u00e3o palestina\u201d, disse \u00e0 ag\u00eancia AFP.<\/span><\/p><\/blockquote>\n\n\n\n<div class=\"wp-block-image\"><figure class=\"aligncenter size-large is-resized\"><img loading=\"lazy\" decoding=\"async\" src=\"https:\/\/jornalfatosenoticias.com.br\/wp-content\/uploads\/2023\/08\/ITH.jpeg\" alt=\"\" class=\"wp-image-44638\" width=\"313\" height=\"254\" srcset=\"https:\/\/jornalfatosenoticias.com.br\/wp-content\/uploads\/2023\/08\/ITH.jpeg 800w, https:\/\/jornalfatosenoticias.com.br\/wp-content\/uploads\/2023\/08\/ITH-300x244.jpeg 300w, https:\/\/jornalfatosenoticias.com.br\/wp-content\/uploads\/2023\/08\/ITH-768x624.jpeg 768w\" sizes=\"auto, (max-width: 313px) 100vw, 313px\" \/><\/figure><\/div>\n\n\n\n<p>O presidente da AP, Mahmoud Abbas, tamb\u00e9m elogiou a decis\u00e3o dos pa\u00edses pelo reconhecimento e apelou a outros pa\u00edses europeus para &#8220;seguirem o exemplo, a fim de alcan\u00e7ar uma solu\u00e7\u00e3o de dois Estados baseada nas resolu\u00e7\u00f5es internacionais e nas fronteiras de 1967&#8221;.<\/p>\n\n\n\n<p><strong><em>Fonte: <a href=\"https:\/\/www.gazetadopovo.com.br\/mundo\/israel-anuncia-retirada-de-seus-embaixadores-da-irlanda-e-noruega-apos-reconhecimento-de-um-estado-palestino\/\">Gazeta do Povo<\/a><\/em><\/strong><\/p>\n","protected":false},"excerpt":{"rendered":"<p>Israel Katz, ministro das Rela\u00e7\u00f5es Exteriores de Israel, confirmou a decis\u00e3o do gabinete de Netanyahu Por Isabella de Paula O Minist\u00e9rio das Rela\u00e7\u00f5es Exteriores de Israel anunciou nesta quarta-feira (22) a retirada de seus embaixadores na Irlanda e na Noruega para consultas, como rea\u00e7\u00e3o ao reconhecimento dos dois pa\u00edses de um Estado palestino. A Espanha [&hellip;]<\/p>\n","protected":false},"author":2,"featured_media":51456,"comment_status":"open","ping_status":"open","sticky":false,"template":"","format":"standard","meta":{"footnotes":""},"categories":[41],"tags":[22717,18382,21582,162,23557],"class_list":["post-51455","post","type-post","status-publish","format-standard","has-post-thumbnail","hentry","category-internacional","tag-autoridade-palestina","tag-crise-diplomatica","tag-hamas","tag-israel","tag-israel-katz"],"yoast_head":"<!-- This site is optimized with the Yoast SEO plugin v26.5 - https:\/\/yoast.com\/wordpress\/plugins\/seo\/ -->\n<title>Israel convoca embaixadores da Irlanda e Noruega para consultas ap\u00f3s reconhecimento de um Estado palestino - Jornal Fatos e Not\u00edcias<\/title>\n<meta name=\"robots\" content=\"index, follow, max-snippet:-1, max-image-preview:large, max-video-preview:-1\" \/>\n<link rel=\"canonical\" href=\"https:\/\/jornalfatosenoticias.com.br\/index.php\/2024\/05\/22\/israel-convoca-embaixadores-da-irlanda-e-noruega-para-consultas-apos-reconhecimento-de-um-estado-palestino\/\" \/>\n<meta property=\"og:locale\" content=\"pt_BR\" \/>\n<meta property=\"og:type\" content=\"article\" \/>\n<meta property=\"og:title\" content=\"Israel convoca embaixadores da Irlanda e Noruega para consultas ap\u00f3s reconhecimento de um Estado palestino - Jornal Fatos e Not\u00edcias\" \/>\n<meta property=\"og:description\" content=\"Israel Katz, ministro das Rela\u00e7\u00f5es Exteriores de Israel, confirmou a decis\u00e3o do gabinete de Netanyahu Por Isabella de Paula O Minist\u00e9rio das Rela\u00e7\u00f5es Exteriores de Israel anunciou nesta quarta-feira (22) a retirada de seus embaixadores na Irlanda e na Noruega para consultas, como rea\u00e7\u00e3o ao reconhecimento dos dois pa\u00edses de um Estado palestino. A Espanha [&hellip;]\" \/>\n<meta property=\"og:url\" content=\"https:\/\/jornalfatosenoticias.com.br\/index.php\/2024\/05\/22\/israel-convoca-embaixadores-da-irlanda-e-noruega-para-consultas-apos-reconhecimento-de-um-estado-palestino\/\" \/>\n<meta property=\"og:site_name\" content=\"Jornal Fatos e Not\u00edcias\" \/>\n<meta property=\"article:published_time\" content=\"2024-05-22T18:00:07+00:00\" \/>\n<meta property=\"article:modified_time\" content=\"2024-05-22T18:00:08+00:00\" \/>\n<meta property=\"og:image\" content=\"https:\/\/jornalfatosenoticias.com.br\/wp-content\/uploads\/2024\/05\/israel-katz-ministro-israelense.jpg\" \/>\n\t<meta property=\"og:image:width\" content=\"900\" \/>\n\t<meta property=\"og:image:height\" content=\"506\" \/>\n\t<meta property=\"og:image:type\" content=\"image\/jpeg\" \/>\n<meta name=\"author\" content=\"Luzimara Fernandes\" \/>\n<meta name=\"twitter:card\" content=\"summary_large_image\" \/>\n<meta name=\"twitter:label1\" content=\"Escrito por\" \/>\n\t<meta name=\"twitter:data1\" content=\"Luzimara Fernandes\" \/>\n\t<meta name=\"twitter:label2\" content=\"Est. tempo de leitura\" \/>\n\t<meta name=\"twitter:data2\" content=\"2 minutos\" \/>\n<script type=\"application\/ld+json\" class=\"yoast-schema-graph\">{\"@context\":\"https:\/\/schema.org\",\"@graph\":[{\"@type\":\"Article\",\"@id\":\"https:\/\/jornalfatosenoticias.com.br\/index.php\/2024\/05\/22\/israel-convoca-embaixadores-da-irlanda-e-noruega-para-consultas-apos-reconhecimento-de-um-estado-palestino\/#article\",\"isPartOf\":{\"@id\":\"https:\/\/jornalfatosenoticias.com.br\/index.php\/2024\/05\/22\/israel-convoca-embaixadores-da-irlanda-e-noruega-para-consultas-apos-reconhecimento-de-um-estado-palestino\/\"},\"author\":{\"name\":\"Luzimara Fernandes\",\"@id\":\"https:\/\/jornalfatosenoticias.com.br\/#\/schema\/person\/d63837fa13ac8666eb9e74e0985d6f81\"},\"headline\":\"Israel convoca embaixadores da Irlanda e Noruega para consultas ap\u00f3s reconhecimento de um Estado palestino\",\"datePublished\":\"2024-05-22T18:00:07+00:00\",\"dateModified\":\"2024-05-22T18:00:08+00:00\",\"mainEntityOfPage\":{\"@id\":\"https:\/\/jornalfatosenoticias.com.br\/index.php\/2024\/05\/22\/israel-convoca-embaixadores-da-irlanda-e-noruega-para-consultas-apos-reconhecimento-de-um-estado-palestino\/\"},\"wordCount\":401,\"commentCount\":0,\"publisher\":{\"@id\":\"https:\/\/jornalfatosenoticias.com.br\/#organization\"},\"image\":{\"@id\":\"https:\/\/jornalfatosenoticias.com.br\/index.php\/2024\/05\/22\/israel-convoca-embaixadores-da-irlanda-e-noruega-para-consultas-apos-reconhecimento-de-um-estado-palestino\/#primaryimage\"},\"thumbnailUrl\":\"https:\/\/jornalfatosenoticias.com.br\/wp-content\/uploads\/2024\/05\/israel-katz-ministro-israelense.jpg\",\"keywords\":[\"Autoridade Palestina\",\"crise diplom\u00e1tica\",\"Hamas\",\"Israel\",\"Israel Katz\"],\"articleSection\":[\"Internacional\"],\"inLanguage\":\"pt-BR\",\"potentialAction\":[{\"@type\":\"CommentAction\",\"name\":\"Comment\",\"target\":[\"https:\/\/jornalfatosenoticias.com.br\/index.php\/2024\/05\/22\/israel-convoca-embaixadores-da-irlanda-e-noruega-para-consultas-apos-reconhecimento-de-um-estado-palestino\/#respond\"]}]},{\"@type\":\"WebPage\",\"@id\":\"https:\/\/jornalfatosenoticias.com.br\/index.php\/2024\/05\/22\/israel-convoca-embaixadores-da-irlanda-e-noruega-para-consultas-apos-reconhecimento-de-um-estado-palestino\/\",\"url\":\"https:\/\/jornalfatosenoticias.com.br\/index.php\/2024\/05\/22\/israel-convoca-embaixadores-da-irlanda-e-noruega-para-consultas-apos-reconhecimento-de-um-estado-palestino\/\",\"name\":\"Israel convoca embaixadores da Irlanda e Noruega para consultas ap\u00f3s reconhecimento de um Estado palestino - Jornal Fatos e Not\u00edcias\",\"isPartOf\":{\"@id\":\"https:\/\/jornalfatosenoticias.com.br\/#website\"},\"primaryImageOfPage\":{\"@id\":\"https:\/\/jornalfatosenoticias.com.br\/index.php\/2024\/05\/22\/israel-convoca-embaixadores-da-irlanda-e-noruega-para-consultas-apos-reconhecimento-de-um-estado-palestino\/#primaryimage\"},\"image\":{\"@id\":\"https:\/\/jornalfatosenoticias.com.br\/index.php\/2024\/05\/22\/israel-convoca-embaixadores-da-irlanda-e-noruega-para-consultas-apos-reconhecimento-de-um-estado-palestino\/#primaryimage\"},\"thumbnailUrl\":\"https:\/\/jornalfatosenoticias.com.br\/wp-content\/uploads\/2024\/05\/israel-katz-ministro-israelense.jpg\",\"datePublished\":\"2024-05-22T18:00:07+00:00\",\"dateModified\":\"2024-05-22T18:00:08+00:00\",\"breadcrumb\":{\"@id\":\"https:\/\/jornalfatosenoticias.com.br\/index.php\/2024\/05\/22\/israel-convoca-embaixadores-da-irlanda-e-noruega-para-consultas-apos-reconhecimento-de-um-estado-palestino\/#breadcrumb\"},\"inLanguage\":\"pt-BR\",\"potentialAction\":[{\"@type\":\"ReadAction\",\"target\":[\"https:\/\/jornalfatosenoticias.com.br\/index.php\/2024\/05\/22\/israel-convoca-embaixadores-da-irlanda-e-noruega-para-consultas-apos-reconhecimento-de-um-estado-palestino\/\"]}]},{\"@type\":\"ImageObject\",\"inLanguage\":\"pt-BR\",\"@id\":\"https:\/\/jornalfatosenoticias.com.br\/index.php\/2024\/05\/22\/israel-convoca-embaixadores-da-irlanda-e-noruega-para-consultas-apos-reconhecimento-de-um-estado-palestino\/#primaryimage\",\"url\":\"https:\/\/jornalfatosenoticias.com.br\/wp-content\/uploads\/2024\/05\/israel-katz-ministro-israelense.jpg\",\"contentUrl\":\"https:\/\/jornalfatosenoticias.com.br\/wp-content\/uploads\/2024\/05\/israel-katz-ministro-israelense.jpg\",\"width\":900,\"height\":506},{\"@type\":\"BreadcrumbList\",\"@id\":\"https:\/\/jornalfatosenoticias.com.br\/index.php\/2024\/05\/22\/israel-convoca-embaixadores-da-irlanda-e-noruega-para-consultas-apos-reconhecimento-de-um-estado-palestino\/#breadcrumb\",\"itemListElement\":[{\"@type\":\"ListItem\",\"position\":1,\"name\":\"In\u00edcio\",\"item\":\"https:\/\/jornalfatosenoticias.com.br\/\"},{\"@type\":\"ListItem\",\"position\":2,\"name\":\"Israel convoca embaixadores da Irlanda e Noruega para consultas ap\u00f3s reconhecimento de um Estado palestino\"}]},{\"@type\":\"WebSite\",\"@id\":\"https:\/\/jornalfatosenoticias.com.br\/#website\",\"url\":\"https:\/\/jornalfatosenoticias.com.br\/\",\"name\":\"Jornal Fatos e Not\u00edcias\",\"description\":\"Not\u00edcias em geral\",\"publisher\":{\"@id\":\"https:\/\/jornalfatosenoticias.com.br\/#organization\"},\"potentialAction\":[{\"@type\":\"SearchAction\",\"target\":{\"@type\":\"EntryPoint\",\"urlTemplate\":\"https:\/\/jornalfatosenoticias.com.br\/?s={search_term_string}\"},\"query-input\":{\"@type\":\"PropertyValueSpecification\",\"valueRequired\":true,\"valueName\":\"search_term_string\"}}],\"inLanguage\":\"pt-BR\"},{\"@type\":\"Organization\",\"@id\":\"https:\/\/jornalfatosenoticias.com.br\/#organization\",\"name\":\"Jornal Fatos e Not\u00edcias\",\"url\":\"https:\/\/jornalfatosenoticias.com.br\/\",\"logo\":{\"@type\":\"ImageObject\",\"inLanguage\":\"pt-BR\",\"@id\":\"https:\/\/jornalfatosenoticias.com.br\/#\/schema\/logo\/image\/\",\"url\":\"https:\/\/jornalfatosenoticias.com.br\/wp-content\/uploads\/2020\/02\/logo120.png\",\"contentUrl\":\"https:\/\/jornalfatosenoticias.com.br\/wp-content\/uploads\/2020\/02\/logo120.png\",\"width\":1227,\"height\":120,\"caption\":\"Jornal Fatos e Not\u00edcias\"},\"image\":{\"@id\":\"https:\/\/jornalfatosenoticias.com.br\/#\/schema\/logo\/image\/\"}},{\"@type\":\"Person\",\"@id\":\"https:\/\/jornalfatosenoticias.com.br\/#\/schema\/person\/d63837fa13ac8666eb9e74e0985d6f81\",\"name\":\"Luzimara Fernandes\",\"image\":{\"@type\":\"ImageObject\",\"inLanguage\":\"pt-BR\",\"@id\":\"https:\/\/jornalfatosenoticias.com.br\/#\/schema\/person\/image\/\",\"url\":\"https:\/\/jornalfatosenoticias.com.br\/wp-content\/uploads\/2025\/05\/EU_portal.jpg\",\"contentUrl\":\"https:\/\/jornalfatosenoticias.com.br\/wp-content\/uploads\/2025\/05\/EU_portal.jpg\",\"caption\":\"Luzimara Fernandes\"},\"description\":\"Jornalista MTB 2358-ES\",\"sameAs\":[\"https:\/\/jornalfatosenoticias.com.br\"],\"url\":\"https:\/\/jornalfatosenoticias.com.br\/index.php\/author\/luzimara\/\"}]}<\/script>\n<!-- \/ Yoast SEO plugin. -->","yoast_head_json":{"title":"Israel convoca embaixadores da Irlanda e Noruega para consultas ap\u00f3s reconhecimento de um Estado palestino - Jornal Fatos e Not\u00edcias","robots":{"index":"index","follow":"follow","max-snippet":"max-snippet:-1","max-image-preview":"max-image-preview:large","max-video-preview":"max-video-preview:-1"},"canonical":"https:\/\/jornalfatosenoticias.com.br\/index.php\/2024\/05\/22\/israel-convoca-embaixadores-da-irlanda-e-noruega-para-consultas-apos-reconhecimento-de-um-estado-palestino\/","og_locale":"pt_BR","og_type":"article","og_title":"Israel convoca embaixadores da Irlanda e Noruega para consultas ap\u00f3s reconhecimento de um Estado palestino - Jornal Fatos e Not\u00edcias","og_description":"Israel Katz, ministro das Rela\u00e7\u00f5es Exteriores de Israel, confirmou a decis\u00e3o do gabinete de Netanyahu Por Isabella de Paula O Minist\u00e9rio das Rela\u00e7\u00f5es Exteriores de Israel anunciou nesta quarta-feira (22) a retirada de seus embaixadores na Irlanda e na Noruega para consultas, como rea\u00e7\u00e3o ao reconhecimento dos dois pa\u00edses de um Estado palestino. A Espanha [&hellip;]","og_url":"https:\/\/jornalfatosenoticias.com.br\/index.php\/2024\/05\/22\/israel-convoca-embaixadores-da-irlanda-e-noruega-para-consultas-apos-reconhecimento-de-um-estado-palestino\/","og_site_name":"Jornal Fatos e Not\u00edcias","article_published_time":"2024-05-22T18:00:07+00:00","article_modified_time":"2024-05-22T18:00:08+00:00","og_image":[{"width":900,"height":506,"url":"https:\/\/jornalfatosenoticias.com.br\/wp-content\/uploads\/2024\/05\/israel-katz-ministro-israelense.jpg","type":"image\/jpeg"}],"author":"Luzimara Fernandes","twitter_card":"summary_large_image","twitter_misc":{"Escrito por":"Luzimara Fernandes","Est. tempo de leitura":"2 minutos"},"schema":{"@context":"https:\/\/schema.org","@graph":[{"@type":"Article","@id":"https:\/\/jornalfatosenoticias.com.br\/index.php\/2024\/05\/22\/israel-convoca-embaixadores-da-irlanda-e-noruega-para-consultas-apos-reconhecimento-de-um-estado-palestino\/#article","isPartOf":{"@id":"https:\/\/jornalfatosenoticias.com.br\/index.php\/2024\/05\/22\/israel-convoca-embaixadores-da-irlanda-e-noruega-para-consultas-apos-reconhecimento-de-um-estado-palestino\/"},"author":{"name":"Luzimara Fernandes","@id":"https:\/\/jornalfatosenoticias.com.br\/#\/schema\/person\/d63837fa13ac8666eb9e74e0985d6f81"},"headline":"Israel convoca embaixadores da Irlanda e Noruega para consultas ap\u00f3s reconhecimento de um Estado palestino","datePublished":"2024-05-22T18:00:07+00:00","dateModified":"2024-05-22T18:00:08+00:00","mainEntityOfPage":{"@id":"https:\/\/jornalfatosenoticias.com.br\/index.php\/2024\/05\/22\/israel-convoca-embaixadores-da-irlanda-e-noruega-para-consultas-apos-reconhecimento-de-um-estado-palestino\/"},"wordCount":401,"commentCount":0,"publisher":{"@id":"https:\/\/jornalfatosenoticias.com.br\/#organization"},"image":{"@id":"https:\/\/jornalfatosenoticias.com.br\/index.php\/2024\/05\/22\/israel-convoca-embaixadores-da-irlanda-e-noruega-para-consultas-apos-reconhecimento-de-um-estado-palestino\/#primaryimage"},"thumbnailUrl":"https:\/\/jornalfatosenoticias.com.br\/wp-content\/uploads\/2024\/05\/israel-katz-ministro-israelense.jpg","keywords":["Autoridade Palestina","crise diplom\u00e1tica","Hamas","Israel","Israel Katz"],"articleSection":["Internacional"],"inLanguage":"pt-BR","potentialAction":[{"@type":"CommentAction","name":"Comment","target":["https:\/\/jornalfatosenoticias.com.br\/index.php\/2024\/05\/22\/israel-convoca-embaixadores-da-irlanda-e-noruega-para-consultas-apos-reconhecimento-de-um-estado-palestino\/#respond"]}]},{"@type":"WebPage","@id":"https:\/\/jornalfatosenoticias.com.br\/index.php\/2024\/05\/22\/israel-convoca-embaixadores-da-irlanda-e-noruega-para-consultas-apos-reconhecimento-de-um-estado-palestino\/","url":"https:\/\/jornalfatosenoticias.com.br\/index.php\/2024\/05\/22\/israel-convoca-embaixadores-da-irlanda-e-noruega-para-consultas-apos-reconhecimento-de-um-estado-palestino\/","name":"Israel convoca embaixadores da Irlanda e Noruega para consultas ap\u00f3s reconhecimento de um Estado palestino - Jornal Fatos e Not\u00edcias","isPartOf":{"@id":"https:\/\/jornalfatosenoticias.com.br\/#website"},"primaryImageOfPage":{"@id":"https:\/\/jornalfatosenoticias.com.br\/index.php\/2024\/05\/22\/israel-convoca-embaixadores-da-irlanda-e-noruega-para-consultas-apos-reconhecimento-de-um-estado-palestino\/#primaryimage"},"image":{"@id":"https:\/\/jornalfatosenoticias.com.br\/index.php\/2024\/05\/22\/israel-convoca-embaixadores-da-irlanda-e-noruega-para-consultas-apos-reconhecimento-de-um-estado-palestino\/#primaryimage"},"thumbnailUrl":"https:\/\/jornalfatosenoticias.com.br\/wp-content\/uploads\/2024\/05\/israel-katz-ministro-israelense.jpg","datePublished":"2024-05-22T18:00:07+00:00","dateModified":"2024-05-22T18:00:08+00:00","breadcrumb":{"@id":"https:\/\/jornalfatosenoticias.com.br\/index.php\/2024\/05\/22\/israel-convoca-embaixadores-da-irlanda-e-noruega-para-consultas-apos-reconhecimento-de-um-estado-palestino\/#breadcrumb"},"inLanguage":"pt-BR","potentialAction":[{"@type":"ReadAction","target":["https:\/\/jornalfatosenoticias.com.br\/index.php\/2024\/05\/22\/israel-convoca-embaixadores-da-irlanda-e-noruega-para-consultas-apos-reconhecimento-de-um-estado-palestino\/"]}]},{"@type":"ImageObject","inLanguage":"pt-BR","@id":"https:\/\/jornalfatosenoticias.com.br\/index.php\/2024\/05\/22\/israel-convoca-embaixadores-da-irlanda-e-noruega-para-consultas-apos-reconhecimento-de-um-estado-palestino\/#primaryimage","url":"https:\/\/jornalfatosenoticias.com.br\/wp-content\/uploads\/2024\/05\/israel-katz-ministro-israelense.jpg","contentUrl":"https:\/\/jornalfatosenoticias.com.br\/wp-content\/uploads\/2024\/05\/israel-katz-ministro-israelense.jpg","width":900,"height":506},{"@type":"BreadcrumbList","@id":"https:\/\/jornalfatosenoticias.com.br\/index.php\/2024\/05\/22\/israel-convoca-embaixadores-da-irlanda-e-noruega-para-consultas-apos-reconhecimento-de-um-estado-palestino\/#breadcrumb","itemListElement":[{"@type":"ListItem","position":1,"name":"In\u00edcio","item":"https:\/\/jornalfatosenoticias.com.br\/"},{"@type":"ListItem","position":2,"name":"Israel convoca embaixadores da Irlanda e Noruega para consultas ap\u00f3s reconhecimento de um Estado palestino"}]},{"@type":"WebSite","@id":"https:\/\/jornalfatosenoticias.com.br\/#website","url":"https:\/\/jornalfatosenoticias.com.br\/","name":"Jornal Fatos e Not\u00edcias","description":"Not\u00edcias em geral","publisher":{"@id":"https:\/\/jornalfatosenoticias.com.br\/#organization"},"potentialAction":[{"@type":"SearchAction","target":{"@type":"EntryPoint","urlTemplate":"https:\/\/jornalfatosenoticias.com.br\/?s={search_term_string}"},"query-input":{"@type":"PropertyValueSpecification","valueRequired":true,"valueName":"search_term_string"}}],"inLanguage":"pt-BR"},{"@type":"Organization","@id":"https:\/\/jornalfatosenoticias.com.br\/#organization","name":"Jornal Fatos e Not\u00edcias","url":"https:\/\/jornalfatosenoticias.com.br\/","logo":{"@type":"ImageObject","inLanguage":"pt-BR","@id":"https:\/\/jornalfatosenoticias.com.br\/#\/schema\/logo\/image\/","url":"https:\/\/jornalfatosenoticias.com.br\/wp-content\/uploads\/2020\/02\/logo120.png","contentUrl":"https:\/\/jornalfatosenoticias.com.br\/wp-content\/uploads\/2020\/02\/logo120.png","width":1227,"height":120,"caption":"Jornal Fatos e Not\u00edcias"},"image":{"@id":"https:\/\/jornalfatosenoticias.com.br\/#\/schema\/logo\/image\/"}},{"@type":"Person","@id":"https:\/\/jornalfatosenoticias.com.br\/#\/schema\/person\/d63837fa13ac8666eb9e74e0985d6f81","name":"Luzimara Fernandes","image":{"@type":"ImageObject","inLanguage":"pt-BR","@id":"https:\/\/jornalfatosenoticias.com.br\/#\/schema\/person\/image\/","url":"https:\/\/jornalfatosenoticias.com.br\/wp-content\/uploads\/2025\/05\/EU_portal.jpg","contentUrl":"https:\/\/jornalfatosenoticias.com.br\/wp-content\/uploads\/2025\/05\/EU_portal.jpg","caption":"Luzimara Fernandes"},"description":"Jornalista MTB 2358-ES","sameAs":["https:\/\/jornalfatosenoticias.com.br"],"url":"https:\/\/jornalfatosenoticias.com.br\/index.php\/author\/luzimara\/"}]}},"cc_featured_image_caption":{"caption_text":"(Foto: Reprodu\u00e7\u00e3o X\/@Israel_katz)","source_text":"","source_url":""},"jetpack_featured_media_url":"https:\/\/jornalfatosenoticias.com.br\/wp-content\/uploads\/2024\/05\/israel-katz-ministro-israelense.jpg","_links":{"self":[{"href":"https:\/\/jornalfatosenoticias.com.br\/index.php\/wp-json\/wp\/v2\/posts\/51455","targetHints":{"allow":["GET"]}}],"collection":[{"href":"https:\/\/jornalfatosenoticias.com.br\/index.php\/wp-json\/wp\/v2\/posts"}],"about":[{"href":"https:\/\/jornalfatosenoticias.com.br\/index.php\/wp-json\/wp\/v2\/types\/post"}],"author":[{"embeddable":true,"href":"https:\/\/jornalfatosenoticias.com.br\/index.php\/wp-json\/wp\/v2\/users\/2"}],"replies":[{"embeddable":true,"href":"https:\/\/jornalfatosenoticias.com.br\/index.php\/wp-json\/wp\/v2\/comments?post=51455"}],"version-history":[{"count":0,"href":"https:\/\/jornalfatosenoticias.com.br\/index.php\/wp-json\/wp\/v2\/posts\/51455\/revisions"}],"wp:featuredmedia":[{"embeddable":true,"href":"https:\/\/jornalfatosenoticias.com.br\/index.php\/wp-json\/wp\/v2\/media\/51456"}],"wp:attachment":[{"href":"https:\/\/jornalfatosenoticias.com.br\/index.php\/wp-json\/wp\/v2\/media?parent=51455"}],"wp:term":[{"taxonomy":"category","embeddable":true,"href":"https:\/\/jornalfatosenoticias.com.br\/index.php\/wp-json\/wp\/v2\/categories?post=51455"},{"taxonomy":"post_tag","embeddable":true,"href":"https:\/\/jornalfatosenoticias.com.br\/index.php\/wp-json\/wp\/v2\/tags?post=51455"}],"curies":[{"name":"wp","href":"https:\/\/api.w.org\/{rel}","templated":true}]}}