{"id":51468,"date":"2024-05-23T17:32:39","date_gmt":"2024-05-23T20:32:39","guid":{"rendered":"https:\/\/jornalfatosenoticias.com.br\/?p=51468"},"modified":"2024-05-23T17:32:41","modified_gmt":"2024-05-23T20:32:41","slug":"e-a-crianca-quem-olha-por-ela-parte-iv","status":"publish","type":"post","link":"https:\/\/jornalfatosenoticias.com.br\/index.php\/2024\/05\/23\/e-a-crianca-quem-olha-por-ela-parte-iv\/","title":{"rendered":"E a Crian\u00e7a, quem olha por ela? \u2014 Parte IV"},"content":{"rendered":"\n<p><span class=\"has-inline-color has-black-color\"><em>N\u00e3o h\u00e1 compromisso com o princ\u00edpio do melhor interesse da crian\u00e7a. Muito pelo contr\u00e1rio<\/em><\/span><\/p>\n\n\n\n<div class=\"wp-block-image\"><figure class=\"aligncenter size-large\"><img loading=\"lazy\" decoding=\"async\" width=\"729\" height=\"90\" src=\"https:\/\/jornalfatosenoticias.com.br\/wp-content\/uploads\/2020\/02\/Logo_Mizu.png\" alt=\"\" class=\"wp-image-1441\" srcset=\"https:\/\/jornalfatosenoticias.com.br\/wp-content\/uploads\/2020\/02\/Logo_Mizu.png 729w, https:\/\/jornalfatosenoticias.com.br\/wp-content\/uploads\/2020\/02\/Logo_Mizu-300x37.png 300w\" sizes=\"auto, (max-width: 729px) 100vw, 729px\" \/><\/figure><\/div>\n\n\n\n<p>Mais uma vez me vejo diante de uma grande plateia formada por muitas pessoas que desconhecem as leis, ditas, de prote\u00e7\u00e3o \u00e0 crian\u00e7a, outras pessoas sabem um pouquinho mais, mas j\u00e1 com uma dose de contamina\u00e7\u00e3o de estere\u00f3tipos que desviam o teor dos artigos, e outras tantas que s\u00f3 navegam nesses estere\u00f3tipos, nos preconceitos, nas raivas quase expl\u00edcitas contra o grupo que deveriam proteger.<br>Dessa vez, era uma Universidade em S\u00e3o Paulo. O sil\u00eancio acolhedor que emanava de rostos que se expressavam, em muitos momentos, acentuadamente, me fazia sentir que eu era um deles, que est\u00e1vamos juntos, todos, viajando naqueles horrores que eu relatava e fundamentava.<\/p>\n\n\n\n<div class=\"wp-block-image\"><figure class=\"aligncenter size-large\"><img decoding=\"async\" src=\"https:\/\/jornalfatosenoticias.com.br\/wp-content\/uploads\/2020\/02\/barao-das-carnes-300x164-1.jpg\" alt=\"\" class=\"wp-image-34339\"\/><\/figure><\/div>\n\n\n\n<p>As palavras eram te\u00f3ricas, eram t\u00e9cnicas, mas, sobretudo, eram vivenciadas, humanas e humanizadas. Os horrores cometidos por humanos contra pequenos humanos s\u00e3o muito dif\u00edceis de serem vistos de frente, de serem escutados claramente, e o escorrega, desenhando uma curva, \u00e9 uma sa\u00edda para o escape. \u00c9 mentira da Crian\u00e7a, afirmam logo. Mas, Crian\u00e7a n\u00e3o mente. Muito pelo contr\u00e1rio, Crian\u00e7a n\u00e3o tem filtro social nas palavras, sofre de \u201csincerismo\u201d cr\u00f4nico do tempo da inf\u00e2ncia. <\/p>\n\n\n\n<div class=\"wp-block-image\"><figure class=\"aligncenter size-large is-resized\"><img loading=\"lazy\" decoding=\"async\" src=\"https:\/\/jornalfatosenoticias.com.br\/wp-content\/uploads\/2020\/02\/logo_esteio.jpg\" alt=\"\" class=\"wp-image-1214\" width=\"336\" height=\"280\"\/><\/figure><\/div>\n\n\n\n<p>S\u00f3 quando ela adquire as v\u00e1rias camadas de socializa\u00e7\u00e3o, quando entende a complexidade das figuras sociais, j\u00e1 beirando a puberdade, ela come\u00e7a a conseguir se conter e esperar para falar. Essa progress\u00e3o de amadurecimento corresponde no desenvolvimento cognitivo \u00e0 aquisi\u00e7\u00e3o do racioc\u00ednio por classifica\u00e7\u00e3o. Figurinhas de \u00e1lbuns, por exemplo, fazem parte dessa etapa do desenvolvimento do pensamento l\u00f3gico na inf\u00e2ncia, a classifica\u00e7\u00e3o.<\/p>\n\n\n\n<div class=\"wp-block-image\"><figure class=\"aligncenter size-large\"><img loading=\"lazy\" decoding=\"async\" width=\"612\" height=\"408\" src=\"https:\/\/jornalfatosenoticias.com.br\/wp-content\/uploads\/2024\/05\/VIOLENCIA-CRIANCA_gettyimages.jpg\" alt=\"\" class=\"wp-image-51470\" srcset=\"https:\/\/jornalfatosenoticias.com.br\/wp-content\/uploads\/2024\/05\/VIOLENCIA-CRIANCA_gettyimages.jpg 612w, https:\/\/jornalfatosenoticias.com.br\/wp-content\/uploads\/2024\/05\/VIOLENCIA-CRIANCA_gettyimages-300x200.jpg 300w\" sizes=\"auto, (max-width: 612px) 100vw, 612px\" \/><figcaption><em><span class=\"has-inline-color has-black-color\">(Foto: Getty Images)<\/span><\/em><\/figcaption><\/figure><\/div>\n\n\n\n<p>A Crian\u00e7a \u00e9 um conglomerado de vetores em desenvolvimento cont\u00ednuo, que se entrela\u00e7am, se complementam, e todas essas vias s\u00e3o alimentadas por afeto. \u00c9 muita complexidade que, para ser saud\u00e1vel, deve ser harmoniosa. Faz-se necess\u00e1rio, portanto, o conhecimento cient\u00edfico para n\u00e3o se cometer equ\u00edvocos reducionistas que prejudicam a vida da Crian\u00e7a.<\/p>\n\n\n\n<div class=\"wp-block-image\"><figure class=\"aligncenter size-large is-resized\"><img loading=\"lazy\" decoding=\"async\" src=\"https:\/\/jornalfatosenoticias.com.br\/wp-content\/uploads\/2023\/12\/pegoretti-logo-pdf-1024x389.jpg\" alt=\"\" class=\"wp-image-47536\" width=\"485\" height=\"184\" srcset=\"https:\/\/jornalfatosenoticias.com.br\/wp-content\/uploads\/2023\/12\/pegoretti-logo-pdf-1024x389.jpg 1024w, https:\/\/jornalfatosenoticias.com.br\/wp-content\/uploads\/2023\/12\/pegoretti-logo-pdf-300x114.jpg 300w, https:\/\/jornalfatosenoticias.com.br\/wp-content\/uploads\/2023\/12\/pegoretti-logo-pdf-768x291.jpg 768w, https:\/\/jornalfatosenoticias.com.br\/wp-content\/uploads\/2023\/12\/pegoretti-logo-pdf.jpg 1120w\" sizes=\"auto, (max-width: 485px) 100vw, 485px\" \/><\/figure><\/div>\n\n\n\n<p>No entanto, o que vem acontecendo \u00e9 que essa \u00e1rea do conhecimento se tornou um balaio de pseudoci\u00eancias, as mais variadas. N\u00e3o h\u00e1 compromisso com o Princ\u00edpio do Melhor Interesse da Crian\u00e7a. Muito pelo contr\u00e1rio. Os absurdos atribu\u00eddos \u00e0 Crian\u00e7a prescindem at\u00e9 de bom senso. Parece que segue-se, cada vez mais, aquele m\u00e9dico generalista que inventou o termo aliena\u00e7\u00e3o parental e defendia, explicitamente, a pedofilia.<\/p>\n\n\n\n<div class=\"wp-block-image\"><figure class=\"aligncenter size-large is-resized\"><img loading=\"lazy\" decoding=\"async\" src=\"https:\/\/jornalfatosenoticias.com.br\/wp-content\/uploads\/2020\/02\/CONTROL-CS.jpg\" alt=\"\" class=\"wp-image-44991\" width=\"342\" height=\"410\" srcset=\"https:\/\/jornalfatosenoticias.com.br\/wp-content\/uploads\/2020\/02\/CONTROL-CS.jpg 834w, https:\/\/jornalfatosenoticias.com.br\/wp-content\/uploads\/2020\/02\/CONTROL-CS-250x300.jpg 250w, https:\/\/jornalfatosenoticias.com.br\/wp-content\/uploads\/2020\/02\/CONTROL-CS-768x921.jpg 768w\" sizes=\"auto, (max-width: 342px) 100vw, 342px\" \/><\/figure><\/div>\n\n\n\n<p>Esse senhor instruiu em seu livro a prote\u00e7\u00e3o e a perman\u00eancia do ped\u00f3filo incestuoso dentro da fam\u00edlia. Ele escreve que a sociedade deve abolir a proibi\u00e7\u00e3o da pr\u00e1tica da pedofilia e cada vez estamos mais perto disso. As den\u00fancias de viol\u00eancia sexual intrafamiliar s\u00e3o travestidas em aliena\u00e7\u00e3o parental da m\u00e3e e a Crian\u00e7a \u00e9 entregue, por ordem judicial ao genitor que a Crian\u00e7a aponta como o autor dessas pr\u00e1ticas advindas de quem desconhece a lei humana da Interdi\u00e7\u00e3o ao Incesto, o Marco Civilizat\u00f3rio Fundamental para a evolu\u00e7\u00e3o humana.<\/p>\n\n\n\n<div class=\"wp-block-image\"><figure class=\"aligncenter size-large\"><img loading=\"lazy\" decoding=\"async\" width=\"612\" height=\"408\" src=\"https:\/\/jornalfatosenoticias.com.br\/wp-content\/uploads\/2024\/05\/abuso_gettyimages.jpg\" alt=\"\" class=\"wp-image-51469\" srcset=\"https:\/\/jornalfatosenoticias.com.br\/wp-content\/uploads\/2024\/05\/abuso_gettyimages.jpg 612w, https:\/\/jornalfatosenoticias.com.br\/wp-content\/uploads\/2024\/05\/abuso_gettyimages-300x200.jpg 300w\" sizes=\"auto, (max-width: 612px) 100vw, 612px\" \/><figcaption><em><span class=\"has-inline-color has-black-color\">(Foto: Getty Images)<\/span><\/em><\/figcaption><\/figure><\/div>\n\n\n\n<p>A desqualifica\u00e7\u00e3o da Voz da Crian\u00e7a \u00e9 de praxe. Crian\u00e7a mente, Crian\u00e7a fantasia, Crian\u00e7a tem \u201cfalsas mem\u00f3rias\u201d implantadas pela m\u00e3e louca, desequilibrada, inconformada com a separa\u00e7\u00e3o, a interesseira no dinheiro do genitor. Falta bom senso, para ser educada. A Crian\u00e7a tem falta de filtro, funciona em racioc\u00ednio concreto at\u00e9 os 11\/12 anos, s\u00f3 memoriza o que vivencia. As m\u00e3es n\u00e3o s\u00e3o mais esp\u00e9cimes da d\u00e9cada dos anos 30, 40 do s\u00e9culo passado. S\u00e3o profissionais de sucesso, exitosas, muitas, em suas carreiras financeiras, s\u00e3o as mais numerosas nos pedidos de div\u00f3rcio. O inconformismo alegado nessa fal\u00e1cia de deprecia\u00e7\u00e3o da mulher alimenta os \u00edndices de Feminic\u00eddio.<\/p>\n\n\n\n<div class=\"wp-block-image\"><figure class=\"aligncenter size-large\"><img loading=\"lazy\" decoding=\"async\" width=\"300\" height=\"250\" src=\"https:\/\/jornalfatosenoticias.com.br\/wp-content\/uploads\/2022\/02\/FERRARI_MAQUINAS-E-FERRAMENTAS2.jpg\" alt=\"\" class=\"wp-image-27860\"\/><\/figure><\/div>\n\n\n\n<p>E as pseudoci\u00eancias, de concentradas em cren\u00e7as, se multiplicam fornecendo \u201csolu\u00e7\u00f5es\u201d ilus\u00f3rias e superficiais para as quest\u00f5es que s\u00e3o crimes em fam\u00edlia. A tentativa primeira, segunda e terceira, \u00e9 o reducionismo. Reduz-se crime a conflito em fam\u00edlia. Reduz-se busca de prote\u00e7\u00e3o atrav\u00e9s do cumprimento do art. 13 do ECA, \u00e0 obrigatoriedade da den\u00fancia de viola\u00e7\u00e3o de Direitos da Crian\u00e7a, \u00e0 Disputa de Guarda, e em sequ\u00eancia \u00e0 alega\u00e7\u00e3o de denuncia\u00e7\u00e3o caluniosa, para acobertar o crime de viola\u00e7\u00e3o contra a Crian\u00e7a. Reduz-se a est\u00e1gio de defici\u00eancia mental a Crian\u00e7a que revela a pr\u00e1tica do Estupro de Vulner\u00e1vel, desenhando-se, assim, uma imagem de Crian\u00e7a rob\u00f4 que obedece \u00e0 m\u00e3e, atropelando as teorias do desenvolvimento cognitivo ditadas pela Ci\u00eancia da Psicologia. Reduz-se o crime da viola\u00e7\u00e3o da Crian\u00e7a \u00e0 seita que \u201cdescobre\u201d, na linhagem da m\u00e3e, claro, o ancestral, de v\u00e1rias gera\u00e7\u00f5es passadas, predador que estava determinando que o genitor abusasse da Crian\u00e7a, desresponsabilizando, por completo, o pobre (?!) genitor estuprador.<\/p>\n\n\n\n<div class=\"wp-block-image\"><figure class=\"aligncenter size-large is-resized\"><img loading=\"lazy\" decoding=\"async\" src=\"https:\/\/jornalfatosenoticias.com.br\/wp-content\/uploads\/2023\/03\/nova-logo-Marquetti.jpg\" alt=\"\" class=\"wp-image-40207\" width=\"332\" height=\"223\" srcset=\"https:\/\/jornalfatosenoticias.com.br\/wp-content\/uploads\/2023\/03\/nova-logo-Marquetti.jpg 643w, https:\/\/jornalfatosenoticias.com.br\/wp-content\/uploads\/2023\/03\/nova-logo-Marquetti-300x202.jpg 300w\" sizes=\"auto, (max-width: 332px) 100vw, 332px\" \/><\/figure><\/div>\n\n\n\n<p>Assim, estamos seguindo, cada vez mais, as instru\u00e7\u00f5es escritas pelo m\u00e9dico ped\u00f3filo. E, em circuito fechado, o alegado afastamento desse genitor que s\u00f3 apareceu em rea\u00e7\u00e3o ao BO de Estupro de Vulner\u00e1vel, rapidamente, por meio dessas pseudoci\u00eancias, sem nenhuma comprova\u00e7\u00e3o cient\u00edfica, \u00e9 transformado em entrega dessa Crian\u00e7a violada ao seu violador por ordem do ju\u00edzo. Instala-se a Priva\u00e7\u00e3o Materna Judicial, porque o mesmo objeto jur\u00eddico, a aliena\u00e7\u00e3o do genitor pela m\u00e3e, \u00e9 \u201csolucionada\u201d pela aliena\u00e7\u00e3o da m\u00e3e, dessa vez em Viol\u00eancia Vic\u00e1ria, executada pela institui\u00e7\u00e3o justi\u00e7a. E seguimos mutilando afetiva e socialmente Crian\u00e7as, somando sequelas irrevers\u00edveis.<br>Onde se perdeu o bom senso? E a Crian\u00e7a, quem olha por ela?<\/p>\n\n\n\n<div class=\"wp-block-image\"><figure class=\"aligncenter size-large is-resized\"><img loading=\"lazy\" decoding=\"async\" src=\"https:\/\/jornalfatosenoticias.com.br\/wp-content\/uploads\/2023\/09\/vetorvix1024_1.jpg\" alt=\"\" class=\"wp-image-44868\" width=\"509\" height=\"135\" srcset=\"https:\/\/jornalfatosenoticias.com.br\/wp-content\/uploads\/2023\/09\/vetorvix1024_1.jpg 1024w, https:\/\/jornalfatosenoticias.com.br\/wp-content\/uploads\/2023\/09\/vetorvix1024_1-300x80.jpg 300w, https:\/\/jornalfatosenoticias.com.br\/wp-content\/uploads\/2023\/09\/vetorvix1024_1-768x205.jpg 768w\" sizes=\"auto, (max-width: 509px) 100vw, 509px\" \/><\/figure><\/div>\n","protected":false},"excerpt":{"rendered":"<p>N\u00e3o h\u00e1 compromisso com o princ\u00edpio do melhor interesse da crian\u00e7a. Muito pelo contr\u00e1rio Mais uma vez me vejo diante de uma grande plateia formada por muitas pessoas que desconhecem as leis, ditas, de prote\u00e7\u00e3o \u00e0 crian\u00e7a, outras pessoas sabem um pouquinho mais, mas j\u00e1 com uma dose de contamina\u00e7\u00e3o de estere\u00f3tipos que desviam o [&hellip;]<\/p>\n","protected":false},"author":8,"featured_media":51471,"comment_status":"open","ping_status":"open","sticky":false,"template":"","format":"standard","meta":{"footnotes":""},"categories":[2522],"tags":[23561,4298,3528,14521],"class_list":["post-51468","post","type-post","status-publish","format-standard","has-post-thumbnail","hentry","category-comportamento","tag-abuso-de-vulneravel","tag-alienacao-parental","tag-pedofilia","tag-privacao-materna-judicial"],"yoast_head":"<!-- This site is optimized with the Yoast SEO plugin v26.5 - https:\/\/yoast.com\/wordpress\/plugins\/seo\/ -->\n<title>E a Crian\u00e7a, quem olha por ela? \u2014 Parte IV - Jornal Fatos e Not\u00edcias<\/title>\n<meta name=\"robots\" content=\"index, follow, max-snippet:-1, max-image-preview:large, max-video-preview:-1\" \/>\n<link rel=\"canonical\" href=\"https:\/\/jornalfatosenoticias.com.br\/index.php\/2024\/05\/23\/e-a-crianca-quem-olha-por-ela-parte-iv\/\" \/>\n<meta property=\"og:locale\" content=\"pt_BR\" \/>\n<meta property=\"og:type\" content=\"article\" \/>\n<meta property=\"og:title\" content=\"E a Crian\u00e7a, quem olha por ela? \u2014 Parte IV - Jornal Fatos e Not\u00edcias\" \/>\n<meta property=\"og:description\" content=\"N\u00e3o h\u00e1 compromisso com o princ\u00edpio do melhor interesse da crian\u00e7a. Muito pelo contr\u00e1rio Mais uma vez me vejo diante de uma grande plateia formada por muitas pessoas que desconhecem as leis, ditas, de prote\u00e7\u00e3o \u00e0 crian\u00e7a, outras pessoas sabem um pouquinho mais, mas j\u00e1 com uma dose de contamina\u00e7\u00e3o de estere\u00f3tipos que desviam o [&hellip;]\" \/>\n<meta property=\"og:url\" content=\"https:\/\/jornalfatosenoticias.com.br\/index.php\/2024\/05\/23\/e-a-crianca-quem-olha-por-ela-parte-iv\/\" \/>\n<meta property=\"og:site_name\" content=\"Jornal Fatos e Not\u00edcias\" \/>\n<meta property=\"article:published_time\" content=\"2024-05-23T20:32:39+00:00\" \/>\n<meta property=\"article:modified_time\" content=\"2024-05-23T20:32:41+00:00\" \/>\n<meta property=\"og:image\" content=\"https:\/\/jornalfatosenoticias.com.br\/wp-content\/uploads\/2024\/05\/criancas-felizes_freepik.jpg\" \/>\n\t<meta property=\"og:image:width\" content=\"740\" \/>\n\t<meta property=\"og:image:height\" content=\"493\" \/>\n\t<meta property=\"og:image:type\" content=\"image\/jpeg\" \/>\n<meta name=\"author\" content=\"Ana Maria Iencarelli\" \/>\n<meta name=\"twitter:card\" content=\"summary_large_image\" \/>\n<meta name=\"twitter:label1\" content=\"Escrito por\" \/>\n\t<meta name=\"twitter:data1\" content=\"Ana Maria Iencarelli\" \/>\n\t<meta name=\"twitter:label2\" content=\"Est. tempo de leitura\" \/>\n\t<meta name=\"twitter:data2\" content=\"5 minutos\" \/>\n<script type=\"application\/ld+json\" class=\"yoast-schema-graph\">{\"@context\":\"https:\/\/schema.org\",\"@graph\":[{\"@type\":\"Article\",\"@id\":\"https:\/\/jornalfatosenoticias.com.br\/index.php\/2024\/05\/23\/e-a-crianca-quem-olha-por-ela-parte-iv\/#article\",\"isPartOf\":{\"@id\":\"https:\/\/jornalfatosenoticias.com.br\/index.php\/2024\/05\/23\/e-a-crianca-quem-olha-por-ela-parte-iv\/\"},\"author\":{\"name\":\"Ana Maria Iencarelli\",\"@id\":\"https:\/\/jornalfatosenoticias.com.br\/#\/schema\/person\/c33fcf5fb02d729d3fec92c6737a22d1\"},\"headline\":\"E a Crian\u00e7a, quem olha por ela? \u2014 Parte IV\",\"datePublished\":\"2024-05-23T20:32:39+00:00\",\"dateModified\":\"2024-05-23T20:32:41+00:00\",\"mainEntityOfPage\":{\"@id\":\"https:\/\/jornalfatosenoticias.com.br\/index.php\/2024\/05\/23\/e-a-crianca-quem-olha-por-ela-parte-iv\/\"},\"wordCount\":972,\"commentCount\":0,\"publisher\":{\"@id\":\"https:\/\/jornalfatosenoticias.com.br\/#organization\"},\"image\":{\"@id\":\"https:\/\/jornalfatosenoticias.com.br\/index.php\/2024\/05\/23\/e-a-crianca-quem-olha-por-ela-parte-iv\/#primaryimage\"},\"thumbnailUrl\":\"https:\/\/jornalfatosenoticias.com.br\/wp-content\/uploads\/2024\/05\/criancas-felizes_freepik.jpg\",\"keywords\":[\"abuso de vulner\u00e1vel\",\"aliena\u00e7\u00e3o parental\",\"pedofilia\",\"priva\u00e7\u00e3o materna judicial\"],\"articleSection\":[\"Comportamento &amp; Equil\u00edbrio\"],\"inLanguage\":\"pt-BR\",\"potentialAction\":[{\"@type\":\"CommentAction\",\"name\":\"Comment\",\"target\":[\"https:\/\/jornalfatosenoticias.com.br\/index.php\/2024\/05\/23\/e-a-crianca-quem-olha-por-ela-parte-iv\/#respond\"]}]},{\"@type\":\"WebPage\",\"@id\":\"https:\/\/jornalfatosenoticias.com.br\/index.php\/2024\/05\/23\/e-a-crianca-quem-olha-por-ela-parte-iv\/\",\"url\":\"https:\/\/jornalfatosenoticias.com.br\/index.php\/2024\/05\/23\/e-a-crianca-quem-olha-por-ela-parte-iv\/\",\"name\":\"E a Crian\u00e7a, quem olha por ela? \u2014 Parte IV - Jornal Fatos e Not\u00edcias\",\"isPartOf\":{\"@id\":\"https:\/\/jornalfatosenoticias.com.br\/#website\"},\"primaryImageOfPage\":{\"@id\":\"https:\/\/jornalfatosenoticias.com.br\/index.php\/2024\/05\/23\/e-a-crianca-quem-olha-por-ela-parte-iv\/#primaryimage\"},\"image\":{\"@id\":\"https:\/\/jornalfatosenoticias.com.br\/index.php\/2024\/05\/23\/e-a-crianca-quem-olha-por-ela-parte-iv\/#primaryimage\"},\"thumbnailUrl\":\"https:\/\/jornalfatosenoticias.com.br\/wp-content\/uploads\/2024\/05\/criancas-felizes_freepik.jpg\",\"datePublished\":\"2024-05-23T20:32:39+00:00\",\"dateModified\":\"2024-05-23T20:32:41+00:00\",\"breadcrumb\":{\"@id\":\"https:\/\/jornalfatosenoticias.com.br\/index.php\/2024\/05\/23\/e-a-crianca-quem-olha-por-ela-parte-iv\/#breadcrumb\"},\"inLanguage\":\"pt-BR\",\"potentialAction\":[{\"@type\":\"ReadAction\",\"target\":[\"https:\/\/jornalfatosenoticias.com.br\/index.php\/2024\/05\/23\/e-a-crianca-quem-olha-por-ela-parte-iv\/\"]}]},{\"@type\":\"ImageObject\",\"inLanguage\":\"pt-BR\",\"@id\":\"https:\/\/jornalfatosenoticias.com.br\/index.php\/2024\/05\/23\/e-a-crianca-quem-olha-por-ela-parte-iv\/#primaryimage\",\"url\":\"https:\/\/jornalfatosenoticias.com.br\/wp-content\/uploads\/2024\/05\/criancas-felizes_freepik.jpg\",\"contentUrl\":\"https:\/\/jornalfatosenoticias.com.br\/wp-content\/uploads\/2024\/05\/criancas-felizes_freepik.jpg\",\"width\":740,\"height\":493},{\"@type\":\"BreadcrumbList\",\"@id\":\"https:\/\/jornalfatosenoticias.com.br\/index.php\/2024\/05\/23\/e-a-crianca-quem-olha-por-ela-parte-iv\/#breadcrumb\",\"itemListElement\":[{\"@type\":\"ListItem\",\"position\":1,\"name\":\"In\u00edcio\",\"item\":\"https:\/\/jornalfatosenoticias.com.br\/\"},{\"@type\":\"ListItem\",\"position\":2,\"name\":\"E a Crian\u00e7a, quem olha por ela? \u2014 Parte IV\"}]},{\"@type\":\"WebSite\",\"@id\":\"https:\/\/jornalfatosenoticias.com.br\/#website\",\"url\":\"https:\/\/jornalfatosenoticias.com.br\/\",\"name\":\"Jornal Fatos e Not\u00edcias\",\"description\":\"Not\u00edcias em geral\",\"publisher\":{\"@id\":\"https:\/\/jornalfatosenoticias.com.br\/#organization\"},\"potentialAction\":[{\"@type\":\"SearchAction\",\"target\":{\"@type\":\"EntryPoint\",\"urlTemplate\":\"https:\/\/jornalfatosenoticias.com.br\/?s={search_term_string}\"},\"query-input\":{\"@type\":\"PropertyValueSpecification\",\"valueRequired\":true,\"valueName\":\"search_term_string\"}}],\"inLanguage\":\"pt-BR\"},{\"@type\":\"Organization\",\"@id\":\"https:\/\/jornalfatosenoticias.com.br\/#organization\",\"name\":\"Jornal Fatos e Not\u00edcias\",\"url\":\"https:\/\/jornalfatosenoticias.com.br\/\",\"logo\":{\"@type\":\"ImageObject\",\"inLanguage\":\"pt-BR\",\"@id\":\"https:\/\/jornalfatosenoticias.com.br\/#\/schema\/logo\/image\/\",\"url\":\"https:\/\/jornalfatosenoticias.com.br\/wp-content\/uploads\/2020\/02\/logo120.png\",\"contentUrl\":\"https:\/\/jornalfatosenoticias.com.br\/wp-content\/uploads\/2020\/02\/logo120.png\",\"width\":1227,\"height\":120,\"caption\":\"Jornal Fatos e Not\u00edcias\"},\"image\":{\"@id\":\"https:\/\/jornalfatosenoticias.com.br\/#\/schema\/logo\/image\/\"}},{\"@type\":\"Person\",\"@id\":\"https:\/\/jornalfatosenoticias.com.br\/#\/schema\/person\/c33fcf5fb02d729d3fec92c6737a22d1\",\"name\":\"Ana Maria Iencarelli\",\"image\":{\"@type\":\"ImageObject\",\"inLanguage\":\"pt-BR\",\"@id\":\"https:\/\/jornalfatosenoticias.com.br\/#\/schema\/person\/image\/\",\"url\":\"https:\/\/jornalfatosenoticias.com.br\/wp-content\/uploads\/2020\/02\/Ana-Maria-Iencarelli-1-150x150.jpg\",\"contentUrl\":\"https:\/\/jornalfatosenoticias.com.br\/wp-content\/uploads\/2020\/02\/Ana-Maria-Iencarelli-1-150x150.jpg\",\"caption\":\"Ana Maria Iencarelli\"},\"description\":\"Psicanalista Cl\u00ednica, especializada no atendimento a Crian\u00e7as e Adolescentes. Presidente da ONG Vozes de Anjos.\",\"url\":\"https:\/\/jornalfatosenoticias.com.br\/index.php\/author\/anamaria\/\"}]}<\/script>\n<!-- \/ Yoast SEO plugin. -->","yoast_head_json":{"title":"E a Crian\u00e7a, quem olha por ela? \u2014 Parte IV - Jornal Fatos e Not\u00edcias","robots":{"index":"index","follow":"follow","max-snippet":"max-snippet:-1","max-image-preview":"max-image-preview:large","max-video-preview":"max-video-preview:-1"},"canonical":"https:\/\/jornalfatosenoticias.com.br\/index.php\/2024\/05\/23\/e-a-crianca-quem-olha-por-ela-parte-iv\/","og_locale":"pt_BR","og_type":"article","og_title":"E a Crian\u00e7a, quem olha por ela? \u2014 Parte IV - Jornal Fatos e Not\u00edcias","og_description":"N\u00e3o h\u00e1 compromisso com o princ\u00edpio do melhor interesse da crian\u00e7a. Muito pelo contr\u00e1rio Mais uma vez me vejo diante de uma grande plateia formada por muitas pessoas que desconhecem as leis, ditas, de prote\u00e7\u00e3o \u00e0 crian\u00e7a, outras pessoas sabem um pouquinho mais, mas j\u00e1 com uma dose de contamina\u00e7\u00e3o de estere\u00f3tipos que desviam o [&hellip;]","og_url":"https:\/\/jornalfatosenoticias.com.br\/index.php\/2024\/05\/23\/e-a-crianca-quem-olha-por-ela-parte-iv\/","og_site_name":"Jornal Fatos e Not\u00edcias","article_published_time":"2024-05-23T20:32:39+00:00","article_modified_time":"2024-05-23T20:32:41+00:00","og_image":[{"width":740,"height":493,"url":"https:\/\/jornalfatosenoticias.com.br\/wp-content\/uploads\/2024\/05\/criancas-felizes_freepik.jpg","type":"image\/jpeg"}],"author":"Ana Maria Iencarelli","twitter_card":"summary_large_image","twitter_misc":{"Escrito por":"Ana Maria Iencarelli","Est. tempo de leitura":"5 minutos"},"schema":{"@context":"https:\/\/schema.org","@graph":[{"@type":"Article","@id":"https:\/\/jornalfatosenoticias.com.br\/index.php\/2024\/05\/23\/e-a-crianca-quem-olha-por-ela-parte-iv\/#article","isPartOf":{"@id":"https:\/\/jornalfatosenoticias.com.br\/index.php\/2024\/05\/23\/e-a-crianca-quem-olha-por-ela-parte-iv\/"},"author":{"name":"Ana Maria Iencarelli","@id":"https:\/\/jornalfatosenoticias.com.br\/#\/schema\/person\/c33fcf5fb02d729d3fec92c6737a22d1"},"headline":"E a Crian\u00e7a, quem olha por ela? \u2014 Parte IV","datePublished":"2024-05-23T20:32:39+00:00","dateModified":"2024-05-23T20:32:41+00:00","mainEntityOfPage":{"@id":"https:\/\/jornalfatosenoticias.com.br\/index.php\/2024\/05\/23\/e-a-crianca-quem-olha-por-ela-parte-iv\/"},"wordCount":972,"commentCount":0,"publisher":{"@id":"https:\/\/jornalfatosenoticias.com.br\/#organization"},"image":{"@id":"https:\/\/jornalfatosenoticias.com.br\/index.php\/2024\/05\/23\/e-a-crianca-quem-olha-por-ela-parte-iv\/#primaryimage"},"thumbnailUrl":"https:\/\/jornalfatosenoticias.com.br\/wp-content\/uploads\/2024\/05\/criancas-felizes_freepik.jpg","keywords":["abuso de vulner\u00e1vel","aliena\u00e7\u00e3o parental","pedofilia","priva\u00e7\u00e3o materna judicial"],"articleSection":["Comportamento &amp; Equil\u00edbrio"],"inLanguage":"pt-BR","potentialAction":[{"@type":"CommentAction","name":"Comment","target":["https:\/\/jornalfatosenoticias.com.br\/index.php\/2024\/05\/23\/e-a-crianca-quem-olha-por-ela-parte-iv\/#respond"]}]},{"@type":"WebPage","@id":"https:\/\/jornalfatosenoticias.com.br\/index.php\/2024\/05\/23\/e-a-crianca-quem-olha-por-ela-parte-iv\/","url":"https:\/\/jornalfatosenoticias.com.br\/index.php\/2024\/05\/23\/e-a-crianca-quem-olha-por-ela-parte-iv\/","name":"E a Crian\u00e7a, quem olha por ela? \u2014 Parte IV - Jornal Fatos e Not\u00edcias","isPartOf":{"@id":"https:\/\/jornalfatosenoticias.com.br\/#website"},"primaryImageOfPage":{"@id":"https:\/\/jornalfatosenoticias.com.br\/index.php\/2024\/05\/23\/e-a-crianca-quem-olha-por-ela-parte-iv\/#primaryimage"},"image":{"@id":"https:\/\/jornalfatosenoticias.com.br\/index.php\/2024\/05\/23\/e-a-crianca-quem-olha-por-ela-parte-iv\/#primaryimage"},"thumbnailUrl":"https:\/\/jornalfatosenoticias.com.br\/wp-content\/uploads\/2024\/05\/criancas-felizes_freepik.jpg","datePublished":"2024-05-23T20:32:39+00:00","dateModified":"2024-05-23T20:32:41+00:00","breadcrumb":{"@id":"https:\/\/jornalfatosenoticias.com.br\/index.php\/2024\/05\/23\/e-a-crianca-quem-olha-por-ela-parte-iv\/#breadcrumb"},"inLanguage":"pt-BR","potentialAction":[{"@type":"ReadAction","target":["https:\/\/jornalfatosenoticias.com.br\/index.php\/2024\/05\/23\/e-a-crianca-quem-olha-por-ela-parte-iv\/"]}]},{"@type":"ImageObject","inLanguage":"pt-BR","@id":"https:\/\/jornalfatosenoticias.com.br\/index.php\/2024\/05\/23\/e-a-crianca-quem-olha-por-ela-parte-iv\/#primaryimage","url":"https:\/\/jornalfatosenoticias.com.br\/wp-content\/uploads\/2024\/05\/criancas-felizes_freepik.jpg","contentUrl":"https:\/\/jornalfatosenoticias.com.br\/wp-content\/uploads\/2024\/05\/criancas-felizes_freepik.jpg","width":740,"height":493},{"@type":"BreadcrumbList","@id":"https:\/\/jornalfatosenoticias.com.br\/index.php\/2024\/05\/23\/e-a-crianca-quem-olha-por-ela-parte-iv\/#breadcrumb","itemListElement":[{"@type":"ListItem","position":1,"name":"In\u00edcio","item":"https:\/\/jornalfatosenoticias.com.br\/"},{"@type":"ListItem","position":2,"name":"E a Crian\u00e7a, quem olha por ela? \u2014 Parte IV"}]},{"@type":"WebSite","@id":"https:\/\/jornalfatosenoticias.com.br\/#website","url":"https:\/\/jornalfatosenoticias.com.br\/","name":"Jornal Fatos e Not\u00edcias","description":"Not\u00edcias em geral","publisher":{"@id":"https:\/\/jornalfatosenoticias.com.br\/#organization"},"potentialAction":[{"@type":"SearchAction","target":{"@type":"EntryPoint","urlTemplate":"https:\/\/jornalfatosenoticias.com.br\/?s={search_term_string}"},"query-input":{"@type":"PropertyValueSpecification","valueRequired":true,"valueName":"search_term_string"}}],"inLanguage":"pt-BR"},{"@type":"Organization","@id":"https:\/\/jornalfatosenoticias.com.br\/#organization","name":"Jornal Fatos e Not\u00edcias","url":"https:\/\/jornalfatosenoticias.com.br\/","logo":{"@type":"ImageObject","inLanguage":"pt-BR","@id":"https:\/\/jornalfatosenoticias.com.br\/#\/schema\/logo\/image\/","url":"https:\/\/jornalfatosenoticias.com.br\/wp-content\/uploads\/2020\/02\/logo120.png","contentUrl":"https:\/\/jornalfatosenoticias.com.br\/wp-content\/uploads\/2020\/02\/logo120.png","width":1227,"height":120,"caption":"Jornal Fatos e Not\u00edcias"},"image":{"@id":"https:\/\/jornalfatosenoticias.com.br\/#\/schema\/logo\/image\/"}},{"@type":"Person","@id":"https:\/\/jornalfatosenoticias.com.br\/#\/schema\/person\/c33fcf5fb02d729d3fec92c6737a22d1","name":"Ana Maria Iencarelli","image":{"@type":"ImageObject","inLanguage":"pt-BR","@id":"https:\/\/jornalfatosenoticias.com.br\/#\/schema\/person\/image\/","url":"https:\/\/jornalfatosenoticias.com.br\/wp-content\/uploads\/2020\/02\/Ana-Maria-Iencarelli-1-150x150.jpg","contentUrl":"https:\/\/jornalfatosenoticias.com.br\/wp-content\/uploads\/2020\/02\/Ana-Maria-Iencarelli-1-150x150.jpg","caption":"Ana Maria Iencarelli"},"description":"Psicanalista Cl\u00ednica, especializada no atendimento a Crian\u00e7as e Adolescentes. Presidente da ONG Vozes de Anjos.","url":"https:\/\/jornalfatosenoticias.com.br\/index.php\/author\/anamaria\/"}]}},"cc_featured_image_caption":{"caption_text":"(Foto: Freepik)","source_text":"","source_url":""},"jetpack_featured_media_url":"https:\/\/jornalfatosenoticias.com.br\/wp-content\/uploads\/2024\/05\/criancas-felizes_freepik.jpg","_links":{"self":[{"href":"https:\/\/jornalfatosenoticias.com.br\/index.php\/wp-json\/wp\/v2\/posts\/51468","targetHints":{"allow":["GET"]}}],"collection":[{"href":"https:\/\/jornalfatosenoticias.com.br\/index.php\/wp-json\/wp\/v2\/posts"}],"about":[{"href":"https:\/\/jornalfatosenoticias.com.br\/index.php\/wp-json\/wp\/v2\/types\/post"}],"author":[{"embeddable":true,"href":"https:\/\/jornalfatosenoticias.com.br\/index.php\/wp-json\/wp\/v2\/users\/8"}],"replies":[{"embeddable":true,"href":"https:\/\/jornalfatosenoticias.com.br\/index.php\/wp-json\/wp\/v2\/comments?post=51468"}],"version-history":[{"count":0,"href":"https:\/\/jornalfatosenoticias.com.br\/index.php\/wp-json\/wp\/v2\/posts\/51468\/revisions"}],"wp:featuredmedia":[{"embeddable":true,"href":"https:\/\/jornalfatosenoticias.com.br\/index.php\/wp-json\/wp\/v2\/media\/51471"}],"wp:attachment":[{"href":"https:\/\/jornalfatosenoticias.com.br\/index.php\/wp-json\/wp\/v2\/media?parent=51468"}],"wp:term":[{"taxonomy":"category","embeddable":true,"href":"https:\/\/jornalfatosenoticias.com.br\/index.php\/wp-json\/wp\/v2\/categories?post=51468"},{"taxonomy":"post_tag","embeddable":true,"href":"https:\/\/jornalfatosenoticias.com.br\/index.php\/wp-json\/wp\/v2\/tags?post=51468"}],"curies":[{"name":"wp","href":"https:\/\/api.w.org\/{rel}","templated":true}]}}