{"id":51473,"date":"2024-05-23T17:41:00","date_gmt":"2024-05-23T20:41:00","guid":{"rendered":"https:\/\/jornalfatosenoticias.com.br\/?p=51473"},"modified":"2024-06-07T10:02:24","modified_gmt":"2024-06-07T13:02:24","slug":"a-influencia-das-cores-no-sucesso-do-seu-negocio","status":"publish","type":"post","link":"https:\/\/jornalfatosenoticias.com.br\/index.php\/2024\/05\/23\/a-influencia-das-cores-no-sucesso-do-seu-negocio\/","title":{"rendered":"A influ\u00eancia das cores no sucesso do seu neg\u00f3cio"},"content":{"rendered":"\n<p><span class=\"has-inline-color has-black-color\">Por&nbsp;<strong><a href=\"https:\/\/jornalfatosenoticias.com.br\/index.php\/2024\/05\/13\/explorando-as-tendencias-e-inovacoes-do-salone-del-mobile-milano-2024\/\">Elaine Carminati<\/a><\/strong><\/span><\/p>\n\n\n\n<div class=\"wp-block-image\"><figure class=\"aligncenter size-large\"><img loading=\"lazy\" decoding=\"async\" width=\"1024\" height=\"111\" src=\"https:\/\/jornalfatosenoticias.com.br\/wp-content\/uploads\/2020\/02\/WhatsApp-Image-2022-09-23-at-12.09.18-1024x111.jpeg\" alt=\"\" class=\"wp-image-34527\" srcset=\"https:\/\/jornalfatosenoticias.com.br\/wp-content\/uploads\/2020\/02\/WhatsApp-Image-2022-09-23-at-12.09.18-1024x111.jpeg 1024w, https:\/\/jornalfatosenoticias.com.br\/wp-content\/uploads\/2020\/02\/WhatsApp-Image-2022-09-23-at-12.09.18-300x32.jpeg 300w, https:\/\/jornalfatosenoticias.com.br\/wp-content\/uploads\/2020\/02\/WhatsApp-Image-2022-09-23-at-12.09.18-768x83.jpeg 768w, https:\/\/jornalfatosenoticias.com.br\/wp-content\/uploads\/2020\/02\/WhatsApp-Image-2022-09-23-at-12.09.18.jpeg 1121w\" sizes=\"auto, (max-width: 1024px) 100vw, 1024px\" \/><\/figure><\/div>\n\n\n\n<div class=\"wp-block-image is-style-rounded\"><figure class=\"alignleft size-large\"><img loading=\"lazy\" decoding=\"async\" width=\"90\" height=\"119\" src=\"https:\/\/jornalfatosenoticias.com.br\/wp-content\/uploads\/2024\/05\/Elaine_Carminati_Portal-removebg-preview.png\" alt=\"\" class=\"wp-image-51078\"\/><\/figure><\/div>\n\n\n\n<p>As cores desempenham um papel crucial na arquitetura comercial, influenciando profundamente a experi\u00eancia dos clientes e o desempenho dos neg\u00f3cios. Por tr\u00e1s da escolha das paletas de cores, h\u00e1 uma ci\u00eancia complexa que busca compreender como diferentes tonalidades afetam nossas emo\u00e7\u00f5es e comportamentos.<br>De acordo com o renomado estudioso de cores, Dr. James Byron, professor de Psicologia da Cor na Universidade de Arte e Design, &#8220;as cores t\u00eam o poder de criar um ambiente emocional que pode impulsionar ou inibir a a\u00e7\u00e3o dos consumidores&#8221;. Esta afirma\u00e7\u00e3o destaca a import\u00e2ncia da psicologia das cores na cria\u00e7\u00e3o de espa\u00e7os comerciais eficazes.<br>Neste artigo, exploraremos como escolher as cores certas pode impulsionar o sucesso do seu neg\u00f3cio.<\/p>\n\n\n\n<div class=\"wp-block-image\"><figure class=\"aligncenter size-large is-resized\"><img loading=\"lazy\" decoding=\"async\" src=\"https:\/\/jornalfatosenoticias.com.br\/wp-content\/uploads\/2022\/02\/Precisao-Contabilidade-1024x724.jpg\" alt=\"\" class=\"wp-image-28088\" width=\"349\" height=\"247\"\/><\/figure><\/div>\n\n\n\n<p><strong><span class=\"has-inline-color has-vivid-purple-color\">Psicologia das Cores<br><\/span><\/strong>Antes de escolher a paleta de cores para o seu espa\u00e7o comercial, \u00e9 fundamental entender o impacto psicol\u00f3gico das cores:<br><strong><span class=\"has-inline-color has-black-color\">Vermelho:<\/span><\/strong> Conhecido por sua associa\u00e7\u00e3o com energia e urg\u00eancia, o vermelho \u00e9 frequentemente usado em ambientes comerciais para estimular o apetite e promover a excita\u00e7\u00e3o. Restaurantes de fast food como o McDonald&#8217;s empregam o vermelho em sua marca e design de interiores para criar uma atmosfera din\u00e2mica e encorajar uma r\u00e1pida rotatividade de clientes.<\/p>\n\n\n\n<div class=\"wp-block-image\"><figure class=\"aligncenter size-large is-resized\"><img loading=\"lazy\" decoding=\"async\" src=\"https:\/\/jornalfatosenoticias.com.br\/wp-content\/uploads\/2023\/08\/ITH.jpeg\" alt=\"\" class=\"wp-image-44638\" width=\"313\" height=\"254\" srcset=\"https:\/\/jornalfatosenoticias.com.br\/wp-content\/uploads\/2023\/08\/ITH.jpeg 800w, https:\/\/jornalfatosenoticias.com.br\/wp-content\/uploads\/2023\/08\/ITH-300x244.jpeg 300w, https:\/\/jornalfatosenoticias.com.br\/wp-content\/uploads\/2023\/08\/ITH-768x624.jpeg 768w\" sizes=\"auto, (max-width: 313px) 100vw, 313px\" \/><\/figure><\/div>\n\n\n\n<p><strong><span class=\"has-inline-color has-black-color\">Azul:<\/span><\/strong> Uma cor calmante e confi\u00e1vel, o azul \u00e9 amplamente utilizado em ambientes corporativos e de servi\u00e7os. Segundo o Dr. Byron, &#8220;o azul transmite uma sensa\u00e7\u00e3o de seguran\u00e7a e confian\u00e7a, sendo ideal para espa\u00e7os onde a credibilidade \u00e9 fundamental, como escrit\u00f3rios e institui\u00e7\u00f5es financeiras&#8221;.<br><strong><span class=\"has-inline-color has-black-color\">Verde:<\/span><\/strong> Associado \u00e0 natureza e ao bem-estar, o verde \u00e9 escolhido por muitos neg\u00f3cios voltados para a sa\u00fade e o equil\u00edbrio. Lojas de produtos naturais e SPAs frequentemente usam o verde para criar uma atmosfera relaxante e convidativa.<\/p>\n\n\n\n<div class=\"wp-block-image\"><figure class=\"aligncenter size-large is-resized\"><img loading=\"lazy\" decoding=\"async\" src=\"https:\/\/jornalfatosenoticias.com.br\/wp-content\/uploads\/2020\/02\/logo-Rapuzel-1024x571.jpg\" alt=\"\" class=\"wp-image-42808\" width=\"366\" height=\"204\" srcset=\"https:\/\/jornalfatosenoticias.com.br\/wp-content\/uploads\/2020\/02\/logo-Rapuzel-1024x571.jpg 1024w, https:\/\/jornalfatosenoticias.com.br\/wp-content\/uploads\/2020\/02\/logo-Rapuzel-300x167.jpg 300w, https:\/\/jornalfatosenoticias.com.br\/wp-content\/uploads\/2020\/02\/logo-Rapuzel-768x428.jpg 768w, https:\/\/jornalfatosenoticias.com.br\/wp-content\/uploads\/2020\/02\/logo-Rapuzel-1536x856.jpg 1536w, https:\/\/jornalfatosenoticias.com.br\/wp-content\/uploads\/2020\/02\/logo-Rapuzel.jpg 1600w\" sizes=\"auto, (max-width: 366px) 100vw, 366px\" \/><\/figure><\/div>\n\n\n\n<p><strong><span class=\"has-inline-color has-black-color\">Amarelo:<\/span><\/strong> Uma cor otimista e estimulante, o amarelo pode ser eficaz para atrair a aten\u00e7\u00e3o dos clientes em ambientes de varejo. No entanto, \u00e9 importante us\u00e1-lo com modera\u00e7\u00e3o, pois pode ser excessivamente estimulante em grandes doses.<\/p>\n\n\n\n<h3 class=\"wp-block-heading\"><strong><span class=\"has-inline-color has-vivid-purple-color\">Exemplos de sucesso<\/span><\/strong><\/h3>\n\n\n\n<div class=\"wp-block-image\"><figure class=\"aligncenter size-large\"><img loading=\"lazy\" decoding=\"async\" width=\"857\" height=\"482\" src=\"https:\/\/jornalfatosenoticias.com.br\/wp-content\/uploads\/2024\/05\/Starbucks_Shutterstock.jpg\" alt=\"\" class=\"wp-image-51474\" srcset=\"https:\/\/jornalfatosenoticias.com.br\/wp-content\/uploads\/2024\/05\/Starbucks_Shutterstock.jpg 857w, https:\/\/jornalfatosenoticias.com.br\/wp-content\/uploads\/2024\/05\/Starbucks_Shutterstock-300x169.jpg 300w, https:\/\/jornalfatosenoticias.com.br\/wp-content\/uploads\/2024\/05\/Starbucks_Shutterstock-768x432.jpg 768w\" sizes=\"auto, (max-width: 857px) 100vw, 857px\" \/><figcaption><em><span class=\"has-inline-color has-black-color\">(Foto: Shutterstock)<\/span><\/em><\/figcaption><\/figure><\/div>\n\n\n\n<p>V\u00e1rias marcas famosas usam estrategicamente as cores para criar associa\u00e7\u00f5es positivas e impactar o comportamento do consumidor:<br><strong><span class=\"has-inline-color has-black-color\">McDonald&#8217;s:<\/span><\/strong> O uso do vermelho e do amarelo na marca e nos restaurantes \u00e9 projetado para estimular o apetite e promover uma experi\u00eancia r\u00e1pida e vibrante.<br><strong><span class=\"has-inline-color has-black-color\">Starbucks:<\/span><\/strong> A paleta de cores predominantemente verde da Starbucks n\u00e3o \u00e9 apenas uma refer\u00eancia \u00e0 cor do caf\u00e9 n\u00e3o torrado, mas, tamb\u00e9m, \u00e9 projetada para evocar uma sensa\u00e7\u00e3o de naturalidade e relaxamento. O Dr. Byron observa que &#8220;o verde \u00e9 uma escolha inteligente para neg\u00f3cios focados no conforto e na experi\u00eancia do cliente&#8221;.<\/p>\n\n\n\n<div class=\"wp-block-image\"><figure class=\"aligncenter size-large is-resized\"><img loading=\"lazy\" decoding=\"async\" src=\"https:\/\/jornalfatosenoticias.com.br\/wp-content\/uploads\/2023\/08\/BKR-1024x1021.jpg\" alt=\"\" class=\"wp-image-44494\" width=\"345\" height=\"344\" srcset=\"https:\/\/jornalfatosenoticias.com.br\/wp-content\/uploads\/2023\/08\/BKR-1024x1021.jpg 1024w, https:\/\/jornalfatosenoticias.com.br\/wp-content\/uploads\/2023\/08\/BKR-300x300.jpg 300w, https:\/\/jornalfatosenoticias.com.br\/wp-content\/uploads\/2023\/08\/BKR-150x150.jpg 150w, https:\/\/jornalfatosenoticias.com.br\/wp-content\/uploads\/2023\/08\/BKR-768x766.jpg 768w, https:\/\/jornalfatosenoticias.com.br\/wp-content\/uploads\/2023\/08\/BKR.jpg 1080w\" sizes=\"auto, (max-width: 345px) 100vw, 345px\" \/><\/figure><\/div>\n\n\n\n<p><strong><span class=\"has-inline-color has-vivid-purple-color\">Aplicando as cores no seu neg\u00f3cio<br><\/span><\/strong>Ao decidir sobre as cores para o seu espa\u00e7o comercial, leve em considera\u00e7\u00e3o o seguinte:<br><strong><span class=\"has-inline-color has-black-color\">Identidade da marca: <\/span><\/strong>As cores devem refletir a identidade e os valores da sua marca.<br><strong><span class=\"has-inline-color has-black-color\">P\u00fablico-alvo:<\/span><\/strong> Considere as prefer\u00eancias e caracter\u00edsticas demogr\u00e1ficas do seu p\u00fablico-alvo.<br><strong><span class=\"has-inline-color has-black-color\">Ambiente desejado: <\/span><\/strong>Pense no tipo de atmosfera que voc\u00ea deseja criar (energ\u00e9tica, tranquila, acolhedora etc.).<br><strong><span class=\"has-inline-color has-black-color\">Equil\u00edbrio e harmonia:<\/span><\/strong> Use uma paleta de cores equilibrada que n\u00e3o sobrecarregue os sentidos dos clientes.<\/p>\n\n\n\n<div class=\"wp-block-image\"><figure class=\"aligncenter size-large\"><img decoding=\"async\" src=\"https:\/\/jornalfatosenoticias.com.br\/wp-content\/uploads\/2020\/02\/barao-das-carnes-300x164-1.jpg\" alt=\"\" class=\"wp-image-34339\"\/><\/figure><\/div>\n\n\n\n<p>Ao escolher sabiamente as cores para o seu espa\u00e7o comercial, voc\u00ea pode transformar a experi\u00eancia dos clientes, influenciando positivamente seu comportamento e aumentando o sucesso do seu neg\u00f3cio.<\/p>\n\n\n\n<p><span class=\"has-inline-color has-black-color\"><strong>Elaine Carminati<br><\/strong><em>Arquiteta urbanista especializada em energia renov\u00e1vel e sustentabilidade<br>Instagram: @elainecarminati.arq<\/em><\/span><\/p>\n","protected":false},"excerpt":{"rendered":"<p>Por&nbsp;Elaine Carminati As cores desempenham um papel crucial na arquitetura comercial, influenciando profundamente a experi\u00eancia dos clientes e o desempenho dos neg\u00f3cios. Por tr\u00e1s da escolha das paletas de cores, h\u00e1 uma ci\u00eancia complexa que busca compreender como diferentes tonalidades afetam nossas emo\u00e7\u00f5es e comportamentos.De acordo com o renomado estudioso de cores, Dr. James Byron, [&hellip;]<\/p>\n","protected":false},"author":2,"featured_media":51475,"comment_status":"open","ping_status":"open","sticky":false,"template":"","format":"standard","meta":{"footnotes":""},"categories":[744],"tags":[2195,23562,23563,23564,904],"class_list":["post-51473","post","type-post","status-publish","format-standard","has-post-thumbnail","hentry","category-arq-urbanismo","tag-cores","tag-influencia-das-cores","tag-influencia-das-cores-no-sucesso-do-seu-negocio","tag-negocio","tag-sucesso"],"yoast_head":"<!-- This site is optimized with the Yoast SEO plugin v26.5 - https:\/\/yoast.com\/wordpress\/plugins\/seo\/ -->\n<title>A influ\u00eancia das cores no sucesso do seu neg\u00f3cio - Jornal Fatos e Not\u00edcias<\/title>\n<meta name=\"robots\" content=\"index, follow, max-snippet:-1, max-image-preview:large, max-video-preview:-1\" \/>\n<link rel=\"canonical\" href=\"https:\/\/jornalfatosenoticias.com.br\/index.php\/2024\/05\/23\/a-influencia-das-cores-no-sucesso-do-seu-negocio\/\" \/>\n<meta property=\"og:locale\" content=\"pt_BR\" \/>\n<meta property=\"og:type\" content=\"article\" \/>\n<meta property=\"og:title\" content=\"A influ\u00eancia das cores no sucesso do seu neg\u00f3cio - Jornal Fatos e Not\u00edcias\" \/>\n<meta property=\"og:description\" content=\"Por&nbsp;Elaine Carminati As cores desempenham um papel crucial na arquitetura comercial, influenciando profundamente a experi\u00eancia dos clientes e o desempenho dos neg\u00f3cios. Por tr\u00e1s da escolha das paletas de cores, h\u00e1 uma ci\u00eancia complexa que busca compreender como diferentes tonalidades afetam nossas emo\u00e7\u00f5es e comportamentos.De acordo com o renomado estudioso de cores, Dr. James Byron, [&hellip;]\" \/>\n<meta property=\"og:url\" content=\"https:\/\/jornalfatosenoticias.com.br\/index.php\/2024\/05\/23\/a-influencia-das-cores-no-sucesso-do-seu-negocio\/\" \/>\n<meta property=\"og:site_name\" content=\"Jornal Fatos e Not\u00edcias\" \/>\n<meta property=\"article:published_time\" content=\"2024-05-23T20:41:00+00:00\" \/>\n<meta property=\"article:modified_time\" content=\"2024-06-07T13:02:24+00:00\" \/>\n<meta property=\"og:image\" content=\"https:\/\/jornalfatosenoticias.com.br\/wp-content\/uploads\/2024\/05\/McDonalds_istock.jpg\" \/>\n\t<meta property=\"og:image:width\" content=\"612\" \/>\n\t<meta property=\"og:image:height\" content=\"408\" \/>\n\t<meta property=\"og:image:type\" content=\"image\/jpeg\" \/>\n<meta name=\"author\" content=\"Luzimara Fernandes\" \/>\n<meta name=\"twitter:card\" content=\"summary_large_image\" \/>\n<meta name=\"twitter:label1\" content=\"Escrito por\" \/>\n\t<meta name=\"twitter:data1\" content=\"Luzimara Fernandes\" \/>\n\t<meta name=\"twitter:label2\" content=\"Est. tempo de leitura\" \/>\n\t<meta name=\"twitter:data2\" content=\"3 minutos\" \/>\n<script type=\"application\/ld+json\" class=\"yoast-schema-graph\">{\"@context\":\"https:\/\/schema.org\",\"@graph\":[{\"@type\":\"Article\",\"@id\":\"https:\/\/jornalfatosenoticias.com.br\/index.php\/2024\/05\/23\/a-influencia-das-cores-no-sucesso-do-seu-negocio\/#article\",\"isPartOf\":{\"@id\":\"https:\/\/jornalfatosenoticias.com.br\/index.php\/2024\/05\/23\/a-influencia-das-cores-no-sucesso-do-seu-negocio\/\"},\"author\":{\"name\":\"Luzimara Fernandes\",\"@id\":\"https:\/\/jornalfatosenoticias.com.br\/#\/schema\/person\/d63837fa13ac8666eb9e74e0985d6f81\"},\"headline\":\"A influ\u00eancia das cores no sucesso do seu neg\u00f3cio\",\"datePublished\":\"2024-05-23T20:41:00+00:00\",\"dateModified\":\"2024-06-07T13:02:24+00:00\",\"mainEntityOfPage\":{\"@id\":\"https:\/\/jornalfatosenoticias.com.br\/index.php\/2024\/05\/23\/a-influencia-das-cores-no-sucesso-do-seu-negocio\/\"},\"wordCount\":589,\"commentCount\":0,\"publisher\":{\"@id\":\"https:\/\/jornalfatosenoticias.com.br\/#organization\"},\"image\":{\"@id\":\"https:\/\/jornalfatosenoticias.com.br\/index.php\/2024\/05\/23\/a-influencia-das-cores-no-sucesso-do-seu-negocio\/#primaryimage\"},\"thumbnailUrl\":\"https:\/\/jornalfatosenoticias.com.br\/wp-content\/uploads\/2024\/05\/McDonalds_istock.jpg\",\"keywords\":[\"cores\",\"influ\u00eancia das cores\",\"influ\u00eancia das cores no sucesso do seu neg\u00f3cio\",\"neg\u00f3cio\",\"sucesso\"],\"articleSection\":[\"Arq &amp; Urb\"],\"inLanguage\":\"pt-BR\",\"potentialAction\":[{\"@type\":\"CommentAction\",\"name\":\"Comment\",\"target\":[\"https:\/\/jornalfatosenoticias.com.br\/index.php\/2024\/05\/23\/a-influencia-das-cores-no-sucesso-do-seu-negocio\/#respond\"]}]},{\"@type\":\"WebPage\",\"@id\":\"https:\/\/jornalfatosenoticias.com.br\/index.php\/2024\/05\/23\/a-influencia-das-cores-no-sucesso-do-seu-negocio\/\",\"url\":\"https:\/\/jornalfatosenoticias.com.br\/index.php\/2024\/05\/23\/a-influencia-das-cores-no-sucesso-do-seu-negocio\/\",\"name\":\"A influ\u00eancia das cores no sucesso do seu neg\u00f3cio - Jornal Fatos e Not\u00edcias\",\"isPartOf\":{\"@id\":\"https:\/\/jornalfatosenoticias.com.br\/#website\"},\"primaryImageOfPage\":{\"@id\":\"https:\/\/jornalfatosenoticias.com.br\/index.php\/2024\/05\/23\/a-influencia-das-cores-no-sucesso-do-seu-negocio\/#primaryimage\"},\"image\":{\"@id\":\"https:\/\/jornalfatosenoticias.com.br\/index.php\/2024\/05\/23\/a-influencia-das-cores-no-sucesso-do-seu-negocio\/#primaryimage\"},\"thumbnailUrl\":\"https:\/\/jornalfatosenoticias.com.br\/wp-content\/uploads\/2024\/05\/McDonalds_istock.jpg\",\"datePublished\":\"2024-05-23T20:41:00+00:00\",\"dateModified\":\"2024-06-07T13:02:24+00:00\",\"breadcrumb\":{\"@id\":\"https:\/\/jornalfatosenoticias.com.br\/index.php\/2024\/05\/23\/a-influencia-das-cores-no-sucesso-do-seu-negocio\/#breadcrumb\"},\"inLanguage\":\"pt-BR\",\"potentialAction\":[{\"@type\":\"ReadAction\",\"target\":[\"https:\/\/jornalfatosenoticias.com.br\/index.php\/2024\/05\/23\/a-influencia-das-cores-no-sucesso-do-seu-negocio\/\"]}]},{\"@type\":\"ImageObject\",\"inLanguage\":\"pt-BR\",\"@id\":\"https:\/\/jornalfatosenoticias.com.br\/index.php\/2024\/05\/23\/a-influencia-das-cores-no-sucesso-do-seu-negocio\/#primaryimage\",\"url\":\"https:\/\/jornalfatosenoticias.com.br\/wp-content\/uploads\/2024\/05\/McDonalds_istock.jpg\",\"contentUrl\":\"https:\/\/jornalfatosenoticias.com.br\/wp-content\/uploads\/2024\/05\/McDonalds_istock.jpg\",\"width\":612,\"height\":408,\"caption\":\"Ljubljana, Slovenia - September 3, 2011: Close-up of McDonalds outdoor sign with typical rounded yellow M letter against cloudless blue sky. Sign is positioned on the left side of image.\"},{\"@type\":\"BreadcrumbList\",\"@id\":\"https:\/\/jornalfatosenoticias.com.br\/index.php\/2024\/05\/23\/a-influencia-das-cores-no-sucesso-do-seu-negocio\/#breadcrumb\",\"itemListElement\":[{\"@type\":\"ListItem\",\"position\":1,\"name\":\"In\u00edcio\",\"item\":\"https:\/\/jornalfatosenoticias.com.br\/\"},{\"@type\":\"ListItem\",\"position\":2,\"name\":\"A influ\u00eancia das cores no sucesso do seu neg\u00f3cio\"}]},{\"@type\":\"WebSite\",\"@id\":\"https:\/\/jornalfatosenoticias.com.br\/#website\",\"url\":\"https:\/\/jornalfatosenoticias.com.br\/\",\"name\":\"Jornal Fatos e Not\u00edcias\",\"description\":\"Not\u00edcias em geral\",\"publisher\":{\"@id\":\"https:\/\/jornalfatosenoticias.com.br\/#organization\"},\"potentialAction\":[{\"@type\":\"SearchAction\",\"target\":{\"@type\":\"EntryPoint\",\"urlTemplate\":\"https:\/\/jornalfatosenoticias.com.br\/?s={search_term_string}\"},\"query-input\":{\"@type\":\"PropertyValueSpecification\",\"valueRequired\":true,\"valueName\":\"search_term_string\"}}],\"inLanguage\":\"pt-BR\"},{\"@type\":\"Organization\",\"@id\":\"https:\/\/jornalfatosenoticias.com.br\/#organization\",\"name\":\"Jornal Fatos e Not\u00edcias\",\"url\":\"https:\/\/jornalfatosenoticias.com.br\/\",\"logo\":{\"@type\":\"ImageObject\",\"inLanguage\":\"pt-BR\",\"@id\":\"https:\/\/jornalfatosenoticias.com.br\/#\/schema\/logo\/image\/\",\"url\":\"https:\/\/jornalfatosenoticias.com.br\/wp-content\/uploads\/2020\/02\/logo120.png\",\"contentUrl\":\"https:\/\/jornalfatosenoticias.com.br\/wp-content\/uploads\/2020\/02\/logo120.png\",\"width\":1227,\"height\":120,\"caption\":\"Jornal Fatos e Not\u00edcias\"},\"image\":{\"@id\":\"https:\/\/jornalfatosenoticias.com.br\/#\/schema\/logo\/image\/\"}},{\"@type\":\"Person\",\"@id\":\"https:\/\/jornalfatosenoticias.com.br\/#\/schema\/person\/d63837fa13ac8666eb9e74e0985d6f81\",\"name\":\"Luzimara Fernandes\",\"image\":{\"@type\":\"ImageObject\",\"inLanguage\":\"pt-BR\",\"@id\":\"https:\/\/jornalfatosenoticias.com.br\/#\/schema\/person\/image\/\",\"url\":\"https:\/\/jornalfatosenoticias.com.br\/wp-content\/uploads\/2025\/05\/EU_portal.jpg\",\"contentUrl\":\"https:\/\/jornalfatosenoticias.com.br\/wp-content\/uploads\/2025\/05\/EU_portal.jpg\",\"caption\":\"Luzimara Fernandes\"},\"description\":\"Jornalista MTB 2358-ES\",\"sameAs\":[\"https:\/\/jornalfatosenoticias.com.br\"],\"url\":\"https:\/\/jornalfatosenoticias.com.br\/index.php\/author\/luzimara\/\"}]}<\/script>\n<!-- \/ Yoast SEO plugin. -->","yoast_head_json":{"title":"A influ\u00eancia das cores no sucesso do seu neg\u00f3cio - Jornal Fatos e Not\u00edcias","robots":{"index":"index","follow":"follow","max-snippet":"max-snippet:-1","max-image-preview":"max-image-preview:large","max-video-preview":"max-video-preview:-1"},"canonical":"https:\/\/jornalfatosenoticias.com.br\/index.php\/2024\/05\/23\/a-influencia-das-cores-no-sucesso-do-seu-negocio\/","og_locale":"pt_BR","og_type":"article","og_title":"A influ\u00eancia das cores no sucesso do seu neg\u00f3cio - Jornal Fatos e Not\u00edcias","og_description":"Por&nbsp;Elaine Carminati As cores desempenham um papel crucial na arquitetura comercial, influenciando profundamente a experi\u00eancia dos clientes e o desempenho dos neg\u00f3cios. Por tr\u00e1s da escolha das paletas de cores, h\u00e1 uma ci\u00eancia complexa que busca compreender como diferentes tonalidades afetam nossas emo\u00e7\u00f5es e comportamentos.De acordo com o renomado estudioso de cores, Dr. James Byron, [&hellip;]","og_url":"https:\/\/jornalfatosenoticias.com.br\/index.php\/2024\/05\/23\/a-influencia-das-cores-no-sucesso-do-seu-negocio\/","og_site_name":"Jornal Fatos e Not\u00edcias","article_published_time":"2024-05-23T20:41:00+00:00","article_modified_time":"2024-06-07T13:02:24+00:00","og_image":[{"width":612,"height":408,"url":"https:\/\/jornalfatosenoticias.com.br\/wp-content\/uploads\/2024\/05\/McDonalds_istock.jpg","type":"image\/jpeg"}],"author":"Luzimara Fernandes","twitter_card":"summary_large_image","twitter_misc":{"Escrito por":"Luzimara Fernandes","Est. tempo de leitura":"3 minutos"},"schema":{"@context":"https:\/\/schema.org","@graph":[{"@type":"Article","@id":"https:\/\/jornalfatosenoticias.com.br\/index.php\/2024\/05\/23\/a-influencia-das-cores-no-sucesso-do-seu-negocio\/#article","isPartOf":{"@id":"https:\/\/jornalfatosenoticias.com.br\/index.php\/2024\/05\/23\/a-influencia-das-cores-no-sucesso-do-seu-negocio\/"},"author":{"name":"Luzimara Fernandes","@id":"https:\/\/jornalfatosenoticias.com.br\/#\/schema\/person\/d63837fa13ac8666eb9e74e0985d6f81"},"headline":"A influ\u00eancia das cores no sucesso do seu neg\u00f3cio","datePublished":"2024-05-23T20:41:00+00:00","dateModified":"2024-06-07T13:02:24+00:00","mainEntityOfPage":{"@id":"https:\/\/jornalfatosenoticias.com.br\/index.php\/2024\/05\/23\/a-influencia-das-cores-no-sucesso-do-seu-negocio\/"},"wordCount":589,"commentCount":0,"publisher":{"@id":"https:\/\/jornalfatosenoticias.com.br\/#organization"},"image":{"@id":"https:\/\/jornalfatosenoticias.com.br\/index.php\/2024\/05\/23\/a-influencia-das-cores-no-sucesso-do-seu-negocio\/#primaryimage"},"thumbnailUrl":"https:\/\/jornalfatosenoticias.com.br\/wp-content\/uploads\/2024\/05\/McDonalds_istock.jpg","keywords":["cores","influ\u00eancia das cores","influ\u00eancia das cores no sucesso do seu neg\u00f3cio","neg\u00f3cio","sucesso"],"articleSection":["Arq &amp; Urb"],"inLanguage":"pt-BR","potentialAction":[{"@type":"CommentAction","name":"Comment","target":["https:\/\/jornalfatosenoticias.com.br\/index.php\/2024\/05\/23\/a-influencia-das-cores-no-sucesso-do-seu-negocio\/#respond"]}]},{"@type":"WebPage","@id":"https:\/\/jornalfatosenoticias.com.br\/index.php\/2024\/05\/23\/a-influencia-das-cores-no-sucesso-do-seu-negocio\/","url":"https:\/\/jornalfatosenoticias.com.br\/index.php\/2024\/05\/23\/a-influencia-das-cores-no-sucesso-do-seu-negocio\/","name":"A influ\u00eancia das cores no sucesso do seu neg\u00f3cio - Jornal Fatos e Not\u00edcias","isPartOf":{"@id":"https:\/\/jornalfatosenoticias.com.br\/#website"},"primaryImageOfPage":{"@id":"https:\/\/jornalfatosenoticias.com.br\/index.php\/2024\/05\/23\/a-influencia-das-cores-no-sucesso-do-seu-negocio\/#primaryimage"},"image":{"@id":"https:\/\/jornalfatosenoticias.com.br\/index.php\/2024\/05\/23\/a-influencia-das-cores-no-sucesso-do-seu-negocio\/#primaryimage"},"thumbnailUrl":"https:\/\/jornalfatosenoticias.com.br\/wp-content\/uploads\/2024\/05\/McDonalds_istock.jpg","datePublished":"2024-05-23T20:41:00+00:00","dateModified":"2024-06-07T13:02:24+00:00","breadcrumb":{"@id":"https:\/\/jornalfatosenoticias.com.br\/index.php\/2024\/05\/23\/a-influencia-das-cores-no-sucesso-do-seu-negocio\/#breadcrumb"},"inLanguage":"pt-BR","potentialAction":[{"@type":"ReadAction","target":["https:\/\/jornalfatosenoticias.com.br\/index.php\/2024\/05\/23\/a-influencia-das-cores-no-sucesso-do-seu-negocio\/"]}]},{"@type":"ImageObject","inLanguage":"pt-BR","@id":"https:\/\/jornalfatosenoticias.com.br\/index.php\/2024\/05\/23\/a-influencia-das-cores-no-sucesso-do-seu-negocio\/#primaryimage","url":"https:\/\/jornalfatosenoticias.com.br\/wp-content\/uploads\/2024\/05\/McDonalds_istock.jpg","contentUrl":"https:\/\/jornalfatosenoticias.com.br\/wp-content\/uploads\/2024\/05\/McDonalds_istock.jpg","width":612,"height":408,"caption":"Ljubljana, Slovenia - September 3, 2011: Close-up of McDonalds outdoor sign with typical rounded yellow M letter against cloudless blue sky. Sign is positioned on the left side of image."},{"@type":"BreadcrumbList","@id":"https:\/\/jornalfatosenoticias.com.br\/index.php\/2024\/05\/23\/a-influencia-das-cores-no-sucesso-do-seu-negocio\/#breadcrumb","itemListElement":[{"@type":"ListItem","position":1,"name":"In\u00edcio","item":"https:\/\/jornalfatosenoticias.com.br\/"},{"@type":"ListItem","position":2,"name":"A influ\u00eancia das cores no sucesso do seu neg\u00f3cio"}]},{"@type":"WebSite","@id":"https:\/\/jornalfatosenoticias.com.br\/#website","url":"https:\/\/jornalfatosenoticias.com.br\/","name":"Jornal Fatos e Not\u00edcias","description":"Not\u00edcias em geral","publisher":{"@id":"https:\/\/jornalfatosenoticias.com.br\/#organization"},"potentialAction":[{"@type":"SearchAction","target":{"@type":"EntryPoint","urlTemplate":"https:\/\/jornalfatosenoticias.com.br\/?s={search_term_string}"},"query-input":{"@type":"PropertyValueSpecification","valueRequired":true,"valueName":"search_term_string"}}],"inLanguage":"pt-BR"},{"@type":"Organization","@id":"https:\/\/jornalfatosenoticias.com.br\/#organization","name":"Jornal Fatos e Not\u00edcias","url":"https:\/\/jornalfatosenoticias.com.br\/","logo":{"@type":"ImageObject","inLanguage":"pt-BR","@id":"https:\/\/jornalfatosenoticias.com.br\/#\/schema\/logo\/image\/","url":"https:\/\/jornalfatosenoticias.com.br\/wp-content\/uploads\/2020\/02\/logo120.png","contentUrl":"https:\/\/jornalfatosenoticias.com.br\/wp-content\/uploads\/2020\/02\/logo120.png","width":1227,"height":120,"caption":"Jornal Fatos e Not\u00edcias"},"image":{"@id":"https:\/\/jornalfatosenoticias.com.br\/#\/schema\/logo\/image\/"}},{"@type":"Person","@id":"https:\/\/jornalfatosenoticias.com.br\/#\/schema\/person\/d63837fa13ac8666eb9e74e0985d6f81","name":"Luzimara Fernandes","image":{"@type":"ImageObject","inLanguage":"pt-BR","@id":"https:\/\/jornalfatosenoticias.com.br\/#\/schema\/person\/image\/","url":"https:\/\/jornalfatosenoticias.com.br\/wp-content\/uploads\/2025\/05\/EU_portal.jpg","contentUrl":"https:\/\/jornalfatosenoticias.com.br\/wp-content\/uploads\/2025\/05\/EU_portal.jpg","caption":"Luzimara Fernandes"},"description":"Jornalista MTB 2358-ES","sameAs":["https:\/\/jornalfatosenoticias.com.br"],"url":"https:\/\/jornalfatosenoticias.com.br\/index.php\/author\/luzimara\/"}]}},"cc_featured_image_caption":{"caption_text":"(Foto: iStock)","source_text":"","source_url":""},"jetpack_featured_media_url":"https:\/\/jornalfatosenoticias.com.br\/wp-content\/uploads\/2024\/05\/McDonalds_istock.jpg","_links":{"self":[{"href":"https:\/\/jornalfatosenoticias.com.br\/index.php\/wp-json\/wp\/v2\/posts\/51473","targetHints":{"allow":["GET"]}}],"collection":[{"href":"https:\/\/jornalfatosenoticias.com.br\/index.php\/wp-json\/wp\/v2\/posts"}],"about":[{"href":"https:\/\/jornalfatosenoticias.com.br\/index.php\/wp-json\/wp\/v2\/types\/post"}],"author":[{"embeddable":true,"href":"https:\/\/jornalfatosenoticias.com.br\/index.php\/wp-json\/wp\/v2\/users\/2"}],"replies":[{"embeddable":true,"href":"https:\/\/jornalfatosenoticias.com.br\/index.php\/wp-json\/wp\/v2\/comments?post=51473"}],"version-history":[{"count":0,"href":"https:\/\/jornalfatosenoticias.com.br\/index.php\/wp-json\/wp\/v2\/posts\/51473\/revisions"}],"wp:featuredmedia":[{"embeddable":true,"href":"https:\/\/jornalfatosenoticias.com.br\/index.php\/wp-json\/wp\/v2\/media\/51475"}],"wp:attachment":[{"href":"https:\/\/jornalfatosenoticias.com.br\/index.php\/wp-json\/wp\/v2\/media?parent=51473"}],"wp:term":[{"taxonomy":"category","embeddable":true,"href":"https:\/\/jornalfatosenoticias.com.br\/index.php\/wp-json\/wp\/v2\/categories?post=51473"},{"taxonomy":"post_tag","embeddable":true,"href":"https:\/\/jornalfatosenoticias.com.br\/index.php\/wp-json\/wp\/v2\/tags?post=51473"}],"curies":[{"name":"wp","href":"https:\/\/api.w.org\/{rel}","templated":true}]}}