{"id":51509,"date":"2024-05-27T09:54:50","date_gmt":"2024-05-27T12:54:50","guid":{"rendered":"https:\/\/jornalfatosenoticias.com.br\/?p=51509"},"modified":"2024-05-27T09:54:51","modified_gmt":"2024-05-27T12:54:51","slug":"curiosidade-de-onde-vem-as-sementes-para-plantar-frutas-sem-sementes","status":"publish","type":"post","link":"https:\/\/jornalfatosenoticias.com.br\/index.php\/2024\/05\/27\/curiosidade-de-onde-vem-as-sementes-para-plantar-frutas-sem-sementes\/","title":{"rendered":"Curiosidade \u2014 De onde v\u00eam as sementes para plantar frutas sem sementes?"},"content":{"rendered":"\n<p><span class=\"has-inline-color has-black-color\">Por <strong><a href=\"https:\/\/www.megacurioso.com.br\/autor\/vivian-de-souza-campos-1\">Vivian de Souza Campos<\/a><\/strong><\/span><\/p>\n\n\n\n<div class=\"wp-block-image\"><figure class=\"aligncenter size-large is-resized\"><img loading=\"lazy\" decoding=\"async\" src=\"https:\/\/jornalfatosenoticias.com.br\/wp-content\/uploads\/2023\/09\/vetorvix1024_1.jpg\" alt=\"\" class=\"wp-image-44868\" width=\"516\" height=\"137\" srcset=\"https:\/\/jornalfatosenoticias.com.br\/wp-content\/uploads\/2023\/09\/vetorvix1024_1.jpg 1024w, https:\/\/jornalfatosenoticias.com.br\/wp-content\/uploads\/2023\/09\/vetorvix1024_1-300x80.jpg 300w, https:\/\/jornalfatosenoticias.com.br\/wp-content\/uploads\/2023\/09\/vetorvix1024_1-768x205.jpg 768w\" sizes=\"auto, (max-width: 516px) 100vw, 516px\" \/><\/figure><\/div>\n\n\n\n<p>Voc\u00ea j\u00e1 se perguntou como frutas sem sementes s\u00e3o plantadas? Essas deliciosas frutas s\u00e3o apreciadas por sua conveni\u00eancia e sabor suculento, mas deixam muitas pessoas curiosas sobre sua reprodu\u00e7\u00e3o e origem. Como \u00e9 poss\u00edvel cultivar e reproduzir frutas sem a presen\u00e7a das sementes? O <a href=\"https:\/\/www.megacurioso.com.br\/educacao\/126893-como-as-plantas-com-frutos-sem-sementes-se-reproduzem.htm\" rel=\"noreferrer noopener\" target=\"_blank\">produ\u00e7\u00e3o de frutas sem sementes<\/a>\u00a0envolve dois principais m\u00e9todos:\u00a0<strong>partenocarpia e cultivo de plantas triploides<\/strong>.<br>Na partenocarpia, o fruto se desenvolve sem fertiliza\u00e7\u00e3o, podendo ocorrer naturalmente devido a muta\u00e7\u00f5es gen\u00e9ticas ou ser induzido por t\u00e9cnicas agr\u00edcolas. Por exemplo, as bananas e algumas variedades de uvas sem sementes, como a Thompson, s\u00e3o conhecidas por essa caracter\u00edstica. Os agricultores preservam as caracter\u00edsticas desej\u00e1veis propagando as videiras por meio de t\u00e9cnicas como enxertia ou estacas enraizadas, garantindo assim a continuidade da esp\u00e9cie.<\/p>\n\n\n\n<div class=\"wp-block-image\"><figure class=\"aligncenter size-large is-resized\"><img loading=\"lazy\" decoding=\"async\" src=\"https:\/\/jornalfatosenoticias.com.br\/wp-content\/uploads\/2023\/08\/ITH.jpeg\" alt=\"\" class=\"wp-image-44638\" width=\"320\" height=\"260\" srcset=\"https:\/\/jornalfatosenoticias.com.br\/wp-content\/uploads\/2023\/08\/ITH.jpeg 800w, https:\/\/jornalfatosenoticias.com.br\/wp-content\/uploads\/2023\/08\/ITH-300x244.jpeg 300w, https:\/\/jornalfatosenoticias.com.br\/wp-content\/uploads\/2023\/08\/ITH-768x624.jpeg 768w\" sizes=\"auto, (max-width: 320px) 100vw, 320px\" \/><\/figure><\/div>\n\n\n\n<p>Por outro lado, frutas como <a href=\"https:\/\/www.megacurioso.com.br\/ciencia\/119844-6-frutas-que-simplesmente-nao-nascem-em-arvores.htm\" rel=\"noreferrer noopener\" target=\"_blank\">melancias<\/a> sem sementes s\u00e3o cultivadas a partir de plantas triploides, que possuem tr\u00eas conjuntos de cromossomos e s\u00e3o est\u00e9reis, incapazes de produzir sementes. O m\u00e9todo para obter plantas triploides envolve cruzamentos cuidadosos entre plantas com diferentes n\u00fameros de cromossomos. Essas frutas triploides s\u00e3o vantajosas para os agricultores, pois produzem frutos sem sementes, facilitando o manejo da colheita e evitando a propaga\u00e7\u00e3o indesejada das plantas.<\/p>\n\n\n\n<div class=\"wp-block-image\"><figure class=\"aligncenter size-large is-resized\"><img loading=\"lazy\" decoding=\"async\" src=\"https:\/\/jornalfatosenoticias.com.br\/wp-content\/uploads\/2020\/02\/logo_esteio.jpg\" alt=\"\" class=\"wp-image-1214\" width=\"348\" height=\"290\"\/><\/figure><\/div>\n\n\n\n<p>Os benef\u00edcios das frutas sem sementes s\u00e3o amplos e influenciam tanto os consumidores quanto os produtores. Uma das principais vantagens \u00e9 a conveni\u00eancia: podem ser consumidas diretamente, sem a necessidade de remover sementes, simplificando o processo de prepara\u00e7\u00e3o e tornando-as ideais para lanches r\u00e1pidos e pr\u00e1ticos. Al\u00e9m disso, apresentam geralmente uma textura mais consistente e uniforme, o que contribui para uma experi\u00eancia de consumo mais agrad\u00e1vel. Esses benef\u00edcios n\u00e3o apenas impulsionam a demanda dos consumidores, mas tamb\u00e9m incentivam <a href=\"https:\/\/www.megacurioso.com.br\/ciencia\/121609-tecnicas-agricolas-que-podem-diminuir-o-uso-de-fertilizantes.htm\" rel=\"noreferrer noopener\" target=\"_blank\">t\u00e9cnicas agr\u00edcolas<\/a> especializadas para garantir sua disponibilidade no mercado.<\/p>\n\n\n\n<div class=\"wp-block-image\"><figure class=\"aligncenter size-large is-resized\"><img loading=\"lazy\" decoding=\"async\" src=\"https:\/\/jornalfatosenoticias.com.br\/wp-content\/uploads\/2023\/03\/nova-logo-Marquetti.jpg\" alt=\"\" class=\"wp-image-40207\" width=\"296\" height=\"199\" srcset=\"https:\/\/jornalfatosenoticias.com.br\/wp-content\/uploads\/2023\/03\/nova-logo-Marquetti.jpg 643w, https:\/\/jornalfatosenoticias.com.br\/wp-content\/uploads\/2023\/03\/nova-logo-Marquetti-300x202.jpg 300w\" sizes=\"auto, (max-width: 296px) 100vw, 296px\" \/><\/figure><\/div>\n\n\n\n<p>Para os produtores, cultivar frutas sem sementes tamb\u00e9m pode trazer vantagens como menor susceptibilidade a pragas e doen\u00e7as, facilitando o armazenamento e transporte devido \u00e0 aus\u00eancia de sementes. Com o avan\u00e7o da gen\u00e9tica e da biotecnologia, os agricultores est\u00e3o adotando novas t\u00e9cnicas para desenvolver e melhorar variedades de frutas sem sementes, visando a sustentabilidade e a diversidade gen\u00e9tica das plantas. Essas inova\u00e7\u00f5es facilitam o cultivo eficiente e econ\u00f4mico dessas frutas em todo o mundo, contribuindo para torn\u00e1-las mais acess\u00edveis, nutritivas e ecologicamente sustent\u00e1veis.<\/p>\n\n\n\n<div class=\"wp-block-image\"><figure class=\"aligncenter size-large is-resized\"><img loading=\"lazy\" decoding=\"async\" src=\"https:\/\/jornalfatosenoticias.com.br\/wp-content\/uploads\/2022\/02\/Precisao-Contabilidade-1024x724.jpg\" alt=\"\" class=\"wp-image-28088\" width=\"353\" height=\"250\"\/><\/figure><\/div>\n\n\n\n<p>Agora, respondendo \u00e0 pergunta inicial: n\u00e3o precisamos de sementes para plantar frutas sem sementes. Como vimos, isso se deve ao fato de que essas frutas s\u00e3o produzidas por meio de t\u00e9cnicas agr\u00edcolas especializadas. Ou seja, esses m\u00e9todos eliminam a necessidade de sementes convencionais para o plantio, permitindo que as frutas se desenvolvam sem esse componente essencial.<\/p>\n\n\n\n<div class=\"wp-block-image\"><figure class=\"aligncenter size-large\"><img decoding=\"async\" src=\"https:\/\/jornalfatosenoticias.com.br\/wp-content\/uploads\/2020\/02\/barao-das-carnes-300x164-1.jpg\" alt=\"\" class=\"wp-image-34339\"\/><\/figure><\/div>\n\n\n\n<p><strong><em>Fonte: <a href=\"https:\/\/www.megacurioso.com.br\/ciencia\/de-onde-vem-as-sementes-para-plantar-frutas-sem-sementes\">Mega Curioso<\/a><\/em><\/strong><\/p>\n","protected":false},"excerpt":{"rendered":"<p>Por Vivian de Souza Campos Voc\u00ea j\u00e1 se perguntou como frutas sem sementes s\u00e3o plantadas? Essas deliciosas frutas s\u00e3o apreciadas por sua conveni\u00eancia e sabor suculento, mas deixam muitas pessoas curiosas sobre sua reprodu\u00e7\u00e3o e origem. Como \u00e9 poss\u00edvel cultivar e reproduzir frutas sem a presen\u00e7a das sementes? O produ\u00e7\u00e3o de frutas sem sementes\u00a0envolve dois [&hellip;]<\/p>\n","protected":false},"author":2,"featured_media":51510,"comment_status":"open","ping_status":"open","sticky":false,"template":"","format":"standard","meta":{"footnotes":""},"categories":[5],"tags":[2445,71,23576,23575],"class_list":["post-51509","post","type-post","status-publish","format-standard","has-post-thumbnail","hentry","category-geral","tag-biologia","tag-embrapa","tag-frutas-sem-sementes","tag-plantas-e-frutas"],"yoast_head":"<!-- This site is optimized with the Yoast SEO plugin v26.5 - https:\/\/yoast.com\/wordpress\/plugins\/seo\/ -->\n<title>Curiosidade \u2014 De onde v\u00eam as sementes para plantar frutas sem sementes? - Jornal Fatos e Not\u00edcias<\/title>\n<meta name=\"robots\" content=\"index, follow, max-snippet:-1, max-image-preview:large, max-video-preview:-1\" \/>\n<link rel=\"canonical\" href=\"https:\/\/jornalfatosenoticias.com.br\/index.php\/2024\/05\/27\/curiosidade-de-onde-vem-as-sementes-para-plantar-frutas-sem-sementes\/\" \/>\n<meta property=\"og:locale\" content=\"pt_BR\" \/>\n<meta property=\"og:type\" content=\"article\" \/>\n<meta property=\"og:title\" content=\"Curiosidade \u2014 De onde v\u00eam as sementes para plantar frutas sem sementes? - Jornal Fatos e Not\u00edcias\" \/>\n<meta property=\"og:description\" content=\"Por Vivian de Souza Campos Voc\u00ea j\u00e1 se perguntou como frutas sem sementes s\u00e3o plantadas? Essas deliciosas frutas s\u00e3o apreciadas por sua conveni\u00eancia e sabor suculento, mas deixam muitas pessoas curiosas sobre sua reprodu\u00e7\u00e3o e origem. Como \u00e9 poss\u00edvel cultivar e reproduzir frutas sem a presen\u00e7a das sementes? O produ\u00e7\u00e3o de frutas sem sementes\u00a0envolve dois [&hellip;]\" \/>\n<meta property=\"og:url\" content=\"https:\/\/jornalfatosenoticias.com.br\/index.php\/2024\/05\/27\/curiosidade-de-onde-vem-as-sementes-para-plantar-frutas-sem-sementes\/\" \/>\n<meta property=\"og:site_name\" content=\"Jornal Fatos e Not\u00edcias\" \/>\n<meta property=\"article:published_time\" content=\"2024-05-27T12:54:50+00:00\" \/>\n<meta property=\"article:modified_time\" content=\"2024-05-27T12:54:51+00:00\" \/>\n<meta property=\"og:image\" content=\"https:\/\/jornalfatosenoticias.com.br\/wp-content\/uploads\/2024\/05\/curiosidade_istock.jpg\" \/>\n\t<meta property=\"og:image:width\" content=\"612\" \/>\n\t<meta property=\"og:image:height\" content=\"408\" \/>\n\t<meta property=\"og:image:type\" content=\"image\/jpeg\" \/>\n<meta name=\"author\" content=\"Luzimara Fernandes\" \/>\n<meta name=\"twitter:card\" content=\"summary_large_image\" \/>\n<meta name=\"twitter:label1\" content=\"Escrito por\" \/>\n\t<meta name=\"twitter:data1\" content=\"Luzimara Fernandes\" \/>\n\t<meta name=\"twitter:label2\" content=\"Est. tempo de leitura\" \/>\n\t<meta name=\"twitter:data2\" content=\"2 minutos\" \/>\n<script type=\"application\/ld+json\" class=\"yoast-schema-graph\">{\"@context\":\"https:\/\/schema.org\",\"@graph\":[{\"@type\":\"Article\",\"@id\":\"https:\/\/jornalfatosenoticias.com.br\/index.php\/2024\/05\/27\/curiosidade-de-onde-vem-as-sementes-para-plantar-frutas-sem-sementes\/#article\",\"isPartOf\":{\"@id\":\"https:\/\/jornalfatosenoticias.com.br\/index.php\/2024\/05\/27\/curiosidade-de-onde-vem-as-sementes-para-plantar-frutas-sem-sementes\/\"},\"author\":{\"name\":\"Luzimara Fernandes\",\"@id\":\"https:\/\/jornalfatosenoticias.com.br\/#\/schema\/person\/d63837fa13ac8666eb9e74e0985d6f81\"},\"headline\":\"Curiosidade \u2014 De onde v\u00eam as sementes para plantar frutas sem sementes?\",\"datePublished\":\"2024-05-27T12:54:50+00:00\",\"dateModified\":\"2024-05-27T12:54:51+00:00\",\"mainEntityOfPage\":{\"@id\":\"https:\/\/jornalfatosenoticias.com.br\/index.php\/2024\/05\/27\/curiosidade-de-onde-vem-as-sementes-para-plantar-frutas-sem-sementes\/\"},\"wordCount\":493,\"commentCount\":0,\"publisher\":{\"@id\":\"https:\/\/jornalfatosenoticias.com.br\/#organization\"},\"image\":{\"@id\":\"https:\/\/jornalfatosenoticias.com.br\/index.php\/2024\/05\/27\/curiosidade-de-onde-vem-as-sementes-para-plantar-frutas-sem-sementes\/#primaryimage\"},\"thumbnailUrl\":\"https:\/\/jornalfatosenoticias.com.br\/wp-content\/uploads\/2024\/05\/curiosidade_istock.jpg\",\"keywords\":[\"biologia\",\"embrapa\",\"frutas sem sementes\",\"plantas e frutas\"],\"articleSection\":[\"Geral\"],\"inLanguage\":\"pt-BR\",\"potentialAction\":[{\"@type\":\"CommentAction\",\"name\":\"Comment\",\"target\":[\"https:\/\/jornalfatosenoticias.com.br\/index.php\/2024\/05\/27\/curiosidade-de-onde-vem-as-sementes-para-plantar-frutas-sem-sementes\/#respond\"]}]},{\"@type\":\"WebPage\",\"@id\":\"https:\/\/jornalfatosenoticias.com.br\/index.php\/2024\/05\/27\/curiosidade-de-onde-vem-as-sementes-para-plantar-frutas-sem-sementes\/\",\"url\":\"https:\/\/jornalfatosenoticias.com.br\/index.php\/2024\/05\/27\/curiosidade-de-onde-vem-as-sementes-para-plantar-frutas-sem-sementes\/\",\"name\":\"Curiosidade \u2014 De onde v\u00eam as sementes para plantar frutas sem sementes? - Jornal Fatos e Not\u00edcias\",\"isPartOf\":{\"@id\":\"https:\/\/jornalfatosenoticias.com.br\/#website\"},\"primaryImageOfPage\":{\"@id\":\"https:\/\/jornalfatosenoticias.com.br\/index.php\/2024\/05\/27\/curiosidade-de-onde-vem-as-sementes-para-plantar-frutas-sem-sementes\/#primaryimage\"},\"image\":{\"@id\":\"https:\/\/jornalfatosenoticias.com.br\/index.php\/2024\/05\/27\/curiosidade-de-onde-vem-as-sementes-para-plantar-frutas-sem-sementes\/#primaryimage\"},\"thumbnailUrl\":\"https:\/\/jornalfatosenoticias.com.br\/wp-content\/uploads\/2024\/05\/curiosidade_istock.jpg\",\"datePublished\":\"2024-05-27T12:54:50+00:00\",\"dateModified\":\"2024-05-27T12:54:51+00:00\",\"breadcrumb\":{\"@id\":\"https:\/\/jornalfatosenoticias.com.br\/index.php\/2024\/05\/27\/curiosidade-de-onde-vem-as-sementes-para-plantar-frutas-sem-sementes\/#breadcrumb\"},\"inLanguage\":\"pt-BR\",\"potentialAction\":[{\"@type\":\"ReadAction\",\"target\":[\"https:\/\/jornalfatosenoticias.com.br\/index.php\/2024\/05\/27\/curiosidade-de-onde-vem-as-sementes-para-plantar-frutas-sem-sementes\/\"]}]},{\"@type\":\"ImageObject\",\"inLanguage\":\"pt-BR\",\"@id\":\"https:\/\/jornalfatosenoticias.com.br\/index.php\/2024\/05\/27\/curiosidade-de-onde-vem-as-sementes-para-plantar-frutas-sem-sementes\/#primaryimage\",\"url\":\"https:\/\/jornalfatosenoticias.com.br\/wp-content\/uploads\/2024\/05\/curiosidade_istock.jpg\",\"contentUrl\":\"https:\/\/jornalfatosenoticias.com.br\/wp-content\/uploads\/2024\/05\/curiosidade_istock.jpg\",\"width\":612,\"height\":408,\"caption\":\"This is an outdoor photograph of sliced watermelon on a white square modern plate sitting on a wooden picnic bench outdoors for a simple and concept of healthy eating and snacks during the summertime fun.\"},{\"@type\":\"BreadcrumbList\",\"@id\":\"https:\/\/jornalfatosenoticias.com.br\/index.php\/2024\/05\/27\/curiosidade-de-onde-vem-as-sementes-para-plantar-frutas-sem-sementes\/#breadcrumb\",\"itemListElement\":[{\"@type\":\"ListItem\",\"position\":1,\"name\":\"In\u00edcio\",\"item\":\"https:\/\/jornalfatosenoticias.com.br\/\"},{\"@type\":\"ListItem\",\"position\":2,\"name\":\"Curiosidade \u2014 De onde v\u00eam as sementes para plantar frutas sem sementes?\"}]},{\"@type\":\"WebSite\",\"@id\":\"https:\/\/jornalfatosenoticias.com.br\/#website\",\"url\":\"https:\/\/jornalfatosenoticias.com.br\/\",\"name\":\"Jornal Fatos e Not\u00edcias\",\"description\":\"Not\u00edcias em geral\",\"publisher\":{\"@id\":\"https:\/\/jornalfatosenoticias.com.br\/#organization\"},\"potentialAction\":[{\"@type\":\"SearchAction\",\"target\":{\"@type\":\"EntryPoint\",\"urlTemplate\":\"https:\/\/jornalfatosenoticias.com.br\/?s={search_term_string}\"},\"query-input\":{\"@type\":\"PropertyValueSpecification\",\"valueRequired\":true,\"valueName\":\"search_term_string\"}}],\"inLanguage\":\"pt-BR\"},{\"@type\":\"Organization\",\"@id\":\"https:\/\/jornalfatosenoticias.com.br\/#organization\",\"name\":\"Jornal Fatos e Not\u00edcias\",\"url\":\"https:\/\/jornalfatosenoticias.com.br\/\",\"logo\":{\"@type\":\"ImageObject\",\"inLanguage\":\"pt-BR\",\"@id\":\"https:\/\/jornalfatosenoticias.com.br\/#\/schema\/logo\/image\/\",\"url\":\"https:\/\/jornalfatosenoticias.com.br\/wp-content\/uploads\/2020\/02\/logo120.png\",\"contentUrl\":\"https:\/\/jornalfatosenoticias.com.br\/wp-content\/uploads\/2020\/02\/logo120.png\",\"width\":1227,\"height\":120,\"caption\":\"Jornal Fatos e Not\u00edcias\"},\"image\":{\"@id\":\"https:\/\/jornalfatosenoticias.com.br\/#\/schema\/logo\/image\/\"}},{\"@type\":\"Person\",\"@id\":\"https:\/\/jornalfatosenoticias.com.br\/#\/schema\/person\/d63837fa13ac8666eb9e74e0985d6f81\",\"name\":\"Luzimara Fernandes\",\"image\":{\"@type\":\"ImageObject\",\"inLanguage\":\"pt-BR\",\"@id\":\"https:\/\/jornalfatosenoticias.com.br\/#\/schema\/person\/image\/\",\"url\":\"https:\/\/jornalfatosenoticias.com.br\/wp-content\/uploads\/2025\/05\/EU_portal.jpg\",\"contentUrl\":\"https:\/\/jornalfatosenoticias.com.br\/wp-content\/uploads\/2025\/05\/EU_portal.jpg\",\"caption\":\"Luzimara Fernandes\"},\"description\":\"Jornalista MTB 2358-ES\",\"sameAs\":[\"https:\/\/jornalfatosenoticias.com.br\"],\"url\":\"https:\/\/jornalfatosenoticias.com.br\/index.php\/author\/luzimara\/\"}]}<\/script>\n<!-- \/ Yoast SEO plugin. -->","yoast_head_json":{"title":"Curiosidade \u2014 De onde v\u00eam as sementes para plantar frutas sem sementes? - Jornal Fatos e Not\u00edcias","robots":{"index":"index","follow":"follow","max-snippet":"max-snippet:-1","max-image-preview":"max-image-preview:large","max-video-preview":"max-video-preview:-1"},"canonical":"https:\/\/jornalfatosenoticias.com.br\/index.php\/2024\/05\/27\/curiosidade-de-onde-vem-as-sementes-para-plantar-frutas-sem-sementes\/","og_locale":"pt_BR","og_type":"article","og_title":"Curiosidade \u2014 De onde v\u00eam as sementes para plantar frutas sem sementes? - Jornal Fatos e Not\u00edcias","og_description":"Por Vivian de Souza Campos Voc\u00ea j\u00e1 se perguntou como frutas sem sementes s\u00e3o plantadas? Essas deliciosas frutas s\u00e3o apreciadas por sua conveni\u00eancia e sabor suculento, mas deixam muitas pessoas curiosas sobre sua reprodu\u00e7\u00e3o e origem. Como \u00e9 poss\u00edvel cultivar e reproduzir frutas sem a presen\u00e7a das sementes? O produ\u00e7\u00e3o de frutas sem sementes\u00a0envolve dois [&hellip;]","og_url":"https:\/\/jornalfatosenoticias.com.br\/index.php\/2024\/05\/27\/curiosidade-de-onde-vem-as-sementes-para-plantar-frutas-sem-sementes\/","og_site_name":"Jornal Fatos e Not\u00edcias","article_published_time":"2024-05-27T12:54:50+00:00","article_modified_time":"2024-05-27T12:54:51+00:00","og_image":[{"width":612,"height":408,"url":"https:\/\/jornalfatosenoticias.com.br\/wp-content\/uploads\/2024\/05\/curiosidade_istock.jpg","type":"image\/jpeg"}],"author":"Luzimara Fernandes","twitter_card":"summary_large_image","twitter_misc":{"Escrito por":"Luzimara Fernandes","Est. tempo de leitura":"2 minutos"},"schema":{"@context":"https:\/\/schema.org","@graph":[{"@type":"Article","@id":"https:\/\/jornalfatosenoticias.com.br\/index.php\/2024\/05\/27\/curiosidade-de-onde-vem-as-sementes-para-plantar-frutas-sem-sementes\/#article","isPartOf":{"@id":"https:\/\/jornalfatosenoticias.com.br\/index.php\/2024\/05\/27\/curiosidade-de-onde-vem-as-sementes-para-plantar-frutas-sem-sementes\/"},"author":{"name":"Luzimara Fernandes","@id":"https:\/\/jornalfatosenoticias.com.br\/#\/schema\/person\/d63837fa13ac8666eb9e74e0985d6f81"},"headline":"Curiosidade \u2014 De onde v\u00eam as sementes para plantar frutas sem sementes?","datePublished":"2024-05-27T12:54:50+00:00","dateModified":"2024-05-27T12:54:51+00:00","mainEntityOfPage":{"@id":"https:\/\/jornalfatosenoticias.com.br\/index.php\/2024\/05\/27\/curiosidade-de-onde-vem-as-sementes-para-plantar-frutas-sem-sementes\/"},"wordCount":493,"commentCount":0,"publisher":{"@id":"https:\/\/jornalfatosenoticias.com.br\/#organization"},"image":{"@id":"https:\/\/jornalfatosenoticias.com.br\/index.php\/2024\/05\/27\/curiosidade-de-onde-vem-as-sementes-para-plantar-frutas-sem-sementes\/#primaryimage"},"thumbnailUrl":"https:\/\/jornalfatosenoticias.com.br\/wp-content\/uploads\/2024\/05\/curiosidade_istock.jpg","keywords":["biologia","embrapa","frutas sem sementes","plantas e frutas"],"articleSection":["Geral"],"inLanguage":"pt-BR","potentialAction":[{"@type":"CommentAction","name":"Comment","target":["https:\/\/jornalfatosenoticias.com.br\/index.php\/2024\/05\/27\/curiosidade-de-onde-vem-as-sementes-para-plantar-frutas-sem-sementes\/#respond"]}]},{"@type":"WebPage","@id":"https:\/\/jornalfatosenoticias.com.br\/index.php\/2024\/05\/27\/curiosidade-de-onde-vem-as-sementes-para-plantar-frutas-sem-sementes\/","url":"https:\/\/jornalfatosenoticias.com.br\/index.php\/2024\/05\/27\/curiosidade-de-onde-vem-as-sementes-para-plantar-frutas-sem-sementes\/","name":"Curiosidade \u2014 De onde v\u00eam as sementes para plantar frutas sem sementes? - Jornal Fatos e Not\u00edcias","isPartOf":{"@id":"https:\/\/jornalfatosenoticias.com.br\/#website"},"primaryImageOfPage":{"@id":"https:\/\/jornalfatosenoticias.com.br\/index.php\/2024\/05\/27\/curiosidade-de-onde-vem-as-sementes-para-plantar-frutas-sem-sementes\/#primaryimage"},"image":{"@id":"https:\/\/jornalfatosenoticias.com.br\/index.php\/2024\/05\/27\/curiosidade-de-onde-vem-as-sementes-para-plantar-frutas-sem-sementes\/#primaryimage"},"thumbnailUrl":"https:\/\/jornalfatosenoticias.com.br\/wp-content\/uploads\/2024\/05\/curiosidade_istock.jpg","datePublished":"2024-05-27T12:54:50+00:00","dateModified":"2024-05-27T12:54:51+00:00","breadcrumb":{"@id":"https:\/\/jornalfatosenoticias.com.br\/index.php\/2024\/05\/27\/curiosidade-de-onde-vem-as-sementes-para-plantar-frutas-sem-sementes\/#breadcrumb"},"inLanguage":"pt-BR","potentialAction":[{"@type":"ReadAction","target":["https:\/\/jornalfatosenoticias.com.br\/index.php\/2024\/05\/27\/curiosidade-de-onde-vem-as-sementes-para-plantar-frutas-sem-sementes\/"]}]},{"@type":"ImageObject","inLanguage":"pt-BR","@id":"https:\/\/jornalfatosenoticias.com.br\/index.php\/2024\/05\/27\/curiosidade-de-onde-vem-as-sementes-para-plantar-frutas-sem-sementes\/#primaryimage","url":"https:\/\/jornalfatosenoticias.com.br\/wp-content\/uploads\/2024\/05\/curiosidade_istock.jpg","contentUrl":"https:\/\/jornalfatosenoticias.com.br\/wp-content\/uploads\/2024\/05\/curiosidade_istock.jpg","width":612,"height":408,"caption":"This is an outdoor photograph of sliced watermelon on a white square modern plate sitting on a wooden picnic bench outdoors for a simple and concept of healthy eating and snacks during the summertime fun."},{"@type":"BreadcrumbList","@id":"https:\/\/jornalfatosenoticias.com.br\/index.php\/2024\/05\/27\/curiosidade-de-onde-vem-as-sementes-para-plantar-frutas-sem-sementes\/#breadcrumb","itemListElement":[{"@type":"ListItem","position":1,"name":"In\u00edcio","item":"https:\/\/jornalfatosenoticias.com.br\/"},{"@type":"ListItem","position":2,"name":"Curiosidade \u2014 De onde v\u00eam as sementes para plantar frutas sem sementes?"}]},{"@type":"WebSite","@id":"https:\/\/jornalfatosenoticias.com.br\/#website","url":"https:\/\/jornalfatosenoticias.com.br\/","name":"Jornal Fatos e Not\u00edcias","description":"Not\u00edcias em geral","publisher":{"@id":"https:\/\/jornalfatosenoticias.com.br\/#organization"},"potentialAction":[{"@type":"SearchAction","target":{"@type":"EntryPoint","urlTemplate":"https:\/\/jornalfatosenoticias.com.br\/?s={search_term_string}"},"query-input":{"@type":"PropertyValueSpecification","valueRequired":true,"valueName":"search_term_string"}}],"inLanguage":"pt-BR"},{"@type":"Organization","@id":"https:\/\/jornalfatosenoticias.com.br\/#organization","name":"Jornal Fatos e Not\u00edcias","url":"https:\/\/jornalfatosenoticias.com.br\/","logo":{"@type":"ImageObject","inLanguage":"pt-BR","@id":"https:\/\/jornalfatosenoticias.com.br\/#\/schema\/logo\/image\/","url":"https:\/\/jornalfatosenoticias.com.br\/wp-content\/uploads\/2020\/02\/logo120.png","contentUrl":"https:\/\/jornalfatosenoticias.com.br\/wp-content\/uploads\/2020\/02\/logo120.png","width":1227,"height":120,"caption":"Jornal Fatos e Not\u00edcias"},"image":{"@id":"https:\/\/jornalfatosenoticias.com.br\/#\/schema\/logo\/image\/"}},{"@type":"Person","@id":"https:\/\/jornalfatosenoticias.com.br\/#\/schema\/person\/d63837fa13ac8666eb9e74e0985d6f81","name":"Luzimara Fernandes","image":{"@type":"ImageObject","inLanguage":"pt-BR","@id":"https:\/\/jornalfatosenoticias.com.br\/#\/schema\/person\/image\/","url":"https:\/\/jornalfatosenoticias.com.br\/wp-content\/uploads\/2025\/05\/EU_portal.jpg","contentUrl":"https:\/\/jornalfatosenoticias.com.br\/wp-content\/uploads\/2025\/05\/EU_portal.jpg","caption":"Luzimara Fernandes"},"description":"Jornalista MTB 2358-ES","sameAs":["https:\/\/jornalfatosenoticias.com.br"],"url":"https:\/\/jornalfatosenoticias.com.br\/index.php\/author\/luzimara\/"}]}},"cc_featured_image_caption":{"caption_text":"(Foto: iStock) ","source_text":"","source_url":""},"jetpack_featured_media_url":"https:\/\/jornalfatosenoticias.com.br\/wp-content\/uploads\/2024\/05\/curiosidade_istock.jpg","_links":{"self":[{"href":"https:\/\/jornalfatosenoticias.com.br\/index.php\/wp-json\/wp\/v2\/posts\/51509","targetHints":{"allow":["GET"]}}],"collection":[{"href":"https:\/\/jornalfatosenoticias.com.br\/index.php\/wp-json\/wp\/v2\/posts"}],"about":[{"href":"https:\/\/jornalfatosenoticias.com.br\/index.php\/wp-json\/wp\/v2\/types\/post"}],"author":[{"embeddable":true,"href":"https:\/\/jornalfatosenoticias.com.br\/index.php\/wp-json\/wp\/v2\/users\/2"}],"replies":[{"embeddable":true,"href":"https:\/\/jornalfatosenoticias.com.br\/index.php\/wp-json\/wp\/v2\/comments?post=51509"}],"version-history":[{"count":0,"href":"https:\/\/jornalfatosenoticias.com.br\/index.php\/wp-json\/wp\/v2\/posts\/51509\/revisions"}],"wp:featuredmedia":[{"embeddable":true,"href":"https:\/\/jornalfatosenoticias.com.br\/index.php\/wp-json\/wp\/v2\/media\/51510"}],"wp:attachment":[{"href":"https:\/\/jornalfatosenoticias.com.br\/index.php\/wp-json\/wp\/v2\/media?parent=51509"}],"wp:term":[{"taxonomy":"category","embeddable":true,"href":"https:\/\/jornalfatosenoticias.com.br\/index.php\/wp-json\/wp\/v2\/categories?post=51509"},{"taxonomy":"post_tag","embeddable":true,"href":"https:\/\/jornalfatosenoticias.com.br\/index.php\/wp-json\/wp\/v2\/tags?post=51509"}],"curies":[{"name":"wp","href":"https:\/\/api.w.org\/{rel}","templated":true}]}}