{"id":51512,"date":"2024-05-27T10:02:24","date_gmt":"2024-05-27T13:02:24","guid":{"rendered":"https:\/\/jornalfatosenoticias.com.br\/?p=51512"},"modified":"2024-05-27T10:02:25","modified_gmt":"2024-05-27T13:02:25","slug":"quais-doencas-afetarao-a-humanidade-em-2050-estudo-responde","status":"publish","type":"post","link":"https:\/\/jornalfatosenoticias.com.br\/index.php\/2024\/05\/27\/quais-doencas-afetarao-a-humanidade-em-2050-estudo-responde\/","title":{"rendered":"Quais doen\u00e7as afetar\u00e3o a humanidade em 2050? Estudo responde"},"content":{"rendered":"\n<p><em><span class=\"has-inline-color has-black-color\">A expectativa de vida global deve aumentar quase cinco anos at\u00e9 l\u00e1; doen\u00e7as n\u00e3o transmiss\u00edveis ser\u00e3o mais frequentes<\/span><\/em><\/p>\n\n\n\n<p><span class=\"has-inline-color has-black-color\">Por <strong><a href=\"https:\/\/olhardigital.com.br\/author\/da-redacao-4\/\">Gabriel S\u00e9rvio<\/a><\/strong><\/span><\/p>\n\n\n\n<div class=\"wp-block-image\"><figure class=\"aligncenter size-large\"><img loading=\"lazy\" decoding=\"async\" width=\"729\" height=\"90\" src=\"https:\/\/jornalfatosenoticias.com.br\/wp-content\/uploads\/2020\/02\/Logo_Mizu.png\" alt=\"\" class=\"wp-image-1441\" srcset=\"https:\/\/jornalfatosenoticias.com.br\/wp-content\/uploads\/2020\/02\/Logo_Mizu.png 729w, https:\/\/jornalfatosenoticias.com.br\/wp-content\/uploads\/2020\/02\/Logo_Mizu-300x37.png 300w\" sizes=\"auto, (max-width: 729px) 100vw, 729px\" \/><\/figure><\/div>\n\n\n\n<p>J\u00e1 se perguntou como ser\u00e1 a <strong><a href=\"https:\/\/olhardigital.com.br\/tag\/saude\/\">sa\u00fade<\/a><\/strong> global daqui a 30 anos? Quais doen\u00e7as poder\u00e3o afetar a humanidade? O Estudo Global sobre a Carga de Doen\u00e7as, Les\u00f5es e Fatores de Risco (ou GBD na sigla em ingl\u00eas) respondeu essas quest\u00f5es. A boa not\u00edcia \u00e9 que \u00e9 esperado um aumento na expectativa de vida, a m\u00e1 \u00e9 que doen\u00e7as n\u00e3o transmiss\u00edveis, como o c\u00e2ncer, ser\u00e3o cada vez mais frequentes.<br>A covid-19 apareceu em destaque, considerada o <em><span class=\"has-inline-color has-black-color\">\u201cmaior rev\u00e9s na sa\u00fade global nos \u00faltimos 71 anos\u201d<\/span><\/em> pelo professor Christopher Murray, diretor do Institute for Health Metrics and Evaluation. No entanto, o GBD tamb\u00e9m olhou para o futuro para prever como ser\u00e1 o panorama da doen\u00e7a nas pr\u00f3ximas d\u00e9cadas. O estudo realizado em 2021 centrou-se em 204 pa\u00edses e territ\u00f3rios, prevendo \u201co futuro prov\u00e1vel\u201d at\u00e9 2050. \u00c9 prov\u00e1vel que a expectativa de vida aumenta em 4,9 anos para homens e 4,2 anos para mulheres.<\/p>\n\n\n\n<div class=\"wp-block-image\"><figure class=\"aligncenter size-large is-resized\"><img loading=\"lazy\" decoding=\"async\" src=\"https:\/\/jornalfatosenoticias.com.br\/wp-content\/uploads\/2020\/02\/logo_esteio.jpg\" alt=\"\" class=\"wp-image-1214\" width=\"342\" height=\"285\"\/><\/figure><\/div>\n\n\n\n<blockquote class=\"wp-block-quote is-layout-flow wp-block-quote-is-layout-flow\"><p><span class=\"has-inline-color has-luminous-vivid-orange-color\">Apesar das altera\u00e7\u00f5es clim\u00e1ticas, \u00e0 glicemia plasm\u00e1tica em jejum elevada e ao uso de drogas, esperamos que a expectativa de vida saud\u00e1vel aumente at\u00e9 2050\u201d, escreve Murray.<\/span><\/p><\/blockquote>\n\n\n\n<div class=\"wp-block-image\"><figure class=\"aligncenter size-large is-resized\"><img loading=\"lazy\" decoding=\"async\" src=\"https:\/\/jornalfatosenoticias.com.br\/wp-content\/uploads\/2023\/12\/pegoretti-logo-pdf-1024x389.jpg\" alt=\"\" class=\"wp-image-47536\" width=\"498\" height=\"189\" srcset=\"https:\/\/jornalfatosenoticias.com.br\/wp-content\/uploads\/2023\/12\/pegoretti-logo-pdf-1024x389.jpg 1024w, https:\/\/jornalfatosenoticias.com.br\/wp-content\/uploads\/2023\/12\/pegoretti-logo-pdf-300x114.jpg 300w, https:\/\/jornalfatosenoticias.com.br\/wp-content\/uploads\/2023\/12\/pegoretti-logo-pdf-768x291.jpg 768w, https:\/\/jornalfatosenoticias.com.br\/wp-content\/uploads\/2023\/12\/pegoretti-logo-pdf.jpg 1120w\" sizes=\"auto, (max-width: 498px) 100vw, 498px\" \/><\/figure><\/div>\n\n\n\n<p>No entanto, o especialista alerta que \u201co progresso esperado \u00e9 fr\u00e1gil\u201d e pode facilmente ser prejudicado por amea\u00e7as como a inseguran\u00e7a alimentar, a resist\u00eancia antimicrobiana, a escalada de conflitos e o aumento da diabete, obesidade, depend\u00eancia e envelhecimento.<\/p>\n\n\n\n<div class=\"wp-block-image\"><figure class=\"aligncenter size-large is-resized\"><img loading=\"lazy\" decoding=\"async\" src=\"https:\/\/jornalfatosenoticias.com.br\/wp-content\/uploads\/2023\/08\/BKR-1024x1021.jpg\" alt=\"\" class=\"wp-image-44494\" width=\"331\" height=\"330\" srcset=\"https:\/\/jornalfatosenoticias.com.br\/wp-content\/uploads\/2023\/08\/BKR-1024x1021.jpg 1024w, https:\/\/jornalfatosenoticias.com.br\/wp-content\/uploads\/2023\/08\/BKR-300x300.jpg 300w, https:\/\/jornalfatosenoticias.com.br\/wp-content\/uploads\/2023\/08\/BKR-150x150.jpg 150w, https:\/\/jornalfatosenoticias.com.br\/wp-content\/uploads\/2023\/08\/BKR-768x766.jpg 768w, https:\/\/jornalfatosenoticias.com.br\/wp-content\/uploads\/2023\/08\/BKR.jpg 1080w\" sizes=\"auto, (max-width: 331px) 100vw, 331px\" \/><\/figure><\/div>\n\n\n\n<p>As previs\u00f5es tamb\u00e9m indicam que haver\u00e1 uma mudan\u00e7a na carga de doen\u00e7as, das doen\u00e7as transmiss\u00edveis para n\u00e3o transmiss\u00edveis (DNT) \u2014 doen\u00e7as que n\u00e3o s\u00e3o transmiss\u00edveis diretamente de uma pessoa para outra, incluindo doen\u00e7as cardiovasculares, c\u00e2ncer e diabete.<\/p>\n\n\n\n<div class=\"wp-block-image\"><figure class=\"aligncenter size-large is-resized\"><img loading=\"lazy\" decoding=\"async\" src=\"https:\/\/jornalfatosenoticias.com.br\/wp-content\/uploads\/2023\/03\/nova-logo-Marquetti.jpg\" alt=\"\" class=\"wp-image-40207\" width=\"337\" height=\"226\" srcset=\"https:\/\/jornalfatosenoticias.com.br\/wp-content\/uploads\/2023\/03\/nova-logo-Marquetti.jpg 643w, https:\/\/jornalfatosenoticias.com.br\/wp-content\/uploads\/2023\/03\/nova-logo-Marquetti-300x202.jpg 300w\" sizes=\"auto, (max-width: 337px) 100vw, 337px\" \/><\/figure><\/div>\n\n\n\n<p>Haver\u00e1 tamb\u00e9m um aumento nos anos vividos com incapacidade, indicando uma mudan\u00e7a da morte prematura para a morbilidade, ou seja, as pessoas viver\u00e3o mais, mesmo com sa\u00fade mais debilitada. Por fim, a pesquisa sugere que ao reduzir riscos \u201cmetab\u00f3licos e diet\u00e9ticos crescentes, como a\u00e7\u00facar elevado no sangue, \u00edndice de massa corporal elevado e press\u00e3o arterial elevada\u201d, podemos melhorar drasticamente os resultados de sa\u00fade no futuro.<br>O estudo mais recente foi publicado na revista cient\u00edfica sobre medicina <strong><em><a href=\"https:\/\/www.thelancet.com\/journals\/lancet\/article\/PIIS0140-6736(24)00685-8\/fulltext\" target=\"_blank\" rel=\"noreferrer noopener\">The Lancet<\/a><\/em>.<\/strong><\/p>\n\n\n\n<div class=\"wp-block-image\"><figure class=\"aligncenter size-large is-resized\"><img loading=\"lazy\" decoding=\"async\" src=\"https:\/\/jornalfatosenoticias.com.br\/wp-content\/uploads\/2023\/03\/logo-Panper_portal.jpg\" alt=\"\" class=\"wp-image-40208\" width=\"336\" height=\"233\" srcset=\"https:\/\/jornalfatosenoticias.com.br\/wp-content\/uploads\/2023\/03\/logo-Panper_portal.jpg 400w, https:\/\/jornalfatosenoticias.com.br\/wp-content\/uploads\/2023\/03\/logo-Panper_portal-300x208.jpg 300w\" sizes=\"auto, (max-width: 336px) 100vw, 336px\" \/><\/figure><\/div>\n\n\n\n<p><strong><em>Fonte: <a href=\"https:\/\/olhardigital.com.br\/2024\/05\/20\/medicina-e-saude\/quais-doencas-afetarao-a-humanidade-em-2050-estudo-responde\/\">Olhar Digital<\/a><\/em><\/strong><\/p>\n","protected":false},"excerpt":{"rendered":"<p>A expectativa de vida global deve aumentar quase cinco anos at\u00e9 l\u00e1; doen\u00e7as n\u00e3o transmiss\u00edveis ser\u00e3o mais frequentes Por Gabriel S\u00e9rvio J\u00e1 se perguntou como ser\u00e1 a sa\u00fade global daqui a 30 anos? Quais doen\u00e7as poder\u00e3o afetar a humanidade? O Estudo Global sobre a Carga de Doen\u00e7as, Les\u00f5es e Fatores de Risco (ou GBD na [&hellip;]<\/p>\n","protected":false},"author":2,"featured_media":51513,"comment_status":"open","ping_status":"open","sticky":false,"template":"","format":"standard","meta":{"footnotes":""},"categories":[11],"tags":[753,714,4025,383,23577],"class_list":["post-51512","post","type-post","status-publish","format-standard","has-post-thumbnail","hentry","category-saude","tag-doencas","tag-estudo","tag-expectativa-de-vida","tag-humanidade","tag-saude-no-futuro"],"yoast_head":"<!-- This site is optimized with the Yoast SEO plugin v26.5 - https:\/\/yoast.com\/wordpress\/plugins\/seo\/ -->\n<title>Quais doen\u00e7as afetar\u00e3o a humanidade em 2050? Estudo responde - Jornal Fatos e Not\u00edcias<\/title>\n<meta name=\"robots\" content=\"index, follow, max-snippet:-1, max-image-preview:large, max-video-preview:-1\" \/>\n<link rel=\"canonical\" href=\"https:\/\/jornalfatosenoticias.com.br\/index.php\/2024\/05\/27\/quais-doencas-afetarao-a-humanidade-em-2050-estudo-responde\/\" \/>\n<meta property=\"og:locale\" content=\"pt_BR\" \/>\n<meta property=\"og:type\" content=\"article\" \/>\n<meta property=\"og:title\" content=\"Quais doen\u00e7as afetar\u00e3o a humanidade em 2050? Estudo responde - Jornal Fatos e Not\u00edcias\" \/>\n<meta property=\"og:description\" content=\"A expectativa de vida global deve aumentar quase cinco anos at\u00e9 l\u00e1; doen\u00e7as n\u00e3o transmiss\u00edveis ser\u00e3o mais frequentes Por Gabriel S\u00e9rvio J\u00e1 se perguntou como ser\u00e1 a sa\u00fade global daqui a 30 anos? Quais doen\u00e7as poder\u00e3o afetar a humanidade? O Estudo Global sobre a Carga de Doen\u00e7as, Les\u00f5es e Fatores de Risco (ou GBD na [&hellip;]\" \/>\n<meta property=\"og:url\" content=\"https:\/\/jornalfatosenoticias.com.br\/index.php\/2024\/05\/27\/quais-doencas-afetarao-a-humanidade-em-2050-estudo-responde\/\" \/>\n<meta property=\"og:site_name\" content=\"Jornal Fatos e Not\u00edcias\" \/>\n<meta property=\"article:published_time\" content=\"2024-05-27T13:02:24+00:00\" \/>\n<meta property=\"article:modified_time\" content=\"2024-05-27T13:02:25+00:00\" \/>\n<meta property=\"og:image\" content=\"https:\/\/jornalfatosenoticias.com.br\/wp-content\/uploads\/2024\/05\/doencas-que-afetarao-a-humanidade_istock.jpg\" \/>\n\t<meta property=\"og:image:width\" content=\"612\" \/>\n\t<meta property=\"og:image:height\" content=\"408\" \/>\n\t<meta property=\"og:image:type\" content=\"image\/jpeg\" \/>\n<meta name=\"author\" content=\"Luzimara Fernandes\" \/>\n<meta name=\"twitter:card\" content=\"summary_large_image\" \/>\n<meta name=\"twitter:label1\" content=\"Escrito por\" \/>\n\t<meta name=\"twitter:data1\" content=\"Luzimara Fernandes\" \/>\n\t<meta name=\"twitter:label2\" content=\"Est. tempo de leitura\" \/>\n\t<meta name=\"twitter:data2\" content=\"2 minutos\" \/>\n<script type=\"application\/ld+json\" class=\"yoast-schema-graph\">{\"@context\":\"https:\/\/schema.org\",\"@graph\":[{\"@type\":\"Article\",\"@id\":\"https:\/\/jornalfatosenoticias.com.br\/index.php\/2024\/05\/27\/quais-doencas-afetarao-a-humanidade-em-2050-estudo-responde\/#article\",\"isPartOf\":{\"@id\":\"https:\/\/jornalfatosenoticias.com.br\/index.php\/2024\/05\/27\/quais-doencas-afetarao-a-humanidade-em-2050-estudo-responde\/\"},\"author\":{\"name\":\"Luzimara Fernandes\",\"@id\":\"https:\/\/jornalfatosenoticias.com.br\/#\/schema\/person\/d63837fa13ac8666eb9e74e0985d6f81\"},\"headline\":\"Quais doen\u00e7as afetar\u00e3o a humanidade em 2050? Estudo responde\",\"datePublished\":\"2024-05-27T13:02:24+00:00\",\"dateModified\":\"2024-05-27T13:02:25+00:00\",\"mainEntityOfPage\":{\"@id\":\"https:\/\/jornalfatosenoticias.com.br\/index.php\/2024\/05\/27\/quais-doencas-afetarao-a-humanidade-em-2050-estudo-responde\/\"},\"wordCount\":411,\"commentCount\":0,\"publisher\":{\"@id\":\"https:\/\/jornalfatosenoticias.com.br\/#organization\"},\"image\":{\"@id\":\"https:\/\/jornalfatosenoticias.com.br\/index.php\/2024\/05\/27\/quais-doencas-afetarao-a-humanidade-em-2050-estudo-responde\/#primaryimage\"},\"thumbnailUrl\":\"https:\/\/jornalfatosenoticias.com.br\/wp-content\/uploads\/2024\/05\/doencas-que-afetarao-a-humanidade_istock.jpg\",\"keywords\":[\"doen\u00e7as\",\"Estudo\",\"expectativa de vida\",\"humanidade\",\"sa\u00fade no futuro\"],\"articleSection\":[\"Sa\u00fade\"],\"inLanguage\":\"pt-BR\",\"potentialAction\":[{\"@type\":\"CommentAction\",\"name\":\"Comment\",\"target\":[\"https:\/\/jornalfatosenoticias.com.br\/index.php\/2024\/05\/27\/quais-doencas-afetarao-a-humanidade-em-2050-estudo-responde\/#respond\"]}]},{\"@type\":\"WebPage\",\"@id\":\"https:\/\/jornalfatosenoticias.com.br\/index.php\/2024\/05\/27\/quais-doencas-afetarao-a-humanidade-em-2050-estudo-responde\/\",\"url\":\"https:\/\/jornalfatosenoticias.com.br\/index.php\/2024\/05\/27\/quais-doencas-afetarao-a-humanidade-em-2050-estudo-responde\/\",\"name\":\"Quais doen\u00e7as afetar\u00e3o a humanidade em 2050? Estudo responde - Jornal Fatos e Not\u00edcias\",\"isPartOf\":{\"@id\":\"https:\/\/jornalfatosenoticias.com.br\/#website\"},\"primaryImageOfPage\":{\"@id\":\"https:\/\/jornalfatosenoticias.com.br\/index.php\/2024\/05\/27\/quais-doencas-afetarao-a-humanidade-em-2050-estudo-responde\/#primaryimage\"},\"image\":{\"@id\":\"https:\/\/jornalfatosenoticias.com.br\/index.php\/2024\/05\/27\/quais-doencas-afetarao-a-humanidade-em-2050-estudo-responde\/#primaryimage\"},\"thumbnailUrl\":\"https:\/\/jornalfatosenoticias.com.br\/wp-content\/uploads\/2024\/05\/doencas-que-afetarao-a-humanidade_istock.jpg\",\"datePublished\":\"2024-05-27T13:02:24+00:00\",\"dateModified\":\"2024-05-27T13:02:25+00:00\",\"breadcrumb\":{\"@id\":\"https:\/\/jornalfatosenoticias.com.br\/index.php\/2024\/05\/27\/quais-doencas-afetarao-a-humanidade-em-2050-estudo-responde\/#breadcrumb\"},\"inLanguage\":\"pt-BR\",\"potentialAction\":[{\"@type\":\"ReadAction\",\"target\":[\"https:\/\/jornalfatosenoticias.com.br\/index.php\/2024\/05\/27\/quais-doencas-afetarao-a-humanidade-em-2050-estudo-responde\/\"]}]},{\"@type\":\"ImageObject\",\"inLanguage\":\"pt-BR\",\"@id\":\"https:\/\/jornalfatosenoticias.com.br\/index.php\/2024\/05\/27\/quais-doencas-afetarao-a-humanidade-em-2050-estudo-responde\/#primaryimage\",\"url\":\"https:\/\/jornalfatosenoticias.com.br\/wp-content\/uploads\/2024\/05\/doencas-que-afetarao-a-humanidade_istock.jpg\",\"contentUrl\":\"https:\/\/jornalfatosenoticias.com.br\/wp-content\/uploads\/2024\/05\/doencas-que-afetarao-a-humanidade_istock.jpg\",\"width\":612,\"height\":408,\"caption\":\"Hands of a thoughtful old man leaning on a cane, sitting at home.\"},{\"@type\":\"BreadcrumbList\",\"@id\":\"https:\/\/jornalfatosenoticias.com.br\/index.php\/2024\/05\/27\/quais-doencas-afetarao-a-humanidade-em-2050-estudo-responde\/#breadcrumb\",\"itemListElement\":[{\"@type\":\"ListItem\",\"position\":1,\"name\":\"In\u00edcio\",\"item\":\"https:\/\/jornalfatosenoticias.com.br\/\"},{\"@type\":\"ListItem\",\"position\":2,\"name\":\"Quais doen\u00e7as afetar\u00e3o a humanidade em 2050? Estudo responde\"}]},{\"@type\":\"WebSite\",\"@id\":\"https:\/\/jornalfatosenoticias.com.br\/#website\",\"url\":\"https:\/\/jornalfatosenoticias.com.br\/\",\"name\":\"Jornal Fatos e Not\u00edcias\",\"description\":\"Not\u00edcias em geral\",\"publisher\":{\"@id\":\"https:\/\/jornalfatosenoticias.com.br\/#organization\"},\"potentialAction\":[{\"@type\":\"SearchAction\",\"target\":{\"@type\":\"EntryPoint\",\"urlTemplate\":\"https:\/\/jornalfatosenoticias.com.br\/?s={search_term_string}\"},\"query-input\":{\"@type\":\"PropertyValueSpecification\",\"valueRequired\":true,\"valueName\":\"search_term_string\"}}],\"inLanguage\":\"pt-BR\"},{\"@type\":\"Organization\",\"@id\":\"https:\/\/jornalfatosenoticias.com.br\/#organization\",\"name\":\"Jornal Fatos e Not\u00edcias\",\"url\":\"https:\/\/jornalfatosenoticias.com.br\/\",\"logo\":{\"@type\":\"ImageObject\",\"inLanguage\":\"pt-BR\",\"@id\":\"https:\/\/jornalfatosenoticias.com.br\/#\/schema\/logo\/image\/\",\"url\":\"https:\/\/jornalfatosenoticias.com.br\/wp-content\/uploads\/2020\/02\/logo120.png\",\"contentUrl\":\"https:\/\/jornalfatosenoticias.com.br\/wp-content\/uploads\/2020\/02\/logo120.png\",\"width\":1227,\"height\":120,\"caption\":\"Jornal Fatos e Not\u00edcias\"},\"image\":{\"@id\":\"https:\/\/jornalfatosenoticias.com.br\/#\/schema\/logo\/image\/\"}},{\"@type\":\"Person\",\"@id\":\"https:\/\/jornalfatosenoticias.com.br\/#\/schema\/person\/d63837fa13ac8666eb9e74e0985d6f81\",\"name\":\"Luzimara Fernandes\",\"image\":{\"@type\":\"ImageObject\",\"inLanguage\":\"pt-BR\",\"@id\":\"https:\/\/jornalfatosenoticias.com.br\/#\/schema\/person\/image\/\",\"url\":\"https:\/\/jornalfatosenoticias.com.br\/wp-content\/uploads\/2025\/05\/EU_portal.jpg\",\"contentUrl\":\"https:\/\/jornalfatosenoticias.com.br\/wp-content\/uploads\/2025\/05\/EU_portal.jpg\",\"caption\":\"Luzimara Fernandes\"},\"description\":\"Jornalista MTB 2358-ES\",\"sameAs\":[\"https:\/\/jornalfatosenoticias.com.br\"],\"url\":\"https:\/\/jornalfatosenoticias.com.br\/index.php\/author\/luzimara\/\"}]}<\/script>\n<!-- \/ Yoast SEO plugin. -->","yoast_head_json":{"title":"Quais doen\u00e7as afetar\u00e3o a humanidade em 2050? Estudo responde - Jornal Fatos e Not\u00edcias","robots":{"index":"index","follow":"follow","max-snippet":"max-snippet:-1","max-image-preview":"max-image-preview:large","max-video-preview":"max-video-preview:-1"},"canonical":"https:\/\/jornalfatosenoticias.com.br\/index.php\/2024\/05\/27\/quais-doencas-afetarao-a-humanidade-em-2050-estudo-responde\/","og_locale":"pt_BR","og_type":"article","og_title":"Quais doen\u00e7as afetar\u00e3o a humanidade em 2050? Estudo responde - Jornal Fatos e Not\u00edcias","og_description":"A expectativa de vida global deve aumentar quase cinco anos at\u00e9 l\u00e1; doen\u00e7as n\u00e3o transmiss\u00edveis ser\u00e3o mais frequentes Por Gabriel S\u00e9rvio J\u00e1 se perguntou como ser\u00e1 a sa\u00fade global daqui a 30 anos? Quais doen\u00e7as poder\u00e3o afetar a humanidade? O Estudo Global sobre a Carga de Doen\u00e7as, Les\u00f5es e Fatores de Risco (ou GBD na [&hellip;]","og_url":"https:\/\/jornalfatosenoticias.com.br\/index.php\/2024\/05\/27\/quais-doencas-afetarao-a-humanidade-em-2050-estudo-responde\/","og_site_name":"Jornal Fatos e Not\u00edcias","article_published_time":"2024-05-27T13:02:24+00:00","article_modified_time":"2024-05-27T13:02:25+00:00","og_image":[{"width":612,"height":408,"url":"https:\/\/jornalfatosenoticias.com.br\/wp-content\/uploads\/2024\/05\/doencas-que-afetarao-a-humanidade_istock.jpg","type":"image\/jpeg"}],"author":"Luzimara Fernandes","twitter_card":"summary_large_image","twitter_misc":{"Escrito por":"Luzimara Fernandes","Est. tempo de leitura":"2 minutos"},"schema":{"@context":"https:\/\/schema.org","@graph":[{"@type":"Article","@id":"https:\/\/jornalfatosenoticias.com.br\/index.php\/2024\/05\/27\/quais-doencas-afetarao-a-humanidade-em-2050-estudo-responde\/#article","isPartOf":{"@id":"https:\/\/jornalfatosenoticias.com.br\/index.php\/2024\/05\/27\/quais-doencas-afetarao-a-humanidade-em-2050-estudo-responde\/"},"author":{"name":"Luzimara Fernandes","@id":"https:\/\/jornalfatosenoticias.com.br\/#\/schema\/person\/d63837fa13ac8666eb9e74e0985d6f81"},"headline":"Quais doen\u00e7as afetar\u00e3o a humanidade em 2050? Estudo responde","datePublished":"2024-05-27T13:02:24+00:00","dateModified":"2024-05-27T13:02:25+00:00","mainEntityOfPage":{"@id":"https:\/\/jornalfatosenoticias.com.br\/index.php\/2024\/05\/27\/quais-doencas-afetarao-a-humanidade-em-2050-estudo-responde\/"},"wordCount":411,"commentCount":0,"publisher":{"@id":"https:\/\/jornalfatosenoticias.com.br\/#organization"},"image":{"@id":"https:\/\/jornalfatosenoticias.com.br\/index.php\/2024\/05\/27\/quais-doencas-afetarao-a-humanidade-em-2050-estudo-responde\/#primaryimage"},"thumbnailUrl":"https:\/\/jornalfatosenoticias.com.br\/wp-content\/uploads\/2024\/05\/doencas-que-afetarao-a-humanidade_istock.jpg","keywords":["doen\u00e7as","Estudo","expectativa de vida","humanidade","sa\u00fade no futuro"],"articleSection":["Sa\u00fade"],"inLanguage":"pt-BR","potentialAction":[{"@type":"CommentAction","name":"Comment","target":["https:\/\/jornalfatosenoticias.com.br\/index.php\/2024\/05\/27\/quais-doencas-afetarao-a-humanidade-em-2050-estudo-responde\/#respond"]}]},{"@type":"WebPage","@id":"https:\/\/jornalfatosenoticias.com.br\/index.php\/2024\/05\/27\/quais-doencas-afetarao-a-humanidade-em-2050-estudo-responde\/","url":"https:\/\/jornalfatosenoticias.com.br\/index.php\/2024\/05\/27\/quais-doencas-afetarao-a-humanidade-em-2050-estudo-responde\/","name":"Quais doen\u00e7as afetar\u00e3o a humanidade em 2050? Estudo responde - Jornal Fatos e Not\u00edcias","isPartOf":{"@id":"https:\/\/jornalfatosenoticias.com.br\/#website"},"primaryImageOfPage":{"@id":"https:\/\/jornalfatosenoticias.com.br\/index.php\/2024\/05\/27\/quais-doencas-afetarao-a-humanidade-em-2050-estudo-responde\/#primaryimage"},"image":{"@id":"https:\/\/jornalfatosenoticias.com.br\/index.php\/2024\/05\/27\/quais-doencas-afetarao-a-humanidade-em-2050-estudo-responde\/#primaryimage"},"thumbnailUrl":"https:\/\/jornalfatosenoticias.com.br\/wp-content\/uploads\/2024\/05\/doencas-que-afetarao-a-humanidade_istock.jpg","datePublished":"2024-05-27T13:02:24+00:00","dateModified":"2024-05-27T13:02:25+00:00","breadcrumb":{"@id":"https:\/\/jornalfatosenoticias.com.br\/index.php\/2024\/05\/27\/quais-doencas-afetarao-a-humanidade-em-2050-estudo-responde\/#breadcrumb"},"inLanguage":"pt-BR","potentialAction":[{"@type":"ReadAction","target":["https:\/\/jornalfatosenoticias.com.br\/index.php\/2024\/05\/27\/quais-doencas-afetarao-a-humanidade-em-2050-estudo-responde\/"]}]},{"@type":"ImageObject","inLanguage":"pt-BR","@id":"https:\/\/jornalfatosenoticias.com.br\/index.php\/2024\/05\/27\/quais-doencas-afetarao-a-humanidade-em-2050-estudo-responde\/#primaryimage","url":"https:\/\/jornalfatosenoticias.com.br\/wp-content\/uploads\/2024\/05\/doencas-que-afetarao-a-humanidade_istock.jpg","contentUrl":"https:\/\/jornalfatosenoticias.com.br\/wp-content\/uploads\/2024\/05\/doencas-que-afetarao-a-humanidade_istock.jpg","width":612,"height":408,"caption":"Hands of a thoughtful old man leaning on a cane, sitting at home."},{"@type":"BreadcrumbList","@id":"https:\/\/jornalfatosenoticias.com.br\/index.php\/2024\/05\/27\/quais-doencas-afetarao-a-humanidade-em-2050-estudo-responde\/#breadcrumb","itemListElement":[{"@type":"ListItem","position":1,"name":"In\u00edcio","item":"https:\/\/jornalfatosenoticias.com.br\/"},{"@type":"ListItem","position":2,"name":"Quais doen\u00e7as afetar\u00e3o a humanidade em 2050? Estudo responde"}]},{"@type":"WebSite","@id":"https:\/\/jornalfatosenoticias.com.br\/#website","url":"https:\/\/jornalfatosenoticias.com.br\/","name":"Jornal Fatos e Not\u00edcias","description":"Not\u00edcias em geral","publisher":{"@id":"https:\/\/jornalfatosenoticias.com.br\/#organization"},"potentialAction":[{"@type":"SearchAction","target":{"@type":"EntryPoint","urlTemplate":"https:\/\/jornalfatosenoticias.com.br\/?s={search_term_string}"},"query-input":{"@type":"PropertyValueSpecification","valueRequired":true,"valueName":"search_term_string"}}],"inLanguage":"pt-BR"},{"@type":"Organization","@id":"https:\/\/jornalfatosenoticias.com.br\/#organization","name":"Jornal Fatos e Not\u00edcias","url":"https:\/\/jornalfatosenoticias.com.br\/","logo":{"@type":"ImageObject","inLanguage":"pt-BR","@id":"https:\/\/jornalfatosenoticias.com.br\/#\/schema\/logo\/image\/","url":"https:\/\/jornalfatosenoticias.com.br\/wp-content\/uploads\/2020\/02\/logo120.png","contentUrl":"https:\/\/jornalfatosenoticias.com.br\/wp-content\/uploads\/2020\/02\/logo120.png","width":1227,"height":120,"caption":"Jornal Fatos e Not\u00edcias"},"image":{"@id":"https:\/\/jornalfatosenoticias.com.br\/#\/schema\/logo\/image\/"}},{"@type":"Person","@id":"https:\/\/jornalfatosenoticias.com.br\/#\/schema\/person\/d63837fa13ac8666eb9e74e0985d6f81","name":"Luzimara Fernandes","image":{"@type":"ImageObject","inLanguage":"pt-BR","@id":"https:\/\/jornalfatosenoticias.com.br\/#\/schema\/person\/image\/","url":"https:\/\/jornalfatosenoticias.com.br\/wp-content\/uploads\/2025\/05\/EU_portal.jpg","contentUrl":"https:\/\/jornalfatosenoticias.com.br\/wp-content\/uploads\/2025\/05\/EU_portal.jpg","caption":"Luzimara Fernandes"},"description":"Jornalista MTB 2358-ES","sameAs":["https:\/\/jornalfatosenoticias.com.br"],"url":"https:\/\/jornalfatosenoticias.com.br\/index.php\/author\/luzimara\/"}]}},"cc_featured_image_caption":{"caption_text":"(Foto: iStock) \r\n","source_text":"","source_url":""},"jetpack_featured_media_url":"https:\/\/jornalfatosenoticias.com.br\/wp-content\/uploads\/2024\/05\/doencas-que-afetarao-a-humanidade_istock.jpg","_links":{"self":[{"href":"https:\/\/jornalfatosenoticias.com.br\/index.php\/wp-json\/wp\/v2\/posts\/51512","targetHints":{"allow":["GET"]}}],"collection":[{"href":"https:\/\/jornalfatosenoticias.com.br\/index.php\/wp-json\/wp\/v2\/posts"}],"about":[{"href":"https:\/\/jornalfatosenoticias.com.br\/index.php\/wp-json\/wp\/v2\/types\/post"}],"author":[{"embeddable":true,"href":"https:\/\/jornalfatosenoticias.com.br\/index.php\/wp-json\/wp\/v2\/users\/2"}],"replies":[{"embeddable":true,"href":"https:\/\/jornalfatosenoticias.com.br\/index.php\/wp-json\/wp\/v2\/comments?post=51512"}],"version-history":[{"count":0,"href":"https:\/\/jornalfatosenoticias.com.br\/index.php\/wp-json\/wp\/v2\/posts\/51512\/revisions"}],"wp:featuredmedia":[{"embeddable":true,"href":"https:\/\/jornalfatosenoticias.com.br\/index.php\/wp-json\/wp\/v2\/media\/51513"}],"wp:attachment":[{"href":"https:\/\/jornalfatosenoticias.com.br\/index.php\/wp-json\/wp\/v2\/media?parent=51512"}],"wp:term":[{"taxonomy":"category","embeddable":true,"href":"https:\/\/jornalfatosenoticias.com.br\/index.php\/wp-json\/wp\/v2\/categories?post=51512"},{"taxonomy":"post_tag","embeddable":true,"href":"https:\/\/jornalfatosenoticias.com.br\/index.php\/wp-json\/wp\/v2\/tags?post=51512"}],"curies":[{"name":"wp","href":"https:\/\/api.w.org\/{rel}","templated":true}]}}