{"id":51527,"date":"2024-05-27T14:45:15","date_gmt":"2024-05-27T17:45:15","guid":{"rendered":"https:\/\/jornalfatosenoticias.com.br\/?p=51527"},"modified":"2024-05-27T14:45:43","modified_gmt":"2024-05-27T17:45:43","slug":"governo-lula-queimou-mais-de-r-220-mi-em-vacinas-da-covid","status":"publish","type":"post","link":"https:\/\/jornalfatosenoticias.com.br\/index.php\/2024\/05\/27\/governo-lula-queimou-mais-de-r-220-mi-em-vacinas-da-covid\/","title":{"rendered":"Governo Lula queimou mais de R$ 220 milh\u00f5es em vacinas da covid"},"content":{"rendered":"\n<p><em><span class=\"has-inline-color has-black-color\">Minist\u00e9rio da Sa\u00fade descartou 6,4 milh\u00f5es de doses de vacinas contra a covid que perderam a validade s\u00f3 em 2024<\/span><\/em><\/p>\n\n\n\n<div class=\"wp-block-image\"><figure class=\"aligncenter size-large\"><img loading=\"lazy\" decoding=\"async\" width=\"729\" height=\"90\" src=\"https:\/\/jornalfatosenoticias.com.br\/wp-content\/uploads\/2020\/02\/Logo_Mizu.png\" alt=\"\" class=\"wp-image-1441\" srcset=\"https:\/\/jornalfatosenoticias.com.br\/wp-content\/uploads\/2020\/02\/Logo_Mizu.png 729w, https:\/\/jornalfatosenoticias.com.br\/wp-content\/uploads\/2020\/02\/Logo_Mizu-300x37.png 300w\" sizes=\"auto, (max-width: 729px) 100vw, 729px\" \/><\/figure><\/div>\n\n\n\n<p>O Minist\u00e9rio da Sa\u00fade informou que cerca de 6,4 milh\u00f5es de doses de vacinas contra a covid fabricadas pela Janssen foram incineradas em 2024 devido \u00e0 perda da validade. Esses lotes descartados t\u00eam um valor estimado em R$ 227 milh\u00f5es.<br>Essas vacinas fazem uso da tecnologia de vetor viral e t\u00eam perdido espa\u00e7o no Sistema \u00danico de Sa\u00fade (SUS) desde o final de 2022, quando a Sa\u00fade passou a priorizar os imunizantes de RNA mensageiro, como os da Pfizer e Moderna.<br>O minist\u00e9rio ressaltou que tomou medidas estrat\u00e9gicas para minimizar as perdas nos estoques de insumos.<\/p>\n\n\n\n<div class=\"wp-block-image\"><figure class=\"aligncenter size-large is-resized\"><img loading=\"lazy\" decoding=\"async\" src=\"https:\/\/jornalfatosenoticias.com.br\/wp-content\/uploads\/2020\/02\/logo_esteio.jpg\" alt=\"\" class=\"wp-image-1214\" width=\"322\" height=\"268\"\/><\/figure><\/div>\n\n\n\n<p><strong><span class=\"has-inline-color has-black-color\">Vacinas recebidas pelo governo<br><\/span><\/strong>No total, o Minist\u00e9rio da Sa\u00fade recebeu 41 milh\u00f5es de doses da vacina da Janssen, sendo que 38 milh\u00f5es foram adquiridas diretamente do laborat\u00f3rio e tr\u00eas milh\u00f5es foram doadas pelos Estados Unidos. Segundo informa\u00e7\u00f5es divulgadas pela Folha de S. Paulo, at\u00e9 o in\u00edcio de 2023, o Minist\u00e9rio da Sa\u00fade j\u00e1 havia perdido aproximadamente R$ 2 bilh\u00f5es em vacinas contra a covid de diversos fabricantes. Essas perdas ocorreram principalmente entre o final de 2022 e o in\u00edcio de 2023.<\/p>\n\n\n\n<div class=\"wp-block-image\"><figure class=\"aligncenter size-large is-resized\"><img loading=\"lazy\" decoding=\"async\" src=\"https:\/\/jornalfatosenoticias.com.br\/wp-content\/uploads\/2023\/12\/pegoretti-logo-pdf-1024x389.jpg\" alt=\"\" class=\"wp-image-47536\" width=\"493\" height=\"187\" srcset=\"https:\/\/jornalfatosenoticias.com.br\/wp-content\/uploads\/2023\/12\/pegoretti-logo-pdf-1024x389.jpg 1024w, https:\/\/jornalfatosenoticias.com.br\/wp-content\/uploads\/2023\/12\/pegoretti-logo-pdf-300x114.jpg 300w, https:\/\/jornalfatosenoticias.com.br\/wp-content\/uploads\/2023\/12\/pegoretti-logo-pdf-768x291.jpg 768w, https:\/\/jornalfatosenoticias.com.br\/wp-content\/uploads\/2023\/12\/pegoretti-logo-pdf.jpg 1120w\" sizes=\"auto, (max-width: 493px) 100vw, 493px\" \/><\/figure><\/div>\n\n\n\n<p>Os dados consideram apenas as vacinas que estavam nos estoques do minist\u00e9rio e perderam a validade antes de serem entregues aos estados e munic\u00edpios. A equipe responsabiliza o governo Jair Bolsonaro por essas perdas.<\/p>\n\n\n\n<div class=\"wp-block-image\"><figure class=\"aligncenter size-large\"><img decoding=\"async\" src=\"https:\/\/jornalfatosenoticias.com.br\/wp-content\/uploads\/2020\/02\/barao-das-carnes-300x164-1.jpg\" alt=\"\" class=\"wp-image-34339\"\/><\/figure><\/div>\n\n\n\n<p><strong><span class=\"has-inline-color has-black-color\">Informa\u00e7\u00f5es mantidas em sigilo<br><\/span><\/strong>As informa\u00e7\u00f5es sobre os estoques da Sa\u00fade foram mantidas em sigilo durante o governo Michel Temer e continuaram dessa forma sob a gest\u00e3o de Bolsonaro. Somente em 2023, com o governo Lula, a rela\u00e7\u00e3o de itens armazenados ou perdidos come\u00e7ou a ser divulgada de acordo com a Lei de Acesso \u00e0 Informa\u00e7\u00e3o.<\/p>\n\n\n\n<div class=\"wp-block-image\"><figure class=\"aligncenter size-large is-resized\"><img loading=\"lazy\" decoding=\"async\" src=\"https:\/\/jornalfatosenoticias.com.br\/wp-content\/uploads\/2023\/03\/nova-logo-Marquetti.jpg\" alt=\"\" class=\"wp-image-40207\" width=\"318\" height=\"214\" srcset=\"https:\/\/jornalfatosenoticias.com.br\/wp-content\/uploads\/2023\/03\/nova-logo-Marquetti.jpg 643w, https:\/\/jornalfatosenoticias.com.br\/wp-content\/uploads\/2023\/03\/nova-logo-Marquetti-300x202.jpg 300w\" sizes=\"auto, (max-width: 318px) 100vw, 318px\" \/><\/figure><\/div>\n\n\n\n<p>Desde o in\u00edcio de 2021, o minist\u00e9rio j\u00e1 entregou \u00e0s secretarias de Sa\u00fade do Pa\u00eds um total de 643 milh\u00f5es de doses de vacinas contra a covid, sendo que 34,5 milh\u00f5es s\u00e3o da Janssen. Em maio, ap\u00f3s solicita\u00e7\u00e3o da Folha, foram apresentadas informa\u00e7\u00f5es que mostraram que a Sa\u00fade descartou produtos no valor aproximado de R$ 314 milh\u00f5es em 2024, incluindo as vacinas da Janssen.<\/p>\n\n\n\n<div class=\"wp-block-image\"><figure class=\"aligncenter size-large is-resized\"><img loading=\"lazy\" decoding=\"async\" src=\"https:\/\/jornalfatosenoticias.com.br\/wp-content\/uploads\/2020\/02\/logo-Rapuzel-1024x571.jpg\" alt=\"\" class=\"wp-image-42808\" width=\"356\" height=\"198\" srcset=\"https:\/\/jornalfatosenoticias.com.br\/wp-content\/uploads\/2020\/02\/logo-Rapuzel-1024x571.jpg 1024w, https:\/\/jornalfatosenoticias.com.br\/wp-content\/uploads\/2020\/02\/logo-Rapuzel-300x167.jpg 300w, https:\/\/jornalfatosenoticias.com.br\/wp-content\/uploads\/2020\/02\/logo-Rapuzel-768x428.jpg 768w, https:\/\/jornalfatosenoticias.com.br\/wp-content\/uploads\/2020\/02\/logo-Rapuzel-1536x856.jpg 1536w, https:\/\/jornalfatosenoticias.com.br\/wp-content\/uploads\/2020\/02\/logo-Rapuzel.jpg 1600w\" sizes=\"auto, (max-width: 356px) 100vw, 356px\" \/><\/figure><\/div>\n\n\n\n<p>De acordo com as regras da legisla\u00e7\u00e3o sanit\u00e1ria, produtos vencidos ou reprovados em inspe\u00e7\u00e3o devem ser incinerados. Al\u00e9m das vacinas, os lotes incinerados mais caros s\u00e3o de imunoglobulina anti-hepatite B e da vacina meningoc\u00f3cica, contra a meningite, avaliados em cerca de R$ 16 milh\u00f5es cada.<\/p>\n\n\n\n<div class=\"wp-block-image\"><figure class=\"aligncenter size-large is-resized\"><img loading=\"lazy\" decoding=\"async\" src=\"https:\/\/jornalfatosenoticias.com.br\/wp-content\/uploads\/2023\/03\/logo-Panper_portal.jpg\" alt=\"\" class=\"wp-image-40208\" width=\"332\" height=\"230\" srcset=\"https:\/\/jornalfatosenoticias.com.br\/wp-content\/uploads\/2023\/03\/logo-Panper_portal.jpg 400w, https:\/\/jornalfatosenoticias.com.br\/wp-content\/uploads\/2023\/03\/logo-Panper_portal-300x208.jpg 300w\" sizes=\"auto, (max-width: 332px) 100vw, 332px\" \/><\/figure><\/div>\n\n\n\n<p><strong><span class=\"has-inline-color has-black-color\">Produtos vencidos<br><\/span><\/strong>No estoque central do minist\u00e9rio, localizado em Guarulhos, ainda est\u00e3o armazenados cerca de R$ 200 milh\u00f5es em produtos vencidos que precisar\u00e3o ser incinerados. Os lotes mais caros, no valor de aproximadamente R$ 120 milh\u00f5es, s\u00e3o compostos por roupas de prote\u00e7\u00e3o doadas ao Brasil durante a pandemia, o que tem se tornado um problema para a atual gest\u00e3o, devido aos altos custos e ao impacto ambiental causado pelo descarte.<\/p>\n\n\n\n<div class=\"wp-block-image\"><figure class=\"aligncenter size-large\"><img loading=\"lazy\" decoding=\"async\" width=\"300\" height=\"250\" src=\"https:\/\/jornalfatosenoticias.com.br\/wp-content\/uploads\/2022\/02\/FERRARI_MAQUINAS-E-FERRAMENTAS2.jpg\" alt=\"\" class=\"wp-image-27860\"\/><\/figure><\/div>\n\n\n\n<p>At\u00e9 novembro de 2023, a Sa\u00fade j\u00e1 havia gastado R$ 26 milh\u00f5es apenas com o armazenamento dessas roupas. Parte desse material foi doada para cooperativas de reciclagem. A atual gest\u00e3o considera que herdou do governo Bolsonaro um estoque desorganizado e com produtos de validade curta ou j\u00e1 vencidos. Atualmente, a pasta possui milhares de produtos avaliados em R$ 4,8 bilh\u00f5es em seu estoque, que \u00e9 administrado por uma empresa privada.<\/p>\n\n\n\n<div class=\"wp-block-image\"><figure class=\"aligncenter size-large is-resized\"><img loading=\"lazy\" decoding=\"async\" src=\"https:\/\/jornalfatosenoticias.com.br\/wp-content\/uploads\/2023\/08\/ITH.jpeg\" alt=\"\" class=\"wp-image-44638\" width=\"291\" height=\"236\" srcset=\"https:\/\/jornalfatosenoticias.com.br\/wp-content\/uploads\/2023\/08\/ITH.jpeg 800w, https:\/\/jornalfatosenoticias.com.br\/wp-content\/uploads\/2023\/08\/ITH-300x244.jpeg 300w, https:\/\/jornalfatosenoticias.com.br\/wp-content\/uploads\/2023\/08\/ITH-768x624.jpeg 768w\" sizes=\"auto, (max-width: 291px) 100vw, 291px\" \/><\/figure><\/div>\n\n\n\n<p><strong><span class=\"has-inline-color has-black-color\">Fiscaliza\u00e7\u00e3o do TCU e da CGU<br><\/span><\/strong>Os dados sobre os produtos da Sa\u00fade est\u00e3o sendo fiscalizados pelo Tribunal de Contas da Uni\u00e3o (TCU) e pela Controladoria-Geral da Uni\u00e3o (CGU). Em junho de 2023, foi criado um comit\u00ea para acompanhar o estoque. O minist\u00e9rio planeja adquirir 70 milh\u00f5es de doses da vacina contra a covid em 2024. No entanto, houve um atraso na compra emergencial de uma parcela de 12 milh\u00f5es dessas vacinas. O plano era receber as primeiras doses atualizadas em mar\u00e7o, mas as vacinas da fabricante Moderna s\u00f3 come\u00e7aram a ser entregues em maio.<\/p>\n\n\n\n<div class=\"wp-block-image\"><figure class=\"aligncenter size-large is-resized\"><img loading=\"lazy\" decoding=\"async\" src=\"https:\/\/jornalfatosenoticias.com.br\/wp-content\/uploads\/2020\/02\/CONTROL-CS.jpg\" alt=\"\" class=\"wp-image-44991\" width=\"315\" height=\"378\" srcset=\"https:\/\/jornalfatosenoticias.com.br\/wp-content\/uploads\/2020\/02\/CONTROL-CS.jpg 834w, https:\/\/jornalfatosenoticias.com.br\/wp-content\/uploads\/2020\/02\/CONTROL-CS-250x300.jpg 250w, https:\/\/jornalfatosenoticias.com.br\/wp-content\/uploads\/2020\/02\/CONTROL-CS-768x921.jpg 768w\" sizes=\"auto, (max-width: 315px) 100vw, 315px\" \/><\/figure><\/div>\n\n\n\n<p>At\u00e9 o momento, o minist\u00e9rio ainda n\u00e3o abriu a disputa pelo restante das doses que pretende comprar este ano. Em nota ao jornal paulistano, a pasta garantiu que o processo licitat\u00f3rio est\u00e1 em andamento e que n\u00e3o faltar\u00e3o doses para a popula\u00e7\u00e3o.<\/p>\n\n\n\n<div class=\"wp-block-image\"><figure class=\"aligncenter size-large is-resized\"><img loading=\"lazy\" decoding=\"async\" src=\"https:\/\/jornalfatosenoticias.com.br\/wp-content\/uploads\/2022\/02\/Precisao-Contabilidade-1024x724.jpg\" alt=\"\" class=\"wp-image-28088\" width=\"316\" height=\"224\"\/><\/figure><\/div>\n\n\n\n<p>Seguindo a recomenda\u00e7\u00e3o da Organiza\u00e7\u00e3o Mundial da Sa\u00fade (OMS), a vacina\u00e7\u00e3o peri\u00f3dica, como refor\u00e7o anual ou semestral, ser\u00e1 oferecida aos grupos de maior risco e vulnerabilidade, como gestantes e pu\u00e9rperas, trabalhadores da sa\u00fade, imunocomprometidos e idosos com 60 anos ou mais.<\/p>\n\n\n\n<div class=\"wp-block-image\"><figure class=\"aligncenter size-large is-resized\"><img loading=\"lazy\" decoding=\"async\" src=\"https:\/\/jornalfatosenoticias.com.br\/wp-content\/uploads\/2023\/08\/BKR-1024x1021.jpg\" alt=\"\" class=\"wp-image-44494\" width=\"305\" height=\"304\" srcset=\"https:\/\/jornalfatosenoticias.com.br\/wp-content\/uploads\/2023\/08\/BKR-1024x1021.jpg 1024w, https:\/\/jornalfatosenoticias.com.br\/wp-content\/uploads\/2023\/08\/BKR-300x300.jpg 300w, https:\/\/jornalfatosenoticias.com.br\/wp-content\/uploads\/2023\/08\/BKR-150x150.jpg 150w, https:\/\/jornalfatosenoticias.com.br\/wp-content\/uploads\/2023\/08\/BKR-768x766.jpg 768w, https:\/\/jornalfatosenoticias.com.br\/wp-content\/uploads\/2023\/08\/BKR.jpg 1080w\" sizes=\"auto, (max-width: 305px) 100vw, 305px\" \/><\/figure><\/div>\n\n\n\n<p><strong><em>Fonte: <a href=\"https:\/\/terrabrasilnoticias.com\/2024\/05\/dinheiro-jogado-no-lixo-governo-lula-queimou-mais-de-r-220-mi-em-vacinas-da-covid\/\">Terra Brasil Not\u00edcias<\/a><\/em><\/strong><\/p>\n","protected":false},"excerpt":{"rendered":"<p>Minist\u00e9rio da Sa\u00fade descartou 6,4 milh\u00f5es de doses de vacinas contra a covid que perderam a validade s\u00f3 em 2024 O Minist\u00e9rio da Sa\u00fade informou que cerca de 6,4 milh\u00f5es de doses de vacinas contra a covid fabricadas pela Janssen foram incineradas em 2024 devido \u00e0 perda da validade. Esses lotes descartados t\u00eam um valor [&hellip;]<\/p>\n","protected":false},"author":2,"featured_media":51528,"comment_status":"open","ping_status":"open","sticky":false,"template":"","format":"standard","meta":{"footnotes":""},"categories":[10],"tags":[23589,18343,447,89,23590],"class_list":["post-51527","post","type-post","status-publish","format-standard","has-post-thumbnail","hentry","category-politica","tag-dinheiro-jogado-no-lixo","tag-governo-lula","tag-ministerio-da-saude","tag-oms","tag-vacinas-da-covid"],"yoast_head":"<!-- This site is optimized with the Yoast SEO plugin v26.5 - https:\/\/yoast.com\/wordpress\/plugins\/seo\/ -->\n<title>Governo Lula queimou mais de R$ 220 milh\u00f5es em vacinas da covid - Jornal Fatos e Not\u00edcias<\/title>\n<meta name=\"robots\" content=\"index, follow, max-snippet:-1, max-image-preview:large, max-video-preview:-1\" \/>\n<link rel=\"canonical\" href=\"https:\/\/jornalfatosenoticias.com.br\/index.php\/2024\/05\/27\/governo-lula-queimou-mais-de-r-220-mi-em-vacinas-da-covid\/\" \/>\n<meta property=\"og:locale\" content=\"pt_BR\" \/>\n<meta property=\"og:type\" content=\"article\" \/>\n<meta property=\"og:title\" content=\"Governo Lula queimou mais de R$ 220 milh\u00f5es em vacinas da covid - Jornal Fatos e Not\u00edcias\" \/>\n<meta property=\"og:description\" content=\"Minist\u00e9rio da Sa\u00fade descartou 6,4 milh\u00f5es de doses de vacinas contra a covid que perderam a validade s\u00f3 em 2024 O Minist\u00e9rio da Sa\u00fade informou que cerca de 6,4 milh\u00f5es de doses de vacinas contra a covid fabricadas pela Janssen foram incineradas em 2024 devido \u00e0 perda da validade. Esses lotes descartados t\u00eam um valor [&hellip;]\" \/>\n<meta property=\"og:url\" content=\"https:\/\/jornalfatosenoticias.com.br\/index.php\/2024\/05\/27\/governo-lula-queimou-mais-de-r-220-mi-em-vacinas-da-covid\/\" \/>\n<meta property=\"og:site_name\" content=\"Jornal Fatos e Not\u00edcias\" \/>\n<meta property=\"article:published_time\" content=\"2024-05-27T17:45:15+00:00\" \/>\n<meta property=\"article:modified_time\" content=\"2024-05-27T17:45:43+00:00\" \/>\n<meta property=\"og:image\" content=\"https:\/\/jornalfatosenoticias.com.br\/wp-content\/uploads\/2024\/05\/vacina-covid_gettyimages.jpg\" \/>\n\t<meta property=\"og:image:width\" content=\"612\" \/>\n\t<meta property=\"og:image:height\" content=\"344\" \/>\n\t<meta property=\"og:image:type\" content=\"image\/jpeg\" \/>\n<meta name=\"author\" content=\"Luzimara Fernandes\" \/>\n<meta name=\"twitter:card\" content=\"summary_large_image\" \/>\n<meta name=\"twitter:label1\" content=\"Escrito por\" \/>\n\t<meta name=\"twitter:data1\" content=\"Luzimara Fernandes\" \/>\n\t<meta name=\"twitter:label2\" content=\"Est. tempo de leitura\" \/>\n\t<meta name=\"twitter:data2\" content=\"4 minutos\" \/>\n<script type=\"application\/ld+json\" class=\"yoast-schema-graph\">{\"@context\":\"https:\/\/schema.org\",\"@graph\":[{\"@type\":\"Article\",\"@id\":\"https:\/\/jornalfatosenoticias.com.br\/index.php\/2024\/05\/27\/governo-lula-queimou-mais-de-r-220-mi-em-vacinas-da-covid\/#article\",\"isPartOf\":{\"@id\":\"https:\/\/jornalfatosenoticias.com.br\/index.php\/2024\/05\/27\/governo-lula-queimou-mais-de-r-220-mi-em-vacinas-da-covid\/\"},\"author\":{\"name\":\"Luzimara Fernandes\",\"@id\":\"https:\/\/jornalfatosenoticias.com.br\/#\/schema\/person\/d63837fa13ac8666eb9e74e0985d6f81\"},\"headline\":\"Governo Lula queimou mais de R$ 220 milh\u00f5es em vacinas da covid\",\"datePublished\":\"2024-05-27T17:45:15+00:00\",\"dateModified\":\"2024-05-27T17:45:43+00:00\",\"mainEntityOfPage\":{\"@id\":\"https:\/\/jornalfatosenoticias.com.br\/index.php\/2024\/05\/27\/governo-lula-queimou-mais-de-r-220-mi-em-vacinas-da-covid\/\"},\"wordCount\":791,\"commentCount\":0,\"publisher\":{\"@id\":\"https:\/\/jornalfatosenoticias.com.br\/#organization\"},\"image\":{\"@id\":\"https:\/\/jornalfatosenoticias.com.br\/index.php\/2024\/05\/27\/governo-lula-queimou-mais-de-r-220-mi-em-vacinas-da-covid\/#primaryimage\"},\"thumbnailUrl\":\"https:\/\/jornalfatosenoticias.com.br\/wp-content\/uploads\/2024\/05\/vacina-covid_gettyimages.jpg\",\"keywords\":[\"dinheiro jogado no lixo\",\"governo Lula\",\"Minist\u00e9rio da Sa\u00fade\",\"oms\",\"vacinas da covid\"],\"articleSection\":[\"Pol\u00edtica\"],\"inLanguage\":\"pt-BR\",\"potentialAction\":[{\"@type\":\"CommentAction\",\"name\":\"Comment\",\"target\":[\"https:\/\/jornalfatosenoticias.com.br\/index.php\/2024\/05\/27\/governo-lula-queimou-mais-de-r-220-mi-em-vacinas-da-covid\/#respond\"]}]},{\"@type\":\"WebPage\",\"@id\":\"https:\/\/jornalfatosenoticias.com.br\/index.php\/2024\/05\/27\/governo-lula-queimou-mais-de-r-220-mi-em-vacinas-da-covid\/\",\"url\":\"https:\/\/jornalfatosenoticias.com.br\/index.php\/2024\/05\/27\/governo-lula-queimou-mais-de-r-220-mi-em-vacinas-da-covid\/\",\"name\":\"Governo Lula queimou mais de R$ 220 milh\u00f5es em vacinas da covid - Jornal Fatos e Not\u00edcias\",\"isPartOf\":{\"@id\":\"https:\/\/jornalfatosenoticias.com.br\/#website\"},\"primaryImageOfPage\":{\"@id\":\"https:\/\/jornalfatosenoticias.com.br\/index.php\/2024\/05\/27\/governo-lula-queimou-mais-de-r-220-mi-em-vacinas-da-covid\/#primaryimage\"},\"image\":{\"@id\":\"https:\/\/jornalfatosenoticias.com.br\/index.php\/2024\/05\/27\/governo-lula-queimou-mais-de-r-220-mi-em-vacinas-da-covid\/#primaryimage\"},\"thumbnailUrl\":\"https:\/\/jornalfatosenoticias.com.br\/wp-content\/uploads\/2024\/05\/vacina-covid_gettyimages.jpg\",\"datePublished\":\"2024-05-27T17:45:15+00:00\",\"dateModified\":\"2024-05-27T17:45:43+00:00\",\"breadcrumb\":{\"@id\":\"https:\/\/jornalfatosenoticias.com.br\/index.php\/2024\/05\/27\/governo-lula-queimou-mais-de-r-220-mi-em-vacinas-da-covid\/#breadcrumb\"},\"inLanguage\":\"pt-BR\",\"potentialAction\":[{\"@type\":\"ReadAction\",\"target\":[\"https:\/\/jornalfatosenoticias.com.br\/index.php\/2024\/05\/27\/governo-lula-queimou-mais-de-r-220-mi-em-vacinas-da-covid\/\"]}]},{\"@type\":\"ImageObject\",\"inLanguage\":\"pt-BR\",\"@id\":\"https:\/\/jornalfatosenoticias.com.br\/index.php\/2024\/05\/27\/governo-lula-queimou-mais-de-r-220-mi-em-vacinas-da-covid\/#primaryimage\",\"url\":\"https:\/\/jornalfatosenoticias.com.br\/wp-content\/uploads\/2024\/05\/vacina-covid_gettyimages.jpg\",\"contentUrl\":\"https:\/\/jornalfatosenoticias.com.br\/wp-content\/uploads\/2024\/05\/vacina-covid_gettyimages.jpg\",\"width\":612,\"height\":344,\"caption\":\"The 2019\u20132020 coronavirus pandemic is an ongoing pandemic of coronavirus disease 2019 (COVID-19), caused by severe acute respiratory syndrome coronavirus 2 (SARS-CoV-2).\"},{\"@type\":\"BreadcrumbList\",\"@id\":\"https:\/\/jornalfatosenoticias.com.br\/index.php\/2024\/05\/27\/governo-lula-queimou-mais-de-r-220-mi-em-vacinas-da-covid\/#breadcrumb\",\"itemListElement\":[{\"@type\":\"ListItem\",\"position\":1,\"name\":\"In\u00edcio\",\"item\":\"https:\/\/jornalfatosenoticias.com.br\/\"},{\"@type\":\"ListItem\",\"position\":2,\"name\":\"Governo Lula queimou mais de R$ 220 milh\u00f5es em vacinas da covid\"}]},{\"@type\":\"WebSite\",\"@id\":\"https:\/\/jornalfatosenoticias.com.br\/#website\",\"url\":\"https:\/\/jornalfatosenoticias.com.br\/\",\"name\":\"Jornal Fatos e Not\u00edcias\",\"description\":\"Not\u00edcias em geral\",\"publisher\":{\"@id\":\"https:\/\/jornalfatosenoticias.com.br\/#organization\"},\"potentialAction\":[{\"@type\":\"SearchAction\",\"target\":{\"@type\":\"EntryPoint\",\"urlTemplate\":\"https:\/\/jornalfatosenoticias.com.br\/?s={search_term_string}\"},\"query-input\":{\"@type\":\"PropertyValueSpecification\",\"valueRequired\":true,\"valueName\":\"search_term_string\"}}],\"inLanguage\":\"pt-BR\"},{\"@type\":\"Organization\",\"@id\":\"https:\/\/jornalfatosenoticias.com.br\/#organization\",\"name\":\"Jornal Fatos e Not\u00edcias\",\"url\":\"https:\/\/jornalfatosenoticias.com.br\/\",\"logo\":{\"@type\":\"ImageObject\",\"inLanguage\":\"pt-BR\",\"@id\":\"https:\/\/jornalfatosenoticias.com.br\/#\/schema\/logo\/image\/\",\"url\":\"https:\/\/jornalfatosenoticias.com.br\/wp-content\/uploads\/2020\/02\/logo120.png\",\"contentUrl\":\"https:\/\/jornalfatosenoticias.com.br\/wp-content\/uploads\/2020\/02\/logo120.png\",\"width\":1227,\"height\":120,\"caption\":\"Jornal Fatos e Not\u00edcias\"},\"image\":{\"@id\":\"https:\/\/jornalfatosenoticias.com.br\/#\/schema\/logo\/image\/\"}},{\"@type\":\"Person\",\"@id\":\"https:\/\/jornalfatosenoticias.com.br\/#\/schema\/person\/d63837fa13ac8666eb9e74e0985d6f81\",\"name\":\"Luzimara Fernandes\",\"image\":{\"@type\":\"ImageObject\",\"inLanguage\":\"pt-BR\",\"@id\":\"https:\/\/jornalfatosenoticias.com.br\/#\/schema\/person\/image\/\",\"url\":\"https:\/\/jornalfatosenoticias.com.br\/wp-content\/uploads\/2025\/05\/EU_portal.jpg\",\"contentUrl\":\"https:\/\/jornalfatosenoticias.com.br\/wp-content\/uploads\/2025\/05\/EU_portal.jpg\",\"caption\":\"Luzimara Fernandes\"},\"description\":\"Jornalista MTB 2358-ES\",\"sameAs\":[\"https:\/\/jornalfatosenoticias.com.br\"],\"url\":\"https:\/\/jornalfatosenoticias.com.br\/index.php\/author\/luzimara\/\"}]}<\/script>\n<!-- \/ Yoast SEO plugin. -->","yoast_head_json":{"title":"Governo Lula queimou mais de R$ 220 milh\u00f5es em vacinas da covid - Jornal Fatos e Not\u00edcias","robots":{"index":"index","follow":"follow","max-snippet":"max-snippet:-1","max-image-preview":"max-image-preview:large","max-video-preview":"max-video-preview:-1"},"canonical":"https:\/\/jornalfatosenoticias.com.br\/index.php\/2024\/05\/27\/governo-lula-queimou-mais-de-r-220-mi-em-vacinas-da-covid\/","og_locale":"pt_BR","og_type":"article","og_title":"Governo Lula queimou mais de R$ 220 milh\u00f5es em vacinas da covid - Jornal Fatos e Not\u00edcias","og_description":"Minist\u00e9rio da Sa\u00fade descartou 6,4 milh\u00f5es de doses de vacinas contra a covid que perderam a validade s\u00f3 em 2024 O Minist\u00e9rio da Sa\u00fade informou que cerca de 6,4 milh\u00f5es de doses de vacinas contra a covid fabricadas pela Janssen foram incineradas em 2024 devido \u00e0 perda da validade. Esses lotes descartados t\u00eam um valor [&hellip;]","og_url":"https:\/\/jornalfatosenoticias.com.br\/index.php\/2024\/05\/27\/governo-lula-queimou-mais-de-r-220-mi-em-vacinas-da-covid\/","og_site_name":"Jornal Fatos e Not\u00edcias","article_published_time":"2024-05-27T17:45:15+00:00","article_modified_time":"2024-05-27T17:45:43+00:00","og_image":[{"width":612,"height":344,"url":"https:\/\/jornalfatosenoticias.com.br\/wp-content\/uploads\/2024\/05\/vacina-covid_gettyimages.jpg","type":"image\/jpeg"}],"author":"Luzimara Fernandes","twitter_card":"summary_large_image","twitter_misc":{"Escrito por":"Luzimara Fernandes","Est. tempo de leitura":"4 minutos"},"schema":{"@context":"https:\/\/schema.org","@graph":[{"@type":"Article","@id":"https:\/\/jornalfatosenoticias.com.br\/index.php\/2024\/05\/27\/governo-lula-queimou-mais-de-r-220-mi-em-vacinas-da-covid\/#article","isPartOf":{"@id":"https:\/\/jornalfatosenoticias.com.br\/index.php\/2024\/05\/27\/governo-lula-queimou-mais-de-r-220-mi-em-vacinas-da-covid\/"},"author":{"name":"Luzimara Fernandes","@id":"https:\/\/jornalfatosenoticias.com.br\/#\/schema\/person\/d63837fa13ac8666eb9e74e0985d6f81"},"headline":"Governo Lula queimou mais de R$ 220 milh\u00f5es em vacinas da covid","datePublished":"2024-05-27T17:45:15+00:00","dateModified":"2024-05-27T17:45:43+00:00","mainEntityOfPage":{"@id":"https:\/\/jornalfatosenoticias.com.br\/index.php\/2024\/05\/27\/governo-lula-queimou-mais-de-r-220-mi-em-vacinas-da-covid\/"},"wordCount":791,"commentCount":0,"publisher":{"@id":"https:\/\/jornalfatosenoticias.com.br\/#organization"},"image":{"@id":"https:\/\/jornalfatosenoticias.com.br\/index.php\/2024\/05\/27\/governo-lula-queimou-mais-de-r-220-mi-em-vacinas-da-covid\/#primaryimage"},"thumbnailUrl":"https:\/\/jornalfatosenoticias.com.br\/wp-content\/uploads\/2024\/05\/vacina-covid_gettyimages.jpg","keywords":["dinheiro jogado no lixo","governo Lula","Minist\u00e9rio da Sa\u00fade","oms","vacinas da covid"],"articleSection":["Pol\u00edtica"],"inLanguage":"pt-BR","potentialAction":[{"@type":"CommentAction","name":"Comment","target":["https:\/\/jornalfatosenoticias.com.br\/index.php\/2024\/05\/27\/governo-lula-queimou-mais-de-r-220-mi-em-vacinas-da-covid\/#respond"]}]},{"@type":"WebPage","@id":"https:\/\/jornalfatosenoticias.com.br\/index.php\/2024\/05\/27\/governo-lula-queimou-mais-de-r-220-mi-em-vacinas-da-covid\/","url":"https:\/\/jornalfatosenoticias.com.br\/index.php\/2024\/05\/27\/governo-lula-queimou-mais-de-r-220-mi-em-vacinas-da-covid\/","name":"Governo Lula queimou mais de R$ 220 milh\u00f5es em vacinas da covid - Jornal Fatos e Not\u00edcias","isPartOf":{"@id":"https:\/\/jornalfatosenoticias.com.br\/#website"},"primaryImageOfPage":{"@id":"https:\/\/jornalfatosenoticias.com.br\/index.php\/2024\/05\/27\/governo-lula-queimou-mais-de-r-220-mi-em-vacinas-da-covid\/#primaryimage"},"image":{"@id":"https:\/\/jornalfatosenoticias.com.br\/index.php\/2024\/05\/27\/governo-lula-queimou-mais-de-r-220-mi-em-vacinas-da-covid\/#primaryimage"},"thumbnailUrl":"https:\/\/jornalfatosenoticias.com.br\/wp-content\/uploads\/2024\/05\/vacina-covid_gettyimages.jpg","datePublished":"2024-05-27T17:45:15+00:00","dateModified":"2024-05-27T17:45:43+00:00","breadcrumb":{"@id":"https:\/\/jornalfatosenoticias.com.br\/index.php\/2024\/05\/27\/governo-lula-queimou-mais-de-r-220-mi-em-vacinas-da-covid\/#breadcrumb"},"inLanguage":"pt-BR","potentialAction":[{"@type":"ReadAction","target":["https:\/\/jornalfatosenoticias.com.br\/index.php\/2024\/05\/27\/governo-lula-queimou-mais-de-r-220-mi-em-vacinas-da-covid\/"]}]},{"@type":"ImageObject","inLanguage":"pt-BR","@id":"https:\/\/jornalfatosenoticias.com.br\/index.php\/2024\/05\/27\/governo-lula-queimou-mais-de-r-220-mi-em-vacinas-da-covid\/#primaryimage","url":"https:\/\/jornalfatosenoticias.com.br\/wp-content\/uploads\/2024\/05\/vacina-covid_gettyimages.jpg","contentUrl":"https:\/\/jornalfatosenoticias.com.br\/wp-content\/uploads\/2024\/05\/vacina-covid_gettyimages.jpg","width":612,"height":344,"caption":"The 2019\u20132020 coronavirus pandemic is an ongoing pandemic of coronavirus disease 2019 (COVID-19), caused by severe acute respiratory syndrome coronavirus 2 (SARS-CoV-2)."},{"@type":"BreadcrumbList","@id":"https:\/\/jornalfatosenoticias.com.br\/index.php\/2024\/05\/27\/governo-lula-queimou-mais-de-r-220-mi-em-vacinas-da-covid\/#breadcrumb","itemListElement":[{"@type":"ListItem","position":1,"name":"In\u00edcio","item":"https:\/\/jornalfatosenoticias.com.br\/"},{"@type":"ListItem","position":2,"name":"Governo Lula queimou mais de R$ 220 milh\u00f5es em vacinas da covid"}]},{"@type":"WebSite","@id":"https:\/\/jornalfatosenoticias.com.br\/#website","url":"https:\/\/jornalfatosenoticias.com.br\/","name":"Jornal Fatos e Not\u00edcias","description":"Not\u00edcias em geral","publisher":{"@id":"https:\/\/jornalfatosenoticias.com.br\/#organization"},"potentialAction":[{"@type":"SearchAction","target":{"@type":"EntryPoint","urlTemplate":"https:\/\/jornalfatosenoticias.com.br\/?s={search_term_string}"},"query-input":{"@type":"PropertyValueSpecification","valueRequired":true,"valueName":"search_term_string"}}],"inLanguage":"pt-BR"},{"@type":"Organization","@id":"https:\/\/jornalfatosenoticias.com.br\/#organization","name":"Jornal Fatos e Not\u00edcias","url":"https:\/\/jornalfatosenoticias.com.br\/","logo":{"@type":"ImageObject","inLanguage":"pt-BR","@id":"https:\/\/jornalfatosenoticias.com.br\/#\/schema\/logo\/image\/","url":"https:\/\/jornalfatosenoticias.com.br\/wp-content\/uploads\/2020\/02\/logo120.png","contentUrl":"https:\/\/jornalfatosenoticias.com.br\/wp-content\/uploads\/2020\/02\/logo120.png","width":1227,"height":120,"caption":"Jornal Fatos e Not\u00edcias"},"image":{"@id":"https:\/\/jornalfatosenoticias.com.br\/#\/schema\/logo\/image\/"}},{"@type":"Person","@id":"https:\/\/jornalfatosenoticias.com.br\/#\/schema\/person\/d63837fa13ac8666eb9e74e0985d6f81","name":"Luzimara Fernandes","image":{"@type":"ImageObject","inLanguage":"pt-BR","@id":"https:\/\/jornalfatosenoticias.com.br\/#\/schema\/person\/image\/","url":"https:\/\/jornalfatosenoticias.com.br\/wp-content\/uploads\/2025\/05\/EU_portal.jpg","contentUrl":"https:\/\/jornalfatosenoticias.com.br\/wp-content\/uploads\/2025\/05\/EU_portal.jpg","caption":"Luzimara Fernandes"},"description":"Jornalista MTB 2358-ES","sameAs":["https:\/\/jornalfatosenoticias.com.br"],"url":"https:\/\/jornalfatosenoticias.com.br\/index.php\/author\/luzimara\/"}]}},"cc_featured_image_caption":{"caption_text":"(Foto: Getty Images) ","source_text":"","source_url":""},"jetpack_featured_media_url":"https:\/\/jornalfatosenoticias.com.br\/wp-content\/uploads\/2024\/05\/vacina-covid_gettyimages.jpg","_links":{"self":[{"href":"https:\/\/jornalfatosenoticias.com.br\/index.php\/wp-json\/wp\/v2\/posts\/51527","targetHints":{"allow":["GET"]}}],"collection":[{"href":"https:\/\/jornalfatosenoticias.com.br\/index.php\/wp-json\/wp\/v2\/posts"}],"about":[{"href":"https:\/\/jornalfatosenoticias.com.br\/index.php\/wp-json\/wp\/v2\/types\/post"}],"author":[{"embeddable":true,"href":"https:\/\/jornalfatosenoticias.com.br\/index.php\/wp-json\/wp\/v2\/users\/2"}],"replies":[{"embeddable":true,"href":"https:\/\/jornalfatosenoticias.com.br\/index.php\/wp-json\/wp\/v2\/comments?post=51527"}],"version-history":[{"count":0,"href":"https:\/\/jornalfatosenoticias.com.br\/index.php\/wp-json\/wp\/v2\/posts\/51527\/revisions"}],"wp:featuredmedia":[{"embeddable":true,"href":"https:\/\/jornalfatosenoticias.com.br\/index.php\/wp-json\/wp\/v2\/media\/51528"}],"wp:attachment":[{"href":"https:\/\/jornalfatosenoticias.com.br\/index.php\/wp-json\/wp\/v2\/media?parent=51527"}],"wp:term":[{"taxonomy":"category","embeddable":true,"href":"https:\/\/jornalfatosenoticias.com.br\/index.php\/wp-json\/wp\/v2\/categories?post=51527"},{"taxonomy":"post_tag","embeddable":true,"href":"https:\/\/jornalfatosenoticias.com.br\/index.php\/wp-json\/wp\/v2\/tags?post=51527"}],"curies":[{"name":"wp","href":"https:\/\/api.w.org\/{rel}","templated":true}]}}