{"id":51537,"date":"2024-05-28T08:29:26","date_gmt":"2024-05-28T11:29:26","guid":{"rendered":"https:\/\/jornalfatosenoticias.com.br\/?p=51537"},"modified":"2024-05-28T08:29:28","modified_gmt":"2024-05-28T11:29:28","slug":"dinossauro-com-bracos-menores-que-do-t-rex-e-descoberto","status":"publish","type":"post","link":"https:\/\/jornalfatosenoticias.com.br\/index.php\/2024\/05\/28\/dinossauro-com-bracos-menores-que-do-t-rex-e-descoberto\/","title":{"rendered":"Dinossauro com bra\u00e7os menores que do T-Rex \u00e9 descoberto"},"content":{"rendered":"\n<p><em><span class=\"has-inline-color has-black-color\">O animal carn\u00edvoro que teria vagado h\u00e1 70 milh\u00f5es de anos possu\u00eda bra\u00e7os pequenos que poderiam ajudar a comer melhor; entenda!<\/span><\/em><\/p>\n\n\n\n<p><span class=\"has-inline-color has-black-color\">Por <strong><a href=\"https:\/\/aventurasnahistoria.uol.com.br\/autor\/isabelly-de-lima\/\">Isabelly de Lima<\/a><\/strong><\/span><\/p>\n\n\n\n<div class=\"wp-block-image\"><figure class=\"aligncenter size-large\"><img loading=\"lazy\" decoding=\"async\" width=\"729\" height=\"90\" src=\"https:\/\/jornalfatosenoticias.com.br\/wp-content\/uploads\/2020\/02\/Logo_Mizu.png\" alt=\"\" class=\"wp-image-1441\" srcset=\"https:\/\/jornalfatosenoticias.com.br\/wp-content\/uploads\/2020\/02\/Logo_Mizu.png 729w, https:\/\/jornalfatosenoticias.com.br\/wp-content\/uploads\/2020\/02\/Logo_Mizu-300x37.png 300w\" sizes=\"auto, (max-width: 729px) 100vw, 729px\" \/><\/figure><\/div>\n\n\n\n<p>Quem j\u00e1 viu alguma ilustra\u00e7\u00e3o do famoso <a href=\"https:\/\/aventurasnahistoria.uol.com.br\/noticias\/historia-hoje\/fossil-que-se-pensava-ser-de-t-rex-revela-nova-especie-de-tiranossauro.phtml\">T-Rex<\/a>\u00a0sabe que o antigo animal tinha bra\u00e7os consideravelmente curtos em rela\u00e7\u00e3o ao tamanho de seu corpo. No entanto, uma nova esp\u00e9cie carn\u00edvora, que vagou pela Terra h\u00e1<mark>\u00a070 milh\u00f5es de anos,<\/mark>\u00a0possui bra\u00e7os ainda menores que o\u00a0<mark>animal que ganhou fama de terr\u00edvel.<\/mark><br>Diego Pol, explorador da National Geographic, e uma equipe global de pesquisadores e paleont\u00f3logos descobriram seus restos fossilizados na Forma\u00e7\u00e3o La Colonia, na Patag\u00f4nia central. Apelidado de <mark>Koleken inakayali,<\/mark>\u00a0o dinossauro representa somente o segundo conhecido da fam\u00edlia dos\u00a0<mark>abelisaur\u00eddeos<\/mark>\u00a0que viveu na Forma\u00e7\u00e3o La Colonia durante o final da era dos\u00a0<a href=\"https:\/\/aventurasnahistoria.uol.com.br\/noticias\/historia-hoje\/primo-do-t-rex-tinha-focinho-de-bulldog-bracos-ainda-mais-curtos.phtml\">dinossauros<\/a>.<\/p>\n\n\n\n<div class=\"wp-block-image\"><figure class=\"aligncenter size-large\"><img decoding=\"async\" src=\"https:\/\/jornalfatosenoticias.com.br\/wp-content\/uploads\/2020\/02\/barao-das-carnes-300x164-1.jpg\" alt=\"\" class=\"wp-image-34339\"\/><\/figure><\/div>\n\n\n\n<p>O Koleken \u00e9 muito similar ao \u201ctouro de carne\u201d, o Carnotaurus sastrei, o \u00fanico outro abelisaur\u00eddeo da Forma\u00e7\u00e3o La Colonia, que foi popularizado atrav\u00e9s do filme <a href=\"https:\/\/aventurasnahistoria.uol.com.br\/noticias\/historia-hoje\/o-detalhe-sobre-o-tiranossauro-rex-que-jurassic-park-errou.phtml\">\u2018Jurassic World\u2019.<\/a>\u00a0Mas ao contr\u00e1rio de seu \u201cantecessor\u201d, esse possui um tamanho menor e exibe caracter\u00edsticas anat\u00f4micas e cranianas diferentes \u2014 principalmente a\u00a0<mark>aus\u00eancia dos chifres.<\/mark><\/p>\n\n\n\n<figure class=\"wp-block-embed-twitter wp-block-embed is-type-rich is-provider-twitter\"><div class=\"wp-block-embed__wrapper\">\n<blockquote class=\"twitter-tweet\" data-width=\"550\" data-dnt=\"true\"><p lang=\"es\" dir=\"ltr\">Descubrieron un nuevo dinosaurio patag\u00f3nico\ud83e\udd95<br><br>\ud83d\ude31Fue bautizado como Koleken inakayali, era carn\u00edvoro y vivi\u00f3 en lo que hoy es Chubut\u00a0hace 69 millones de a\u00f1os. <a href=\"https:\/\/t.co\/Tbjs1pkBYb\">pic.twitter.com\/Tbjs1pkBYb<\/a><\/p>&mdash; El Destape (@eldestapeweb) <a href=\"https:\/\/twitter.com\/eldestapeweb\/status\/1792910905929355600?ref_src=twsrc%5Etfw\">May 21, 2024<\/a><\/blockquote><script async src=\"https:\/\/platform.twitter.com\/widgets.js\" charset=\"utf-8\"><\/script>\n<\/div><\/figure>\n\n\n\n<p>A equipe da pesquisa, que foi <a href=\"https:\/\/onlinelibrary.wiley.com\/doi\/full\/10.1111\/cla.12583\">publicada na revista Cladistics,<\/a> detalha que, entre as descobertas, est\u00e3o ossos do cr\u00e2nio, uma s\u00e9rie quase completa de ossos das costas, um quadril completo e diversos ossos da cauda e pernas. <\/p>\n\n\n\n<div class=\"wp-block-image\"><figure class=\"aligncenter size-large\"><img loading=\"lazy\" decoding=\"async\" width=\"300\" height=\"250\" src=\"https:\/\/jornalfatosenoticias.com.br\/wp-content\/uploads\/2022\/02\/FERRARI_MAQUINAS-E-FERRAMENTAS2.jpg\" alt=\"\" class=\"wp-image-27860\"\/><\/figure><\/div>\n\n\n\n<blockquote class=\"wp-block-quote is-layout-flow wp-block-quote-is-layout-flow\"><p><span class=\"has-inline-color has-luminous-vivid-orange-color\">Nosso estudo tamb\u00e9m analisa a evolu\u00e7\u00e3o dos abelisaur\u00eddeos e seus parentes ao longo do tempo, e identifica pulsos de taxas aceleradas de evolu\u00e7\u00e3o do cr\u00e2nio no Cret\u00e1ceo Inferior\u201d, disse Diego Pol no estudo.<\/span><\/p><\/blockquote>\n\n\n\n<div class=\"wp-block-image\"><figure class=\"aligncenter size-large is-resized\"><img loading=\"lazy\" decoding=\"async\" src=\"https:\/\/jornalfatosenoticias.com.br\/wp-content\/uploads\/2020\/02\/CONTROL-CS.jpg\" alt=\"\" class=\"wp-image-44991\" width=\"292\" height=\"350\" srcset=\"https:\/\/jornalfatosenoticias.com.br\/wp-content\/uploads\/2020\/02\/CONTROL-CS.jpg 834w, https:\/\/jornalfatosenoticias.com.br\/wp-content\/uploads\/2020\/02\/CONTROL-CS-250x300.jpg 250w, https:\/\/jornalfatosenoticias.com.br\/wp-content\/uploads\/2020\/02\/CONTROL-CS-768x921.jpg 768w\" sizes=\"auto, (max-width: 292px) 100vw, 292px\" \/><\/figure><\/div>\n\n\n\n<p>J\u00e1 as teorias para os\u00a0<mark>bra\u00e7os curtos<\/mark>\u00a0desses\u00a0<a href=\"https:\/\/aventurasnahistoria.uol.com.br\/noticias\/historia-hoje\/esqueleto-de-t-rex-que-viveu-ha-67-milhoes-de-anos-sera-leiloado-na-suica.phtml\">animais<\/a> incluem, segundo o Daily Mail, o uso deles para matar presas mais de perto, ou at\u00e9 que teriam evolu\u00eddo para n\u00e3o atrapalharem a mordida mortal do dinossauro.<\/p>\n\n\n\n<div class=\"wp-block-image\"><figure class=\"aligncenter size-large is-resized\"><img loading=\"lazy\" decoding=\"async\" src=\"https:\/\/jornalfatosenoticias.com.br\/wp-content\/uploads\/2023\/08\/ITH.jpeg\" alt=\"\" class=\"wp-image-44638\" width=\"341\" height=\"277\" srcset=\"https:\/\/jornalfatosenoticias.com.br\/wp-content\/uploads\/2023\/08\/ITH.jpeg 800w, https:\/\/jornalfatosenoticias.com.br\/wp-content\/uploads\/2023\/08\/ITH-300x244.jpeg 300w, https:\/\/jornalfatosenoticias.com.br\/wp-content\/uploads\/2023\/08\/ITH-768x624.jpeg 768w\" sizes=\"auto, (max-width: 341px) 100vw, 341px\" \/><\/figure><\/div>\n\n\n\n<p><em><span class=\"has-inline-color has-black-color\"><strong>Legenda da foto:<\/strong> Imagem ilustrativa de T-Rex (esq.) e de nova esp\u00e9cie encontrada na Argentina (dir.)<\/span><\/em><\/p>\n\n\n\n<p><strong><em>Fonte: <a href=\"https:\/\/aventurasnahistoria.uol.com.br\/noticias\/historia-hoje\/70-milhoes-de-anos-dinossauro-com-bracos-menores-que-do-t-rex-e-descoberto.phtml\">Aventuras na Hist\u00f3ria<\/a><\/em><\/strong><\/p>\n","protected":false},"excerpt":{"rendered":"<p>O animal carn\u00edvoro que teria vagado h\u00e1 70 milh\u00f5es de anos possu\u00eda bra\u00e7os pequenos que poderiam ajudar a comer melhor; entenda! Por Isabelly de Lima Quem j\u00e1 viu alguma ilustra\u00e7\u00e3o do famoso T-Rex\u00a0sabe que o antigo animal tinha bra\u00e7os consideravelmente curtos em rela\u00e7\u00e3o ao tamanho de seu corpo. No entanto, uma nova esp\u00e9cie carn\u00edvora, que [&hellip;]<\/p>\n","protected":false},"author":2,"featured_media":51538,"comment_status":"open","ping_status":"open","sticky":false,"template":"","format":"standard","meta":{"footnotes":""},"categories":[9808],"tags":[2442,23594,23596,3423,714,23593,23595,1481,10306,23597,23598],"class_list":["post-51537","post","type-post","status-publish","format-standard","has-post-thumbnail","hentry","category-paleo-arqueologia","tag-animal","tag-bracos","tag-carnivoro","tag-dinossauro","tag-estudo","tag-explorador","tag-menores","tag-ossos","tag-patagonia","tag-pequenos","tag-t-rex-2"],"yoast_head":"<!-- This site is optimized with the Yoast SEO plugin v26.5 - https:\/\/yoast.com\/wordpress\/plugins\/seo\/ -->\n<title>Dinossauro com bra\u00e7os menores que do T-Rex \u00e9 descoberto - Jornal Fatos e Not\u00edcias<\/title>\n<meta name=\"robots\" content=\"index, follow, max-snippet:-1, max-image-preview:large, max-video-preview:-1\" \/>\n<link rel=\"canonical\" href=\"https:\/\/jornalfatosenoticias.com.br\/index.php\/2024\/05\/28\/dinossauro-com-bracos-menores-que-do-t-rex-e-descoberto\/\" \/>\n<meta property=\"og:locale\" content=\"pt_BR\" \/>\n<meta property=\"og:type\" content=\"article\" \/>\n<meta property=\"og:title\" content=\"Dinossauro com bra\u00e7os menores que do T-Rex \u00e9 descoberto - Jornal Fatos e Not\u00edcias\" \/>\n<meta property=\"og:description\" content=\"O animal carn\u00edvoro que teria vagado h\u00e1 70 milh\u00f5es de anos possu\u00eda bra\u00e7os pequenos que poderiam ajudar a comer melhor; entenda! Por Isabelly de Lima Quem j\u00e1 viu alguma ilustra\u00e7\u00e3o do famoso T-Rex\u00a0sabe que o antigo animal tinha bra\u00e7os consideravelmente curtos em rela\u00e7\u00e3o ao tamanho de seu corpo. No entanto, uma nova esp\u00e9cie carn\u00edvora, que [&hellip;]\" \/>\n<meta property=\"og:url\" content=\"https:\/\/jornalfatosenoticias.com.br\/index.php\/2024\/05\/28\/dinossauro-com-bracos-menores-que-do-t-rex-e-descoberto\/\" \/>\n<meta property=\"og:site_name\" content=\"Jornal Fatos e Not\u00edcias\" \/>\n<meta property=\"article:published_time\" content=\"2024-05-28T11:29:26+00:00\" \/>\n<meta property=\"article:modified_time\" content=\"2024-05-28T11:29:28+00:00\" \/>\n<meta property=\"og:image\" content=\"https:\/\/jornalfatosenoticias.com.br\/wp-content\/uploads\/2024\/05\/dinossauro.jpg\" \/>\n\t<meta property=\"og:image:width\" content=\"800\" \/>\n\t<meta property=\"og:image:height\" content=\"450\" \/>\n\t<meta property=\"og:image:type\" content=\"image\/jpeg\" \/>\n<meta name=\"author\" content=\"Luzimara Fernandes\" \/>\n<meta name=\"twitter:card\" content=\"summary_large_image\" \/>\n<meta name=\"twitter:label1\" content=\"Escrito por\" \/>\n\t<meta name=\"twitter:data1\" content=\"Luzimara Fernandes\" \/>\n\t<meta name=\"twitter:label2\" content=\"Est. tempo de leitura\" \/>\n\t<meta name=\"twitter:data2\" content=\"2 minutos\" \/>\n<script type=\"application\/ld+json\" class=\"yoast-schema-graph\">{\"@context\":\"https:\/\/schema.org\",\"@graph\":[{\"@type\":\"Article\",\"@id\":\"https:\/\/jornalfatosenoticias.com.br\/index.php\/2024\/05\/28\/dinossauro-com-bracos-menores-que-do-t-rex-e-descoberto\/#article\",\"isPartOf\":{\"@id\":\"https:\/\/jornalfatosenoticias.com.br\/index.php\/2024\/05\/28\/dinossauro-com-bracos-menores-que-do-t-rex-e-descoberto\/\"},\"author\":{\"name\":\"Luzimara Fernandes\",\"@id\":\"https:\/\/jornalfatosenoticias.com.br\/#\/schema\/person\/d63837fa13ac8666eb9e74e0985d6f81\"},\"headline\":\"Dinossauro com bra\u00e7os menores que do T-Rex \u00e9 descoberto\",\"datePublished\":\"2024-05-28T11:29:26+00:00\",\"dateModified\":\"2024-05-28T11:29:28+00:00\",\"mainEntityOfPage\":{\"@id\":\"https:\/\/jornalfatosenoticias.com.br\/index.php\/2024\/05\/28\/dinossauro-com-bracos-menores-que-do-t-rex-e-descoberto\/\"},\"wordCount\":393,\"commentCount\":0,\"publisher\":{\"@id\":\"https:\/\/jornalfatosenoticias.com.br\/#organization\"},\"image\":{\"@id\":\"https:\/\/jornalfatosenoticias.com.br\/index.php\/2024\/05\/28\/dinossauro-com-bracos-menores-que-do-t-rex-e-descoberto\/#primaryimage\"},\"thumbnailUrl\":\"https:\/\/jornalfatosenoticias.com.br\/wp-content\/uploads\/2024\/05\/dinossauro.jpg\",\"keywords\":[\"Animal\",\"bra\u00e7os\",\"carn\u00edvoro\",\"dinossauro\",\"Estudo\",\"explorador\",\"menores\",\"ossos\",\"Patag\u00f4nia\",\"pequenos\",\"T-rex\"],\"articleSection\":[\"Paleo &amp; Arqueologia\"],\"inLanguage\":\"pt-BR\",\"potentialAction\":[{\"@type\":\"CommentAction\",\"name\":\"Comment\",\"target\":[\"https:\/\/jornalfatosenoticias.com.br\/index.php\/2024\/05\/28\/dinossauro-com-bracos-menores-que-do-t-rex-e-descoberto\/#respond\"]}]},{\"@type\":\"WebPage\",\"@id\":\"https:\/\/jornalfatosenoticias.com.br\/index.php\/2024\/05\/28\/dinossauro-com-bracos-menores-que-do-t-rex-e-descoberto\/\",\"url\":\"https:\/\/jornalfatosenoticias.com.br\/index.php\/2024\/05\/28\/dinossauro-com-bracos-menores-que-do-t-rex-e-descoberto\/\",\"name\":\"Dinossauro com bra\u00e7os menores que do T-Rex \u00e9 descoberto - Jornal Fatos e Not\u00edcias\",\"isPartOf\":{\"@id\":\"https:\/\/jornalfatosenoticias.com.br\/#website\"},\"primaryImageOfPage\":{\"@id\":\"https:\/\/jornalfatosenoticias.com.br\/index.php\/2024\/05\/28\/dinossauro-com-bracos-menores-que-do-t-rex-e-descoberto\/#primaryimage\"},\"image\":{\"@id\":\"https:\/\/jornalfatosenoticias.com.br\/index.php\/2024\/05\/28\/dinossauro-com-bracos-menores-que-do-t-rex-e-descoberto\/#primaryimage\"},\"thumbnailUrl\":\"https:\/\/jornalfatosenoticias.com.br\/wp-content\/uploads\/2024\/05\/dinossauro.jpg\",\"datePublished\":\"2024-05-28T11:29:26+00:00\",\"dateModified\":\"2024-05-28T11:29:28+00:00\",\"breadcrumb\":{\"@id\":\"https:\/\/jornalfatosenoticias.com.br\/index.php\/2024\/05\/28\/dinossauro-com-bracos-menores-que-do-t-rex-e-descoberto\/#breadcrumb\"},\"inLanguage\":\"pt-BR\",\"potentialAction\":[{\"@type\":\"ReadAction\",\"target\":[\"https:\/\/jornalfatosenoticias.com.br\/index.php\/2024\/05\/28\/dinossauro-com-bracos-menores-que-do-t-rex-e-descoberto\/\"]}]},{\"@type\":\"ImageObject\",\"inLanguage\":\"pt-BR\",\"@id\":\"https:\/\/jornalfatosenoticias.com.br\/index.php\/2024\/05\/28\/dinossauro-com-bracos-menores-que-do-t-rex-e-descoberto\/#primaryimage\",\"url\":\"https:\/\/jornalfatosenoticias.com.br\/wp-content\/uploads\/2024\/05\/dinossauro.jpg\",\"contentUrl\":\"https:\/\/jornalfatosenoticias.com.br\/wp-content\/uploads\/2024\/05\/dinossauro.jpg\",\"width\":800,\"height\":450},{\"@type\":\"BreadcrumbList\",\"@id\":\"https:\/\/jornalfatosenoticias.com.br\/index.php\/2024\/05\/28\/dinossauro-com-bracos-menores-que-do-t-rex-e-descoberto\/#breadcrumb\",\"itemListElement\":[{\"@type\":\"ListItem\",\"position\":1,\"name\":\"In\u00edcio\",\"item\":\"https:\/\/jornalfatosenoticias.com.br\/\"},{\"@type\":\"ListItem\",\"position\":2,\"name\":\"Dinossauro com bra\u00e7os menores que do T-Rex \u00e9 descoberto\"}]},{\"@type\":\"WebSite\",\"@id\":\"https:\/\/jornalfatosenoticias.com.br\/#website\",\"url\":\"https:\/\/jornalfatosenoticias.com.br\/\",\"name\":\"Jornal Fatos e Not\u00edcias\",\"description\":\"Not\u00edcias em geral\",\"publisher\":{\"@id\":\"https:\/\/jornalfatosenoticias.com.br\/#organization\"},\"potentialAction\":[{\"@type\":\"SearchAction\",\"target\":{\"@type\":\"EntryPoint\",\"urlTemplate\":\"https:\/\/jornalfatosenoticias.com.br\/?s={search_term_string}\"},\"query-input\":{\"@type\":\"PropertyValueSpecification\",\"valueRequired\":true,\"valueName\":\"search_term_string\"}}],\"inLanguage\":\"pt-BR\"},{\"@type\":\"Organization\",\"@id\":\"https:\/\/jornalfatosenoticias.com.br\/#organization\",\"name\":\"Jornal Fatos e Not\u00edcias\",\"url\":\"https:\/\/jornalfatosenoticias.com.br\/\",\"logo\":{\"@type\":\"ImageObject\",\"inLanguage\":\"pt-BR\",\"@id\":\"https:\/\/jornalfatosenoticias.com.br\/#\/schema\/logo\/image\/\",\"url\":\"https:\/\/jornalfatosenoticias.com.br\/wp-content\/uploads\/2020\/02\/logo120.png\",\"contentUrl\":\"https:\/\/jornalfatosenoticias.com.br\/wp-content\/uploads\/2020\/02\/logo120.png\",\"width\":1227,\"height\":120,\"caption\":\"Jornal Fatos e Not\u00edcias\"},\"image\":{\"@id\":\"https:\/\/jornalfatosenoticias.com.br\/#\/schema\/logo\/image\/\"}},{\"@type\":\"Person\",\"@id\":\"https:\/\/jornalfatosenoticias.com.br\/#\/schema\/person\/d63837fa13ac8666eb9e74e0985d6f81\",\"name\":\"Luzimara Fernandes\",\"image\":{\"@type\":\"ImageObject\",\"inLanguage\":\"pt-BR\",\"@id\":\"https:\/\/jornalfatosenoticias.com.br\/#\/schema\/person\/image\/\",\"url\":\"https:\/\/jornalfatosenoticias.com.br\/wp-content\/uploads\/2025\/05\/EU_portal.jpg\",\"contentUrl\":\"https:\/\/jornalfatosenoticias.com.br\/wp-content\/uploads\/2025\/05\/EU_portal.jpg\",\"caption\":\"Luzimara Fernandes\"},\"description\":\"Jornalista MTB 2358-ES\",\"sameAs\":[\"https:\/\/jornalfatosenoticias.com.br\"],\"url\":\"https:\/\/jornalfatosenoticias.com.br\/index.php\/author\/luzimara\/\"}]}<\/script>\n<!-- \/ Yoast SEO plugin. -->","yoast_head_json":{"title":"Dinossauro com bra\u00e7os menores que do T-Rex \u00e9 descoberto - Jornal Fatos e Not\u00edcias","robots":{"index":"index","follow":"follow","max-snippet":"max-snippet:-1","max-image-preview":"max-image-preview:large","max-video-preview":"max-video-preview:-1"},"canonical":"https:\/\/jornalfatosenoticias.com.br\/index.php\/2024\/05\/28\/dinossauro-com-bracos-menores-que-do-t-rex-e-descoberto\/","og_locale":"pt_BR","og_type":"article","og_title":"Dinossauro com bra\u00e7os menores que do T-Rex \u00e9 descoberto - Jornal Fatos e Not\u00edcias","og_description":"O animal carn\u00edvoro que teria vagado h\u00e1 70 milh\u00f5es de anos possu\u00eda bra\u00e7os pequenos que poderiam ajudar a comer melhor; entenda! Por Isabelly de Lima Quem j\u00e1 viu alguma ilustra\u00e7\u00e3o do famoso T-Rex\u00a0sabe que o antigo animal tinha bra\u00e7os consideravelmente curtos em rela\u00e7\u00e3o ao tamanho de seu corpo. No entanto, uma nova esp\u00e9cie carn\u00edvora, que [&hellip;]","og_url":"https:\/\/jornalfatosenoticias.com.br\/index.php\/2024\/05\/28\/dinossauro-com-bracos-menores-que-do-t-rex-e-descoberto\/","og_site_name":"Jornal Fatos e Not\u00edcias","article_published_time":"2024-05-28T11:29:26+00:00","article_modified_time":"2024-05-28T11:29:28+00:00","og_image":[{"width":800,"height":450,"url":"https:\/\/jornalfatosenoticias.com.br\/wp-content\/uploads\/2024\/05\/dinossauro.jpg","type":"image\/jpeg"}],"author":"Luzimara Fernandes","twitter_card":"summary_large_image","twitter_misc":{"Escrito por":"Luzimara Fernandes","Est. tempo de leitura":"2 minutos"},"schema":{"@context":"https:\/\/schema.org","@graph":[{"@type":"Article","@id":"https:\/\/jornalfatosenoticias.com.br\/index.php\/2024\/05\/28\/dinossauro-com-bracos-menores-que-do-t-rex-e-descoberto\/#article","isPartOf":{"@id":"https:\/\/jornalfatosenoticias.com.br\/index.php\/2024\/05\/28\/dinossauro-com-bracos-menores-que-do-t-rex-e-descoberto\/"},"author":{"name":"Luzimara Fernandes","@id":"https:\/\/jornalfatosenoticias.com.br\/#\/schema\/person\/d63837fa13ac8666eb9e74e0985d6f81"},"headline":"Dinossauro com bra\u00e7os menores que do T-Rex \u00e9 descoberto","datePublished":"2024-05-28T11:29:26+00:00","dateModified":"2024-05-28T11:29:28+00:00","mainEntityOfPage":{"@id":"https:\/\/jornalfatosenoticias.com.br\/index.php\/2024\/05\/28\/dinossauro-com-bracos-menores-que-do-t-rex-e-descoberto\/"},"wordCount":393,"commentCount":0,"publisher":{"@id":"https:\/\/jornalfatosenoticias.com.br\/#organization"},"image":{"@id":"https:\/\/jornalfatosenoticias.com.br\/index.php\/2024\/05\/28\/dinossauro-com-bracos-menores-que-do-t-rex-e-descoberto\/#primaryimage"},"thumbnailUrl":"https:\/\/jornalfatosenoticias.com.br\/wp-content\/uploads\/2024\/05\/dinossauro.jpg","keywords":["Animal","bra\u00e7os","carn\u00edvoro","dinossauro","Estudo","explorador","menores","ossos","Patag\u00f4nia","pequenos","T-rex"],"articleSection":["Paleo &amp; Arqueologia"],"inLanguage":"pt-BR","potentialAction":[{"@type":"CommentAction","name":"Comment","target":["https:\/\/jornalfatosenoticias.com.br\/index.php\/2024\/05\/28\/dinossauro-com-bracos-menores-que-do-t-rex-e-descoberto\/#respond"]}]},{"@type":"WebPage","@id":"https:\/\/jornalfatosenoticias.com.br\/index.php\/2024\/05\/28\/dinossauro-com-bracos-menores-que-do-t-rex-e-descoberto\/","url":"https:\/\/jornalfatosenoticias.com.br\/index.php\/2024\/05\/28\/dinossauro-com-bracos-menores-que-do-t-rex-e-descoberto\/","name":"Dinossauro com bra\u00e7os menores que do T-Rex \u00e9 descoberto - Jornal Fatos e Not\u00edcias","isPartOf":{"@id":"https:\/\/jornalfatosenoticias.com.br\/#website"},"primaryImageOfPage":{"@id":"https:\/\/jornalfatosenoticias.com.br\/index.php\/2024\/05\/28\/dinossauro-com-bracos-menores-que-do-t-rex-e-descoberto\/#primaryimage"},"image":{"@id":"https:\/\/jornalfatosenoticias.com.br\/index.php\/2024\/05\/28\/dinossauro-com-bracos-menores-que-do-t-rex-e-descoberto\/#primaryimage"},"thumbnailUrl":"https:\/\/jornalfatosenoticias.com.br\/wp-content\/uploads\/2024\/05\/dinossauro.jpg","datePublished":"2024-05-28T11:29:26+00:00","dateModified":"2024-05-28T11:29:28+00:00","breadcrumb":{"@id":"https:\/\/jornalfatosenoticias.com.br\/index.php\/2024\/05\/28\/dinossauro-com-bracos-menores-que-do-t-rex-e-descoberto\/#breadcrumb"},"inLanguage":"pt-BR","potentialAction":[{"@type":"ReadAction","target":["https:\/\/jornalfatosenoticias.com.br\/index.php\/2024\/05\/28\/dinossauro-com-bracos-menores-que-do-t-rex-e-descoberto\/"]}]},{"@type":"ImageObject","inLanguage":"pt-BR","@id":"https:\/\/jornalfatosenoticias.com.br\/index.php\/2024\/05\/28\/dinossauro-com-bracos-menores-que-do-t-rex-e-descoberto\/#primaryimage","url":"https:\/\/jornalfatosenoticias.com.br\/wp-content\/uploads\/2024\/05\/dinossauro.jpg","contentUrl":"https:\/\/jornalfatosenoticias.com.br\/wp-content\/uploads\/2024\/05\/dinossauro.jpg","width":800,"height":450},{"@type":"BreadcrumbList","@id":"https:\/\/jornalfatosenoticias.com.br\/index.php\/2024\/05\/28\/dinossauro-com-bracos-menores-que-do-t-rex-e-descoberto\/#breadcrumb","itemListElement":[{"@type":"ListItem","position":1,"name":"In\u00edcio","item":"https:\/\/jornalfatosenoticias.com.br\/"},{"@type":"ListItem","position":2,"name":"Dinossauro com bra\u00e7os menores que do T-Rex \u00e9 descoberto"}]},{"@type":"WebSite","@id":"https:\/\/jornalfatosenoticias.com.br\/#website","url":"https:\/\/jornalfatosenoticias.com.br\/","name":"Jornal Fatos e Not\u00edcias","description":"Not\u00edcias em geral","publisher":{"@id":"https:\/\/jornalfatosenoticias.com.br\/#organization"},"potentialAction":[{"@type":"SearchAction","target":{"@type":"EntryPoint","urlTemplate":"https:\/\/jornalfatosenoticias.com.br\/?s={search_term_string}"},"query-input":{"@type":"PropertyValueSpecification","valueRequired":true,"valueName":"search_term_string"}}],"inLanguage":"pt-BR"},{"@type":"Organization","@id":"https:\/\/jornalfatosenoticias.com.br\/#organization","name":"Jornal Fatos e Not\u00edcias","url":"https:\/\/jornalfatosenoticias.com.br\/","logo":{"@type":"ImageObject","inLanguage":"pt-BR","@id":"https:\/\/jornalfatosenoticias.com.br\/#\/schema\/logo\/image\/","url":"https:\/\/jornalfatosenoticias.com.br\/wp-content\/uploads\/2020\/02\/logo120.png","contentUrl":"https:\/\/jornalfatosenoticias.com.br\/wp-content\/uploads\/2020\/02\/logo120.png","width":1227,"height":120,"caption":"Jornal Fatos e Not\u00edcias"},"image":{"@id":"https:\/\/jornalfatosenoticias.com.br\/#\/schema\/logo\/image\/"}},{"@type":"Person","@id":"https:\/\/jornalfatosenoticias.com.br\/#\/schema\/person\/d63837fa13ac8666eb9e74e0985d6f81","name":"Luzimara Fernandes","image":{"@type":"ImageObject","inLanguage":"pt-BR","@id":"https:\/\/jornalfatosenoticias.com.br\/#\/schema\/person\/image\/","url":"https:\/\/jornalfatosenoticias.com.br\/wp-content\/uploads\/2025\/05\/EU_portal.jpg","contentUrl":"https:\/\/jornalfatosenoticias.com.br\/wp-content\/uploads\/2025\/05\/EU_portal.jpg","caption":"Luzimara Fernandes"},"description":"Jornalista MTB 2358-ES","sameAs":["https:\/\/jornalfatosenoticias.com.br"],"url":"https:\/\/jornalfatosenoticias.com.br\/index.php\/author\/luzimara\/"}]}},"cc_featured_image_caption":{"caption_text":"(Foto: Pixabay\/Reprodu\u00e7\u00e3o X) ","source_text":"","source_url":""},"jetpack_featured_media_url":"https:\/\/jornalfatosenoticias.com.br\/wp-content\/uploads\/2024\/05\/dinossauro.jpg","_links":{"self":[{"href":"https:\/\/jornalfatosenoticias.com.br\/index.php\/wp-json\/wp\/v2\/posts\/51537","targetHints":{"allow":["GET"]}}],"collection":[{"href":"https:\/\/jornalfatosenoticias.com.br\/index.php\/wp-json\/wp\/v2\/posts"}],"about":[{"href":"https:\/\/jornalfatosenoticias.com.br\/index.php\/wp-json\/wp\/v2\/types\/post"}],"author":[{"embeddable":true,"href":"https:\/\/jornalfatosenoticias.com.br\/index.php\/wp-json\/wp\/v2\/users\/2"}],"replies":[{"embeddable":true,"href":"https:\/\/jornalfatosenoticias.com.br\/index.php\/wp-json\/wp\/v2\/comments?post=51537"}],"version-history":[{"count":0,"href":"https:\/\/jornalfatosenoticias.com.br\/index.php\/wp-json\/wp\/v2\/posts\/51537\/revisions"}],"wp:featuredmedia":[{"embeddable":true,"href":"https:\/\/jornalfatosenoticias.com.br\/index.php\/wp-json\/wp\/v2\/media\/51538"}],"wp:attachment":[{"href":"https:\/\/jornalfatosenoticias.com.br\/index.php\/wp-json\/wp\/v2\/media?parent=51537"}],"wp:term":[{"taxonomy":"category","embeddable":true,"href":"https:\/\/jornalfatosenoticias.com.br\/index.php\/wp-json\/wp\/v2\/categories?post=51537"},{"taxonomy":"post_tag","embeddable":true,"href":"https:\/\/jornalfatosenoticias.com.br\/index.php\/wp-json\/wp\/v2\/tags?post=51537"}],"curies":[{"name":"wp","href":"https:\/\/api.w.org\/{rel}","templated":true}]}}