{"id":51541,"date":"2024-05-28T08:45:50","date_gmt":"2024-05-28T11:45:50","guid":{"rendered":"https:\/\/jornalfatosenoticias.com.br\/?p=51541"},"modified":"2024-05-28T08:45:51","modified_gmt":"2024-05-28T11:45:51","slug":"curiosidade-o-que-significa-corpus-christi","status":"publish","type":"post","link":"https:\/\/jornalfatosenoticias.com.br\/index.php\/2024\/05\/28\/curiosidade-o-que-significa-corpus-christi\/","title":{"rendered":"Curiosidade \u2014 O que significa Corpus Christi"},"content":{"rendered":"\n<p><span class=\"has-inline-color has-black-color\">Por <strong><a href=\"https:\/\/www.jornaldepomerode.com.br\/author\/joana-prochera\/\">Joana Prochera<\/a><\/strong><\/span><\/p>\n\n\n\n<div class=\"wp-block-image\"><figure class=\"aligncenter size-large is-resized\"><img loading=\"lazy\" decoding=\"async\" src=\"https:\/\/jornalfatosenoticias.com.br\/wp-content\/uploads\/2023\/12\/pegoretti-logo-pdf-1024x389.jpg\" alt=\"\" class=\"wp-image-47536\" width=\"498\" height=\"189\" srcset=\"https:\/\/jornalfatosenoticias.com.br\/wp-content\/uploads\/2023\/12\/pegoretti-logo-pdf-1024x389.jpg 1024w, https:\/\/jornalfatosenoticias.com.br\/wp-content\/uploads\/2023\/12\/pegoretti-logo-pdf-300x114.jpg 300w, https:\/\/jornalfatosenoticias.com.br\/wp-content\/uploads\/2023\/12\/pegoretti-logo-pdf-768x291.jpg 768w, https:\/\/jornalfatosenoticias.com.br\/wp-content\/uploads\/2023\/12\/pegoretti-logo-pdf.jpg 1120w\" sizes=\"auto, (max-width: 498px) 100vw, 498px\" \/><\/figure><\/div>\n\n\n\n<p>A tradi\u00e7\u00e3o come\u00e7ou em Portugal, ainda no s\u00e9culo XIII, quando o Papa Urbano IV, oficializou a cerim\u00f4nia em 1264, inspirado pelos segredos recebidos em sonhos pela freira belga, Juliana de Cornillon. Essas vis\u00f5es instigaram a cria\u00e7\u00e3o de uma celebra\u00e7\u00e3o em honra ao Sant\u00edssimo Sacramento, relembrando a \u00faltima ceia de Jesus Cristo com seus ap\u00f3stolos. Foi trazida pelos colonizadores para o Brasil. Assim, espalhou-se por todo o territ\u00f3rio nacional.<br>Esta data \u00e9 caracterizada por rituais religiosos e demonstra\u00e7\u00f5es de f\u00e9, incluindo tradi\u00e7\u00f5es seculares como a confec\u00e7\u00e3o de tapetes art\u00edsticos em ruas e avenidas de diversas localidades. A ideia dos tapetes surgiu porque os fi\u00e9is acreditavam que Jesus estaria andando pelas ruas da cidade. O <em>Corpus Christi<\/em>, uma das celebra\u00e7\u00f5es mais significativas do calend\u00e1rio cat\u00f3lico global, ser\u00e1 comemorado nesta quinta-feira, <a href=\"https:\/\/gizmodo.uol.com.br\/quando-sera-o-proximo-feriado-de-2024-ainda-em-maio-tem-opcao-de-emenda\/\" target=\"_blank\" rel=\"noreferrer noopener\">30 de maio<\/a>.<\/p>\n\n\n\n<div class=\"wp-block-image\"><figure class=\"aligncenter size-large\"><img loading=\"lazy\" decoding=\"async\" width=\"300\" height=\"250\" src=\"https:\/\/jornalfatosenoticias.com.br\/wp-content\/uploads\/2020\/02\/Banner-2.png\" alt=\"\" class=\"wp-image-43787\"\/><\/figure><\/div>\n\n\n\n<p>A express\u00e3o <em>\u201cCorpus Christi\u201d<\/em>, origin\u00e1ria do latim, significa <em>\u201cCorpo de Cristo\u201d<\/em>. A festa oferece aos fi\u00e9is cat\u00f3licos a oportunidade de celebrar a presen\u00e7a real de Jesus Cristo na Eucaristia, quando, de acordo com a tradi\u00e7\u00e3o, p\u00e3o e vinho se transformam no corpo e no sangue de Cristo durante a missa.<\/p>\n\n\n\n<div class=\"wp-block-image\"><figure class=\"aligncenter size-large is-resized\"><img loading=\"lazy\" decoding=\"async\" src=\"https:\/\/jornalfatosenoticias.com.br\/wp-content\/uploads\/2020\/02\/logo-Rapuzel-1024x571.jpg\" alt=\"\" class=\"wp-image-42808\" width=\"384\" height=\"214\" srcset=\"https:\/\/jornalfatosenoticias.com.br\/wp-content\/uploads\/2020\/02\/logo-Rapuzel-1024x571.jpg 1024w, https:\/\/jornalfatosenoticias.com.br\/wp-content\/uploads\/2020\/02\/logo-Rapuzel-300x167.jpg 300w, https:\/\/jornalfatosenoticias.com.br\/wp-content\/uploads\/2020\/02\/logo-Rapuzel-768x428.jpg 768w, https:\/\/jornalfatosenoticias.com.br\/wp-content\/uploads\/2020\/02\/logo-Rapuzel-1536x856.jpg 1536w, https:\/\/jornalfatosenoticias.com.br\/wp-content\/uploads\/2020\/02\/logo-Rapuzel.jpg 1600w\" sizes=\"auto, (max-width: 384px) 100vw, 384px\" \/><\/figure><\/div>\n\n\n\n<p><em>Corpus Christi<\/em> n\u00e3o \u00e9 uma data fixa no calend\u00e1rio, sendo comemorado anualmente \u00e0s quintas-feiras ap\u00f3s o domingo da Sant\u00edssima Trindade, que ocorre no primeiro domingo ap\u00f3s o Pentecostes. Assim, a data pode variar entre os meses de maio e junho. No Brasil, <em>Corpus Christi<\/em> \u00e9 reconhecido como feriado religioso, embora n\u00e3o seja um feriado nacional, variando sua defini\u00e7\u00e3o conforme as legisla\u00e7\u00f5es estaduais e municipais.<\/p>\n\n\n\n<div class=\"wp-block-image\"><figure class=\"aligncenter size-large is-resized\"><img loading=\"lazy\" decoding=\"async\" src=\"https:\/\/jornalfatosenoticias.com.br\/wp-content\/uploads\/2023\/03\/logo-Panper_portal.jpg\" alt=\"\" class=\"wp-image-40208\" width=\"365\" height=\"253\" srcset=\"https:\/\/jornalfatosenoticias.com.br\/wp-content\/uploads\/2023\/03\/logo-Panper_portal.jpg 400w, https:\/\/jornalfatosenoticias.com.br\/wp-content\/uploads\/2023\/03\/logo-Panper_portal-300x208.jpg 300w\" sizes=\"auto, (max-width: 365px) 100vw, 365px\" \/><\/figure><\/div>\n\n\n\n<p>Uma das caracter\u00edsticas distintivas de <em>Corpus Christi<\/em> em muitas regi\u00f5es \u00e9 a elabora\u00e7\u00e3o de tapetes decorativos nas ruas, feitos com p\u00e9talas de flores, serragem colorida, sal, areia e outros materiais. Esses tapetes formam desenhos religiosos pelos quais as prociss\u00f5es passam, lembrando simbolicamente a acolhida de Cristo nas ruas de Jerusal\u00e9m.<\/p>\n\n\n\n<div class=\"wp-block-image\"><figure class=\"aligncenter size-large is-resized\"><img loading=\"lazy\" decoding=\"async\" src=\"https:\/\/jornalfatosenoticias.com.br\/wp-content\/uploads\/2023\/03\/nova-logo-Marquetti.jpg\" alt=\"\" class=\"wp-image-40207\" width=\"343\" height=\"230\" srcset=\"https:\/\/jornalfatosenoticias.com.br\/wp-content\/uploads\/2023\/03\/nova-logo-Marquetti.jpg 643w, https:\/\/jornalfatosenoticias.com.br\/wp-content\/uploads\/2023\/03\/nova-logo-Marquetti-300x202.jpg 300w\" sizes=\"auto, (max-width: 343px) 100vw, 343px\" \/><\/figure><\/div>\n\n\n\n<p>Essa tradi\u00e7\u00e3o, que remonta aos s\u00e9culos XVI e XIX, foi trazida ao Brasil durante o per\u00edodo colonial, sendo mais comum em pa\u00edses como Portugal e Espanha. Durante o dia de <em>Corpus Christi<\/em> acontecem prociss\u00f5es solenes, com os fi\u00e9is marchando pelas ruas transportando a h\u00f3stia consagrada em um ostens\u00f3rio. As igrejas tamb\u00e9m oferecem momentos de adora\u00e7\u00e3o ao Sant\u00edssimo Sacramento, permitindo que os fi\u00e9is se aproximem para orar em contempla\u00e7\u00e3o e gratid\u00e3o.<\/p>\n\n\n\n<div class=\"wp-block-image\"><figure class=\"aligncenter size-large is-resized\"><img loading=\"lazy\" decoding=\"async\" src=\"https:\/\/jornalfatosenoticias.com.br\/wp-content\/uploads\/2023\/09\/vetorvix1024_1.jpg\" alt=\"\" class=\"wp-image-44868\" width=\"535\" height=\"142\" srcset=\"https:\/\/jornalfatosenoticias.com.br\/wp-content\/uploads\/2023\/09\/vetorvix1024_1.jpg 1024w, https:\/\/jornalfatosenoticias.com.br\/wp-content\/uploads\/2023\/09\/vetorvix1024_1-300x80.jpg 300w, https:\/\/jornalfatosenoticias.com.br\/wp-content\/uploads\/2023\/09\/vetorvix1024_1-768x205.jpg 768w\" sizes=\"auto, (max-width: 535px) 100vw, 535px\" \/><\/figure><\/div>\n\n\n\n<p><strong><em>Fonte: <a href=\"https:\/\/www.jornaldepomerode.com.br\/corpus-christi-curiosidades-por-tras-da-celebracao-catolica\/\">Jornal de Pomerode<\/a><\/em><\/strong><\/p>\n","protected":false},"excerpt":{"rendered":"<p>Por Joana Prochera A tradi\u00e7\u00e3o come\u00e7ou em Portugal, ainda no s\u00e9culo XIII, quando o Papa Urbano IV, oficializou a cerim\u00f4nia em 1264, inspirado pelos segredos recebidos em sonhos pela freira belga, Juliana de Cornillon. Essas vis\u00f5es instigaram a cria\u00e7\u00e3o de uma celebra\u00e7\u00e3o em honra ao Sant\u00edssimo Sacramento, relembrando a \u00faltima ceia de Jesus Cristo com [&hellip;]<\/p>\n","protected":false},"author":2,"featured_media":51542,"comment_status":"open","ping_status":"open","sticky":false,"template":"","format":"standard","meta":{"footnotes":""},"categories":[5],"tags":[2093,23600,23599,1850,22415],"class_list":["post-51541","post","type-post","status-publish","format-standard","has-post-thumbnail","hentry","category-geral","tag-calendario","tag-celebracao-religiosa","tag-corpus-christi","tag-curiosidades","tag-feriados"],"yoast_head":"<!-- This site is optimized with the Yoast SEO plugin v26.5 - https:\/\/yoast.com\/wordpress\/plugins\/seo\/ -->\n<title>Curiosidade \u2014 O que significa Corpus Christi - Jornal Fatos e Not\u00edcias<\/title>\n<meta name=\"robots\" content=\"index, follow, max-snippet:-1, max-image-preview:large, max-video-preview:-1\" \/>\n<link rel=\"canonical\" href=\"https:\/\/jornalfatosenoticias.com.br\/index.php\/2024\/05\/28\/curiosidade-o-que-significa-corpus-christi\/\" \/>\n<meta property=\"og:locale\" content=\"pt_BR\" \/>\n<meta property=\"og:type\" content=\"article\" \/>\n<meta property=\"og:title\" content=\"Curiosidade \u2014 O que significa Corpus Christi - Jornal Fatos e Not\u00edcias\" \/>\n<meta property=\"og:description\" content=\"Por Joana Prochera A tradi\u00e7\u00e3o come\u00e7ou em Portugal, ainda no s\u00e9culo XIII, quando o Papa Urbano IV, oficializou a cerim\u00f4nia em 1264, inspirado pelos segredos recebidos em sonhos pela freira belga, Juliana de Cornillon. Essas vis\u00f5es instigaram a cria\u00e7\u00e3o de uma celebra\u00e7\u00e3o em honra ao Sant\u00edssimo Sacramento, relembrando a \u00faltima ceia de Jesus Cristo com [&hellip;]\" \/>\n<meta property=\"og:url\" content=\"https:\/\/jornalfatosenoticias.com.br\/index.php\/2024\/05\/28\/curiosidade-o-que-significa-corpus-christi\/\" \/>\n<meta property=\"og:site_name\" content=\"Jornal Fatos e Not\u00edcias\" \/>\n<meta property=\"article:published_time\" content=\"2024-05-28T11:45:50+00:00\" \/>\n<meta property=\"article:modified_time\" content=\"2024-05-28T11:45:51+00:00\" \/>\n<meta property=\"og:image\" content=\"https:\/\/jornalfatosenoticias.com.br\/wp-content\/uploads\/2024\/05\/Corpus-Christi_istock.jpg\" \/>\n\t<meta property=\"og:image:width\" content=\"612\" \/>\n\t<meta property=\"og:image:height\" content=\"431\" \/>\n\t<meta property=\"og:image:type\" content=\"image\/jpeg\" \/>\n<meta name=\"author\" content=\"Luzimara Fernandes\" \/>\n<meta name=\"twitter:card\" content=\"summary_large_image\" \/>\n<meta name=\"twitter:label1\" content=\"Escrito por\" \/>\n\t<meta name=\"twitter:data1\" content=\"Luzimara Fernandes\" \/>\n\t<meta name=\"twitter:label2\" content=\"Est. tempo de leitura\" \/>\n\t<meta name=\"twitter:data2\" content=\"2 minutos\" \/>\n<script type=\"application\/ld+json\" class=\"yoast-schema-graph\">{\"@context\":\"https:\/\/schema.org\",\"@graph\":[{\"@type\":\"Article\",\"@id\":\"https:\/\/jornalfatosenoticias.com.br\/index.php\/2024\/05\/28\/curiosidade-o-que-significa-corpus-christi\/#article\",\"isPartOf\":{\"@id\":\"https:\/\/jornalfatosenoticias.com.br\/index.php\/2024\/05\/28\/curiosidade-o-que-significa-corpus-christi\/\"},\"author\":{\"name\":\"Luzimara Fernandes\",\"@id\":\"https:\/\/jornalfatosenoticias.com.br\/#\/schema\/person\/d63837fa13ac8666eb9e74e0985d6f81\"},\"headline\":\"Curiosidade \u2014 O que significa Corpus Christi\",\"datePublished\":\"2024-05-28T11:45:50+00:00\",\"dateModified\":\"2024-05-28T11:45:51+00:00\",\"mainEntityOfPage\":{\"@id\":\"https:\/\/jornalfatosenoticias.com.br\/index.php\/2024\/05\/28\/curiosidade-o-que-significa-corpus-christi\/\"},\"wordCount\":425,\"commentCount\":0,\"publisher\":{\"@id\":\"https:\/\/jornalfatosenoticias.com.br\/#organization\"},\"image\":{\"@id\":\"https:\/\/jornalfatosenoticias.com.br\/index.php\/2024\/05\/28\/curiosidade-o-que-significa-corpus-christi\/#primaryimage\"},\"thumbnailUrl\":\"https:\/\/jornalfatosenoticias.com.br\/wp-content\/uploads\/2024\/05\/Corpus-Christi_istock.jpg\",\"keywords\":[\"calend\u00e1rio\",\"celebra\u00e7\u00e3o religiosa\",\"Corpus Christi\",\"curiosidades\",\"feriados\"],\"articleSection\":[\"Geral\"],\"inLanguage\":\"pt-BR\",\"potentialAction\":[{\"@type\":\"CommentAction\",\"name\":\"Comment\",\"target\":[\"https:\/\/jornalfatosenoticias.com.br\/index.php\/2024\/05\/28\/curiosidade-o-que-significa-corpus-christi\/#respond\"]}]},{\"@type\":\"WebPage\",\"@id\":\"https:\/\/jornalfatosenoticias.com.br\/index.php\/2024\/05\/28\/curiosidade-o-que-significa-corpus-christi\/\",\"url\":\"https:\/\/jornalfatosenoticias.com.br\/index.php\/2024\/05\/28\/curiosidade-o-que-significa-corpus-christi\/\",\"name\":\"Curiosidade \u2014 O que significa Corpus Christi - Jornal Fatos e Not\u00edcias\",\"isPartOf\":{\"@id\":\"https:\/\/jornalfatosenoticias.com.br\/#website\"},\"primaryImageOfPage\":{\"@id\":\"https:\/\/jornalfatosenoticias.com.br\/index.php\/2024\/05\/28\/curiosidade-o-que-significa-corpus-christi\/#primaryimage\"},\"image\":{\"@id\":\"https:\/\/jornalfatosenoticias.com.br\/index.php\/2024\/05\/28\/curiosidade-o-que-significa-corpus-christi\/#primaryimage\"},\"thumbnailUrl\":\"https:\/\/jornalfatosenoticias.com.br\/wp-content\/uploads\/2024\/05\/Corpus-Christi_istock.jpg\",\"datePublished\":\"2024-05-28T11:45:50+00:00\",\"dateModified\":\"2024-05-28T11:45:51+00:00\",\"breadcrumb\":{\"@id\":\"https:\/\/jornalfatosenoticias.com.br\/index.php\/2024\/05\/28\/curiosidade-o-que-significa-corpus-christi\/#breadcrumb\"},\"inLanguage\":\"pt-BR\",\"potentialAction\":[{\"@type\":\"ReadAction\",\"target\":[\"https:\/\/jornalfatosenoticias.com.br\/index.php\/2024\/05\/28\/curiosidade-o-que-significa-corpus-christi\/\"]}]},{\"@type\":\"ImageObject\",\"inLanguage\":\"pt-BR\",\"@id\":\"https:\/\/jornalfatosenoticias.com.br\/index.php\/2024\/05\/28\/curiosidade-o-que-significa-corpus-christi\/#primaryimage\",\"url\":\"https:\/\/jornalfatosenoticias.com.br\/wp-content\/uploads\/2024\/05\/Corpus-Christi_istock.jpg\",\"contentUrl\":\"https:\/\/jornalfatosenoticias.com.br\/wp-content\/uploads\/2024\/05\/Corpus-Christi_istock.jpg\",\"width\":612,\"height\":431,\"caption\":\"Communion In Holy Mass - Grail With Bread And Chalice Of Wine - Last Supper With Corpus Christi And Sunlight\"},{\"@type\":\"BreadcrumbList\",\"@id\":\"https:\/\/jornalfatosenoticias.com.br\/index.php\/2024\/05\/28\/curiosidade-o-que-significa-corpus-christi\/#breadcrumb\",\"itemListElement\":[{\"@type\":\"ListItem\",\"position\":1,\"name\":\"In\u00edcio\",\"item\":\"https:\/\/jornalfatosenoticias.com.br\/\"},{\"@type\":\"ListItem\",\"position\":2,\"name\":\"Curiosidade \u2014 O que significa Corpus Christi\"}]},{\"@type\":\"WebSite\",\"@id\":\"https:\/\/jornalfatosenoticias.com.br\/#website\",\"url\":\"https:\/\/jornalfatosenoticias.com.br\/\",\"name\":\"Jornal Fatos e Not\u00edcias\",\"description\":\"Not\u00edcias em geral\",\"publisher\":{\"@id\":\"https:\/\/jornalfatosenoticias.com.br\/#organization\"},\"potentialAction\":[{\"@type\":\"SearchAction\",\"target\":{\"@type\":\"EntryPoint\",\"urlTemplate\":\"https:\/\/jornalfatosenoticias.com.br\/?s={search_term_string}\"},\"query-input\":{\"@type\":\"PropertyValueSpecification\",\"valueRequired\":true,\"valueName\":\"search_term_string\"}}],\"inLanguage\":\"pt-BR\"},{\"@type\":\"Organization\",\"@id\":\"https:\/\/jornalfatosenoticias.com.br\/#organization\",\"name\":\"Jornal Fatos e Not\u00edcias\",\"url\":\"https:\/\/jornalfatosenoticias.com.br\/\",\"logo\":{\"@type\":\"ImageObject\",\"inLanguage\":\"pt-BR\",\"@id\":\"https:\/\/jornalfatosenoticias.com.br\/#\/schema\/logo\/image\/\",\"url\":\"https:\/\/jornalfatosenoticias.com.br\/wp-content\/uploads\/2020\/02\/logo120.png\",\"contentUrl\":\"https:\/\/jornalfatosenoticias.com.br\/wp-content\/uploads\/2020\/02\/logo120.png\",\"width\":1227,\"height\":120,\"caption\":\"Jornal Fatos e Not\u00edcias\"},\"image\":{\"@id\":\"https:\/\/jornalfatosenoticias.com.br\/#\/schema\/logo\/image\/\"}},{\"@type\":\"Person\",\"@id\":\"https:\/\/jornalfatosenoticias.com.br\/#\/schema\/person\/d63837fa13ac8666eb9e74e0985d6f81\",\"name\":\"Luzimara Fernandes\",\"image\":{\"@type\":\"ImageObject\",\"inLanguage\":\"pt-BR\",\"@id\":\"https:\/\/jornalfatosenoticias.com.br\/#\/schema\/person\/image\/\",\"url\":\"https:\/\/jornalfatosenoticias.com.br\/wp-content\/uploads\/2025\/05\/EU_portal.jpg\",\"contentUrl\":\"https:\/\/jornalfatosenoticias.com.br\/wp-content\/uploads\/2025\/05\/EU_portal.jpg\",\"caption\":\"Luzimara Fernandes\"},\"description\":\"Jornalista MTB 2358-ES\",\"sameAs\":[\"https:\/\/jornalfatosenoticias.com.br\"],\"url\":\"https:\/\/jornalfatosenoticias.com.br\/index.php\/author\/luzimara\/\"}]}<\/script>\n<!-- \/ Yoast SEO plugin. -->","yoast_head_json":{"title":"Curiosidade \u2014 O que significa Corpus Christi - Jornal Fatos e Not\u00edcias","robots":{"index":"index","follow":"follow","max-snippet":"max-snippet:-1","max-image-preview":"max-image-preview:large","max-video-preview":"max-video-preview:-1"},"canonical":"https:\/\/jornalfatosenoticias.com.br\/index.php\/2024\/05\/28\/curiosidade-o-que-significa-corpus-christi\/","og_locale":"pt_BR","og_type":"article","og_title":"Curiosidade \u2014 O que significa Corpus Christi - Jornal Fatos e Not\u00edcias","og_description":"Por Joana Prochera A tradi\u00e7\u00e3o come\u00e7ou em Portugal, ainda no s\u00e9culo XIII, quando o Papa Urbano IV, oficializou a cerim\u00f4nia em 1264, inspirado pelos segredos recebidos em sonhos pela freira belga, Juliana de Cornillon. Essas vis\u00f5es instigaram a cria\u00e7\u00e3o de uma celebra\u00e7\u00e3o em honra ao Sant\u00edssimo Sacramento, relembrando a \u00faltima ceia de Jesus Cristo com [&hellip;]","og_url":"https:\/\/jornalfatosenoticias.com.br\/index.php\/2024\/05\/28\/curiosidade-o-que-significa-corpus-christi\/","og_site_name":"Jornal Fatos e Not\u00edcias","article_published_time":"2024-05-28T11:45:50+00:00","article_modified_time":"2024-05-28T11:45:51+00:00","og_image":[{"width":612,"height":431,"url":"https:\/\/jornalfatosenoticias.com.br\/wp-content\/uploads\/2024\/05\/Corpus-Christi_istock.jpg","type":"image\/jpeg"}],"author":"Luzimara Fernandes","twitter_card":"summary_large_image","twitter_misc":{"Escrito por":"Luzimara Fernandes","Est. tempo de leitura":"2 minutos"},"schema":{"@context":"https:\/\/schema.org","@graph":[{"@type":"Article","@id":"https:\/\/jornalfatosenoticias.com.br\/index.php\/2024\/05\/28\/curiosidade-o-que-significa-corpus-christi\/#article","isPartOf":{"@id":"https:\/\/jornalfatosenoticias.com.br\/index.php\/2024\/05\/28\/curiosidade-o-que-significa-corpus-christi\/"},"author":{"name":"Luzimara Fernandes","@id":"https:\/\/jornalfatosenoticias.com.br\/#\/schema\/person\/d63837fa13ac8666eb9e74e0985d6f81"},"headline":"Curiosidade \u2014 O que significa Corpus Christi","datePublished":"2024-05-28T11:45:50+00:00","dateModified":"2024-05-28T11:45:51+00:00","mainEntityOfPage":{"@id":"https:\/\/jornalfatosenoticias.com.br\/index.php\/2024\/05\/28\/curiosidade-o-que-significa-corpus-christi\/"},"wordCount":425,"commentCount":0,"publisher":{"@id":"https:\/\/jornalfatosenoticias.com.br\/#organization"},"image":{"@id":"https:\/\/jornalfatosenoticias.com.br\/index.php\/2024\/05\/28\/curiosidade-o-que-significa-corpus-christi\/#primaryimage"},"thumbnailUrl":"https:\/\/jornalfatosenoticias.com.br\/wp-content\/uploads\/2024\/05\/Corpus-Christi_istock.jpg","keywords":["calend\u00e1rio","celebra\u00e7\u00e3o religiosa","Corpus Christi","curiosidades","feriados"],"articleSection":["Geral"],"inLanguage":"pt-BR","potentialAction":[{"@type":"CommentAction","name":"Comment","target":["https:\/\/jornalfatosenoticias.com.br\/index.php\/2024\/05\/28\/curiosidade-o-que-significa-corpus-christi\/#respond"]}]},{"@type":"WebPage","@id":"https:\/\/jornalfatosenoticias.com.br\/index.php\/2024\/05\/28\/curiosidade-o-que-significa-corpus-christi\/","url":"https:\/\/jornalfatosenoticias.com.br\/index.php\/2024\/05\/28\/curiosidade-o-que-significa-corpus-christi\/","name":"Curiosidade \u2014 O que significa Corpus Christi - Jornal Fatos e Not\u00edcias","isPartOf":{"@id":"https:\/\/jornalfatosenoticias.com.br\/#website"},"primaryImageOfPage":{"@id":"https:\/\/jornalfatosenoticias.com.br\/index.php\/2024\/05\/28\/curiosidade-o-que-significa-corpus-christi\/#primaryimage"},"image":{"@id":"https:\/\/jornalfatosenoticias.com.br\/index.php\/2024\/05\/28\/curiosidade-o-que-significa-corpus-christi\/#primaryimage"},"thumbnailUrl":"https:\/\/jornalfatosenoticias.com.br\/wp-content\/uploads\/2024\/05\/Corpus-Christi_istock.jpg","datePublished":"2024-05-28T11:45:50+00:00","dateModified":"2024-05-28T11:45:51+00:00","breadcrumb":{"@id":"https:\/\/jornalfatosenoticias.com.br\/index.php\/2024\/05\/28\/curiosidade-o-que-significa-corpus-christi\/#breadcrumb"},"inLanguage":"pt-BR","potentialAction":[{"@type":"ReadAction","target":["https:\/\/jornalfatosenoticias.com.br\/index.php\/2024\/05\/28\/curiosidade-o-que-significa-corpus-christi\/"]}]},{"@type":"ImageObject","inLanguage":"pt-BR","@id":"https:\/\/jornalfatosenoticias.com.br\/index.php\/2024\/05\/28\/curiosidade-o-que-significa-corpus-christi\/#primaryimage","url":"https:\/\/jornalfatosenoticias.com.br\/wp-content\/uploads\/2024\/05\/Corpus-Christi_istock.jpg","contentUrl":"https:\/\/jornalfatosenoticias.com.br\/wp-content\/uploads\/2024\/05\/Corpus-Christi_istock.jpg","width":612,"height":431,"caption":"Communion In Holy Mass - Grail With Bread And Chalice Of Wine - Last Supper With Corpus Christi And Sunlight"},{"@type":"BreadcrumbList","@id":"https:\/\/jornalfatosenoticias.com.br\/index.php\/2024\/05\/28\/curiosidade-o-que-significa-corpus-christi\/#breadcrumb","itemListElement":[{"@type":"ListItem","position":1,"name":"In\u00edcio","item":"https:\/\/jornalfatosenoticias.com.br\/"},{"@type":"ListItem","position":2,"name":"Curiosidade \u2014 O que significa Corpus Christi"}]},{"@type":"WebSite","@id":"https:\/\/jornalfatosenoticias.com.br\/#website","url":"https:\/\/jornalfatosenoticias.com.br\/","name":"Jornal Fatos e Not\u00edcias","description":"Not\u00edcias em geral","publisher":{"@id":"https:\/\/jornalfatosenoticias.com.br\/#organization"},"potentialAction":[{"@type":"SearchAction","target":{"@type":"EntryPoint","urlTemplate":"https:\/\/jornalfatosenoticias.com.br\/?s={search_term_string}"},"query-input":{"@type":"PropertyValueSpecification","valueRequired":true,"valueName":"search_term_string"}}],"inLanguage":"pt-BR"},{"@type":"Organization","@id":"https:\/\/jornalfatosenoticias.com.br\/#organization","name":"Jornal Fatos e Not\u00edcias","url":"https:\/\/jornalfatosenoticias.com.br\/","logo":{"@type":"ImageObject","inLanguage":"pt-BR","@id":"https:\/\/jornalfatosenoticias.com.br\/#\/schema\/logo\/image\/","url":"https:\/\/jornalfatosenoticias.com.br\/wp-content\/uploads\/2020\/02\/logo120.png","contentUrl":"https:\/\/jornalfatosenoticias.com.br\/wp-content\/uploads\/2020\/02\/logo120.png","width":1227,"height":120,"caption":"Jornal Fatos e Not\u00edcias"},"image":{"@id":"https:\/\/jornalfatosenoticias.com.br\/#\/schema\/logo\/image\/"}},{"@type":"Person","@id":"https:\/\/jornalfatosenoticias.com.br\/#\/schema\/person\/d63837fa13ac8666eb9e74e0985d6f81","name":"Luzimara Fernandes","image":{"@type":"ImageObject","inLanguage":"pt-BR","@id":"https:\/\/jornalfatosenoticias.com.br\/#\/schema\/person\/image\/","url":"https:\/\/jornalfatosenoticias.com.br\/wp-content\/uploads\/2025\/05\/EU_portal.jpg","contentUrl":"https:\/\/jornalfatosenoticias.com.br\/wp-content\/uploads\/2025\/05\/EU_portal.jpg","caption":"Luzimara Fernandes"},"description":"Jornalista MTB 2358-ES","sameAs":["https:\/\/jornalfatosenoticias.com.br"],"url":"https:\/\/jornalfatosenoticias.com.br\/index.php\/author\/luzimara\/"}]}},"cc_featured_image_caption":{"caption_text":"(Foto: iStock) ","source_text":"","source_url":""},"jetpack_featured_media_url":"https:\/\/jornalfatosenoticias.com.br\/wp-content\/uploads\/2024\/05\/Corpus-Christi_istock.jpg","_links":{"self":[{"href":"https:\/\/jornalfatosenoticias.com.br\/index.php\/wp-json\/wp\/v2\/posts\/51541","targetHints":{"allow":["GET"]}}],"collection":[{"href":"https:\/\/jornalfatosenoticias.com.br\/index.php\/wp-json\/wp\/v2\/posts"}],"about":[{"href":"https:\/\/jornalfatosenoticias.com.br\/index.php\/wp-json\/wp\/v2\/types\/post"}],"author":[{"embeddable":true,"href":"https:\/\/jornalfatosenoticias.com.br\/index.php\/wp-json\/wp\/v2\/users\/2"}],"replies":[{"embeddable":true,"href":"https:\/\/jornalfatosenoticias.com.br\/index.php\/wp-json\/wp\/v2\/comments?post=51541"}],"version-history":[{"count":0,"href":"https:\/\/jornalfatosenoticias.com.br\/index.php\/wp-json\/wp\/v2\/posts\/51541\/revisions"}],"wp:featuredmedia":[{"embeddable":true,"href":"https:\/\/jornalfatosenoticias.com.br\/index.php\/wp-json\/wp\/v2\/media\/51542"}],"wp:attachment":[{"href":"https:\/\/jornalfatosenoticias.com.br\/index.php\/wp-json\/wp\/v2\/media?parent=51541"}],"wp:term":[{"taxonomy":"category","embeddable":true,"href":"https:\/\/jornalfatosenoticias.com.br\/index.php\/wp-json\/wp\/v2\/categories?post=51541"},{"taxonomy":"post_tag","embeddable":true,"href":"https:\/\/jornalfatosenoticias.com.br\/index.php\/wp-json\/wp\/v2\/tags?post=51541"}],"curies":[{"name":"wp","href":"https:\/\/api.w.org\/{rel}","templated":true}]}}