{"id":51568,"date":"2024-05-28T10:45:44","date_gmt":"2024-05-28T13:45:44","guid":{"rendered":"https:\/\/jornalfatosenoticias.com.br\/?p=51568"},"modified":"2024-05-28T10:45:46","modified_gmt":"2024-05-28T13:45:46","slug":"elon-musk-sumiu-o-que-se-sabe-sobre-seu-silencio-em-relacao-ao-brasil","status":"publish","type":"post","link":"https:\/\/jornalfatosenoticias.com.br\/index.php\/2024\/05\/28\/elon-musk-sumiu-o-que-se-sabe-sobre-seu-silencio-em-relacao-ao-brasil\/","title":{"rendered":"Elon Musk sumiu? O que se sabe sobre seu sil\u00eancio em rela\u00e7\u00e3o ao Brasil"},"content":{"rendered":"\n<p><em><span class=\"has-inline-color has-black-color\">Elon Musk, dono do X, deixou de fazer postagens sobre a situa\u00e7\u00e3o da liberdade de express\u00e3o no Brasil nas \u00faltimas semanas<\/span><\/em><\/p>\n\n\n\n<p><span class=\"has-inline-color has-black-color\">Por <strong><a href=\"https:\/\/www.gazetadopovo.com.br\/autor\/leonardo-desideri\/\">Leonardo Desideri<\/a><\/strong><\/span><\/p>\n\n\n\n<div class=\"wp-block-image\"><figure class=\"aligncenter size-large\"><img loading=\"lazy\" decoding=\"async\" width=\"729\" height=\"90\" src=\"https:\/\/jornalfatosenoticias.com.br\/wp-content\/uploads\/2020\/02\/Logo_Mizu.png\" alt=\"\" class=\"wp-image-1441\" srcset=\"https:\/\/jornalfatosenoticias.com.br\/wp-content\/uploads\/2020\/02\/Logo_Mizu.png 729w, https:\/\/jornalfatosenoticias.com.br\/wp-content\/uploads\/2020\/02\/Logo_Mizu-300x37.png 300w\" sizes=\"auto, (max-width: 729px) 100vw, 729px\" \/><\/figure><\/div>\n\n\n\n<p>&#8220;Alguma novidade, Elon Musk? Estamos ansiosos e esperan\u00e7osos com os pr\u00f3ximos cap\u00edtulos da luta pela nossa liberdade de express\u00e3o no Brasil&#8221;, postou o deputado Nikolas Ferreira (PL-MG), no \u00faltimo dia 18, no X, dirigindo-se ao bilion\u00e1rio dono da rede, que n\u00e3o se manifesta desde abril sobre o cerco \u00e0 liberdade de express\u00e3o no Pa\u00eds.<br>A quest\u00e3o feita pelo parlamentar, com mais de 18 mil curtidas, tem sido repetida por diversos usu\u00e1rios do X nas \u00faltimas semanas, curiosos sobre o sil\u00eancio repentino de Musk em rela\u00e7\u00e3o \u00e0s iniciativas de censura do Judici\u00e1rio brasileiro. Na sexta-feira (24), a deputada Carla Zambelli tamb\u00e9m tuitou sobre o assunto: &#8220;Por favor, olhe novamente para o Brasil. Voc\u00ea iniciou uma revolu\u00e7\u00e3o contra o mal no Brasil, mas, depois que parou de tuitar, todos os processos recome\u00e7aram. (\u2026) Ajude-nos!&#8221;.<\/p>\n\n\n\n<div class=\"wp-block-image\"><figure class=\"aligncenter size-large is-resized\"><img loading=\"lazy\" decoding=\"async\" src=\"https:\/\/jornalfatosenoticias.com.br\/wp-content\/uploads\/2023\/08\/BKR-1024x1021.jpg\" alt=\"\" class=\"wp-image-44494\" width=\"337\" height=\"336\" srcset=\"https:\/\/jornalfatosenoticias.com.br\/wp-content\/uploads\/2023\/08\/BKR-1024x1021.jpg 1024w, https:\/\/jornalfatosenoticias.com.br\/wp-content\/uploads\/2023\/08\/BKR-300x300.jpg 300w, https:\/\/jornalfatosenoticias.com.br\/wp-content\/uploads\/2023\/08\/BKR-150x150.jpg 150w, https:\/\/jornalfatosenoticias.com.br\/wp-content\/uploads\/2023\/08\/BKR-768x766.jpg 768w, https:\/\/jornalfatosenoticias.com.br\/wp-content\/uploads\/2023\/08\/BKR.jpg 1080w\" sizes=\"auto, (max-width: 337px) 100vw, 337px\" \/><\/figure><\/div>\n\n\n\n<p>Em abril deste ano, ap\u00f3s a divulga\u00e7\u00e3o do Twitter Files Brasil \u2014 que revelou um esquema de cumplicidade \u00e0 margem da lei entre os tribunais superiores brasileiros e o Twitter\/X na censura a usu\u00e1rios \u2014 o empres\u00e1rio fez cr\u00edticas incisivas ao ministro Alexandre de Moraes, figura central do Judici\u00e1rio brasileiro nessa rela\u00e7\u00e3o prom\u00edscua, causando temor na esquerda quanto \u00e0s consequ\u00eancias internacionais da perpetua\u00e7\u00e3o dos abusos. Tornou-se, com isso, por algumas semanas, a principal esperan\u00e7a da direita brasileira na luta pela restaura\u00e7\u00e3o da democracia no Pa\u00eds.<\/p>\n\n\n\n<div class=\"wp-block-image\"><figure class=\"aligncenter size-large is-resized\"><img loading=\"lazy\" decoding=\"async\" src=\"https:\/\/jornalfatosenoticias.com.br\/wp-content\/uploads\/2022\/02\/Precisao-Contabilidade-1024x724.jpg\" alt=\"\" class=\"wp-image-28088\" width=\"330\" height=\"233\"\/><\/figure><\/div>\n\n\n\n<p>H\u00e1 quase um m\u00eas, contudo, Musk n\u00e3o aborda o tema. Seu \u00faltimo tu\u00edte com alguma refer\u00eancia \u00e0 situa\u00e7\u00e3o \u00e9 do dia 3 de maio, quando, comentando o an\u00fancio de uma entrevista com o ex-presidente Jair Bolsonaro no Spaces \u2014 plataforma de lives do X \u2014 ele escreveu: &#8220;Se voc\u00ea concorda com Bolsonaro ou n\u00e3o, o povo brasileiro tem o direito de ouvi-lo falar&#8221;.<\/p>\n\n\n\n<div class=\"wp-block-image\"><figure class=\"aligncenter size-large is-resized\"><img loading=\"lazy\" decoding=\"async\" src=\"https:\/\/jornalfatosenoticias.com.br\/wp-content\/uploads\/2023\/03\/nova-logo-Marquetti.jpg\" alt=\"\" class=\"wp-image-40207\" width=\"326\" height=\"219\" srcset=\"https:\/\/jornalfatosenoticias.com.br\/wp-content\/uploads\/2023\/03\/nova-logo-Marquetti.jpg 643w, https:\/\/jornalfatosenoticias.com.br\/wp-content\/uploads\/2023\/03\/nova-logo-Marquetti-300x202.jpg 300w\" sizes=\"auto, (max-width: 326px) 100vw, 326px\" \/><\/figure><\/div>\n\n\n\n<p>De l\u00e1 para c\u00e1, Musk chegou a se referir ao Brasil para pedir doa\u00e7\u00f5es para as v\u00edtimas da trag\u00e9dia no Rio Grande do Sul, mas n\u00e3o fez mais nenhum coment\u00e1rio sobre os abusos do Judici\u00e1rio no Pa\u00eds.<\/p>\n\n\n\n<p><strong><span class=\"has-inline-color has-black-color\">Algumas promessas de Musk ainda n\u00e3o foram cumpridas<br><\/span><\/strong>Os questionamentos sobre o sil\u00eancio de Musk s\u00e3o fruto de uma expectativa que ele pr\u00f3prio plantou na direita brasileira. Quando come\u00e7ou a falar sobre a situa\u00e7\u00e3o do Pa\u00eds, o empres\u00e1rio prometeu que confrontaria decis\u00f5es judiciais que contrariassem a lei e que reativaria as contas retidas de jornalistas e influenciadores censurados pelo Judici\u00e1rio, ignorando as ordens ilegais da Justi\u00e7a brasileira. As amea\u00e7as feitas por Musk contra os abusos foram t\u00e3o incisivas que o empres\u00e1rio provocou rea\u00e7\u00e3o de Moraes: foi inclu\u00eddo no inqu\u00e9rito das <em>fake news<\/em>. Tornou-se comum a especula\u00e7\u00e3o de que a derrubada do X no Brasil seria quest\u00e3o de tempo.<\/p>\n\n\n\n<div class=\"wp-block-image\"><figure class=\"aligncenter size-large is-resized\"><img loading=\"lazy\" decoding=\"async\" src=\"https:\/\/jornalfatosenoticias.com.br\/wp-content\/uploads\/2020\/02\/logo-Rapuzel-1024x571.jpg\" alt=\"\" class=\"wp-image-42808\" width=\"338\" height=\"188\" srcset=\"https:\/\/jornalfatosenoticias.com.br\/wp-content\/uploads\/2020\/02\/logo-Rapuzel-1024x571.jpg 1024w, https:\/\/jornalfatosenoticias.com.br\/wp-content\/uploads\/2020\/02\/logo-Rapuzel-300x167.jpg 300w, https:\/\/jornalfatosenoticias.com.br\/wp-content\/uploads\/2020\/02\/logo-Rapuzel-768x428.jpg 768w, https:\/\/jornalfatosenoticias.com.br\/wp-content\/uploads\/2020\/02\/logo-Rapuzel-1536x856.jpg 1536w, https:\/\/jornalfatosenoticias.com.br\/wp-content\/uploads\/2020\/02\/logo-Rapuzel.jpg 1600w\" sizes=\"auto, (max-width: 338px) 100vw, 338px\" \/><\/figure><\/div>\n\n\n\n<p>At\u00e9 agora, Musk n\u00e3o cumpriu algumas das promessas. As contas dos jornalistas Allan dos Santos e Paulo Figueiredo, do comentarista pol\u00edtico Rodrigo Constantino, da ex-ju\u00edza Ludmila Lins Grilo e de outras personalidades ilegalmente censuradas no Brasil continuam inacess\u00edveis no Pa\u00eds, a n\u00e3o ser com o uso de VPN.<\/p>\n\n\n\n<div class=\"wp-block-image\"><figure class=\"aligncenter size-large\"><img loading=\"lazy\" decoding=\"async\" width=\"300\" height=\"250\" src=\"https:\/\/jornalfatosenoticias.com.br\/wp-content\/uploads\/2022\/02\/FERRARI_MAQUINAS-E-FERRAMENTAS2.jpg\" alt=\"\" class=\"wp-image-27860\"\/><\/figure><\/div>\n\n\n\n<p>Na \u00e9poca em que estava mais ativo na causa, Musk chegou a responder \u00e0s mensagens de alguns cidad\u00e3os brasileiros nem t\u00e3o populares no X, e compartilhou diversas postagens de parlamentares e influenciadores manifestando preocupa\u00e7\u00e3o com a situa\u00e7\u00e3o do Pa\u00eds. Nos \u00faltimos dias, ignorou at\u00e9 mesmo o apelo do deputado mais votado do Pa\u00eds, Nikolas Ferreira.<\/p>\n\n\n\n<div class=\"wp-block-image\"><figure class=\"aligncenter size-large is-resized\"><img loading=\"lazy\" decoding=\"async\" src=\"https:\/\/jornalfatosenoticias.com.br\/wp-content\/uploads\/2023\/12\/pegoretti-logo-pdf-1024x389.jpg\" alt=\"\" class=\"wp-image-47536\" width=\"477\" height=\"181\" srcset=\"https:\/\/jornalfatosenoticias.com.br\/wp-content\/uploads\/2023\/12\/pegoretti-logo-pdf-1024x389.jpg 1024w, https:\/\/jornalfatosenoticias.com.br\/wp-content\/uploads\/2023\/12\/pegoretti-logo-pdf-300x114.jpg 300w, https:\/\/jornalfatosenoticias.com.br\/wp-content\/uploads\/2023\/12\/pegoretti-logo-pdf-768x291.jpg 768w, https:\/\/jornalfatosenoticias.com.br\/wp-content\/uploads\/2023\/12\/pegoretti-logo-pdf.jpg 1120w\" sizes=\"auto, (max-width: 477px) 100vw, 477px\" \/><\/figure><\/div>\n\n\n\n<p>O empres\u00e1rio tamb\u00e9m n\u00e3o fez nenhuma men\u00e7\u00e3o nas redes \u00e0s recentes cr\u00edticas do ministro Lu\u00eds Roberto Barroso contra ele, publicadas no jornal brit\u00e2nico Financial Times. Segundo o magistrado, existe uma &#8220;articula\u00e7\u00e3o de extrema-direita no mundo&#8221; da qual Musk poderia ser parte.<\/p>\n\n\n\n<div class=\"wp-block-image\"><figure class=\"aligncenter size-large\"><img decoding=\"async\" src=\"https:\/\/jornalfatosenoticias.com.br\/wp-content\/uploads\/2020\/02\/barao-das-carnes-300x164-1.jpg\" alt=\"\" class=\"wp-image-34339\"\/><\/figure><\/div>\n\n\n\n<p><strong><span class=\"has-inline-color has-black-color\">Sil\u00eancio de Musk pode ser cautela para proteger funcion\u00e1rios do X no Brasil<br><\/span><\/strong>H\u00e1 possibilidade de que Musk tenha recuado ou simplesmente mudado de interesse, mas outra hip\u00f3tese \u00e9 plaus\u00edvel: o empres\u00e1rio age com cautela para solucionar a situa\u00e7\u00e3o dos funcion\u00e1rios do X no Brasil. Em 8 de abril, quando o assunto estava em alta, Nikolas Ferreira mandou uma mensagem pedindo a Musk mais informa\u00e7\u00f5es sobre uma poss\u00edvel manipula\u00e7\u00e3o eleitoral no Brasil. Em resposta, Musk destacou a necessidade de garantir a seguran\u00e7a de seus funcion\u00e1rios no Brasil antes de divulgar qualquer informa\u00e7\u00e3o adicional sobre o caso.<\/p>\n\n\n\n<div class=\"wp-block-image\"><figure class=\"aligncenter size-large is-resized\"><img loading=\"lazy\" decoding=\"async\" src=\"https:\/\/jornalfatosenoticias.com.br\/wp-content\/uploads\/2020\/02\/CONTROL-CS.jpg\" alt=\"\" class=\"wp-image-44991\" width=\"317\" height=\"380\" srcset=\"https:\/\/jornalfatosenoticias.com.br\/wp-content\/uploads\/2020\/02\/CONTROL-CS.jpg 834w, https:\/\/jornalfatosenoticias.com.br\/wp-content\/uploads\/2020\/02\/CONTROL-CS-250x300.jpg 250w, https:\/\/jornalfatosenoticias.com.br\/wp-content\/uploads\/2020\/02\/CONTROL-CS-768x921.jpg 768w\" sizes=\"auto, (max-width: 317px) 100vw, 317px\" \/><\/figure><\/div>\n\n\n\n<p>O di\u00e1logo com Nikolas ocorreu no mesmo dia em que o ex-diretor-jur\u00eddico do X no Brasil, Diego de Lima Gualda, renunciou ao cargo sem dar explica\u00e7\u00f5es p\u00fablicas. Nos pr\u00f3ximos dias, Musk pode ser oficialmente instado por parlamentares brasileiros a se pronunciar novamente sobre o caso, j\u00e1 que tramita na Comiss\u00e3o de Constitui\u00e7\u00e3o e Justi\u00e7a (CCJ) da C\u00e2mara um requerimento para que ele seja ouvido. A vota\u00e7\u00e3o do requerimento na CCJ era esperada para o \u00faltimo dia 22, mas foi adiada.<\/p>\n\n\n\n<div class=\"wp-block-image\"><figure class=\"aligncenter size-large is-resized\"><img loading=\"lazy\" decoding=\"async\" src=\"https:\/\/jornalfatosenoticias.com.br\/wp-content\/uploads\/2023\/03\/logo-Panper_portal.jpg\" alt=\"\" class=\"wp-image-40208\" width=\"339\" height=\"235\" srcset=\"https:\/\/jornalfatosenoticias.com.br\/wp-content\/uploads\/2023\/03\/logo-Panper_portal.jpg 400w, https:\/\/jornalfatosenoticias.com.br\/wp-content\/uploads\/2023\/03\/logo-Panper_portal-300x208.jpg 300w\" sizes=\"auto, (max-width: 339px) 100vw, 339px\" \/><\/figure><\/div>\n\n\n\n<p>No documento, o deputado federal Jos\u00e9 Medeiros (PL-MT) solicita a realiza\u00e7\u00e3o de uma audi\u00eancia p\u00fablica com Musk. O evento serviria para ajudar a debater o Projeto de Decreto Legislativo (PDL) 368\/2022, de autoria do deputado Filipe Barros (PL-PR), que tenta sustar os efeitos da resolu\u00e7\u00e3o de 2022 de Alexandre de Moraes \u2014 ent\u00e3o presidente do Tribunal Superior Eleitoral (TSE) \u2014 sobre o &#8220;enfrentamento \u00e0 desinforma\u00e7\u00e3o que atinja a integridade do processo eleitoral&#8221;.<\/p>\n\n\n\n<div class=\"wp-block-image\"><figure class=\"aligncenter size-large is-resized\"><img loading=\"lazy\" decoding=\"async\" src=\"https:\/\/jornalfatosenoticias.com.br\/wp-content\/uploads\/2020\/02\/logo_esteio.jpg\" alt=\"\" class=\"wp-image-1214\" width=\"362\" height=\"302\"\/><\/figure><\/div>\n\n\n\n<blockquote class=\"wp-block-quote is-layout-flow wp-block-quote-is-layout-flow\"><p><span class=\"has-inline-color has-luminous-vivid-orange-color\">A audi\u00eancia p\u00fablica tem por objetivo instruir o debate sobre a censura, banimentos e suspens\u00f5es de parlamentares federais de redes sociais&#8221;, afirma Medeiros na justificativa do requerimento. &#8220;Fundamental a audi\u00eancia p\u00fablica aqui proposta, uma vez que tais fatos ocorreram contra parlamentares, que contam com imunidade em suas opini\u00f5es, votos e falas&#8221;, acrescenta.<\/span><\/p><\/blockquote>\n\n\n\n<div class=\"wp-block-image\"><figure class=\"aligncenter size-large is-resized\"><img loading=\"lazy\" decoding=\"async\" src=\"https:\/\/jornalfatosenoticias.com.br\/wp-content\/uploads\/2023\/09\/vetorvix1024_1.jpg\" alt=\"\" class=\"wp-image-44868\" width=\"528\" height=\"140\" srcset=\"https:\/\/jornalfatosenoticias.com.br\/wp-content\/uploads\/2023\/09\/vetorvix1024_1.jpg 1024w, https:\/\/jornalfatosenoticias.com.br\/wp-content\/uploads\/2023\/09\/vetorvix1024_1-300x80.jpg 300w, https:\/\/jornalfatosenoticias.com.br\/wp-content\/uploads\/2023\/09\/vetorvix1024_1-768x205.jpg 768w\" sizes=\"auto, (max-width: 528px) 100vw, 528px\" \/><\/figure><\/div>\n\n\n\n<p><strong><em>Fonte: <a href=\"https:\/\/www.gazetadopovo.com.br\/vida-e-cidadania\/elon-musk-sumiu-o-que-se-sabe-sobre-seu-silencio-em-relacao-ao-brasil\/\">Gazeta do Povo<\/a><\/em><\/strong><\/p>\n","protected":false},"excerpt":{"rendered":"<p>Elon Musk, dono do X, deixou de fazer postagens sobre a situa\u00e7\u00e3o da liberdade de express\u00e3o no Brasil nas \u00faltimas semanas Por Leonardo Desideri &#8220;Alguma novidade, Elon Musk? Estamos ansiosos e esperan\u00e7osos com os pr\u00f3ximos cap\u00edtulos da luta pela nossa liberdade de express\u00e3o no Brasil&#8221;, postou o deputado Nikolas Ferreira (PL-MG), no \u00faltimo dia 18, [&hellip;]<\/p>\n","protected":false},"author":2,"featured_media":51569,"comment_status":"open","ping_status":"open","sticky":false,"template":"","format":"standard","meta":{"footnotes":""},"categories":[5],"tags":[597,2149,16295,1634,16935],"class_list":["post-51568","post","type-post","status-publish","format-standard","has-post-thumbnail","hentry","category-geral","tag-brasil","tag-censura","tag-ditadura-da-toga","tag-elon-musk","tag-liberdade-de-expressao"],"yoast_head":"<!-- This site is optimized with the Yoast SEO plugin v26.5 - https:\/\/yoast.com\/wordpress\/plugins\/seo\/ -->\n<title>Elon Musk sumiu? O que se sabe sobre seu sil\u00eancio em rela\u00e7\u00e3o ao Brasil - Jornal Fatos e Not\u00edcias<\/title>\n<meta name=\"robots\" content=\"index, follow, max-snippet:-1, max-image-preview:large, max-video-preview:-1\" \/>\n<link rel=\"canonical\" href=\"https:\/\/jornalfatosenoticias.com.br\/index.php\/2024\/05\/28\/elon-musk-sumiu-o-que-se-sabe-sobre-seu-silencio-em-relacao-ao-brasil\/\" \/>\n<meta property=\"og:locale\" content=\"pt_BR\" \/>\n<meta property=\"og:type\" content=\"article\" \/>\n<meta property=\"og:title\" content=\"Elon Musk sumiu? O que se sabe sobre seu sil\u00eancio em rela\u00e7\u00e3o ao Brasil - Jornal Fatos e Not\u00edcias\" \/>\n<meta property=\"og:description\" content=\"Elon Musk, dono do X, deixou de fazer postagens sobre a situa\u00e7\u00e3o da liberdade de express\u00e3o no Brasil nas \u00faltimas semanas Por Leonardo Desideri &#8220;Alguma novidade, Elon Musk? Estamos ansiosos e esperan\u00e7osos com os pr\u00f3ximos cap\u00edtulos da luta pela nossa liberdade de express\u00e3o no Brasil&#8221;, postou o deputado Nikolas Ferreira (PL-MG), no \u00faltimo dia 18, [&hellip;]\" \/>\n<meta property=\"og:url\" content=\"https:\/\/jornalfatosenoticias.com.br\/index.php\/2024\/05\/28\/elon-musk-sumiu-o-que-se-sabe-sobre-seu-silencio-em-relacao-ao-brasil\/\" \/>\n<meta property=\"og:site_name\" content=\"Jornal Fatos e Not\u00edcias\" \/>\n<meta property=\"article:published_time\" content=\"2024-05-28T13:45:44+00:00\" \/>\n<meta property=\"article:modified_time\" content=\"2024-05-28T13:45:46+00:00\" \/>\n<meta property=\"og:image\" content=\"https:\/\/jornalfatosenoticias.com.br\/wp-content\/uploads\/2024\/05\/Elon-Musk_Getty-Images.jpg\" \/>\n\t<meta property=\"og:image:width\" content=\"612\" \/>\n\t<meta property=\"og:image:height\" content=\"408\" \/>\n\t<meta property=\"og:image:type\" content=\"image\/jpeg\" \/>\n<meta name=\"author\" content=\"Luzimara Fernandes\" \/>\n<meta name=\"twitter:card\" content=\"summary_large_image\" \/>\n<meta name=\"twitter:label1\" content=\"Escrito por\" \/>\n\t<meta name=\"twitter:data1\" content=\"Luzimara Fernandes\" \/>\n\t<meta name=\"twitter:label2\" content=\"Est. tempo de leitura\" \/>\n\t<meta name=\"twitter:data2\" content=\"5 minutos\" \/>\n<script type=\"application\/ld+json\" class=\"yoast-schema-graph\">{\"@context\":\"https:\/\/schema.org\",\"@graph\":[{\"@type\":\"Article\",\"@id\":\"https:\/\/jornalfatosenoticias.com.br\/index.php\/2024\/05\/28\/elon-musk-sumiu-o-que-se-sabe-sobre-seu-silencio-em-relacao-ao-brasil\/#article\",\"isPartOf\":{\"@id\":\"https:\/\/jornalfatosenoticias.com.br\/index.php\/2024\/05\/28\/elon-musk-sumiu-o-que-se-sabe-sobre-seu-silencio-em-relacao-ao-brasil\/\"},\"author\":{\"name\":\"Luzimara Fernandes\",\"@id\":\"https:\/\/jornalfatosenoticias.com.br\/#\/schema\/person\/d63837fa13ac8666eb9e74e0985d6f81\"},\"headline\":\"Elon Musk sumiu? O que se sabe sobre seu sil\u00eancio em rela\u00e7\u00e3o ao Brasil\",\"datePublished\":\"2024-05-28T13:45:44+00:00\",\"dateModified\":\"2024-05-28T13:45:46+00:00\",\"mainEntityOfPage\":{\"@id\":\"https:\/\/jornalfatosenoticias.com.br\/index.php\/2024\/05\/28\/elon-musk-sumiu-o-que-se-sabe-sobre-seu-silencio-em-relacao-ao-brasil\/\"},\"wordCount\":1012,\"commentCount\":0,\"publisher\":{\"@id\":\"https:\/\/jornalfatosenoticias.com.br\/#organization\"},\"image\":{\"@id\":\"https:\/\/jornalfatosenoticias.com.br\/index.php\/2024\/05\/28\/elon-musk-sumiu-o-que-se-sabe-sobre-seu-silencio-em-relacao-ao-brasil\/#primaryimage\"},\"thumbnailUrl\":\"https:\/\/jornalfatosenoticias.com.br\/wp-content\/uploads\/2024\/05\/Elon-Musk_Getty-Images.jpg\",\"keywords\":[\"Brasil\",\"censura\",\"ditadura da toga\",\"Elon Musk\",\"liberdade de express\u00e3o\"],\"articleSection\":[\"Geral\"],\"inLanguage\":\"pt-BR\",\"potentialAction\":[{\"@type\":\"CommentAction\",\"name\":\"Comment\",\"target\":[\"https:\/\/jornalfatosenoticias.com.br\/index.php\/2024\/05\/28\/elon-musk-sumiu-o-que-se-sabe-sobre-seu-silencio-em-relacao-ao-brasil\/#respond\"]}]},{\"@type\":\"WebPage\",\"@id\":\"https:\/\/jornalfatosenoticias.com.br\/index.php\/2024\/05\/28\/elon-musk-sumiu-o-que-se-sabe-sobre-seu-silencio-em-relacao-ao-brasil\/\",\"url\":\"https:\/\/jornalfatosenoticias.com.br\/index.php\/2024\/05\/28\/elon-musk-sumiu-o-que-se-sabe-sobre-seu-silencio-em-relacao-ao-brasil\/\",\"name\":\"Elon Musk sumiu? O que se sabe sobre seu sil\u00eancio em rela\u00e7\u00e3o ao Brasil - Jornal Fatos e Not\u00edcias\",\"isPartOf\":{\"@id\":\"https:\/\/jornalfatosenoticias.com.br\/#website\"},\"primaryImageOfPage\":{\"@id\":\"https:\/\/jornalfatosenoticias.com.br\/index.php\/2024\/05\/28\/elon-musk-sumiu-o-que-se-sabe-sobre-seu-silencio-em-relacao-ao-brasil\/#primaryimage\"},\"image\":{\"@id\":\"https:\/\/jornalfatosenoticias.com.br\/index.php\/2024\/05\/28\/elon-musk-sumiu-o-que-se-sabe-sobre-seu-silencio-em-relacao-ao-brasil\/#primaryimage\"},\"thumbnailUrl\":\"https:\/\/jornalfatosenoticias.com.br\/wp-content\/uploads\/2024\/05\/Elon-Musk_Getty-Images.jpg\",\"datePublished\":\"2024-05-28T13:45:44+00:00\",\"dateModified\":\"2024-05-28T13:45:46+00:00\",\"breadcrumb\":{\"@id\":\"https:\/\/jornalfatosenoticias.com.br\/index.php\/2024\/05\/28\/elon-musk-sumiu-o-que-se-sabe-sobre-seu-silencio-em-relacao-ao-brasil\/#breadcrumb\"},\"inLanguage\":\"pt-BR\",\"potentialAction\":[{\"@type\":\"ReadAction\",\"target\":[\"https:\/\/jornalfatosenoticias.com.br\/index.php\/2024\/05\/28\/elon-musk-sumiu-o-que-se-sabe-sobre-seu-silencio-em-relacao-ao-brasil\/\"]}]},{\"@type\":\"ImageObject\",\"inLanguage\":\"pt-BR\",\"@id\":\"https:\/\/jornalfatosenoticias.com.br\/index.php\/2024\/05\/28\/elon-musk-sumiu-o-que-se-sabe-sobre-seu-silencio-em-relacao-ao-brasil\/#primaryimage\",\"url\":\"https:\/\/jornalfatosenoticias.com.br\/wp-content\/uploads\/2024\/05\/Elon-Musk_Getty-Images.jpg\",\"contentUrl\":\"https:\/\/jornalfatosenoticias.com.br\/wp-content\/uploads\/2024\/05\/Elon-Musk_Getty-Images.jpg\",\"width\":612,\"height\":408,\"caption\":\"BEVERLY HILLS, CALIFORNIA - MAY 6: Elon Musk, co-founder of Tesla and SpaceX and owner of X Holdings Corp., speaks at the Milken Institute's Global Conference at the Beverly Hilton Hotel,on May 6, 2024 in Beverly Hills, California. The 27th annual global conference explores various topics, from the rise of generative AI to electric vehicle trends and features participants, soccer star David Beckham and actor Ashton Kutcher. (Photo by Apu Gomes\/Getty Images)\"},{\"@type\":\"BreadcrumbList\",\"@id\":\"https:\/\/jornalfatosenoticias.com.br\/index.php\/2024\/05\/28\/elon-musk-sumiu-o-que-se-sabe-sobre-seu-silencio-em-relacao-ao-brasil\/#breadcrumb\",\"itemListElement\":[{\"@type\":\"ListItem\",\"position\":1,\"name\":\"In\u00edcio\",\"item\":\"https:\/\/jornalfatosenoticias.com.br\/\"},{\"@type\":\"ListItem\",\"position\":2,\"name\":\"Elon Musk sumiu? O que se sabe sobre seu sil\u00eancio em rela\u00e7\u00e3o ao Brasil\"}]},{\"@type\":\"WebSite\",\"@id\":\"https:\/\/jornalfatosenoticias.com.br\/#website\",\"url\":\"https:\/\/jornalfatosenoticias.com.br\/\",\"name\":\"Jornal Fatos e Not\u00edcias\",\"description\":\"Not\u00edcias em geral\",\"publisher\":{\"@id\":\"https:\/\/jornalfatosenoticias.com.br\/#organization\"},\"potentialAction\":[{\"@type\":\"SearchAction\",\"target\":{\"@type\":\"EntryPoint\",\"urlTemplate\":\"https:\/\/jornalfatosenoticias.com.br\/?s={search_term_string}\"},\"query-input\":{\"@type\":\"PropertyValueSpecification\",\"valueRequired\":true,\"valueName\":\"search_term_string\"}}],\"inLanguage\":\"pt-BR\"},{\"@type\":\"Organization\",\"@id\":\"https:\/\/jornalfatosenoticias.com.br\/#organization\",\"name\":\"Jornal Fatos e Not\u00edcias\",\"url\":\"https:\/\/jornalfatosenoticias.com.br\/\",\"logo\":{\"@type\":\"ImageObject\",\"inLanguage\":\"pt-BR\",\"@id\":\"https:\/\/jornalfatosenoticias.com.br\/#\/schema\/logo\/image\/\",\"url\":\"https:\/\/jornalfatosenoticias.com.br\/wp-content\/uploads\/2020\/02\/logo120.png\",\"contentUrl\":\"https:\/\/jornalfatosenoticias.com.br\/wp-content\/uploads\/2020\/02\/logo120.png\",\"width\":1227,\"height\":120,\"caption\":\"Jornal Fatos e Not\u00edcias\"},\"image\":{\"@id\":\"https:\/\/jornalfatosenoticias.com.br\/#\/schema\/logo\/image\/\"}},{\"@type\":\"Person\",\"@id\":\"https:\/\/jornalfatosenoticias.com.br\/#\/schema\/person\/d63837fa13ac8666eb9e74e0985d6f81\",\"name\":\"Luzimara Fernandes\",\"image\":{\"@type\":\"ImageObject\",\"inLanguage\":\"pt-BR\",\"@id\":\"https:\/\/jornalfatosenoticias.com.br\/#\/schema\/person\/image\/\",\"url\":\"https:\/\/jornalfatosenoticias.com.br\/wp-content\/uploads\/2025\/05\/EU_portal.jpg\",\"contentUrl\":\"https:\/\/jornalfatosenoticias.com.br\/wp-content\/uploads\/2025\/05\/EU_portal.jpg\",\"caption\":\"Luzimara Fernandes\"},\"description\":\"Jornalista MTB 2358-ES\",\"sameAs\":[\"https:\/\/jornalfatosenoticias.com.br\"],\"url\":\"https:\/\/jornalfatosenoticias.com.br\/index.php\/author\/luzimara\/\"}]}<\/script>\n<!-- \/ Yoast SEO plugin. -->","yoast_head_json":{"title":"Elon Musk sumiu? O que se sabe sobre seu sil\u00eancio em rela\u00e7\u00e3o ao Brasil - Jornal Fatos e Not\u00edcias","robots":{"index":"index","follow":"follow","max-snippet":"max-snippet:-1","max-image-preview":"max-image-preview:large","max-video-preview":"max-video-preview:-1"},"canonical":"https:\/\/jornalfatosenoticias.com.br\/index.php\/2024\/05\/28\/elon-musk-sumiu-o-que-se-sabe-sobre-seu-silencio-em-relacao-ao-brasil\/","og_locale":"pt_BR","og_type":"article","og_title":"Elon Musk sumiu? O que se sabe sobre seu sil\u00eancio em rela\u00e7\u00e3o ao Brasil - Jornal Fatos e Not\u00edcias","og_description":"Elon Musk, dono do X, deixou de fazer postagens sobre a situa\u00e7\u00e3o da liberdade de express\u00e3o no Brasil nas \u00faltimas semanas Por Leonardo Desideri &#8220;Alguma novidade, Elon Musk? Estamos ansiosos e esperan\u00e7osos com os pr\u00f3ximos cap\u00edtulos da luta pela nossa liberdade de express\u00e3o no Brasil&#8221;, postou o deputado Nikolas Ferreira (PL-MG), no \u00faltimo dia 18, [&hellip;]","og_url":"https:\/\/jornalfatosenoticias.com.br\/index.php\/2024\/05\/28\/elon-musk-sumiu-o-que-se-sabe-sobre-seu-silencio-em-relacao-ao-brasil\/","og_site_name":"Jornal Fatos e Not\u00edcias","article_published_time":"2024-05-28T13:45:44+00:00","article_modified_time":"2024-05-28T13:45:46+00:00","og_image":[{"width":612,"height":408,"url":"https:\/\/jornalfatosenoticias.com.br\/wp-content\/uploads\/2024\/05\/Elon-Musk_Getty-Images.jpg","type":"image\/jpeg"}],"author":"Luzimara Fernandes","twitter_card":"summary_large_image","twitter_misc":{"Escrito por":"Luzimara Fernandes","Est. tempo de leitura":"5 minutos"},"schema":{"@context":"https:\/\/schema.org","@graph":[{"@type":"Article","@id":"https:\/\/jornalfatosenoticias.com.br\/index.php\/2024\/05\/28\/elon-musk-sumiu-o-que-se-sabe-sobre-seu-silencio-em-relacao-ao-brasil\/#article","isPartOf":{"@id":"https:\/\/jornalfatosenoticias.com.br\/index.php\/2024\/05\/28\/elon-musk-sumiu-o-que-se-sabe-sobre-seu-silencio-em-relacao-ao-brasil\/"},"author":{"name":"Luzimara Fernandes","@id":"https:\/\/jornalfatosenoticias.com.br\/#\/schema\/person\/d63837fa13ac8666eb9e74e0985d6f81"},"headline":"Elon Musk sumiu? O que se sabe sobre seu sil\u00eancio em rela\u00e7\u00e3o ao Brasil","datePublished":"2024-05-28T13:45:44+00:00","dateModified":"2024-05-28T13:45:46+00:00","mainEntityOfPage":{"@id":"https:\/\/jornalfatosenoticias.com.br\/index.php\/2024\/05\/28\/elon-musk-sumiu-o-que-se-sabe-sobre-seu-silencio-em-relacao-ao-brasil\/"},"wordCount":1012,"commentCount":0,"publisher":{"@id":"https:\/\/jornalfatosenoticias.com.br\/#organization"},"image":{"@id":"https:\/\/jornalfatosenoticias.com.br\/index.php\/2024\/05\/28\/elon-musk-sumiu-o-que-se-sabe-sobre-seu-silencio-em-relacao-ao-brasil\/#primaryimage"},"thumbnailUrl":"https:\/\/jornalfatosenoticias.com.br\/wp-content\/uploads\/2024\/05\/Elon-Musk_Getty-Images.jpg","keywords":["Brasil","censura","ditadura da toga","Elon Musk","liberdade de express\u00e3o"],"articleSection":["Geral"],"inLanguage":"pt-BR","potentialAction":[{"@type":"CommentAction","name":"Comment","target":["https:\/\/jornalfatosenoticias.com.br\/index.php\/2024\/05\/28\/elon-musk-sumiu-o-que-se-sabe-sobre-seu-silencio-em-relacao-ao-brasil\/#respond"]}]},{"@type":"WebPage","@id":"https:\/\/jornalfatosenoticias.com.br\/index.php\/2024\/05\/28\/elon-musk-sumiu-o-que-se-sabe-sobre-seu-silencio-em-relacao-ao-brasil\/","url":"https:\/\/jornalfatosenoticias.com.br\/index.php\/2024\/05\/28\/elon-musk-sumiu-o-que-se-sabe-sobre-seu-silencio-em-relacao-ao-brasil\/","name":"Elon Musk sumiu? O que se sabe sobre seu sil\u00eancio em rela\u00e7\u00e3o ao Brasil - Jornal Fatos e Not\u00edcias","isPartOf":{"@id":"https:\/\/jornalfatosenoticias.com.br\/#website"},"primaryImageOfPage":{"@id":"https:\/\/jornalfatosenoticias.com.br\/index.php\/2024\/05\/28\/elon-musk-sumiu-o-que-se-sabe-sobre-seu-silencio-em-relacao-ao-brasil\/#primaryimage"},"image":{"@id":"https:\/\/jornalfatosenoticias.com.br\/index.php\/2024\/05\/28\/elon-musk-sumiu-o-que-se-sabe-sobre-seu-silencio-em-relacao-ao-brasil\/#primaryimage"},"thumbnailUrl":"https:\/\/jornalfatosenoticias.com.br\/wp-content\/uploads\/2024\/05\/Elon-Musk_Getty-Images.jpg","datePublished":"2024-05-28T13:45:44+00:00","dateModified":"2024-05-28T13:45:46+00:00","breadcrumb":{"@id":"https:\/\/jornalfatosenoticias.com.br\/index.php\/2024\/05\/28\/elon-musk-sumiu-o-que-se-sabe-sobre-seu-silencio-em-relacao-ao-brasil\/#breadcrumb"},"inLanguage":"pt-BR","potentialAction":[{"@type":"ReadAction","target":["https:\/\/jornalfatosenoticias.com.br\/index.php\/2024\/05\/28\/elon-musk-sumiu-o-que-se-sabe-sobre-seu-silencio-em-relacao-ao-brasil\/"]}]},{"@type":"ImageObject","inLanguage":"pt-BR","@id":"https:\/\/jornalfatosenoticias.com.br\/index.php\/2024\/05\/28\/elon-musk-sumiu-o-que-se-sabe-sobre-seu-silencio-em-relacao-ao-brasil\/#primaryimage","url":"https:\/\/jornalfatosenoticias.com.br\/wp-content\/uploads\/2024\/05\/Elon-Musk_Getty-Images.jpg","contentUrl":"https:\/\/jornalfatosenoticias.com.br\/wp-content\/uploads\/2024\/05\/Elon-Musk_Getty-Images.jpg","width":612,"height":408,"caption":"BEVERLY HILLS, CALIFORNIA - MAY 6: Elon Musk, co-founder of Tesla and SpaceX and owner of X Holdings Corp., speaks at the Milken Institute's Global Conference at the Beverly Hilton Hotel,on May 6, 2024 in Beverly Hills, California. The 27th annual global conference explores various topics, from the rise of generative AI to electric vehicle trends and features participants, soccer star David Beckham and actor Ashton Kutcher. (Photo by Apu Gomes\/Getty Images)"},{"@type":"BreadcrumbList","@id":"https:\/\/jornalfatosenoticias.com.br\/index.php\/2024\/05\/28\/elon-musk-sumiu-o-que-se-sabe-sobre-seu-silencio-em-relacao-ao-brasil\/#breadcrumb","itemListElement":[{"@type":"ListItem","position":1,"name":"In\u00edcio","item":"https:\/\/jornalfatosenoticias.com.br\/"},{"@type":"ListItem","position":2,"name":"Elon Musk sumiu? O que se sabe sobre seu sil\u00eancio em rela\u00e7\u00e3o ao Brasil"}]},{"@type":"WebSite","@id":"https:\/\/jornalfatosenoticias.com.br\/#website","url":"https:\/\/jornalfatosenoticias.com.br\/","name":"Jornal Fatos e Not\u00edcias","description":"Not\u00edcias em geral","publisher":{"@id":"https:\/\/jornalfatosenoticias.com.br\/#organization"},"potentialAction":[{"@type":"SearchAction","target":{"@type":"EntryPoint","urlTemplate":"https:\/\/jornalfatosenoticias.com.br\/?s={search_term_string}"},"query-input":{"@type":"PropertyValueSpecification","valueRequired":true,"valueName":"search_term_string"}}],"inLanguage":"pt-BR"},{"@type":"Organization","@id":"https:\/\/jornalfatosenoticias.com.br\/#organization","name":"Jornal Fatos e Not\u00edcias","url":"https:\/\/jornalfatosenoticias.com.br\/","logo":{"@type":"ImageObject","inLanguage":"pt-BR","@id":"https:\/\/jornalfatosenoticias.com.br\/#\/schema\/logo\/image\/","url":"https:\/\/jornalfatosenoticias.com.br\/wp-content\/uploads\/2020\/02\/logo120.png","contentUrl":"https:\/\/jornalfatosenoticias.com.br\/wp-content\/uploads\/2020\/02\/logo120.png","width":1227,"height":120,"caption":"Jornal Fatos e Not\u00edcias"},"image":{"@id":"https:\/\/jornalfatosenoticias.com.br\/#\/schema\/logo\/image\/"}},{"@type":"Person","@id":"https:\/\/jornalfatosenoticias.com.br\/#\/schema\/person\/d63837fa13ac8666eb9e74e0985d6f81","name":"Luzimara Fernandes","image":{"@type":"ImageObject","inLanguage":"pt-BR","@id":"https:\/\/jornalfatosenoticias.com.br\/#\/schema\/person\/image\/","url":"https:\/\/jornalfatosenoticias.com.br\/wp-content\/uploads\/2025\/05\/EU_portal.jpg","contentUrl":"https:\/\/jornalfatosenoticias.com.br\/wp-content\/uploads\/2025\/05\/EU_portal.jpg","caption":"Luzimara Fernandes"},"description":"Jornalista MTB 2358-ES","sameAs":["https:\/\/jornalfatosenoticias.com.br"],"url":"https:\/\/jornalfatosenoticias.com.br\/index.php\/author\/luzimara\/"}]}},"cc_featured_image_caption":{"caption_text":"(Foto: Getty Images) ","source_text":"","source_url":""},"jetpack_featured_media_url":"https:\/\/jornalfatosenoticias.com.br\/wp-content\/uploads\/2024\/05\/Elon-Musk_Getty-Images.jpg","_links":{"self":[{"href":"https:\/\/jornalfatosenoticias.com.br\/index.php\/wp-json\/wp\/v2\/posts\/51568","targetHints":{"allow":["GET"]}}],"collection":[{"href":"https:\/\/jornalfatosenoticias.com.br\/index.php\/wp-json\/wp\/v2\/posts"}],"about":[{"href":"https:\/\/jornalfatosenoticias.com.br\/index.php\/wp-json\/wp\/v2\/types\/post"}],"author":[{"embeddable":true,"href":"https:\/\/jornalfatosenoticias.com.br\/index.php\/wp-json\/wp\/v2\/users\/2"}],"replies":[{"embeddable":true,"href":"https:\/\/jornalfatosenoticias.com.br\/index.php\/wp-json\/wp\/v2\/comments?post=51568"}],"version-history":[{"count":0,"href":"https:\/\/jornalfatosenoticias.com.br\/index.php\/wp-json\/wp\/v2\/posts\/51568\/revisions"}],"wp:featuredmedia":[{"embeddable":true,"href":"https:\/\/jornalfatosenoticias.com.br\/index.php\/wp-json\/wp\/v2\/media\/51569"}],"wp:attachment":[{"href":"https:\/\/jornalfatosenoticias.com.br\/index.php\/wp-json\/wp\/v2\/media?parent=51568"}],"wp:term":[{"taxonomy":"category","embeddable":true,"href":"https:\/\/jornalfatosenoticias.com.br\/index.php\/wp-json\/wp\/v2\/categories?post=51568"},{"taxonomy":"post_tag","embeddable":true,"href":"https:\/\/jornalfatosenoticias.com.br\/index.php\/wp-json\/wp\/v2\/tags?post=51568"}],"curies":[{"name":"wp","href":"https:\/\/api.w.org\/{rel}","templated":true}]}}